{"id":141669,"date":"2021-06-24T09:06:20","date_gmt":"2021-06-24T07:06:20","guid":{"rendered":"https:\/\/dicodusport.fr\/blog\/?p=141669&#038;preview=true&#038;preview_id=141669"},"modified":"2021-06-24T10:17:16","modified_gmt":"2021-06-24T08:17:16","slug":"karim-benzema-il-y-avait-une-pression-autour-de-moi","status":"publish","type":"post","link":"https:\/\/dicodusport.fr\/blog\/karim-benzema-il-y-avait-une-pression-autour-de-moi\/","title":{"rendered":"Karim Benzema : \u00ab\u00a0Il y avait une pression autour de moi\u00a0\u00bb"},"content":{"rendered":"<p style=\"text-align: justify;\"><strong><em>EURO 2020 &#8211; Apr\u00e8s quatre matchs o\u00f9 il est rest\u00e9 muet, Karim Benzema a trouv\u00e9 le chemin des filets pour sortir les Bleus d&rsquo;une mauvaise passe <a href=\"https:\/\/dicodusport.fr\/blog\/euro-2020-la-france-et-le-portugal-dos-a-dos-lallemagne-concede-le-nul\/\">face au Portugal (2-2)<\/a>, et d\u00e9finitivement lancer son Euro 2020.\u00a0<\/em><\/strong><\/p>\n<p style=\"text-align: justify;\">Apr\u00e8s trois \u00e9checs de suite, dont le dernier face au Pays de Galles, il en a fallu du cran \u00e0 <strong>Karim Benzema<\/strong> pour prendre ses responsabilit\u00e9s sur un penalty si important pour l&rsquo;\u00e9quipe de France. Tout juste de retour des vestiaires, son appel est parfait, la passe de Paul Pogba aussi, et il termine avec sang-froid pour s&rsquo;offrir un doubl\u00e9. Tr\u00e8s attendu par le public fran\u00e7ais, il s&rsquo;est exprim\u00e9 apr\u00e8s la rencontre au micro de TF1.<\/p>\n<blockquote>\n<p style=\"text-align: justify;\">Il y avait une pression autour de moi, c&rsquo;est normal. Il faut toujours avoir un but dans la vie. \u00c7a fait plaisir et le plus important, c&rsquo;est qu&rsquo;on s&rsquo;est qualifi\u00e9 ! Ce ne sont pas des doutes, je sens une telle attente de tout le pays, c&rsquo;est normal apr\u00e8s cinq, six ans d&rsquo;attente, j&rsquo;ai r\u00e9ussi \u00e0 marquer, je vais savourer avec tout le monde.<\/p>\n<\/blockquote>\n<p style=\"text-align: justify;\">Pour la petite anecdote, c&rsquo;est la premi\u00e8re fois que <strong>Karim Benzema<\/strong> marque avec l&rsquo;\u00e9quipe de France et qu&rsquo;elle ne gagne pas !<\/p>\n<h2 style=\"text-align: justify;\"><strong>\u00c0 lire aussi<\/strong><\/h2>\n<ul>\n<li style=\"text-align: justify;\"><a href=\"https:\/\/dicodusport.fr\/blog\/portugal-france-notes-des-bleus\/\"><strong>Les notes des Bleus face au Portugal<\/strong><\/a><\/li>\n<li style=\"text-align: justify;\"><a href=\"https:\/\/dicodusport.fr\/blog\/euro-2020-phase-finale-le-tableau-complet\/\"><strong>Le tableau des phases finales<\/strong><\/a><\/li>\n<li style=\"text-align: justify;\"><a href=\"https:\/\/dicodusport.fr\/blog\/euro-2020-le-classement-des-troisiemes\/\"><strong>Les meilleurs troisi\u00e8mes de l\u2019Euro 2020<\/strong><\/a><\/li>\n<li style=\"text-align: justify;\"><a href=\"https:\/\/dicodusport.fr\/blog\/euro-2020-groupe-f-calendrier-et-classement\/\"><strong>Calendrier et classement du groupe F<\/strong><\/a><\/li>\n<li style=\"text-align: justify;\"><a href=\"https:\/\/dicodusport.fr\/blog\/toute-l-actualite-euro-2020\/\"><strong>Toute l\u2019actualit\u00e9 de l\u2019Euro 2020<\/strong><\/a><\/li>\n<\/ul>\n","protected":false},"excerpt":{"rendered":"<p>EURO 2020 &#8211; Apr\u00e8s quatre matchs o\u00f9 il est rest\u00e9 muet, Karim Benzema a trouv\u00e9 le chemin des filets pour sortir les Bleus d&rsquo;une mauvaise passe face au Portugal (2-2), et d\u00e9finitivement lancer son Euro 2020.\u00a0<\/p>\n","protected":false},"author":1,"featured_media":141671,"comment_status":"open","ping_status":"closed","sticky":false,"template":"","format":"standard","meta":{"_acf_changed":false,"_daextam_enable_autolinks":"","footnotes":""},"categories":[47044],"tags":[30,4727,89],"class_list":["post-141669","post","type-post","status-publish","format-standard","has-post-thumbnail","hentry","category-euro-de-football","tag-france","tag-karim-benzema","tag-portugal"],"acf":[],"yoast_head":"<!-- This site is optimized with the Yoast SEO Premium plugin v26.7 (Yoast SEO v26.7) - https:\/\/yoast.com\/wordpress\/plugins\/seo\/ -->\n<title>Karim Benzema : &quot;Il y avait une pression autour de moi&quot;<\/title>\n<meta name=\"description\" content=\"EURO 2020 - Apr\u00e8s quatre matchs o\u00f9 il est rest\u00e9 muet, Karim Benzema a trouv\u00e9 le chemin des filets pour sortir les Bleus d&#039;une mauvaise passe face au Portugal (2-2).\" \/>\n<meta name=\"robots\" content=\"index, follow, max-snippet:-1, max-image-preview:large, max-video-preview:-1\" \/>\n<link rel=\"canonical\" href=\"https:\/\/dicodusport.fr\/blog\/karim-benzema-il-y-avait-une-pression-autour-de-moi\/\" \/>\n<meta property=\"og:locale\" content=\"fr_FR\" \/>\n<meta property=\"og:type\" content=\"article\" \/>\n<meta property=\"og:title\" content=\"Karim Benzema : &quot;Il y avait une pression autour de moi&quot;\" \/>\n<meta property=\"og:description\" content=\"EURO 2020 - Apr\u00e8s quatre matchs o\u00f9 il est rest\u00e9 muet, Karim Benzema a trouv\u00e9 le chemin des filets pour sortir les Bleus d&#039;une mauvaise passe face au Portugal (2-2).\" \/>\n<meta property=\"og:url\" content=\"https:\/\/dicodusport.fr\/blog\/karim-benzema-il-y-avait-une-pression-autour-de-moi\/\" \/>\n<meta property=\"og:site_name\" content=\"Dicodusport\" \/>\n<meta property=\"article:publisher\" content=\"https:\/\/www.facebook.com\/dicodusport\" \/>\n<meta property=\"article:author\" content=\"https:\/\/www.facebook.com\/dicodusport\" \/>\n<meta property=\"article:published_time\" content=\"2021-06-24T07:06:20+00:00\" \/>\n<meta property=\"article:modified_time\" content=\"2021-06-24T08:17:16+00:00\" \/>\n<meta property=\"og:image\" content=\"https:\/\/dicodusport.fr\/blog\/wp-content\/uploads\/2021\/06\/Karim-Benzema-e1624531498537.png\" \/>\n\t<meta property=\"og:image:width\" content=\"1101\" \/>\n\t<meta property=\"og:image:height\" content=\"618\" \/>\n\t<meta property=\"og:image:type\" content=\"image\/png\" \/>\n<meta name=\"author\" content=\"Nicolas Jacquemard\" \/>\n<meta name=\"twitter:card\" content=\"summary_large_image\" \/>\n<meta name=\"twitter:title\" content=\"Karim Benzema : &quot;Il y avait une pression autour de moi&quot;\" \/>\n<meta name=\"twitter:creator\" content=\"@https:\/\/twitter.com\/Nico_Jacquemard\" \/>\n<meta name=\"twitter:site\" content=\"@dicodusport\" \/>\n<script type=\"application\/ld+json\" class=\"yoast-schema-graph\">{\"@context\":\"https:\/\/schema.org\",\"@graph\":[{\"@type\":\"NewsArticle\",\"@id\":\"https:\/\/dicodusport.fr\/blog\/karim-benzema-il-y-avait-une-pression-autour-de-moi\/#article\",\"isPartOf\":{\"@id\":\"https:\/\/dicodusport.fr\/blog\/karim-benzema-il-y-avait-une-pression-autour-de-moi\/\"},\"author\":{\"name\":\"Nicolas Jacquemard\",\"@id\":\"https:\/\/dicodusport.fr\/blog\/#\/schema\/person\/55dcb50ad410894e431ed812bbb70191\"},\"headline\":\"Karim Benzema : \u00ab\u00a0Il y avait une pression autour de moi\u00a0\u00bb\",\"datePublished\":\"2021-06-24T07:06:20+00:00\",\"dateModified\":\"2021-06-24T08:17:16+00:00\",\"mainEntityOfPage\":{\"@id\":\"https:\/\/dicodusport.fr\/blog\/karim-benzema-il-y-avait-une-pression-autour-de-moi\/\"},\"wordCount\":259,\"commentCount\":0,\"publisher\":{\"@id\":\"https:\/\/dicodusport.fr\/blog\/#organization\"},\"image\":{\"@id\":\"https:\/\/dicodusport.fr\/blog\/karim-benzema-il-y-avait-une-pression-autour-de-moi\/#primaryimage\"},\"thumbnailUrl\":\"https:\/\/dicodusport.fr\/blog\/wp-content\/uploads\/2021\/06\/Karim-Benzema-e1624531498537.png\",\"keywords\":[\"France\",\"Karim Benzema\",\"Portugal\"],\"articleSection\":[\"Euro de football\"],\"inLanguage\":\"fr-FR\",\"potentialAction\":[{\"@type\":\"CommentAction\",\"name\":\"Comment\",\"target\":[\"https:\/\/dicodusport.fr\/blog\/karim-benzema-il-y-avait-une-pression-autour-de-moi\/#respond\"]}],\"copyrightYear\":\"2021\",\"copyrightHolder\":{\"@id\":\"https:\/\/dicodusport.fr\/blog\/#organization\"}},{\"@type\":\"WebPage\",\"@id\":\"https:\/\/dicodusport.fr\/blog\/karim-benzema-il-y-avait-une-pression-autour-de-moi\/\",\"url\":\"https:\/\/dicodusport.fr\/blog\/karim-benzema-il-y-avait-une-pression-autour-de-moi\/\",\"name\":\"Karim Benzema : \\\"Il y avait une pression autour de moi\\\"\",\"isPartOf\":{\"@id\":\"https:\/\/dicodusport.fr\/blog\/#website\"},\"primaryImageOfPage\":{\"@id\":\"https:\/\/dicodusport.fr\/blog\/karim-benzema-il-y-avait-une-pression-autour-de-moi\/#primaryimage\"},\"image\":{\"@id\":\"https:\/\/dicodusport.fr\/blog\/karim-benzema-il-y-avait-une-pression-autour-de-moi\/#primaryimage\"},\"thumbnailUrl\":\"https:\/\/dicodusport.fr\/blog\/wp-content\/uploads\/2021\/06\/Karim-Benzema-e1624531498537.png\",\"datePublished\":\"2021-06-24T07:06:20+00:00\",\"dateModified\":\"2021-06-24T08:17:16+00:00\",\"description\":\"EURO 2020 - Apr\u00e8s quatre matchs o\u00f9 il est rest\u00e9 muet, Karim Benzema a trouv\u00e9 le chemin des filets pour sortir les Bleus d'une mauvaise passe face au Portugal (2-2).\",\"breadcrumb\":{\"@id\":\"https:\/\/dicodusport.fr\/blog\/karim-benzema-il-y-avait-une-pression-autour-de-moi\/#breadcrumb\"},\"inLanguage\":\"fr-FR\",\"potentialAction\":[{\"@type\":\"ReadAction\",\"target\":[\"https:\/\/dicodusport.fr\/blog\/karim-benzema-il-y-avait-une-pression-autour-de-moi\/\"]}]},{\"@type\":\"ImageObject\",\"inLanguage\":\"fr-FR\",\"@id\":\"https:\/\/dicodusport.fr\/blog\/karim-benzema-il-y-avait-une-pression-autour-de-moi\/#primaryimage\",\"url\":\"https:\/\/dicodusport.fr\/blog\/wp-content\/uploads\/2021\/06\/Karim-Benzema-e1624531498537.png\",\"contentUrl\":\"https:\/\/dicodusport.fr\/blog\/wp-content\/uploads\/2021\/06\/Karim-Benzema-e1624531498537.png\",\"width\":1101,\"height\":618,\"caption\":\"Karim Benzema : \\\"Il y avait une pression autour de moi\\\"\"},{\"@type\":\"BreadcrumbList\",\"@id\":\"https:\/\/dicodusport.fr\/blog\/karim-benzema-il-y-avait-une-pression-autour-de-moi\/#breadcrumb\",\"itemListElement\":[{\"@type\":\"ListItem\",\"position\":1,\"name\":\"Accueil\",\"item\":\"https:\/\/dicodusport.fr\/blog\/\"},{\"@type\":\"ListItem\",\"position\":2,\"name\":\"Karim Benzema : \u00ab\u00a0Il y avait une pression autour de moi\u00a0\u00bb\"}]},{\"@type\":\"WebSite\",\"@id\":\"https:\/\/dicodusport.fr\/blog\/#website\",\"url\":\"https:\/\/dicodusport.fr\/blog\/\",\"name\":\"Dicodusport\",\"description\":\"L&#039;encyclop\u00e9die de l&#039;actualit\u00e9 sportive\",\"publisher\":{\"@id\":\"https:\/\/dicodusport.fr\/blog\/#organization\"},\"potentialAction\":[{\"@type\":\"SearchAction\",\"target\":{\"@type\":\"EntryPoint\",\"urlTemplate\":\"https:\/\/dicodusport.fr\/blog\/?s={search_term_string}\"},\"query-input\":{\"@type\":\"PropertyValueSpecification\",\"valueRequired\":true,\"valueName\":\"search_term_string\"}}],\"inLanguage\":\"fr-FR\"},{\"@type\":\"NewsMediaOrganization\",\"@id\":\"https:\/\/dicodusport.fr\/blog\/#organization\",\"name\":\"Dicodusport\",\"url\":\"https:\/\/dicodusport.fr\/blog\/\",\"logo\":{\"@type\":\"ImageObject\",\"inLanguage\":\"fr-FR\",\"@id\":\"https:\/\/dicodusport.fr\/blog\/#\/schema\/logo\/image\/\",\"url\":\"https:\/\/dicodusport.fr\/blog\/wp-content\/uploads\/2020\/06\/cropped-LOGO-DICODUSPORT-2020-SANS-FOND-SANS-TEXTE.png\",\"contentUrl\":\"https:\/\/dicodusport.fr\/blog\/wp-content\/uploads\/2020\/06\/cropped-LOGO-DICODUSPORT-2020-SANS-FOND-SANS-TEXTE.png\",\"width\":512,\"height\":512,\"caption\":\"Dicodusport\"},\"image\":{\"@id\":\"https:\/\/dicodusport.fr\/blog\/#\/schema\/logo\/image\/\"},\"sameAs\":[\"https:\/\/www.facebook.com\/dicodusport\",\"https:\/\/x.com\/dicodusport\",\"https:\/\/www.instagram.com\/dicodusport\/\",\"https:\/\/www.youtube.com\/channel\/UC7V2KZ5sd3htJivAbA4ZG3w\"],\"description\":\"Dicodusport est l'encyclop\u00e9die de l'actualit\u00e9 sportive.\",\"email\":\"bonjour@dicodusport.fr\",\"legalName\":\"DICODUSPORT\",\"foundingDate\":\"2018-01-14\",\"vatID\":\"FR71834470973\",\"taxID\":\"83447097300043\",\"numberOfEmployees\":{\"@type\":\"QuantitativeValue\",\"minValue\":\"1\",\"maxValue\":\"10\"}},{\"@type\":\"Person\",\"@id\":\"https:\/\/dicodusport.fr\/blog\/#\/schema\/person\/55dcb50ad410894e431ed812bbb70191\",\"name\":\"Nicolas Jacquemard\",\"image\":{\"@type\":\"ImageObject\",\"inLanguage\":\"fr-FR\",\"@id\":\"https:\/\/dicodusport.fr\/blog\/#\/schema\/person\/image\/\",\"url\":\"https:\/\/dicodusport.fr\/blog\/wp-content\/uploads\/2021\/05\/Nicolas-Jacquemard-150x150.jpeg\",\"contentUrl\":\"https:\/\/dicodusport.fr\/blog\/wp-content\/uploads\/2021\/05\/Nicolas-Jacquemard-150x150.jpeg\",\"caption\":\"Nicolas Jacquemard\"},\"description\":\"Passionn\u00e9 de sport et entrepreneur depuis mes 18 ans, la cr\u00e9ation de Dicodusport m'a sembl\u00e9 \u00e9vidente pour participer \u00e0 la m\u00e9diatisation d'un plus grand nombre de sports. Le chemin est long mais avec une \u00e9quipe des plus motiv\u00e9es et les Jeux Olympiques de Paris 2024 en point de mire, nous y arriverons ! Journaliste dans le monde du sport depuis plus de 5 ans, je traite aussi bien de football, de rugby, de biathlon que de cyclisme.\",\"sameAs\":[\"https:\/\/www.facebook.com\/dicodusport\",\"https:\/\/x.com\/https:\/\/twitter.com\/Nico_Jacquemard\"],\"url\":\"https:\/\/dicodusport.fr\/blog\/author\/dicodusport\/\"}]}<\/script>\n<!-- \/ Yoast SEO Premium plugin. -->","yoast_head_json":{"title":"Karim Benzema : \"Il y avait une pression autour de moi\"","description":"EURO 2020 - Apr\u00e8s quatre matchs o\u00f9 il est rest\u00e9 muet, Karim Benzema a trouv\u00e9 le chemin des filets pour sortir les Bleus d'une mauvaise passe face au Portugal (2-2).","robots":{"index":"index","follow":"follow","max-snippet":"max-snippet:-1","max-image-preview":"max-image-preview:large","max-video-preview":"max-video-preview:-1"},"canonical":"https:\/\/dicodusport.fr\/blog\/karim-benzema-il-y-avait-une-pression-autour-de-moi\/","og_locale":"fr_FR","og_type":"article","og_title":"Karim Benzema : \"Il y avait une pression autour de moi\"","og_description":"EURO 2020 - Apr\u00e8s quatre matchs o\u00f9 il est rest\u00e9 muet, Karim Benzema a trouv\u00e9 le chemin des filets pour sortir les Bleus d'une mauvaise passe face au Portugal (2-2).","og_url":"https:\/\/dicodusport.fr\/blog\/karim-benzema-il-y-avait-une-pression-autour-de-moi\/","og_site_name":"Dicodusport","article_publisher":"https:\/\/www.facebook.com\/dicodusport","article_author":"https:\/\/www.facebook.com\/dicodusport","article_published_time":"2021-06-24T07:06:20+00:00","article_modified_time":"2021-06-24T08:17:16+00:00","og_image":[{"width":1101,"height":618,"url":"https:\/\/dicodusport.fr\/blog\/wp-content\/uploads\/2021\/06\/Karim-Benzema-e1624531498537.png","type":"image\/png"}],"author":"Nicolas Jacquemard","twitter_card":"summary_large_image","twitter_title":"Karim Benzema : \"Il y avait une pression autour de moi\"","twitter_creator":"@https:\/\/twitter.com\/Nico_Jacquemard","twitter_site":"@dicodusport","schema":{"@context":"https:\/\/schema.org","@graph":[{"@type":"NewsArticle","@id":"https:\/\/dicodusport.fr\/blog\/karim-benzema-il-y-avait-une-pression-autour-de-moi\/#article","isPartOf":{"@id":"https:\/\/dicodusport.fr\/blog\/karim-benzema-il-y-avait-une-pression-autour-de-moi\/"},"author":{"name":"Nicolas Jacquemard","@id":"https:\/\/dicodusport.fr\/blog\/#\/schema\/person\/55dcb50ad410894e431ed812bbb70191"},"headline":"Karim Benzema : \u00ab\u00a0Il y avait une pression autour de moi\u00a0\u00bb","datePublished":"2021-06-24T07:06:20+00:00","dateModified":"2021-06-24T08:17:16+00:00","mainEntityOfPage":{"@id":"https:\/\/dicodusport.fr\/blog\/karim-benzema-il-y-avait-une-pression-autour-de-moi\/"},"wordCount":259,"commentCount":0,"publisher":{"@id":"https:\/\/dicodusport.fr\/blog\/#organization"},"image":{"@id":"https:\/\/dicodusport.fr\/blog\/karim-benzema-il-y-avait-une-pression-autour-de-moi\/#primaryimage"},"thumbnailUrl":"https:\/\/dicodusport.fr\/blog\/wp-content\/uploads\/2021\/06\/Karim-Benzema-e1624531498537.png","keywords":["France","Karim Benzema","Portugal"],"articleSection":["Euro de football"],"inLanguage":"fr-FR","potentialAction":[{"@type":"CommentAction","name":"Comment","target":["https:\/\/dicodusport.fr\/blog\/karim-benzema-il-y-avait-une-pression-autour-de-moi\/#respond"]}],"copyrightYear":"2021","copyrightHolder":{"@id":"https:\/\/dicodusport.fr\/blog\/#organization"}},{"@type":"WebPage","@id":"https:\/\/dicodusport.fr\/blog\/karim-benzema-il-y-avait-une-pression-autour-de-moi\/","url":"https:\/\/dicodusport.fr\/blog\/karim-benzema-il-y-avait-une-pression-autour-de-moi\/","name":"Karim Benzema : \"Il y avait une pression autour de moi\"","isPartOf":{"@id":"https:\/\/dicodusport.fr\/blog\/#website"},"primaryImageOfPage":{"@id":"https:\/\/dicodusport.fr\/blog\/karim-benzema-il-y-avait-une-pression-autour-de-moi\/#primaryimage"},"image":{"@id":"https:\/\/dicodusport.fr\/blog\/karim-benzema-il-y-avait-une-pression-autour-de-moi\/#primaryimage"},"thumbnailUrl":"https:\/\/dicodusport.fr\/blog\/wp-content\/uploads\/2021\/06\/Karim-Benzema-e1624531498537.png","datePublished":"2021-06-24T07:06:20+00:00","dateModified":"2021-06-24T08:17:16+00:00","description":"EURO 2020 - Apr\u00e8s quatre matchs o\u00f9 il est rest\u00e9 muet, Karim Benzema a trouv\u00e9 le chemin des filets pour sortir les Bleus d'une mauvaise passe face au Portugal (2-2).","breadcrumb":{"@id":"https:\/\/dicodusport.fr\/blog\/karim-benzema-il-y-avait-une-pression-autour-de-moi\/#breadcrumb"},"inLanguage":"fr-FR","potentialAction":[{"@type":"ReadAction","target":["https:\/\/dicodusport.fr\/blog\/karim-benzema-il-y-avait-une-pression-autour-de-moi\/"]}]},{"@type":"ImageObject","inLanguage":"fr-FR","@id":"https:\/\/dicodusport.fr\/blog\/karim-benzema-il-y-avait-une-pression-autour-de-moi\/#primaryimage","url":"https:\/\/dicodusport.fr\/blog\/wp-content\/uploads\/2021\/06\/Karim-Benzema-e1624531498537.png","contentUrl":"https:\/\/dicodusport.fr\/blog\/wp-content\/uploads\/2021\/06\/Karim-Benzema-e1624531498537.png","width":1101,"height":618,"caption":"Karim Benzema : \"Il y avait une pression autour de moi\""},{"@type":"BreadcrumbList","@id":"https:\/\/dicodusport.fr\/blog\/karim-benzema-il-y-avait-une-pression-autour-de-moi\/#breadcrumb","itemListElement":[{"@type":"ListItem","position":1,"name":"Accueil","item":"https:\/\/dicodusport.fr\/blog\/"},{"@type":"ListItem","position":2,"name":"Karim Benzema : \u00ab\u00a0Il y avait une pression autour de moi\u00a0\u00bb"}]},{"@type":"WebSite","@id":"https:\/\/dicodusport.fr\/blog\/#website","url":"https:\/\/dicodusport.fr\/blog\/","name":"Dicodusport","description":"L&#039;encyclop\u00e9die de l&#039;actualit\u00e9 sportive","publisher":{"@id":"https:\/\/dicodusport.fr\/blog\/#organization"},"potentialAction":[{"@type":"SearchAction","target":{"@type":"EntryPoint","urlTemplate":"https:\/\/dicodusport.fr\/blog\/?s={search_term_string}"},"query-input":{"@type":"PropertyValueSpecification","valueRequired":true,"valueName":"search_term_string"}}],"inLanguage":"fr-FR"},{"@type":"NewsMediaOrganization","@id":"https:\/\/dicodusport.fr\/blog\/#organization","name":"Dicodusport","url":"https:\/\/dicodusport.fr\/blog\/","logo":{"@type":"ImageObject","inLanguage":"fr-FR","@id":"https:\/\/dicodusport.fr\/blog\/#\/schema\/logo\/image\/","url":"https:\/\/dicodusport.fr\/blog\/wp-content\/uploads\/2020\/06\/cropped-LOGO-DICODUSPORT-2020-SANS-FOND-SANS-TEXTE.png","contentUrl":"https:\/\/dicodusport.fr\/blog\/wp-content\/uploads\/2020\/06\/cropped-LOGO-DICODUSPORT-2020-SANS-FOND-SANS-TEXTE.png","width":512,"height":512,"caption":"Dicodusport"},"image":{"@id":"https:\/\/dicodusport.fr\/blog\/#\/schema\/logo\/image\/"},"sameAs":["https:\/\/www.facebook.com\/dicodusport","https:\/\/x.com\/dicodusport","https:\/\/www.instagram.com\/dicodusport\/","https:\/\/www.youtube.com\/channel\/UC7V2KZ5sd3htJivAbA4ZG3w"],"description":"Dicodusport est l'encyclop\u00e9die de l'actualit\u00e9 sportive.","email":"bonjour@dicodusport.fr","legalName":"DICODUSPORT","foundingDate":"2018-01-14","vatID":"FR71834470973","taxID":"83447097300043","numberOfEmployees":{"@type":"QuantitativeValue","minValue":"1","maxValue":"10"}},{"@type":"Person","@id":"https:\/\/dicodusport.fr\/blog\/#\/schema\/person\/55dcb50ad410894e431ed812bbb70191","name":"Nicolas Jacquemard","image":{"@type":"ImageObject","inLanguage":"fr-FR","@id":"https:\/\/dicodusport.fr\/blog\/#\/schema\/person\/image\/","url":"https:\/\/dicodusport.fr\/blog\/wp-content\/uploads\/2021\/05\/Nicolas-Jacquemard-150x150.jpeg","contentUrl":"https:\/\/dicodusport.fr\/blog\/wp-content\/uploads\/2021\/05\/Nicolas-Jacquemard-150x150.jpeg","caption":"Nicolas Jacquemard"},"description":"Passionn\u00e9 de sport et entrepreneur depuis mes 18 ans, la cr\u00e9ation de Dicodusport m'a sembl\u00e9 \u00e9vidente pour participer \u00e0 la m\u00e9diatisation d'un plus grand nombre de sports. Le chemin est long mais avec une \u00e9quipe des plus motiv\u00e9es et les Jeux Olympiques de Paris 2024 en point de mire, nous y arriverons ! Journaliste dans le monde du sport depuis plus de 5 ans, je traite aussi bien de football, de rugby, de biathlon que de cyclisme.","sameAs":["https:\/\/www.facebook.com\/dicodusport","https:\/\/x.com\/https:\/\/twitter.com\/Nico_Jacquemard"],"url":"https:\/\/dicodusport.fr\/blog\/author\/dicodusport\/"}]}},"_links":{"self":[{"href":"https:\/\/dicodusport.fr\/blog\/wp-json\/wp\/v2\/posts\/141669","targetHints":{"allow":["GET"]}}],"collection":[{"href":"https:\/\/dicodusport.fr\/blog\/wp-json\/wp\/v2\/posts"}],"about":[{"href":"https:\/\/dicodusport.fr\/blog\/wp-json\/wp\/v2\/types\/post"}],"author":[{"embeddable":true,"href":"https:\/\/dicodusport.fr\/blog\/wp-json\/wp\/v2\/users\/1"}],"replies":[{"embeddable":true,"href":"https:\/\/dicodusport.fr\/blog\/wp-json\/wp\/v2\/comments?post=141669"}],"version-history":[{"count":0,"href":"https:\/\/dicodusport.fr\/blog\/wp-json\/wp\/v2\/posts\/141669\/revisions"}],"wp:featuredmedia":[{"embeddable":true,"href":"https:\/\/dicodusport.fr\/blog\/wp-json\/wp\/v2\/media\/141671"}],"wp:attachment":[{"href":"https:\/\/dicodusport.fr\/blog\/wp-json\/wp\/v2\/media?parent=141669"}],"wp:term":[{"taxonomy":"category","embeddable":true,"href":"https:\/\/dicodusport.fr\/blog\/wp-json\/wp\/v2\/categories?post=141669"},{"taxonomy":"post_tag","embeddable":true,"href":"https:\/\/dicodusport.fr\/blog\/wp-json\/wp\/v2\/tags?post=141669"}],"curies":[{"name":"wp","href":"https:\/\/api.w.org\/{rel}","templated":true}]}}