{"id":14172,"date":"2018-03-10T02:44:53","date_gmt":"2018-03-10T01:44:53","guid":{"rendered":"http:\/\/dicodusport.fr\/blog\/?p=14172"},"modified":"2018-03-10T04:14:17","modified_gmt":"2018-03-10T03:14:17","slug":"jeux-paralympiques-marie-bochet-conserve-titre-descente","status":"publish","type":"post","link":"https:\/\/dicodusport.fr\/blog\/jeux-paralympiques-marie-bochet-conserve-titre-descente\/","title":{"rendered":"Jeux Paralympiques : Marie Bochet conserve son titre en descente"},"content":{"rendered":"<p style=\"text-align: justify;\"><em><strong>A seulement 24 ans, Marie Bochet, porte-drapeau de la d\u00e9l\u00e9gation tricolore, a remport\u00e9 son cinqui\u00e8me titre paralympique de sa carri\u00e8re, son premier \u00e0 Pyeongchang, en dominant la descente dans la cat\u00e9gorie debout.<\/strong><\/em><\/p>\n<p style=\"text-align: justify;\">D\u00e9j\u00e0 largement en avance lors des entra\u00eenements, la skieuse d&rsquo;Ar\u00eaches-Beaufort a devanc\u00e9 de plus de deux secondes sa principale rivale, l&rsquo;Allemande Andrea Rothfuss. La Canadienne Mollie Jepsen compl\u00e8te le podium.<\/p>\n<p style=\"text-align: justify;\">Quinze fois championne du monde, la native de Chamb\u00e9ry a donc r\u00e9ussi son entr\u00e9e en mati\u00e8re en Cor\u00e9e du Sud malgr\u00e9 la fatigue apr\u00e8s la c\u00e9r\u00e9monie d&rsquo;ouverture. Prochaine course d\u00e8s demain pour la championne, avec le Super-G (1h30*).<\/p>\n<p><em>* heure fran\u00e7aise<\/em><\/p>\n<p><em><strong>Flo Ostermann<\/strong><\/em><em><br \/>\n<\/em><a href=\"https:\/\/www.facebook.com\/florent.ostermann\"><img loading=\"lazy\" decoding=\"async\" class=\"alignnone wp-image-2909\" src=\"http:\/\/dicodusport.fr\/blog\/wp-content\/uploads\/2017\/07\/logo-facebook-150x150.png\" alt=\"\" width=\"40\" height=\"40\" \/><\/a><a href=\"https:\/\/twitter.com\/SportInsideMag\"><img loading=\"lazy\" decoding=\"async\" class=\"alignnone wp-image-2908\" src=\"http:\/\/dicodusport.fr\/blog\/wp-content\/uploads\/2017\/07\/logo-twitter-150x150.png\" alt=\"\" width=\"39\" height=\"39\" \/><\/a><\/p>\n","protected":false},"excerpt":{"rendered":"<p>A seulement 24 ans, Marie Bochet, porte-drapeau de la d\u00e9l\u00e9gation tricolore, a remport\u00e9 son cinqui\u00e8me titre paralympique de sa carri\u00e8re, son premier \u00e0 Pyeongchang, en dominant la descente dans la cat\u00e9gorie debout.<\/p>\n","protected":false},"author":4,"featured_media":14173,"comment_status":"open","ping_status":"closed","sticky":false,"template":"","format":"standard","meta":{"_acf_changed":false,"_daextam_enable_autolinks":"","footnotes":""},"categories":[2,3588,2313],"tags":[1964,3544,2754],"class_list":["post-14172","post","type-post","status-publish","format-standard","has-post-thumbnail","hentry","category-actualites","category-pyeongchang-2018","category-sports-dhiver","tag-jeux-paralympiques","tag-jo-de-pyeongchang","tag-marie-bochet"],"acf":[],"yoast_head":"<!-- This site is optimized with the Yoast SEO Premium plugin v26.7 (Yoast SEO v26.7) - https:\/\/yoast.com\/wordpress\/plugins\/seo\/ -->\n<title>Jeux Paralympiques : Marie Bochet conserve son titre en descente<\/title>\n<meta name=\"description\" content=\"A seulement 24 ans, Marie Bochet, porte-drapeau de la d\u00e9l\u00e9gation tricolore, a remport\u00e9 son cinqui\u00e8me titre paralympique de sa carri\u00e8re, son premier \u00e0 Pyeongchang, en dominant la descente dans la cat\u00e9gorie debout.\" \/>\n<meta name=\"robots\" content=\"index, follow, max-snippet:-1, max-image-preview:large, max-video-preview:-1\" \/>\n<link rel=\"canonical\" href=\"https:\/\/dicodusport.fr\/blog\/jeux-paralympiques-marie-bochet-conserve-titre-descente\/\" \/>\n<meta property=\"og:locale\" content=\"fr_FR\" \/>\n<meta property=\"og:type\" content=\"article\" \/>\n<meta property=\"og:title\" content=\"Jeux Paralympiques : Marie Bochet conserve son titre en descente\" \/>\n<meta property=\"og:description\" content=\"A seulement 24 ans, Marie Bochet, porte-drapeau de la d\u00e9l\u00e9gation tricolore, a remport\u00e9 son cinqui\u00e8me titre paralympique de sa carri\u00e8re, son premier \u00e0 Pyeongchang, en dominant la descente dans la cat\u00e9gorie debout.\" \/>\n<meta property=\"og:url\" content=\"https:\/\/dicodusport.fr\/blog\/jeux-paralympiques-marie-bochet-conserve-titre-descente\/\" \/>\n<meta property=\"og:site_name\" content=\"Dicodusport\" \/>\n<meta property=\"article:publisher\" content=\"https:\/\/www.facebook.com\/dicodusport\" \/>\n<meta property=\"article:author\" content=\"https:\/\/www.facebook.com\/florent.ostermann\" \/>\n<meta property=\"article:published_time\" content=\"2018-03-10T01:44:53+00:00\" \/>\n<meta property=\"article:modified_time\" content=\"2018-03-10T03:14:17+00:00\" \/>\n<meta property=\"og:image\" content=\"https:\/\/dicodusport.fr\/blog\/wp-content\/uploads\/2018\/03\/Marie-Bochet.png\" \/>\n\t<meta property=\"og:image:width\" content=\"800\" \/>\n\t<meta property=\"og:image:height\" content=\"445\" \/>\n\t<meta property=\"og:image:type\" content=\"image\/png\" \/>\n<meta name=\"author\" content=\"Flo Ostermann\" \/>\n<meta name=\"twitter:card\" content=\"summary_large_image\" \/>\n<meta name=\"twitter:creator\" content=\"@https:\/\/twitter.com\/FlOstermann\" \/>\n<meta name=\"twitter:site\" content=\"@dicodusport\" \/>\n<script type=\"application\/ld+json\" class=\"yoast-schema-graph\">{\"@context\":\"https:\/\/schema.org\",\"@graph\":[{\"@type\":\"NewsArticle\",\"@id\":\"https:\/\/dicodusport.fr\/blog\/jeux-paralympiques-marie-bochet-conserve-titre-descente\/#article\",\"isPartOf\":{\"@id\":\"https:\/\/dicodusport.fr\/blog\/jeux-paralympiques-marie-bochet-conserve-titre-descente\/\"},\"author\":{\"name\":\"Flo Ostermann\",\"@id\":\"https:\/\/dicodusport.fr\/blog\/#\/schema\/person\/cb02af4c173ce4a653b55e9baf388d4a\"},\"headline\":\"Jeux Paralympiques : Marie Bochet conserve son titre en descente\",\"datePublished\":\"2018-03-10T01:44:53+00:00\",\"dateModified\":\"2018-03-10T03:14:17+00:00\",\"mainEntityOfPage\":{\"@id\":\"https:\/\/dicodusport.fr\/blog\/jeux-paralympiques-marie-bochet-conserve-titre-descente\/\"},\"wordCount\":133,\"commentCount\":0,\"publisher\":{\"@id\":\"https:\/\/dicodusport.fr\/blog\/#organization\"},\"image\":{\"@id\":\"https:\/\/dicodusport.fr\/blog\/jeux-paralympiques-marie-bochet-conserve-titre-descente\/#primaryimage\"},\"thumbnailUrl\":\"https:\/\/dicodusport.fr\/blog\/wp-content\/uploads\/2018\/03\/Marie-Bochet.png\",\"keywords\":[\"jeux paralympiques\",\"JO de Pyeongchang\",\"Marie Bochet\"],\"articleSection\":[\"Actualit\u00e9s\",\"Pyeongchang 2018\",\"Sports d'hiver\"],\"inLanguage\":\"fr-FR\",\"potentialAction\":[{\"@type\":\"CommentAction\",\"name\":\"Comment\",\"target\":[\"https:\/\/dicodusport.fr\/blog\/jeux-paralympiques-marie-bochet-conserve-titre-descente\/#respond\"]}],\"copyrightYear\":\"2018\",\"copyrightHolder\":{\"@id\":\"https:\/\/dicodusport.fr\/blog\/#organization\"}},{\"@type\":\"WebPage\",\"@id\":\"https:\/\/dicodusport.fr\/blog\/jeux-paralympiques-marie-bochet-conserve-titre-descente\/\",\"url\":\"https:\/\/dicodusport.fr\/blog\/jeux-paralympiques-marie-bochet-conserve-titre-descente\/\",\"name\":\"Jeux Paralympiques : Marie Bochet conserve son titre en descente\",\"isPartOf\":{\"@id\":\"https:\/\/dicodusport.fr\/blog\/#website\"},\"primaryImageOfPage\":{\"@id\":\"https:\/\/dicodusport.fr\/blog\/jeux-paralympiques-marie-bochet-conserve-titre-descente\/#primaryimage\"},\"image\":{\"@id\":\"https:\/\/dicodusport.fr\/blog\/jeux-paralympiques-marie-bochet-conserve-titre-descente\/#primaryimage\"},\"thumbnailUrl\":\"https:\/\/dicodusport.fr\/blog\/wp-content\/uploads\/2018\/03\/Marie-Bochet.png\",\"datePublished\":\"2018-03-10T01:44:53+00:00\",\"dateModified\":\"2018-03-10T03:14:17+00:00\",\"description\":\"A seulement 24 ans, Marie Bochet, porte-drapeau de la d\u00e9l\u00e9gation tricolore, a remport\u00e9 son cinqui\u00e8me titre paralympique de sa carri\u00e8re, son premier \u00e0 Pyeongchang, en dominant la descente dans la cat\u00e9gorie debout.\",\"breadcrumb\":{\"@id\":\"https:\/\/dicodusport.fr\/blog\/jeux-paralympiques-marie-bochet-conserve-titre-descente\/#breadcrumb\"},\"inLanguage\":\"fr-FR\",\"potentialAction\":[{\"@type\":\"ReadAction\",\"target\":[\"https:\/\/dicodusport.fr\/blog\/jeux-paralympiques-marie-bochet-conserve-titre-descente\/\"]}]},{\"@type\":\"ImageObject\",\"inLanguage\":\"fr-FR\",\"@id\":\"https:\/\/dicodusport.fr\/blog\/jeux-paralympiques-marie-bochet-conserve-titre-descente\/#primaryimage\",\"url\":\"https:\/\/dicodusport.fr\/blog\/wp-content\/uploads\/2018\/03\/Marie-Bochet.png\",\"contentUrl\":\"https:\/\/dicodusport.fr\/blog\/wp-content\/uploads\/2018\/03\/Marie-Bochet.png\",\"width\":800,\"height\":445},{\"@type\":\"BreadcrumbList\",\"@id\":\"https:\/\/dicodusport.fr\/blog\/jeux-paralympiques-marie-bochet-conserve-titre-descente\/#breadcrumb\",\"itemListElement\":[{\"@type\":\"ListItem\",\"position\":1,\"name\":\"Accueil\",\"item\":\"https:\/\/dicodusport.fr\/blog\/\"},{\"@type\":\"ListItem\",\"position\":2,\"name\":\"Jeux Paralympiques : Marie Bochet conserve son titre en descente\"}]},{\"@type\":\"WebSite\",\"@id\":\"https:\/\/dicodusport.fr\/blog\/#website\",\"url\":\"https:\/\/dicodusport.fr\/blog\/\",\"name\":\"Dicodusport\",\"description\":\"L&#039;encyclop\u00e9die de l&#039;actualit\u00e9 sportive\",\"publisher\":{\"@id\":\"https:\/\/dicodusport.fr\/blog\/#organization\"},\"potentialAction\":[{\"@type\":\"SearchAction\",\"target\":{\"@type\":\"EntryPoint\",\"urlTemplate\":\"https:\/\/dicodusport.fr\/blog\/?s={search_term_string}\"},\"query-input\":{\"@type\":\"PropertyValueSpecification\",\"valueRequired\":true,\"valueName\":\"search_term_string\"}}],\"inLanguage\":\"fr-FR\"},{\"@type\":\"NewsMediaOrganization\",\"@id\":\"https:\/\/dicodusport.fr\/blog\/#organization\",\"name\":\"Dicodusport\",\"url\":\"https:\/\/dicodusport.fr\/blog\/\",\"logo\":{\"@type\":\"ImageObject\",\"inLanguage\":\"fr-FR\",\"@id\":\"https:\/\/dicodusport.fr\/blog\/#\/schema\/logo\/image\/\",\"url\":\"https:\/\/dicodusport.fr\/blog\/wp-content\/uploads\/2020\/06\/cropped-LOGO-DICODUSPORT-2020-SANS-FOND-SANS-TEXTE.png\",\"contentUrl\":\"https:\/\/dicodusport.fr\/blog\/wp-content\/uploads\/2020\/06\/cropped-LOGO-DICODUSPORT-2020-SANS-FOND-SANS-TEXTE.png\",\"width\":512,\"height\":512,\"caption\":\"Dicodusport\"},\"image\":{\"@id\":\"https:\/\/dicodusport.fr\/blog\/#\/schema\/logo\/image\/\"},\"sameAs\":[\"https:\/\/www.facebook.com\/dicodusport\",\"https:\/\/x.com\/dicodusport\",\"https:\/\/www.instagram.com\/dicodusport\/\",\"https:\/\/www.youtube.com\/channel\/UC7V2KZ5sd3htJivAbA4ZG3w\"],\"description\":\"Dicodusport est l'encyclop\u00e9die de l'actualit\u00e9 sportive.\",\"email\":\"bonjour@dicodusport.fr\",\"legalName\":\"DICODUSPORT\",\"foundingDate\":\"2018-01-14\",\"vatID\":\"FR71834470973\",\"taxID\":\"83447097300043\",\"numberOfEmployees\":{\"@type\":\"QuantitativeValue\",\"minValue\":\"1\",\"maxValue\":\"10\"}},{\"@type\":\"Person\",\"@id\":\"https:\/\/dicodusport.fr\/blog\/#\/schema\/person\/cb02af4c173ce4a653b55e9baf388d4a\",\"name\":\"Flo Ostermann\",\"image\":{\"@type\":\"ImageObject\",\"inLanguage\":\"fr-FR\",\"@id\":\"https:\/\/dicodusport.fr\/blog\/#\/schema\/person\/image\/\",\"url\":\"https:\/\/dicodusport.fr\/blog\/wp-content\/uploads\/2021\/05\/Flo-Ostermann-150x150.jpg\",\"contentUrl\":\"https:\/\/dicodusport.fr\/blog\/wp-content\/uploads\/2021\/05\/Flo-Ostermann-150x150.jpg\",\"caption\":\"Flo Ostermann\"},\"description\":\"Journaliste\/R\u00e9dacteur depuis septembre 2015 - Mes premiers souvenirs dans le sport ? Les envol\u00e9es du Stade Toulousain et les duels Villeneuve-Schumacher et H\u00e4kkinen-Schumacher \u00e0 la fin des ann\u00e9es 90, la Coupe du monde de football en 1998, l\u2019exploit du XV de France face aux All Blacks en 1999, mais aussi Richard C\u0153ur de Lion qui vole sur les montagnes du Tour de France. Bien parti pour devenir professeur d\u2019EPS, les \u00e9v\u00e9nements de la vie (et la flemme d\u2019animer des s\u00e9ances de 3x500 m\u00e8tres toute ma vie) m\u2019ont conduit \u00e0 revoir mes plans. Me voil\u00e0 depuis fin 2017 sur Dicodusport, m\u00e9dia gr\u00e2ce (et pour) lequel je partage ma passion : le sport dans tous ses \u00e9tats. Le tout accompagn\u00e9 par les fous furieux et folles furieuses cit\u00e9s sur cette page !\",\"sameAs\":[\"https:\/\/www.facebook.com\/florent.ostermann\",\"https:\/\/x.com\/https:\/\/twitter.com\/FlOstermann\",\"admin\"],\"url\":\"https:\/\/dicodusport.fr\/blog\/author\/flo\/\"}]}<\/script>\n<!-- \/ Yoast SEO Premium plugin. -->","yoast_head_json":{"title":"Jeux Paralympiques : Marie Bochet conserve son titre en descente","description":"A seulement 24 ans, Marie Bochet, porte-drapeau de la d\u00e9l\u00e9gation tricolore, a remport\u00e9 son cinqui\u00e8me titre paralympique de sa carri\u00e8re, son premier \u00e0 Pyeongchang, en dominant la descente dans la cat\u00e9gorie debout.","robots":{"index":"index","follow":"follow","max-snippet":"max-snippet:-1","max-image-preview":"max-image-preview:large","max-video-preview":"max-video-preview:-1"},"canonical":"https:\/\/dicodusport.fr\/blog\/jeux-paralympiques-marie-bochet-conserve-titre-descente\/","og_locale":"fr_FR","og_type":"article","og_title":"Jeux Paralympiques : Marie Bochet conserve son titre en descente","og_description":"A seulement 24 ans, Marie Bochet, porte-drapeau de la d\u00e9l\u00e9gation tricolore, a remport\u00e9 son cinqui\u00e8me titre paralympique de sa carri\u00e8re, son premier \u00e0 Pyeongchang, en dominant la descente dans la cat\u00e9gorie debout.","og_url":"https:\/\/dicodusport.fr\/blog\/jeux-paralympiques-marie-bochet-conserve-titre-descente\/","og_site_name":"Dicodusport","article_publisher":"https:\/\/www.facebook.com\/dicodusport","article_author":"https:\/\/www.facebook.com\/florent.ostermann","article_published_time":"2018-03-10T01:44:53+00:00","article_modified_time":"2018-03-10T03:14:17+00:00","og_image":[{"width":800,"height":445,"url":"https:\/\/dicodusport.fr\/blog\/wp-content\/uploads\/2018\/03\/Marie-Bochet.png","type":"image\/png"}],"author":"Flo Ostermann","twitter_card":"summary_large_image","twitter_creator":"@https:\/\/twitter.com\/FlOstermann","twitter_site":"@dicodusport","schema":{"@context":"https:\/\/schema.org","@graph":[{"@type":"NewsArticle","@id":"https:\/\/dicodusport.fr\/blog\/jeux-paralympiques-marie-bochet-conserve-titre-descente\/#article","isPartOf":{"@id":"https:\/\/dicodusport.fr\/blog\/jeux-paralympiques-marie-bochet-conserve-titre-descente\/"},"author":{"name":"Flo Ostermann","@id":"https:\/\/dicodusport.fr\/blog\/#\/schema\/person\/cb02af4c173ce4a653b55e9baf388d4a"},"headline":"Jeux Paralympiques : Marie Bochet conserve son titre en descente","datePublished":"2018-03-10T01:44:53+00:00","dateModified":"2018-03-10T03:14:17+00:00","mainEntityOfPage":{"@id":"https:\/\/dicodusport.fr\/blog\/jeux-paralympiques-marie-bochet-conserve-titre-descente\/"},"wordCount":133,"commentCount":0,"publisher":{"@id":"https:\/\/dicodusport.fr\/blog\/#organization"},"image":{"@id":"https:\/\/dicodusport.fr\/blog\/jeux-paralympiques-marie-bochet-conserve-titre-descente\/#primaryimage"},"thumbnailUrl":"https:\/\/dicodusport.fr\/blog\/wp-content\/uploads\/2018\/03\/Marie-Bochet.png","keywords":["jeux paralympiques","JO de Pyeongchang","Marie Bochet"],"articleSection":["Actualit\u00e9s","Pyeongchang 2018","Sports d'hiver"],"inLanguage":"fr-FR","potentialAction":[{"@type":"CommentAction","name":"Comment","target":["https:\/\/dicodusport.fr\/blog\/jeux-paralympiques-marie-bochet-conserve-titre-descente\/#respond"]}],"copyrightYear":"2018","copyrightHolder":{"@id":"https:\/\/dicodusport.fr\/blog\/#organization"}},{"@type":"WebPage","@id":"https:\/\/dicodusport.fr\/blog\/jeux-paralympiques-marie-bochet-conserve-titre-descente\/","url":"https:\/\/dicodusport.fr\/blog\/jeux-paralympiques-marie-bochet-conserve-titre-descente\/","name":"Jeux Paralympiques : Marie Bochet conserve son titre en descente","isPartOf":{"@id":"https:\/\/dicodusport.fr\/blog\/#website"},"primaryImageOfPage":{"@id":"https:\/\/dicodusport.fr\/blog\/jeux-paralympiques-marie-bochet-conserve-titre-descente\/#primaryimage"},"image":{"@id":"https:\/\/dicodusport.fr\/blog\/jeux-paralympiques-marie-bochet-conserve-titre-descente\/#primaryimage"},"thumbnailUrl":"https:\/\/dicodusport.fr\/blog\/wp-content\/uploads\/2018\/03\/Marie-Bochet.png","datePublished":"2018-03-10T01:44:53+00:00","dateModified":"2018-03-10T03:14:17+00:00","description":"A seulement 24 ans, Marie Bochet, porte-drapeau de la d\u00e9l\u00e9gation tricolore, a remport\u00e9 son cinqui\u00e8me titre paralympique de sa carri\u00e8re, son premier \u00e0 Pyeongchang, en dominant la descente dans la cat\u00e9gorie debout.","breadcrumb":{"@id":"https:\/\/dicodusport.fr\/blog\/jeux-paralympiques-marie-bochet-conserve-titre-descente\/#breadcrumb"},"inLanguage":"fr-FR","potentialAction":[{"@type":"ReadAction","target":["https:\/\/dicodusport.fr\/blog\/jeux-paralympiques-marie-bochet-conserve-titre-descente\/"]}]},{"@type":"ImageObject","inLanguage":"fr-FR","@id":"https:\/\/dicodusport.fr\/blog\/jeux-paralympiques-marie-bochet-conserve-titre-descente\/#primaryimage","url":"https:\/\/dicodusport.fr\/blog\/wp-content\/uploads\/2018\/03\/Marie-Bochet.png","contentUrl":"https:\/\/dicodusport.fr\/blog\/wp-content\/uploads\/2018\/03\/Marie-Bochet.png","width":800,"height":445},{"@type":"BreadcrumbList","@id":"https:\/\/dicodusport.fr\/blog\/jeux-paralympiques-marie-bochet-conserve-titre-descente\/#breadcrumb","itemListElement":[{"@type":"ListItem","position":1,"name":"Accueil","item":"https:\/\/dicodusport.fr\/blog\/"},{"@type":"ListItem","position":2,"name":"Jeux Paralympiques : Marie Bochet conserve son titre en descente"}]},{"@type":"WebSite","@id":"https:\/\/dicodusport.fr\/blog\/#website","url":"https:\/\/dicodusport.fr\/blog\/","name":"Dicodusport","description":"L&#039;encyclop\u00e9die de l&#039;actualit\u00e9 sportive","publisher":{"@id":"https:\/\/dicodusport.fr\/blog\/#organization"},"potentialAction":[{"@type":"SearchAction","target":{"@type":"EntryPoint","urlTemplate":"https:\/\/dicodusport.fr\/blog\/?s={search_term_string}"},"query-input":{"@type":"PropertyValueSpecification","valueRequired":true,"valueName":"search_term_string"}}],"inLanguage":"fr-FR"},{"@type":"NewsMediaOrganization","@id":"https:\/\/dicodusport.fr\/blog\/#organization","name":"Dicodusport","url":"https:\/\/dicodusport.fr\/blog\/","logo":{"@type":"ImageObject","inLanguage":"fr-FR","@id":"https:\/\/dicodusport.fr\/blog\/#\/schema\/logo\/image\/","url":"https:\/\/dicodusport.fr\/blog\/wp-content\/uploads\/2020\/06\/cropped-LOGO-DICODUSPORT-2020-SANS-FOND-SANS-TEXTE.png","contentUrl":"https:\/\/dicodusport.fr\/blog\/wp-content\/uploads\/2020\/06\/cropped-LOGO-DICODUSPORT-2020-SANS-FOND-SANS-TEXTE.png","width":512,"height":512,"caption":"Dicodusport"},"image":{"@id":"https:\/\/dicodusport.fr\/blog\/#\/schema\/logo\/image\/"},"sameAs":["https:\/\/www.facebook.com\/dicodusport","https:\/\/x.com\/dicodusport","https:\/\/www.instagram.com\/dicodusport\/","https:\/\/www.youtube.com\/channel\/UC7V2KZ5sd3htJivAbA4ZG3w"],"description":"Dicodusport est l'encyclop\u00e9die de l'actualit\u00e9 sportive.","email":"bonjour@dicodusport.fr","legalName":"DICODUSPORT","foundingDate":"2018-01-14","vatID":"FR71834470973","taxID":"83447097300043","numberOfEmployees":{"@type":"QuantitativeValue","minValue":"1","maxValue":"10"}},{"@type":"Person","@id":"https:\/\/dicodusport.fr\/blog\/#\/schema\/person\/cb02af4c173ce4a653b55e9baf388d4a","name":"Flo Ostermann","image":{"@type":"ImageObject","inLanguage":"fr-FR","@id":"https:\/\/dicodusport.fr\/blog\/#\/schema\/person\/image\/","url":"https:\/\/dicodusport.fr\/blog\/wp-content\/uploads\/2021\/05\/Flo-Ostermann-150x150.jpg","contentUrl":"https:\/\/dicodusport.fr\/blog\/wp-content\/uploads\/2021\/05\/Flo-Ostermann-150x150.jpg","caption":"Flo Ostermann"},"description":"Journaliste\/R\u00e9dacteur depuis septembre 2015 - Mes premiers souvenirs dans le sport ? Les envol\u00e9es du Stade Toulousain et les duels Villeneuve-Schumacher et H\u00e4kkinen-Schumacher \u00e0 la fin des ann\u00e9es 90, la Coupe du monde de football en 1998, l\u2019exploit du XV de France face aux All Blacks en 1999, mais aussi Richard C\u0153ur de Lion qui vole sur les montagnes du Tour de France. Bien parti pour devenir professeur d\u2019EPS, les \u00e9v\u00e9nements de la vie (et la flemme d\u2019animer des s\u00e9ances de 3x500 m\u00e8tres toute ma vie) m\u2019ont conduit \u00e0 revoir mes plans. Me voil\u00e0 depuis fin 2017 sur Dicodusport, m\u00e9dia gr\u00e2ce (et pour) lequel je partage ma passion : le sport dans tous ses \u00e9tats. Le tout accompagn\u00e9 par les fous furieux et folles furieuses cit\u00e9s sur cette page !","sameAs":["https:\/\/www.facebook.com\/florent.ostermann","https:\/\/x.com\/https:\/\/twitter.com\/FlOstermann","admin"],"url":"https:\/\/dicodusport.fr\/blog\/author\/flo\/"}]}},"_links":{"self":[{"href":"https:\/\/dicodusport.fr\/blog\/wp-json\/wp\/v2\/posts\/14172","targetHints":{"allow":["GET"]}}],"collection":[{"href":"https:\/\/dicodusport.fr\/blog\/wp-json\/wp\/v2\/posts"}],"about":[{"href":"https:\/\/dicodusport.fr\/blog\/wp-json\/wp\/v2\/types\/post"}],"author":[{"embeddable":true,"href":"https:\/\/dicodusport.fr\/blog\/wp-json\/wp\/v2\/users\/4"}],"replies":[{"embeddable":true,"href":"https:\/\/dicodusport.fr\/blog\/wp-json\/wp\/v2\/comments?post=14172"}],"version-history":[{"count":0,"href":"https:\/\/dicodusport.fr\/blog\/wp-json\/wp\/v2\/posts\/14172\/revisions"}],"wp:featuredmedia":[{"embeddable":true,"href":"https:\/\/dicodusport.fr\/blog\/wp-json\/wp\/v2\/media\/14173"}],"wp:attachment":[{"href":"https:\/\/dicodusport.fr\/blog\/wp-json\/wp\/v2\/media?parent=14172"}],"wp:term":[{"taxonomy":"category","embeddable":true,"href":"https:\/\/dicodusport.fr\/blog\/wp-json\/wp\/v2\/categories?post=14172"},{"taxonomy":"post_tag","embeddable":true,"href":"https:\/\/dicodusport.fr\/blog\/wp-json\/wp\/v2\/tags?post=14172"}],"curies":[{"name":"wp","href":"https:\/\/api.w.org\/{rel}","templated":true}]}}