{"id":14188,"date":"2018-03-10T18:17:05","date_gmt":"2018-03-10T17:17:05","guid":{"rendered":"http:\/\/dicodusport.fr\/blog\/?p=14188"},"modified":"2018-03-10T18:37:39","modified_gmt":"2018-03-10T17:37:39","slug":"treve-olympique-chargee-pour-marion-allemoz","status":"publish","type":"post","link":"https:\/\/dicodusport.fr\/blog\/treve-olympique-chargee-pour-marion-allemoz\/","title":{"rendered":"Une tr\u00eave olympique charg\u00e9e pour Marion Allemoz"},"content":{"rendered":"<p class=\"western\" style=\"text-align: justify;\" align=\"justify\"><em><strong>Quelques semaines apr\u00e8s un premier entretien, nous avons de nouveau rencontr\u00e9 la capitaine de l\u2019\u00e9quipe de France de hockey sur glace Marion Allemoz, avant un entra\u00eenement avec les Canadiennes de Montr\u00e9al. Nous sommes revenus avec elle sur les matchs amicaux avec les Bleues pendant la tr\u00eave olympique, les JO, le voyage en Chine avec son club et les Playoffs qui approchent.<\/strong><\/em><\/p>\n<h5 class=\"western\" style=\"text-align: justify;\" align=\"justify\">Bonjour Marion, malheureusement, l\u2019\u00e9quipe de France n\u2019\u00e9tait pas aux JO 2018. Vous avez profit\u00e9 de la tr\u00eave olympique pour affronter 3 fois la Hongrie en amical avec 3 victoires (3-1 et 2 fois 2-1 apr\u00e8s prolongations). Que retiens-tu de ces confrontations contre un adversaire que vous retrouverez dans un mois au Mondial\u00a0?<\/h5>\n<p class=\"western\" style=\"text-align: justify;\" align=\"justify\">Nous \u00e9tions satisfaites de la performance d\u2019ensemble. On a prouv\u00e9 notre force de caract\u00e8re en allant chercher deux fois la prolongation avant de remporter le match. Je pense qu\u2019au fur et \u00e0 mesure des rencontres, on \u00e9tait vraiment mieux au niveau de l\u2019efficacit\u00e9 offensive et sur ce que les coaches attendaient de nous.<\/p>\n<h5 class=\"western\" style=\"text-align: justify;\" align=\"justify\">Et puis, \u00e7a peut permettre d\u2019avoir un petit avantage psychologique en vue du Mondial avec ces trois victoires en 3 matchs.<\/h5>\n<p class=\"western\" style=\"text-align: justify;\" align=\"justify\">C\u2018est s\u00fbr que \u00e7a fait du bien \u00e9tant donn\u00e9 que c\u2019\u00e9tait le dernier tournoi de pr\u00e9paration avant le mondial. Il nous reste 2 matchs de pr\u00e9paration contre l\u2019Allemagne \u00e0 Besan\u00e7on o\u00f9 on pourra se retrouver avec l\u2019\u00e9quipe au complet puisque jusqu\u2019\u00e0 maintenant, il manquait toujours quelques joueuses. L\u00e0, on a une belle \u00e9quipe comp\u00e9titive, donc \u00e7a va \u00eatre int\u00e9ressant de voir ce que \u00e7a va donner avec une bonne pr\u00e9paration.<\/p>\n<h5 class=\"western\" style=\"text-align: justify;\" align=\"justify\">Pour le Mondial D1A (NDLR\u00a0: du 8 au 14 Avril), vous allez jouer \u00e0 domicile, \u00e0 Vaujany. Penses-tu que c\u2019est un avantage en vue du titre et un acc\u00e8s \u00e0 la division sup\u00e9rieure ou qu\u2019au contraire, il y aura plus de pression\u00a0?<\/h5>\n<p class=\"western\" style=\"text-align: justify;\" align=\"justify\">On est habitu\u00e9 car ce n\u2019est pas la premi\u00e8re fois qu\u2019on a un mondial \u00e0 la maison. On a d\u00e9j\u00e0 eu Strasbourg, Caen donc on sait que c\u2019est toujours un plus si il y a du monde qui nous pousse pendant les matchs.<\/p>\n<h5 class=\"western\" style=\"text-align: justify;\" align=\"justify\">Comme on l\u2019a \u00e9voqu\u00e9, les Bleues n\u2019\u00e9taient pas aux Jeux Olympiques. As-tu pu malgr\u00e9 tout suivre l\u2019\u00e9v\u00e8nement, que ce soit pour le hockey ou d\u2019autres disciplines\u00a0?<\/h5>\n<p class=\"western\" style=\"text-align: justify;\" align=\"justify\">Oui, oui, bien s\u00fbr, m\u00eame si entre les entra\u00eenements et le d\u00e9calage horaire, ce n\u2019\u00e9tait pas toujours facile de voir les comp\u00e9titions en direct. Mais en r\u00e8gle g\u00e9n\u00e9ral, j\u2019ai suivi les Jeux et notamment les tournois de hockey.<\/p>\n<h5 class=\"western\" style=\"text-align: justify;\" align=\"justify\">Et qu\u2019as-tu pens\u00e9 du tournoi, ou tout du moins de la finale\u00a0?<\/h5>\n<p class=\"western\" style=\"text-align: justify;\" align=\"justify\">Sur le tournoi en g\u00e9n\u00e9ral, on a eu le r\u00e9sultat auquel on s\u2019attendait. Pour la finale, c\u2019\u00e9tait un beau match de hockey, tr\u00e8s disput\u00e9 mais c\u2019est dommage que ce soit termin\u00e9 en fusillade. Concernant le tournoi masculin, on retiendra le beau parcours des Allemands.<\/p>\n<h5 class=\"western\" style=\"text-align: justify;\" align=\"justify\">Certaines de tes co\u00e9quipi\u00e8res y ont ramen\u00e9 la m\u00e9daille d\u2019argent. As-tu d\u00e9j\u00e0 \u00e9chang\u00e9 avec elles sur cet \u00e9pisode\u00a0?<\/h5>\n<p class=\"western\" style=\"text-align: justify;\" align=\"justify\">Je les ai crois\u00e9es rapidement mais on n\u2019a pas eu trop le temps d\u2019\u00e9changer l\u00e0-dessus. Et puis, c\u2019est aussi le temps pour elles de souffler apr\u00e8s cette longue saison avec l\u2019ann\u00e9e d\u2019entra\u00eenement qui pr\u00e9c\u00e8de les Jeux.<\/p>\n<h5 class=\"western\" style=\"text-align: justify;\" align=\"justify\">Pour en revenir aux Canadiennes, vous \u00eates all\u00e9es faire une tourn\u00e9e de matchs en Chine (NDLR: \u00e0 Shenzhen, face au club du Red Star Kunlun) dans le cadre du championnat. Peux-tu nous parler de cette exp\u00e9rience particuli\u00e8re qui est une 1\u00e8re pour ton club\u00a0?<\/h5>\n<p class=\"western\" style=\"text-align: justify;\" align=\"justify\">C\u2019est s\u00fbr que c\u2019\u00e9tait une belle exp\u00e9rience de pouvoir vivre \u00e7a avec l\u2019\u00e9quipe, surtout que c\u2019\u00e9tait une premi\u00e8re de partir ensemble pendant 7-8 jours. Et puis, il a fallu s\u2019adapter entre la fatigue, le d\u00e9calage horaire et nos 4 matchs en 7 jours. Et moi, en club, je n\u2019avais jamais fait ce genre de choses avant donc c\u2019\u00e9tait une belle exp\u00e9rience. En termes de r\u00e9sultat, c\u2019\u00e9tait d\u00e9cevant car on a pris que 3 points sur 8 possibles, donc les matchs de ce week-end seront important en vue des s\u00e9ries.<\/p>\n<h5 class=\"western\" style=\"text-align: justify;\" align=\"justify\">Du coup, vous affrontez ce week-end Calgary dans un double choc aux allures de Playoffs, mais \u00e9galement sous forme de revanche par rapport \u00e0 votre finale victorieuse de l\u2019an dernier. Est-ce important de prendre un avantage psychologique juste avant les s\u00e9ries\u00a0?<\/h5>\n<p class=\"western\" style=\"text-align: justify;\" align=\"justify\">Un avantage psychologique mais \u00e9galement de la glace car jouer \u00e0 la maison en s\u00e9rie, c\u2019est un plus pour nous donc la double confrontation est importante dans cette optique.<\/p>\n<h5 class=\"western\" style=\"text-align: justify;\" align=\"justify\">Pour le 1<sup>er<\/sup> match contre Calgary, vous allez avoir un maillot rose pour soutenir la lutte contre le cancer du sein. C\u2019est quelque chose qui te tient \u00e0 c\u0153ur\u00a0?<\/h5>\n<p class=\"western\" style=\"text-align: justify;\" align=\"justify\">Je trouve cela vraiment bien de faire un match comme \u00e7a et je ne me fais pas de soucis sur le fait que \u00e7a sera un bel \u00e9v\u00e9nement. J\u2019esp\u00e8re que les spectateurs viendront en grand nombre pour soutenir cette cause.<\/p>\n<h5 class=\"western\" style=\"text-align: justify;\" align=\"justify\">Un dernier mot sur Hilary Knight, la championne olympique am\u00e9ricaine qui vient de signer chez les Canadiennes. Tu la connaissais pour l\u2019avoir peut-\u00eatre d\u00e9j\u00e0 affront\u00e9e sous le maillot bleu ou en club\u00a0? Comment vois-tu son arriv\u00e9e dans votre effectif\u00a0?<\/h5>\n<p class=\"western\" style=\"text-align: justify;\" align=\"justify\">La France n\u2019a jamais rencontr\u00e9 les \u00c9tats-Unis en hockey. Et quand elle jouait \u00e0 Boston en LCHF (NDLR\u00a0: championnat dans lequel \u00e9volue Marion), je ne jouais pas encore aux Canadiennes donc je n\u2019ai jamais eu l\u2019opportunit\u00e9 de l\u2019affronter. C\u2019est s\u00fbr que d\u2019accueillir dans son \u00e9quipe une m\u00e9daill\u00e9e d\u2019or olympique, c\u2019est un gros plus. Elle va \u00eatre d\u2019une grande utilit\u00e9 par son apport offensif pour les s\u00e9ries.<\/p>\n<p align=\"justify\"><em><strong>Damien Meunier<\/strong><br \/>\n<\/em><a href=\"https:\/\/twitter.com\/Lyoson69\"><img loading=\"lazy\" decoding=\"async\" class=\"alignnone wp-image-2908\" src=\"http:\/\/dicodusport.fr\/blog\/wp-content\/uploads\/2017\/07\/logo-twitter-150x150.png\" alt=\"\" width=\"39\" height=\"39\" \/><\/a><\/p>\n<p class=\"western\" style=\"text-align: justify;\" align=\"justify\">\n","protected":false},"excerpt":{"rendered":"<p>Quelques semaines apr\u00e8s un premier entretien, nous avons de nouveau rencontr\u00e9 la capitaine de l\u2019\u00e9quipe de France de hockey sur glace Marion Allemoz, avant un entra\u00eenement avec les Canadiennes de Montr\u00e9al. Nous sommes revenus avec elle sur les matchs amicaux avec les Bleues pendant la tr\u00eave olympique, les JO, le voyage en Chine avec son club et les Playoffs qui approchent.<\/p>\n","protected":false},"author":10,"featured_media":14216,"comment_status":"open","ping_status":"closed","sticky":false,"template":"","format":"standard","meta":{"_acf_changed":false,"_daextam_enable_autolinks":"","footnotes":""},"categories":[2,2313],"tags":[199],"class_list":["post-14188","post","type-post","status-publish","format-standard","has-post-thumbnail","hentry","category-actualites","category-sports-dhiver","tag-equipe-de-france"],"acf":[],"yoast_head":"<!-- This site is optimized with the Yoast SEO Premium plugin v26.7 (Yoast SEO v26.7) - https:\/\/yoast.com\/wordpress\/plugins\/seo\/ -->\n<title>Une tr\u00eave olympique charg\u00e9e pour Marion Allemoz<\/title>\n<meta name=\"description\" content=\"Quelques semaines apr\u00e8s un premier entretien, nous avons de nouveau rencontr\u00e9 la capitaine de l\u2019\u00e9quipe de France de hockey sur glace Marion Allemoz, avant un entra\u00eenement avec les Canadiennes de Montr\u00e9al.\" \/>\n<meta name=\"robots\" content=\"index, follow, max-snippet:-1, max-image-preview:large, max-video-preview:-1\" \/>\n<link rel=\"canonical\" href=\"https:\/\/dicodusport.fr\/blog\/treve-olympique-chargee-pour-marion-allemoz\/\" \/>\n<meta property=\"og:locale\" content=\"fr_FR\" \/>\n<meta property=\"og:type\" content=\"article\" \/>\n<meta property=\"og:title\" content=\"Une tr\u00eave olympique charg\u00e9e pour Marion Allemoz\" \/>\n<meta property=\"og:description\" content=\"Quelques semaines apr\u00e8s un premier entretien, nous avons de nouveau rencontr\u00e9 la capitaine de l\u2019\u00e9quipe de France de hockey sur glace Marion Allemoz, avant un entra\u00eenement avec les Canadiennes de Montr\u00e9al.\" \/>\n<meta property=\"og:url\" content=\"https:\/\/dicodusport.fr\/blog\/treve-olympique-chargee-pour-marion-allemoz\/\" \/>\n<meta property=\"og:site_name\" content=\"Dicodusport\" \/>\n<meta property=\"article:publisher\" content=\"https:\/\/www.facebook.com\/dicodusport\" \/>\n<meta property=\"article:published_time\" content=\"2018-03-10T17:17:05+00:00\" \/>\n<meta property=\"article:modified_time\" content=\"2018-03-10T17:37:39+00:00\" \/>\n<meta property=\"og:image\" content=\"https:\/\/dicodusport.fr\/blog\/wp-content\/uploads\/2018\/03\/Marion-Allemoz.png\" \/>\n\t<meta property=\"og:image:width\" content=\"800\" \/>\n\t<meta property=\"og:image:height\" content=\"445\" \/>\n\t<meta property=\"og:image:type\" content=\"image\/png\" \/>\n<meta name=\"author\" content=\"Damien Meunier\" \/>\n<meta name=\"twitter:card\" content=\"summary_large_image\" \/>\n<meta name=\"twitter:creator\" content=\"@https:\/\/x.com\/DamienMeunier69\" \/>\n<meta name=\"twitter:site\" content=\"@dicodusport\" \/>\n<script type=\"application\/ld+json\" class=\"yoast-schema-graph\">{\"@context\":\"https:\/\/schema.org\",\"@graph\":[{\"@type\":\"NewsArticle\",\"@id\":\"https:\/\/dicodusport.fr\/blog\/treve-olympique-chargee-pour-marion-allemoz\/#article\",\"isPartOf\":{\"@id\":\"https:\/\/dicodusport.fr\/blog\/treve-olympique-chargee-pour-marion-allemoz\/\"},\"author\":{\"name\":\"Damien Meunier\",\"@id\":\"https:\/\/dicodusport.fr\/blog\/#\/schema\/person\/7ce262eb34bbc1847cff5f60345d4735\"},\"headline\":\"Une tr\u00eave olympique charg\u00e9e pour Marion Allemoz\",\"datePublished\":\"2018-03-10T17:17:05+00:00\",\"dateModified\":\"2018-03-10T17:37:39+00:00\",\"mainEntityOfPage\":{\"@id\":\"https:\/\/dicodusport.fr\/blog\/treve-olympique-chargee-pour-marion-allemoz\/\"},\"wordCount\":1004,\"commentCount\":0,\"publisher\":{\"@id\":\"https:\/\/dicodusport.fr\/blog\/#organization\"},\"image\":{\"@id\":\"https:\/\/dicodusport.fr\/blog\/treve-olympique-chargee-pour-marion-allemoz\/#primaryimage\"},\"thumbnailUrl\":\"https:\/\/dicodusport.fr\/blog\/wp-content\/uploads\/2018\/03\/Marion-Allemoz.png\",\"keywords\":[\"\u00c9quipe de France\"],\"articleSection\":[\"Actualit\u00e9s\",\"Sports d'hiver\"],\"inLanguage\":\"fr-FR\",\"potentialAction\":[{\"@type\":\"CommentAction\",\"name\":\"Comment\",\"target\":[\"https:\/\/dicodusport.fr\/blog\/treve-olympique-chargee-pour-marion-allemoz\/#respond\"]}],\"copyrightYear\":\"2018\",\"copyrightHolder\":{\"@id\":\"https:\/\/dicodusport.fr\/blog\/#organization\"}},{\"@type\":\"WebPage\",\"@id\":\"https:\/\/dicodusport.fr\/blog\/treve-olympique-chargee-pour-marion-allemoz\/\",\"url\":\"https:\/\/dicodusport.fr\/blog\/treve-olympique-chargee-pour-marion-allemoz\/\",\"name\":\"Une tr\u00eave olympique charg\u00e9e pour Marion Allemoz\",\"isPartOf\":{\"@id\":\"https:\/\/dicodusport.fr\/blog\/#website\"},\"primaryImageOfPage\":{\"@id\":\"https:\/\/dicodusport.fr\/blog\/treve-olympique-chargee-pour-marion-allemoz\/#primaryimage\"},\"image\":{\"@id\":\"https:\/\/dicodusport.fr\/blog\/treve-olympique-chargee-pour-marion-allemoz\/#primaryimage\"},\"thumbnailUrl\":\"https:\/\/dicodusport.fr\/blog\/wp-content\/uploads\/2018\/03\/Marion-Allemoz.png\",\"datePublished\":\"2018-03-10T17:17:05+00:00\",\"dateModified\":\"2018-03-10T17:37:39+00:00\",\"description\":\"Quelques semaines apr\u00e8s un premier entretien, nous avons de nouveau rencontr\u00e9 la capitaine de l\u2019\u00e9quipe de France de hockey sur glace Marion Allemoz, avant un entra\u00eenement avec les Canadiennes de Montr\u00e9al.\",\"breadcrumb\":{\"@id\":\"https:\/\/dicodusport.fr\/blog\/treve-olympique-chargee-pour-marion-allemoz\/#breadcrumb\"},\"inLanguage\":\"fr-FR\",\"potentialAction\":[{\"@type\":\"ReadAction\",\"target\":[\"https:\/\/dicodusport.fr\/blog\/treve-olympique-chargee-pour-marion-allemoz\/\"]}]},{\"@type\":\"ImageObject\",\"inLanguage\":\"fr-FR\",\"@id\":\"https:\/\/dicodusport.fr\/blog\/treve-olympique-chargee-pour-marion-allemoz\/#primaryimage\",\"url\":\"https:\/\/dicodusport.fr\/blog\/wp-content\/uploads\/2018\/03\/Marion-Allemoz.png\",\"contentUrl\":\"https:\/\/dicodusport.fr\/blog\/wp-content\/uploads\/2018\/03\/Marion-Allemoz.png\",\"width\":800,\"height\":445},{\"@type\":\"BreadcrumbList\",\"@id\":\"https:\/\/dicodusport.fr\/blog\/treve-olympique-chargee-pour-marion-allemoz\/#breadcrumb\",\"itemListElement\":[{\"@type\":\"ListItem\",\"position\":1,\"name\":\"Accueil\",\"item\":\"https:\/\/dicodusport.fr\/blog\/\"},{\"@type\":\"ListItem\",\"position\":2,\"name\":\"Une tr\u00eave olympique charg\u00e9e pour Marion Allemoz\"}]},{\"@type\":\"WebSite\",\"@id\":\"https:\/\/dicodusport.fr\/blog\/#website\",\"url\":\"https:\/\/dicodusport.fr\/blog\/\",\"name\":\"Dicodusport\",\"description\":\"L&#039;encyclop\u00e9die de l&#039;actualit\u00e9 sportive\",\"publisher\":{\"@id\":\"https:\/\/dicodusport.fr\/blog\/#organization\"},\"potentialAction\":[{\"@type\":\"SearchAction\",\"target\":{\"@type\":\"EntryPoint\",\"urlTemplate\":\"https:\/\/dicodusport.fr\/blog\/?s={search_term_string}\"},\"query-input\":{\"@type\":\"PropertyValueSpecification\",\"valueRequired\":true,\"valueName\":\"search_term_string\"}}],\"inLanguage\":\"fr-FR\"},{\"@type\":\"NewsMediaOrganization\",\"@id\":\"https:\/\/dicodusport.fr\/blog\/#organization\",\"name\":\"Dicodusport\",\"url\":\"https:\/\/dicodusport.fr\/blog\/\",\"logo\":{\"@type\":\"ImageObject\",\"inLanguage\":\"fr-FR\",\"@id\":\"https:\/\/dicodusport.fr\/blog\/#\/schema\/logo\/image\/\",\"url\":\"https:\/\/dicodusport.fr\/blog\/wp-content\/uploads\/2020\/06\/cropped-LOGO-DICODUSPORT-2020-SANS-FOND-SANS-TEXTE.png\",\"contentUrl\":\"https:\/\/dicodusport.fr\/blog\/wp-content\/uploads\/2020\/06\/cropped-LOGO-DICODUSPORT-2020-SANS-FOND-SANS-TEXTE.png\",\"width\":512,\"height\":512,\"caption\":\"Dicodusport\"},\"image\":{\"@id\":\"https:\/\/dicodusport.fr\/blog\/#\/schema\/logo\/image\/\"},\"sameAs\":[\"https:\/\/www.facebook.com\/dicodusport\",\"https:\/\/x.com\/dicodusport\",\"https:\/\/www.instagram.com\/dicodusport\/\",\"https:\/\/www.youtube.com\/channel\/UC7V2KZ5sd3htJivAbA4ZG3w\"],\"description\":\"Dicodusport est l'encyclop\u00e9die de l'actualit\u00e9 sportive.\",\"email\":\"bonjour@dicodusport.fr\",\"legalName\":\"DICODUSPORT\",\"foundingDate\":\"2018-01-14\",\"vatID\":\"FR71834470973\",\"taxID\":\"83447097300043\",\"numberOfEmployees\":{\"@type\":\"QuantitativeValue\",\"minValue\":\"1\",\"maxValue\":\"10\"}},{\"@type\":\"Person\",\"@id\":\"https:\/\/dicodusport.fr\/blog\/#\/schema\/person\/7ce262eb34bbc1847cff5f60345d4735\",\"name\":\"Damien Meunier\",\"image\":{\"@type\":\"ImageObject\",\"inLanguage\":\"fr-FR\",\"@id\":\"https:\/\/dicodusport.fr\/blog\/#\/schema\/person\/image\/\",\"url\":\"https:\/\/secure.gravatar.com\/avatar\/dfe0549a73ac21bb20dfdf302b222ba2?s=96&d=wp_user_avatar&r=g\",\"contentUrl\":\"https:\/\/secure.gravatar.com\/avatar\/dfe0549a73ac21bb20dfdf302b222ba2?s=96&d=wp_user_avatar&r=g\",\"caption\":\"Damien Meunier\"},\"description\":\"Journaliste\/r\u00e9dacteur depuis d\u00e9cembre 2016 - Amateur professionnel de sport, d\u2019abord le football, j\u2019aurais pu en faire mon m\u00e9tier. Mais bon, vous savez les \u2026 non, pas les crois\u00e9s, ils vont bien eux. Juste un manque de talent, de technique et de niveau surtout. Mais cette passion est ancr\u00e9e en moi telle la pomme dans la tarte tatin. Le c\u00f4t\u00e9 suiveur\/supporter est \u00e9videmment important au quotidien, que ce soit un soir de juillet 1998 en banlieue lyonnaise ou de juillet 2018 \u00e0 Montr\u00e9al. Car oui, depuis ma France natale, j\u2019ai migr\u00e9 outre-Atlantique, au pays des caribous. L\u00e0, le football se joue \u00e0 la main et non au pied. Et surtout, la religion sportive est plut\u00f4t froide et se joue avec une crosse. Non, ce n\u2019est pas le curling ni le Lacrosse, encore que, mais le hockey sur glace. Une autre vision, une autre culture. On troque les crudit\u00e9s devant la t\u00e9l\u00e9 pour une poutine et on s\u2019installe avec notre chandail pour suivre cela. Et en moins de temps qu\u2019il ne faut pour le dire, ou la vitesse d\u2019un slap shot de McDavid ou un arr\u00eat de la mitaine de Price, j\u2019\u00e9cris sur de l\u2019actualit\u00e9 par ici mais aussi le sport f\u00e9minin, pas assez mis en avant.\",\"sameAs\":[\"https:\/\/x.com\/https:\/\/x.com\/DamienMeunier69\"],\"url\":\"https:\/\/dicodusport.fr\/blog\/author\/damien-m\/\"}]}<\/script>\n<!-- \/ Yoast SEO Premium plugin. -->","yoast_head_json":{"title":"Une tr\u00eave olympique charg\u00e9e pour Marion Allemoz","description":"Quelques semaines apr\u00e8s un premier entretien, nous avons de nouveau rencontr\u00e9 la capitaine de l\u2019\u00e9quipe de France de hockey sur glace Marion Allemoz, avant un entra\u00eenement avec les Canadiennes de Montr\u00e9al.","robots":{"index":"index","follow":"follow","max-snippet":"max-snippet:-1","max-image-preview":"max-image-preview:large","max-video-preview":"max-video-preview:-1"},"canonical":"https:\/\/dicodusport.fr\/blog\/treve-olympique-chargee-pour-marion-allemoz\/","og_locale":"fr_FR","og_type":"article","og_title":"Une tr\u00eave olympique charg\u00e9e pour Marion Allemoz","og_description":"Quelques semaines apr\u00e8s un premier entretien, nous avons de nouveau rencontr\u00e9 la capitaine de l\u2019\u00e9quipe de France de hockey sur glace Marion Allemoz, avant un entra\u00eenement avec les Canadiennes de Montr\u00e9al.","og_url":"https:\/\/dicodusport.fr\/blog\/treve-olympique-chargee-pour-marion-allemoz\/","og_site_name":"Dicodusport","article_publisher":"https:\/\/www.facebook.com\/dicodusport","article_published_time":"2018-03-10T17:17:05+00:00","article_modified_time":"2018-03-10T17:37:39+00:00","og_image":[{"width":800,"height":445,"url":"https:\/\/dicodusport.fr\/blog\/wp-content\/uploads\/2018\/03\/Marion-Allemoz.png","type":"image\/png"}],"author":"Damien Meunier","twitter_card":"summary_large_image","twitter_creator":"@https:\/\/x.com\/DamienMeunier69","twitter_site":"@dicodusport","schema":{"@context":"https:\/\/schema.org","@graph":[{"@type":"NewsArticle","@id":"https:\/\/dicodusport.fr\/blog\/treve-olympique-chargee-pour-marion-allemoz\/#article","isPartOf":{"@id":"https:\/\/dicodusport.fr\/blog\/treve-olympique-chargee-pour-marion-allemoz\/"},"author":{"name":"Damien Meunier","@id":"https:\/\/dicodusport.fr\/blog\/#\/schema\/person\/7ce262eb34bbc1847cff5f60345d4735"},"headline":"Une tr\u00eave olympique charg\u00e9e pour Marion Allemoz","datePublished":"2018-03-10T17:17:05+00:00","dateModified":"2018-03-10T17:37:39+00:00","mainEntityOfPage":{"@id":"https:\/\/dicodusport.fr\/blog\/treve-olympique-chargee-pour-marion-allemoz\/"},"wordCount":1004,"commentCount":0,"publisher":{"@id":"https:\/\/dicodusport.fr\/blog\/#organization"},"image":{"@id":"https:\/\/dicodusport.fr\/blog\/treve-olympique-chargee-pour-marion-allemoz\/#primaryimage"},"thumbnailUrl":"https:\/\/dicodusport.fr\/blog\/wp-content\/uploads\/2018\/03\/Marion-Allemoz.png","keywords":["\u00c9quipe de France"],"articleSection":["Actualit\u00e9s","Sports d'hiver"],"inLanguage":"fr-FR","potentialAction":[{"@type":"CommentAction","name":"Comment","target":["https:\/\/dicodusport.fr\/blog\/treve-olympique-chargee-pour-marion-allemoz\/#respond"]}],"copyrightYear":"2018","copyrightHolder":{"@id":"https:\/\/dicodusport.fr\/blog\/#organization"}},{"@type":"WebPage","@id":"https:\/\/dicodusport.fr\/blog\/treve-olympique-chargee-pour-marion-allemoz\/","url":"https:\/\/dicodusport.fr\/blog\/treve-olympique-chargee-pour-marion-allemoz\/","name":"Une tr\u00eave olympique charg\u00e9e pour Marion Allemoz","isPartOf":{"@id":"https:\/\/dicodusport.fr\/blog\/#website"},"primaryImageOfPage":{"@id":"https:\/\/dicodusport.fr\/blog\/treve-olympique-chargee-pour-marion-allemoz\/#primaryimage"},"image":{"@id":"https:\/\/dicodusport.fr\/blog\/treve-olympique-chargee-pour-marion-allemoz\/#primaryimage"},"thumbnailUrl":"https:\/\/dicodusport.fr\/blog\/wp-content\/uploads\/2018\/03\/Marion-Allemoz.png","datePublished":"2018-03-10T17:17:05+00:00","dateModified":"2018-03-10T17:37:39+00:00","description":"Quelques semaines apr\u00e8s un premier entretien, nous avons de nouveau rencontr\u00e9 la capitaine de l\u2019\u00e9quipe de France de hockey sur glace Marion Allemoz, avant un entra\u00eenement avec les Canadiennes de Montr\u00e9al.","breadcrumb":{"@id":"https:\/\/dicodusport.fr\/blog\/treve-olympique-chargee-pour-marion-allemoz\/#breadcrumb"},"inLanguage":"fr-FR","potentialAction":[{"@type":"ReadAction","target":["https:\/\/dicodusport.fr\/blog\/treve-olympique-chargee-pour-marion-allemoz\/"]}]},{"@type":"ImageObject","inLanguage":"fr-FR","@id":"https:\/\/dicodusport.fr\/blog\/treve-olympique-chargee-pour-marion-allemoz\/#primaryimage","url":"https:\/\/dicodusport.fr\/blog\/wp-content\/uploads\/2018\/03\/Marion-Allemoz.png","contentUrl":"https:\/\/dicodusport.fr\/blog\/wp-content\/uploads\/2018\/03\/Marion-Allemoz.png","width":800,"height":445},{"@type":"BreadcrumbList","@id":"https:\/\/dicodusport.fr\/blog\/treve-olympique-chargee-pour-marion-allemoz\/#breadcrumb","itemListElement":[{"@type":"ListItem","position":1,"name":"Accueil","item":"https:\/\/dicodusport.fr\/blog\/"},{"@type":"ListItem","position":2,"name":"Une tr\u00eave olympique charg\u00e9e pour Marion Allemoz"}]},{"@type":"WebSite","@id":"https:\/\/dicodusport.fr\/blog\/#website","url":"https:\/\/dicodusport.fr\/blog\/","name":"Dicodusport","description":"L&#039;encyclop\u00e9die de l&#039;actualit\u00e9 sportive","publisher":{"@id":"https:\/\/dicodusport.fr\/blog\/#organization"},"potentialAction":[{"@type":"SearchAction","target":{"@type":"EntryPoint","urlTemplate":"https:\/\/dicodusport.fr\/blog\/?s={search_term_string}"},"query-input":{"@type":"PropertyValueSpecification","valueRequired":true,"valueName":"search_term_string"}}],"inLanguage":"fr-FR"},{"@type":"NewsMediaOrganization","@id":"https:\/\/dicodusport.fr\/blog\/#organization","name":"Dicodusport","url":"https:\/\/dicodusport.fr\/blog\/","logo":{"@type":"ImageObject","inLanguage":"fr-FR","@id":"https:\/\/dicodusport.fr\/blog\/#\/schema\/logo\/image\/","url":"https:\/\/dicodusport.fr\/blog\/wp-content\/uploads\/2020\/06\/cropped-LOGO-DICODUSPORT-2020-SANS-FOND-SANS-TEXTE.png","contentUrl":"https:\/\/dicodusport.fr\/blog\/wp-content\/uploads\/2020\/06\/cropped-LOGO-DICODUSPORT-2020-SANS-FOND-SANS-TEXTE.png","width":512,"height":512,"caption":"Dicodusport"},"image":{"@id":"https:\/\/dicodusport.fr\/blog\/#\/schema\/logo\/image\/"},"sameAs":["https:\/\/www.facebook.com\/dicodusport","https:\/\/x.com\/dicodusport","https:\/\/www.instagram.com\/dicodusport\/","https:\/\/www.youtube.com\/channel\/UC7V2KZ5sd3htJivAbA4ZG3w"],"description":"Dicodusport est l'encyclop\u00e9die de l'actualit\u00e9 sportive.","email":"bonjour@dicodusport.fr","legalName":"DICODUSPORT","foundingDate":"2018-01-14","vatID":"FR71834470973","taxID":"83447097300043","numberOfEmployees":{"@type":"QuantitativeValue","minValue":"1","maxValue":"10"}},{"@type":"Person","@id":"https:\/\/dicodusport.fr\/blog\/#\/schema\/person\/7ce262eb34bbc1847cff5f60345d4735","name":"Damien Meunier","image":{"@type":"ImageObject","inLanguage":"fr-FR","@id":"https:\/\/dicodusport.fr\/blog\/#\/schema\/person\/image\/","url":"https:\/\/secure.gravatar.com\/avatar\/dfe0549a73ac21bb20dfdf302b222ba2?s=96&d=wp_user_avatar&r=g","contentUrl":"https:\/\/secure.gravatar.com\/avatar\/dfe0549a73ac21bb20dfdf302b222ba2?s=96&d=wp_user_avatar&r=g","caption":"Damien Meunier"},"description":"Journaliste\/r\u00e9dacteur depuis d\u00e9cembre 2016 - Amateur professionnel de sport, d\u2019abord le football, j\u2019aurais pu en faire mon m\u00e9tier. Mais bon, vous savez les \u2026 non, pas les crois\u00e9s, ils vont bien eux. Juste un manque de talent, de technique et de niveau surtout. Mais cette passion est ancr\u00e9e en moi telle la pomme dans la tarte tatin. Le c\u00f4t\u00e9 suiveur\/supporter est \u00e9videmment important au quotidien, que ce soit un soir de juillet 1998 en banlieue lyonnaise ou de juillet 2018 \u00e0 Montr\u00e9al. Car oui, depuis ma France natale, j\u2019ai migr\u00e9 outre-Atlantique, au pays des caribous. L\u00e0, le football se joue \u00e0 la main et non au pied. Et surtout, la religion sportive est plut\u00f4t froide et se joue avec une crosse. Non, ce n\u2019est pas le curling ni le Lacrosse, encore que, mais le hockey sur glace. Une autre vision, une autre culture. On troque les crudit\u00e9s devant la t\u00e9l\u00e9 pour une poutine et on s\u2019installe avec notre chandail pour suivre cela. Et en moins de temps qu\u2019il ne faut pour le dire, ou la vitesse d\u2019un slap shot de McDavid ou un arr\u00eat de la mitaine de Price, j\u2019\u00e9cris sur de l\u2019actualit\u00e9 par ici mais aussi le sport f\u00e9minin, pas assez mis en avant.","sameAs":["https:\/\/x.com\/https:\/\/x.com\/DamienMeunier69"],"url":"https:\/\/dicodusport.fr\/blog\/author\/damien-m\/"}]}},"_links":{"self":[{"href":"https:\/\/dicodusport.fr\/blog\/wp-json\/wp\/v2\/posts\/14188","targetHints":{"allow":["GET"]}}],"collection":[{"href":"https:\/\/dicodusport.fr\/blog\/wp-json\/wp\/v2\/posts"}],"about":[{"href":"https:\/\/dicodusport.fr\/blog\/wp-json\/wp\/v2\/types\/post"}],"author":[{"embeddable":true,"href":"https:\/\/dicodusport.fr\/blog\/wp-json\/wp\/v2\/users\/10"}],"replies":[{"embeddable":true,"href":"https:\/\/dicodusport.fr\/blog\/wp-json\/wp\/v2\/comments?post=14188"}],"version-history":[{"count":0,"href":"https:\/\/dicodusport.fr\/blog\/wp-json\/wp\/v2\/posts\/14188\/revisions"}],"wp:featuredmedia":[{"embeddable":true,"href":"https:\/\/dicodusport.fr\/blog\/wp-json\/wp\/v2\/media\/14216"}],"wp:attachment":[{"href":"https:\/\/dicodusport.fr\/blog\/wp-json\/wp\/v2\/media?parent=14188"}],"wp:term":[{"taxonomy":"category","embeddable":true,"href":"https:\/\/dicodusport.fr\/blog\/wp-json\/wp\/v2\/categories?post=14188"},{"taxonomy":"post_tag","embeddable":true,"href":"https:\/\/dicodusport.fr\/blog\/wp-json\/wp\/v2\/tags?post=14188"}],"curies":[{"name":"wp","href":"https:\/\/api.w.org\/{rel}","templated":true}]}}