{"id":142308,"date":"2021-06-26T14:55:06","date_gmt":"2021-06-26T12:55:06","guid":{"rendered":"https:\/\/dicodusport.fr\/blog\/?p=142308&#038;preview=true&#038;preview_id=142308"},"modified":"2021-06-26T16:24:45","modified_gmt":"2021-06-26T14:24:45","slug":"motogp-grand-prix-des-pays-bas-maverick-vinales-en-pole-position-devant-quartararo","status":"publish","type":"post","link":"https:\/\/dicodusport.fr\/blog\/motogp-grand-prix-des-pays-bas-maverick-vinales-en-pole-position-devant-quartararo\/","title":{"rendered":"Grand Prix des Pays-Bas : Maverick Vi\u00f1ales en pole position devant Quartararo"},"content":{"rendered":"<p style=\"text-align: justify;\"><strong><em><a href=\"https:\/\/dicodusport.fr\/blog\/motogp-grand-prix-pays-bas-2021-horaires-et-programme-tv-complet\/\">MOTOGP &#8211; GRAND PRIX DES PAYS-BAS<\/a> &#8211; En difficult\u00e9 en Allemagne, Maverick Vi\u00f1ales (Yamaha) a d\u00e9croch\u00e9 la pole position ce samedi \u00e0 Assen. L&rsquo;Espagnol devance son co\u00e9quipier Fabio Quartararo. Francesco Bagnaia (Ducati) compl\u00e8te la premi\u00e8re ligne. Johann Zarco (Pramac) s&rsquo;\u00e9lancera depuis la 5\u00e8me place.<\/em><\/strong><\/p>\n<p style=\"text-align: justify;\"><strong>Maverick Vi\u00f1ales<\/strong> respire ! Co\u00e9quipier de <strong>Fabio Quartararo<\/strong> chez Yamaha Factory, l&rsquo;Espagnol est en grande difficult\u00e9 depuis quelques semaines, avec une derni\u00e8re place la semaine pass\u00e9e en Allemagne. Ce samedi, il a remis l&rsquo;\u00e9glise au milieu du village, en d\u00e9crochant la pole position lors des qualifications du <strong>Grand Prix des Pays-Bas<\/strong>. Surtout, le pilote de 26 ans a parfaitement r\u00e9pondu au Fran\u00e7ais, puisque ce dernier avait battu, en premier, le record du tour en Q2. Avant que <strong>Vi\u00f1ales<\/strong> ne r\u00e9plique avec la mani\u00e8re, en 1:31.814. Une pole position synonyme de respiration donc pour l&rsquo;Espagnol.<\/p>\n<p style=\"text-align: justify;\">Deuxi\u00e8me, <strong>Fabio Quartararo<\/strong> va s&rsquo;\u00e9lancer pour la 30\u00e8me fois en premi\u00e8re ligne, le tout en 42 d\u00e9parts en MotoGP, excusez du peu. <strong>Bagnaia<\/strong> (Ducati) et <strong>Nakagami<\/strong> (LCR Honda) suivent, devant un <strong>Johann Zarco<\/strong> (Pramac) qui a d\u00fb passer par la Q1, avec le meilleur temps en prime, et qui se satisfera sans doute d&rsquo;une 5\u00e8me place sur la grille.<\/p>\n<h2 style=\"text-align: justify;\"><strong>Marquez \u00e0 la trappe<\/strong><\/h2>\n<p style=\"text-align: justify;\">Vainqueur en Allemagne, <strong>Marc Marquez<\/strong> (Honda) est \u00e0 la peine aux Pays-Bas. Apr\u00e8s une chute lors des EL2, il a de nouveau termin\u00e9 dans les graviers en Q1. R\u00e9sultat, il s&rsquo;\u00e9lancera loin, tr\u00e8s loin, avec une 20\u00e8me place sur la grille. Les Suzuki de <strong>Rins<\/strong> et <strong>Mir<\/strong> partiront respectivement en 7\u00e8me et 10\u00e8me position.<\/p>\n<blockquote class=\"twitter-tweet\">\n<p dir=\"ltr\" lang=\"fr\">Maverick Vi\u00f1ales d\u00e9croche la pole ! &#x1f51d; <a href=\"https:\/\/twitter.com\/hashtag\/DutchGP?src=hash&amp;ref_src=twsrc%5Etfw\">#DutchGP<\/a><\/p>\n<p>&#x1f44f; Le pilote Yamaha r\u00e9pond de la meilleure des mani\u00e8res apr\u00e8s un GP d&rsquo;Allemagne tr\u00e8s compliqu\u00e9<\/p>\n<p>&#x1f4aa; Il devance Fabio Quartararo et Francesco Bagnaia, Zarco partira 5\u00e8me demain <a href=\"https:\/\/t.co\/5au4HI1FCf\">pic.twitter.com\/5au4HI1FCf<\/a><\/p>\n<p>\u2014 CANAL+ MotoGP&#x2122; (@CanalplusMotoGP) <a href=\"https:\/\/twitter.com\/CanalplusMotoGP\/status\/1408771214651367429?ref_src=twsrc%5Etfw\">June 26, 2021<\/a><\/p><\/blockquote>\n<p><script async src=\"https:\/\/platform.twitter.com\/widgets.js\" charset=\"utf-8\"><\/script><\/p>\n<ul>\n<li style=\"text-align: justify;\"><strong>\u00c0 lire aussi &#8211; <a href=\"https:\/\/dicodusport.fr\/blog\/motogp-grand-prix-pays-bas-2021-grille-de-depart\/\">Le grille de d\u00e9part du Grand Prix des Pays-Bas<\/a><\/strong><\/li>\n<\/ul>\n","protected":false},"excerpt":{"rendered":"<p>MOTOGP &#8211; GRAND PRIX DES PAYS-BAS &#8211; En difficult\u00e9 en Allemagne, Maverick Vi\u00f1ales (Yamaha) a d\u00e9croch\u00e9 la pole position ce samedi \u00e0 Assen. L&rsquo;Espagnol devance son co\u00e9quipier Fabio Quartararo. Francesco Bagnaia (Ducati) compl\u00e8te la premi\u00e8re ligne. Johann Zarco (Pramac) s&rsquo;\u00e9lancera depuis la 5\u00e8me place.<\/p>\n","protected":false},"author":4,"featured_media":133389,"comment_status":"open","ping_status":"closed","sticky":false,"template":"","format":"standard","meta":{"_acf_changed":false,"_daextam_enable_autolinks":"","footnotes":""},"categories":[47087],"tags":[17577,17576],"class_list":["post-142308","post","type-post","status-publish","format-standard","has-post-thumbnail","hentry","category-motogp","tag-grand-prix-des-pays-bas-motogp","tag-motogp-pays-bas"],"acf":[],"yoast_head":"<!-- This site is optimized with the Yoast SEO Premium plugin v26.7 (Yoast SEO v26.7) - https:\/\/yoast.com\/wordpress\/plugins\/seo\/ -->\n<title>Grand Prix des Pays-Bas : Maverick Vi\u00f1ales en pole position devant Quartararo<\/title>\n<meta name=\"description\" content=\"MOTOGP - GRAND PRIX DES PAYS-BAS - En difficult\u00e9 en Allemagne, Maverick Vi\u00f1ales (Yamaha) a d\u00e9croch\u00e9 la pole position ce samedi \u00e0 Assen.\" \/>\n<meta name=\"robots\" content=\"index, follow, max-snippet:-1, max-image-preview:large, max-video-preview:-1\" \/>\n<link rel=\"canonical\" href=\"https:\/\/dicodusport.fr\/blog\/motogp-grand-prix-des-pays-bas-maverick-vinales-en-pole-position-devant-quartararo\/\" \/>\n<meta property=\"og:locale\" content=\"fr_FR\" \/>\n<meta property=\"og:type\" content=\"article\" \/>\n<meta property=\"og:title\" content=\"Grand Prix des Pays-Bas : Maverick Vi\u00f1ales en pole position devant Quartararo\" \/>\n<meta property=\"og:description\" content=\"MOTOGP - GRAND PRIX DES PAYS-BAS - En difficult\u00e9 en Allemagne, Maverick Vi\u00f1ales (Yamaha) a d\u00e9croch\u00e9 la pole position ce samedi \u00e0 Assen.\" \/>\n<meta property=\"og:url\" content=\"https:\/\/dicodusport.fr\/blog\/motogp-grand-prix-des-pays-bas-maverick-vinales-en-pole-position-devant-quartararo\/\" \/>\n<meta property=\"og:site_name\" content=\"Dicodusport\" \/>\n<meta property=\"article:publisher\" content=\"https:\/\/www.facebook.com\/dicodusport\" \/>\n<meta property=\"article:author\" content=\"https:\/\/www.facebook.com\/florent.ostermann\" \/>\n<meta property=\"article:published_time\" content=\"2021-06-26T12:55:06+00:00\" \/>\n<meta property=\"article:modified_time\" content=\"2021-06-26T14:24:45+00:00\" \/>\n<meta property=\"og:image\" content=\"https:\/\/dicodusport.fr\/blog\/wp-content\/uploads\/2021\/05\/Grand-Prix-dItalie-Maverick-Vinales-meilleur-temps-des-FP1-devant-Johann-Zarco.png\" \/>\n\t<meta property=\"og:image:width\" content=\"800\" \/>\n\t<meta property=\"og:image:height\" content=\"445\" \/>\n\t<meta property=\"og:image:type\" content=\"image\/png\" \/>\n<meta name=\"author\" content=\"Flo Ostermann\" \/>\n<meta name=\"twitter:card\" content=\"summary_large_image\" \/>\n<meta name=\"twitter:title\" content=\"Grand Prix des Pays-Bas : Maverick Vi\u00f1ales en pole position devant Quartararo\" \/>\n<meta name=\"twitter:creator\" content=\"@https:\/\/twitter.com\/FlOstermann\" \/>\n<meta name=\"twitter:site\" content=\"@dicodusport\" \/>\n<script type=\"application\/ld+json\" class=\"yoast-schema-graph\">{\"@context\":\"https:\/\/schema.org\",\"@graph\":[{\"@type\":\"NewsArticle\",\"@id\":\"https:\/\/dicodusport.fr\/blog\/motogp-grand-prix-des-pays-bas-maverick-vinales-en-pole-position-devant-quartararo\/#article\",\"isPartOf\":{\"@id\":\"https:\/\/dicodusport.fr\/blog\/motogp-grand-prix-des-pays-bas-maverick-vinales-en-pole-position-devant-quartararo\/\"},\"author\":{\"name\":\"Flo Ostermann\",\"@id\":\"https:\/\/dicodusport.fr\/blog\/#\/schema\/person\/cb02af4c173ce4a653b55e9baf388d4a\"},\"headline\":\"Grand Prix des Pays-Bas : Maverick Vi\u00f1ales en pole position devant Quartararo\",\"datePublished\":\"2021-06-26T12:55:06+00:00\",\"dateModified\":\"2021-06-26T14:24:45+00:00\",\"mainEntityOfPage\":{\"@id\":\"https:\/\/dicodusport.fr\/blog\/motogp-grand-prix-des-pays-bas-maverick-vinales-en-pole-position-devant-quartararo\/\"},\"wordCount\":361,\"commentCount\":0,\"publisher\":{\"@id\":\"https:\/\/dicodusport.fr\/blog\/#organization\"},\"image\":{\"@id\":\"https:\/\/dicodusport.fr\/blog\/motogp-grand-prix-des-pays-bas-maverick-vinales-en-pole-position-devant-quartararo\/#primaryimage\"},\"thumbnailUrl\":\"https:\/\/dicodusport.fr\/blog\/wp-content\/uploads\/2021\/05\/Grand-Prix-dItalie-Maverick-Vinales-meilleur-temps-des-FP1-devant-Johann-Zarco.png\",\"keywords\":[\"Grand Prix des Pays-Bas MotoGP\",\"MotoGP Pays-Bas\"],\"articleSection\":[\"MotoGP\"],\"inLanguage\":\"fr-FR\",\"potentialAction\":[{\"@type\":\"CommentAction\",\"name\":\"Comment\",\"target\":[\"https:\/\/dicodusport.fr\/blog\/motogp-grand-prix-des-pays-bas-maverick-vinales-en-pole-position-devant-quartararo\/#respond\"]}],\"copyrightYear\":\"2021\",\"copyrightHolder\":{\"@id\":\"https:\/\/dicodusport.fr\/blog\/#organization\"}},{\"@type\":\"WebPage\",\"@id\":\"https:\/\/dicodusport.fr\/blog\/motogp-grand-prix-des-pays-bas-maverick-vinales-en-pole-position-devant-quartararo\/\",\"url\":\"https:\/\/dicodusport.fr\/blog\/motogp-grand-prix-des-pays-bas-maverick-vinales-en-pole-position-devant-quartararo\/\",\"name\":\"Grand Prix des Pays-Bas : Maverick Vi\u00f1ales en pole position devant Quartararo\",\"isPartOf\":{\"@id\":\"https:\/\/dicodusport.fr\/blog\/#website\"},\"primaryImageOfPage\":{\"@id\":\"https:\/\/dicodusport.fr\/blog\/motogp-grand-prix-des-pays-bas-maverick-vinales-en-pole-position-devant-quartararo\/#primaryimage\"},\"image\":{\"@id\":\"https:\/\/dicodusport.fr\/blog\/motogp-grand-prix-des-pays-bas-maverick-vinales-en-pole-position-devant-quartararo\/#primaryimage\"},\"thumbnailUrl\":\"https:\/\/dicodusport.fr\/blog\/wp-content\/uploads\/2021\/05\/Grand-Prix-dItalie-Maverick-Vinales-meilleur-temps-des-FP1-devant-Johann-Zarco.png\",\"datePublished\":\"2021-06-26T12:55:06+00:00\",\"dateModified\":\"2021-06-26T14:24:45+00:00\",\"description\":\"MOTOGP - GRAND PRIX DES PAYS-BAS - En difficult\u00e9 en Allemagne, Maverick Vi\u00f1ales (Yamaha) a d\u00e9croch\u00e9 la pole position ce samedi \u00e0 Assen.\",\"breadcrumb\":{\"@id\":\"https:\/\/dicodusport.fr\/blog\/motogp-grand-prix-des-pays-bas-maverick-vinales-en-pole-position-devant-quartararo\/#breadcrumb\"},\"inLanguage\":\"fr-FR\",\"potentialAction\":[{\"@type\":\"ReadAction\",\"target\":[\"https:\/\/dicodusport.fr\/blog\/motogp-grand-prix-des-pays-bas-maverick-vinales-en-pole-position-devant-quartararo\/\"]}]},{\"@type\":\"ImageObject\",\"inLanguage\":\"fr-FR\",\"@id\":\"https:\/\/dicodusport.fr\/blog\/motogp-grand-prix-des-pays-bas-maverick-vinales-en-pole-position-devant-quartararo\/#primaryimage\",\"url\":\"https:\/\/dicodusport.fr\/blog\/wp-content\/uploads\/2021\/05\/Grand-Prix-dItalie-Maverick-Vinales-meilleur-temps-des-FP1-devant-Johann-Zarco.png\",\"contentUrl\":\"https:\/\/dicodusport.fr\/blog\/wp-content\/uploads\/2021\/05\/Grand-Prix-dItalie-Maverick-Vinales-meilleur-temps-des-FP1-devant-Johann-Zarco.png\",\"width\":800,\"height\":445,\"caption\":\"Grand Prix d'Italie : Maverick Vinales meilleur temps des FP1 devant Johann Zarco\"},{\"@type\":\"BreadcrumbList\",\"@id\":\"https:\/\/dicodusport.fr\/blog\/motogp-grand-prix-des-pays-bas-maverick-vinales-en-pole-position-devant-quartararo\/#breadcrumb\",\"itemListElement\":[{\"@type\":\"ListItem\",\"position\":1,\"name\":\"Accueil\",\"item\":\"https:\/\/dicodusport.fr\/blog\/\"},{\"@type\":\"ListItem\",\"position\":2,\"name\":\"Grand Prix des Pays-Bas : Maverick Vi\u00f1ales en pole position devant Quartararo\"}]},{\"@type\":\"WebSite\",\"@id\":\"https:\/\/dicodusport.fr\/blog\/#website\",\"url\":\"https:\/\/dicodusport.fr\/blog\/\",\"name\":\"Dicodusport\",\"description\":\"L&#039;encyclop\u00e9die de l&#039;actualit\u00e9 sportive\",\"publisher\":{\"@id\":\"https:\/\/dicodusport.fr\/blog\/#organization\"},\"potentialAction\":[{\"@type\":\"SearchAction\",\"target\":{\"@type\":\"EntryPoint\",\"urlTemplate\":\"https:\/\/dicodusport.fr\/blog\/?s={search_term_string}\"},\"query-input\":{\"@type\":\"PropertyValueSpecification\",\"valueRequired\":true,\"valueName\":\"search_term_string\"}}],\"inLanguage\":\"fr-FR\"},{\"@type\":\"NewsMediaOrganization\",\"@id\":\"https:\/\/dicodusport.fr\/blog\/#organization\",\"name\":\"Dicodusport\",\"url\":\"https:\/\/dicodusport.fr\/blog\/\",\"logo\":{\"@type\":\"ImageObject\",\"inLanguage\":\"fr-FR\",\"@id\":\"https:\/\/dicodusport.fr\/blog\/#\/schema\/logo\/image\/\",\"url\":\"https:\/\/dicodusport.fr\/blog\/wp-content\/uploads\/2020\/06\/cropped-LOGO-DICODUSPORT-2020-SANS-FOND-SANS-TEXTE.png\",\"contentUrl\":\"https:\/\/dicodusport.fr\/blog\/wp-content\/uploads\/2020\/06\/cropped-LOGO-DICODUSPORT-2020-SANS-FOND-SANS-TEXTE.png\",\"width\":512,\"height\":512,\"caption\":\"Dicodusport\"},\"image\":{\"@id\":\"https:\/\/dicodusport.fr\/blog\/#\/schema\/logo\/image\/\"},\"sameAs\":[\"https:\/\/www.facebook.com\/dicodusport\",\"https:\/\/x.com\/dicodusport\",\"https:\/\/www.instagram.com\/dicodusport\/\",\"https:\/\/www.youtube.com\/channel\/UC7V2KZ5sd3htJivAbA4ZG3w\"],\"description\":\"Dicodusport est l'encyclop\u00e9die de l'actualit\u00e9 sportive.\",\"email\":\"bonjour@dicodusport.fr\",\"legalName\":\"DICODUSPORT\",\"foundingDate\":\"2018-01-14\",\"vatID\":\"FR71834470973\",\"taxID\":\"83447097300043\",\"numberOfEmployees\":{\"@type\":\"QuantitativeValue\",\"minValue\":\"1\",\"maxValue\":\"10\"}},{\"@type\":\"Person\",\"@id\":\"https:\/\/dicodusport.fr\/blog\/#\/schema\/person\/cb02af4c173ce4a653b55e9baf388d4a\",\"name\":\"Flo Ostermann\",\"image\":{\"@type\":\"ImageObject\",\"inLanguage\":\"fr-FR\",\"@id\":\"https:\/\/dicodusport.fr\/blog\/#\/schema\/person\/image\/\",\"url\":\"https:\/\/dicodusport.fr\/blog\/wp-content\/uploads\/2021\/05\/Flo-Ostermann-150x150.jpg\",\"contentUrl\":\"https:\/\/dicodusport.fr\/blog\/wp-content\/uploads\/2021\/05\/Flo-Ostermann-150x150.jpg\",\"caption\":\"Flo Ostermann\"},\"description\":\"Journaliste\/R\u00e9dacteur depuis septembre 2015 - Mes premiers souvenirs dans le sport ? Les envol\u00e9es du Stade Toulousain et les duels Villeneuve-Schumacher et H\u00e4kkinen-Schumacher \u00e0 la fin des ann\u00e9es 90, la Coupe du monde de football en 1998, l\u2019exploit du XV de France face aux All Blacks en 1999, mais aussi Richard C\u0153ur de Lion qui vole sur les montagnes du Tour de France. Bien parti pour devenir professeur d\u2019EPS, les \u00e9v\u00e9nements de la vie (et la flemme d\u2019animer des s\u00e9ances de 3x500 m\u00e8tres toute ma vie) m\u2019ont conduit \u00e0 revoir mes plans. Me voil\u00e0 depuis fin 2017 sur Dicodusport, m\u00e9dia gr\u00e2ce (et pour) lequel je partage ma passion : le sport dans tous ses \u00e9tats. Le tout accompagn\u00e9 par les fous furieux et folles furieuses cit\u00e9s sur cette page !\",\"sameAs\":[\"https:\/\/www.facebook.com\/florent.ostermann\",\"https:\/\/x.com\/https:\/\/twitter.com\/FlOstermann\",\"admin\"],\"url\":\"https:\/\/dicodusport.fr\/blog\/author\/flo\/\"}]}<\/script>\n<!-- \/ Yoast SEO Premium plugin. -->","yoast_head_json":{"title":"Grand Prix des Pays-Bas : Maverick Vi\u00f1ales en pole position devant Quartararo","description":"MOTOGP - GRAND PRIX DES PAYS-BAS - En difficult\u00e9 en Allemagne, Maverick Vi\u00f1ales (Yamaha) a d\u00e9croch\u00e9 la pole position ce samedi \u00e0 Assen.","robots":{"index":"index","follow":"follow","max-snippet":"max-snippet:-1","max-image-preview":"max-image-preview:large","max-video-preview":"max-video-preview:-1"},"canonical":"https:\/\/dicodusport.fr\/blog\/motogp-grand-prix-des-pays-bas-maverick-vinales-en-pole-position-devant-quartararo\/","og_locale":"fr_FR","og_type":"article","og_title":"Grand Prix des Pays-Bas : Maverick Vi\u00f1ales en pole position devant Quartararo","og_description":"MOTOGP - GRAND PRIX DES PAYS-BAS - En difficult\u00e9 en Allemagne, Maverick Vi\u00f1ales (Yamaha) a d\u00e9croch\u00e9 la pole position ce samedi \u00e0 Assen.","og_url":"https:\/\/dicodusport.fr\/blog\/motogp-grand-prix-des-pays-bas-maverick-vinales-en-pole-position-devant-quartararo\/","og_site_name":"Dicodusport","article_publisher":"https:\/\/www.facebook.com\/dicodusport","article_author":"https:\/\/www.facebook.com\/florent.ostermann","article_published_time":"2021-06-26T12:55:06+00:00","article_modified_time":"2021-06-26T14:24:45+00:00","og_image":[{"width":800,"height":445,"url":"https:\/\/dicodusport.fr\/blog\/wp-content\/uploads\/2021\/05\/Grand-Prix-dItalie-Maverick-Vinales-meilleur-temps-des-FP1-devant-Johann-Zarco.png","type":"image\/png"}],"author":"Flo Ostermann","twitter_card":"summary_large_image","twitter_title":"Grand Prix des Pays-Bas : Maverick Vi\u00f1ales en pole position devant Quartararo","twitter_creator":"@https:\/\/twitter.com\/FlOstermann","twitter_site":"@dicodusport","schema":{"@context":"https:\/\/schema.org","@graph":[{"@type":"NewsArticle","@id":"https:\/\/dicodusport.fr\/blog\/motogp-grand-prix-des-pays-bas-maverick-vinales-en-pole-position-devant-quartararo\/#article","isPartOf":{"@id":"https:\/\/dicodusport.fr\/blog\/motogp-grand-prix-des-pays-bas-maverick-vinales-en-pole-position-devant-quartararo\/"},"author":{"name":"Flo Ostermann","@id":"https:\/\/dicodusport.fr\/blog\/#\/schema\/person\/cb02af4c173ce4a653b55e9baf388d4a"},"headline":"Grand Prix des Pays-Bas : Maverick Vi\u00f1ales en pole position devant Quartararo","datePublished":"2021-06-26T12:55:06+00:00","dateModified":"2021-06-26T14:24:45+00:00","mainEntityOfPage":{"@id":"https:\/\/dicodusport.fr\/blog\/motogp-grand-prix-des-pays-bas-maverick-vinales-en-pole-position-devant-quartararo\/"},"wordCount":361,"commentCount":0,"publisher":{"@id":"https:\/\/dicodusport.fr\/blog\/#organization"},"image":{"@id":"https:\/\/dicodusport.fr\/blog\/motogp-grand-prix-des-pays-bas-maverick-vinales-en-pole-position-devant-quartararo\/#primaryimage"},"thumbnailUrl":"https:\/\/dicodusport.fr\/blog\/wp-content\/uploads\/2021\/05\/Grand-Prix-dItalie-Maverick-Vinales-meilleur-temps-des-FP1-devant-Johann-Zarco.png","keywords":["Grand Prix des Pays-Bas MotoGP","MotoGP Pays-Bas"],"articleSection":["MotoGP"],"inLanguage":"fr-FR","potentialAction":[{"@type":"CommentAction","name":"Comment","target":["https:\/\/dicodusport.fr\/blog\/motogp-grand-prix-des-pays-bas-maverick-vinales-en-pole-position-devant-quartararo\/#respond"]}],"copyrightYear":"2021","copyrightHolder":{"@id":"https:\/\/dicodusport.fr\/blog\/#organization"}},{"@type":"WebPage","@id":"https:\/\/dicodusport.fr\/blog\/motogp-grand-prix-des-pays-bas-maverick-vinales-en-pole-position-devant-quartararo\/","url":"https:\/\/dicodusport.fr\/blog\/motogp-grand-prix-des-pays-bas-maverick-vinales-en-pole-position-devant-quartararo\/","name":"Grand Prix des Pays-Bas : Maverick Vi\u00f1ales en pole position devant Quartararo","isPartOf":{"@id":"https:\/\/dicodusport.fr\/blog\/#website"},"primaryImageOfPage":{"@id":"https:\/\/dicodusport.fr\/blog\/motogp-grand-prix-des-pays-bas-maverick-vinales-en-pole-position-devant-quartararo\/#primaryimage"},"image":{"@id":"https:\/\/dicodusport.fr\/blog\/motogp-grand-prix-des-pays-bas-maverick-vinales-en-pole-position-devant-quartararo\/#primaryimage"},"thumbnailUrl":"https:\/\/dicodusport.fr\/blog\/wp-content\/uploads\/2021\/05\/Grand-Prix-dItalie-Maverick-Vinales-meilleur-temps-des-FP1-devant-Johann-Zarco.png","datePublished":"2021-06-26T12:55:06+00:00","dateModified":"2021-06-26T14:24:45+00:00","description":"MOTOGP - GRAND PRIX DES PAYS-BAS - En difficult\u00e9 en Allemagne, Maverick Vi\u00f1ales (Yamaha) a d\u00e9croch\u00e9 la pole position ce samedi \u00e0 Assen.","breadcrumb":{"@id":"https:\/\/dicodusport.fr\/blog\/motogp-grand-prix-des-pays-bas-maverick-vinales-en-pole-position-devant-quartararo\/#breadcrumb"},"inLanguage":"fr-FR","potentialAction":[{"@type":"ReadAction","target":["https:\/\/dicodusport.fr\/blog\/motogp-grand-prix-des-pays-bas-maverick-vinales-en-pole-position-devant-quartararo\/"]}]},{"@type":"ImageObject","inLanguage":"fr-FR","@id":"https:\/\/dicodusport.fr\/blog\/motogp-grand-prix-des-pays-bas-maverick-vinales-en-pole-position-devant-quartararo\/#primaryimage","url":"https:\/\/dicodusport.fr\/blog\/wp-content\/uploads\/2021\/05\/Grand-Prix-dItalie-Maverick-Vinales-meilleur-temps-des-FP1-devant-Johann-Zarco.png","contentUrl":"https:\/\/dicodusport.fr\/blog\/wp-content\/uploads\/2021\/05\/Grand-Prix-dItalie-Maverick-Vinales-meilleur-temps-des-FP1-devant-Johann-Zarco.png","width":800,"height":445,"caption":"Grand Prix d'Italie : Maverick Vinales meilleur temps des FP1 devant Johann Zarco"},{"@type":"BreadcrumbList","@id":"https:\/\/dicodusport.fr\/blog\/motogp-grand-prix-des-pays-bas-maverick-vinales-en-pole-position-devant-quartararo\/#breadcrumb","itemListElement":[{"@type":"ListItem","position":1,"name":"Accueil","item":"https:\/\/dicodusport.fr\/blog\/"},{"@type":"ListItem","position":2,"name":"Grand Prix des Pays-Bas : Maverick Vi\u00f1ales en pole position devant Quartararo"}]},{"@type":"WebSite","@id":"https:\/\/dicodusport.fr\/blog\/#website","url":"https:\/\/dicodusport.fr\/blog\/","name":"Dicodusport","description":"L&#039;encyclop\u00e9die de l&#039;actualit\u00e9 sportive","publisher":{"@id":"https:\/\/dicodusport.fr\/blog\/#organization"},"potentialAction":[{"@type":"SearchAction","target":{"@type":"EntryPoint","urlTemplate":"https:\/\/dicodusport.fr\/blog\/?s={search_term_string}"},"query-input":{"@type":"PropertyValueSpecification","valueRequired":true,"valueName":"search_term_string"}}],"inLanguage":"fr-FR"},{"@type":"NewsMediaOrganization","@id":"https:\/\/dicodusport.fr\/blog\/#organization","name":"Dicodusport","url":"https:\/\/dicodusport.fr\/blog\/","logo":{"@type":"ImageObject","inLanguage":"fr-FR","@id":"https:\/\/dicodusport.fr\/blog\/#\/schema\/logo\/image\/","url":"https:\/\/dicodusport.fr\/blog\/wp-content\/uploads\/2020\/06\/cropped-LOGO-DICODUSPORT-2020-SANS-FOND-SANS-TEXTE.png","contentUrl":"https:\/\/dicodusport.fr\/blog\/wp-content\/uploads\/2020\/06\/cropped-LOGO-DICODUSPORT-2020-SANS-FOND-SANS-TEXTE.png","width":512,"height":512,"caption":"Dicodusport"},"image":{"@id":"https:\/\/dicodusport.fr\/blog\/#\/schema\/logo\/image\/"},"sameAs":["https:\/\/www.facebook.com\/dicodusport","https:\/\/x.com\/dicodusport","https:\/\/www.instagram.com\/dicodusport\/","https:\/\/www.youtube.com\/channel\/UC7V2KZ5sd3htJivAbA4ZG3w"],"description":"Dicodusport est l'encyclop\u00e9die de l'actualit\u00e9 sportive.","email":"bonjour@dicodusport.fr","legalName":"DICODUSPORT","foundingDate":"2018-01-14","vatID":"FR71834470973","taxID":"83447097300043","numberOfEmployees":{"@type":"QuantitativeValue","minValue":"1","maxValue":"10"}},{"@type":"Person","@id":"https:\/\/dicodusport.fr\/blog\/#\/schema\/person\/cb02af4c173ce4a653b55e9baf388d4a","name":"Flo Ostermann","image":{"@type":"ImageObject","inLanguage":"fr-FR","@id":"https:\/\/dicodusport.fr\/blog\/#\/schema\/person\/image\/","url":"https:\/\/dicodusport.fr\/blog\/wp-content\/uploads\/2021\/05\/Flo-Ostermann-150x150.jpg","contentUrl":"https:\/\/dicodusport.fr\/blog\/wp-content\/uploads\/2021\/05\/Flo-Ostermann-150x150.jpg","caption":"Flo Ostermann"},"description":"Journaliste\/R\u00e9dacteur depuis septembre 2015 - Mes premiers souvenirs dans le sport ? Les envol\u00e9es du Stade Toulousain et les duels Villeneuve-Schumacher et H\u00e4kkinen-Schumacher \u00e0 la fin des ann\u00e9es 90, la Coupe du monde de football en 1998, l\u2019exploit du XV de France face aux All Blacks en 1999, mais aussi Richard C\u0153ur de Lion qui vole sur les montagnes du Tour de France. Bien parti pour devenir professeur d\u2019EPS, les \u00e9v\u00e9nements de la vie (et la flemme d\u2019animer des s\u00e9ances de 3x500 m\u00e8tres toute ma vie) m\u2019ont conduit \u00e0 revoir mes plans. Me voil\u00e0 depuis fin 2017 sur Dicodusport, m\u00e9dia gr\u00e2ce (et pour) lequel je partage ma passion : le sport dans tous ses \u00e9tats. Le tout accompagn\u00e9 par les fous furieux et folles furieuses cit\u00e9s sur cette page !","sameAs":["https:\/\/www.facebook.com\/florent.ostermann","https:\/\/x.com\/https:\/\/twitter.com\/FlOstermann","admin"],"url":"https:\/\/dicodusport.fr\/blog\/author\/flo\/"}]}},"_links":{"self":[{"href":"https:\/\/dicodusport.fr\/blog\/wp-json\/wp\/v2\/posts\/142308","targetHints":{"allow":["GET"]}}],"collection":[{"href":"https:\/\/dicodusport.fr\/blog\/wp-json\/wp\/v2\/posts"}],"about":[{"href":"https:\/\/dicodusport.fr\/blog\/wp-json\/wp\/v2\/types\/post"}],"author":[{"embeddable":true,"href":"https:\/\/dicodusport.fr\/blog\/wp-json\/wp\/v2\/users\/4"}],"replies":[{"embeddable":true,"href":"https:\/\/dicodusport.fr\/blog\/wp-json\/wp\/v2\/comments?post=142308"}],"version-history":[{"count":0,"href":"https:\/\/dicodusport.fr\/blog\/wp-json\/wp\/v2\/posts\/142308\/revisions"}],"wp:featuredmedia":[{"embeddable":true,"href":"https:\/\/dicodusport.fr\/blog\/wp-json\/wp\/v2\/media\/133389"}],"wp:attachment":[{"href":"https:\/\/dicodusport.fr\/blog\/wp-json\/wp\/v2\/media?parent=142308"}],"wp:term":[{"taxonomy":"category","embeddable":true,"href":"https:\/\/dicodusport.fr\/blog\/wp-json\/wp\/v2\/categories?post=142308"},{"taxonomy":"post_tag","embeddable":true,"href":"https:\/\/dicodusport.fr\/blog\/wp-json\/wp\/v2\/tags?post=142308"}],"curies":[{"name":"wp","href":"https:\/\/api.w.org\/{rel}","templated":true}]}}