{"id":14234,"date":"2018-03-11T04:34:15","date_gmt":"2018-03-11T03:34:15","guid":{"rendered":"http:\/\/dicodusport.fr\/blog\/?p=14234"},"modified":"2018-03-11T19:44:36","modified_gmt":"2018-03-11T18:44:36","slug":"jeux-paralympiques-arthur-bauchet-de-nouveau-argent","status":"publish","type":"post","link":"https:\/\/dicodusport.fr\/blog\/jeux-paralympiques-arthur-bauchet-de-nouveau-argent\/","title":{"rendered":"Jeux Paralympiques : Arthur Bauchet de nouveau en argent"},"content":{"rendered":"<p style=\"text-align: justify;\"><strong><em>On prend les m\u00eames et on recommence. Comme lors de la descente hier, Arthur Bauchet a d\u00e9croch\u00e9 la m\u00e9daille d&rsquo;argent sur le Super-G en cat\u00e9gorie debout, derri\u00e8re le Suisse\u00a0Th\u00e9o Gm\u00fcr et l&rsquo;Autrichien Markus Salcher. Il offre ainsi la cinqui\u00e8me m\u00e9daille en deux jours au clan tricolore.<br \/>\n<\/em><\/strong><\/p>\n<p style=\"text-align: justify;\">Un podium identique \u00e0 la veille donc, avec Arthur Bauchet qui s&rsquo;offre une deuxi\u00e8me breloque en argent sur ses premiers Jeux Olympiques. <a href=\"http:\/\/dicodusport.fr\/blog\/arthur-bauchet-etoile-montante-ski-alpin\/\" target=\"_blank\" rel=\"noopener\">Le benjamin de l&rsquo;\u00e9quipe de France<\/a> n&rsquo;a pourtant pas r\u00e9ussi une manche parfaite en faisant plusieurs fautes. Mais sa capacit\u00e9 \u00e0 reprendre de la vitesse a finalement fait la diff\u00e9rence. Si l&rsquo;Helv\u00e8te\u00a0Th\u00e9o Gm\u00fcr \u00e9tait encore intouchable, le jeune tricolore de 17 ans a de nouveau devanc\u00e9 la r\u00e9f\u00e9rence du para ski alpin ces derni\u00e8res ann\u00e9es, l&rsquo;Autrichien Markus Salcher.<\/p>\n<p style=\"text-align: justify;\">Quand on sait que ses disciplines de pr\u00e9dilection arriveront en deuxi\u00e8me partie de semaine, le Varois peut, \u00e0 l&rsquo;instar de Marie Bochet, r\u00e9aliser une sacr\u00e9e razzia. A noter que le second Fran\u00e7ais en lice, Jordan Broisin, termine \u00e0 la 20\u00e8me place. Rendez-vous ce mardi, \u00e0 1h30* pour le Super Combin\u00e9 et pourquoi pas une nouvelle m\u00e9daille pour Arthur Bauchet.<\/p>\n<p><em>*heure fran\u00e7aise<\/em><\/p>\n<p><em><strong>Flo Ostermann<\/strong><\/em><em><br \/>\n<\/em><a href=\"https:\/\/www.facebook.com\/florent.ostermann\"><img loading=\"lazy\" decoding=\"async\" class=\"alignnone wp-image-2909\" src=\"http:\/\/dicodusport.fr\/blog\/wp-content\/uploads\/2017\/07\/logo-facebook-150x150.png\" sizes=\"auto, (max-width: 40px) 100vw, 40px\" srcset=\"https:\/\/dicodusport.fr\/blog\/wp-content\/uploads\/2017\/07\/logo-facebook-150x150.png 150w, https:\/\/dicodusport.fr\/blog\/wp-content\/uploads\/2017\/07\/logo-facebook-300x300.png 300w, https:\/\/dicodusport.fr\/blog\/wp-content\/uploads\/2017\/07\/logo-facebook.png 400w\" alt=\"\" width=\"40\" height=\"40\" \/><\/a><a href=\"https:\/\/twitter.com\/SportInsideMag\"><img loading=\"lazy\" decoding=\"async\" class=\"alignnone wp-image-2908\" src=\"http:\/\/dicodusport.fr\/blog\/wp-content\/uploads\/2017\/07\/logo-twitter-150x150.png\" alt=\"\" width=\"39\" height=\"39\" \/><\/a><\/p>\n","protected":false},"excerpt":{"rendered":"<p>On prend les m\u00eames et on recommence. Comme lors de la descente hier, Arthur Bauchet a glan\u00e9 la m\u00e9daille d&rsquo;argent sur le Super-G, derri\u00e8re le Suisse Theo Gmur et l&rsquo;Autrichien Markus Salcher.<\/p>\n","protected":false},"author":4,"featured_media":14235,"comment_status":"open","ping_status":"closed","sticky":false,"template":"","format":"standard","meta":{"_acf_changed":false,"_daextam_enable_autolinks":"","footnotes":""},"categories":[2,3588,2313],"tags":[4004,1964,3544],"class_list":["post-14234","post","type-post","status-publish","format-standard","has-post-thumbnail","hentry","category-actualites","category-pyeongchang-2018","category-sports-dhiver","tag-arthur-bauchet","tag-jeux-paralympiques","tag-jo-de-pyeongchang"],"acf":[],"yoast_head":"<!-- This site is optimized with the Yoast SEO Premium plugin v26.7 (Yoast SEO v26.7) - https:\/\/yoast.com\/wordpress\/plugins\/seo\/ -->\n<title>Jeux Paralympiques : Arthur Bauchet de nouveau en argent<\/title>\n<meta name=\"description\" content=\"On prend les m\u00eames et on recommence. Comme lors de la descente hier, Arthur Bauchet a glan\u00e9 la m\u00e9daille d&#039;argent sur le Super-G, derri\u00e8re le Suisse Theo Gmur et l&#039;Autrichien Markus Salcher.\" \/>\n<meta name=\"robots\" content=\"index, follow, max-snippet:-1, max-image-preview:large, max-video-preview:-1\" \/>\n<link rel=\"canonical\" href=\"https:\/\/dicodusport.fr\/blog\/jeux-paralympiques-arthur-bauchet-de-nouveau-argent\/\" \/>\n<meta property=\"og:locale\" content=\"fr_FR\" \/>\n<meta property=\"og:type\" content=\"article\" \/>\n<meta property=\"og:title\" content=\"Jeux Paralympiques : Arthur Bauchet de nouveau en argent\" \/>\n<meta property=\"og:description\" content=\"On prend les m\u00eames et on recommence. Comme lors de la descente hier, Arthur Bauchet a glan\u00e9 la m\u00e9daille d&#039;argent sur le Super-G, derri\u00e8re le Suisse Theo Gmur et l&#039;Autrichien Markus Salcher.\" \/>\n<meta property=\"og:url\" content=\"https:\/\/dicodusport.fr\/blog\/jeux-paralympiques-arthur-bauchet-de-nouveau-argent\/\" \/>\n<meta property=\"og:site_name\" content=\"Dicodusport\" \/>\n<meta property=\"article:publisher\" content=\"https:\/\/www.facebook.com\/dicodusport\" \/>\n<meta property=\"article:author\" content=\"https:\/\/www.facebook.com\/florent.ostermann\" \/>\n<meta property=\"article:published_time\" content=\"2018-03-11T03:34:15+00:00\" \/>\n<meta property=\"article:modified_time\" content=\"2018-03-11T18:44:36+00:00\" \/>\n<meta property=\"og:image\" content=\"https:\/\/dicodusport.fr\/blog\/wp-content\/uploads\/2018\/03\/Arthur-Bauchet-Super-G.png\" \/>\n\t<meta property=\"og:image:width\" content=\"800\" \/>\n\t<meta property=\"og:image:height\" content=\"445\" \/>\n\t<meta property=\"og:image:type\" content=\"image\/png\" \/>\n<meta name=\"author\" content=\"Flo Ostermann\" \/>\n<meta name=\"twitter:card\" content=\"summary_large_image\" \/>\n<meta name=\"twitter:creator\" content=\"@https:\/\/twitter.com\/FlOstermann\" \/>\n<meta name=\"twitter:site\" content=\"@dicodusport\" \/>\n<script type=\"application\/ld+json\" class=\"yoast-schema-graph\">{\"@context\":\"https:\/\/schema.org\",\"@graph\":[{\"@type\":\"NewsArticle\",\"@id\":\"https:\/\/dicodusport.fr\/blog\/jeux-paralympiques-arthur-bauchet-de-nouveau-argent\/#article\",\"isPartOf\":{\"@id\":\"https:\/\/dicodusport.fr\/blog\/jeux-paralympiques-arthur-bauchet-de-nouveau-argent\/\"},\"author\":{\"name\":\"Flo Ostermann\",\"@id\":\"https:\/\/dicodusport.fr\/blog\/#\/schema\/person\/cb02af4c173ce4a653b55e9baf388d4a\"},\"headline\":\"Jeux Paralympiques : Arthur Bauchet de nouveau en argent\",\"datePublished\":\"2018-03-11T03:34:15+00:00\",\"dateModified\":\"2018-03-11T18:44:36+00:00\",\"mainEntityOfPage\":{\"@id\":\"https:\/\/dicodusport.fr\/blog\/jeux-paralympiques-arthur-bauchet-de-nouveau-argent\/\"},\"wordCount\":227,\"commentCount\":0,\"publisher\":{\"@id\":\"https:\/\/dicodusport.fr\/blog\/#organization\"},\"image\":{\"@id\":\"https:\/\/dicodusport.fr\/blog\/jeux-paralympiques-arthur-bauchet-de-nouveau-argent\/#primaryimage\"},\"thumbnailUrl\":\"https:\/\/dicodusport.fr\/blog\/wp-content\/uploads\/2018\/03\/Arthur-Bauchet-Super-G.png\",\"keywords\":[\"Arthur Bauchet\",\"jeux paralympiques\",\"JO de Pyeongchang\"],\"articleSection\":[\"Actualit\u00e9s\",\"Pyeongchang 2018\",\"Sports d'hiver\"],\"inLanguage\":\"fr-FR\",\"potentialAction\":[{\"@type\":\"CommentAction\",\"name\":\"Comment\",\"target\":[\"https:\/\/dicodusport.fr\/blog\/jeux-paralympiques-arthur-bauchet-de-nouveau-argent\/#respond\"]}],\"copyrightYear\":\"2018\",\"copyrightHolder\":{\"@id\":\"https:\/\/dicodusport.fr\/blog\/#organization\"}},{\"@type\":\"WebPage\",\"@id\":\"https:\/\/dicodusport.fr\/blog\/jeux-paralympiques-arthur-bauchet-de-nouveau-argent\/\",\"url\":\"https:\/\/dicodusport.fr\/blog\/jeux-paralympiques-arthur-bauchet-de-nouveau-argent\/\",\"name\":\"Jeux Paralympiques : Arthur Bauchet de nouveau en argent\",\"isPartOf\":{\"@id\":\"https:\/\/dicodusport.fr\/blog\/#website\"},\"primaryImageOfPage\":{\"@id\":\"https:\/\/dicodusport.fr\/blog\/jeux-paralympiques-arthur-bauchet-de-nouveau-argent\/#primaryimage\"},\"image\":{\"@id\":\"https:\/\/dicodusport.fr\/blog\/jeux-paralympiques-arthur-bauchet-de-nouveau-argent\/#primaryimage\"},\"thumbnailUrl\":\"https:\/\/dicodusport.fr\/blog\/wp-content\/uploads\/2018\/03\/Arthur-Bauchet-Super-G.png\",\"datePublished\":\"2018-03-11T03:34:15+00:00\",\"dateModified\":\"2018-03-11T18:44:36+00:00\",\"description\":\"On prend les m\u00eames et on recommence. Comme lors de la descente hier, Arthur Bauchet a glan\u00e9 la m\u00e9daille d'argent sur le Super-G, derri\u00e8re le Suisse Theo Gmur et l'Autrichien Markus Salcher.\",\"breadcrumb\":{\"@id\":\"https:\/\/dicodusport.fr\/blog\/jeux-paralympiques-arthur-bauchet-de-nouveau-argent\/#breadcrumb\"},\"inLanguage\":\"fr-FR\",\"potentialAction\":[{\"@type\":\"ReadAction\",\"target\":[\"https:\/\/dicodusport.fr\/blog\/jeux-paralympiques-arthur-bauchet-de-nouveau-argent\/\"]}]},{\"@type\":\"ImageObject\",\"inLanguage\":\"fr-FR\",\"@id\":\"https:\/\/dicodusport.fr\/blog\/jeux-paralympiques-arthur-bauchet-de-nouveau-argent\/#primaryimage\",\"url\":\"https:\/\/dicodusport.fr\/blog\/wp-content\/uploads\/2018\/03\/Arthur-Bauchet-Super-G.png\",\"contentUrl\":\"https:\/\/dicodusport.fr\/blog\/wp-content\/uploads\/2018\/03\/Arthur-Bauchet-Super-G.png\",\"width\":800,\"height\":445},{\"@type\":\"BreadcrumbList\",\"@id\":\"https:\/\/dicodusport.fr\/blog\/jeux-paralympiques-arthur-bauchet-de-nouveau-argent\/#breadcrumb\",\"itemListElement\":[{\"@type\":\"ListItem\",\"position\":1,\"name\":\"Accueil\",\"item\":\"https:\/\/dicodusport.fr\/blog\/\"},{\"@type\":\"ListItem\",\"position\":2,\"name\":\"Jeux Paralympiques : Arthur Bauchet de nouveau en argent\"}]},{\"@type\":\"WebSite\",\"@id\":\"https:\/\/dicodusport.fr\/blog\/#website\",\"url\":\"https:\/\/dicodusport.fr\/blog\/\",\"name\":\"Dicodusport\",\"description\":\"L&#039;encyclop\u00e9die de l&#039;actualit\u00e9 sportive\",\"publisher\":{\"@id\":\"https:\/\/dicodusport.fr\/blog\/#organization\"},\"potentialAction\":[{\"@type\":\"SearchAction\",\"target\":{\"@type\":\"EntryPoint\",\"urlTemplate\":\"https:\/\/dicodusport.fr\/blog\/?s={search_term_string}\"},\"query-input\":{\"@type\":\"PropertyValueSpecification\",\"valueRequired\":true,\"valueName\":\"search_term_string\"}}],\"inLanguage\":\"fr-FR\"},{\"@type\":\"NewsMediaOrganization\",\"@id\":\"https:\/\/dicodusport.fr\/blog\/#organization\",\"name\":\"Dicodusport\",\"url\":\"https:\/\/dicodusport.fr\/blog\/\",\"logo\":{\"@type\":\"ImageObject\",\"inLanguage\":\"fr-FR\",\"@id\":\"https:\/\/dicodusport.fr\/blog\/#\/schema\/logo\/image\/\",\"url\":\"https:\/\/dicodusport.fr\/blog\/wp-content\/uploads\/2020\/06\/cropped-LOGO-DICODUSPORT-2020-SANS-FOND-SANS-TEXTE.png\",\"contentUrl\":\"https:\/\/dicodusport.fr\/blog\/wp-content\/uploads\/2020\/06\/cropped-LOGO-DICODUSPORT-2020-SANS-FOND-SANS-TEXTE.png\",\"width\":512,\"height\":512,\"caption\":\"Dicodusport\"},\"image\":{\"@id\":\"https:\/\/dicodusport.fr\/blog\/#\/schema\/logo\/image\/\"},\"sameAs\":[\"https:\/\/www.facebook.com\/dicodusport\",\"https:\/\/x.com\/dicodusport\",\"https:\/\/www.instagram.com\/dicodusport\/\",\"https:\/\/www.youtube.com\/channel\/UC7V2KZ5sd3htJivAbA4ZG3w\"],\"description\":\"Dicodusport est l'encyclop\u00e9die de l'actualit\u00e9 sportive.\",\"email\":\"bonjour@dicodusport.fr\",\"legalName\":\"DICODUSPORT\",\"foundingDate\":\"2018-01-14\",\"vatID\":\"FR71834470973\",\"taxID\":\"83447097300043\",\"numberOfEmployees\":{\"@type\":\"QuantitativeValue\",\"minValue\":\"1\",\"maxValue\":\"10\"}},{\"@type\":\"Person\",\"@id\":\"https:\/\/dicodusport.fr\/blog\/#\/schema\/person\/cb02af4c173ce4a653b55e9baf388d4a\",\"name\":\"Flo Ostermann\",\"image\":{\"@type\":\"ImageObject\",\"inLanguage\":\"fr-FR\",\"@id\":\"https:\/\/dicodusport.fr\/blog\/#\/schema\/person\/image\/\",\"url\":\"https:\/\/dicodusport.fr\/blog\/wp-content\/uploads\/2021\/05\/Flo-Ostermann-150x150.jpg\",\"contentUrl\":\"https:\/\/dicodusport.fr\/blog\/wp-content\/uploads\/2021\/05\/Flo-Ostermann-150x150.jpg\",\"caption\":\"Flo Ostermann\"},\"description\":\"Journaliste\/R\u00e9dacteur depuis septembre 2015 - Mes premiers souvenirs dans le sport ? Les envol\u00e9es du Stade Toulousain et les duels Villeneuve-Schumacher et H\u00e4kkinen-Schumacher \u00e0 la fin des ann\u00e9es 90, la Coupe du monde de football en 1998, l\u2019exploit du XV de France face aux All Blacks en 1999, mais aussi Richard C\u0153ur de Lion qui vole sur les montagnes du Tour de France. Bien parti pour devenir professeur d\u2019EPS, les \u00e9v\u00e9nements de la vie (et la flemme d\u2019animer des s\u00e9ances de 3x500 m\u00e8tres toute ma vie) m\u2019ont conduit \u00e0 revoir mes plans. Me voil\u00e0 depuis fin 2017 sur Dicodusport, m\u00e9dia gr\u00e2ce (et pour) lequel je partage ma passion : le sport dans tous ses \u00e9tats. Le tout accompagn\u00e9 par les fous furieux et folles furieuses cit\u00e9s sur cette page !\",\"sameAs\":[\"https:\/\/www.facebook.com\/florent.ostermann\",\"https:\/\/x.com\/https:\/\/twitter.com\/FlOstermann\",\"admin\"],\"url\":\"https:\/\/dicodusport.fr\/blog\/author\/flo\/\"}]}<\/script>\n<!-- \/ Yoast SEO Premium plugin. -->","yoast_head_json":{"title":"Jeux Paralympiques : Arthur Bauchet de nouveau en argent","description":"On prend les m\u00eames et on recommence. Comme lors de la descente hier, Arthur Bauchet a glan\u00e9 la m\u00e9daille d'argent sur le Super-G, derri\u00e8re le Suisse Theo Gmur et l'Autrichien Markus Salcher.","robots":{"index":"index","follow":"follow","max-snippet":"max-snippet:-1","max-image-preview":"max-image-preview:large","max-video-preview":"max-video-preview:-1"},"canonical":"https:\/\/dicodusport.fr\/blog\/jeux-paralympiques-arthur-bauchet-de-nouveau-argent\/","og_locale":"fr_FR","og_type":"article","og_title":"Jeux Paralympiques : Arthur Bauchet de nouveau en argent","og_description":"On prend les m\u00eames et on recommence. Comme lors de la descente hier, Arthur Bauchet a glan\u00e9 la m\u00e9daille d'argent sur le Super-G, derri\u00e8re le Suisse Theo Gmur et l'Autrichien Markus Salcher.","og_url":"https:\/\/dicodusport.fr\/blog\/jeux-paralympiques-arthur-bauchet-de-nouveau-argent\/","og_site_name":"Dicodusport","article_publisher":"https:\/\/www.facebook.com\/dicodusport","article_author":"https:\/\/www.facebook.com\/florent.ostermann","article_published_time":"2018-03-11T03:34:15+00:00","article_modified_time":"2018-03-11T18:44:36+00:00","og_image":[{"width":800,"height":445,"url":"https:\/\/dicodusport.fr\/blog\/wp-content\/uploads\/2018\/03\/Arthur-Bauchet-Super-G.png","type":"image\/png"}],"author":"Flo Ostermann","twitter_card":"summary_large_image","twitter_creator":"@https:\/\/twitter.com\/FlOstermann","twitter_site":"@dicodusport","schema":{"@context":"https:\/\/schema.org","@graph":[{"@type":"NewsArticle","@id":"https:\/\/dicodusport.fr\/blog\/jeux-paralympiques-arthur-bauchet-de-nouveau-argent\/#article","isPartOf":{"@id":"https:\/\/dicodusport.fr\/blog\/jeux-paralympiques-arthur-bauchet-de-nouveau-argent\/"},"author":{"name":"Flo Ostermann","@id":"https:\/\/dicodusport.fr\/blog\/#\/schema\/person\/cb02af4c173ce4a653b55e9baf388d4a"},"headline":"Jeux Paralympiques : Arthur Bauchet de nouveau en argent","datePublished":"2018-03-11T03:34:15+00:00","dateModified":"2018-03-11T18:44:36+00:00","mainEntityOfPage":{"@id":"https:\/\/dicodusport.fr\/blog\/jeux-paralympiques-arthur-bauchet-de-nouveau-argent\/"},"wordCount":227,"commentCount":0,"publisher":{"@id":"https:\/\/dicodusport.fr\/blog\/#organization"},"image":{"@id":"https:\/\/dicodusport.fr\/blog\/jeux-paralympiques-arthur-bauchet-de-nouveau-argent\/#primaryimage"},"thumbnailUrl":"https:\/\/dicodusport.fr\/blog\/wp-content\/uploads\/2018\/03\/Arthur-Bauchet-Super-G.png","keywords":["Arthur Bauchet","jeux paralympiques","JO de Pyeongchang"],"articleSection":["Actualit\u00e9s","Pyeongchang 2018","Sports d'hiver"],"inLanguage":"fr-FR","potentialAction":[{"@type":"CommentAction","name":"Comment","target":["https:\/\/dicodusport.fr\/blog\/jeux-paralympiques-arthur-bauchet-de-nouveau-argent\/#respond"]}],"copyrightYear":"2018","copyrightHolder":{"@id":"https:\/\/dicodusport.fr\/blog\/#organization"}},{"@type":"WebPage","@id":"https:\/\/dicodusport.fr\/blog\/jeux-paralympiques-arthur-bauchet-de-nouveau-argent\/","url":"https:\/\/dicodusport.fr\/blog\/jeux-paralympiques-arthur-bauchet-de-nouveau-argent\/","name":"Jeux Paralympiques : Arthur Bauchet de nouveau en argent","isPartOf":{"@id":"https:\/\/dicodusport.fr\/blog\/#website"},"primaryImageOfPage":{"@id":"https:\/\/dicodusport.fr\/blog\/jeux-paralympiques-arthur-bauchet-de-nouveau-argent\/#primaryimage"},"image":{"@id":"https:\/\/dicodusport.fr\/blog\/jeux-paralympiques-arthur-bauchet-de-nouveau-argent\/#primaryimage"},"thumbnailUrl":"https:\/\/dicodusport.fr\/blog\/wp-content\/uploads\/2018\/03\/Arthur-Bauchet-Super-G.png","datePublished":"2018-03-11T03:34:15+00:00","dateModified":"2018-03-11T18:44:36+00:00","description":"On prend les m\u00eames et on recommence. Comme lors de la descente hier, Arthur Bauchet a glan\u00e9 la m\u00e9daille d'argent sur le Super-G, derri\u00e8re le Suisse Theo Gmur et l'Autrichien Markus Salcher.","breadcrumb":{"@id":"https:\/\/dicodusport.fr\/blog\/jeux-paralympiques-arthur-bauchet-de-nouveau-argent\/#breadcrumb"},"inLanguage":"fr-FR","potentialAction":[{"@type":"ReadAction","target":["https:\/\/dicodusport.fr\/blog\/jeux-paralympiques-arthur-bauchet-de-nouveau-argent\/"]}]},{"@type":"ImageObject","inLanguage":"fr-FR","@id":"https:\/\/dicodusport.fr\/blog\/jeux-paralympiques-arthur-bauchet-de-nouveau-argent\/#primaryimage","url":"https:\/\/dicodusport.fr\/blog\/wp-content\/uploads\/2018\/03\/Arthur-Bauchet-Super-G.png","contentUrl":"https:\/\/dicodusport.fr\/blog\/wp-content\/uploads\/2018\/03\/Arthur-Bauchet-Super-G.png","width":800,"height":445},{"@type":"BreadcrumbList","@id":"https:\/\/dicodusport.fr\/blog\/jeux-paralympiques-arthur-bauchet-de-nouveau-argent\/#breadcrumb","itemListElement":[{"@type":"ListItem","position":1,"name":"Accueil","item":"https:\/\/dicodusport.fr\/blog\/"},{"@type":"ListItem","position":2,"name":"Jeux Paralympiques : Arthur Bauchet de nouveau en argent"}]},{"@type":"WebSite","@id":"https:\/\/dicodusport.fr\/blog\/#website","url":"https:\/\/dicodusport.fr\/blog\/","name":"Dicodusport","description":"L&#039;encyclop\u00e9die de l&#039;actualit\u00e9 sportive","publisher":{"@id":"https:\/\/dicodusport.fr\/blog\/#organization"},"potentialAction":[{"@type":"SearchAction","target":{"@type":"EntryPoint","urlTemplate":"https:\/\/dicodusport.fr\/blog\/?s={search_term_string}"},"query-input":{"@type":"PropertyValueSpecification","valueRequired":true,"valueName":"search_term_string"}}],"inLanguage":"fr-FR"},{"@type":"NewsMediaOrganization","@id":"https:\/\/dicodusport.fr\/blog\/#organization","name":"Dicodusport","url":"https:\/\/dicodusport.fr\/blog\/","logo":{"@type":"ImageObject","inLanguage":"fr-FR","@id":"https:\/\/dicodusport.fr\/blog\/#\/schema\/logo\/image\/","url":"https:\/\/dicodusport.fr\/blog\/wp-content\/uploads\/2020\/06\/cropped-LOGO-DICODUSPORT-2020-SANS-FOND-SANS-TEXTE.png","contentUrl":"https:\/\/dicodusport.fr\/blog\/wp-content\/uploads\/2020\/06\/cropped-LOGO-DICODUSPORT-2020-SANS-FOND-SANS-TEXTE.png","width":512,"height":512,"caption":"Dicodusport"},"image":{"@id":"https:\/\/dicodusport.fr\/blog\/#\/schema\/logo\/image\/"},"sameAs":["https:\/\/www.facebook.com\/dicodusport","https:\/\/x.com\/dicodusport","https:\/\/www.instagram.com\/dicodusport\/","https:\/\/www.youtube.com\/channel\/UC7V2KZ5sd3htJivAbA4ZG3w"],"description":"Dicodusport est l'encyclop\u00e9die de l'actualit\u00e9 sportive.","email":"bonjour@dicodusport.fr","legalName":"DICODUSPORT","foundingDate":"2018-01-14","vatID":"FR71834470973","taxID":"83447097300043","numberOfEmployees":{"@type":"QuantitativeValue","minValue":"1","maxValue":"10"}},{"@type":"Person","@id":"https:\/\/dicodusport.fr\/blog\/#\/schema\/person\/cb02af4c173ce4a653b55e9baf388d4a","name":"Flo Ostermann","image":{"@type":"ImageObject","inLanguage":"fr-FR","@id":"https:\/\/dicodusport.fr\/blog\/#\/schema\/person\/image\/","url":"https:\/\/dicodusport.fr\/blog\/wp-content\/uploads\/2021\/05\/Flo-Ostermann-150x150.jpg","contentUrl":"https:\/\/dicodusport.fr\/blog\/wp-content\/uploads\/2021\/05\/Flo-Ostermann-150x150.jpg","caption":"Flo Ostermann"},"description":"Journaliste\/R\u00e9dacteur depuis septembre 2015 - Mes premiers souvenirs dans le sport ? Les envol\u00e9es du Stade Toulousain et les duels Villeneuve-Schumacher et H\u00e4kkinen-Schumacher \u00e0 la fin des ann\u00e9es 90, la Coupe du monde de football en 1998, l\u2019exploit du XV de France face aux All Blacks en 1999, mais aussi Richard C\u0153ur de Lion qui vole sur les montagnes du Tour de France. Bien parti pour devenir professeur d\u2019EPS, les \u00e9v\u00e9nements de la vie (et la flemme d\u2019animer des s\u00e9ances de 3x500 m\u00e8tres toute ma vie) m\u2019ont conduit \u00e0 revoir mes plans. Me voil\u00e0 depuis fin 2017 sur Dicodusport, m\u00e9dia gr\u00e2ce (et pour) lequel je partage ma passion : le sport dans tous ses \u00e9tats. Le tout accompagn\u00e9 par les fous furieux et folles furieuses cit\u00e9s sur cette page !","sameAs":["https:\/\/www.facebook.com\/florent.ostermann","https:\/\/x.com\/https:\/\/twitter.com\/FlOstermann","admin"],"url":"https:\/\/dicodusport.fr\/blog\/author\/flo\/"}]}},"_links":{"self":[{"href":"https:\/\/dicodusport.fr\/blog\/wp-json\/wp\/v2\/posts\/14234","targetHints":{"allow":["GET"]}}],"collection":[{"href":"https:\/\/dicodusport.fr\/blog\/wp-json\/wp\/v2\/posts"}],"about":[{"href":"https:\/\/dicodusport.fr\/blog\/wp-json\/wp\/v2\/types\/post"}],"author":[{"embeddable":true,"href":"https:\/\/dicodusport.fr\/blog\/wp-json\/wp\/v2\/users\/4"}],"replies":[{"embeddable":true,"href":"https:\/\/dicodusport.fr\/blog\/wp-json\/wp\/v2\/comments?post=14234"}],"version-history":[{"count":0,"href":"https:\/\/dicodusport.fr\/blog\/wp-json\/wp\/v2\/posts\/14234\/revisions"}],"wp:featuredmedia":[{"embeddable":true,"href":"https:\/\/dicodusport.fr\/blog\/wp-json\/wp\/v2\/media\/14235"}],"wp:attachment":[{"href":"https:\/\/dicodusport.fr\/blog\/wp-json\/wp\/v2\/media?parent=14234"}],"wp:term":[{"taxonomy":"category","embeddable":true,"href":"https:\/\/dicodusport.fr\/blog\/wp-json\/wp\/v2\/categories?post=14234"},{"taxonomy":"post_tag","embeddable":true,"href":"https:\/\/dicodusport.fr\/blog\/wp-json\/wp\/v2\/tags?post=14234"}],"curies":[{"name":"wp","href":"https:\/\/api.w.org\/{rel}","templated":true}]}}