{"id":142398,"date":"2021-06-26T17:16:38","date_gmt":"2021-06-26T15:16:38","guid":{"rendered":"https:\/\/dicodusport.fr\/blog\/?p=142398"},"modified":"2021-06-26T18:38:39","modified_gmt":"2021-06-26T16:38:39","slug":"tour-de-france-2021-julian-alaphilippe-remporte-1ere-etape-en-costaud","status":"publish","type":"post","link":"https:\/\/dicodusport.fr\/blog\/tour-de-france-2021-julian-alaphilippe-remporte-1ere-etape-en-costaud\/","title":{"rendered":"Tour de France 2021 : Julian Alaphilippe remporte la 1\u00e8re \u00e9tape en costaud !"},"content":{"rendered":"<p style=\"text-align: justify;\"><em><strong>CYCLISME &#8211; <a href=\"https:\/\/dicodusport.fr\/blog\/actualites\/cyclisme\/tour-de-france-2021\/\">TOUR DE FRANCE 2021<\/a> &#8211; Le Tour de France 2021 d\u00e9butait avec une <a href=\"https:\/\/dicodusport.fr\/blog\/tour-de-france-2021-profil-1ere-etape\/\">premi\u00e8re \u00e9tape<\/a> assez accident\u00e9e dans le Finist\u00e8re entre Brest et Landerneau. En attaquant dans la bosse d&rsquo;arriv\u00e9e, Julian Alaphilippe (Deceuninck &#8211; Quick Step) s&rsquo;est impos\u00e9 en solitaire et s&rsquo;est empar\u00e9 du maillot jaune.\u00a0<\/strong> <\/em><\/p>\n<p style=\"text-align: justify;\">D&rsquo;abord, apr\u00e8s le d\u00e9part depuis Brest \u00e0 12h30, <strong>Victor Campenaerts<\/strong> (Team Qhubeka NextHash) a lanc\u00e9 les hostilit\u00e9s pour passer en t\u00eate au sommet de la C\u00f4te de Tr\u00e9b\u00e9olin. Cependant, le vainqueur de la 15e \u00e9tape du Tour d&rsquo;Italie a \u00e9t\u00e9 vite repris par le peloton.<\/p>\n<h2 style=\"text-align: justify;\">Une \u00e9tape marqu\u00e9e par de nombreuses chutes<\/h2>\n<p style=\"text-align: justify;\">Puis, gr\u00e2ce \u00e0 la C\u00f4te de Rosno\u00ebn, 6 coureurs ont constitu\u00e9 l&rsquo;\u00e9chapp\u00e9e du jour : <strong>Danny van Poppel<\/strong> (Intermarch\u00e9 &#8211; Wanty &#8211; Gobert Mat\u00e9riaux), <strong>Anthony Perez<\/strong> (Cofidis), <strong>Connor Swift<\/strong> (Team Ark\u00e9a Samsic), <strong>Ide Schelling<\/strong> (BORA &#8211; hansgrohe), Cristi\u00e1n Rodr\u00edguez (Team TotalEnergies) et <strong>Franck Bonnamour<\/strong> (B&amp;B Hotels p\/b KTM). Van Poppel est pass\u00e9 en t\u00eate au sommet de la C\u00f4te de Rosno\u00ebn tandis que Perez a \u00e9t\u00e9 le premier au sommet de la C\u00f4te de Locronan.<\/p>\n<p style=\"text-align: justify;\">Au sein du peloton, des coureurs comme <strong>Aur\u00e9lien Paret-Peintre<\/strong> (AG2R Citro\u00ebn Team), <strong>Miles Scotson<\/strong> (Groupama &#8211; FDJ), <strong>Casper Pedersen<\/strong> (Team DSM) et <strong>Julien Bernard<\/strong> (Trek &#8211; Segafredo) ont chut\u00e9. Ensuite, dans la C\u00f4te de Stang ar Garront, <strong>Schelling<\/strong> s&rsquo;est isol\u00e9 \u00e0 l&rsquo;avant de la course. Le coureur n\u00e9erlandais a vite creus\u00e9 une belle avance sur ses anciens compagnons d&rsquo;\u00e9chapp\u00e9e. Du c\u00f4t\u00e9 du peloton, les formations <strong>Deceuninck &#8211; Quick Step<\/strong> et <strong>Alpecin-Fenix<\/strong> ont pris le contr\u00f4le de la poursuite en laissant moins de 3 minutes aux fuyards. \u00c0 67 kilom\u00e8tres de l&rsquo;arriv\u00e9e, <strong>Perez, Swift, Rodriguez, Van Poppel <\/strong>et <strong>Bonnamour<\/strong> ont \u00e9t\u00e9 repris par le peloton.<\/p>\n<h2 style=\"text-align: justify;\">Ide Schelling prend le maillot \u00e0 pois<\/h2>\n<p style=\"text-align: justify;\">Lors du sprint interm\u00e9diaire de Brasparts, <strong>Schelling<\/strong> est pass\u00e9 en t\u00eate avec deux minutes d&rsquo;avance.<strong> Caleb Ewan<\/strong> (Lotto Sodual) a pris la deuxi\u00e8me place et 17 points au classement du maillot vert devant <strong>Sagan<\/strong> (15 points), <strong>Matthews<\/strong> (13 points), <strong>Coquard<\/strong> (11 points), <strong>D\u00e9mare<\/strong> (10 points), <strong>Bouhanni<\/strong> (9 points) et <strong>Colbrelli<\/strong> (8 points).<\/p>\n<p style=\"text-align: justify;\">Alors que <strong>Schelling<\/strong> est pass\u00e9 en t\u00eate au sommet de la C\u00f4te de Saint-Rivoal, une <a href=\"https:\/\/dicodusport.fr\/blog\/video-enorme-chute-collective-1ere-etape-tour-de-france-a-cause-spectatrice\/\">\u00e9norme chute collective<\/a> a eu lieu \u00e0 l&rsquo;avant du peloton \u00e0 cause d&rsquo;une pancarte d&rsquo;un spectateur. Pris dans cette chute, <strong>Jasha S\u00fctterlin<\/strong> (Team DSM) a \u00e9t\u00e9 contraint \u00e0 l&rsquo;abandon. Apr\u00e8s un moment de neutralisation, l&rsquo;\u00e9quipe <strong>Deceuninck &#8211; Quick Step<\/strong> a repris les commandes du peloton avec le retour des victimes de la chute. <strong>Schelling<\/strong> s&rsquo;est relev\u00e9 afin d&rsquo;\u00eatre repris par le peloton \u00e0 28 kilom\u00e8tres de l&rsquo;arriv\u00e9e.<\/p>\n<blockquote class=\"twitter-tweet\">\n<p dir=\"ltr\" lang=\"fr\">&#x1f632; Oh l&rsquo;\u00e9norme chute dans le peloton !<\/p>\n<p>Une banderole fait tomber Tony Martin et derri\u00e8re, c&rsquo;est l&rsquo;effet domino ! Des dizaines de coureurs se retrouvent au sol ! <a href=\"https:\/\/twitter.com\/hashtag\/TDF2021?src=hash&amp;ref_src=twsrc%5Etfw\">#TDF2021<\/a><\/p>\n<p>&#x25b6; Suivez le Tour de France en direct : <a href=\"https:\/\/t.co\/ulj9JGnQBb\">https:\/\/t.co\/ulj9JGnQBb<\/a> <a href=\"https:\/\/t.co\/pdNtzJC5sd\">pic.twitter.com\/pdNtzJC5sd<\/a><\/p>\n<p>\u2014 France tv sport (@francetvsport) <a href=\"https:\/\/twitter.com\/francetvsport\/status\/1408791694355664896?ref_src=twsrc%5Etfw\">June 26, 2021<\/a><\/p><\/blockquote>\n<p><script async src=\"https:\/\/platform.twitter.com\/widgets.js\" charset=\"utf-8\"><\/script><\/p>\n<h2 style=\"text-align: justify;\">Des chutes et encore des chutes<\/h2>\n<p style=\"text-align: justify;\">\u00c0 l&rsquo;approche de Landerneau, toutes les \u00e9quipes des pr\u00e9tendants au classement g\u00e9n\u00e9ral ont replac\u00e9 leur leader \u00e0 l&rsquo;avant du peloton mais une \u00e9norme chute a eu lieu au milieu du peloton. <strong>Christopher Froome<\/strong> (Israel Start-Up Nation) a mis beaucoup de temps \u00e0 se relever et a fini l&rsquo;\u00e9tape \u00e0 plus de 15 minutes. La tension a continu\u00e9 de monter dans les rues de Landerneau pour atteindre le pied de la mont\u00e9e finale.<\/p>\n<p style=\"text-align: justify;\">Apr\u00e8s avoir \u00e9t\u00e9 lanc\u00e9 par ses \u00e9quipiers, <strong>Julian Alaphilippe<\/strong> (Deceuninck &#8211; Quick Step) a attaqu\u00e9 \u00e0 moins de 2 kilom\u00e8tres du sommet de la C\u00f4te de la Fosse aux Loups. <strong>Pierre Latour<\/strong> (Team TotalEnergies) a tent\u00e9 en vain de revenir en contre. Les deux favoris slov\u00e8nes se sont surveill\u00e9s alors que <strong>Mathieu van der Poel<\/strong> (Alpecin Fenix) \u00e9tait oblig\u00e9 de produire un effort pour revenir sur Pogacar et Roglic.<\/p>\n<h2 style=\"text-align: justify;\">Julian Alaphilippe gagne en patron<\/h2>\n<p style=\"text-align: justify;\">Finalement, <a href=\"https:\/\/dicodusport.fr\/blog\/quiz-cyclisme-etes-vous-incollable-julian-alaphilippe\/\"><strong>Julian Alaphilippe<\/strong><\/a> (Deceuninck &#8211; Quick Step) a remport\u00e9 cette premi\u00e8re \u00e9tape en costaud alors que <strong>Latour<\/strong> a \u00e9t\u00e9 aval\u00e9 par un groupe d&rsquo;une vingtaine de coureurs. <strong>Michael Matthews<\/strong> (Team BikeExchange) a r\u00e9gl\u00e9 le sprint du groupe de chasse \u00e0 8 secondes devant <strong>Primoz Roglic<\/strong> (Team Jumbo &#8211; Visma). <strong>Alaphilippe<\/strong> s&rsquo;est empar\u00e9 pour la troisi\u00e8me ann\u00e9e de suite le maillot jaune et le champion du monde a d\u00e9croch\u00e9 un 6e succ\u00e8s d&rsquo;\u00e9tape. Roglic, quant \u00e0 lui, en a profit\u00e9 pour prendre 4 secondes de bonification. <strong>Richard Carapaz<\/strong> (INEOS Grenadiers) a perdu 13 secondes sur Alaphilippe.<\/p>\n<blockquote class=\"twitter-tweet\">\n<p dir=\"ltr\" lang=\"fr\">&#x1f60d;&#x1f1eb;&#x1f1f7;&#x1f4aa; SENSATIONNEL JULIAN ALAPHILIPPE !<\/p>\n<p>Quel num\u00e9ro du Fran\u00e7ais qui remporte la premi\u00e8re \u00e9tape en solitaire et prend le maillot jaune ! Exceptionnel ! <a href=\"https:\/\/twitter.com\/hashtag\/TDF2021?src=hash&amp;ref_src=twsrc%5Etfw\">#TDF2021<\/a><\/p>\n<p>&#x25b6; Suivez le Tour de France en direct : <a href=\"https:\/\/t.co\/ulj9JGnQBb\">https:\/\/t.co\/ulj9JGnQBb<\/a> <a href=\"https:\/\/t.co\/7T62PwExFU\">pic.twitter.com\/7T62PwExFU<\/a><\/p>\n<p>\u2014 France tv sport (@francetvsport) <a href=\"https:\/\/twitter.com\/francetvsport\/status\/1408807052319805445?ref_src=twsrc%5Etfw\">June 26, 2021<\/a><\/p><\/blockquote>\n<p><script async src=\"https:\/\/platform.twitter.com\/widgets.js\" charset=\"utf-8\"><\/script><\/p>\n<p style=\"text-align: justify;\"><span class=\"css-901oao css-16my406 r-poiln3 r-bcqeeo r-qvutc0\">Des pr\u00e9tendants au classement g\u00e9n\u00e9ral comme <strong>Miguel Angel Lopez<\/strong> (Movistar), <strong>Ben O&rsquo;Connor<\/strong> (AG2R Citro\u00ebn Team), <strong>Guillaume Martin<\/strong> (Cofidis) et <strong>Emmanuel Buchmann<\/strong> (BORA &#8211; hansgrohe) ont perdu 1 minute 49. <strong>Richie Porte <\/strong>(INEOS Grenadiers) et <strong>Wout Poels <\/strong>(Bahrain Victorious) ont l\u00e2ch\u00e9 2 minutes 16.<br \/>\n<\/span><\/p>\n<p style=\"text-align: justify;\">Demain, nouvelle arriv\u00e9e au sommet d&rsquo;une c\u00f4te \u00e0 <strong><span class=\"red\">M\u00fbr-de-Bretagne<\/span><\/strong> pour une nouvelle explication entre les puncheurs et les grimpeurs.<\/p>\n<h2 style=\"text-align: justify;\"><strong>\u00c0 lire aussi<\/strong><\/h2>\n<ul>\n<li style=\"text-align: justify;\"><a href=\"https:\/\/dicodusport.fr\/blog\/tour-de-france-2021-classement-1ere-etape\/\"><strong>Le classement de la 1\u00e8re \u00e9tape<\/strong><\/a><\/li>\n<li style=\"text-align: justify;\"><a href=\"https:\/\/dicodusport.fr\/blog\/tour-de-france-2021-classement-general-maillot-jaune\/\"><strong>Le classement g\u00e9n\u00e9ral \u2013 Maillot jaune<\/strong><\/a><\/li>\n<li style=\"text-align: justify;\"><a href=\"https:\/\/dicodusport.fr\/blog\/tour-de-france-2021-classement-par-points-maillot-vert\/\"><strong>Le classement par points \u2013 Maillot vert<\/strong><\/a><\/li>\n<li style=\"text-align: justify;\"><a href=\"https:\/\/dicodusport.fr\/blog\/tour-de-france-2021-classement-montagne-maillot-a-pois\/\"><strong>Le classement de la montagne \u2013 Maillot \u00e0 pois<\/strong><\/a><\/li>\n<li style=\"text-align: justify;\"><a href=\"https:\/\/dicodusport.fr\/blog\/tour-de-france-2021-classement-meilleur-jeune-maillot-blanc\/\"><strong>Le classement du meilleur jeune \u2013 Maillot blanc<\/strong><\/a><\/li>\n<li style=\"text-align: justify;\"><a href=\"https:\/\/dicodusport.fr\/blog\/toute-l-actualite-du-tour-de-france-2021\/\"><strong>Toute l\u2019actualit\u00e9 du Tour de France 2021<\/strong><\/a><\/li>\n<\/ul>\n<p>&nbsp;<\/p>\n","protected":false},"excerpt":{"rendered":"<p>CYCLISME &#8211; TOUR DE FRANCE 2021 &#8211; Le Tour de France 2021 d\u00e9butait avec une premi\u00e8re \u00e9tape assez accident\u00e9e dans le Finist\u00e8re entre Brest et Landerneau. En attaquant dans la bosse d&rsquo;arriv\u00e9e, Julian Alaphilippe (Deceuninck &#8211; Quick Step) s&rsquo;est impos\u00e9 en solitaire et s&rsquo;est empar\u00e9 du maillot jaune.\u00a0<\/p>\n","protected":false},"author":48,"featured_media":142466,"comment_status":"open","ping_status":"closed","sticky":false,"template":"","format":"standard","meta":{"_acf_changed":false,"_daextam_enable_autolinks":"","footnotes":""},"categories":[46995],"tags":[3119,24,1262],"class_list":["post-142398","post","type-post","status-publish","format-standard","has-post-thumbnail","hentry","category-tour-de-france","tag-actualite-cyclisme","tag-sport","tag-tour-de-france"],"acf":[],"yoast_head":"<!-- This site is optimized with the Yoast SEO Premium plugin v26.7 (Yoast SEO v26.7) - https:\/\/yoast.com\/wordpress\/plugins\/seo\/ -->\n<title>Tour de France 2021 : Julian Alaphilippe remporte la 1\u00e8re \u00e9tape en costaud !<\/title>\n<meta name=\"description\" content=\"CYCLISME - TOUR DE FRANCE 2021 - Julian Alaphilippe (Deceuninck - Quick Step) s&#039;est impos\u00e9 en solitaire sur la 1\u00e8re \u00e9tape, \u00e0 Landerneau.\" \/>\n<meta name=\"robots\" content=\"index, follow, max-snippet:-1, max-image-preview:large, max-video-preview:-1\" \/>\n<link rel=\"canonical\" href=\"https:\/\/dicodusport.fr\/blog\/tour-de-france-2021-julian-alaphilippe-remporte-1ere-etape-en-costaud\/\" \/>\n<meta property=\"og:locale\" content=\"fr_FR\" \/>\n<meta property=\"og:type\" content=\"article\" \/>\n<meta property=\"og:title\" content=\"Tour de France 2021 : Julian Alaphilippe remporte la 1\u00e8re \u00e9tape en costaud !\" \/>\n<meta property=\"og:description\" content=\"CYCLISME - TOUR DE FRANCE 2021 - Julian Alaphilippe (Deceuninck - Quick Step) s&#039;est impos\u00e9 en solitaire sur la 1\u00e8re \u00e9tape, \u00e0 Landerneau.\" \/>\n<meta property=\"og:url\" content=\"https:\/\/dicodusport.fr\/blog\/tour-de-france-2021-julian-alaphilippe-remporte-1ere-etape-en-costaud\/\" \/>\n<meta property=\"og:site_name\" content=\"Dicodusport\" \/>\n<meta property=\"article:publisher\" content=\"https:\/\/www.facebook.com\/dicodusport\" \/>\n<meta property=\"article:author\" content=\"https:\/\/www.facebook.com\/groups\/LesRoisDuPeloton\" \/>\n<meta property=\"article:published_time\" content=\"2021-06-26T15:16:38+00:00\" \/>\n<meta property=\"article:modified_time\" content=\"2021-06-26T16:38:39+00:00\" \/>\n<meta property=\"og:image\" content=\"https:\/\/dicodusport.fr\/blog\/wp-content\/uploads\/2021\/06\/Cyclisme-Tour-de-France-2021-Julian-Alaphilippe-remporte-la-1ere-etape-en-costaud.png\" \/>\n\t<meta property=\"og:image:width\" content=\"800\" \/>\n\t<meta property=\"og:image:height\" content=\"445\" \/>\n\t<meta property=\"og:image:type\" content=\"image\/png\" \/>\n<meta name=\"author\" content=\"Emilien Descampiaux\" \/>\n<meta name=\"twitter:card\" content=\"summary_large_image\" \/>\n<meta name=\"twitter:title\" content=\"Tour de France 2021 : Julian Alaphilippe remporte la 1\u00e8re \u00e9tape en costaud !\" \/>\n<meta name=\"twitter:creator\" content=\"@https:\/\/twitter.com\/LRoisDuPeloton\" \/>\n<meta name=\"twitter:site\" content=\"@dicodusport\" \/>\n<script type=\"application\/ld+json\" class=\"yoast-schema-graph\">{\"@context\":\"https:\/\/schema.org\",\"@graph\":[{\"@type\":\"NewsArticle\",\"@id\":\"https:\/\/dicodusport.fr\/blog\/tour-de-france-2021-julian-alaphilippe-remporte-1ere-etape-en-costaud\/#article\",\"isPartOf\":{\"@id\":\"https:\/\/dicodusport.fr\/blog\/tour-de-france-2021-julian-alaphilippe-remporte-1ere-etape-en-costaud\/\"},\"author\":{\"name\":\"Emilien Descampiaux\",\"@id\":\"https:\/\/dicodusport.fr\/blog\/#\/schema\/person\/6db4bae06b171592211be385b32876a7\"},\"headline\":\"Tour de France 2021 : Julian Alaphilippe remporte la 1\u00e8re \u00e9tape en costaud !\",\"datePublished\":\"2021-06-26T15:16:38+00:00\",\"dateModified\":\"2021-06-26T16:38:39+00:00\",\"mainEntityOfPage\":{\"@id\":\"https:\/\/dicodusport.fr\/blog\/tour-de-france-2021-julian-alaphilippe-remporte-1ere-etape-en-costaud\/\"},\"wordCount\":958,\"commentCount\":0,\"publisher\":{\"@id\":\"https:\/\/dicodusport.fr\/blog\/#organization\"},\"image\":{\"@id\":\"https:\/\/dicodusport.fr\/blog\/tour-de-france-2021-julian-alaphilippe-remporte-1ere-etape-en-costaud\/#primaryimage\"},\"thumbnailUrl\":\"https:\/\/dicodusport.fr\/blog\/wp-content\/uploads\/2021\/06\/Cyclisme-Tour-de-France-2021-Julian-Alaphilippe-remporte-la-1ere-etape-en-costaud.png\",\"keywords\":[\"Actualit\u00e9 Cyclisme\",\"sport\",\"Tour de France\"],\"articleSection\":[\"Tour de France\"],\"inLanguage\":\"fr-FR\",\"potentialAction\":[{\"@type\":\"CommentAction\",\"name\":\"Comment\",\"target\":[\"https:\/\/dicodusport.fr\/blog\/tour-de-france-2021-julian-alaphilippe-remporte-1ere-etape-en-costaud\/#respond\"]}],\"copyrightYear\":\"2021\",\"copyrightHolder\":{\"@id\":\"https:\/\/dicodusport.fr\/blog\/#organization\"}},{\"@type\":\"WebPage\",\"@id\":\"https:\/\/dicodusport.fr\/blog\/tour-de-france-2021-julian-alaphilippe-remporte-1ere-etape-en-costaud\/\",\"url\":\"https:\/\/dicodusport.fr\/blog\/tour-de-france-2021-julian-alaphilippe-remporte-1ere-etape-en-costaud\/\",\"name\":\"Tour de France 2021 : Julian Alaphilippe remporte la 1\u00e8re \u00e9tape en costaud !\",\"isPartOf\":{\"@id\":\"https:\/\/dicodusport.fr\/blog\/#website\"},\"primaryImageOfPage\":{\"@id\":\"https:\/\/dicodusport.fr\/blog\/tour-de-france-2021-julian-alaphilippe-remporte-1ere-etape-en-costaud\/#primaryimage\"},\"image\":{\"@id\":\"https:\/\/dicodusport.fr\/blog\/tour-de-france-2021-julian-alaphilippe-remporte-1ere-etape-en-costaud\/#primaryimage\"},\"thumbnailUrl\":\"https:\/\/dicodusport.fr\/blog\/wp-content\/uploads\/2021\/06\/Cyclisme-Tour-de-France-2021-Julian-Alaphilippe-remporte-la-1ere-etape-en-costaud.png\",\"datePublished\":\"2021-06-26T15:16:38+00:00\",\"dateModified\":\"2021-06-26T16:38:39+00:00\",\"description\":\"CYCLISME - TOUR DE FRANCE 2021 - Julian Alaphilippe (Deceuninck - Quick Step) s'est impos\u00e9 en solitaire sur la 1\u00e8re \u00e9tape, \u00e0 Landerneau.\",\"breadcrumb\":{\"@id\":\"https:\/\/dicodusport.fr\/blog\/tour-de-france-2021-julian-alaphilippe-remporte-1ere-etape-en-costaud\/#breadcrumb\"},\"inLanguage\":\"fr-FR\",\"potentialAction\":[{\"@type\":\"ReadAction\",\"target\":[\"https:\/\/dicodusport.fr\/blog\/tour-de-france-2021-julian-alaphilippe-remporte-1ere-etape-en-costaud\/\"]}]},{\"@type\":\"ImageObject\",\"inLanguage\":\"fr-FR\",\"@id\":\"https:\/\/dicodusport.fr\/blog\/tour-de-france-2021-julian-alaphilippe-remporte-1ere-etape-en-costaud\/#primaryimage\",\"url\":\"https:\/\/dicodusport.fr\/blog\/wp-content\/uploads\/2021\/06\/Cyclisme-Tour-de-France-2021-Julian-Alaphilippe-remporte-la-1ere-etape-en-costaud.png\",\"contentUrl\":\"https:\/\/dicodusport.fr\/blog\/wp-content\/uploads\/2021\/06\/Cyclisme-Tour-de-France-2021-Julian-Alaphilippe-remporte-la-1ere-etape-en-costaud.png\",\"width\":800,\"height\":445,\"caption\":\"Cyclisme - Tour de France 2021 - Julian Alaphilippe remporte la 1\u00e8re \u00e9tape en costaud\"},{\"@type\":\"BreadcrumbList\",\"@id\":\"https:\/\/dicodusport.fr\/blog\/tour-de-france-2021-julian-alaphilippe-remporte-1ere-etape-en-costaud\/#breadcrumb\",\"itemListElement\":[{\"@type\":\"ListItem\",\"position\":1,\"name\":\"Accueil\",\"item\":\"https:\/\/dicodusport.fr\/blog\/\"},{\"@type\":\"ListItem\",\"position\":2,\"name\":\"Tour de France 2021 : Julian Alaphilippe remporte la 1\u00e8re \u00e9tape en costaud !\"}]},{\"@type\":\"WebSite\",\"@id\":\"https:\/\/dicodusport.fr\/blog\/#website\",\"url\":\"https:\/\/dicodusport.fr\/blog\/\",\"name\":\"Dicodusport\",\"description\":\"L&#039;encyclop\u00e9die de l&#039;actualit\u00e9 sportive\",\"publisher\":{\"@id\":\"https:\/\/dicodusport.fr\/blog\/#organization\"},\"potentialAction\":[{\"@type\":\"SearchAction\",\"target\":{\"@type\":\"EntryPoint\",\"urlTemplate\":\"https:\/\/dicodusport.fr\/blog\/?s={search_term_string}\"},\"query-input\":{\"@type\":\"PropertyValueSpecification\",\"valueRequired\":true,\"valueName\":\"search_term_string\"}}],\"inLanguage\":\"fr-FR\"},{\"@type\":\"NewsMediaOrganization\",\"@id\":\"https:\/\/dicodusport.fr\/blog\/#organization\",\"name\":\"Dicodusport\",\"url\":\"https:\/\/dicodusport.fr\/blog\/\",\"logo\":{\"@type\":\"ImageObject\",\"inLanguage\":\"fr-FR\",\"@id\":\"https:\/\/dicodusport.fr\/blog\/#\/schema\/logo\/image\/\",\"url\":\"https:\/\/dicodusport.fr\/blog\/wp-content\/uploads\/2020\/06\/cropped-LOGO-DICODUSPORT-2020-SANS-FOND-SANS-TEXTE.png\",\"contentUrl\":\"https:\/\/dicodusport.fr\/blog\/wp-content\/uploads\/2020\/06\/cropped-LOGO-DICODUSPORT-2020-SANS-FOND-SANS-TEXTE.png\",\"width\":512,\"height\":512,\"caption\":\"Dicodusport\"},\"image\":{\"@id\":\"https:\/\/dicodusport.fr\/blog\/#\/schema\/logo\/image\/\"},\"sameAs\":[\"https:\/\/www.facebook.com\/dicodusport\",\"https:\/\/x.com\/dicodusport\",\"https:\/\/www.instagram.com\/dicodusport\/\",\"https:\/\/www.youtube.com\/channel\/UC7V2KZ5sd3htJivAbA4ZG3w\"],\"description\":\"Dicodusport est l'encyclop\u00e9die de l'actualit\u00e9 sportive.\",\"email\":\"bonjour@dicodusport.fr\",\"legalName\":\"DICODUSPORT\",\"foundingDate\":\"2018-01-14\",\"vatID\":\"FR71834470973\",\"taxID\":\"83447097300043\",\"numberOfEmployees\":{\"@type\":\"QuantitativeValue\",\"minValue\":\"1\",\"maxValue\":\"10\"}},{\"@type\":\"Person\",\"@id\":\"https:\/\/dicodusport.fr\/blog\/#\/schema\/person\/6db4bae06b171592211be385b32876a7\",\"name\":\"Emilien Descampiaux\",\"image\":{\"@type\":\"ImageObject\",\"inLanguage\":\"fr-FR\",\"@id\":\"https:\/\/dicodusport.fr\/blog\/#\/schema\/person\/image\/\",\"url\":\"https:\/\/dicodusport.fr\/blog\/wp-content\/uploads\/2021\/05\/Emilien-Descampiaux-150x150.jpg\",\"contentUrl\":\"https:\/\/dicodusport.fr\/blog\/wp-content\/uploads\/2021\/05\/Emilien-Descampiaux-150x150.jpg\",\"caption\":\"Emilien Descampiaux\"},\"description\":\"Journaliste\/r\u00e9dacteur depuis 2014 - Fan de la classe de Frank Vandenbroucke, je vis cyclisme (et de ses paysages) depuis plus de 20 ans. Je suis tr\u00e8s impliqu\u00e9 sur mes diff\u00e9rents r\u00e9seaux sociaux pour partager ma passion sur le monde et l'Histoire de la bicyclette avec ma voix sur les images en noir et blanc du succ\u00e8s de Rik Van Steenbergen lors du Ronde sur le V\u00e9lodrome de Gand.\",\"sameAs\":[\"https:\/\/www.facebook.com\/groups\/LesRoisDuPeloton\",\"https:\/\/x.com\/https:\/\/twitter.com\/LRoisDuPeloton\"],\"url\":\"https:\/\/dicodusport.fr\/blog\/author\/emiliend\/\"}]}<\/script>\n<!-- \/ Yoast SEO Premium plugin. -->","yoast_head_json":{"title":"Tour de France 2021 : Julian Alaphilippe remporte la 1\u00e8re \u00e9tape en costaud !","description":"CYCLISME - TOUR DE FRANCE 2021 - Julian Alaphilippe (Deceuninck - Quick Step) s'est impos\u00e9 en solitaire sur la 1\u00e8re \u00e9tape, \u00e0 Landerneau.","robots":{"index":"index","follow":"follow","max-snippet":"max-snippet:-1","max-image-preview":"max-image-preview:large","max-video-preview":"max-video-preview:-1"},"canonical":"https:\/\/dicodusport.fr\/blog\/tour-de-france-2021-julian-alaphilippe-remporte-1ere-etape-en-costaud\/","og_locale":"fr_FR","og_type":"article","og_title":"Tour de France 2021 : Julian Alaphilippe remporte la 1\u00e8re \u00e9tape en costaud !","og_description":"CYCLISME - TOUR DE FRANCE 2021 - Julian Alaphilippe (Deceuninck - Quick Step) s'est impos\u00e9 en solitaire sur la 1\u00e8re \u00e9tape, \u00e0 Landerneau.","og_url":"https:\/\/dicodusport.fr\/blog\/tour-de-france-2021-julian-alaphilippe-remporte-1ere-etape-en-costaud\/","og_site_name":"Dicodusport","article_publisher":"https:\/\/www.facebook.com\/dicodusport","article_author":"https:\/\/www.facebook.com\/groups\/LesRoisDuPeloton","article_published_time":"2021-06-26T15:16:38+00:00","article_modified_time":"2021-06-26T16:38:39+00:00","og_image":[{"width":800,"height":445,"url":"https:\/\/dicodusport.fr\/blog\/wp-content\/uploads\/2021\/06\/Cyclisme-Tour-de-France-2021-Julian-Alaphilippe-remporte-la-1ere-etape-en-costaud.png","type":"image\/png"}],"author":"Emilien Descampiaux","twitter_card":"summary_large_image","twitter_title":"Tour de France 2021 : Julian Alaphilippe remporte la 1\u00e8re \u00e9tape en costaud !","twitter_creator":"@https:\/\/twitter.com\/LRoisDuPeloton","twitter_site":"@dicodusport","schema":{"@context":"https:\/\/schema.org","@graph":[{"@type":"NewsArticle","@id":"https:\/\/dicodusport.fr\/blog\/tour-de-france-2021-julian-alaphilippe-remporte-1ere-etape-en-costaud\/#article","isPartOf":{"@id":"https:\/\/dicodusport.fr\/blog\/tour-de-france-2021-julian-alaphilippe-remporte-1ere-etape-en-costaud\/"},"author":{"name":"Emilien Descampiaux","@id":"https:\/\/dicodusport.fr\/blog\/#\/schema\/person\/6db4bae06b171592211be385b32876a7"},"headline":"Tour de France 2021 : Julian Alaphilippe remporte la 1\u00e8re \u00e9tape en costaud !","datePublished":"2021-06-26T15:16:38+00:00","dateModified":"2021-06-26T16:38:39+00:00","mainEntityOfPage":{"@id":"https:\/\/dicodusport.fr\/blog\/tour-de-france-2021-julian-alaphilippe-remporte-1ere-etape-en-costaud\/"},"wordCount":958,"commentCount":0,"publisher":{"@id":"https:\/\/dicodusport.fr\/blog\/#organization"},"image":{"@id":"https:\/\/dicodusport.fr\/blog\/tour-de-france-2021-julian-alaphilippe-remporte-1ere-etape-en-costaud\/#primaryimage"},"thumbnailUrl":"https:\/\/dicodusport.fr\/blog\/wp-content\/uploads\/2021\/06\/Cyclisme-Tour-de-France-2021-Julian-Alaphilippe-remporte-la-1ere-etape-en-costaud.png","keywords":["Actualit\u00e9 Cyclisme","sport","Tour de France"],"articleSection":["Tour de France"],"inLanguage":"fr-FR","potentialAction":[{"@type":"CommentAction","name":"Comment","target":["https:\/\/dicodusport.fr\/blog\/tour-de-france-2021-julian-alaphilippe-remporte-1ere-etape-en-costaud\/#respond"]}],"copyrightYear":"2021","copyrightHolder":{"@id":"https:\/\/dicodusport.fr\/blog\/#organization"}},{"@type":"WebPage","@id":"https:\/\/dicodusport.fr\/blog\/tour-de-france-2021-julian-alaphilippe-remporte-1ere-etape-en-costaud\/","url":"https:\/\/dicodusport.fr\/blog\/tour-de-france-2021-julian-alaphilippe-remporte-1ere-etape-en-costaud\/","name":"Tour de France 2021 : Julian Alaphilippe remporte la 1\u00e8re \u00e9tape en costaud !","isPartOf":{"@id":"https:\/\/dicodusport.fr\/blog\/#website"},"primaryImageOfPage":{"@id":"https:\/\/dicodusport.fr\/blog\/tour-de-france-2021-julian-alaphilippe-remporte-1ere-etape-en-costaud\/#primaryimage"},"image":{"@id":"https:\/\/dicodusport.fr\/blog\/tour-de-france-2021-julian-alaphilippe-remporte-1ere-etape-en-costaud\/#primaryimage"},"thumbnailUrl":"https:\/\/dicodusport.fr\/blog\/wp-content\/uploads\/2021\/06\/Cyclisme-Tour-de-France-2021-Julian-Alaphilippe-remporte-la-1ere-etape-en-costaud.png","datePublished":"2021-06-26T15:16:38+00:00","dateModified":"2021-06-26T16:38:39+00:00","description":"CYCLISME - TOUR DE FRANCE 2021 - Julian Alaphilippe (Deceuninck - Quick Step) s'est impos\u00e9 en solitaire sur la 1\u00e8re \u00e9tape, \u00e0 Landerneau.","breadcrumb":{"@id":"https:\/\/dicodusport.fr\/blog\/tour-de-france-2021-julian-alaphilippe-remporte-1ere-etape-en-costaud\/#breadcrumb"},"inLanguage":"fr-FR","potentialAction":[{"@type":"ReadAction","target":["https:\/\/dicodusport.fr\/blog\/tour-de-france-2021-julian-alaphilippe-remporte-1ere-etape-en-costaud\/"]}]},{"@type":"ImageObject","inLanguage":"fr-FR","@id":"https:\/\/dicodusport.fr\/blog\/tour-de-france-2021-julian-alaphilippe-remporte-1ere-etape-en-costaud\/#primaryimage","url":"https:\/\/dicodusport.fr\/blog\/wp-content\/uploads\/2021\/06\/Cyclisme-Tour-de-France-2021-Julian-Alaphilippe-remporte-la-1ere-etape-en-costaud.png","contentUrl":"https:\/\/dicodusport.fr\/blog\/wp-content\/uploads\/2021\/06\/Cyclisme-Tour-de-France-2021-Julian-Alaphilippe-remporte-la-1ere-etape-en-costaud.png","width":800,"height":445,"caption":"Cyclisme - Tour de France 2021 - Julian Alaphilippe remporte la 1\u00e8re \u00e9tape en costaud"},{"@type":"BreadcrumbList","@id":"https:\/\/dicodusport.fr\/blog\/tour-de-france-2021-julian-alaphilippe-remporte-1ere-etape-en-costaud\/#breadcrumb","itemListElement":[{"@type":"ListItem","position":1,"name":"Accueil","item":"https:\/\/dicodusport.fr\/blog\/"},{"@type":"ListItem","position":2,"name":"Tour de France 2021 : Julian Alaphilippe remporte la 1\u00e8re \u00e9tape en costaud !"}]},{"@type":"WebSite","@id":"https:\/\/dicodusport.fr\/blog\/#website","url":"https:\/\/dicodusport.fr\/blog\/","name":"Dicodusport","description":"L&#039;encyclop\u00e9die de l&#039;actualit\u00e9 sportive","publisher":{"@id":"https:\/\/dicodusport.fr\/blog\/#organization"},"potentialAction":[{"@type":"SearchAction","target":{"@type":"EntryPoint","urlTemplate":"https:\/\/dicodusport.fr\/blog\/?s={search_term_string}"},"query-input":{"@type":"PropertyValueSpecification","valueRequired":true,"valueName":"search_term_string"}}],"inLanguage":"fr-FR"},{"@type":"NewsMediaOrganization","@id":"https:\/\/dicodusport.fr\/blog\/#organization","name":"Dicodusport","url":"https:\/\/dicodusport.fr\/blog\/","logo":{"@type":"ImageObject","inLanguage":"fr-FR","@id":"https:\/\/dicodusport.fr\/blog\/#\/schema\/logo\/image\/","url":"https:\/\/dicodusport.fr\/blog\/wp-content\/uploads\/2020\/06\/cropped-LOGO-DICODUSPORT-2020-SANS-FOND-SANS-TEXTE.png","contentUrl":"https:\/\/dicodusport.fr\/blog\/wp-content\/uploads\/2020\/06\/cropped-LOGO-DICODUSPORT-2020-SANS-FOND-SANS-TEXTE.png","width":512,"height":512,"caption":"Dicodusport"},"image":{"@id":"https:\/\/dicodusport.fr\/blog\/#\/schema\/logo\/image\/"},"sameAs":["https:\/\/www.facebook.com\/dicodusport","https:\/\/x.com\/dicodusport","https:\/\/www.instagram.com\/dicodusport\/","https:\/\/www.youtube.com\/channel\/UC7V2KZ5sd3htJivAbA4ZG3w"],"description":"Dicodusport est l'encyclop\u00e9die de l'actualit\u00e9 sportive.","email":"bonjour@dicodusport.fr","legalName":"DICODUSPORT","foundingDate":"2018-01-14","vatID":"FR71834470973","taxID":"83447097300043","numberOfEmployees":{"@type":"QuantitativeValue","minValue":"1","maxValue":"10"}},{"@type":"Person","@id":"https:\/\/dicodusport.fr\/blog\/#\/schema\/person\/6db4bae06b171592211be385b32876a7","name":"Emilien Descampiaux","image":{"@type":"ImageObject","inLanguage":"fr-FR","@id":"https:\/\/dicodusport.fr\/blog\/#\/schema\/person\/image\/","url":"https:\/\/dicodusport.fr\/blog\/wp-content\/uploads\/2021\/05\/Emilien-Descampiaux-150x150.jpg","contentUrl":"https:\/\/dicodusport.fr\/blog\/wp-content\/uploads\/2021\/05\/Emilien-Descampiaux-150x150.jpg","caption":"Emilien Descampiaux"},"description":"Journaliste\/r\u00e9dacteur depuis 2014 - Fan de la classe de Frank Vandenbroucke, je vis cyclisme (et de ses paysages) depuis plus de 20 ans. Je suis tr\u00e8s impliqu\u00e9 sur mes diff\u00e9rents r\u00e9seaux sociaux pour partager ma passion sur le monde et l'Histoire de la bicyclette avec ma voix sur les images en noir et blanc du succ\u00e8s de Rik Van Steenbergen lors du Ronde sur le V\u00e9lodrome de Gand.","sameAs":["https:\/\/www.facebook.com\/groups\/LesRoisDuPeloton","https:\/\/x.com\/https:\/\/twitter.com\/LRoisDuPeloton"],"url":"https:\/\/dicodusport.fr\/blog\/author\/emiliend\/"}]}},"_links":{"self":[{"href":"https:\/\/dicodusport.fr\/blog\/wp-json\/wp\/v2\/posts\/142398","targetHints":{"allow":["GET"]}}],"collection":[{"href":"https:\/\/dicodusport.fr\/blog\/wp-json\/wp\/v2\/posts"}],"about":[{"href":"https:\/\/dicodusport.fr\/blog\/wp-json\/wp\/v2\/types\/post"}],"author":[{"embeddable":true,"href":"https:\/\/dicodusport.fr\/blog\/wp-json\/wp\/v2\/users\/48"}],"replies":[{"embeddable":true,"href":"https:\/\/dicodusport.fr\/blog\/wp-json\/wp\/v2\/comments?post=142398"}],"version-history":[{"count":0,"href":"https:\/\/dicodusport.fr\/blog\/wp-json\/wp\/v2\/posts\/142398\/revisions"}],"wp:featuredmedia":[{"embeddable":true,"href":"https:\/\/dicodusport.fr\/blog\/wp-json\/wp\/v2\/media\/142466"}],"wp:attachment":[{"href":"https:\/\/dicodusport.fr\/blog\/wp-json\/wp\/v2\/media?parent=142398"}],"wp:term":[{"taxonomy":"category","embeddable":true,"href":"https:\/\/dicodusport.fr\/blog\/wp-json\/wp\/v2\/categories?post=142398"},{"taxonomy":"post_tag","embeddable":true,"href":"https:\/\/dicodusport.fr\/blog\/wp-json\/wp\/v2\/tags?post=142398"}],"curies":[{"name":"wp","href":"https:\/\/api.w.org\/{rel}","templated":true}]}}