{"id":142435,"date":"2021-06-26T20:33:36","date_gmt":"2021-06-26T18:33:36","guid":{"rendered":"https:\/\/dicodusport.fr\/blog\/?p=142435&#038;preview=true&#038;preview_id=142435"},"modified":"2021-06-27T13:31:32","modified_gmt":"2021-06-27T11:31:32","slug":"clap-de-fin-pour-super-nana","status":"publish","type":"post","link":"https:\/\/dicodusport.fr\/blog\/clap-de-fin-pour-super-nana\/","title":{"rendered":"Clap de fin pour Super Nana"},"content":{"rendered":"<p style=\"text-align: justify;\"><strong><em><a href=\"https:\/\/dicodusport.fr\/blog\/athletisme-championnats-de-france-elite-2021-programme-et-resultats\/\" target=\"_blank\" rel=\"noopener\">CHAMPIONNATS DE FRANCE<\/a> &#8211; Quelle sortie pour Antoinette Nana Djimou ! Pour ses derniers France, l&rsquo;heptathlonienne a remport\u00e9 la m\u00e9daille d&rsquo;argent derri\u00e8re Esther Turpin.<br \/>\n<\/em><\/strong><\/p>\n<p style=\"text-align: justify;\">Elle aurait aim\u00e9 l&rsquo;or, mais cette m\u00e9daille d&rsquo;argent est d\u00e9j\u00e0 une belle r\u00e9compense qui vient ponctuer une carri\u00e8re magnifique.<\/p>\n<h2>Son dernier heptathlon<\/h2>\n<p style=\"text-align: justify;\">Elle a d\u00e9but\u00e9 vendredi par une derni\u00e8re place de la course la plus rapide du <strong>100 m haies<\/strong> en 13\u203394. Ensuite, elle a accroch\u00e9 la 8e place au <strong>saut en hauteur<\/strong>. Apr\u00e8s avoir franchi 1m58, 1m61 et 1m64 \u00e0 son premier essai, elle a but\u00e9 sur la barre \u00e0 1m67. Au <strong>lancer du poids<\/strong>, elle a pris la<strong> premi\u00e8re place<\/strong> gr\u00e2ce \u00e0 son premier jet \u00e0 <strong>14m69<\/strong>. Son deuxi\u00e8me jet a \u00e9t\u00e9 rat\u00e9 et le troisi\u00e8me \u00e9tait \u00e0 14m34. Pour la derni\u00e8re \u00e9preuve de la journ\u00e9e, elle a pris la 2e place de la course la moins rapide du <strong>200 m<\/strong> en 26\u203302.<\/p>\n<p style=\"text-align: justify;\">C&rsquo;est une belle journ\u00e9e de samedi que la Fran\u00e7aise a connu. \u00c0 la <strong>longueur<\/strong>, elle a pris la 4e place avec 5m73 r\u00e9alis\u00e9 \u00e0 son dernier essai. <strong>Esther Turpin<\/strong> et elle ont r\u00e9alis\u00e9 un gros concours du <strong>javelot<\/strong> pour se replacer. En effet, Nana Djimou a remport\u00e9 le concours avec <strong>48m86<\/strong> \u00e0 son premier essai (48m82 ensuite puis 46m34) et Turpin a termin\u00e9 derri\u00e8re avec 46m35. Avant le 800 m, Nana Djimou \u00e9tait premi\u00e8re mais Turpin \u00e9tait en embuscade.<\/p>\n<p style=\"text-align: justify;\">L&rsquo;\u00e9motion a gagn\u00e9 tout le stade avant ce <strong>800 m<\/strong>. Toutes les heptathloniennes portaient un dossard avec le nom de Nana Djimou sur leur dos et cette derni\u00e8re \u00e9tait en <a href=\"https:\/\/twitter.com\/AnnabelleRolnin\/status\/1408839242932011009\" target=\"_blank\" rel=\"noopener\"><strong>larmes<\/strong><\/a> au moment des pr\u00e9sentations des athl\u00e8tes. La course s&rsquo;est d\u00e9roul\u00e9e devant les 5000 spectateurs autoris\u00e9s qui \u00e9taient debout pour accompagner les athl\u00e8tes, dont une en particulier, dans leur derni\u00e8re \u00e9preuve. <strong>C\u00e9lia Perron<\/strong> a impos\u00e9 un gros rythme dans la course et a termin\u00e9 en 2\u203214\u203356 juste devant Esther Turpin (2\u203214\u203399). De son c\u00f4t\u00e9, Antoinette Nana Djimou a termin\u00e9 8e en 2\u203227\u203334.<\/p>\n<p style=\"text-align: justify;\">Et voil\u00e0, c&rsquo;\u00e9tait fini. Avec 727 points suppl\u00e9mentaires et <strong>5806 points<\/strong> en tout, Nana Djimou laissait sa premi\u00e8re place \u00e0 Turpin mais remportait une <strong>derni\u00e8re m\u00e9daille<\/strong>, en argent. La Fran\u00e7aise est longtemps rest\u00e9e allong\u00e9e sur la piste, avant d&rsquo;\u00eatre relev\u00e9e par Aguessy Thomas et f\u00e9licit\u00e9e par<strong> Andr\u00e9 Giraud<\/strong>, pr\u00e9sident de la F\u00e9d\u00e9ration Fran\u00e7aise d&rsquo;Athl\u00e9tisme.<\/p>\n<h2>Un beau palmar\u00e8s<\/h2>\n<p style=\"text-align: justify;\">Depuis ses premiers pas chez les cadets en 2001 \u00e0 ses derniers Championnats de France \u00c9lite en 2021, Antoinette Nana Djimou aura rafl\u00e9 de nombreuses m\u00e9dailles. Au niveau national, c&rsquo;est <strong>3 titres de championne de France<\/strong> \u00e0 l&rsquo;heptathlon en 2006, 2007 et 2019 (2 m\u00e9dailles d&rsquo;argent) et <strong>4 titres<\/strong> au pentathlon en salle en 2005, 2007, 2009 et 2010 (une m\u00e9daille de bronze).<\/p>\n<p style=\"text-align: justify;\">L&rsquo;athl\u00e8te qui a rev\u00eatu la tunique bleue \u00e0 <strong>34 reprises<\/strong> a \u00e9galement port\u00e9 haut la France sur la sc\u00e8ne internationale. Sans rentrer dans le <a href=\"https:\/\/worldathletics.org\/athletes\/france\/antoinette-nana-djimou-14273285\" target=\"_blank\" rel=\"noopener\">d\u00e9tail de son palmar\u00e8s<\/a>, Antoinette Nana Djimou a remport\u00e9 son<strong> premier titre continental<\/strong> \u00e0 Paris lors des Championnats d&rsquo;Europe en salle 2011, au pentathlon. Elle a r\u00e9alis\u00e9 le doubl\u00e9 \u00e0 G\u00f6teborg deux ans plus tard. En plein air, Nana Djimou a remport\u00e9 l&rsquo;or europ\u00e9en \u00e0 l&rsquo;heptathlon en 2012 et 2014. 4e aux JO de Londres avec son record personnel (6576 points), elle avait remport\u00e9 le D\u00e9castar le mois suivant.<\/p>\n<h2>Une fin de carri\u00e8re d\u00e9cal\u00e9e<\/h2>\n<p style=\"text-align: justify;\">Comme beaucoup d&rsquo;athl\u00e8tes, sa <strong>retraite sportive<\/strong> aura \u00e9t\u00e9 perturb\u00e9e par la <strong>pand\u00e9mie<\/strong>. En effet, elle avait pr\u00e9vu d&rsquo;arr\u00eater l&rsquo;ann\u00e9e derni\u00e8re. Apr\u00e8s l&rsquo;annonce du report des JO, elle aurait aim\u00e9 termin\u00e9 lors des Championnats d&rsquo;Europe qui devaient se d\u00e9rouler \u00e0 Paris en ao\u00fbt. Malheureusement, ceux-ci ont \u00e9t\u00e9 annul\u00e9s. Alors elle a rempil\u00e9 pour 1 an. Mais la motivation n&rsquo;\u00e9tait plus la m\u00eame.<\/p>\n<blockquote>\n<p style=\"text-align: justify;\">Quand je pr\u00e9parais les grands championnats, quand je m&rsquo;entra\u00eenais, je pensais beaucoup \u00e0 cette comp\u00e9tition. Par exemple quand c&rsquo;est les Jeux, quand tu t&rsquo;entra\u00eenes, quand c&rsquo;est dur \u00e0 l&rsquo;entra\u00eenement tu dis : \u00ab\u00a0<em>imagine c&rsquo;est la derni\u00e8re ligne du 800, tu penses jeux, jeux, jeux<\/em>.\u00a0\u00bb Mais en fait, depuis le mois de mai (<em>2020, ndlr.<\/em>), quand les comp\u00e9titions ont repris, je ne pensais plus aux Jeux Olympiques. Je me levais, j&rsquo;allais \u00e0 l&rsquo;entra\u00eenement et c&rsquo;est devenu une routine. [&#8230;] J&rsquo;ai bien r\u00e9fl\u00e9chi, je suis repartie avec mon coach pour une ann\u00e9e encore. Mais d\u00e8s que les compets ont commenc\u00e9, j&rsquo;avais plus envie. J&rsquo;ai pris 3 semaines \u00e0 me rendre compte que je ne prenais plus plaisir \u00e0 courir.<\/p>\n<\/blockquote>\n<p>Sur le bilan de sa carri\u00e8re :<\/p>\n<blockquote>\n<p style=\"text-align: justify;\">Je retiens qu&rsquo;elle \u00e9tait belle, j&rsquo;ai quand m\u00eame pass\u00e9 des bons moments. J&rsquo;ai ramen\u00e9 des m\u00e9dailles. Si on m&rsquo;avait dit il y a 20 ans que je serai championne d&rsquo;Europe, j&rsquo;aurais jamais cru quand j&rsquo;ai commenc\u00e9 l&rsquo;athl\u00e9. Parce que j&rsquo;ai commenc\u00e9 super tard en 2001. Je ne savais rien faire et en plus j&rsquo;ai choisi une discipline qui n&rsquo;est pas facile, il y a plusieurs \u00e9preuves. J&rsquo;ai appris \u00e0 faire tout \u00e7a et l&rsquo;apprentissage s&rsquo;est tr\u00e8s tr\u00e8s bien pass\u00e9. J&rsquo;ai ramen\u00e9 des m\u00e9dailles donc c&rsquo;\u00e9tait top. Moi je voulais encore plus et plus et plus et maintenant je ne veux plus ! (rires)<\/p>\n<\/blockquote>\n<p style=\"text-align: justify;\">On le sait, les athl\u00e8tes qui participent aux \u00e9preuves combin\u00e9es ont un <strong>lien sp\u00e9cial<\/strong>. Se d\u00e9passer comme ils le font durant deux jours permet de cr\u00e9er des liens et on le voit souvent \u00e0 la fin des comp\u00e9titions, c&rsquo;est une petite famille et ils sont tr\u00e8s proches. Lorsqu&rsquo;elle a annonc\u00e9 \u00e0 ses coll\u00e8gues \u00e0 Tenerife il y a 15 jours qu&rsquo;elle pensait arr\u00eater, elles ont fait part de leur <strong>d\u00e9ception<\/strong> et elle a re\u00e7u beaucoup de <strong>compliments<\/strong> de ses pairs qui lui ont fait part de l&rsquo;<strong>admiration<\/strong> qu&rsquo;elles avaient pour elle. Louant notamment sa<strong> gentillesse<\/strong> et sa capacit\u00e9 \u00e0 se <strong>transcender<\/strong> et soulignant l&rsquo;exemple qu&rsquo;elle a repr\u00e9sent\u00e9 dans leur carri\u00e8re. Ce sont tous leurs mots qui lui sont venus en t\u00eate avant d&rsquo;aborder sa derni\u00e8re course.<\/p>\n<blockquote>\n<p style=\"text-align: justify;\">Quand je courais, je pensais \u00e0 tout ce que les gens m&rsquo;ont dit et je me suis dit \u00ab\u00a0<em>ah oui j&rsquo;ai quand m\u00eame touch\u00e9 des gens<\/em>\u00a0\u00bb et je suis contente pour \u00e7a. Je crois que je vais encore pleurer ce soir quand je vais rentrer parce que l\u00e0 c&rsquo;est vraiment fini.<\/p>\n<\/blockquote>\n<p style=\"text-align: justify;\">Apr\u00e8s une certaine Eunice Barber, Antoinette Nana Djimou aura fait les joies de l&rsquo;heptathlon fran\u00e7ais pendant de nombreuses ann\u00e9es. Toujours souriante, elle \u00e9tait une vraie lionne (indomptable) sur la piste. Capable de faire fi de la douleur comme aux Mondiaux de Daegu o\u00f9 elle a tenu \u00e0 finir son heptathlon malgr\u00e9 une blessure \u00e0 la jambe. <strong>Passionn\u00e9e<\/strong> de son sport, elle savait transmettre cette passion lors de ses interviews d&rsquo;apr\u00e8s comp\u00e9tition ou quand elle \u00e9tait aux commentaires. Alors merci pour tout<strong> Super Nana<\/strong> ! Nous te souhaitons le meilleur pour la suite.<\/p>\n<blockquote class=\"twitter-tweet\">\n<p dir=\"ltr\" lang=\"fr\">&#x1f622; Grand moment d&rsquo;\u00e9motion samedi soir \u00e0 <a href=\"https:\/\/twitter.com\/Angers?ref_src=twsrc%5Etfw\">@Angers<\/a> lors du 800 m de l&rsquo;heptathlon des <a href=\"https:\/\/twitter.com\/hashtag\/CFAthl%C3%A9?src=hash&amp;ref_src=twsrc%5Etfw\">#CFAthl\u00e9<\/a>, derni\u00e8re \u00e9preuve de la magnifique carri\u00e8re de <a href=\"https:\/\/twitter.com\/nanadjimou?ref_src=twsrc%5Etfw\">@nanadjimou<\/a>, notamment double &#x1f947; d&rsquo;Europe de la discipline et double &#x1f947; d&rsquo;Europe du pentathlon !<\/p>\n<p>&#x1f44f; Bravo et merci championne ! &#x2764;&#xfe0f; <a href=\"https:\/\/t.co\/BOtl2QkyKF\">pic.twitter.com\/BOtl2QkyKF<\/a><\/p>\n<p>\u2014 FFA (@FFAthletisme) <a href=\"https:\/\/twitter.com\/FFAthletisme\/status\/1409052963369279491?ref_src=twsrc%5Etfw\">June 27, 2021<\/a><\/p><\/blockquote>\n<p><script async src=\"https:\/\/platform.twitter.com\/widgets.js\" charset=\"utf-8\"><\/script><\/p>\n","protected":false},"excerpt":{"rendered":"<p>Quelle sortie pour Antoinette Nana Djimou ! Pour ses derniers France, l&rsquo;heptathlonienne a remport\u00e9 la m\u00e9daille d&rsquo;argent derri\u00e8re Esther Turpin.<\/p>\n","protected":false},"author":12,"featured_media":142500,"comment_status":"open","ping_status":"closed","sticky":false,"template":"","format":"standard","meta":{"_acf_changed":false,"_daextam_enable_autolinks":"","footnotes":""},"categories":[2308],"tags":[3214,143,8332],"class_list":["post-142435","post","type-post","status-publish","format-standard","has-post-thumbnail","hentry","category-athletisme","tag-angers","tag-athletisme","tag-championnats-de-france-elite-dathletisme"],"acf":[],"yoast_head":"<!-- This site is optimized with the Yoast SEO Premium plugin v26.7 (Yoast SEO v26.7) - https:\/\/yoast.com\/wordpress\/plugins\/seo\/ -->\n<title>Clap de fin pour Super Nana<\/title>\n<meta name=\"description\" content=\"Les Championnats de France d&#039;athl\u00e9tisme \u00c9lite se d\u00e9roulent ce week-end \u00e0 Angers. Voici le programme et les r\u00e9sultats.\" \/>\n<meta name=\"robots\" content=\"index, follow, max-snippet:-1, max-image-preview:large, max-video-preview:-1\" \/>\n<link rel=\"canonical\" href=\"https:\/\/dicodusport.fr\/blog\/clap-de-fin-pour-super-nana\/\" \/>\n<meta property=\"og:locale\" content=\"fr_FR\" \/>\n<meta property=\"og:type\" content=\"article\" \/>\n<meta property=\"og:title\" content=\"Clap de fin pour Super Nana\" \/>\n<meta property=\"og:description\" content=\"Les Championnats de France d&#039;athl\u00e9tisme \u00c9lite se d\u00e9roulent ce week-end \u00e0 Angers. Voici le programme et les r\u00e9sultats.\" \/>\n<meta property=\"og:url\" content=\"https:\/\/dicodusport.fr\/blog\/clap-de-fin-pour-super-nana\/\" \/>\n<meta property=\"og:site_name\" content=\"Dicodusport\" \/>\n<meta property=\"article:publisher\" content=\"https:\/\/www.facebook.com\/dicodusport\" \/>\n<meta property=\"article:published_time\" content=\"2021-06-26T18:33:36+00:00\" \/>\n<meta property=\"article:modified_time\" content=\"2021-06-27T11:31:32+00:00\" \/>\n<meta property=\"og:image\" content=\"https:\/\/dicodusport.fr\/blog\/wp-content\/uploads\/2021\/06\/Athletisme-Clap-de-fin-pour-Super-Nana.jpg\" \/>\n\t<meta property=\"og:image:width\" content=\"800\" \/>\n\t<meta property=\"og:image:height\" content=\"445\" \/>\n\t<meta property=\"og:image:type\" content=\"image\/jpeg\" \/>\n<meta name=\"author\" content=\"Arlette Yeye\" \/>\n<meta name=\"twitter:card\" content=\"summary_large_image\" \/>\n<meta name=\"twitter:title\" content=\"Clap de fin pour Super Nana\" \/>\n<meta name=\"twitter:creator\" content=\"@https:\/\/twitter.com\/Shiclette94\" \/>\n<meta name=\"twitter:site\" content=\"@dicodusport\" \/>\n<script type=\"application\/ld+json\" class=\"yoast-schema-graph\">{\"@context\":\"https:\/\/schema.org\",\"@graph\":[{\"@type\":\"NewsArticle\",\"@id\":\"https:\/\/dicodusport.fr\/blog\/clap-de-fin-pour-super-nana\/#article\",\"isPartOf\":{\"@id\":\"https:\/\/dicodusport.fr\/blog\/clap-de-fin-pour-super-nana\/\"},\"author\":{\"name\":\"Arlette Yeye\",\"@id\":\"https:\/\/dicodusport.fr\/blog\/#\/schema\/person\/cce96fa88785bd8573e3d43078ac8c79\"},\"headline\":\"Clap de fin pour Super Nana\",\"datePublished\":\"2021-06-26T18:33:36+00:00\",\"dateModified\":\"2021-06-27T11:31:32+00:00\",\"mainEntityOfPage\":{\"@id\":\"https:\/\/dicodusport.fr\/blog\/clap-de-fin-pour-super-nana\/\"},\"wordCount\":1270,\"commentCount\":0,\"publisher\":{\"@id\":\"https:\/\/dicodusport.fr\/blog\/#organization\"},\"image\":{\"@id\":\"https:\/\/dicodusport.fr\/blog\/clap-de-fin-pour-super-nana\/#primaryimage\"},\"thumbnailUrl\":\"https:\/\/dicodusport.fr\/blog\/wp-content\/uploads\/2021\/06\/Athletisme-Clap-de-fin-pour-Super-Nana.jpg\",\"keywords\":[\"Angers\",\"Athl\u00e9tisme\",\"Championnats de France Elite d'athl\u00e9tisme\"],\"articleSection\":[\"Athl\u00e9tisme\"],\"inLanguage\":\"fr-FR\",\"potentialAction\":[{\"@type\":\"CommentAction\",\"name\":\"Comment\",\"target\":[\"https:\/\/dicodusport.fr\/blog\/clap-de-fin-pour-super-nana\/#respond\"]}],\"copyrightYear\":\"2021\",\"copyrightHolder\":{\"@id\":\"https:\/\/dicodusport.fr\/blog\/#organization\"}},{\"@type\":\"WebPage\",\"@id\":\"https:\/\/dicodusport.fr\/blog\/clap-de-fin-pour-super-nana\/\",\"url\":\"https:\/\/dicodusport.fr\/blog\/clap-de-fin-pour-super-nana\/\",\"name\":\"Clap de fin pour Super Nana\",\"isPartOf\":{\"@id\":\"https:\/\/dicodusport.fr\/blog\/#website\"},\"primaryImageOfPage\":{\"@id\":\"https:\/\/dicodusport.fr\/blog\/clap-de-fin-pour-super-nana\/#primaryimage\"},\"image\":{\"@id\":\"https:\/\/dicodusport.fr\/blog\/clap-de-fin-pour-super-nana\/#primaryimage\"},\"thumbnailUrl\":\"https:\/\/dicodusport.fr\/blog\/wp-content\/uploads\/2021\/06\/Athletisme-Clap-de-fin-pour-Super-Nana.jpg\",\"datePublished\":\"2021-06-26T18:33:36+00:00\",\"dateModified\":\"2021-06-27T11:31:32+00:00\",\"description\":\"Les Championnats de France d'athl\u00e9tisme \u00c9lite se d\u00e9roulent ce week-end \u00e0 Angers. Voici le programme et les r\u00e9sultats.\",\"breadcrumb\":{\"@id\":\"https:\/\/dicodusport.fr\/blog\/clap-de-fin-pour-super-nana\/#breadcrumb\"},\"inLanguage\":\"fr-FR\",\"potentialAction\":[{\"@type\":\"ReadAction\",\"target\":[\"https:\/\/dicodusport.fr\/blog\/clap-de-fin-pour-super-nana\/\"]}]},{\"@type\":\"ImageObject\",\"inLanguage\":\"fr-FR\",\"@id\":\"https:\/\/dicodusport.fr\/blog\/clap-de-fin-pour-super-nana\/#primaryimage\",\"url\":\"https:\/\/dicodusport.fr\/blog\/wp-content\/uploads\/2021\/06\/Athletisme-Clap-de-fin-pour-Super-Nana.jpg\",\"contentUrl\":\"https:\/\/dicodusport.fr\/blog\/wp-content\/uploads\/2021\/06\/Athletisme-Clap-de-fin-pour-Super-Nana.jpg\",\"width\":800,\"height\":445,\"caption\":\"Athl\u00e9tisme - Clap de fin pour Super Nana\"},{\"@type\":\"BreadcrumbList\",\"@id\":\"https:\/\/dicodusport.fr\/blog\/clap-de-fin-pour-super-nana\/#breadcrumb\",\"itemListElement\":[{\"@type\":\"ListItem\",\"position\":1,\"name\":\"Accueil\",\"item\":\"https:\/\/dicodusport.fr\/blog\/\"},{\"@type\":\"ListItem\",\"position\":2,\"name\":\"Clap de fin pour Super Nana\"}]},{\"@type\":\"WebSite\",\"@id\":\"https:\/\/dicodusport.fr\/blog\/#website\",\"url\":\"https:\/\/dicodusport.fr\/blog\/\",\"name\":\"Dicodusport\",\"description\":\"L&#039;encyclop\u00e9die de l&#039;actualit\u00e9 sportive\",\"publisher\":{\"@id\":\"https:\/\/dicodusport.fr\/blog\/#organization\"},\"potentialAction\":[{\"@type\":\"SearchAction\",\"target\":{\"@type\":\"EntryPoint\",\"urlTemplate\":\"https:\/\/dicodusport.fr\/blog\/?s={search_term_string}\"},\"query-input\":{\"@type\":\"PropertyValueSpecification\",\"valueRequired\":true,\"valueName\":\"search_term_string\"}}],\"inLanguage\":\"fr-FR\"},{\"@type\":\"NewsMediaOrganization\",\"@id\":\"https:\/\/dicodusport.fr\/blog\/#organization\",\"name\":\"Dicodusport\",\"url\":\"https:\/\/dicodusport.fr\/blog\/\",\"logo\":{\"@type\":\"ImageObject\",\"inLanguage\":\"fr-FR\",\"@id\":\"https:\/\/dicodusport.fr\/blog\/#\/schema\/logo\/image\/\",\"url\":\"https:\/\/dicodusport.fr\/blog\/wp-content\/uploads\/2020\/06\/cropped-LOGO-DICODUSPORT-2020-SANS-FOND-SANS-TEXTE.png\",\"contentUrl\":\"https:\/\/dicodusport.fr\/blog\/wp-content\/uploads\/2020\/06\/cropped-LOGO-DICODUSPORT-2020-SANS-FOND-SANS-TEXTE.png\",\"width\":512,\"height\":512,\"caption\":\"Dicodusport\"},\"image\":{\"@id\":\"https:\/\/dicodusport.fr\/blog\/#\/schema\/logo\/image\/\"},\"sameAs\":[\"https:\/\/www.facebook.com\/dicodusport\",\"https:\/\/x.com\/dicodusport\",\"https:\/\/www.instagram.com\/dicodusport\/\",\"https:\/\/www.youtube.com\/channel\/UC7V2KZ5sd3htJivAbA4ZG3w\"],\"description\":\"Dicodusport est l'encyclop\u00e9die de l'actualit\u00e9 sportive.\",\"email\":\"bonjour@dicodusport.fr\",\"legalName\":\"DICODUSPORT\",\"foundingDate\":\"2018-01-14\",\"vatID\":\"FR71834470973\",\"taxID\":\"83447097300043\",\"numberOfEmployees\":{\"@type\":\"QuantitativeValue\",\"minValue\":\"1\",\"maxValue\":\"10\"}},{\"@type\":\"Person\",\"@id\":\"https:\/\/dicodusport.fr\/blog\/#\/schema\/person\/cce96fa88785bd8573e3d43078ac8c79\",\"name\":\"Arlette Yeye\",\"image\":{\"@type\":\"ImageObject\",\"inLanguage\":\"fr-FR\",\"@id\":\"https:\/\/dicodusport.fr\/blog\/#\/schema\/person\/image\/\",\"url\":\"https:\/\/secure.gravatar.com\/avatar\/dca4a6239e6d708e46c45d60e160de6c?s=96&d=wp_user_avatar&r=g\",\"contentUrl\":\"https:\/\/secure.gravatar.com\/avatar\/dca4a6239e6d708e46c45d60e160de6c?s=96&d=wp_user_avatar&r=g\",\"caption\":\"Arlette Yeye\"},\"description\":\"Journaliste\/r\u00e9dactrice depuis septembre 2015 - Supportrice de Chelsea, j'ai pour sports de pr\u00e9dilection le handball, l'athl\u00e9tisme et le tennis. Si je tweete plus vite que mon ombre, vous pouvez aussi me retrouver les week-ends sur les playgrounds de Bruxelles pour un petit foot ou basket entre potes. Parcourir la France, l'Europe et plus si affinit\u00e9s pour suivre mes sportifs pr\u00e9f\u00e9r\u00e9s ? Mon kif ! Et c'est avec plaisir que je partage les r\u00e9sultats des sports populaires mais \u00e9galement plus confidentiels pour Dicodusport.\",\"sameAs\":[\"https:\/\/x.com\/https:\/\/twitter.com\/Shiclette94\"],\"url\":\"https:\/\/dicodusport.fr\/blog\/author\/arlette\/\"}]}<\/script>\n<!-- \/ Yoast SEO Premium plugin. -->","yoast_head_json":{"title":"Clap de fin pour Super Nana","description":"Les Championnats de France d'athl\u00e9tisme \u00c9lite se d\u00e9roulent ce week-end \u00e0 Angers. Voici le programme et les r\u00e9sultats.","robots":{"index":"index","follow":"follow","max-snippet":"max-snippet:-1","max-image-preview":"max-image-preview:large","max-video-preview":"max-video-preview:-1"},"canonical":"https:\/\/dicodusport.fr\/blog\/clap-de-fin-pour-super-nana\/","og_locale":"fr_FR","og_type":"article","og_title":"Clap de fin pour Super Nana","og_description":"Les Championnats de France d'athl\u00e9tisme \u00c9lite se d\u00e9roulent ce week-end \u00e0 Angers. Voici le programme et les r\u00e9sultats.","og_url":"https:\/\/dicodusport.fr\/blog\/clap-de-fin-pour-super-nana\/","og_site_name":"Dicodusport","article_publisher":"https:\/\/www.facebook.com\/dicodusport","article_published_time":"2021-06-26T18:33:36+00:00","article_modified_time":"2021-06-27T11:31:32+00:00","og_image":[{"width":800,"height":445,"url":"https:\/\/dicodusport.fr\/blog\/wp-content\/uploads\/2021\/06\/Athletisme-Clap-de-fin-pour-Super-Nana.jpg","type":"image\/jpeg"}],"author":"Arlette Yeye","twitter_card":"summary_large_image","twitter_title":"Clap de fin pour Super Nana","twitter_creator":"@https:\/\/twitter.com\/Shiclette94","twitter_site":"@dicodusport","schema":{"@context":"https:\/\/schema.org","@graph":[{"@type":"NewsArticle","@id":"https:\/\/dicodusport.fr\/blog\/clap-de-fin-pour-super-nana\/#article","isPartOf":{"@id":"https:\/\/dicodusport.fr\/blog\/clap-de-fin-pour-super-nana\/"},"author":{"name":"Arlette Yeye","@id":"https:\/\/dicodusport.fr\/blog\/#\/schema\/person\/cce96fa88785bd8573e3d43078ac8c79"},"headline":"Clap de fin pour Super Nana","datePublished":"2021-06-26T18:33:36+00:00","dateModified":"2021-06-27T11:31:32+00:00","mainEntityOfPage":{"@id":"https:\/\/dicodusport.fr\/blog\/clap-de-fin-pour-super-nana\/"},"wordCount":1270,"commentCount":0,"publisher":{"@id":"https:\/\/dicodusport.fr\/blog\/#organization"},"image":{"@id":"https:\/\/dicodusport.fr\/blog\/clap-de-fin-pour-super-nana\/#primaryimage"},"thumbnailUrl":"https:\/\/dicodusport.fr\/blog\/wp-content\/uploads\/2021\/06\/Athletisme-Clap-de-fin-pour-Super-Nana.jpg","keywords":["Angers","Athl\u00e9tisme","Championnats de France Elite d'athl\u00e9tisme"],"articleSection":["Athl\u00e9tisme"],"inLanguage":"fr-FR","potentialAction":[{"@type":"CommentAction","name":"Comment","target":["https:\/\/dicodusport.fr\/blog\/clap-de-fin-pour-super-nana\/#respond"]}],"copyrightYear":"2021","copyrightHolder":{"@id":"https:\/\/dicodusport.fr\/blog\/#organization"}},{"@type":"WebPage","@id":"https:\/\/dicodusport.fr\/blog\/clap-de-fin-pour-super-nana\/","url":"https:\/\/dicodusport.fr\/blog\/clap-de-fin-pour-super-nana\/","name":"Clap de fin pour Super Nana","isPartOf":{"@id":"https:\/\/dicodusport.fr\/blog\/#website"},"primaryImageOfPage":{"@id":"https:\/\/dicodusport.fr\/blog\/clap-de-fin-pour-super-nana\/#primaryimage"},"image":{"@id":"https:\/\/dicodusport.fr\/blog\/clap-de-fin-pour-super-nana\/#primaryimage"},"thumbnailUrl":"https:\/\/dicodusport.fr\/blog\/wp-content\/uploads\/2021\/06\/Athletisme-Clap-de-fin-pour-Super-Nana.jpg","datePublished":"2021-06-26T18:33:36+00:00","dateModified":"2021-06-27T11:31:32+00:00","description":"Les Championnats de France d'athl\u00e9tisme \u00c9lite se d\u00e9roulent ce week-end \u00e0 Angers. Voici le programme et les r\u00e9sultats.","breadcrumb":{"@id":"https:\/\/dicodusport.fr\/blog\/clap-de-fin-pour-super-nana\/#breadcrumb"},"inLanguage":"fr-FR","potentialAction":[{"@type":"ReadAction","target":["https:\/\/dicodusport.fr\/blog\/clap-de-fin-pour-super-nana\/"]}]},{"@type":"ImageObject","inLanguage":"fr-FR","@id":"https:\/\/dicodusport.fr\/blog\/clap-de-fin-pour-super-nana\/#primaryimage","url":"https:\/\/dicodusport.fr\/blog\/wp-content\/uploads\/2021\/06\/Athletisme-Clap-de-fin-pour-Super-Nana.jpg","contentUrl":"https:\/\/dicodusport.fr\/blog\/wp-content\/uploads\/2021\/06\/Athletisme-Clap-de-fin-pour-Super-Nana.jpg","width":800,"height":445,"caption":"Athl\u00e9tisme - Clap de fin pour Super Nana"},{"@type":"BreadcrumbList","@id":"https:\/\/dicodusport.fr\/blog\/clap-de-fin-pour-super-nana\/#breadcrumb","itemListElement":[{"@type":"ListItem","position":1,"name":"Accueil","item":"https:\/\/dicodusport.fr\/blog\/"},{"@type":"ListItem","position":2,"name":"Clap de fin pour Super Nana"}]},{"@type":"WebSite","@id":"https:\/\/dicodusport.fr\/blog\/#website","url":"https:\/\/dicodusport.fr\/blog\/","name":"Dicodusport","description":"L&#039;encyclop\u00e9die de l&#039;actualit\u00e9 sportive","publisher":{"@id":"https:\/\/dicodusport.fr\/blog\/#organization"},"potentialAction":[{"@type":"SearchAction","target":{"@type":"EntryPoint","urlTemplate":"https:\/\/dicodusport.fr\/blog\/?s={search_term_string}"},"query-input":{"@type":"PropertyValueSpecification","valueRequired":true,"valueName":"search_term_string"}}],"inLanguage":"fr-FR"},{"@type":"NewsMediaOrganization","@id":"https:\/\/dicodusport.fr\/blog\/#organization","name":"Dicodusport","url":"https:\/\/dicodusport.fr\/blog\/","logo":{"@type":"ImageObject","inLanguage":"fr-FR","@id":"https:\/\/dicodusport.fr\/blog\/#\/schema\/logo\/image\/","url":"https:\/\/dicodusport.fr\/blog\/wp-content\/uploads\/2020\/06\/cropped-LOGO-DICODUSPORT-2020-SANS-FOND-SANS-TEXTE.png","contentUrl":"https:\/\/dicodusport.fr\/blog\/wp-content\/uploads\/2020\/06\/cropped-LOGO-DICODUSPORT-2020-SANS-FOND-SANS-TEXTE.png","width":512,"height":512,"caption":"Dicodusport"},"image":{"@id":"https:\/\/dicodusport.fr\/blog\/#\/schema\/logo\/image\/"},"sameAs":["https:\/\/www.facebook.com\/dicodusport","https:\/\/x.com\/dicodusport","https:\/\/www.instagram.com\/dicodusport\/","https:\/\/www.youtube.com\/channel\/UC7V2KZ5sd3htJivAbA4ZG3w"],"description":"Dicodusport est l'encyclop\u00e9die de l'actualit\u00e9 sportive.","email":"bonjour@dicodusport.fr","legalName":"DICODUSPORT","foundingDate":"2018-01-14","vatID":"FR71834470973","taxID":"83447097300043","numberOfEmployees":{"@type":"QuantitativeValue","minValue":"1","maxValue":"10"}},{"@type":"Person","@id":"https:\/\/dicodusport.fr\/blog\/#\/schema\/person\/cce96fa88785bd8573e3d43078ac8c79","name":"Arlette Yeye","image":{"@type":"ImageObject","inLanguage":"fr-FR","@id":"https:\/\/dicodusport.fr\/blog\/#\/schema\/person\/image\/","url":"https:\/\/secure.gravatar.com\/avatar\/dca4a6239e6d708e46c45d60e160de6c?s=96&d=wp_user_avatar&r=g","contentUrl":"https:\/\/secure.gravatar.com\/avatar\/dca4a6239e6d708e46c45d60e160de6c?s=96&d=wp_user_avatar&r=g","caption":"Arlette Yeye"},"description":"Journaliste\/r\u00e9dactrice depuis septembre 2015 - Supportrice de Chelsea, j'ai pour sports de pr\u00e9dilection le handball, l'athl\u00e9tisme et le tennis. Si je tweete plus vite que mon ombre, vous pouvez aussi me retrouver les week-ends sur les playgrounds de Bruxelles pour un petit foot ou basket entre potes. Parcourir la France, l'Europe et plus si affinit\u00e9s pour suivre mes sportifs pr\u00e9f\u00e9r\u00e9s ? Mon kif ! Et c'est avec plaisir que je partage les r\u00e9sultats des sports populaires mais \u00e9galement plus confidentiels pour Dicodusport.","sameAs":["https:\/\/x.com\/https:\/\/twitter.com\/Shiclette94"],"url":"https:\/\/dicodusport.fr\/blog\/author\/arlette\/"}]}},"_links":{"self":[{"href":"https:\/\/dicodusport.fr\/blog\/wp-json\/wp\/v2\/posts\/142435","targetHints":{"allow":["GET"]}}],"collection":[{"href":"https:\/\/dicodusport.fr\/blog\/wp-json\/wp\/v2\/posts"}],"about":[{"href":"https:\/\/dicodusport.fr\/blog\/wp-json\/wp\/v2\/types\/post"}],"author":[{"embeddable":true,"href":"https:\/\/dicodusport.fr\/blog\/wp-json\/wp\/v2\/users\/12"}],"replies":[{"embeddable":true,"href":"https:\/\/dicodusport.fr\/blog\/wp-json\/wp\/v2\/comments?post=142435"}],"version-history":[{"count":0,"href":"https:\/\/dicodusport.fr\/blog\/wp-json\/wp\/v2\/posts\/142435\/revisions"}],"wp:featuredmedia":[{"embeddable":true,"href":"https:\/\/dicodusport.fr\/blog\/wp-json\/wp\/v2\/media\/142500"}],"wp:attachment":[{"href":"https:\/\/dicodusport.fr\/blog\/wp-json\/wp\/v2\/media?parent=142435"}],"wp:term":[{"taxonomy":"category","embeddable":true,"href":"https:\/\/dicodusport.fr\/blog\/wp-json\/wp\/v2\/categories?post=142435"},{"taxonomy":"post_tag","embeddable":true,"href":"https:\/\/dicodusport.fr\/blog\/wp-json\/wp\/v2\/tags?post=142435"}],"curies":[{"name":"wp","href":"https:\/\/api.w.org\/{rel}","templated":true}]}}