{"id":14271,"date":"2018-03-11T15:27:50","date_gmt":"2018-03-11T14:27:50","guid":{"rendered":"http:\/\/dicodusport.fr\/blog\/?p=14271"},"modified":"2018-03-11T19:40:55","modified_gmt":"2018-03-11T18:40:55","slug":"paris-nice-soler-remporte-general-de-la-cruz-adjuge-etape","status":"publish","type":"post","link":"https:\/\/dicodusport.fr\/blog\/paris-nice-soler-remporte-general-de-la-cruz-adjuge-etape\/","title":{"rendered":"Paris-Nice : Soler remporte le g\u00e9n\u00e9ral, De La Cruz s&rsquo;adjuge l&rsquo;\u00e9tape"},"content":{"rendered":"<p style=\"text-align: justify;\"><em><strong>Au terme d&rsquo;une \u00e9tape dantesque sous la pluie ponctu\u00e9e par les chutes, David De La Cruz (Sky) s&rsquo;est impos\u00e9 au sprint devant Omar Fraile, coureur d&rsquo;Astana et Marc Soler, de la Movistar. L&rsquo;ancien coureur de la Quick-Step gagne pour la deuxi\u00e8me fois cons\u00e9cutive sur la Promenade des Anglais. Marc Soler en attaquant de loin et gr\u00e2ce \u00e0 son coup de panache, gagne le classement g\u00e9n\u00e9ral devant Simon Yates pour quatre petites secondes.<\/strong><\/em><\/p>\n<p style=\"text-align: justify;\">Les coureurs ont d\u00fb affronter la pluie tout au long de la derni\u00e8re \u00e9tape autour de Nice. Julian Alaphilippe, victime d&rsquo;une fringale la veille qui \u00e9tait \u00e0 1 minute 40 au g\u00e9n\u00e9ral, d\u00e9cide de s&rsquo;extirper du peloton au panache en compagnie de deux coureurs d&rsquo;Astana, Omar Fraile et Jakob Fuglsang, qui ira \u00e0 la faute lors d&rsquo;une descente. Le Fran\u00e7ais ne pourra pas suivre le rythme effr\u00e9n\u00e9 d&rsquo;Omar Fraile dans la c\u00f4te de Peille et abandonne ses espoirs de victoire finale \u00e0 Nice. Dans la m\u00eame difficult\u00e9 o\u00f9 Alberto Contador avait attaqu\u00e9 lors deux ann\u00e9es pr\u00e9c\u00e9dentes, David De La Cruz, Marc Soler, le maillot blanc \u00e0 40 secondes au g\u00e9n\u00e9ral et Gorka Izaguirre, deuxi\u00e8me \u00e0 seulement 10 secondes sortent \u00e0 leur tour du peloton. Gorka Izaguirre ne pourra pas suivre ses deux compatriotes.<\/p>\n<p style=\"text-align: justify;\">David De La Cruz, vainqueur l&rsquo;an dernier de la derni\u00e8re \u00e9tape sur la Promenade des Anglais et Marc Soler, rejoindront tr\u00e8s vite Omar Fraile. On trouvera donc un trio d&rsquo;Espagnols en t\u00eate de la course. L&rsquo;\u00e9cart stagne autour de la minute jusque dans les 20 derniers kilom\u00e8tres. Dans la derni\u00e8re difficult\u00e9 du jour, \u00e0 moins de 15 kilom\u00e8tres de l&rsquo;arriv\u00e9e, on ne connait toujours pas le vainqueur du Paris-Nice 2018. Les leaders au sein du peloton vont s&rsquo;attaquer. C&rsquo;est Ion Izaguirre, coureur de la Barhain Merida qui va se mettre en \u00e9vidence dans un premier temps suivi par son fr\u00e8re Gorka et Tim Wellens. Les trois coureurs ne sont s\u00e9par\u00e9s que par une seconde au g\u00e9n\u00e9ral. Simon Yates ne pourra pas suivre dans la mont\u00e9e des quatre chemins.<\/p>\n<p style=\"text-align: justify;\">Du c\u00f4t\u00e9 de la t\u00eate de la course, Marc Soler et Omar Fraile sont alors l\u00e2ch\u00e9s dans un premier temps par David De La Cruz, puis reviendront dans la descente. Sur route mouill\u00e9e, les deux fr\u00e8res Izaguirre iront \u00e0 la faute, ce qui permet alors \u00e0 Simon Yates de revenir sur les fr\u00e8res espagnols. Tim Wellens, coureur de la Lotto Soudal se fera rejoindre \u00e0 son tour. L&rsquo;\u00e9cart se r\u00e9duira jusqu&rsquo;\u00e0 la ligne d&rsquo;arriv\u00e9e. De la Cruz gagne au sprint devant Omar Fraile pour la deuxi\u00e8me ann\u00e9e cons\u00e9cutive. Marc Soler arrive trois secondes derri\u00e8re. Le groupe maillot jaune arrive \u00e0 38 secondes du vainqueur. Gr\u00e2ce aux bonifications, c&rsquo;est finalement Marc Soler qui remporte le classement g\u00e9n\u00e9ral pour 4 petites secondes devant Simon Yates. Quel final !<\/p>\n<p><em><strong>Nelson Emane<br \/>\n<a href=\"http:\/\/twitter.com\/lecanarinormand\"><img loading=\"lazy\" decoding=\"async\" class=\"alignnone size-full wp-image-2908\" src=\"http:\/\/dicodusport.fr\/blog\/wp-content\/uploads\/2017\/07\/logo-twitter-e1516110106986.png\" alt=\"\" width=\"39\" height=\"39\" \/><\/a><\/strong><\/em><\/p>\n","protected":false},"excerpt":{"rendered":"<p>David De La Cruz (Sky) s&rsquo;est impos\u00e9 au sprint devant Omar FraileL&rsquo;ancien coureur de la Quick-Step gagne pour la deuxi\u00e8me fois cons\u00e9cutive sur la Promenade des Anglais. Marc Soler en attaquant de loin et gr\u00e2ce \u00e0 son coup de panache, gagne le classement g\u00e9n\u00e9ral devant Simon Yates pour quatre petites secondes.<\/p>\n","protected":false},"author":29,"featured_media":14275,"comment_status":"open","ping_status":"closed","sticky":false,"template":"","format":"standard","meta":{"_acf_changed":false,"_daextam_enable_autolinks":"","footnotes":""},"categories":[2,2307],"tags":[4045],"class_list":["post-14271","post","type-post","status-publish","format-standard","has-post-thumbnail","hentry","category-actualites","category-cyclisme","tag-paris-nice"],"acf":[],"yoast_head":"<!-- This site is optimized with the Yoast SEO Premium plugin v26.7 (Yoast SEO v26.7) - https:\/\/yoast.com\/wordpress\/plugins\/seo\/ -->\n<title>Paris-Nice : Soler remporte le g\u00e9n\u00e9ral, De La Cruz s&#039;adjuge l&#039;\u00e9tape<\/title>\n<meta name=\"description\" content=\"David De La Cruz (Sky) s&#039;est impos\u00e9 au sprint devant Omar FraileL&#039;ancien coureur de la Quick-Step gagne pour la deuxi\u00e8me fois cons\u00e9cutive sur la Promenade des Anglais. Marc Soler en attaquant de loin et gr\u00e2ce \u00e0 son coup de panache, gagne le classement g\u00e9n\u00e9ral devant Simon Yates pour quatre petites secondes.\" \/>\n<meta name=\"robots\" content=\"index, follow, max-snippet:-1, max-image-preview:large, max-video-preview:-1\" \/>\n<link rel=\"canonical\" href=\"https:\/\/dicodusport.fr\/blog\/paris-nice-soler-remporte-general-de-la-cruz-adjuge-etape\/\" \/>\n<meta property=\"og:locale\" content=\"fr_FR\" \/>\n<meta property=\"og:type\" content=\"article\" \/>\n<meta property=\"og:title\" content=\"Paris-Nice : Soler remporte le g\u00e9n\u00e9ral, De La Cruz s&#039;adjuge l&#039;\u00e9tape\" \/>\n<meta property=\"og:description\" content=\"David De La Cruz (Sky) s&#039;est impos\u00e9 au sprint devant Omar FraileL&#039;ancien coureur de la Quick-Step gagne pour la deuxi\u00e8me fois cons\u00e9cutive sur la Promenade des Anglais. Marc Soler en attaquant de loin et gr\u00e2ce \u00e0 son coup de panache, gagne le classement g\u00e9n\u00e9ral devant Simon Yates pour quatre petites secondes.\" \/>\n<meta property=\"og:url\" content=\"https:\/\/dicodusport.fr\/blog\/paris-nice-soler-remporte-general-de-la-cruz-adjuge-etape\/\" \/>\n<meta property=\"og:site_name\" content=\"Dicodusport\" \/>\n<meta property=\"article:publisher\" content=\"https:\/\/www.facebook.com\/dicodusport\" \/>\n<meta property=\"article:published_time\" content=\"2018-03-11T14:27:50+00:00\" \/>\n<meta property=\"article:modified_time\" content=\"2018-03-11T18:40:55+00:00\" \/>\n<meta property=\"og:image\" content=\"https:\/\/dicodusport.fr\/blog\/wp-content\/uploads\/2018\/03\/Marc-Soler.png\" \/>\n\t<meta property=\"og:image:width\" content=\"800\" \/>\n\t<meta property=\"og:image:height\" content=\"445\" \/>\n\t<meta property=\"og:image:type\" content=\"image\/png\" \/>\n<meta name=\"author\" content=\"Nelson\" \/>\n<meta name=\"twitter:card\" content=\"summary_large_image\" \/>\n<meta name=\"twitter:creator\" content=\"@dicodusport\" \/>\n<meta name=\"twitter:site\" content=\"@dicodusport\" \/>\n<script type=\"application\/ld+json\" class=\"yoast-schema-graph\">{\"@context\":\"https:\/\/schema.org\",\"@graph\":[{\"@type\":\"NewsArticle\",\"@id\":\"https:\/\/dicodusport.fr\/blog\/paris-nice-soler-remporte-general-de-la-cruz-adjuge-etape\/#article\",\"isPartOf\":{\"@id\":\"https:\/\/dicodusport.fr\/blog\/paris-nice-soler-remporte-general-de-la-cruz-adjuge-etape\/\"},\"author\":{\"name\":\"Nelson\",\"@id\":\"https:\/\/dicodusport.fr\/blog\/#\/schema\/person\/5116a629167122a65c59ff0df3ccec05\"},\"headline\":\"Paris-Nice : Soler remporte le g\u00e9n\u00e9ral, De La Cruz s&rsquo;adjuge l&rsquo;\u00e9tape\",\"datePublished\":\"2018-03-11T14:27:50+00:00\",\"dateModified\":\"2018-03-11T18:40:55+00:00\",\"mainEntityOfPage\":{\"@id\":\"https:\/\/dicodusport.fr\/blog\/paris-nice-soler-remporte-general-de-la-cruz-adjuge-etape\/\"},\"wordCount\":520,\"commentCount\":0,\"publisher\":{\"@id\":\"https:\/\/dicodusport.fr\/blog\/#organization\"},\"image\":{\"@id\":\"https:\/\/dicodusport.fr\/blog\/paris-nice-soler-remporte-general-de-la-cruz-adjuge-etape\/#primaryimage\"},\"thumbnailUrl\":\"https:\/\/dicodusport.fr\/blog\/wp-content\/uploads\/2018\/03\/Marc-Soler.png\",\"keywords\":[\"Paris-Nice\"],\"articleSection\":[\"Actualit\u00e9s\",\"Cyclisme\"],\"inLanguage\":\"fr-FR\",\"potentialAction\":[{\"@type\":\"CommentAction\",\"name\":\"Comment\",\"target\":[\"https:\/\/dicodusport.fr\/blog\/paris-nice-soler-remporte-general-de-la-cruz-adjuge-etape\/#respond\"]}],\"copyrightYear\":\"2018\",\"copyrightHolder\":{\"@id\":\"https:\/\/dicodusport.fr\/blog\/#organization\"}},{\"@type\":\"WebPage\",\"@id\":\"https:\/\/dicodusport.fr\/blog\/paris-nice-soler-remporte-general-de-la-cruz-adjuge-etape\/\",\"url\":\"https:\/\/dicodusport.fr\/blog\/paris-nice-soler-remporte-general-de-la-cruz-adjuge-etape\/\",\"name\":\"Paris-Nice : Soler remporte le g\u00e9n\u00e9ral, De La Cruz s'adjuge l'\u00e9tape\",\"isPartOf\":{\"@id\":\"https:\/\/dicodusport.fr\/blog\/#website\"},\"primaryImageOfPage\":{\"@id\":\"https:\/\/dicodusport.fr\/blog\/paris-nice-soler-remporte-general-de-la-cruz-adjuge-etape\/#primaryimage\"},\"image\":{\"@id\":\"https:\/\/dicodusport.fr\/blog\/paris-nice-soler-remporte-general-de-la-cruz-adjuge-etape\/#primaryimage\"},\"thumbnailUrl\":\"https:\/\/dicodusport.fr\/blog\/wp-content\/uploads\/2018\/03\/Marc-Soler.png\",\"datePublished\":\"2018-03-11T14:27:50+00:00\",\"dateModified\":\"2018-03-11T18:40:55+00:00\",\"description\":\"David De La Cruz (Sky) s'est impos\u00e9 au sprint devant Omar FraileL'ancien coureur de la Quick-Step gagne pour la deuxi\u00e8me fois cons\u00e9cutive sur la Promenade des Anglais. Marc Soler en attaquant de loin et gr\u00e2ce \u00e0 son coup de panache, gagne le classement g\u00e9n\u00e9ral devant Simon Yates pour quatre petites secondes.\",\"breadcrumb\":{\"@id\":\"https:\/\/dicodusport.fr\/blog\/paris-nice-soler-remporte-general-de-la-cruz-adjuge-etape\/#breadcrumb\"},\"inLanguage\":\"fr-FR\",\"potentialAction\":[{\"@type\":\"ReadAction\",\"target\":[\"https:\/\/dicodusport.fr\/blog\/paris-nice-soler-remporte-general-de-la-cruz-adjuge-etape\/\"]}]},{\"@type\":\"ImageObject\",\"inLanguage\":\"fr-FR\",\"@id\":\"https:\/\/dicodusport.fr\/blog\/paris-nice-soler-remporte-general-de-la-cruz-adjuge-etape\/#primaryimage\",\"url\":\"https:\/\/dicodusport.fr\/blog\/wp-content\/uploads\/2018\/03\/Marc-Soler.png\",\"contentUrl\":\"https:\/\/dicodusport.fr\/blog\/wp-content\/uploads\/2018\/03\/Marc-Soler.png\",\"width\":800,\"height\":445},{\"@type\":\"BreadcrumbList\",\"@id\":\"https:\/\/dicodusport.fr\/blog\/paris-nice-soler-remporte-general-de-la-cruz-adjuge-etape\/#breadcrumb\",\"itemListElement\":[{\"@type\":\"ListItem\",\"position\":1,\"name\":\"Accueil\",\"item\":\"https:\/\/dicodusport.fr\/blog\/\"},{\"@type\":\"ListItem\",\"position\":2,\"name\":\"Paris-Nice : Soler remporte le g\u00e9n\u00e9ral, De La Cruz s&rsquo;adjuge l&rsquo;\u00e9tape\"}]},{\"@type\":\"WebSite\",\"@id\":\"https:\/\/dicodusport.fr\/blog\/#website\",\"url\":\"https:\/\/dicodusport.fr\/blog\/\",\"name\":\"Dicodusport\",\"description\":\"L&#039;encyclop\u00e9die de l&#039;actualit\u00e9 sportive\",\"publisher\":{\"@id\":\"https:\/\/dicodusport.fr\/blog\/#organization\"},\"potentialAction\":[{\"@type\":\"SearchAction\",\"target\":{\"@type\":\"EntryPoint\",\"urlTemplate\":\"https:\/\/dicodusport.fr\/blog\/?s={search_term_string}\"},\"query-input\":{\"@type\":\"PropertyValueSpecification\",\"valueRequired\":true,\"valueName\":\"search_term_string\"}}],\"inLanguage\":\"fr-FR\"},{\"@type\":\"NewsMediaOrganization\",\"@id\":\"https:\/\/dicodusport.fr\/blog\/#organization\",\"name\":\"Dicodusport\",\"url\":\"https:\/\/dicodusport.fr\/blog\/\",\"logo\":{\"@type\":\"ImageObject\",\"inLanguage\":\"fr-FR\",\"@id\":\"https:\/\/dicodusport.fr\/blog\/#\/schema\/logo\/image\/\",\"url\":\"https:\/\/dicodusport.fr\/blog\/wp-content\/uploads\/2020\/06\/cropped-LOGO-DICODUSPORT-2020-SANS-FOND-SANS-TEXTE.png\",\"contentUrl\":\"https:\/\/dicodusport.fr\/blog\/wp-content\/uploads\/2020\/06\/cropped-LOGO-DICODUSPORT-2020-SANS-FOND-SANS-TEXTE.png\",\"width\":512,\"height\":512,\"caption\":\"Dicodusport\"},\"image\":{\"@id\":\"https:\/\/dicodusport.fr\/blog\/#\/schema\/logo\/image\/\"},\"sameAs\":[\"https:\/\/www.facebook.com\/dicodusport\",\"https:\/\/x.com\/dicodusport\",\"https:\/\/www.instagram.com\/dicodusport\/\",\"https:\/\/www.youtube.com\/channel\/UC7V2KZ5sd3htJivAbA4ZG3w\"],\"description\":\"Dicodusport est l'encyclop\u00e9die de l'actualit\u00e9 sportive.\",\"email\":\"bonjour@dicodusport.fr\",\"legalName\":\"DICODUSPORT\",\"foundingDate\":\"2018-01-14\",\"vatID\":\"FR71834470973\",\"taxID\":\"83447097300043\",\"numberOfEmployees\":{\"@type\":\"QuantitativeValue\",\"minValue\":\"1\",\"maxValue\":\"10\"}},{\"@type\":\"Person\",\"@id\":\"https:\/\/dicodusport.fr\/blog\/#\/schema\/person\/5116a629167122a65c59ff0df3ccec05\",\"name\":\"Nelson\",\"image\":{\"@type\":\"ImageObject\",\"inLanguage\":\"fr-FR\",\"@id\":\"https:\/\/dicodusport.fr\/blog\/#\/schema\/person\/image\/\",\"url\":\"https:\/\/dicodusport.fr\/blog\/wp-content\/uploads\/2017\/01\/cropped-logo-dicodusport-sans-fond-150x150.png\",\"contentUrl\":\"https:\/\/dicodusport.fr\/blog\/wp-content\/uploads\/2017\/01\/cropped-logo-dicodusport-sans-fond-150x150.png\",\"caption\":\"Nelson\"},\"url\":\"https:\/\/dicodusport.fr\/blog\/author\/nelson\/\"}]}<\/script>\n<!-- \/ Yoast SEO Premium plugin. -->","yoast_head_json":{"title":"Paris-Nice : Soler remporte le g\u00e9n\u00e9ral, De La Cruz s'adjuge l'\u00e9tape","description":"David De La Cruz (Sky) s'est impos\u00e9 au sprint devant Omar FraileL'ancien coureur de la Quick-Step gagne pour la deuxi\u00e8me fois cons\u00e9cutive sur la Promenade des Anglais. Marc Soler en attaquant de loin et gr\u00e2ce \u00e0 son coup de panache, gagne le classement g\u00e9n\u00e9ral devant Simon Yates pour quatre petites secondes.","robots":{"index":"index","follow":"follow","max-snippet":"max-snippet:-1","max-image-preview":"max-image-preview:large","max-video-preview":"max-video-preview:-1"},"canonical":"https:\/\/dicodusport.fr\/blog\/paris-nice-soler-remporte-general-de-la-cruz-adjuge-etape\/","og_locale":"fr_FR","og_type":"article","og_title":"Paris-Nice : Soler remporte le g\u00e9n\u00e9ral, De La Cruz s'adjuge l'\u00e9tape","og_description":"David De La Cruz (Sky) s'est impos\u00e9 au sprint devant Omar FraileL'ancien coureur de la Quick-Step gagne pour la deuxi\u00e8me fois cons\u00e9cutive sur la Promenade des Anglais. Marc Soler en attaquant de loin et gr\u00e2ce \u00e0 son coup de panache, gagne le classement g\u00e9n\u00e9ral devant Simon Yates pour quatre petites secondes.","og_url":"https:\/\/dicodusport.fr\/blog\/paris-nice-soler-remporte-general-de-la-cruz-adjuge-etape\/","og_site_name":"Dicodusport","article_publisher":"https:\/\/www.facebook.com\/dicodusport","article_published_time":"2018-03-11T14:27:50+00:00","article_modified_time":"2018-03-11T18:40:55+00:00","og_image":[{"width":800,"height":445,"url":"https:\/\/dicodusport.fr\/blog\/wp-content\/uploads\/2018\/03\/Marc-Soler.png","type":"image\/png"}],"author":"Nelson","twitter_card":"summary_large_image","twitter_creator":"@dicodusport","twitter_site":"@dicodusport","schema":{"@context":"https:\/\/schema.org","@graph":[{"@type":"NewsArticle","@id":"https:\/\/dicodusport.fr\/blog\/paris-nice-soler-remporte-general-de-la-cruz-adjuge-etape\/#article","isPartOf":{"@id":"https:\/\/dicodusport.fr\/blog\/paris-nice-soler-remporte-general-de-la-cruz-adjuge-etape\/"},"author":{"name":"Nelson","@id":"https:\/\/dicodusport.fr\/blog\/#\/schema\/person\/5116a629167122a65c59ff0df3ccec05"},"headline":"Paris-Nice : Soler remporte le g\u00e9n\u00e9ral, De La Cruz s&rsquo;adjuge l&rsquo;\u00e9tape","datePublished":"2018-03-11T14:27:50+00:00","dateModified":"2018-03-11T18:40:55+00:00","mainEntityOfPage":{"@id":"https:\/\/dicodusport.fr\/blog\/paris-nice-soler-remporte-general-de-la-cruz-adjuge-etape\/"},"wordCount":520,"commentCount":0,"publisher":{"@id":"https:\/\/dicodusport.fr\/blog\/#organization"},"image":{"@id":"https:\/\/dicodusport.fr\/blog\/paris-nice-soler-remporte-general-de-la-cruz-adjuge-etape\/#primaryimage"},"thumbnailUrl":"https:\/\/dicodusport.fr\/blog\/wp-content\/uploads\/2018\/03\/Marc-Soler.png","keywords":["Paris-Nice"],"articleSection":["Actualit\u00e9s","Cyclisme"],"inLanguage":"fr-FR","potentialAction":[{"@type":"CommentAction","name":"Comment","target":["https:\/\/dicodusport.fr\/blog\/paris-nice-soler-remporte-general-de-la-cruz-adjuge-etape\/#respond"]}],"copyrightYear":"2018","copyrightHolder":{"@id":"https:\/\/dicodusport.fr\/blog\/#organization"}},{"@type":"WebPage","@id":"https:\/\/dicodusport.fr\/blog\/paris-nice-soler-remporte-general-de-la-cruz-adjuge-etape\/","url":"https:\/\/dicodusport.fr\/blog\/paris-nice-soler-remporte-general-de-la-cruz-adjuge-etape\/","name":"Paris-Nice : Soler remporte le g\u00e9n\u00e9ral, De La Cruz s'adjuge l'\u00e9tape","isPartOf":{"@id":"https:\/\/dicodusport.fr\/blog\/#website"},"primaryImageOfPage":{"@id":"https:\/\/dicodusport.fr\/blog\/paris-nice-soler-remporte-general-de-la-cruz-adjuge-etape\/#primaryimage"},"image":{"@id":"https:\/\/dicodusport.fr\/blog\/paris-nice-soler-remporte-general-de-la-cruz-adjuge-etape\/#primaryimage"},"thumbnailUrl":"https:\/\/dicodusport.fr\/blog\/wp-content\/uploads\/2018\/03\/Marc-Soler.png","datePublished":"2018-03-11T14:27:50+00:00","dateModified":"2018-03-11T18:40:55+00:00","description":"David De La Cruz (Sky) s'est impos\u00e9 au sprint devant Omar FraileL'ancien coureur de la Quick-Step gagne pour la deuxi\u00e8me fois cons\u00e9cutive sur la Promenade des Anglais. Marc Soler en attaquant de loin et gr\u00e2ce \u00e0 son coup de panache, gagne le classement g\u00e9n\u00e9ral devant Simon Yates pour quatre petites secondes.","breadcrumb":{"@id":"https:\/\/dicodusport.fr\/blog\/paris-nice-soler-remporte-general-de-la-cruz-adjuge-etape\/#breadcrumb"},"inLanguage":"fr-FR","potentialAction":[{"@type":"ReadAction","target":["https:\/\/dicodusport.fr\/blog\/paris-nice-soler-remporte-general-de-la-cruz-adjuge-etape\/"]}]},{"@type":"ImageObject","inLanguage":"fr-FR","@id":"https:\/\/dicodusport.fr\/blog\/paris-nice-soler-remporte-general-de-la-cruz-adjuge-etape\/#primaryimage","url":"https:\/\/dicodusport.fr\/blog\/wp-content\/uploads\/2018\/03\/Marc-Soler.png","contentUrl":"https:\/\/dicodusport.fr\/blog\/wp-content\/uploads\/2018\/03\/Marc-Soler.png","width":800,"height":445},{"@type":"BreadcrumbList","@id":"https:\/\/dicodusport.fr\/blog\/paris-nice-soler-remporte-general-de-la-cruz-adjuge-etape\/#breadcrumb","itemListElement":[{"@type":"ListItem","position":1,"name":"Accueil","item":"https:\/\/dicodusport.fr\/blog\/"},{"@type":"ListItem","position":2,"name":"Paris-Nice : Soler remporte le g\u00e9n\u00e9ral, De La Cruz s&rsquo;adjuge l&rsquo;\u00e9tape"}]},{"@type":"WebSite","@id":"https:\/\/dicodusport.fr\/blog\/#website","url":"https:\/\/dicodusport.fr\/blog\/","name":"Dicodusport","description":"L&#039;encyclop\u00e9die de l&#039;actualit\u00e9 sportive","publisher":{"@id":"https:\/\/dicodusport.fr\/blog\/#organization"},"potentialAction":[{"@type":"SearchAction","target":{"@type":"EntryPoint","urlTemplate":"https:\/\/dicodusport.fr\/blog\/?s={search_term_string}"},"query-input":{"@type":"PropertyValueSpecification","valueRequired":true,"valueName":"search_term_string"}}],"inLanguage":"fr-FR"},{"@type":"NewsMediaOrganization","@id":"https:\/\/dicodusport.fr\/blog\/#organization","name":"Dicodusport","url":"https:\/\/dicodusport.fr\/blog\/","logo":{"@type":"ImageObject","inLanguage":"fr-FR","@id":"https:\/\/dicodusport.fr\/blog\/#\/schema\/logo\/image\/","url":"https:\/\/dicodusport.fr\/blog\/wp-content\/uploads\/2020\/06\/cropped-LOGO-DICODUSPORT-2020-SANS-FOND-SANS-TEXTE.png","contentUrl":"https:\/\/dicodusport.fr\/blog\/wp-content\/uploads\/2020\/06\/cropped-LOGO-DICODUSPORT-2020-SANS-FOND-SANS-TEXTE.png","width":512,"height":512,"caption":"Dicodusport"},"image":{"@id":"https:\/\/dicodusport.fr\/blog\/#\/schema\/logo\/image\/"},"sameAs":["https:\/\/www.facebook.com\/dicodusport","https:\/\/x.com\/dicodusport","https:\/\/www.instagram.com\/dicodusport\/","https:\/\/www.youtube.com\/channel\/UC7V2KZ5sd3htJivAbA4ZG3w"],"description":"Dicodusport est l'encyclop\u00e9die de l'actualit\u00e9 sportive.","email":"bonjour@dicodusport.fr","legalName":"DICODUSPORT","foundingDate":"2018-01-14","vatID":"FR71834470973","taxID":"83447097300043","numberOfEmployees":{"@type":"QuantitativeValue","minValue":"1","maxValue":"10"}},{"@type":"Person","@id":"https:\/\/dicodusport.fr\/blog\/#\/schema\/person\/5116a629167122a65c59ff0df3ccec05","name":"Nelson","image":{"@type":"ImageObject","inLanguage":"fr-FR","@id":"https:\/\/dicodusport.fr\/blog\/#\/schema\/person\/image\/","url":"https:\/\/dicodusport.fr\/blog\/wp-content\/uploads\/2017\/01\/cropped-logo-dicodusport-sans-fond-150x150.png","contentUrl":"https:\/\/dicodusport.fr\/blog\/wp-content\/uploads\/2017\/01\/cropped-logo-dicodusport-sans-fond-150x150.png","caption":"Nelson"},"url":"https:\/\/dicodusport.fr\/blog\/author\/nelson\/"}]}},"_links":{"self":[{"href":"https:\/\/dicodusport.fr\/blog\/wp-json\/wp\/v2\/posts\/14271","targetHints":{"allow":["GET"]}}],"collection":[{"href":"https:\/\/dicodusport.fr\/blog\/wp-json\/wp\/v2\/posts"}],"about":[{"href":"https:\/\/dicodusport.fr\/blog\/wp-json\/wp\/v2\/types\/post"}],"author":[{"embeddable":true,"href":"https:\/\/dicodusport.fr\/blog\/wp-json\/wp\/v2\/users\/29"}],"replies":[{"embeddable":true,"href":"https:\/\/dicodusport.fr\/blog\/wp-json\/wp\/v2\/comments?post=14271"}],"version-history":[{"count":0,"href":"https:\/\/dicodusport.fr\/blog\/wp-json\/wp\/v2\/posts\/14271\/revisions"}],"wp:featuredmedia":[{"embeddable":true,"href":"https:\/\/dicodusport.fr\/blog\/wp-json\/wp\/v2\/media\/14275"}],"wp:attachment":[{"href":"https:\/\/dicodusport.fr\/blog\/wp-json\/wp\/v2\/media?parent=14271"}],"wp:term":[{"taxonomy":"category","embeddable":true,"href":"https:\/\/dicodusport.fr\/blog\/wp-json\/wp\/v2\/categories?post=14271"},{"taxonomy":"post_tag","embeddable":true,"href":"https:\/\/dicodusport.fr\/blog\/wp-json\/wp\/v2\/tags?post=14271"}],"curies":[{"name":"wp","href":"https:\/\/api.w.org\/{rel}","templated":true}]}}