{"id":142955,"date":"2021-06-28T17:00:15","date_gmt":"2021-06-28T15:00:15","guid":{"rendered":"https:\/\/dicodusport.fr\/blog\/?p=142955&#038;preview=true&#038;preview_id=142955"},"modified":"2021-06-28T17:00:15","modified_gmt":"2021-06-28T15:00:15","slug":"fabio-quartararo-motogp-est-votre-champion-du-week-end","status":"publish","type":"post","link":"https:\/\/dicodusport.fr\/blog\/fabio-quartararo-motogp-est-votre-champion-du-week-end\/","title":{"rendered":"Fabio Quartararo (MotoGP) est votre Champion du week-end"},"content":{"rendered":"<p style=\"text-align: justify;\"><strong><em><a href=\"https:\/\/dicodusport.fr\/blog\/actualites\/sports-mecaniques\/moto\/motogp-2021\/\" target=\"_blank\" rel=\"noopener\">MOTOGP 2021<\/a> &#8211; Victorieux du Grand Prix des Pays-Bas \u00e0 Assen, Fabio Quartararo (Yamaha) est votre Champion du week-end. Il devance un autre chouchou du public fran\u00e7ais, un certain Julian Alaphilippe, vainqueur de la 1\u00e8re \u00e9tape Tour de France.<\/em><\/strong><\/p>\n<p style=\"text-align: justify;\"><strong>Mathieu van der Poel<\/strong>, laur\u00e9at lui de la 2\u00e8me \u00e9tape \u00e0 M\u00fbr-de-Bretagne, est troisi\u00e8me, devant l&rsquo;athl\u00e8te<strong> Fr\u00e9d\u00e9ric Dag\u00e9e<\/strong>, nouveau d\u00e9tenteur du record de France au lancer de poids.<\/p>\n<p style=\"text-align: justify;\"><strong><span style=\"font-size: 12px;\"><em>Sondage r\u00e9alis\u00e9 sur notre page <a href=\"https:\/\/www.facebook.com\/dicodusport\/\" target=\"_blank\" rel=\"noopener\">Facebook<\/a>.<\/em><\/span><\/strong><\/p>\n<h2 style=\"text-align: justify;\">La victoire de Fabio Quartararo<\/h2>\n<blockquote class=\"twitter-tweet\">\n<p dir=\"ltr\" lang=\"fr\"><a href=\"https:\/\/twitter.com\/hashtag\/DutchGP?src=hash&amp;ref_src=twsrc%5Etfw\">#DutchGP<\/a> &#x1f1f3;&#x1f1f1; &#x1f3c1;<\/p>\n<p>Magnifique victoire de Fabio Quartararo qui s&rsquo;impose sur le circuit d&rsquo;Assen au grand prix des Pays-Bas<\/p>\n<p>&#x25b6;&#xfe0f; <a href=\"https:\/\/t.co\/6vTgdTN2gP\">https:\/\/t.co\/6vTgdTN2gP<\/a> <a href=\"https:\/\/t.co\/J0oRghnyd3\">pic.twitter.com\/J0oRghnyd3<\/a><\/p>\n<p>\u2014 CANAL+ MotoGP&#x2122; (@CanalplusMotoGP) <a href=\"https:\/\/twitter.com\/CanalplusMotoGP\/status\/1409131249554399237?ref_src=twsrc%5Etfw\">June 27, 2021<\/a><\/p><\/blockquote>\n<p><script async src=\"https:\/\/platform.twitter.com\/widgets.js\" charset=\"utf-8\"><\/script><\/p>\n","protected":false},"excerpt":{"rendered":"<p>MOTOGP 2021 &#8211; Victorieux du Grand Prix des Pays-Bas \u00e0 Assen, Fabio Quartararo (Yamaha) est votre Champion du week-end. Il devance un autre chouchou du public fran\u00e7ais, un certain Julian Alaphilippe, vainqueur de la 1\u00e8re \u00e9tape Tour de France.<\/p>\n","protected":false},"author":4,"featured_media":142956,"comment_status":"open","ping_status":"closed","sticky":false,"template":"","format":"standard","meta":{"_acf_changed":false,"_daextam_enable_autolinks":"","footnotes":""},"categories":[47087,2366],"tags":[15392,17,5205],"class_list":["post-142955","post","type-post","status-publish","format-standard","has-post-thumbnail","hentry","category-motogp","category-multisports","tag-champion-du-week-end","tag-dicodusport","tag-fabio-quartararo"],"acf":[],"yoast_head":"<!-- This site is optimized with the Yoast SEO Premium plugin v26.7 (Yoast SEO v26.7) - https:\/\/yoast.com\/wordpress\/plugins\/seo\/ -->\n<title>Fabio Quartararo (MotoGP) est votre Champion du week-end<\/title>\n<meta name=\"description\" content=\"MOTOGP 2021 - Victorieux du Grand Prix des Pays-Bas \u00e0 Assen, Fabio Quartararo (Yamaha) est votre Champion du week-end.\" \/>\n<meta name=\"robots\" content=\"index, follow, max-snippet:-1, max-image-preview:large, max-video-preview:-1\" \/>\n<link rel=\"canonical\" href=\"https:\/\/dicodusport.fr\/blog\/fabio-quartararo-motogp-est-votre-champion-du-week-end\/\" \/>\n<meta property=\"og:locale\" content=\"fr_FR\" \/>\n<meta property=\"og:type\" content=\"article\" \/>\n<meta property=\"og:title\" content=\"Fabio Quartararo (MotoGP) est votre Champion du week-end\" \/>\n<meta property=\"og:description\" content=\"MOTOGP 2021 - Victorieux du Grand Prix des Pays-Bas \u00e0 Assen, Fabio Quartararo (Yamaha) est votre Champion du week-end.\" \/>\n<meta property=\"og:url\" content=\"https:\/\/dicodusport.fr\/blog\/fabio-quartararo-motogp-est-votre-champion-du-week-end\/\" \/>\n<meta property=\"og:site_name\" content=\"Dicodusport\" \/>\n<meta property=\"article:publisher\" content=\"https:\/\/www.facebook.com\/dicodusport\" \/>\n<meta property=\"article:author\" content=\"https:\/\/www.facebook.com\/florent.ostermann\" \/>\n<meta property=\"article:published_time\" content=\"2021-06-28T15:00:15+00:00\" \/>\n<meta property=\"og:image\" content=\"https:\/\/dicodusport.fr\/blog\/wp-content\/uploads\/2021\/06\/Moto-Fabio-Quartararo-MotoGP-est-votre-Champion-du-week-end.png\" \/>\n\t<meta property=\"og:image:width\" content=\"800\" \/>\n\t<meta property=\"og:image:height\" content=\"445\" \/>\n\t<meta property=\"og:image:type\" content=\"image\/png\" \/>\n<meta name=\"author\" content=\"Flo Ostermann\" \/>\n<meta name=\"twitter:card\" content=\"summary_large_image\" \/>\n<meta name=\"twitter:title\" content=\"Fabio Quartararo (MotoGP) est votre Champion du week-end\" \/>\n<meta name=\"twitter:creator\" content=\"@https:\/\/twitter.com\/FlOstermann\" \/>\n<meta name=\"twitter:site\" content=\"@dicodusport\" \/>\n<script type=\"application\/ld+json\" class=\"yoast-schema-graph\">{\"@context\":\"https:\/\/schema.org\",\"@graph\":[{\"@type\":\"NewsArticle\",\"@id\":\"https:\/\/dicodusport.fr\/blog\/fabio-quartararo-motogp-est-votre-champion-du-week-end\/#article\",\"isPartOf\":{\"@id\":\"https:\/\/dicodusport.fr\/blog\/fabio-quartararo-motogp-est-votre-champion-du-week-end\/\"},\"author\":{\"name\":\"Flo Ostermann\",\"@id\":\"https:\/\/dicodusport.fr\/blog\/#\/schema\/person\/cb02af4c173ce4a653b55e9baf388d4a\"},\"headline\":\"Fabio Quartararo (MotoGP) est votre Champion du week-end\",\"datePublished\":\"2021-06-28T15:00:15+00:00\",\"mainEntityOfPage\":{\"@id\":\"https:\/\/dicodusport.fr\/blog\/fabio-quartararo-motogp-est-votre-champion-du-week-end\/\"},\"wordCount\":141,\"commentCount\":0,\"publisher\":{\"@id\":\"https:\/\/dicodusport.fr\/blog\/#organization\"},\"image\":{\"@id\":\"https:\/\/dicodusport.fr\/blog\/fabio-quartararo-motogp-est-votre-champion-du-week-end\/#primaryimage\"},\"thumbnailUrl\":\"https:\/\/dicodusport.fr\/blog\/wp-content\/uploads\/2021\/06\/Moto-Fabio-Quartararo-MotoGP-est-votre-Champion-du-week-end.png\",\"keywords\":[\"Champion du week-end\",\"Dicodusport\",\"Fabio Quartararo\"],\"articleSection\":[\"MotoGP\",\"Multisports\"],\"inLanguage\":\"fr-FR\",\"potentialAction\":[{\"@type\":\"CommentAction\",\"name\":\"Comment\",\"target\":[\"https:\/\/dicodusport.fr\/blog\/fabio-quartararo-motogp-est-votre-champion-du-week-end\/#respond\"]}],\"copyrightYear\":\"2021\",\"copyrightHolder\":{\"@id\":\"https:\/\/dicodusport.fr\/blog\/#organization\"}},{\"@type\":\"WebPage\",\"@id\":\"https:\/\/dicodusport.fr\/blog\/fabio-quartararo-motogp-est-votre-champion-du-week-end\/\",\"url\":\"https:\/\/dicodusport.fr\/blog\/fabio-quartararo-motogp-est-votre-champion-du-week-end\/\",\"name\":\"Fabio Quartararo (MotoGP) est votre Champion du week-end\",\"isPartOf\":{\"@id\":\"https:\/\/dicodusport.fr\/blog\/#website\"},\"primaryImageOfPage\":{\"@id\":\"https:\/\/dicodusport.fr\/blog\/fabio-quartararo-motogp-est-votre-champion-du-week-end\/#primaryimage\"},\"image\":{\"@id\":\"https:\/\/dicodusport.fr\/blog\/fabio-quartararo-motogp-est-votre-champion-du-week-end\/#primaryimage\"},\"thumbnailUrl\":\"https:\/\/dicodusport.fr\/blog\/wp-content\/uploads\/2021\/06\/Moto-Fabio-Quartararo-MotoGP-est-votre-Champion-du-week-end.png\",\"datePublished\":\"2021-06-28T15:00:15+00:00\",\"description\":\"MOTOGP 2021 - Victorieux du Grand Prix des Pays-Bas \u00e0 Assen, Fabio Quartararo (Yamaha) est votre Champion du week-end.\",\"breadcrumb\":{\"@id\":\"https:\/\/dicodusport.fr\/blog\/fabio-quartararo-motogp-est-votre-champion-du-week-end\/#breadcrumb\"},\"inLanguage\":\"fr-FR\",\"potentialAction\":[{\"@type\":\"ReadAction\",\"target\":[\"https:\/\/dicodusport.fr\/blog\/fabio-quartararo-motogp-est-votre-champion-du-week-end\/\"]}]},{\"@type\":\"ImageObject\",\"inLanguage\":\"fr-FR\",\"@id\":\"https:\/\/dicodusport.fr\/blog\/fabio-quartararo-motogp-est-votre-champion-du-week-end\/#primaryimage\",\"url\":\"https:\/\/dicodusport.fr\/blog\/wp-content\/uploads\/2021\/06\/Moto-Fabio-Quartararo-MotoGP-est-votre-Champion-du-week-end.png\",\"contentUrl\":\"https:\/\/dicodusport.fr\/blog\/wp-content\/uploads\/2021\/06\/Moto-Fabio-Quartararo-MotoGP-est-votre-Champion-du-week-end.png\",\"width\":800,\"height\":445,\"caption\":\"Moto - Fabio Quartararo (MotoGP) est votre Champion du week-end\"},{\"@type\":\"BreadcrumbList\",\"@id\":\"https:\/\/dicodusport.fr\/blog\/fabio-quartararo-motogp-est-votre-champion-du-week-end\/#breadcrumb\",\"itemListElement\":[{\"@type\":\"ListItem\",\"position\":1,\"name\":\"Accueil\",\"item\":\"https:\/\/dicodusport.fr\/blog\/\"},{\"@type\":\"ListItem\",\"position\":2,\"name\":\"Fabio Quartararo (MotoGP) est votre Champion du week-end\"}]},{\"@type\":\"WebSite\",\"@id\":\"https:\/\/dicodusport.fr\/blog\/#website\",\"url\":\"https:\/\/dicodusport.fr\/blog\/\",\"name\":\"Dicodusport\",\"description\":\"L&#039;encyclop\u00e9die de l&#039;actualit\u00e9 sportive\",\"publisher\":{\"@id\":\"https:\/\/dicodusport.fr\/blog\/#organization\"},\"potentialAction\":[{\"@type\":\"SearchAction\",\"target\":{\"@type\":\"EntryPoint\",\"urlTemplate\":\"https:\/\/dicodusport.fr\/blog\/?s={search_term_string}\"},\"query-input\":{\"@type\":\"PropertyValueSpecification\",\"valueRequired\":true,\"valueName\":\"search_term_string\"}}],\"inLanguage\":\"fr-FR\"},{\"@type\":\"NewsMediaOrganization\",\"@id\":\"https:\/\/dicodusport.fr\/blog\/#organization\",\"name\":\"Dicodusport\",\"url\":\"https:\/\/dicodusport.fr\/blog\/\",\"logo\":{\"@type\":\"ImageObject\",\"inLanguage\":\"fr-FR\",\"@id\":\"https:\/\/dicodusport.fr\/blog\/#\/schema\/logo\/image\/\",\"url\":\"https:\/\/dicodusport.fr\/blog\/wp-content\/uploads\/2020\/06\/cropped-LOGO-DICODUSPORT-2020-SANS-FOND-SANS-TEXTE.png\",\"contentUrl\":\"https:\/\/dicodusport.fr\/blog\/wp-content\/uploads\/2020\/06\/cropped-LOGO-DICODUSPORT-2020-SANS-FOND-SANS-TEXTE.png\",\"width\":512,\"height\":512,\"caption\":\"Dicodusport\"},\"image\":{\"@id\":\"https:\/\/dicodusport.fr\/blog\/#\/schema\/logo\/image\/\"},\"sameAs\":[\"https:\/\/www.facebook.com\/dicodusport\",\"https:\/\/x.com\/dicodusport\",\"https:\/\/www.instagram.com\/dicodusport\/\",\"https:\/\/www.youtube.com\/channel\/UC7V2KZ5sd3htJivAbA4ZG3w\"],\"description\":\"Dicodusport est l'encyclop\u00e9die de l'actualit\u00e9 sportive.\",\"email\":\"bonjour@dicodusport.fr\",\"legalName\":\"DICODUSPORT\",\"foundingDate\":\"2018-01-14\",\"vatID\":\"FR71834470973\",\"taxID\":\"83447097300043\",\"numberOfEmployees\":{\"@type\":\"QuantitativeValue\",\"minValue\":\"1\",\"maxValue\":\"10\"}},{\"@type\":\"Person\",\"@id\":\"https:\/\/dicodusport.fr\/blog\/#\/schema\/person\/cb02af4c173ce4a653b55e9baf388d4a\",\"name\":\"Flo Ostermann\",\"image\":{\"@type\":\"ImageObject\",\"inLanguage\":\"fr-FR\",\"@id\":\"https:\/\/dicodusport.fr\/blog\/#\/schema\/person\/image\/\",\"url\":\"https:\/\/dicodusport.fr\/blog\/wp-content\/uploads\/2021\/05\/Flo-Ostermann-150x150.jpg\",\"contentUrl\":\"https:\/\/dicodusport.fr\/blog\/wp-content\/uploads\/2021\/05\/Flo-Ostermann-150x150.jpg\",\"caption\":\"Flo Ostermann\"},\"description\":\"Journaliste\/R\u00e9dacteur depuis septembre 2015 - Mes premiers souvenirs dans le sport ? Les envol\u00e9es du Stade Toulousain et les duels Villeneuve-Schumacher et H\u00e4kkinen-Schumacher \u00e0 la fin des ann\u00e9es 90, la Coupe du monde de football en 1998, l\u2019exploit du XV de France face aux All Blacks en 1999, mais aussi Richard C\u0153ur de Lion qui vole sur les montagnes du Tour de France. Bien parti pour devenir professeur d\u2019EPS, les \u00e9v\u00e9nements de la vie (et la flemme d\u2019animer des s\u00e9ances de 3x500 m\u00e8tres toute ma vie) m\u2019ont conduit \u00e0 revoir mes plans. Me voil\u00e0 depuis fin 2017 sur Dicodusport, m\u00e9dia gr\u00e2ce (et pour) lequel je partage ma passion : le sport dans tous ses \u00e9tats. Le tout accompagn\u00e9 par les fous furieux et folles furieuses cit\u00e9s sur cette page !\",\"sameAs\":[\"https:\/\/www.facebook.com\/florent.ostermann\",\"https:\/\/x.com\/https:\/\/twitter.com\/FlOstermann\",\"admin\"],\"url\":\"https:\/\/dicodusport.fr\/blog\/author\/flo\/\"}]}<\/script>\n<!-- \/ Yoast SEO Premium plugin. -->","yoast_head_json":{"title":"Fabio Quartararo (MotoGP) est votre Champion du week-end","description":"MOTOGP 2021 - Victorieux du Grand Prix des Pays-Bas \u00e0 Assen, Fabio Quartararo (Yamaha) est votre Champion du week-end.","robots":{"index":"index","follow":"follow","max-snippet":"max-snippet:-1","max-image-preview":"max-image-preview:large","max-video-preview":"max-video-preview:-1"},"canonical":"https:\/\/dicodusport.fr\/blog\/fabio-quartararo-motogp-est-votre-champion-du-week-end\/","og_locale":"fr_FR","og_type":"article","og_title":"Fabio Quartararo (MotoGP) est votre Champion du week-end","og_description":"MOTOGP 2021 - Victorieux du Grand Prix des Pays-Bas \u00e0 Assen, Fabio Quartararo (Yamaha) est votre Champion du week-end.","og_url":"https:\/\/dicodusport.fr\/blog\/fabio-quartararo-motogp-est-votre-champion-du-week-end\/","og_site_name":"Dicodusport","article_publisher":"https:\/\/www.facebook.com\/dicodusport","article_author":"https:\/\/www.facebook.com\/florent.ostermann","article_published_time":"2021-06-28T15:00:15+00:00","og_image":[{"width":800,"height":445,"url":"https:\/\/dicodusport.fr\/blog\/wp-content\/uploads\/2021\/06\/Moto-Fabio-Quartararo-MotoGP-est-votre-Champion-du-week-end.png","type":"image\/png"}],"author":"Flo Ostermann","twitter_card":"summary_large_image","twitter_title":"Fabio Quartararo (MotoGP) est votre Champion du week-end","twitter_creator":"@https:\/\/twitter.com\/FlOstermann","twitter_site":"@dicodusport","schema":{"@context":"https:\/\/schema.org","@graph":[{"@type":"NewsArticle","@id":"https:\/\/dicodusport.fr\/blog\/fabio-quartararo-motogp-est-votre-champion-du-week-end\/#article","isPartOf":{"@id":"https:\/\/dicodusport.fr\/blog\/fabio-quartararo-motogp-est-votre-champion-du-week-end\/"},"author":{"name":"Flo Ostermann","@id":"https:\/\/dicodusport.fr\/blog\/#\/schema\/person\/cb02af4c173ce4a653b55e9baf388d4a"},"headline":"Fabio Quartararo (MotoGP) est votre Champion du week-end","datePublished":"2021-06-28T15:00:15+00:00","mainEntityOfPage":{"@id":"https:\/\/dicodusport.fr\/blog\/fabio-quartararo-motogp-est-votre-champion-du-week-end\/"},"wordCount":141,"commentCount":0,"publisher":{"@id":"https:\/\/dicodusport.fr\/blog\/#organization"},"image":{"@id":"https:\/\/dicodusport.fr\/blog\/fabio-quartararo-motogp-est-votre-champion-du-week-end\/#primaryimage"},"thumbnailUrl":"https:\/\/dicodusport.fr\/blog\/wp-content\/uploads\/2021\/06\/Moto-Fabio-Quartararo-MotoGP-est-votre-Champion-du-week-end.png","keywords":["Champion du week-end","Dicodusport","Fabio Quartararo"],"articleSection":["MotoGP","Multisports"],"inLanguage":"fr-FR","potentialAction":[{"@type":"CommentAction","name":"Comment","target":["https:\/\/dicodusport.fr\/blog\/fabio-quartararo-motogp-est-votre-champion-du-week-end\/#respond"]}],"copyrightYear":"2021","copyrightHolder":{"@id":"https:\/\/dicodusport.fr\/blog\/#organization"}},{"@type":"WebPage","@id":"https:\/\/dicodusport.fr\/blog\/fabio-quartararo-motogp-est-votre-champion-du-week-end\/","url":"https:\/\/dicodusport.fr\/blog\/fabio-quartararo-motogp-est-votre-champion-du-week-end\/","name":"Fabio Quartararo (MotoGP) est votre Champion du week-end","isPartOf":{"@id":"https:\/\/dicodusport.fr\/blog\/#website"},"primaryImageOfPage":{"@id":"https:\/\/dicodusport.fr\/blog\/fabio-quartararo-motogp-est-votre-champion-du-week-end\/#primaryimage"},"image":{"@id":"https:\/\/dicodusport.fr\/blog\/fabio-quartararo-motogp-est-votre-champion-du-week-end\/#primaryimage"},"thumbnailUrl":"https:\/\/dicodusport.fr\/blog\/wp-content\/uploads\/2021\/06\/Moto-Fabio-Quartararo-MotoGP-est-votre-Champion-du-week-end.png","datePublished":"2021-06-28T15:00:15+00:00","description":"MOTOGP 2021 - Victorieux du Grand Prix des Pays-Bas \u00e0 Assen, Fabio Quartararo (Yamaha) est votre Champion du week-end.","breadcrumb":{"@id":"https:\/\/dicodusport.fr\/blog\/fabio-quartararo-motogp-est-votre-champion-du-week-end\/#breadcrumb"},"inLanguage":"fr-FR","potentialAction":[{"@type":"ReadAction","target":["https:\/\/dicodusport.fr\/blog\/fabio-quartararo-motogp-est-votre-champion-du-week-end\/"]}]},{"@type":"ImageObject","inLanguage":"fr-FR","@id":"https:\/\/dicodusport.fr\/blog\/fabio-quartararo-motogp-est-votre-champion-du-week-end\/#primaryimage","url":"https:\/\/dicodusport.fr\/blog\/wp-content\/uploads\/2021\/06\/Moto-Fabio-Quartararo-MotoGP-est-votre-Champion-du-week-end.png","contentUrl":"https:\/\/dicodusport.fr\/blog\/wp-content\/uploads\/2021\/06\/Moto-Fabio-Quartararo-MotoGP-est-votre-Champion-du-week-end.png","width":800,"height":445,"caption":"Moto - Fabio Quartararo (MotoGP) est votre Champion du week-end"},{"@type":"BreadcrumbList","@id":"https:\/\/dicodusport.fr\/blog\/fabio-quartararo-motogp-est-votre-champion-du-week-end\/#breadcrumb","itemListElement":[{"@type":"ListItem","position":1,"name":"Accueil","item":"https:\/\/dicodusport.fr\/blog\/"},{"@type":"ListItem","position":2,"name":"Fabio Quartararo (MotoGP) est votre Champion du week-end"}]},{"@type":"WebSite","@id":"https:\/\/dicodusport.fr\/blog\/#website","url":"https:\/\/dicodusport.fr\/blog\/","name":"Dicodusport","description":"L&#039;encyclop\u00e9die de l&#039;actualit\u00e9 sportive","publisher":{"@id":"https:\/\/dicodusport.fr\/blog\/#organization"},"potentialAction":[{"@type":"SearchAction","target":{"@type":"EntryPoint","urlTemplate":"https:\/\/dicodusport.fr\/blog\/?s={search_term_string}"},"query-input":{"@type":"PropertyValueSpecification","valueRequired":true,"valueName":"search_term_string"}}],"inLanguage":"fr-FR"},{"@type":"NewsMediaOrganization","@id":"https:\/\/dicodusport.fr\/blog\/#organization","name":"Dicodusport","url":"https:\/\/dicodusport.fr\/blog\/","logo":{"@type":"ImageObject","inLanguage":"fr-FR","@id":"https:\/\/dicodusport.fr\/blog\/#\/schema\/logo\/image\/","url":"https:\/\/dicodusport.fr\/blog\/wp-content\/uploads\/2020\/06\/cropped-LOGO-DICODUSPORT-2020-SANS-FOND-SANS-TEXTE.png","contentUrl":"https:\/\/dicodusport.fr\/blog\/wp-content\/uploads\/2020\/06\/cropped-LOGO-DICODUSPORT-2020-SANS-FOND-SANS-TEXTE.png","width":512,"height":512,"caption":"Dicodusport"},"image":{"@id":"https:\/\/dicodusport.fr\/blog\/#\/schema\/logo\/image\/"},"sameAs":["https:\/\/www.facebook.com\/dicodusport","https:\/\/x.com\/dicodusport","https:\/\/www.instagram.com\/dicodusport\/","https:\/\/www.youtube.com\/channel\/UC7V2KZ5sd3htJivAbA4ZG3w"],"description":"Dicodusport est l'encyclop\u00e9die de l'actualit\u00e9 sportive.","email":"bonjour@dicodusport.fr","legalName":"DICODUSPORT","foundingDate":"2018-01-14","vatID":"FR71834470973","taxID":"83447097300043","numberOfEmployees":{"@type":"QuantitativeValue","minValue":"1","maxValue":"10"}},{"@type":"Person","@id":"https:\/\/dicodusport.fr\/blog\/#\/schema\/person\/cb02af4c173ce4a653b55e9baf388d4a","name":"Flo Ostermann","image":{"@type":"ImageObject","inLanguage":"fr-FR","@id":"https:\/\/dicodusport.fr\/blog\/#\/schema\/person\/image\/","url":"https:\/\/dicodusport.fr\/blog\/wp-content\/uploads\/2021\/05\/Flo-Ostermann-150x150.jpg","contentUrl":"https:\/\/dicodusport.fr\/blog\/wp-content\/uploads\/2021\/05\/Flo-Ostermann-150x150.jpg","caption":"Flo Ostermann"},"description":"Journaliste\/R\u00e9dacteur depuis septembre 2015 - Mes premiers souvenirs dans le sport ? Les envol\u00e9es du Stade Toulousain et les duels Villeneuve-Schumacher et H\u00e4kkinen-Schumacher \u00e0 la fin des ann\u00e9es 90, la Coupe du monde de football en 1998, l\u2019exploit du XV de France face aux All Blacks en 1999, mais aussi Richard C\u0153ur de Lion qui vole sur les montagnes du Tour de France. Bien parti pour devenir professeur d\u2019EPS, les \u00e9v\u00e9nements de la vie (et la flemme d\u2019animer des s\u00e9ances de 3x500 m\u00e8tres toute ma vie) m\u2019ont conduit \u00e0 revoir mes plans. Me voil\u00e0 depuis fin 2017 sur Dicodusport, m\u00e9dia gr\u00e2ce (et pour) lequel je partage ma passion : le sport dans tous ses \u00e9tats. Le tout accompagn\u00e9 par les fous furieux et folles furieuses cit\u00e9s sur cette page !","sameAs":["https:\/\/www.facebook.com\/florent.ostermann","https:\/\/x.com\/https:\/\/twitter.com\/FlOstermann","admin"],"url":"https:\/\/dicodusport.fr\/blog\/author\/flo\/"}]}},"_links":{"self":[{"href":"https:\/\/dicodusport.fr\/blog\/wp-json\/wp\/v2\/posts\/142955","targetHints":{"allow":["GET"]}}],"collection":[{"href":"https:\/\/dicodusport.fr\/blog\/wp-json\/wp\/v2\/posts"}],"about":[{"href":"https:\/\/dicodusport.fr\/blog\/wp-json\/wp\/v2\/types\/post"}],"author":[{"embeddable":true,"href":"https:\/\/dicodusport.fr\/blog\/wp-json\/wp\/v2\/users\/4"}],"replies":[{"embeddable":true,"href":"https:\/\/dicodusport.fr\/blog\/wp-json\/wp\/v2\/comments?post=142955"}],"version-history":[{"count":0,"href":"https:\/\/dicodusport.fr\/blog\/wp-json\/wp\/v2\/posts\/142955\/revisions"}],"wp:featuredmedia":[{"embeddable":true,"href":"https:\/\/dicodusport.fr\/blog\/wp-json\/wp\/v2\/media\/142956"}],"wp:attachment":[{"href":"https:\/\/dicodusport.fr\/blog\/wp-json\/wp\/v2\/media?parent=142955"}],"wp:term":[{"taxonomy":"category","embeddable":true,"href":"https:\/\/dicodusport.fr\/blog\/wp-json\/wp\/v2\/categories?post=142955"},{"taxonomy":"post_tag","embeddable":true,"href":"https:\/\/dicodusport.fr\/blog\/wp-json\/wp\/v2\/tags?post=142955"}],"curies":[{"name":"wp","href":"https:\/\/api.w.org\/{rel}","templated":true}]}}