{"id":14310,"date":"2018-03-12T03:26:11","date_gmt":"2018-03-12T02:26:11","guid":{"rendered":"http:\/\/dicodusport.fr\/blog\/?p=14310"},"modified":"2018-03-12T04:39:21","modified_gmt":"2018-03-12T03:39:21","slug":"jeux-paralympiques-thomas-clarion-bronze-20-km","status":"publish","type":"post","link":"https:\/\/dicodusport.fr\/blog\/jeux-paralympiques-thomas-clarion-bronze-20-km\/","title":{"rendered":"Jeux Paralympiques : Thomas Clarion en bronze sur le 20km"},"content":{"rendered":"<p style=\"text-align: justify;\"><strong><em>Formidable Thomas Clarion ! Accompagn\u00e9 de son guide Antoine Bollet, le fondeur de 35 ans a obtenu un tr\u00e8s belle m\u00e9daille de bronze sur le 20km, dans la cat\u00e9gorie des d\u00e9ficients visuels. Huiti\u00e8me m\u00e9daille pour les Bleus.<\/em><\/strong><\/p>\n<p style=\"text-align: justify;\">Derri\u00e8re l&rsquo;intouchable canadien Brian McKeever, le double m\u00e9daill\u00e9 de bronze \u00e0 Sotchi a su tirer son \u00e9pingle du jeu en partant tr\u00e8s fort. Accompagn\u00e9 par son guide Antoine Bollet, le fondeur, longtemps deuxi\u00e8me, a souffert en toute fin de course et a d\u00fb s&rsquo;arracher pour conserver sa place sur le podium. Une tr\u00e8s belle performance pour le triple m\u00e9daill\u00e9 lors des Championnats du monde l&rsquo;an dernier, en Allemagne. Le Bi\u00e9lorusse Yury Holub d\u00e9croche quant \u00e0 lui l&rsquo;argent.<\/p>\n<p style=\"text-align: justify;\">Deuxi\u00e8me tricolore engag\u00e9, Anthony Chalen\u00e7on, accompagn\u00e9 de Simon Valverde, termine \u00e0 la septi\u00e8me place. Prochain rendez-vous pour Thomas Clarion, le sprint classique ce mercredi, \u00e9preuve dans laquelle il avait pris le bronze lors des Mondiaux l&rsquo;ann\u00e9e derni\u00e8re.<\/p>\n<p><em><strong>Flo Ostermann<\/strong><\/em><em><br \/>\n<\/em><a href=\"https:\/\/www.facebook.com\/florent.ostermann\"><img loading=\"lazy\" decoding=\"async\" class=\"alignnone wp-image-2909\" src=\"http:\/\/dicodusport.fr\/blog\/wp-content\/uploads\/2017\/07\/logo-facebook-150x150.png\" sizes=\"auto, (max-width: 40px) 100vw, 40px\" srcset=\"https:\/\/dicodusport.fr\/blog\/wp-content\/uploads\/2017\/07\/logo-facebook-150x150.png 150w, https:\/\/dicodusport.fr\/blog\/wp-content\/uploads\/2017\/07\/logo-facebook-300x300.png 300w, https:\/\/dicodusport.fr\/blog\/wp-content\/uploads\/2017\/07\/logo-facebook.png 400w\" alt=\"\" width=\"40\" height=\"40\" \/><\/a><a href=\"https:\/\/twitter.com\/SportInsideMag\"><img loading=\"lazy\" decoding=\"async\" class=\"alignnone wp-image-2908\" src=\"http:\/\/dicodusport.fr\/blog\/wp-content\/uploads\/2017\/07\/logo-twitter-150x150.png\" alt=\"\" width=\"39\" height=\"39\" \/><\/a><\/p>\n","protected":false},"excerpt":{"rendered":"<p>Formidable Thomas Clarion ! Accompagn\u00e9 de son guide Antoine Bollet, le fondeur de 35 ans a obtenu un tr\u00e8s belle m\u00e9daille de bronze sur le 20km, dans la cat\u00e9gorie des d\u00e9ficients visuels. Huiti\u00e8me m\u00e9daille pour les Bleus.<\/p>\n","protected":false},"author":4,"featured_media":14314,"comment_status":"open","ping_status":"closed","sticky":false,"template":"","format":"standard","meta":{"_acf_changed":false,"_daextam_enable_autolinks":"","footnotes":""},"categories":[2,3588,2313],"tags":[],"class_list":["post-14310","post","type-post","status-publish","format-standard","has-post-thumbnail","hentry","category-actualites","category-pyeongchang-2018","category-sports-dhiver"],"acf":[],"yoast_head":"<!-- This site is optimized with the Yoast SEO Premium plugin v26.7 (Yoast SEO v26.7) - https:\/\/yoast.com\/wordpress\/plugins\/seo\/ -->\n<title>Jeux Paralympiques : Thomas Clarion en bronze sur le 20km<\/title>\n<meta name=\"description\" content=\"Formidable Thomas Clarion ! Accompagn\u00e9 de son guide Antoine Bollet, le fondeur de 35 ans a obtenu un tr\u00e8s belle m\u00e9daille de bronze sur le 20km, dans la cat\u00e9gorie des d\u00e9ficients visuels. Huiti\u00e8me m\u00e9daille pour les Bleus.\" \/>\n<meta name=\"robots\" content=\"index, follow, max-snippet:-1, max-image-preview:large, max-video-preview:-1\" \/>\n<link rel=\"canonical\" href=\"https:\/\/dicodusport.fr\/blog\/jeux-paralympiques-thomas-clarion-bronze-20-km\/\" \/>\n<meta property=\"og:locale\" content=\"fr_FR\" \/>\n<meta property=\"og:type\" content=\"article\" \/>\n<meta property=\"og:title\" content=\"Jeux Paralympiques : Thomas Clarion en bronze sur le 20km\" \/>\n<meta property=\"og:description\" content=\"Formidable Thomas Clarion ! Accompagn\u00e9 de son guide Antoine Bollet, le fondeur de 35 ans a obtenu un tr\u00e8s belle m\u00e9daille de bronze sur le 20km, dans la cat\u00e9gorie des d\u00e9ficients visuels. Huiti\u00e8me m\u00e9daille pour les Bleus.\" \/>\n<meta property=\"og:url\" content=\"https:\/\/dicodusport.fr\/blog\/jeux-paralympiques-thomas-clarion-bronze-20-km\/\" \/>\n<meta property=\"og:site_name\" content=\"Dicodusport\" \/>\n<meta property=\"article:publisher\" content=\"https:\/\/www.facebook.com\/dicodusport\" \/>\n<meta property=\"article:author\" content=\"https:\/\/www.facebook.com\/florent.ostermann\" \/>\n<meta property=\"article:published_time\" content=\"2018-03-12T02:26:11+00:00\" \/>\n<meta property=\"article:modified_time\" content=\"2018-03-12T03:39:21+00:00\" \/>\n<meta property=\"og:image\" content=\"https:\/\/dicodusport.fr\/blog\/wp-content\/uploads\/2018\/03\/Thomas-Clarion.png\" \/>\n\t<meta property=\"og:image:width\" content=\"1200\" \/>\n\t<meta property=\"og:image:height\" content=\"670\" \/>\n\t<meta property=\"og:image:type\" content=\"image\/png\" \/>\n<meta name=\"author\" content=\"Flo Ostermann\" \/>\n<meta name=\"twitter:card\" content=\"summary_large_image\" \/>\n<meta name=\"twitter:creator\" content=\"@https:\/\/twitter.com\/FlOstermann\" \/>\n<meta name=\"twitter:site\" content=\"@dicodusport\" \/>\n<script type=\"application\/ld+json\" class=\"yoast-schema-graph\">{\"@context\":\"https:\/\/schema.org\",\"@graph\":[{\"@type\":\"NewsArticle\",\"@id\":\"https:\/\/dicodusport.fr\/blog\/jeux-paralympiques-thomas-clarion-bronze-20-km\/#article\",\"isPartOf\":{\"@id\":\"https:\/\/dicodusport.fr\/blog\/jeux-paralympiques-thomas-clarion-bronze-20-km\/\"},\"author\":{\"name\":\"Flo Ostermann\",\"@id\":\"https:\/\/dicodusport.fr\/blog\/#\/schema\/person\/cb02af4c173ce4a653b55e9baf388d4a\"},\"headline\":\"Jeux Paralympiques : Thomas Clarion en bronze sur le 20km\",\"datePublished\":\"2018-03-12T02:26:11+00:00\",\"dateModified\":\"2018-03-12T03:39:21+00:00\",\"mainEntityOfPage\":{\"@id\":\"https:\/\/dicodusport.fr\/blog\/jeux-paralympiques-thomas-clarion-bronze-20-km\/\"},\"wordCount\":181,\"commentCount\":0,\"publisher\":{\"@id\":\"https:\/\/dicodusport.fr\/blog\/#organization\"},\"image\":{\"@id\":\"https:\/\/dicodusport.fr\/blog\/jeux-paralympiques-thomas-clarion-bronze-20-km\/#primaryimage\"},\"thumbnailUrl\":\"https:\/\/dicodusport.fr\/blog\/wp-content\/uploads\/2018\/03\/Thomas-Clarion.png\",\"articleSection\":[\"Actualit\u00e9s\",\"Pyeongchang 2018\",\"Sports d'hiver\"],\"inLanguage\":\"fr-FR\",\"potentialAction\":[{\"@type\":\"CommentAction\",\"name\":\"Comment\",\"target\":[\"https:\/\/dicodusport.fr\/blog\/jeux-paralympiques-thomas-clarion-bronze-20-km\/#respond\"]}],\"copyrightYear\":\"2018\",\"copyrightHolder\":{\"@id\":\"https:\/\/dicodusport.fr\/blog\/#organization\"}},{\"@type\":\"WebPage\",\"@id\":\"https:\/\/dicodusport.fr\/blog\/jeux-paralympiques-thomas-clarion-bronze-20-km\/\",\"url\":\"https:\/\/dicodusport.fr\/blog\/jeux-paralympiques-thomas-clarion-bronze-20-km\/\",\"name\":\"Jeux Paralympiques : Thomas Clarion en bronze sur le 20km\",\"isPartOf\":{\"@id\":\"https:\/\/dicodusport.fr\/blog\/#website\"},\"primaryImageOfPage\":{\"@id\":\"https:\/\/dicodusport.fr\/blog\/jeux-paralympiques-thomas-clarion-bronze-20-km\/#primaryimage\"},\"image\":{\"@id\":\"https:\/\/dicodusport.fr\/blog\/jeux-paralympiques-thomas-clarion-bronze-20-km\/#primaryimage\"},\"thumbnailUrl\":\"https:\/\/dicodusport.fr\/blog\/wp-content\/uploads\/2018\/03\/Thomas-Clarion.png\",\"datePublished\":\"2018-03-12T02:26:11+00:00\",\"dateModified\":\"2018-03-12T03:39:21+00:00\",\"description\":\"Formidable Thomas Clarion ! Accompagn\u00e9 de son guide Antoine Bollet, le fondeur de 35 ans a obtenu un tr\u00e8s belle m\u00e9daille de bronze sur le 20km, dans la cat\u00e9gorie des d\u00e9ficients visuels. Huiti\u00e8me m\u00e9daille pour les Bleus.\",\"breadcrumb\":{\"@id\":\"https:\/\/dicodusport.fr\/blog\/jeux-paralympiques-thomas-clarion-bronze-20-km\/#breadcrumb\"},\"inLanguage\":\"fr-FR\",\"potentialAction\":[{\"@type\":\"ReadAction\",\"target\":[\"https:\/\/dicodusport.fr\/blog\/jeux-paralympiques-thomas-clarion-bronze-20-km\/\"]}]},{\"@type\":\"ImageObject\",\"inLanguage\":\"fr-FR\",\"@id\":\"https:\/\/dicodusport.fr\/blog\/jeux-paralympiques-thomas-clarion-bronze-20-km\/#primaryimage\",\"url\":\"https:\/\/dicodusport.fr\/blog\/wp-content\/uploads\/2018\/03\/Thomas-Clarion.png\",\"contentUrl\":\"https:\/\/dicodusport.fr\/blog\/wp-content\/uploads\/2018\/03\/Thomas-Clarion.png\",\"width\":1200,\"height\":670},{\"@type\":\"BreadcrumbList\",\"@id\":\"https:\/\/dicodusport.fr\/blog\/jeux-paralympiques-thomas-clarion-bronze-20-km\/#breadcrumb\",\"itemListElement\":[{\"@type\":\"ListItem\",\"position\":1,\"name\":\"Accueil\",\"item\":\"https:\/\/dicodusport.fr\/blog\/\"},{\"@type\":\"ListItem\",\"position\":2,\"name\":\"Jeux Paralympiques : Thomas Clarion en bronze sur le 20km\"}]},{\"@type\":\"WebSite\",\"@id\":\"https:\/\/dicodusport.fr\/blog\/#website\",\"url\":\"https:\/\/dicodusport.fr\/blog\/\",\"name\":\"Dicodusport\",\"description\":\"L&#039;encyclop\u00e9die de l&#039;actualit\u00e9 sportive\",\"publisher\":{\"@id\":\"https:\/\/dicodusport.fr\/blog\/#organization\"},\"potentialAction\":[{\"@type\":\"SearchAction\",\"target\":{\"@type\":\"EntryPoint\",\"urlTemplate\":\"https:\/\/dicodusport.fr\/blog\/?s={search_term_string}\"},\"query-input\":{\"@type\":\"PropertyValueSpecification\",\"valueRequired\":true,\"valueName\":\"search_term_string\"}}],\"inLanguage\":\"fr-FR\"},{\"@type\":\"NewsMediaOrganization\",\"@id\":\"https:\/\/dicodusport.fr\/blog\/#organization\",\"name\":\"Dicodusport\",\"url\":\"https:\/\/dicodusport.fr\/blog\/\",\"logo\":{\"@type\":\"ImageObject\",\"inLanguage\":\"fr-FR\",\"@id\":\"https:\/\/dicodusport.fr\/blog\/#\/schema\/logo\/image\/\",\"url\":\"https:\/\/dicodusport.fr\/blog\/wp-content\/uploads\/2020\/06\/cropped-LOGO-DICODUSPORT-2020-SANS-FOND-SANS-TEXTE.png\",\"contentUrl\":\"https:\/\/dicodusport.fr\/blog\/wp-content\/uploads\/2020\/06\/cropped-LOGO-DICODUSPORT-2020-SANS-FOND-SANS-TEXTE.png\",\"width\":512,\"height\":512,\"caption\":\"Dicodusport\"},\"image\":{\"@id\":\"https:\/\/dicodusport.fr\/blog\/#\/schema\/logo\/image\/\"},\"sameAs\":[\"https:\/\/www.facebook.com\/dicodusport\",\"https:\/\/x.com\/dicodusport\",\"https:\/\/www.instagram.com\/dicodusport\/\",\"https:\/\/www.youtube.com\/channel\/UC7V2KZ5sd3htJivAbA4ZG3w\"],\"description\":\"Dicodusport est l'encyclop\u00e9die de l'actualit\u00e9 sportive.\",\"email\":\"bonjour@dicodusport.fr\",\"legalName\":\"DICODUSPORT\",\"foundingDate\":\"2018-01-14\",\"vatID\":\"FR71834470973\",\"taxID\":\"83447097300043\",\"numberOfEmployees\":{\"@type\":\"QuantitativeValue\",\"minValue\":\"1\",\"maxValue\":\"10\"}},{\"@type\":\"Person\",\"@id\":\"https:\/\/dicodusport.fr\/blog\/#\/schema\/person\/cb02af4c173ce4a653b55e9baf388d4a\",\"name\":\"Flo Ostermann\",\"image\":{\"@type\":\"ImageObject\",\"inLanguage\":\"fr-FR\",\"@id\":\"https:\/\/dicodusport.fr\/blog\/#\/schema\/person\/image\/\",\"url\":\"https:\/\/dicodusport.fr\/blog\/wp-content\/uploads\/2021\/05\/Flo-Ostermann-150x150.jpg\",\"contentUrl\":\"https:\/\/dicodusport.fr\/blog\/wp-content\/uploads\/2021\/05\/Flo-Ostermann-150x150.jpg\",\"caption\":\"Flo Ostermann\"},\"description\":\"Journaliste\/R\u00e9dacteur depuis septembre 2015 - Mes premiers souvenirs dans le sport ? Les envol\u00e9es du Stade Toulousain et les duels Villeneuve-Schumacher et H\u00e4kkinen-Schumacher \u00e0 la fin des ann\u00e9es 90, la Coupe du monde de football en 1998, l\u2019exploit du XV de France face aux All Blacks en 1999, mais aussi Richard C\u0153ur de Lion qui vole sur les montagnes du Tour de France. Bien parti pour devenir professeur d\u2019EPS, les \u00e9v\u00e9nements de la vie (et la flemme d\u2019animer des s\u00e9ances de 3x500 m\u00e8tres toute ma vie) m\u2019ont conduit \u00e0 revoir mes plans. Me voil\u00e0 depuis fin 2017 sur Dicodusport, m\u00e9dia gr\u00e2ce (et pour) lequel je partage ma passion : le sport dans tous ses \u00e9tats. Le tout accompagn\u00e9 par les fous furieux et folles furieuses cit\u00e9s sur cette page !\",\"sameAs\":[\"https:\/\/www.facebook.com\/florent.ostermann\",\"https:\/\/x.com\/https:\/\/twitter.com\/FlOstermann\",\"admin\"],\"url\":\"https:\/\/dicodusport.fr\/blog\/author\/flo\/\"}]}<\/script>\n<!-- \/ Yoast SEO Premium plugin. -->","yoast_head_json":{"title":"Jeux Paralympiques : Thomas Clarion en bronze sur le 20km","description":"Formidable Thomas Clarion ! Accompagn\u00e9 de son guide Antoine Bollet, le fondeur de 35 ans a obtenu un tr\u00e8s belle m\u00e9daille de bronze sur le 20km, dans la cat\u00e9gorie des d\u00e9ficients visuels. Huiti\u00e8me m\u00e9daille pour les Bleus.","robots":{"index":"index","follow":"follow","max-snippet":"max-snippet:-1","max-image-preview":"max-image-preview:large","max-video-preview":"max-video-preview:-1"},"canonical":"https:\/\/dicodusport.fr\/blog\/jeux-paralympiques-thomas-clarion-bronze-20-km\/","og_locale":"fr_FR","og_type":"article","og_title":"Jeux Paralympiques : Thomas Clarion en bronze sur le 20km","og_description":"Formidable Thomas Clarion ! Accompagn\u00e9 de son guide Antoine Bollet, le fondeur de 35 ans a obtenu un tr\u00e8s belle m\u00e9daille de bronze sur le 20km, dans la cat\u00e9gorie des d\u00e9ficients visuels. Huiti\u00e8me m\u00e9daille pour les Bleus.","og_url":"https:\/\/dicodusport.fr\/blog\/jeux-paralympiques-thomas-clarion-bronze-20-km\/","og_site_name":"Dicodusport","article_publisher":"https:\/\/www.facebook.com\/dicodusport","article_author":"https:\/\/www.facebook.com\/florent.ostermann","article_published_time":"2018-03-12T02:26:11+00:00","article_modified_time":"2018-03-12T03:39:21+00:00","og_image":[{"width":1200,"height":670,"url":"https:\/\/dicodusport.fr\/blog\/wp-content\/uploads\/2018\/03\/Thomas-Clarion.png","type":"image\/png"}],"author":"Flo Ostermann","twitter_card":"summary_large_image","twitter_creator":"@https:\/\/twitter.com\/FlOstermann","twitter_site":"@dicodusport","schema":{"@context":"https:\/\/schema.org","@graph":[{"@type":"NewsArticle","@id":"https:\/\/dicodusport.fr\/blog\/jeux-paralympiques-thomas-clarion-bronze-20-km\/#article","isPartOf":{"@id":"https:\/\/dicodusport.fr\/blog\/jeux-paralympiques-thomas-clarion-bronze-20-km\/"},"author":{"name":"Flo Ostermann","@id":"https:\/\/dicodusport.fr\/blog\/#\/schema\/person\/cb02af4c173ce4a653b55e9baf388d4a"},"headline":"Jeux Paralympiques : Thomas Clarion en bronze sur le 20km","datePublished":"2018-03-12T02:26:11+00:00","dateModified":"2018-03-12T03:39:21+00:00","mainEntityOfPage":{"@id":"https:\/\/dicodusport.fr\/blog\/jeux-paralympiques-thomas-clarion-bronze-20-km\/"},"wordCount":181,"commentCount":0,"publisher":{"@id":"https:\/\/dicodusport.fr\/blog\/#organization"},"image":{"@id":"https:\/\/dicodusport.fr\/blog\/jeux-paralympiques-thomas-clarion-bronze-20-km\/#primaryimage"},"thumbnailUrl":"https:\/\/dicodusport.fr\/blog\/wp-content\/uploads\/2018\/03\/Thomas-Clarion.png","articleSection":["Actualit\u00e9s","Pyeongchang 2018","Sports d'hiver"],"inLanguage":"fr-FR","potentialAction":[{"@type":"CommentAction","name":"Comment","target":["https:\/\/dicodusport.fr\/blog\/jeux-paralympiques-thomas-clarion-bronze-20-km\/#respond"]}],"copyrightYear":"2018","copyrightHolder":{"@id":"https:\/\/dicodusport.fr\/blog\/#organization"}},{"@type":"WebPage","@id":"https:\/\/dicodusport.fr\/blog\/jeux-paralympiques-thomas-clarion-bronze-20-km\/","url":"https:\/\/dicodusport.fr\/blog\/jeux-paralympiques-thomas-clarion-bronze-20-km\/","name":"Jeux Paralympiques : Thomas Clarion en bronze sur le 20km","isPartOf":{"@id":"https:\/\/dicodusport.fr\/blog\/#website"},"primaryImageOfPage":{"@id":"https:\/\/dicodusport.fr\/blog\/jeux-paralympiques-thomas-clarion-bronze-20-km\/#primaryimage"},"image":{"@id":"https:\/\/dicodusport.fr\/blog\/jeux-paralympiques-thomas-clarion-bronze-20-km\/#primaryimage"},"thumbnailUrl":"https:\/\/dicodusport.fr\/blog\/wp-content\/uploads\/2018\/03\/Thomas-Clarion.png","datePublished":"2018-03-12T02:26:11+00:00","dateModified":"2018-03-12T03:39:21+00:00","description":"Formidable Thomas Clarion ! Accompagn\u00e9 de son guide Antoine Bollet, le fondeur de 35 ans a obtenu un tr\u00e8s belle m\u00e9daille de bronze sur le 20km, dans la cat\u00e9gorie des d\u00e9ficients visuels. Huiti\u00e8me m\u00e9daille pour les Bleus.","breadcrumb":{"@id":"https:\/\/dicodusport.fr\/blog\/jeux-paralympiques-thomas-clarion-bronze-20-km\/#breadcrumb"},"inLanguage":"fr-FR","potentialAction":[{"@type":"ReadAction","target":["https:\/\/dicodusport.fr\/blog\/jeux-paralympiques-thomas-clarion-bronze-20-km\/"]}]},{"@type":"ImageObject","inLanguage":"fr-FR","@id":"https:\/\/dicodusport.fr\/blog\/jeux-paralympiques-thomas-clarion-bronze-20-km\/#primaryimage","url":"https:\/\/dicodusport.fr\/blog\/wp-content\/uploads\/2018\/03\/Thomas-Clarion.png","contentUrl":"https:\/\/dicodusport.fr\/blog\/wp-content\/uploads\/2018\/03\/Thomas-Clarion.png","width":1200,"height":670},{"@type":"BreadcrumbList","@id":"https:\/\/dicodusport.fr\/blog\/jeux-paralympiques-thomas-clarion-bronze-20-km\/#breadcrumb","itemListElement":[{"@type":"ListItem","position":1,"name":"Accueil","item":"https:\/\/dicodusport.fr\/blog\/"},{"@type":"ListItem","position":2,"name":"Jeux Paralympiques : Thomas Clarion en bronze sur le 20km"}]},{"@type":"WebSite","@id":"https:\/\/dicodusport.fr\/blog\/#website","url":"https:\/\/dicodusport.fr\/blog\/","name":"Dicodusport","description":"L&#039;encyclop\u00e9die de l&#039;actualit\u00e9 sportive","publisher":{"@id":"https:\/\/dicodusport.fr\/blog\/#organization"},"potentialAction":[{"@type":"SearchAction","target":{"@type":"EntryPoint","urlTemplate":"https:\/\/dicodusport.fr\/blog\/?s={search_term_string}"},"query-input":{"@type":"PropertyValueSpecification","valueRequired":true,"valueName":"search_term_string"}}],"inLanguage":"fr-FR"},{"@type":"NewsMediaOrganization","@id":"https:\/\/dicodusport.fr\/blog\/#organization","name":"Dicodusport","url":"https:\/\/dicodusport.fr\/blog\/","logo":{"@type":"ImageObject","inLanguage":"fr-FR","@id":"https:\/\/dicodusport.fr\/blog\/#\/schema\/logo\/image\/","url":"https:\/\/dicodusport.fr\/blog\/wp-content\/uploads\/2020\/06\/cropped-LOGO-DICODUSPORT-2020-SANS-FOND-SANS-TEXTE.png","contentUrl":"https:\/\/dicodusport.fr\/blog\/wp-content\/uploads\/2020\/06\/cropped-LOGO-DICODUSPORT-2020-SANS-FOND-SANS-TEXTE.png","width":512,"height":512,"caption":"Dicodusport"},"image":{"@id":"https:\/\/dicodusport.fr\/blog\/#\/schema\/logo\/image\/"},"sameAs":["https:\/\/www.facebook.com\/dicodusport","https:\/\/x.com\/dicodusport","https:\/\/www.instagram.com\/dicodusport\/","https:\/\/www.youtube.com\/channel\/UC7V2KZ5sd3htJivAbA4ZG3w"],"description":"Dicodusport est l'encyclop\u00e9die de l'actualit\u00e9 sportive.","email":"bonjour@dicodusport.fr","legalName":"DICODUSPORT","foundingDate":"2018-01-14","vatID":"FR71834470973","taxID":"83447097300043","numberOfEmployees":{"@type":"QuantitativeValue","minValue":"1","maxValue":"10"}},{"@type":"Person","@id":"https:\/\/dicodusport.fr\/blog\/#\/schema\/person\/cb02af4c173ce4a653b55e9baf388d4a","name":"Flo Ostermann","image":{"@type":"ImageObject","inLanguage":"fr-FR","@id":"https:\/\/dicodusport.fr\/blog\/#\/schema\/person\/image\/","url":"https:\/\/dicodusport.fr\/blog\/wp-content\/uploads\/2021\/05\/Flo-Ostermann-150x150.jpg","contentUrl":"https:\/\/dicodusport.fr\/blog\/wp-content\/uploads\/2021\/05\/Flo-Ostermann-150x150.jpg","caption":"Flo Ostermann"},"description":"Journaliste\/R\u00e9dacteur depuis septembre 2015 - Mes premiers souvenirs dans le sport ? Les envol\u00e9es du Stade Toulousain et les duels Villeneuve-Schumacher et H\u00e4kkinen-Schumacher \u00e0 la fin des ann\u00e9es 90, la Coupe du monde de football en 1998, l\u2019exploit du XV de France face aux All Blacks en 1999, mais aussi Richard C\u0153ur de Lion qui vole sur les montagnes du Tour de France. Bien parti pour devenir professeur d\u2019EPS, les \u00e9v\u00e9nements de la vie (et la flemme d\u2019animer des s\u00e9ances de 3x500 m\u00e8tres toute ma vie) m\u2019ont conduit \u00e0 revoir mes plans. Me voil\u00e0 depuis fin 2017 sur Dicodusport, m\u00e9dia gr\u00e2ce (et pour) lequel je partage ma passion : le sport dans tous ses \u00e9tats. Le tout accompagn\u00e9 par les fous furieux et folles furieuses cit\u00e9s sur cette page !","sameAs":["https:\/\/www.facebook.com\/florent.ostermann","https:\/\/x.com\/https:\/\/twitter.com\/FlOstermann","admin"],"url":"https:\/\/dicodusport.fr\/blog\/author\/flo\/"}]}},"_links":{"self":[{"href":"https:\/\/dicodusport.fr\/blog\/wp-json\/wp\/v2\/posts\/14310","targetHints":{"allow":["GET"]}}],"collection":[{"href":"https:\/\/dicodusport.fr\/blog\/wp-json\/wp\/v2\/posts"}],"about":[{"href":"https:\/\/dicodusport.fr\/blog\/wp-json\/wp\/v2\/types\/post"}],"author":[{"embeddable":true,"href":"https:\/\/dicodusport.fr\/blog\/wp-json\/wp\/v2\/users\/4"}],"replies":[{"embeddable":true,"href":"https:\/\/dicodusport.fr\/blog\/wp-json\/wp\/v2\/comments?post=14310"}],"version-history":[{"count":0,"href":"https:\/\/dicodusport.fr\/blog\/wp-json\/wp\/v2\/posts\/14310\/revisions"}],"wp:featuredmedia":[{"embeddable":true,"href":"https:\/\/dicodusport.fr\/blog\/wp-json\/wp\/v2\/media\/14314"}],"wp:attachment":[{"href":"https:\/\/dicodusport.fr\/blog\/wp-json\/wp\/v2\/media?parent=14310"}],"wp:term":[{"taxonomy":"category","embeddable":true,"href":"https:\/\/dicodusport.fr\/blog\/wp-json\/wp\/v2\/categories?post=14310"},{"taxonomy":"post_tag","embeddable":true,"href":"https:\/\/dicodusport.fr\/blog\/wp-json\/wp\/v2\/tags?post=14310"}],"curies":[{"name":"wp","href":"https:\/\/api.w.org\/{rel}","templated":true}]}}