{"id":143933,"date":"2021-07-02T17:57:59","date_gmt":"2021-07-02T15:57:59","guid":{"rendered":"https:\/\/dicodusport.fr\/blog\/?p=143933&#038;preview=true&#038;preview_id=143933"},"modified":"2021-07-02T18:05:54","modified_gmt":"2021-07-02T16:05:54","slug":"vtt-short-track-pauline-ferrand-prevot-s-impose-aux-gets","status":"publish","type":"post","link":"https:\/\/dicodusport.fr\/blog\/vtt-short-track-pauline-ferrand-prevot-s-impose-aux-gets\/","title":{"rendered":"VTT Short track : Pauline Ferrand-Pr\u00e9vot s&rsquo;impose aux Gets"},"content":{"rendered":"<p style=\"text-align: justify;\"><strong><em>VTT LES GETS &#8211; Souveraine, <a href=\"https:\/\/dicodusport.fr\/blog\/pauline-ferrand-prevot-le-titre-olympique-une-fin-en-soi\/\">Pauline Ferrand-Pr\u00e9vot<\/a> (Absolute Absalon &#8211; BMC) a remport\u00e9 la short track des Gets (France) ce vendredi. La championne du monde a fait la diff\u00e9rence dans le dernier des neuf tours pour s&rsquo;imposer devant la Suissesse Sina Frei (Specialized Racing) et la Su\u00e9doise Jenny Rissveds.<\/em><\/strong><\/p>\n<p style=\"text-align: justify;\"><strong>Pauline Ferrand-Pr\u00e9vot<\/strong> est en forme \u00e0 un peu plus de trois semaines des JO, son grand objectif en 2021. La Champenoise, championne du monde en titre, a remport\u00e9 ce vendredi la short track de la Coupe du monde de VTT aux Gets (France). En t\u00eate d\u00e8s le premier tour, la v\u00e9t\u00e9tiste du team Absolute Absalon &#8211; BMC s&rsquo;est d\u00e9barrass\u00e9e dans le dernier tour de la Suissesse <strong>Sina Frei<\/strong>, deuxi\u00e8me \u00e0 quatre secondes, et de la Su\u00e9doise <strong>Jenny Rissveds<\/strong>, troisi\u00e8me \u00e0 13 secondes.<\/p>\n<p style=\"text-align: justify;\">Leader du g\u00e9n\u00e9ral de la Coupe du monde et irr\u00e9sistible depuis le d\u00e9but de la saison (4 victoires), <strong>Loana Lecomte<\/strong> (Team Massi) n&rsquo;est cette fois pas parvenue \u00e0 se m\u00ealer \u00e0 la lutte pour la victoire, et doit se contenter d&rsquo;une 12\u00e8me place, \u00e0 31 secondes de sa compatriote. La championne de France <strong>L\u00e9na G\u00e9rault<\/strong> (VCA Anjos Asterion) est 14\u00e8me.<\/p>\n<div id=\"attachment_144019\" style=\"width: 754px\" class=\"wp-caption aligncenter\"><a href=\"https:\/\/dicodusport.fr\/blog\/wp-content\/uploads\/2021\/07\/Le-classement-de-la-short-track-femmes-des-Gets.png\"><img loading=\"lazy\" decoding=\"async\" aria-describedby=\"caption-attachment-144019\" class=\"size-full wp-image-144019\" src=\"https:\/\/dicodusport.fr\/blog\/wp-content\/uploads\/2021\/07\/Le-classement-de-la-short-track-femmes-des-Gets.png\" alt=\"Le classement de la short track femmes des Gets\" width=\"744\" height=\"660\" srcset=\"https:\/\/dicodusport.fr\/blog\/wp-content\/uploads\/2021\/07\/Le-classement-de-la-short-track-femmes-des-Gets.png 744w, https:\/\/dicodusport.fr\/blog\/wp-content\/uploads\/2021\/07\/Le-classement-de-la-short-track-femmes-des-Gets-300x266.png 300w\" sizes=\"auto, (max-width: 744px) 100vw, 744px\" \/><\/a><p id=\"caption-attachment-144019\" class=\"wp-caption-text\">Le classement de la short track femmes des Gets<\/p><\/div>\n","protected":false},"excerpt":{"rendered":"<p>VTT LES GETS &#8211; Souveraine, Pauline Ferrand-Pr\u00e9vot (Absolute Absalon &#8211; BMC) a remport\u00e9 la short track des Gets (France) ce vendredi. La championne du monde a fait la diff\u00e9rence dans le dernier des neuf tours pour s&rsquo;imposer devant la Suissesse Sina Frei (Specialized Racing) et la Su\u00e9doise Jenny Rissveds.<\/p>\n","protected":false},"author":4,"featured_media":144020,"comment_status":"open","ping_status":"closed","sticky":false,"template":"","format":"standard","meta":{"_acf_changed":false,"_daextam_enable_autolinks":"","footnotes":""},"categories":[10279],"tags":[17771],"class_list":["post-143933","post","type-post","status-publish","format-standard","has-post-thumbnail","hentry","category-vtt","tag-vtt-les-gets"],"acf":[],"yoast_head":"<!-- This site is optimized with the Yoast SEO Premium plugin v26.7 (Yoast SEO v26.7) - https:\/\/yoast.com\/wordpress\/plugins\/seo\/ -->\n<title>VTT Short track : Pauline Ferrand-Pr\u00e9vot s&#039;impose aux Gets<\/title>\n<meta name=\"description\" content=\"VTT LES GETS - Souveraine, Pauline Ferrand-Pr\u00e9vot (Absolute Absalon - BMC) a remport\u00e9 la short track des Gets (France) ce vendredi.\" \/>\n<meta name=\"robots\" content=\"index, follow, max-snippet:-1, max-image-preview:large, max-video-preview:-1\" \/>\n<link rel=\"canonical\" href=\"https:\/\/dicodusport.fr\/blog\/vtt-short-track-pauline-ferrand-prevot-s-impose-aux-gets\/\" \/>\n<meta property=\"og:locale\" content=\"fr_FR\" \/>\n<meta property=\"og:type\" content=\"article\" \/>\n<meta property=\"og:title\" content=\"VTT Short track : Pauline Ferrand-Pr\u00e9vot s&#039;impose aux Gets\" \/>\n<meta property=\"og:description\" content=\"VTT LES GETS - Souveraine, Pauline Ferrand-Pr\u00e9vot (Absolute Absalon - BMC) a remport\u00e9 la short track des Gets (France) ce vendredi.\" \/>\n<meta property=\"og:url\" content=\"https:\/\/dicodusport.fr\/blog\/vtt-short-track-pauline-ferrand-prevot-s-impose-aux-gets\/\" \/>\n<meta property=\"og:site_name\" content=\"Dicodusport\" \/>\n<meta property=\"article:publisher\" content=\"https:\/\/www.facebook.com\/dicodusport\" \/>\n<meta property=\"article:author\" content=\"https:\/\/www.facebook.com\/florent.ostermann\" \/>\n<meta property=\"article:published_time\" content=\"2021-07-02T15:57:59+00:00\" \/>\n<meta property=\"article:modified_time\" content=\"2021-07-02T16:05:54+00:00\" \/>\n<meta property=\"og:image\" content=\"https:\/\/dicodusport.fr\/blog\/wp-content\/uploads\/2021\/07\/VTT-Short-track-Pauline-Ferrand-Prevot-simpose-aux-Gets.png\" \/>\n\t<meta property=\"og:image:width\" content=\"800\" \/>\n\t<meta property=\"og:image:height\" content=\"445\" \/>\n\t<meta property=\"og:image:type\" content=\"image\/png\" \/>\n<meta name=\"author\" content=\"Flo Ostermann\" \/>\n<meta name=\"twitter:card\" content=\"summary_large_image\" \/>\n<meta name=\"twitter:title\" content=\"VTT Short track : Pauline Ferrand-Pr\u00e9vot s&#039;impose aux Gets\" \/>\n<meta name=\"twitter:creator\" content=\"@https:\/\/twitter.com\/FlOstermann\" \/>\n<meta name=\"twitter:site\" content=\"@dicodusport\" \/>\n<script type=\"application\/ld+json\" class=\"yoast-schema-graph\">{\"@context\":\"https:\/\/schema.org\",\"@graph\":[{\"@type\":\"NewsArticle\",\"@id\":\"https:\/\/dicodusport.fr\/blog\/vtt-short-track-pauline-ferrand-prevot-s-impose-aux-gets\/#article\",\"isPartOf\":{\"@id\":\"https:\/\/dicodusport.fr\/blog\/vtt-short-track-pauline-ferrand-prevot-s-impose-aux-gets\/\"},\"author\":{\"name\":\"Flo Ostermann\",\"@id\":\"https:\/\/dicodusport.fr\/blog\/#\/schema\/person\/cb02af4c173ce4a653b55e9baf388d4a\"},\"headline\":\"VTT Short track : Pauline Ferrand-Pr\u00e9vot s&rsquo;impose aux Gets\",\"datePublished\":\"2021-07-02T15:57:59+00:00\",\"dateModified\":\"2021-07-02T16:05:54+00:00\",\"mainEntityOfPage\":{\"@id\":\"https:\/\/dicodusport.fr\/blog\/vtt-short-track-pauline-ferrand-prevot-s-impose-aux-gets\/\"},\"wordCount\":231,\"commentCount\":0,\"publisher\":{\"@id\":\"https:\/\/dicodusport.fr\/blog\/#organization\"},\"image\":{\"@id\":\"https:\/\/dicodusport.fr\/blog\/vtt-short-track-pauline-ferrand-prevot-s-impose-aux-gets\/#primaryimage\"},\"thumbnailUrl\":\"https:\/\/dicodusport.fr\/blog\/wp-content\/uploads\/2021\/07\/VTT-Short-track-Pauline-Ferrand-Prevot-simpose-aux-Gets.png\",\"keywords\":[\"VTT Les Gets\"],\"articleSection\":[\"VTT\"],\"inLanguage\":\"fr-FR\",\"potentialAction\":[{\"@type\":\"CommentAction\",\"name\":\"Comment\",\"target\":[\"https:\/\/dicodusport.fr\/blog\/vtt-short-track-pauline-ferrand-prevot-s-impose-aux-gets\/#respond\"]}],\"copyrightYear\":\"2021\",\"copyrightHolder\":{\"@id\":\"https:\/\/dicodusport.fr\/blog\/#organization\"}},{\"@type\":\"WebPage\",\"@id\":\"https:\/\/dicodusport.fr\/blog\/vtt-short-track-pauline-ferrand-prevot-s-impose-aux-gets\/\",\"url\":\"https:\/\/dicodusport.fr\/blog\/vtt-short-track-pauline-ferrand-prevot-s-impose-aux-gets\/\",\"name\":\"VTT Short track : Pauline Ferrand-Pr\u00e9vot s'impose aux Gets\",\"isPartOf\":{\"@id\":\"https:\/\/dicodusport.fr\/blog\/#website\"},\"primaryImageOfPage\":{\"@id\":\"https:\/\/dicodusport.fr\/blog\/vtt-short-track-pauline-ferrand-prevot-s-impose-aux-gets\/#primaryimage\"},\"image\":{\"@id\":\"https:\/\/dicodusport.fr\/blog\/vtt-short-track-pauline-ferrand-prevot-s-impose-aux-gets\/#primaryimage\"},\"thumbnailUrl\":\"https:\/\/dicodusport.fr\/blog\/wp-content\/uploads\/2021\/07\/VTT-Short-track-Pauline-Ferrand-Prevot-simpose-aux-Gets.png\",\"datePublished\":\"2021-07-02T15:57:59+00:00\",\"dateModified\":\"2021-07-02T16:05:54+00:00\",\"description\":\"VTT LES GETS - Souveraine, Pauline Ferrand-Pr\u00e9vot (Absolute Absalon - BMC) a remport\u00e9 la short track des Gets (France) ce vendredi.\",\"breadcrumb\":{\"@id\":\"https:\/\/dicodusport.fr\/blog\/vtt-short-track-pauline-ferrand-prevot-s-impose-aux-gets\/#breadcrumb\"},\"inLanguage\":\"fr-FR\",\"potentialAction\":[{\"@type\":\"ReadAction\",\"target\":[\"https:\/\/dicodusport.fr\/blog\/vtt-short-track-pauline-ferrand-prevot-s-impose-aux-gets\/\"]}]},{\"@type\":\"ImageObject\",\"inLanguage\":\"fr-FR\",\"@id\":\"https:\/\/dicodusport.fr\/blog\/vtt-short-track-pauline-ferrand-prevot-s-impose-aux-gets\/#primaryimage\",\"url\":\"https:\/\/dicodusport.fr\/blog\/wp-content\/uploads\/2021\/07\/VTT-Short-track-Pauline-Ferrand-Prevot-simpose-aux-Gets.png\",\"contentUrl\":\"https:\/\/dicodusport.fr\/blog\/wp-content\/uploads\/2021\/07\/VTT-Short-track-Pauline-Ferrand-Prevot-simpose-aux-Gets.png\",\"width\":800,\"height\":445,\"caption\":\"VTT Short track - Pauline Ferrand-Pr\u00e9vot s'impose aux Gets\"},{\"@type\":\"BreadcrumbList\",\"@id\":\"https:\/\/dicodusport.fr\/blog\/vtt-short-track-pauline-ferrand-prevot-s-impose-aux-gets\/#breadcrumb\",\"itemListElement\":[{\"@type\":\"ListItem\",\"position\":1,\"name\":\"Accueil\",\"item\":\"https:\/\/dicodusport.fr\/blog\/\"},{\"@type\":\"ListItem\",\"position\":2,\"name\":\"VTT Short track : Pauline Ferrand-Pr\u00e9vot s&rsquo;impose aux Gets\"}]},{\"@type\":\"WebSite\",\"@id\":\"https:\/\/dicodusport.fr\/blog\/#website\",\"url\":\"https:\/\/dicodusport.fr\/blog\/\",\"name\":\"Dicodusport\",\"description\":\"L&#039;encyclop\u00e9die de l&#039;actualit\u00e9 sportive\",\"publisher\":{\"@id\":\"https:\/\/dicodusport.fr\/blog\/#organization\"},\"potentialAction\":[{\"@type\":\"SearchAction\",\"target\":{\"@type\":\"EntryPoint\",\"urlTemplate\":\"https:\/\/dicodusport.fr\/blog\/?s={search_term_string}\"},\"query-input\":{\"@type\":\"PropertyValueSpecification\",\"valueRequired\":true,\"valueName\":\"search_term_string\"}}],\"inLanguage\":\"fr-FR\"},{\"@type\":\"NewsMediaOrganization\",\"@id\":\"https:\/\/dicodusport.fr\/blog\/#organization\",\"name\":\"Dicodusport\",\"url\":\"https:\/\/dicodusport.fr\/blog\/\",\"logo\":{\"@type\":\"ImageObject\",\"inLanguage\":\"fr-FR\",\"@id\":\"https:\/\/dicodusport.fr\/blog\/#\/schema\/logo\/image\/\",\"url\":\"https:\/\/dicodusport.fr\/blog\/wp-content\/uploads\/2020\/06\/cropped-LOGO-DICODUSPORT-2020-SANS-FOND-SANS-TEXTE.png\",\"contentUrl\":\"https:\/\/dicodusport.fr\/blog\/wp-content\/uploads\/2020\/06\/cropped-LOGO-DICODUSPORT-2020-SANS-FOND-SANS-TEXTE.png\",\"width\":512,\"height\":512,\"caption\":\"Dicodusport\"},\"image\":{\"@id\":\"https:\/\/dicodusport.fr\/blog\/#\/schema\/logo\/image\/\"},\"sameAs\":[\"https:\/\/www.facebook.com\/dicodusport\",\"https:\/\/x.com\/dicodusport\",\"https:\/\/www.instagram.com\/dicodusport\/\",\"https:\/\/www.youtube.com\/channel\/UC7V2KZ5sd3htJivAbA4ZG3w\"],\"description\":\"Dicodusport est l'encyclop\u00e9die de l'actualit\u00e9 sportive.\",\"email\":\"bonjour@dicodusport.fr\",\"legalName\":\"DICODUSPORT\",\"foundingDate\":\"2018-01-14\",\"vatID\":\"FR71834470973\",\"taxID\":\"83447097300043\",\"numberOfEmployees\":{\"@type\":\"QuantitativeValue\",\"minValue\":\"1\",\"maxValue\":\"10\"}},{\"@type\":\"Person\",\"@id\":\"https:\/\/dicodusport.fr\/blog\/#\/schema\/person\/cb02af4c173ce4a653b55e9baf388d4a\",\"name\":\"Flo Ostermann\",\"image\":{\"@type\":\"ImageObject\",\"inLanguage\":\"fr-FR\",\"@id\":\"https:\/\/dicodusport.fr\/blog\/#\/schema\/person\/image\/\",\"url\":\"https:\/\/dicodusport.fr\/blog\/wp-content\/uploads\/2021\/05\/Flo-Ostermann-150x150.jpg\",\"contentUrl\":\"https:\/\/dicodusport.fr\/blog\/wp-content\/uploads\/2021\/05\/Flo-Ostermann-150x150.jpg\",\"caption\":\"Flo Ostermann\"},\"description\":\"Journaliste\/R\u00e9dacteur depuis septembre 2015 - Mes premiers souvenirs dans le sport ? Les envol\u00e9es du Stade Toulousain et les duels Villeneuve-Schumacher et H\u00e4kkinen-Schumacher \u00e0 la fin des ann\u00e9es 90, la Coupe du monde de football en 1998, l\u2019exploit du XV de France face aux All Blacks en 1999, mais aussi Richard C\u0153ur de Lion qui vole sur les montagnes du Tour de France. Bien parti pour devenir professeur d\u2019EPS, les \u00e9v\u00e9nements de la vie (et la flemme d\u2019animer des s\u00e9ances de 3x500 m\u00e8tres toute ma vie) m\u2019ont conduit \u00e0 revoir mes plans. Me voil\u00e0 depuis fin 2017 sur Dicodusport, m\u00e9dia gr\u00e2ce (et pour) lequel je partage ma passion : le sport dans tous ses \u00e9tats. Le tout accompagn\u00e9 par les fous furieux et folles furieuses cit\u00e9s sur cette page !\",\"sameAs\":[\"https:\/\/www.facebook.com\/florent.ostermann\",\"https:\/\/x.com\/https:\/\/twitter.com\/FlOstermann\",\"admin\"],\"url\":\"https:\/\/dicodusport.fr\/blog\/author\/flo\/\"}]}<\/script>\n<!-- \/ Yoast SEO Premium plugin. -->","yoast_head_json":{"title":"VTT Short track : Pauline Ferrand-Pr\u00e9vot s'impose aux Gets","description":"VTT LES GETS - Souveraine, Pauline Ferrand-Pr\u00e9vot (Absolute Absalon - BMC) a remport\u00e9 la short track des Gets (France) ce vendredi.","robots":{"index":"index","follow":"follow","max-snippet":"max-snippet:-1","max-image-preview":"max-image-preview:large","max-video-preview":"max-video-preview:-1"},"canonical":"https:\/\/dicodusport.fr\/blog\/vtt-short-track-pauline-ferrand-prevot-s-impose-aux-gets\/","og_locale":"fr_FR","og_type":"article","og_title":"VTT Short track : Pauline Ferrand-Pr\u00e9vot s'impose aux Gets","og_description":"VTT LES GETS - Souveraine, Pauline Ferrand-Pr\u00e9vot (Absolute Absalon - BMC) a remport\u00e9 la short track des Gets (France) ce vendredi.","og_url":"https:\/\/dicodusport.fr\/blog\/vtt-short-track-pauline-ferrand-prevot-s-impose-aux-gets\/","og_site_name":"Dicodusport","article_publisher":"https:\/\/www.facebook.com\/dicodusport","article_author":"https:\/\/www.facebook.com\/florent.ostermann","article_published_time":"2021-07-02T15:57:59+00:00","article_modified_time":"2021-07-02T16:05:54+00:00","og_image":[{"width":800,"height":445,"url":"https:\/\/dicodusport.fr\/blog\/wp-content\/uploads\/2021\/07\/VTT-Short-track-Pauline-Ferrand-Prevot-simpose-aux-Gets.png","type":"image\/png"}],"author":"Flo Ostermann","twitter_card":"summary_large_image","twitter_title":"VTT Short track : Pauline Ferrand-Pr\u00e9vot s'impose aux Gets","twitter_creator":"@https:\/\/twitter.com\/FlOstermann","twitter_site":"@dicodusport","schema":{"@context":"https:\/\/schema.org","@graph":[{"@type":"NewsArticle","@id":"https:\/\/dicodusport.fr\/blog\/vtt-short-track-pauline-ferrand-prevot-s-impose-aux-gets\/#article","isPartOf":{"@id":"https:\/\/dicodusport.fr\/blog\/vtt-short-track-pauline-ferrand-prevot-s-impose-aux-gets\/"},"author":{"name":"Flo Ostermann","@id":"https:\/\/dicodusport.fr\/blog\/#\/schema\/person\/cb02af4c173ce4a653b55e9baf388d4a"},"headline":"VTT Short track : Pauline Ferrand-Pr\u00e9vot s&rsquo;impose aux Gets","datePublished":"2021-07-02T15:57:59+00:00","dateModified":"2021-07-02T16:05:54+00:00","mainEntityOfPage":{"@id":"https:\/\/dicodusport.fr\/blog\/vtt-short-track-pauline-ferrand-prevot-s-impose-aux-gets\/"},"wordCount":231,"commentCount":0,"publisher":{"@id":"https:\/\/dicodusport.fr\/blog\/#organization"},"image":{"@id":"https:\/\/dicodusport.fr\/blog\/vtt-short-track-pauline-ferrand-prevot-s-impose-aux-gets\/#primaryimage"},"thumbnailUrl":"https:\/\/dicodusport.fr\/blog\/wp-content\/uploads\/2021\/07\/VTT-Short-track-Pauline-Ferrand-Prevot-simpose-aux-Gets.png","keywords":["VTT Les Gets"],"articleSection":["VTT"],"inLanguage":"fr-FR","potentialAction":[{"@type":"CommentAction","name":"Comment","target":["https:\/\/dicodusport.fr\/blog\/vtt-short-track-pauline-ferrand-prevot-s-impose-aux-gets\/#respond"]}],"copyrightYear":"2021","copyrightHolder":{"@id":"https:\/\/dicodusport.fr\/blog\/#organization"}},{"@type":"WebPage","@id":"https:\/\/dicodusport.fr\/blog\/vtt-short-track-pauline-ferrand-prevot-s-impose-aux-gets\/","url":"https:\/\/dicodusport.fr\/blog\/vtt-short-track-pauline-ferrand-prevot-s-impose-aux-gets\/","name":"VTT Short track : Pauline Ferrand-Pr\u00e9vot s'impose aux Gets","isPartOf":{"@id":"https:\/\/dicodusport.fr\/blog\/#website"},"primaryImageOfPage":{"@id":"https:\/\/dicodusport.fr\/blog\/vtt-short-track-pauline-ferrand-prevot-s-impose-aux-gets\/#primaryimage"},"image":{"@id":"https:\/\/dicodusport.fr\/blog\/vtt-short-track-pauline-ferrand-prevot-s-impose-aux-gets\/#primaryimage"},"thumbnailUrl":"https:\/\/dicodusport.fr\/blog\/wp-content\/uploads\/2021\/07\/VTT-Short-track-Pauline-Ferrand-Prevot-simpose-aux-Gets.png","datePublished":"2021-07-02T15:57:59+00:00","dateModified":"2021-07-02T16:05:54+00:00","description":"VTT LES GETS - Souveraine, Pauline Ferrand-Pr\u00e9vot (Absolute Absalon - BMC) a remport\u00e9 la short track des Gets (France) ce vendredi.","breadcrumb":{"@id":"https:\/\/dicodusport.fr\/blog\/vtt-short-track-pauline-ferrand-prevot-s-impose-aux-gets\/#breadcrumb"},"inLanguage":"fr-FR","potentialAction":[{"@type":"ReadAction","target":["https:\/\/dicodusport.fr\/blog\/vtt-short-track-pauline-ferrand-prevot-s-impose-aux-gets\/"]}]},{"@type":"ImageObject","inLanguage":"fr-FR","@id":"https:\/\/dicodusport.fr\/blog\/vtt-short-track-pauline-ferrand-prevot-s-impose-aux-gets\/#primaryimage","url":"https:\/\/dicodusport.fr\/blog\/wp-content\/uploads\/2021\/07\/VTT-Short-track-Pauline-Ferrand-Prevot-simpose-aux-Gets.png","contentUrl":"https:\/\/dicodusport.fr\/blog\/wp-content\/uploads\/2021\/07\/VTT-Short-track-Pauline-Ferrand-Prevot-simpose-aux-Gets.png","width":800,"height":445,"caption":"VTT Short track - Pauline Ferrand-Pr\u00e9vot s'impose aux Gets"},{"@type":"BreadcrumbList","@id":"https:\/\/dicodusport.fr\/blog\/vtt-short-track-pauline-ferrand-prevot-s-impose-aux-gets\/#breadcrumb","itemListElement":[{"@type":"ListItem","position":1,"name":"Accueil","item":"https:\/\/dicodusport.fr\/blog\/"},{"@type":"ListItem","position":2,"name":"VTT Short track : Pauline Ferrand-Pr\u00e9vot s&rsquo;impose aux Gets"}]},{"@type":"WebSite","@id":"https:\/\/dicodusport.fr\/blog\/#website","url":"https:\/\/dicodusport.fr\/blog\/","name":"Dicodusport","description":"L&#039;encyclop\u00e9die de l&#039;actualit\u00e9 sportive","publisher":{"@id":"https:\/\/dicodusport.fr\/blog\/#organization"},"potentialAction":[{"@type":"SearchAction","target":{"@type":"EntryPoint","urlTemplate":"https:\/\/dicodusport.fr\/blog\/?s={search_term_string}"},"query-input":{"@type":"PropertyValueSpecification","valueRequired":true,"valueName":"search_term_string"}}],"inLanguage":"fr-FR"},{"@type":"NewsMediaOrganization","@id":"https:\/\/dicodusport.fr\/blog\/#organization","name":"Dicodusport","url":"https:\/\/dicodusport.fr\/blog\/","logo":{"@type":"ImageObject","inLanguage":"fr-FR","@id":"https:\/\/dicodusport.fr\/blog\/#\/schema\/logo\/image\/","url":"https:\/\/dicodusport.fr\/blog\/wp-content\/uploads\/2020\/06\/cropped-LOGO-DICODUSPORT-2020-SANS-FOND-SANS-TEXTE.png","contentUrl":"https:\/\/dicodusport.fr\/blog\/wp-content\/uploads\/2020\/06\/cropped-LOGO-DICODUSPORT-2020-SANS-FOND-SANS-TEXTE.png","width":512,"height":512,"caption":"Dicodusport"},"image":{"@id":"https:\/\/dicodusport.fr\/blog\/#\/schema\/logo\/image\/"},"sameAs":["https:\/\/www.facebook.com\/dicodusport","https:\/\/x.com\/dicodusport","https:\/\/www.instagram.com\/dicodusport\/","https:\/\/www.youtube.com\/channel\/UC7V2KZ5sd3htJivAbA4ZG3w"],"description":"Dicodusport est l'encyclop\u00e9die de l'actualit\u00e9 sportive.","email":"bonjour@dicodusport.fr","legalName":"DICODUSPORT","foundingDate":"2018-01-14","vatID":"FR71834470973","taxID":"83447097300043","numberOfEmployees":{"@type":"QuantitativeValue","minValue":"1","maxValue":"10"}},{"@type":"Person","@id":"https:\/\/dicodusport.fr\/blog\/#\/schema\/person\/cb02af4c173ce4a653b55e9baf388d4a","name":"Flo Ostermann","image":{"@type":"ImageObject","inLanguage":"fr-FR","@id":"https:\/\/dicodusport.fr\/blog\/#\/schema\/person\/image\/","url":"https:\/\/dicodusport.fr\/blog\/wp-content\/uploads\/2021\/05\/Flo-Ostermann-150x150.jpg","contentUrl":"https:\/\/dicodusport.fr\/blog\/wp-content\/uploads\/2021\/05\/Flo-Ostermann-150x150.jpg","caption":"Flo Ostermann"},"description":"Journaliste\/R\u00e9dacteur depuis septembre 2015 - Mes premiers souvenirs dans le sport ? Les envol\u00e9es du Stade Toulousain et les duels Villeneuve-Schumacher et H\u00e4kkinen-Schumacher \u00e0 la fin des ann\u00e9es 90, la Coupe du monde de football en 1998, l\u2019exploit du XV de France face aux All Blacks en 1999, mais aussi Richard C\u0153ur de Lion qui vole sur les montagnes du Tour de France. Bien parti pour devenir professeur d\u2019EPS, les \u00e9v\u00e9nements de la vie (et la flemme d\u2019animer des s\u00e9ances de 3x500 m\u00e8tres toute ma vie) m\u2019ont conduit \u00e0 revoir mes plans. Me voil\u00e0 depuis fin 2017 sur Dicodusport, m\u00e9dia gr\u00e2ce (et pour) lequel je partage ma passion : le sport dans tous ses \u00e9tats. Le tout accompagn\u00e9 par les fous furieux et folles furieuses cit\u00e9s sur cette page !","sameAs":["https:\/\/www.facebook.com\/florent.ostermann","https:\/\/x.com\/https:\/\/twitter.com\/FlOstermann","admin"],"url":"https:\/\/dicodusport.fr\/blog\/author\/flo\/"}]}},"_links":{"self":[{"href":"https:\/\/dicodusport.fr\/blog\/wp-json\/wp\/v2\/posts\/143933","targetHints":{"allow":["GET"]}}],"collection":[{"href":"https:\/\/dicodusport.fr\/blog\/wp-json\/wp\/v2\/posts"}],"about":[{"href":"https:\/\/dicodusport.fr\/blog\/wp-json\/wp\/v2\/types\/post"}],"author":[{"embeddable":true,"href":"https:\/\/dicodusport.fr\/blog\/wp-json\/wp\/v2\/users\/4"}],"replies":[{"embeddable":true,"href":"https:\/\/dicodusport.fr\/blog\/wp-json\/wp\/v2\/comments?post=143933"}],"version-history":[{"count":0,"href":"https:\/\/dicodusport.fr\/blog\/wp-json\/wp\/v2\/posts\/143933\/revisions"}],"wp:featuredmedia":[{"embeddable":true,"href":"https:\/\/dicodusport.fr\/blog\/wp-json\/wp\/v2\/media\/144020"}],"wp:attachment":[{"href":"https:\/\/dicodusport.fr\/blog\/wp-json\/wp\/v2\/media?parent=143933"}],"wp:term":[{"taxonomy":"category","embeddable":true,"href":"https:\/\/dicodusport.fr\/blog\/wp-json\/wp\/v2\/categories?post=143933"},{"taxonomy":"post_tag","embeddable":true,"href":"https:\/\/dicodusport.fr\/blog\/wp-json\/wp\/v2\/tags?post=143933"}],"curies":[{"name":"wp","href":"https:\/\/api.w.org\/{rel}","templated":true}]}}