{"id":143956,"date":"2021-07-04T08:02:51","date_gmt":"2021-07-04T06:02:51","guid":{"rendered":"https:\/\/dicodusport.fr\/blog\/?p=143956"},"modified":"2021-08-01T12:56:54","modified_gmt":"2021-08-01T10:56:54","slug":"4-juillet-2015-record-deurope-du-100-m-pour-jimmy-vicaut","status":"publish","type":"post","link":"https:\/\/dicodusport.fr\/blog\/4-juillet-2015-record-deurope-du-100-m-pour-jimmy-vicaut\/","title":{"rendered":"4 juillet 2015 : Record d\u2019Europe du 100 m pour Jimmy Vicaut"},"content":{"rendered":"<p style=\"text-align: justify;\"><em><strong><a href=\"https:\/\/dicodusport.fr\/definition-sport\/athletisme\/\">ATHLETISME<\/a> &#8211; Voil\u00e0 presque dix ans que le record d\u2019Europe du Portugais Francis Obikwelu sur 100 m tient. Neuf exactement, et les Jeux d\u2019Ath\u00e8nes 2004. Et en ce jour, le record tient encore. Mais depuis le 4 juillet 2015, Jimmy Vicaut s\u2019est invit\u00e9 \u00e0 la table d&rsquo;Obikwelu.<\/strong><\/em><\/p>\n<h2>\u00c7a s&rsquo;est pass\u00e9 le 4 juillet 2015<\/h2>\n<p style=\"text-align: justify;\">Meeting Areva de Paris, la derni\u00e8re course de la journ\u00e9e arrive, la derni\u00e8re de cette huiti\u00e8me \u00e9tape de la Diamond League. <strong>Jimmy Vicaut<\/strong>, couloir 3, est dans les starting-blocks, pr\u00eat. A ses c\u00f4t\u00e9s, <strong>Kim Collins<\/strong> et <strong>Asafa Powell<\/strong>. Le d\u00e9part manque un peu de r\u00e9action pour le Fran\u00e7ais mais la suite de la course est parfaite. Il laisse d\u2019abord sur place le premier adversaire, avant de prendre la foul\u00e9e du Jama\u00efcain. Les m\u00e8tres passent, ils d\u00e9filent m\u00eame, un peu vite. Alors quand <strong>Powell<\/strong> franchit la ligne en t\u00eate \u00e0 9\u201981, on se met \u00e0 r\u00e9fl\u00e9chir au record de France. Ce dernier \u00e9tait d\u00e9tenu par <strong>Christophe Lema\u00eetre<\/strong> depuis 2011 et s\u2019\u00e9levait \u00e0 9\u201992.<\/p>\n<p style=\"text-align: justify;\">Oui, \u00e9tait \u2026 Avec un temps de 9\u201986, <strong>Jimmy Vicaut<\/strong> vient de se l\u2019approprier. Mais attendez \u2026 9\u201986, c\u2019est aussi le record d\u2019Europe. Voil\u00e0 que l\u2019athl\u00e8te fran\u00e7ais \u00e9gale en plus la meilleure marque continentale sur la distance reine. Une juste r\u00e9compense pour lui qui avait d\u00fb abandonner au cours des Championnats d\u2019Europe l\u2019ann\u00e9e pr\u00e9c\u00e9dente.<\/p>\n<p><span class=\"Y0FQ7Cinbm69NTFjLM7oHXTcpeLrUfqktePbiwOSm8YSxfDcIdU6r2unHlItJD3zgK1Vp35hBWKEhs5oM4OlG4E\"><iframe loading=\"lazy\" title=\"Jimmy Vicaut european record 9.86 (+1.3m\/s), Powell 1st in 9.81\" width=\"740\" height=\"555\" src=\"https:\/\/www.youtube.com\/embed\/0U5DkijwoHs?feature=oembed\" frameborder=\"0\" allow=\"accelerometer; autoplay; clipboard-write; encrypted-media; gyroscope; picture-in-picture; web-share\" allowfullscreen><\/iframe><\/span><\/p>\n<p style=\"text-align: justify;\"><strong>Info\u00a0<\/strong>: <strong>Jimmy Vicaut<\/strong> \u00e9tait, quand nous \u00e9crivions ces lignes, encore cod\u00e9tenteur de ce record d\u2019Europe, ce dernier n\u2019avait toujours pas \u00e9t\u00e9 battu. \u00c7a a dur\u00e9 six ans ! Six ans et puis <strong>Lamont Marcell Jacobs<\/strong> a pris le d\u00e9part du 100 m au Jeux Olympiques de Tokyo. Le 1er ao\u00fbt 2021, l&rsquo;Italien r\u00e9duit la marque un peu plus et s&rsquo;approprie la meilleure marque europ\u00e9enne en 9 s 84.<\/p>\n","protected":false},"excerpt":{"rendered":"<p>Retour aujourd&rsquo;hui sur le 4 juillet 2015, lorsque Jimmy Vicaut \u00e9galait le record d&rsquo;Europe sur la distance reine de l&rsquo;athl\u00e9tisme.<\/p>\n","protected":false},"author":18,"featured_media":144352,"comment_status":"open","ping_status":"closed","sticky":false,"template":"","format":"standard","meta":{"_acf_changed":false,"_daextam_enable_autolinks":"","footnotes":""},"categories":[2308,8],"tags":[143,3704],"class_list":["post-143956","post","type-post","status-publish","format-standard","has-post-thumbnail","hentry","category-athletisme","category-histoire","tag-athletisme","tag-jimmy-vicaut"],"acf":[],"yoast_head":"<!-- This site is optimized with the Yoast SEO Premium plugin v26.7 (Yoast SEO v26.7) - https:\/\/yoast.com\/wordpress\/plugins\/seo\/ -->\n<title>4 juillet 2015 : Record d\u2019Europe du 100 m pour Jimmy Vicaut<\/title>\n<meta name=\"description\" content=\"Retour aujourd&#039;hui sur le 4 juillet 2015, lorsque Jimmy Vicaut \u00e9galait le record d&#039;Europe sur la distance reine de l&#039;athl\u00e9tisme.\" \/>\n<meta name=\"robots\" content=\"index, follow, max-snippet:-1, max-image-preview:large, max-video-preview:-1\" \/>\n<link rel=\"canonical\" href=\"https:\/\/dicodusport.fr\/blog\/4-juillet-2015-record-deurope-du-100-m-pour-jimmy-vicaut\/\" \/>\n<meta property=\"og:locale\" content=\"fr_FR\" \/>\n<meta property=\"og:type\" content=\"article\" \/>\n<meta property=\"og:title\" content=\"4 juillet 2015 : Record d\u2019Europe du 100 m pour Jimmy Vicaut\" \/>\n<meta property=\"og:description\" content=\"Retour aujourd&#039;hui sur le 4 juillet 2015, lorsque Jimmy Vicaut \u00e9galait le record d&#039;Europe sur la distance reine de l&#039;athl\u00e9tisme.\" \/>\n<meta property=\"og:url\" content=\"https:\/\/dicodusport.fr\/blog\/4-juillet-2015-record-deurope-du-100-m-pour-jimmy-vicaut\/\" \/>\n<meta property=\"og:site_name\" content=\"Dicodusport\" \/>\n<meta property=\"article:publisher\" content=\"https:\/\/www.facebook.com\/dicodusport\" \/>\n<meta property=\"article:author\" content=\"https:\/\/www.facebook.com\/soocube\" \/>\n<meta property=\"article:published_time\" content=\"2021-07-04T06:02:51+00:00\" \/>\n<meta property=\"article:modified_time\" content=\"2021-08-01T10:56:54+00:00\" \/>\n<meta property=\"og:image\" content=\"https:\/\/dicodusport.fr\/blog\/wp-content\/uploads\/2021\/07\/4-juillet-2015-Record-dEurope-du-100-m-pour-Jimmy-Vicaut.png\" \/>\n\t<meta property=\"og:image:width\" content=\"800\" \/>\n\t<meta property=\"og:image:height\" content=\"445\" \/>\n\t<meta property=\"og:image:type\" content=\"image\/png\" \/>\n<meta name=\"author\" content=\"Sophie Clapier\" \/>\n<meta name=\"twitter:card\" content=\"summary_large_image\" \/>\n<meta name=\"twitter:title\" content=\"4 juillet 2015 : Record d\u2019Europe du 100 m pour Jimmy Vicaut\" \/>\n<meta name=\"twitter:creator\" content=\"@https:\/\/twitter.com\/soocube\" \/>\n<meta name=\"twitter:site\" content=\"@dicodusport\" \/>\n<script type=\"application\/ld+json\" class=\"yoast-schema-graph\">{\"@context\":\"https:\/\/schema.org\",\"@graph\":[{\"@type\":\"NewsArticle\",\"@id\":\"https:\/\/dicodusport.fr\/blog\/4-juillet-2015-record-deurope-du-100-m-pour-jimmy-vicaut\/#article\",\"isPartOf\":{\"@id\":\"https:\/\/dicodusport.fr\/blog\/4-juillet-2015-record-deurope-du-100-m-pour-jimmy-vicaut\/\"},\"author\":{\"name\":\"Sophie Clapier\",\"@id\":\"https:\/\/dicodusport.fr\/blog\/#\/schema\/person\/416c975648aca9da8839bdfe333a21c9\"},\"headline\":\"4 juillet 2015 : Record d\u2019Europe du 100 m pour Jimmy Vicaut\",\"datePublished\":\"2021-07-04T06:02:51+00:00\",\"dateModified\":\"2021-08-01T10:56:54+00:00\",\"mainEntityOfPage\":{\"@id\":\"https:\/\/dicodusport.fr\/blog\/4-juillet-2015-record-deurope-du-100-m-pour-jimmy-vicaut\/\"},\"wordCount\":331,\"commentCount\":0,\"publisher\":{\"@id\":\"https:\/\/dicodusport.fr\/blog\/#organization\"},\"image\":{\"@id\":\"https:\/\/dicodusport.fr\/blog\/4-juillet-2015-record-deurope-du-100-m-pour-jimmy-vicaut\/#primaryimage\"},\"thumbnailUrl\":\"https:\/\/dicodusport.fr\/blog\/wp-content\/uploads\/2021\/07\/4-juillet-2015-Record-dEurope-du-100-m-pour-Jimmy-Vicaut.png\",\"keywords\":[\"Athl\u00e9tisme\",\"Jimmy Vicaut\"],\"articleSection\":[\"Athl\u00e9tisme\",\"Histoire\"],\"inLanguage\":\"fr-FR\",\"potentialAction\":[{\"@type\":\"CommentAction\",\"name\":\"Comment\",\"target\":[\"https:\/\/dicodusport.fr\/blog\/4-juillet-2015-record-deurope-du-100-m-pour-jimmy-vicaut\/#respond\"]}],\"copyrightYear\":\"2021\",\"copyrightHolder\":{\"@id\":\"https:\/\/dicodusport.fr\/blog\/#organization\"}},{\"@type\":\"WebPage\",\"@id\":\"https:\/\/dicodusport.fr\/blog\/4-juillet-2015-record-deurope-du-100-m-pour-jimmy-vicaut\/\",\"url\":\"https:\/\/dicodusport.fr\/blog\/4-juillet-2015-record-deurope-du-100-m-pour-jimmy-vicaut\/\",\"name\":\"4 juillet 2015 : Record d\u2019Europe du 100 m pour Jimmy Vicaut\",\"isPartOf\":{\"@id\":\"https:\/\/dicodusport.fr\/blog\/#website\"},\"primaryImageOfPage\":{\"@id\":\"https:\/\/dicodusport.fr\/blog\/4-juillet-2015-record-deurope-du-100-m-pour-jimmy-vicaut\/#primaryimage\"},\"image\":{\"@id\":\"https:\/\/dicodusport.fr\/blog\/4-juillet-2015-record-deurope-du-100-m-pour-jimmy-vicaut\/#primaryimage\"},\"thumbnailUrl\":\"https:\/\/dicodusport.fr\/blog\/wp-content\/uploads\/2021\/07\/4-juillet-2015-Record-dEurope-du-100-m-pour-Jimmy-Vicaut.png\",\"datePublished\":\"2021-07-04T06:02:51+00:00\",\"dateModified\":\"2021-08-01T10:56:54+00:00\",\"description\":\"Retour aujourd'hui sur le 4 juillet 2015, lorsque Jimmy Vicaut \u00e9galait le record d'Europe sur la distance reine de l'athl\u00e9tisme.\",\"breadcrumb\":{\"@id\":\"https:\/\/dicodusport.fr\/blog\/4-juillet-2015-record-deurope-du-100-m-pour-jimmy-vicaut\/#breadcrumb\"},\"inLanguage\":\"fr-FR\",\"potentialAction\":[{\"@type\":\"ReadAction\",\"target\":[\"https:\/\/dicodusport.fr\/blog\/4-juillet-2015-record-deurope-du-100-m-pour-jimmy-vicaut\/\"]}]},{\"@type\":\"ImageObject\",\"inLanguage\":\"fr-FR\",\"@id\":\"https:\/\/dicodusport.fr\/blog\/4-juillet-2015-record-deurope-du-100-m-pour-jimmy-vicaut\/#primaryimage\",\"url\":\"https:\/\/dicodusport.fr\/blog\/wp-content\/uploads\/2021\/07\/4-juillet-2015-Record-dEurope-du-100-m-pour-Jimmy-Vicaut.png\",\"contentUrl\":\"https:\/\/dicodusport.fr\/blog\/wp-content\/uploads\/2021\/07\/4-juillet-2015-Record-dEurope-du-100-m-pour-Jimmy-Vicaut.png\",\"width\":800,\"height\":445,\"caption\":\"4 juillet 2015 - Record d\u2019Europe du 100 m pour Jimmy Vicaut\"},{\"@type\":\"BreadcrumbList\",\"@id\":\"https:\/\/dicodusport.fr\/blog\/4-juillet-2015-record-deurope-du-100-m-pour-jimmy-vicaut\/#breadcrumb\",\"itemListElement\":[{\"@type\":\"ListItem\",\"position\":1,\"name\":\"Accueil\",\"item\":\"https:\/\/dicodusport.fr\/blog\/\"},{\"@type\":\"ListItem\",\"position\":2,\"name\":\"4 juillet 2015 : Record d\u2019Europe du 100 m pour Jimmy Vicaut\"}]},{\"@type\":\"WebSite\",\"@id\":\"https:\/\/dicodusport.fr\/blog\/#website\",\"url\":\"https:\/\/dicodusport.fr\/blog\/\",\"name\":\"Dicodusport\",\"description\":\"L&#039;encyclop\u00e9die de l&#039;actualit\u00e9 sportive\",\"publisher\":{\"@id\":\"https:\/\/dicodusport.fr\/blog\/#organization\"},\"potentialAction\":[{\"@type\":\"SearchAction\",\"target\":{\"@type\":\"EntryPoint\",\"urlTemplate\":\"https:\/\/dicodusport.fr\/blog\/?s={search_term_string}\"},\"query-input\":{\"@type\":\"PropertyValueSpecification\",\"valueRequired\":true,\"valueName\":\"search_term_string\"}}],\"inLanguage\":\"fr-FR\"},{\"@type\":\"NewsMediaOrganization\",\"@id\":\"https:\/\/dicodusport.fr\/blog\/#organization\",\"name\":\"Dicodusport\",\"url\":\"https:\/\/dicodusport.fr\/blog\/\",\"logo\":{\"@type\":\"ImageObject\",\"inLanguage\":\"fr-FR\",\"@id\":\"https:\/\/dicodusport.fr\/blog\/#\/schema\/logo\/image\/\",\"url\":\"https:\/\/dicodusport.fr\/blog\/wp-content\/uploads\/2020\/06\/cropped-LOGO-DICODUSPORT-2020-SANS-FOND-SANS-TEXTE.png\",\"contentUrl\":\"https:\/\/dicodusport.fr\/blog\/wp-content\/uploads\/2020\/06\/cropped-LOGO-DICODUSPORT-2020-SANS-FOND-SANS-TEXTE.png\",\"width\":512,\"height\":512,\"caption\":\"Dicodusport\"},\"image\":{\"@id\":\"https:\/\/dicodusport.fr\/blog\/#\/schema\/logo\/image\/\"},\"sameAs\":[\"https:\/\/www.facebook.com\/dicodusport\",\"https:\/\/x.com\/dicodusport\",\"https:\/\/www.instagram.com\/dicodusport\/\",\"https:\/\/www.youtube.com\/channel\/UC7V2KZ5sd3htJivAbA4ZG3w\"],\"description\":\"Dicodusport est l'encyclop\u00e9die de l'actualit\u00e9 sportive.\",\"email\":\"bonjour@dicodusport.fr\",\"legalName\":\"DICODUSPORT\",\"foundingDate\":\"2018-01-14\",\"vatID\":\"FR71834470973\",\"taxID\":\"83447097300043\",\"numberOfEmployees\":{\"@type\":\"QuantitativeValue\",\"minValue\":\"1\",\"maxValue\":\"10\"}},{\"@type\":\"Person\",\"@id\":\"https:\/\/dicodusport.fr\/blog\/#\/schema\/person\/416c975648aca9da8839bdfe333a21c9\",\"name\":\"Sophie Clapier\",\"image\":{\"@type\":\"ImageObject\",\"inLanguage\":\"fr-FR\",\"@id\":\"https:\/\/dicodusport.fr\/blog\/#\/schema\/person\/image\/\",\"url\":\"https:\/\/dicodusport.fr\/blog\/wp-content\/uploads\/2021\/05\/Sophie-Clapier-150x150.jpg\",\"contentUrl\":\"https:\/\/dicodusport.fr\/blog\/wp-content\/uploads\/2021\/05\/Sophie-Clapier-150x150.jpg\",\"caption\":\"Sophie Clapier\"},\"description\":\"Journaliste\/r\u00e9dactrice depuis janvier 2016 - Passionn\u00e9e de sport depuis toujours, j\u2019en ai pratiqu\u00e9 quelques-uns. Judo, football, handball ou encore tennis, je n\u2019ai jamais pu me mettre d\u2019accord sur un en particulier. Mais \u00e7a, c\u2019\u00e9tait avant de d\u00e9couvrir le basket, devenu mon sport de pr\u00e9dilection. Les actions NBA, le All-Star Week-end, la fureur des Game 7 pendant les playoffs ou mieux, lors des Finals, this is why we play. Team Spurs T.P, je m\u2019accroche encore \u00e0 Gregg Popovich (don\u2019t leave !). Team chef Curry, je souhaite qu\u2019il finisse aux Warriors (staaaay !). Non, il n\u2019y a pas qu\u2019eux, des petits nouveaux -et des petites nouvelles \u00e9videmment- arrivent chaque jour dans toutes les disciplines et cr\u00e9ent de nouveaux exploits. Alors pour les grands \u00e9v\u00e9nements et comp\u00e9titions internationales, vive les pulsations 240\/minutes et le d\u00e9fibrillateur pas loin, et allez les Bleu(e)s ! C\u2019est s\u00fbr, j\u2019aurai plus vu ma vie sur un terrain de sport, mais \u00e0 d\u00e9faut d\u2019en faire en haut niveau, je le partage avec vous.\",\"sameAs\":[\"https:\/\/www.facebook.com\/soocube\",\"https:\/\/x.com\/https:\/\/twitter.com\/soocube\",\"admin\"],\"url\":\"https:\/\/dicodusport.fr\/blog\/author\/sophie\/\"}]}<\/script>\n<!-- \/ Yoast SEO Premium plugin. -->","yoast_head_json":{"title":"4 juillet 2015 : Record d\u2019Europe du 100 m pour Jimmy Vicaut","description":"Retour aujourd'hui sur le 4 juillet 2015, lorsque Jimmy Vicaut \u00e9galait le record d'Europe sur la distance reine de l'athl\u00e9tisme.","robots":{"index":"index","follow":"follow","max-snippet":"max-snippet:-1","max-image-preview":"max-image-preview:large","max-video-preview":"max-video-preview:-1"},"canonical":"https:\/\/dicodusport.fr\/blog\/4-juillet-2015-record-deurope-du-100-m-pour-jimmy-vicaut\/","og_locale":"fr_FR","og_type":"article","og_title":"4 juillet 2015 : Record d\u2019Europe du 100 m pour Jimmy Vicaut","og_description":"Retour aujourd'hui sur le 4 juillet 2015, lorsque Jimmy Vicaut \u00e9galait le record d'Europe sur la distance reine de l'athl\u00e9tisme.","og_url":"https:\/\/dicodusport.fr\/blog\/4-juillet-2015-record-deurope-du-100-m-pour-jimmy-vicaut\/","og_site_name":"Dicodusport","article_publisher":"https:\/\/www.facebook.com\/dicodusport","article_author":"https:\/\/www.facebook.com\/soocube","article_published_time":"2021-07-04T06:02:51+00:00","article_modified_time":"2021-08-01T10:56:54+00:00","og_image":[{"width":800,"height":445,"url":"https:\/\/dicodusport.fr\/blog\/wp-content\/uploads\/2021\/07\/4-juillet-2015-Record-dEurope-du-100-m-pour-Jimmy-Vicaut.png","type":"image\/png"}],"author":"Sophie Clapier","twitter_card":"summary_large_image","twitter_title":"4 juillet 2015 : Record d\u2019Europe du 100 m pour Jimmy Vicaut","twitter_creator":"@https:\/\/twitter.com\/soocube","twitter_site":"@dicodusport","schema":{"@context":"https:\/\/schema.org","@graph":[{"@type":"NewsArticle","@id":"https:\/\/dicodusport.fr\/blog\/4-juillet-2015-record-deurope-du-100-m-pour-jimmy-vicaut\/#article","isPartOf":{"@id":"https:\/\/dicodusport.fr\/blog\/4-juillet-2015-record-deurope-du-100-m-pour-jimmy-vicaut\/"},"author":{"name":"Sophie Clapier","@id":"https:\/\/dicodusport.fr\/blog\/#\/schema\/person\/416c975648aca9da8839bdfe333a21c9"},"headline":"4 juillet 2015 : Record d\u2019Europe du 100 m pour Jimmy Vicaut","datePublished":"2021-07-04T06:02:51+00:00","dateModified":"2021-08-01T10:56:54+00:00","mainEntityOfPage":{"@id":"https:\/\/dicodusport.fr\/blog\/4-juillet-2015-record-deurope-du-100-m-pour-jimmy-vicaut\/"},"wordCount":331,"commentCount":0,"publisher":{"@id":"https:\/\/dicodusport.fr\/blog\/#organization"},"image":{"@id":"https:\/\/dicodusport.fr\/blog\/4-juillet-2015-record-deurope-du-100-m-pour-jimmy-vicaut\/#primaryimage"},"thumbnailUrl":"https:\/\/dicodusport.fr\/blog\/wp-content\/uploads\/2021\/07\/4-juillet-2015-Record-dEurope-du-100-m-pour-Jimmy-Vicaut.png","keywords":["Athl\u00e9tisme","Jimmy Vicaut"],"articleSection":["Athl\u00e9tisme","Histoire"],"inLanguage":"fr-FR","potentialAction":[{"@type":"CommentAction","name":"Comment","target":["https:\/\/dicodusport.fr\/blog\/4-juillet-2015-record-deurope-du-100-m-pour-jimmy-vicaut\/#respond"]}],"copyrightYear":"2021","copyrightHolder":{"@id":"https:\/\/dicodusport.fr\/blog\/#organization"}},{"@type":"WebPage","@id":"https:\/\/dicodusport.fr\/blog\/4-juillet-2015-record-deurope-du-100-m-pour-jimmy-vicaut\/","url":"https:\/\/dicodusport.fr\/blog\/4-juillet-2015-record-deurope-du-100-m-pour-jimmy-vicaut\/","name":"4 juillet 2015 : Record d\u2019Europe du 100 m pour Jimmy Vicaut","isPartOf":{"@id":"https:\/\/dicodusport.fr\/blog\/#website"},"primaryImageOfPage":{"@id":"https:\/\/dicodusport.fr\/blog\/4-juillet-2015-record-deurope-du-100-m-pour-jimmy-vicaut\/#primaryimage"},"image":{"@id":"https:\/\/dicodusport.fr\/blog\/4-juillet-2015-record-deurope-du-100-m-pour-jimmy-vicaut\/#primaryimage"},"thumbnailUrl":"https:\/\/dicodusport.fr\/blog\/wp-content\/uploads\/2021\/07\/4-juillet-2015-Record-dEurope-du-100-m-pour-Jimmy-Vicaut.png","datePublished":"2021-07-04T06:02:51+00:00","dateModified":"2021-08-01T10:56:54+00:00","description":"Retour aujourd'hui sur le 4 juillet 2015, lorsque Jimmy Vicaut \u00e9galait le record d'Europe sur la distance reine de l'athl\u00e9tisme.","breadcrumb":{"@id":"https:\/\/dicodusport.fr\/blog\/4-juillet-2015-record-deurope-du-100-m-pour-jimmy-vicaut\/#breadcrumb"},"inLanguage":"fr-FR","potentialAction":[{"@type":"ReadAction","target":["https:\/\/dicodusport.fr\/blog\/4-juillet-2015-record-deurope-du-100-m-pour-jimmy-vicaut\/"]}]},{"@type":"ImageObject","inLanguage":"fr-FR","@id":"https:\/\/dicodusport.fr\/blog\/4-juillet-2015-record-deurope-du-100-m-pour-jimmy-vicaut\/#primaryimage","url":"https:\/\/dicodusport.fr\/blog\/wp-content\/uploads\/2021\/07\/4-juillet-2015-Record-dEurope-du-100-m-pour-Jimmy-Vicaut.png","contentUrl":"https:\/\/dicodusport.fr\/blog\/wp-content\/uploads\/2021\/07\/4-juillet-2015-Record-dEurope-du-100-m-pour-Jimmy-Vicaut.png","width":800,"height":445,"caption":"4 juillet 2015 - Record d\u2019Europe du 100 m pour Jimmy Vicaut"},{"@type":"BreadcrumbList","@id":"https:\/\/dicodusport.fr\/blog\/4-juillet-2015-record-deurope-du-100-m-pour-jimmy-vicaut\/#breadcrumb","itemListElement":[{"@type":"ListItem","position":1,"name":"Accueil","item":"https:\/\/dicodusport.fr\/blog\/"},{"@type":"ListItem","position":2,"name":"4 juillet 2015 : Record d\u2019Europe du 100 m pour Jimmy Vicaut"}]},{"@type":"WebSite","@id":"https:\/\/dicodusport.fr\/blog\/#website","url":"https:\/\/dicodusport.fr\/blog\/","name":"Dicodusport","description":"L&#039;encyclop\u00e9die de l&#039;actualit\u00e9 sportive","publisher":{"@id":"https:\/\/dicodusport.fr\/blog\/#organization"},"potentialAction":[{"@type":"SearchAction","target":{"@type":"EntryPoint","urlTemplate":"https:\/\/dicodusport.fr\/blog\/?s={search_term_string}"},"query-input":{"@type":"PropertyValueSpecification","valueRequired":true,"valueName":"search_term_string"}}],"inLanguage":"fr-FR"},{"@type":"NewsMediaOrganization","@id":"https:\/\/dicodusport.fr\/blog\/#organization","name":"Dicodusport","url":"https:\/\/dicodusport.fr\/blog\/","logo":{"@type":"ImageObject","inLanguage":"fr-FR","@id":"https:\/\/dicodusport.fr\/blog\/#\/schema\/logo\/image\/","url":"https:\/\/dicodusport.fr\/blog\/wp-content\/uploads\/2020\/06\/cropped-LOGO-DICODUSPORT-2020-SANS-FOND-SANS-TEXTE.png","contentUrl":"https:\/\/dicodusport.fr\/blog\/wp-content\/uploads\/2020\/06\/cropped-LOGO-DICODUSPORT-2020-SANS-FOND-SANS-TEXTE.png","width":512,"height":512,"caption":"Dicodusport"},"image":{"@id":"https:\/\/dicodusport.fr\/blog\/#\/schema\/logo\/image\/"},"sameAs":["https:\/\/www.facebook.com\/dicodusport","https:\/\/x.com\/dicodusport","https:\/\/www.instagram.com\/dicodusport\/","https:\/\/www.youtube.com\/channel\/UC7V2KZ5sd3htJivAbA4ZG3w"],"description":"Dicodusport est l'encyclop\u00e9die de l'actualit\u00e9 sportive.","email":"bonjour@dicodusport.fr","legalName":"DICODUSPORT","foundingDate":"2018-01-14","vatID":"FR71834470973","taxID":"83447097300043","numberOfEmployees":{"@type":"QuantitativeValue","minValue":"1","maxValue":"10"}},{"@type":"Person","@id":"https:\/\/dicodusport.fr\/blog\/#\/schema\/person\/416c975648aca9da8839bdfe333a21c9","name":"Sophie Clapier","image":{"@type":"ImageObject","inLanguage":"fr-FR","@id":"https:\/\/dicodusport.fr\/blog\/#\/schema\/person\/image\/","url":"https:\/\/dicodusport.fr\/blog\/wp-content\/uploads\/2021\/05\/Sophie-Clapier-150x150.jpg","contentUrl":"https:\/\/dicodusport.fr\/blog\/wp-content\/uploads\/2021\/05\/Sophie-Clapier-150x150.jpg","caption":"Sophie Clapier"},"description":"Journaliste\/r\u00e9dactrice depuis janvier 2016 - Passionn\u00e9e de sport depuis toujours, j\u2019en ai pratiqu\u00e9 quelques-uns. Judo, football, handball ou encore tennis, je n\u2019ai jamais pu me mettre d\u2019accord sur un en particulier. Mais \u00e7a, c\u2019\u00e9tait avant de d\u00e9couvrir le basket, devenu mon sport de pr\u00e9dilection. Les actions NBA, le All-Star Week-end, la fureur des Game 7 pendant les playoffs ou mieux, lors des Finals, this is why we play. Team Spurs T.P, je m\u2019accroche encore \u00e0 Gregg Popovich (don\u2019t leave !). Team chef Curry, je souhaite qu\u2019il finisse aux Warriors (staaaay !). Non, il n\u2019y a pas qu\u2019eux, des petits nouveaux -et des petites nouvelles \u00e9videmment- arrivent chaque jour dans toutes les disciplines et cr\u00e9ent de nouveaux exploits. Alors pour les grands \u00e9v\u00e9nements et comp\u00e9titions internationales, vive les pulsations 240\/minutes et le d\u00e9fibrillateur pas loin, et allez les Bleu(e)s ! C\u2019est s\u00fbr, j\u2019aurai plus vu ma vie sur un terrain de sport, mais \u00e0 d\u00e9faut d\u2019en faire en haut niveau, je le partage avec vous.","sameAs":["https:\/\/www.facebook.com\/soocube","https:\/\/x.com\/https:\/\/twitter.com\/soocube","admin"],"url":"https:\/\/dicodusport.fr\/blog\/author\/sophie\/"}]}},"_links":{"self":[{"href":"https:\/\/dicodusport.fr\/blog\/wp-json\/wp\/v2\/posts\/143956","targetHints":{"allow":["GET"]}}],"collection":[{"href":"https:\/\/dicodusport.fr\/blog\/wp-json\/wp\/v2\/posts"}],"about":[{"href":"https:\/\/dicodusport.fr\/blog\/wp-json\/wp\/v2\/types\/post"}],"author":[{"embeddable":true,"href":"https:\/\/dicodusport.fr\/blog\/wp-json\/wp\/v2\/users\/18"}],"replies":[{"embeddable":true,"href":"https:\/\/dicodusport.fr\/blog\/wp-json\/wp\/v2\/comments?post=143956"}],"version-history":[{"count":0,"href":"https:\/\/dicodusport.fr\/blog\/wp-json\/wp\/v2\/posts\/143956\/revisions"}],"wp:featuredmedia":[{"embeddable":true,"href":"https:\/\/dicodusport.fr\/blog\/wp-json\/wp\/v2\/media\/144352"}],"wp:attachment":[{"href":"https:\/\/dicodusport.fr\/blog\/wp-json\/wp\/v2\/media?parent=143956"}],"wp:term":[{"taxonomy":"category","embeddable":true,"href":"https:\/\/dicodusport.fr\/blog\/wp-json\/wp\/v2\/categories?post=143956"},{"taxonomy":"post_tag","embeddable":true,"href":"https:\/\/dicodusport.fr\/blog\/wp-json\/wp\/v2\/tags?post=143956"}],"curies":[{"name":"wp","href":"https:\/\/api.w.org\/{rel}","templated":true}]}}