{"id":143968,"date":"2021-07-02T16:48:50","date_gmt":"2021-07-02T14:48:50","guid":{"rendered":"https:\/\/dicodusport.fr\/blog\/?p=143968"},"modified":"2021-07-02T17:08:59","modified_gmt":"2021-07-02T15:08:59","slug":"tour-de-france-2021-numero-matej-mohoric-sur-7eme-etape-roglic-perd-tout","status":"publish","type":"post","link":"https:\/\/dicodusport.fr\/blog\/tour-de-france-2021-numero-matej-mohoric-sur-7eme-etape-roglic-perd-tout\/","title":{"rendered":"Tour de France 2021 : le num\u00e9ro de Matej Mohoric sur la 7\u00e8me \u00e9tape, Roglic perd tout"},"content":{"rendered":"<p style=\"text-align: justify;\"><em><strong>CYCLISME &#8211; <a href=\"https:\/\/dicodusport.fr\/blog\/actualites\/cyclisme\/tour-de-france-2021\/\">TOUR DE FRANCE 2021<\/a> &#8211; Pour la 7\u00e8me \u00e9tape, les coureurs devaient disputer une longue \u00e9tape de 249 kilom\u00e8tres entre Vierzon et Le Creusot avec un final accident\u00e9 en Bourgogne. Parti dans les plus forts pourcentages du Signal d&rsquo;Uchon, Matej Mohoric (Bahrain Victorious) s&rsquo;est impos\u00e9 en solitaire. Derri\u00e8re, Mathieu van der Poel (Alpecin Fenix) et Wout Van Aert (Jumbo-Visma) ont fait le show.<\/strong><\/em><\/p>\n<h2 style=\"text-align: justify;\">Un d\u00e9part d&rsquo;\u00e9tape tr\u00e8s rapide<\/h2>\n<p style=\"text-align: justify;\">D&rsquo;abord, le d\u00e9part de l&rsquo;\u00e9tape a \u00e9t\u00e9 tr\u00e8s anim\u00e9 avec de nombreuses offensives. Au bout d&rsquo;une trentaine de kilom\u00e8tres de bagarre, un groupe s&rsquo;\u00e9tait constitu\u00e9 \u00e0 l&rsquo;avant de la course avec <strong>Van Aert, Teunissen, van Baarle, Nibali, Skujins, Asgreen, Cavendish, Erviti, Konrad, Laporte, van der Poel, Meurisse, Guerreiro, Stuyven, Sch\u00e4r, Cort Nielsen, Godon, Kragh Andersen, Gilbert, Sweeny, Van Moer, Mohoric, Yates, Houle, Campenaerts, Bakelants, Van Poppel <\/strong>et <strong>Bonnamour<\/strong>. L&rsquo;\u00e9quipe <strong>UAE Emirates<\/strong> est oblig\u00e9e de rouler derri\u00e8re cette \u00e9chapp\u00e9e \u00e0 cause de la pr\u00e9sence du maillot jaune <strong>Mathieu van der Poel<\/strong> et du champion de Belgique <strong>Wout Van Aert<\/strong>.<\/p>\n<p style=\"text-align: justify;\">Ensuite, la formation <strong>Team TotalEnergies<\/strong> est venue donner un coup de main par moment aux \u00e9quipiers de Tadej Pogacar. L&rsquo;\u00e9cart est mont\u00e9 \u00e0 4 minutes \u00e0 un peu plus de 160 kilom\u00e8tres de l&rsquo;arriv\u00e9e en faveur des fuyards. Les deux premi\u00e8res heures de course se sont faites \u00e0 une moyenne de 49,9 km\/h.<\/p>\n<h2 style=\"text-align: justify;\">Une \u00e9chapp\u00e9e royale pi\u00e8ge Pogacar<\/h2>\n<p style=\"text-align: justify;\">Lors du sprint interm\u00e9diaire de Saint-Benin-d&rsquo;Azy, le maillot vert <strong>Mark Cavendish<\/strong> a empoch\u00e9 20 points devant <strong>Boy Van Poppel<\/strong> et <strong>Matej Mohoric<\/strong>. Alors que l&rsquo;\u00e9cart est mont\u00e9 \u00e0 5&rsquo;30 \u00e0 112 kilom\u00e8tres du terme, le groupe de t\u00eate a perdu <strong>Ruben Guerreiro<\/strong> (EF Education Nippo) \u00e0 cause d&rsquo;une cassure. Le Portugais a \u00e9t\u00e9 repris par le peloton. Alors qu&rsquo;il restait 100 kilom\u00e8tres, l&rsquo;\u00e9cart a continu\u00e9 \u00e0 croitre \u00e0 6 minutes tandis qu&rsquo;aucune \u00e9quipe n&rsquo;est venue aider la <strong>UAE Team Emirates<\/strong> de Pogacar.<\/p>\n<p style=\"text-align: justify;\">Par la suite, le champion de Slov\u00e9nie <strong>Matej Mohoric<\/strong> est pass\u00e9 en t\u00eate au sommet de la c\u00f4te de Ch\u00e2teau-Chinon devant <strong>Brent Van Moer<\/strong>. Gr\u00e2ce \u00e0 cette ascension, ces deux coureurs se sont extirp\u00e9s de la t\u00eate de course. Le peloton est point\u00e9 \u00e0 6&rsquo;30. Puis, au sommet de la C\u00f4te de Glux-en-Glenne, <strong>Mohoric<\/strong> a pris le point au sommet. Le duo avait 1&rsquo;31 d&rsquo;avance sur le groupe de chasse.<\/p>\n<p style=\"text-align: justify;\">\u00c0 55 kilom\u00e8tres du terme, <strong>Jasper Stuyven<\/strong> (Trek Segafredo) et <strong>Victor Campenaerts<\/strong> (Team Qhubeka NextHash) sont sortis du groupe maillot jaune pour revenir sur le duo de t\u00eate en 7 kilom\u00e8tres. <strong>Mark Cavendish<\/strong>, quant \u00e0 lui, s&rsquo;est relev\u00e9 avec ce final beaucoup trop vallonn\u00e9 pour lui.<\/p>\n<h2 style=\"text-align: justify;\">Matej Mohoric dans un grand jour<\/h2>\n<p style=\"text-align: justify;\">Dans la C\u00f4te de la Croix de la Lib\u00e9ration, <strong>Victor Campenaerts<\/strong> est l\u00e2ch\u00e9 par le quatuor de t\u00eate \u00e0 cause du gros tempo impos\u00e9 par <strong>Mohoric<\/strong>. Au sommet de cette ascension de troisi\u00e8me cat\u00e9gorie, <strong>Mohoric<\/strong> a pris 2 points et <strong>Stuyven<\/strong> 1 point. \u00c0 noter que <strong>Nairo Quintana<\/strong> (Arkea Samsic &#8211; 18\u00e8me du g\u00e9n\u00e9ral) a \u00e9t\u00e9 distanc\u00e9 du peloton.<\/p>\n<p style=\"text-align: justify;\">Dans la partie la plus dure du Signal d&rsquo;Uchon, les deux Belges ont c\u00e9d\u00e9 au rythme de <strong>Mohoric<\/strong>. Le Slov\u00e8ne est pass\u00e9 en premier au sommet. Dans le peloton, <strong>Pierre Latour<\/strong> (Team TotalEnergies) a lanc\u00e9 une offensive au m\u00eame moment que <strong>Primoz Roglic<\/strong> (Jumbo Visma) \u00e9tait en difficult\u00e9. Sachant que le vainqueur sortant de la Vuelta en mauvaise position, l&rsquo;\u00e9quipe INEOS Grenadiers a durci l&rsquo;allure dans un peloton tr\u00e8s amaigri pour permettre une attaque de <strong>Richard Carapaz<\/strong> au moment de la jonction avec Latour.<\/p>\n<blockquote class=\"twitter-tweet\">\n<p dir=\"ltr\" lang=\"fr\">&#x1f6b4; Primoz Roglic est l\u00e2ch\u00e9 ! Le deuxi\u00e8me du dernier Tour c\u00e8de dans l&rsquo;avant-derni\u00e8re difficult\u00e9 du jour pendant que Pierre Latour attaque en t\u00eate du peloton <a href=\"https:\/\/twitter.com\/hashtag\/TDF2021?src=hash&amp;ref_src=twsrc%5Etfw\">#TDF2021<\/a><\/p>\n<p>&#x25b6;&#xfe0f;Suivez le final de l&rsquo;\u00e9tape en direct : <a href=\"https:\/\/t.co\/gswAmY7ZAC\">https:\/\/t.co\/gswAmY7ZAC<\/a> <a href=\"https:\/\/t.co\/i6ADwouzDe\">pic.twitter.com\/i6ADwouzDe<\/a><\/p>\n<p>\u2014 France tv sport (@francetvsport) <a href=\"https:\/\/twitter.com\/francetvsport\/status\/1410968139656011781?ref_src=twsrc%5Etfw\">July 2, 2021<\/a><\/p><\/blockquote>\n<p><script async src=\"https:\/\/platform.twitter.com\/widgets.js\" charset=\"utf-8\"><\/script><\/p>\n<h2 style=\"text-align: justify;\">Mathieu van der Poel et Wout Van Aert se surveillent<\/h2>\n<p style=\"text-align: justify;\"><strong>Mohoric<\/strong> est pass\u00e9 en t\u00eate de la derni\u00e8re mont\u00e9e du jour : la C\u00f4te de la Gourloye. De son c\u00f4t\u00e9, <strong>Brent van Moer<\/strong> a \u00e9t\u00e9 repris par le groupe de poursuivants avec <strong>Patrick Konrad<\/strong> (Bora Hansgrohe), <strong>Kasper Asgreen<\/strong> (Deceuninck Quick-Step), <strong>Magnus Cort<\/strong> (EF Education Nippo) et <strong>Franck Bonnamour<\/strong> (B&amp;B Hotels p\/b KTM). \u00c0 moins de 10 kilom\u00e8tres de l&rsquo;arriv\u00e9e, <strong>Wout Van Aert<\/strong> (Jumbo Visma) a acc\u00e9l\u00e9r\u00e9 avec <strong>Mathieu van der Poel<\/strong> (Alpecin Fenix) dans son sillage.<\/p>\n<p style=\"text-align: justify;\">Pr\u00e9sent \u00e0 l&rsquo;avant de la course depuis le d\u00e9but de l&rsquo;\u00e9tape, <strong>Dylan Van Baarle<\/strong> (INEOS Grenadiers) a attendu son leader Richard Carapaz pour les 4 derniers kilom\u00e8tres. Mais, l\u2019\u00c9quatorien a \u00e9t\u00e9 repris sur la ligne par le peloton des autres favoris du Tour de France<\/p>\n<p style=\"text-align: justify;\">Finalement, <strong>Matej Mohoric<\/strong> (Bahrain Victorious) a gagn\u00e9 en solitaire. Derri\u00e8re, le vainqueur de Milan-San Remo <strong>Jasper Stuyven<\/strong> (Trek Segafredo) a pris la 2e place \u00e0 1&rsquo;20. <strong>Magnus Cort Nielsen<\/strong> (EF Education Nippo) a r\u00e9gl\u00e9 le groupe de chasse \u00e0 1&rsquo;40 devant <strong>Mathieu van der Poel<\/strong> (Alpecin Fenix) et <strong>Kasper Asgreen<\/strong> (Deceuninck Quick-Step). Le peloton des favoris au classement g\u00e9n\u00e9ral a pass\u00e9 la ligne avec un retard de 5&rsquo;15. <strong>Primoz Roglic<\/strong> a fini \u00e0 9&rsquo;03.<\/p>\n<blockquote class=\"twitter-tweet\">\n<p dir=\"ltr\" lang=\"fr\">&#x1f6b4; Matej Mohoric s&rsquo;impose en solitaire au Creusot ! Le Slov\u00e8ne a su se montrer plus solide et s&rsquo;offre une victoire de prestige sur le <a href=\"https:\/\/twitter.com\/hashtag\/TDF2021?src=hash&amp;ref_src=twsrc%5Etfw\">#TDF2021<\/a> ! Le vainqueur du jour s&#8217;empare \u00e9galement du maillot \u00e0 pois ! Jasper Stuyven et Magnus Cort Nielsen compl\u00e8tent le podium ! <a href=\"https:\/\/t.co\/Tgq87PUPk0\">pic.twitter.com\/Tgq87PUPk0<\/a><\/p>\n<p>\u2014 France tv sport (@francetvsport) <a href=\"https:\/\/twitter.com\/francetvsport\/status\/1410973274234834944?ref_src=twsrc%5Etfw\">July 2, 2021<\/a><\/p><\/blockquote>\n<p><script async src=\"https:\/\/platform.twitter.com\/widgets.js\" charset=\"utf-8\"><\/script><\/p>\n<p style=\"text-align: justify;\">Vainqueur de la 7\u00e8me \u00e9tape du Tour d&rsquo;Espagne 2017 et de la 10\u00e8me \u00e9tape du Tour d&rsquo;Italie 2018, <strong>Matej Mohoric<\/strong> est devenu le 103\u00e8me coureur \u00e0 entrer dans le club des vainqueurs d&rsquo;\u00e9tapes sur les trois grands tours. Au classement g\u00e9n\u00e9ral, <strong>Mathieu van der Poel<\/strong> (Alpecin Fenix) a conserv\u00e9 son maillot jaune avec 30 secondes d&rsquo;avance sur Van Aert et 1&rsquo;49 sur Asgreen. Avec 11 points pris aujourd&rsquo;hui, <strong>Matej Mohoric<\/strong> s&rsquo;est empar\u00e9 du maillot \u00e0 pois. <strong>Cavendish<\/strong> est rest\u00e9 en vert devant Mathieu van der Poel, 4\u00e8me de l&rsquo;\u00e9tape.<\/p>\n<h2 style=\"text-align: justify;\"><strong>\u00c0 lire aussi<\/strong><\/h2>\n<ul>\n<li style=\"text-align: justify;\"><a href=\"https:\/\/dicodusport.fr\/blog\/tour-de-france-2021-classement-7eme-etape\/\" target=\"_blank\" rel=\"nofollow noopener\"><strong>Le classement de la 7\u00e8me \u00e9tape<\/strong><\/a><\/li>\n<li style=\"text-align: justify;\"><a href=\"https:\/\/dicodusport.fr\/blog\/tour-de-france-2021-classement-general-maillot-jaune\/\"><strong>Le classement g\u00e9n\u00e9ral \u2013 Maillot jaune<\/strong><\/a><\/li>\n<li style=\"text-align: justify;\"><a href=\"https:\/\/dicodusport.fr\/blog\/tour-de-france-2021-classement-par-points-maillot-vert\/\"><strong>Le classement par points \u2013 Maillot vert<\/strong><\/a><\/li>\n<li style=\"text-align: justify;\"><a href=\"https:\/\/dicodusport.fr\/blog\/tour-de-france-2021-classement-montagne-maillot-a-pois\/\"><strong>Le classement de la montagne \u2013 Maillot \u00e0 pois<\/strong><\/a><\/li>\n<li style=\"text-align: justify;\"><a href=\"https:\/\/dicodusport.fr\/blog\/tour-de-france-2021-classement-meilleur-jeune-maillot-blanc\/\"><strong>Le classement du meilleur jeune \u2013 Maillot blanc<\/strong><\/a><\/li>\n<li style=\"text-align: justify;\"><a href=\"https:\/\/dicodusport.fr\/blog\/toute-l-actualite-du-tour-de-france-2021\/\"><strong>Toute l\u2019actualit\u00e9 du Tour de France 2021<\/strong><\/a><\/li>\n<\/ul>\n","protected":false},"excerpt":{"rendered":"<p>CYCLISME &#8211; TOUR DE FRANCE 2021 &#8211; Pour la 7\u00e8me \u00e9tape, les coureurs devaient disputer une longue \u00e9tape de 249 kilom\u00e8tres entre Vierzon et Le Creusot avec un final accident\u00e9 en Bourgogne. Parti dans les plus forts pourcentages du Signal d&rsquo;Uchon, Matej Mohoric (Bahrain Victorious) s&rsquo;est impos\u00e9 en solitaire. Derri\u00e8re, Mathieu van der Poel (Alpecin Fenix) et Wout Van Aert (Jumbo-Visma) ont fait le show.<\/p>\n","protected":false},"author":48,"featured_media":144002,"comment_status":"open","ping_status":"closed","sticky":false,"template":"","format":"standard","meta":{"_acf_changed":false,"_daextam_enable_autolinks":"","footnotes":""},"categories":[46995],"tags":[3119,24,1262],"class_list":["post-143968","post","type-post","status-publish","format-standard","has-post-thumbnail","hentry","category-tour-de-france","tag-actualite-cyclisme","tag-sport","tag-tour-de-france"],"acf":[],"yoast_head":"<!-- This site is optimized with the Yoast SEO Premium plugin v26.7 (Yoast SEO v26.7) - https:\/\/yoast.com\/wordpress\/plugins\/seo\/ -->\n<title>Tour de France 2021 : le num\u00e9ro de Matej Mohoric sur la 7\u00e8me \u00e9tape, Roglic perd tout<\/title>\n<meta name=\"description\" content=\"CYCLISME - TOUR DE FRANCE 2021 - Matej Mohoric (Bahrain Victorious) s&#039;est impos\u00e9 en solitaire sur la 7\u00e8me \u00e9tape du Tour de France.\" \/>\n<meta name=\"robots\" content=\"index, follow, max-snippet:-1, max-image-preview:large, max-video-preview:-1\" \/>\n<link rel=\"canonical\" href=\"https:\/\/dicodusport.fr\/blog\/tour-de-france-2021-numero-matej-mohoric-sur-7eme-etape-roglic-perd-tout\/\" \/>\n<meta property=\"og:locale\" content=\"fr_FR\" \/>\n<meta property=\"og:type\" content=\"article\" \/>\n<meta property=\"og:title\" content=\"Tour de France 2021 : le num\u00e9ro de Matej Mohoric sur la 7\u00e8me \u00e9tape, Roglic perd tout\" \/>\n<meta property=\"og:description\" content=\"CYCLISME - TOUR DE FRANCE 2021 - Matej Mohoric (Bahrain Victorious) s&#039;est impos\u00e9 en solitaire sur la 7\u00e8me \u00e9tape du Tour de France.\" \/>\n<meta property=\"og:url\" content=\"https:\/\/dicodusport.fr\/blog\/tour-de-france-2021-numero-matej-mohoric-sur-7eme-etape-roglic-perd-tout\/\" \/>\n<meta property=\"og:site_name\" content=\"Dicodusport\" \/>\n<meta property=\"article:publisher\" content=\"https:\/\/www.facebook.com\/dicodusport\" \/>\n<meta property=\"article:author\" content=\"https:\/\/www.facebook.com\/groups\/LesRoisDuPeloton\" \/>\n<meta property=\"article:published_time\" content=\"2021-07-02T14:48:50+00:00\" \/>\n<meta property=\"article:modified_time\" content=\"2021-07-02T15:08:59+00:00\" \/>\n<meta property=\"og:image\" content=\"https:\/\/dicodusport.fr\/blog\/wp-content\/uploads\/2021\/07\/Cyclisme-Tour-de-France-2021-Le-numero-de-Matej-Mohoric-sur-la-7eme-etape-Roglic-perd-tout.png\" \/>\n\t<meta property=\"og:image:width\" content=\"800\" \/>\n\t<meta property=\"og:image:height\" content=\"445\" \/>\n\t<meta property=\"og:image:type\" content=\"image\/png\" \/>\n<meta name=\"author\" content=\"Emilien Descampiaux\" \/>\n<meta name=\"twitter:card\" content=\"summary_large_image\" \/>\n<meta name=\"twitter:title\" content=\"Tour de France 2021 : le num\u00e9ro de Matej Mohoric sur la 7\u00e8me \u00e9tape, Roglic perd tout\" \/>\n<meta name=\"twitter:creator\" content=\"@https:\/\/twitter.com\/LRoisDuPeloton\" \/>\n<meta name=\"twitter:site\" content=\"@dicodusport\" \/>\n<script type=\"application\/ld+json\" class=\"yoast-schema-graph\">{\"@context\":\"https:\/\/schema.org\",\"@graph\":[{\"@type\":\"NewsArticle\",\"@id\":\"https:\/\/dicodusport.fr\/blog\/tour-de-france-2021-numero-matej-mohoric-sur-7eme-etape-roglic-perd-tout\/#article\",\"isPartOf\":{\"@id\":\"https:\/\/dicodusport.fr\/blog\/tour-de-france-2021-numero-matej-mohoric-sur-7eme-etape-roglic-perd-tout\/\"},\"author\":{\"name\":\"Emilien Descampiaux\",\"@id\":\"https:\/\/dicodusport.fr\/blog\/#\/schema\/person\/6db4bae06b171592211be385b32876a7\"},\"headline\":\"Tour de France 2021 : le num\u00e9ro de Matej Mohoric sur la 7\u00e8me \u00e9tape, Roglic perd tout\",\"datePublished\":\"2021-07-02T14:48:50+00:00\",\"dateModified\":\"2021-07-02T15:08:59+00:00\",\"mainEntityOfPage\":{\"@id\":\"https:\/\/dicodusport.fr\/blog\/tour-de-france-2021-numero-matej-mohoric-sur-7eme-etape-roglic-perd-tout\/\"},\"wordCount\":1095,\"commentCount\":0,\"publisher\":{\"@id\":\"https:\/\/dicodusport.fr\/blog\/#organization\"},\"image\":{\"@id\":\"https:\/\/dicodusport.fr\/blog\/tour-de-france-2021-numero-matej-mohoric-sur-7eme-etape-roglic-perd-tout\/#primaryimage\"},\"thumbnailUrl\":\"https:\/\/dicodusport.fr\/blog\/wp-content\/uploads\/2021\/07\/Cyclisme-Tour-de-France-2021-Le-numero-de-Matej-Mohoric-sur-la-7eme-etape-Roglic-perd-tout.png\",\"keywords\":[\"Actualit\u00e9 Cyclisme\",\"sport\",\"Tour de France\"],\"articleSection\":[\"Tour de France\"],\"inLanguage\":\"fr-FR\",\"potentialAction\":[{\"@type\":\"CommentAction\",\"name\":\"Comment\",\"target\":[\"https:\/\/dicodusport.fr\/blog\/tour-de-france-2021-numero-matej-mohoric-sur-7eme-etape-roglic-perd-tout\/#respond\"]}],\"copyrightYear\":\"2021\",\"copyrightHolder\":{\"@id\":\"https:\/\/dicodusport.fr\/blog\/#organization\"}},{\"@type\":\"WebPage\",\"@id\":\"https:\/\/dicodusport.fr\/blog\/tour-de-france-2021-numero-matej-mohoric-sur-7eme-etape-roglic-perd-tout\/\",\"url\":\"https:\/\/dicodusport.fr\/blog\/tour-de-france-2021-numero-matej-mohoric-sur-7eme-etape-roglic-perd-tout\/\",\"name\":\"Tour de France 2021 : le num\u00e9ro de Matej Mohoric sur la 7\u00e8me \u00e9tape, Roglic perd tout\",\"isPartOf\":{\"@id\":\"https:\/\/dicodusport.fr\/blog\/#website\"},\"primaryImageOfPage\":{\"@id\":\"https:\/\/dicodusport.fr\/blog\/tour-de-france-2021-numero-matej-mohoric-sur-7eme-etape-roglic-perd-tout\/#primaryimage\"},\"image\":{\"@id\":\"https:\/\/dicodusport.fr\/blog\/tour-de-france-2021-numero-matej-mohoric-sur-7eme-etape-roglic-perd-tout\/#primaryimage\"},\"thumbnailUrl\":\"https:\/\/dicodusport.fr\/blog\/wp-content\/uploads\/2021\/07\/Cyclisme-Tour-de-France-2021-Le-numero-de-Matej-Mohoric-sur-la-7eme-etape-Roglic-perd-tout.png\",\"datePublished\":\"2021-07-02T14:48:50+00:00\",\"dateModified\":\"2021-07-02T15:08:59+00:00\",\"description\":\"CYCLISME - TOUR DE FRANCE 2021 - Matej Mohoric (Bahrain Victorious) s'est impos\u00e9 en solitaire sur la 7\u00e8me \u00e9tape du Tour de France.\",\"breadcrumb\":{\"@id\":\"https:\/\/dicodusport.fr\/blog\/tour-de-france-2021-numero-matej-mohoric-sur-7eme-etape-roglic-perd-tout\/#breadcrumb\"},\"inLanguage\":\"fr-FR\",\"potentialAction\":[{\"@type\":\"ReadAction\",\"target\":[\"https:\/\/dicodusport.fr\/blog\/tour-de-france-2021-numero-matej-mohoric-sur-7eme-etape-roglic-perd-tout\/\"]}]},{\"@type\":\"ImageObject\",\"inLanguage\":\"fr-FR\",\"@id\":\"https:\/\/dicodusport.fr\/blog\/tour-de-france-2021-numero-matej-mohoric-sur-7eme-etape-roglic-perd-tout\/#primaryimage\",\"url\":\"https:\/\/dicodusport.fr\/blog\/wp-content\/uploads\/2021\/07\/Cyclisme-Tour-de-France-2021-Le-numero-de-Matej-Mohoric-sur-la-7eme-etape-Roglic-perd-tout.png\",\"contentUrl\":\"https:\/\/dicodusport.fr\/blog\/wp-content\/uploads\/2021\/07\/Cyclisme-Tour-de-France-2021-Le-numero-de-Matej-Mohoric-sur-la-7eme-etape-Roglic-perd-tout.png\",\"width\":800,\"height\":445,\"caption\":\"Cyclisme - Tour de France 2021 - Le num\u00e9ro de Matej Mohoric sur la 7\u00e8me \u00e9tape, Roglic perd tout\"},{\"@type\":\"BreadcrumbList\",\"@id\":\"https:\/\/dicodusport.fr\/blog\/tour-de-france-2021-numero-matej-mohoric-sur-7eme-etape-roglic-perd-tout\/#breadcrumb\",\"itemListElement\":[{\"@type\":\"ListItem\",\"position\":1,\"name\":\"Accueil\",\"item\":\"https:\/\/dicodusport.fr\/blog\/\"},{\"@type\":\"ListItem\",\"position\":2,\"name\":\"Tour de France 2021 : le num\u00e9ro de Matej Mohoric sur la 7\u00e8me \u00e9tape, Roglic perd tout\"}]},{\"@type\":\"WebSite\",\"@id\":\"https:\/\/dicodusport.fr\/blog\/#website\",\"url\":\"https:\/\/dicodusport.fr\/blog\/\",\"name\":\"Dicodusport\",\"description\":\"L&#039;encyclop\u00e9die de l&#039;actualit\u00e9 sportive\",\"publisher\":{\"@id\":\"https:\/\/dicodusport.fr\/blog\/#organization\"},\"potentialAction\":[{\"@type\":\"SearchAction\",\"target\":{\"@type\":\"EntryPoint\",\"urlTemplate\":\"https:\/\/dicodusport.fr\/blog\/?s={search_term_string}\"},\"query-input\":{\"@type\":\"PropertyValueSpecification\",\"valueRequired\":true,\"valueName\":\"search_term_string\"}}],\"inLanguage\":\"fr-FR\"},{\"@type\":\"NewsMediaOrganization\",\"@id\":\"https:\/\/dicodusport.fr\/blog\/#organization\",\"name\":\"Dicodusport\",\"url\":\"https:\/\/dicodusport.fr\/blog\/\",\"logo\":{\"@type\":\"ImageObject\",\"inLanguage\":\"fr-FR\",\"@id\":\"https:\/\/dicodusport.fr\/blog\/#\/schema\/logo\/image\/\",\"url\":\"https:\/\/dicodusport.fr\/blog\/wp-content\/uploads\/2020\/06\/cropped-LOGO-DICODUSPORT-2020-SANS-FOND-SANS-TEXTE.png\",\"contentUrl\":\"https:\/\/dicodusport.fr\/blog\/wp-content\/uploads\/2020\/06\/cropped-LOGO-DICODUSPORT-2020-SANS-FOND-SANS-TEXTE.png\",\"width\":512,\"height\":512,\"caption\":\"Dicodusport\"},\"image\":{\"@id\":\"https:\/\/dicodusport.fr\/blog\/#\/schema\/logo\/image\/\"},\"sameAs\":[\"https:\/\/www.facebook.com\/dicodusport\",\"https:\/\/x.com\/dicodusport\",\"https:\/\/www.instagram.com\/dicodusport\/\",\"https:\/\/www.youtube.com\/channel\/UC7V2KZ5sd3htJivAbA4ZG3w\"],\"description\":\"Dicodusport est l'encyclop\u00e9die de l'actualit\u00e9 sportive.\",\"email\":\"bonjour@dicodusport.fr\",\"legalName\":\"DICODUSPORT\",\"foundingDate\":\"2018-01-14\",\"vatID\":\"FR71834470973\",\"taxID\":\"83447097300043\",\"numberOfEmployees\":{\"@type\":\"QuantitativeValue\",\"minValue\":\"1\",\"maxValue\":\"10\"}},{\"@type\":\"Person\",\"@id\":\"https:\/\/dicodusport.fr\/blog\/#\/schema\/person\/6db4bae06b171592211be385b32876a7\",\"name\":\"Emilien Descampiaux\",\"image\":{\"@type\":\"ImageObject\",\"inLanguage\":\"fr-FR\",\"@id\":\"https:\/\/dicodusport.fr\/blog\/#\/schema\/person\/image\/\",\"url\":\"https:\/\/dicodusport.fr\/blog\/wp-content\/uploads\/2021\/05\/Emilien-Descampiaux-150x150.jpg\",\"contentUrl\":\"https:\/\/dicodusport.fr\/blog\/wp-content\/uploads\/2021\/05\/Emilien-Descampiaux-150x150.jpg\",\"caption\":\"Emilien Descampiaux\"},\"description\":\"Journaliste\/r\u00e9dacteur depuis 2014 - Fan de la classe de Frank Vandenbroucke, je vis cyclisme (et de ses paysages) depuis plus de 20 ans. Je suis tr\u00e8s impliqu\u00e9 sur mes diff\u00e9rents r\u00e9seaux sociaux pour partager ma passion sur le monde et l'Histoire de la bicyclette avec ma voix sur les images en noir et blanc du succ\u00e8s de Rik Van Steenbergen lors du Ronde sur le V\u00e9lodrome de Gand.\",\"sameAs\":[\"https:\/\/www.facebook.com\/groups\/LesRoisDuPeloton\",\"https:\/\/x.com\/https:\/\/twitter.com\/LRoisDuPeloton\"],\"url\":\"https:\/\/dicodusport.fr\/blog\/author\/emiliend\/\"}]}<\/script>\n<!-- \/ Yoast SEO Premium plugin. -->","yoast_head_json":{"title":"Tour de France 2021 : le num\u00e9ro de Matej Mohoric sur la 7\u00e8me \u00e9tape, Roglic perd tout","description":"CYCLISME - TOUR DE FRANCE 2021 - Matej Mohoric (Bahrain Victorious) s'est impos\u00e9 en solitaire sur la 7\u00e8me \u00e9tape du Tour de France.","robots":{"index":"index","follow":"follow","max-snippet":"max-snippet:-1","max-image-preview":"max-image-preview:large","max-video-preview":"max-video-preview:-1"},"canonical":"https:\/\/dicodusport.fr\/blog\/tour-de-france-2021-numero-matej-mohoric-sur-7eme-etape-roglic-perd-tout\/","og_locale":"fr_FR","og_type":"article","og_title":"Tour de France 2021 : le num\u00e9ro de Matej Mohoric sur la 7\u00e8me \u00e9tape, Roglic perd tout","og_description":"CYCLISME - TOUR DE FRANCE 2021 - Matej Mohoric (Bahrain Victorious) s'est impos\u00e9 en solitaire sur la 7\u00e8me \u00e9tape du Tour de France.","og_url":"https:\/\/dicodusport.fr\/blog\/tour-de-france-2021-numero-matej-mohoric-sur-7eme-etape-roglic-perd-tout\/","og_site_name":"Dicodusport","article_publisher":"https:\/\/www.facebook.com\/dicodusport","article_author":"https:\/\/www.facebook.com\/groups\/LesRoisDuPeloton","article_published_time":"2021-07-02T14:48:50+00:00","article_modified_time":"2021-07-02T15:08:59+00:00","og_image":[{"width":800,"height":445,"url":"https:\/\/dicodusport.fr\/blog\/wp-content\/uploads\/2021\/07\/Cyclisme-Tour-de-France-2021-Le-numero-de-Matej-Mohoric-sur-la-7eme-etape-Roglic-perd-tout.png","type":"image\/png"}],"author":"Emilien Descampiaux","twitter_card":"summary_large_image","twitter_title":"Tour de France 2021 : le num\u00e9ro de Matej Mohoric sur la 7\u00e8me \u00e9tape, Roglic perd tout","twitter_creator":"@https:\/\/twitter.com\/LRoisDuPeloton","twitter_site":"@dicodusport","schema":{"@context":"https:\/\/schema.org","@graph":[{"@type":"NewsArticle","@id":"https:\/\/dicodusport.fr\/blog\/tour-de-france-2021-numero-matej-mohoric-sur-7eme-etape-roglic-perd-tout\/#article","isPartOf":{"@id":"https:\/\/dicodusport.fr\/blog\/tour-de-france-2021-numero-matej-mohoric-sur-7eme-etape-roglic-perd-tout\/"},"author":{"name":"Emilien Descampiaux","@id":"https:\/\/dicodusport.fr\/blog\/#\/schema\/person\/6db4bae06b171592211be385b32876a7"},"headline":"Tour de France 2021 : le num\u00e9ro de Matej Mohoric sur la 7\u00e8me \u00e9tape, Roglic perd tout","datePublished":"2021-07-02T14:48:50+00:00","dateModified":"2021-07-02T15:08:59+00:00","mainEntityOfPage":{"@id":"https:\/\/dicodusport.fr\/blog\/tour-de-france-2021-numero-matej-mohoric-sur-7eme-etape-roglic-perd-tout\/"},"wordCount":1095,"commentCount":0,"publisher":{"@id":"https:\/\/dicodusport.fr\/blog\/#organization"},"image":{"@id":"https:\/\/dicodusport.fr\/blog\/tour-de-france-2021-numero-matej-mohoric-sur-7eme-etape-roglic-perd-tout\/#primaryimage"},"thumbnailUrl":"https:\/\/dicodusport.fr\/blog\/wp-content\/uploads\/2021\/07\/Cyclisme-Tour-de-France-2021-Le-numero-de-Matej-Mohoric-sur-la-7eme-etape-Roglic-perd-tout.png","keywords":["Actualit\u00e9 Cyclisme","sport","Tour de France"],"articleSection":["Tour de France"],"inLanguage":"fr-FR","potentialAction":[{"@type":"CommentAction","name":"Comment","target":["https:\/\/dicodusport.fr\/blog\/tour-de-france-2021-numero-matej-mohoric-sur-7eme-etape-roglic-perd-tout\/#respond"]}],"copyrightYear":"2021","copyrightHolder":{"@id":"https:\/\/dicodusport.fr\/blog\/#organization"}},{"@type":"WebPage","@id":"https:\/\/dicodusport.fr\/blog\/tour-de-france-2021-numero-matej-mohoric-sur-7eme-etape-roglic-perd-tout\/","url":"https:\/\/dicodusport.fr\/blog\/tour-de-france-2021-numero-matej-mohoric-sur-7eme-etape-roglic-perd-tout\/","name":"Tour de France 2021 : le num\u00e9ro de Matej Mohoric sur la 7\u00e8me \u00e9tape, Roglic perd tout","isPartOf":{"@id":"https:\/\/dicodusport.fr\/blog\/#website"},"primaryImageOfPage":{"@id":"https:\/\/dicodusport.fr\/blog\/tour-de-france-2021-numero-matej-mohoric-sur-7eme-etape-roglic-perd-tout\/#primaryimage"},"image":{"@id":"https:\/\/dicodusport.fr\/blog\/tour-de-france-2021-numero-matej-mohoric-sur-7eme-etape-roglic-perd-tout\/#primaryimage"},"thumbnailUrl":"https:\/\/dicodusport.fr\/blog\/wp-content\/uploads\/2021\/07\/Cyclisme-Tour-de-France-2021-Le-numero-de-Matej-Mohoric-sur-la-7eme-etape-Roglic-perd-tout.png","datePublished":"2021-07-02T14:48:50+00:00","dateModified":"2021-07-02T15:08:59+00:00","description":"CYCLISME - TOUR DE FRANCE 2021 - Matej Mohoric (Bahrain Victorious) s'est impos\u00e9 en solitaire sur la 7\u00e8me \u00e9tape du Tour de France.","breadcrumb":{"@id":"https:\/\/dicodusport.fr\/blog\/tour-de-france-2021-numero-matej-mohoric-sur-7eme-etape-roglic-perd-tout\/#breadcrumb"},"inLanguage":"fr-FR","potentialAction":[{"@type":"ReadAction","target":["https:\/\/dicodusport.fr\/blog\/tour-de-france-2021-numero-matej-mohoric-sur-7eme-etape-roglic-perd-tout\/"]}]},{"@type":"ImageObject","inLanguage":"fr-FR","@id":"https:\/\/dicodusport.fr\/blog\/tour-de-france-2021-numero-matej-mohoric-sur-7eme-etape-roglic-perd-tout\/#primaryimage","url":"https:\/\/dicodusport.fr\/blog\/wp-content\/uploads\/2021\/07\/Cyclisme-Tour-de-France-2021-Le-numero-de-Matej-Mohoric-sur-la-7eme-etape-Roglic-perd-tout.png","contentUrl":"https:\/\/dicodusport.fr\/blog\/wp-content\/uploads\/2021\/07\/Cyclisme-Tour-de-France-2021-Le-numero-de-Matej-Mohoric-sur-la-7eme-etape-Roglic-perd-tout.png","width":800,"height":445,"caption":"Cyclisme - Tour de France 2021 - Le num\u00e9ro de Matej Mohoric sur la 7\u00e8me \u00e9tape, Roglic perd tout"},{"@type":"BreadcrumbList","@id":"https:\/\/dicodusport.fr\/blog\/tour-de-france-2021-numero-matej-mohoric-sur-7eme-etape-roglic-perd-tout\/#breadcrumb","itemListElement":[{"@type":"ListItem","position":1,"name":"Accueil","item":"https:\/\/dicodusport.fr\/blog\/"},{"@type":"ListItem","position":2,"name":"Tour de France 2021 : le num\u00e9ro de Matej Mohoric sur la 7\u00e8me \u00e9tape, Roglic perd tout"}]},{"@type":"WebSite","@id":"https:\/\/dicodusport.fr\/blog\/#website","url":"https:\/\/dicodusport.fr\/blog\/","name":"Dicodusport","description":"L&#039;encyclop\u00e9die de l&#039;actualit\u00e9 sportive","publisher":{"@id":"https:\/\/dicodusport.fr\/blog\/#organization"},"potentialAction":[{"@type":"SearchAction","target":{"@type":"EntryPoint","urlTemplate":"https:\/\/dicodusport.fr\/blog\/?s={search_term_string}"},"query-input":{"@type":"PropertyValueSpecification","valueRequired":true,"valueName":"search_term_string"}}],"inLanguage":"fr-FR"},{"@type":"NewsMediaOrganization","@id":"https:\/\/dicodusport.fr\/blog\/#organization","name":"Dicodusport","url":"https:\/\/dicodusport.fr\/blog\/","logo":{"@type":"ImageObject","inLanguage":"fr-FR","@id":"https:\/\/dicodusport.fr\/blog\/#\/schema\/logo\/image\/","url":"https:\/\/dicodusport.fr\/blog\/wp-content\/uploads\/2020\/06\/cropped-LOGO-DICODUSPORT-2020-SANS-FOND-SANS-TEXTE.png","contentUrl":"https:\/\/dicodusport.fr\/blog\/wp-content\/uploads\/2020\/06\/cropped-LOGO-DICODUSPORT-2020-SANS-FOND-SANS-TEXTE.png","width":512,"height":512,"caption":"Dicodusport"},"image":{"@id":"https:\/\/dicodusport.fr\/blog\/#\/schema\/logo\/image\/"},"sameAs":["https:\/\/www.facebook.com\/dicodusport","https:\/\/x.com\/dicodusport","https:\/\/www.instagram.com\/dicodusport\/","https:\/\/www.youtube.com\/channel\/UC7V2KZ5sd3htJivAbA4ZG3w"],"description":"Dicodusport est l'encyclop\u00e9die de l'actualit\u00e9 sportive.","email":"bonjour@dicodusport.fr","legalName":"DICODUSPORT","foundingDate":"2018-01-14","vatID":"FR71834470973","taxID":"83447097300043","numberOfEmployees":{"@type":"QuantitativeValue","minValue":"1","maxValue":"10"}},{"@type":"Person","@id":"https:\/\/dicodusport.fr\/blog\/#\/schema\/person\/6db4bae06b171592211be385b32876a7","name":"Emilien Descampiaux","image":{"@type":"ImageObject","inLanguage":"fr-FR","@id":"https:\/\/dicodusport.fr\/blog\/#\/schema\/person\/image\/","url":"https:\/\/dicodusport.fr\/blog\/wp-content\/uploads\/2021\/05\/Emilien-Descampiaux-150x150.jpg","contentUrl":"https:\/\/dicodusport.fr\/blog\/wp-content\/uploads\/2021\/05\/Emilien-Descampiaux-150x150.jpg","caption":"Emilien Descampiaux"},"description":"Journaliste\/r\u00e9dacteur depuis 2014 - Fan de la classe de Frank Vandenbroucke, je vis cyclisme (et de ses paysages) depuis plus de 20 ans. Je suis tr\u00e8s impliqu\u00e9 sur mes diff\u00e9rents r\u00e9seaux sociaux pour partager ma passion sur le monde et l'Histoire de la bicyclette avec ma voix sur les images en noir et blanc du succ\u00e8s de Rik Van Steenbergen lors du Ronde sur le V\u00e9lodrome de Gand.","sameAs":["https:\/\/www.facebook.com\/groups\/LesRoisDuPeloton","https:\/\/x.com\/https:\/\/twitter.com\/LRoisDuPeloton"],"url":"https:\/\/dicodusport.fr\/blog\/author\/emiliend\/"}]}},"_links":{"self":[{"href":"https:\/\/dicodusport.fr\/blog\/wp-json\/wp\/v2\/posts\/143968","targetHints":{"allow":["GET"]}}],"collection":[{"href":"https:\/\/dicodusport.fr\/blog\/wp-json\/wp\/v2\/posts"}],"about":[{"href":"https:\/\/dicodusport.fr\/blog\/wp-json\/wp\/v2\/types\/post"}],"author":[{"embeddable":true,"href":"https:\/\/dicodusport.fr\/blog\/wp-json\/wp\/v2\/users\/48"}],"replies":[{"embeddable":true,"href":"https:\/\/dicodusport.fr\/blog\/wp-json\/wp\/v2\/comments?post=143968"}],"version-history":[{"count":0,"href":"https:\/\/dicodusport.fr\/blog\/wp-json\/wp\/v2\/posts\/143968\/revisions"}],"wp:featuredmedia":[{"embeddable":true,"href":"https:\/\/dicodusport.fr\/blog\/wp-json\/wp\/v2\/media\/144002"}],"wp:attachment":[{"href":"https:\/\/dicodusport.fr\/blog\/wp-json\/wp\/v2\/media?parent=143968"}],"wp:term":[{"taxonomy":"category","embeddable":true,"href":"https:\/\/dicodusport.fr\/blog\/wp-json\/wp\/v2\/categories?post=143968"},{"taxonomy":"post_tag","embeddable":true,"href":"https:\/\/dicodusport.fr\/blog\/wp-json\/wp\/v2\/tags?post=143968"}],"curies":[{"name":"wp","href":"https:\/\/api.w.org\/{rel}","templated":true}]}}