{"id":144426,"date":"2021-07-04T16:20:36","date_gmt":"2021-07-04T14:20:36","guid":{"rendered":"https:\/\/dicodusport.fr\/blog\/?p=144426&#038;preview=true&#038;preview_id=144426"},"modified":"2021-07-04T22:20:32","modified_gmt":"2021-07-04T20:20:32","slug":"vtt-xco-mathias-fluckiger-sans-rival-aux-gets-jordan-sarrou-3eme","status":"publish","type":"post","link":"https:\/\/dicodusport.fr\/blog\/vtt-xco-mathias-fluckiger-sans-rival-aux-gets-jordan-sarrou-3eme\/","title":{"rendered":"VTT XCO : Mathias Fl\u00fcckiger sans rival aux Gets, Jordan Sarrou 3\u00e8me"},"content":{"rendered":"<p style=\"text-align: justify;\"><em><strong>VTT LES GETS &#8211; Une nouvelle fois tr\u00e8s fort de bout en bout, Mathias Fl\u00fcckiger a remport\u00e9 ce dimanche la Coupe du monde de VTT XCO aux Gets. Sous des trombes d&rsquo;eau, le Suisse, d\u00e9j\u00e0 vainqueur de la short track vendredi, devance le Tch\u00e8que Ondrej Cink et le Fran\u00e7ais, champion du monde en titre, Jordan Sarrou.\u00a0<\/strong><\/em><\/p>\n<p style=\"text-align: justify;\">Si chez les dames, <strong>Loana Lecomte<\/strong> domine largement les d\u00e9bats sur cette Coupe du monde de VTT, le Suisse <strong>Mathias Fl\u00fcckiger<\/strong> commence \u00e0 lui embo\u00eeter le pas sur le circuit masculin. Ce dernier, d\u00e9j\u00e0 auteur du doubl\u00e9 XCC\/XCO \u00e0 Leogang (Autriche), a r\u00e9cidiv\u00e9 ce week-end aux Gets (France). S\u00fbr de sa force, il a domin\u00e9 toute la course et a pass\u00e9 les sept tours en t\u00eate.<\/p>\n<p style=\"text-align: justify;\">Derri\u00e8re, le Tch\u00e8que <strong>Ondrej Cink<\/strong>, qui a longtemps navigu\u00e9 \u00e0 30 secondes de <strong>Fl\u00fcckiger<\/strong>, termine finalement \u00e0 la deuxi\u00e8me place donc, \u00e0 25 secondes de l&rsquo;Helv\u00e8te. Auteur d&rsquo;un d\u00e9part moyen avant de trouver son rythme, <strong>Jordan Sarrou<\/strong> compl\u00e8te le podium, lui qui avait d\u00e9j\u00e0 pris la deuxi\u00e8me place lors de la short track vendredi. Int\u00e9ressant \u00e0 un peu plus de 20 jours des JO. \u00c0 noter la 5\u00e8me place du champion d&rsquo;Europe <strong>Nino Schurter<\/strong>, toujours un peu juste pour jouer la gagne.<\/p>\n<h2 style=\"text-align: justify;\"><strong>\u00c0 lire aussi<\/strong><\/h2>\n<ul>\n<li class=\"mvp-post-title left entry-title\" style=\"text-align: justify;\"><a href=\"https:\/\/dicodusport.fr\/blog\/vtt-xco-les-gets-classement-course-hommes\/\"><strong>VTT XCO \u2013 Les Gets : le classement de la course hommes<\/strong><\/a><\/li>\n<\/ul>\n","protected":false},"excerpt":{"rendered":"<p>VTT LES GETS &#8211; Une nouvelle fois tr\u00e8s fort de bout en bout, Mathias Fl\u00fcckiger a remport\u00e9 ce dimanche la Coupe du monde de VTT XCO aux Gets. Sous des trombes d&rsquo;eau, le Suisse, d\u00e9j\u00e0 vainqueur de la short track vendredi, devance le Tch\u00e8que Ondrej Cink et le Fran\u00e7ais, champion du monde en titre, Jordan Sarrou.\u00a0<\/p>\n","protected":false},"author":4,"featured_media":137960,"comment_status":"open","ping_status":"closed","sticky":false,"template":"","format":"standard","meta":{"_acf_changed":false,"_daextam_enable_autolinks":"","footnotes":""},"categories":[10279],"tags":[4111,17771,17794],"class_list":["post-144426","post","type-post","status-publish","format-standard","has-post-thumbnail","hentry","category-vtt","tag-vtt-cross-country","tag-vtt-les-gets","tag-vtt-xco-les-gets"],"acf":[],"yoast_head":"<!-- This site is optimized with the Yoast SEO Premium plugin v26.7 (Yoast SEO v26.7) - https:\/\/yoast.com\/wordpress\/plugins\/seo\/ -->\n<title>VTT XCO : Mathias Fl\u00fcckiger sans rival aux Gets, Jordan Sarrou 3\u00e8me<\/title>\n<meta name=\"description\" content=\"VTT LES GETS - Une nouvelle fois tr\u00e8s fort de bout en bout, Mathias Fl\u00fcckiger a remport\u00e9 ce dimanche la Coupe du monde de VTT XCO aux Gets.\" \/>\n<meta name=\"robots\" content=\"index, follow, max-snippet:-1, max-image-preview:large, max-video-preview:-1\" \/>\n<link rel=\"canonical\" href=\"https:\/\/dicodusport.fr\/blog\/vtt-xco-mathias-fluckiger-sans-rival-aux-gets-jordan-sarrou-3eme\/\" \/>\n<meta property=\"og:locale\" content=\"fr_FR\" \/>\n<meta property=\"og:type\" content=\"article\" \/>\n<meta property=\"og:title\" content=\"VTT XCO : Mathias Fl\u00fcckiger sans rival aux Gets, Jordan Sarrou 3\u00e8me\" \/>\n<meta property=\"og:description\" content=\"VTT LES GETS - Une nouvelle fois tr\u00e8s fort de bout en bout, Mathias Fl\u00fcckiger a remport\u00e9 ce dimanche la Coupe du monde de VTT XCO aux Gets.\" \/>\n<meta property=\"og:url\" content=\"https:\/\/dicodusport.fr\/blog\/vtt-xco-mathias-fluckiger-sans-rival-aux-gets-jordan-sarrou-3eme\/\" \/>\n<meta property=\"og:site_name\" content=\"Dicodusport\" \/>\n<meta property=\"article:publisher\" content=\"https:\/\/www.facebook.com\/dicodusport\" \/>\n<meta property=\"article:author\" content=\"https:\/\/www.facebook.com\/florent.ostermann\" \/>\n<meta property=\"article:published_time\" content=\"2021-07-04T14:20:36+00:00\" \/>\n<meta property=\"article:modified_time\" content=\"2021-07-04T20:20:32+00:00\" \/>\n<meta property=\"og:image\" content=\"https:\/\/dicodusport.fr\/blog\/wp-content\/uploads\/2021\/06\/VTT-Short-track-Mathias-Fluckiger-simpose-a-Leogang-Jordan-Sarrou-4eme.png\" \/>\n\t<meta property=\"og:image:width\" content=\"800\" \/>\n\t<meta property=\"og:image:height\" content=\"445\" \/>\n\t<meta property=\"og:image:type\" content=\"image\/png\" \/>\n<meta name=\"author\" content=\"Flo Ostermann\" \/>\n<meta name=\"twitter:card\" content=\"summary_large_image\" \/>\n<meta name=\"twitter:title\" content=\"VTT XCO : Mathias Fl\u00fcckiger sans rival aux Gets, Jordan Sarrou 3\u00e8me\" \/>\n<meta name=\"twitter:creator\" content=\"@https:\/\/twitter.com\/FlOstermann\" \/>\n<meta name=\"twitter:site\" content=\"@dicodusport\" \/>\n<script type=\"application\/ld+json\" class=\"yoast-schema-graph\">{\"@context\":\"https:\/\/schema.org\",\"@graph\":[{\"@type\":\"NewsArticle\",\"@id\":\"https:\/\/dicodusport.fr\/blog\/vtt-xco-mathias-fluckiger-sans-rival-aux-gets-jordan-sarrou-3eme\/#article\",\"isPartOf\":{\"@id\":\"https:\/\/dicodusport.fr\/blog\/vtt-xco-mathias-fluckiger-sans-rival-aux-gets-jordan-sarrou-3eme\/\"},\"author\":{\"name\":\"Flo Ostermann\",\"@id\":\"https:\/\/dicodusport.fr\/blog\/#\/schema\/person\/cb02af4c173ce4a653b55e9baf388d4a\"},\"headline\":\"VTT XCO : Mathias Fl\u00fcckiger sans rival aux Gets, Jordan Sarrou 3\u00e8me\",\"datePublished\":\"2021-07-04T14:20:36+00:00\",\"dateModified\":\"2021-07-04T20:20:32+00:00\",\"mainEntityOfPage\":{\"@id\":\"https:\/\/dicodusport.fr\/blog\/vtt-xco-mathias-fluckiger-sans-rival-aux-gets-jordan-sarrou-3eme\/\"},\"wordCount\":245,\"commentCount\":0,\"publisher\":{\"@id\":\"https:\/\/dicodusport.fr\/blog\/#organization\"},\"image\":{\"@id\":\"https:\/\/dicodusport.fr\/blog\/vtt-xco-mathias-fluckiger-sans-rival-aux-gets-jordan-sarrou-3eme\/#primaryimage\"},\"thumbnailUrl\":\"https:\/\/dicodusport.fr\/blog\/wp-content\/uploads\/2021\/06\/VTT-Short-track-Mathias-Fluckiger-simpose-a-Leogang-Jordan-Sarrou-4eme.png\",\"keywords\":[\"VTT cross country\",\"VTT Les Gets\",\"VTT XCO Les Gets\"],\"articleSection\":[\"VTT\"],\"inLanguage\":\"fr-FR\",\"potentialAction\":[{\"@type\":\"CommentAction\",\"name\":\"Comment\",\"target\":[\"https:\/\/dicodusport.fr\/blog\/vtt-xco-mathias-fluckiger-sans-rival-aux-gets-jordan-sarrou-3eme\/#respond\"]}],\"copyrightYear\":\"2021\",\"copyrightHolder\":{\"@id\":\"https:\/\/dicodusport.fr\/blog\/#organization\"}},{\"@type\":\"WebPage\",\"@id\":\"https:\/\/dicodusport.fr\/blog\/vtt-xco-mathias-fluckiger-sans-rival-aux-gets-jordan-sarrou-3eme\/\",\"url\":\"https:\/\/dicodusport.fr\/blog\/vtt-xco-mathias-fluckiger-sans-rival-aux-gets-jordan-sarrou-3eme\/\",\"name\":\"VTT XCO : Mathias Fl\u00fcckiger sans rival aux Gets, Jordan Sarrou 3\u00e8me\",\"isPartOf\":{\"@id\":\"https:\/\/dicodusport.fr\/blog\/#website\"},\"primaryImageOfPage\":{\"@id\":\"https:\/\/dicodusport.fr\/blog\/vtt-xco-mathias-fluckiger-sans-rival-aux-gets-jordan-sarrou-3eme\/#primaryimage\"},\"image\":{\"@id\":\"https:\/\/dicodusport.fr\/blog\/vtt-xco-mathias-fluckiger-sans-rival-aux-gets-jordan-sarrou-3eme\/#primaryimage\"},\"thumbnailUrl\":\"https:\/\/dicodusport.fr\/blog\/wp-content\/uploads\/2021\/06\/VTT-Short-track-Mathias-Fluckiger-simpose-a-Leogang-Jordan-Sarrou-4eme.png\",\"datePublished\":\"2021-07-04T14:20:36+00:00\",\"dateModified\":\"2021-07-04T20:20:32+00:00\",\"description\":\"VTT LES GETS - Une nouvelle fois tr\u00e8s fort de bout en bout, Mathias Fl\u00fcckiger a remport\u00e9 ce dimanche la Coupe du monde de VTT XCO aux Gets.\",\"breadcrumb\":{\"@id\":\"https:\/\/dicodusport.fr\/blog\/vtt-xco-mathias-fluckiger-sans-rival-aux-gets-jordan-sarrou-3eme\/#breadcrumb\"},\"inLanguage\":\"fr-FR\",\"potentialAction\":[{\"@type\":\"ReadAction\",\"target\":[\"https:\/\/dicodusport.fr\/blog\/vtt-xco-mathias-fluckiger-sans-rival-aux-gets-jordan-sarrou-3eme\/\"]}]},{\"@type\":\"ImageObject\",\"inLanguage\":\"fr-FR\",\"@id\":\"https:\/\/dicodusport.fr\/blog\/vtt-xco-mathias-fluckiger-sans-rival-aux-gets-jordan-sarrou-3eme\/#primaryimage\",\"url\":\"https:\/\/dicodusport.fr\/blog\/wp-content\/uploads\/2021\/06\/VTT-Short-track-Mathias-Fluckiger-simpose-a-Leogang-Jordan-Sarrou-4eme.png\",\"contentUrl\":\"https:\/\/dicodusport.fr\/blog\/wp-content\/uploads\/2021\/06\/VTT-Short-track-Mathias-Fluckiger-simpose-a-Leogang-Jordan-Sarrou-4eme.png\",\"width\":800,\"height\":445,\"caption\":\"VTT Short track : Mathias Fl\u00fcckiger s'impose \u00e0 Leogang, Jordan Sarrou 4\u00e8me\"},{\"@type\":\"BreadcrumbList\",\"@id\":\"https:\/\/dicodusport.fr\/blog\/vtt-xco-mathias-fluckiger-sans-rival-aux-gets-jordan-sarrou-3eme\/#breadcrumb\",\"itemListElement\":[{\"@type\":\"ListItem\",\"position\":1,\"name\":\"Accueil\",\"item\":\"https:\/\/dicodusport.fr\/blog\/\"},{\"@type\":\"ListItem\",\"position\":2,\"name\":\"VTT XCO : Mathias Fl\u00fcckiger sans rival aux Gets, Jordan Sarrou 3\u00e8me\"}]},{\"@type\":\"WebSite\",\"@id\":\"https:\/\/dicodusport.fr\/blog\/#website\",\"url\":\"https:\/\/dicodusport.fr\/blog\/\",\"name\":\"Dicodusport\",\"description\":\"L&#039;encyclop\u00e9die de l&#039;actualit\u00e9 sportive\",\"publisher\":{\"@id\":\"https:\/\/dicodusport.fr\/blog\/#organization\"},\"potentialAction\":[{\"@type\":\"SearchAction\",\"target\":{\"@type\":\"EntryPoint\",\"urlTemplate\":\"https:\/\/dicodusport.fr\/blog\/?s={search_term_string}\"},\"query-input\":{\"@type\":\"PropertyValueSpecification\",\"valueRequired\":true,\"valueName\":\"search_term_string\"}}],\"inLanguage\":\"fr-FR\"},{\"@type\":\"NewsMediaOrganization\",\"@id\":\"https:\/\/dicodusport.fr\/blog\/#organization\",\"name\":\"Dicodusport\",\"url\":\"https:\/\/dicodusport.fr\/blog\/\",\"logo\":{\"@type\":\"ImageObject\",\"inLanguage\":\"fr-FR\",\"@id\":\"https:\/\/dicodusport.fr\/blog\/#\/schema\/logo\/image\/\",\"url\":\"https:\/\/dicodusport.fr\/blog\/wp-content\/uploads\/2020\/06\/cropped-LOGO-DICODUSPORT-2020-SANS-FOND-SANS-TEXTE.png\",\"contentUrl\":\"https:\/\/dicodusport.fr\/blog\/wp-content\/uploads\/2020\/06\/cropped-LOGO-DICODUSPORT-2020-SANS-FOND-SANS-TEXTE.png\",\"width\":512,\"height\":512,\"caption\":\"Dicodusport\"},\"image\":{\"@id\":\"https:\/\/dicodusport.fr\/blog\/#\/schema\/logo\/image\/\"},\"sameAs\":[\"https:\/\/www.facebook.com\/dicodusport\",\"https:\/\/x.com\/dicodusport\",\"https:\/\/www.instagram.com\/dicodusport\/\",\"https:\/\/www.youtube.com\/channel\/UC7V2KZ5sd3htJivAbA4ZG3w\"],\"description\":\"Dicodusport est l'encyclop\u00e9die de l'actualit\u00e9 sportive.\",\"email\":\"bonjour@dicodusport.fr\",\"legalName\":\"DICODUSPORT\",\"foundingDate\":\"2018-01-14\",\"vatID\":\"FR71834470973\",\"taxID\":\"83447097300043\",\"numberOfEmployees\":{\"@type\":\"QuantitativeValue\",\"minValue\":\"1\",\"maxValue\":\"10\"}},{\"@type\":\"Person\",\"@id\":\"https:\/\/dicodusport.fr\/blog\/#\/schema\/person\/cb02af4c173ce4a653b55e9baf388d4a\",\"name\":\"Flo Ostermann\",\"image\":{\"@type\":\"ImageObject\",\"inLanguage\":\"fr-FR\",\"@id\":\"https:\/\/dicodusport.fr\/blog\/#\/schema\/person\/image\/\",\"url\":\"https:\/\/dicodusport.fr\/blog\/wp-content\/uploads\/2021\/05\/Flo-Ostermann-150x150.jpg\",\"contentUrl\":\"https:\/\/dicodusport.fr\/blog\/wp-content\/uploads\/2021\/05\/Flo-Ostermann-150x150.jpg\",\"caption\":\"Flo Ostermann\"},\"description\":\"Journaliste\/R\u00e9dacteur depuis septembre 2015 - Mes premiers souvenirs dans le sport ? Les envol\u00e9es du Stade Toulousain et les duels Villeneuve-Schumacher et H\u00e4kkinen-Schumacher \u00e0 la fin des ann\u00e9es 90, la Coupe du monde de football en 1998, l\u2019exploit du XV de France face aux All Blacks en 1999, mais aussi Richard C\u0153ur de Lion qui vole sur les montagnes du Tour de France. Bien parti pour devenir professeur d\u2019EPS, les \u00e9v\u00e9nements de la vie (et la flemme d\u2019animer des s\u00e9ances de 3x500 m\u00e8tres toute ma vie) m\u2019ont conduit \u00e0 revoir mes plans. Me voil\u00e0 depuis fin 2017 sur Dicodusport, m\u00e9dia gr\u00e2ce (et pour) lequel je partage ma passion : le sport dans tous ses \u00e9tats. Le tout accompagn\u00e9 par les fous furieux et folles furieuses cit\u00e9s sur cette page !\",\"sameAs\":[\"https:\/\/www.facebook.com\/florent.ostermann\",\"https:\/\/x.com\/https:\/\/twitter.com\/FlOstermann\",\"admin\"],\"url\":\"https:\/\/dicodusport.fr\/blog\/author\/flo\/\"}]}<\/script>\n<!-- \/ Yoast SEO Premium plugin. -->","yoast_head_json":{"title":"VTT XCO : Mathias Fl\u00fcckiger sans rival aux Gets, Jordan Sarrou 3\u00e8me","description":"VTT LES GETS - Une nouvelle fois tr\u00e8s fort de bout en bout, Mathias Fl\u00fcckiger a remport\u00e9 ce dimanche la Coupe du monde de VTT XCO aux Gets.","robots":{"index":"index","follow":"follow","max-snippet":"max-snippet:-1","max-image-preview":"max-image-preview:large","max-video-preview":"max-video-preview:-1"},"canonical":"https:\/\/dicodusport.fr\/blog\/vtt-xco-mathias-fluckiger-sans-rival-aux-gets-jordan-sarrou-3eme\/","og_locale":"fr_FR","og_type":"article","og_title":"VTT XCO : Mathias Fl\u00fcckiger sans rival aux Gets, Jordan Sarrou 3\u00e8me","og_description":"VTT LES GETS - Une nouvelle fois tr\u00e8s fort de bout en bout, Mathias Fl\u00fcckiger a remport\u00e9 ce dimanche la Coupe du monde de VTT XCO aux Gets.","og_url":"https:\/\/dicodusport.fr\/blog\/vtt-xco-mathias-fluckiger-sans-rival-aux-gets-jordan-sarrou-3eme\/","og_site_name":"Dicodusport","article_publisher":"https:\/\/www.facebook.com\/dicodusport","article_author":"https:\/\/www.facebook.com\/florent.ostermann","article_published_time":"2021-07-04T14:20:36+00:00","article_modified_time":"2021-07-04T20:20:32+00:00","og_image":[{"width":800,"height":445,"url":"https:\/\/dicodusport.fr\/blog\/wp-content\/uploads\/2021\/06\/VTT-Short-track-Mathias-Fluckiger-simpose-a-Leogang-Jordan-Sarrou-4eme.png","type":"image\/png"}],"author":"Flo Ostermann","twitter_card":"summary_large_image","twitter_title":"VTT XCO : Mathias Fl\u00fcckiger sans rival aux Gets, Jordan Sarrou 3\u00e8me","twitter_creator":"@https:\/\/twitter.com\/FlOstermann","twitter_site":"@dicodusport","schema":{"@context":"https:\/\/schema.org","@graph":[{"@type":"NewsArticle","@id":"https:\/\/dicodusport.fr\/blog\/vtt-xco-mathias-fluckiger-sans-rival-aux-gets-jordan-sarrou-3eme\/#article","isPartOf":{"@id":"https:\/\/dicodusport.fr\/blog\/vtt-xco-mathias-fluckiger-sans-rival-aux-gets-jordan-sarrou-3eme\/"},"author":{"name":"Flo Ostermann","@id":"https:\/\/dicodusport.fr\/blog\/#\/schema\/person\/cb02af4c173ce4a653b55e9baf388d4a"},"headline":"VTT XCO : Mathias Fl\u00fcckiger sans rival aux Gets, Jordan Sarrou 3\u00e8me","datePublished":"2021-07-04T14:20:36+00:00","dateModified":"2021-07-04T20:20:32+00:00","mainEntityOfPage":{"@id":"https:\/\/dicodusport.fr\/blog\/vtt-xco-mathias-fluckiger-sans-rival-aux-gets-jordan-sarrou-3eme\/"},"wordCount":245,"commentCount":0,"publisher":{"@id":"https:\/\/dicodusport.fr\/blog\/#organization"},"image":{"@id":"https:\/\/dicodusport.fr\/blog\/vtt-xco-mathias-fluckiger-sans-rival-aux-gets-jordan-sarrou-3eme\/#primaryimage"},"thumbnailUrl":"https:\/\/dicodusport.fr\/blog\/wp-content\/uploads\/2021\/06\/VTT-Short-track-Mathias-Fluckiger-simpose-a-Leogang-Jordan-Sarrou-4eme.png","keywords":["VTT cross country","VTT Les Gets","VTT XCO Les Gets"],"articleSection":["VTT"],"inLanguage":"fr-FR","potentialAction":[{"@type":"CommentAction","name":"Comment","target":["https:\/\/dicodusport.fr\/blog\/vtt-xco-mathias-fluckiger-sans-rival-aux-gets-jordan-sarrou-3eme\/#respond"]}],"copyrightYear":"2021","copyrightHolder":{"@id":"https:\/\/dicodusport.fr\/blog\/#organization"}},{"@type":"WebPage","@id":"https:\/\/dicodusport.fr\/blog\/vtt-xco-mathias-fluckiger-sans-rival-aux-gets-jordan-sarrou-3eme\/","url":"https:\/\/dicodusport.fr\/blog\/vtt-xco-mathias-fluckiger-sans-rival-aux-gets-jordan-sarrou-3eme\/","name":"VTT XCO : Mathias Fl\u00fcckiger sans rival aux Gets, Jordan Sarrou 3\u00e8me","isPartOf":{"@id":"https:\/\/dicodusport.fr\/blog\/#website"},"primaryImageOfPage":{"@id":"https:\/\/dicodusport.fr\/blog\/vtt-xco-mathias-fluckiger-sans-rival-aux-gets-jordan-sarrou-3eme\/#primaryimage"},"image":{"@id":"https:\/\/dicodusport.fr\/blog\/vtt-xco-mathias-fluckiger-sans-rival-aux-gets-jordan-sarrou-3eme\/#primaryimage"},"thumbnailUrl":"https:\/\/dicodusport.fr\/blog\/wp-content\/uploads\/2021\/06\/VTT-Short-track-Mathias-Fluckiger-simpose-a-Leogang-Jordan-Sarrou-4eme.png","datePublished":"2021-07-04T14:20:36+00:00","dateModified":"2021-07-04T20:20:32+00:00","description":"VTT LES GETS - Une nouvelle fois tr\u00e8s fort de bout en bout, Mathias Fl\u00fcckiger a remport\u00e9 ce dimanche la Coupe du monde de VTT XCO aux Gets.","breadcrumb":{"@id":"https:\/\/dicodusport.fr\/blog\/vtt-xco-mathias-fluckiger-sans-rival-aux-gets-jordan-sarrou-3eme\/#breadcrumb"},"inLanguage":"fr-FR","potentialAction":[{"@type":"ReadAction","target":["https:\/\/dicodusport.fr\/blog\/vtt-xco-mathias-fluckiger-sans-rival-aux-gets-jordan-sarrou-3eme\/"]}]},{"@type":"ImageObject","inLanguage":"fr-FR","@id":"https:\/\/dicodusport.fr\/blog\/vtt-xco-mathias-fluckiger-sans-rival-aux-gets-jordan-sarrou-3eme\/#primaryimage","url":"https:\/\/dicodusport.fr\/blog\/wp-content\/uploads\/2021\/06\/VTT-Short-track-Mathias-Fluckiger-simpose-a-Leogang-Jordan-Sarrou-4eme.png","contentUrl":"https:\/\/dicodusport.fr\/blog\/wp-content\/uploads\/2021\/06\/VTT-Short-track-Mathias-Fluckiger-simpose-a-Leogang-Jordan-Sarrou-4eme.png","width":800,"height":445,"caption":"VTT Short track : Mathias Fl\u00fcckiger s'impose \u00e0 Leogang, Jordan Sarrou 4\u00e8me"},{"@type":"BreadcrumbList","@id":"https:\/\/dicodusport.fr\/blog\/vtt-xco-mathias-fluckiger-sans-rival-aux-gets-jordan-sarrou-3eme\/#breadcrumb","itemListElement":[{"@type":"ListItem","position":1,"name":"Accueil","item":"https:\/\/dicodusport.fr\/blog\/"},{"@type":"ListItem","position":2,"name":"VTT XCO : Mathias Fl\u00fcckiger sans rival aux Gets, Jordan Sarrou 3\u00e8me"}]},{"@type":"WebSite","@id":"https:\/\/dicodusport.fr\/blog\/#website","url":"https:\/\/dicodusport.fr\/blog\/","name":"Dicodusport","description":"L&#039;encyclop\u00e9die de l&#039;actualit\u00e9 sportive","publisher":{"@id":"https:\/\/dicodusport.fr\/blog\/#organization"},"potentialAction":[{"@type":"SearchAction","target":{"@type":"EntryPoint","urlTemplate":"https:\/\/dicodusport.fr\/blog\/?s={search_term_string}"},"query-input":{"@type":"PropertyValueSpecification","valueRequired":true,"valueName":"search_term_string"}}],"inLanguage":"fr-FR"},{"@type":"NewsMediaOrganization","@id":"https:\/\/dicodusport.fr\/blog\/#organization","name":"Dicodusport","url":"https:\/\/dicodusport.fr\/blog\/","logo":{"@type":"ImageObject","inLanguage":"fr-FR","@id":"https:\/\/dicodusport.fr\/blog\/#\/schema\/logo\/image\/","url":"https:\/\/dicodusport.fr\/blog\/wp-content\/uploads\/2020\/06\/cropped-LOGO-DICODUSPORT-2020-SANS-FOND-SANS-TEXTE.png","contentUrl":"https:\/\/dicodusport.fr\/blog\/wp-content\/uploads\/2020\/06\/cropped-LOGO-DICODUSPORT-2020-SANS-FOND-SANS-TEXTE.png","width":512,"height":512,"caption":"Dicodusport"},"image":{"@id":"https:\/\/dicodusport.fr\/blog\/#\/schema\/logo\/image\/"},"sameAs":["https:\/\/www.facebook.com\/dicodusport","https:\/\/x.com\/dicodusport","https:\/\/www.instagram.com\/dicodusport\/","https:\/\/www.youtube.com\/channel\/UC7V2KZ5sd3htJivAbA4ZG3w"],"description":"Dicodusport est l'encyclop\u00e9die de l'actualit\u00e9 sportive.","email":"bonjour@dicodusport.fr","legalName":"DICODUSPORT","foundingDate":"2018-01-14","vatID":"FR71834470973","taxID":"83447097300043","numberOfEmployees":{"@type":"QuantitativeValue","minValue":"1","maxValue":"10"}},{"@type":"Person","@id":"https:\/\/dicodusport.fr\/blog\/#\/schema\/person\/cb02af4c173ce4a653b55e9baf388d4a","name":"Flo Ostermann","image":{"@type":"ImageObject","inLanguage":"fr-FR","@id":"https:\/\/dicodusport.fr\/blog\/#\/schema\/person\/image\/","url":"https:\/\/dicodusport.fr\/blog\/wp-content\/uploads\/2021\/05\/Flo-Ostermann-150x150.jpg","contentUrl":"https:\/\/dicodusport.fr\/blog\/wp-content\/uploads\/2021\/05\/Flo-Ostermann-150x150.jpg","caption":"Flo Ostermann"},"description":"Journaliste\/R\u00e9dacteur depuis septembre 2015 - Mes premiers souvenirs dans le sport ? Les envol\u00e9es du Stade Toulousain et les duels Villeneuve-Schumacher et H\u00e4kkinen-Schumacher \u00e0 la fin des ann\u00e9es 90, la Coupe du monde de football en 1998, l\u2019exploit du XV de France face aux All Blacks en 1999, mais aussi Richard C\u0153ur de Lion qui vole sur les montagnes du Tour de France. Bien parti pour devenir professeur d\u2019EPS, les \u00e9v\u00e9nements de la vie (et la flemme d\u2019animer des s\u00e9ances de 3x500 m\u00e8tres toute ma vie) m\u2019ont conduit \u00e0 revoir mes plans. Me voil\u00e0 depuis fin 2017 sur Dicodusport, m\u00e9dia gr\u00e2ce (et pour) lequel je partage ma passion : le sport dans tous ses \u00e9tats. Le tout accompagn\u00e9 par les fous furieux et folles furieuses cit\u00e9s sur cette page !","sameAs":["https:\/\/www.facebook.com\/florent.ostermann","https:\/\/x.com\/https:\/\/twitter.com\/FlOstermann","admin"],"url":"https:\/\/dicodusport.fr\/blog\/author\/flo\/"}]}},"_links":{"self":[{"href":"https:\/\/dicodusport.fr\/blog\/wp-json\/wp\/v2\/posts\/144426","targetHints":{"allow":["GET"]}}],"collection":[{"href":"https:\/\/dicodusport.fr\/blog\/wp-json\/wp\/v2\/posts"}],"about":[{"href":"https:\/\/dicodusport.fr\/blog\/wp-json\/wp\/v2\/types\/post"}],"author":[{"embeddable":true,"href":"https:\/\/dicodusport.fr\/blog\/wp-json\/wp\/v2\/users\/4"}],"replies":[{"embeddable":true,"href":"https:\/\/dicodusport.fr\/blog\/wp-json\/wp\/v2\/comments?post=144426"}],"version-history":[{"count":0,"href":"https:\/\/dicodusport.fr\/blog\/wp-json\/wp\/v2\/posts\/144426\/revisions"}],"wp:featuredmedia":[{"embeddable":true,"href":"https:\/\/dicodusport.fr\/blog\/wp-json\/wp\/v2\/media\/137960"}],"wp:attachment":[{"href":"https:\/\/dicodusport.fr\/blog\/wp-json\/wp\/v2\/media?parent=144426"}],"wp:term":[{"taxonomy":"category","embeddable":true,"href":"https:\/\/dicodusport.fr\/blog\/wp-json\/wp\/v2\/categories?post=144426"},{"taxonomy":"post_tag","embeddable":true,"href":"https:\/\/dicodusport.fr\/blog\/wp-json\/wp\/v2\/tags?post=144426"}],"curies":[{"name":"wp","href":"https:\/\/api.w.org\/{rel}","templated":true}]}}