{"id":144524,"date":"2021-07-05T08:00:22","date_gmt":"2021-07-05T06:00:22","guid":{"rendered":"https:\/\/dicodusport.fr\/blog\/?p=144524"},"modified":"2021-07-05T07:28:31","modified_gmt":"2021-07-05T05:28:31","slug":"5-juillet-1981-premier-grand-prix-pour-alain-prost","status":"publish","type":"post","link":"https:\/\/dicodusport.fr\/blog\/5-juillet-1981-premier-grand-prix-pour-alain-prost\/","title":{"rendered":"5 juillet 1981 : Premier Grand Prix pour Alain Prost"},"content":{"rendered":"<p style=\"text-align: justify;\"><em><strong><a href=\"https:\/\/dicodusport.fr\/definition-sport\/formule-1\/\">FORMULE 1<\/a> &#8211; Apr\u00e8s une premi\u00e8re ann\u00e9e en Formule 1 mitig\u00e9e mais prometteuse chez McLaren, Alain Prost d\u00e9bute sa nouvelle saison chez Renault. Les premiers Grands Prix sont laborieux pour le pilote fran\u00e7ais mais en ce 5 juillet 1981, il va trouver son \u00e9lan \u2026 en France !<\/strong><\/em><\/p>\n<h2>\u00c7a s&rsquo;est pass\u00e9 le 5 juillet 1981<\/h2>\n<p style=\"text-align: justify;\">Quoi de mieux que de remporter sa premi\u00e8re victoire \u00e0 domicile\u00a0? Encore plus avec une voiture fran\u00e7aise \u00e0 vrai dire. Apr\u00e8s les qualifications, <strong>Alain Prost<\/strong> se place en troisi\u00e8me position. Devant lui, son compatriote <strong>Ren\u00e9 Arnoux<\/strong> et le Britannique <strong>John Watson<\/strong>. Mais il fallait avoir un \u0153il derri\u00e8re au d\u00e9part de ce Grand Prix de France. D\u00e8s les premiers m\u00e8tres, le Br\u00e9silien <strong>Nelson Piquet<\/strong>, lanc\u00e9 quatri\u00e8me, passe en t\u00eate. Rien ne peut permettre alors au Fran\u00e7ais de s\u2019imposer. Rien, sauf peut-\u00eatre la pluie. Cette derni\u00e8re \u00e9tant trop violente, la course est interrompue alors que seuls 58 tours ont \u00e9t\u00e9 effectu\u00e9s sur les 80 pr\u00e9vus.<\/p>\n<p style=\"text-align: justify;\">Pas le choix, un nouveau d\u00e9part est donn\u00e9 pour terminer ce circuit de Dijon-Prenois. Seulement pendant la pause, le futur quadruple champion du monde et son \u00e9quipe en ont profit\u00e9 pour changer de pneus. Et ce changement fait toute la diff\u00e9rence sur piste humide. Le Tricolore prend rapidement l\u2019avantage, laissant derri\u00e8re lui le Br\u00e9silien, incapable de retrouver ses sensations. Fin du Grand Prix, le calcul des temps des deux manches fait, <strong>Alain Prost<\/strong> remporte sa premi\u00e8re victoire, un succ\u00e8s tant attendu par le Fran\u00e7ais et son \u00e9curie.<\/p>\n<p style=\"text-align: justify;\"><strong>Info<\/strong> : Cette victoire a permis au Fran\u00e7ais de le lib\u00e9rer d\u2019un poids. Il remporte cette m\u00eame ann\u00e9e 1981 deux autres Grands Prix (Pays-bas et Italie). Quant \u00e0 son surnom de \u00ab Professeur \u00bb, il lui a \u00e9t\u00e9 attribu\u00e9 la premi\u00e8re fois par <strong>Pierre Blanchet<\/strong> apr\u00e8s le GP d\u2019Autriche en 1983. Retrouvez l\u2019histoire de ce surnom en suivant <a href=\"https:\/\/f1only.fr\/f1-news-alain-prost-professeur-surnom\/\">ce lien<\/a>.<\/p>\n","protected":false},"excerpt":{"rendered":"<p>Apr\u00e8s une course interrompue par la pluie, Alain Prost remporte son premier Grand Prix. \u00c7a s&rsquo;est pass\u00e9 en France, le 5 juillet 1981.<\/p>\n","protected":false},"author":18,"featured_media":144527,"comment_status":"open","ping_status":"closed","sticky":false,"template":"","format":"standard","meta":{"_acf_changed":false,"_daextam_enable_autolinks":"","footnotes":""},"categories":[8653,8],"tags":[6775,2065],"class_list":["post-144524","post","type-post","status-publish","format-standard","has-post-thumbnail","hentry","category-formule-1","category-histoire","tag-alain-prost","tag-formule-1"],"acf":[],"yoast_head":"<!-- This site is optimized with the Yoast SEO Premium plugin v26.7 (Yoast SEO v26.7) - https:\/\/yoast.com\/wordpress\/plugins\/seo\/ -->\n<title>5 juillet 1981 : Premier Grand Prix pour Alain Prost<\/title>\n<meta name=\"description\" content=\"Apr\u00e8s une course interrompue par la pluie, Alain Prost remporte son premier Grand Prix. \u00c7a s&#039;est pass\u00e9 en France, le 5 juillet 1981.\" \/>\n<meta name=\"robots\" content=\"index, follow, max-snippet:-1, max-image-preview:large, max-video-preview:-1\" \/>\n<link rel=\"canonical\" href=\"https:\/\/dicodusport.fr\/blog\/5-juillet-1981-premier-grand-prix-pour-alain-prost\/\" \/>\n<meta property=\"og:locale\" content=\"fr_FR\" \/>\n<meta property=\"og:type\" content=\"article\" \/>\n<meta property=\"og:title\" content=\"5 juillet 1981 : Premier Grand Prix pour Alain Prost\" \/>\n<meta property=\"og:description\" content=\"Apr\u00e8s une course interrompue par la pluie, Alain Prost remporte son premier Grand Prix. \u00c7a s&#039;est pass\u00e9 en France, le 5 juillet 1981.\" \/>\n<meta property=\"og:url\" content=\"https:\/\/dicodusport.fr\/blog\/5-juillet-1981-premier-grand-prix-pour-alain-prost\/\" \/>\n<meta property=\"og:site_name\" content=\"Dicodusport\" \/>\n<meta property=\"article:publisher\" content=\"https:\/\/www.facebook.com\/dicodusport\" \/>\n<meta property=\"article:author\" content=\"https:\/\/www.facebook.com\/soocube\" \/>\n<meta property=\"article:published_time\" content=\"2021-07-05T06:00:22+00:00\" \/>\n<meta property=\"og:image\" content=\"https:\/\/dicodusport.fr\/blog\/wp-content\/uploads\/2021\/07\/5-juillet-1981-Premier-Grand-Prix-pour-Alain-Prost.png\" \/>\n\t<meta property=\"og:image:width\" content=\"800\" \/>\n\t<meta property=\"og:image:height\" content=\"445\" \/>\n\t<meta property=\"og:image:type\" content=\"image\/png\" \/>\n<meta name=\"author\" content=\"Sophie Clapier\" \/>\n<meta name=\"twitter:card\" content=\"summary_large_image\" \/>\n<meta name=\"twitter:title\" content=\"5 juillet 1981 : Premier Grand Prix pour Alain Prost\" \/>\n<meta name=\"twitter:creator\" content=\"@https:\/\/twitter.com\/soocube\" \/>\n<meta name=\"twitter:site\" content=\"@dicodusport\" \/>\n<script type=\"application\/ld+json\" class=\"yoast-schema-graph\">{\"@context\":\"https:\/\/schema.org\",\"@graph\":[{\"@type\":\"NewsArticle\",\"@id\":\"https:\/\/dicodusport.fr\/blog\/5-juillet-1981-premier-grand-prix-pour-alain-prost\/#article\",\"isPartOf\":{\"@id\":\"https:\/\/dicodusport.fr\/blog\/5-juillet-1981-premier-grand-prix-pour-alain-prost\/\"},\"author\":{\"name\":\"Sophie Clapier\",\"@id\":\"https:\/\/dicodusport.fr\/blog\/#\/schema\/person\/416c975648aca9da8839bdfe333a21c9\"},\"headline\":\"5 juillet 1981 : Premier Grand Prix pour Alain Prost\",\"datePublished\":\"2021-07-05T06:00:22+00:00\",\"mainEntityOfPage\":{\"@id\":\"https:\/\/dicodusport.fr\/blog\/5-juillet-1981-premier-grand-prix-pour-alain-prost\/\"},\"wordCount\":336,\"commentCount\":0,\"publisher\":{\"@id\":\"https:\/\/dicodusport.fr\/blog\/#organization\"},\"image\":{\"@id\":\"https:\/\/dicodusport.fr\/blog\/5-juillet-1981-premier-grand-prix-pour-alain-prost\/#primaryimage\"},\"thumbnailUrl\":\"https:\/\/dicodusport.fr\/blog\/wp-content\/uploads\/2021\/07\/5-juillet-1981-Premier-Grand-Prix-pour-Alain-Prost.png\",\"keywords\":[\"Alain Prost\",\"Formule 1\"],\"articleSection\":[\"Formule 1\",\"Histoire\"],\"inLanguage\":\"fr-FR\",\"potentialAction\":[{\"@type\":\"CommentAction\",\"name\":\"Comment\",\"target\":[\"https:\/\/dicodusport.fr\/blog\/5-juillet-1981-premier-grand-prix-pour-alain-prost\/#respond\"]}],\"copyrightYear\":\"2021\",\"copyrightHolder\":{\"@id\":\"https:\/\/dicodusport.fr\/blog\/#organization\"}},{\"@type\":\"WebPage\",\"@id\":\"https:\/\/dicodusport.fr\/blog\/5-juillet-1981-premier-grand-prix-pour-alain-prost\/\",\"url\":\"https:\/\/dicodusport.fr\/blog\/5-juillet-1981-premier-grand-prix-pour-alain-prost\/\",\"name\":\"5 juillet 1981 : Premier Grand Prix pour Alain Prost\",\"isPartOf\":{\"@id\":\"https:\/\/dicodusport.fr\/blog\/#website\"},\"primaryImageOfPage\":{\"@id\":\"https:\/\/dicodusport.fr\/blog\/5-juillet-1981-premier-grand-prix-pour-alain-prost\/#primaryimage\"},\"image\":{\"@id\":\"https:\/\/dicodusport.fr\/blog\/5-juillet-1981-premier-grand-prix-pour-alain-prost\/#primaryimage\"},\"thumbnailUrl\":\"https:\/\/dicodusport.fr\/blog\/wp-content\/uploads\/2021\/07\/5-juillet-1981-Premier-Grand-Prix-pour-Alain-Prost.png\",\"datePublished\":\"2021-07-05T06:00:22+00:00\",\"description\":\"Apr\u00e8s une course interrompue par la pluie, Alain Prost remporte son premier Grand Prix. \u00c7a s'est pass\u00e9 en France, le 5 juillet 1981.\",\"breadcrumb\":{\"@id\":\"https:\/\/dicodusport.fr\/blog\/5-juillet-1981-premier-grand-prix-pour-alain-prost\/#breadcrumb\"},\"inLanguage\":\"fr-FR\",\"potentialAction\":[{\"@type\":\"ReadAction\",\"target\":[\"https:\/\/dicodusport.fr\/blog\/5-juillet-1981-premier-grand-prix-pour-alain-prost\/\"]}]},{\"@type\":\"ImageObject\",\"inLanguage\":\"fr-FR\",\"@id\":\"https:\/\/dicodusport.fr\/blog\/5-juillet-1981-premier-grand-prix-pour-alain-prost\/#primaryimage\",\"url\":\"https:\/\/dicodusport.fr\/blog\/wp-content\/uploads\/2021\/07\/5-juillet-1981-Premier-Grand-Prix-pour-Alain-Prost.png\",\"contentUrl\":\"https:\/\/dicodusport.fr\/blog\/wp-content\/uploads\/2021\/07\/5-juillet-1981-Premier-Grand-Prix-pour-Alain-Prost.png\",\"width\":800,\"height\":445,\"caption\":\"5 juillet 1981 - Premier Grand Prix pour Alain Prost\"},{\"@type\":\"BreadcrumbList\",\"@id\":\"https:\/\/dicodusport.fr\/blog\/5-juillet-1981-premier-grand-prix-pour-alain-prost\/#breadcrumb\",\"itemListElement\":[{\"@type\":\"ListItem\",\"position\":1,\"name\":\"Accueil\",\"item\":\"https:\/\/dicodusport.fr\/blog\/\"},{\"@type\":\"ListItem\",\"position\":2,\"name\":\"5 juillet 1981 : Premier Grand Prix pour Alain Prost\"}]},{\"@type\":\"WebSite\",\"@id\":\"https:\/\/dicodusport.fr\/blog\/#website\",\"url\":\"https:\/\/dicodusport.fr\/blog\/\",\"name\":\"Dicodusport\",\"description\":\"L&#039;encyclop\u00e9die de l&#039;actualit\u00e9 sportive\",\"publisher\":{\"@id\":\"https:\/\/dicodusport.fr\/blog\/#organization\"},\"potentialAction\":[{\"@type\":\"SearchAction\",\"target\":{\"@type\":\"EntryPoint\",\"urlTemplate\":\"https:\/\/dicodusport.fr\/blog\/?s={search_term_string}\"},\"query-input\":{\"@type\":\"PropertyValueSpecification\",\"valueRequired\":true,\"valueName\":\"search_term_string\"}}],\"inLanguage\":\"fr-FR\"},{\"@type\":\"NewsMediaOrganization\",\"@id\":\"https:\/\/dicodusport.fr\/blog\/#organization\",\"name\":\"Dicodusport\",\"url\":\"https:\/\/dicodusport.fr\/blog\/\",\"logo\":{\"@type\":\"ImageObject\",\"inLanguage\":\"fr-FR\",\"@id\":\"https:\/\/dicodusport.fr\/blog\/#\/schema\/logo\/image\/\",\"url\":\"https:\/\/dicodusport.fr\/blog\/wp-content\/uploads\/2020\/06\/cropped-LOGO-DICODUSPORT-2020-SANS-FOND-SANS-TEXTE.png\",\"contentUrl\":\"https:\/\/dicodusport.fr\/blog\/wp-content\/uploads\/2020\/06\/cropped-LOGO-DICODUSPORT-2020-SANS-FOND-SANS-TEXTE.png\",\"width\":512,\"height\":512,\"caption\":\"Dicodusport\"},\"image\":{\"@id\":\"https:\/\/dicodusport.fr\/blog\/#\/schema\/logo\/image\/\"},\"sameAs\":[\"https:\/\/www.facebook.com\/dicodusport\",\"https:\/\/x.com\/dicodusport\",\"https:\/\/www.instagram.com\/dicodusport\/\",\"https:\/\/www.youtube.com\/channel\/UC7V2KZ5sd3htJivAbA4ZG3w\"],\"description\":\"Dicodusport est l'encyclop\u00e9die de l'actualit\u00e9 sportive.\",\"email\":\"bonjour@dicodusport.fr\",\"legalName\":\"DICODUSPORT\",\"foundingDate\":\"2018-01-14\",\"vatID\":\"FR71834470973\",\"taxID\":\"83447097300043\",\"numberOfEmployees\":{\"@type\":\"QuantitativeValue\",\"minValue\":\"1\",\"maxValue\":\"10\"}},{\"@type\":\"Person\",\"@id\":\"https:\/\/dicodusport.fr\/blog\/#\/schema\/person\/416c975648aca9da8839bdfe333a21c9\",\"name\":\"Sophie Clapier\",\"image\":{\"@type\":\"ImageObject\",\"inLanguage\":\"fr-FR\",\"@id\":\"https:\/\/dicodusport.fr\/blog\/#\/schema\/person\/image\/\",\"url\":\"https:\/\/dicodusport.fr\/blog\/wp-content\/uploads\/2021\/05\/Sophie-Clapier-150x150.jpg\",\"contentUrl\":\"https:\/\/dicodusport.fr\/blog\/wp-content\/uploads\/2021\/05\/Sophie-Clapier-150x150.jpg\",\"caption\":\"Sophie Clapier\"},\"description\":\"Journaliste\/r\u00e9dactrice depuis janvier 2016 - Passionn\u00e9e de sport depuis toujours, j\u2019en ai pratiqu\u00e9 quelques-uns. Judo, football, handball ou encore tennis, je n\u2019ai jamais pu me mettre d\u2019accord sur un en particulier. Mais \u00e7a, c\u2019\u00e9tait avant de d\u00e9couvrir le basket, devenu mon sport de pr\u00e9dilection. Les actions NBA, le All-Star Week-end, la fureur des Game 7 pendant les playoffs ou mieux, lors des Finals, this is why we play. Team Spurs T.P, je m\u2019accroche encore \u00e0 Gregg Popovich (don\u2019t leave !). Team chef Curry, je souhaite qu\u2019il finisse aux Warriors (staaaay !). Non, il n\u2019y a pas qu\u2019eux, des petits nouveaux -et des petites nouvelles \u00e9videmment- arrivent chaque jour dans toutes les disciplines et cr\u00e9ent de nouveaux exploits. Alors pour les grands \u00e9v\u00e9nements et comp\u00e9titions internationales, vive les pulsations 240\/minutes et le d\u00e9fibrillateur pas loin, et allez les Bleu(e)s ! C\u2019est s\u00fbr, j\u2019aurai plus vu ma vie sur un terrain de sport, mais \u00e0 d\u00e9faut d\u2019en faire en haut niveau, je le partage avec vous.\",\"sameAs\":[\"https:\/\/www.facebook.com\/soocube\",\"https:\/\/x.com\/https:\/\/twitter.com\/soocube\",\"admin\"],\"url\":\"https:\/\/dicodusport.fr\/blog\/author\/sophie\/\"}]}<\/script>\n<!-- \/ Yoast SEO Premium plugin. -->","yoast_head_json":{"title":"5 juillet 1981 : Premier Grand Prix pour Alain Prost","description":"Apr\u00e8s une course interrompue par la pluie, Alain Prost remporte son premier Grand Prix. \u00c7a s'est pass\u00e9 en France, le 5 juillet 1981.","robots":{"index":"index","follow":"follow","max-snippet":"max-snippet:-1","max-image-preview":"max-image-preview:large","max-video-preview":"max-video-preview:-1"},"canonical":"https:\/\/dicodusport.fr\/blog\/5-juillet-1981-premier-grand-prix-pour-alain-prost\/","og_locale":"fr_FR","og_type":"article","og_title":"5 juillet 1981 : Premier Grand Prix pour Alain Prost","og_description":"Apr\u00e8s une course interrompue par la pluie, Alain Prost remporte son premier Grand Prix. \u00c7a s'est pass\u00e9 en France, le 5 juillet 1981.","og_url":"https:\/\/dicodusport.fr\/blog\/5-juillet-1981-premier-grand-prix-pour-alain-prost\/","og_site_name":"Dicodusport","article_publisher":"https:\/\/www.facebook.com\/dicodusport","article_author":"https:\/\/www.facebook.com\/soocube","article_published_time":"2021-07-05T06:00:22+00:00","og_image":[{"width":800,"height":445,"url":"https:\/\/dicodusport.fr\/blog\/wp-content\/uploads\/2021\/07\/5-juillet-1981-Premier-Grand-Prix-pour-Alain-Prost.png","type":"image\/png"}],"author":"Sophie Clapier","twitter_card":"summary_large_image","twitter_title":"5 juillet 1981 : Premier Grand Prix pour Alain Prost","twitter_creator":"@https:\/\/twitter.com\/soocube","twitter_site":"@dicodusport","schema":{"@context":"https:\/\/schema.org","@graph":[{"@type":"NewsArticle","@id":"https:\/\/dicodusport.fr\/blog\/5-juillet-1981-premier-grand-prix-pour-alain-prost\/#article","isPartOf":{"@id":"https:\/\/dicodusport.fr\/blog\/5-juillet-1981-premier-grand-prix-pour-alain-prost\/"},"author":{"name":"Sophie Clapier","@id":"https:\/\/dicodusport.fr\/blog\/#\/schema\/person\/416c975648aca9da8839bdfe333a21c9"},"headline":"5 juillet 1981 : Premier Grand Prix pour Alain Prost","datePublished":"2021-07-05T06:00:22+00:00","mainEntityOfPage":{"@id":"https:\/\/dicodusport.fr\/blog\/5-juillet-1981-premier-grand-prix-pour-alain-prost\/"},"wordCount":336,"commentCount":0,"publisher":{"@id":"https:\/\/dicodusport.fr\/blog\/#organization"},"image":{"@id":"https:\/\/dicodusport.fr\/blog\/5-juillet-1981-premier-grand-prix-pour-alain-prost\/#primaryimage"},"thumbnailUrl":"https:\/\/dicodusport.fr\/blog\/wp-content\/uploads\/2021\/07\/5-juillet-1981-Premier-Grand-Prix-pour-Alain-Prost.png","keywords":["Alain Prost","Formule 1"],"articleSection":["Formule 1","Histoire"],"inLanguage":"fr-FR","potentialAction":[{"@type":"CommentAction","name":"Comment","target":["https:\/\/dicodusport.fr\/blog\/5-juillet-1981-premier-grand-prix-pour-alain-prost\/#respond"]}],"copyrightYear":"2021","copyrightHolder":{"@id":"https:\/\/dicodusport.fr\/blog\/#organization"}},{"@type":"WebPage","@id":"https:\/\/dicodusport.fr\/blog\/5-juillet-1981-premier-grand-prix-pour-alain-prost\/","url":"https:\/\/dicodusport.fr\/blog\/5-juillet-1981-premier-grand-prix-pour-alain-prost\/","name":"5 juillet 1981 : Premier Grand Prix pour Alain Prost","isPartOf":{"@id":"https:\/\/dicodusport.fr\/blog\/#website"},"primaryImageOfPage":{"@id":"https:\/\/dicodusport.fr\/blog\/5-juillet-1981-premier-grand-prix-pour-alain-prost\/#primaryimage"},"image":{"@id":"https:\/\/dicodusport.fr\/blog\/5-juillet-1981-premier-grand-prix-pour-alain-prost\/#primaryimage"},"thumbnailUrl":"https:\/\/dicodusport.fr\/blog\/wp-content\/uploads\/2021\/07\/5-juillet-1981-Premier-Grand-Prix-pour-Alain-Prost.png","datePublished":"2021-07-05T06:00:22+00:00","description":"Apr\u00e8s une course interrompue par la pluie, Alain Prost remporte son premier Grand Prix. \u00c7a s'est pass\u00e9 en France, le 5 juillet 1981.","breadcrumb":{"@id":"https:\/\/dicodusport.fr\/blog\/5-juillet-1981-premier-grand-prix-pour-alain-prost\/#breadcrumb"},"inLanguage":"fr-FR","potentialAction":[{"@type":"ReadAction","target":["https:\/\/dicodusport.fr\/blog\/5-juillet-1981-premier-grand-prix-pour-alain-prost\/"]}]},{"@type":"ImageObject","inLanguage":"fr-FR","@id":"https:\/\/dicodusport.fr\/blog\/5-juillet-1981-premier-grand-prix-pour-alain-prost\/#primaryimage","url":"https:\/\/dicodusport.fr\/blog\/wp-content\/uploads\/2021\/07\/5-juillet-1981-Premier-Grand-Prix-pour-Alain-Prost.png","contentUrl":"https:\/\/dicodusport.fr\/blog\/wp-content\/uploads\/2021\/07\/5-juillet-1981-Premier-Grand-Prix-pour-Alain-Prost.png","width":800,"height":445,"caption":"5 juillet 1981 - Premier Grand Prix pour Alain Prost"},{"@type":"BreadcrumbList","@id":"https:\/\/dicodusport.fr\/blog\/5-juillet-1981-premier-grand-prix-pour-alain-prost\/#breadcrumb","itemListElement":[{"@type":"ListItem","position":1,"name":"Accueil","item":"https:\/\/dicodusport.fr\/blog\/"},{"@type":"ListItem","position":2,"name":"5 juillet 1981 : Premier Grand Prix pour Alain Prost"}]},{"@type":"WebSite","@id":"https:\/\/dicodusport.fr\/blog\/#website","url":"https:\/\/dicodusport.fr\/blog\/","name":"Dicodusport","description":"L&#039;encyclop\u00e9die de l&#039;actualit\u00e9 sportive","publisher":{"@id":"https:\/\/dicodusport.fr\/blog\/#organization"},"potentialAction":[{"@type":"SearchAction","target":{"@type":"EntryPoint","urlTemplate":"https:\/\/dicodusport.fr\/blog\/?s={search_term_string}"},"query-input":{"@type":"PropertyValueSpecification","valueRequired":true,"valueName":"search_term_string"}}],"inLanguage":"fr-FR"},{"@type":"NewsMediaOrganization","@id":"https:\/\/dicodusport.fr\/blog\/#organization","name":"Dicodusport","url":"https:\/\/dicodusport.fr\/blog\/","logo":{"@type":"ImageObject","inLanguage":"fr-FR","@id":"https:\/\/dicodusport.fr\/blog\/#\/schema\/logo\/image\/","url":"https:\/\/dicodusport.fr\/blog\/wp-content\/uploads\/2020\/06\/cropped-LOGO-DICODUSPORT-2020-SANS-FOND-SANS-TEXTE.png","contentUrl":"https:\/\/dicodusport.fr\/blog\/wp-content\/uploads\/2020\/06\/cropped-LOGO-DICODUSPORT-2020-SANS-FOND-SANS-TEXTE.png","width":512,"height":512,"caption":"Dicodusport"},"image":{"@id":"https:\/\/dicodusport.fr\/blog\/#\/schema\/logo\/image\/"},"sameAs":["https:\/\/www.facebook.com\/dicodusport","https:\/\/x.com\/dicodusport","https:\/\/www.instagram.com\/dicodusport\/","https:\/\/www.youtube.com\/channel\/UC7V2KZ5sd3htJivAbA4ZG3w"],"description":"Dicodusport est l'encyclop\u00e9die de l'actualit\u00e9 sportive.","email":"bonjour@dicodusport.fr","legalName":"DICODUSPORT","foundingDate":"2018-01-14","vatID":"FR71834470973","taxID":"83447097300043","numberOfEmployees":{"@type":"QuantitativeValue","minValue":"1","maxValue":"10"}},{"@type":"Person","@id":"https:\/\/dicodusport.fr\/blog\/#\/schema\/person\/416c975648aca9da8839bdfe333a21c9","name":"Sophie Clapier","image":{"@type":"ImageObject","inLanguage":"fr-FR","@id":"https:\/\/dicodusport.fr\/blog\/#\/schema\/person\/image\/","url":"https:\/\/dicodusport.fr\/blog\/wp-content\/uploads\/2021\/05\/Sophie-Clapier-150x150.jpg","contentUrl":"https:\/\/dicodusport.fr\/blog\/wp-content\/uploads\/2021\/05\/Sophie-Clapier-150x150.jpg","caption":"Sophie Clapier"},"description":"Journaliste\/r\u00e9dactrice depuis janvier 2016 - Passionn\u00e9e de sport depuis toujours, j\u2019en ai pratiqu\u00e9 quelques-uns. Judo, football, handball ou encore tennis, je n\u2019ai jamais pu me mettre d\u2019accord sur un en particulier. Mais \u00e7a, c\u2019\u00e9tait avant de d\u00e9couvrir le basket, devenu mon sport de pr\u00e9dilection. Les actions NBA, le All-Star Week-end, la fureur des Game 7 pendant les playoffs ou mieux, lors des Finals, this is why we play. Team Spurs T.P, je m\u2019accroche encore \u00e0 Gregg Popovich (don\u2019t leave !). Team chef Curry, je souhaite qu\u2019il finisse aux Warriors (staaaay !). Non, il n\u2019y a pas qu\u2019eux, des petits nouveaux -et des petites nouvelles \u00e9videmment- arrivent chaque jour dans toutes les disciplines et cr\u00e9ent de nouveaux exploits. Alors pour les grands \u00e9v\u00e9nements et comp\u00e9titions internationales, vive les pulsations 240\/minutes et le d\u00e9fibrillateur pas loin, et allez les Bleu(e)s ! C\u2019est s\u00fbr, j\u2019aurai plus vu ma vie sur un terrain de sport, mais \u00e0 d\u00e9faut d\u2019en faire en haut niveau, je le partage avec vous.","sameAs":["https:\/\/www.facebook.com\/soocube","https:\/\/x.com\/https:\/\/twitter.com\/soocube","admin"],"url":"https:\/\/dicodusport.fr\/blog\/author\/sophie\/"}]}},"_links":{"self":[{"href":"https:\/\/dicodusport.fr\/blog\/wp-json\/wp\/v2\/posts\/144524","targetHints":{"allow":["GET"]}}],"collection":[{"href":"https:\/\/dicodusport.fr\/blog\/wp-json\/wp\/v2\/posts"}],"about":[{"href":"https:\/\/dicodusport.fr\/blog\/wp-json\/wp\/v2\/types\/post"}],"author":[{"embeddable":true,"href":"https:\/\/dicodusport.fr\/blog\/wp-json\/wp\/v2\/users\/18"}],"replies":[{"embeddable":true,"href":"https:\/\/dicodusport.fr\/blog\/wp-json\/wp\/v2\/comments?post=144524"}],"version-history":[{"count":0,"href":"https:\/\/dicodusport.fr\/blog\/wp-json\/wp\/v2\/posts\/144524\/revisions"}],"wp:featuredmedia":[{"embeddable":true,"href":"https:\/\/dicodusport.fr\/blog\/wp-json\/wp\/v2\/media\/144527"}],"wp:attachment":[{"href":"https:\/\/dicodusport.fr\/blog\/wp-json\/wp\/v2\/media?parent=144524"}],"wp:term":[{"taxonomy":"category","embeddable":true,"href":"https:\/\/dicodusport.fr\/blog\/wp-json\/wp\/v2\/categories?post=144524"},{"taxonomy":"post_tag","embeddable":true,"href":"https:\/\/dicodusport.fr\/blog\/wp-json\/wp\/v2\/tags?post=144524"}],"curies":[{"name":"wp","href":"https:\/\/api.w.org\/{rel}","templated":true}]}}