{"id":144612,"date":"2021-07-05T18:58:58","date_gmt":"2021-07-05T16:58:58","guid":{"rendered":"https:\/\/dicodusport.fr\/blog\/?p=144612"},"modified":"2021-07-05T19:25:33","modified_gmt":"2021-07-05T17:25:33","slug":"nhl-matiss-kivlenieks-est-decede-a-seulement-24-ans","status":"publish","type":"post","link":"https:\/\/dicodusport.fr\/blog\/nhl-matiss-kivlenieks-est-decede-a-seulement-24-ans\/","title":{"rendered":"NHL\u00a0: Matiss Kivlenieks est d\u00e9c\u00e9d\u00e9 \u00e0 seulement 24 ans"},"content":{"rendered":"<p align=\"justify\"><em><b>Gardien prometteur des Blue Jackets de Columbus et international letton, Matiss Kivlenieks est d\u00e9c\u00e9d\u00e9 la nuit derni\u00e8re. Si tous les d\u00e9tails ne sont pas encore connus, le jeune Letton aurait succomb\u00e9 dans la nuit \u00e0 une blessure \u00e0 la t\u00eate suite \u00e0 une chute. Il avait seulement 24 ans.<\/b><\/em><\/p>\n<p align=\"justify\">C\u2019est le genre de nouvelles que l\u2019on aimerait ne jamais avoir, mais la trag\u00e9die est une r\u00e9alit\u00e9 qui peut nous rattraper \u00e0 tout moment. <b>Matiss Kivlenieks<\/b> en est un nouveau triste exemple. Gravement bless\u00e9 \u00e0 la t\u00eate suite \u00e0 une chute <a href=\"https:\/\/www.nhl.com\/bluejackets\/news\/columbus-blue-jackets-statement-on-the-passing-of-matiss-kivlenieks\/c-325568506?tcid=tw_news_content_id\">selon un communiqu\u00e9 des <b>Blue Jackets<\/b><\/a>, il a succomb\u00e9 \u00e0 ses blessures peu de temps apr\u00e8s l\u2019arriv\u00e9e des secours.<\/p>\n<h2 align=\"justify\"><b>Expatri\u00e9 aux Etats-Unis \u00e0 18 ans, la NHL \u00e0 23 ans<\/b><\/h2>\n<p align=\"justify\">On parle l\u00e0 d\u2019un jeune homme de 24 ans qui avait une tr\u00e8s belle carri\u00e8re \u00e0 d\u00e9velopper, mais surtout une belle vie devant lui. Malheureusement, le sort a d\u00e9cid\u00e9 de le foudroyer l\u2019ann\u00e9e de ses 25 ans. Excellent gardien, il est connu des sp\u00e9cialistes hockey depuis plusieurs ann\u00e9es. Il faut dire qu\u2019il n\u2019a cess\u00e9 de progresser au fil des saisons pour aller chercher le Graal\u00a0: un contrat en <b>NHL<\/b>. Depuis son adolescence, il a \u00e9t\u00e9 consid\u00e9r\u00e9 comme l\u2019un des espoirs les plus prometteurs de <b>Lettonie<\/b>. Form\u00e9 au <b>Prizma Riga<\/b>, il tente l\u2019aventure am\u00e9ricaine d\u00e8s ses 18 ans. Il emprunte les chemins de traverses en \u00e9voluant au sein de diff\u00e9rentes ligues de second plan (NAHL, USL, AHL) pour se faire sa place dans le paysage du hockey nord-am\u00e9ricain.<\/p>\n<p align=\"justify\">Performant, il en profite alors pour d\u00e9crocher sa premi\u00e8re s\u00e9lection avec l\u2019\u00e9quipe nationale en 2018. Cela lui permet \u00e9galement d\u2019attirer l\u2019\u0153il des <b>Blue Jackets de Columbus<\/b>, puis de rentrer dans le giron de l\u2019organisation de NHL. Il progresse alors continuellement. Au terme d\u2019une exp\u00e9rience aboutie en <b>ECHL<\/b> avec les <b>Kalamazoo Wings<\/b>, il rejoint donc la franchise pour int\u00e9grer la grande ligue. En deux saisons, il a disput\u00e9 seulement 8 rencontres, mais il faisait clairement partie des plans de l\u2019\u00e9quipe pour le futur afin d\u2019\u00eatre au minimum un solide back-up.<\/p>\n<blockquote class=\"twitter-tweet\">\n<p dir=\"ltr\" lang=\"en\">Heartbreaking news this morning that Matiss Kivlenieks passed away. The <a href=\"https:\/\/twitter.com\/hashtag\/NHLAlumni?src=hash&amp;ref_src=twsrc%5Etfw\">#NHLAlumni<\/a> Assoc. joins the entire hockey family in mourning the loss of Matiss. We send our deepest condolences to his family, friends and the entire <a href=\"https:\/\/twitter.com\/BlueJacketsNHL?ref_src=twsrc%5Etfw\">@BlueJacketsNHL<\/a> organization during this difficult time. <a href=\"https:\/\/t.co\/UR1cGzcNWy\">pic.twitter.com\/UR1cGzcNWy<\/a><\/p>\n<p>\u2014 NHL Alumni (@NHLAlumni) <a href=\"https:\/\/twitter.com\/NHLAlumni\/status\/1412048658758045697?ref_src=twsrc%5Etfw\">July 5, 2021<\/a><\/p><\/blockquote>\n<p><script async src=\"https:\/\/platform.twitter.com\/widgets.js\" charset=\"utf-8\"><\/script><\/p>\n<h2 align=\"justify\"><b>Un blanchissage dans la victoire historique de sa s\u00e9lection face au Canada<\/b><\/h2>\n<p align=\"justify\">En parall\u00e8le, il a montr\u00e9 en <b>AHL<\/b> avec les <b>Cleveland Monsters<\/b> qu\u2019il fallait compter sur lui. Que ce soit en 2020 ou en 2021, il a \u00e0 chaque reprise termin\u00e9 avec un pourcentage d\u2019arr\u00eats excellent (0,904 %, puis \u00e0 0,929%). Il y a encore quelques semaines, il a pris part aux Championnats du monde avec la <b>Lettonie<\/b>. Le temps pour lui de disputer quatre rencontres. Il y a brill\u00e9 en effectuant notamment un blanchissage lors du succ\u00e8s historique de son \u00e9quipe face au futur champion, le <b>Canada<\/b> (2-0).<\/p>\n<p><span class=\"sAu8O0tZhDzQkpU\"><iframe loading=\"lazy\" title=\"Highlights | CANADA vs LATVIA | #IIHFWorlds 2021\" width=\"740\" height=\"416\" src=\"https:\/\/www.youtube.com\/embed\/XY3KKX2V2Ls?feature=oembed\" frameborder=\"0\" allow=\"accelerometer; autoplay; clipboard-write; encrypted-media; gyroscope; picture-in-picture; web-share\" allowfullscreen><\/iframe><\/span><\/p>\n<p align=\"justify\">Co\u00e9quipier du jeune Fran\u00e7ais <b>Alexandre Texier,<\/b> il \u00e9tait encore sous contrat avec les Blue Jackets pour la saison prochaine. Dans l\u2019apr\u00e8s-midi, ces derniers ont r\u00e9agi en publiant un long communiqu\u00e9 pour r\u00e9agir au d\u00e9c\u00e8s de leur jeune gardien, par la voix du pr\u00e9sident des op\u00e9rations hockey, <b>John Davidson<\/b>\u00a0: <em>\u00ab Nous sommes choqu\u00e9s et attrist\u00e9s par la perte de Matiss Kivlenieks, et nous envoyons nos sinc\u00e8res amiti\u00e9s \u00e0 sa m\u00e8re, Astrida, sa famille et ses amis durant ce moment bouleversant. Kivi \u00e9tait un jeune homme remarquable. Son sourire et son impact durant les quatre ann\u00e9es qu\u2019il a connu avec notre organisation ne seront jamais oubli\u00e9s. \u00bb<\/em><\/p>\n<p align=\"justify\">La grande famille du hockey sur glace est en deuil ce lundi 5 juillet, et nul doute que Matiss Kivlenieks\u00a0restera pr\u00e9sent dans la m\u00e9moire collective. Sa bonne humeur et son talent vont manquer aux amateurs, encore plus particuli\u00e8rement du c\u00f4t\u00e9 de Columbus, et de la Lettonie.<\/p>\n","protected":false},"excerpt":{"rendered":"<p>Gardien prometteur des Blue Jackets de Columbus et international letton, Matiss Kivlenieks est d\u00e9c\u00e9d\u00e9 la nuit derni\u00e8re. Si tous les d\u00e9tails ne sont pas encore connus, le jeune letton aurait succomb\u00e9 dans la nuit \u00e0 une blessure \u00e0 la t\u00eate suite \u00e0 une chute. Il avait seulement 24 ans.<\/p>\n","protected":false},"author":55,"featured_media":144651,"comment_status":"open","ping_status":"closed","sticky":false,"template":"","format":"standard","meta":{"_acf_changed":false,"_daextam_enable_autolinks":"","footnotes":""},"categories":[10575],"tags":[6873],"class_list":["post-144612","post","type-post","status-publish","format-standard","has-post-thumbnail","hentry","category-hockey-sur-glace","tag-lettonie"],"acf":[],"yoast_head":"<!-- This site is optimized with the Yoast SEO Premium plugin v26.7 (Yoast SEO v26.7) - https:\/\/yoast.com\/wordpress\/plugins\/seo\/ -->\n<title>NHL\u00a0: Matiss Kivlenieks est d\u00e9c\u00e9d\u00e9 \u00e0 seulement 24 ans<\/title>\n<meta name=\"description\" content=\"Gardien des Columbus Blue Jackets en NHL et international letton, Matiss Kivlenieks est d\u00e9c\u00e9d\u00e9 cette nuit, \u00e0 l&#039;\u00e2ge de 24 ans.\" \/>\n<meta name=\"robots\" content=\"index, follow, max-snippet:-1, max-image-preview:large, max-video-preview:-1\" \/>\n<link rel=\"canonical\" href=\"https:\/\/dicodusport.fr\/blog\/nhl-matiss-kivlenieks-est-decede-a-seulement-24-ans\/\" \/>\n<meta property=\"og:locale\" content=\"fr_FR\" \/>\n<meta property=\"og:type\" content=\"article\" \/>\n<meta property=\"og:title\" content=\"NHL\u00a0: Matiss Kivlenieks est d\u00e9c\u00e9d\u00e9 \u00e0 seulement 24 ans\" \/>\n<meta property=\"og:description\" content=\"Gardien des Columbus Blue Jackets en NHL et international letton, Matiss Kivlenieks est d\u00e9c\u00e9d\u00e9 cette nuit, \u00e0 l&#039;\u00e2ge de 24 ans.\" \/>\n<meta property=\"og:url\" content=\"https:\/\/dicodusport.fr\/blog\/nhl-matiss-kivlenieks-est-decede-a-seulement-24-ans\/\" \/>\n<meta property=\"og:site_name\" content=\"Dicodusport\" \/>\n<meta property=\"article:publisher\" content=\"https:\/\/www.facebook.com\/dicodusport\" \/>\n<meta property=\"article:published_time\" content=\"2021-07-05T16:58:58+00:00\" \/>\n<meta property=\"article:modified_time\" content=\"2021-07-05T17:25:33+00:00\" \/>\n<meta property=\"og:image\" content=\"https:\/\/dicodusport.fr\/blog\/wp-content\/uploads\/2021\/07\/NHL-Matiss-Kivlenieks-est-decede-a-seulement-24-ans.png\" \/>\n\t<meta property=\"og:image:width\" content=\"800\" \/>\n\t<meta property=\"og:image:height\" content=\"445\" \/>\n\t<meta property=\"og:image:type\" content=\"image\/png\" \/>\n<meta name=\"author\" content=\"Maxime Cazenave\" \/>\n<meta name=\"twitter:card\" content=\"summary_large_image\" \/>\n<meta name=\"twitter:title\" content=\"NHL\u00a0: Matiss Kivlenieks est d\u00e9c\u00e9d\u00e9 \u00e0 seulement 24 ans\" \/>\n<meta name=\"twitter:creator\" content=\"@https:\/\/twitter.com\/Maxime_Caze\" \/>\n<meta name=\"twitter:site\" content=\"@dicodusport\" \/>\n<script type=\"application\/ld+json\" class=\"yoast-schema-graph\">{\"@context\":\"https:\/\/schema.org\",\"@graph\":[{\"@type\":\"NewsArticle\",\"@id\":\"https:\/\/dicodusport.fr\/blog\/nhl-matiss-kivlenieks-est-decede-a-seulement-24-ans\/#article\",\"isPartOf\":{\"@id\":\"https:\/\/dicodusport.fr\/blog\/nhl-matiss-kivlenieks-est-decede-a-seulement-24-ans\/\"},\"author\":{\"name\":\"Maxime Cazenave\",\"@id\":\"https:\/\/dicodusport.fr\/blog\/#\/schema\/person\/37def232098a7a5cbab3974a3690abb0\"},\"headline\":\"NHL\u00a0: Matiss Kivlenieks est d\u00e9c\u00e9d\u00e9 \u00e0 seulement 24 ans\",\"datePublished\":\"2021-07-05T16:58:58+00:00\",\"dateModified\":\"2021-07-05T17:25:33+00:00\",\"mainEntityOfPage\":{\"@id\":\"https:\/\/dicodusport.fr\/blog\/nhl-matiss-kivlenieks-est-decede-a-seulement-24-ans\/\"},\"wordCount\":703,\"commentCount\":0,\"publisher\":{\"@id\":\"https:\/\/dicodusport.fr\/blog\/#organization\"},\"image\":{\"@id\":\"https:\/\/dicodusport.fr\/blog\/nhl-matiss-kivlenieks-est-decede-a-seulement-24-ans\/#primaryimage\"},\"thumbnailUrl\":\"https:\/\/dicodusport.fr\/blog\/wp-content\/uploads\/2021\/07\/NHL-Matiss-Kivlenieks-est-decede-a-seulement-24-ans.png\",\"keywords\":[\"Lettonie\"],\"articleSection\":[\"Hockey sur glace\"],\"inLanguage\":\"fr-FR\",\"potentialAction\":[{\"@type\":\"CommentAction\",\"name\":\"Comment\",\"target\":[\"https:\/\/dicodusport.fr\/blog\/nhl-matiss-kivlenieks-est-decede-a-seulement-24-ans\/#respond\"]}],\"copyrightYear\":\"2021\",\"copyrightHolder\":{\"@id\":\"https:\/\/dicodusport.fr\/blog\/#organization\"}},{\"@type\":\"WebPage\",\"@id\":\"https:\/\/dicodusport.fr\/blog\/nhl-matiss-kivlenieks-est-decede-a-seulement-24-ans\/\",\"url\":\"https:\/\/dicodusport.fr\/blog\/nhl-matiss-kivlenieks-est-decede-a-seulement-24-ans\/\",\"name\":\"NHL\u00a0: Matiss Kivlenieks est d\u00e9c\u00e9d\u00e9 \u00e0 seulement 24 ans\",\"isPartOf\":{\"@id\":\"https:\/\/dicodusport.fr\/blog\/#website\"},\"primaryImageOfPage\":{\"@id\":\"https:\/\/dicodusport.fr\/blog\/nhl-matiss-kivlenieks-est-decede-a-seulement-24-ans\/#primaryimage\"},\"image\":{\"@id\":\"https:\/\/dicodusport.fr\/blog\/nhl-matiss-kivlenieks-est-decede-a-seulement-24-ans\/#primaryimage\"},\"thumbnailUrl\":\"https:\/\/dicodusport.fr\/blog\/wp-content\/uploads\/2021\/07\/NHL-Matiss-Kivlenieks-est-decede-a-seulement-24-ans.png\",\"datePublished\":\"2021-07-05T16:58:58+00:00\",\"dateModified\":\"2021-07-05T17:25:33+00:00\",\"description\":\"Gardien des Columbus Blue Jackets en NHL et international letton, Matiss Kivlenieks est d\u00e9c\u00e9d\u00e9 cette nuit, \u00e0 l'\u00e2ge de 24 ans.\",\"breadcrumb\":{\"@id\":\"https:\/\/dicodusport.fr\/blog\/nhl-matiss-kivlenieks-est-decede-a-seulement-24-ans\/#breadcrumb\"},\"inLanguage\":\"fr-FR\",\"potentialAction\":[{\"@type\":\"ReadAction\",\"target\":[\"https:\/\/dicodusport.fr\/blog\/nhl-matiss-kivlenieks-est-decede-a-seulement-24-ans\/\"]}]},{\"@type\":\"ImageObject\",\"inLanguage\":\"fr-FR\",\"@id\":\"https:\/\/dicodusport.fr\/blog\/nhl-matiss-kivlenieks-est-decede-a-seulement-24-ans\/#primaryimage\",\"url\":\"https:\/\/dicodusport.fr\/blog\/wp-content\/uploads\/2021\/07\/NHL-Matiss-Kivlenieks-est-decede-a-seulement-24-ans.png\",\"contentUrl\":\"https:\/\/dicodusport.fr\/blog\/wp-content\/uploads\/2021\/07\/NHL-Matiss-Kivlenieks-est-decede-a-seulement-24-ans.png\",\"width\":800,\"height\":445,\"caption\":\"NHL\u00a0 Matiss Kivlenieks est d\u00e9c\u00e9d\u00e9 \u00e0 seulement 24 ans\"},{\"@type\":\"BreadcrumbList\",\"@id\":\"https:\/\/dicodusport.fr\/blog\/nhl-matiss-kivlenieks-est-decede-a-seulement-24-ans\/#breadcrumb\",\"itemListElement\":[{\"@type\":\"ListItem\",\"position\":1,\"name\":\"Accueil\",\"item\":\"https:\/\/dicodusport.fr\/blog\/\"},{\"@type\":\"ListItem\",\"position\":2,\"name\":\"NHL\u00a0: Matiss Kivlenieks est d\u00e9c\u00e9d\u00e9 \u00e0 seulement 24 ans\"}]},{\"@type\":\"WebSite\",\"@id\":\"https:\/\/dicodusport.fr\/blog\/#website\",\"url\":\"https:\/\/dicodusport.fr\/blog\/\",\"name\":\"Dicodusport\",\"description\":\"L&#039;encyclop\u00e9die de l&#039;actualit\u00e9 sportive\",\"publisher\":{\"@id\":\"https:\/\/dicodusport.fr\/blog\/#organization\"},\"potentialAction\":[{\"@type\":\"SearchAction\",\"target\":{\"@type\":\"EntryPoint\",\"urlTemplate\":\"https:\/\/dicodusport.fr\/blog\/?s={search_term_string}\"},\"query-input\":{\"@type\":\"PropertyValueSpecification\",\"valueRequired\":true,\"valueName\":\"search_term_string\"}}],\"inLanguage\":\"fr-FR\"},{\"@type\":\"NewsMediaOrganization\",\"@id\":\"https:\/\/dicodusport.fr\/blog\/#organization\",\"name\":\"Dicodusport\",\"url\":\"https:\/\/dicodusport.fr\/blog\/\",\"logo\":{\"@type\":\"ImageObject\",\"inLanguage\":\"fr-FR\",\"@id\":\"https:\/\/dicodusport.fr\/blog\/#\/schema\/logo\/image\/\",\"url\":\"https:\/\/dicodusport.fr\/blog\/wp-content\/uploads\/2020\/06\/cropped-LOGO-DICODUSPORT-2020-SANS-FOND-SANS-TEXTE.png\",\"contentUrl\":\"https:\/\/dicodusport.fr\/blog\/wp-content\/uploads\/2020\/06\/cropped-LOGO-DICODUSPORT-2020-SANS-FOND-SANS-TEXTE.png\",\"width\":512,\"height\":512,\"caption\":\"Dicodusport\"},\"image\":{\"@id\":\"https:\/\/dicodusport.fr\/blog\/#\/schema\/logo\/image\/\"},\"sameAs\":[\"https:\/\/www.facebook.com\/dicodusport\",\"https:\/\/x.com\/dicodusport\",\"https:\/\/www.instagram.com\/dicodusport\/\",\"https:\/\/www.youtube.com\/channel\/UC7V2KZ5sd3htJivAbA4ZG3w\"],\"description\":\"Dicodusport est l'encyclop\u00e9die de l'actualit\u00e9 sportive.\",\"email\":\"bonjour@dicodusport.fr\",\"legalName\":\"DICODUSPORT\",\"foundingDate\":\"2018-01-14\",\"vatID\":\"FR71834470973\",\"taxID\":\"83447097300043\",\"numberOfEmployees\":{\"@type\":\"QuantitativeValue\",\"minValue\":\"1\",\"maxValue\":\"10\"}},{\"@type\":\"Person\",\"@id\":\"https:\/\/dicodusport.fr\/blog\/#\/schema\/person\/37def232098a7a5cbab3974a3690abb0\",\"name\":\"Maxime Cazenave\",\"image\":{\"@type\":\"ImageObject\",\"inLanguage\":\"fr-FR\",\"@id\":\"https:\/\/dicodusport.fr\/blog\/#\/schema\/person\/image\/\",\"url\":\"https:\/\/dicodusport.fr\/blog\/wp-content\/uploads\/2021\/05\/Maxime-Cazenave-150x150.jpg\",\"contentUrl\":\"https:\/\/dicodusport.fr\/blog\/wp-content\/uploads\/2021\/05\/Maxime-Cazenave-150x150.jpg\",\"caption\":\"Maxime Cazenave\"},\"description\":\"Journaliste\/R\u00e9dacteur depuis 2012 - Berc\u00e9 par l\u2019amour des Girondins de Bordeaux, les \u00e9checs de Christophe Moreau sur le Tour de France sous l'\u00e8re Lance Armstrong et le fade-away l\u00e9tal de Dirk Nowitzki, ma passion d\u00e9vorante pour le sport a toujours \u00e9t\u00e9 un pan incontournable de ma vie. Transmettre ma passion \u00e0 l\u2019\u00e9crit a \u00e9t\u00e9 une transition naturelle. Suiveur assidu de basket et de hockey sur glace, je garde toujours un peu de place pour suivre le cyclisme, le football et le maximum de performances fran\u00e7aises.\",\"sameAs\":[\"https:\/\/x.com\/https:\/\/twitter.com\/Maxime_Caze\"],\"url\":\"https:\/\/dicodusport.fr\/blog\/author\/maximec\/\"}]}<\/script>\n<!-- \/ Yoast SEO Premium plugin. -->","yoast_head_json":{"title":"NHL\u00a0: Matiss Kivlenieks est d\u00e9c\u00e9d\u00e9 \u00e0 seulement 24 ans","description":"Gardien des Columbus Blue Jackets en NHL et international letton, Matiss Kivlenieks est d\u00e9c\u00e9d\u00e9 cette nuit, \u00e0 l'\u00e2ge de 24 ans.","robots":{"index":"index","follow":"follow","max-snippet":"max-snippet:-1","max-image-preview":"max-image-preview:large","max-video-preview":"max-video-preview:-1"},"canonical":"https:\/\/dicodusport.fr\/blog\/nhl-matiss-kivlenieks-est-decede-a-seulement-24-ans\/","og_locale":"fr_FR","og_type":"article","og_title":"NHL\u00a0: Matiss Kivlenieks est d\u00e9c\u00e9d\u00e9 \u00e0 seulement 24 ans","og_description":"Gardien des Columbus Blue Jackets en NHL et international letton, Matiss Kivlenieks est d\u00e9c\u00e9d\u00e9 cette nuit, \u00e0 l'\u00e2ge de 24 ans.","og_url":"https:\/\/dicodusport.fr\/blog\/nhl-matiss-kivlenieks-est-decede-a-seulement-24-ans\/","og_site_name":"Dicodusport","article_publisher":"https:\/\/www.facebook.com\/dicodusport","article_published_time":"2021-07-05T16:58:58+00:00","article_modified_time":"2021-07-05T17:25:33+00:00","og_image":[{"width":800,"height":445,"url":"https:\/\/dicodusport.fr\/blog\/wp-content\/uploads\/2021\/07\/NHL-Matiss-Kivlenieks-est-decede-a-seulement-24-ans.png","type":"image\/png"}],"author":"Maxime Cazenave","twitter_card":"summary_large_image","twitter_title":"NHL\u00a0: Matiss Kivlenieks est d\u00e9c\u00e9d\u00e9 \u00e0 seulement 24 ans","twitter_creator":"@https:\/\/twitter.com\/Maxime_Caze","twitter_site":"@dicodusport","schema":{"@context":"https:\/\/schema.org","@graph":[{"@type":"NewsArticle","@id":"https:\/\/dicodusport.fr\/blog\/nhl-matiss-kivlenieks-est-decede-a-seulement-24-ans\/#article","isPartOf":{"@id":"https:\/\/dicodusport.fr\/blog\/nhl-matiss-kivlenieks-est-decede-a-seulement-24-ans\/"},"author":{"name":"Maxime Cazenave","@id":"https:\/\/dicodusport.fr\/blog\/#\/schema\/person\/37def232098a7a5cbab3974a3690abb0"},"headline":"NHL\u00a0: Matiss Kivlenieks est d\u00e9c\u00e9d\u00e9 \u00e0 seulement 24 ans","datePublished":"2021-07-05T16:58:58+00:00","dateModified":"2021-07-05T17:25:33+00:00","mainEntityOfPage":{"@id":"https:\/\/dicodusport.fr\/blog\/nhl-matiss-kivlenieks-est-decede-a-seulement-24-ans\/"},"wordCount":703,"commentCount":0,"publisher":{"@id":"https:\/\/dicodusport.fr\/blog\/#organization"},"image":{"@id":"https:\/\/dicodusport.fr\/blog\/nhl-matiss-kivlenieks-est-decede-a-seulement-24-ans\/#primaryimage"},"thumbnailUrl":"https:\/\/dicodusport.fr\/blog\/wp-content\/uploads\/2021\/07\/NHL-Matiss-Kivlenieks-est-decede-a-seulement-24-ans.png","keywords":["Lettonie"],"articleSection":["Hockey sur glace"],"inLanguage":"fr-FR","potentialAction":[{"@type":"CommentAction","name":"Comment","target":["https:\/\/dicodusport.fr\/blog\/nhl-matiss-kivlenieks-est-decede-a-seulement-24-ans\/#respond"]}],"copyrightYear":"2021","copyrightHolder":{"@id":"https:\/\/dicodusport.fr\/blog\/#organization"}},{"@type":"WebPage","@id":"https:\/\/dicodusport.fr\/blog\/nhl-matiss-kivlenieks-est-decede-a-seulement-24-ans\/","url":"https:\/\/dicodusport.fr\/blog\/nhl-matiss-kivlenieks-est-decede-a-seulement-24-ans\/","name":"NHL\u00a0: Matiss Kivlenieks est d\u00e9c\u00e9d\u00e9 \u00e0 seulement 24 ans","isPartOf":{"@id":"https:\/\/dicodusport.fr\/blog\/#website"},"primaryImageOfPage":{"@id":"https:\/\/dicodusport.fr\/blog\/nhl-matiss-kivlenieks-est-decede-a-seulement-24-ans\/#primaryimage"},"image":{"@id":"https:\/\/dicodusport.fr\/blog\/nhl-matiss-kivlenieks-est-decede-a-seulement-24-ans\/#primaryimage"},"thumbnailUrl":"https:\/\/dicodusport.fr\/blog\/wp-content\/uploads\/2021\/07\/NHL-Matiss-Kivlenieks-est-decede-a-seulement-24-ans.png","datePublished":"2021-07-05T16:58:58+00:00","dateModified":"2021-07-05T17:25:33+00:00","description":"Gardien des Columbus Blue Jackets en NHL et international letton, Matiss Kivlenieks est d\u00e9c\u00e9d\u00e9 cette nuit, \u00e0 l'\u00e2ge de 24 ans.","breadcrumb":{"@id":"https:\/\/dicodusport.fr\/blog\/nhl-matiss-kivlenieks-est-decede-a-seulement-24-ans\/#breadcrumb"},"inLanguage":"fr-FR","potentialAction":[{"@type":"ReadAction","target":["https:\/\/dicodusport.fr\/blog\/nhl-matiss-kivlenieks-est-decede-a-seulement-24-ans\/"]}]},{"@type":"ImageObject","inLanguage":"fr-FR","@id":"https:\/\/dicodusport.fr\/blog\/nhl-matiss-kivlenieks-est-decede-a-seulement-24-ans\/#primaryimage","url":"https:\/\/dicodusport.fr\/blog\/wp-content\/uploads\/2021\/07\/NHL-Matiss-Kivlenieks-est-decede-a-seulement-24-ans.png","contentUrl":"https:\/\/dicodusport.fr\/blog\/wp-content\/uploads\/2021\/07\/NHL-Matiss-Kivlenieks-est-decede-a-seulement-24-ans.png","width":800,"height":445,"caption":"NHL\u00a0 Matiss Kivlenieks est d\u00e9c\u00e9d\u00e9 \u00e0 seulement 24 ans"},{"@type":"BreadcrumbList","@id":"https:\/\/dicodusport.fr\/blog\/nhl-matiss-kivlenieks-est-decede-a-seulement-24-ans\/#breadcrumb","itemListElement":[{"@type":"ListItem","position":1,"name":"Accueil","item":"https:\/\/dicodusport.fr\/blog\/"},{"@type":"ListItem","position":2,"name":"NHL\u00a0: Matiss Kivlenieks est d\u00e9c\u00e9d\u00e9 \u00e0 seulement 24 ans"}]},{"@type":"WebSite","@id":"https:\/\/dicodusport.fr\/blog\/#website","url":"https:\/\/dicodusport.fr\/blog\/","name":"Dicodusport","description":"L&#039;encyclop\u00e9die de l&#039;actualit\u00e9 sportive","publisher":{"@id":"https:\/\/dicodusport.fr\/blog\/#organization"},"potentialAction":[{"@type":"SearchAction","target":{"@type":"EntryPoint","urlTemplate":"https:\/\/dicodusport.fr\/blog\/?s={search_term_string}"},"query-input":{"@type":"PropertyValueSpecification","valueRequired":true,"valueName":"search_term_string"}}],"inLanguage":"fr-FR"},{"@type":"NewsMediaOrganization","@id":"https:\/\/dicodusport.fr\/blog\/#organization","name":"Dicodusport","url":"https:\/\/dicodusport.fr\/blog\/","logo":{"@type":"ImageObject","inLanguage":"fr-FR","@id":"https:\/\/dicodusport.fr\/blog\/#\/schema\/logo\/image\/","url":"https:\/\/dicodusport.fr\/blog\/wp-content\/uploads\/2020\/06\/cropped-LOGO-DICODUSPORT-2020-SANS-FOND-SANS-TEXTE.png","contentUrl":"https:\/\/dicodusport.fr\/blog\/wp-content\/uploads\/2020\/06\/cropped-LOGO-DICODUSPORT-2020-SANS-FOND-SANS-TEXTE.png","width":512,"height":512,"caption":"Dicodusport"},"image":{"@id":"https:\/\/dicodusport.fr\/blog\/#\/schema\/logo\/image\/"},"sameAs":["https:\/\/www.facebook.com\/dicodusport","https:\/\/x.com\/dicodusport","https:\/\/www.instagram.com\/dicodusport\/","https:\/\/www.youtube.com\/channel\/UC7V2KZ5sd3htJivAbA4ZG3w"],"description":"Dicodusport est l'encyclop\u00e9die de l'actualit\u00e9 sportive.","email":"bonjour@dicodusport.fr","legalName":"DICODUSPORT","foundingDate":"2018-01-14","vatID":"FR71834470973","taxID":"83447097300043","numberOfEmployees":{"@type":"QuantitativeValue","minValue":"1","maxValue":"10"}},{"@type":"Person","@id":"https:\/\/dicodusport.fr\/blog\/#\/schema\/person\/37def232098a7a5cbab3974a3690abb0","name":"Maxime Cazenave","image":{"@type":"ImageObject","inLanguage":"fr-FR","@id":"https:\/\/dicodusport.fr\/blog\/#\/schema\/person\/image\/","url":"https:\/\/dicodusport.fr\/blog\/wp-content\/uploads\/2021\/05\/Maxime-Cazenave-150x150.jpg","contentUrl":"https:\/\/dicodusport.fr\/blog\/wp-content\/uploads\/2021\/05\/Maxime-Cazenave-150x150.jpg","caption":"Maxime Cazenave"},"description":"Journaliste\/R\u00e9dacteur depuis 2012 - Berc\u00e9 par l\u2019amour des Girondins de Bordeaux, les \u00e9checs de Christophe Moreau sur le Tour de France sous l'\u00e8re Lance Armstrong et le fade-away l\u00e9tal de Dirk Nowitzki, ma passion d\u00e9vorante pour le sport a toujours \u00e9t\u00e9 un pan incontournable de ma vie. Transmettre ma passion \u00e0 l\u2019\u00e9crit a \u00e9t\u00e9 une transition naturelle. Suiveur assidu de basket et de hockey sur glace, je garde toujours un peu de place pour suivre le cyclisme, le football et le maximum de performances fran\u00e7aises.","sameAs":["https:\/\/x.com\/https:\/\/twitter.com\/Maxime_Caze"],"url":"https:\/\/dicodusport.fr\/blog\/author\/maximec\/"}]}},"_links":{"self":[{"href":"https:\/\/dicodusport.fr\/blog\/wp-json\/wp\/v2\/posts\/144612","targetHints":{"allow":["GET"]}}],"collection":[{"href":"https:\/\/dicodusport.fr\/blog\/wp-json\/wp\/v2\/posts"}],"about":[{"href":"https:\/\/dicodusport.fr\/blog\/wp-json\/wp\/v2\/types\/post"}],"author":[{"embeddable":true,"href":"https:\/\/dicodusport.fr\/blog\/wp-json\/wp\/v2\/users\/55"}],"replies":[{"embeddable":true,"href":"https:\/\/dicodusport.fr\/blog\/wp-json\/wp\/v2\/comments?post=144612"}],"version-history":[{"count":0,"href":"https:\/\/dicodusport.fr\/blog\/wp-json\/wp\/v2\/posts\/144612\/revisions"}],"wp:featuredmedia":[{"embeddable":true,"href":"https:\/\/dicodusport.fr\/blog\/wp-json\/wp\/v2\/media\/144651"}],"wp:attachment":[{"href":"https:\/\/dicodusport.fr\/blog\/wp-json\/wp\/v2\/media?parent=144612"}],"wp:term":[{"taxonomy":"category","embeddable":true,"href":"https:\/\/dicodusport.fr\/blog\/wp-json\/wp\/v2\/categories?post=144612"},{"taxonomy":"post_tag","embeddable":true,"href":"https:\/\/dicodusport.fr\/blog\/wp-json\/wp\/v2\/tags?post=144612"}],"curies":[{"name":"wp","href":"https:\/\/api.w.org\/{rel}","templated":true}]}}