{"id":144744,"date":"2021-07-06T16:18:35","date_gmt":"2021-07-06T14:18:35","guid":{"rendered":"https:\/\/dicodusport.fr\/blog\/?p=144744&#038;preview=true&#038;preview_id=144744"},"modified":"2021-07-06T16:18:35","modified_gmt":"2021-07-06T14:18:35","slug":"tour-de-france-2021-eddy-merckx-critique-mathieu-van-der-poel","status":"publish","type":"post","link":"https:\/\/dicodusport.fr\/blog\/tour-de-france-2021-eddy-merckx-critique-mathieu-van-der-poel\/","title":{"rendered":"Tour de France 2021 : Eddy Merckx critique Mathieu van der Poel"},"content":{"rendered":"<p style=\"text-align: justify;\"><strong><em><a href=\"https:\/\/dicodusport.fr\/blog\/actualites\/cyclisme\/tour-de-france-2021\/\">TOUR DE FRANCE 2021<\/a> &#8211; Eddy Merckx, vainqueur de cinq Grandes Boucles entre 1969 et 1974, n&rsquo;a pas aim\u00e9 le retrait de Mathieu van der Poel, comme il l&rsquo;a fait savoir dans les colonnes de Sporza.\u00a0<\/em><\/strong><\/p>\n<p style=\"text-align: justify;\">Le Cannibale n&rsquo;a jamais eu sa langue dans sa poche. Et pour <strong>Eddy Merckx<\/strong>, <strong>Mathieu van der Poel<\/strong> n&rsquo;aurait pas d\u00fb venir sur le Tour de France s&rsquo;il savait \u00e0 l&rsquo;avance qu&rsquo;il n&rsquo;irait pas \u00e0 son terme.<\/p>\n<blockquote>\n<p style=\"text-align: justify;\">Quand tu commences une course \u00e0 \u00e9tapes, ce n&rsquo;est pas pour l&rsquo;abandonner. Autrement dit, il aurait d\u00fb se pr\u00e9parer aux JO d&rsquo;une autre mani\u00e8re. Abandonner volontairement le Tour de France, ce n&rsquo;est pas bon pour le cyclisme. Le Tour de France est la plus grande course de l&rsquo;ann\u00e9e, l&rsquo;abandonner, je trouve cela dommage.<\/p>\n<\/blockquote>\n<p style=\"text-align: justify;\">Eddy Merckx a tout de m\u00eame appr\u00e9ci\u00e9 les exploits du N\u00e9erlandais dont il est fan lors de la premi\u00e8re semaine, et notamment sa victoire \u00e0 Mur-de-Bretagne. Cette derni\u00e8re lui avait permis de prendre le maillot jaune pour six jours.<\/p>\n<blockquote class=\"twitter-tweet\">\n<p dir=\"ltr\" lang=\"nl\">Eddy Merckx over eerste Tourweek: \u00ab\u00a0Dat Van der Poel eruit stapt, vind ik spijtig\u00a0\u00bb<a href=\"https:\/\/t.co\/znguCcNkHS\">https:\/\/t.co\/znguCcNkHS<\/a><a href=\"https:\/\/twitter.com\/hashtag\/TDF2021?src=hash&amp;ref_src=twsrc%5Etfw\">#TDF2021<\/a> <a href=\"https:\/\/t.co\/ylBvTZ1ffI\">pic.twitter.com\/ylBvTZ1ffI<\/a><\/p>\n<p>\u2014 Sporza &#x1f6b4; (@sporza_koers) <a href=\"https:\/\/twitter.com\/sporza_koers\/status\/1412084203903139840?ref_src=twsrc%5Etfw\">July 5, 2021<\/a><\/p><\/blockquote>\n<p style=\"text-align: justify;\"><script async src=\"https:\/\/platform.twitter.com\/widgets.js\" charset=\"utf-8\"><\/script><\/p>\n","protected":false},"excerpt":{"rendered":"<p>TOUR DE FRANCE 2021 &#8211; Eddy Merckx, vainqueur de cinq Grandes Boucles entre 1969 et 1974, n&rsquo;a pas aim\u00e9 le retrait de Mathieu van der Poel, comme il l&rsquo;a fait savoir dans les colonnes de Sporza.\u00a0<\/p>\n","protected":false},"author":1,"featured_media":144759,"comment_status":"open","ping_status":"closed","sticky":false,"template":"","format":"standard","meta":{"_acf_changed":false,"_daextam_enable_autolinks":"","footnotes":""},"categories":[46995],"tags":[9021,6597],"class_list":["post-144744","post","type-post","status-publish","format-standard","has-post-thumbnail","hentry","category-tour-de-france","tag-eddy-merckx","tag-mathieu-van-der-poel"],"acf":[],"yoast_head":"<!-- This site is optimized with the Yoast SEO Premium plugin v26.7 (Yoast SEO v26.7) - https:\/\/yoast.com\/wordpress\/plugins\/seo\/ -->\n<title>Tour de France 2021 : Eddy Merckx critique Mathieu van der Poel<\/title>\n<meta name=\"description\" content=\"TOUR DE FRANCE 2021 - Eddy Merckx, vainqueur de cinq Grandes Boucles entre 1969 et 1974, n&#039;a pas aim\u00e9 le retrait de Mathieu van der Poel, comme il l&#039;a fait savoir dans les colonnes de Sporza.\u00a0\" \/>\n<meta name=\"robots\" content=\"index, follow, max-snippet:-1, max-image-preview:large, max-video-preview:-1\" \/>\n<link rel=\"canonical\" href=\"https:\/\/dicodusport.fr\/blog\/tour-de-france-2021-eddy-merckx-critique-mathieu-van-der-poel\/\" \/>\n<meta property=\"og:locale\" content=\"fr_FR\" \/>\n<meta property=\"og:type\" content=\"article\" \/>\n<meta property=\"og:title\" content=\"Tour de France 2021 : Eddy Merckx critique Mathieu van der Poel\" \/>\n<meta property=\"og:description\" content=\"TOUR DE FRANCE 2021 - Eddy Merckx, vainqueur de cinq Grandes Boucles entre 1969 et 1974, n&#039;a pas aim\u00e9 le retrait de Mathieu van der Poel, comme il l&#039;a fait savoir dans les colonnes de Sporza.\u00a0\" \/>\n<meta property=\"og:url\" content=\"https:\/\/dicodusport.fr\/blog\/tour-de-france-2021-eddy-merckx-critique-mathieu-van-der-poel\/\" \/>\n<meta property=\"og:site_name\" content=\"Dicodusport\" \/>\n<meta property=\"article:publisher\" content=\"https:\/\/www.facebook.com\/dicodusport\" \/>\n<meta property=\"article:author\" content=\"https:\/\/www.facebook.com\/dicodusport\" \/>\n<meta property=\"article:published_time\" content=\"2021-07-06T14:18:35+00:00\" \/>\n<meta property=\"og:image\" content=\"https:\/\/dicodusport.fr\/blog\/wp-content\/uploads\/2021\/07\/Tour-de-France-2021-Eddy-Merckx-critique-Mathieu-van-der-Poel.png\" \/>\n\t<meta property=\"og:image:width\" content=\"800\" \/>\n\t<meta property=\"og:image:height\" content=\"445\" \/>\n\t<meta property=\"og:image:type\" content=\"image\/png\" \/>\n<meta name=\"author\" content=\"Nicolas Jacquemard\" \/>\n<meta name=\"twitter:card\" content=\"summary_large_image\" \/>\n<meta name=\"twitter:title\" content=\"Tour de France 2021 : Eddy Merckx critique Mathieu van der Poel\" \/>\n<meta name=\"twitter:creator\" content=\"@https:\/\/twitter.com\/Nico_Jacquemard\" \/>\n<meta name=\"twitter:site\" content=\"@dicodusport\" \/>\n<script type=\"application\/ld+json\" class=\"yoast-schema-graph\">{\"@context\":\"https:\/\/schema.org\",\"@graph\":[{\"@type\":\"NewsArticle\",\"@id\":\"https:\/\/dicodusport.fr\/blog\/tour-de-france-2021-eddy-merckx-critique-mathieu-van-der-poel\/#article\",\"isPartOf\":{\"@id\":\"https:\/\/dicodusport.fr\/blog\/tour-de-france-2021-eddy-merckx-critique-mathieu-van-der-poel\/\"},\"author\":{\"name\":\"Nicolas Jacquemard\",\"@id\":\"https:\/\/dicodusport.fr\/blog\/#\/schema\/person\/55dcb50ad410894e431ed812bbb70191\"},\"headline\":\"Tour de France 2021 : Eddy Merckx critique Mathieu van der Poel\",\"datePublished\":\"2021-07-06T14:18:35+00:00\",\"mainEntityOfPage\":{\"@id\":\"https:\/\/dicodusport.fr\/blog\/tour-de-france-2021-eddy-merckx-critique-mathieu-van-der-poel\/\"},\"wordCount\":221,\"commentCount\":0,\"publisher\":{\"@id\":\"https:\/\/dicodusport.fr\/blog\/#organization\"},\"image\":{\"@id\":\"https:\/\/dicodusport.fr\/blog\/tour-de-france-2021-eddy-merckx-critique-mathieu-van-der-poel\/#primaryimage\"},\"thumbnailUrl\":\"https:\/\/dicodusport.fr\/blog\/wp-content\/uploads\/2021\/07\/Tour-de-France-2021-Eddy-Merckx-critique-Mathieu-van-der-Poel.png\",\"keywords\":[\"Eddy Merckx\",\"Mathieu van der Poel\"],\"articleSection\":[\"Tour de France\"],\"inLanguage\":\"fr-FR\",\"potentialAction\":[{\"@type\":\"CommentAction\",\"name\":\"Comment\",\"target\":[\"https:\/\/dicodusport.fr\/blog\/tour-de-france-2021-eddy-merckx-critique-mathieu-van-der-poel\/#respond\"]}],\"copyrightYear\":\"2021\",\"copyrightHolder\":{\"@id\":\"https:\/\/dicodusport.fr\/blog\/#organization\"}},{\"@type\":\"WebPage\",\"@id\":\"https:\/\/dicodusport.fr\/blog\/tour-de-france-2021-eddy-merckx-critique-mathieu-van-der-poel\/\",\"url\":\"https:\/\/dicodusport.fr\/blog\/tour-de-france-2021-eddy-merckx-critique-mathieu-van-der-poel\/\",\"name\":\"Tour de France 2021 : Eddy Merckx critique Mathieu van der Poel\",\"isPartOf\":{\"@id\":\"https:\/\/dicodusport.fr\/blog\/#website\"},\"primaryImageOfPage\":{\"@id\":\"https:\/\/dicodusport.fr\/blog\/tour-de-france-2021-eddy-merckx-critique-mathieu-van-der-poel\/#primaryimage\"},\"image\":{\"@id\":\"https:\/\/dicodusport.fr\/blog\/tour-de-france-2021-eddy-merckx-critique-mathieu-van-der-poel\/#primaryimage\"},\"thumbnailUrl\":\"https:\/\/dicodusport.fr\/blog\/wp-content\/uploads\/2021\/07\/Tour-de-France-2021-Eddy-Merckx-critique-Mathieu-van-der-Poel.png\",\"datePublished\":\"2021-07-06T14:18:35+00:00\",\"description\":\"TOUR DE FRANCE 2021 - Eddy Merckx, vainqueur de cinq Grandes Boucles entre 1969 et 1974, n'a pas aim\u00e9 le retrait de Mathieu van der Poel, comme il l'a fait savoir dans les colonnes de Sporza.\u00a0\",\"breadcrumb\":{\"@id\":\"https:\/\/dicodusport.fr\/blog\/tour-de-france-2021-eddy-merckx-critique-mathieu-van-der-poel\/#breadcrumb\"},\"inLanguage\":\"fr-FR\",\"potentialAction\":[{\"@type\":\"ReadAction\",\"target\":[\"https:\/\/dicodusport.fr\/blog\/tour-de-france-2021-eddy-merckx-critique-mathieu-van-der-poel\/\"]}]},{\"@type\":\"ImageObject\",\"inLanguage\":\"fr-FR\",\"@id\":\"https:\/\/dicodusport.fr\/blog\/tour-de-france-2021-eddy-merckx-critique-mathieu-van-der-poel\/#primaryimage\",\"url\":\"https:\/\/dicodusport.fr\/blog\/wp-content\/uploads\/2021\/07\/Tour-de-France-2021-Eddy-Merckx-critique-Mathieu-van-der-Poel.png\",\"contentUrl\":\"https:\/\/dicodusport.fr\/blog\/wp-content\/uploads\/2021\/07\/Tour-de-France-2021-Eddy-Merckx-critique-Mathieu-van-der-Poel.png\",\"width\":800,\"height\":445,\"caption\":\"Tour de France 2021 - Eddy Merckx critique Mathieu van der Poel\"},{\"@type\":\"BreadcrumbList\",\"@id\":\"https:\/\/dicodusport.fr\/blog\/tour-de-france-2021-eddy-merckx-critique-mathieu-van-der-poel\/#breadcrumb\",\"itemListElement\":[{\"@type\":\"ListItem\",\"position\":1,\"name\":\"Accueil\",\"item\":\"https:\/\/dicodusport.fr\/blog\/\"},{\"@type\":\"ListItem\",\"position\":2,\"name\":\"Tour de France 2021 : Eddy Merckx critique Mathieu van der Poel\"}]},{\"@type\":\"WebSite\",\"@id\":\"https:\/\/dicodusport.fr\/blog\/#website\",\"url\":\"https:\/\/dicodusport.fr\/blog\/\",\"name\":\"Dicodusport\",\"description\":\"L&#039;encyclop\u00e9die de l&#039;actualit\u00e9 sportive\",\"publisher\":{\"@id\":\"https:\/\/dicodusport.fr\/blog\/#organization\"},\"potentialAction\":[{\"@type\":\"SearchAction\",\"target\":{\"@type\":\"EntryPoint\",\"urlTemplate\":\"https:\/\/dicodusport.fr\/blog\/?s={search_term_string}\"},\"query-input\":{\"@type\":\"PropertyValueSpecification\",\"valueRequired\":true,\"valueName\":\"search_term_string\"}}],\"inLanguage\":\"fr-FR\"},{\"@type\":\"NewsMediaOrganization\",\"@id\":\"https:\/\/dicodusport.fr\/blog\/#organization\",\"name\":\"Dicodusport\",\"url\":\"https:\/\/dicodusport.fr\/blog\/\",\"logo\":{\"@type\":\"ImageObject\",\"inLanguage\":\"fr-FR\",\"@id\":\"https:\/\/dicodusport.fr\/blog\/#\/schema\/logo\/image\/\",\"url\":\"https:\/\/dicodusport.fr\/blog\/wp-content\/uploads\/2020\/06\/cropped-LOGO-DICODUSPORT-2020-SANS-FOND-SANS-TEXTE.png\",\"contentUrl\":\"https:\/\/dicodusport.fr\/blog\/wp-content\/uploads\/2020\/06\/cropped-LOGO-DICODUSPORT-2020-SANS-FOND-SANS-TEXTE.png\",\"width\":512,\"height\":512,\"caption\":\"Dicodusport\"},\"image\":{\"@id\":\"https:\/\/dicodusport.fr\/blog\/#\/schema\/logo\/image\/\"},\"sameAs\":[\"https:\/\/www.facebook.com\/dicodusport\",\"https:\/\/x.com\/dicodusport\",\"https:\/\/www.instagram.com\/dicodusport\/\",\"https:\/\/www.youtube.com\/channel\/UC7V2KZ5sd3htJivAbA4ZG3w\"],\"description\":\"Dicodusport est l'encyclop\u00e9die de l'actualit\u00e9 sportive.\",\"email\":\"bonjour@dicodusport.fr\",\"legalName\":\"DICODUSPORT\",\"foundingDate\":\"2018-01-14\",\"vatID\":\"FR71834470973\",\"taxID\":\"83447097300043\",\"numberOfEmployees\":{\"@type\":\"QuantitativeValue\",\"minValue\":\"1\",\"maxValue\":\"10\"}},{\"@type\":\"Person\",\"@id\":\"https:\/\/dicodusport.fr\/blog\/#\/schema\/person\/55dcb50ad410894e431ed812bbb70191\",\"name\":\"Nicolas Jacquemard\",\"image\":{\"@type\":\"ImageObject\",\"inLanguage\":\"fr-FR\",\"@id\":\"https:\/\/dicodusport.fr\/blog\/#\/schema\/person\/image\/\",\"url\":\"https:\/\/dicodusport.fr\/blog\/wp-content\/uploads\/2021\/05\/Nicolas-Jacquemard-150x150.jpeg\",\"contentUrl\":\"https:\/\/dicodusport.fr\/blog\/wp-content\/uploads\/2021\/05\/Nicolas-Jacquemard-150x150.jpeg\",\"caption\":\"Nicolas Jacquemard\"},\"description\":\"Passionn\u00e9 de sport et entrepreneur depuis mes 18 ans, la cr\u00e9ation de Dicodusport m'a sembl\u00e9 \u00e9vidente pour participer \u00e0 la m\u00e9diatisation d'un plus grand nombre de sports. Le chemin est long mais avec une \u00e9quipe des plus motiv\u00e9es et les Jeux Olympiques de Paris 2024 en point de mire, nous y arriverons ! Journaliste dans le monde du sport depuis plus de 5 ans, je traite aussi bien de football, de rugby, de biathlon que de cyclisme.\",\"sameAs\":[\"https:\/\/www.facebook.com\/dicodusport\",\"https:\/\/x.com\/https:\/\/twitter.com\/Nico_Jacquemard\"],\"url\":\"https:\/\/dicodusport.fr\/blog\/author\/dicodusport\/\"}]}<\/script>\n<!-- \/ Yoast SEO Premium plugin. -->","yoast_head_json":{"title":"Tour de France 2021 : Eddy Merckx critique Mathieu van der Poel","description":"TOUR DE FRANCE 2021 - Eddy Merckx, vainqueur de cinq Grandes Boucles entre 1969 et 1974, n'a pas aim\u00e9 le retrait de Mathieu van der Poel, comme il l'a fait savoir dans les colonnes de Sporza.\u00a0","robots":{"index":"index","follow":"follow","max-snippet":"max-snippet:-1","max-image-preview":"max-image-preview:large","max-video-preview":"max-video-preview:-1"},"canonical":"https:\/\/dicodusport.fr\/blog\/tour-de-france-2021-eddy-merckx-critique-mathieu-van-der-poel\/","og_locale":"fr_FR","og_type":"article","og_title":"Tour de France 2021 : Eddy Merckx critique Mathieu van der Poel","og_description":"TOUR DE FRANCE 2021 - Eddy Merckx, vainqueur de cinq Grandes Boucles entre 1969 et 1974, n'a pas aim\u00e9 le retrait de Mathieu van der Poel, comme il l'a fait savoir dans les colonnes de Sporza.\u00a0","og_url":"https:\/\/dicodusport.fr\/blog\/tour-de-france-2021-eddy-merckx-critique-mathieu-van-der-poel\/","og_site_name":"Dicodusport","article_publisher":"https:\/\/www.facebook.com\/dicodusport","article_author":"https:\/\/www.facebook.com\/dicodusport","article_published_time":"2021-07-06T14:18:35+00:00","og_image":[{"width":800,"height":445,"url":"https:\/\/dicodusport.fr\/blog\/wp-content\/uploads\/2021\/07\/Tour-de-France-2021-Eddy-Merckx-critique-Mathieu-van-der-Poel.png","type":"image\/png"}],"author":"Nicolas Jacquemard","twitter_card":"summary_large_image","twitter_title":"Tour de France 2021 : Eddy Merckx critique Mathieu van der Poel","twitter_creator":"@https:\/\/twitter.com\/Nico_Jacquemard","twitter_site":"@dicodusport","schema":{"@context":"https:\/\/schema.org","@graph":[{"@type":"NewsArticle","@id":"https:\/\/dicodusport.fr\/blog\/tour-de-france-2021-eddy-merckx-critique-mathieu-van-der-poel\/#article","isPartOf":{"@id":"https:\/\/dicodusport.fr\/blog\/tour-de-france-2021-eddy-merckx-critique-mathieu-van-der-poel\/"},"author":{"name":"Nicolas Jacquemard","@id":"https:\/\/dicodusport.fr\/blog\/#\/schema\/person\/55dcb50ad410894e431ed812bbb70191"},"headline":"Tour de France 2021 : Eddy Merckx critique Mathieu van der Poel","datePublished":"2021-07-06T14:18:35+00:00","mainEntityOfPage":{"@id":"https:\/\/dicodusport.fr\/blog\/tour-de-france-2021-eddy-merckx-critique-mathieu-van-der-poel\/"},"wordCount":221,"commentCount":0,"publisher":{"@id":"https:\/\/dicodusport.fr\/blog\/#organization"},"image":{"@id":"https:\/\/dicodusport.fr\/blog\/tour-de-france-2021-eddy-merckx-critique-mathieu-van-der-poel\/#primaryimage"},"thumbnailUrl":"https:\/\/dicodusport.fr\/blog\/wp-content\/uploads\/2021\/07\/Tour-de-France-2021-Eddy-Merckx-critique-Mathieu-van-der-Poel.png","keywords":["Eddy Merckx","Mathieu van der Poel"],"articleSection":["Tour de France"],"inLanguage":"fr-FR","potentialAction":[{"@type":"CommentAction","name":"Comment","target":["https:\/\/dicodusport.fr\/blog\/tour-de-france-2021-eddy-merckx-critique-mathieu-van-der-poel\/#respond"]}],"copyrightYear":"2021","copyrightHolder":{"@id":"https:\/\/dicodusport.fr\/blog\/#organization"}},{"@type":"WebPage","@id":"https:\/\/dicodusport.fr\/blog\/tour-de-france-2021-eddy-merckx-critique-mathieu-van-der-poel\/","url":"https:\/\/dicodusport.fr\/blog\/tour-de-france-2021-eddy-merckx-critique-mathieu-van-der-poel\/","name":"Tour de France 2021 : Eddy Merckx critique Mathieu van der Poel","isPartOf":{"@id":"https:\/\/dicodusport.fr\/blog\/#website"},"primaryImageOfPage":{"@id":"https:\/\/dicodusport.fr\/blog\/tour-de-france-2021-eddy-merckx-critique-mathieu-van-der-poel\/#primaryimage"},"image":{"@id":"https:\/\/dicodusport.fr\/blog\/tour-de-france-2021-eddy-merckx-critique-mathieu-van-der-poel\/#primaryimage"},"thumbnailUrl":"https:\/\/dicodusport.fr\/blog\/wp-content\/uploads\/2021\/07\/Tour-de-France-2021-Eddy-Merckx-critique-Mathieu-van-der-Poel.png","datePublished":"2021-07-06T14:18:35+00:00","description":"TOUR DE FRANCE 2021 - Eddy Merckx, vainqueur de cinq Grandes Boucles entre 1969 et 1974, n'a pas aim\u00e9 le retrait de Mathieu van der Poel, comme il l'a fait savoir dans les colonnes de Sporza.\u00a0","breadcrumb":{"@id":"https:\/\/dicodusport.fr\/blog\/tour-de-france-2021-eddy-merckx-critique-mathieu-van-der-poel\/#breadcrumb"},"inLanguage":"fr-FR","potentialAction":[{"@type":"ReadAction","target":["https:\/\/dicodusport.fr\/blog\/tour-de-france-2021-eddy-merckx-critique-mathieu-van-der-poel\/"]}]},{"@type":"ImageObject","inLanguage":"fr-FR","@id":"https:\/\/dicodusport.fr\/blog\/tour-de-france-2021-eddy-merckx-critique-mathieu-van-der-poel\/#primaryimage","url":"https:\/\/dicodusport.fr\/blog\/wp-content\/uploads\/2021\/07\/Tour-de-France-2021-Eddy-Merckx-critique-Mathieu-van-der-Poel.png","contentUrl":"https:\/\/dicodusport.fr\/blog\/wp-content\/uploads\/2021\/07\/Tour-de-France-2021-Eddy-Merckx-critique-Mathieu-van-der-Poel.png","width":800,"height":445,"caption":"Tour de France 2021 - Eddy Merckx critique Mathieu van der Poel"},{"@type":"BreadcrumbList","@id":"https:\/\/dicodusport.fr\/blog\/tour-de-france-2021-eddy-merckx-critique-mathieu-van-der-poel\/#breadcrumb","itemListElement":[{"@type":"ListItem","position":1,"name":"Accueil","item":"https:\/\/dicodusport.fr\/blog\/"},{"@type":"ListItem","position":2,"name":"Tour de France 2021 : Eddy Merckx critique Mathieu van der Poel"}]},{"@type":"WebSite","@id":"https:\/\/dicodusport.fr\/blog\/#website","url":"https:\/\/dicodusport.fr\/blog\/","name":"Dicodusport","description":"L&#039;encyclop\u00e9die de l&#039;actualit\u00e9 sportive","publisher":{"@id":"https:\/\/dicodusport.fr\/blog\/#organization"},"potentialAction":[{"@type":"SearchAction","target":{"@type":"EntryPoint","urlTemplate":"https:\/\/dicodusport.fr\/blog\/?s={search_term_string}"},"query-input":{"@type":"PropertyValueSpecification","valueRequired":true,"valueName":"search_term_string"}}],"inLanguage":"fr-FR"},{"@type":"NewsMediaOrganization","@id":"https:\/\/dicodusport.fr\/blog\/#organization","name":"Dicodusport","url":"https:\/\/dicodusport.fr\/blog\/","logo":{"@type":"ImageObject","inLanguage":"fr-FR","@id":"https:\/\/dicodusport.fr\/blog\/#\/schema\/logo\/image\/","url":"https:\/\/dicodusport.fr\/blog\/wp-content\/uploads\/2020\/06\/cropped-LOGO-DICODUSPORT-2020-SANS-FOND-SANS-TEXTE.png","contentUrl":"https:\/\/dicodusport.fr\/blog\/wp-content\/uploads\/2020\/06\/cropped-LOGO-DICODUSPORT-2020-SANS-FOND-SANS-TEXTE.png","width":512,"height":512,"caption":"Dicodusport"},"image":{"@id":"https:\/\/dicodusport.fr\/blog\/#\/schema\/logo\/image\/"},"sameAs":["https:\/\/www.facebook.com\/dicodusport","https:\/\/x.com\/dicodusport","https:\/\/www.instagram.com\/dicodusport\/","https:\/\/www.youtube.com\/channel\/UC7V2KZ5sd3htJivAbA4ZG3w"],"description":"Dicodusport est l'encyclop\u00e9die de l'actualit\u00e9 sportive.","email":"bonjour@dicodusport.fr","legalName":"DICODUSPORT","foundingDate":"2018-01-14","vatID":"FR71834470973","taxID":"83447097300043","numberOfEmployees":{"@type":"QuantitativeValue","minValue":"1","maxValue":"10"}},{"@type":"Person","@id":"https:\/\/dicodusport.fr\/blog\/#\/schema\/person\/55dcb50ad410894e431ed812bbb70191","name":"Nicolas Jacquemard","image":{"@type":"ImageObject","inLanguage":"fr-FR","@id":"https:\/\/dicodusport.fr\/blog\/#\/schema\/person\/image\/","url":"https:\/\/dicodusport.fr\/blog\/wp-content\/uploads\/2021\/05\/Nicolas-Jacquemard-150x150.jpeg","contentUrl":"https:\/\/dicodusport.fr\/blog\/wp-content\/uploads\/2021\/05\/Nicolas-Jacquemard-150x150.jpeg","caption":"Nicolas Jacquemard"},"description":"Passionn\u00e9 de sport et entrepreneur depuis mes 18 ans, la cr\u00e9ation de Dicodusport m'a sembl\u00e9 \u00e9vidente pour participer \u00e0 la m\u00e9diatisation d'un plus grand nombre de sports. Le chemin est long mais avec une \u00e9quipe des plus motiv\u00e9es et les Jeux Olympiques de Paris 2024 en point de mire, nous y arriverons ! Journaliste dans le monde du sport depuis plus de 5 ans, je traite aussi bien de football, de rugby, de biathlon que de cyclisme.","sameAs":["https:\/\/www.facebook.com\/dicodusport","https:\/\/x.com\/https:\/\/twitter.com\/Nico_Jacquemard"],"url":"https:\/\/dicodusport.fr\/blog\/author\/dicodusport\/"}]}},"_links":{"self":[{"href":"https:\/\/dicodusport.fr\/blog\/wp-json\/wp\/v2\/posts\/144744","targetHints":{"allow":["GET"]}}],"collection":[{"href":"https:\/\/dicodusport.fr\/blog\/wp-json\/wp\/v2\/posts"}],"about":[{"href":"https:\/\/dicodusport.fr\/blog\/wp-json\/wp\/v2\/types\/post"}],"author":[{"embeddable":true,"href":"https:\/\/dicodusport.fr\/blog\/wp-json\/wp\/v2\/users\/1"}],"replies":[{"embeddable":true,"href":"https:\/\/dicodusport.fr\/blog\/wp-json\/wp\/v2\/comments?post=144744"}],"version-history":[{"count":0,"href":"https:\/\/dicodusport.fr\/blog\/wp-json\/wp\/v2\/posts\/144744\/revisions"}],"wp:featuredmedia":[{"embeddable":true,"href":"https:\/\/dicodusport.fr\/blog\/wp-json\/wp\/v2\/media\/144759"}],"wp:attachment":[{"href":"https:\/\/dicodusport.fr\/blog\/wp-json\/wp\/v2\/media?parent=144744"}],"wp:term":[{"taxonomy":"category","embeddable":true,"href":"https:\/\/dicodusport.fr\/blog\/wp-json\/wp\/v2\/categories?post=144744"},{"taxonomy":"post_tag","embeddable":true,"href":"https:\/\/dicodusport.fr\/blog\/wp-json\/wp\/v2\/tags?post=144744"}],"curies":[{"name":"wp","href":"https:\/\/api.w.org\/{rel}","templated":true}]}}