{"id":144768,"date":"2021-07-07T15:56:14","date_gmt":"2021-07-07T13:56:14","guid":{"rendered":"https:\/\/dicodusport.fr\/blog\/?p=144768"},"modified":"2021-07-07T17:41:42","modified_gmt":"2021-07-07T15:41:42","slug":"ligue-1-ol-un-mercato-sans-vague","status":"publish","type":"post","link":"https:\/\/dicodusport.fr\/blog\/ligue-1-ol-un-mercato-sans-vague\/","title":{"rendered":"Ligue 1 : l\u2019OL, un mercato sans vague"},"content":{"rendered":"<p style=\"text-align: justify;\"><em><strong>LIGUE 1 &#8211; Pour le moment, les transferts ne sont pas l\u00e9gion \u00e0 l&rsquo;OL, contrairement aux ann\u00e9es pass\u00e9es. Seuls Damien Da Silva et Henrique sont arriv\u00e9s, tous deux libres, au club.<\/strong><\/em><\/p>\n<p style=\"text-align: justify;\">Deux arriv\u00e9es, quatre d\u00e9parts. C\u2019est le maigre bilan affich\u00e9 par les Gones en ce premier mois de mercato. Parmi les joueurs partis, on retrouve <strong>Memphis Depay<\/strong>, ex-capitaine du club, qui a sign\u00e9 libre au FC Barcelone. Son rempla\u00e7ant n\u2019a toujours pas \u00e9t\u00e9 trouv\u00e9. Les Gones vont r\u00e9cup\u00e9rer <strong>Moussa Demb\u00e9l\u00e9<\/strong>, pas conserv\u00e9 par l\u2019Atl\u00e9tico Madrid apr\u00e8s son pr\u00eat. Mais selon les informations du <em>Progr\u00e8s<\/em>, ce dernier voudrait absolument partir du club, quitte \u00e0 aller au bras de fer. L\u2019OL ne conserve pas non plus <strong>Mattia de Sciglio<\/strong> qui repart du c\u00f4t\u00e9 de la Juventus apr\u00e8s son pr\u00eat. Son d\u00e9part n\u2019a pour le moment pas \u00e9t\u00e9 combl\u00e9 non plus.<\/p>\n<p style=\"text-align: justify;\">Du c\u00f4t\u00e9 arriv\u00e9es, on retrouve <strong>Damien Da Silva<\/strong> dont le contrat touchait \u00e0 son terme \u00e0 Rennes. Le d\u00e9fenseur central ne d\u00e9barque pas seul, puisque le lat\u00e9ral gauche <strong>Henrique<\/strong> est lui aussi recrut\u00e9 libre. L\u2019ancien joueur de Vasco de Gama a sign\u00e9 jusqu\u2019en 2024, quand <strong>Da Silva<\/strong> a paraph\u00e9 un bail s\u2019arr\u00eatant en 2023. L\u2019OL n\u2019a donc pas d\u00e9pens\u00e9 le moindre euro sur le march\u00e9 des transferts. On est pour le moment tr\u00e8s loin des six arriv\u00e9es des mercatos estivaux 2020 et 2019. <strong>Peter Bosz<\/strong> n\u2019a plus beaucoup de temps pour pr\u00e9parer son effectif avant la reprise, les dirigeants lyonnais vont devoir s\u2019activer.<\/p>\n<blockquote class=\"twitter-tweet\">\n<p dir=\"ltr\" lang=\"und\">&#x1f44a; <a href=\"https:\/\/twitter.com\/Sinaly_2?ref_src=twsrc%5Etfw\">@Sinaly_2<\/a> <a href=\"https:\/\/t.co\/0zdFySgvBH\">pic.twitter.com\/0zdFySgvBH<\/a><\/p>\n<p>\u2014 Olympique Lyonnais (@OL) <a href=\"https:\/\/twitter.com\/OL\/status\/1412743700338425860?ref_src=twsrc%5Etfw\">July 7, 2021<\/a><\/p><\/blockquote>\n<p><script async src=\"https:\/\/platform.twitter.com\/widgets.js\" charset=\"utf-8\"><\/script><\/p>\n","protected":false},"excerpt":{"rendered":"<p>LIGUE 1 &#8211; Pour le moment, les transferts ne sont pas l\u00e9gion \u00e0 l&rsquo;OL, contrairement aux ann\u00e9es pass\u00e9es. Seuls Damien Da Silva et Henrique sont arriv\u00e9s, tous deux libres, au club.<\/p>\n","protected":false},"author":57,"featured_media":145119,"comment_status":"open","ping_status":"closed","sticky":false,"template":"","format":"standard","meta":{"_acf_changed":false,"_daextam_enable_autolinks":"","footnotes":""},"categories":[47045],"tags":[1555,1145,1146],"class_list":["post-144768","post","type-post","status-publish","format-standard","has-post-thumbnail","hentry","category-ligue-1","tag-mercato","tag-ol","tag-olympique-lyonnais"],"acf":[],"yoast_head":"<!-- This site is optimized with the Yoast SEO Premium plugin v26.7 (Yoast SEO v26.7) - https:\/\/yoast.com\/wordpress\/plugins\/seo\/ -->\n<title>Ligue 1 : l\u2019OL, un mercato sans vague<\/title>\n<meta name=\"description\" content=\"LIGUE 1 - Pour le moment, les transferts lyonnais ne sont pas l\u00e9gion contrairement aux ann\u00e9es pass\u00e9es. Seuls Damien Da Silva et Henrique sont arriv\u00e9s, tous deux libres, au club.\" \/>\n<meta name=\"robots\" content=\"index, follow, max-snippet:-1, max-image-preview:large, max-video-preview:-1\" \/>\n<link rel=\"canonical\" href=\"https:\/\/dicodusport.fr\/blog\/ligue-1-ol-un-mercato-sans-vague\/\" \/>\n<meta property=\"og:locale\" content=\"fr_FR\" \/>\n<meta property=\"og:type\" content=\"article\" \/>\n<meta property=\"og:title\" content=\"Ligue 1 : l\u2019OL, un mercato sans vague\" \/>\n<meta property=\"og:description\" content=\"LIGUE 1 - Pour le moment, les transferts lyonnais ne sont pas l\u00e9gion contrairement aux ann\u00e9es pass\u00e9es. Seuls Damien Da Silva et Henrique sont arriv\u00e9s, tous deux libres, au club.\" \/>\n<meta property=\"og:url\" content=\"https:\/\/dicodusport.fr\/blog\/ligue-1-ol-un-mercato-sans-vague\/\" \/>\n<meta property=\"og:site_name\" content=\"Dicodusport\" \/>\n<meta property=\"article:publisher\" content=\"https:\/\/www.facebook.com\/dicodusport\" \/>\n<meta property=\"article:published_time\" content=\"2021-07-07T13:56:14+00:00\" \/>\n<meta property=\"article:modified_time\" content=\"2021-07-07T15:41:42+00:00\" \/>\n<meta property=\"og:image\" content=\"https:\/\/dicodusport.fr\/blog\/wp-content\/uploads\/2021\/07\/Ligue-1-LOL-un-mercato-sans-vague.png\" \/>\n\t<meta property=\"og:image:width\" content=\"800\" \/>\n\t<meta property=\"og:image:height\" content=\"445\" \/>\n\t<meta property=\"og:image:type\" content=\"image\/png\" \/>\n<meta name=\"author\" content=\"Vincent Soubab\u00e8re\" \/>\n<meta name=\"twitter:card\" content=\"summary_large_image\" \/>\n<meta name=\"twitter:creator\" content=\"@dicodusport\" \/>\n<meta name=\"twitter:site\" content=\"@dicodusport\" \/>\n<script type=\"application\/ld+json\" class=\"yoast-schema-graph\">{\"@context\":\"https:\/\/schema.org\",\"@graph\":[{\"@type\":\"NewsArticle\",\"@id\":\"https:\/\/dicodusport.fr\/blog\/ligue-1-ol-un-mercato-sans-vague\/#article\",\"isPartOf\":{\"@id\":\"https:\/\/dicodusport.fr\/blog\/ligue-1-ol-un-mercato-sans-vague\/\"},\"author\":{\"name\":\"Vincent Soubab\u00e8re\",\"@id\":\"https:\/\/dicodusport.fr\/blog\/#\/schema\/person\/ba9487b5b85f57eecfb00513e982c05b\"},\"headline\":\"Ligue 1 : l\u2019OL, un mercato sans vague\",\"datePublished\":\"2021-07-07T13:56:14+00:00\",\"dateModified\":\"2021-07-07T15:41:42+00:00\",\"mainEntityOfPage\":{\"@id\":\"https:\/\/dicodusport.fr\/blog\/ligue-1-ol-un-mercato-sans-vague\/\"},\"wordCount\":292,\"commentCount\":0,\"publisher\":{\"@id\":\"https:\/\/dicodusport.fr\/blog\/#organization\"},\"image\":{\"@id\":\"https:\/\/dicodusport.fr\/blog\/ligue-1-ol-un-mercato-sans-vague\/#primaryimage\"},\"thumbnailUrl\":\"https:\/\/dicodusport.fr\/blog\/wp-content\/uploads\/2021\/07\/Ligue-1-LOL-un-mercato-sans-vague.png\",\"keywords\":[\"Mercato\",\"OL\",\"Olympique lyonnais\"],\"articleSection\":[\"Ligue 1\"],\"inLanguage\":\"fr-FR\",\"potentialAction\":[{\"@type\":\"CommentAction\",\"name\":\"Comment\",\"target\":[\"https:\/\/dicodusport.fr\/blog\/ligue-1-ol-un-mercato-sans-vague\/#respond\"]}],\"copyrightYear\":\"2021\",\"copyrightHolder\":{\"@id\":\"https:\/\/dicodusport.fr\/blog\/#organization\"}},{\"@type\":\"WebPage\",\"@id\":\"https:\/\/dicodusport.fr\/blog\/ligue-1-ol-un-mercato-sans-vague\/\",\"url\":\"https:\/\/dicodusport.fr\/blog\/ligue-1-ol-un-mercato-sans-vague\/\",\"name\":\"Ligue 1 : l\u2019OL, un mercato sans vague\",\"isPartOf\":{\"@id\":\"https:\/\/dicodusport.fr\/blog\/#website\"},\"primaryImageOfPage\":{\"@id\":\"https:\/\/dicodusport.fr\/blog\/ligue-1-ol-un-mercato-sans-vague\/#primaryimage\"},\"image\":{\"@id\":\"https:\/\/dicodusport.fr\/blog\/ligue-1-ol-un-mercato-sans-vague\/#primaryimage\"},\"thumbnailUrl\":\"https:\/\/dicodusport.fr\/blog\/wp-content\/uploads\/2021\/07\/Ligue-1-LOL-un-mercato-sans-vague.png\",\"datePublished\":\"2021-07-07T13:56:14+00:00\",\"dateModified\":\"2021-07-07T15:41:42+00:00\",\"description\":\"LIGUE 1 - Pour le moment, les transferts lyonnais ne sont pas l\u00e9gion contrairement aux ann\u00e9es pass\u00e9es. Seuls Damien Da Silva et Henrique sont arriv\u00e9s, tous deux libres, au club.\",\"breadcrumb\":{\"@id\":\"https:\/\/dicodusport.fr\/blog\/ligue-1-ol-un-mercato-sans-vague\/#breadcrumb\"},\"inLanguage\":\"fr-FR\",\"potentialAction\":[{\"@type\":\"ReadAction\",\"target\":[\"https:\/\/dicodusport.fr\/blog\/ligue-1-ol-un-mercato-sans-vague\/\"]}]},{\"@type\":\"ImageObject\",\"inLanguage\":\"fr-FR\",\"@id\":\"https:\/\/dicodusport.fr\/blog\/ligue-1-ol-un-mercato-sans-vague\/#primaryimage\",\"url\":\"https:\/\/dicodusport.fr\/blog\/wp-content\/uploads\/2021\/07\/Ligue-1-LOL-un-mercato-sans-vague.png\",\"contentUrl\":\"https:\/\/dicodusport.fr\/blog\/wp-content\/uploads\/2021\/07\/Ligue-1-LOL-un-mercato-sans-vague.png\",\"width\":800,\"height\":445,\"caption\":\"Ligue 1 : l\u2019OL, un mercato sans vague\"},{\"@type\":\"BreadcrumbList\",\"@id\":\"https:\/\/dicodusport.fr\/blog\/ligue-1-ol-un-mercato-sans-vague\/#breadcrumb\",\"itemListElement\":[{\"@type\":\"ListItem\",\"position\":1,\"name\":\"Accueil\",\"item\":\"https:\/\/dicodusport.fr\/blog\/\"},{\"@type\":\"ListItem\",\"position\":2,\"name\":\"Ligue 1 : l\u2019OL, un mercato sans vague\"}]},{\"@type\":\"WebSite\",\"@id\":\"https:\/\/dicodusport.fr\/blog\/#website\",\"url\":\"https:\/\/dicodusport.fr\/blog\/\",\"name\":\"Dicodusport\",\"description\":\"L&#039;encyclop\u00e9die de l&#039;actualit\u00e9 sportive\",\"publisher\":{\"@id\":\"https:\/\/dicodusport.fr\/blog\/#organization\"},\"potentialAction\":[{\"@type\":\"SearchAction\",\"target\":{\"@type\":\"EntryPoint\",\"urlTemplate\":\"https:\/\/dicodusport.fr\/blog\/?s={search_term_string}\"},\"query-input\":{\"@type\":\"PropertyValueSpecification\",\"valueRequired\":true,\"valueName\":\"search_term_string\"}}],\"inLanguage\":\"fr-FR\"},{\"@type\":\"NewsMediaOrganization\",\"@id\":\"https:\/\/dicodusport.fr\/blog\/#organization\",\"name\":\"Dicodusport\",\"url\":\"https:\/\/dicodusport.fr\/blog\/\",\"logo\":{\"@type\":\"ImageObject\",\"inLanguage\":\"fr-FR\",\"@id\":\"https:\/\/dicodusport.fr\/blog\/#\/schema\/logo\/image\/\",\"url\":\"https:\/\/dicodusport.fr\/blog\/wp-content\/uploads\/2020\/06\/cropped-LOGO-DICODUSPORT-2020-SANS-FOND-SANS-TEXTE.png\",\"contentUrl\":\"https:\/\/dicodusport.fr\/blog\/wp-content\/uploads\/2020\/06\/cropped-LOGO-DICODUSPORT-2020-SANS-FOND-SANS-TEXTE.png\",\"width\":512,\"height\":512,\"caption\":\"Dicodusport\"},\"image\":{\"@id\":\"https:\/\/dicodusport.fr\/blog\/#\/schema\/logo\/image\/\"},\"sameAs\":[\"https:\/\/www.facebook.com\/dicodusport\",\"https:\/\/x.com\/dicodusport\",\"https:\/\/www.instagram.com\/dicodusport\/\",\"https:\/\/www.youtube.com\/channel\/UC7V2KZ5sd3htJivAbA4ZG3w\"],\"description\":\"Dicodusport est l'encyclop\u00e9die de l'actualit\u00e9 sportive.\",\"email\":\"bonjour@dicodusport.fr\",\"legalName\":\"DICODUSPORT\",\"foundingDate\":\"2018-01-14\",\"vatID\":\"FR71834470973\",\"taxID\":\"83447097300043\",\"numberOfEmployees\":{\"@type\":\"QuantitativeValue\",\"minValue\":\"1\",\"maxValue\":\"10\"}},{\"@type\":\"Person\",\"@id\":\"https:\/\/dicodusport.fr\/blog\/#\/schema\/person\/ba9487b5b85f57eecfb00513e982c05b\",\"name\":\"Vincent Soubab\u00e8re\",\"image\":{\"@type\":\"ImageObject\",\"inLanguage\":\"fr-FR\",\"@id\":\"https:\/\/dicodusport.fr\/blog\/#\/schema\/person\/image\/\",\"url\":\"https:\/\/dicodusport.fr\/blog\/wp-content\/uploads\/2021\/05\/Vincent-Soubabere-150x150.jpg\",\"contentUrl\":\"https:\/\/dicodusport.fr\/blog\/wp-content\/uploads\/2021\/05\/Vincent-Soubabere-150x150.jpg\",\"caption\":\"Vincent Soubab\u00e8re\"},\"description\":\"Journaliste\/r\u00e9dacteur depuis ao\u00fbt 2018 - Passionn\u00e9 de sport depuis tout petit, je me suis logiquement tourn\u00e9 vers le journalisme sportif depuis ao\u00fbt 2018. Grand supporter des Girondins, je suis aussi un fan de football. Je pratique le tennis et suis l'actualit\u00e9 de la petite balle jaune. En juillet, vous risquez de me croiser sur les routes du Tour.\",\"url\":\"https:\/\/dicodusport.fr\/blog\/author\/vincents\/\"}]}<\/script>\n<!-- \/ Yoast SEO Premium plugin. -->","yoast_head_json":{"title":"Ligue 1 : l\u2019OL, un mercato sans vague","description":"LIGUE 1 - Pour le moment, les transferts lyonnais ne sont pas l\u00e9gion contrairement aux ann\u00e9es pass\u00e9es. Seuls Damien Da Silva et Henrique sont arriv\u00e9s, tous deux libres, au club.","robots":{"index":"index","follow":"follow","max-snippet":"max-snippet:-1","max-image-preview":"max-image-preview:large","max-video-preview":"max-video-preview:-1"},"canonical":"https:\/\/dicodusport.fr\/blog\/ligue-1-ol-un-mercato-sans-vague\/","og_locale":"fr_FR","og_type":"article","og_title":"Ligue 1 : l\u2019OL, un mercato sans vague","og_description":"LIGUE 1 - Pour le moment, les transferts lyonnais ne sont pas l\u00e9gion contrairement aux ann\u00e9es pass\u00e9es. Seuls Damien Da Silva et Henrique sont arriv\u00e9s, tous deux libres, au club.","og_url":"https:\/\/dicodusport.fr\/blog\/ligue-1-ol-un-mercato-sans-vague\/","og_site_name":"Dicodusport","article_publisher":"https:\/\/www.facebook.com\/dicodusport","article_published_time":"2021-07-07T13:56:14+00:00","article_modified_time":"2021-07-07T15:41:42+00:00","og_image":[{"width":800,"height":445,"url":"https:\/\/dicodusport.fr\/blog\/wp-content\/uploads\/2021\/07\/Ligue-1-LOL-un-mercato-sans-vague.png","type":"image\/png"}],"author":"Vincent Soubab\u00e8re","twitter_card":"summary_large_image","twitter_creator":"@dicodusport","twitter_site":"@dicodusport","schema":{"@context":"https:\/\/schema.org","@graph":[{"@type":"NewsArticle","@id":"https:\/\/dicodusport.fr\/blog\/ligue-1-ol-un-mercato-sans-vague\/#article","isPartOf":{"@id":"https:\/\/dicodusport.fr\/blog\/ligue-1-ol-un-mercato-sans-vague\/"},"author":{"name":"Vincent Soubab\u00e8re","@id":"https:\/\/dicodusport.fr\/blog\/#\/schema\/person\/ba9487b5b85f57eecfb00513e982c05b"},"headline":"Ligue 1 : l\u2019OL, un mercato sans vague","datePublished":"2021-07-07T13:56:14+00:00","dateModified":"2021-07-07T15:41:42+00:00","mainEntityOfPage":{"@id":"https:\/\/dicodusport.fr\/blog\/ligue-1-ol-un-mercato-sans-vague\/"},"wordCount":292,"commentCount":0,"publisher":{"@id":"https:\/\/dicodusport.fr\/blog\/#organization"},"image":{"@id":"https:\/\/dicodusport.fr\/blog\/ligue-1-ol-un-mercato-sans-vague\/#primaryimage"},"thumbnailUrl":"https:\/\/dicodusport.fr\/blog\/wp-content\/uploads\/2021\/07\/Ligue-1-LOL-un-mercato-sans-vague.png","keywords":["Mercato","OL","Olympique lyonnais"],"articleSection":["Ligue 1"],"inLanguage":"fr-FR","potentialAction":[{"@type":"CommentAction","name":"Comment","target":["https:\/\/dicodusport.fr\/blog\/ligue-1-ol-un-mercato-sans-vague\/#respond"]}],"copyrightYear":"2021","copyrightHolder":{"@id":"https:\/\/dicodusport.fr\/blog\/#organization"}},{"@type":"WebPage","@id":"https:\/\/dicodusport.fr\/blog\/ligue-1-ol-un-mercato-sans-vague\/","url":"https:\/\/dicodusport.fr\/blog\/ligue-1-ol-un-mercato-sans-vague\/","name":"Ligue 1 : l\u2019OL, un mercato sans vague","isPartOf":{"@id":"https:\/\/dicodusport.fr\/blog\/#website"},"primaryImageOfPage":{"@id":"https:\/\/dicodusport.fr\/blog\/ligue-1-ol-un-mercato-sans-vague\/#primaryimage"},"image":{"@id":"https:\/\/dicodusport.fr\/blog\/ligue-1-ol-un-mercato-sans-vague\/#primaryimage"},"thumbnailUrl":"https:\/\/dicodusport.fr\/blog\/wp-content\/uploads\/2021\/07\/Ligue-1-LOL-un-mercato-sans-vague.png","datePublished":"2021-07-07T13:56:14+00:00","dateModified":"2021-07-07T15:41:42+00:00","description":"LIGUE 1 - Pour le moment, les transferts lyonnais ne sont pas l\u00e9gion contrairement aux ann\u00e9es pass\u00e9es. Seuls Damien Da Silva et Henrique sont arriv\u00e9s, tous deux libres, au club.","breadcrumb":{"@id":"https:\/\/dicodusport.fr\/blog\/ligue-1-ol-un-mercato-sans-vague\/#breadcrumb"},"inLanguage":"fr-FR","potentialAction":[{"@type":"ReadAction","target":["https:\/\/dicodusport.fr\/blog\/ligue-1-ol-un-mercato-sans-vague\/"]}]},{"@type":"ImageObject","inLanguage":"fr-FR","@id":"https:\/\/dicodusport.fr\/blog\/ligue-1-ol-un-mercato-sans-vague\/#primaryimage","url":"https:\/\/dicodusport.fr\/blog\/wp-content\/uploads\/2021\/07\/Ligue-1-LOL-un-mercato-sans-vague.png","contentUrl":"https:\/\/dicodusport.fr\/blog\/wp-content\/uploads\/2021\/07\/Ligue-1-LOL-un-mercato-sans-vague.png","width":800,"height":445,"caption":"Ligue 1 : l\u2019OL, un mercato sans vague"},{"@type":"BreadcrumbList","@id":"https:\/\/dicodusport.fr\/blog\/ligue-1-ol-un-mercato-sans-vague\/#breadcrumb","itemListElement":[{"@type":"ListItem","position":1,"name":"Accueil","item":"https:\/\/dicodusport.fr\/blog\/"},{"@type":"ListItem","position":2,"name":"Ligue 1 : l\u2019OL, un mercato sans vague"}]},{"@type":"WebSite","@id":"https:\/\/dicodusport.fr\/blog\/#website","url":"https:\/\/dicodusport.fr\/blog\/","name":"Dicodusport","description":"L&#039;encyclop\u00e9die de l&#039;actualit\u00e9 sportive","publisher":{"@id":"https:\/\/dicodusport.fr\/blog\/#organization"},"potentialAction":[{"@type":"SearchAction","target":{"@type":"EntryPoint","urlTemplate":"https:\/\/dicodusport.fr\/blog\/?s={search_term_string}"},"query-input":{"@type":"PropertyValueSpecification","valueRequired":true,"valueName":"search_term_string"}}],"inLanguage":"fr-FR"},{"@type":"NewsMediaOrganization","@id":"https:\/\/dicodusport.fr\/blog\/#organization","name":"Dicodusport","url":"https:\/\/dicodusport.fr\/blog\/","logo":{"@type":"ImageObject","inLanguage":"fr-FR","@id":"https:\/\/dicodusport.fr\/blog\/#\/schema\/logo\/image\/","url":"https:\/\/dicodusport.fr\/blog\/wp-content\/uploads\/2020\/06\/cropped-LOGO-DICODUSPORT-2020-SANS-FOND-SANS-TEXTE.png","contentUrl":"https:\/\/dicodusport.fr\/blog\/wp-content\/uploads\/2020\/06\/cropped-LOGO-DICODUSPORT-2020-SANS-FOND-SANS-TEXTE.png","width":512,"height":512,"caption":"Dicodusport"},"image":{"@id":"https:\/\/dicodusport.fr\/blog\/#\/schema\/logo\/image\/"},"sameAs":["https:\/\/www.facebook.com\/dicodusport","https:\/\/x.com\/dicodusport","https:\/\/www.instagram.com\/dicodusport\/","https:\/\/www.youtube.com\/channel\/UC7V2KZ5sd3htJivAbA4ZG3w"],"description":"Dicodusport est l'encyclop\u00e9die de l'actualit\u00e9 sportive.","email":"bonjour@dicodusport.fr","legalName":"DICODUSPORT","foundingDate":"2018-01-14","vatID":"FR71834470973","taxID":"83447097300043","numberOfEmployees":{"@type":"QuantitativeValue","minValue":"1","maxValue":"10"}},{"@type":"Person","@id":"https:\/\/dicodusport.fr\/blog\/#\/schema\/person\/ba9487b5b85f57eecfb00513e982c05b","name":"Vincent Soubab\u00e8re","image":{"@type":"ImageObject","inLanguage":"fr-FR","@id":"https:\/\/dicodusport.fr\/blog\/#\/schema\/person\/image\/","url":"https:\/\/dicodusport.fr\/blog\/wp-content\/uploads\/2021\/05\/Vincent-Soubabere-150x150.jpg","contentUrl":"https:\/\/dicodusport.fr\/blog\/wp-content\/uploads\/2021\/05\/Vincent-Soubabere-150x150.jpg","caption":"Vincent Soubab\u00e8re"},"description":"Journaliste\/r\u00e9dacteur depuis ao\u00fbt 2018 - Passionn\u00e9 de sport depuis tout petit, je me suis logiquement tourn\u00e9 vers le journalisme sportif depuis ao\u00fbt 2018. Grand supporter des Girondins, je suis aussi un fan de football. Je pratique le tennis et suis l'actualit\u00e9 de la petite balle jaune. En juillet, vous risquez de me croiser sur les routes du Tour.","url":"https:\/\/dicodusport.fr\/blog\/author\/vincents\/"}]}},"_links":{"self":[{"href":"https:\/\/dicodusport.fr\/blog\/wp-json\/wp\/v2\/posts\/144768","targetHints":{"allow":["GET"]}}],"collection":[{"href":"https:\/\/dicodusport.fr\/blog\/wp-json\/wp\/v2\/posts"}],"about":[{"href":"https:\/\/dicodusport.fr\/blog\/wp-json\/wp\/v2\/types\/post"}],"author":[{"embeddable":true,"href":"https:\/\/dicodusport.fr\/blog\/wp-json\/wp\/v2\/users\/57"}],"replies":[{"embeddable":true,"href":"https:\/\/dicodusport.fr\/blog\/wp-json\/wp\/v2\/comments?post=144768"}],"version-history":[{"count":0,"href":"https:\/\/dicodusport.fr\/blog\/wp-json\/wp\/v2\/posts\/144768\/revisions"}],"wp:featuredmedia":[{"embeddable":true,"href":"https:\/\/dicodusport.fr\/blog\/wp-json\/wp\/v2\/media\/145119"}],"wp:attachment":[{"href":"https:\/\/dicodusport.fr\/blog\/wp-json\/wp\/v2\/media?parent=144768"}],"wp:term":[{"taxonomy":"category","embeddable":true,"href":"https:\/\/dicodusport.fr\/blog\/wp-json\/wp\/v2\/categories?post=144768"},{"taxonomy":"post_tag","embeddable":true,"href":"https:\/\/dicodusport.fr\/blog\/wp-json\/wp\/v2\/tags?post=144768"}],"curies":[{"name":"wp","href":"https:\/\/api.w.org\/{rel}","templated":true}]}}