{"id":145046,"date":"2021-07-07T13:06:35","date_gmt":"2021-07-07T11:06:35","guid":{"rendered":"https:\/\/dicodusport.fr\/blog\/?p=145046"},"modified":"2021-07-08T15:36:01","modified_gmt":"2021-07-08T13:36:01","slug":"ligue-des-champions-strasbourg-sen-sort-bien-du-lourd-pour-dijon-et-le-mans","status":"publish","type":"post","link":"https:\/\/dicodusport.fr\/blog\/ligue-des-champions-strasbourg-sen-sort-bien-du-lourd-pour-dijon-et-le-mans\/","title":{"rendered":"Ligue des Champions\u00a0: Strasbourg s\u2019en sort bien, du lourd pour Dijon et Le Mans"},"content":{"rendered":"<p align=\"justify\"><em><b>Ce mercredi en fin de matin\u00e9e, le tirage au sort de la Ligue des Champions a \u00e9t\u00e9 effectu\u00e9. Si Strasbourg b\u00e9n\u00e9ficie d\u2019un tirage tr\u00e8s abordable, la JDA Dijon tombe dans un groupe compliqu\u00e9 sur le papier. De son c\u00f4t\u00e9, Le Mans devra batailler en barrages pour aller chercher sa place dans le tableau final.<\/b><\/em><\/p>\n<p align=\"justify\">Au lendemain d\u2019une saison compliqu\u00e9e, les comp\u00e9titions devraient reprendre leur cours normalement en 2021-2022. C\u2019est le cas de la<b> Ligue des Champions<\/b>.<b> <\/b>Ce mercredi, le tirage au sort des barrages et des phases de poules s\u2019est d\u00e9roul\u00e9 avec trois clubs fran\u00e7ais engag\u00e9s pour esp\u00e9rer succ\u00e9der aux Espagnols de <b>Burgos<\/b>.<\/p>\n<h2 align=\"justify\"><b>Strasbourg \u00e9pargn\u00e9, des morceaux de choix pour Dijon<\/b><\/h2>\n<p align=\"justify\">Auteur d\u2019un parcours remarquable la saison pass\u00e9e dans les pas du MVP de la comp\u00e9tition <b>Bonzie Colson<\/b>, <b>Strasbourg<\/b> revient dans la comp\u00e9tition avec des ambitions une nouvelle fois \u00e9lev\u00e9es. Le coach finlandais <b>Lasse Tuovi<\/b>, dont le contrat a \u00e9t\u00e9 prolong\u00e9 il y a peu, tentera de porter la SIG vers le sommet. T\u00eate de s\u00e9rie, le club alsacien profite de ce statut pour b\u00e9n\u00e9ficier d\u2019un tirage avantageux. Positionn\u00e9 au sein du <b>Groupe <\/b><b>F<\/b>, ce dernier aura toutes ses chances m\u00eame s\u2019il faudra se m\u00e9fier des deux adversaires d\u00e9j\u00e0 connus, le <b>Filou Ostende<\/b> (Belgique) et surtout le <b>Tofas Bursa<\/b> (Turquie). La quatri\u00e8me \u00e9quipe du groupe sera connue \u00e0 l\u2019issue de la phase de barrages pr\u00e9liminaire.<\/p>\n<p align=\"justify\">De son c\u00f4t\u00e9, <b>Dijon<\/b> se retrouve dans le <b>Groupe C<\/b> en compagnie de <b>Nizhny Novgorod<\/b> (Russie), de l\u2019<b>Unicaja Malaga<\/b> (Espagne) et du <b>Lavrio Megabolt<\/b> (Gr\u00e8ce). \u00c9limin\u00e9e \u00e0 ce stade de la comp\u00e9tition la saison pass\u00e9e, la JDA aura du pain sur la planche pour faire mieux. Avec un Nizhny qui reste sur un quart de finale de la comp\u00e9tition ou encore un Malaga qui reste sur un Top 16 en Eurocup, la t\u00e2che s\u2019annonce cors\u00e9e.<\/p>\n<blockquote class=\"twitter-tweet\"><p>&#x2705;La SIG Strasbourg conna\u00eet ses adversaires pour la saison r\u00e9guli\u00e8re 2021\/22 de <a href=\"https:\/\/twitter.com\/BasketballCL?ref_src=twsrc%5Etfw\">@BasketballCL<\/a> :<\/p>\n<p><a href=\"https:\/\/twitter.com\/FILOU_Oostende?ref_src=twsrc%5Etfw\">@FILOU_Oostende<\/a><br \/>\n<a href=\"https:\/\/twitter.com\/TofasSporKulubu?ref_src=twsrc%5Etfw\">@TofasSporKulubu<\/a><br \/>\n&#x2753; Un club issu des qualifications entre Juventus Utena, Kapfenberg, Kalev , Sporting , Mornar Bar et Bamberg <a href=\"https:\/\/t.co\/sU4HwGjqzt\">pic.twitter.com\/sU4HwGjqzt<\/a><\/p>\n<p>\u2014 SIG Strasbourg (@sigstrasbourg) <a href=\"https:\/\/twitter.com\/sigstrasbourg\/status\/1412712651243896833?ref_src=twsrc%5Etfw\">July 7, 2021<\/a><\/p><\/blockquote>\n<p><script async src=\"https:\/\/platform.twitter.com\/widgets.js\" charset=\"utf-8\"><\/script><\/p>\n<h2 align=\"justify\"><b>Des barrages compliqu\u00e9s pour Le Mans<\/b><\/h2>\n<p align=\"justify\">Enfin, <b>Le Mans<\/b> n\u2019a pas non plus eu le tirage le plus cl\u00e9ment qui soit. Oblig\u00e9 de passer par une phase pr\u00e9liminaire \u00e0 \u00e9limination directe pour rejoindre la phase de poules, le MSB aura deux tours \u00e0 disputer : une demi-finale et une finale. Pour son entr\u00e9e en demies, le club manceau affrontera le <b>Parma Perm <\/b>(Russie) ou l\u2019<b>Hapo\u00ebl Eilat<\/b> (Isra\u00ebl), le 15 ou 16 septembre prochain. Grand favori de cette confrontation, le Parma Perm est l\u2019adversaire le plus probable. Un tirage compliqu\u00e9 face \u00e0 une \u00e9quipe qui a effectu\u00e9 un tr\u00e8s bon parcours dans la FIBA Eurocup la saison derni\u00e8re, seulement \u00e9limin\u00e9e par le futur champion (Ironi Nes Ziona) en demi-finales. Ensuite, il faudra donc passer par un dernier tour pour avoir le plaisir de rallier le <b>Groupe A<\/b> de la comp\u00e9tition compos\u00e9 de <b>Tenerife<\/b>, du <b>Dinamo Sassari<\/b> et du <b>MHP Riesen<\/b>.<\/p>\n<blockquote class=\"twitter-tweet\">\n<p dir=\"ltr\" lang=\"en\">Qualification Rounds are set! Who will make it to the <a href=\"https:\/\/twitter.com\/hashtag\/BasketballCL?src=hash&amp;ref_src=twsrc%5Etfw\">#BasketballCL<\/a> Regular Season?<\/p>\n<p>\u2014 Basketball Champions League (@BasketballCL) <a href=\"https:\/\/twitter.com\/BasketballCL\/status\/1412716440545865728?ref_src=twsrc%5Etfw\">July 7, 2021<\/a><\/p><\/blockquote>\n<p><script async src=\"https:\/\/platform.twitter.com\/widgets.js\" charset=\"utf-8\"><\/script><\/p>\n<p align=\"justify\">Tous les \u00e9l\u00e9ments sont donc en place pour que l\u2019on assiste \u00e0 une belle sixi\u00e8me \u00e9dition de la Ligue des Champions de basket. Rendez-vous en septembre prochain pour la phase de qualification qui verra <b>Le Mans<\/b> faire son entr\u00e9e dans la comp\u00e9tition. C\u00f4t\u00e9 <b>JDA<\/b> et <b>SIG<\/b>, il faut d\u00e9sormais attendre les 5 et 6 octobre prochain pour voir les deux clubs fran\u00e7ais d\u00e9buter leur comp\u00e9tition en phase de poules.<\/p>\n","protected":false},"excerpt":{"rendered":"<p>Ce mercredi en fin de matin\u00e9e, le tirage au sort de la Ligue des Champions a \u00e9t\u00e9 effectu\u00e9. Si Strasbourg b\u00e9n\u00e9ficie d\u2019un tirage tr\u00e8s abordable, la JDA Dijon tombe dans un groupe compliqu\u00e9 sur le papier. De son c\u00f4t\u00e9, Le Mans devra batailler en barrages pour aller chercher sa place dans le tableau final.<\/p>\n","protected":false},"author":55,"featured_media":127493,"comment_status":"open","ping_status":"closed","sticky":false,"template":"","format":"standard","meta":{"_acf_changed":false,"_daextam_enable_autolinks":"","footnotes":""},"categories":[2305],"tags":[5766,5266,419,1619],"class_list":["post-145046","post","type-post","status-publish","format-standard","has-post-thumbnail","hentry","category-basket-ball","tag-dijon","tag-le-mans","tag-ligue-des-champions","tag-strasbourg"],"acf":[],"yoast_head":"<!-- This site is optimized with the Yoast SEO Premium plugin v26.7 (Yoast SEO v26.7) - https:\/\/yoast.com\/wordpress\/plugins\/seo\/ -->\n<title>Ligue des Champions\u00a0: Strasbourg s\u2019en sort bien, du lourd pour Dijon et Le Mans<\/title>\n<meta name=\"description\" content=\"Le tirage au sort de la Ligue des Champions a eu lieu ce mercredi 7 juillet, impliquant Strasbourg, Dijon et Le Mans.\" \/>\n<meta name=\"robots\" content=\"index, follow, max-snippet:-1, max-image-preview:large, max-video-preview:-1\" \/>\n<link rel=\"canonical\" href=\"https:\/\/dicodusport.fr\/blog\/ligue-des-champions-strasbourg-sen-sort-bien-du-lourd-pour-dijon-et-le-mans\/\" \/>\n<meta property=\"og:locale\" content=\"fr_FR\" \/>\n<meta property=\"og:type\" content=\"article\" \/>\n<meta property=\"og:title\" content=\"Ligue des Champions\u00a0: Strasbourg s\u2019en sort bien, du lourd pour Dijon et Le Mans\" \/>\n<meta property=\"og:description\" content=\"Le tirage au sort de la Ligue des Champions a eu lieu ce mercredi 7 juillet, impliquant Strasbourg, Dijon et Le Mans.\" \/>\n<meta property=\"og:url\" content=\"https:\/\/dicodusport.fr\/blog\/ligue-des-champions-strasbourg-sen-sort-bien-du-lourd-pour-dijon-et-le-mans\/\" \/>\n<meta property=\"og:site_name\" content=\"Dicodusport\" \/>\n<meta property=\"article:publisher\" content=\"https:\/\/www.facebook.com\/dicodusport\" \/>\n<meta property=\"article:published_time\" content=\"2021-07-07T11:06:35+00:00\" \/>\n<meta property=\"article:modified_time\" content=\"2021-07-08T13:36:01+00:00\" \/>\n<meta property=\"og:image\" content=\"https:\/\/dicodusport.fr\/blog\/wp-content\/uploads\/2021\/05\/Ligue-des-Champions-Heroique-Strasbourg-arrache-sa-place-en-demi-finales.png\" \/>\n\t<meta property=\"og:image:width\" content=\"800\" \/>\n\t<meta property=\"og:image:height\" content=\"445\" \/>\n\t<meta property=\"og:image:type\" content=\"image\/png\" \/>\n<meta name=\"author\" content=\"Maxime Cazenave\" \/>\n<meta name=\"twitter:card\" content=\"summary_large_image\" \/>\n<meta name=\"twitter:title\" content=\"Ligue des Champions\u00a0: Strasbourg s\u2019en sort bien, du lourd pour Dijon et Le Mans\" \/>\n<meta name=\"twitter:creator\" content=\"@https:\/\/twitter.com\/Maxime_Caze\" \/>\n<meta name=\"twitter:site\" content=\"@dicodusport\" \/>\n<script type=\"application\/ld+json\" class=\"yoast-schema-graph\">{\"@context\":\"https:\/\/schema.org\",\"@graph\":[{\"@type\":\"NewsArticle\",\"@id\":\"https:\/\/dicodusport.fr\/blog\/ligue-des-champions-strasbourg-sen-sort-bien-du-lourd-pour-dijon-et-le-mans\/#article\",\"isPartOf\":{\"@id\":\"https:\/\/dicodusport.fr\/blog\/ligue-des-champions-strasbourg-sen-sort-bien-du-lourd-pour-dijon-et-le-mans\/\"},\"author\":{\"name\":\"Maxime Cazenave\",\"@id\":\"https:\/\/dicodusport.fr\/blog\/#\/schema\/person\/37def232098a7a5cbab3974a3690abb0\"},\"headline\":\"Ligue des Champions\u00a0: Strasbourg s\u2019en sort bien, du lourd pour Dijon et Le Mans\",\"datePublished\":\"2021-07-07T11:06:35+00:00\",\"dateModified\":\"2021-07-08T13:36:01+00:00\",\"mainEntityOfPage\":{\"@id\":\"https:\/\/dicodusport.fr\/blog\/ligue-des-champions-strasbourg-sen-sort-bien-du-lourd-pour-dijon-et-le-mans\/\"},\"wordCount\":649,\"commentCount\":0,\"publisher\":{\"@id\":\"https:\/\/dicodusport.fr\/blog\/#organization\"},\"image\":{\"@id\":\"https:\/\/dicodusport.fr\/blog\/ligue-des-champions-strasbourg-sen-sort-bien-du-lourd-pour-dijon-et-le-mans\/#primaryimage\"},\"thumbnailUrl\":\"https:\/\/dicodusport.fr\/blog\/wp-content\/uploads\/2021\/05\/Ligue-des-Champions-Heroique-Strasbourg-arrache-sa-place-en-demi-finales.png\",\"keywords\":[\"Dijon\",\"Le Mans\",\"Ligue des champions\",\"Strasbourg\"],\"articleSection\":[\"Basket-ball\"],\"inLanguage\":\"fr-FR\",\"potentialAction\":[{\"@type\":\"CommentAction\",\"name\":\"Comment\",\"target\":[\"https:\/\/dicodusport.fr\/blog\/ligue-des-champions-strasbourg-sen-sort-bien-du-lourd-pour-dijon-et-le-mans\/#respond\"]}],\"copyrightYear\":\"2021\",\"copyrightHolder\":{\"@id\":\"https:\/\/dicodusport.fr\/blog\/#organization\"}},{\"@type\":\"WebPage\",\"@id\":\"https:\/\/dicodusport.fr\/blog\/ligue-des-champions-strasbourg-sen-sort-bien-du-lourd-pour-dijon-et-le-mans\/\",\"url\":\"https:\/\/dicodusport.fr\/blog\/ligue-des-champions-strasbourg-sen-sort-bien-du-lourd-pour-dijon-et-le-mans\/\",\"name\":\"Ligue des Champions\u00a0: Strasbourg s\u2019en sort bien, du lourd pour Dijon et Le Mans\",\"isPartOf\":{\"@id\":\"https:\/\/dicodusport.fr\/blog\/#website\"},\"primaryImageOfPage\":{\"@id\":\"https:\/\/dicodusport.fr\/blog\/ligue-des-champions-strasbourg-sen-sort-bien-du-lourd-pour-dijon-et-le-mans\/#primaryimage\"},\"image\":{\"@id\":\"https:\/\/dicodusport.fr\/blog\/ligue-des-champions-strasbourg-sen-sort-bien-du-lourd-pour-dijon-et-le-mans\/#primaryimage\"},\"thumbnailUrl\":\"https:\/\/dicodusport.fr\/blog\/wp-content\/uploads\/2021\/05\/Ligue-des-Champions-Heroique-Strasbourg-arrache-sa-place-en-demi-finales.png\",\"datePublished\":\"2021-07-07T11:06:35+00:00\",\"dateModified\":\"2021-07-08T13:36:01+00:00\",\"description\":\"Le tirage au sort de la Ligue des Champions a eu lieu ce mercredi 7 juillet, impliquant Strasbourg, Dijon et Le Mans.\",\"breadcrumb\":{\"@id\":\"https:\/\/dicodusport.fr\/blog\/ligue-des-champions-strasbourg-sen-sort-bien-du-lourd-pour-dijon-et-le-mans\/#breadcrumb\"},\"inLanguage\":\"fr-FR\",\"potentialAction\":[{\"@type\":\"ReadAction\",\"target\":[\"https:\/\/dicodusport.fr\/blog\/ligue-des-champions-strasbourg-sen-sort-bien-du-lourd-pour-dijon-et-le-mans\/\"]}]},{\"@type\":\"ImageObject\",\"inLanguage\":\"fr-FR\",\"@id\":\"https:\/\/dicodusport.fr\/blog\/ligue-des-champions-strasbourg-sen-sort-bien-du-lourd-pour-dijon-et-le-mans\/#primaryimage\",\"url\":\"https:\/\/dicodusport.fr\/blog\/wp-content\/uploads\/2021\/05\/Ligue-des-Champions-Heroique-Strasbourg-arrache-sa-place-en-demi-finales.png\",\"contentUrl\":\"https:\/\/dicodusport.fr\/blog\/wp-content\/uploads\/2021\/05\/Ligue-des-Champions-Heroique-Strasbourg-arrache-sa-place-en-demi-finales.png\",\"width\":800,\"height\":445,\"caption\":\"Ligue des Champions\u00a0: Strasbourg s\u2019en sort bien, du lourd pour Dijon et Le Mans\"},{\"@type\":\"BreadcrumbList\",\"@id\":\"https:\/\/dicodusport.fr\/blog\/ligue-des-champions-strasbourg-sen-sort-bien-du-lourd-pour-dijon-et-le-mans\/#breadcrumb\",\"itemListElement\":[{\"@type\":\"ListItem\",\"position\":1,\"name\":\"Accueil\",\"item\":\"https:\/\/dicodusport.fr\/blog\/\"},{\"@type\":\"ListItem\",\"position\":2,\"name\":\"Ligue des Champions\u00a0: Strasbourg s\u2019en sort bien, du lourd pour Dijon et Le Mans\"}]},{\"@type\":\"WebSite\",\"@id\":\"https:\/\/dicodusport.fr\/blog\/#website\",\"url\":\"https:\/\/dicodusport.fr\/blog\/\",\"name\":\"Dicodusport\",\"description\":\"L&#039;encyclop\u00e9die de l&#039;actualit\u00e9 sportive\",\"publisher\":{\"@id\":\"https:\/\/dicodusport.fr\/blog\/#organization\"},\"potentialAction\":[{\"@type\":\"SearchAction\",\"target\":{\"@type\":\"EntryPoint\",\"urlTemplate\":\"https:\/\/dicodusport.fr\/blog\/?s={search_term_string}\"},\"query-input\":{\"@type\":\"PropertyValueSpecification\",\"valueRequired\":true,\"valueName\":\"search_term_string\"}}],\"inLanguage\":\"fr-FR\"},{\"@type\":\"NewsMediaOrganization\",\"@id\":\"https:\/\/dicodusport.fr\/blog\/#organization\",\"name\":\"Dicodusport\",\"url\":\"https:\/\/dicodusport.fr\/blog\/\",\"logo\":{\"@type\":\"ImageObject\",\"inLanguage\":\"fr-FR\",\"@id\":\"https:\/\/dicodusport.fr\/blog\/#\/schema\/logo\/image\/\",\"url\":\"https:\/\/dicodusport.fr\/blog\/wp-content\/uploads\/2020\/06\/cropped-LOGO-DICODUSPORT-2020-SANS-FOND-SANS-TEXTE.png\",\"contentUrl\":\"https:\/\/dicodusport.fr\/blog\/wp-content\/uploads\/2020\/06\/cropped-LOGO-DICODUSPORT-2020-SANS-FOND-SANS-TEXTE.png\",\"width\":512,\"height\":512,\"caption\":\"Dicodusport\"},\"image\":{\"@id\":\"https:\/\/dicodusport.fr\/blog\/#\/schema\/logo\/image\/\"},\"sameAs\":[\"https:\/\/www.facebook.com\/dicodusport\",\"https:\/\/x.com\/dicodusport\",\"https:\/\/www.instagram.com\/dicodusport\/\",\"https:\/\/www.youtube.com\/channel\/UC7V2KZ5sd3htJivAbA4ZG3w\"],\"description\":\"Dicodusport est l'encyclop\u00e9die de l'actualit\u00e9 sportive.\",\"email\":\"bonjour@dicodusport.fr\",\"legalName\":\"DICODUSPORT\",\"foundingDate\":\"2018-01-14\",\"vatID\":\"FR71834470973\",\"taxID\":\"83447097300043\",\"numberOfEmployees\":{\"@type\":\"QuantitativeValue\",\"minValue\":\"1\",\"maxValue\":\"10\"}},{\"@type\":\"Person\",\"@id\":\"https:\/\/dicodusport.fr\/blog\/#\/schema\/person\/37def232098a7a5cbab3974a3690abb0\",\"name\":\"Maxime Cazenave\",\"image\":{\"@type\":\"ImageObject\",\"inLanguage\":\"fr-FR\",\"@id\":\"https:\/\/dicodusport.fr\/blog\/#\/schema\/person\/image\/\",\"url\":\"https:\/\/dicodusport.fr\/blog\/wp-content\/uploads\/2021\/05\/Maxime-Cazenave-150x150.jpg\",\"contentUrl\":\"https:\/\/dicodusport.fr\/blog\/wp-content\/uploads\/2021\/05\/Maxime-Cazenave-150x150.jpg\",\"caption\":\"Maxime Cazenave\"},\"description\":\"Journaliste\/R\u00e9dacteur depuis 2012 - Berc\u00e9 par l\u2019amour des Girondins de Bordeaux, les \u00e9checs de Christophe Moreau sur le Tour de France sous l'\u00e8re Lance Armstrong et le fade-away l\u00e9tal de Dirk Nowitzki, ma passion d\u00e9vorante pour le sport a toujours \u00e9t\u00e9 un pan incontournable de ma vie. Transmettre ma passion \u00e0 l\u2019\u00e9crit a \u00e9t\u00e9 une transition naturelle. Suiveur assidu de basket et de hockey sur glace, je garde toujours un peu de place pour suivre le cyclisme, le football et le maximum de performances fran\u00e7aises.\",\"sameAs\":[\"https:\/\/x.com\/https:\/\/twitter.com\/Maxime_Caze\"],\"url\":\"https:\/\/dicodusport.fr\/blog\/author\/maximec\/\"}]}<\/script>\n<!-- \/ Yoast SEO Premium plugin. -->","yoast_head_json":{"title":"Ligue des Champions\u00a0: Strasbourg s\u2019en sort bien, du lourd pour Dijon et Le Mans","description":"Le tirage au sort de la Ligue des Champions a eu lieu ce mercredi 7 juillet, impliquant Strasbourg, Dijon et Le Mans.","robots":{"index":"index","follow":"follow","max-snippet":"max-snippet:-1","max-image-preview":"max-image-preview:large","max-video-preview":"max-video-preview:-1"},"canonical":"https:\/\/dicodusport.fr\/blog\/ligue-des-champions-strasbourg-sen-sort-bien-du-lourd-pour-dijon-et-le-mans\/","og_locale":"fr_FR","og_type":"article","og_title":"Ligue des Champions\u00a0: Strasbourg s\u2019en sort bien, du lourd pour Dijon et Le Mans","og_description":"Le tirage au sort de la Ligue des Champions a eu lieu ce mercredi 7 juillet, impliquant Strasbourg, Dijon et Le Mans.","og_url":"https:\/\/dicodusport.fr\/blog\/ligue-des-champions-strasbourg-sen-sort-bien-du-lourd-pour-dijon-et-le-mans\/","og_site_name":"Dicodusport","article_publisher":"https:\/\/www.facebook.com\/dicodusport","article_published_time":"2021-07-07T11:06:35+00:00","article_modified_time":"2021-07-08T13:36:01+00:00","og_image":[{"width":800,"height":445,"url":"https:\/\/dicodusport.fr\/blog\/wp-content\/uploads\/2021\/05\/Ligue-des-Champions-Heroique-Strasbourg-arrache-sa-place-en-demi-finales.png","type":"image\/png"}],"author":"Maxime Cazenave","twitter_card":"summary_large_image","twitter_title":"Ligue des Champions\u00a0: Strasbourg s\u2019en sort bien, du lourd pour Dijon et Le Mans","twitter_creator":"@https:\/\/twitter.com\/Maxime_Caze","twitter_site":"@dicodusport","schema":{"@context":"https:\/\/schema.org","@graph":[{"@type":"NewsArticle","@id":"https:\/\/dicodusport.fr\/blog\/ligue-des-champions-strasbourg-sen-sort-bien-du-lourd-pour-dijon-et-le-mans\/#article","isPartOf":{"@id":"https:\/\/dicodusport.fr\/blog\/ligue-des-champions-strasbourg-sen-sort-bien-du-lourd-pour-dijon-et-le-mans\/"},"author":{"name":"Maxime Cazenave","@id":"https:\/\/dicodusport.fr\/blog\/#\/schema\/person\/37def232098a7a5cbab3974a3690abb0"},"headline":"Ligue des Champions\u00a0: Strasbourg s\u2019en sort bien, du lourd pour Dijon et Le Mans","datePublished":"2021-07-07T11:06:35+00:00","dateModified":"2021-07-08T13:36:01+00:00","mainEntityOfPage":{"@id":"https:\/\/dicodusport.fr\/blog\/ligue-des-champions-strasbourg-sen-sort-bien-du-lourd-pour-dijon-et-le-mans\/"},"wordCount":649,"commentCount":0,"publisher":{"@id":"https:\/\/dicodusport.fr\/blog\/#organization"},"image":{"@id":"https:\/\/dicodusport.fr\/blog\/ligue-des-champions-strasbourg-sen-sort-bien-du-lourd-pour-dijon-et-le-mans\/#primaryimage"},"thumbnailUrl":"https:\/\/dicodusport.fr\/blog\/wp-content\/uploads\/2021\/05\/Ligue-des-Champions-Heroique-Strasbourg-arrache-sa-place-en-demi-finales.png","keywords":["Dijon","Le Mans","Ligue des champions","Strasbourg"],"articleSection":["Basket-ball"],"inLanguage":"fr-FR","potentialAction":[{"@type":"CommentAction","name":"Comment","target":["https:\/\/dicodusport.fr\/blog\/ligue-des-champions-strasbourg-sen-sort-bien-du-lourd-pour-dijon-et-le-mans\/#respond"]}],"copyrightYear":"2021","copyrightHolder":{"@id":"https:\/\/dicodusport.fr\/blog\/#organization"}},{"@type":"WebPage","@id":"https:\/\/dicodusport.fr\/blog\/ligue-des-champions-strasbourg-sen-sort-bien-du-lourd-pour-dijon-et-le-mans\/","url":"https:\/\/dicodusport.fr\/blog\/ligue-des-champions-strasbourg-sen-sort-bien-du-lourd-pour-dijon-et-le-mans\/","name":"Ligue des Champions\u00a0: Strasbourg s\u2019en sort bien, du lourd pour Dijon et Le Mans","isPartOf":{"@id":"https:\/\/dicodusport.fr\/blog\/#website"},"primaryImageOfPage":{"@id":"https:\/\/dicodusport.fr\/blog\/ligue-des-champions-strasbourg-sen-sort-bien-du-lourd-pour-dijon-et-le-mans\/#primaryimage"},"image":{"@id":"https:\/\/dicodusport.fr\/blog\/ligue-des-champions-strasbourg-sen-sort-bien-du-lourd-pour-dijon-et-le-mans\/#primaryimage"},"thumbnailUrl":"https:\/\/dicodusport.fr\/blog\/wp-content\/uploads\/2021\/05\/Ligue-des-Champions-Heroique-Strasbourg-arrache-sa-place-en-demi-finales.png","datePublished":"2021-07-07T11:06:35+00:00","dateModified":"2021-07-08T13:36:01+00:00","description":"Le tirage au sort de la Ligue des Champions a eu lieu ce mercredi 7 juillet, impliquant Strasbourg, Dijon et Le Mans.","breadcrumb":{"@id":"https:\/\/dicodusport.fr\/blog\/ligue-des-champions-strasbourg-sen-sort-bien-du-lourd-pour-dijon-et-le-mans\/#breadcrumb"},"inLanguage":"fr-FR","potentialAction":[{"@type":"ReadAction","target":["https:\/\/dicodusport.fr\/blog\/ligue-des-champions-strasbourg-sen-sort-bien-du-lourd-pour-dijon-et-le-mans\/"]}]},{"@type":"ImageObject","inLanguage":"fr-FR","@id":"https:\/\/dicodusport.fr\/blog\/ligue-des-champions-strasbourg-sen-sort-bien-du-lourd-pour-dijon-et-le-mans\/#primaryimage","url":"https:\/\/dicodusport.fr\/blog\/wp-content\/uploads\/2021\/05\/Ligue-des-Champions-Heroique-Strasbourg-arrache-sa-place-en-demi-finales.png","contentUrl":"https:\/\/dicodusport.fr\/blog\/wp-content\/uploads\/2021\/05\/Ligue-des-Champions-Heroique-Strasbourg-arrache-sa-place-en-demi-finales.png","width":800,"height":445,"caption":"Ligue des Champions\u00a0: Strasbourg s\u2019en sort bien, du lourd pour Dijon et Le Mans"},{"@type":"BreadcrumbList","@id":"https:\/\/dicodusport.fr\/blog\/ligue-des-champions-strasbourg-sen-sort-bien-du-lourd-pour-dijon-et-le-mans\/#breadcrumb","itemListElement":[{"@type":"ListItem","position":1,"name":"Accueil","item":"https:\/\/dicodusport.fr\/blog\/"},{"@type":"ListItem","position":2,"name":"Ligue des Champions\u00a0: Strasbourg s\u2019en sort bien, du lourd pour Dijon et Le Mans"}]},{"@type":"WebSite","@id":"https:\/\/dicodusport.fr\/blog\/#website","url":"https:\/\/dicodusport.fr\/blog\/","name":"Dicodusport","description":"L&#039;encyclop\u00e9die de l&#039;actualit\u00e9 sportive","publisher":{"@id":"https:\/\/dicodusport.fr\/blog\/#organization"},"potentialAction":[{"@type":"SearchAction","target":{"@type":"EntryPoint","urlTemplate":"https:\/\/dicodusport.fr\/blog\/?s={search_term_string}"},"query-input":{"@type":"PropertyValueSpecification","valueRequired":true,"valueName":"search_term_string"}}],"inLanguage":"fr-FR"},{"@type":"NewsMediaOrganization","@id":"https:\/\/dicodusport.fr\/blog\/#organization","name":"Dicodusport","url":"https:\/\/dicodusport.fr\/blog\/","logo":{"@type":"ImageObject","inLanguage":"fr-FR","@id":"https:\/\/dicodusport.fr\/blog\/#\/schema\/logo\/image\/","url":"https:\/\/dicodusport.fr\/blog\/wp-content\/uploads\/2020\/06\/cropped-LOGO-DICODUSPORT-2020-SANS-FOND-SANS-TEXTE.png","contentUrl":"https:\/\/dicodusport.fr\/blog\/wp-content\/uploads\/2020\/06\/cropped-LOGO-DICODUSPORT-2020-SANS-FOND-SANS-TEXTE.png","width":512,"height":512,"caption":"Dicodusport"},"image":{"@id":"https:\/\/dicodusport.fr\/blog\/#\/schema\/logo\/image\/"},"sameAs":["https:\/\/www.facebook.com\/dicodusport","https:\/\/x.com\/dicodusport","https:\/\/www.instagram.com\/dicodusport\/","https:\/\/www.youtube.com\/channel\/UC7V2KZ5sd3htJivAbA4ZG3w"],"description":"Dicodusport est l'encyclop\u00e9die de l'actualit\u00e9 sportive.","email":"bonjour@dicodusport.fr","legalName":"DICODUSPORT","foundingDate":"2018-01-14","vatID":"FR71834470973","taxID":"83447097300043","numberOfEmployees":{"@type":"QuantitativeValue","minValue":"1","maxValue":"10"}},{"@type":"Person","@id":"https:\/\/dicodusport.fr\/blog\/#\/schema\/person\/37def232098a7a5cbab3974a3690abb0","name":"Maxime Cazenave","image":{"@type":"ImageObject","inLanguage":"fr-FR","@id":"https:\/\/dicodusport.fr\/blog\/#\/schema\/person\/image\/","url":"https:\/\/dicodusport.fr\/blog\/wp-content\/uploads\/2021\/05\/Maxime-Cazenave-150x150.jpg","contentUrl":"https:\/\/dicodusport.fr\/blog\/wp-content\/uploads\/2021\/05\/Maxime-Cazenave-150x150.jpg","caption":"Maxime Cazenave"},"description":"Journaliste\/R\u00e9dacteur depuis 2012 - Berc\u00e9 par l\u2019amour des Girondins de Bordeaux, les \u00e9checs de Christophe Moreau sur le Tour de France sous l'\u00e8re Lance Armstrong et le fade-away l\u00e9tal de Dirk Nowitzki, ma passion d\u00e9vorante pour le sport a toujours \u00e9t\u00e9 un pan incontournable de ma vie. Transmettre ma passion \u00e0 l\u2019\u00e9crit a \u00e9t\u00e9 une transition naturelle. Suiveur assidu de basket et de hockey sur glace, je garde toujours un peu de place pour suivre le cyclisme, le football et le maximum de performances fran\u00e7aises.","sameAs":["https:\/\/x.com\/https:\/\/twitter.com\/Maxime_Caze"],"url":"https:\/\/dicodusport.fr\/blog\/author\/maximec\/"}]}},"_links":{"self":[{"href":"https:\/\/dicodusport.fr\/blog\/wp-json\/wp\/v2\/posts\/145046","targetHints":{"allow":["GET"]}}],"collection":[{"href":"https:\/\/dicodusport.fr\/blog\/wp-json\/wp\/v2\/posts"}],"about":[{"href":"https:\/\/dicodusport.fr\/blog\/wp-json\/wp\/v2\/types\/post"}],"author":[{"embeddable":true,"href":"https:\/\/dicodusport.fr\/blog\/wp-json\/wp\/v2\/users\/55"}],"replies":[{"embeddable":true,"href":"https:\/\/dicodusport.fr\/blog\/wp-json\/wp\/v2\/comments?post=145046"}],"version-history":[{"count":0,"href":"https:\/\/dicodusport.fr\/blog\/wp-json\/wp\/v2\/posts\/145046\/revisions"}],"wp:featuredmedia":[{"embeddable":true,"href":"https:\/\/dicodusport.fr\/blog\/wp-json\/wp\/v2\/media\/127493"}],"wp:attachment":[{"href":"https:\/\/dicodusport.fr\/blog\/wp-json\/wp\/v2\/media?parent=145046"}],"wp:term":[{"taxonomy":"category","embeddable":true,"href":"https:\/\/dicodusport.fr\/blog\/wp-json\/wp\/v2\/categories?post=145046"},{"taxonomy":"post_tag","embeddable":true,"href":"https:\/\/dicodusport.fr\/blog\/wp-json\/wp\/v2\/tags?post=145046"}],"curies":[{"name":"wp","href":"https:\/\/api.w.org\/{rel}","templated":true}]}}