{"id":145053,"date":"2021-08-03T12:42:47","date_gmt":"2021-08-03T10:42:47","guid":{"rendered":"https:\/\/dicodusport.fr\/blog\/?p=145053&#038;preview=true&#038;preview_id=145053"},"modified":"2021-08-03T12:42:27","modified_gmt":"2021-08-03T10:42:27","slug":"gymnastique-artistique-jeux-olympiques-de-tokyo-calendrier-et-resultats","status":"publish","type":"post","link":"https:\/\/dicodusport.fr\/blog\/gymnastique-artistique-jeux-olympiques-de-tokyo-calendrier-et-resultats\/","title":{"rendered":"Gymnastique artistique &#8211; Jeux Olympiques de Tokyo : calendrier et r\u00e9sultats"},"content":{"rendered":"<p style=\"text-align: justify;\"><strong><em><a href=\"https:\/\/dicodusport.fr\/blog\/jo-tokyo-2020\/\">JO DE TOKYO 2020<\/a> &#8211; Les \u00e9preuves de gymnastique artistique aux Jeux Olympiques se d\u00e9roulent du 24 juillet au 3 ao\u00fbt. Voici le calendrier et les r\u00e9sultats de la comp\u00e9tition.<\/em><\/strong><\/p>\n<h2>Femmes<\/h2>\n<h3>Dimanche 25 juillet<\/h3>\n<p><strong>D\u00e8s 3h :<\/strong> <a href=\"https:\/\/olympics.com\/tokyo-2020\/olympic-games\/fr\/resultats\/gymnastique-artistique\/resultats-femmes-qual-000001-.htm\">qualifications subdivision 1<\/a><\/p>\n<p><strong>D\u00e8s 4h55 :<\/strong> <a href=\"https:\/\/olympics.com\/tokyo-2020\/olympic-games\/fr\/resultats\/gymnastique-artistique\/resultats-femmes-qual-000002-.htm\">qualifications subdivision 2<\/a><\/p>\n<p><strong>D\u00e8s 8h10 :<\/strong> <a href=\"https:\/\/olympics.com\/tokyo-2020\/olympic-games\/fr\/resultats\/gymnastique-artistique\/resultats-femmes-qual-000003-.htm\">qualifications subdivision 3<\/a><\/p>\n<p><strong>D\u00e8s 10h05 :<\/strong> <a href=\"https:\/\/olympics.com\/tokyo-2020\/olympic-games\/fr\/resultats\/gymnastique-artistique\/resultats-femmes-qual-000004-.htm\" target=\"_blank\" rel=\"noopener\">qualifications subdivision 4<\/a><\/p>\n<p><strong>D\u00e8s 13h20 :<\/strong> <a href=\"https:\/\/olympics.com\/tokyo-2020\/olympic-games\/fr\/resultats\/gymnastique-artistique\/resultats-femmes-qual-000005-.htm\">qualifications subdivision 5<\/a><\/p>\n<h3>Mardi 27 juillet &#8211; D\u00e8s 12h45<\/h3>\n<p><a href=\"https:\/\/olympics.com\/tokyo-2020\/olympic-games\/resOG2020-\/pdf\/OG2020-\/GAR\/OG2020-_GAR_C73D_GARWTEAM--------------FNL---------.pdf\" target=\"_blank\" rel=\"noopener\">Finale comp\u00e9tition par \u00e9quipes<\/a><\/p>\n<h3>Jeudi 29 juillet &#8211; D\u00e8s 12h50<\/h3>\n<p><a href=\"https:\/\/olympics.com\/tokyo-2020\/olympic-games\/fr\/resultats\/gymnastique-artistique\/medailles-et-classement-final-concours-multiple-femmes.htm\" target=\"_blank\" rel=\"noopener\">Finale concours g\u00e9n\u00e9ral individuel<\/a><\/p>\n<h3>Dimanche 1er ao\u00fbt<\/h3>\n<p><strong>D\u00e8s 10h52 :<\/strong> <a href=\"https:\/\/olympics.com\/tokyo-2020\/olympic-games\/fr\/resultats\/gymnastique-artistique\/resultats-saut-de-cheval-femmes-fnl-000001-.htm\" target=\"_blank\" rel=\"noopener\">finale saut de cheval<\/a><\/p>\n<p><strong>D\u00e8s 12h24<\/strong><strong> :<\/strong> <a href=\"https:\/\/olympics.com\/tokyo-2020\/olympic-games\/fr\/resultats\/gymnastique-artistique\/resultats-barres-asymetriques-femmes-fnl-000001-.htm\" target=\"_blank\" rel=\"noopener\">finale barres asym\u00e9triques<\/a><\/p>\n<h3>Lundi 2 ao\u00fbt &#8211; D\u00e8s 11h<\/h3>\n<p><a href=\"https:\/\/olympics.com\/tokyo-2020\/olympic-games\/fr\/resultats\/gymnastique-artistique\/resultats-exercices-au-sol-femmes-fnl-000001-.htm\" target=\"_blank\" rel=\"noopener\">Finale exercices au sol<\/a><\/p>\n<h3>Mardi 3 ao\u00fbt &#8211; D\u00e8s 10h48<\/h3>\n<p><a href=\"https:\/\/olympics.com\/tokyo-2020\/olympic-games\/fr\/resultats\/gymnastique-artistique\/resultats-poutre-d-equilibre-femmes-fnl-000001-.htm\" target=\"_blank\" rel=\"noopener\">Finale poutre<\/a><\/p>\n<hr \/>\n<h2>Hommes<\/h2>\n<h3>Samedi 24 juillet<\/h3>\n<p><strong>D\u00e8s 3h :<\/strong> <a href=\"https:\/\/olympics.com\/tokyo-2020\/olympic-games\/fr\/resultats\/gymnastique-artistique\/resultats-hommes-qual-000001-.htm\" target=\"_blank\" rel=\"noopener\">qualifications subdivision 1<\/a><\/p>\n<p><strong>D\u00e8s 7h30 :<\/strong> <a href=\"https:\/\/olympics.com\/tokyo-2020\/olympic-games\/fr\/resultats\/gymnastique-artistique\/resultats-hommes-qual-000002-.htm\" target=\"_blank\" rel=\"noopener\">qualifications subdivision 2<\/a><\/p>\n<p><strong>D\u00e8s 12h30 :<\/strong> <a href=\"https:\/\/olympics.com\/tokyo-2020\/olympic-games\/fr\/resultats\/gymnastique-artistique\/resultats-hommes-qual-000003-.htm\" target=\"_blank\" rel=\"noopener\">qualifications subdivision 3<\/a><\/p>\n<h3>Lundi 26 juillet &#8211; D\u00e8s 12h<\/h3>\n<p><a href=\"https:\/\/olympics.com\/tokyo-2020\/olympic-games\/fr\/resultats\/gymnastique-artistique\/resultats-competition-par-equipes-hommes-fnl-000001-.htm\">Finale comp\u00e9tition par \u00e9quipes<\/a><\/p>\n<h3>Mercredi 28 juillet &#8211; D\u00e8s 12h15<\/h3>\n<p><a href=\"https:\/\/olympics.com\/tokyo-2020\/olympic-games\/fr\/resultats\/gymnastique-artistique\/resultats-concours-multiple-hommes-fnl-000001-.htm\" target=\"_blank\" rel=\"noopener\">Finale concours g\u00e9n\u00e9ral individuel<\/a><\/p>\n<h3>Dimanche 1er ao\u00fbt<\/h3>\n<p><strong>D\u00e8s 10h :<\/strong> <a href=\"https:\/\/olympics.com\/tokyo-2020\/olympic-games\/fr\/resultats\/gymnastique-artistique\/resultats-exercices-au-sol-hommes-fnl-000001-.htm\" target=\"_blank\" rel=\"noopener\">finale exercices au sol<\/a><\/p>\n<p><strong>D\u00e8s 11h41 :<\/strong> <a href=\"https:\/\/olympics.com\/tokyo-2020\/olympic-games\/fr\/resultats\/gymnastique-artistique\/resultats-cheval-d-arcons-hommes-fnl-000001-.htm\" target=\"_blank\" rel=\"noopener\">finale cheval d&rsquo;ar\u00e7ons<\/a><\/p>\n<h3>Lundi 2 ao\u00fbt<\/h3>\n<p><strong>D\u00e8s 10h :<\/strong> <a href=\"https:\/\/olympics.com\/tokyo-2020\/olympic-games\/fr\/resultats\/gymnastique-artistique\/resultats-anneaux-hommes-fnl-000001-.htm\" target=\"_blank\" rel=\"noopener\">finale anneaux<\/a><\/p>\n<p><strong>D\u00e8s 11h54 :<\/strong> <a href=\"https:\/\/olympics.com\/tokyo-2020\/olympic-games\/fr\/resultats\/gymnastique-artistique\/resultats-saut-de-cheval-hommes-fnl-000001-.htm\" target=\"_blank\" rel=\"noopener\">finale saut de cheval<\/a><\/p>\n<h3>Mardi 3 ao\u00fbt<\/h3>\n<p><strong>D\u00e8s 10h :<\/strong> <a href=\"https:\/\/olympics.com\/tokyo-2020\/olympic-games\/fr\/resultats\/gymnastique-artistique\/resultats-barres-paralleles-hommes-fnl-000001-.htm\" target=\"_blank\" rel=\"noopener\">finale barres parall\u00e8les<\/a><\/p>\n<p><strong>D\u00e8s 11h37 :<\/strong> <a href=\"https:\/\/olympics.com\/tokyo-2020\/olympic-games\/fr\/resultats\/gymnastique-artistique\/resultats-barre-fixe-hommes-fnl-000001-.htm\" target=\"_blank\" rel=\"noopener\">finale barre fixe<\/a><\/p>\n<hr \/>\n<h2 style=\"text-align: justify;\">Les m\u00e9dailles<\/h2>\n<h3 style=\"text-align: justify;\">Femmes<\/h3>\n<div class=\"su-table su-table-alternate\">\n<table style=\"width: 800px;border-collapse: collapse\">\n<tbody>\n<tr>\n<td style=\"text-align: center;width: 200px;vertical-align: middle\"><strong>\u00c9preuves<\/strong><\/td>\n<td style=\"background-color: #fff242;text-align: center;width: 200px;vertical-align: middle\"><strong>&#x1f947; Or<\/strong><\/td>\n<td style=\"background-color: #a8a8a8;text-align: center;width: 200px;vertical-align: middle\"><strong>&#x1f948; Argent<\/strong><\/td>\n<td style=\"background-color: #c97159;text-align: center;width: 200px;vertical-align: middle\"><strong>&#x1f949; Bronze<\/strong><\/td>\n<\/tr>\n<tr>\n<td style=\"text-align: center;width: 200px;vertical-align: middle\"><strong>Concours g\u00e9n\u00e9ral par \u00e9quipes<\/strong><\/td>\n<td style=\"text-align: center;width: 200px;vertical-align: middle\"><strong><img loading=\"lazy\" decoding=\"async\" class=\"alignnone wp-image-143866\" src=\"https:\/\/dicodusport.fr\/blog\/wp-content\/uploads\/2021\/07\/Comite-olympique-russe-591x1024.png\" alt=\"\" width=\"12\" height=\"20\" srcset=\"https:\/\/dicodusport.fr\/blog\/wp-content\/uploads\/2021\/07\/Comite-olympique-russe-591x1024.png 591w, https:\/\/dicodusport.fr\/blog\/wp-content\/uploads\/2021\/07\/Comite-olympique-russe-173x300.png 173w, https:\/\/dicodusport.fr\/blog\/wp-content\/uploads\/2021\/07\/Comite-olympique-russe-768x1331.png 768w, https:\/\/dicodusport.fr\/blog\/wp-content\/uploads\/2021\/07\/Comite-olympique-russe-887x1536.png 887w, https:\/\/dicodusport.fr\/blog\/wp-content\/uploads\/2021\/07\/Comite-olympique-russe-1182x2048.png 1182w, https:\/\/dicodusport.fr\/blog\/wp-content\/uploads\/2021\/07\/Comite-olympique-russe.png 2001w\" sizes=\"auto, (max-width: 12px) 100vw, 12px\" \/> <\/strong>ROC<\/td>\n<td style=\"text-align: center;width: 200px;vertical-align: middle\">&#x1f1fa;&#x1f1f8; \u00c9tats-Unis<\/td>\n<td style=\"text-align: center;width: 200px;vertical-align: middle\">&#x1f1ec;&#x1f1e7; Grande-Bretagne<\/td>\n<\/tr>\n<tr>\n<td style=\"text-align: center;width: 200px;vertical-align: middle\"><strong>Concours g\u00e9n\u00e9ral individuel<\/strong><\/td>\n<td style=\"text-align: center;width: 200px;vertical-align: middle\">&#x1f1fa;&#x1f1f8; Sunisa Lee<\/td>\n<td style=\"text-align: center;width: 200px;vertical-align: middle\">&#x1f1e7;&#x1f1f7; Rebecca Andrade<\/td>\n<td style=\"text-align: center;width: 200px;vertical-align: middle\"><strong><img loading=\"lazy\" decoding=\"async\" class=\"alignnone wp-image-143866\" src=\"https:\/\/dicodusport.fr\/blog\/wp-content\/uploads\/2021\/07\/Comite-olympique-russe-591x1024.png\" alt=\"\" width=\"12\" height=\"20\" srcset=\"https:\/\/dicodusport.fr\/blog\/wp-content\/uploads\/2021\/07\/Comite-olympique-russe-591x1024.png 591w, https:\/\/dicodusport.fr\/blog\/wp-content\/uploads\/2021\/07\/Comite-olympique-russe-173x300.png 173w, https:\/\/dicodusport.fr\/blog\/wp-content\/uploads\/2021\/07\/Comite-olympique-russe-768x1331.png 768w, https:\/\/dicodusport.fr\/blog\/wp-content\/uploads\/2021\/07\/Comite-olympique-russe-887x1536.png 887w, https:\/\/dicodusport.fr\/blog\/wp-content\/uploads\/2021\/07\/Comite-olympique-russe-1182x2048.png 1182w, https:\/\/dicodusport.fr\/blog\/wp-content\/uploads\/2021\/07\/Comite-olympique-russe.png 2001w\" sizes=\"auto, (max-width: 12px) 100vw, 12px\" \/> <\/strong>Angelina Melnikova<\/td>\n<\/tr>\n<tr>\n<td style=\"text-align: center;width: 200px;vertical-align: middle\"><strong>Saut de cheval<\/strong><\/td>\n<td style=\"width: 200px;text-align: center\">&#x1f1e7;&#x1f1f7; Rebecca Andrade<\/td>\n<td style=\"width: 200px;text-align: center\">&#x1f1fa;&#x1f1f8; Mykayla Skinner<\/td>\n<td style=\"width: 200px;text-align: center\">&#x1f1f0;&#x1f1f7; Seojeong Yeo<\/td>\n<\/tr>\n<tr>\n<td style=\"text-align: center;width: 200px;vertical-align: middle\"><strong>Barres asym\u00e9triques<\/strong><\/td>\n<td style=\"width: 200px;text-align: center\">&#x1f1e7;&#x1f1ea; Nina Derwael<\/td>\n<td style=\"width: 200px;text-align: center\"><strong><img loading=\"lazy\" decoding=\"async\" class=\"alignnone wp-image-143866\" src=\"https:\/\/dicodusport.fr\/blog\/wp-content\/uploads\/2021\/07\/Comite-olympique-russe-591x1024.png\" alt=\"\" width=\"12\" height=\"20\" srcset=\"https:\/\/dicodusport.fr\/blog\/wp-content\/uploads\/2021\/07\/Comite-olympique-russe-591x1024.png 591w, https:\/\/dicodusport.fr\/blog\/wp-content\/uploads\/2021\/07\/Comite-olympique-russe-173x300.png 173w, https:\/\/dicodusport.fr\/blog\/wp-content\/uploads\/2021\/07\/Comite-olympique-russe-768x1331.png 768w, https:\/\/dicodusport.fr\/blog\/wp-content\/uploads\/2021\/07\/Comite-olympique-russe-887x1536.png 887w, https:\/\/dicodusport.fr\/blog\/wp-content\/uploads\/2021\/07\/Comite-olympique-russe-1182x2048.png 1182w, https:\/\/dicodusport.fr\/blog\/wp-content\/uploads\/2021\/07\/Comite-olympique-russe.png 2001w\" sizes=\"auto, (max-width: 12px) 100vw, 12px\" \/> <\/strong>Anastasiia Iliankova<\/td>\n<td style=\"width: 200px;text-align: center\">&#x1f1fa;&#x1f1f8; Sunisa Lee<\/td>\n<\/tr>\n<tr>\n<td style=\"text-align: center;width: 200px;vertical-align: middle\"><strong>Poutre<\/strong><\/td>\n<td style=\"text-align: center;width: 200px;vertical-align: middle\"><strong><span style=\"font-size: 0.9em\">&#x1f1e8;&#x1f1f3; <\/span><\/strong>Guan Chenchen<\/td>\n<td style=\"text-align: center;width: 200px;vertical-align: middle\"><strong><span style=\"font-size: 0.9em\">&#x1f1e8;&#x1f1f3; <\/span><\/strong>Tang Xijing<\/td>\n<td style=\"text-align: center;width: 200px;vertical-align: middle\">&#x1f1fa;&#x1f1f8; Simone Biles<\/td>\n<\/tr>\n<tr>\n<td style=\"text-align: center;width: 200px;vertical-align: middle\"><strong>Sol<\/strong><\/td>\n<td style=\"text-align: center;width: 200px;vertical-align: middle\">&#x1f1fa;&#x1f1f8; Jade Carey<\/td>\n<td style=\"text-align: center;width: 200px;vertical-align: middle\">&#x1f1ee;&#x1f1f9; Vanessa Ferrari<\/td>\n<td style=\"text-align: center;width: 200px;vertical-align: middle\">&#x1f1ef;&#x1f1f5; Mai Murakami<\/td>\n<\/tr>\n<\/tbody>\n<\/table>\n<\/div>\n<h3 style=\"text-align: justify;\">Hommes<\/h3>\n<div class=\"su-table su-table-alternate\">\n<table style=\"width: 800px;border-collapse: collapse\">\n<tbody>\n<tr>\n<td style=\"text-align: center;width: 200px;vertical-align: middle\"><strong>\u00c9preuves<\/strong><\/td>\n<td style=\"background-color: #fff242;text-align: center;width: 200px;vertical-align: middle\"><strong>&#x1f947; Or<\/strong><\/td>\n<td style=\"background-color: #a8a8a8;text-align: center;width: 200px;vertical-align: middle\"><strong>&#x1f948; Argent<\/strong><\/td>\n<td style=\"background-color: #c97159;text-align: center;width: 200px;vertical-align: middle\"><strong>&#x1f949; Bronze<\/strong><\/td>\n<\/tr>\n<tr>\n<td style=\"text-align: center;width: 200px;vertical-align: middle\"><strong>Concours g\u00e9n\u00e9ral par \u00e9quipes<\/strong><\/td>\n<td style=\"text-align: center;width: 200px;vertical-align: middle\"><strong><img loading=\"lazy\" decoding=\"async\" class=\"alignnone wp-image-143866\" src=\"https:\/\/dicodusport.fr\/blog\/wp-content\/uploads\/2021\/07\/Comite-olympique-russe-591x1024.png\" alt=\"\" width=\"12\" height=\"20\" srcset=\"https:\/\/dicodusport.fr\/blog\/wp-content\/uploads\/2021\/07\/Comite-olympique-russe-591x1024.png 591w, https:\/\/dicodusport.fr\/blog\/wp-content\/uploads\/2021\/07\/Comite-olympique-russe-173x300.png 173w, https:\/\/dicodusport.fr\/blog\/wp-content\/uploads\/2021\/07\/Comite-olympique-russe-768x1331.png 768w, https:\/\/dicodusport.fr\/blog\/wp-content\/uploads\/2021\/07\/Comite-olympique-russe-887x1536.png 887w, https:\/\/dicodusport.fr\/blog\/wp-content\/uploads\/2021\/07\/Comite-olympique-russe-1182x2048.png 1182w, https:\/\/dicodusport.fr\/blog\/wp-content\/uploads\/2021\/07\/Comite-olympique-russe.png 2001w\" sizes=\"auto, (max-width: 12px) 100vw, 12px\" \/> <\/strong>ROC (Comit\u00e9 Olympique Russe)<\/td>\n<td style=\"text-align: center;width: 200px;vertical-align: middle\">&#x1f1ef;&#x1f1f5; Japon<\/td>\n<td style=\"text-align: center;width: 200px;vertical-align: middle\"><strong><span style=\"font-size: 0.9em\">&#x1f1e8;&#x1f1f3; <\/span><\/strong>Chine<\/td>\n<\/tr>\n<tr>\n<td style=\"text-align: center;width: 200px;vertical-align: middle\"><strong>Concours g\u00e9n\u00e9ral individuel<\/strong><\/td>\n<td style=\"text-align: center;width: 200px;vertical-align: middle\">&#x1f1ef;&#x1f1f5; Daiki Hashimoto<\/td>\n<td style=\"text-align: center;width: 200px;vertical-align: middle\"><strong><span style=\"font-size: 0.9em\">&#x1f1e8;&#x1f1f3; <\/span><\/strong>Ruoteng Xiao<\/td>\n<td style=\"text-align: center;width: 200px;vertical-align: middle\"><strong><img loading=\"lazy\" decoding=\"async\" class=\"alignnone wp-image-143866\" src=\"https:\/\/dicodusport.fr\/blog\/wp-content\/uploads\/2021\/07\/Comite-olympique-russe-591x1024.png\" alt=\"\" width=\"12\" height=\"20\" srcset=\"https:\/\/dicodusport.fr\/blog\/wp-content\/uploads\/2021\/07\/Comite-olympique-russe-591x1024.png 591w, https:\/\/dicodusport.fr\/blog\/wp-content\/uploads\/2021\/07\/Comite-olympique-russe-173x300.png 173w, https:\/\/dicodusport.fr\/blog\/wp-content\/uploads\/2021\/07\/Comite-olympique-russe-768x1331.png 768w, https:\/\/dicodusport.fr\/blog\/wp-content\/uploads\/2021\/07\/Comite-olympique-russe-887x1536.png 887w, https:\/\/dicodusport.fr\/blog\/wp-content\/uploads\/2021\/07\/Comite-olympique-russe-1182x2048.png 1182w, https:\/\/dicodusport.fr\/blog\/wp-content\/uploads\/2021\/07\/Comite-olympique-russe.png 2001w\" sizes=\"auto, (max-width: 12px) 100vw, 12px\" \/> <\/strong>Nikita Nagornyy<\/td>\n<\/tr>\n<tr>\n<td style=\"text-align: center;width: 200px;vertical-align: middle\"><strong>Sol<\/strong><\/td>\n<td style=\"width: 200px;text-align: center\">&#x1f1ee;&#x1f1f1; Artem Dolgopyat<\/td>\n<td style=\"width: 200px;text-align: center\">&#x1f1ea;&#x1f1f8; Rayderley Zapata<\/td>\n<td style=\"width: 200px;text-align: center\"><strong><span style=\"font-size: 0.9em\">&#x1f1e8;&#x1f1f3; <\/span><\/strong>Ruoteng Xiao<\/td>\n<\/tr>\n<tr>\n<td style=\"text-align: center;width: 200px;vertical-align: middle\"><strong>Cheval d&rsquo;ar\u00e7ons<\/strong><\/td>\n<td style=\"text-align: center;width: 200px;vertical-align: middle\">&#x1f1ec;&#x1f1e7; Max Whitlock<\/td>\n<td style=\"text-align: center;width: 200px;vertical-align: middle\"><strong><span style=\"font-size: 0.9em\"><a href=\"https:\/\/dicodusport.fr\/blog\/wp-content\/uploads\/2021\/07\/Drapeau-Taipei-Chinois.png\"><img loading=\"lazy\" decoding=\"async\" class=\"alignnone wp-image-149317\" src=\"https:\/\/dicodusport.fr\/blog\/wp-content\/uploads\/2021\/07\/Drapeau-Taipei-Chinois.png\" alt=\"\" width=\"13\" height=\"13\" srcset=\"https:\/\/dicodusport.fr\/blog\/wp-content\/uploads\/2021\/07\/Drapeau-Taipei-Chinois.png 1598w, https:\/\/dicodusport.fr\/blog\/wp-content\/uploads\/2021\/07\/Drapeau-Taipei-Chinois-300x296.png 300w, https:\/\/dicodusport.fr\/blog\/wp-content\/uploads\/2021\/07\/Drapeau-Taipei-Chinois-1024x1011.png 1024w, https:\/\/dicodusport.fr\/blog\/wp-content\/uploads\/2021\/07\/Drapeau-Taipei-Chinois-150x150.png 150w, https:\/\/dicodusport.fr\/blog\/wp-content\/uploads\/2021\/07\/Drapeau-Taipei-Chinois-768x758.png 768w, https:\/\/dicodusport.fr\/blog\/wp-content\/uploads\/2021\/07\/Drapeau-Taipei-Chinois-1536x1517.png 1536w, https:\/\/dicodusport.fr\/blog\/wp-content\/uploads\/2021\/07\/Drapeau-Taipei-Chinois-560x600.png 560w, https:\/\/dicodusport.fr\/blog\/wp-content\/uploads\/2021\/07\/Drapeau-Taipei-Chinois-80x80.png 80w\" sizes=\"auto, (max-width: 13px) 100vw, 13px\" \/><\/a><\/span><\/strong> Chih Kai Lee<\/td>\n<td style=\"text-align: center;width: 200px;vertical-align: middle\">&#x1f1ef;&#x1f1f5; Kazuma Kaya<\/td>\n<\/tr>\n<tr>\n<td style=\"text-align: center;width: 200px;vertical-align: middle\"><strong>Anneaux<\/strong><\/td>\n<td style=\"text-align: center;width: 200px;vertical-align: middle\">&#x1f1e8;&#x1f1f3; Yang Liu<\/td>\n<td style=\"text-align: center;width: 200px;vertical-align: middle\">&#x1f1e8;&#x1f1f3; Hao You<\/td>\n<td style=\"text-align: center;width: 200px;vertical-align: middle\">&#x1f1ec;&#x1f1f7; Eleftherios Petrounias<\/td>\n<\/tr>\n<tr>\n<td style=\"text-align: center;width: 200px;vertical-align: middle\"><strong>Saut de cheval<\/strong><\/td>\n<td style=\"text-align: center;width: 200px;vertical-align: middle\">&#x1f1f0;&#x1f1f7; Jeahwan Shin<\/td>\n<td style=\"text-align: center;width: 200px;vertical-align: middle\"><img loading=\"lazy\" decoding=\"async\" class=\"alignnone wp-image-143866\" src=\"https:\/\/dicodusport.fr\/blog\/wp-content\/uploads\/2021\/07\/Comite-olympique-russe-591x1024.png\" alt=\"\" width=\"12\" height=\"20\" srcset=\"https:\/\/dicodusport.fr\/blog\/wp-content\/uploads\/2021\/07\/Comite-olympique-russe-591x1024.png 591w, https:\/\/dicodusport.fr\/blog\/wp-content\/uploads\/2021\/07\/Comite-olympique-russe-173x300.png 173w, https:\/\/dicodusport.fr\/blog\/wp-content\/uploads\/2021\/07\/Comite-olympique-russe-768x1331.png 768w, https:\/\/dicodusport.fr\/blog\/wp-content\/uploads\/2021\/07\/Comite-olympique-russe-887x1536.png 887w, https:\/\/dicodusport.fr\/blog\/wp-content\/uploads\/2021\/07\/Comite-olympique-russe-1182x2048.png 1182w, https:\/\/dicodusport.fr\/blog\/wp-content\/uploads\/2021\/07\/Comite-olympique-russe.png 2001w\" sizes=\"auto, (max-width: 12px) 100vw, 12px\" \/> Denis Abliazin<\/td>\n<td style=\"text-align: center;width: 200px;vertical-align: middle\">&#x1f1e6;&#x1f1f2; Artur Davtyan<\/td>\n<\/tr>\n<tr>\n<td style=\"text-align: center;width: 200px;vertical-align: middle\"><strong>Barres parall\u00e8les<\/strong><\/td>\n<td style=\"text-align: center;width: 200px;vertical-align: middle\"><strong><span style=\"font-size: 0.9em\">&#x1f1e8;&#x1f1f3; <\/span><\/strong>Jingyuan Zou<\/td>\n<td style=\"text-align: center;width: 200px;vertical-align: middle\">&#x1f1e9;&#x1f1ea; Lukas Dauser<\/td>\n<td style=\"text-align: center;width: 200px;vertical-align: middle\">&#x1f1f9;&#x1f1f7; Ferhat Arican<\/td>\n<\/tr>\n<tr>\n<td style=\"text-align: center;width: 200px;vertical-align: middle\"><strong>Barre fixe<\/strong><\/td>\n<td style=\"text-align: center;width: 200px;vertical-align: middle\">&#x1f1ef;&#x1f1f5; Daiki Hashimoto<\/td>\n<td style=\"text-align: center;width: 200px;vertical-align: middle\">&#x1f1ed;&#x1f1f7; Tin Srbic<\/td>\n<td style=\"text-align: center;width: 200px;vertical-align: middle\"><strong><img loading=\"lazy\" decoding=\"async\" class=\"alignnone wp-image-143866\" src=\"https:\/\/dicodusport.fr\/blog\/wp-content\/uploads\/2021\/07\/Comite-olympique-russe-591x1024.png\" alt=\"\" width=\"12\" height=\"20\" srcset=\"https:\/\/dicodusport.fr\/blog\/wp-content\/uploads\/2021\/07\/Comite-olympique-russe-591x1024.png 591w, https:\/\/dicodusport.fr\/blog\/wp-content\/uploads\/2021\/07\/Comite-olympique-russe-173x300.png 173w, https:\/\/dicodusport.fr\/blog\/wp-content\/uploads\/2021\/07\/Comite-olympique-russe-768x1331.png 768w, https:\/\/dicodusport.fr\/blog\/wp-content\/uploads\/2021\/07\/Comite-olympique-russe-887x1536.png 887w, https:\/\/dicodusport.fr\/blog\/wp-content\/uploads\/2021\/07\/Comite-olympique-russe-1182x2048.png 1182w, https:\/\/dicodusport.fr\/blog\/wp-content\/uploads\/2021\/07\/Comite-olympique-russe.png 2001w\" sizes=\"auto, (max-width: 12px) 100vw, 12px\" \/> <\/strong>Nikita Nagorny<\/td>\n<\/tr>\n<\/tbody>\n<\/table>\n<\/div>\n<h2 style=\"text-align: justify;\">\u00c0 lire aussi<\/h2>\n<ul>\n<li style=\"text-align: justify;\"><a href=\"https:\/\/dicodusport.fr\/blog\/jo-2020-le-programme-complet-des-jeux-olympiques-de-tokyo\/\"><strong>Le programme complet des Jeux Olympiques de Tokyo<\/strong><\/a><\/li>\n<\/ul>\n","protected":false},"excerpt":{"rendered":"<p>JO DE TOKYO 2020 &#8211; Les \u00e9preuves de gymnastique artistique aux Jeux Olympiques se d\u00e9roulent du 24 juillet au 3 ao\u00fbt. Voici le calendrier et les r\u00e9sultats de la comp\u00e9tition.<\/p>\n","protected":false},"author":12,"featured_media":147700,"comment_status":"open","ping_status":"closed","sticky":false,"template":"","format":"standard","meta":{"_acf_changed":false,"_daextam_enable_autolinks":"","footnotes":""},"categories":[10429,8433],"tags":[6976],"class_list":["post-145053","post","type-post","status-publish","format-standard","has-post-thumbnail","hentry","category-gymnastique","category-jo-tokyo-2020","tag-gymnastique-artistique"],"acf":[],"yoast_head":"<!-- This site is optimized with the Yoast SEO Premium plugin v26.7 (Yoast SEO v26.7) - https:\/\/yoast.com\/wordpress\/plugins\/seo\/ -->\n<title>Gymnastique artistique - Jeux Olympiques de Tokyo : calendrier et r\u00e9sultats<\/title>\n<meta name=\"description\" content=\"JO DE TOKYO 2020 - Les \u00e9preuves de gymnastique artistique aux Jeux Olympiques se d\u00e9roulent du 24 juillet au 3 ao\u00fbt. Calendrier et r\u00e9sultats.\" \/>\n<meta name=\"robots\" content=\"index, follow, max-snippet:-1, max-image-preview:large, max-video-preview:-1\" \/>\n<link rel=\"canonical\" href=\"https:\/\/dicodusport.fr\/blog\/gymnastique-artistique-jeux-olympiques-de-tokyo-calendrier-et-resultats\/\" \/>\n<meta property=\"og:locale\" content=\"fr_FR\" \/>\n<meta property=\"og:type\" content=\"article\" \/>\n<meta property=\"og:title\" content=\"Gymnastique artistique - Jeux Olympiques de Tokyo : calendrier et r\u00e9sultats\" \/>\n<meta property=\"og:description\" content=\"JO DE TOKYO 2020 - Les \u00e9preuves de gymnastique artistique aux Jeux Olympiques se d\u00e9roulent du 24 juillet au 3 ao\u00fbt. Calendrier et r\u00e9sultats.\" \/>\n<meta property=\"og:url\" content=\"https:\/\/dicodusport.fr\/blog\/gymnastique-artistique-jeux-olympiques-de-tokyo-calendrier-et-resultats\/\" \/>\n<meta property=\"og:site_name\" content=\"Dicodusport\" \/>\n<meta property=\"article:publisher\" content=\"https:\/\/www.facebook.com\/dicodusport\" \/>\n<meta property=\"article:published_time\" content=\"2021-08-03T10:42:47+00:00\" \/>\n<meta property=\"og:image\" content=\"https:\/\/dicodusport.fr\/blog\/wp-content\/uploads\/2021\/07\/Gymnastique-artistique-Jeux-Olympiques-de-Tokyo-calendrier-et-resultats.png\" \/>\n\t<meta property=\"og:image:width\" content=\"1200\" \/>\n\t<meta property=\"og:image:height\" content=\"670\" \/>\n\t<meta property=\"og:image:type\" content=\"image\/png\" \/>\n<meta name=\"author\" content=\"Arlette Yeye\" \/>\n<meta name=\"twitter:card\" content=\"summary_large_image\" \/>\n<meta name=\"twitter:title\" content=\"Gymnastique artistique - Jeux Olympiques de Tokyo : calendrier et r\u00e9sultats\" \/>\n<meta name=\"twitter:creator\" content=\"@https:\/\/twitter.com\/Shiclette94\" \/>\n<meta name=\"twitter:site\" content=\"@dicodusport\" \/>\n<script type=\"application\/ld+json\" class=\"yoast-schema-graph\">{\"@context\":\"https:\/\/schema.org\",\"@graph\":[{\"@type\":\"NewsArticle\",\"@id\":\"https:\/\/dicodusport.fr\/blog\/gymnastique-artistique-jeux-olympiques-de-tokyo-calendrier-et-resultats\/#article\",\"isPartOf\":{\"@id\":\"https:\/\/dicodusport.fr\/blog\/gymnastique-artistique-jeux-olympiques-de-tokyo-calendrier-et-resultats\/\"},\"author\":{\"name\":\"Arlette Yeye\",\"@id\":\"https:\/\/dicodusport.fr\/blog\/#\/schema\/person\/cce96fa88785bd8573e3d43078ac8c79\"},\"headline\":\"Gymnastique artistique &#8211; Jeux Olympiques de Tokyo : calendrier et r\u00e9sultats\",\"datePublished\":\"2021-08-03T10:42:47+00:00\",\"mainEntityOfPage\":{\"@id\":\"https:\/\/dicodusport.fr\/blog\/gymnastique-artistique-jeux-olympiques-de-tokyo-calendrier-et-resultats\/\"},\"wordCount\":595,\"commentCount\":0,\"publisher\":{\"@id\":\"https:\/\/dicodusport.fr\/blog\/#organization\"},\"image\":{\"@id\":\"https:\/\/dicodusport.fr\/blog\/gymnastique-artistique-jeux-olympiques-de-tokyo-calendrier-et-resultats\/#primaryimage\"},\"thumbnailUrl\":\"https:\/\/dicodusport.fr\/blog\/wp-content\/uploads\/2021\/07\/Gymnastique-artistique-Jeux-Olympiques-de-Tokyo-calendrier-et-resultats.png\",\"keywords\":[\"Gymnastique artistique\"],\"articleSection\":[\"Gymnastique\",\"JO Tokyo 2020\"],\"inLanguage\":\"fr-FR\",\"potentialAction\":[{\"@type\":\"CommentAction\",\"name\":\"Comment\",\"target\":[\"https:\/\/dicodusport.fr\/blog\/gymnastique-artistique-jeux-olympiques-de-tokyo-calendrier-et-resultats\/#respond\"]}],\"copyrightYear\":\"2021\",\"copyrightHolder\":{\"@id\":\"https:\/\/dicodusport.fr\/blog\/#organization\"}},{\"@type\":\"WebPage\",\"@id\":\"https:\/\/dicodusport.fr\/blog\/gymnastique-artistique-jeux-olympiques-de-tokyo-calendrier-et-resultats\/\",\"url\":\"https:\/\/dicodusport.fr\/blog\/gymnastique-artistique-jeux-olympiques-de-tokyo-calendrier-et-resultats\/\",\"name\":\"Gymnastique artistique - Jeux Olympiques de Tokyo : calendrier et r\u00e9sultats\",\"isPartOf\":{\"@id\":\"https:\/\/dicodusport.fr\/blog\/#website\"},\"primaryImageOfPage\":{\"@id\":\"https:\/\/dicodusport.fr\/blog\/gymnastique-artistique-jeux-olympiques-de-tokyo-calendrier-et-resultats\/#primaryimage\"},\"image\":{\"@id\":\"https:\/\/dicodusport.fr\/blog\/gymnastique-artistique-jeux-olympiques-de-tokyo-calendrier-et-resultats\/#primaryimage\"},\"thumbnailUrl\":\"https:\/\/dicodusport.fr\/blog\/wp-content\/uploads\/2021\/07\/Gymnastique-artistique-Jeux-Olympiques-de-Tokyo-calendrier-et-resultats.png\",\"datePublished\":\"2021-08-03T10:42:47+00:00\",\"description\":\"JO DE TOKYO 2020 - Les \u00e9preuves de gymnastique artistique aux Jeux Olympiques se d\u00e9roulent du 24 juillet au 3 ao\u00fbt. Calendrier et r\u00e9sultats.\",\"breadcrumb\":{\"@id\":\"https:\/\/dicodusport.fr\/blog\/gymnastique-artistique-jeux-olympiques-de-tokyo-calendrier-et-resultats\/#breadcrumb\"},\"inLanguage\":\"fr-FR\",\"potentialAction\":[{\"@type\":\"ReadAction\",\"target\":[\"https:\/\/dicodusport.fr\/blog\/gymnastique-artistique-jeux-olympiques-de-tokyo-calendrier-et-resultats\/\"]}]},{\"@type\":\"ImageObject\",\"inLanguage\":\"fr-FR\",\"@id\":\"https:\/\/dicodusport.fr\/blog\/gymnastique-artistique-jeux-olympiques-de-tokyo-calendrier-et-resultats\/#primaryimage\",\"url\":\"https:\/\/dicodusport.fr\/blog\/wp-content\/uploads\/2021\/07\/Gymnastique-artistique-Jeux-Olympiques-de-Tokyo-calendrier-et-resultats.png\",\"contentUrl\":\"https:\/\/dicodusport.fr\/blog\/wp-content\/uploads\/2021\/07\/Gymnastique-artistique-Jeux-Olympiques-de-Tokyo-calendrier-et-resultats.png\",\"width\":1200,\"height\":670,\"caption\":\"Gymnastique artistique - Jeux Olympiques de Tokyo : calendrier et r\u00e9sultats\"},{\"@type\":\"BreadcrumbList\",\"@id\":\"https:\/\/dicodusport.fr\/blog\/gymnastique-artistique-jeux-olympiques-de-tokyo-calendrier-et-resultats\/#breadcrumb\",\"itemListElement\":[{\"@type\":\"ListItem\",\"position\":1,\"name\":\"Accueil\",\"item\":\"https:\/\/dicodusport.fr\/blog\/\"},{\"@type\":\"ListItem\",\"position\":2,\"name\":\"Gymnastique artistique &#8211; Jeux Olympiques de Tokyo : calendrier et r\u00e9sultats\"}]},{\"@type\":\"WebSite\",\"@id\":\"https:\/\/dicodusport.fr\/blog\/#website\",\"url\":\"https:\/\/dicodusport.fr\/blog\/\",\"name\":\"Dicodusport\",\"description\":\"L&#039;encyclop\u00e9die de l&#039;actualit\u00e9 sportive\",\"publisher\":{\"@id\":\"https:\/\/dicodusport.fr\/blog\/#organization\"},\"potentialAction\":[{\"@type\":\"SearchAction\",\"target\":{\"@type\":\"EntryPoint\",\"urlTemplate\":\"https:\/\/dicodusport.fr\/blog\/?s={search_term_string}\"},\"query-input\":{\"@type\":\"PropertyValueSpecification\",\"valueRequired\":true,\"valueName\":\"search_term_string\"}}],\"inLanguage\":\"fr-FR\"},{\"@type\":\"NewsMediaOrganization\",\"@id\":\"https:\/\/dicodusport.fr\/blog\/#organization\",\"name\":\"Dicodusport\",\"url\":\"https:\/\/dicodusport.fr\/blog\/\",\"logo\":{\"@type\":\"ImageObject\",\"inLanguage\":\"fr-FR\",\"@id\":\"https:\/\/dicodusport.fr\/blog\/#\/schema\/logo\/image\/\",\"url\":\"https:\/\/dicodusport.fr\/blog\/wp-content\/uploads\/2020\/06\/cropped-LOGO-DICODUSPORT-2020-SANS-FOND-SANS-TEXTE.png\",\"contentUrl\":\"https:\/\/dicodusport.fr\/blog\/wp-content\/uploads\/2020\/06\/cropped-LOGO-DICODUSPORT-2020-SANS-FOND-SANS-TEXTE.png\",\"width\":512,\"height\":512,\"caption\":\"Dicodusport\"},\"image\":{\"@id\":\"https:\/\/dicodusport.fr\/blog\/#\/schema\/logo\/image\/\"},\"sameAs\":[\"https:\/\/www.facebook.com\/dicodusport\",\"https:\/\/x.com\/dicodusport\",\"https:\/\/www.instagram.com\/dicodusport\/\",\"https:\/\/www.youtube.com\/channel\/UC7V2KZ5sd3htJivAbA4ZG3w\"],\"description\":\"Dicodusport est l'encyclop\u00e9die de l'actualit\u00e9 sportive.\",\"email\":\"bonjour@dicodusport.fr\",\"legalName\":\"DICODUSPORT\",\"foundingDate\":\"2018-01-14\",\"vatID\":\"FR71834470973\",\"taxID\":\"83447097300043\",\"numberOfEmployees\":{\"@type\":\"QuantitativeValue\",\"minValue\":\"1\",\"maxValue\":\"10\"}},{\"@type\":\"Person\",\"@id\":\"https:\/\/dicodusport.fr\/blog\/#\/schema\/person\/cce96fa88785bd8573e3d43078ac8c79\",\"name\":\"Arlette Yeye\",\"image\":{\"@type\":\"ImageObject\",\"inLanguage\":\"fr-FR\",\"@id\":\"https:\/\/dicodusport.fr\/blog\/#\/schema\/person\/image\/\",\"url\":\"https:\/\/secure.gravatar.com\/avatar\/dca4a6239e6d708e46c45d60e160de6c?s=96&d=wp_user_avatar&r=g\",\"contentUrl\":\"https:\/\/secure.gravatar.com\/avatar\/dca4a6239e6d708e46c45d60e160de6c?s=96&d=wp_user_avatar&r=g\",\"caption\":\"Arlette Yeye\"},\"description\":\"Journaliste\/r\u00e9dactrice depuis septembre 2015 - Supportrice de Chelsea, j'ai pour sports de pr\u00e9dilection le handball, l'athl\u00e9tisme et le tennis. Si je tweete plus vite que mon ombre, vous pouvez aussi me retrouver les week-ends sur les playgrounds de Bruxelles pour un petit foot ou basket entre potes. Parcourir la France, l'Europe et plus si affinit\u00e9s pour suivre mes sportifs pr\u00e9f\u00e9r\u00e9s ? Mon kif ! Et c'est avec plaisir que je partage les r\u00e9sultats des sports populaires mais \u00e9galement plus confidentiels pour Dicodusport.\",\"sameAs\":[\"https:\/\/x.com\/https:\/\/twitter.com\/Shiclette94\"],\"url\":\"https:\/\/dicodusport.fr\/blog\/author\/arlette\/\"}]}<\/script>\n<!-- \/ Yoast SEO Premium plugin. -->","yoast_head_json":{"title":"Gymnastique artistique - Jeux Olympiques de Tokyo : calendrier et r\u00e9sultats","description":"JO DE TOKYO 2020 - Les \u00e9preuves de gymnastique artistique aux Jeux Olympiques se d\u00e9roulent du 24 juillet au 3 ao\u00fbt. Calendrier et r\u00e9sultats.","robots":{"index":"index","follow":"follow","max-snippet":"max-snippet:-1","max-image-preview":"max-image-preview:large","max-video-preview":"max-video-preview:-1"},"canonical":"https:\/\/dicodusport.fr\/blog\/gymnastique-artistique-jeux-olympiques-de-tokyo-calendrier-et-resultats\/","og_locale":"fr_FR","og_type":"article","og_title":"Gymnastique artistique - Jeux Olympiques de Tokyo : calendrier et r\u00e9sultats","og_description":"JO DE TOKYO 2020 - Les \u00e9preuves de gymnastique artistique aux Jeux Olympiques se d\u00e9roulent du 24 juillet au 3 ao\u00fbt. Calendrier et r\u00e9sultats.","og_url":"https:\/\/dicodusport.fr\/blog\/gymnastique-artistique-jeux-olympiques-de-tokyo-calendrier-et-resultats\/","og_site_name":"Dicodusport","article_publisher":"https:\/\/www.facebook.com\/dicodusport","article_published_time":"2021-08-03T10:42:47+00:00","og_image":[{"width":1200,"height":670,"url":"https:\/\/dicodusport.fr\/blog\/wp-content\/uploads\/2021\/07\/Gymnastique-artistique-Jeux-Olympiques-de-Tokyo-calendrier-et-resultats.png","type":"image\/png"}],"author":"Arlette Yeye","twitter_card":"summary_large_image","twitter_title":"Gymnastique artistique - Jeux Olympiques de Tokyo : calendrier et r\u00e9sultats","twitter_creator":"@https:\/\/twitter.com\/Shiclette94","twitter_site":"@dicodusport","schema":{"@context":"https:\/\/schema.org","@graph":[{"@type":"NewsArticle","@id":"https:\/\/dicodusport.fr\/blog\/gymnastique-artistique-jeux-olympiques-de-tokyo-calendrier-et-resultats\/#article","isPartOf":{"@id":"https:\/\/dicodusport.fr\/blog\/gymnastique-artistique-jeux-olympiques-de-tokyo-calendrier-et-resultats\/"},"author":{"name":"Arlette Yeye","@id":"https:\/\/dicodusport.fr\/blog\/#\/schema\/person\/cce96fa88785bd8573e3d43078ac8c79"},"headline":"Gymnastique artistique &#8211; Jeux Olympiques de Tokyo : calendrier et r\u00e9sultats","datePublished":"2021-08-03T10:42:47+00:00","mainEntityOfPage":{"@id":"https:\/\/dicodusport.fr\/blog\/gymnastique-artistique-jeux-olympiques-de-tokyo-calendrier-et-resultats\/"},"wordCount":595,"commentCount":0,"publisher":{"@id":"https:\/\/dicodusport.fr\/blog\/#organization"},"image":{"@id":"https:\/\/dicodusport.fr\/blog\/gymnastique-artistique-jeux-olympiques-de-tokyo-calendrier-et-resultats\/#primaryimage"},"thumbnailUrl":"https:\/\/dicodusport.fr\/blog\/wp-content\/uploads\/2021\/07\/Gymnastique-artistique-Jeux-Olympiques-de-Tokyo-calendrier-et-resultats.png","keywords":["Gymnastique artistique"],"articleSection":["Gymnastique","JO Tokyo 2020"],"inLanguage":"fr-FR","potentialAction":[{"@type":"CommentAction","name":"Comment","target":["https:\/\/dicodusport.fr\/blog\/gymnastique-artistique-jeux-olympiques-de-tokyo-calendrier-et-resultats\/#respond"]}],"copyrightYear":"2021","copyrightHolder":{"@id":"https:\/\/dicodusport.fr\/blog\/#organization"}},{"@type":"WebPage","@id":"https:\/\/dicodusport.fr\/blog\/gymnastique-artistique-jeux-olympiques-de-tokyo-calendrier-et-resultats\/","url":"https:\/\/dicodusport.fr\/blog\/gymnastique-artistique-jeux-olympiques-de-tokyo-calendrier-et-resultats\/","name":"Gymnastique artistique - Jeux Olympiques de Tokyo : calendrier et r\u00e9sultats","isPartOf":{"@id":"https:\/\/dicodusport.fr\/blog\/#website"},"primaryImageOfPage":{"@id":"https:\/\/dicodusport.fr\/blog\/gymnastique-artistique-jeux-olympiques-de-tokyo-calendrier-et-resultats\/#primaryimage"},"image":{"@id":"https:\/\/dicodusport.fr\/blog\/gymnastique-artistique-jeux-olympiques-de-tokyo-calendrier-et-resultats\/#primaryimage"},"thumbnailUrl":"https:\/\/dicodusport.fr\/blog\/wp-content\/uploads\/2021\/07\/Gymnastique-artistique-Jeux-Olympiques-de-Tokyo-calendrier-et-resultats.png","datePublished":"2021-08-03T10:42:47+00:00","description":"JO DE TOKYO 2020 - Les \u00e9preuves de gymnastique artistique aux Jeux Olympiques se d\u00e9roulent du 24 juillet au 3 ao\u00fbt. Calendrier et r\u00e9sultats.","breadcrumb":{"@id":"https:\/\/dicodusport.fr\/blog\/gymnastique-artistique-jeux-olympiques-de-tokyo-calendrier-et-resultats\/#breadcrumb"},"inLanguage":"fr-FR","potentialAction":[{"@type":"ReadAction","target":["https:\/\/dicodusport.fr\/blog\/gymnastique-artistique-jeux-olympiques-de-tokyo-calendrier-et-resultats\/"]}]},{"@type":"ImageObject","inLanguage":"fr-FR","@id":"https:\/\/dicodusport.fr\/blog\/gymnastique-artistique-jeux-olympiques-de-tokyo-calendrier-et-resultats\/#primaryimage","url":"https:\/\/dicodusport.fr\/blog\/wp-content\/uploads\/2021\/07\/Gymnastique-artistique-Jeux-Olympiques-de-Tokyo-calendrier-et-resultats.png","contentUrl":"https:\/\/dicodusport.fr\/blog\/wp-content\/uploads\/2021\/07\/Gymnastique-artistique-Jeux-Olympiques-de-Tokyo-calendrier-et-resultats.png","width":1200,"height":670,"caption":"Gymnastique artistique - Jeux Olympiques de Tokyo : calendrier et r\u00e9sultats"},{"@type":"BreadcrumbList","@id":"https:\/\/dicodusport.fr\/blog\/gymnastique-artistique-jeux-olympiques-de-tokyo-calendrier-et-resultats\/#breadcrumb","itemListElement":[{"@type":"ListItem","position":1,"name":"Accueil","item":"https:\/\/dicodusport.fr\/blog\/"},{"@type":"ListItem","position":2,"name":"Gymnastique artistique &#8211; Jeux Olympiques de Tokyo : calendrier et r\u00e9sultats"}]},{"@type":"WebSite","@id":"https:\/\/dicodusport.fr\/blog\/#website","url":"https:\/\/dicodusport.fr\/blog\/","name":"Dicodusport","description":"L&#039;encyclop\u00e9die de l&#039;actualit\u00e9 sportive","publisher":{"@id":"https:\/\/dicodusport.fr\/blog\/#organization"},"potentialAction":[{"@type":"SearchAction","target":{"@type":"EntryPoint","urlTemplate":"https:\/\/dicodusport.fr\/blog\/?s={search_term_string}"},"query-input":{"@type":"PropertyValueSpecification","valueRequired":true,"valueName":"search_term_string"}}],"inLanguage":"fr-FR"},{"@type":"NewsMediaOrganization","@id":"https:\/\/dicodusport.fr\/blog\/#organization","name":"Dicodusport","url":"https:\/\/dicodusport.fr\/blog\/","logo":{"@type":"ImageObject","inLanguage":"fr-FR","@id":"https:\/\/dicodusport.fr\/blog\/#\/schema\/logo\/image\/","url":"https:\/\/dicodusport.fr\/blog\/wp-content\/uploads\/2020\/06\/cropped-LOGO-DICODUSPORT-2020-SANS-FOND-SANS-TEXTE.png","contentUrl":"https:\/\/dicodusport.fr\/blog\/wp-content\/uploads\/2020\/06\/cropped-LOGO-DICODUSPORT-2020-SANS-FOND-SANS-TEXTE.png","width":512,"height":512,"caption":"Dicodusport"},"image":{"@id":"https:\/\/dicodusport.fr\/blog\/#\/schema\/logo\/image\/"},"sameAs":["https:\/\/www.facebook.com\/dicodusport","https:\/\/x.com\/dicodusport","https:\/\/www.instagram.com\/dicodusport\/","https:\/\/www.youtube.com\/channel\/UC7V2KZ5sd3htJivAbA4ZG3w"],"description":"Dicodusport est l'encyclop\u00e9die de l'actualit\u00e9 sportive.","email":"bonjour@dicodusport.fr","legalName":"DICODUSPORT","foundingDate":"2018-01-14","vatID":"FR71834470973","taxID":"83447097300043","numberOfEmployees":{"@type":"QuantitativeValue","minValue":"1","maxValue":"10"}},{"@type":"Person","@id":"https:\/\/dicodusport.fr\/blog\/#\/schema\/person\/cce96fa88785bd8573e3d43078ac8c79","name":"Arlette Yeye","image":{"@type":"ImageObject","inLanguage":"fr-FR","@id":"https:\/\/dicodusport.fr\/blog\/#\/schema\/person\/image\/","url":"https:\/\/secure.gravatar.com\/avatar\/dca4a6239e6d708e46c45d60e160de6c?s=96&d=wp_user_avatar&r=g","contentUrl":"https:\/\/secure.gravatar.com\/avatar\/dca4a6239e6d708e46c45d60e160de6c?s=96&d=wp_user_avatar&r=g","caption":"Arlette Yeye"},"description":"Journaliste\/r\u00e9dactrice depuis septembre 2015 - Supportrice de Chelsea, j'ai pour sports de pr\u00e9dilection le handball, l'athl\u00e9tisme et le tennis. Si je tweete plus vite que mon ombre, vous pouvez aussi me retrouver les week-ends sur les playgrounds de Bruxelles pour un petit foot ou basket entre potes. Parcourir la France, l'Europe et plus si affinit\u00e9s pour suivre mes sportifs pr\u00e9f\u00e9r\u00e9s ? Mon kif ! Et c'est avec plaisir que je partage les r\u00e9sultats des sports populaires mais \u00e9galement plus confidentiels pour Dicodusport.","sameAs":["https:\/\/x.com\/https:\/\/twitter.com\/Shiclette94"],"url":"https:\/\/dicodusport.fr\/blog\/author\/arlette\/"}]}},"_links":{"self":[{"href":"https:\/\/dicodusport.fr\/blog\/wp-json\/wp\/v2\/posts\/145053","targetHints":{"allow":["GET"]}}],"collection":[{"href":"https:\/\/dicodusport.fr\/blog\/wp-json\/wp\/v2\/posts"}],"about":[{"href":"https:\/\/dicodusport.fr\/blog\/wp-json\/wp\/v2\/types\/post"}],"author":[{"embeddable":true,"href":"https:\/\/dicodusport.fr\/blog\/wp-json\/wp\/v2\/users\/12"}],"replies":[{"embeddable":true,"href":"https:\/\/dicodusport.fr\/blog\/wp-json\/wp\/v2\/comments?post=145053"}],"version-history":[{"count":0,"href":"https:\/\/dicodusport.fr\/blog\/wp-json\/wp\/v2\/posts\/145053\/revisions"}],"wp:featuredmedia":[{"embeddable":true,"href":"https:\/\/dicodusport.fr\/blog\/wp-json\/wp\/v2\/media\/147700"}],"wp:attachment":[{"href":"https:\/\/dicodusport.fr\/blog\/wp-json\/wp\/v2\/media?parent=145053"}],"wp:term":[{"taxonomy":"category","embeddable":true,"href":"https:\/\/dicodusport.fr\/blog\/wp-json\/wp\/v2\/categories?post=145053"},{"taxonomy":"post_tag","embeddable":true,"href":"https:\/\/dicodusport.fr\/blog\/wp-json\/wp\/v2\/tags?post=145053"}],"curies":[{"name":"wp","href":"https:\/\/api.w.org\/{rel}","templated":true}]}}