{"id":145101,"date":"2021-07-08T11:36:30","date_gmt":"2021-07-08T09:36:30","guid":{"rendered":"https:\/\/dicodusport.fr\/blog\/?p=145101"},"modified":"2021-07-12T18:25:31","modified_gmt":"2021-07-12T16:25:31","slug":"ligue-1-un-mercato-ambitieux-pour-lom","status":"publish","type":"post","link":"https:\/\/dicodusport.fr\/blog\/ligue-1-un-mercato-ambitieux-pour-lom\/","title":{"rendered":"Ligue 1 : Un mercato ambitieux pour l\u2019OM"},"content":{"rendered":"<p style=\"text-align: justify;\"><em><strong>Mercato &#8211; En un petit mois de mercato, les dirigeants olympiens ont d\u00e9j\u00e0 d\u00e9pens\u00e9 39.5 m\u20ac pour des arriv\u00e9es de joueurs, soit le triple du budget du mercato estival de 2020. De beaux coups sont \u00e0 mettre en avant.<\/strong><\/em><\/p>\n<h2 style=\"text-align: justify;\">Plusieurs recrues int\u00e9ressantes<\/h2>\n<p style=\"text-align: justify;\">Une chose est s\u00fbre, l\u2019\u00e9quipe de l\u2019Olympique de Marseille va bien changer pour la saison prochaine. <strong>Gerson<\/strong>, arriv\u00e9 de Flamengo pour 25 m\u20ac, vient renforcer le milieu de terrain avec <strong>Matt\u00e9o Guendouzi<\/strong>, venu en pr\u00eat d\u2019Arsenal. L\u2019axe d\u00e9fensif recevra le soutien de <strong>Leonardo Balerdi<\/strong> qui quitte d\u00e9finitivement le Borussia Dortmund pour 11 m\u20ac. <strong>Cengiz \u00dcnder<\/strong> aura la lourde t\u00e2che de combler le d\u00e9part de <strong>Florian Thauvin<\/strong>, parti libre aux Tigres. Mais le recrutement de l\u2019ailier turc &#8211; sous forme de pr\u00eat payant avec une obligation d\u2019achat obligatoire &#8211; semble tr\u00e8s pertinent au vu de son niveau de jeu affich\u00e9 ces derni\u00e8res ann\u00e9es. L\u2019OM a \u00e9galement cibl\u00e9 des jeunes espoirs pour l\u2019avenir, notamment <strong>Konrad de la Fuente<\/strong>, qui \u00e9tait entr\u00e9 en jeu en Ligue des champions avec le Bar\u00e7a en d\u00e9but de saison.<\/p>\n<blockquote class=\"twitter-tweet\"><p>\u2508\u2508\u2508\u2508\u256d\u256f\u2570\u2570\u2570\u2570\u2570\u256e\u2508\u2508\u2508<br \/>\n\u2508\u2508\u2508\u2508\u2595\u256d\u2585\u256e\u256d\u2585\u256e\u258f\u2508\u2508\u2508<br \/>\n\u2508\u2595\u2594\u2594\u2594\u2594\u2594\u2594\u2594\u2594\u2594\u2594\u2594\u258f\u2508<br \/>\n\u256d\u2501\u256e<a href=\"https:\/\/twitter.com\/MatteoGuendouzi?ref_src=twsrc%5Etfw\">@matteoguendouzi<\/a>\u256d\u2501\u256e<br \/>\n\u2503\u2533\u256f \u2508est Olympien\u2508 \u2570\u2533\u2503<br \/>\n\u2503\u2523\u258f \u2508\u2508 &#x26aa;&#xfe0f; \u2508\u2508\u2508\u2595\u252b\u2503<br \/>\n\u2570\u2595\u2582\u2582\u2582\u2582\u2582\u2582\u2582\u2582\u2582\u2582\u2582\u258f\u256f <a href=\"https:\/\/t.co\/trk3WAKEDC\">pic.twitter.com\/trk3WAKEDC<\/a><\/p>\n<p>\u2014 Olympique de Marseille (@OM_Officiel) <a href=\"https:\/\/twitter.com\/OM_Officiel\/status\/1412362447508357121?ref_src=twsrc%5Etfw\">July 6, 2021<\/a><\/p><\/blockquote>\n<p><script async src=\"https:\/\/platform.twitter.com\/widgets.js\" charset=\"utf-8\"><\/script><\/p>\n<h2 style=\"text-align: justify;\">Aucun d\u00e9part majeur non compens\u00e9<\/h2>\n<p style=\"text-align: justify;\">C\u00f4t\u00e9 d\u00e9part, outre le d\u00e9part libre de <strong>Florian Thauvin<\/strong> qui, avant d\u2019\u00eatre remplac\u00e9 par <strong>Cengiz \u00dcnder<\/strong>, repr\u00e9sentait une grande perte pour l\u2019\u00e9quipe, aucun joueur majeur n\u2019a fait ses valises. <strong>Maxime Lopez<\/strong> a \u00e9t\u00e9 d\u00e9finitivement achet\u00e9 par Sassuolo et <strong>Hiroki Sakai<\/strong> est rentr\u00e9 au pays. Les pr\u00eats de <strong>Pol Lirola<\/strong>, <strong>Olivier Ntcham<\/strong> et <strong>Micha\u00ebl Cuisance<\/strong> sont en revanche termin\u00e9s et les trois joueurs ne porteront plus les couleurs olympiennes. Les supporters ont beaucoup critiqu\u00e9 les choix effectu\u00e9s et la frilosit\u00e9 des dirigeants sur le march\u00e9 des transferts ces derni\u00e8res ann\u00e9es. Leurs id\u00e9es les ont-elles convaincu dans ce premier mois de mercato ? En tout cas, impossible de remettre en questions les moyens financiers d\u00e9ploy\u00e9s : la balance transferts est n\u00e9gative de 36 m\u20ac, alors qu\u2019elle ne l\u2019\u00e9tait que de 5 m\u20ac l\u2019\u00e9t\u00e9 dernier et m\u00eame \u00e0 l\u2019\u00e9quilibre lors du mercato estival de 2019.<\/p>\n","protected":false},"excerpt":{"rendered":"<p>Mercato &#8211; En un petit mois de mercato, les dirigeants olympiens ont d\u00e9j\u00e0 d\u00e9pens\u00e9 39.5 m\u20ac pour des arriv\u00e9es de joueurs, soit le triple du budget du mercato estival de 2020. De beaux coups sont \u00e0 mettre en avant.<\/p>\n","protected":false},"author":57,"featured_media":145319,"comment_status":"open","ping_status":"closed","sticky":false,"template":"","format":"standard","meta":{"_acf_changed":false,"_daextam_enable_autolinks":"","footnotes":""},"categories":[47045],"tags":[17054,2924,1889],"class_list":["post-145101","post","type-post","status-publish","format-standard","has-post-thumbnail","hentry","category-ligue-1","tag-mercato-om","tag-olympique-de-marseille","tag-om"],"acf":[],"yoast_head":"<!-- This site is optimized with the Yoast SEO Premium plugin v26.7 (Yoast SEO v26.7) - https:\/\/yoast.com\/wordpress\/plugins\/seo\/ -->\n<title>Ligue 1 : Un mercato ambitieux pour l\u2019OM<\/title>\n<meta name=\"description\" content=\"Mercato - En un petit mois de mercato, les dirigeants olympiens ont d\u00e9j\u00e0 d\u00e9pens\u00e9 39.5 m\u20ac pour des arriv\u00e9es de joueurs, soit le triple du budget du mercato estival de 2020.\" \/>\n<meta name=\"robots\" content=\"index, follow, max-snippet:-1, max-image-preview:large, max-video-preview:-1\" \/>\n<link rel=\"canonical\" href=\"https:\/\/dicodusport.fr\/blog\/ligue-1-un-mercato-ambitieux-pour-lom\/\" \/>\n<meta property=\"og:locale\" content=\"fr_FR\" \/>\n<meta property=\"og:type\" content=\"article\" \/>\n<meta property=\"og:title\" content=\"Ligue 1 : Un mercato ambitieux pour l\u2019OM\" \/>\n<meta property=\"og:description\" content=\"Mercato - En un petit mois de mercato, les dirigeants olympiens ont d\u00e9j\u00e0 d\u00e9pens\u00e9 39.5 m\u20ac pour des arriv\u00e9es de joueurs, soit le triple du budget du mercato estival de 2020.\" \/>\n<meta property=\"og:url\" content=\"https:\/\/dicodusport.fr\/blog\/ligue-1-un-mercato-ambitieux-pour-lom\/\" \/>\n<meta property=\"og:site_name\" content=\"Dicodusport\" \/>\n<meta property=\"article:publisher\" content=\"https:\/\/www.facebook.com\/dicodusport\" \/>\n<meta property=\"article:published_time\" content=\"2021-07-08T09:36:30+00:00\" \/>\n<meta property=\"article:modified_time\" content=\"2021-07-12T16:25:31+00:00\" \/>\n<meta property=\"og:image\" content=\"https:\/\/dicodusport.fr\/blog\/wp-content\/uploads\/2021\/07\/Ligue-1-Un-mercato-ambitieux-pour-lOM.png\" \/>\n\t<meta property=\"og:image:width\" content=\"800\" \/>\n\t<meta property=\"og:image:height\" content=\"445\" \/>\n\t<meta property=\"og:image:type\" content=\"image\/png\" \/>\n<meta name=\"author\" content=\"Vincent Soubab\u00e8re\" \/>\n<meta name=\"twitter:card\" content=\"summary_large_image\" \/>\n<meta name=\"twitter:creator\" content=\"@dicodusport\" \/>\n<meta name=\"twitter:site\" content=\"@dicodusport\" \/>\n<script type=\"application\/ld+json\" class=\"yoast-schema-graph\">{\"@context\":\"https:\/\/schema.org\",\"@graph\":[{\"@type\":\"NewsArticle\",\"@id\":\"https:\/\/dicodusport.fr\/blog\/ligue-1-un-mercato-ambitieux-pour-lom\/#article\",\"isPartOf\":{\"@id\":\"https:\/\/dicodusport.fr\/blog\/ligue-1-un-mercato-ambitieux-pour-lom\/\"},\"author\":{\"name\":\"Vincent Soubab\u00e8re\",\"@id\":\"https:\/\/dicodusport.fr\/blog\/#\/schema\/person\/ba9487b5b85f57eecfb00513e982c05b\"},\"headline\":\"Ligue 1 : Un mercato ambitieux pour l\u2019OM\",\"datePublished\":\"2021-07-08T09:36:30+00:00\",\"dateModified\":\"2021-07-12T16:25:31+00:00\",\"mainEntityOfPage\":{\"@id\":\"https:\/\/dicodusport.fr\/blog\/ligue-1-un-mercato-ambitieux-pour-lom\/\"},\"wordCount\":384,\"commentCount\":0,\"publisher\":{\"@id\":\"https:\/\/dicodusport.fr\/blog\/#organization\"},\"image\":{\"@id\":\"https:\/\/dicodusport.fr\/blog\/ligue-1-un-mercato-ambitieux-pour-lom\/#primaryimage\"},\"thumbnailUrl\":\"https:\/\/dicodusport.fr\/blog\/wp-content\/uploads\/2021\/07\/Ligue-1-Un-mercato-ambitieux-pour-lOM.png\",\"keywords\":[\"Mercato OM\",\"Olympique de Marseille\",\"OM\"],\"articleSection\":[\"Ligue 1\"],\"inLanguage\":\"fr-FR\",\"potentialAction\":[{\"@type\":\"CommentAction\",\"name\":\"Comment\",\"target\":[\"https:\/\/dicodusport.fr\/blog\/ligue-1-un-mercato-ambitieux-pour-lom\/#respond\"]}],\"copyrightYear\":\"2021\",\"copyrightHolder\":{\"@id\":\"https:\/\/dicodusport.fr\/blog\/#organization\"}},{\"@type\":\"WebPage\",\"@id\":\"https:\/\/dicodusport.fr\/blog\/ligue-1-un-mercato-ambitieux-pour-lom\/\",\"url\":\"https:\/\/dicodusport.fr\/blog\/ligue-1-un-mercato-ambitieux-pour-lom\/\",\"name\":\"Ligue 1 : Un mercato ambitieux pour l\u2019OM\",\"isPartOf\":{\"@id\":\"https:\/\/dicodusport.fr\/blog\/#website\"},\"primaryImageOfPage\":{\"@id\":\"https:\/\/dicodusport.fr\/blog\/ligue-1-un-mercato-ambitieux-pour-lom\/#primaryimage\"},\"image\":{\"@id\":\"https:\/\/dicodusport.fr\/blog\/ligue-1-un-mercato-ambitieux-pour-lom\/#primaryimage\"},\"thumbnailUrl\":\"https:\/\/dicodusport.fr\/blog\/wp-content\/uploads\/2021\/07\/Ligue-1-Un-mercato-ambitieux-pour-lOM.png\",\"datePublished\":\"2021-07-08T09:36:30+00:00\",\"dateModified\":\"2021-07-12T16:25:31+00:00\",\"description\":\"Mercato - En un petit mois de mercato, les dirigeants olympiens ont d\u00e9j\u00e0 d\u00e9pens\u00e9 39.5 m\u20ac pour des arriv\u00e9es de joueurs, soit le triple du budget du mercato estival de 2020.\",\"breadcrumb\":{\"@id\":\"https:\/\/dicodusport.fr\/blog\/ligue-1-un-mercato-ambitieux-pour-lom\/#breadcrumb\"},\"inLanguage\":\"fr-FR\",\"potentialAction\":[{\"@type\":\"ReadAction\",\"target\":[\"https:\/\/dicodusport.fr\/blog\/ligue-1-un-mercato-ambitieux-pour-lom\/\"]}]},{\"@type\":\"ImageObject\",\"inLanguage\":\"fr-FR\",\"@id\":\"https:\/\/dicodusport.fr\/blog\/ligue-1-un-mercato-ambitieux-pour-lom\/#primaryimage\",\"url\":\"https:\/\/dicodusport.fr\/blog\/wp-content\/uploads\/2021\/07\/Ligue-1-Un-mercato-ambitieux-pour-lOM.png\",\"contentUrl\":\"https:\/\/dicodusport.fr\/blog\/wp-content\/uploads\/2021\/07\/Ligue-1-Un-mercato-ambitieux-pour-lOM.png\",\"width\":800,\"height\":445,\"caption\":\"Ligue 1 Un mercato ambitieux pour l\u2019OM\"},{\"@type\":\"BreadcrumbList\",\"@id\":\"https:\/\/dicodusport.fr\/blog\/ligue-1-un-mercato-ambitieux-pour-lom\/#breadcrumb\",\"itemListElement\":[{\"@type\":\"ListItem\",\"position\":1,\"name\":\"Accueil\",\"item\":\"https:\/\/dicodusport.fr\/blog\/\"},{\"@type\":\"ListItem\",\"position\":2,\"name\":\"Ligue 1 : Un mercato ambitieux pour l\u2019OM\"}]},{\"@type\":\"WebSite\",\"@id\":\"https:\/\/dicodusport.fr\/blog\/#website\",\"url\":\"https:\/\/dicodusport.fr\/blog\/\",\"name\":\"Dicodusport\",\"description\":\"L&#039;encyclop\u00e9die de l&#039;actualit\u00e9 sportive\",\"publisher\":{\"@id\":\"https:\/\/dicodusport.fr\/blog\/#organization\"},\"potentialAction\":[{\"@type\":\"SearchAction\",\"target\":{\"@type\":\"EntryPoint\",\"urlTemplate\":\"https:\/\/dicodusport.fr\/blog\/?s={search_term_string}\"},\"query-input\":{\"@type\":\"PropertyValueSpecification\",\"valueRequired\":true,\"valueName\":\"search_term_string\"}}],\"inLanguage\":\"fr-FR\"},{\"@type\":\"NewsMediaOrganization\",\"@id\":\"https:\/\/dicodusport.fr\/blog\/#organization\",\"name\":\"Dicodusport\",\"url\":\"https:\/\/dicodusport.fr\/blog\/\",\"logo\":{\"@type\":\"ImageObject\",\"inLanguage\":\"fr-FR\",\"@id\":\"https:\/\/dicodusport.fr\/blog\/#\/schema\/logo\/image\/\",\"url\":\"https:\/\/dicodusport.fr\/blog\/wp-content\/uploads\/2020\/06\/cropped-LOGO-DICODUSPORT-2020-SANS-FOND-SANS-TEXTE.png\",\"contentUrl\":\"https:\/\/dicodusport.fr\/blog\/wp-content\/uploads\/2020\/06\/cropped-LOGO-DICODUSPORT-2020-SANS-FOND-SANS-TEXTE.png\",\"width\":512,\"height\":512,\"caption\":\"Dicodusport\"},\"image\":{\"@id\":\"https:\/\/dicodusport.fr\/blog\/#\/schema\/logo\/image\/\"},\"sameAs\":[\"https:\/\/www.facebook.com\/dicodusport\",\"https:\/\/x.com\/dicodusport\",\"https:\/\/www.instagram.com\/dicodusport\/\",\"https:\/\/www.youtube.com\/channel\/UC7V2KZ5sd3htJivAbA4ZG3w\"],\"description\":\"Dicodusport est l'encyclop\u00e9die de l'actualit\u00e9 sportive.\",\"email\":\"bonjour@dicodusport.fr\",\"legalName\":\"DICODUSPORT\",\"foundingDate\":\"2018-01-14\",\"vatID\":\"FR71834470973\",\"taxID\":\"83447097300043\",\"numberOfEmployees\":{\"@type\":\"QuantitativeValue\",\"minValue\":\"1\",\"maxValue\":\"10\"}},{\"@type\":\"Person\",\"@id\":\"https:\/\/dicodusport.fr\/blog\/#\/schema\/person\/ba9487b5b85f57eecfb00513e982c05b\",\"name\":\"Vincent Soubab\u00e8re\",\"image\":{\"@type\":\"ImageObject\",\"inLanguage\":\"fr-FR\",\"@id\":\"https:\/\/dicodusport.fr\/blog\/#\/schema\/person\/image\/\",\"url\":\"https:\/\/dicodusport.fr\/blog\/wp-content\/uploads\/2021\/05\/Vincent-Soubabere-150x150.jpg\",\"contentUrl\":\"https:\/\/dicodusport.fr\/blog\/wp-content\/uploads\/2021\/05\/Vincent-Soubabere-150x150.jpg\",\"caption\":\"Vincent Soubab\u00e8re\"},\"description\":\"Journaliste\/r\u00e9dacteur depuis ao\u00fbt 2018 - Passionn\u00e9 de sport depuis tout petit, je me suis logiquement tourn\u00e9 vers le journalisme sportif depuis ao\u00fbt 2018. Grand supporter des Girondins, je suis aussi un fan de football. Je pratique le tennis et suis l'actualit\u00e9 de la petite balle jaune. En juillet, vous risquez de me croiser sur les routes du Tour.\",\"url\":\"https:\/\/dicodusport.fr\/blog\/author\/vincents\/\"}]}<\/script>\n<!-- \/ Yoast SEO Premium plugin. -->","yoast_head_json":{"title":"Ligue 1 : Un mercato ambitieux pour l\u2019OM","description":"Mercato - En un petit mois de mercato, les dirigeants olympiens ont d\u00e9j\u00e0 d\u00e9pens\u00e9 39.5 m\u20ac pour des arriv\u00e9es de joueurs, soit le triple du budget du mercato estival de 2020.","robots":{"index":"index","follow":"follow","max-snippet":"max-snippet:-1","max-image-preview":"max-image-preview:large","max-video-preview":"max-video-preview:-1"},"canonical":"https:\/\/dicodusport.fr\/blog\/ligue-1-un-mercato-ambitieux-pour-lom\/","og_locale":"fr_FR","og_type":"article","og_title":"Ligue 1 : Un mercato ambitieux pour l\u2019OM","og_description":"Mercato - En un petit mois de mercato, les dirigeants olympiens ont d\u00e9j\u00e0 d\u00e9pens\u00e9 39.5 m\u20ac pour des arriv\u00e9es de joueurs, soit le triple du budget du mercato estival de 2020.","og_url":"https:\/\/dicodusport.fr\/blog\/ligue-1-un-mercato-ambitieux-pour-lom\/","og_site_name":"Dicodusport","article_publisher":"https:\/\/www.facebook.com\/dicodusport","article_published_time":"2021-07-08T09:36:30+00:00","article_modified_time":"2021-07-12T16:25:31+00:00","og_image":[{"width":800,"height":445,"url":"https:\/\/dicodusport.fr\/blog\/wp-content\/uploads\/2021\/07\/Ligue-1-Un-mercato-ambitieux-pour-lOM.png","type":"image\/png"}],"author":"Vincent Soubab\u00e8re","twitter_card":"summary_large_image","twitter_creator":"@dicodusport","twitter_site":"@dicodusport","schema":{"@context":"https:\/\/schema.org","@graph":[{"@type":"NewsArticle","@id":"https:\/\/dicodusport.fr\/blog\/ligue-1-un-mercato-ambitieux-pour-lom\/#article","isPartOf":{"@id":"https:\/\/dicodusport.fr\/blog\/ligue-1-un-mercato-ambitieux-pour-lom\/"},"author":{"name":"Vincent Soubab\u00e8re","@id":"https:\/\/dicodusport.fr\/blog\/#\/schema\/person\/ba9487b5b85f57eecfb00513e982c05b"},"headline":"Ligue 1 : Un mercato ambitieux pour l\u2019OM","datePublished":"2021-07-08T09:36:30+00:00","dateModified":"2021-07-12T16:25:31+00:00","mainEntityOfPage":{"@id":"https:\/\/dicodusport.fr\/blog\/ligue-1-un-mercato-ambitieux-pour-lom\/"},"wordCount":384,"commentCount":0,"publisher":{"@id":"https:\/\/dicodusport.fr\/blog\/#organization"},"image":{"@id":"https:\/\/dicodusport.fr\/blog\/ligue-1-un-mercato-ambitieux-pour-lom\/#primaryimage"},"thumbnailUrl":"https:\/\/dicodusport.fr\/blog\/wp-content\/uploads\/2021\/07\/Ligue-1-Un-mercato-ambitieux-pour-lOM.png","keywords":["Mercato OM","Olympique de Marseille","OM"],"articleSection":["Ligue 1"],"inLanguage":"fr-FR","potentialAction":[{"@type":"CommentAction","name":"Comment","target":["https:\/\/dicodusport.fr\/blog\/ligue-1-un-mercato-ambitieux-pour-lom\/#respond"]}],"copyrightYear":"2021","copyrightHolder":{"@id":"https:\/\/dicodusport.fr\/blog\/#organization"}},{"@type":"WebPage","@id":"https:\/\/dicodusport.fr\/blog\/ligue-1-un-mercato-ambitieux-pour-lom\/","url":"https:\/\/dicodusport.fr\/blog\/ligue-1-un-mercato-ambitieux-pour-lom\/","name":"Ligue 1 : Un mercato ambitieux pour l\u2019OM","isPartOf":{"@id":"https:\/\/dicodusport.fr\/blog\/#website"},"primaryImageOfPage":{"@id":"https:\/\/dicodusport.fr\/blog\/ligue-1-un-mercato-ambitieux-pour-lom\/#primaryimage"},"image":{"@id":"https:\/\/dicodusport.fr\/blog\/ligue-1-un-mercato-ambitieux-pour-lom\/#primaryimage"},"thumbnailUrl":"https:\/\/dicodusport.fr\/blog\/wp-content\/uploads\/2021\/07\/Ligue-1-Un-mercato-ambitieux-pour-lOM.png","datePublished":"2021-07-08T09:36:30+00:00","dateModified":"2021-07-12T16:25:31+00:00","description":"Mercato - En un petit mois de mercato, les dirigeants olympiens ont d\u00e9j\u00e0 d\u00e9pens\u00e9 39.5 m\u20ac pour des arriv\u00e9es de joueurs, soit le triple du budget du mercato estival de 2020.","breadcrumb":{"@id":"https:\/\/dicodusport.fr\/blog\/ligue-1-un-mercato-ambitieux-pour-lom\/#breadcrumb"},"inLanguage":"fr-FR","potentialAction":[{"@type":"ReadAction","target":["https:\/\/dicodusport.fr\/blog\/ligue-1-un-mercato-ambitieux-pour-lom\/"]}]},{"@type":"ImageObject","inLanguage":"fr-FR","@id":"https:\/\/dicodusport.fr\/blog\/ligue-1-un-mercato-ambitieux-pour-lom\/#primaryimage","url":"https:\/\/dicodusport.fr\/blog\/wp-content\/uploads\/2021\/07\/Ligue-1-Un-mercato-ambitieux-pour-lOM.png","contentUrl":"https:\/\/dicodusport.fr\/blog\/wp-content\/uploads\/2021\/07\/Ligue-1-Un-mercato-ambitieux-pour-lOM.png","width":800,"height":445,"caption":"Ligue 1 Un mercato ambitieux pour l\u2019OM"},{"@type":"BreadcrumbList","@id":"https:\/\/dicodusport.fr\/blog\/ligue-1-un-mercato-ambitieux-pour-lom\/#breadcrumb","itemListElement":[{"@type":"ListItem","position":1,"name":"Accueil","item":"https:\/\/dicodusport.fr\/blog\/"},{"@type":"ListItem","position":2,"name":"Ligue 1 : Un mercato ambitieux pour l\u2019OM"}]},{"@type":"WebSite","@id":"https:\/\/dicodusport.fr\/blog\/#website","url":"https:\/\/dicodusport.fr\/blog\/","name":"Dicodusport","description":"L&#039;encyclop\u00e9die de l&#039;actualit\u00e9 sportive","publisher":{"@id":"https:\/\/dicodusport.fr\/blog\/#organization"},"potentialAction":[{"@type":"SearchAction","target":{"@type":"EntryPoint","urlTemplate":"https:\/\/dicodusport.fr\/blog\/?s={search_term_string}"},"query-input":{"@type":"PropertyValueSpecification","valueRequired":true,"valueName":"search_term_string"}}],"inLanguage":"fr-FR"},{"@type":"NewsMediaOrganization","@id":"https:\/\/dicodusport.fr\/blog\/#organization","name":"Dicodusport","url":"https:\/\/dicodusport.fr\/blog\/","logo":{"@type":"ImageObject","inLanguage":"fr-FR","@id":"https:\/\/dicodusport.fr\/blog\/#\/schema\/logo\/image\/","url":"https:\/\/dicodusport.fr\/blog\/wp-content\/uploads\/2020\/06\/cropped-LOGO-DICODUSPORT-2020-SANS-FOND-SANS-TEXTE.png","contentUrl":"https:\/\/dicodusport.fr\/blog\/wp-content\/uploads\/2020\/06\/cropped-LOGO-DICODUSPORT-2020-SANS-FOND-SANS-TEXTE.png","width":512,"height":512,"caption":"Dicodusport"},"image":{"@id":"https:\/\/dicodusport.fr\/blog\/#\/schema\/logo\/image\/"},"sameAs":["https:\/\/www.facebook.com\/dicodusport","https:\/\/x.com\/dicodusport","https:\/\/www.instagram.com\/dicodusport\/","https:\/\/www.youtube.com\/channel\/UC7V2KZ5sd3htJivAbA4ZG3w"],"description":"Dicodusport est l'encyclop\u00e9die de l'actualit\u00e9 sportive.","email":"bonjour@dicodusport.fr","legalName":"DICODUSPORT","foundingDate":"2018-01-14","vatID":"FR71834470973","taxID":"83447097300043","numberOfEmployees":{"@type":"QuantitativeValue","minValue":"1","maxValue":"10"}},{"@type":"Person","@id":"https:\/\/dicodusport.fr\/blog\/#\/schema\/person\/ba9487b5b85f57eecfb00513e982c05b","name":"Vincent Soubab\u00e8re","image":{"@type":"ImageObject","inLanguage":"fr-FR","@id":"https:\/\/dicodusport.fr\/blog\/#\/schema\/person\/image\/","url":"https:\/\/dicodusport.fr\/blog\/wp-content\/uploads\/2021\/05\/Vincent-Soubabere-150x150.jpg","contentUrl":"https:\/\/dicodusport.fr\/blog\/wp-content\/uploads\/2021\/05\/Vincent-Soubabere-150x150.jpg","caption":"Vincent Soubab\u00e8re"},"description":"Journaliste\/r\u00e9dacteur depuis ao\u00fbt 2018 - Passionn\u00e9 de sport depuis tout petit, je me suis logiquement tourn\u00e9 vers le journalisme sportif depuis ao\u00fbt 2018. Grand supporter des Girondins, je suis aussi un fan de football. Je pratique le tennis et suis l'actualit\u00e9 de la petite balle jaune. En juillet, vous risquez de me croiser sur les routes du Tour.","url":"https:\/\/dicodusport.fr\/blog\/author\/vincents\/"}]}},"_links":{"self":[{"href":"https:\/\/dicodusport.fr\/blog\/wp-json\/wp\/v2\/posts\/145101","targetHints":{"allow":["GET"]}}],"collection":[{"href":"https:\/\/dicodusport.fr\/blog\/wp-json\/wp\/v2\/posts"}],"about":[{"href":"https:\/\/dicodusport.fr\/blog\/wp-json\/wp\/v2\/types\/post"}],"author":[{"embeddable":true,"href":"https:\/\/dicodusport.fr\/blog\/wp-json\/wp\/v2\/users\/57"}],"replies":[{"embeddable":true,"href":"https:\/\/dicodusport.fr\/blog\/wp-json\/wp\/v2\/comments?post=145101"}],"version-history":[{"count":0,"href":"https:\/\/dicodusport.fr\/blog\/wp-json\/wp\/v2\/posts\/145101\/revisions"}],"wp:featuredmedia":[{"embeddable":true,"href":"https:\/\/dicodusport.fr\/blog\/wp-json\/wp\/v2\/media\/145319"}],"wp:attachment":[{"href":"https:\/\/dicodusport.fr\/blog\/wp-json\/wp\/v2\/media?parent=145101"}],"wp:term":[{"taxonomy":"category","embeddable":true,"href":"https:\/\/dicodusport.fr\/blog\/wp-json\/wp\/v2\/categories?post=145101"},{"taxonomy":"post_tag","embeddable":true,"href":"https:\/\/dicodusport.fr\/blog\/wp-json\/wp\/v2\/tags?post=145101"}],"curies":[{"name":"wp","href":"https:\/\/api.w.org\/{rel}","templated":true}]}}