{"id":145126,"date":"2021-07-07T20:57:50","date_gmt":"2021-07-07T18:57:50","guid":{"rendered":"https:\/\/dicodusport.fr\/blog\/?p=145126"},"modified":"2021-07-08T11:17:33","modified_gmt":"2021-07-08T09:17:33","slug":"jeep-elite-cholet-libere-son-emblematique-entraineur-erman-kunter","status":"publish","type":"post","link":"https:\/\/dicodusport.fr\/blog\/jeep-elite-cholet-libere-son-emblematique-entraineur-erman-kunter\/","title":{"rendered":"Jeep Elite\u00a0: Cholet lib\u00e8re son embl\u00e9matique entra\u00eeneur Erman Kunter"},"content":{"rendered":"<p align=\"justify\"><em><b>Depuis ce week-end, le bruit de couloir n\u2019a cess\u00e9 de s\u2019amplifier et c\u2019est d\u00e9sormais officiel : Cholet se s\u00e9pare d\u2019Erman Kunter. Sous contrat jusqu\u2019\u00e0 l\u2019\u00e9t\u00e9 2022, l\u2019entra\u00eeneur turc n\u2019ira donc pas au bout de son contrat.<\/b><\/em><\/p>\n<p align=\"justify\">La derni\u00e8re saison a \u00e9t\u00e9 \u00e9prouvante du c\u00f4t\u00e9 de <b>Cholet<\/b>, et l\u2019intersaison est pour le moment du m\u00eame acabit. A la lutte pour le maintien tout au long de la saison, le club du Maine-et-Loire s\u2019est sauv\u00e9 dans les derniers instants, arrachant au final une insignifiante 14<sup>e<\/sup> place. Une \u00e9norme d\u00e9ception apr\u00e8s avoir connu la <b>Ligue des Champions <\/b><b>en terminant<\/b><b> <\/b>\u00e0 la 6<sup>e<\/sup> place d\u2019une saison tronqu\u00e9e.<\/p>\n<h2 align=\"justify\"><b>Un pilier de l\u2019histoire du Cholet Basket<\/b><\/h2>\n<p align=\"justify\">L\u2019histoire se termine donc pr\u00e9matur\u00e9ment alors qu\u2019elle aurait d\u00fb continuer une saison de plus. Une triste fin pour une v\u00e9ritable l\u00e9gende vivante du Cholet Basket. <b>Erman Kunter<\/b> a ainsi \u00e9t\u00e9 \u00e0 la t\u00eate de l\u2019\u00e9quipe durant dix saisons, entre 2003 et 2004, puis 2006 et 2012, et enfin entre 2018 et 2021. Le coach turc a profit\u00e9 de son deuxi\u00e8me passage pour remplir l\u2019armoire \u00e0 troph\u00e9e du club en remportant la <b>Semaine des As<\/b> en 2008 mais surtout le <b>Match des Champions<\/b> et le titre de <strong>c<\/strong><b>hampion de France<\/b> en 2010. L\u2019ann\u00e9e suivante, il effectue une nouvelle saison exceptionnelle, \u00e9chouant seulement en finale de Jeep \u00c9lite (Pro A \u00e0 l\u2019\u00e9poque), tout en \u00e9tant \u00e9lu meilleur entra\u00eeneur de l\u2019ann\u00e9e.<\/p>\n<p align=\"justify\">Revenu au milieu de la saison 2018-2019, il avait permis \u00e0 l\u2019\u00e9quipe de se maintenir en <b>Jeep \u00c9lite<\/b> avant donc de retrouver l\u2019Europe. Cependant, la saison \u00e9coul\u00e9e a \u00e9t\u00e9 beaucoup plus compliqu\u00e9e, et le coach turc a \u00e9t\u00e9 critiqu\u00e9 pour ses choix et le peu de temps de jeu donn\u00e9 aux jeunes du club. Le club a donc d\u00e9cid\u00e9 de trancher dans le vif en choisissant de se d\u00e9lester d\u2019un homme qui a grandement contribu\u00e9 \u00e0 l\u2019histoire du club. Il quitte donc le Maine-et-Loire avec 416 rencontres au compteur, pour 231 victoires.<\/p>\n<blockquote class=\"twitter-tweet\">\n<p dir=\"ltr\" lang=\"fr\">Cholet Basket se s\u00e9pare d&rsquo;Erman Kunter, une page se tourne.<\/p>\n<p>Apr\u00e8s s\u2019\u00eatre entretenus longuement ces derniers jours, les dirigeants de Cholet Basket et son entra\u00eeneur Erman KUNTER ont d\u00e9cid\u00e9 de mettre un terme \u00e0 leur collaboration.<\/p>\n<p>Infos &#x27a1; <a href=\"https:\/\/t.co\/91mxeclu5j\">https:\/\/t.co\/91mxeclu5j<\/a><a href=\"https:\/\/twitter.com\/hashtag\/CBFAMILY?src=hash&amp;ref_src=twsrc%5Etfw\">#CBFAMILY<\/a> <a href=\"https:\/\/t.co\/nChLxw01FW\">pic.twitter.com\/nChLxw01FW<\/a><\/p>\n<p>\u2014 Cholet Basket (@CB_officiel) <a href=\"https:\/\/twitter.com\/CB_officiel\/status\/1412698021855383554?ref_src=twsrc%5Etfw\">July 7, 2021<\/a><\/p><\/blockquote>\n<p><script async src=\"https:\/\/platform.twitter.com\/widgets.js\" charset=\"utf-8\"><\/script><\/p>\n<h2 align=\"justify\"><strong>Un successeur la semaine prochaine<\/strong><\/h2>\n<p align=\"justify\">D\u00e9sormais sans entra\u00eeneur, le <b>Cholet Basket<\/b> est donc en qu\u00eate d\u2019un successeur \u00e0 Erman Kunter, comme l\u2019a pr\u00e9cis\u00e9 le pr\u00e9sident, <b>J\u00e9r\u00f4me Merignac<\/b>, en conf\u00e9rence de presse\u00a0: \u00ab\u00a0<em>Nous avons attendu que la situation soit r\u00e9gl\u00e9e avec Erman et depuis hier soir on a d\u00e9but\u00e9 les recherches d\u2019un nouvel entra\u00eeneur. Des entretiens sont d\u00e9j\u00e0 pr\u00e9vus. Nous en saurons plus en d\u00e9but de semaine prochaine<\/em> <em>\u00bb<\/em>.<\/p>\n<p align=\"justify\">Il faudra donc patienter durant quelques jours avant de conna\u00eetre l\u2019homme qui tentera de relancer le CB. Annonc\u00e9e avec insistance par les m\u00e9dias locaux, l&rsquo;arriv\u00e9e de <strong>Val\u00e9ry Demory<\/strong> n&rsquo;est pas \u00e0 l&rsquo;ordre du jour : <em>\u00ab<\/em> <em>Pour remettre les choses \u00e0 plat, en aucune fa\u00e7on nous avons \u00e9t\u00e9 en contact avec Val\u00e9ry Demory \u00bb.<\/em> Ancien coach de l&rsquo;ASVEL f\u00e9minine, ce dernier reste une piste cr\u00e9dible, qui pourrait correspondre au projet choletais qui veut de nouveau mettre la formation au premier plan.<\/p>\n<p align=\"justify\">\n","protected":false},"excerpt":{"rendered":"<p>Depuis ce week-end, le bruit de couloir n\u2019a cess\u00e9 de s\u2019amplifier et c\u2019est d\u00e9sormais officiel : Cholet se s\u00e9pare d\u2019Erman Kunter. Sous contrat jusqu\u2019\u00e0 l\u2019\u00e9t\u00e9 2022, l\u2019entra\u00eeneur turc n\u2019ira donc pas au bout de son contrat.<\/p>\n","protected":false},"author":55,"featured_media":145220,"comment_status":"open","ping_status":"closed","sticky":false,"template":"","format":"standard","meta":{"_acf_changed":false,"_daextam_enable_autolinks":"","footnotes":""},"categories":[2305],"tags":[5421,8271],"class_list":["post-145126","post","type-post","status-publish","format-standard","has-post-thumbnail","hentry","category-basket-ball","tag-cholet","tag-jeep-elite"],"acf":[],"yoast_head":"<!-- This site is optimized with the Yoast SEO Premium plugin v26.7 (Yoast SEO v26.7) - https:\/\/yoast.com\/wordpress\/plugins\/seo\/ -->\n<title>Jeep Elite\u00a0: Cholet lib\u00e8re son embl\u00e9matique entra\u00eeneur Erman Kunter<\/title>\n<meta name=\"description\" content=\"Depuis ce week-end, le bruit de couloir n\u2019a cess\u00e9 de s\u2019amplifier et c\u2019est d\u00e9sormais officiel : Cholet se s\u00e9pare d\u2019Erman Kunter.\" \/>\n<meta name=\"robots\" content=\"index, follow, max-snippet:-1, max-image-preview:large, max-video-preview:-1\" \/>\n<link rel=\"canonical\" href=\"https:\/\/dicodusport.fr\/blog\/jeep-elite-cholet-libere-son-emblematique-entraineur-erman-kunter\/\" \/>\n<meta property=\"og:locale\" content=\"fr_FR\" \/>\n<meta property=\"og:type\" content=\"article\" \/>\n<meta property=\"og:title\" content=\"Jeep Elite\u00a0: Cholet lib\u00e8re son embl\u00e9matique entra\u00eeneur Erman Kunter\" \/>\n<meta property=\"og:description\" content=\"Depuis ce week-end, le bruit de couloir n\u2019a cess\u00e9 de s\u2019amplifier et c\u2019est d\u00e9sormais officiel : Cholet se s\u00e9pare d\u2019Erman Kunter.\" \/>\n<meta property=\"og:url\" content=\"https:\/\/dicodusport.fr\/blog\/jeep-elite-cholet-libere-son-emblematique-entraineur-erman-kunter\/\" \/>\n<meta property=\"og:site_name\" content=\"Dicodusport\" \/>\n<meta property=\"article:publisher\" content=\"https:\/\/www.facebook.com\/dicodusport\" \/>\n<meta property=\"article:published_time\" content=\"2021-07-07T18:57:50+00:00\" \/>\n<meta property=\"article:modified_time\" content=\"2021-07-08T09:17:33+00:00\" \/>\n<meta property=\"og:image\" content=\"https:\/\/dicodusport.fr\/blog\/wp-content\/uploads\/2021\/07\/Jeep-Elite-Cholet-libere-son-emblematique-entraineur-Erman-Kunter.png\" \/>\n\t<meta property=\"og:image:width\" content=\"800\" \/>\n\t<meta property=\"og:image:height\" content=\"445\" \/>\n\t<meta property=\"og:image:type\" content=\"image\/png\" \/>\n<meta name=\"author\" content=\"Maxime Cazenave\" \/>\n<meta name=\"twitter:card\" content=\"summary_large_image\" \/>\n<meta name=\"twitter:title\" content=\"Jeep Elite\u00a0: Cholet lib\u00e8re son embl\u00e9matique entra\u00eeneur Erman Kunter\" \/>\n<meta name=\"twitter:creator\" content=\"@https:\/\/twitter.com\/Maxime_Caze\" \/>\n<meta name=\"twitter:site\" content=\"@dicodusport\" \/>\n<script type=\"application\/ld+json\" class=\"yoast-schema-graph\">{\"@context\":\"https:\/\/schema.org\",\"@graph\":[{\"@type\":\"NewsArticle\",\"@id\":\"https:\/\/dicodusport.fr\/blog\/jeep-elite-cholet-libere-son-emblematique-entraineur-erman-kunter\/#article\",\"isPartOf\":{\"@id\":\"https:\/\/dicodusport.fr\/blog\/jeep-elite-cholet-libere-son-emblematique-entraineur-erman-kunter\/\"},\"author\":{\"name\":\"Maxime Cazenave\",\"@id\":\"https:\/\/dicodusport.fr\/blog\/#\/schema\/person\/37def232098a7a5cbab3974a3690abb0\"},\"headline\":\"Jeep Elite\u00a0: Cholet lib\u00e8re son embl\u00e9matique entra\u00eeneur Erman Kunter\",\"datePublished\":\"2021-07-07T18:57:50+00:00\",\"dateModified\":\"2021-07-08T09:17:33+00:00\",\"mainEntityOfPage\":{\"@id\":\"https:\/\/dicodusport.fr\/blog\/jeep-elite-cholet-libere-son-emblematique-entraineur-erman-kunter\/\"},\"wordCount\":594,\"commentCount\":0,\"publisher\":{\"@id\":\"https:\/\/dicodusport.fr\/blog\/#organization\"},\"image\":{\"@id\":\"https:\/\/dicodusport.fr\/blog\/jeep-elite-cholet-libere-son-emblematique-entraineur-erman-kunter\/#primaryimage\"},\"thumbnailUrl\":\"https:\/\/dicodusport.fr\/blog\/wp-content\/uploads\/2021\/07\/Jeep-Elite-Cholet-libere-son-emblematique-entraineur-Erman-Kunter.png\",\"keywords\":[\"Cholet\",\"Jeep Elite\"],\"articleSection\":[\"Basket-ball\"],\"inLanguage\":\"fr-FR\",\"potentialAction\":[{\"@type\":\"CommentAction\",\"name\":\"Comment\",\"target\":[\"https:\/\/dicodusport.fr\/blog\/jeep-elite-cholet-libere-son-emblematique-entraineur-erman-kunter\/#respond\"]}],\"copyrightYear\":\"2021\",\"copyrightHolder\":{\"@id\":\"https:\/\/dicodusport.fr\/blog\/#organization\"}},{\"@type\":\"WebPage\",\"@id\":\"https:\/\/dicodusport.fr\/blog\/jeep-elite-cholet-libere-son-emblematique-entraineur-erman-kunter\/\",\"url\":\"https:\/\/dicodusport.fr\/blog\/jeep-elite-cholet-libere-son-emblematique-entraineur-erman-kunter\/\",\"name\":\"Jeep Elite\u00a0: Cholet lib\u00e8re son embl\u00e9matique entra\u00eeneur Erman Kunter\",\"isPartOf\":{\"@id\":\"https:\/\/dicodusport.fr\/blog\/#website\"},\"primaryImageOfPage\":{\"@id\":\"https:\/\/dicodusport.fr\/blog\/jeep-elite-cholet-libere-son-emblematique-entraineur-erman-kunter\/#primaryimage\"},\"image\":{\"@id\":\"https:\/\/dicodusport.fr\/blog\/jeep-elite-cholet-libere-son-emblematique-entraineur-erman-kunter\/#primaryimage\"},\"thumbnailUrl\":\"https:\/\/dicodusport.fr\/blog\/wp-content\/uploads\/2021\/07\/Jeep-Elite-Cholet-libere-son-emblematique-entraineur-Erman-Kunter.png\",\"datePublished\":\"2021-07-07T18:57:50+00:00\",\"dateModified\":\"2021-07-08T09:17:33+00:00\",\"description\":\"Depuis ce week-end, le bruit de couloir n\u2019a cess\u00e9 de s\u2019amplifier et c\u2019est d\u00e9sormais officiel : Cholet se s\u00e9pare d\u2019Erman Kunter.\",\"breadcrumb\":{\"@id\":\"https:\/\/dicodusport.fr\/blog\/jeep-elite-cholet-libere-son-emblematique-entraineur-erman-kunter\/#breadcrumb\"},\"inLanguage\":\"fr-FR\",\"potentialAction\":[{\"@type\":\"ReadAction\",\"target\":[\"https:\/\/dicodusport.fr\/blog\/jeep-elite-cholet-libere-son-emblematique-entraineur-erman-kunter\/\"]}]},{\"@type\":\"ImageObject\",\"inLanguage\":\"fr-FR\",\"@id\":\"https:\/\/dicodusport.fr\/blog\/jeep-elite-cholet-libere-son-emblematique-entraineur-erman-kunter\/#primaryimage\",\"url\":\"https:\/\/dicodusport.fr\/blog\/wp-content\/uploads\/2021\/07\/Jeep-Elite-Cholet-libere-son-emblematique-entraineur-Erman-Kunter.png\",\"contentUrl\":\"https:\/\/dicodusport.fr\/blog\/wp-content\/uploads\/2021\/07\/Jeep-Elite-Cholet-libere-son-emblematique-entraineur-Erman-Kunter.png\",\"width\":800,\"height\":445,\"caption\":\"Jeep Elite\u00a0: Cholet lib\u00e8re son embl\u00e9matique entra\u00eeneur Erman Kunter\"},{\"@type\":\"BreadcrumbList\",\"@id\":\"https:\/\/dicodusport.fr\/blog\/jeep-elite-cholet-libere-son-emblematique-entraineur-erman-kunter\/#breadcrumb\",\"itemListElement\":[{\"@type\":\"ListItem\",\"position\":1,\"name\":\"Accueil\",\"item\":\"https:\/\/dicodusport.fr\/blog\/\"},{\"@type\":\"ListItem\",\"position\":2,\"name\":\"Jeep Elite\u00a0: Cholet lib\u00e8re son embl\u00e9matique entra\u00eeneur Erman Kunter\"}]},{\"@type\":\"WebSite\",\"@id\":\"https:\/\/dicodusport.fr\/blog\/#website\",\"url\":\"https:\/\/dicodusport.fr\/blog\/\",\"name\":\"Dicodusport\",\"description\":\"L&#039;encyclop\u00e9die de l&#039;actualit\u00e9 sportive\",\"publisher\":{\"@id\":\"https:\/\/dicodusport.fr\/blog\/#organization\"},\"potentialAction\":[{\"@type\":\"SearchAction\",\"target\":{\"@type\":\"EntryPoint\",\"urlTemplate\":\"https:\/\/dicodusport.fr\/blog\/?s={search_term_string}\"},\"query-input\":{\"@type\":\"PropertyValueSpecification\",\"valueRequired\":true,\"valueName\":\"search_term_string\"}}],\"inLanguage\":\"fr-FR\"},{\"@type\":\"NewsMediaOrganization\",\"@id\":\"https:\/\/dicodusport.fr\/blog\/#organization\",\"name\":\"Dicodusport\",\"url\":\"https:\/\/dicodusport.fr\/blog\/\",\"logo\":{\"@type\":\"ImageObject\",\"inLanguage\":\"fr-FR\",\"@id\":\"https:\/\/dicodusport.fr\/blog\/#\/schema\/logo\/image\/\",\"url\":\"https:\/\/dicodusport.fr\/blog\/wp-content\/uploads\/2020\/06\/cropped-LOGO-DICODUSPORT-2020-SANS-FOND-SANS-TEXTE.png\",\"contentUrl\":\"https:\/\/dicodusport.fr\/blog\/wp-content\/uploads\/2020\/06\/cropped-LOGO-DICODUSPORT-2020-SANS-FOND-SANS-TEXTE.png\",\"width\":512,\"height\":512,\"caption\":\"Dicodusport\"},\"image\":{\"@id\":\"https:\/\/dicodusport.fr\/blog\/#\/schema\/logo\/image\/\"},\"sameAs\":[\"https:\/\/www.facebook.com\/dicodusport\",\"https:\/\/x.com\/dicodusport\",\"https:\/\/www.instagram.com\/dicodusport\/\",\"https:\/\/www.youtube.com\/channel\/UC7V2KZ5sd3htJivAbA4ZG3w\"],\"description\":\"Dicodusport est l'encyclop\u00e9die de l'actualit\u00e9 sportive.\",\"email\":\"bonjour@dicodusport.fr\",\"legalName\":\"DICODUSPORT\",\"foundingDate\":\"2018-01-14\",\"vatID\":\"FR71834470973\",\"taxID\":\"83447097300043\",\"numberOfEmployees\":{\"@type\":\"QuantitativeValue\",\"minValue\":\"1\",\"maxValue\":\"10\"}},{\"@type\":\"Person\",\"@id\":\"https:\/\/dicodusport.fr\/blog\/#\/schema\/person\/37def232098a7a5cbab3974a3690abb0\",\"name\":\"Maxime Cazenave\",\"image\":{\"@type\":\"ImageObject\",\"inLanguage\":\"fr-FR\",\"@id\":\"https:\/\/dicodusport.fr\/blog\/#\/schema\/person\/image\/\",\"url\":\"https:\/\/dicodusport.fr\/blog\/wp-content\/uploads\/2021\/05\/Maxime-Cazenave-150x150.jpg\",\"contentUrl\":\"https:\/\/dicodusport.fr\/blog\/wp-content\/uploads\/2021\/05\/Maxime-Cazenave-150x150.jpg\",\"caption\":\"Maxime Cazenave\"},\"description\":\"Journaliste\/R\u00e9dacteur depuis 2012 - Berc\u00e9 par l\u2019amour des Girondins de Bordeaux, les \u00e9checs de Christophe Moreau sur le Tour de France sous l'\u00e8re Lance Armstrong et le fade-away l\u00e9tal de Dirk Nowitzki, ma passion d\u00e9vorante pour le sport a toujours \u00e9t\u00e9 un pan incontournable de ma vie. Transmettre ma passion \u00e0 l\u2019\u00e9crit a \u00e9t\u00e9 une transition naturelle. Suiveur assidu de basket et de hockey sur glace, je garde toujours un peu de place pour suivre le cyclisme, le football et le maximum de performances fran\u00e7aises.\",\"sameAs\":[\"https:\/\/x.com\/https:\/\/twitter.com\/Maxime_Caze\"],\"url\":\"https:\/\/dicodusport.fr\/blog\/author\/maximec\/\"}]}<\/script>\n<!-- \/ Yoast SEO Premium plugin. -->","yoast_head_json":{"title":"Jeep Elite\u00a0: Cholet lib\u00e8re son embl\u00e9matique entra\u00eeneur Erman Kunter","description":"Depuis ce week-end, le bruit de couloir n\u2019a cess\u00e9 de s\u2019amplifier et c\u2019est d\u00e9sormais officiel : Cholet se s\u00e9pare d\u2019Erman Kunter.","robots":{"index":"index","follow":"follow","max-snippet":"max-snippet:-1","max-image-preview":"max-image-preview:large","max-video-preview":"max-video-preview:-1"},"canonical":"https:\/\/dicodusport.fr\/blog\/jeep-elite-cholet-libere-son-emblematique-entraineur-erman-kunter\/","og_locale":"fr_FR","og_type":"article","og_title":"Jeep Elite\u00a0: Cholet lib\u00e8re son embl\u00e9matique entra\u00eeneur Erman Kunter","og_description":"Depuis ce week-end, le bruit de couloir n\u2019a cess\u00e9 de s\u2019amplifier et c\u2019est d\u00e9sormais officiel : Cholet se s\u00e9pare d\u2019Erman Kunter.","og_url":"https:\/\/dicodusport.fr\/blog\/jeep-elite-cholet-libere-son-emblematique-entraineur-erman-kunter\/","og_site_name":"Dicodusport","article_publisher":"https:\/\/www.facebook.com\/dicodusport","article_published_time":"2021-07-07T18:57:50+00:00","article_modified_time":"2021-07-08T09:17:33+00:00","og_image":[{"width":800,"height":445,"url":"https:\/\/dicodusport.fr\/blog\/wp-content\/uploads\/2021\/07\/Jeep-Elite-Cholet-libere-son-emblematique-entraineur-Erman-Kunter.png","type":"image\/png"}],"author":"Maxime Cazenave","twitter_card":"summary_large_image","twitter_title":"Jeep Elite\u00a0: Cholet lib\u00e8re son embl\u00e9matique entra\u00eeneur Erman Kunter","twitter_creator":"@https:\/\/twitter.com\/Maxime_Caze","twitter_site":"@dicodusport","schema":{"@context":"https:\/\/schema.org","@graph":[{"@type":"NewsArticle","@id":"https:\/\/dicodusport.fr\/blog\/jeep-elite-cholet-libere-son-emblematique-entraineur-erman-kunter\/#article","isPartOf":{"@id":"https:\/\/dicodusport.fr\/blog\/jeep-elite-cholet-libere-son-emblematique-entraineur-erman-kunter\/"},"author":{"name":"Maxime Cazenave","@id":"https:\/\/dicodusport.fr\/blog\/#\/schema\/person\/37def232098a7a5cbab3974a3690abb0"},"headline":"Jeep Elite\u00a0: Cholet lib\u00e8re son embl\u00e9matique entra\u00eeneur Erman Kunter","datePublished":"2021-07-07T18:57:50+00:00","dateModified":"2021-07-08T09:17:33+00:00","mainEntityOfPage":{"@id":"https:\/\/dicodusport.fr\/blog\/jeep-elite-cholet-libere-son-emblematique-entraineur-erman-kunter\/"},"wordCount":594,"commentCount":0,"publisher":{"@id":"https:\/\/dicodusport.fr\/blog\/#organization"},"image":{"@id":"https:\/\/dicodusport.fr\/blog\/jeep-elite-cholet-libere-son-emblematique-entraineur-erman-kunter\/#primaryimage"},"thumbnailUrl":"https:\/\/dicodusport.fr\/blog\/wp-content\/uploads\/2021\/07\/Jeep-Elite-Cholet-libere-son-emblematique-entraineur-Erman-Kunter.png","keywords":["Cholet","Jeep Elite"],"articleSection":["Basket-ball"],"inLanguage":"fr-FR","potentialAction":[{"@type":"CommentAction","name":"Comment","target":["https:\/\/dicodusport.fr\/blog\/jeep-elite-cholet-libere-son-emblematique-entraineur-erman-kunter\/#respond"]}],"copyrightYear":"2021","copyrightHolder":{"@id":"https:\/\/dicodusport.fr\/blog\/#organization"}},{"@type":"WebPage","@id":"https:\/\/dicodusport.fr\/blog\/jeep-elite-cholet-libere-son-emblematique-entraineur-erman-kunter\/","url":"https:\/\/dicodusport.fr\/blog\/jeep-elite-cholet-libere-son-emblematique-entraineur-erman-kunter\/","name":"Jeep Elite\u00a0: Cholet lib\u00e8re son embl\u00e9matique entra\u00eeneur Erman Kunter","isPartOf":{"@id":"https:\/\/dicodusport.fr\/blog\/#website"},"primaryImageOfPage":{"@id":"https:\/\/dicodusport.fr\/blog\/jeep-elite-cholet-libere-son-emblematique-entraineur-erman-kunter\/#primaryimage"},"image":{"@id":"https:\/\/dicodusport.fr\/blog\/jeep-elite-cholet-libere-son-emblematique-entraineur-erman-kunter\/#primaryimage"},"thumbnailUrl":"https:\/\/dicodusport.fr\/blog\/wp-content\/uploads\/2021\/07\/Jeep-Elite-Cholet-libere-son-emblematique-entraineur-Erman-Kunter.png","datePublished":"2021-07-07T18:57:50+00:00","dateModified":"2021-07-08T09:17:33+00:00","description":"Depuis ce week-end, le bruit de couloir n\u2019a cess\u00e9 de s\u2019amplifier et c\u2019est d\u00e9sormais officiel : Cholet se s\u00e9pare d\u2019Erman Kunter.","breadcrumb":{"@id":"https:\/\/dicodusport.fr\/blog\/jeep-elite-cholet-libere-son-emblematique-entraineur-erman-kunter\/#breadcrumb"},"inLanguage":"fr-FR","potentialAction":[{"@type":"ReadAction","target":["https:\/\/dicodusport.fr\/blog\/jeep-elite-cholet-libere-son-emblematique-entraineur-erman-kunter\/"]}]},{"@type":"ImageObject","inLanguage":"fr-FR","@id":"https:\/\/dicodusport.fr\/blog\/jeep-elite-cholet-libere-son-emblematique-entraineur-erman-kunter\/#primaryimage","url":"https:\/\/dicodusport.fr\/blog\/wp-content\/uploads\/2021\/07\/Jeep-Elite-Cholet-libere-son-emblematique-entraineur-Erman-Kunter.png","contentUrl":"https:\/\/dicodusport.fr\/blog\/wp-content\/uploads\/2021\/07\/Jeep-Elite-Cholet-libere-son-emblematique-entraineur-Erman-Kunter.png","width":800,"height":445,"caption":"Jeep Elite\u00a0: Cholet lib\u00e8re son embl\u00e9matique entra\u00eeneur Erman Kunter"},{"@type":"BreadcrumbList","@id":"https:\/\/dicodusport.fr\/blog\/jeep-elite-cholet-libere-son-emblematique-entraineur-erman-kunter\/#breadcrumb","itemListElement":[{"@type":"ListItem","position":1,"name":"Accueil","item":"https:\/\/dicodusport.fr\/blog\/"},{"@type":"ListItem","position":2,"name":"Jeep Elite\u00a0: Cholet lib\u00e8re son embl\u00e9matique entra\u00eeneur Erman Kunter"}]},{"@type":"WebSite","@id":"https:\/\/dicodusport.fr\/blog\/#website","url":"https:\/\/dicodusport.fr\/blog\/","name":"Dicodusport","description":"L&#039;encyclop\u00e9die de l&#039;actualit\u00e9 sportive","publisher":{"@id":"https:\/\/dicodusport.fr\/blog\/#organization"},"potentialAction":[{"@type":"SearchAction","target":{"@type":"EntryPoint","urlTemplate":"https:\/\/dicodusport.fr\/blog\/?s={search_term_string}"},"query-input":{"@type":"PropertyValueSpecification","valueRequired":true,"valueName":"search_term_string"}}],"inLanguage":"fr-FR"},{"@type":"NewsMediaOrganization","@id":"https:\/\/dicodusport.fr\/blog\/#organization","name":"Dicodusport","url":"https:\/\/dicodusport.fr\/blog\/","logo":{"@type":"ImageObject","inLanguage":"fr-FR","@id":"https:\/\/dicodusport.fr\/blog\/#\/schema\/logo\/image\/","url":"https:\/\/dicodusport.fr\/blog\/wp-content\/uploads\/2020\/06\/cropped-LOGO-DICODUSPORT-2020-SANS-FOND-SANS-TEXTE.png","contentUrl":"https:\/\/dicodusport.fr\/blog\/wp-content\/uploads\/2020\/06\/cropped-LOGO-DICODUSPORT-2020-SANS-FOND-SANS-TEXTE.png","width":512,"height":512,"caption":"Dicodusport"},"image":{"@id":"https:\/\/dicodusport.fr\/blog\/#\/schema\/logo\/image\/"},"sameAs":["https:\/\/www.facebook.com\/dicodusport","https:\/\/x.com\/dicodusport","https:\/\/www.instagram.com\/dicodusport\/","https:\/\/www.youtube.com\/channel\/UC7V2KZ5sd3htJivAbA4ZG3w"],"description":"Dicodusport est l'encyclop\u00e9die de l'actualit\u00e9 sportive.","email":"bonjour@dicodusport.fr","legalName":"DICODUSPORT","foundingDate":"2018-01-14","vatID":"FR71834470973","taxID":"83447097300043","numberOfEmployees":{"@type":"QuantitativeValue","minValue":"1","maxValue":"10"}},{"@type":"Person","@id":"https:\/\/dicodusport.fr\/blog\/#\/schema\/person\/37def232098a7a5cbab3974a3690abb0","name":"Maxime Cazenave","image":{"@type":"ImageObject","inLanguage":"fr-FR","@id":"https:\/\/dicodusport.fr\/blog\/#\/schema\/person\/image\/","url":"https:\/\/dicodusport.fr\/blog\/wp-content\/uploads\/2021\/05\/Maxime-Cazenave-150x150.jpg","contentUrl":"https:\/\/dicodusport.fr\/blog\/wp-content\/uploads\/2021\/05\/Maxime-Cazenave-150x150.jpg","caption":"Maxime Cazenave"},"description":"Journaliste\/R\u00e9dacteur depuis 2012 - Berc\u00e9 par l\u2019amour des Girondins de Bordeaux, les \u00e9checs de Christophe Moreau sur le Tour de France sous l'\u00e8re Lance Armstrong et le fade-away l\u00e9tal de Dirk Nowitzki, ma passion d\u00e9vorante pour le sport a toujours \u00e9t\u00e9 un pan incontournable de ma vie. Transmettre ma passion \u00e0 l\u2019\u00e9crit a \u00e9t\u00e9 une transition naturelle. Suiveur assidu de basket et de hockey sur glace, je garde toujours un peu de place pour suivre le cyclisme, le football et le maximum de performances fran\u00e7aises.","sameAs":["https:\/\/x.com\/https:\/\/twitter.com\/Maxime_Caze"],"url":"https:\/\/dicodusport.fr\/blog\/author\/maximec\/"}]}},"_links":{"self":[{"href":"https:\/\/dicodusport.fr\/blog\/wp-json\/wp\/v2\/posts\/145126","targetHints":{"allow":["GET"]}}],"collection":[{"href":"https:\/\/dicodusport.fr\/blog\/wp-json\/wp\/v2\/posts"}],"about":[{"href":"https:\/\/dicodusport.fr\/blog\/wp-json\/wp\/v2\/types\/post"}],"author":[{"embeddable":true,"href":"https:\/\/dicodusport.fr\/blog\/wp-json\/wp\/v2\/users\/55"}],"replies":[{"embeddable":true,"href":"https:\/\/dicodusport.fr\/blog\/wp-json\/wp\/v2\/comments?post=145126"}],"version-history":[{"count":0,"href":"https:\/\/dicodusport.fr\/blog\/wp-json\/wp\/v2\/posts\/145126\/revisions"}],"wp:featuredmedia":[{"embeddable":true,"href":"https:\/\/dicodusport.fr\/blog\/wp-json\/wp\/v2\/media\/145220"}],"wp:attachment":[{"href":"https:\/\/dicodusport.fr\/blog\/wp-json\/wp\/v2\/media?parent=145126"}],"wp:term":[{"taxonomy":"category","embeddable":true,"href":"https:\/\/dicodusport.fr\/blog\/wp-json\/wp\/v2\/categories?post=145126"},{"taxonomy":"post_tag","embeddable":true,"href":"https:\/\/dicodusport.fr\/blog\/wp-json\/wp\/v2\/tags?post=145126"}],"curies":[{"name":"wp","href":"https:\/\/api.w.org\/{rel}","templated":true}]}}