{"id":145166,"date":"2021-07-07T18:38:42","date_gmt":"2021-07-07T16:38:42","guid":{"rendered":"https:\/\/dicodusport.fr\/blog\/?p=145166"},"modified":"2021-07-07T21:53:20","modified_gmt":"2021-07-07T19:53:20","slug":"tour-de-france-les-tops-et-les-flops-de-la-11eme-etape","status":"publish","type":"post","link":"https:\/\/dicodusport.fr\/blog\/tour-de-france-les-tops-et-les-flops-de-la-11eme-etape\/","title":{"rendered":"Tour de France : les tops et les flops de la 11\u00e8me \u00e9tape"},"content":{"rendered":"<p style=\"text-align: justify;\"><em><strong><a href=\"https:\/\/dicodusport.fr\/blog\/actualites\/cyclisme\/tour-de-france-2021\/\">TOUR DE FRANCE 2021<\/a> \u2013 Chaque jour, Dicodusport vous donne ses tops et flops de l\u2019\u00e9tape du jour. Aujourd\u2019hui, les coureurs partaient de Sorgues et rejoignaient Malauc\u00e8ne, avec le double Ventoux au menu. <a href=\"https:\/\/dicodusport.fr\/blog\/tour-de-france-2021-wout-van-aert-s-impose-en-solitaire-sur-11eme-etape\/\">Wout Van Aert ajoute une victoire de prestige \u00e0 son palmar\u00e8s<\/a>, Jonas Vingegaard est le premier \u00e0 mettre en difficult\u00e9 Tadej Pogacar.<\/strong><\/em><\/p>\n<h2 style=\"text-align: justify;\">On a aim\u00e9<\/h2>\n<h3 style=\"text-align: justify;\"><strong>L\u2019incroyable \u00e9tape de Wout Van Aert<\/strong><\/h3>\n<p style=\"text-align: justify;\">On l\u2019attendait sur beaucoup d\u2019\u00e9tapes, mais certainement pas sur celle-ci. Quel num\u00e9ro du Belge ! Le coureur de la Jumbo-Visma \u00e9tait pr\u00e9sent dans l\u2019\u00e9chapp\u00e9e matinale et a fait craquer tous ses adversaires. Il rejoint <strong>Kenny Elissonde<\/strong>, parti en \u00e9claireur, avant de le l\u00e2cher dans la seconde ascension du Mont Ventoux. Il remporte cette \u00e9tape de prestige en solitaire.<\/p>\n<blockquote class=\"twitter-tweet\">\n<p dir=\"ltr\" lang=\"und\">&#x2b1b;&#x2b1b;&#x2b1b;&#x2b1b;&#x1f7e8;&#x1f7e8;&#x1f7e8;&#x1f7e8;&#x1f7e5;&#x1f7e5;&#x1f7e5;&#x1f7e5;<br \/>\n&#x2b1b;&#x2b1b;&#x2b1b;&#x2b1b;&#x1f7e8;&#x1f7e8;&#x1f7e8;&#x1f7e8;&#x1f7e5;&#x1f7e5;&#x1f7e5;&#x1f7e5;<br \/>\n&#x2b1b;&#x2b1b;&#x2b1b;&#x2b1b;&#x1f7e8;&#x1f7e8;&#x1f7e8;&#x1f7e8;&#x1f7e5;&#x1f7e5;&#x1f7e5;&#x1f7e5;<br \/>\n&#x2b1b;&#x2b1b;&#x2b1b;&#x2b1b;&#x1f7e8;&#x1f7e8;&#x1f7e8;&#x1f7e8;&#x1f7e5;&#x1f7e5;&#x1f7e5;&#x1f7e5;<br \/>\n&#x2b1b;&#x2b1b;&#x2b1b;&#x2b1b;&#x1f7e8;&#x1f7e8;&#x1f7e8;&#x1f7e8;&#x1f7e5;&#x1f7e5;&#x1f7e5;&#x1f7e5;<br \/>\n&#x2b1b;&#x2b1b;&#x2b1b;&#x2b1b;&#x1f7e8;&#x1f7e8;&#x1f7e8;&#x1f7e8;&#x1f7e5;&#x1f7e5;&#x1f7e5;&#x1f7e5;<br \/>\n&#x2b1b;&#x2b1b;&#x2b1b;&#x2b1b;&#x1f7e8;&#x1f7e8;<a href=\"https:\/\/twitter.com\/WoutvanAert?ref_src=twsrc%5Etfw\">@WoutvanAert<\/a> &#x1f3c5;<a href=\"https:\/\/twitter.com\/hashtag\/TDF2021?src=hash&amp;ref_src=twsrc%5Etfw\">#TDF2021<\/a> <a href=\"https:\/\/t.co\/C4hVdHAW4s\">pic.twitter.com\/C4hVdHAW4s<\/a><\/p>\n<p>\u2014 Tour de France&#x2122; (@LeTour) <a href=\"https:\/\/twitter.com\/LeTour\/status\/1412799768145899520?ref_src=twsrc%5Etfw\">July 7, 2021<\/a><\/p><\/blockquote>\n<p><script async src=\"https:\/\/platform.twitter.com\/widgets.js\" charset=\"utf-8\"><\/script><\/p>\n<h3 style=\"text-align: justify;\"><strong>L\u2019attaque de Jonas Vingegaard<\/strong><\/h3>\n<p style=\"text-align: justify;\">Il est le premier \u00e0 avoir fait trembler <strong>Tadej Pogacar<\/strong>. Le Danois a \u00e9t\u00e9 bien inspir\u00e9 d\u2019attaquer \u00e0 un gros kilom\u00e8tre du sommet. Il s\u2019est d\u2019abord isol\u00e9 avec le maillot jaune, avant de continuer son effort pour le d\u00e9crocher. Il a 38 secondes d\u2019avance en haut du Ventoux, mais craque dans la descente pour terminer dans le m\u00eame temps que <strong>Pogacar<\/strong>, <strong>Uran<\/strong> et <strong>Carapaz<\/strong>. Mais merci de nous avoir montr\u00e9 que le Slov\u00e8ne n\u2019\u00e9tait pas imbattable.<\/p>\n<h3 style=\"text-align: justify;\"><strong>Kenny Elissonde tr\u00e8s solide<\/strong><\/h3>\n<p style=\"text-align: justify;\">Le tricolore de la Trek \u00e9tait certainement le plus costaud devant sans <strong>Wout Van Aert<\/strong>. D\u2019abord au travail pour son leader <strong>Bauke Mollema<\/strong>, il a attaqu\u00e9 au d\u00e9but de la seconde ascension du Ventoux. Repris par le Belge, il s\u2019est accroch\u00e9 pendant de longs kilom\u00e8tres avant de craquer. Il poursuit son effort solitaire, sans conc\u00e9der trop de temps, avant de voir le retour de son leader dans le final. Il termine second de l\u2019\u00e9tape et obtient un titre de plus combatif bien m\u00e9rit\u00e9.<\/p>\n<hr \/>\n<h2 style=\"text-align: justify;\">On n\u2019a pas aim\u00e9<\/h2>\n<h3 style=\"text-align: justify;\"><strong>David Gaudu, journ\u00e9e noire<\/strong><\/h3>\n<p style=\"text-align: justify;\">Les ambitions du coureur breton se sont envol\u00e9es dans le vent alpin ce mercredi. Celui qui venait sur le Tour pour jouer le classement g\u00e9n\u00e9ral s\u2019est effondr\u00e9, terminant \u00e0 25 minutes de <strong>Wout Van Aert<\/strong>. Le Tricolore s\u2019est malgr\u00e9 tout battu jusqu\u2019au bout pour terminer l\u2019\u00e9tape alors qu\u2019il semblait malade. Il faudra maintenant se concentrer sur de nouveaux objectifs, avec pourquoi pas une victoire de prestige dans les Pyr\u00e9n\u00e9es.<\/p>\n<h3 style=\"text-align: justify;\"><strong>La strat\u00e9gie des INEOS Grenadiers<\/strong><\/h3>\n<p style=\"text-align: justify;\">Les co\u00e9quipiers de <strong>Richard Carapaz<\/strong> ont roul\u00e9 tout au long de l\u2019\u00e9tape. Mais l\u2019acc\u00e9l\u00e9ration n\u2019est venue que dans la derni\u00e8re partie de la seconde ascension du Ventoux par l\u2019interm\u00e9diaire de <strong>Michal Kwiatkowski<\/strong>. Celle-ci intervient trop tard pour revenir sur les hommes de t\u00eate. On s\u2019attendait tout de m\u00eame \u00e0 une attaque de <strong>Carapaz<\/strong>, mais ce dernier n\u2019a pas acc\u00e9l\u00e9r\u00e9 lorsque le Polonais s\u2019est \u00e9cart\u00e9. \u00c9trange.<\/p>\n<blockquote class=\"twitter-tweet\">\n<p dir=\"ltr\" lang=\"fr\">Derri\u00e8re, l&rsquo;\u00e9quipe Ineos roule pour son leader Pogacar. <a href=\"https:\/\/twitter.com\/hashtag\/TDF2021?src=hash&amp;ref_src=twsrc%5Etfw\">#TDF2021<\/a> <a href=\"https:\/\/t.co\/KqzUYJLNOu\">pic.twitter.com\/KqzUYJLNOu<\/a><\/p>\n<p>\u2014 Dans la Musette (@DansLaMusette) <a href=\"https:\/\/twitter.com\/DansLaMusette\/status\/1412790114862915588?ref_src=twsrc%5Etfw\">July 7, 2021<\/a><\/p><\/blockquote>\n<p><script async src=\"https:\/\/platform.twitter.com\/widgets.js\" charset=\"utf-8\"><\/script><\/p>\n<h3 style=\"text-align: justify;\"><strong>Ben O\u2019Connor, apr\u00e8s l\u2019immense bonheur, la grande d\u00e9ception<\/strong><\/h3>\n<p style=\"text-align: justify;\"><em>\u00ab Il ne faut pas s\u2019enflammer \u00bb<\/em>\u00a0disait le directeur sportif d\u2019AG2R Citro\u00ebn Team aux antennes de <em>France T\u00e9l\u00e9visions<\/em>. Malheureusement, son message a trouv\u00e9 tout son sens lorsque le leader australien s&rsquo;est fait d\u00e9crocher, \u00e0 31 kilom\u00e8tres du but, dans la seconde ascension du Ventoux. Il conc\u00e8de pr\u00e8s de quatre minutes \u00e0 ses concurrents et perd sa seconde place du classement g\u00e9n\u00e9ral.<\/p>\n<blockquote class=\"twitter-tweet\">\n<p dir=\"ltr\" lang=\"fr\">Ben O&rsquo;Connor en difficult\u00e9 dans le peloton maillot jaune ! 2\u00e8me au g\u00e9n\u00e9ral ce matin, l&rsquo;Australien de la formation AG2R-Citro\u00ebn vient de craquer. <a href=\"https:\/\/twitter.com\/hashtag\/TDF2021?src=hash&amp;ref_src=twsrc%5Etfw\">#TDF2021<\/a> <a href=\"https:\/\/t.co\/AaMhR1CBNv\">pic.twitter.com\/AaMhR1CBNv<\/a><\/p>\n<p>\u2014 Le Gruppetto (@LeGruppetto) <a href=\"https:\/\/twitter.com\/LeGruppetto\/status\/1412785146462457858?ref_src=twsrc%5Etfw\">July 7, 2021<\/a><\/p><\/blockquote>\n<p><script async src=\"https:\/\/platform.twitter.com\/widgets.js\" charset=\"utf-8\"><\/script><\/p>\n","protected":false},"excerpt":{"rendered":"<p>TOUR DE FRANCE 2021 \u2013 Chaque jour, Dicodusport vous donne ses tops et flops de l\u2019\u00e9tape du jour. Aujourd\u2019hui, les coureurs partaient de Sorgues et rejoignaient Malauc\u00e8ne, avec le double Ventoux au menu. Wout Van Aert ajoute une victoire de prestige \u00e0 son palmar\u00e8s, Jonas Vingegaard est le premier \u00e0 mettre en difficult\u00e9 Tadej Pogacar.<\/p>\n","protected":false},"author":57,"featured_media":145176,"comment_status":"open","ping_status":"closed","sticky":false,"template":"","format":"standard","meta":{"_acf_changed":false,"_daextam_enable_autolinks":"","footnotes":""},"categories":[46995],"tags":[3113,11391,8091],"class_list":["post-145166","post","type-post","status-publish","format-standard","has-post-thumbnail","hentry","category-tour-de-france","tag-david-gaudu","tag-richard-carapaz","tag-wout-van-aert"],"acf":[],"yoast_head":"<!-- This site is optimized with the Yoast SEO Premium plugin v26.7 (Yoast SEO v26.7) - https:\/\/yoast.com\/wordpress\/plugins\/seo\/ -->\n<title>Tour de France : les tops et les flops de la 11\u00e8me \u00e9tape<\/title>\n<meta name=\"description\" content=\"TOUR DE FRANCE 2021 \u2013 Chaque jour, Dicodusport vous donne ses tops et flops de l\u2019\u00e9tape du jour. Aujourd\u2019hui, focus sur la 11\u00e8me \u00e9tape.\" \/>\n<meta name=\"robots\" content=\"index, follow, max-snippet:-1, max-image-preview:large, max-video-preview:-1\" \/>\n<link rel=\"canonical\" href=\"https:\/\/dicodusport.fr\/blog\/tour-de-france-les-tops-et-les-flops-de-la-11eme-etape\/\" \/>\n<meta property=\"og:locale\" content=\"fr_FR\" \/>\n<meta property=\"og:type\" content=\"article\" \/>\n<meta property=\"og:title\" content=\"Tour de France : les tops et les flops de la 11\u00e8me \u00e9tape\" \/>\n<meta property=\"og:description\" content=\"TOUR DE FRANCE 2021 \u2013 Chaque jour, Dicodusport vous donne ses tops et flops de l\u2019\u00e9tape du jour. Aujourd\u2019hui, focus sur la 11\u00e8me \u00e9tape.\" \/>\n<meta property=\"og:url\" content=\"https:\/\/dicodusport.fr\/blog\/tour-de-france-les-tops-et-les-flops-de-la-11eme-etape\/\" \/>\n<meta property=\"og:site_name\" content=\"Dicodusport\" \/>\n<meta property=\"article:publisher\" content=\"https:\/\/www.facebook.com\/dicodusport\" \/>\n<meta property=\"article:published_time\" content=\"2021-07-07T16:38:42+00:00\" \/>\n<meta property=\"article:modified_time\" content=\"2021-07-07T19:53:20+00:00\" \/>\n<meta property=\"og:image\" content=\"https:\/\/dicodusport.fr\/blog\/wp-content\/uploads\/2021\/07\/Tour-de-France-Les-tops-et-les-flops-de-la-11eme-etape.png\" \/>\n\t<meta property=\"og:image:width\" content=\"800\" \/>\n\t<meta property=\"og:image:height\" content=\"445\" \/>\n\t<meta property=\"og:image:type\" content=\"image\/png\" \/>\n<meta name=\"author\" content=\"Vincent Soubab\u00e8re\" \/>\n<meta name=\"twitter:card\" content=\"summary_large_image\" \/>\n<meta name=\"twitter:creator\" content=\"@dicodusport\" \/>\n<meta name=\"twitter:site\" content=\"@dicodusport\" \/>\n<script type=\"application\/ld+json\" class=\"yoast-schema-graph\">{\"@context\":\"https:\/\/schema.org\",\"@graph\":[{\"@type\":\"NewsArticle\",\"@id\":\"https:\/\/dicodusport.fr\/blog\/tour-de-france-les-tops-et-les-flops-de-la-11eme-etape\/#article\",\"isPartOf\":{\"@id\":\"https:\/\/dicodusport.fr\/blog\/tour-de-france-les-tops-et-les-flops-de-la-11eme-etape\/\"},\"author\":{\"name\":\"Vincent Soubab\u00e8re\",\"@id\":\"https:\/\/dicodusport.fr\/blog\/#\/schema\/person\/ba9487b5b85f57eecfb00513e982c05b\"},\"headline\":\"Tour de France : les tops et les flops de la 11\u00e8me \u00e9tape\",\"datePublished\":\"2021-07-07T16:38:42+00:00\",\"dateModified\":\"2021-07-07T19:53:20+00:00\",\"mainEntityOfPage\":{\"@id\":\"https:\/\/dicodusport.fr\/blog\/tour-de-france-les-tops-et-les-flops-de-la-11eme-etape\/\"},\"wordCount\":887,\"commentCount\":0,\"publisher\":{\"@id\":\"https:\/\/dicodusport.fr\/blog\/#organization\"},\"image\":{\"@id\":\"https:\/\/dicodusport.fr\/blog\/tour-de-france-les-tops-et-les-flops-de-la-11eme-etape\/#primaryimage\"},\"thumbnailUrl\":\"https:\/\/dicodusport.fr\/blog\/wp-content\/uploads\/2021\/07\/Tour-de-France-Les-tops-et-les-flops-de-la-11eme-etape.png\",\"keywords\":[\"David Gaudu\",\"Richard Carapaz\",\"Wout Van Aert\"],\"articleSection\":[\"Tour de France\"],\"inLanguage\":\"fr-FR\",\"potentialAction\":[{\"@type\":\"CommentAction\",\"name\":\"Comment\",\"target\":[\"https:\/\/dicodusport.fr\/blog\/tour-de-france-les-tops-et-les-flops-de-la-11eme-etape\/#respond\"]}],\"copyrightYear\":\"2021\",\"copyrightHolder\":{\"@id\":\"https:\/\/dicodusport.fr\/blog\/#organization\"}},{\"@type\":\"WebPage\",\"@id\":\"https:\/\/dicodusport.fr\/blog\/tour-de-france-les-tops-et-les-flops-de-la-11eme-etape\/\",\"url\":\"https:\/\/dicodusport.fr\/blog\/tour-de-france-les-tops-et-les-flops-de-la-11eme-etape\/\",\"name\":\"Tour de France : les tops et les flops de la 11\u00e8me \u00e9tape\",\"isPartOf\":{\"@id\":\"https:\/\/dicodusport.fr\/blog\/#website\"},\"primaryImageOfPage\":{\"@id\":\"https:\/\/dicodusport.fr\/blog\/tour-de-france-les-tops-et-les-flops-de-la-11eme-etape\/#primaryimage\"},\"image\":{\"@id\":\"https:\/\/dicodusport.fr\/blog\/tour-de-france-les-tops-et-les-flops-de-la-11eme-etape\/#primaryimage\"},\"thumbnailUrl\":\"https:\/\/dicodusport.fr\/blog\/wp-content\/uploads\/2021\/07\/Tour-de-France-Les-tops-et-les-flops-de-la-11eme-etape.png\",\"datePublished\":\"2021-07-07T16:38:42+00:00\",\"dateModified\":\"2021-07-07T19:53:20+00:00\",\"description\":\"TOUR DE FRANCE 2021 \u2013 Chaque jour, Dicodusport vous donne ses tops et flops de l\u2019\u00e9tape du jour. Aujourd\u2019hui, focus sur la 11\u00e8me \u00e9tape.\",\"breadcrumb\":{\"@id\":\"https:\/\/dicodusport.fr\/blog\/tour-de-france-les-tops-et-les-flops-de-la-11eme-etape\/#breadcrumb\"},\"inLanguage\":\"fr-FR\",\"potentialAction\":[{\"@type\":\"ReadAction\",\"target\":[\"https:\/\/dicodusport.fr\/blog\/tour-de-france-les-tops-et-les-flops-de-la-11eme-etape\/\"]}]},{\"@type\":\"ImageObject\",\"inLanguage\":\"fr-FR\",\"@id\":\"https:\/\/dicodusport.fr\/blog\/tour-de-france-les-tops-et-les-flops-de-la-11eme-etape\/#primaryimage\",\"url\":\"https:\/\/dicodusport.fr\/blog\/wp-content\/uploads\/2021\/07\/Tour-de-France-Les-tops-et-les-flops-de-la-11eme-etape.png\",\"contentUrl\":\"https:\/\/dicodusport.fr\/blog\/wp-content\/uploads\/2021\/07\/Tour-de-France-Les-tops-et-les-flops-de-la-11eme-etape.png\",\"width\":800,\"height\":445,\"caption\":\"Tour de France - Les tops et les flops de la 11\u00e8me \u00e9tape\"},{\"@type\":\"BreadcrumbList\",\"@id\":\"https:\/\/dicodusport.fr\/blog\/tour-de-france-les-tops-et-les-flops-de-la-11eme-etape\/#breadcrumb\",\"itemListElement\":[{\"@type\":\"ListItem\",\"position\":1,\"name\":\"Accueil\",\"item\":\"https:\/\/dicodusport.fr\/blog\/\"},{\"@type\":\"ListItem\",\"position\":2,\"name\":\"Tour de France : les tops et les flops de la 11\u00e8me \u00e9tape\"}]},{\"@type\":\"WebSite\",\"@id\":\"https:\/\/dicodusport.fr\/blog\/#website\",\"url\":\"https:\/\/dicodusport.fr\/blog\/\",\"name\":\"Dicodusport\",\"description\":\"L&#039;encyclop\u00e9die de l&#039;actualit\u00e9 sportive\",\"publisher\":{\"@id\":\"https:\/\/dicodusport.fr\/blog\/#organization\"},\"potentialAction\":[{\"@type\":\"SearchAction\",\"target\":{\"@type\":\"EntryPoint\",\"urlTemplate\":\"https:\/\/dicodusport.fr\/blog\/?s={search_term_string}\"},\"query-input\":{\"@type\":\"PropertyValueSpecification\",\"valueRequired\":true,\"valueName\":\"search_term_string\"}}],\"inLanguage\":\"fr-FR\"},{\"@type\":\"NewsMediaOrganization\",\"@id\":\"https:\/\/dicodusport.fr\/blog\/#organization\",\"name\":\"Dicodusport\",\"url\":\"https:\/\/dicodusport.fr\/blog\/\",\"logo\":{\"@type\":\"ImageObject\",\"inLanguage\":\"fr-FR\",\"@id\":\"https:\/\/dicodusport.fr\/blog\/#\/schema\/logo\/image\/\",\"url\":\"https:\/\/dicodusport.fr\/blog\/wp-content\/uploads\/2020\/06\/cropped-LOGO-DICODUSPORT-2020-SANS-FOND-SANS-TEXTE.png\",\"contentUrl\":\"https:\/\/dicodusport.fr\/blog\/wp-content\/uploads\/2020\/06\/cropped-LOGO-DICODUSPORT-2020-SANS-FOND-SANS-TEXTE.png\",\"width\":512,\"height\":512,\"caption\":\"Dicodusport\"},\"image\":{\"@id\":\"https:\/\/dicodusport.fr\/blog\/#\/schema\/logo\/image\/\"},\"sameAs\":[\"https:\/\/www.facebook.com\/dicodusport\",\"https:\/\/x.com\/dicodusport\",\"https:\/\/www.instagram.com\/dicodusport\/\",\"https:\/\/www.youtube.com\/channel\/UC7V2KZ5sd3htJivAbA4ZG3w\"],\"description\":\"Dicodusport est l'encyclop\u00e9die de l'actualit\u00e9 sportive.\",\"email\":\"bonjour@dicodusport.fr\",\"legalName\":\"DICODUSPORT\",\"foundingDate\":\"2018-01-14\",\"vatID\":\"FR71834470973\",\"taxID\":\"83447097300043\",\"numberOfEmployees\":{\"@type\":\"QuantitativeValue\",\"minValue\":\"1\",\"maxValue\":\"10\"}},{\"@type\":\"Person\",\"@id\":\"https:\/\/dicodusport.fr\/blog\/#\/schema\/person\/ba9487b5b85f57eecfb00513e982c05b\",\"name\":\"Vincent Soubab\u00e8re\",\"image\":{\"@type\":\"ImageObject\",\"inLanguage\":\"fr-FR\",\"@id\":\"https:\/\/dicodusport.fr\/blog\/#\/schema\/person\/image\/\",\"url\":\"https:\/\/dicodusport.fr\/blog\/wp-content\/uploads\/2021\/05\/Vincent-Soubabere-150x150.jpg\",\"contentUrl\":\"https:\/\/dicodusport.fr\/blog\/wp-content\/uploads\/2021\/05\/Vincent-Soubabere-150x150.jpg\",\"caption\":\"Vincent Soubab\u00e8re\"},\"description\":\"Journaliste\/r\u00e9dacteur depuis ao\u00fbt 2018 - Passionn\u00e9 de sport depuis tout petit, je me suis logiquement tourn\u00e9 vers le journalisme sportif depuis ao\u00fbt 2018. Grand supporter des Girondins, je suis aussi un fan de football. Je pratique le tennis et suis l'actualit\u00e9 de la petite balle jaune. En juillet, vous risquez de me croiser sur les routes du Tour.\",\"url\":\"https:\/\/dicodusport.fr\/blog\/author\/vincents\/\"}]}<\/script>\n<!-- \/ Yoast SEO Premium plugin. -->","yoast_head_json":{"title":"Tour de France : les tops et les flops de la 11\u00e8me \u00e9tape","description":"TOUR DE FRANCE 2021 \u2013 Chaque jour, Dicodusport vous donne ses tops et flops de l\u2019\u00e9tape du jour. Aujourd\u2019hui, focus sur la 11\u00e8me \u00e9tape.","robots":{"index":"index","follow":"follow","max-snippet":"max-snippet:-1","max-image-preview":"max-image-preview:large","max-video-preview":"max-video-preview:-1"},"canonical":"https:\/\/dicodusport.fr\/blog\/tour-de-france-les-tops-et-les-flops-de-la-11eme-etape\/","og_locale":"fr_FR","og_type":"article","og_title":"Tour de France : les tops et les flops de la 11\u00e8me \u00e9tape","og_description":"TOUR DE FRANCE 2021 \u2013 Chaque jour, Dicodusport vous donne ses tops et flops de l\u2019\u00e9tape du jour. Aujourd\u2019hui, focus sur la 11\u00e8me \u00e9tape.","og_url":"https:\/\/dicodusport.fr\/blog\/tour-de-france-les-tops-et-les-flops-de-la-11eme-etape\/","og_site_name":"Dicodusport","article_publisher":"https:\/\/www.facebook.com\/dicodusport","article_published_time":"2021-07-07T16:38:42+00:00","article_modified_time":"2021-07-07T19:53:20+00:00","og_image":[{"width":800,"height":445,"url":"https:\/\/dicodusport.fr\/blog\/wp-content\/uploads\/2021\/07\/Tour-de-France-Les-tops-et-les-flops-de-la-11eme-etape.png","type":"image\/png"}],"author":"Vincent Soubab\u00e8re","twitter_card":"summary_large_image","twitter_creator":"@dicodusport","twitter_site":"@dicodusport","schema":{"@context":"https:\/\/schema.org","@graph":[{"@type":"NewsArticle","@id":"https:\/\/dicodusport.fr\/blog\/tour-de-france-les-tops-et-les-flops-de-la-11eme-etape\/#article","isPartOf":{"@id":"https:\/\/dicodusport.fr\/blog\/tour-de-france-les-tops-et-les-flops-de-la-11eme-etape\/"},"author":{"name":"Vincent Soubab\u00e8re","@id":"https:\/\/dicodusport.fr\/blog\/#\/schema\/person\/ba9487b5b85f57eecfb00513e982c05b"},"headline":"Tour de France : les tops et les flops de la 11\u00e8me \u00e9tape","datePublished":"2021-07-07T16:38:42+00:00","dateModified":"2021-07-07T19:53:20+00:00","mainEntityOfPage":{"@id":"https:\/\/dicodusport.fr\/blog\/tour-de-france-les-tops-et-les-flops-de-la-11eme-etape\/"},"wordCount":887,"commentCount":0,"publisher":{"@id":"https:\/\/dicodusport.fr\/blog\/#organization"},"image":{"@id":"https:\/\/dicodusport.fr\/blog\/tour-de-france-les-tops-et-les-flops-de-la-11eme-etape\/#primaryimage"},"thumbnailUrl":"https:\/\/dicodusport.fr\/blog\/wp-content\/uploads\/2021\/07\/Tour-de-France-Les-tops-et-les-flops-de-la-11eme-etape.png","keywords":["David Gaudu","Richard Carapaz","Wout Van Aert"],"articleSection":["Tour de France"],"inLanguage":"fr-FR","potentialAction":[{"@type":"CommentAction","name":"Comment","target":["https:\/\/dicodusport.fr\/blog\/tour-de-france-les-tops-et-les-flops-de-la-11eme-etape\/#respond"]}],"copyrightYear":"2021","copyrightHolder":{"@id":"https:\/\/dicodusport.fr\/blog\/#organization"}},{"@type":"WebPage","@id":"https:\/\/dicodusport.fr\/blog\/tour-de-france-les-tops-et-les-flops-de-la-11eme-etape\/","url":"https:\/\/dicodusport.fr\/blog\/tour-de-france-les-tops-et-les-flops-de-la-11eme-etape\/","name":"Tour de France : les tops et les flops de la 11\u00e8me \u00e9tape","isPartOf":{"@id":"https:\/\/dicodusport.fr\/blog\/#website"},"primaryImageOfPage":{"@id":"https:\/\/dicodusport.fr\/blog\/tour-de-france-les-tops-et-les-flops-de-la-11eme-etape\/#primaryimage"},"image":{"@id":"https:\/\/dicodusport.fr\/blog\/tour-de-france-les-tops-et-les-flops-de-la-11eme-etape\/#primaryimage"},"thumbnailUrl":"https:\/\/dicodusport.fr\/blog\/wp-content\/uploads\/2021\/07\/Tour-de-France-Les-tops-et-les-flops-de-la-11eme-etape.png","datePublished":"2021-07-07T16:38:42+00:00","dateModified":"2021-07-07T19:53:20+00:00","description":"TOUR DE FRANCE 2021 \u2013 Chaque jour, Dicodusport vous donne ses tops et flops de l\u2019\u00e9tape du jour. Aujourd\u2019hui, focus sur la 11\u00e8me \u00e9tape.","breadcrumb":{"@id":"https:\/\/dicodusport.fr\/blog\/tour-de-france-les-tops-et-les-flops-de-la-11eme-etape\/#breadcrumb"},"inLanguage":"fr-FR","potentialAction":[{"@type":"ReadAction","target":["https:\/\/dicodusport.fr\/blog\/tour-de-france-les-tops-et-les-flops-de-la-11eme-etape\/"]}]},{"@type":"ImageObject","inLanguage":"fr-FR","@id":"https:\/\/dicodusport.fr\/blog\/tour-de-france-les-tops-et-les-flops-de-la-11eme-etape\/#primaryimage","url":"https:\/\/dicodusport.fr\/blog\/wp-content\/uploads\/2021\/07\/Tour-de-France-Les-tops-et-les-flops-de-la-11eme-etape.png","contentUrl":"https:\/\/dicodusport.fr\/blog\/wp-content\/uploads\/2021\/07\/Tour-de-France-Les-tops-et-les-flops-de-la-11eme-etape.png","width":800,"height":445,"caption":"Tour de France - Les tops et les flops de la 11\u00e8me \u00e9tape"},{"@type":"BreadcrumbList","@id":"https:\/\/dicodusport.fr\/blog\/tour-de-france-les-tops-et-les-flops-de-la-11eme-etape\/#breadcrumb","itemListElement":[{"@type":"ListItem","position":1,"name":"Accueil","item":"https:\/\/dicodusport.fr\/blog\/"},{"@type":"ListItem","position":2,"name":"Tour de France : les tops et les flops de la 11\u00e8me \u00e9tape"}]},{"@type":"WebSite","@id":"https:\/\/dicodusport.fr\/blog\/#website","url":"https:\/\/dicodusport.fr\/blog\/","name":"Dicodusport","description":"L&#039;encyclop\u00e9die de l&#039;actualit\u00e9 sportive","publisher":{"@id":"https:\/\/dicodusport.fr\/blog\/#organization"},"potentialAction":[{"@type":"SearchAction","target":{"@type":"EntryPoint","urlTemplate":"https:\/\/dicodusport.fr\/blog\/?s={search_term_string}"},"query-input":{"@type":"PropertyValueSpecification","valueRequired":true,"valueName":"search_term_string"}}],"inLanguage":"fr-FR"},{"@type":"NewsMediaOrganization","@id":"https:\/\/dicodusport.fr\/blog\/#organization","name":"Dicodusport","url":"https:\/\/dicodusport.fr\/blog\/","logo":{"@type":"ImageObject","inLanguage":"fr-FR","@id":"https:\/\/dicodusport.fr\/blog\/#\/schema\/logo\/image\/","url":"https:\/\/dicodusport.fr\/blog\/wp-content\/uploads\/2020\/06\/cropped-LOGO-DICODUSPORT-2020-SANS-FOND-SANS-TEXTE.png","contentUrl":"https:\/\/dicodusport.fr\/blog\/wp-content\/uploads\/2020\/06\/cropped-LOGO-DICODUSPORT-2020-SANS-FOND-SANS-TEXTE.png","width":512,"height":512,"caption":"Dicodusport"},"image":{"@id":"https:\/\/dicodusport.fr\/blog\/#\/schema\/logo\/image\/"},"sameAs":["https:\/\/www.facebook.com\/dicodusport","https:\/\/x.com\/dicodusport","https:\/\/www.instagram.com\/dicodusport\/","https:\/\/www.youtube.com\/channel\/UC7V2KZ5sd3htJivAbA4ZG3w"],"description":"Dicodusport est l'encyclop\u00e9die de l'actualit\u00e9 sportive.","email":"bonjour@dicodusport.fr","legalName":"DICODUSPORT","foundingDate":"2018-01-14","vatID":"FR71834470973","taxID":"83447097300043","numberOfEmployees":{"@type":"QuantitativeValue","minValue":"1","maxValue":"10"}},{"@type":"Person","@id":"https:\/\/dicodusport.fr\/blog\/#\/schema\/person\/ba9487b5b85f57eecfb00513e982c05b","name":"Vincent Soubab\u00e8re","image":{"@type":"ImageObject","inLanguage":"fr-FR","@id":"https:\/\/dicodusport.fr\/blog\/#\/schema\/person\/image\/","url":"https:\/\/dicodusport.fr\/blog\/wp-content\/uploads\/2021\/05\/Vincent-Soubabere-150x150.jpg","contentUrl":"https:\/\/dicodusport.fr\/blog\/wp-content\/uploads\/2021\/05\/Vincent-Soubabere-150x150.jpg","caption":"Vincent Soubab\u00e8re"},"description":"Journaliste\/r\u00e9dacteur depuis ao\u00fbt 2018 - Passionn\u00e9 de sport depuis tout petit, je me suis logiquement tourn\u00e9 vers le journalisme sportif depuis ao\u00fbt 2018. Grand supporter des Girondins, je suis aussi un fan de football. Je pratique le tennis et suis l'actualit\u00e9 de la petite balle jaune. En juillet, vous risquez de me croiser sur les routes du Tour.","url":"https:\/\/dicodusport.fr\/blog\/author\/vincents\/"}]}},"_links":{"self":[{"href":"https:\/\/dicodusport.fr\/blog\/wp-json\/wp\/v2\/posts\/145166","targetHints":{"allow":["GET"]}}],"collection":[{"href":"https:\/\/dicodusport.fr\/blog\/wp-json\/wp\/v2\/posts"}],"about":[{"href":"https:\/\/dicodusport.fr\/blog\/wp-json\/wp\/v2\/types\/post"}],"author":[{"embeddable":true,"href":"https:\/\/dicodusport.fr\/blog\/wp-json\/wp\/v2\/users\/57"}],"replies":[{"embeddable":true,"href":"https:\/\/dicodusport.fr\/blog\/wp-json\/wp\/v2\/comments?post=145166"}],"version-history":[{"count":0,"href":"https:\/\/dicodusport.fr\/blog\/wp-json\/wp\/v2\/posts\/145166\/revisions"}],"wp:featuredmedia":[{"embeddable":true,"href":"https:\/\/dicodusport.fr\/blog\/wp-json\/wp\/v2\/media\/145176"}],"wp:attachment":[{"href":"https:\/\/dicodusport.fr\/blog\/wp-json\/wp\/v2\/media?parent=145166"}],"wp:term":[{"taxonomy":"category","embeddable":true,"href":"https:\/\/dicodusport.fr\/blog\/wp-json\/wp\/v2\/categories?post=145166"},{"taxonomy":"post_tag","embeddable":true,"href":"https:\/\/dicodusport.fr\/blog\/wp-json\/wp\/v2\/tags?post=145166"}],"curies":[{"name":"wp","href":"https:\/\/api.w.org\/{rel}","templated":true}]}}