{"id":145354,"date":"2021-07-08T19:25:09","date_gmt":"2021-07-08T17:25:09","guid":{"rendered":"https:\/\/dicodusport.fr\/blog\/?p=145354&#038;preview=true&#038;preview_id=145354"},"modified":"2021-07-09T09:19:52","modified_gmt":"2021-07-09T07:19:52","slug":"championnats-deurope-espoirs-dathletisme-florian-le-pallec-et-valentin-gondouin-sur-le-podium-du-10-000-m","status":"publish","type":"post","link":"https:\/\/dicodusport.fr\/blog\/championnats-deurope-espoirs-dathletisme-florian-le-pallec-et-valentin-gondouin-sur-le-podium-du-10-000-m\/","title":{"rendered":"Championnats d&rsquo;Europe espoirs d&rsquo;athl\u00e9tisme : Florian Le Pallec et Valentin Gondouin sur le podium du 10 000 m"},"content":{"rendered":"<p style=\"text-align: justify;\"><strong><em>Championnats d&rsquo;Europe espoirs \u2013 Pour cette premi\u00e8re journ\u00e9e, Florian Le Pallec et Valentin Gondouin ont remport\u00e9 l&rsquo;argent et le bronze au 10 000 m.<\/em><\/strong><\/p>\n<p style=\"text-align: justify;\">Cette premi\u00e8re journ\u00e9e fran\u00e7aise se conclut donc avec deux m\u00e9dailles ! Ils \u00e9taient 3 Fran\u00e7ais engag\u00e9s sur cette finale. Et <strong>Pierre Bordeau<\/strong> pourra avoir des regrets. En effet, plac\u00e9 dans le peloton de t\u00eate, il a pris les devants apr\u00e8s 1 petit kilom\u00e8tre. Et apr\u00e8s environ 14 minutes il a pris une grosse avance sur ses poursuivants. Il aura fait la course en t\u00eate pendant tr\u00e8s longtemps avant de craquer \u00e0 3 tours de la fin. L&rsquo;Eduardo Menacho a en effet port\u00e9 son attaque \u00e0 ce moment-l\u00e0 et il a pris la t\u00eate. Le Fran\u00e7ais \u00e0 la lutte avec le Turc Bastug a finalement vu les poursuivants lui passer devant. Derri\u00e8re l&rsquo;Espagnol qui a \u00e9tabli son record personnel en 29\u203214\u203392, <strong>Florian Le Pallec<\/strong> (29\u203223\u203382) et <strong>Valentin Gondouin<\/strong> (29\u203224\u203340) ont donc remport\u00e9 les m\u00e9dailles d&rsquo;argent et de bronze pour bien lancer l&rsquo;\u00e9quipe de France.<\/p>\n<h2 style=\"text-align: justify;\">Les autres r\u00e9sultats fran\u00e7ais de la journ\u00e9e<\/h2>\n<h3>Premier tour 100 m F<\/h3>\n<p style=\"text-align: justify;\">Avec un retard de pr\u00e8s d&rsquo;une heure en raison de la pluie, les s\u00e9ries du 100 m ont eu lieu autour de 12h. <strong>Marie-Ange Rimlinger<\/strong> est mal sortie des blocs et a finalement termin\u00e9 6e en 11\u203390. Son temps ne lui permet pas d&rsquo;acc\u00e9der aux demies.<\/p>\n<h3 style=\"text-align: justify;\">Premier tour 400 m F + H<\/h3>\n<p style=\"text-align: justify;\"><strong>Sokhna Lacoste<\/strong> \u00e9tait bien en place et a r\u00e9alis\u00e9 une bonne fin de course pour remporter sa s\u00e9rie en 53\u203326.<\/p>\n<p style=\"text-align: justify;\">Chez les gar\u00e7ons, <strong>Ludovic Ouceni<\/strong> a termin\u00e9 3e en 46\u203362 et est \u00e9galement qualifi\u00e9 pour les demies.<\/p>\n<p style=\"text-align: justify;\">Les demi-finales auront lieu <strong>vendredi 9 juillet \u00e0 16h<\/strong> (filles) et <strong>16h20<\/strong> (gar\u00e7ons).<\/p>\n<h3>Premier tour 1500 m H<\/h3>\n<p style=\"text-align: justify;\"><strong>Josselain Barrelon-Vernay<\/strong> a termin\u00e9 8e en 3\u203247\u203322.<\/p>\n<p style=\"text-align: justify;\"><strong>Flavien Szot<\/strong> qui \u00e9tait autour de la 5e place est remont\u00e9 \u00e0 la 3e pour les 300 derniers m\u00e8tres. Il a initialement termin\u00e9 4e en 3\u203245\u203319 ce qui lui permettait d&rsquo;\u00eatre qualifi\u00e9 pour la finale mais il a ensuite \u00e9t\u00e9 disqualifi\u00e9 pour obstruction sur un conccurent. <strong>Bastien Augusto<\/strong> sera donc le seul Fran\u00e7ais en finale. Il a termin\u00e9 3e en 3\u203244\u203374.<\/p>\n<p style=\"text-align: justify;\">La finale aura lieu <strong>samedi 10 juillet \u00e0 16h20<\/strong>.<\/p>\n<h3 style=\"text-align: justify;\">Premier tour 400 m haies<\/h3>\n<p style=\"text-align: justify;\"><strong>Shana Grebo<\/strong> et <strong>Camille Seri<\/strong> ont termin\u00e9 deuxi\u00e8me de leur s\u00e9rie respective en 57\u203371 et 58\u203306 pour rejoindre les demi-finales qui auront lieu <strong>vendredi 9 juillet \u00e0 14h30<\/strong>.<\/p>\n<h3>Premier tour 3000 m steeple F<\/h3>\n<p style=\"text-align: justify;\">Dans la premi\u00e8re s\u00e9rie, <strong>Flavie Renouard<\/strong> naviguait autour de la 8e place avant de se replacer dans le groupe de t\u00eate apr\u00e8s 1000 m. Elle a ensuite pris la t\u00eate de la course et elle n&rsquo;a plus quitt\u00e9 cette place. Encourag\u00e9e par la mascotte, la Fran\u00e7aise s&rsquo;est impos\u00e9e en 10\u203204\u203344.<\/p>\n<p style=\"text-align: justify;\">La deuxi\u00e8me course a \u00e9t\u00e9 plus rapide. Les Fran\u00e7aises <strong>Aude Clavier<\/strong> et <strong>Claire Palou<\/strong> ont fait toute la course en t\u00eate. L&rsquo;ensemble du groupe \u00e9tait assez compact. Clavier s&rsquo;est impos\u00e9e en 10\u203203\u203392 devant Palou (10\u203203\u203389). On peut donc r\u00eaver d&rsquo;un podium 100% fran\u00e7ais ! La finale aura lieu <strong>samedi \u00e0 15h40<\/strong>.<\/p>\n<h3 style=\"text-align: justify;\">Qualifications lancer du disque F<\/h3>\n<p style=\"text-align: justify;\"><strong>Amanda Ngandu-Ntumba<\/strong> a bien lanc\u00e9 son concours avec un jet \u00e0 49.91 m. Elle est rest\u00e9e \u00e0 la premi\u00e8re place un moment avant d&rsquo;\u00eatre d\u00e9pass\u00e9e par la Su\u00e9doise Caisa-Marie Lindfors qui a assur\u00e9 sa qualification directe avec un jet \u00e0 55.41 m (limite \u00e0 55 m). A son deuxi\u00e8me essai, la Finlandaise Helena Leveelahti a pris la deuxi\u00e8me place avec 53.23 m. La Fran\u00e7aise a ensuite am\u00e9lior\u00e9 sa marque et repris cette deuxi\u00e8me place avec 53.89 m. La N\u00e9erlandaise Jorinde Van Klinken a \u00e9t\u00e9 la deuxi\u00e8me athl\u00e8te \u00e0 obtenir sa qualification directe avec un gros lancer \u00e0 61.97 m. L&rsquo;Isra\u00eblienne Estel Valeanu est ensuite pass\u00e9e devant Ngandu-Ntumba avec un lancer \u00e0 54.06 m. La Fran\u00e7aise a sembl\u00e9 d\u00e9\u00e7ue tout de suite apr\u00e8s son dernier essai mais celui-ci lui a finalement offert une qualification directe puisqu&rsquo;elle a am\u00e9lior\u00e9 sa marque avec<strong> 55.86 m<\/strong>, prenant ainsi la deuxi\u00e8me place du concours. Elle participera \u00e0 la finale qui aura lieu <strong>vendredi 9 juillet \u00e0 18h35<\/strong>.<\/p>\n<h3 style=\"text-align: justify;\">Qualifications lancer du poids H<\/h3>\n<p style=\"text-align: justify;\"><strong>Fred Moudani-Likibi<\/strong> a lanc\u00e9 \u00e0 16.86 m puis 17.89 m. Il a oscill\u00e9 entre la 4e et 5e place. Puis il a rat\u00e9 son dernier essai. Finalement, il finit \u00e0 la 7e place, ce qui ne lui ouvre pas les portes de la finale.<\/p>\n<h3 style=\"text-align: justify;\">Qualifications lancer du marteau H<\/h3>\n<p style=\"text-align: justify;\">Dans le groupe A, <strong>Earwyn Abdou <\/strong>a \u00e9t\u00e9 le premier Fran\u00e7ais \u00e0 se lancer dans les qualifications. Son deuxi\u00e8me essai est le meilleur (65.01 m \/<strong> 65.90 m<\/strong> \/ 65.38 m). Plac\u00e9 autour de la 3e place, il a finalement termin\u00e9 6e et d\u00fb attendre le deuxi\u00e8me concours pour conna\u00eetre son sort. Finalement, il pourra participer \u00e0 la finale.<\/p>\n<p style=\"text-align: justify;\">En fin de premi\u00e8re session, <strong>Hugo Tavernier<\/strong> a d&rsquo;abord pris la t\u00eate du concours avec 68.91 m. Puis l&rsquo;Ukrainien Mykhailo Havryliuk lui est pass\u00e9 devant avec un jet \u00e0 70.25 m. Le Fran\u00e7ais lui est repass\u00e9 devant et s&rsquo;est rapproch\u00e9 de la qualification automatique (71 m) avec 70.88 m. Il n&rsquo;avait pas besoin de son dernier essai mais il a tout de m\u00eame lanc\u00e9 mais le drapeau rouge s&rsquo;est lev\u00e9. Il finit premier du groupe B et est qualifi\u00e9 pour la finale qui aura lieu <strong>vendredi 9 juillet \u00e0 16h45<\/strong>.<\/p>\n<h3>Qualifications lancer du disque H<\/h3>\n<p style=\"text-align: justify;\">Apr\u00e8s deux essais rat\u00e9s, <strong>Tom Reux<\/strong> \u00e9tait dos au mur. Et son dernier lancer lui aurait probablement ouvert les portes de la finale mais c&rsquo;est un nouveau drapeau rouge qui s&rsquo;est lev\u00e9 puisque le disque \u00e9tait en dehors des limites. Il ne r\u00e9it\u00e9rera donc pas sa <a href=\"https:\/\/dicodusport.fr\/blog\/coupe-deurope-des-lancers-2021-tom-reux-en-bronze-au-concours-du-disque-u23\/\" target=\"_blank\" rel=\"noopener\">performance r\u00e9alis\u00e9e en d\u00e9but d&rsquo;ann\u00e9e<\/a> \u00e0 la Coupe d&rsquo;Europe des lancers.<\/p>\n<h3 style=\"text-align: justify;\">Qualifications saut en longueur H<\/h3>\n<p style=\"text-align: justify;\"><strong>Jules Pommery<\/strong> a rat\u00e9 son premier essai. Il a ensuite r\u00e9alis\u00e9 7.65 m, \u00e0 5 cm de la marque de qualification automatique. Avec sa 2e place, il a ensuite d\u00e9cid\u00e9 d&rsquo;arr\u00eater son concours. Il termine finalement 6e du groupe A.<\/p>\n<p style=\"text-align: justify;\">Dans le groupe B, <strong>Bastien Cadeot<\/strong> a r\u00e9alis\u00e9 7.28 m pour se placer \u00e0 la 3e place. Apr\u00e8s ses 7.34 m, il \u00e9tait 4e. Il termine finalement 2e du groupe avec 7.63 m.<\/p>\n<p style=\"text-align: justify;\">Les deux Fran\u00e7ais participeront \u00e0 la finale qui aura lieu <strong>vendredi 9 juillet \u00e0 17h35<\/strong>.<\/p>\n<h3 style=\"text-align: justify;\">Qualifications triple saut F<\/h3>\n<p style=\"text-align: justify;\"><strong>Victoria Josse<\/strong> a r\u00e9alis\u00e9 12.98 m \u00e0 son premier essai ce qui la pla\u00e7ait \u00e0 la 7e place. Elle a ensuite r\u00e9alis\u00e9 13.01 m. A son dernier essai, elle est remont\u00e9e \u00e0 la 4e place avec ses 13.22 m. Elle participera donc \u00e0 la finale qui aura lieu <strong>vendredi 9 juillet \u00e0 15h<\/strong>.<\/p>\n<h3 style=\"text-align: justify;\">Qualifications saut en hauteur F<\/h3>\n<p style=\"text-align: justify;\"><strong>Juliette Perez<\/strong> a rat\u00e9 son premier essai \u00e0 1.68 m puis elle a d\u00e9cid\u00e9 de faire l&rsquo;impasse. Elle a effac\u00e9 la barre \u00e0 1.73 m \u00e0 son premier essai et celle \u00e0 1.78 m \u00e0 son deuxi\u00e8me essai. Elle a ensuite rat\u00e9 ses trois tentatives \u00e0 1.82 m mais s&rsquo;est qualifi\u00e9e pour la finale avec sa 5e place du groupe A. La finale aura lieu <strong>samedi 10 juillet \u00e0 17h40<\/strong>.<\/p>\n<h3 style=\"text-align: justify;\">Qualifications saut \u00e0 la perche H<\/h3>\n<p style=\"text-align: justify;\"><strong>Thibaut Collet<\/strong> a fait l&rsquo;impasse \u00e0 4.90 m, 5.05 m et 5.20 m. Il a ensuite franchi 5.35 m \u00e0 son 2e essai ce qui \u00e9tait suffisant pour rejoindre la finale.<\/p>\n<p style=\"text-align: justify;\">Dans le groupe B, <strong>Ethan Cormont<\/strong>\u00a0a \u00e9galement fait l&rsquo;impasse \u00e0 4.90 m, 5.05 m et 5.20 m. Il a franchi 5.35 m \u00e0 son premier essai pour terminer premier et rejoindre la finale qui aura lieu <strong>samedi 10 juillet \u00e0 17h10<\/strong>.<\/p>\n<h3 style=\"text-align: justify;\">Heptathlon (4\/7)<\/h3>\n<p style=\"text-align: justify;\">Trois Fran\u00e7aises sont engag\u00e9es dans l&rsquo;heptathlon.<\/p>\n<p style=\"text-align: justify;\"><strong>Louise Maraval<\/strong> a frapp\u00e9 fort pour la premi\u00e8re \u00e9preuve en remportant sa s\u00e9rie du 100 m haies en 13\u203380. Cela aurait pu \u00eatre son record personnel mais avec un vent de 2.2m\/s, il n&rsquo;a pu \u00eatre homologu\u00e9. Au saut en hauteur, plac\u00e9e dans le groupe B, elle a franchi 1.60 m et 1.63 m \u00e0 son premier essai. Puis elle a \u00e9chou\u00e9 par 3 fois \u00e0 1.66 m pour terminer 7e. Dans le groupe B du lancer du poids, elle a d&rsquo;abord lanc\u00e9 \u00e0 11.10 m, puis 10.98 m avant de finir \u00e0 11.54 m. Cela lui vaut la 5e place.<\/p>\n<p style=\"text-align: justify;\"><strong>Auriana Lazraq-Khlass<\/strong> a eu du mal sur le 100 m haies et a termin\u00e9 avant-derni\u00e8re de sa s\u00e9rie en 14\u203323. Au saut en hauteur, elle a franchi 1.63 m et 1.66 m \u00e0 son premier essai puis 1.69 m \u00e0 son dernier essai. Elle a ensuite \u00e9chou\u00e9 \u00e0 1.72 m. Elle termine 9e du groupe A. Dans le groupe A du lancer du poids, elle a r\u00e9alis\u00e9 son meilleur lancer \u00e0 son premier essai avec 11.40 m. Apr\u00e8s 11.01 m, elle a rat\u00e9 son dernier essai et termine \u00e0 la derni\u00e8re place.<\/p>\n<p style=\"text-align: justify;\"><strong>L\u00e9onie Cambours<\/strong> a elle aussi eu du mal sur le 100 m haies et a ferm\u00e9 la marche avec sa compatriote en 14\u203323. Au saut en hauteur, elle a fait l&rsquo;impasse \u00e0 1.63 m, 1.66 m et 1.69 m. Elle a franchi 1.72 m et 1.75 m \u00e0 son 3e essai puis a \u00e9chou\u00e9 \u00e0 1.78 m. Elle termine 5e du groupe A. Dans le groupe B du lancer du poids, elle a r\u00e9alis\u00e9 11.95 m puis 11.98 avant de battre son <strong>record personnel<\/strong> (12m88 m) avec un lancer \u00e0 13.26 m. Elle termine premi\u00e8re du concours.<\/p>\n<p style=\"text-align: justify;\">Dans leur derni\u00e8re \u00e9preuve de la journ\u00e9e, les Fran\u00e7aises \u00e9taient dans la m\u00eame s\u00e9rie du 200 m. <strong>Auriana Lazraq-Khlass<\/strong> a termin\u00e9 3e en 25\u203315, <strong>L\u00e9onie Cambours<\/strong> 5e en 24\u203335 et <strong>Louise Maraval <\/strong>6e en 23\u203380.<\/p>\n<p style=\"text-align: justify;\">A l&rsquo;issue de la premi\u00e8re journ\u00e9e,\u00a0 L\u00e9onie Cambours est <strong>3e<\/strong> avec <strong>3554 points<\/strong> et 284 points de retard sur la leader Adrianna Sulek. <strong>Louise Maraval <\/strong>est 10e avec 3409 points. <strong>Auriana Lazraq-Khlass<\/strong> est 13e avec 3282 points.<\/p>\n<p><strong>\u00c0 lire aussi :<\/strong><\/p>\n<ul>\n<li><a href=\"https:\/\/dicodusport.fr\/blog\/athletisme-championnats-deurope-espoirs-2021-calendrier-et-resultats\/\" target=\"_blank\" rel=\"noopener\"><strong>Championnats d&rsquo;Europe espoirs : calendrier et r\u00e9sultats<\/strong><\/a><\/li>\n<li><strong><a href=\"https:\/\/dicodusport.fr\/blog\/athletisme-championnats-deurope-espoirs-2021-la-selection-francaise\/\" target=\"_blank\" rel=\"noopener\">Championnats d&rsquo;Europe espoirs 2021 : la s\u00e9lection fran\u00e7aise<\/a><\/strong><\/li>\n<\/ul>\n<p style=\"text-align: justify;\">\n","protected":false},"excerpt":{"rendered":"<p>Championnats d&rsquo;Europe espoirs \u2013 Pour cette premi\u00e8re journ\u00e9e, Florian Le Pallec et Valentin Gondouin ont remport\u00e9 l&rsquo;argent et le bronze au 10 000 m.<\/p>\n","protected":false},"author":12,"featured_media":145455,"comment_status":"open","ping_status":"closed","sticky":false,"template":"","format":"standard","meta":{"_acf_changed":false,"_daextam_enable_autolinks":"","footnotes":""},"categories":[2308],"tags":[17667,17825],"class_list":["post-145354","post","type-post","status-publish","format-standard","has-post-thumbnail","hentry","category-athletisme","tag-championnats-deurope-espoirs-dathletisme","tag-championnats-deurope-u23-athletisme"],"acf":[],"yoast_head":"<!-- This site is optimized with the Yoast SEO Premium plugin v26.7 (Yoast SEO v26.7) - https:\/\/yoast.com\/wordpress\/plugins\/seo\/ -->\n<title>Championnats d&#039;Europe espoirs d&#039;athl\u00e9tisme : Florian Le Pallec et Valentin Gondouin sur le podium du 10 000 m<\/title>\n<meta name=\"description\" content=\"Pour cette premi\u00e8re journ\u00e9e, Florian Le Pallec et Valentin Gondouin ont remport\u00e9 l&#039;argent et le bronze au 10 000 m.\" \/>\n<meta name=\"robots\" content=\"index, follow, max-snippet:-1, max-image-preview:large, max-video-preview:-1\" \/>\n<link rel=\"canonical\" href=\"https:\/\/dicodusport.fr\/blog\/championnats-deurope-espoirs-dathletisme-florian-le-pallec-et-valentin-gondouin-sur-le-podium-du-10-000-m\/\" \/>\n<meta property=\"og:locale\" content=\"fr_FR\" \/>\n<meta property=\"og:type\" content=\"article\" \/>\n<meta property=\"og:title\" content=\"Championnats d&#039;Europe espoirs d&#039;athl\u00e9tisme : Florian Le Pallec et Valentin Gondouin sur le podium du 10 000 m\" \/>\n<meta property=\"og:description\" content=\"Pour cette premi\u00e8re journ\u00e9e, Florian Le Pallec et Valentin Gondouin ont remport\u00e9 l&#039;argent et le bronze au 10 000 m.\" \/>\n<meta property=\"og:url\" content=\"https:\/\/dicodusport.fr\/blog\/championnats-deurope-espoirs-dathletisme-florian-le-pallec-et-valentin-gondouin-sur-le-podium-du-10-000-m\/\" \/>\n<meta property=\"og:site_name\" content=\"Dicodusport\" \/>\n<meta property=\"article:publisher\" content=\"https:\/\/www.facebook.com\/dicodusport\" \/>\n<meta property=\"article:published_time\" content=\"2021-07-08T17:25:09+00:00\" \/>\n<meta property=\"article:modified_time\" content=\"2021-07-09T07:19:52+00:00\" \/>\n<meta property=\"og:image\" content=\"https:\/\/dicodusport.fr\/blog\/wp-content\/uploads\/2021\/07\/Championnats-dEurope-espoirs-dathletisme-Le-Pallec-et-Gondouin-sur-le-podium-du-10-000-m.jpg\" \/>\n\t<meta property=\"og:image:width\" content=\"800\" \/>\n\t<meta property=\"og:image:height\" content=\"446\" \/>\n\t<meta property=\"og:image:type\" content=\"image\/jpeg\" \/>\n<meta name=\"author\" content=\"Arlette Yeye\" \/>\n<meta name=\"twitter:card\" content=\"summary_large_image\" \/>\n<meta name=\"twitter:title\" content=\"Championnats d&#039;Europe espoirs d&#039;athl\u00e9tisme : Florian Le Pallec et Valentin Gondouin sur le podium du 10 000 m\" \/>\n<meta name=\"twitter:creator\" content=\"@https:\/\/twitter.com\/Shiclette94\" \/>\n<meta name=\"twitter:site\" content=\"@dicodusport\" \/>\n<script type=\"application\/ld+json\" class=\"yoast-schema-graph\">{\"@context\":\"https:\/\/schema.org\",\"@graph\":[{\"@type\":\"NewsArticle\",\"@id\":\"https:\/\/dicodusport.fr\/blog\/championnats-deurope-espoirs-dathletisme-florian-le-pallec-et-valentin-gondouin-sur-le-podium-du-10-000-m\/#article\",\"isPartOf\":{\"@id\":\"https:\/\/dicodusport.fr\/blog\/championnats-deurope-espoirs-dathletisme-florian-le-pallec-et-valentin-gondouin-sur-le-podium-du-10-000-m\/\"},\"author\":{\"name\":\"Arlette Yeye\",\"@id\":\"https:\/\/dicodusport.fr\/blog\/#\/schema\/person\/cce96fa88785bd8573e3d43078ac8c79\"},\"headline\":\"Championnats d&rsquo;Europe espoirs d&rsquo;athl\u00e9tisme : Florian Le Pallec et Valentin Gondouin sur le podium du 10 000 m\",\"datePublished\":\"2021-07-08T17:25:09+00:00\",\"dateModified\":\"2021-07-09T07:19:52+00:00\",\"mainEntityOfPage\":{\"@id\":\"https:\/\/dicodusport.fr\/blog\/championnats-deurope-espoirs-dathletisme-florian-le-pallec-et-valentin-gondouin-sur-le-podium-du-10-000-m\/\"},\"wordCount\":1624,\"commentCount\":0,\"publisher\":{\"@id\":\"https:\/\/dicodusport.fr\/blog\/#organization\"},\"image\":{\"@id\":\"https:\/\/dicodusport.fr\/blog\/championnats-deurope-espoirs-dathletisme-florian-le-pallec-et-valentin-gondouin-sur-le-podium-du-10-000-m\/#primaryimage\"},\"thumbnailUrl\":\"https:\/\/dicodusport.fr\/blog\/wp-content\/uploads\/2021\/07\/Championnats-dEurope-espoirs-dathletisme-Le-Pallec-et-Gondouin-sur-le-podium-du-10-000-m.jpg\",\"keywords\":[\"Championnats d'Europe espoirs d'athl\u00e9tisme\",\"Championnats d'Europe U23 athl\u00e9tisme\"],\"articleSection\":[\"Athl\u00e9tisme\"],\"inLanguage\":\"fr-FR\",\"potentialAction\":[{\"@type\":\"CommentAction\",\"name\":\"Comment\",\"target\":[\"https:\/\/dicodusport.fr\/blog\/championnats-deurope-espoirs-dathletisme-florian-le-pallec-et-valentin-gondouin-sur-le-podium-du-10-000-m\/#respond\"]}],\"copyrightYear\":\"2021\",\"copyrightHolder\":{\"@id\":\"https:\/\/dicodusport.fr\/blog\/#organization\"}},{\"@type\":\"WebPage\",\"@id\":\"https:\/\/dicodusport.fr\/blog\/championnats-deurope-espoirs-dathletisme-florian-le-pallec-et-valentin-gondouin-sur-le-podium-du-10-000-m\/\",\"url\":\"https:\/\/dicodusport.fr\/blog\/championnats-deurope-espoirs-dathletisme-florian-le-pallec-et-valentin-gondouin-sur-le-podium-du-10-000-m\/\",\"name\":\"Championnats d'Europe espoirs d'athl\u00e9tisme : Florian Le Pallec et Valentin Gondouin sur le podium du 10 000 m\",\"isPartOf\":{\"@id\":\"https:\/\/dicodusport.fr\/blog\/#website\"},\"primaryImageOfPage\":{\"@id\":\"https:\/\/dicodusport.fr\/blog\/championnats-deurope-espoirs-dathletisme-florian-le-pallec-et-valentin-gondouin-sur-le-podium-du-10-000-m\/#primaryimage\"},\"image\":{\"@id\":\"https:\/\/dicodusport.fr\/blog\/championnats-deurope-espoirs-dathletisme-florian-le-pallec-et-valentin-gondouin-sur-le-podium-du-10-000-m\/#primaryimage\"},\"thumbnailUrl\":\"https:\/\/dicodusport.fr\/blog\/wp-content\/uploads\/2021\/07\/Championnats-dEurope-espoirs-dathletisme-Le-Pallec-et-Gondouin-sur-le-podium-du-10-000-m.jpg\",\"datePublished\":\"2021-07-08T17:25:09+00:00\",\"dateModified\":\"2021-07-09T07:19:52+00:00\",\"description\":\"Pour cette premi\u00e8re journ\u00e9e, Florian Le Pallec et Valentin Gondouin ont remport\u00e9 l'argent et le bronze au 10 000 m.\",\"breadcrumb\":{\"@id\":\"https:\/\/dicodusport.fr\/blog\/championnats-deurope-espoirs-dathletisme-florian-le-pallec-et-valentin-gondouin-sur-le-podium-du-10-000-m\/#breadcrumb\"},\"inLanguage\":\"fr-FR\",\"potentialAction\":[{\"@type\":\"ReadAction\",\"target\":[\"https:\/\/dicodusport.fr\/blog\/championnats-deurope-espoirs-dathletisme-florian-le-pallec-et-valentin-gondouin-sur-le-podium-du-10-000-m\/\"]}]},{\"@type\":\"ImageObject\",\"inLanguage\":\"fr-FR\",\"@id\":\"https:\/\/dicodusport.fr\/blog\/championnats-deurope-espoirs-dathletisme-florian-le-pallec-et-valentin-gondouin-sur-le-podium-du-10-000-m\/#primaryimage\",\"url\":\"https:\/\/dicodusport.fr\/blog\/wp-content\/uploads\/2021\/07\/Championnats-dEurope-espoirs-dathletisme-Le-Pallec-et-Gondouin-sur-le-podium-du-10-000-m.jpg\",\"contentUrl\":\"https:\/\/dicodusport.fr\/blog\/wp-content\/uploads\/2021\/07\/Championnats-dEurope-espoirs-dathletisme-Le-Pallec-et-Gondouin-sur-le-podium-du-10-000-m.jpg\",\"width\":800,\"height\":446,\"caption\":\"Championnats d'Europe espoirs d'athl\u00e9tisme Le Pallec et Gondouin sur le podium du 10 000 m\"},{\"@type\":\"BreadcrumbList\",\"@id\":\"https:\/\/dicodusport.fr\/blog\/championnats-deurope-espoirs-dathletisme-florian-le-pallec-et-valentin-gondouin-sur-le-podium-du-10-000-m\/#breadcrumb\",\"itemListElement\":[{\"@type\":\"ListItem\",\"position\":1,\"name\":\"Accueil\",\"item\":\"https:\/\/dicodusport.fr\/blog\/\"},{\"@type\":\"ListItem\",\"position\":2,\"name\":\"Championnats d&rsquo;Europe espoirs d&rsquo;athl\u00e9tisme : Florian Le Pallec et Valentin Gondouin sur le podium du 10 000 m\"}]},{\"@type\":\"WebSite\",\"@id\":\"https:\/\/dicodusport.fr\/blog\/#website\",\"url\":\"https:\/\/dicodusport.fr\/blog\/\",\"name\":\"Dicodusport\",\"description\":\"L&#039;encyclop\u00e9die de l&#039;actualit\u00e9 sportive\",\"publisher\":{\"@id\":\"https:\/\/dicodusport.fr\/blog\/#organization\"},\"potentialAction\":[{\"@type\":\"SearchAction\",\"target\":{\"@type\":\"EntryPoint\",\"urlTemplate\":\"https:\/\/dicodusport.fr\/blog\/?s={search_term_string}\"},\"query-input\":{\"@type\":\"PropertyValueSpecification\",\"valueRequired\":true,\"valueName\":\"search_term_string\"}}],\"inLanguage\":\"fr-FR\"},{\"@type\":\"NewsMediaOrganization\",\"@id\":\"https:\/\/dicodusport.fr\/blog\/#organization\",\"name\":\"Dicodusport\",\"url\":\"https:\/\/dicodusport.fr\/blog\/\",\"logo\":{\"@type\":\"ImageObject\",\"inLanguage\":\"fr-FR\",\"@id\":\"https:\/\/dicodusport.fr\/blog\/#\/schema\/logo\/image\/\",\"url\":\"https:\/\/dicodusport.fr\/blog\/wp-content\/uploads\/2020\/06\/cropped-LOGO-DICODUSPORT-2020-SANS-FOND-SANS-TEXTE.png\",\"contentUrl\":\"https:\/\/dicodusport.fr\/blog\/wp-content\/uploads\/2020\/06\/cropped-LOGO-DICODUSPORT-2020-SANS-FOND-SANS-TEXTE.png\",\"width\":512,\"height\":512,\"caption\":\"Dicodusport\"},\"image\":{\"@id\":\"https:\/\/dicodusport.fr\/blog\/#\/schema\/logo\/image\/\"},\"sameAs\":[\"https:\/\/www.facebook.com\/dicodusport\",\"https:\/\/x.com\/dicodusport\",\"https:\/\/www.instagram.com\/dicodusport\/\",\"https:\/\/www.youtube.com\/channel\/UC7V2KZ5sd3htJivAbA4ZG3w\"],\"description\":\"Dicodusport est l'encyclop\u00e9die de l'actualit\u00e9 sportive.\",\"email\":\"bonjour@dicodusport.fr\",\"legalName\":\"DICODUSPORT\",\"foundingDate\":\"2018-01-14\",\"vatID\":\"FR71834470973\",\"taxID\":\"83447097300043\",\"numberOfEmployees\":{\"@type\":\"QuantitativeValue\",\"minValue\":\"1\",\"maxValue\":\"10\"}},{\"@type\":\"Person\",\"@id\":\"https:\/\/dicodusport.fr\/blog\/#\/schema\/person\/cce96fa88785bd8573e3d43078ac8c79\",\"name\":\"Arlette Yeye\",\"image\":{\"@type\":\"ImageObject\",\"inLanguage\":\"fr-FR\",\"@id\":\"https:\/\/dicodusport.fr\/blog\/#\/schema\/person\/image\/\",\"url\":\"https:\/\/secure.gravatar.com\/avatar\/dca4a6239e6d708e46c45d60e160de6c?s=96&d=wp_user_avatar&r=g\",\"contentUrl\":\"https:\/\/secure.gravatar.com\/avatar\/dca4a6239e6d708e46c45d60e160de6c?s=96&d=wp_user_avatar&r=g\",\"caption\":\"Arlette Yeye\"},\"description\":\"Journaliste\/r\u00e9dactrice depuis septembre 2015 - Supportrice de Chelsea, j'ai pour sports de pr\u00e9dilection le handball, l'athl\u00e9tisme et le tennis. Si je tweete plus vite que mon ombre, vous pouvez aussi me retrouver les week-ends sur les playgrounds de Bruxelles pour un petit foot ou basket entre potes. Parcourir la France, l'Europe et plus si affinit\u00e9s pour suivre mes sportifs pr\u00e9f\u00e9r\u00e9s ? Mon kif ! Et c'est avec plaisir que je partage les r\u00e9sultats des sports populaires mais \u00e9galement plus confidentiels pour Dicodusport.\",\"sameAs\":[\"https:\/\/x.com\/https:\/\/twitter.com\/Shiclette94\"],\"url\":\"https:\/\/dicodusport.fr\/blog\/author\/arlette\/\"}]}<\/script>\n<!-- \/ Yoast SEO Premium plugin. -->","yoast_head_json":{"title":"Championnats d'Europe espoirs d'athl\u00e9tisme : Florian Le Pallec et Valentin Gondouin sur le podium du 10 000 m","description":"Pour cette premi\u00e8re journ\u00e9e, Florian Le Pallec et Valentin Gondouin ont remport\u00e9 l'argent et le bronze au 10 000 m.","robots":{"index":"index","follow":"follow","max-snippet":"max-snippet:-1","max-image-preview":"max-image-preview:large","max-video-preview":"max-video-preview:-1"},"canonical":"https:\/\/dicodusport.fr\/blog\/championnats-deurope-espoirs-dathletisme-florian-le-pallec-et-valentin-gondouin-sur-le-podium-du-10-000-m\/","og_locale":"fr_FR","og_type":"article","og_title":"Championnats d'Europe espoirs d'athl\u00e9tisme : Florian Le Pallec et Valentin Gondouin sur le podium du 10 000 m","og_description":"Pour cette premi\u00e8re journ\u00e9e, Florian Le Pallec et Valentin Gondouin ont remport\u00e9 l'argent et le bronze au 10 000 m.","og_url":"https:\/\/dicodusport.fr\/blog\/championnats-deurope-espoirs-dathletisme-florian-le-pallec-et-valentin-gondouin-sur-le-podium-du-10-000-m\/","og_site_name":"Dicodusport","article_publisher":"https:\/\/www.facebook.com\/dicodusport","article_published_time":"2021-07-08T17:25:09+00:00","article_modified_time":"2021-07-09T07:19:52+00:00","og_image":[{"width":800,"height":446,"url":"https:\/\/dicodusport.fr\/blog\/wp-content\/uploads\/2021\/07\/Championnats-dEurope-espoirs-dathletisme-Le-Pallec-et-Gondouin-sur-le-podium-du-10-000-m.jpg","type":"image\/jpeg"}],"author":"Arlette Yeye","twitter_card":"summary_large_image","twitter_title":"Championnats d'Europe espoirs d'athl\u00e9tisme : Florian Le Pallec et Valentin Gondouin sur le podium du 10 000 m","twitter_creator":"@https:\/\/twitter.com\/Shiclette94","twitter_site":"@dicodusport","schema":{"@context":"https:\/\/schema.org","@graph":[{"@type":"NewsArticle","@id":"https:\/\/dicodusport.fr\/blog\/championnats-deurope-espoirs-dathletisme-florian-le-pallec-et-valentin-gondouin-sur-le-podium-du-10-000-m\/#article","isPartOf":{"@id":"https:\/\/dicodusport.fr\/blog\/championnats-deurope-espoirs-dathletisme-florian-le-pallec-et-valentin-gondouin-sur-le-podium-du-10-000-m\/"},"author":{"name":"Arlette Yeye","@id":"https:\/\/dicodusport.fr\/blog\/#\/schema\/person\/cce96fa88785bd8573e3d43078ac8c79"},"headline":"Championnats d&rsquo;Europe espoirs d&rsquo;athl\u00e9tisme : Florian Le Pallec et Valentin Gondouin sur le podium du 10 000 m","datePublished":"2021-07-08T17:25:09+00:00","dateModified":"2021-07-09T07:19:52+00:00","mainEntityOfPage":{"@id":"https:\/\/dicodusport.fr\/blog\/championnats-deurope-espoirs-dathletisme-florian-le-pallec-et-valentin-gondouin-sur-le-podium-du-10-000-m\/"},"wordCount":1624,"commentCount":0,"publisher":{"@id":"https:\/\/dicodusport.fr\/blog\/#organization"},"image":{"@id":"https:\/\/dicodusport.fr\/blog\/championnats-deurope-espoirs-dathletisme-florian-le-pallec-et-valentin-gondouin-sur-le-podium-du-10-000-m\/#primaryimage"},"thumbnailUrl":"https:\/\/dicodusport.fr\/blog\/wp-content\/uploads\/2021\/07\/Championnats-dEurope-espoirs-dathletisme-Le-Pallec-et-Gondouin-sur-le-podium-du-10-000-m.jpg","keywords":["Championnats d'Europe espoirs d'athl\u00e9tisme","Championnats d'Europe U23 athl\u00e9tisme"],"articleSection":["Athl\u00e9tisme"],"inLanguage":"fr-FR","potentialAction":[{"@type":"CommentAction","name":"Comment","target":["https:\/\/dicodusport.fr\/blog\/championnats-deurope-espoirs-dathletisme-florian-le-pallec-et-valentin-gondouin-sur-le-podium-du-10-000-m\/#respond"]}],"copyrightYear":"2021","copyrightHolder":{"@id":"https:\/\/dicodusport.fr\/blog\/#organization"}},{"@type":"WebPage","@id":"https:\/\/dicodusport.fr\/blog\/championnats-deurope-espoirs-dathletisme-florian-le-pallec-et-valentin-gondouin-sur-le-podium-du-10-000-m\/","url":"https:\/\/dicodusport.fr\/blog\/championnats-deurope-espoirs-dathletisme-florian-le-pallec-et-valentin-gondouin-sur-le-podium-du-10-000-m\/","name":"Championnats d'Europe espoirs d'athl\u00e9tisme : Florian Le Pallec et Valentin Gondouin sur le podium du 10 000 m","isPartOf":{"@id":"https:\/\/dicodusport.fr\/blog\/#website"},"primaryImageOfPage":{"@id":"https:\/\/dicodusport.fr\/blog\/championnats-deurope-espoirs-dathletisme-florian-le-pallec-et-valentin-gondouin-sur-le-podium-du-10-000-m\/#primaryimage"},"image":{"@id":"https:\/\/dicodusport.fr\/blog\/championnats-deurope-espoirs-dathletisme-florian-le-pallec-et-valentin-gondouin-sur-le-podium-du-10-000-m\/#primaryimage"},"thumbnailUrl":"https:\/\/dicodusport.fr\/blog\/wp-content\/uploads\/2021\/07\/Championnats-dEurope-espoirs-dathletisme-Le-Pallec-et-Gondouin-sur-le-podium-du-10-000-m.jpg","datePublished":"2021-07-08T17:25:09+00:00","dateModified":"2021-07-09T07:19:52+00:00","description":"Pour cette premi\u00e8re journ\u00e9e, Florian Le Pallec et Valentin Gondouin ont remport\u00e9 l'argent et le bronze au 10 000 m.","breadcrumb":{"@id":"https:\/\/dicodusport.fr\/blog\/championnats-deurope-espoirs-dathletisme-florian-le-pallec-et-valentin-gondouin-sur-le-podium-du-10-000-m\/#breadcrumb"},"inLanguage":"fr-FR","potentialAction":[{"@type":"ReadAction","target":["https:\/\/dicodusport.fr\/blog\/championnats-deurope-espoirs-dathletisme-florian-le-pallec-et-valentin-gondouin-sur-le-podium-du-10-000-m\/"]}]},{"@type":"ImageObject","inLanguage":"fr-FR","@id":"https:\/\/dicodusport.fr\/blog\/championnats-deurope-espoirs-dathletisme-florian-le-pallec-et-valentin-gondouin-sur-le-podium-du-10-000-m\/#primaryimage","url":"https:\/\/dicodusport.fr\/blog\/wp-content\/uploads\/2021\/07\/Championnats-dEurope-espoirs-dathletisme-Le-Pallec-et-Gondouin-sur-le-podium-du-10-000-m.jpg","contentUrl":"https:\/\/dicodusport.fr\/blog\/wp-content\/uploads\/2021\/07\/Championnats-dEurope-espoirs-dathletisme-Le-Pallec-et-Gondouin-sur-le-podium-du-10-000-m.jpg","width":800,"height":446,"caption":"Championnats d'Europe espoirs d'athl\u00e9tisme Le Pallec et Gondouin sur le podium du 10 000 m"},{"@type":"BreadcrumbList","@id":"https:\/\/dicodusport.fr\/blog\/championnats-deurope-espoirs-dathletisme-florian-le-pallec-et-valentin-gondouin-sur-le-podium-du-10-000-m\/#breadcrumb","itemListElement":[{"@type":"ListItem","position":1,"name":"Accueil","item":"https:\/\/dicodusport.fr\/blog\/"},{"@type":"ListItem","position":2,"name":"Championnats d&rsquo;Europe espoirs d&rsquo;athl\u00e9tisme : Florian Le Pallec et Valentin Gondouin sur le podium du 10 000 m"}]},{"@type":"WebSite","@id":"https:\/\/dicodusport.fr\/blog\/#website","url":"https:\/\/dicodusport.fr\/blog\/","name":"Dicodusport","description":"L&#039;encyclop\u00e9die de l&#039;actualit\u00e9 sportive","publisher":{"@id":"https:\/\/dicodusport.fr\/blog\/#organization"},"potentialAction":[{"@type":"SearchAction","target":{"@type":"EntryPoint","urlTemplate":"https:\/\/dicodusport.fr\/blog\/?s={search_term_string}"},"query-input":{"@type":"PropertyValueSpecification","valueRequired":true,"valueName":"search_term_string"}}],"inLanguage":"fr-FR"},{"@type":"NewsMediaOrganization","@id":"https:\/\/dicodusport.fr\/blog\/#organization","name":"Dicodusport","url":"https:\/\/dicodusport.fr\/blog\/","logo":{"@type":"ImageObject","inLanguage":"fr-FR","@id":"https:\/\/dicodusport.fr\/blog\/#\/schema\/logo\/image\/","url":"https:\/\/dicodusport.fr\/blog\/wp-content\/uploads\/2020\/06\/cropped-LOGO-DICODUSPORT-2020-SANS-FOND-SANS-TEXTE.png","contentUrl":"https:\/\/dicodusport.fr\/blog\/wp-content\/uploads\/2020\/06\/cropped-LOGO-DICODUSPORT-2020-SANS-FOND-SANS-TEXTE.png","width":512,"height":512,"caption":"Dicodusport"},"image":{"@id":"https:\/\/dicodusport.fr\/blog\/#\/schema\/logo\/image\/"},"sameAs":["https:\/\/www.facebook.com\/dicodusport","https:\/\/x.com\/dicodusport","https:\/\/www.instagram.com\/dicodusport\/","https:\/\/www.youtube.com\/channel\/UC7V2KZ5sd3htJivAbA4ZG3w"],"description":"Dicodusport est l'encyclop\u00e9die de l'actualit\u00e9 sportive.","email":"bonjour@dicodusport.fr","legalName":"DICODUSPORT","foundingDate":"2018-01-14","vatID":"FR71834470973","taxID":"83447097300043","numberOfEmployees":{"@type":"QuantitativeValue","minValue":"1","maxValue":"10"}},{"@type":"Person","@id":"https:\/\/dicodusport.fr\/blog\/#\/schema\/person\/cce96fa88785bd8573e3d43078ac8c79","name":"Arlette Yeye","image":{"@type":"ImageObject","inLanguage":"fr-FR","@id":"https:\/\/dicodusport.fr\/blog\/#\/schema\/person\/image\/","url":"https:\/\/secure.gravatar.com\/avatar\/dca4a6239e6d708e46c45d60e160de6c?s=96&d=wp_user_avatar&r=g","contentUrl":"https:\/\/secure.gravatar.com\/avatar\/dca4a6239e6d708e46c45d60e160de6c?s=96&d=wp_user_avatar&r=g","caption":"Arlette Yeye"},"description":"Journaliste\/r\u00e9dactrice depuis septembre 2015 - Supportrice de Chelsea, j'ai pour sports de pr\u00e9dilection le handball, l'athl\u00e9tisme et le tennis. Si je tweete plus vite que mon ombre, vous pouvez aussi me retrouver les week-ends sur les playgrounds de Bruxelles pour un petit foot ou basket entre potes. Parcourir la France, l'Europe et plus si affinit\u00e9s pour suivre mes sportifs pr\u00e9f\u00e9r\u00e9s ? Mon kif ! Et c'est avec plaisir que je partage les r\u00e9sultats des sports populaires mais \u00e9galement plus confidentiels pour Dicodusport.","sameAs":["https:\/\/x.com\/https:\/\/twitter.com\/Shiclette94"],"url":"https:\/\/dicodusport.fr\/blog\/author\/arlette\/"}]}},"_links":{"self":[{"href":"https:\/\/dicodusport.fr\/blog\/wp-json\/wp\/v2\/posts\/145354","targetHints":{"allow":["GET"]}}],"collection":[{"href":"https:\/\/dicodusport.fr\/blog\/wp-json\/wp\/v2\/posts"}],"about":[{"href":"https:\/\/dicodusport.fr\/blog\/wp-json\/wp\/v2\/types\/post"}],"author":[{"embeddable":true,"href":"https:\/\/dicodusport.fr\/blog\/wp-json\/wp\/v2\/users\/12"}],"replies":[{"embeddable":true,"href":"https:\/\/dicodusport.fr\/blog\/wp-json\/wp\/v2\/comments?post=145354"}],"version-history":[{"count":0,"href":"https:\/\/dicodusport.fr\/blog\/wp-json\/wp\/v2\/posts\/145354\/revisions"}],"wp:featuredmedia":[{"embeddable":true,"href":"https:\/\/dicodusport.fr\/blog\/wp-json\/wp\/v2\/media\/145455"}],"wp:attachment":[{"href":"https:\/\/dicodusport.fr\/blog\/wp-json\/wp\/v2\/media?parent=145354"}],"wp:term":[{"taxonomy":"category","embeddable":true,"href":"https:\/\/dicodusport.fr\/blog\/wp-json\/wp\/v2\/categories?post=145354"},{"taxonomy":"post_tag","embeddable":true,"href":"https:\/\/dicodusport.fr\/blog\/wp-json\/wp\/v2\/tags?post=145354"}],"curies":[{"name":"wp","href":"https:\/\/api.w.org\/{rel}","templated":true}]}}