{"id":145616,"date":"2021-07-09T16:09:05","date_gmt":"2021-07-09T14:09:05","guid":{"rendered":"https:\/\/dicodusport.fr\/blog\/?p=145616"},"modified":"2021-07-09T16:24:12","modified_gmt":"2021-07-09T14:24:12","slug":"coupe-du-monde-basket-u19-les-bleuets-arrachent-leur-place-en-demi-finales","status":"publish","type":"post","link":"https:\/\/dicodusport.fr\/blog\/coupe-du-monde-basket-u19-les-bleuets-arrachent-leur-place-en-demi-finales\/","title":{"rendered":"Coupe du monde de basket U19 : Les Bleuets arrachent leur place en demi-finales"},"content":{"rendered":"<p align=\"justify\"><em><strong>Au terme d&rsquo;une bataille intense face \u00e0 la Lituanie, l&rsquo;\u00e9quipe de France U19 a r\u00e9ussi \u00e0 l&#8217;emporter sur le score de 84-79 au bout des prolongations. Dans le sillage d&rsquo;un duo Matthew Strazel-Victor Wembanyama (43 points \u00e0 eux deux), les Bleuets se qualifient pour la demi-finale de la comp\u00e9tition gr\u00e2ce \u00e0 une d\u00e9fense exceptionnelle dans le money-time.<\/strong><\/em><\/p>\n<p align=\"justify\">Suite \u00e0 un huiti\u00e8me de finale g\u00e9r\u00e9 sans trop de probl\u00e8mes face au Mali, l\u2019<strong>\u00e9<\/strong><b>quipe de France U19<\/b> faisait face \u00e0 un tout autre d\u00e9fi pour les quarts. C\u2019est un match entre cadors europ\u00e9ens qui les attendait face \u00e0 la toujours dangereuse <b>Lituanie<\/b>. Toutes deux d\u00e9j\u00e0 battues respectivement par l\u2019Espagne et le Canada en phase de poules, les deux \u00e9quipes s\u2019appr\u00eataient \u00e0 disputer une rencontre ind\u00e9cise.<\/p>\n<h2 align=\"justify\"><strong>Les transitions lituaniennes mettent en difficult\u00e9 la d\u00e9fense des Bleuets<\/strong><\/h2>\n<p align=\"justify\">Le d\u00e9but de rencontre est plut\u00f4t compliqu\u00e9 pour les Bleus. Ils ne parviennent pas \u00e0 trouver leur rythme en attaque et se font punir en transition par le jeu rapide lituanien. Joueur fort de l\u2019\u00e9quipe balte, <b>Azvalas Tubelis<\/b> (19 points, 13 rebonds) se montre dans de bonnes dispositions, lui qui tourne \u00e0 17 points par match. Cependant, les Lituaniens ont du mal \u00e0 marquer leurs shoots ext\u00e9rieurs, ce qui permet aux Fran\u00e7ais de s&rsquo;accrocher, notamment dans les pas de la grosse d\u00e9fense de <b>Victor Wembanyama<\/b>. Malmen\u00e9s par les premi\u00e8res rotations lituaniennes comme <b>Dominykas Stenionis<\/b>, ils sont men\u00e9s au score logiquement en raison d\u2019une attaque d\u00e9ficiente.<\/p>\n<p align=\"justify\">Le deuxi\u00e8me quart est en revanche beaucoup mieux. La d\u00e9fense se resserre, et laisse beaucoup moins d\u2019opportunit\u00e9s \u00e0 son adversaire. Tr\u00e8s int\u00e9ressant d\u00e8s son retour sur le parquet, <b>Jayson Tchicamboud<\/b> met \u00e9norm\u00e9ment d\u2019\u00e9nergie pour d\u00e9stabiliser les Lituaniens. Bien aid\u00e9 par <b>Armel Traor\u00e9<\/b>, le Strasbourgeois permet aux Fran\u00e7ais d\u2019effectuer un run (10-4) pour recoller au score. Malgr\u00e9 tout, les Baltes restent dangereux sur transition, et n\u2019h\u00e9sitent pas \u00e0 bombarder derri\u00e8re l\u2019arc. <b>Hubertas Pivorius<\/b> fait mal dans cet exercice alors que les Tricolores ne trouvent pas la mire (1\/13 \u00e0 3 points). La Lituanie vire en t\u00eate \u00e0 la pause gr\u00e2ce \u00e0 une grosse intensit\u00e9, notamment au rebond (24 contre 17), qui perturbe les Bleuets.<\/p>\n<blockquote class=\"twitter-tweet\">\n<p dir=\"ltr\" lang=\"en\">Another day, another <a href=\"https:\/\/twitter.com\/vicw_32?ref_src=twsrc%5Etfw\">@vicw_32<\/a> show &#x1f92f;<\/p>\n<p>The basketball on display here at <a href=\"https:\/\/twitter.com\/hashtag\/FIBAU19?src=hash&amp;ref_src=twsrc%5Etfw\">#FIBAU19<\/a> is &#x1f60d; + that pass by <a href=\"https:\/\/twitter.com\/mtwbucket32?ref_src=twsrc%5Etfw\">@mtwbucket32<\/a> &#x1f440; <a href=\"https:\/\/t.co\/pgcHvaGQat\">pic.twitter.com\/pgcHvaGQat<\/a><\/p>\n<p>\u2014 FIBA (@FIBA) <a href=\"https:\/\/twitter.com\/FIBA\/status\/1413490481544245253?ref_src=twsrc%5Etfw\">July 9, 2021<\/a><\/p><\/blockquote>\n<p><script async src=\"https:\/\/platform.twitter.com\/widgets.js\" charset=\"utf-8\"><\/script><\/p>\n<h2 align=\"justify\"><strong>Strazel et Wembanyama intenables<\/strong><\/h2>\n<p align=\"justify\">Malgr\u00e9 tout, ces derniers reviennent avec de meilleures intentions au retour des vestiaires. Ils plantent ainsi un 9-2 d\u2019entr\u00e9e pour enfin reprendre l\u2019avantage dans la partie. Le trio fort Tchicamboud-Strazel-Wembanyama se montre de plus en plus en jambe des deux c\u00f4t\u00e9s du parquet, et permet de cr\u00e9er des espaces dont profitent notamment <b>Yvan Ouedraogo<\/b>. La Lituanie est proche de craquer, mais les Bleuets commettent des erreurs dont profitent leurs adversaires.<\/p>\n<p align=\"justify\">Cela se paie puisque la Lituanie renverse la tendance gr\u00e2ce \u00e0 la vista d\u2019un <b>Dominykas Stenionis<\/b> excellent en deuxi\u00e8me mi-temps. La rencontre reste extr\u00eamement tendue, et tout se joue dans le money-time. Si Wembanyama est plus discret en attaque, il laisse <strong>Matthew Strazel<\/strong> (23 points) prendre des shoots \u00e9normes tandis que<b> Lucas Ugolin<\/b> sort du bois au meilleur moment pour tenir la cadence des Baltes. La fin de rencontre est un v\u00e9ritable duel d\u00e9fensif dans lequel chaque \u00e9quipe sort des gros shoots, que ce soit <b>Mantas Rubstavicius<\/b> d\u2019un c\u00f4t\u00e9, ou <b>Cl\u00e9ment Frisch<\/b> de l\u2019autre. La Lituanie a la balle de match mais la perd. Les Bleuets ont alors une derni\u00e8re opportunit\u00e9 qui est concr\u00e9tis\u00e9e par Wembanyama, mais une fraction de seconde trop tard. C\u2019est donc en prolongations que la qualification se dispute.<\/p>\n<p align=\"justify\">Ce n\u2019est que partie remise pour des Bleuets intouchables dans ce temps de jeu suppl\u00e9mentaire. <b>Cl\u00e9ment Frisch<\/b> et <strong>Victor Wembanyama<\/strong> (20 points, 8 contres) s\u2019occupent du scoring alors que la d\u00e9fense \u00e9touffe totalement une Lituanie incapable de mettre un panier. La diff\u00e9rence est rapidement faite, et les jeunes fran\u00e7ais assurent le coup sur la ligne des lancers francs pour s\u2019imposer finalement, 84-79. Au terme d\u2019un match de bonhommes, <strong>Matthew Strazel<\/strong> et ses partenaires valident leur ticket pour les demi-finales de la comp\u00e9tition.<\/p>\n","protected":false},"excerpt":{"rendered":"<p>Au terme d&rsquo;une bataille intense face \u00e0 la Lituanie, l&rsquo;\u00e9quipe de France U19 a r\u00e9ussi \u00e0 l&#8217;emporter sur le score de 84-79 au bout des prolongations. Dans le sillage d&rsquo;un duo Matthew Strazel-Victor Wembanyama (43 points \u00e0 eux deux), les Bleuets se qualifient pour la demi-finale de la comp\u00e9tition gr\u00e2ce \u00e0 une d\u00e9fense exceptionnelle dans le money-time.<\/p>\n","protected":false},"author":55,"featured_media":145645,"comment_status":"open","ping_status":"closed","sticky":false,"template":"","format":"standard","meta":{"_acf_changed":false,"_daextam_enable_autolinks":"","footnotes":""},"categories":[2305],"tags":[30,8719,16921],"class_list":["post-145616","post","type-post","status-publish","format-standard","has-post-thumbnail","hentry","category-basket-ball","tag-france","tag-lituanie","tag-victor-wembanyama"],"acf":[],"yoast_head":"<!-- This site is optimized with the Yoast SEO Premium plugin v26.7 (Yoast SEO v26.7) - https:\/\/yoast.com\/wordpress\/plugins\/seo\/ -->\n<title>Coupe du monde de basket U19 : Les Bleuets arrachent leur place en demi-finales<\/title>\n<meta name=\"description\" content=\"L&#039;\u00e9quipe de France U19 s&#039;est qualifi\u00e9e pour les demi-finales de la Coupe du monde U19 en battant la Lituanie, 84-79.\" \/>\n<meta name=\"robots\" content=\"index, follow, max-snippet:-1, max-image-preview:large, max-video-preview:-1\" \/>\n<link rel=\"canonical\" href=\"https:\/\/dicodusport.fr\/blog\/coupe-du-monde-basket-u19-les-bleuets-arrachent-leur-place-en-demi-finales\/\" \/>\n<meta property=\"og:locale\" content=\"fr_FR\" \/>\n<meta property=\"og:type\" content=\"article\" \/>\n<meta property=\"og:title\" content=\"Coupe du monde de basket U19 : Les Bleuets arrachent leur place en demi-finales\" \/>\n<meta property=\"og:description\" content=\"L&#039;\u00e9quipe de France U19 s&#039;est qualifi\u00e9e pour les demi-finales de la Coupe du monde U19 en battant la Lituanie, 84-79.\" \/>\n<meta property=\"og:url\" content=\"https:\/\/dicodusport.fr\/blog\/coupe-du-monde-basket-u19-les-bleuets-arrachent-leur-place-en-demi-finales\/\" \/>\n<meta property=\"og:site_name\" content=\"Dicodusport\" \/>\n<meta property=\"article:publisher\" content=\"https:\/\/www.facebook.com\/dicodusport\" \/>\n<meta property=\"article:published_time\" content=\"2021-07-09T14:09:05+00:00\" \/>\n<meta property=\"article:modified_time\" content=\"2021-07-09T14:24:12+00:00\" \/>\n<meta property=\"og:image\" content=\"https:\/\/dicodusport.fr\/blog\/wp-content\/uploads\/2021\/07\/Coupe-du-monde-de-basket-U19-Les-Bleuets-arrachent-leur-place-en-demi-finales.png\" \/>\n\t<meta property=\"og:image:width\" content=\"800\" \/>\n\t<meta property=\"og:image:height\" content=\"445\" \/>\n\t<meta property=\"og:image:type\" content=\"image\/png\" \/>\n<meta name=\"author\" content=\"Maxime Cazenave\" \/>\n<meta name=\"twitter:card\" content=\"summary_large_image\" \/>\n<meta name=\"twitter:title\" content=\"Coupe du monde de basket U19 : Les Bleuets arrachent leur place en demi-finales\" \/>\n<meta name=\"twitter:creator\" content=\"@https:\/\/twitter.com\/Maxime_Caze\" \/>\n<meta name=\"twitter:site\" content=\"@dicodusport\" \/>\n<script type=\"application\/ld+json\" class=\"yoast-schema-graph\">{\"@context\":\"https:\/\/schema.org\",\"@graph\":[{\"@type\":\"NewsArticle\",\"@id\":\"https:\/\/dicodusport.fr\/blog\/coupe-du-monde-basket-u19-les-bleuets-arrachent-leur-place-en-demi-finales\/#article\",\"isPartOf\":{\"@id\":\"https:\/\/dicodusport.fr\/blog\/coupe-du-monde-basket-u19-les-bleuets-arrachent-leur-place-en-demi-finales\/\"},\"author\":{\"name\":\"Maxime Cazenave\",\"@id\":\"https:\/\/dicodusport.fr\/blog\/#\/schema\/person\/37def232098a7a5cbab3974a3690abb0\"},\"headline\":\"Coupe du monde de basket U19 : Les Bleuets arrachent leur place en demi-finales\",\"datePublished\":\"2021-07-09T14:09:05+00:00\",\"dateModified\":\"2021-07-09T14:24:12+00:00\",\"mainEntityOfPage\":{\"@id\":\"https:\/\/dicodusport.fr\/blog\/coupe-du-monde-basket-u19-les-bleuets-arrachent-leur-place-en-demi-finales\/\"},\"wordCount\":737,\"commentCount\":0,\"publisher\":{\"@id\":\"https:\/\/dicodusport.fr\/blog\/#organization\"},\"image\":{\"@id\":\"https:\/\/dicodusport.fr\/blog\/coupe-du-monde-basket-u19-les-bleuets-arrachent-leur-place-en-demi-finales\/#primaryimage\"},\"thumbnailUrl\":\"https:\/\/dicodusport.fr\/blog\/wp-content\/uploads\/2021\/07\/Coupe-du-monde-de-basket-U19-Les-Bleuets-arrachent-leur-place-en-demi-finales.png\",\"keywords\":[\"France\",\"Lituanie\",\"Victor Wembanyama\"],\"articleSection\":[\"Basket-ball\"],\"inLanguage\":\"fr-FR\",\"potentialAction\":[{\"@type\":\"CommentAction\",\"name\":\"Comment\",\"target\":[\"https:\/\/dicodusport.fr\/blog\/coupe-du-monde-basket-u19-les-bleuets-arrachent-leur-place-en-demi-finales\/#respond\"]}],\"copyrightYear\":\"2021\",\"copyrightHolder\":{\"@id\":\"https:\/\/dicodusport.fr\/blog\/#organization\"}},{\"@type\":\"WebPage\",\"@id\":\"https:\/\/dicodusport.fr\/blog\/coupe-du-monde-basket-u19-les-bleuets-arrachent-leur-place-en-demi-finales\/\",\"url\":\"https:\/\/dicodusport.fr\/blog\/coupe-du-monde-basket-u19-les-bleuets-arrachent-leur-place-en-demi-finales\/\",\"name\":\"Coupe du monde de basket U19 : Les Bleuets arrachent leur place en demi-finales\",\"isPartOf\":{\"@id\":\"https:\/\/dicodusport.fr\/blog\/#website\"},\"primaryImageOfPage\":{\"@id\":\"https:\/\/dicodusport.fr\/blog\/coupe-du-monde-basket-u19-les-bleuets-arrachent-leur-place-en-demi-finales\/#primaryimage\"},\"image\":{\"@id\":\"https:\/\/dicodusport.fr\/blog\/coupe-du-monde-basket-u19-les-bleuets-arrachent-leur-place-en-demi-finales\/#primaryimage\"},\"thumbnailUrl\":\"https:\/\/dicodusport.fr\/blog\/wp-content\/uploads\/2021\/07\/Coupe-du-monde-de-basket-U19-Les-Bleuets-arrachent-leur-place-en-demi-finales.png\",\"datePublished\":\"2021-07-09T14:09:05+00:00\",\"dateModified\":\"2021-07-09T14:24:12+00:00\",\"description\":\"L'\u00e9quipe de France U19 s'est qualifi\u00e9e pour les demi-finales de la Coupe du monde U19 en battant la Lituanie, 84-79.\",\"breadcrumb\":{\"@id\":\"https:\/\/dicodusport.fr\/blog\/coupe-du-monde-basket-u19-les-bleuets-arrachent-leur-place-en-demi-finales\/#breadcrumb\"},\"inLanguage\":\"fr-FR\",\"potentialAction\":[{\"@type\":\"ReadAction\",\"target\":[\"https:\/\/dicodusport.fr\/blog\/coupe-du-monde-basket-u19-les-bleuets-arrachent-leur-place-en-demi-finales\/\"]}]},{\"@type\":\"ImageObject\",\"inLanguage\":\"fr-FR\",\"@id\":\"https:\/\/dicodusport.fr\/blog\/coupe-du-monde-basket-u19-les-bleuets-arrachent-leur-place-en-demi-finales\/#primaryimage\",\"url\":\"https:\/\/dicodusport.fr\/blog\/wp-content\/uploads\/2021\/07\/Coupe-du-monde-de-basket-U19-Les-Bleuets-arrachent-leur-place-en-demi-finales.png\",\"contentUrl\":\"https:\/\/dicodusport.fr\/blog\/wp-content\/uploads\/2021\/07\/Coupe-du-monde-de-basket-U19-Les-Bleuets-arrachent-leur-place-en-demi-finales.png\",\"width\":800,\"height\":445,\"caption\":\"Coupe du monde de basket U19 Les Bleuets arrachent leur place en demi-finales\"},{\"@type\":\"BreadcrumbList\",\"@id\":\"https:\/\/dicodusport.fr\/blog\/coupe-du-monde-basket-u19-les-bleuets-arrachent-leur-place-en-demi-finales\/#breadcrumb\",\"itemListElement\":[{\"@type\":\"ListItem\",\"position\":1,\"name\":\"Accueil\",\"item\":\"https:\/\/dicodusport.fr\/blog\/\"},{\"@type\":\"ListItem\",\"position\":2,\"name\":\"Coupe du monde de basket U19 : Les Bleuets arrachent leur place en demi-finales\"}]},{\"@type\":\"WebSite\",\"@id\":\"https:\/\/dicodusport.fr\/blog\/#website\",\"url\":\"https:\/\/dicodusport.fr\/blog\/\",\"name\":\"Dicodusport\",\"description\":\"L&#039;encyclop\u00e9die de l&#039;actualit\u00e9 sportive\",\"publisher\":{\"@id\":\"https:\/\/dicodusport.fr\/blog\/#organization\"},\"potentialAction\":[{\"@type\":\"SearchAction\",\"target\":{\"@type\":\"EntryPoint\",\"urlTemplate\":\"https:\/\/dicodusport.fr\/blog\/?s={search_term_string}\"},\"query-input\":{\"@type\":\"PropertyValueSpecification\",\"valueRequired\":true,\"valueName\":\"search_term_string\"}}],\"inLanguage\":\"fr-FR\"},{\"@type\":\"NewsMediaOrganization\",\"@id\":\"https:\/\/dicodusport.fr\/blog\/#organization\",\"name\":\"Dicodusport\",\"url\":\"https:\/\/dicodusport.fr\/blog\/\",\"logo\":{\"@type\":\"ImageObject\",\"inLanguage\":\"fr-FR\",\"@id\":\"https:\/\/dicodusport.fr\/blog\/#\/schema\/logo\/image\/\",\"url\":\"https:\/\/dicodusport.fr\/blog\/wp-content\/uploads\/2020\/06\/cropped-LOGO-DICODUSPORT-2020-SANS-FOND-SANS-TEXTE.png\",\"contentUrl\":\"https:\/\/dicodusport.fr\/blog\/wp-content\/uploads\/2020\/06\/cropped-LOGO-DICODUSPORT-2020-SANS-FOND-SANS-TEXTE.png\",\"width\":512,\"height\":512,\"caption\":\"Dicodusport\"},\"image\":{\"@id\":\"https:\/\/dicodusport.fr\/blog\/#\/schema\/logo\/image\/\"},\"sameAs\":[\"https:\/\/www.facebook.com\/dicodusport\",\"https:\/\/x.com\/dicodusport\",\"https:\/\/www.instagram.com\/dicodusport\/\",\"https:\/\/www.youtube.com\/channel\/UC7V2KZ5sd3htJivAbA4ZG3w\"],\"description\":\"Dicodusport est l'encyclop\u00e9die de l'actualit\u00e9 sportive.\",\"email\":\"bonjour@dicodusport.fr\",\"legalName\":\"DICODUSPORT\",\"foundingDate\":\"2018-01-14\",\"vatID\":\"FR71834470973\",\"taxID\":\"83447097300043\",\"numberOfEmployees\":{\"@type\":\"QuantitativeValue\",\"minValue\":\"1\",\"maxValue\":\"10\"}},{\"@type\":\"Person\",\"@id\":\"https:\/\/dicodusport.fr\/blog\/#\/schema\/person\/37def232098a7a5cbab3974a3690abb0\",\"name\":\"Maxime Cazenave\",\"image\":{\"@type\":\"ImageObject\",\"inLanguage\":\"fr-FR\",\"@id\":\"https:\/\/dicodusport.fr\/blog\/#\/schema\/person\/image\/\",\"url\":\"https:\/\/dicodusport.fr\/blog\/wp-content\/uploads\/2021\/05\/Maxime-Cazenave-150x150.jpg\",\"contentUrl\":\"https:\/\/dicodusport.fr\/blog\/wp-content\/uploads\/2021\/05\/Maxime-Cazenave-150x150.jpg\",\"caption\":\"Maxime Cazenave\"},\"description\":\"Journaliste\/R\u00e9dacteur depuis 2012 - Berc\u00e9 par l\u2019amour des Girondins de Bordeaux, les \u00e9checs de Christophe Moreau sur le Tour de France sous l'\u00e8re Lance Armstrong et le fade-away l\u00e9tal de Dirk Nowitzki, ma passion d\u00e9vorante pour le sport a toujours \u00e9t\u00e9 un pan incontournable de ma vie. Transmettre ma passion \u00e0 l\u2019\u00e9crit a \u00e9t\u00e9 une transition naturelle. Suiveur assidu de basket et de hockey sur glace, je garde toujours un peu de place pour suivre le cyclisme, le football et le maximum de performances fran\u00e7aises.\",\"sameAs\":[\"https:\/\/x.com\/https:\/\/twitter.com\/Maxime_Caze\"],\"url\":\"https:\/\/dicodusport.fr\/blog\/author\/maximec\/\"}]}<\/script>\n<!-- \/ Yoast SEO Premium plugin. -->","yoast_head_json":{"title":"Coupe du monde de basket U19 : Les Bleuets arrachent leur place en demi-finales","description":"L'\u00e9quipe de France U19 s'est qualifi\u00e9e pour les demi-finales de la Coupe du monde U19 en battant la Lituanie, 84-79.","robots":{"index":"index","follow":"follow","max-snippet":"max-snippet:-1","max-image-preview":"max-image-preview:large","max-video-preview":"max-video-preview:-1"},"canonical":"https:\/\/dicodusport.fr\/blog\/coupe-du-monde-basket-u19-les-bleuets-arrachent-leur-place-en-demi-finales\/","og_locale":"fr_FR","og_type":"article","og_title":"Coupe du monde de basket U19 : Les Bleuets arrachent leur place en demi-finales","og_description":"L'\u00e9quipe de France U19 s'est qualifi\u00e9e pour les demi-finales de la Coupe du monde U19 en battant la Lituanie, 84-79.","og_url":"https:\/\/dicodusport.fr\/blog\/coupe-du-monde-basket-u19-les-bleuets-arrachent-leur-place-en-demi-finales\/","og_site_name":"Dicodusport","article_publisher":"https:\/\/www.facebook.com\/dicodusport","article_published_time":"2021-07-09T14:09:05+00:00","article_modified_time":"2021-07-09T14:24:12+00:00","og_image":[{"width":800,"height":445,"url":"https:\/\/dicodusport.fr\/blog\/wp-content\/uploads\/2021\/07\/Coupe-du-monde-de-basket-U19-Les-Bleuets-arrachent-leur-place-en-demi-finales.png","type":"image\/png"}],"author":"Maxime Cazenave","twitter_card":"summary_large_image","twitter_title":"Coupe du monde de basket U19 : Les Bleuets arrachent leur place en demi-finales","twitter_creator":"@https:\/\/twitter.com\/Maxime_Caze","twitter_site":"@dicodusport","schema":{"@context":"https:\/\/schema.org","@graph":[{"@type":"NewsArticle","@id":"https:\/\/dicodusport.fr\/blog\/coupe-du-monde-basket-u19-les-bleuets-arrachent-leur-place-en-demi-finales\/#article","isPartOf":{"@id":"https:\/\/dicodusport.fr\/blog\/coupe-du-monde-basket-u19-les-bleuets-arrachent-leur-place-en-demi-finales\/"},"author":{"name":"Maxime Cazenave","@id":"https:\/\/dicodusport.fr\/blog\/#\/schema\/person\/37def232098a7a5cbab3974a3690abb0"},"headline":"Coupe du monde de basket U19 : Les Bleuets arrachent leur place en demi-finales","datePublished":"2021-07-09T14:09:05+00:00","dateModified":"2021-07-09T14:24:12+00:00","mainEntityOfPage":{"@id":"https:\/\/dicodusport.fr\/blog\/coupe-du-monde-basket-u19-les-bleuets-arrachent-leur-place-en-demi-finales\/"},"wordCount":737,"commentCount":0,"publisher":{"@id":"https:\/\/dicodusport.fr\/blog\/#organization"},"image":{"@id":"https:\/\/dicodusport.fr\/blog\/coupe-du-monde-basket-u19-les-bleuets-arrachent-leur-place-en-demi-finales\/#primaryimage"},"thumbnailUrl":"https:\/\/dicodusport.fr\/blog\/wp-content\/uploads\/2021\/07\/Coupe-du-monde-de-basket-U19-Les-Bleuets-arrachent-leur-place-en-demi-finales.png","keywords":["France","Lituanie","Victor Wembanyama"],"articleSection":["Basket-ball"],"inLanguage":"fr-FR","potentialAction":[{"@type":"CommentAction","name":"Comment","target":["https:\/\/dicodusport.fr\/blog\/coupe-du-monde-basket-u19-les-bleuets-arrachent-leur-place-en-demi-finales\/#respond"]}],"copyrightYear":"2021","copyrightHolder":{"@id":"https:\/\/dicodusport.fr\/blog\/#organization"}},{"@type":"WebPage","@id":"https:\/\/dicodusport.fr\/blog\/coupe-du-monde-basket-u19-les-bleuets-arrachent-leur-place-en-demi-finales\/","url":"https:\/\/dicodusport.fr\/blog\/coupe-du-monde-basket-u19-les-bleuets-arrachent-leur-place-en-demi-finales\/","name":"Coupe du monde de basket U19 : Les Bleuets arrachent leur place en demi-finales","isPartOf":{"@id":"https:\/\/dicodusport.fr\/blog\/#website"},"primaryImageOfPage":{"@id":"https:\/\/dicodusport.fr\/blog\/coupe-du-monde-basket-u19-les-bleuets-arrachent-leur-place-en-demi-finales\/#primaryimage"},"image":{"@id":"https:\/\/dicodusport.fr\/blog\/coupe-du-monde-basket-u19-les-bleuets-arrachent-leur-place-en-demi-finales\/#primaryimage"},"thumbnailUrl":"https:\/\/dicodusport.fr\/blog\/wp-content\/uploads\/2021\/07\/Coupe-du-monde-de-basket-U19-Les-Bleuets-arrachent-leur-place-en-demi-finales.png","datePublished":"2021-07-09T14:09:05+00:00","dateModified":"2021-07-09T14:24:12+00:00","description":"L'\u00e9quipe de France U19 s'est qualifi\u00e9e pour les demi-finales de la Coupe du monde U19 en battant la Lituanie, 84-79.","breadcrumb":{"@id":"https:\/\/dicodusport.fr\/blog\/coupe-du-monde-basket-u19-les-bleuets-arrachent-leur-place-en-demi-finales\/#breadcrumb"},"inLanguage":"fr-FR","potentialAction":[{"@type":"ReadAction","target":["https:\/\/dicodusport.fr\/blog\/coupe-du-monde-basket-u19-les-bleuets-arrachent-leur-place-en-demi-finales\/"]}]},{"@type":"ImageObject","inLanguage":"fr-FR","@id":"https:\/\/dicodusport.fr\/blog\/coupe-du-monde-basket-u19-les-bleuets-arrachent-leur-place-en-demi-finales\/#primaryimage","url":"https:\/\/dicodusport.fr\/blog\/wp-content\/uploads\/2021\/07\/Coupe-du-monde-de-basket-U19-Les-Bleuets-arrachent-leur-place-en-demi-finales.png","contentUrl":"https:\/\/dicodusport.fr\/blog\/wp-content\/uploads\/2021\/07\/Coupe-du-monde-de-basket-U19-Les-Bleuets-arrachent-leur-place-en-demi-finales.png","width":800,"height":445,"caption":"Coupe du monde de basket U19 Les Bleuets arrachent leur place en demi-finales"},{"@type":"BreadcrumbList","@id":"https:\/\/dicodusport.fr\/blog\/coupe-du-monde-basket-u19-les-bleuets-arrachent-leur-place-en-demi-finales\/#breadcrumb","itemListElement":[{"@type":"ListItem","position":1,"name":"Accueil","item":"https:\/\/dicodusport.fr\/blog\/"},{"@type":"ListItem","position":2,"name":"Coupe du monde de basket U19 : Les Bleuets arrachent leur place en demi-finales"}]},{"@type":"WebSite","@id":"https:\/\/dicodusport.fr\/blog\/#website","url":"https:\/\/dicodusport.fr\/blog\/","name":"Dicodusport","description":"L&#039;encyclop\u00e9die de l&#039;actualit\u00e9 sportive","publisher":{"@id":"https:\/\/dicodusport.fr\/blog\/#organization"},"potentialAction":[{"@type":"SearchAction","target":{"@type":"EntryPoint","urlTemplate":"https:\/\/dicodusport.fr\/blog\/?s={search_term_string}"},"query-input":{"@type":"PropertyValueSpecification","valueRequired":true,"valueName":"search_term_string"}}],"inLanguage":"fr-FR"},{"@type":"NewsMediaOrganization","@id":"https:\/\/dicodusport.fr\/blog\/#organization","name":"Dicodusport","url":"https:\/\/dicodusport.fr\/blog\/","logo":{"@type":"ImageObject","inLanguage":"fr-FR","@id":"https:\/\/dicodusport.fr\/blog\/#\/schema\/logo\/image\/","url":"https:\/\/dicodusport.fr\/blog\/wp-content\/uploads\/2020\/06\/cropped-LOGO-DICODUSPORT-2020-SANS-FOND-SANS-TEXTE.png","contentUrl":"https:\/\/dicodusport.fr\/blog\/wp-content\/uploads\/2020\/06\/cropped-LOGO-DICODUSPORT-2020-SANS-FOND-SANS-TEXTE.png","width":512,"height":512,"caption":"Dicodusport"},"image":{"@id":"https:\/\/dicodusport.fr\/blog\/#\/schema\/logo\/image\/"},"sameAs":["https:\/\/www.facebook.com\/dicodusport","https:\/\/x.com\/dicodusport","https:\/\/www.instagram.com\/dicodusport\/","https:\/\/www.youtube.com\/channel\/UC7V2KZ5sd3htJivAbA4ZG3w"],"description":"Dicodusport est l'encyclop\u00e9die de l'actualit\u00e9 sportive.","email":"bonjour@dicodusport.fr","legalName":"DICODUSPORT","foundingDate":"2018-01-14","vatID":"FR71834470973","taxID":"83447097300043","numberOfEmployees":{"@type":"QuantitativeValue","minValue":"1","maxValue":"10"}},{"@type":"Person","@id":"https:\/\/dicodusport.fr\/blog\/#\/schema\/person\/37def232098a7a5cbab3974a3690abb0","name":"Maxime Cazenave","image":{"@type":"ImageObject","inLanguage":"fr-FR","@id":"https:\/\/dicodusport.fr\/blog\/#\/schema\/person\/image\/","url":"https:\/\/dicodusport.fr\/blog\/wp-content\/uploads\/2021\/05\/Maxime-Cazenave-150x150.jpg","contentUrl":"https:\/\/dicodusport.fr\/blog\/wp-content\/uploads\/2021\/05\/Maxime-Cazenave-150x150.jpg","caption":"Maxime Cazenave"},"description":"Journaliste\/R\u00e9dacteur depuis 2012 - Berc\u00e9 par l\u2019amour des Girondins de Bordeaux, les \u00e9checs de Christophe Moreau sur le Tour de France sous l'\u00e8re Lance Armstrong et le fade-away l\u00e9tal de Dirk Nowitzki, ma passion d\u00e9vorante pour le sport a toujours \u00e9t\u00e9 un pan incontournable de ma vie. Transmettre ma passion \u00e0 l\u2019\u00e9crit a \u00e9t\u00e9 une transition naturelle. Suiveur assidu de basket et de hockey sur glace, je garde toujours un peu de place pour suivre le cyclisme, le football et le maximum de performances fran\u00e7aises.","sameAs":["https:\/\/x.com\/https:\/\/twitter.com\/Maxime_Caze"],"url":"https:\/\/dicodusport.fr\/blog\/author\/maximec\/"}]}},"_links":{"self":[{"href":"https:\/\/dicodusport.fr\/blog\/wp-json\/wp\/v2\/posts\/145616","targetHints":{"allow":["GET"]}}],"collection":[{"href":"https:\/\/dicodusport.fr\/blog\/wp-json\/wp\/v2\/posts"}],"about":[{"href":"https:\/\/dicodusport.fr\/blog\/wp-json\/wp\/v2\/types\/post"}],"author":[{"embeddable":true,"href":"https:\/\/dicodusport.fr\/blog\/wp-json\/wp\/v2\/users\/55"}],"replies":[{"embeddable":true,"href":"https:\/\/dicodusport.fr\/blog\/wp-json\/wp\/v2\/comments?post=145616"}],"version-history":[{"count":0,"href":"https:\/\/dicodusport.fr\/blog\/wp-json\/wp\/v2\/posts\/145616\/revisions"}],"wp:featuredmedia":[{"embeddable":true,"href":"https:\/\/dicodusport.fr\/blog\/wp-json\/wp\/v2\/media\/145645"}],"wp:attachment":[{"href":"https:\/\/dicodusport.fr\/blog\/wp-json\/wp\/v2\/media?parent=145616"}],"wp:term":[{"taxonomy":"category","embeddable":true,"href":"https:\/\/dicodusport.fr\/blog\/wp-json\/wp\/v2\/categories?post=145616"},{"taxonomy":"post_tag","embeddable":true,"href":"https:\/\/dicodusport.fr\/blog\/wp-json\/wp\/v2\/tags?post=145616"}],"curies":[{"name":"wp","href":"https:\/\/api.w.org\/{rel}","templated":true}]}}