{"id":14566,"date":"2018-03-15T14:00:59","date_gmt":"2018-03-15T13:00:59","guid":{"rendered":"http:\/\/dicodusport.fr\/blog\/?p=14566"},"modified":"2018-03-15T14:19:52","modified_gmt":"2018-03-15T13:19:52","slug":"quel-est-votre-classique-cycliste-preferee","status":"publish","type":"post","link":"https:\/\/dicodusport.fr\/blog\/quel-est-votre-classique-cycliste-preferee\/","title":{"rendered":"Quel est votre classique cycliste pr\u00e9f\u00e9r\u00e9e ?"},"content":{"rendered":"<p style=\"text-align: justify;\"><em><b>A quelques heures de Milan-San Remo, choisissez votre classique cycliste pr\u00e9f\u00e9r\u00e9e parmi les huit s\u00e9lectionn\u00e9es\u00a0par notre r\u00e9daction.\u00a0<\/b><\/em><\/p>\n<h4 style=\"text-align: justify;\">Milan-San Remo<\/h4>\n<p style=\"text-align: justify;\">C&rsquo;est la premi\u00e8re de la saison et aussi la plus longue avec pr\u00e8s de 300 kilom\u00e8tres. Si elle sourit souvent aux sprinteurs, Fabian Cancellara ou\u00a0Micha\u0142 Kwiatkowski ont demontr\u00e9 ces derni\u00e8res ann\u00e9es que les puncheurs pouvaient s&rsquo;imposer \u00e0 San Remo. Le dernier Fran\u00e7ais\u00a0\u00e0 avoir remport\u00e9 la course est Arnaud D\u00e9mare et le recordman de victoires est Eddy Merckx avec\u00a0sept succ\u00e8s.<\/p>\n<h4 style=\"text-align: justify;\">Tour des Flandres<\/h4>\n<p style=\"text-align: justify;\"><em>\u00ab De Ronde \u00bb<\/em>\u00a0de son surnom, est la premi\u00e8re des classiques flandriennes. C&rsquo;est un m\u00e9lange de pav\u00e9s et de monts aussi courts que raides. Le dernier Fran\u00e7ais \u00e0 avoir remport\u00e9 la course est Jacky Durand en 1992\u00a0apr\u00e8s un\u00a0incroyable raid en solitaire.\u00a0Six coureurs sont co-recordmans avec 3 succ\u00e8s :\u00a0\u00a0Achiel Buysse,\u00a0Fiorenzo Magni,\u00a0Eric Leman,\u00a0Johan Museeuw,\u00a0Tom Boonen\u00a0et\u00a0Fabian Cancellara.<\/p>\n<h4 style=\"text-align: justify;\">Paris-Roubaix<\/h4>\n<p style=\"text-align: justify;\">Cr\u00e9\u00e9e en 1896, cette classique flandrienne dont l&rsquo;arriv\u00e9e est jug\u00e9e dans le v\u00e9lodrome de Roubaix, regroupe une trentaine de secteurs pav\u00e9s, dont les plus c\u00e9l\u00e8bres comme la trou\u00e9e d&rsquo;Arenberg, le Carrefour de l&rsquo;Arbre ou\u00a0celui de\u00a0Mons-en-P\u00e9v\u00e8le.\u00a0Le dernier Fran\u00e7ais \u00e0 avoir remport\u00e9 la course est Fr\u00e9d\u00e9ric Guesdon en 1997 et\u00a0deux coureurs sont co-recordmans de victoires avec 4 succ\u00e8s :\u00a0Roger De Vlaeminck\u00a0et\u00a0Tom Boonen<\/p>\n<h4 style=\"text-align: justify;\">Amstel Gold Race<\/h4>\n<p style=\"text-align: justify;\">La classique, courue dans les environs de Maastricht aux Pays-Bas, est une succession d&rsquo;ascensions courtes mais tr\u00e8s raides. Les coureurs empruntaient\u00a0 auparavant quatre fois le fameux Cauberg, qui\u00a0\u00e9tait d&rsquo;ailleurs la difficult\u00e9 finale jusqu&rsquo;en 2016. Depuis la saison pass\u00e9e, celui-ci est escalad\u00e9 \u00e0 trois reprises et c&rsquo;est un circuit final de 16km qui est d\u00e9sormais au menu,\u00a0avec le Bemelerberg \u00e0 6km de l&rsquo;arriv\u00e9e comme juge de paix.\u00a0Le dernier Fran\u00e7ais \u00e0 avoir remport\u00e9 la course est\u00a0Bernard Hinault\u00a0en 1981 et le recordman de victoires est\u00a0Jan Raas avec\u00a0cinq succ\u00e8s.<\/p>\n<h4 style=\"text-align: justify;\">Li\u00e8ge-Bastogne-Li\u00e8ge<\/h4>\n<p style=\"text-align: justify;\">Etant l&rsquo;une des plus anciennes courses encore disput\u00e9es, cette classique belge est surnomm\u00e9e <em>\u00ab la Doyenne \u00bb<\/em>. Si la premi\u00e8re partie de cette \u00e9preuve est plus ou moins plate, la seconde\u00a0moiti\u00e9 est une succession de mont\u00e9es abruptes qui permettent de cr\u00e9er des diff\u00e9rences.\u00a0Le dernier Fran\u00e7ais \u00e0 avoir\u00a0dompt\u00e9 <em>LBL<\/em>\u00a0est\u00a0Bernard Hinault\u00a0en 1980 et le recordman de victoires est\u00a0Eddy Merckx avec cinq succ\u00e8s.<\/p>\n<h4 style=\"text-align: justify;\"><span style=\"color: #000000;\">Cl\u00e1sica San Sebasti\u00e1n<\/span><\/h4>\n<p style=\"text-align: justify;\">C&rsquo;est l&rsquo;une des grandes classiques les plus r\u00e9centes, cr\u00e9\u00e9e en 1981. Elle se court dans la r\u00e9gion de San S\u00e9bastian et la principale difficult\u00e9 est le\u00a0Jaizkibel que les coureurs empruntent\u00a0deux fois.\u00a0Le dernier Fran\u00e7ais \u00e0 avoir remport\u00e9 la course est\u00a0Tony Gallopin en 2013 et le recordman de victoires est\u00a0Marino Lejarreta avec\u00a0trois succ\u00e8s.<\/p>\n<h4 style=\"text-align: justify;\">Tour de Lombardie<\/h4>\n<p style=\"text-align: justify;\">Cette classique, qui se d\u00e9roule dans la r\u00e9gion de la Lombardie (comme son nom l&rsquo;indique), se court sur un parcours difficile avec des difficult\u00e9s comme\u00a0l&rsquo;ascension de la\u00a0Madonna del Ghisallo\u00a0ou\u00a0la Villa Vergano situ\u00e9e \u00e0 9 kilom\u00e8tres de l&rsquo;arriv\u00e9e.\u00a0Le dernier Fran\u00e7ais \u00e0 avoir remport\u00e9 la course est\u00a0Laurent Jalabert en 1997 et le recordman de victoires est\u00a0Fausto Coppi avec\u00a0cinq succ\u00e8s.<\/p>\n<h4 style=\"text-align: justify;\">Paris-Tours<\/h4>\n<p style=\"text-align: justify;\">Cr\u00e9\u00e9e en 1896, c&rsquo;est l&rsquo;une des plus vielles courses cyclistes fran\u00e7aises. R\u00e9serv\u00e9e normalement aux sprinteurs, des puncheurs comme\u00a0Philippe Gilbert ont r\u00e9ussi \u00e0 inscrire leur nom au palmar\u00e8s.\u00a0\u00a0Le dernier Fran\u00e7ais \u00e0 avoir remport\u00e9 la course est Fr\u00e9d\u00e9ric Guesdon en 2006 et quatre coureurs sont co-recordmans de victoires avec 3 succ\u00e8s :\u00a0Gustave Danneels,\u00a0Paul Maye,\u00a0Guido Reybrouck\u00a0et\u00a0Erik Zabel.<\/p>\n<div class=\"dem-poll-shortcode\">\n<style id=\"democracy-poll\">.democracy:after{content:'';display:table;clear:both}.democracy ul li,.democracy ul{background:0 0;padding:0;margin:0}.democracy ul li:before{display:none}.democracy input[type=radio],.democracy input[type=checkbox]{margin:0;vertical-align:middle}.democracy input[type=radio]:focus,.democracy input[type=checkbox]:focus{outline:none}.democracy ul{list-style:none !important;border:none !important}.democracy ul li{list-style:none !important}input[type=submit].dem-button,a.dem-button,.dem-button{position:relative;display:inline-block;text-decoration:none;line-height:1;border:0;margin:0;padding:0;cursor:pointer;white-space:nowrap;-webkit-user-select:none;-moz-user-select:none;-ms-user-select:none;user-select:none}input[type=submit].dem-button:focus,a.dem-button:focus,.dem-button:focus{outline:none}input[type=submit].dem-button:disabled,a.dem-button:disabled,.dem-button:disabled{opacity:.6;cursor:not-allowed}a.dem-button:hover{text-decoration:none !important}.democracy{position:relative;margin:0 auto}.democracy input[type=radio],.democracy input[type=checkbox]{margin-right:.2em}.dem-screen{position:relative;line-height:1.3}.democracy ul.dem-vote{margin-bottom:1em}.democracy ul.dem-vote li{padding-bottom:0;margin-bottom:0}.democracy ul.dem-vote li>*{margin-bottom:.6em}.democracy ul.dem-answers li{padding-bottom:1em}.dem-answers .dem-label{margin-bottom:.2em;line-height:1.2}.dem-graph{position:relative;color:#555;color:rgba(0,0,0,.6);box-sizing:content-box;width:100%;display:table;height:1.2em;line-height:1.2em}.dem-fill{position:absolute;top:0;left:0;height:100%;background-color:#7cb4dd}.dem-voted-this .dem-fill{background-color:#ffc45a}.dem-votes-txt,.dem-percent-txt{position:relative;display:table-cell;padding-left:.3em;vertical-align:middle;font-size:90%}.dem-poll-info{padding-bottom:1em}.dem-poll-info:after{content:'';display:table;clear:both}.dem-poll-info>*{font-size:85%;display:block;float:right;clear:both;text-align:right;opacity:.7;line-height:1.3}.dem-vote label{float:none;display:block}.dem-results-link{display:inline-block;line-height:1;margin:.8em 1em}.dem-vote .dem-disabled{opacity:.5}.democracy .dem-bottom{padding-bottom:1em}.dem-bottom{text-align:center}.dem-bottom:after{content:'';display:table;clear:both}.dem-poll-title{display:block;margin-bottom:1.5em;margin-top:1.2em;font-size:120%}.dem-notice{z-index:10;position:absolute;top:0;border-radius:2px;width:100%;padding:1.5em 2em;text-align:center;background:rgba(247,241,212,.8);color:#6d6214}.dem-notice-close{position:absolute;top:0;right:0;padding:5px;cursor:pointer;line-height:.6;font-size:150%}.dem-notice-close:hover{color:#d26616}.dem-star{font-size:90%;vertical-align:baseline;padding-left:.3em;color:#ff4e00}.dem-poll-note{font-size:90%;padding:.5em;opacity:.8;line-height:1.3}.democracy .dem-copyright{position:absolute;bottom:-1em;right:0;text-decoration:none;border-bottom:0;color:#b2b2b2;opacity:.5;line-height:1}.democracy .dem-copyright:hover{opacity:1}.dem-add-answer{position:relative}.dem-add-answer>*{display:block}.dem-add-answer a{display:inline-block}input.dem-add-answer-txt{width:100%;box-sizing:border-box}.dem-add-answer-close{position:absolute;right:0;padding:0 .7em;cursor:pointer;color:#333}.dem-add-answer-close:hover{color:#ff2700}.dem-edit-link{display:block;position:absolute;top:0;right:0;line-height:1;text-decoration:none !important;border:none !important}.dem-edit-link svg{width:1.2em!important;fill:#6c6c6c}.dem-edit-link:hover svg{fill:#35a91d}.dem-loader{display:none;position:absolute;top:0;left:0;width:100%;height:100%}.dem-loader>*{display:table-cell;vertical-align:middle;text-align:center}.dem-loader svg{width:20%;max-width:100px;min-width:80px;margin-bottom:15%}.dem-loader [class^=dem-]{margin-bottom:15%!important}.dem__collapser{display:block;cursor:pointer;text-align:center;font-size:150%;line-height:1}.dem__collapser:hover{color:#f31;background:rgba(255,255,255,.3)}.dem__collapser.expanded{position:relative;height:1em}.dem__collapser.collapsed{position:absolute;top:0;bottom:0;right:0;left:0}.dem__collapser .arr{display:block;position:absolute;bottom:0;width:100%}.dem__collapser.collapsed .arr:before{content:\"\u25be\"}.dem__collapser.expanded .arr:before{content:\"\u25b4\"}.dem-poll-shortcode{margin-bottom:1.5em}.dem-archives .dem-elem-wrap{margin-bottom:2em;padding-bottom:20px;border-bottom:1px dashed rgba(0,0,0,.1)}.dem-archives .dem-archive-link{display:none}.dem-paging{text-align:center;margin:1.5em auto}.dem-paging>*{display:inline-block;padding:.3em .8em;border-radius:.2em;background:#e2e2e2;color:#333;text-decoration:none;text-transform:lowercase;user-select:none}.dem-paging>a{color:#333}.dem-paging>a:hover{background:#ccc;color:#333;text-decoration:none}.dem-paging .current{background:#656565;color:#fff}.dem-paging .dots{background:0 0}.democracy{border-color:#ccc;border:1px solid rgba(0,0,0,.1);background-color:#eee;background-color:rgba(0,0,0,.1);background-image:-webkit-linear-gradient(bottom,rgba(0,0,0,.05),transparent);background-image:linear-gradient(to top,rgba(0,0,0,.05),transparent);padding:1em;padding-bottom:.5em;margin-bottom:1em}.dem-poll-title{margin:0;font-size:115%;margin:-.9em;margin-bottom:1em;text-align:center;padding:1em;border-bottom:1px solid rgba(0,0,0,.1)}.dem-percent-txt,.dem-label-percent-txt{display:none}.dem-votes-txt-percent:before{content:'- ';display:inline}.dem-revote-button:before{content:'\u25c2 '}.dem-graph{background-color:rgba(255,255,255,.8)}.dem-results-link{margin-bottom:0}.dem__checkbox,.dem__radio{display:none !important}.dem__checkbox_label,.dem__radio_label{position:relative;box-sizing:content-box}.dem__checkbox_label .dem__spot{border-radius:3px}.dem__radio_label .dem__spot{border-radius:50%}.dem__checkbox_label .dem__spot,.dem__radio_label .dem__spot{position:relative;display:inline-block;vertical-align:baseline;width:.9em;height:.9em;margin-right:.3em;cursor:pointer;background:#fff;border:1px solid #ccc}.dem__checkbox_label .dem__spot:after{width:.9em;height:.32em;top:-.1em;left:.145em;border:.17em solid #333;border-top:none;border-right:none;-webkit-transform:rotate(-45deg);transform:rotate(-45deg);background:0 0}.dem__radio_label .dem__spot:after{width:.5em;height:.5em;border-radius:50%;top:50%;left:50%;-webkit-transform:translate(-50%,-50%);transform:translate(-50%,-50%);background:#333}.dem__checkbox_label .dem__spot:after,.dem__radio_label .dem__spot:after{content:'';position:absolute;opacity:0}.dem__checkbox_label:hover .dem__spot:after,.dem__radio_label:hover .dem__spot:after{opacity:.2}.dem__checkbox:checked+.dem__spot,.dem__radio:checked+.dem__spot{border-color:#999}.dem__checkbox:checked+.dem__spot:after,.dem__radio:checked+.dem__spot:after{opacity:1}.dem__checkbox:disabled+.dem__spot,.dem__radio:disabled+.dem__spot{opacity:.5}.dem__checkbox:not(:checked):disabled+.dem__spot:after,.dem__radio:not(:checked):disabled+.dem__spot:after{opacity:0}input[type=submit].dem-button,a.dem-button,.dem-button{font-size:90%;font-family:tahoma,arial,sans-serif;padding:.8em 1.6em !important;color:#fff;background:#61a9de;text-transform:uppercase}input[type=submit].dem-button:hover,a.dem-button:hover,.dem-button:hover{color:#fff;background:#3b8bc6}a.dem-button:visited{color:#fff}.dem-loader .fill{fill:#0248ed !important}.dem-loader .css-fill{background-color:#0248ed !important}.dem-loader .stroke{stroke:#0248ed !important}.dem-graph{background:#a5a5a5 !important}.dem-fill{background-color:#1c62ed !important}.dem-voted-this .dem-fill{background-color:#30a82a !important}.dem-graph{height:25px;line-height:25px}.dem-button{background-color:#f71339 !important}.dem-button{color:#efefef !important}.democracy{background-color:#fff;color:#000}.dem-poll-info{color:#000}.dem-votes-txt,.dem-percent-txt{color:#fff}<\/style>\n<div id=\"democracy-21\" class=\"democracy\" data-opts='{\"ajax_url\":\"https:\\\/\\\/dicodusport.fr\\\/blog\\\/wp-admin\\\/admin-ajax.php\",\"pid\":21,\"max_answs\":0,\"answs_max_height\":\"-1\",\"anim_speed\":\"400\",\"line_anim_speed\":1500}' ><strong class=\"dem-poll-title\">Quel est votre classique cycliste pr\u00e9f\u00e9r\u00e9e ?<\/strong><div class=\"dem-screen voted\"><ul class=\"dem-answers\" data-voted-class=\"dem-voted-this\" data-voted-txt=\"(Votre vote)\">\n\t<li  class=\"dem-winner\" title=\"115 voix - 42% des votes\" data-aid=\"91\">\n\t<div class=\"dem-label\">Paris-Roubaix  <span class=\"dem-label-percent-txt\">42%, 115 <span class=\"votxt\">voix<\/span><\/span><\/div>\n\t<div class=\"dem-graph\">\n\t\t<div class=\"dem-fill\" data-width=\"100%\"><\/div>\n\t\t<div class=\"dem-votes-txt\">\n\t\t\t<span class=\"dem-votes-txt-votes\">115 <span class=\"votxt\">voix<\/span><\/span>\n\t\t\t<span class=\"dem-votes-txt-percent\">42%<\/span>\n\t\t<\/div>\n\t\t<div class=\"dem-percent-txt\">115 voix - 42% des votes<\/div>\n\t<\/div>\n<\/li><li  title=\"69 voix - 25% des votes\" data-aid=\"90\">\n\t<div class=\"dem-label\">Tour des Flandres  <span class=\"dem-label-percent-txt\">25%, 69 <span class=\"votxt\">voix<\/span><\/span><\/div>\n\t<div class=\"dem-graph\">\n\t\t<div class=\"dem-fill\" data-width=\"60%\"><\/div>\n\t\t<div class=\"dem-votes-txt\">\n\t\t\t<span class=\"dem-votes-txt-votes\">69 <span class=\"votxt\">voix<\/span><\/span>\n\t\t\t<span class=\"dem-votes-txt-percent\">25%<\/span>\n\t\t<\/div>\n\t\t<div class=\"dem-percent-txt\">69 voix - 25% des votes<\/div>\n\t<\/div>\n<\/li><li  title=\"40 voix - 14% des votes\" data-aid=\"93\">\n\t<div class=\"dem-label\">Li\u00e8ge-Bastogne-Li\u00e8ge  <span class=\"dem-label-percent-txt\">14%, 40 <span class=\"votxt\">voix<\/span><\/span><\/div>\n\t<div class=\"dem-graph\">\n\t\t<div class=\"dem-fill\" data-width=\"35%\"><\/div>\n\t\t<div class=\"dem-votes-txt\">\n\t\t\t<span class=\"dem-votes-txt-votes\">40 <span class=\"votxt\">voix<\/span><\/span>\n\t\t\t<span class=\"dem-votes-txt-percent\">14%<\/span>\n\t\t<\/div>\n\t\t<div class=\"dem-percent-txt\">40 voix - 14% des votes<\/div>\n\t<\/div>\n<\/li><li  title=\"26 voix - 9% des votes\" data-aid=\"95\">\n\t<div class=\"dem-label\">Tour de Lombardie  <span class=\"dem-label-percent-txt\">9%, 26 <span class=\"votxt\">voix<\/span><\/span><\/div>\n\t<div class=\"dem-graph\">\n\t\t<div class=\"dem-fill\" data-width=\"23%\"><\/div>\n\t\t<div class=\"dem-votes-txt\">\n\t\t\t<span class=\"dem-votes-txt-votes\">26 <span class=\"votxt\">voix<\/span><\/span>\n\t\t\t<span class=\"dem-votes-txt-percent\">9%<\/span>\n\t\t<\/div>\n\t\t<div class=\"dem-percent-txt\">26 voix - 9% des votes<\/div>\n\t<\/div>\n<\/li><li  title=\"17 voix - 6% des votes\" data-aid=\"89\">\n\t<div class=\"dem-label\">Milan-San Remo  <span class=\"dem-label-percent-txt\">6%, 17 <span class=\"votxt\">voix<\/span><\/span><\/div>\n\t<div class=\"dem-graph\">\n\t\t<div class=\"dem-fill\" data-width=\"15%\"><\/div>\n\t\t<div class=\"dem-votes-txt\">\n\t\t\t<span class=\"dem-votes-txt-votes\">17 <span class=\"votxt\">voix<\/span><\/span>\n\t\t\t<span class=\"dem-votes-txt-percent\">6%<\/span>\n\t\t<\/div>\n\t\t<div class=\"dem-percent-txt\">17 voix - 6% des votes<\/div>\n\t<\/div>\n<\/li><li  title=\"4 voix - 1% des votes\" data-aid=\"92\">\n\t<div class=\"dem-label\">Amstel Gold Race  <span class=\"dem-label-percent-txt\">1%, 4 <span class=\"votxt\">voix<\/span><\/span><\/div>\n\t<div class=\"dem-graph\">\n\t\t<div class=\"dem-fill\" data-width=\"3%\"><\/div>\n\t\t<div class=\"dem-votes-txt\">\n\t\t\t<span class=\"dem-votes-txt-votes\">4 <span class=\"votxt\">voix<\/span><\/span>\n\t\t\t<span class=\"dem-votes-txt-percent\">1%<\/span>\n\t\t<\/div>\n\t\t<div class=\"dem-percent-txt\">4 voix - 1% des votes<\/div>\n\t<\/div>\n<\/li><li  title=\"4 voix - 1% des votes\" data-aid=\"96\">\n\t<div class=\"dem-label\">Paris-Tours  <span class=\"dem-label-percent-txt\">1%, 4 <span class=\"votxt\">voix<\/span><\/span><\/div>\n\t<div class=\"dem-graph\">\n\t\t<div class=\"dem-fill\" data-width=\"3%\"><\/div>\n\t\t<div class=\"dem-votes-txt\">\n\t\t\t<span class=\"dem-votes-txt-votes\">4 <span class=\"votxt\">voix<\/span><\/span>\n\t\t\t<span class=\"dem-votes-txt-percent\">1%<\/span>\n\t\t<\/div>\n\t\t<div class=\"dem-percent-txt\">4 voix - 1% des votes<\/div>\n\t<\/div>\n<\/li><li  title=\"2 voix - 1% des votes\" data-aid=\"94\">\n\t<div class=\"dem-label\">Cl\u00e1sica San Sebasti\u00e1n  <span class=\"dem-label-percent-txt\">1%, 2 <span class=\"votxt\">voix<\/span><\/span><\/div>\n\t<div class=\"dem-graph\">\n\t\t<div class=\"dem-fill\" data-width=\"2%\"><\/div>\n\t\t<div class=\"dem-votes-txt\">\n\t\t\t<span class=\"dem-votes-txt-votes\">2 <span class=\"votxt\">voix<\/span><\/span>\n\t\t\t<span class=\"dem-votes-txt-percent\">1%<\/span>\n\t\t<\/div>\n\t\t<div class=\"dem-percent-txt\">2 voix - 1% des votes<\/div>\n\t<\/div>\n<\/li>\n<\/ul>\n<div class=\"dem-bottom\">\n\t<div class=\"dem-poll-info\">\n\t\t<div class=\"dem-total-votes\">Total des votes : 277<\/div>\n\t\t\n\t\t<div class=\"dem-date\" title=\"D\u00e9but\">\n\t\t\t<span class=\"dem-begin-date\">15 mars 2018<\/span> - <span class=\"dem-end-date\" title=\"Fin\">12 ao\u00fbt 2021<\/span>\n\t\t<\/div>\n\t\t\n\t\t<div>Les votes sont clos<\/div>\n\t\t\n\t<\/div>\n\t\n<\/div><\/div><noscript>Poll Options are limited because JavaScript is disabled in your browser.<\/noscript><div class=\"dem-loader\"><div><style type=\"text\/css\">\n.dem-circle {\n  width:100%;\n  height:100%;\n  min-width:40px;\n  min-height:40px;\n  max-width:70px;\n  max-height:70px;\n\n  position: relative;\n  margin: 0 auto;\n}\n\n.double-bounce1, .double-bounce2 {\n  width: 100%;\n  height: 100%;\n  border-radius: 50%;\n  background-color: #226ec6;\n  opacity: 0.6;\n  position: absolute;\n  top: 0;\n  left: 0;\n  \n  -webkit-animation: bounce 2.0s infinite ease-in-out;\n  animation: bounce 2.0s infinite ease-in-out;\n}\n\n.double-bounce2 {\n  -webkit-animation-delay: -1.0s;\n  animation-delay: -1.0s;\n}\n\n@-webkit-keyframes bounce {\n  0%, 100% { -webkit-transform: scale(0.0) }\n  50% { -webkit-transform: scale(1.0) }\n}\n\n@keyframes bounce {\n  0%, 100% { \n    transform: scale(0.0);\n    -webkit-transform: scale(0.0);\n  } 50% { \n    transform: scale(1.0);\n    -webkit-transform: scale(1.0);\n  }\n}<\/style>\n\n<div class=\"dem-circle\">\n  <div class=\"double-bounce1 css-fill\"><\/div>\n  <div class=\"double-bounce2 css-fill\"><\/div>\n<\/div><\/div><\/div><\/div><!--democracy--><\/div>\n<p style=\"text-align: justify;\"><em><strong>Nicolas Jacquemard<\/strong><br \/>\n<\/em><a style=\"color: #000000;\" href=\"https:\/\/twitter.com\/Nico_Jacquemard\" target=\"_blank\" rel=\"noopener noreferrer\"><img loading=\"lazy\" decoding=\"async\" class=\"alignnone wp-image-2908\" src=\"http:\/\/dicodusport.fr\/blog\/wp-content\/uploads\/2017\/07\/logo-twitter-150x150.png\" alt=\"\" width=\"39\" height=\"39\" \/><\/a><a style=\"color: #000000;\" href=\"https:\/\/www.facebook.com\/dicodusport\/\" target=\"_blank\" rel=\"noopener noreferrer\"><img loading=\"lazy\" decoding=\"async\" class=\"alignnone wp-image-2909\" src=\"http:\/\/dicodusport.fr\/blog\/wp-content\/uploads\/2017\/07\/logo-facebook-150x150.png\" alt=\"\" width=\"40\" height=\"40\" \/><\/a><\/p>\n","protected":false},"excerpt":{"rendered":"<p>A quelques heures de Milan-San Remo, choisissez quelle est votre classique cycliste pr\u00e9f\u00e9r\u00e9e parmi les huit s\u00e9lectionn\u00e9es par notre r\u00e9daction. <\/p>\n","protected":false},"author":1,"featured_media":14582,"comment_status":"open","ping_status":"closed","sticky":false,"template":"","format":"standard","meta":{"_acf_changed":false,"_daextam_enable_autolinks":"","footnotes":""},"categories":[2,2307,8],"tags":[4163,4166,574,4165,4162,4164,4168,579],"class_list":["post-14566","post","type-post","status-publish","format-standard","has-post-thumbnail","hentry","category-actualites","category-cyclisme","category-histoire","tag-amstel-gold-race","tag-classique","tag-cyclisme","tag-liege-bastogne-liege","tag-milan-san-remo","tag-paris-roubaix","tag-tour-de-lombardie","tag-velo"],"acf":[],"yoast_head":"<!-- This site is optimized with the Yoast SEO Premium plugin v26.7 (Yoast SEO v26.7) - https:\/\/yoast.com\/wordpress\/plugins\/seo\/ -->\n<title>Quel est votre classique cycliste pr\u00e9f\u00e9r\u00e9e ?<\/title>\n<meta name=\"description\" content=\"A quelques heures de Milan-San Remo, choisissez quelle est votre classique cycliste pr\u00e9f\u00e9r\u00e9e parmi les huit s\u00e9lectionn\u00e9es par notre r\u00e9daction.\" \/>\n<meta name=\"robots\" content=\"index, follow, max-snippet:-1, max-image-preview:large, max-video-preview:-1\" \/>\n<link rel=\"canonical\" href=\"https:\/\/dicodusport.fr\/blog\/quel-est-votre-classique-cycliste-preferee\/\" \/>\n<meta property=\"og:locale\" content=\"fr_FR\" \/>\n<meta property=\"og:type\" content=\"article\" \/>\n<meta property=\"og:title\" content=\"Quel est votre classique cycliste pr\u00e9f\u00e9r\u00e9e ?\" \/>\n<meta property=\"og:description\" content=\"A quelques heures de Milan-San Remo, choisissez quelle est votre classique cycliste pr\u00e9f\u00e9r\u00e9e parmi les huit s\u00e9lectionn\u00e9es par notre r\u00e9daction.\" \/>\n<meta property=\"og:url\" content=\"https:\/\/dicodusport.fr\/blog\/quel-est-votre-classique-cycliste-preferee\/\" \/>\n<meta property=\"og:site_name\" content=\"Dicodusport\" \/>\n<meta property=\"article:publisher\" content=\"https:\/\/www.facebook.com\/dicodusport\" \/>\n<meta property=\"article:author\" content=\"https:\/\/www.facebook.com\/dicodusport\" \/>\n<meta property=\"article:published_time\" content=\"2018-03-15T13:00:59+00:00\" \/>\n<meta property=\"article:modified_time\" content=\"2018-03-15T13:19:52+00:00\" \/>\n<meta property=\"og:image\" content=\"https:\/\/dicodusport.fr\/blog\/wp-content\/uploads\/2018\/03\/Classique-cyclisme-1024x572.png\" \/>\n\t<meta property=\"og:image:width\" content=\"1024\" \/>\n\t<meta property=\"og:image:height\" content=\"572\" \/>\n\t<meta property=\"og:image:type\" content=\"image\/png\" \/>\n<meta name=\"author\" content=\"Nicolas Jacquemard\" \/>\n<meta name=\"twitter:card\" content=\"summary_large_image\" \/>\n<meta name=\"twitter:creator\" content=\"@https:\/\/twitter.com\/Nico_Jacquemard\" \/>\n<meta name=\"twitter:site\" content=\"@dicodusport\" \/>\n<script type=\"application\/ld+json\" class=\"yoast-schema-graph\">{\"@context\":\"https:\/\/schema.org\",\"@graph\":[{\"@type\":\"NewsArticle\",\"@id\":\"https:\/\/dicodusport.fr\/blog\/quel-est-votre-classique-cycliste-preferee\/#article\",\"isPartOf\":{\"@id\":\"https:\/\/dicodusport.fr\/blog\/quel-est-votre-classique-cycliste-preferee\/\"},\"author\":{\"name\":\"Nicolas Jacquemard\",\"@id\":\"https:\/\/dicodusport.fr\/blog\/#\/schema\/person\/55dcb50ad410894e431ed812bbb70191\"},\"headline\":\"Quel est votre classique cycliste pr\u00e9f\u00e9r\u00e9e ?\",\"datePublished\":\"2018-03-15T13:00:59+00:00\",\"dateModified\":\"2018-03-15T13:19:52+00:00\",\"mainEntityOfPage\":{\"@id\":\"https:\/\/dicodusport.fr\/blog\/quel-est-votre-classique-cycliste-preferee\/\"},\"wordCount\":643,\"commentCount\":0,\"publisher\":{\"@id\":\"https:\/\/dicodusport.fr\/blog\/#organization\"},\"image\":{\"@id\":\"https:\/\/dicodusport.fr\/blog\/quel-est-votre-classique-cycliste-preferee\/#primaryimage\"},\"thumbnailUrl\":\"https:\/\/dicodusport.fr\/blog\/wp-content\/uploads\/2018\/03\/Classique-cyclisme.png\",\"keywords\":[\"Amstel Gold Race\",\"classique\",\"Cyclisme\",\"Li\u00e8ge-Bastogne-Li\u00e8ge\",\"Milan-San Remo\",\"Paris-Roubaix\",\"Tour de Lombardie\",\"v\u00e9lo\"],\"articleSection\":[\"Actualit\u00e9s\",\"Cyclisme\",\"Histoire\"],\"inLanguage\":\"fr-FR\",\"potentialAction\":[{\"@type\":\"CommentAction\",\"name\":\"Comment\",\"target\":[\"https:\/\/dicodusport.fr\/blog\/quel-est-votre-classique-cycliste-preferee\/#respond\"]}],\"copyrightYear\":\"2018\",\"copyrightHolder\":{\"@id\":\"https:\/\/dicodusport.fr\/blog\/#organization\"}},{\"@type\":\"WebPage\",\"@id\":\"https:\/\/dicodusport.fr\/blog\/quel-est-votre-classique-cycliste-preferee\/\",\"url\":\"https:\/\/dicodusport.fr\/blog\/quel-est-votre-classique-cycliste-preferee\/\",\"name\":\"Quel est votre classique cycliste pr\u00e9f\u00e9r\u00e9e ?\",\"isPartOf\":{\"@id\":\"https:\/\/dicodusport.fr\/blog\/#website\"},\"primaryImageOfPage\":{\"@id\":\"https:\/\/dicodusport.fr\/blog\/quel-est-votre-classique-cycliste-preferee\/#primaryimage\"},\"image\":{\"@id\":\"https:\/\/dicodusport.fr\/blog\/quel-est-votre-classique-cycliste-preferee\/#primaryimage\"},\"thumbnailUrl\":\"https:\/\/dicodusport.fr\/blog\/wp-content\/uploads\/2018\/03\/Classique-cyclisme.png\",\"datePublished\":\"2018-03-15T13:00:59+00:00\",\"dateModified\":\"2018-03-15T13:19:52+00:00\",\"description\":\"A quelques heures de Milan-San Remo, choisissez quelle est votre classique cycliste pr\u00e9f\u00e9r\u00e9e parmi les huit s\u00e9lectionn\u00e9es par notre r\u00e9daction.\",\"breadcrumb\":{\"@id\":\"https:\/\/dicodusport.fr\/blog\/quel-est-votre-classique-cycliste-preferee\/#breadcrumb\"},\"inLanguage\":\"fr-FR\",\"potentialAction\":[{\"@type\":\"ReadAction\",\"target\":[\"https:\/\/dicodusport.fr\/blog\/quel-est-votre-classique-cycliste-preferee\/\"]}]},{\"@type\":\"ImageObject\",\"inLanguage\":\"fr-FR\",\"@id\":\"https:\/\/dicodusport.fr\/blog\/quel-est-votre-classique-cycliste-preferee\/#primaryimage\",\"url\":\"https:\/\/dicodusport.fr\/blog\/wp-content\/uploads\/2018\/03\/Classique-cyclisme.png\",\"contentUrl\":\"https:\/\/dicodusport.fr\/blog\/wp-content\/uploads\/2018\/03\/Classique-cyclisme.png\",\"width\":1200,\"height\":670,\"caption\":\"Classique cyclisme\"},{\"@type\":\"BreadcrumbList\",\"@id\":\"https:\/\/dicodusport.fr\/blog\/quel-est-votre-classique-cycliste-preferee\/#breadcrumb\",\"itemListElement\":[{\"@type\":\"ListItem\",\"position\":1,\"name\":\"Accueil\",\"item\":\"https:\/\/dicodusport.fr\/blog\/\"},{\"@type\":\"ListItem\",\"position\":2,\"name\":\"Quel est votre classique cycliste pr\u00e9f\u00e9r\u00e9e ?\"}]},{\"@type\":\"WebSite\",\"@id\":\"https:\/\/dicodusport.fr\/blog\/#website\",\"url\":\"https:\/\/dicodusport.fr\/blog\/\",\"name\":\"Dicodusport\",\"description\":\"L&#039;encyclop\u00e9die de l&#039;actualit\u00e9 sportive\",\"publisher\":{\"@id\":\"https:\/\/dicodusport.fr\/blog\/#organization\"},\"potentialAction\":[{\"@type\":\"SearchAction\",\"target\":{\"@type\":\"EntryPoint\",\"urlTemplate\":\"https:\/\/dicodusport.fr\/blog\/?s={search_term_string}\"},\"query-input\":{\"@type\":\"PropertyValueSpecification\",\"valueRequired\":true,\"valueName\":\"search_term_string\"}}],\"inLanguage\":\"fr-FR\"},{\"@type\":\"NewsMediaOrganization\",\"@id\":\"https:\/\/dicodusport.fr\/blog\/#organization\",\"name\":\"Dicodusport\",\"url\":\"https:\/\/dicodusport.fr\/blog\/\",\"logo\":{\"@type\":\"ImageObject\",\"inLanguage\":\"fr-FR\",\"@id\":\"https:\/\/dicodusport.fr\/blog\/#\/schema\/logo\/image\/\",\"url\":\"https:\/\/dicodusport.fr\/blog\/wp-content\/uploads\/2020\/06\/cropped-LOGO-DICODUSPORT-2020-SANS-FOND-SANS-TEXTE.png\",\"contentUrl\":\"https:\/\/dicodusport.fr\/blog\/wp-content\/uploads\/2020\/06\/cropped-LOGO-DICODUSPORT-2020-SANS-FOND-SANS-TEXTE.png\",\"width\":512,\"height\":512,\"caption\":\"Dicodusport\"},\"image\":{\"@id\":\"https:\/\/dicodusport.fr\/blog\/#\/schema\/logo\/image\/\"},\"sameAs\":[\"https:\/\/www.facebook.com\/dicodusport\",\"https:\/\/x.com\/dicodusport\",\"https:\/\/www.instagram.com\/dicodusport\/\",\"https:\/\/www.youtube.com\/channel\/UC7V2KZ5sd3htJivAbA4ZG3w\"],\"description\":\"Dicodusport est l'encyclop\u00e9die de l'actualit\u00e9 sportive.\",\"email\":\"bonjour@dicodusport.fr\",\"legalName\":\"DICODUSPORT\",\"foundingDate\":\"2018-01-14\",\"vatID\":\"FR71834470973\",\"taxID\":\"83447097300043\",\"numberOfEmployees\":{\"@type\":\"QuantitativeValue\",\"minValue\":\"1\",\"maxValue\":\"10\"}},{\"@type\":\"Person\",\"@id\":\"https:\/\/dicodusport.fr\/blog\/#\/schema\/person\/55dcb50ad410894e431ed812bbb70191\",\"name\":\"Nicolas Jacquemard\",\"image\":{\"@type\":\"ImageObject\",\"inLanguage\":\"fr-FR\",\"@id\":\"https:\/\/dicodusport.fr\/blog\/#\/schema\/person\/image\/\",\"url\":\"https:\/\/dicodusport.fr\/blog\/wp-content\/uploads\/2021\/05\/Nicolas-Jacquemard-150x150.jpeg\",\"contentUrl\":\"https:\/\/dicodusport.fr\/blog\/wp-content\/uploads\/2021\/05\/Nicolas-Jacquemard-150x150.jpeg\",\"caption\":\"Nicolas Jacquemard\"},\"description\":\"Passionn\u00e9 de sport et entrepreneur depuis mes 18 ans, la cr\u00e9ation de Dicodusport m'a sembl\u00e9 \u00e9vidente pour participer \u00e0 la m\u00e9diatisation d'un plus grand nombre de sports. Le chemin est long mais avec une \u00e9quipe des plus motiv\u00e9es et les Jeux Olympiques de Paris 2024 en point de mire, nous y arriverons ! Journaliste dans le monde du sport depuis plus de 5 ans, je traite aussi bien de football, de rugby, de biathlon que de cyclisme.\",\"sameAs\":[\"https:\/\/www.facebook.com\/dicodusport\",\"https:\/\/x.com\/https:\/\/twitter.com\/Nico_Jacquemard\"],\"url\":\"https:\/\/dicodusport.fr\/blog\/author\/dicodusport\/\"}]}<\/script>\n<!-- \/ Yoast SEO Premium plugin. -->","yoast_head_json":{"title":"Quel est votre classique cycliste pr\u00e9f\u00e9r\u00e9e ?","description":"A quelques heures de Milan-San Remo, choisissez quelle est votre classique cycliste pr\u00e9f\u00e9r\u00e9e parmi les huit s\u00e9lectionn\u00e9es par notre r\u00e9daction.","robots":{"index":"index","follow":"follow","max-snippet":"max-snippet:-1","max-image-preview":"max-image-preview:large","max-video-preview":"max-video-preview:-1"},"canonical":"https:\/\/dicodusport.fr\/blog\/quel-est-votre-classique-cycliste-preferee\/","og_locale":"fr_FR","og_type":"article","og_title":"Quel est votre classique cycliste pr\u00e9f\u00e9r\u00e9e ?","og_description":"A quelques heures de Milan-San Remo, choisissez quelle est votre classique cycliste pr\u00e9f\u00e9r\u00e9e parmi les huit s\u00e9lectionn\u00e9es par notre r\u00e9daction.","og_url":"https:\/\/dicodusport.fr\/blog\/quel-est-votre-classique-cycliste-preferee\/","og_site_name":"Dicodusport","article_publisher":"https:\/\/www.facebook.com\/dicodusport","article_author":"https:\/\/www.facebook.com\/dicodusport","article_published_time":"2018-03-15T13:00:59+00:00","article_modified_time":"2018-03-15T13:19:52+00:00","og_image":[{"width":1024,"height":572,"url":"https:\/\/dicodusport.fr\/blog\/wp-content\/uploads\/2018\/03\/Classique-cyclisme-1024x572.png","type":"image\/png"}],"author":"Nicolas Jacquemard","twitter_card":"summary_large_image","twitter_creator":"@https:\/\/twitter.com\/Nico_Jacquemard","twitter_site":"@dicodusport","schema":{"@context":"https:\/\/schema.org","@graph":[{"@type":"NewsArticle","@id":"https:\/\/dicodusport.fr\/blog\/quel-est-votre-classique-cycliste-preferee\/#article","isPartOf":{"@id":"https:\/\/dicodusport.fr\/blog\/quel-est-votre-classique-cycliste-preferee\/"},"author":{"name":"Nicolas Jacquemard","@id":"https:\/\/dicodusport.fr\/blog\/#\/schema\/person\/55dcb50ad410894e431ed812bbb70191"},"headline":"Quel est votre classique cycliste pr\u00e9f\u00e9r\u00e9e ?","datePublished":"2018-03-15T13:00:59+00:00","dateModified":"2018-03-15T13:19:52+00:00","mainEntityOfPage":{"@id":"https:\/\/dicodusport.fr\/blog\/quel-est-votre-classique-cycliste-preferee\/"},"wordCount":643,"commentCount":0,"publisher":{"@id":"https:\/\/dicodusport.fr\/blog\/#organization"},"image":{"@id":"https:\/\/dicodusport.fr\/blog\/quel-est-votre-classique-cycliste-preferee\/#primaryimage"},"thumbnailUrl":"https:\/\/dicodusport.fr\/blog\/wp-content\/uploads\/2018\/03\/Classique-cyclisme.png","keywords":["Amstel Gold Race","classique","Cyclisme","Li\u00e8ge-Bastogne-Li\u00e8ge","Milan-San Remo","Paris-Roubaix","Tour de Lombardie","v\u00e9lo"],"articleSection":["Actualit\u00e9s","Cyclisme","Histoire"],"inLanguage":"fr-FR","potentialAction":[{"@type":"CommentAction","name":"Comment","target":["https:\/\/dicodusport.fr\/blog\/quel-est-votre-classique-cycliste-preferee\/#respond"]}],"copyrightYear":"2018","copyrightHolder":{"@id":"https:\/\/dicodusport.fr\/blog\/#organization"}},{"@type":"WebPage","@id":"https:\/\/dicodusport.fr\/blog\/quel-est-votre-classique-cycliste-preferee\/","url":"https:\/\/dicodusport.fr\/blog\/quel-est-votre-classique-cycliste-preferee\/","name":"Quel est votre classique cycliste pr\u00e9f\u00e9r\u00e9e ?","isPartOf":{"@id":"https:\/\/dicodusport.fr\/blog\/#website"},"primaryImageOfPage":{"@id":"https:\/\/dicodusport.fr\/blog\/quel-est-votre-classique-cycliste-preferee\/#primaryimage"},"image":{"@id":"https:\/\/dicodusport.fr\/blog\/quel-est-votre-classique-cycliste-preferee\/#primaryimage"},"thumbnailUrl":"https:\/\/dicodusport.fr\/blog\/wp-content\/uploads\/2018\/03\/Classique-cyclisme.png","datePublished":"2018-03-15T13:00:59+00:00","dateModified":"2018-03-15T13:19:52+00:00","description":"A quelques heures de Milan-San Remo, choisissez quelle est votre classique cycliste pr\u00e9f\u00e9r\u00e9e parmi les huit s\u00e9lectionn\u00e9es par notre r\u00e9daction.","breadcrumb":{"@id":"https:\/\/dicodusport.fr\/blog\/quel-est-votre-classique-cycliste-preferee\/#breadcrumb"},"inLanguage":"fr-FR","potentialAction":[{"@type":"ReadAction","target":["https:\/\/dicodusport.fr\/blog\/quel-est-votre-classique-cycliste-preferee\/"]}]},{"@type":"ImageObject","inLanguage":"fr-FR","@id":"https:\/\/dicodusport.fr\/blog\/quel-est-votre-classique-cycliste-preferee\/#primaryimage","url":"https:\/\/dicodusport.fr\/blog\/wp-content\/uploads\/2018\/03\/Classique-cyclisme.png","contentUrl":"https:\/\/dicodusport.fr\/blog\/wp-content\/uploads\/2018\/03\/Classique-cyclisme.png","width":1200,"height":670,"caption":"Classique cyclisme"},{"@type":"BreadcrumbList","@id":"https:\/\/dicodusport.fr\/blog\/quel-est-votre-classique-cycliste-preferee\/#breadcrumb","itemListElement":[{"@type":"ListItem","position":1,"name":"Accueil","item":"https:\/\/dicodusport.fr\/blog\/"},{"@type":"ListItem","position":2,"name":"Quel est votre classique cycliste pr\u00e9f\u00e9r\u00e9e ?"}]},{"@type":"WebSite","@id":"https:\/\/dicodusport.fr\/blog\/#website","url":"https:\/\/dicodusport.fr\/blog\/","name":"Dicodusport","description":"L&#039;encyclop\u00e9die de l&#039;actualit\u00e9 sportive","publisher":{"@id":"https:\/\/dicodusport.fr\/blog\/#organization"},"potentialAction":[{"@type":"SearchAction","target":{"@type":"EntryPoint","urlTemplate":"https:\/\/dicodusport.fr\/blog\/?s={search_term_string}"},"query-input":{"@type":"PropertyValueSpecification","valueRequired":true,"valueName":"search_term_string"}}],"inLanguage":"fr-FR"},{"@type":"NewsMediaOrganization","@id":"https:\/\/dicodusport.fr\/blog\/#organization","name":"Dicodusport","url":"https:\/\/dicodusport.fr\/blog\/","logo":{"@type":"ImageObject","inLanguage":"fr-FR","@id":"https:\/\/dicodusport.fr\/blog\/#\/schema\/logo\/image\/","url":"https:\/\/dicodusport.fr\/blog\/wp-content\/uploads\/2020\/06\/cropped-LOGO-DICODUSPORT-2020-SANS-FOND-SANS-TEXTE.png","contentUrl":"https:\/\/dicodusport.fr\/blog\/wp-content\/uploads\/2020\/06\/cropped-LOGO-DICODUSPORT-2020-SANS-FOND-SANS-TEXTE.png","width":512,"height":512,"caption":"Dicodusport"},"image":{"@id":"https:\/\/dicodusport.fr\/blog\/#\/schema\/logo\/image\/"},"sameAs":["https:\/\/www.facebook.com\/dicodusport","https:\/\/x.com\/dicodusport","https:\/\/www.instagram.com\/dicodusport\/","https:\/\/www.youtube.com\/channel\/UC7V2KZ5sd3htJivAbA4ZG3w"],"description":"Dicodusport est l'encyclop\u00e9die de l'actualit\u00e9 sportive.","email":"bonjour@dicodusport.fr","legalName":"DICODUSPORT","foundingDate":"2018-01-14","vatID":"FR71834470973","taxID":"83447097300043","numberOfEmployees":{"@type":"QuantitativeValue","minValue":"1","maxValue":"10"}},{"@type":"Person","@id":"https:\/\/dicodusport.fr\/blog\/#\/schema\/person\/55dcb50ad410894e431ed812bbb70191","name":"Nicolas Jacquemard","image":{"@type":"ImageObject","inLanguage":"fr-FR","@id":"https:\/\/dicodusport.fr\/blog\/#\/schema\/person\/image\/","url":"https:\/\/dicodusport.fr\/blog\/wp-content\/uploads\/2021\/05\/Nicolas-Jacquemard-150x150.jpeg","contentUrl":"https:\/\/dicodusport.fr\/blog\/wp-content\/uploads\/2021\/05\/Nicolas-Jacquemard-150x150.jpeg","caption":"Nicolas Jacquemard"},"description":"Passionn\u00e9 de sport et entrepreneur depuis mes 18 ans, la cr\u00e9ation de Dicodusport m'a sembl\u00e9 \u00e9vidente pour participer \u00e0 la m\u00e9diatisation d'un plus grand nombre de sports. Le chemin est long mais avec une \u00e9quipe des plus motiv\u00e9es et les Jeux Olympiques de Paris 2024 en point de mire, nous y arriverons ! Journaliste dans le monde du sport depuis plus de 5 ans, je traite aussi bien de football, de rugby, de biathlon que de cyclisme.","sameAs":["https:\/\/www.facebook.com\/dicodusport","https:\/\/x.com\/https:\/\/twitter.com\/Nico_Jacquemard"],"url":"https:\/\/dicodusport.fr\/blog\/author\/dicodusport\/"}]}},"_links":{"self":[{"href":"https:\/\/dicodusport.fr\/blog\/wp-json\/wp\/v2\/posts\/14566","targetHints":{"allow":["GET"]}}],"collection":[{"href":"https:\/\/dicodusport.fr\/blog\/wp-json\/wp\/v2\/posts"}],"about":[{"href":"https:\/\/dicodusport.fr\/blog\/wp-json\/wp\/v2\/types\/post"}],"author":[{"embeddable":true,"href":"https:\/\/dicodusport.fr\/blog\/wp-json\/wp\/v2\/users\/1"}],"replies":[{"embeddable":true,"href":"https:\/\/dicodusport.fr\/blog\/wp-json\/wp\/v2\/comments?post=14566"}],"version-history":[{"count":0,"href":"https:\/\/dicodusport.fr\/blog\/wp-json\/wp\/v2\/posts\/14566\/revisions"}],"wp:featuredmedia":[{"embeddable":true,"href":"https:\/\/dicodusport.fr\/blog\/wp-json\/wp\/v2\/media\/14582"}],"wp:attachment":[{"href":"https:\/\/dicodusport.fr\/blog\/wp-json\/wp\/v2\/media?parent=14566"}],"wp:term":[{"taxonomy":"category","embeddable":true,"href":"https:\/\/dicodusport.fr\/blog\/wp-json\/wp\/v2\/categories?post=14566"},{"taxonomy":"post_tag","embeddable":true,"href":"https:\/\/dicodusport.fr\/blog\/wp-json\/wp\/v2\/tags?post=14566"}],"curies":[{"name":"wp","href":"https:\/\/api.w.org\/{rel}","templated":true}]}}