{"id":145782,"date":"2021-07-10T12:59:44","date_gmt":"2021-07-10T10:59:44","guid":{"rendered":"https:\/\/dicodusport.fr\/blog\/?p=145782&#038;preview=true&#038;preview_id=145782"},"modified":"2021-07-10T12:59:44","modified_gmt":"2021-07-10T10:59:44","slug":"championnats-deurope-espoirs-dathletisme-une-bonne-matinee-pour-les-francais","status":"publish","type":"post","link":"https:\/\/dicodusport.fr\/blog\/championnats-deurope-espoirs-dathletisme-une-bonne-matinee-pour-les-francais\/","title":{"rendered":"Championnats d&rsquo;Europe espoirs d&rsquo;athl\u00e9tisme : une bonne matin\u00e9e pour les Fran\u00e7ais"},"content":{"rendered":"<p style=\"text-align: justify;\"><strong><em>Championnats d&rsquo;Europe espoirs \u2013 C&rsquo;est une belle matin\u00e9e pour les Fran\u00e7ais avant peut-\u00eatre une apr\u00e8s-midi prolifique en termes de m\u00e9dailles.<\/em><\/strong><\/p>\n<h3 style=\"text-align: justify;\">Demi-finales 200 m F<\/h3>\n<p style=\"text-align: justify;\"><strong>Wided Atatou<\/strong> s&rsquo;est battue dans la ligne droite mais n&rsquo;a pas pu faire mieux qu&rsquo;une 4e place en 23\u203357. Les trois premi\u00e8res ont r\u00e9alis\u00e9 leur record personnel. Les deux premi\u00e8re places \u00e9tant qualificatives pour la finale et les deux plus rapides, la Fran\u00e7aise devait attendre les deux demi-finales suivantes pour conna\u00eetre son sort. Malheureusement pour elle, elle est la deuxi\u00e8me non qualifi\u00e9e au temps.<\/p>\n<p style=\"text-align: justify;\">Apr\u00e8s un tr\u00e8s bon d\u00e9part, <strong>Gemima Joseph<\/strong> a domin\u00e9 sa course pour s&rsquo;imposer en 23\u203304. La finale aura lieu <strong>ce soir \u00e0 19h45<\/strong>.<\/p>\n<h3 style=\"text-align: justify;\">Qualifications saut en longueur F<\/h3>\n<p style=\"text-align: justify;\">Apr\u00e8s avoir manqu\u00e9 son premier essai, <strong>Ma\u00eblly Dalmat<\/strong> s&rsquo;est envol\u00e9e \u00e0 6.49 m. Elle est donc qualifi\u00e9e pour la finale de <strong>dimanche (15h20)<\/strong> puisque la qualification automatique se jouait \u00e0 6.45 m. Elle termine premi\u00e8re du groupe A.<\/p>\n<p style=\"text-align: justify;\">En revanche, c&rsquo;est termin\u00e9 pour <strong>L\u00e9onie Cambours<\/strong> et <strong>Tiphaine Mauchant<\/strong>. La premi\u00e8re, \u00e9galement dans le groupe A, a saut\u00e9 \u00e0 6.07 m \u00e0 son deuxi\u00e8me essai et rat\u00e9 les autres. Elle se classe 9e. La seconde a r\u00e9ussi 6.00 m \u00e0 son premier essai et 5.92 m \u00e0 son dernier essai et est \u00e9galement 9e du groupe B.<\/p>\n<h3 style=\"text-align: justify;\">Qualifications lancer du poids F<\/h3>\n<p style=\"text-align: justify;\"><strong>Amanda Ngandu-Ntumba<\/strong> poursuit sur sa lanc\u00e9e ! Apr\u00e8s sa <a href=\"https:\/\/dicodusport.fr\/blog\/championnats-deurope-espoirs-dathletisme-pauline-stey-en-argent-et-amanda-ngandu-ntumba-en-bronze\/\" target=\"_blank\" rel=\"noopener\">m\u00e9daille de bronze au disque<\/a>, elle vise une nouvelle m\u00e9daille, cette fois au lancer du poids. Elle termine 3e du groupe A gr\u00e2ce \u00e0 un lancer \u00e0 16.29 m. Record personnel \u00e9tabli aux Championnats de France am\u00e9lior\u00e9 d&rsquo;1 cm ! La finale a lieu <strong>cet apr\u00e8s-midi \u00e0 15h05<\/strong>.<\/p>\n<h3 style=\"text-align: justify;\">Qualifications triple saut H<\/h3>\n<p style=\"text-align: justify;\"><strong>Thomas Gogois<\/strong> a r\u00e9alis\u00e9 16.47 m \u00e0 son premier essai (marque qualificative \u00e0 16.30 m) et participera donc \u00e0 la finale.<\/p>\n<p style=\"text-align: justify;\"><strong>Enzo Hodebar<\/strong> a \u00e9galement atterri au-del\u00e0 des 16.30 m (16.46 m).<\/p>\n<p style=\"text-align: justify;\"><strong>Jonathan Seremes<\/strong> a rat\u00e9 son premier saut. Il a ensuite r\u00e9alis\u00e9 16.01 m pour se placer \u00e0 la 5e place. Apr\u00e8s un 2e essai rat\u00e9, il a r\u00e9alis\u00e9 15.66 m avec de la marge sur sa planche. Il termine 5e du groupe B et participera \u00e9galement \u00e0 la finale.<\/p>\n<p style=\"text-align: justify;\">La finale aura lieu <strong>dimanche matin \u00e0 10h<\/strong>.<\/p>\n<h3>D\u00e9cathlon (3\/10)<\/h3>\n<p style=\"text-align: justify;\"><strong>Makenson Gletty<\/strong> a termin\u00e9 dernier du 100 m en 10\u203392.<\/p>\n<p style=\"text-align: justify;\">Il a rat\u00e9 son premier essai \u00e0 la longueur. Puis, il est pass\u00e9 devant son compatriote avec 7.15 m, sa meilleure marque de la saison. Il termine finalement 4e du groupe B, ayant fait le choix de ne pas utiliser son 3e saut.<\/p>\n<p style=\"text-align: justify;\">Il a r\u00e9alis\u00e9 la meilleure marque du concours du lancer du poids \u00e0 son premier essai avec 15.06 m. Il a ensuite am\u00e9lior\u00e9 son <strong>record personnel<\/strong> de 61 cm en r\u00e9alisant <strong>16.36 m<\/strong> ! Avec une bonne marge d&rsquo;avance, il a pass\u00e9 son dernier essai. A noter que dans ce groupe A, les quatre premiers ont r\u00e9alis\u00e9 leur record personnel.<\/p>\n<p style=\"text-align: justify;\">Apr\u00e8s 3 \u00e9preuves, il est 2e.<\/p>\n<p style=\"text-align: justify;\"><strong>Baptiste Thiery<\/strong> a termin\u00e9 4e du 100 m en r\u00e9alisant son <strong>record personnel<\/strong> (10\u203390).<\/p>\n<p style=\"text-align: justify;\">Alors qu&rsquo;il avait un record \u00e0 7.11 m \u00e0 la longueur, il l&rsquo;a battu d\u00e8s son premier essai en r\u00e9alisant 7.14 m ! Il a ainsi pris la t\u00eate du groupe B. Il a ensuite r\u00e9alis\u00e9 6.74 m et le N\u00e9erlandais Sven Roosen est pass\u00e9 devant avec 7.44 m ainsi que son compatriote avec 7.15 m. Il est repass\u00e9 devant Gletty, en r\u00e9alisant 7.15 m, alors que celui-ci s&rsquo;\u00e9tait retir\u00e9 du concours. Il termine 3e du groupe B.<\/p>\n<p style=\"text-align: justify;\">Son pr\u00e9c\u00e9dent record de 11.74 m au lancer du poids a \u00e9t\u00e9 battu ! Baptiste Thiery a lanc\u00e9 \u00e0 11.90 m \u00e0 son premier essai. Il a ensuite rat\u00e9 son deuxi\u00e8me jet puis r\u00e9alis\u00e9 11.86 m. Il termine dernier du groupe B. Apr\u00e8s 3 \u00e9preuves, il est 15e.<\/p>\n<h2 style=\"text-align: justify;\"><strong>\u00c0 lire aussi :<\/strong><\/h2>\n<ul style=\"text-align: justify;\">\n<li><a href=\"https:\/\/dicodusport.fr\/blog\/athletisme-championnats-deurope-espoirs-2021-calendrier-et-resultats\/\" target=\"_blank\" rel=\"noopener\"><strong>Championnats d&rsquo;Europe espoirs : calendrier et r\u00e9sultats<\/strong><\/a><\/li>\n<li><strong><a href=\"https:\/\/dicodusport.fr\/blog\/athletisme-championnats-deurope-espoirs-2021-la-selection-francaise\/\" target=\"_blank\" rel=\"noopener\">Championnats d&rsquo;Europe espoirs 2021 : la s\u00e9lection fran\u00e7aise<\/a><\/strong><\/li>\n<\/ul>\n<p style=\"text-align: justify;\">\n","protected":false},"excerpt":{"rendered":"<p>Championnats d&rsquo;Europe espoirs \u2013 C&rsquo;est une belle matin\u00e9e pour les Fran\u00e7ais avant peut-\u00eatre une apr\u00e8s-midi prolifique en termes de m\u00e9dailles.<\/p>\n","protected":false},"author":12,"featured_media":145807,"comment_status":"open","ping_status":"closed","sticky":false,"template":"","format":"standard","meta":{"_acf_changed":false,"_daextam_enable_autolinks":"","footnotes":""},"categories":[2308],"tags":[17667,17825,17928],"class_list":["post-145782","post","type-post","status-publish","format-standard","has-post-thumbnail","hentry","category-athletisme","tag-championnats-deurope-espoirs-dathletisme","tag-championnats-deurope-u23-athletisme","tag-makenson-gletty"],"acf":[],"yoast_head":"<!-- This site is optimized with the Yoast SEO Premium plugin v26.7 (Yoast SEO v26.7) - https:\/\/yoast.com\/wordpress\/plugins\/seo\/ -->\n<title>Championnats d&#039;Europe espoirs d&#039;athl\u00e9tisme : une bonne matin\u00e9e pour les Fran\u00e7ais<\/title>\n<meta name=\"description\" content=\"Championnats d&#039;Europe espoirs \u2013 C&#039;est une belle matin\u00e9e pour les Fran\u00e7ais avant peut-\u00eatre une apr\u00e8s-midi prolifique en termes de m\u00e9dailles.\" \/>\n<meta name=\"robots\" content=\"index, follow, max-snippet:-1, max-image-preview:large, max-video-preview:-1\" \/>\n<link rel=\"canonical\" href=\"https:\/\/dicodusport.fr\/blog\/championnats-deurope-espoirs-dathletisme-une-bonne-matinee-pour-les-francais\/\" \/>\n<meta property=\"og:locale\" content=\"fr_FR\" \/>\n<meta property=\"og:type\" content=\"article\" \/>\n<meta property=\"og:title\" content=\"Championnats d&#039;Europe espoirs d&#039;athl\u00e9tisme : une bonne matin\u00e9e pour les Fran\u00e7ais\" \/>\n<meta property=\"og:description\" content=\"Championnats d&#039;Europe espoirs \u2013 C&#039;est une belle matin\u00e9e pour les Fran\u00e7ais avant peut-\u00eatre une apr\u00e8s-midi prolifique en termes de m\u00e9dailles.\" \/>\n<meta property=\"og:url\" content=\"https:\/\/dicodusport.fr\/blog\/championnats-deurope-espoirs-dathletisme-une-bonne-matinee-pour-les-francais\/\" \/>\n<meta property=\"og:site_name\" content=\"Dicodusport\" \/>\n<meta property=\"article:publisher\" content=\"https:\/\/www.facebook.com\/dicodusport\" \/>\n<meta property=\"article:published_time\" content=\"2021-07-10T10:59:44+00:00\" \/>\n<meta property=\"og:image\" content=\"https:\/\/dicodusport.fr\/blog\/wp-content\/uploads\/2021\/07\/Championnats-dEurope-espoirs-dathletisme-une-bonne-matinee-pour-les-Francais.jpg\" \/>\n\t<meta property=\"og:image:width\" content=\"800\" \/>\n\t<meta property=\"og:image:height\" content=\"445\" \/>\n\t<meta property=\"og:image:type\" content=\"image\/jpeg\" \/>\n<meta name=\"author\" content=\"Arlette Yeye\" \/>\n<meta name=\"twitter:card\" content=\"summary_large_image\" \/>\n<meta name=\"twitter:title\" content=\"Championnats d&#039;Europe espoirs d&#039;athl\u00e9tisme : une bonne matin\u00e9e pour les Fran\u00e7ais\" \/>\n<meta name=\"twitter:creator\" content=\"@https:\/\/twitter.com\/Shiclette94\" \/>\n<meta name=\"twitter:site\" content=\"@dicodusport\" \/>\n<script type=\"application\/ld+json\" class=\"yoast-schema-graph\">{\"@context\":\"https:\/\/schema.org\",\"@graph\":[{\"@type\":\"NewsArticle\",\"@id\":\"https:\/\/dicodusport.fr\/blog\/championnats-deurope-espoirs-dathletisme-une-bonne-matinee-pour-les-francais\/#article\",\"isPartOf\":{\"@id\":\"https:\/\/dicodusport.fr\/blog\/championnats-deurope-espoirs-dathletisme-une-bonne-matinee-pour-les-francais\/\"},\"author\":{\"name\":\"Arlette Yeye\",\"@id\":\"https:\/\/dicodusport.fr\/blog\/#\/schema\/person\/cce96fa88785bd8573e3d43078ac8c79\"},\"headline\":\"Championnats d&rsquo;Europe espoirs d&rsquo;athl\u00e9tisme : une bonne matin\u00e9e pour les Fran\u00e7ais\",\"datePublished\":\"2021-07-10T10:59:44+00:00\",\"mainEntityOfPage\":{\"@id\":\"https:\/\/dicodusport.fr\/blog\/championnats-deurope-espoirs-dathletisme-une-bonne-matinee-pour-les-francais\/\"},\"wordCount\":664,\"commentCount\":0,\"publisher\":{\"@id\":\"https:\/\/dicodusport.fr\/blog\/#organization\"},\"image\":{\"@id\":\"https:\/\/dicodusport.fr\/blog\/championnats-deurope-espoirs-dathletisme-une-bonne-matinee-pour-les-francais\/#primaryimage\"},\"thumbnailUrl\":\"https:\/\/dicodusport.fr\/blog\/wp-content\/uploads\/2021\/07\/Championnats-dEurope-espoirs-dathletisme-une-bonne-matinee-pour-les-Francais.jpg\",\"keywords\":[\"Championnats d'Europe espoirs d'athl\u00e9tisme\",\"Championnats d'Europe U23 athl\u00e9tisme\",\"Makenson Gletty\"],\"articleSection\":[\"Athl\u00e9tisme\"],\"inLanguage\":\"fr-FR\",\"potentialAction\":[{\"@type\":\"CommentAction\",\"name\":\"Comment\",\"target\":[\"https:\/\/dicodusport.fr\/blog\/championnats-deurope-espoirs-dathletisme-une-bonne-matinee-pour-les-francais\/#respond\"]}],\"copyrightYear\":\"2021\",\"copyrightHolder\":{\"@id\":\"https:\/\/dicodusport.fr\/blog\/#organization\"}},{\"@type\":\"WebPage\",\"@id\":\"https:\/\/dicodusport.fr\/blog\/championnats-deurope-espoirs-dathletisme-une-bonne-matinee-pour-les-francais\/\",\"url\":\"https:\/\/dicodusport.fr\/blog\/championnats-deurope-espoirs-dathletisme-une-bonne-matinee-pour-les-francais\/\",\"name\":\"Championnats d'Europe espoirs d'athl\u00e9tisme : une bonne matin\u00e9e pour les Fran\u00e7ais\",\"isPartOf\":{\"@id\":\"https:\/\/dicodusport.fr\/blog\/#website\"},\"primaryImageOfPage\":{\"@id\":\"https:\/\/dicodusport.fr\/blog\/championnats-deurope-espoirs-dathletisme-une-bonne-matinee-pour-les-francais\/#primaryimage\"},\"image\":{\"@id\":\"https:\/\/dicodusport.fr\/blog\/championnats-deurope-espoirs-dathletisme-une-bonne-matinee-pour-les-francais\/#primaryimage\"},\"thumbnailUrl\":\"https:\/\/dicodusport.fr\/blog\/wp-content\/uploads\/2021\/07\/Championnats-dEurope-espoirs-dathletisme-une-bonne-matinee-pour-les-Francais.jpg\",\"datePublished\":\"2021-07-10T10:59:44+00:00\",\"description\":\"Championnats d'Europe espoirs \u2013 C'est une belle matin\u00e9e pour les Fran\u00e7ais avant peut-\u00eatre une apr\u00e8s-midi prolifique en termes de m\u00e9dailles.\",\"breadcrumb\":{\"@id\":\"https:\/\/dicodusport.fr\/blog\/championnats-deurope-espoirs-dathletisme-une-bonne-matinee-pour-les-francais\/#breadcrumb\"},\"inLanguage\":\"fr-FR\",\"potentialAction\":[{\"@type\":\"ReadAction\",\"target\":[\"https:\/\/dicodusport.fr\/blog\/championnats-deurope-espoirs-dathletisme-une-bonne-matinee-pour-les-francais\/\"]}]},{\"@type\":\"ImageObject\",\"inLanguage\":\"fr-FR\",\"@id\":\"https:\/\/dicodusport.fr\/blog\/championnats-deurope-espoirs-dathletisme-une-bonne-matinee-pour-les-francais\/#primaryimage\",\"url\":\"https:\/\/dicodusport.fr\/blog\/wp-content\/uploads\/2021\/07\/Championnats-dEurope-espoirs-dathletisme-une-bonne-matinee-pour-les-Francais.jpg\",\"contentUrl\":\"https:\/\/dicodusport.fr\/blog\/wp-content\/uploads\/2021\/07\/Championnats-dEurope-espoirs-dathletisme-une-bonne-matinee-pour-les-Francais.jpg\",\"width\":800,\"height\":445,\"caption\":\"Championnats d'Europe espoirs d'athl\u00e9tisme une bonne matin\u00e9e pour les Fran\u00e7ais\"},{\"@type\":\"BreadcrumbList\",\"@id\":\"https:\/\/dicodusport.fr\/blog\/championnats-deurope-espoirs-dathletisme-une-bonne-matinee-pour-les-francais\/#breadcrumb\",\"itemListElement\":[{\"@type\":\"ListItem\",\"position\":1,\"name\":\"Accueil\",\"item\":\"https:\/\/dicodusport.fr\/blog\/\"},{\"@type\":\"ListItem\",\"position\":2,\"name\":\"Championnats d&rsquo;Europe espoirs d&rsquo;athl\u00e9tisme : une bonne matin\u00e9e pour les Fran\u00e7ais\"}]},{\"@type\":\"WebSite\",\"@id\":\"https:\/\/dicodusport.fr\/blog\/#website\",\"url\":\"https:\/\/dicodusport.fr\/blog\/\",\"name\":\"Dicodusport\",\"description\":\"L&#039;encyclop\u00e9die de l&#039;actualit\u00e9 sportive\",\"publisher\":{\"@id\":\"https:\/\/dicodusport.fr\/blog\/#organization\"},\"potentialAction\":[{\"@type\":\"SearchAction\",\"target\":{\"@type\":\"EntryPoint\",\"urlTemplate\":\"https:\/\/dicodusport.fr\/blog\/?s={search_term_string}\"},\"query-input\":{\"@type\":\"PropertyValueSpecification\",\"valueRequired\":true,\"valueName\":\"search_term_string\"}}],\"inLanguage\":\"fr-FR\"},{\"@type\":\"NewsMediaOrganization\",\"@id\":\"https:\/\/dicodusport.fr\/blog\/#organization\",\"name\":\"Dicodusport\",\"url\":\"https:\/\/dicodusport.fr\/blog\/\",\"logo\":{\"@type\":\"ImageObject\",\"inLanguage\":\"fr-FR\",\"@id\":\"https:\/\/dicodusport.fr\/blog\/#\/schema\/logo\/image\/\",\"url\":\"https:\/\/dicodusport.fr\/blog\/wp-content\/uploads\/2020\/06\/cropped-LOGO-DICODUSPORT-2020-SANS-FOND-SANS-TEXTE.png\",\"contentUrl\":\"https:\/\/dicodusport.fr\/blog\/wp-content\/uploads\/2020\/06\/cropped-LOGO-DICODUSPORT-2020-SANS-FOND-SANS-TEXTE.png\",\"width\":512,\"height\":512,\"caption\":\"Dicodusport\"},\"image\":{\"@id\":\"https:\/\/dicodusport.fr\/blog\/#\/schema\/logo\/image\/\"},\"sameAs\":[\"https:\/\/www.facebook.com\/dicodusport\",\"https:\/\/x.com\/dicodusport\",\"https:\/\/www.instagram.com\/dicodusport\/\",\"https:\/\/www.youtube.com\/channel\/UC7V2KZ5sd3htJivAbA4ZG3w\"],\"description\":\"Dicodusport est l'encyclop\u00e9die de l'actualit\u00e9 sportive.\",\"email\":\"bonjour@dicodusport.fr\",\"legalName\":\"DICODUSPORT\",\"foundingDate\":\"2018-01-14\",\"vatID\":\"FR71834470973\",\"taxID\":\"83447097300043\",\"numberOfEmployees\":{\"@type\":\"QuantitativeValue\",\"minValue\":\"1\",\"maxValue\":\"10\"}},{\"@type\":\"Person\",\"@id\":\"https:\/\/dicodusport.fr\/blog\/#\/schema\/person\/cce96fa88785bd8573e3d43078ac8c79\",\"name\":\"Arlette Yeye\",\"image\":{\"@type\":\"ImageObject\",\"inLanguage\":\"fr-FR\",\"@id\":\"https:\/\/dicodusport.fr\/blog\/#\/schema\/person\/image\/\",\"url\":\"https:\/\/secure.gravatar.com\/avatar\/dca4a6239e6d708e46c45d60e160de6c?s=96&d=wp_user_avatar&r=g\",\"contentUrl\":\"https:\/\/secure.gravatar.com\/avatar\/dca4a6239e6d708e46c45d60e160de6c?s=96&d=wp_user_avatar&r=g\",\"caption\":\"Arlette Yeye\"},\"description\":\"Journaliste\/r\u00e9dactrice depuis septembre 2015 - Supportrice de Chelsea, j'ai pour sports de pr\u00e9dilection le handball, l'athl\u00e9tisme et le tennis. Si je tweete plus vite que mon ombre, vous pouvez aussi me retrouver les week-ends sur les playgrounds de Bruxelles pour un petit foot ou basket entre potes. Parcourir la France, l'Europe et plus si affinit\u00e9s pour suivre mes sportifs pr\u00e9f\u00e9r\u00e9s ? Mon kif ! Et c'est avec plaisir que je partage les r\u00e9sultats des sports populaires mais \u00e9galement plus confidentiels pour Dicodusport.\",\"sameAs\":[\"https:\/\/x.com\/https:\/\/twitter.com\/Shiclette94\"],\"url\":\"https:\/\/dicodusport.fr\/blog\/author\/arlette\/\"}]}<\/script>\n<!-- \/ Yoast SEO Premium plugin. -->","yoast_head_json":{"title":"Championnats d'Europe espoirs d'athl\u00e9tisme : une bonne matin\u00e9e pour les Fran\u00e7ais","description":"Championnats d'Europe espoirs \u2013 C'est une belle matin\u00e9e pour les Fran\u00e7ais avant peut-\u00eatre une apr\u00e8s-midi prolifique en termes de m\u00e9dailles.","robots":{"index":"index","follow":"follow","max-snippet":"max-snippet:-1","max-image-preview":"max-image-preview:large","max-video-preview":"max-video-preview:-1"},"canonical":"https:\/\/dicodusport.fr\/blog\/championnats-deurope-espoirs-dathletisme-une-bonne-matinee-pour-les-francais\/","og_locale":"fr_FR","og_type":"article","og_title":"Championnats d'Europe espoirs d'athl\u00e9tisme : une bonne matin\u00e9e pour les Fran\u00e7ais","og_description":"Championnats d'Europe espoirs \u2013 C'est une belle matin\u00e9e pour les Fran\u00e7ais avant peut-\u00eatre une apr\u00e8s-midi prolifique en termes de m\u00e9dailles.","og_url":"https:\/\/dicodusport.fr\/blog\/championnats-deurope-espoirs-dathletisme-une-bonne-matinee-pour-les-francais\/","og_site_name":"Dicodusport","article_publisher":"https:\/\/www.facebook.com\/dicodusport","article_published_time":"2021-07-10T10:59:44+00:00","og_image":[{"width":800,"height":445,"url":"https:\/\/dicodusport.fr\/blog\/wp-content\/uploads\/2021\/07\/Championnats-dEurope-espoirs-dathletisme-une-bonne-matinee-pour-les-Francais.jpg","type":"image\/jpeg"}],"author":"Arlette Yeye","twitter_card":"summary_large_image","twitter_title":"Championnats d'Europe espoirs d'athl\u00e9tisme : une bonne matin\u00e9e pour les Fran\u00e7ais","twitter_creator":"@https:\/\/twitter.com\/Shiclette94","twitter_site":"@dicodusport","schema":{"@context":"https:\/\/schema.org","@graph":[{"@type":"NewsArticle","@id":"https:\/\/dicodusport.fr\/blog\/championnats-deurope-espoirs-dathletisme-une-bonne-matinee-pour-les-francais\/#article","isPartOf":{"@id":"https:\/\/dicodusport.fr\/blog\/championnats-deurope-espoirs-dathletisme-une-bonne-matinee-pour-les-francais\/"},"author":{"name":"Arlette Yeye","@id":"https:\/\/dicodusport.fr\/blog\/#\/schema\/person\/cce96fa88785bd8573e3d43078ac8c79"},"headline":"Championnats d&rsquo;Europe espoirs d&rsquo;athl\u00e9tisme : une bonne matin\u00e9e pour les Fran\u00e7ais","datePublished":"2021-07-10T10:59:44+00:00","mainEntityOfPage":{"@id":"https:\/\/dicodusport.fr\/blog\/championnats-deurope-espoirs-dathletisme-une-bonne-matinee-pour-les-francais\/"},"wordCount":664,"commentCount":0,"publisher":{"@id":"https:\/\/dicodusport.fr\/blog\/#organization"},"image":{"@id":"https:\/\/dicodusport.fr\/blog\/championnats-deurope-espoirs-dathletisme-une-bonne-matinee-pour-les-francais\/#primaryimage"},"thumbnailUrl":"https:\/\/dicodusport.fr\/blog\/wp-content\/uploads\/2021\/07\/Championnats-dEurope-espoirs-dathletisme-une-bonne-matinee-pour-les-Francais.jpg","keywords":["Championnats d'Europe espoirs d'athl\u00e9tisme","Championnats d'Europe U23 athl\u00e9tisme","Makenson Gletty"],"articleSection":["Athl\u00e9tisme"],"inLanguage":"fr-FR","potentialAction":[{"@type":"CommentAction","name":"Comment","target":["https:\/\/dicodusport.fr\/blog\/championnats-deurope-espoirs-dathletisme-une-bonne-matinee-pour-les-francais\/#respond"]}],"copyrightYear":"2021","copyrightHolder":{"@id":"https:\/\/dicodusport.fr\/blog\/#organization"}},{"@type":"WebPage","@id":"https:\/\/dicodusport.fr\/blog\/championnats-deurope-espoirs-dathletisme-une-bonne-matinee-pour-les-francais\/","url":"https:\/\/dicodusport.fr\/blog\/championnats-deurope-espoirs-dathletisme-une-bonne-matinee-pour-les-francais\/","name":"Championnats d'Europe espoirs d'athl\u00e9tisme : une bonne matin\u00e9e pour les Fran\u00e7ais","isPartOf":{"@id":"https:\/\/dicodusport.fr\/blog\/#website"},"primaryImageOfPage":{"@id":"https:\/\/dicodusport.fr\/blog\/championnats-deurope-espoirs-dathletisme-une-bonne-matinee-pour-les-francais\/#primaryimage"},"image":{"@id":"https:\/\/dicodusport.fr\/blog\/championnats-deurope-espoirs-dathletisme-une-bonne-matinee-pour-les-francais\/#primaryimage"},"thumbnailUrl":"https:\/\/dicodusport.fr\/blog\/wp-content\/uploads\/2021\/07\/Championnats-dEurope-espoirs-dathletisme-une-bonne-matinee-pour-les-Francais.jpg","datePublished":"2021-07-10T10:59:44+00:00","description":"Championnats d'Europe espoirs \u2013 C'est une belle matin\u00e9e pour les Fran\u00e7ais avant peut-\u00eatre une apr\u00e8s-midi prolifique en termes de m\u00e9dailles.","breadcrumb":{"@id":"https:\/\/dicodusport.fr\/blog\/championnats-deurope-espoirs-dathletisme-une-bonne-matinee-pour-les-francais\/#breadcrumb"},"inLanguage":"fr-FR","potentialAction":[{"@type":"ReadAction","target":["https:\/\/dicodusport.fr\/blog\/championnats-deurope-espoirs-dathletisme-une-bonne-matinee-pour-les-francais\/"]}]},{"@type":"ImageObject","inLanguage":"fr-FR","@id":"https:\/\/dicodusport.fr\/blog\/championnats-deurope-espoirs-dathletisme-une-bonne-matinee-pour-les-francais\/#primaryimage","url":"https:\/\/dicodusport.fr\/blog\/wp-content\/uploads\/2021\/07\/Championnats-dEurope-espoirs-dathletisme-une-bonne-matinee-pour-les-Francais.jpg","contentUrl":"https:\/\/dicodusport.fr\/blog\/wp-content\/uploads\/2021\/07\/Championnats-dEurope-espoirs-dathletisme-une-bonne-matinee-pour-les-Francais.jpg","width":800,"height":445,"caption":"Championnats d'Europe espoirs d'athl\u00e9tisme une bonne matin\u00e9e pour les Fran\u00e7ais"},{"@type":"BreadcrumbList","@id":"https:\/\/dicodusport.fr\/blog\/championnats-deurope-espoirs-dathletisme-une-bonne-matinee-pour-les-francais\/#breadcrumb","itemListElement":[{"@type":"ListItem","position":1,"name":"Accueil","item":"https:\/\/dicodusport.fr\/blog\/"},{"@type":"ListItem","position":2,"name":"Championnats d&rsquo;Europe espoirs d&rsquo;athl\u00e9tisme : une bonne matin\u00e9e pour les Fran\u00e7ais"}]},{"@type":"WebSite","@id":"https:\/\/dicodusport.fr\/blog\/#website","url":"https:\/\/dicodusport.fr\/blog\/","name":"Dicodusport","description":"L&#039;encyclop\u00e9die de l&#039;actualit\u00e9 sportive","publisher":{"@id":"https:\/\/dicodusport.fr\/blog\/#organization"},"potentialAction":[{"@type":"SearchAction","target":{"@type":"EntryPoint","urlTemplate":"https:\/\/dicodusport.fr\/blog\/?s={search_term_string}"},"query-input":{"@type":"PropertyValueSpecification","valueRequired":true,"valueName":"search_term_string"}}],"inLanguage":"fr-FR"},{"@type":"NewsMediaOrganization","@id":"https:\/\/dicodusport.fr\/blog\/#organization","name":"Dicodusport","url":"https:\/\/dicodusport.fr\/blog\/","logo":{"@type":"ImageObject","inLanguage":"fr-FR","@id":"https:\/\/dicodusport.fr\/blog\/#\/schema\/logo\/image\/","url":"https:\/\/dicodusport.fr\/blog\/wp-content\/uploads\/2020\/06\/cropped-LOGO-DICODUSPORT-2020-SANS-FOND-SANS-TEXTE.png","contentUrl":"https:\/\/dicodusport.fr\/blog\/wp-content\/uploads\/2020\/06\/cropped-LOGO-DICODUSPORT-2020-SANS-FOND-SANS-TEXTE.png","width":512,"height":512,"caption":"Dicodusport"},"image":{"@id":"https:\/\/dicodusport.fr\/blog\/#\/schema\/logo\/image\/"},"sameAs":["https:\/\/www.facebook.com\/dicodusport","https:\/\/x.com\/dicodusport","https:\/\/www.instagram.com\/dicodusport\/","https:\/\/www.youtube.com\/channel\/UC7V2KZ5sd3htJivAbA4ZG3w"],"description":"Dicodusport est l'encyclop\u00e9die de l'actualit\u00e9 sportive.","email":"bonjour@dicodusport.fr","legalName":"DICODUSPORT","foundingDate":"2018-01-14","vatID":"FR71834470973","taxID":"83447097300043","numberOfEmployees":{"@type":"QuantitativeValue","minValue":"1","maxValue":"10"}},{"@type":"Person","@id":"https:\/\/dicodusport.fr\/blog\/#\/schema\/person\/cce96fa88785bd8573e3d43078ac8c79","name":"Arlette Yeye","image":{"@type":"ImageObject","inLanguage":"fr-FR","@id":"https:\/\/dicodusport.fr\/blog\/#\/schema\/person\/image\/","url":"https:\/\/secure.gravatar.com\/avatar\/dca4a6239e6d708e46c45d60e160de6c?s=96&d=wp_user_avatar&r=g","contentUrl":"https:\/\/secure.gravatar.com\/avatar\/dca4a6239e6d708e46c45d60e160de6c?s=96&d=wp_user_avatar&r=g","caption":"Arlette Yeye"},"description":"Journaliste\/r\u00e9dactrice depuis septembre 2015 - Supportrice de Chelsea, j'ai pour sports de pr\u00e9dilection le handball, l'athl\u00e9tisme et le tennis. Si je tweete plus vite que mon ombre, vous pouvez aussi me retrouver les week-ends sur les playgrounds de Bruxelles pour un petit foot ou basket entre potes. Parcourir la France, l'Europe et plus si affinit\u00e9s pour suivre mes sportifs pr\u00e9f\u00e9r\u00e9s ? Mon kif ! Et c'est avec plaisir que je partage les r\u00e9sultats des sports populaires mais \u00e9galement plus confidentiels pour Dicodusport.","sameAs":["https:\/\/x.com\/https:\/\/twitter.com\/Shiclette94"],"url":"https:\/\/dicodusport.fr\/blog\/author\/arlette\/"}]}},"_links":{"self":[{"href":"https:\/\/dicodusport.fr\/blog\/wp-json\/wp\/v2\/posts\/145782","targetHints":{"allow":["GET"]}}],"collection":[{"href":"https:\/\/dicodusport.fr\/blog\/wp-json\/wp\/v2\/posts"}],"about":[{"href":"https:\/\/dicodusport.fr\/blog\/wp-json\/wp\/v2\/types\/post"}],"author":[{"embeddable":true,"href":"https:\/\/dicodusport.fr\/blog\/wp-json\/wp\/v2\/users\/12"}],"replies":[{"embeddable":true,"href":"https:\/\/dicodusport.fr\/blog\/wp-json\/wp\/v2\/comments?post=145782"}],"version-history":[{"count":0,"href":"https:\/\/dicodusport.fr\/blog\/wp-json\/wp\/v2\/posts\/145782\/revisions"}],"wp:featuredmedia":[{"embeddable":true,"href":"https:\/\/dicodusport.fr\/blog\/wp-json\/wp\/v2\/media\/145807"}],"wp:attachment":[{"href":"https:\/\/dicodusport.fr\/blog\/wp-json\/wp\/v2\/media?parent=145782"}],"wp:term":[{"taxonomy":"category","embeddable":true,"href":"https:\/\/dicodusport.fr\/blog\/wp-json\/wp\/v2\/categories?post=145782"},{"taxonomy":"post_tag","embeddable":true,"href":"https:\/\/dicodusport.fr\/blog\/wp-json\/wp\/v2\/tags?post=145782"}],"curies":[{"name":"wp","href":"https:\/\/api.w.org\/{rel}","templated":true}]}}