{"id":145852,"date":"2021-07-10T18:21:54","date_gmt":"2021-07-10T16:21:54","guid":{"rendered":"https:\/\/dicodusport.fr\/blog\/?p=145852&#038;preview=true&#038;preview_id=145852"},"modified":"2021-07-10T18:28:28","modified_gmt":"2021-07-10T16:28:28","slug":"athletisme-cyrena-samba-mayela-vice-championne-deurope-espoirs-du-100-m-haies","status":"publish","type":"post","link":"https:\/\/dicodusport.fr\/blog\/athletisme-cyrena-samba-mayela-vice-championne-deurope-espoirs-du-100-m-haies\/","title":{"rendered":"Athl\u00e9tisme : Cyr\u00e9na Samba-Mayela vice-championne d&rsquo;Europe espoirs du 100 m haies"},"content":{"rendered":"<p style=\"text-align: justify;\"><strong><em><a href=\"https:\/\/dicodusport.fr\/blog\/athletisme-championnats-deurope-espoirs-2021-calendrier-et-resultats\/\" target=\"_blank\" rel=\"noopener\">Championnats d&rsquo;Europe espoirs<\/a> \u2013 Et de 7 m\u00e9dailles pour l&rsquo;\u00e9quipe de France ! Cyr\u00e9na Samba-Mayela a remport\u00e9 la m\u00e9daille d&rsquo;argent au 100 m haies.<br \/>\n<\/em><\/strong><\/p>\n<p style=\"text-align: justify;\"><strong>Cyr\u00e9na Samba-Mayela<\/strong>, leader espoir europ\u00e9enne est tr\u00e8s bien sortie des blocs mais c&rsquo;est la Polonaise, <strong>Pia Skrzyszowska<\/strong>, 2e au ranking qui s&rsquo;impose. Apr\u00e8s la derni\u00e8re haie, elle a tr\u00e8s bien acc\u00e9l\u00e9r\u00e9 pour r\u00e9aliser son record personnel (12\u203377). Samba-Mayela remporte l&rsquo;argent en 12\u203380. Alors qu&rsquo;on pouvait esp\u00e9rer deux m\u00e9dailles pour la France, ce sont finalement les Polonaises qui r\u00e9alisent la performance, Klaudia Wojtunik remportant le bronze en 12\u203397, record personnel \u00e0 la cl\u00e9. <strong>Sacha Alessandrini<\/strong> termine 5e en 13\u203315 et <strong>Laeticia Bapt\u00e9<\/strong> 6e en 13\u203327.<\/p>\n<blockquote class=\"twitter-tweet\">\n<p dir=\"ltr\" lang=\"pl\" style=\"text-align: justify;\">Pia power! &#x1f50b;<\/p>\n<p>Gold for Pia Skrzyszowska &#x1f1f5;&#x1f1f1; in the 100m hurdles final&#8230;but only just! &#x1f947;<a href=\"https:\/\/twitter.com\/hashtag\/Tallinn2021?src=hash&amp;ref_src=twsrc%5Etfw\">#Tallinn2021<\/a> <a href=\"https:\/\/t.co\/e3MR8FOUOl\">pic.twitter.com\/e3MR8FOUOl<\/a><\/p>\n<p>\u2014 European Athletics (@EuroAthletics) <a href=\"https:\/\/twitter.com\/EuroAthletics\/status\/1413875688965279754?ref_src=twsrc%5Etfw\">July 10, 2021<\/a><\/p><\/blockquote>\n<p><script async src=\"https:\/\/platform.twitter.com\/widgets.js\" charset=\"utf-8\"><\/script><\/p>\n<h2 style=\"text-align: justify;\">Autres finales<\/h2>\n<h3 style=\"text-align: justify;\">Finale 110 m haies<\/h3>\n<p style=\"text-align: justify;\">Pas de m\u00e9daille pour les Fran\u00e7ais qui ne sont pas tr\u00e8s bien sortis des blocs. <strong>Just Kwaou-Mathey<\/strong> termine 5e en 13\u203359 et <strong>L\u00e9o El Achkar<\/strong> dernier en 13\u203392.<\/p>\n<h3 style=\"text-align: justify;\">Finale 400 m<\/h3>\n<p style=\"text-align: justify;\">Apr\u00e8s un d\u00e9part moyen, <strong>Sokhna Lacoste<\/strong> est bien revenue sur la fin de course et les derniers 200 m. \u00c0 la lutte pour la 3e place, elle finit finalement 4e en 52\u203319. Elle am\u00e9liore son<strong> record personnel<\/strong> de 12 centi\u00e8mes.<\/p>\n<p style=\"text-align: justify;\">Au couloir n\u00b08, la t\u00e2che \u00e9tait compliqu\u00e9e pour <strong>Ludovic Ouceni<\/strong>. Il a r\u00e9alis\u00e9 un bon d\u00e9but de course et craqu\u00e9 dans les 200 derniers m\u00e8tres. Il termine 6e en 45\u203393 et am\u00e9liore son <strong>record personnel<\/strong> de 16 centi\u00e8mes. \u00c0 noter que le Suisse <strong>Ricky Petrucciani<\/strong> qui s&rsquo;est impos\u00e9 en 45\u203302 efface des tablettes <strong>Leslie Djohne<\/strong>, qui d\u00e9tenait le record des championnats depuis 2003.<\/p>\n<h3>Finale saut en hauteur F<\/h3>\n<p style=\"text-align: justify;\"><strong>Juliette Perez<\/strong> a franchi 1.75 m \u00e0 son premier essai puis 1.80 m \u00e0 son deuxi\u00e8me essai. Elle n&rsquo;est pas parvenue \u00e0 franchir 1.85 m. Elle termine 9e de la finale.<\/p>\n","protected":false},"excerpt":{"rendered":"<p>Championnats d&rsquo;Europe espoirs \u2013 Et de 7 m\u00e9dailles pour l&rsquo;\u00e9quipe de France ! Cyr\u00e9na Samba-Mayela a remport\u00e9 la m\u00e9daille d&rsquo;argent au 100 m haies.<\/p>\n","protected":false},"author":12,"featured_media":145593,"comment_status":"open","ping_status":"closed","sticky":false,"template":"","format":"standard","meta":{"_acf_changed":false,"_daextam_enable_autolinks":"","footnotes":""},"categories":[2308],"tags":[17667,14537],"class_list":["post-145852","post","type-post","status-publish","format-standard","has-post-thumbnail","hentry","category-athletisme","tag-championnats-deurope-espoirs-dathletisme","tag-cyrena-samba-mayela"],"acf":[],"yoast_head":"<!-- This site is optimized with the Yoast SEO Premium plugin v26.7 (Yoast SEO v26.7) - https:\/\/yoast.com\/wordpress\/plugins\/seo\/ -->\n<title>Athl\u00e9tisme : Cyr\u00e9na Samba-Mayela vice-championne d&#039;Europe espoirs du 100 m haies<\/title>\n<meta name=\"description\" content=\"Et de 7 m\u00e9dailles pour l&#039;\u00e9quipe de France ! Cyr\u00e9na Samba-Mayela a remport\u00e9 la m\u00e9daille d&#039;argent au 100 m haies.\" \/>\n<meta name=\"robots\" content=\"index, follow, max-snippet:-1, max-image-preview:large, max-video-preview:-1\" \/>\n<link rel=\"canonical\" href=\"https:\/\/dicodusport.fr\/blog\/athletisme-cyrena-samba-mayela-vice-championne-deurope-espoirs-du-100-m-haies\/\" \/>\n<meta property=\"og:locale\" content=\"fr_FR\" \/>\n<meta property=\"og:type\" content=\"article\" \/>\n<meta property=\"og:title\" content=\"Athl\u00e9tisme : Cyr\u00e9na Samba-Mayela vice-championne d&#039;Europe espoirs du 100 m haies\" \/>\n<meta property=\"og:description\" content=\"Et de 7 m\u00e9dailles pour l&#039;\u00e9quipe de France ! Cyr\u00e9na Samba-Mayela a remport\u00e9 la m\u00e9daille d&#039;argent au 100 m haies.\" \/>\n<meta property=\"og:url\" content=\"https:\/\/dicodusport.fr\/blog\/athletisme-cyrena-samba-mayela-vice-championne-deurope-espoirs-du-100-m-haies\/\" \/>\n<meta property=\"og:site_name\" content=\"Dicodusport\" \/>\n<meta property=\"article:publisher\" content=\"https:\/\/www.facebook.com\/dicodusport\" \/>\n<meta property=\"article:published_time\" content=\"2021-07-10T16:21:54+00:00\" \/>\n<meta property=\"article:modified_time\" content=\"2021-07-10T16:28:28+00:00\" \/>\n<meta property=\"og:image\" content=\"https:\/\/dicodusport.fr\/blog\/wp-content\/uploads\/2021\/07\/Championnats-dEurope-espoirs-dathletisme-les-resultats-francais-de-la-matinee.jpg\" \/>\n\t<meta property=\"og:image:width\" content=\"800\" \/>\n\t<meta property=\"og:image:height\" content=\"445\" \/>\n\t<meta property=\"og:image:type\" content=\"image\/jpeg\" \/>\n<meta name=\"author\" content=\"Arlette Yeye\" \/>\n<meta name=\"twitter:card\" content=\"summary_large_image\" \/>\n<meta name=\"twitter:title\" content=\"Athl\u00e9tisme : Cyr\u00e9na Samba-Mayela vice-championne d&#039;Europe espoirs du 100 m haies\" \/>\n<meta name=\"twitter:creator\" content=\"@https:\/\/twitter.com\/Shiclette94\" \/>\n<meta name=\"twitter:site\" content=\"@dicodusport\" \/>\n<script type=\"application\/ld+json\" class=\"yoast-schema-graph\">{\"@context\":\"https:\/\/schema.org\",\"@graph\":[{\"@type\":\"NewsArticle\",\"@id\":\"https:\/\/dicodusport.fr\/blog\/athletisme-cyrena-samba-mayela-vice-championne-deurope-espoirs-du-100-m-haies\/#article\",\"isPartOf\":{\"@id\":\"https:\/\/dicodusport.fr\/blog\/athletisme-cyrena-samba-mayela-vice-championne-deurope-espoirs-du-100-m-haies\/\"},\"author\":{\"name\":\"Arlette Yeye\",\"@id\":\"https:\/\/dicodusport.fr\/blog\/#\/schema\/person\/cce96fa88785bd8573e3d43078ac8c79\"},\"headline\":\"Athl\u00e9tisme : Cyr\u00e9na Samba-Mayela vice-championne d&rsquo;Europe espoirs du 100 m haies\",\"datePublished\":\"2021-07-10T16:21:54+00:00\",\"dateModified\":\"2021-07-10T16:28:28+00:00\",\"mainEntityOfPage\":{\"@id\":\"https:\/\/dicodusport.fr\/blog\/athletisme-cyrena-samba-mayela-vice-championne-deurope-espoirs-du-100-m-haies\/\"},\"wordCount\":343,\"commentCount\":0,\"publisher\":{\"@id\":\"https:\/\/dicodusport.fr\/blog\/#organization\"},\"image\":{\"@id\":\"https:\/\/dicodusport.fr\/blog\/athletisme-cyrena-samba-mayela-vice-championne-deurope-espoirs-du-100-m-haies\/#primaryimage\"},\"thumbnailUrl\":\"https:\/\/dicodusport.fr\/blog\/wp-content\/uploads\/2021\/07\/Championnats-dEurope-espoirs-dathletisme-les-resultats-francais-de-la-matinee.jpg\",\"keywords\":[\"Championnats d'Europe espoirs d'athl\u00e9tisme\",\"Cyr\u00e9na Samba-Mayela\"],\"articleSection\":[\"Athl\u00e9tisme\"],\"inLanguage\":\"fr-FR\",\"potentialAction\":[{\"@type\":\"CommentAction\",\"name\":\"Comment\",\"target\":[\"https:\/\/dicodusport.fr\/blog\/athletisme-cyrena-samba-mayela-vice-championne-deurope-espoirs-du-100-m-haies\/#respond\"]}],\"copyrightYear\":\"2021\",\"copyrightHolder\":{\"@id\":\"https:\/\/dicodusport.fr\/blog\/#organization\"}},{\"@type\":\"WebPage\",\"@id\":\"https:\/\/dicodusport.fr\/blog\/athletisme-cyrena-samba-mayela-vice-championne-deurope-espoirs-du-100-m-haies\/\",\"url\":\"https:\/\/dicodusport.fr\/blog\/athletisme-cyrena-samba-mayela-vice-championne-deurope-espoirs-du-100-m-haies\/\",\"name\":\"Athl\u00e9tisme : Cyr\u00e9na Samba-Mayela vice-championne d'Europe espoirs du 100 m haies\",\"isPartOf\":{\"@id\":\"https:\/\/dicodusport.fr\/blog\/#website\"},\"primaryImageOfPage\":{\"@id\":\"https:\/\/dicodusport.fr\/blog\/athletisme-cyrena-samba-mayela-vice-championne-deurope-espoirs-du-100-m-haies\/#primaryimage\"},\"image\":{\"@id\":\"https:\/\/dicodusport.fr\/blog\/athletisme-cyrena-samba-mayela-vice-championne-deurope-espoirs-du-100-m-haies\/#primaryimage\"},\"thumbnailUrl\":\"https:\/\/dicodusport.fr\/blog\/wp-content\/uploads\/2021\/07\/Championnats-dEurope-espoirs-dathletisme-les-resultats-francais-de-la-matinee.jpg\",\"datePublished\":\"2021-07-10T16:21:54+00:00\",\"dateModified\":\"2021-07-10T16:28:28+00:00\",\"description\":\"Et de 7 m\u00e9dailles pour l'\u00e9quipe de France ! Cyr\u00e9na Samba-Mayela a remport\u00e9 la m\u00e9daille d'argent au 100 m haies.\",\"breadcrumb\":{\"@id\":\"https:\/\/dicodusport.fr\/blog\/athletisme-cyrena-samba-mayela-vice-championne-deurope-espoirs-du-100-m-haies\/#breadcrumb\"},\"inLanguage\":\"fr-FR\",\"potentialAction\":[{\"@type\":\"ReadAction\",\"target\":[\"https:\/\/dicodusport.fr\/blog\/athletisme-cyrena-samba-mayela-vice-championne-deurope-espoirs-du-100-m-haies\/\"]}]},{\"@type\":\"ImageObject\",\"inLanguage\":\"fr-FR\",\"@id\":\"https:\/\/dicodusport.fr\/blog\/athletisme-cyrena-samba-mayela-vice-championne-deurope-espoirs-du-100-m-haies\/#primaryimage\",\"url\":\"https:\/\/dicodusport.fr\/blog\/wp-content\/uploads\/2021\/07\/Championnats-dEurope-espoirs-dathletisme-les-resultats-francais-de-la-matinee.jpg\",\"contentUrl\":\"https:\/\/dicodusport.fr\/blog\/wp-content\/uploads\/2021\/07\/Championnats-dEurope-espoirs-dathletisme-les-resultats-francais-de-la-matinee.jpg\",\"width\":800,\"height\":445,\"caption\":\"Championnats d'Europe espoirs d'athl\u00e9tisme les r\u00e9sultats fran\u00e7ais de la matin\u00e9e\"},{\"@type\":\"BreadcrumbList\",\"@id\":\"https:\/\/dicodusport.fr\/blog\/athletisme-cyrena-samba-mayela-vice-championne-deurope-espoirs-du-100-m-haies\/#breadcrumb\",\"itemListElement\":[{\"@type\":\"ListItem\",\"position\":1,\"name\":\"Accueil\",\"item\":\"https:\/\/dicodusport.fr\/blog\/\"},{\"@type\":\"ListItem\",\"position\":2,\"name\":\"Athl\u00e9tisme : Cyr\u00e9na Samba-Mayela vice-championne d&rsquo;Europe espoirs du 100 m haies\"}]},{\"@type\":\"WebSite\",\"@id\":\"https:\/\/dicodusport.fr\/blog\/#website\",\"url\":\"https:\/\/dicodusport.fr\/blog\/\",\"name\":\"Dicodusport\",\"description\":\"L&#039;encyclop\u00e9die de l&#039;actualit\u00e9 sportive\",\"publisher\":{\"@id\":\"https:\/\/dicodusport.fr\/blog\/#organization\"},\"potentialAction\":[{\"@type\":\"SearchAction\",\"target\":{\"@type\":\"EntryPoint\",\"urlTemplate\":\"https:\/\/dicodusport.fr\/blog\/?s={search_term_string}\"},\"query-input\":{\"@type\":\"PropertyValueSpecification\",\"valueRequired\":true,\"valueName\":\"search_term_string\"}}],\"inLanguage\":\"fr-FR\"},{\"@type\":\"NewsMediaOrganization\",\"@id\":\"https:\/\/dicodusport.fr\/blog\/#organization\",\"name\":\"Dicodusport\",\"url\":\"https:\/\/dicodusport.fr\/blog\/\",\"logo\":{\"@type\":\"ImageObject\",\"inLanguage\":\"fr-FR\",\"@id\":\"https:\/\/dicodusport.fr\/blog\/#\/schema\/logo\/image\/\",\"url\":\"https:\/\/dicodusport.fr\/blog\/wp-content\/uploads\/2020\/06\/cropped-LOGO-DICODUSPORT-2020-SANS-FOND-SANS-TEXTE.png\",\"contentUrl\":\"https:\/\/dicodusport.fr\/blog\/wp-content\/uploads\/2020\/06\/cropped-LOGO-DICODUSPORT-2020-SANS-FOND-SANS-TEXTE.png\",\"width\":512,\"height\":512,\"caption\":\"Dicodusport\"},\"image\":{\"@id\":\"https:\/\/dicodusport.fr\/blog\/#\/schema\/logo\/image\/\"},\"sameAs\":[\"https:\/\/www.facebook.com\/dicodusport\",\"https:\/\/x.com\/dicodusport\",\"https:\/\/www.instagram.com\/dicodusport\/\",\"https:\/\/www.youtube.com\/channel\/UC7V2KZ5sd3htJivAbA4ZG3w\"],\"description\":\"Dicodusport est l'encyclop\u00e9die de l'actualit\u00e9 sportive.\",\"email\":\"bonjour@dicodusport.fr\",\"legalName\":\"DICODUSPORT\",\"foundingDate\":\"2018-01-14\",\"vatID\":\"FR71834470973\",\"taxID\":\"83447097300043\",\"numberOfEmployees\":{\"@type\":\"QuantitativeValue\",\"minValue\":\"1\",\"maxValue\":\"10\"}},{\"@type\":\"Person\",\"@id\":\"https:\/\/dicodusport.fr\/blog\/#\/schema\/person\/cce96fa88785bd8573e3d43078ac8c79\",\"name\":\"Arlette Yeye\",\"image\":{\"@type\":\"ImageObject\",\"inLanguage\":\"fr-FR\",\"@id\":\"https:\/\/dicodusport.fr\/blog\/#\/schema\/person\/image\/\",\"url\":\"https:\/\/secure.gravatar.com\/avatar\/dca4a6239e6d708e46c45d60e160de6c?s=96&d=wp_user_avatar&r=g\",\"contentUrl\":\"https:\/\/secure.gravatar.com\/avatar\/dca4a6239e6d708e46c45d60e160de6c?s=96&d=wp_user_avatar&r=g\",\"caption\":\"Arlette Yeye\"},\"description\":\"Journaliste\/r\u00e9dactrice depuis septembre 2015 - Supportrice de Chelsea, j'ai pour sports de pr\u00e9dilection le handball, l'athl\u00e9tisme et le tennis. Si je tweete plus vite que mon ombre, vous pouvez aussi me retrouver les week-ends sur les playgrounds de Bruxelles pour un petit foot ou basket entre potes. Parcourir la France, l'Europe et plus si affinit\u00e9s pour suivre mes sportifs pr\u00e9f\u00e9r\u00e9s ? Mon kif ! Et c'est avec plaisir que je partage les r\u00e9sultats des sports populaires mais \u00e9galement plus confidentiels pour Dicodusport.\",\"sameAs\":[\"https:\/\/x.com\/https:\/\/twitter.com\/Shiclette94\"],\"url\":\"https:\/\/dicodusport.fr\/blog\/author\/arlette\/\"}]}<\/script>\n<!-- \/ Yoast SEO Premium plugin. -->","yoast_head_json":{"title":"Athl\u00e9tisme : Cyr\u00e9na Samba-Mayela vice-championne d'Europe espoirs du 100 m haies","description":"Et de 7 m\u00e9dailles pour l'\u00e9quipe de France ! Cyr\u00e9na Samba-Mayela a remport\u00e9 la m\u00e9daille d'argent au 100 m haies.","robots":{"index":"index","follow":"follow","max-snippet":"max-snippet:-1","max-image-preview":"max-image-preview:large","max-video-preview":"max-video-preview:-1"},"canonical":"https:\/\/dicodusport.fr\/blog\/athletisme-cyrena-samba-mayela-vice-championne-deurope-espoirs-du-100-m-haies\/","og_locale":"fr_FR","og_type":"article","og_title":"Athl\u00e9tisme : Cyr\u00e9na Samba-Mayela vice-championne d'Europe espoirs du 100 m haies","og_description":"Et de 7 m\u00e9dailles pour l'\u00e9quipe de France ! Cyr\u00e9na Samba-Mayela a remport\u00e9 la m\u00e9daille d'argent au 100 m haies.","og_url":"https:\/\/dicodusport.fr\/blog\/athletisme-cyrena-samba-mayela-vice-championne-deurope-espoirs-du-100-m-haies\/","og_site_name":"Dicodusport","article_publisher":"https:\/\/www.facebook.com\/dicodusport","article_published_time":"2021-07-10T16:21:54+00:00","article_modified_time":"2021-07-10T16:28:28+00:00","og_image":[{"width":800,"height":445,"url":"https:\/\/dicodusport.fr\/blog\/wp-content\/uploads\/2021\/07\/Championnats-dEurope-espoirs-dathletisme-les-resultats-francais-de-la-matinee.jpg","type":"image\/jpeg"}],"author":"Arlette Yeye","twitter_card":"summary_large_image","twitter_title":"Athl\u00e9tisme : Cyr\u00e9na Samba-Mayela vice-championne d'Europe espoirs du 100 m haies","twitter_creator":"@https:\/\/twitter.com\/Shiclette94","twitter_site":"@dicodusport","schema":{"@context":"https:\/\/schema.org","@graph":[{"@type":"NewsArticle","@id":"https:\/\/dicodusport.fr\/blog\/athletisme-cyrena-samba-mayela-vice-championne-deurope-espoirs-du-100-m-haies\/#article","isPartOf":{"@id":"https:\/\/dicodusport.fr\/blog\/athletisme-cyrena-samba-mayela-vice-championne-deurope-espoirs-du-100-m-haies\/"},"author":{"name":"Arlette Yeye","@id":"https:\/\/dicodusport.fr\/blog\/#\/schema\/person\/cce96fa88785bd8573e3d43078ac8c79"},"headline":"Athl\u00e9tisme : Cyr\u00e9na Samba-Mayela vice-championne d&rsquo;Europe espoirs du 100 m haies","datePublished":"2021-07-10T16:21:54+00:00","dateModified":"2021-07-10T16:28:28+00:00","mainEntityOfPage":{"@id":"https:\/\/dicodusport.fr\/blog\/athletisme-cyrena-samba-mayela-vice-championne-deurope-espoirs-du-100-m-haies\/"},"wordCount":343,"commentCount":0,"publisher":{"@id":"https:\/\/dicodusport.fr\/blog\/#organization"},"image":{"@id":"https:\/\/dicodusport.fr\/blog\/athletisme-cyrena-samba-mayela-vice-championne-deurope-espoirs-du-100-m-haies\/#primaryimage"},"thumbnailUrl":"https:\/\/dicodusport.fr\/blog\/wp-content\/uploads\/2021\/07\/Championnats-dEurope-espoirs-dathletisme-les-resultats-francais-de-la-matinee.jpg","keywords":["Championnats d'Europe espoirs d'athl\u00e9tisme","Cyr\u00e9na Samba-Mayela"],"articleSection":["Athl\u00e9tisme"],"inLanguage":"fr-FR","potentialAction":[{"@type":"CommentAction","name":"Comment","target":["https:\/\/dicodusport.fr\/blog\/athletisme-cyrena-samba-mayela-vice-championne-deurope-espoirs-du-100-m-haies\/#respond"]}],"copyrightYear":"2021","copyrightHolder":{"@id":"https:\/\/dicodusport.fr\/blog\/#organization"}},{"@type":"WebPage","@id":"https:\/\/dicodusport.fr\/blog\/athletisme-cyrena-samba-mayela-vice-championne-deurope-espoirs-du-100-m-haies\/","url":"https:\/\/dicodusport.fr\/blog\/athletisme-cyrena-samba-mayela-vice-championne-deurope-espoirs-du-100-m-haies\/","name":"Athl\u00e9tisme : Cyr\u00e9na Samba-Mayela vice-championne d'Europe espoirs du 100 m haies","isPartOf":{"@id":"https:\/\/dicodusport.fr\/blog\/#website"},"primaryImageOfPage":{"@id":"https:\/\/dicodusport.fr\/blog\/athletisme-cyrena-samba-mayela-vice-championne-deurope-espoirs-du-100-m-haies\/#primaryimage"},"image":{"@id":"https:\/\/dicodusport.fr\/blog\/athletisme-cyrena-samba-mayela-vice-championne-deurope-espoirs-du-100-m-haies\/#primaryimage"},"thumbnailUrl":"https:\/\/dicodusport.fr\/blog\/wp-content\/uploads\/2021\/07\/Championnats-dEurope-espoirs-dathletisme-les-resultats-francais-de-la-matinee.jpg","datePublished":"2021-07-10T16:21:54+00:00","dateModified":"2021-07-10T16:28:28+00:00","description":"Et de 7 m\u00e9dailles pour l'\u00e9quipe de France ! Cyr\u00e9na Samba-Mayela a remport\u00e9 la m\u00e9daille d'argent au 100 m haies.","breadcrumb":{"@id":"https:\/\/dicodusport.fr\/blog\/athletisme-cyrena-samba-mayela-vice-championne-deurope-espoirs-du-100-m-haies\/#breadcrumb"},"inLanguage":"fr-FR","potentialAction":[{"@type":"ReadAction","target":["https:\/\/dicodusport.fr\/blog\/athletisme-cyrena-samba-mayela-vice-championne-deurope-espoirs-du-100-m-haies\/"]}]},{"@type":"ImageObject","inLanguage":"fr-FR","@id":"https:\/\/dicodusport.fr\/blog\/athletisme-cyrena-samba-mayela-vice-championne-deurope-espoirs-du-100-m-haies\/#primaryimage","url":"https:\/\/dicodusport.fr\/blog\/wp-content\/uploads\/2021\/07\/Championnats-dEurope-espoirs-dathletisme-les-resultats-francais-de-la-matinee.jpg","contentUrl":"https:\/\/dicodusport.fr\/blog\/wp-content\/uploads\/2021\/07\/Championnats-dEurope-espoirs-dathletisme-les-resultats-francais-de-la-matinee.jpg","width":800,"height":445,"caption":"Championnats d'Europe espoirs d'athl\u00e9tisme les r\u00e9sultats fran\u00e7ais de la matin\u00e9e"},{"@type":"BreadcrumbList","@id":"https:\/\/dicodusport.fr\/blog\/athletisme-cyrena-samba-mayela-vice-championne-deurope-espoirs-du-100-m-haies\/#breadcrumb","itemListElement":[{"@type":"ListItem","position":1,"name":"Accueil","item":"https:\/\/dicodusport.fr\/blog\/"},{"@type":"ListItem","position":2,"name":"Athl\u00e9tisme : Cyr\u00e9na Samba-Mayela vice-championne d&rsquo;Europe espoirs du 100 m haies"}]},{"@type":"WebSite","@id":"https:\/\/dicodusport.fr\/blog\/#website","url":"https:\/\/dicodusport.fr\/blog\/","name":"Dicodusport","description":"L&#039;encyclop\u00e9die de l&#039;actualit\u00e9 sportive","publisher":{"@id":"https:\/\/dicodusport.fr\/blog\/#organization"},"potentialAction":[{"@type":"SearchAction","target":{"@type":"EntryPoint","urlTemplate":"https:\/\/dicodusport.fr\/blog\/?s={search_term_string}"},"query-input":{"@type":"PropertyValueSpecification","valueRequired":true,"valueName":"search_term_string"}}],"inLanguage":"fr-FR"},{"@type":"NewsMediaOrganization","@id":"https:\/\/dicodusport.fr\/blog\/#organization","name":"Dicodusport","url":"https:\/\/dicodusport.fr\/blog\/","logo":{"@type":"ImageObject","inLanguage":"fr-FR","@id":"https:\/\/dicodusport.fr\/blog\/#\/schema\/logo\/image\/","url":"https:\/\/dicodusport.fr\/blog\/wp-content\/uploads\/2020\/06\/cropped-LOGO-DICODUSPORT-2020-SANS-FOND-SANS-TEXTE.png","contentUrl":"https:\/\/dicodusport.fr\/blog\/wp-content\/uploads\/2020\/06\/cropped-LOGO-DICODUSPORT-2020-SANS-FOND-SANS-TEXTE.png","width":512,"height":512,"caption":"Dicodusport"},"image":{"@id":"https:\/\/dicodusport.fr\/blog\/#\/schema\/logo\/image\/"},"sameAs":["https:\/\/www.facebook.com\/dicodusport","https:\/\/x.com\/dicodusport","https:\/\/www.instagram.com\/dicodusport\/","https:\/\/www.youtube.com\/channel\/UC7V2KZ5sd3htJivAbA4ZG3w"],"description":"Dicodusport est l'encyclop\u00e9die de l'actualit\u00e9 sportive.","email":"bonjour@dicodusport.fr","legalName":"DICODUSPORT","foundingDate":"2018-01-14","vatID":"FR71834470973","taxID":"83447097300043","numberOfEmployees":{"@type":"QuantitativeValue","minValue":"1","maxValue":"10"}},{"@type":"Person","@id":"https:\/\/dicodusport.fr\/blog\/#\/schema\/person\/cce96fa88785bd8573e3d43078ac8c79","name":"Arlette Yeye","image":{"@type":"ImageObject","inLanguage":"fr-FR","@id":"https:\/\/dicodusport.fr\/blog\/#\/schema\/person\/image\/","url":"https:\/\/secure.gravatar.com\/avatar\/dca4a6239e6d708e46c45d60e160de6c?s=96&d=wp_user_avatar&r=g","contentUrl":"https:\/\/secure.gravatar.com\/avatar\/dca4a6239e6d708e46c45d60e160de6c?s=96&d=wp_user_avatar&r=g","caption":"Arlette Yeye"},"description":"Journaliste\/r\u00e9dactrice depuis septembre 2015 - Supportrice de Chelsea, j'ai pour sports de pr\u00e9dilection le handball, l'athl\u00e9tisme et le tennis. Si je tweete plus vite que mon ombre, vous pouvez aussi me retrouver les week-ends sur les playgrounds de Bruxelles pour un petit foot ou basket entre potes. Parcourir la France, l'Europe et plus si affinit\u00e9s pour suivre mes sportifs pr\u00e9f\u00e9r\u00e9s ? Mon kif ! Et c'est avec plaisir que je partage les r\u00e9sultats des sports populaires mais \u00e9galement plus confidentiels pour Dicodusport.","sameAs":["https:\/\/x.com\/https:\/\/twitter.com\/Shiclette94"],"url":"https:\/\/dicodusport.fr\/blog\/author\/arlette\/"}]}},"_links":{"self":[{"href":"https:\/\/dicodusport.fr\/blog\/wp-json\/wp\/v2\/posts\/145852","targetHints":{"allow":["GET"]}}],"collection":[{"href":"https:\/\/dicodusport.fr\/blog\/wp-json\/wp\/v2\/posts"}],"about":[{"href":"https:\/\/dicodusport.fr\/blog\/wp-json\/wp\/v2\/types\/post"}],"author":[{"embeddable":true,"href":"https:\/\/dicodusport.fr\/blog\/wp-json\/wp\/v2\/users\/12"}],"replies":[{"embeddable":true,"href":"https:\/\/dicodusport.fr\/blog\/wp-json\/wp\/v2\/comments?post=145852"}],"version-history":[{"count":0,"href":"https:\/\/dicodusport.fr\/blog\/wp-json\/wp\/v2\/posts\/145852\/revisions"}],"wp:featuredmedia":[{"embeddable":true,"href":"https:\/\/dicodusport.fr\/blog\/wp-json\/wp\/v2\/media\/145593"}],"wp:attachment":[{"href":"https:\/\/dicodusport.fr\/blog\/wp-json\/wp\/v2\/media?parent=145852"}],"wp:term":[{"taxonomy":"category","embeddable":true,"href":"https:\/\/dicodusport.fr\/blog\/wp-json\/wp\/v2\/categories?post=145852"},{"taxonomy":"post_tag","embeddable":true,"href":"https:\/\/dicodusport.fr\/blog\/wp-json\/wp\/v2\/tags?post=145852"}],"curies":[{"name":"wp","href":"https:\/\/api.w.org\/{rel}","templated":true}]}}