{"id":145953,"date":"2021-07-10T20:28:50","date_gmt":"2021-07-10T18:28:50","guid":{"rendered":"https:\/\/dicodusport.fr\/blog\/?p=145953&#038;preview=true&#038;preview_id=145953"},"modified":"2021-07-10T22:09:51","modified_gmt":"2021-07-10T20:09:51","slug":"athletisme-ethan-cormont-champion-deurope-espoirs-du-saut-a-la-perche","status":"publish","type":"post","link":"https:\/\/dicodusport.fr\/blog\/athletisme-ethan-cormont-champion-deurope-espoirs-du-saut-a-la-perche\/","title":{"rendered":"Athl\u00e9tisme : Ethan Cormont champion d&rsquo;Europe espoirs du saut \u00e0 la perche"},"content":{"rendered":"<p style=\"text-align: justify;\"><strong><em><a href=\"https:\/\/dicodusport.fr\/blog\/athletisme-championnats-deurope-espoirs-2021-calendrier-et-resultats\/\" target=\"_blank\" rel=\"noopener\">Championnats d&rsquo;Europe espoirs<\/a> \u2013 Deuxi\u00e8me titre pour la France avec l&rsquo;or remport\u00e9 par Ethan Cormont au saut \u00e0 la perche !<\/em><\/strong><\/p>\n<p style=\"text-align: justify;\">Apr\u00e8s avoir fait l&rsquo;impasse \u00e0 5.00 m et 5.20 m, <strong>Ethan Cormont<\/strong> a franchi 5.30 m \u00e0 son premier essai avant de faire l&rsquo;impasse \u00e0 5.40 m. En franchissant 5.50 m \u00e0 son premier essai, il s&rsquo;est plac\u00e9 2e derri\u00e8re Collet. Il a pris la 1\u00e8re place devant les 2 Norv\u00e9giens en franchissant 5.60 m.<\/p>\n<p style=\"text-align: justify;\">Ils n&rsquo;\u00e9taient alors plus que 4 en lice pour 3 m\u00e9dailles. Cormont, Guttormsen et Sasma, les 3 premiers, ont fait l&rsquo;impasse \u00e0 5.65 m. Emmanouil Karalis a franchi cette barre \u00e0 son 2e essai et pris la t\u00eate du concours. Apr\u00e8s 3 \u00e9checs, le Norv\u00e9gien Lillefosse a termin\u00e9 5e.<\/p>\n<p style=\"text-align: justify;\">\u00c0 5.70 m, Guttormsen, Cormont et Sasma ont rat\u00e9 leur premier essai tandis que Karalis a fait l&rsquo;impasse. Guttormsen, 3e a aussi d\u00e9cid\u00e9 de faire l&rsquo;impasse. Ethan Cormont est une nouvelle fois retomb\u00e9 sur la barre, tout comme Ersu Sasma. Cormont a pass\u00e9 5.70 m \u00e0 son dernier essai pour reprendre la t\u00eate du concours tandis que le Turc Sasma a rat\u00e9 son dernier essai et termin\u00e9 au pied du podium.<\/p>\n<p style=\"text-align: justify;\">Guttormsen et Karalis ont rat\u00e9 leur premier essai \u00e0 5.75 m tandis que le Fran\u00e7ais a mis la pression sur ses adversaires en franchissant la barre \u00e0 son premier essai. Guttormsen a alors d\u00e9cid\u00e9 de faire l&rsquo;impasse, imit\u00e9 par Karalis.<\/p>\n<p style=\"text-align: justify;\">Malgr\u00e9 sa d\u00e9ception, Collet est venu soutenir son compatriote pour les derniers sauts. Bien au-dessus des 5.80 m,<strong> Guttormsen<\/strong> est retomb\u00e9 sur la barre et termine donc en bronze. C&rsquo;est une nouvelle fois pass\u00e9 de belle mani\u00e8re par Ethan Cormont. Karalis a lui rat\u00e9 puis refus\u00e9 son saut pour terminer deuxi\u00e8me.<\/p>\n<p style=\"text-align: justify;\">Le sourire est revenu sur le visage de Collet au moment de f\u00e9liciter <strong>Ethan Cormont<\/strong> qui l&#8217;emporte donc avec<strong> 5.80 m<\/strong>. Le champion de France 2021 devant les fr\u00e8res Lavillenie a \u00e9galement r\u00e9alis\u00e9 un nouveau <strong>record personnel<\/strong> en ext\u00e9rieur (record pr\u00e9c\u00e9dent, 5.72 m). Il avait franchi cette barre en int\u00e9rieur en f\u00e9vrier dernier.<\/p>\n<p style=\"text-align: justify;\">Le concours s&rsquo;est termin\u00e9 \u00e0 21h15 (20h15 heure fran\u00e7aise) mais les conditions \u00e9taient tr\u00e8s bonnes \u00e0 Tallinn.<\/p>\n<blockquote class=\"twitter-tweet\">\n<p dir=\"ltr\" lang=\"en\">A 5.80m clearance on his first attempt. &#x1f44c;<\/p>\n<p>Ethan Cormant &#x1f1eb;&#x1f1f7; vaults to victory at the European U23 Championships!<a href=\"https:\/\/twitter.com\/hashtag\/Tallinn2021?src=hash&amp;ref_src=twsrc%5Etfw\">#Tallinn2021<\/a><\/p>\n<p>(<a href=\"https:\/\/twitter.com\/FFAthletisme?ref_src=twsrc%5Etfw\">@FFAthletisme<\/a>) <a href=\"https:\/\/t.co\/u6olK0Jgbv\">pic.twitter.com\/u6olK0Jgbv<\/a><\/p>\n<p>\u2014 European Athletics (@EuroAthletics) <a href=\"https:\/\/twitter.com\/EuroAthletics\/status\/1413928286606999553?ref_src=twsrc%5Etfw\">July 10, 2021<\/a><\/p><\/blockquote>\n<p><script async src=\"https:\/\/platform.twitter.com\/widgets.js\" charset=\"utf-8\"><\/script><\/p>\n<p style=\"text-align: justify;\">\u00c9galement pr\u00e9sent dans cette finale, <strong>Thibaut Collet<\/strong> a termin\u00e9 6e. Apr\u00e8s avoir fait l&rsquo;impasse \u00e0 5 m et 5.20 m, il a franchi 5.30 m \u00e0 son premier essai avant de faire l&rsquo;impasse \u00e0 5.40 m. Il a franchi 5.50 m \u00e0 son premier essai pour reprendre la t\u00eate du concours. Premier \u00e9chec \u00e0 5.60 m ce qui a permis \u00e0 Pal Haugen Lillefosse de prendre la t\u00eate. Il a rat\u00e9 son 2e essai et est pass\u00e9 tout proche de r\u00e9ussir \u00e0 son dernier essai mais la barre est finalement tomb\u00e9e.<\/p>\n<h2 style=\"text-align: justify;\">Gemima Joseph en bronze au 200 m<\/h2>\n<p style=\"text-align: justify;\">Leader du ranking europ\u00e9en espoir, <strong>Gemima Joseph<\/strong> a d\u00e9but\u00e9 sa course en retrait. Elle termine finalement 3e en 22\u203397. L&rsquo;Italienne Dalia Kaddari s&rsquo;est impos\u00e9e en 22\u203364, nouvelle meilleure marque europ\u00e9enne espoirs. L&rsquo;Allemande Sophia Junk compl\u00e8te le podium avec son record personnel en 22\u203387.<\/p>\n<h2 style=\"text-align: justify;\">Les autres r\u00e9sultats<\/h2>\n<h3 style=\"text-align: justify;\">D\u00e9cathlon (5\/10)<\/h3>\n<p style=\"text-align: justify;\">Au saut en hauteur, <strong>Makenson Gletty<\/strong> a fait l&rsquo;impasse \u00e0 1.72 m, 1.75 m, 1.78 m, 1.81 m et 1.84 m Il a franchi 1.87 m et 1.90 m \u00e0 son 2e essai. Apr\u00e8s avoir fait l&rsquo;impasse \u00e0 1.93 m, il a \u00e9chou\u00e9 \u00e0 1.96 m. Il termine 4e du concours B.<\/p>\n<p style=\"text-align: justify;\">Au 400 m, il termine 6e en 51\u203377.<\/p>\n<p style=\"text-align: justify;\">\u00c0 l&rsquo;issue de cette premi\u00e8re journ\u00e9e, il est 7e avec 4050 points et 397 points de retard sur l&rsquo;Allemand Andreas Bechmann.<\/p>\n<p style=\"text-align: justify;\"><strong>Baptiste Thiery<\/strong> a fait l&rsquo;impasse \u00e0 1.72 m, 1.75 m et 1.78 m. Il a franchi 1.81 m puis a fait l&rsquo;impasse \u00e0 1.84 m. Il est mont\u00e9 au 2e rang apr\u00e8s avoir franchi 1.87 m \u00e0 son premier essai. Il a eu besoin de 2 essais \u00e0 1.90 puis a franchi 1.93 m \u00e0 son premier essai, sa meilleure barre de la saison. Il a ensuite \u00e9chou\u00e9 \u00e0 1.96 m. Il termine 2e du concours B.<\/p>\n<p style=\"text-align: justify;\">Il a am\u00e9lior\u00e9 son record personnel de 78 centi\u00e8mes au 400 m : 48\u203300. Il termine 4e.<\/p>\n<p style=\"text-align: justify;\">\u00c0 l&rsquo;issue de cette premi\u00e8re journ\u00e9e, il est 9e avec 3982 points et 465 points de retard sur l&rsquo;Allemand Andreas Bechmann.<\/p>\n<h3>Finale 5000 m H<\/h3>\n<p style=\"text-align: justify;\">Dans la finale A, au d\u00e9but de la course, les diff\u00e9rents groupes \u00e9taient assez \u00e9tir\u00e9s. La course \u00e9tait tactique. <strong>Valendin Gondouin<\/strong> 5e, a \u00e9t\u00e9 rel\u00e9gu\u00e9 \u00e0 la 9e place apr\u00e8s 3 km. <strong>Florian Le Pallec<\/strong> qui \u00e9tait en queue de peloton est remont\u00e9 \u00e0 la 5e place et termine en 13\u203256\u203374. Valentin Gondouin lui, termine 8e en 14\u203203\u203346.<\/p>\n","protected":false},"excerpt":{"rendered":"<p>Championnats d&rsquo;Europe espoirs \u2013 Deuxi\u00e8me titre pour la France avec l&rsquo;or remport\u00e9 par Ethan Cormont au saut \u00e0 la perche !<\/p>\n","protected":false},"author":12,"featured_media":145956,"comment_status":"open","ping_status":"closed","sticky":false,"template":"","format":"standard","meta":{"_acf_changed":false,"_daextam_enable_autolinks":"","footnotes":""},"categories":[2308],"tags":[17667,14537,17946,17945],"class_list":["post-145953","post","type-post","status-publish","format-standard","has-post-thumbnail","hentry","category-athletisme","tag-championnats-deurope-espoirs-dathletisme","tag-cyrena-samba-mayela","tag-gemima-joseph","tag-thibaut-collet"],"acf":[],"yoast_head":"<!-- This site is optimized with the Yoast SEO Premium plugin v26.7 (Yoast SEO v26.7) - https:\/\/yoast.com\/wordpress\/plugins\/seo\/ -->\n<title>Athl\u00e9tisme : Ethan Cormont champion d&#039;Europe espoirs du saut \u00e0 la perche<\/title>\n<meta name=\"description\" content=\"Championnats d&#039;Europe espoirs \u2013 Deuxi\u00e8me titre pour la France avec l&#039;or remport\u00e9 par Ethan Cormont au saut \u00e0 la perche !\" \/>\n<meta name=\"robots\" content=\"index, follow, max-snippet:-1, max-image-preview:large, max-video-preview:-1\" \/>\n<link rel=\"canonical\" href=\"https:\/\/dicodusport.fr\/blog\/athletisme-ethan-cormont-champion-deurope-espoirs-du-saut-a-la-perche\/\" \/>\n<meta property=\"og:locale\" content=\"fr_FR\" \/>\n<meta property=\"og:type\" content=\"article\" \/>\n<meta property=\"og:title\" content=\"Athl\u00e9tisme : Ethan Cormont champion d&#039;Europe espoirs du saut \u00e0 la perche\" \/>\n<meta property=\"og:description\" content=\"Championnats d&#039;Europe espoirs \u2013 Deuxi\u00e8me titre pour la France avec l&#039;or remport\u00e9 par Ethan Cormont au saut \u00e0 la perche !\" \/>\n<meta property=\"og:url\" content=\"https:\/\/dicodusport.fr\/blog\/athletisme-ethan-cormont-champion-deurope-espoirs-du-saut-a-la-perche\/\" \/>\n<meta property=\"og:site_name\" content=\"Dicodusport\" \/>\n<meta property=\"article:publisher\" content=\"https:\/\/www.facebook.com\/dicodusport\" \/>\n<meta property=\"article:published_time\" content=\"2021-07-10T18:28:50+00:00\" \/>\n<meta property=\"article:modified_time\" content=\"2021-07-10T20:09:51+00:00\" \/>\n<meta property=\"og:image\" content=\"https:\/\/dicodusport.fr\/blog\/wp-content\/uploads\/2021\/07\/Athletisme-Ethan-Cormont-vice-champion-dEurope-espoirs-du-saut-a-la-perche.jpg\" \/>\n\t<meta property=\"og:image:width\" content=\"800\" \/>\n\t<meta property=\"og:image:height\" content=\"445\" \/>\n\t<meta property=\"og:image:type\" content=\"image\/jpeg\" \/>\n<meta name=\"author\" content=\"Arlette Yeye\" \/>\n<meta name=\"twitter:card\" content=\"summary_large_image\" \/>\n<meta name=\"twitter:title\" content=\"Athl\u00e9tisme : Ethan Cormont champion d&#039;Europe espoirs du saut \u00e0 la perche\" \/>\n<meta name=\"twitter:creator\" content=\"@https:\/\/twitter.com\/Shiclette94\" \/>\n<meta name=\"twitter:site\" content=\"@dicodusport\" \/>\n<script type=\"application\/ld+json\" class=\"yoast-schema-graph\">{\"@context\":\"https:\/\/schema.org\",\"@graph\":[{\"@type\":\"NewsArticle\",\"@id\":\"https:\/\/dicodusport.fr\/blog\/athletisme-ethan-cormont-champion-deurope-espoirs-du-saut-a-la-perche\/#article\",\"isPartOf\":{\"@id\":\"https:\/\/dicodusport.fr\/blog\/athletisme-ethan-cormont-champion-deurope-espoirs-du-saut-a-la-perche\/\"},\"author\":{\"name\":\"Arlette Yeye\",\"@id\":\"https:\/\/dicodusport.fr\/blog\/#\/schema\/person\/cce96fa88785bd8573e3d43078ac8c79\"},\"headline\":\"Athl\u00e9tisme : Ethan Cormont champion d&rsquo;Europe espoirs du saut \u00e0 la perche\",\"datePublished\":\"2021-07-10T18:28:50+00:00\",\"dateModified\":\"2021-07-10T20:09:51+00:00\",\"mainEntityOfPage\":{\"@id\":\"https:\/\/dicodusport.fr\/blog\/athletisme-ethan-cormont-champion-deurope-espoirs-du-saut-a-la-perche\/\"},\"wordCount\":789,\"commentCount\":0,\"publisher\":{\"@id\":\"https:\/\/dicodusport.fr\/blog\/#organization\"},\"image\":{\"@id\":\"https:\/\/dicodusport.fr\/blog\/athletisme-ethan-cormont-champion-deurope-espoirs-du-saut-a-la-perche\/#primaryimage\"},\"thumbnailUrl\":\"https:\/\/dicodusport.fr\/blog\/wp-content\/uploads\/2021\/07\/Athletisme-Ethan-Cormont-vice-champion-dEurope-espoirs-du-saut-a-la-perche.jpg\",\"keywords\":[\"Championnats d'Europe espoirs d'athl\u00e9tisme\",\"Cyr\u00e9na Samba-Mayela\",\"Gemima Joseph\",\"Thibaut Collet\"],\"articleSection\":[\"Athl\u00e9tisme\"],\"inLanguage\":\"fr-FR\",\"potentialAction\":[{\"@type\":\"CommentAction\",\"name\":\"Comment\",\"target\":[\"https:\/\/dicodusport.fr\/blog\/athletisme-ethan-cormont-champion-deurope-espoirs-du-saut-a-la-perche\/#respond\"]}],\"copyrightYear\":\"2021\",\"copyrightHolder\":{\"@id\":\"https:\/\/dicodusport.fr\/blog\/#organization\"}},{\"@type\":\"WebPage\",\"@id\":\"https:\/\/dicodusport.fr\/blog\/athletisme-ethan-cormont-champion-deurope-espoirs-du-saut-a-la-perche\/\",\"url\":\"https:\/\/dicodusport.fr\/blog\/athletisme-ethan-cormont-champion-deurope-espoirs-du-saut-a-la-perche\/\",\"name\":\"Athl\u00e9tisme : Ethan Cormont champion d'Europe espoirs du saut \u00e0 la perche\",\"isPartOf\":{\"@id\":\"https:\/\/dicodusport.fr\/blog\/#website\"},\"primaryImageOfPage\":{\"@id\":\"https:\/\/dicodusport.fr\/blog\/athletisme-ethan-cormont-champion-deurope-espoirs-du-saut-a-la-perche\/#primaryimage\"},\"image\":{\"@id\":\"https:\/\/dicodusport.fr\/blog\/athletisme-ethan-cormont-champion-deurope-espoirs-du-saut-a-la-perche\/#primaryimage\"},\"thumbnailUrl\":\"https:\/\/dicodusport.fr\/blog\/wp-content\/uploads\/2021\/07\/Athletisme-Ethan-Cormont-vice-champion-dEurope-espoirs-du-saut-a-la-perche.jpg\",\"datePublished\":\"2021-07-10T18:28:50+00:00\",\"dateModified\":\"2021-07-10T20:09:51+00:00\",\"description\":\"Championnats d'Europe espoirs \u2013 Deuxi\u00e8me titre pour la France avec l'or remport\u00e9 par Ethan Cormont au saut \u00e0 la perche !\",\"breadcrumb\":{\"@id\":\"https:\/\/dicodusport.fr\/blog\/athletisme-ethan-cormont-champion-deurope-espoirs-du-saut-a-la-perche\/#breadcrumb\"},\"inLanguage\":\"fr-FR\",\"potentialAction\":[{\"@type\":\"ReadAction\",\"target\":[\"https:\/\/dicodusport.fr\/blog\/athletisme-ethan-cormont-champion-deurope-espoirs-du-saut-a-la-perche\/\"]}]},{\"@type\":\"ImageObject\",\"inLanguage\":\"fr-FR\",\"@id\":\"https:\/\/dicodusport.fr\/blog\/athletisme-ethan-cormont-champion-deurope-espoirs-du-saut-a-la-perche\/#primaryimage\",\"url\":\"https:\/\/dicodusport.fr\/blog\/wp-content\/uploads\/2021\/07\/Athletisme-Ethan-Cormont-vice-champion-dEurope-espoirs-du-saut-a-la-perche.jpg\",\"contentUrl\":\"https:\/\/dicodusport.fr\/blog\/wp-content\/uploads\/2021\/07\/Athletisme-Ethan-Cormont-vice-champion-dEurope-espoirs-du-saut-a-la-perche.jpg\",\"width\":800,\"height\":445,\"caption\":\"Athl\u00e9tisme - Ethan Cormont champion d'Europe espoirs du saut \u00e0 la perche\"},{\"@type\":\"BreadcrumbList\",\"@id\":\"https:\/\/dicodusport.fr\/blog\/athletisme-ethan-cormont-champion-deurope-espoirs-du-saut-a-la-perche\/#breadcrumb\",\"itemListElement\":[{\"@type\":\"ListItem\",\"position\":1,\"name\":\"Accueil\",\"item\":\"https:\/\/dicodusport.fr\/blog\/\"},{\"@type\":\"ListItem\",\"position\":2,\"name\":\"Athl\u00e9tisme : Ethan Cormont champion d&rsquo;Europe espoirs du saut \u00e0 la perche\"}]},{\"@type\":\"WebSite\",\"@id\":\"https:\/\/dicodusport.fr\/blog\/#website\",\"url\":\"https:\/\/dicodusport.fr\/blog\/\",\"name\":\"Dicodusport\",\"description\":\"L&#039;encyclop\u00e9die de l&#039;actualit\u00e9 sportive\",\"publisher\":{\"@id\":\"https:\/\/dicodusport.fr\/blog\/#organization\"},\"potentialAction\":[{\"@type\":\"SearchAction\",\"target\":{\"@type\":\"EntryPoint\",\"urlTemplate\":\"https:\/\/dicodusport.fr\/blog\/?s={search_term_string}\"},\"query-input\":{\"@type\":\"PropertyValueSpecification\",\"valueRequired\":true,\"valueName\":\"search_term_string\"}}],\"inLanguage\":\"fr-FR\"},{\"@type\":\"NewsMediaOrganization\",\"@id\":\"https:\/\/dicodusport.fr\/blog\/#organization\",\"name\":\"Dicodusport\",\"url\":\"https:\/\/dicodusport.fr\/blog\/\",\"logo\":{\"@type\":\"ImageObject\",\"inLanguage\":\"fr-FR\",\"@id\":\"https:\/\/dicodusport.fr\/blog\/#\/schema\/logo\/image\/\",\"url\":\"https:\/\/dicodusport.fr\/blog\/wp-content\/uploads\/2020\/06\/cropped-LOGO-DICODUSPORT-2020-SANS-FOND-SANS-TEXTE.png\",\"contentUrl\":\"https:\/\/dicodusport.fr\/blog\/wp-content\/uploads\/2020\/06\/cropped-LOGO-DICODUSPORT-2020-SANS-FOND-SANS-TEXTE.png\",\"width\":512,\"height\":512,\"caption\":\"Dicodusport\"},\"image\":{\"@id\":\"https:\/\/dicodusport.fr\/blog\/#\/schema\/logo\/image\/\"},\"sameAs\":[\"https:\/\/www.facebook.com\/dicodusport\",\"https:\/\/x.com\/dicodusport\",\"https:\/\/www.instagram.com\/dicodusport\/\",\"https:\/\/www.youtube.com\/channel\/UC7V2KZ5sd3htJivAbA4ZG3w\"],\"description\":\"Dicodusport est l'encyclop\u00e9die de l'actualit\u00e9 sportive.\",\"email\":\"bonjour@dicodusport.fr\",\"legalName\":\"DICODUSPORT\",\"foundingDate\":\"2018-01-14\",\"vatID\":\"FR71834470973\",\"taxID\":\"83447097300043\",\"numberOfEmployees\":{\"@type\":\"QuantitativeValue\",\"minValue\":\"1\",\"maxValue\":\"10\"}},{\"@type\":\"Person\",\"@id\":\"https:\/\/dicodusport.fr\/blog\/#\/schema\/person\/cce96fa88785bd8573e3d43078ac8c79\",\"name\":\"Arlette Yeye\",\"image\":{\"@type\":\"ImageObject\",\"inLanguage\":\"fr-FR\",\"@id\":\"https:\/\/dicodusport.fr\/blog\/#\/schema\/person\/image\/\",\"url\":\"https:\/\/secure.gravatar.com\/avatar\/dca4a6239e6d708e46c45d60e160de6c?s=96&d=wp_user_avatar&r=g\",\"contentUrl\":\"https:\/\/secure.gravatar.com\/avatar\/dca4a6239e6d708e46c45d60e160de6c?s=96&d=wp_user_avatar&r=g\",\"caption\":\"Arlette Yeye\"},\"description\":\"Journaliste\/r\u00e9dactrice depuis septembre 2015 - Supportrice de Chelsea, j'ai pour sports de pr\u00e9dilection le handball, l'athl\u00e9tisme et le tennis. Si je tweete plus vite que mon ombre, vous pouvez aussi me retrouver les week-ends sur les playgrounds de Bruxelles pour un petit foot ou basket entre potes. Parcourir la France, l'Europe et plus si affinit\u00e9s pour suivre mes sportifs pr\u00e9f\u00e9r\u00e9s ? Mon kif ! Et c'est avec plaisir que je partage les r\u00e9sultats des sports populaires mais \u00e9galement plus confidentiels pour Dicodusport.\",\"sameAs\":[\"https:\/\/x.com\/https:\/\/twitter.com\/Shiclette94\"],\"url\":\"https:\/\/dicodusport.fr\/blog\/author\/arlette\/\"}]}<\/script>\n<!-- \/ Yoast SEO Premium plugin. -->","yoast_head_json":{"title":"Athl\u00e9tisme : Ethan Cormont champion d'Europe espoirs du saut \u00e0 la perche","description":"Championnats d'Europe espoirs \u2013 Deuxi\u00e8me titre pour la France avec l'or remport\u00e9 par Ethan Cormont au saut \u00e0 la perche !","robots":{"index":"index","follow":"follow","max-snippet":"max-snippet:-1","max-image-preview":"max-image-preview:large","max-video-preview":"max-video-preview:-1"},"canonical":"https:\/\/dicodusport.fr\/blog\/athletisme-ethan-cormont-champion-deurope-espoirs-du-saut-a-la-perche\/","og_locale":"fr_FR","og_type":"article","og_title":"Athl\u00e9tisme : Ethan Cormont champion d'Europe espoirs du saut \u00e0 la perche","og_description":"Championnats d'Europe espoirs \u2013 Deuxi\u00e8me titre pour la France avec l'or remport\u00e9 par Ethan Cormont au saut \u00e0 la perche !","og_url":"https:\/\/dicodusport.fr\/blog\/athletisme-ethan-cormont-champion-deurope-espoirs-du-saut-a-la-perche\/","og_site_name":"Dicodusport","article_publisher":"https:\/\/www.facebook.com\/dicodusport","article_published_time":"2021-07-10T18:28:50+00:00","article_modified_time":"2021-07-10T20:09:51+00:00","og_image":[{"width":800,"height":445,"url":"https:\/\/dicodusport.fr\/blog\/wp-content\/uploads\/2021\/07\/Athletisme-Ethan-Cormont-vice-champion-dEurope-espoirs-du-saut-a-la-perche.jpg","type":"image\/jpeg"}],"author":"Arlette Yeye","twitter_card":"summary_large_image","twitter_title":"Athl\u00e9tisme : Ethan Cormont champion d'Europe espoirs du saut \u00e0 la perche","twitter_creator":"@https:\/\/twitter.com\/Shiclette94","twitter_site":"@dicodusport","schema":{"@context":"https:\/\/schema.org","@graph":[{"@type":"NewsArticle","@id":"https:\/\/dicodusport.fr\/blog\/athletisme-ethan-cormont-champion-deurope-espoirs-du-saut-a-la-perche\/#article","isPartOf":{"@id":"https:\/\/dicodusport.fr\/blog\/athletisme-ethan-cormont-champion-deurope-espoirs-du-saut-a-la-perche\/"},"author":{"name":"Arlette Yeye","@id":"https:\/\/dicodusport.fr\/blog\/#\/schema\/person\/cce96fa88785bd8573e3d43078ac8c79"},"headline":"Athl\u00e9tisme : Ethan Cormont champion d&rsquo;Europe espoirs du saut \u00e0 la perche","datePublished":"2021-07-10T18:28:50+00:00","dateModified":"2021-07-10T20:09:51+00:00","mainEntityOfPage":{"@id":"https:\/\/dicodusport.fr\/blog\/athletisme-ethan-cormont-champion-deurope-espoirs-du-saut-a-la-perche\/"},"wordCount":789,"commentCount":0,"publisher":{"@id":"https:\/\/dicodusport.fr\/blog\/#organization"},"image":{"@id":"https:\/\/dicodusport.fr\/blog\/athletisme-ethan-cormont-champion-deurope-espoirs-du-saut-a-la-perche\/#primaryimage"},"thumbnailUrl":"https:\/\/dicodusport.fr\/blog\/wp-content\/uploads\/2021\/07\/Athletisme-Ethan-Cormont-vice-champion-dEurope-espoirs-du-saut-a-la-perche.jpg","keywords":["Championnats d'Europe espoirs d'athl\u00e9tisme","Cyr\u00e9na Samba-Mayela","Gemima Joseph","Thibaut Collet"],"articleSection":["Athl\u00e9tisme"],"inLanguage":"fr-FR","potentialAction":[{"@type":"CommentAction","name":"Comment","target":["https:\/\/dicodusport.fr\/blog\/athletisme-ethan-cormont-champion-deurope-espoirs-du-saut-a-la-perche\/#respond"]}],"copyrightYear":"2021","copyrightHolder":{"@id":"https:\/\/dicodusport.fr\/blog\/#organization"}},{"@type":"WebPage","@id":"https:\/\/dicodusport.fr\/blog\/athletisme-ethan-cormont-champion-deurope-espoirs-du-saut-a-la-perche\/","url":"https:\/\/dicodusport.fr\/blog\/athletisme-ethan-cormont-champion-deurope-espoirs-du-saut-a-la-perche\/","name":"Athl\u00e9tisme : Ethan Cormont champion d'Europe espoirs du saut \u00e0 la perche","isPartOf":{"@id":"https:\/\/dicodusport.fr\/blog\/#website"},"primaryImageOfPage":{"@id":"https:\/\/dicodusport.fr\/blog\/athletisme-ethan-cormont-champion-deurope-espoirs-du-saut-a-la-perche\/#primaryimage"},"image":{"@id":"https:\/\/dicodusport.fr\/blog\/athletisme-ethan-cormont-champion-deurope-espoirs-du-saut-a-la-perche\/#primaryimage"},"thumbnailUrl":"https:\/\/dicodusport.fr\/blog\/wp-content\/uploads\/2021\/07\/Athletisme-Ethan-Cormont-vice-champion-dEurope-espoirs-du-saut-a-la-perche.jpg","datePublished":"2021-07-10T18:28:50+00:00","dateModified":"2021-07-10T20:09:51+00:00","description":"Championnats d'Europe espoirs \u2013 Deuxi\u00e8me titre pour la France avec l'or remport\u00e9 par Ethan Cormont au saut \u00e0 la perche !","breadcrumb":{"@id":"https:\/\/dicodusport.fr\/blog\/athletisme-ethan-cormont-champion-deurope-espoirs-du-saut-a-la-perche\/#breadcrumb"},"inLanguage":"fr-FR","potentialAction":[{"@type":"ReadAction","target":["https:\/\/dicodusport.fr\/blog\/athletisme-ethan-cormont-champion-deurope-espoirs-du-saut-a-la-perche\/"]}]},{"@type":"ImageObject","inLanguage":"fr-FR","@id":"https:\/\/dicodusport.fr\/blog\/athletisme-ethan-cormont-champion-deurope-espoirs-du-saut-a-la-perche\/#primaryimage","url":"https:\/\/dicodusport.fr\/blog\/wp-content\/uploads\/2021\/07\/Athletisme-Ethan-Cormont-vice-champion-dEurope-espoirs-du-saut-a-la-perche.jpg","contentUrl":"https:\/\/dicodusport.fr\/blog\/wp-content\/uploads\/2021\/07\/Athletisme-Ethan-Cormont-vice-champion-dEurope-espoirs-du-saut-a-la-perche.jpg","width":800,"height":445,"caption":"Athl\u00e9tisme - Ethan Cormont champion d'Europe espoirs du saut \u00e0 la perche"},{"@type":"BreadcrumbList","@id":"https:\/\/dicodusport.fr\/blog\/athletisme-ethan-cormont-champion-deurope-espoirs-du-saut-a-la-perche\/#breadcrumb","itemListElement":[{"@type":"ListItem","position":1,"name":"Accueil","item":"https:\/\/dicodusport.fr\/blog\/"},{"@type":"ListItem","position":2,"name":"Athl\u00e9tisme : Ethan Cormont champion d&rsquo;Europe espoirs du saut \u00e0 la perche"}]},{"@type":"WebSite","@id":"https:\/\/dicodusport.fr\/blog\/#website","url":"https:\/\/dicodusport.fr\/blog\/","name":"Dicodusport","description":"L&#039;encyclop\u00e9die de l&#039;actualit\u00e9 sportive","publisher":{"@id":"https:\/\/dicodusport.fr\/blog\/#organization"},"potentialAction":[{"@type":"SearchAction","target":{"@type":"EntryPoint","urlTemplate":"https:\/\/dicodusport.fr\/blog\/?s={search_term_string}"},"query-input":{"@type":"PropertyValueSpecification","valueRequired":true,"valueName":"search_term_string"}}],"inLanguage":"fr-FR"},{"@type":"NewsMediaOrganization","@id":"https:\/\/dicodusport.fr\/blog\/#organization","name":"Dicodusport","url":"https:\/\/dicodusport.fr\/blog\/","logo":{"@type":"ImageObject","inLanguage":"fr-FR","@id":"https:\/\/dicodusport.fr\/blog\/#\/schema\/logo\/image\/","url":"https:\/\/dicodusport.fr\/blog\/wp-content\/uploads\/2020\/06\/cropped-LOGO-DICODUSPORT-2020-SANS-FOND-SANS-TEXTE.png","contentUrl":"https:\/\/dicodusport.fr\/blog\/wp-content\/uploads\/2020\/06\/cropped-LOGO-DICODUSPORT-2020-SANS-FOND-SANS-TEXTE.png","width":512,"height":512,"caption":"Dicodusport"},"image":{"@id":"https:\/\/dicodusport.fr\/blog\/#\/schema\/logo\/image\/"},"sameAs":["https:\/\/www.facebook.com\/dicodusport","https:\/\/x.com\/dicodusport","https:\/\/www.instagram.com\/dicodusport\/","https:\/\/www.youtube.com\/channel\/UC7V2KZ5sd3htJivAbA4ZG3w"],"description":"Dicodusport est l'encyclop\u00e9die de l'actualit\u00e9 sportive.","email":"bonjour@dicodusport.fr","legalName":"DICODUSPORT","foundingDate":"2018-01-14","vatID":"FR71834470973","taxID":"83447097300043","numberOfEmployees":{"@type":"QuantitativeValue","minValue":"1","maxValue":"10"}},{"@type":"Person","@id":"https:\/\/dicodusport.fr\/blog\/#\/schema\/person\/cce96fa88785bd8573e3d43078ac8c79","name":"Arlette Yeye","image":{"@type":"ImageObject","inLanguage":"fr-FR","@id":"https:\/\/dicodusport.fr\/blog\/#\/schema\/person\/image\/","url":"https:\/\/secure.gravatar.com\/avatar\/dca4a6239e6d708e46c45d60e160de6c?s=96&d=wp_user_avatar&r=g","contentUrl":"https:\/\/secure.gravatar.com\/avatar\/dca4a6239e6d708e46c45d60e160de6c?s=96&d=wp_user_avatar&r=g","caption":"Arlette Yeye"},"description":"Journaliste\/r\u00e9dactrice depuis septembre 2015 - Supportrice de Chelsea, j'ai pour sports de pr\u00e9dilection le handball, l'athl\u00e9tisme et le tennis. Si je tweete plus vite que mon ombre, vous pouvez aussi me retrouver les week-ends sur les playgrounds de Bruxelles pour un petit foot ou basket entre potes. Parcourir la France, l'Europe et plus si affinit\u00e9s pour suivre mes sportifs pr\u00e9f\u00e9r\u00e9s ? Mon kif ! Et c'est avec plaisir que je partage les r\u00e9sultats des sports populaires mais \u00e9galement plus confidentiels pour Dicodusport.","sameAs":["https:\/\/x.com\/https:\/\/twitter.com\/Shiclette94"],"url":"https:\/\/dicodusport.fr\/blog\/author\/arlette\/"}]}},"_links":{"self":[{"href":"https:\/\/dicodusport.fr\/blog\/wp-json\/wp\/v2\/posts\/145953","targetHints":{"allow":["GET"]}}],"collection":[{"href":"https:\/\/dicodusport.fr\/blog\/wp-json\/wp\/v2\/posts"}],"about":[{"href":"https:\/\/dicodusport.fr\/blog\/wp-json\/wp\/v2\/types\/post"}],"author":[{"embeddable":true,"href":"https:\/\/dicodusport.fr\/blog\/wp-json\/wp\/v2\/users\/12"}],"replies":[{"embeddable":true,"href":"https:\/\/dicodusport.fr\/blog\/wp-json\/wp\/v2\/comments?post=145953"}],"version-history":[{"count":0,"href":"https:\/\/dicodusport.fr\/blog\/wp-json\/wp\/v2\/posts\/145953\/revisions"}],"wp:featuredmedia":[{"embeddable":true,"href":"https:\/\/dicodusport.fr\/blog\/wp-json\/wp\/v2\/media\/145956"}],"wp:attachment":[{"href":"https:\/\/dicodusport.fr\/blog\/wp-json\/wp\/v2\/media?parent=145953"}],"wp:term":[{"taxonomy":"category","embeddable":true,"href":"https:\/\/dicodusport.fr\/blog\/wp-json\/wp\/v2\/categories?post=145953"},{"taxonomy":"post_tag","embeddable":true,"href":"https:\/\/dicodusport.fr\/blog\/wp-json\/wp\/v2\/tags?post=145953"}],"curies":[{"name":"wp","href":"https:\/\/api.w.org\/{rel}","templated":true}]}}