{"id":146034,"date":"2021-07-11T08:39:52","date_gmt":"2021-07-11T06:39:52","guid":{"rendered":"https:\/\/dicodusport.fr\/blog\/?p=146034&#038;preview=true&#038;preview_id=146034"},"modified":"2021-07-11T08:39:52","modified_gmt":"2021-07-11T06:39:52","slug":"ufc-264-conor-mcgregor-se-brise-la-cheville-et-laisse-la-victoire-a-dustin-poirier","status":"publish","type":"post","link":"https:\/\/dicodusport.fr\/blog\/ufc-264-conor-mcgregor-se-brise-la-cheville-et-laisse-la-victoire-a-dustin-poirier\/","title":{"rendered":"UFC 264 : Conor McGregor se brise la cheville et laisse la victoire \u00e0 Dustin Poirier"},"content":{"rendered":"<p style=\"text-align: justify;\"><strong><em>UFC 264 &#8211; La belle entre Conor McGregor et Dustin Poirier n&rsquo;aura dur\u00e9 qu&rsquo;un round apr\u00e8s la grave blessure de l&rsquo;Irlandais.\u00a0<\/em><\/strong><\/p>\n<p style=\"text-align: justify;\">Ultra domin\u00e9 lors de la premi\u00e8re reprise,<strong> Conor McGregor<\/strong> s&rsquo;est finalement bris\u00e9 la cheville sur un low kick et a d\u00fb \u00eatre \u00e9vacu\u00e9 sur une civi\u00e8re. S&rsquo;il avait remport\u00e9 le premier combat, <strong>Dustin Poirier<\/strong> vient de le dominer \u00e0 deux reprises en 6 mois. Si ce troisi\u00e8me match laisse un go\u00fbt amer aux fans, c&rsquo;est la premi\u00e8re fois que <strong>Conor McGregor<\/strong> perd deux combats de suite, mais aussi la premi\u00e8re fois qu&rsquo;il \u00e9choue deux fois contre un m\u00eame adversaire. \u00c0 32 ans et apr\u00e8s ce double revers, on pourrait imaginer que l&rsquo;heure de la fin a sonn\u00e9, mais l&rsquo;Irlandais a d\u00e9j\u00e0 pourtant assur\u00e9 l&rsquo;inverse peu apr\u00e8s le combat.<\/p>\n<blockquote class=\"twitter-tweet\">\n<p dir=\"ltr\" lang=\"fr\">C&rsquo;EST TERRIBLE ! Conor McGregor se brise la cheville sous la pression de Dustin Poirer qui remporte cette trilogie ! Quelle fin cruelle pour le &#8230;<\/p>\n<p><a href=\"https:\/\/twitter.com\/hashtag\/RMCMMA?src=hash&amp;ref_src=twsrc%5Etfw\">#RMCMMA<\/a> <a href=\"https:\/\/t.co\/8DnVaVJMTG\">pic.twitter.com\/8DnVaVJMTG<\/a><\/p>\n<p>\u2014 RMC Sport Combat (@RMCSportCombat) <a href=\"https:\/\/twitter.com\/RMCSportCombat\/status\/1414080213923901441?ref_src=twsrc%5Etfw\">July 11, 2021<\/a><\/p><\/blockquote>\n<p><script async src=\"https:\/\/platform.twitter.com\/widgets.js\" charset=\"utf-8\"><\/script><\/p>\n","protected":false},"excerpt":{"rendered":"<p>UFC 264 &#8211; La belle entre Conor McGregor et Dustin Poirier n&rsquo;aura dur\u00e9 qu&rsquo;un round apr\u00e8s la grave blessure de l&rsquo;Irlandais.\u00a0<\/p>\n","protected":false},"author":1,"featured_media":146037,"comment_status":"open","ping_status":"closed","sticky":false,"template":"","format":"standard","meta":{"_acf_changed":false,"_daextam_enable_autolinks":"","footnotes":""},"categories":[10666],"tags":[6205,13889,1222,1224],"class_list":["post-146034","post","type-post","status-publish","format-standard","has-post-thumbnail","hentry","category-mma","tag-conor-mcgregor","tag-dustin-poirier","tag-mma","tag-ufc"],"acf":[],"yoast_head":"<!-- This site is optimized with the Yoast SEO Premium plugin v26.7 (Yoast SEO v26.7) - https:\/\/yoast.com\/wordpress\/plugins\/seo\/ -->\n<title>UFC 264 : Conor McGregor se brise la cheville et laisse la victoire \u00e0 Dustin Poirier<\/title>\n<meta name=\"description\" content=\"UFC 264 - La belle entre Conor McGregor et Dustin Poirier n&#039;aura dur\u00e9 qu&#039;un round apr\u00e8s la grave blessure de l&#039;Irlandais.\u00a0\" \/>\n<meta name=\"robots\" content=\"index, follow, max-snippet:-1, max-image-preview:large, max-video-preview:-1\" \/>\n<link rel=\"canonical\" href=\"https:\/\/dicodusport.fr\/blog\/ufc-264-conor-mcgregor-se-brise-la-cheville-et-laisse-la-victoire-a-dustin-poirier\/\" \/>\n<meta property=\"og:locale\" content=\"fr_FR\" \/>\n<meta property=\"og:type\" content=\"article\" \/>\n<meta property=\"og:title\" content=\"UFC 264 : Conor McGregor se brise la cheville et laisse la victoire \u00e0 Dustin Poirier\" \/>\n<meta property=\"og:description\" content=\"UFC 264 - La belle entre Conor McGregor et Dustin Poirier n&#039;aura dur\u00e9 qu&#039;un round apr\u00e8s la grave blessure de l&#039;Irlandais.\u00a0\" \/>\n<meta property=\"og:url\" content=\"https:\/\/dicodusport.fr\/blog\/ufc-264-conor-mcgregor-se-brise-la-cheville-et-laisse-la-victoire-a-dustin-poirier\/\" \/>\n<meta property=\"og:site_name\" content=\"Dicodusport\" \/>\n<meta property=\"article:publisher\" content=\"https:\/\/www.facebook.com\/dicodusport\" \/>\n<meta property=\"article:author\" content=\"https:\/\/www.facebook.com\/dicodusport\" \/>\n<meta property=\"article:published_time\" content=\"2021-07-11T06:39:52+00:00\" \/>\n<meta property=\"og:image\" content=\"https:\/\/dicodusport.fr\/blog\/wp-content\/uploads\/2021\/07\/UFC-264-Conor-McGregor-se-brise-la-cheville-et-laisse-la-victoire-a-Dustin-Poirier.png\" \/>\n\t<meta property=\"og:image:width\" content=\"800\" \/>\n\t<meta property=\"og:image:height\" content=\"445\" \/>\n\t<meta property=\"og:image:type\" content=\"image\/png\" \/>\n<meta name=\"author\" content=\"Nicolas Jacquemard\" \/>\n<meta name=\"twitter:card\" content=\"summary_large_image\" \/>\n<meta name=\"twitter:title\" content=\"UFC 264 : Conor McGregor se brise la cheville et laisse la victoire \u00e0 Dustin Poirier\" \/>\n<meta name=\"twitter:creator\" content=\"@https:\/\/twitter.com\/Nico_Jacquemard\" \/>\n<meta name=\"twitter:site\" content=\"@dicodusport\" \/>\n<script type=\"application\/ld+json\" class=\"yoast-schema-graph\">{\"@context\":\"https:\/\/schema.org\",\"@graph\":[{\"@type\":\"NewsArticle\",\"@id\":\"https:\/\/dicodusport.fr\/blog\/ufc-264-conor-mcgregor-se-brise-la-cheville-et-laisse-la-victoire-a-dustin-poirier\/#article\",\"isPartOf\":{\"@id\":\"https:\/\/dicodusport.fr\/blog\/ufc-264-conor-mcgregor-se-brise-la-cheville-et-laisse-la-victoire-a-dustin-poirier\/\"},\"author\":{\"name\":\"Nicolas Jacquemard\",\"@id\":\"https:\/\/dicodusport.fr\/blog\/#\/schema\/person\/55dcb50ad410894e431ed812bbb70191\"},\"headline\":\"UFC 264 : Conor McGregor se brise la cheville et laisse la victoire \u00e0 Dustin Poirier\",\"datePublished\":\"2021-07-11T06:39:52+00:00\",\"mainEntityOfPage\":{\"@id\":\"https:\/\/dicodusport.fr\/blog\/ufc-264-conor-mcgregor-se-brise-la-cheville-et-laisse-la-victoire-a-dustin-poirier\/\"},\"wordCount\":192,\"commentCount\":0,\"publisher\":{\"@id\":\"https:\/\/dicodusport.fr\/blog\/#organization\"},\"image\":{\"@id\":\"https:\/\/dicodusport.fr\/blog\/ufc-264-conor-mcgregor-se-brise-la-cheville-et-laisse-la-victoire-a-dustin-poirier\/#primaryimage\"},\"thumbnailUrl\":\"https:\/\/dicodusport.fr\/blog\/wp-content\/uploads\/2021\/07\/UFC-264-Conor-McGregor-se-brise-la-cheville-et-laisse-la-victoire-a-Dustin-Poirier.png\",\"keywords\":[\"Conor McGregor\",\"Dustin Poirier\",\"MMA\",\"UFC\"],\"articleSection\":[\"MMA\"],\"inLanguage\":\"fr-FR\",\"potentialAction\":[{\"@type\":\"CommentAction\",\"name\":\"Comment\",\"target\":[\"https:\/\/dicodusport.fr\/blog\/ufc-264-conor-mcgregor-se-brise-la-cheville-et-laisse-la-victoire-a-dustin-poirier\/#respond\"]}],\"copyrightYear\":\"2021\",\"copyrightHolder\":{\"@id\":\"https:\/\/dicodusport.fr\/blog\/#organization\"}},{\"@type\":\"WebPage\",\"@id\":\"https:\/\/dicodusport.fr\/blog\/ufc-264-conor-mcgregor-se-brise-la-cheville-et-laisse-la-victoire-a-dustin-poirier\/\",\"url\":\"https:\/\/dicodusport.fr\/blog\/ufc-264-conor-mcgregor-se-brise-la-cheville-et-laisse-la-victoire-a-dustin-poirier\/\",\"name\":\"UFC 264 : Conor McGregor se brise la cheville et laisse la victoire \u00e0 Dustin Poirier\",\"isPartOf\":{\"@id\":\"https:\/\/dicodusport.fr\/blog\/#website\"},\"primaryImageOfPage\":{\"@id\":\"https:\/\/dicodusport.fr\/blog\/ufc-264-conor-mcgregor-se-brise-la-cheville-et-laisse-la-victoire-a-dustin-poirier\/#primaryimage\"},\"image\":{\"@id\":\"https:\/\/dicodusport.fr\/blog\/ufc-264-conor-mcgregor-se-brise-la-cheville-et-laisse-la-victoire-a-dustin-poirier\/#primaryimage\"},\"thumbnailUrl\":\"https:\/\/dicodusport.fr\/blog\/wp-content\/uploads\/2021\/07\/UFC-264-Conor-McGregor-se-brise-la-cheville-et-laisse-la-victoire-a-Dustin-Poirier.png\",\"datePublished\":\"2021-07-11T06:39:52+00:00\",\"description\":\"UFC 264 - La belle entre Conor McGregor et Dustin Poirier n'aura dur\u00e9 qu'un round apr\u00e8s la grave blessure de l'Irlandais.\u00a0\",\"breadcrumb\":{\"@id\":\"https:\/\/dicodusport.fr\/blog\/ufc-264-conor-mcgregor-se-brise-la-cheville-et-laisse-la-victoire-a-dustin-poirier\/#breadcrumb\"},\"inLanguage\":\"fr-FR\",\"potentialAction\":[{\"@type\":\"ReadAction\",\"target\":[\"https:\/\/dicodusport.fr\/blog\/ufc-264-conor-mcgregor-se-brise-la-cheville-et-laisse-la-victoire-a-dustin-poirier\/\"]}]},{\"@type\":\"ImageObject\",\"inLanguage\":\"fr-FR\",\"@id\":\"https:\/\/dicodusport.fr\/blog\/ufc-264-conor-mcgregor-se-brise-la-cheville-et-laisse-la-victoire-a-dustin-poirier\/#primaryimage\",\"url\":\"https:\/\/dicodusport.fr\/blog\/wp-content\/uploads\/2021\/07\/UFC-264-Conor-McGregor-se-brise-la-cheville-et-laisse-la-victoire-a-Dustin-Poirier.png\",\"contentUrl\":\"https:\/\/dicodusport.fr\/blog\/wp-content\/uploads\/2021\/07\/UFC-264-Conor-McGregor-se-brise-la-cheville-et-laisse-la-victoire-a-Dustin-Poirier.png\",\"width\":800,\"height\":445,\"caption\":\"UFC 264 : Conor McGregor se brise la cheville et laisse la victoire \u00e0 Dustin Poirier\"},{\"@type\":\"BreadcrumbList\",\"@id\":\"https:\/\/dicodusport.fr\/blog\/ufc-264-conor-mcgregor-se-brise-la-cheville-et-laisse-la-victoire-a-dustin-poirier\/#breadcrumb\",\"itemListElement\":[{\"@type\":\"ListItem\",\"position\":1,\"name\":\"Accueil\",\"item\":\"https:\/\/dicodusport.fr\/blog\/\"},{\"@type\":\"ListItem\",\"position\":2,\"name\":\"UFC 264 : Conor McGregor se brise la cheville et laisse la victoire \u00e0 Dustin Poirier\"}]},{\"@type\":\"WebSite\",\"@id\":\"https:\/\/dicodusport.fr\/blog\/#website\",\"url\":\"https:\/\/dicodusport.fr\/blog\/\",\"name\":\"Dicodusport\",\"description\":\"L&#039;encyclop\u00e9die de l&#039;actualit\u00e9 sportive\",\"publisher\":{\"@id\":\"https:\/\/dicodusport.fr\/blog\/#organization\"},\"potentialAction\":[{\"@type\":\"SearchAction\",\"target\":{\"@type\":\"EntryPoint\",\"urlTemplate\":\"https:\/\/dicodusport.fr\/blog\/?s={search_term_string}\"},\"query-input\":{\"@type\":\"PropertyValueSpecification\",\"valueRequired\":true,\"valueName\":\"search_term_string\"}}],\"inLanguage\":\"fr-FR\"},{\"@type\":\"NewsMediaOrganization\",\"@id\":\"https:\/\/dicodusport.fr\/blog\/#organization\",\"name\":\"Dicodusport\",\"url\":\"https:\/\/dicodusport.fr\/blog\/\",\"logo\":{\"@type\":\"ImageObject\",\"inLanguage\":\"fr-FR\",\"@id\":\"https:\/\/dicodusport.fr\/blog\/#\/schema\/logo\/image\/\",\"url\":\"https:\/\/dicodusport.fr\/blog\/wp-content\/uploads\/2020\/06\/cropped-LOGO-DICODUSPORT-2020-SANS-FOND-SANS-TEXTE.png\",\"contentUrl\":\"https:\/\/dicodusport.fr\/blog\/wp-content\/uploads\/2020\/06\/cropped-LOGO-DICODUSPORT-2020-SANS-FOND-SANS-TEXTE.png\",\"width\":512,\"height\":512,\"caption\":\"Dicodusport\"},\"image\":{\"@id\":\"https:\/\/dicodusport.fr\/blog\/#\/schema\/logo\/image\/\"},\"sameAs\":[\"https:\/\/www.facebook.com\/dicodusport\",\"https:\/\/x.com\/dicodusport\",\"https:\/\/www.instagram.com\/dicodusport\/\",\"https:\/\/www.youtube.com\/channel\/UC7V2KZ5sd3htJivAbA4ZG3w\"],\"description\":\"Dicodusport est l'encyclop\u00e9die de l'actualit\u00e9 sportive.\",\"email\":\"bonjour@dicodusport.fr\",\"legalName\":\"DICODUSPORT\",\"foundingDate\":\"2018-01-14\",\"vatID\":\"FR71834470973\",\"taxID\":\"83447097300043\",\"numberOfEmployees\":{\"@type\":\"QuantitativeValue\",\"minValue\":\"1\",\"maxValue\":\"10\"}},{\"@type\":\"Person\",\"@id\":\"https:\/\/dicodusport.fr\/blog\/#\/schema\/person\/55dcb50ad410894e431ed812bbb70191\",\"name\":\"Nicolas Jacquemard\",\"image\":{\"@type\":\"ImageObject\",\"inLanguage\":\"fr-FR\",\"@id\":\"https:\/\/dicodusport.fr\/blog\/#\/schema\/person\/image\/\",\"url\":\"https:\/\/dicodusport.fr\/blog\/wp-content\/uploads\/2021\/05\/Nicolas-Jacquemard-150x150.jpeg\",\"contentUrl\":\"https:\/\/dicodusport.fr\/blog\/wp-content\/uploads\/2021\/05\/Nicolas-Jacquemard-150x150.jpeg\",\"caption\":\"Nicolas Jacquemard\"},\"description\":\"Passionn\u00e9 de sport et entrepreneur depuis mes 18 ans, la cr\u00e9ation de Dicodusport m'a sembl\u00e9 \u00e9vidente pour participer \u00e0 la m\u00e9diatisation d'un plus grand nombre de sports. Le chemin est long mais avec une \u00e9quipe des plus motiv\u00e9es et les Jeux Olympiques de Paris 2024 en point de mire, nous y arriverons ! Journaliste dans le monde du sport depuis plus de 5 ans, je traite aussi bien de football, de rugby, de biathlon que de cyclisme.\",\"sameAs\":[\"https:\/\/www.facebook.com\/dicodusport\",\"https:\/\/x.com\/https:\/\/twitter.com\/Nico_Jacquemard\"],\"url\":\"https:\/\/dicodusport.fr\/blog\/author\/dicodusport\/\"}]}<\/script>\n<!-- \/ Yoast SEO Premium plugin. -->","yoast_head_json":{"title":"UFC 264 : Conor McGregor se brise la cheville et laisse la victoire \u00e0 Dustin Poirier","description":"UFC 264 - La belle entre Conor McGregor et Dustin Poirier n'aura dur\u00e9 qu'un round apr\u00e8s la grave blessure de l'Irlandais.\u00a0","robots":{"index":"index","follow":"follow","max-snippet":"max-snippet:-1","max-image-preview":"max-image-preview:large","max-video-preview":"max-video-preview:-1"},"canonical":"https:\/\/dicodusport.fr\/blog\/ufc-264-conor-mcgregor-se-brise-la-cheville-et-laisse-la-victoire-a-dustin-poirier\/","og_locale":"fr_FR","og_type":"article","og_title":"UFC 264 : Conor McGregor se brise la cheville et laisse la victoire \u00e0 Dustin Poirier","og_description":"UFC 264 - La belle entre Conor McGregor et Dustin Poirier n'aura dur\u00e9 qu'un round apr\u00e8s la grave blessure de l'Irlandais.\u00a0","og_url":"https:\/\/dicodusport.fr\/blog\/ufc-264-conor-mcgregor-se-brise-la-cheville-et-laisse-la-victoire-a-dustin-poirier\/","og_site_name":"Dicodusport","article_publisher":"https:\/\/www.facebook.com\/dicodusport","article_author":"https:\/\/www.facebook.com\/dicodusport","article_published_time":"2021-07-11T06:39:52+00:00","og_image":[{"width":800,"height":445,"url":"https:\/\/dicodusport.fr\/blog\/wp-content\/uploads\/2021\/07\/UFC-264-Conor-McGregor-se-brise-la-cheville-et-laisse-la-victoire-a-Dustin-Poirier.png","type":"image\/png"}],"author":"Nicolas Jacquemard","twitter_card":"summary_large_image","twitter_title":"UFC 264 : Conor McGregor se brise la cheville et laisse la victoire \u00e0 Dustin Poirier","twitter_creator":"@https:\/\/twitter.com\/Nico_Jacquemard","twitter_site":"@dicodusport","schema":{"@context":"https:\/\/schema.org","@graph":[{"@type":"NewsArticle","@id":"https:\/\/dicodusport.fr\/blog\/ufc-264-conor-mcgregor-se-brise-la-cheville-et-laisse-la-victoire-a-dustin-poirier\/#article","isPartOf":{"@id":"https:\/\/dicodusport.fr\/blog\/ufc-264-conor-mcgregor-se-brise-la-cheville-et-laisse-la-victoire-a-dustin-poirier\/"},"author":{"name":"Nicolas Jacquemard","@id":"https:\/\/dicodusport.fr\/blog\/#\/schema\/person\/55dcb50ad410894e431ed812bbb70191"},"headline":"UFC 264 : Conor McGregor se brise la cheville et laisse la victoire \u00e0 Dustin Poirier","datePublished":"2021-07-11T06:39:52+00:00","mainEntityOfPage":{"@id":"https:\/\/dicodusport.fr\/blog\/ufc-264-conor-mcgregor-se-brise-la-cheville-et-laisse-la-victoire-a-dustin-poirier\/"},"wordCount":192,"commentCount":0,"publisher":{"@id":"https:\/\/dicodusport.fr\/blog\/#organization"},"image":{"@id":"https:\/\/dicodusport.fr\/blog\/ufc-264-conor-mcgregor-se-brise-la-cheville-et-laisse-la-victoire-a-dustin-poirier\/#primaryimage"},"thumbnailUrl":"https:\/\/dicodusport.fr\/blog\/wp-content\/uploads\/2021\/07\/UFC-264-Conor-McGregor-se-brise-la-cheville-et-laisse-la-victoire-a-Dustin-Poirier.png","keywords":["Conor McGregor","Dustin Poirier","MMA","UFC"],"articleSection":["MMA"],"inLanguage":"fr-FR","potentialAction":[{"@type":"CommentAction","name":"Comment","target":["https:\/\/dicodusport.fr\/blog\/ufc-264-conor-mcgregor-se-brise-la-cheville-et-laisse-la-victoire-a-dustin-poirier\/#respond"]}],"copyrightYear":"2021","copyrightHolder":{"@id":"https:\/\/dicodusport.fr\/blog\/#organization"}},{"@type":"WebPage","@id":"https:\/\/dicodusport.fr\/blog\/ufc-264-conor-mcgregor-se-brise-la-cheville-et-laisse-la-victoire-a-dustin-poirier\/","url":"https:\/\/dicodusport.fr\/blog\/ufc-264-conor-mcgregor-se-brise-la-cheville-et-laisse-la-victoire-a-dustin-poirier\/","name":"UFC 264 : Conor McGregor se brise la cheville et laisse la victoire \u00e0 Dustin Poirier","isPartOf":{"@id":"https:\/\/dicodusport.fr\/blog\/#website"},"primaryImageOfPage":{"@id":"https:\/\/dicodusport.fr\/blog\/ufc-264-conor-mcgregor-se-brise-la-cheville-et-laisse-la-victoire-a-dustin-poirier\/#primaryimage"},"image":{"@id":"https:\/\/dicodusport.fr\/blog\/ufc-264-conor-mcgregor-se-brise-la-cheville-et-laisse-la-victoire-a-dustin-poirier\/#primaryimage"},"thumbnailUrl":"https:\/\/dicodusport.fr\/blog\/wp-content\/uploads\/2021\/07\/UFC-264-Conor-McGregor-se-brise-la-cheville-et-laisse-la-victoire-a-Dustin-Poirier.png","datePublished":"2021-07-11T06:39:52+00:00","description":"UFC 264 - La belle entre Conor McGregor et Dustin Poirier n'aura dur\u00e9 qu'un round apr\u00e8s la grave blessure de l'Irlandais.\u00a0","breadcrumb":{"@id":"https:\/\/dicodusport.fr\/blog\/ufc-264-conor-mcgregor-se-brise-la-cheville-et-laisse-la-victoire-a-dustin-poirier\/#breadcrumb"},"inLanguage":"fr-FR","potentialAction":[{"@type":"ReadAction","target":["https:\/\/dicodusport.fr\/blog\/ufc-264-conor-mcgregor-se-brise-la-cheville-et-laisse-la-victoire-a-dustin-poirier\/"]}]},{"@type":"ImageObject","inLanguage":"fr-FR","@id":"https:\/\/dicodusport.fr\/blog\/ufc-264-conor-mcgregor-se-brise-la-cheville-et-laisse-la-victoire-a-dustin-poirier\/#primaryimage","url":"https:\/\/dicodusport.fr\/blog\/wp-content\/uploads\/2021\/07\/UFC-264-Conor-McGregor-se-brise-la-cheville-et-laisse-la-victoire-a-Dustin-Poirier.png","contentUrl":"https:\/\/dicodusport.fr\/blog\/wp-content\/uploads\/2021\/07\/UFC-264-Conor-McGregor-se-brise-la-cheville-et-laisse-la-victoire-a-Dustin-Poirier.png","width":800,"height":445,"caption":"UFC 264 : Conor McGregor se brise la cheville et laisse la victoire \u00e0 Dustin Poirier"},{"@type":"BreadcrumbList","@id":"https:\/\/dicodusport.fr\/blog\/ufc-264-conor-mcgregor-se-brise-la-cheville-et-laisse-la-victoire-a-dustin-poirier\/#breadcrumb","itemListElement":[{"@type":"ListItem","position":1,"name":"Accueil","item":"https:\/\/dicodusport.fr\/blog\/"},{"@type":"ListItem","position":2,"name":"UFC 264 : Conor McGregor se brise la cheville et laisse la victoire \u00e0 Dustin Poirier"}]},{"@type":"WebSite","@id":"https:\/\/dicodusport.fr\/blog\/#website","url":"https:\/\/dicodusport.fr\/blog\/","name":"Dicodusport","description":"L&#039;encyclop\u00e9die de l&#039;actualit\u00e9 sportive","publisher":{"@id":"https:\/\/dicodusport.fr\/blog\/#organization"},"potentialAction":[{"@type":"SearchAction","target":{"@type":"EntryPoint","urlTemplate":"https:\/\/dicodusport.fr\/blog\/?s={search_term_string}"},"query-input":{"@type":"PropertyValueSpecification","valueRequired":true,"valueName":"search_term_string"}}],"inLanguage":"fr-FR"},{"@type":"NewsMediaOrganization","@id":"https:\/\/dicodusport.fr\/blog\/#organization","name":"Dicodusport","url":"https:\/\/dicodusport.fr\/blog\/","logo":{"@type":"ImageObject","inLanguage":"fr-FR","@id":"https:\/\/dicodusport.fr\/blog\/#\/schema\/logo\/image\/","url":"https:\/\/dicodusport.fr\/blog\/wp-content\/uploads\/2020\/06\/cropped-LOGO-DICODUSPORT-2020-SANS-FOND-SANS-TEXTE.png","contentUrl":"https:\/\/dicodusport.fr\/blog\/wp-content\/uploads\/2020\/06\/cropped-LOGO-DICODUSPORT-2020-SANS-FOND-SANS-TEXTE.png","width":512,"height":512,"caption":"Dicodusport"},"image":{"@id":"https:\/\/dicodusport.fr\/blog\/#\/schema\/logo\/image\/"},"sameAs":["https:\/\/www.facebook.com\/dicodusport","https:\/\/x.com\/dicodusport","https:\/\/www.instagram.com\/dicodusport\/","https:\/\/www.youtube.com\/channel\/UC7V2KZ5sd3htJivAbA4ZG3w"],"description":"Dicodusport est l'encyclop\u00e9die de l'actualit\u00e9 sportive.","email":"bonjour@dicodusport.fr","legalName":"DICODUSPORT","foundingDate":"2018-01-14","vatID":"FR71834470973","taxID":"83447097300043","numberOfEmployees":{"@type":"QuantitativeValue","minValue":"1","maxValue":"10"}},{"@type":"Person","@id":"https:\/\/dicodusport.fr\/blog\/#\/schema\/person\/55dcb50ad410894e431ed812bbb70191","name":"Nicolas Jacquemard","image":{"@type":"ImageObject","inLanguage":"fr-FR","@id":"https:\/\/dicodusport.fr\/blog\/#\/schema\/person\/image\/","url":"https:\/\/dicodusport.fr\/blog\/wp-content\/uploads\/2021\/05\/Nicolas-Jacquemard-150x150.jpeg","contentUrl":"https:\/\/dicodusport.fr\/blog\/wp-content\/uploads\/2021\/05\/Nicolas-Jacquemard-150x150.jpeg","caption":"Nicolas Jacquemard"},"description":"Passionn\u00e9 de sport et entrepreneur depuis mes 18 ans, la cr\u00e9ation de Dicodusport m'a sembl\u00e9 \u00e9vidente pour participer \u00e0 la m\u00e9diatisation d'un plus grand nombre de sports. Le chemin est long mais avec une \u00e9quipe des plus motiv\u00e9es et les Jeux Olympiques de Paris 2024 en point de mire, nous y arriverons ! Journaliste dans le monde du sport depuis plus de 5 ans, je traite aussi bien de football, de rugby, de biathlon que de cyclisme.","sameAs":["https:\/\/www.facebook.com\/dicodusport","https:\/\/x.com\/https:\/\/twitter.com\/Nico_Jacquemard"],"url":"https:\/\/dicodusport.fr\/blog\/author\/dicodusport\/"}]}},"_links":{"self":[{"href":"https:\/\/dicodusport.fr\/blog\/wp-json\/wp\/v2\/posts\/146034","targetHints":{"allow":["GET"]}}],"collection":[{"href":"https:\/\/dicodusport.fr\/blog\/wp-json\/wp\/v2\/posts"}],"about":[{"href":"https:\/\/dicodusport.fr\/blog\/wp-json\/wp\/v2\/types\/post"}],"author":[{"embeddable":true,"href":"https:\/\/dicodusport.fr\/blog\/wp-json\/wp\/v2\/users\/1"}],"replies":[{"embeddable":true,"href":"https:\/\/dicodusport.fr\/blog\/wp-json\/wp\/v2\/comments?post=146034"}],"version-history":[{"count":0,"href":"https:\/\/dicodusport.fr\/blog\/wp-json\/wp\/v2\/posts\/146034\/revisions"}],"wp:featuredmedia":[{"embeddable":true,"href":"https:\/\/dicodusport.fr\/blog\/wp-json\/wp\/v2\/media\/146037"}],"wp:attachment":[{"href":"https:\/\/dicodusport.fr\/blog\/wp-json\/wp\/v2\/media?parent=146034"}],"wp:term":[{"taxonomy":"category","embeddable":true,"href":"https:\/\/dicodusport.fr\/blog\/wp-json\/wp\/v2\/categories?post=146034"},{"taxonomy":"post_tag","embeddable":true,"href":"https:\/\/dicodusport.fr\/blog\/wp-json\/wp\/v2\/tags?post=146034"}],"curies":[{"name":"wp","href":"https:\/\/api.w.org\/{rel}","templated":true}]}}