{"id":14606,"date":"2018-03-16T11:00:09","date_gmt":"2018-03-16T10:00:09","guid":{"rendered":"http:\/\/dicodusport.fr\/blog\/?p=14606"},"modified":"2018-03-16T10:35:49","modified_gmt":"2018-03-16T09:35:49","slug":"thibaut-fauconnet-premier-bilan-avant-mondiaux-montreal","status":"publish","type":"post","link":"https:\/\/dicodusport.fr\/blog\/thibaut-fauconnet-premier-bilan-avant-mondiaux-montreal\/","title":{"rendered":"Thibaut Fauconnet fait un premier bilan avant les Mondiaux de Montr\u00e9al"},"content":{"rendered":"<p class=\"western\" style=\"text-align: justify;\" align=\"justify\"><em><b>Alors que les Championnats du monde de patinage sur piste courte d\u00e9butent aujourd&rsquo;hui\u00a0\u00e0 l&rsquo;Ar\u00e9na Maurice Richard de Montr\u00e9al, nous avons rencontr\u00e9 Thibaut Fauconnet en d\u00e9but de semaine. L\u2019occasion de faire le bilan sur ses Jeux Olympiques, son objectif au Canada et ses perspectives d\u2019avenir.<\/b><\/em><\/p>\n<p class=\"western\" style=\"text-align: justify;\" align=\"justify\"><em><strong>\u00a0<\/strong><\/em><\/p>\n<h5 class=\"western\" style=\"text-align: justify;\" align=\"justify\">Bonjour Thibaut. Quels sont tes sentiments apr\u00e8s cette derni\u00e8re comp\u00e9tition olympique\u00a0?<\/h5>\n<p class=\"western\" style=\"text-align: justify;\" align=\"justify\">Le sentiment premier, c\u2019est que je suis tr\u00e8s content, car cela s\u2019est bien pass\u00e9. Les objectifs que je m\u2019\u00e9tais fix\u00e9s ont \u00e9t\u00e9 remplis. Apr\u00e8s, \u00e7a aurait pu \u00eatre mieux mais malheureusement, il y a eu les faits sur lesquels on ne va pas revenir. Mais \u00e0 peu de choses pr\u00e8s, \u00e7a aurait pu faire m\u00e9daille. Je ne regrette rien sur ma pr\u00e9paration. J\u2019\u00e9tais pr\u00eat.<\/p>\n<h5 class=\"western\" style=\"text-align: justify;\" align=\"justify\">Suite \u00e0 ta m\u00e9saventure sur le 1500m, tu as une belle cicatrice sur la l\u00e8vre. \u00c7a va mieux\u00a0?<\/h5>\n<p class=\"western\" style=\"text-align: justify;\" align=\"justify\">C\u2019est la visi\u00e8re qui a pris, elle a \u00e9t\u00e9 coup\u00e9e et moi, j\u2019ai \u00e9t\u00e9 l\u00e9g\u00e8rement coup\u00e9 sur la l\u00e8vre.<\/p>\n<h5 class=\"western\" style=\"text-align: justify;\" align=\"justify\">Tu as pu \u00e9changer avec le Cor\u00e9en apr\u00e8s la comp\u00e9tition\u00a0?<\/h5>\n<p class=\"western\" style=\"text-align: justify;\" align=\"justify\">On se conna\u00eet avec les Cor\u00e9ens et puis, il est aussi d\u00e9go\u00fbt\u00e9 que moi car il visait \u00e9galement la m\u00e9daille.<\/p>\n<h5 class=\"western\" style=\"text-align: justify;\" align=\"justify\">A ce propos, 9 coureurs dans une finale, c\u2019est assez inhabituel. L\u2019avais-tu pr\u00e9par\u00e9e comme d\u2019habitude ou as-tu d\u00fb revoir ta strat\u00e9gie\u00a0?<\/h5>\n<p class=\"western\" style=\"text-align: justify;\" align=\"justify\">Une finale \u00e0 9, c\u2019\u00e9tait une premi\u00e8re pour moi en presque 15 ans de comp\u00e9tition. Du coup, tu abordes un peu diff\u00e9remment la course et il fallait \u00eatre lucide sur le fait qu\u2019on \u00e9tait 9 et non pas 6, comme d\u2019habitude. Il fallait anticiper, pr\u00e9voir, mais tout s\u2019est produit comme je l\u2019avais pr\u00e9vu. Je voulais attendre que les mecs devant soient nerveux, comme c\u2019\u00e9tait le cas depuis le d\u00e9but des Jeux, et j\u2019ai construit ma finale l\u00e0-dessus. Et malheureusement, il s\u2019est pass\u00e9 un truc qui n\u2019\u00e9tait pas pr\u00e9visible.<\/p>\n<h5 class=\"western\" style=\"text-align: justify;\" align=\"justify\">Et sinon, est-ce que tu as eu le temps d\u2019aller voir d\u2019autres \u00e9preuves, encourager d\u2019autres Fran\u00e7ais\u00a0?<\/h5>\n<p class=\"western\" style=\"text-align: justify;\" align=\"justify\">Oui. Et l\u2019\u00e9preuve que je voulais voir absolument, c\u2019\u00e9tait la mass-start sur grande piste avec Alexis Contin. C\u2019\u00e9tait un beau spectacle et j\u2019\u00e9tais derri\u00e8re lui. D\u2019ailleurs, si j\u2019avais pu \u00eatre avec lui, je l\u2019aurais fait. J\u2019ai m\u00eame regrett\u00e9, car j\u2019aurais pu tenter la qualification l\u2019\u00e9t\u00e9 dernier en grande piste pour la Coupe du monde. Et une fois en Coupe du monde, j\u2019aurais pu tenter la qualification pour la mass-start olympique. \u00c7a marchait, \u00e7a marchait, \u00e7a ne marchait pas, \u00e7a ne marchait pas, mais j\u2019aurais d\u00fb tenter le coup.<\/p>\n<h5 class=\"western\" style=\"text-align: justify;\" align=\"justify\">Est-ce un objectif de monter sur la grande piste, comme on a pu le voir sur ces Jeux\u00a0?<\/h5>\n<p class=\"western\" style=\"text-align: justify;\" align=\"justify\">Pourquoi ne pas essayer de le faire\u00a0? Quand tu es en Hollande, et que tu t\u2019entra\u00eenes \u00e0 Heerenveen dans le Thialf (la structure o\u00f9 l\u2019anneau est autour de la patinoire d\u2019entra\u00eenement), c\u2019est pas compliqu\u00e9, tu as juste \u00e0 faire trois m\u00e8tres. Moi, il faut juste faire 1500 kilom\u00e8tres (<i>rires<\/i>). \u00c7a se construit quand m\u00eame, mais pourquoi ne pas essayer\u00a0?<\/p>\n<h5 class=\"western\" style=\"text-align: justify;\" align=\"justify\">Nous sommes \u00e0 la veille des Championnats du monde. Quel est ton objectif\u00a0?<\/h5>\n<p class=\"western\" style=\"text-align: justify;\" align=\"justify\">Forc\u00e9ment, aller chercher des podiums. Apr\u00e8s, j\u2019avoue que mentalement, c\u2019est un peu dur de se motiver. La preuve, il y a pas mal de leaders qui sont absents, car c\u2019est difficile de se remobiliser apr\u00e8s les Jeux. L\u00e0, plus \u00e7a avance et plus j\u2019ai du mal \u00e0 me mettre en mode comp\u00e9tition.<\/p>\n<h5 class=\"western\" style=\"text-align: justify;\" align=\"justify\">A la diff\u00e9rence des Jeux, le relais est-il pr\u00e9sent \u00e0 ces Championnats du monde\u00a0?<\/h5>\n<p class=\"western\" style=\"text-align: justify;\" align=\"justify\">Non, on prend les m\u00eames qu\u2019aux Jeux. On est 9\u00e8me mondial, donc non qualifi\u00e9. Pourtant, on a le niveau pour \u00eatre l\u00e0, mais on paye nos deux mauvaises courses du d\u00e9but de saison. Et encore, pas si mauvaises courses que cela\u00a0: des erreurs, des p\u00e9nalit\u00e9s ou des disqualifications. C\u2019est dommage, car on avait un gros niveau avec des jeunes impressionnants. Du coup, on n&rsquo;est que deux pr\u00e9sents ici avec Dimitri. (<i>NDLR\u00a0: Migunov qui remplace S\u00e9bastien Lepape pr\u00e9sent aux JO<\/i>).<\/p>\n<h5 class=\"western\" style=\"text-align: justify;\" align=\"justify\">Tu nous avais dit que c\u2019\u00e9tait tes derniers JO, est-ce bien le cas ?<\/h5>\n<p class=\"western\" style=\"text-align: justify;\" align=\"justify\">Pierre Vaultier (<em>NDLR: double champion olympique de snowboard cross<\/em>) avait dit\u00a0: <i>\u00ab\u00a0Il y a 2\u00a0% de chance que je sois \u00e0 P\u00e9kin.\u00a0\u00bb<\/i> Et bien, je dis pareil. Pour ce qui est de continuer, il est probable que je continue encore un an. L\u00e0, j\u2019ai encore envie et on verra ce que \u00e7a va donner l\u2019ann\u00e9e prochaine. Ce qui va \u00eatre le plus dur pour continuer, c\u2019est plus l\u2019envie que le corps. Mais pas l\u2019envie pour la comp\u00e9tition qui sera toujours l\u00e0, mais plut\u00f4t l\u2019envie aux entra\u00eenements, d\u2019aller sur la glace plusieurs fois par jour. Et l\u2019envie de faire tous les d\u00e9placements car ce ne sont pas des voyages. Donc \u00e0 voir.<\/p>\n<h5 class=\"western\" style=\"text-align: justify;\" align=\"justify\">Tu disais aussi que tu pouvais rester en \u00e9quipe de France en int\u00e9grant le staff. Ta r\u00e9flexion a-t-elle avanc\u00e9 ?<\/h5>\n<p class=\"western\" style=\"text-align: justify;\" align=\"justify\">J\u2019aimerais bien mais apr\u00e8s, ce sont des discussions avec la f\u00e9d\u00e9ration\u00a0; car ce n\u2019est pas moi qui d\u00e9cide pour le coup. On va voir comment l\u2019on peut organiser cela.<\/p>\n<h5 class=\"western\" style=\"text-align: justify;\" align=\"justify\">Si tu raccroches les patins apr\u00e8s le mondial, prendras-tu le chemin de l\u2019enseignement ou attendras-tu encore un an avant de basculer vers ton nouveau m\u00e9tier\u00a0?<\/h5>\n<p class=\"western\" style=\"text-align: justify;\" align=\"justify\">Je ne sais pas, c\u2019est encore confus. Il faut avancer les choses et les pions dans l\u2019ordre. Tout est en discussion avec la f\u00e9d\u00e9ration car il faut savoir o\u00f9 on va pour le short track fran\u00e7ais et o\u00f9 je vais moi. Et tout \u00e7a, c\u2019est li\u00e9 au projet qu\u2019eux veulent mettre en place.<\/p>\n<h5 class=\"western\" style=\"text-align: justify;\" align=\"justify\">Surtout pour les jeunes qui montent\u00a0?<\/h5>\n<p class=\"western\" style=\"text-align: justify;\" align=\"justify\">Oui, on a des jeunes qui sont vraiment tr\u00e8s bons, car ils ont fait des m\u00e9dailles aux Championnats du monde juniors. Il faut donc voir comment tout cela va \u00e9voluer. Ce qui serait d\u00e9fini pour l\u2019instant, c\u2019est que je reparte pour un an de comp\u00e9tition en am\u00e9nageant le calendrier et on verra ce qu\u2019il se passe derri\u00e8re.<\/p>\n<p align=\"justify\"><em><strong>Damien Meunier<\/strong><br \/>\n<\/em><a href=\"https:\/\/twitter.com\/Lyoson69\"><img loading=\"lazy\" decoding=\"async\" class=\"alignnone wp-image-2908\" src=\"http:\/\/dicodusport.fr\/blog\/wp-content\/uploads\/2017\/07\/logo-twitter-150x150.png\" alt=\"\" width=\"39\" height=\"39\" \/><\/a><\/p>\n<p class=\"western\" style=\"text-align: justify;\" align=\"justify\">\n","protected":false},"excerpt":{"rendered":"<p>Entre les Jeux Olympiques et les Championnats du monde, nous avons \u00e9chang\u00e9 avec Thibaut Fauconnet. Retour sur les Jeux, ses objectifs lors des, son avenir, sans langue de bois.<\/p>\n","protected":false},"author":10,"featured_media":14647,"comment_status":"open","ping_status":"closed","sticky":false,"template":"","format":"standard","meta":{"_acf_changed":false,"_daextam_enable_autolinks":"","footnotes":""},"categories":[2,2313],"tags":[4179,2646],"class_list":["post-14606","post","type-post","status-publish","format-standard","has-post-thumbnail","hentry","category-actualites","category-sports-dhiver","tag-montreal","tag-short-track"],"acf":[],"yoast_head":"<!-- This site is optimized with the Yoast SEO Premium plugin v26.7 (Yoast SEO v26.7) - https:\/\/yoast.com\/wordpress\/plugins\/seo\/ -->\n<title>Thibaut Fauconnet fait un premier bilan avant les Mondiaux de Montr\u00e9al<\/title>\n<meta name=\"description\" content=\"Entre les Jeux Olympiques et les Championnats du monde, nous avons \u00e9chang\u00e9 avec Thibaut Fauconnet. Retour sur les Jeux, ses objectifs lors des, son avenir, sans langue de bois.\" \/>\n<meta name=\"robots\" content=\"index, follow, max-snippet:-1, max-image-preview:large, max-video-preview:-1\" \/>\n<link rel=\"canonical\" href=\"https:\/\/dicodusport.fr\/blog\/thibaut-fauconnet-premier-bilan-avant-mondiaux-montreal\/\" \/>\n<meta property=\"og:locale\" content=\"fr_FR\" \/>\n<meta property=\"og:type\" content=\"article\" \/>\n<meta property=\"og:title\" content=\"Thibaut Fauconnet fait un premier bilan avant les Mondiaux de Montr\u00e9al\" \/>\n<meta property=\"og:description\" content=\"Entre les Jeux Olympiques et les Championnats du monde, nous avons \u00e9chang\u00e9 avec Thibaut Fauconnet. Retour sur les Jeux, ses objectifs lors des, son avenir, sans langue de bois.\" \/>\n<meta property=\"og:url\" content=\"https:\/\/dicodusport.fr\/blog\/thibaut-fauconnet-premier-bilan-avant-mondiaux-montreal\/\" \/>\n<meta property=\"og:site_name\" content=\"Dicodusport\" \/>\n<meta property=\"article:publisher\" content=\"https:\/\/www.facebook.com\/dicodusport\" \/>\n<meta property=\"article:published_time\" content=\"2018-03-16T10:00:09+00:00\" \/>\n<meta property=\"og:image\" content=\"https:\/\/dicodusport.fr\/blog\/wp-content\/uploads\/2018\/03\/Thibaut-Fauconnet-Montr\u00e9al.png\" \/>\n\t<meta property=\"og:image:width\" content=\"800\" \/>\n\t<meta property=\"og:image:height\" content=\"445\" \/>\n\t<meta property=\"og:image:type\" content=\"image\/png\" \/>\n<meta name=\"author\" content=\"Damien Meunier\" \/>\n<meta name=\"twitter:card\" content=\"summary_large_image\" \/>\n<meta name=\"twitter:creator\" content=\"@https:\/\/x.com\/DamienMeunier69\" \/>\n<meta name=\"twitter:site\" content=\"@dicodusport\" \/>\n<script type=\"application\/ld+json\" class=\"yoast-schema-graph\">{\"@context\":\"https:\/\/schema.org\",\"@graph\":[{\"@type\":\"NewsArticle\",\"@id\":\"https:\/\/dicodusport.fr\/blog\/thibaut-fauconnet-premier-bilan-avant-mondiaux-montreal\/#article\",\"isPartOf\":{\"@id\":\"https:\/\/dicodusport.fr\/blog\/thibaut-fauconnet-premier-bilan-avant-mondiaux-montreal\/\"},\"author\":{\"name\":\"Damien Meunier\",\"@id\":\"https:\/\/dicodusport.fr\/blog\/#\/schema\/person\/7ce262eb34bbc1847cff5f60345d4735\"},\"headline\":\"Thibaut Fauconnet fait un premier bilan avant les Mondiaux de Montr\u00e9al\",\"datePublished\":\"2018-03-16T10:00:09+00:00\",\"mainEntityOfPage\":{\"@id\":\"https:\/\/dicodusport.fr\/blog\/thibaut-fauconnet-premier-bilan-avant-mondiaux-montreal\/\"},\"wordCount\":1096,\"commentCount\":0,\"publisher\":{\"@id\":\"https:\/\/dicodusport.fr\/blog\/#organization\"},\"image\":{\"@id\":\"https:\/\/dicodusport.fr\/blog\/thibaut-fauconnet-premier-bilan-avant-mondiaux-montreal\/#primaryimage\"},\"thumbnailUrl\":\"https:\/\/dicodusport.fr\/blog\/wp-content\/uploads\/2018\/03\/Thibaut-Fauconnet-Montr\u00e9al.png\",\"keywords\":[\"Montr\u00e9al\",\"short track\"],\"articleSection\":[\"Actualit\u00e9s\",\"Sports d'hiver\"],\"inLanguage\":\"fr-FR\",\"potentialAction\":[{\"@type\":\"CommentAction\",\"name\":\"Comment\",\"target\":[\"https:\/\/dicodusport.fr\/blog\/thibaut-fauconnet-premier-bilan-avant-mondiaux-montreal\/#respond\"]}],\"copyrightYear\":\"2018\",\"copyrightHolder\":{\"@id\":\"https:\/\/dicodusport.fr\/blog\/#organization\"}},{\"@type\":\"WebPage\",\"@id\":\"https:\/\/dicodusport.fr\/blog\/thibaut-fauconnet-premier-bilan-avant-mondiaux-montreal\/\",\"url\":\"https:\/\/dicodusport.fr\/blog\/thibaut-fauconnet-premier-bilan-avant-mondiaux-montreal\/\",\"name\":\"Thibaut Fauconnet fait un premier bilan avant les Mondiaux de Montr\u00e9al\",\"isPartOf\":{\"@id\":\"https:\/\/dicodusport.fr\/blog\/#website\"},\"primaryImageOfPage\":{\"@id\":\"https:\/\/dicodusport.fr\/blog\/thibaut-fauconnet-premier-bilan-avant-mondiaux-montreal\/#primaryimage\"},\"image\":{\"@id\":\"https:\/\/dicodusport.fr\/blog\/thibaut-fauconnet-premier-bilan-avant-mondiaux-montreal\/#primaryimage\"},\"thumbnailUrl\":\"https:\/\/dicodusport.fr\/blog\/wp-content\/uploads\/2018\/03\/Thibaut-Fauconnet-Montr\u00e9al.png\",\"datePublished\":\"2018-03-16T10:00:09+00:00\",\"description\":\"Entre les Jeux Olympiques et les Championnats du monde, nous avons \u00e9chang\u00e9 avec Thibaut Fauconnet. Retour sur les Jeux, ses objectifs lors des, son avenir, sans langue de bois.\",\"breadcrumb\":{\"@id\":\"https:\/\/dicodusport.fr\/blog\/thibaut-fauconnet-premier-bilan-avant-mondiaux-montreal\/#breadcrumb\"},\"inLanguage\":\"fr-FR\",\"potentialAction\":[{\"@type\":\"ReadAction\",\"target\":[\"https:\/\/dicodusport.fr\/blog\/thibaut-fauconnet-premier-bilan-avant-mondiaux-montreal\/\"]}]},{\"@type\":\"ImageObject\",\"inLanguage\":\"fr-FR\",\"@id\":\"https:\/\/dicodusport.fr\/blog\/thibaut-fauconnet-premier-bilan-avant-mondiaux-montreal\/#primaryimage\",\"url\":\"https:\/\/dicodusport.fr\/blog\/wp-content\/uploads\/2018\/03\/Thibaut-Fauconnet-Montr\u00e9al.png\",\"contentUrl\":\"https:\/\/dicodusport.fr\/blog\/wp-content\/uploads\/2018\/03\/Thibaut-Fauconnet-Montr\u00e9al.png\",\"width\":800,\"height\":445},{\"@type\":\"BreadcrumbList\",\"@id\":\"https:\/\/dicodusport.fr\/blog\/thibaut-fauconnet-premier-bilan-avant-mondiaux-montreal\/#breadcrumb\",\"itemListElement\":[{\"@type\":\"ListItem\",\"position\":1,\"name\":\"Accueil\",\"item\":\"https:\/\/dicodusport.fr\/blog\/\"},{\"@type\":\"ListItem\",\"position\":2,\"name\":\"Thibaut Fauconnet fait un premier bilan avant les Mondiaux de Montr\u00e9al\"}]},{\"@type\":\"WebSite\",\"@id\":\"https:\/\/dicodusport.fr\/blog\/#website\",\"url\":\"https:\/\/dicodusport.fr\/blog\/\",\"name\":\"Dicodusport\",\"description\":\"L&#039;encyclop\u00e9die de l&#039;actualit\u00e9 sportive\",\"publisher\":{\"@id\":\"https:\/\/dicodusport.fr\/blog\/#organization\"},\"potentialAction\":[{\"@type\":\"SearchAction\",\"target\":{\"@type\":\"EntryPoint\",\"urlTemplate\":\"https:\/\/dicodusport.fr\/blog\/?s={search_term_string}\"},\"query-input\":{\"@type\":\"PropertyValueSpecification\",\"valueRequired\":true,\"valueName\":\"search_term_string\"}}],\"inLanguage\":\"fr-FR\"},{\"@type\":\"NewsMediaOrganization\",\"@id\":\"https:\/\/dicodusport.fr\/blog\/#organization\",\"name\":\"Dicodusport\",\"url\":\"https:\/\/dicodusport.fr\/blog\/\",\"logo\":{\"@type\":\"ImageObject\",\"inLanguage\":\"fr-FR\",\"@id\":\"https:\/\/dicodusport.fr\/blog\/#\/schema\/logo\/image\/\",\"url\":\"https:\/\/dicodusport.fr\/blog\/wp-content\/uploads\/2020\/06\/cropped-LOGO-DICODUSPORT-2020-SANS-FOND-SANS-TEXTE.png\",\"contentUrl\":\"https:\/\/dicodusport.fr\/blog\/wp-content\/uploads\/2020\/06\/cropped-LOGO-DICODUSPORT-2020-SANS-FOND-SANS-TEXTE.png\",\"width\":512,\"height\":512,\"caption\":\"Dicodusport\"},\"image\":{\"@id\":\"https:\/\/dicodusport.fr\/blog\/#\/schema\/logo\/image\/\"},\"sameAs\":[\"https:\/\/www.facebook.com\/dicodusport\",\"https:\/\/x.com\/dicodusport\",\"https:\/\/www.instagram.com\/dicodusport\/\",\"https:\/\/www.youtube.com\/channel\/UC7V2KZ5sd3htJivAbA4ZG3w\"],\"description\":\"Dicodusport est l'encyclop\u00e9die de l'actualit\u00e9 sportive.\",\"email\":\"bonjour@dicodusport.fr\",\"legalName\":\"DICODUSPORT\",\"foundingDate\":\"2018-01-14\",\"vatID\":\"FR71834470973\",\"taxID\":\"83447097300043\",\"numberOfEmployees\":{\"@type\":\"QuantitativeValue\",\"minValue\":\"1\",\"maxValue\":\"10\"}},{\"@type\":\"Person\",\"@id\":\"https:\/\/dicodusport.fr\/blog\/#\/schema\/person\/7ce262eb34bbc1847cff5f60345d4735\",\"name\":\"Damien Meunier\",\"image\":{\"@type\":\"ImageObject\",\"inLanguage\":\"fr-FR\",\"@id\":\"https:\/\/dicodusport.fr\/blog\/#\/schema\/person\/image\/\",\"url\":\"https:\/\/secure.gravatar.com\/avatar\/dfe0549a73ac21bb20dfdf302b222ba2?s=96&d=wp_user_avatar&r=g\",\"contentUrl\":\"https:\/\/secure.gravatar.com\/avatar\/dfe0549a73ac21bb20dfdf302b222ba2?s=96&d=wp_user_avatar&r=g\",\"caption\":\"Damien Meunier\"},\"description\":\"Journaliste\/r\u00e9dacteur depuis d\u00e9cembre 2016 - Amateur professionnel de sport, d\u2019abord le football, j\u2019aurais pu en faire mon m\u00e9tier. Mais bon, vous savez les \u2026 non, pas les crois\u00e9s, ils vont bien eux. Juste un manque de talent, de technique et de niveau surtout. Mais cette passion est ancr\u00e9e en moi telle la pomme dans la tarte tatin. Le c\u00f4t\u00e9 suiveur\/supporter est \u00e9videmment important au quotidien, que ce soit un soir de juillet 1998 en banlieue lyonnaise ou de juillet 2018 \u00e0 Montr\u00e9al. Car oui, depuis ma France natale, j\u2019ai migr\u00e9 outre-Atlantique, au pays des caribous. L\u00e0, le football se joue \u00e0 la main et non au pied. Et surtout, la religion sportive est plut\u00f4t froide et se joue avec une crosse. Non, ce n\u2019est pas le curling ni le Lacrosse, encore que, mais le hockey sur glace. Une autre vision, une autre culture. On troque les crudit\u00e9s devant la t\u00e9l\u00e9 pour une poutine et on s\u2019installe avec notre chandail pour suivre cela. Et en moins de temps qu\u2019il ne faut pour le dire, ou la vitesse d\u2019un slap shot de McDavid ou un arr\u00eat de la mitaine de Price, j\u2019\u00e9cris sur de l\u2019actualit\u00e9 par ici mais aussi le sport f\u00e9minin, pas assez mis en avant.\",\"sameAs\":[\"https:\/\/x.com\/https:\/\/x.com\/DamienMeunier69\"],\"url\":\"https:\/\/dicodusport.fr\/blog\/author\/damien-m\/\"}]}<\/script>\n<!-- \/ Yoast SEO Premium plugin. -->","yoast_head_json":{"title":"Thibaut Fauconnet fait un premier bilan avant les Mondiaux de Montr\u00e9al","description":"Entre les Jeux Olympiques et les Championnats du monde, nous avons \u00e9chang\u00e9 avec Thibaut Fauconnet. Retour sur les Jeux, ses objectifs lors des, son avenir, sans langue de bois.","robots":{"index":"index","follow":"follow","max-snippet":"max-snippet:-1","max-image-preview":"max-image-preview:large","max-video-preview":"max-video-preview:-1"},"canonical":"https:\/\/dicodusport.fr\/blog\/thibaut-fauconnet-premier-bilan-avant-mondiaux-montreal\/","og_locale":"fr_FR","og_type":"article","og_title":"Thibaut Fauconnet fait un premier bilan avant les Mondiaux de Montr\u00e9al","og_description":"Entre les Jeux Olympiques et les Championnats du monde, nous avons \u00e9chang\u00e9 avec Thibaut Fauconnet. Retour sur les Jeux, ses objectifs lors des, son avenir, sans langue de bois.","og_url":"https:\/\/dicodusport.fr\/blog\/thibaut-fauconnet-premier-bilan-avant-mondiaux-montreal\/","og_site_name":"Dicodusport","article_publisher":"https:\/\/www.facebook.com\/dicodusport","article_published_time":"2018-03-16T10:00:09+00:00","og_image":[{"width":800,"height":445,"url":"https:\/\/dicodusport.fr\/blog\/wp-content\/uploads\/2018\/03\/Thibaut-Fauconnet-Montr\u00e9al.png","type":"image\/png"}],"author":"Damien Meunier","twitter_card":"summary_large_image","twitter_creator":"@https:\/\/x.com\/DamienMeunier69","twitter_site":"@dicodusport","schema":{"@context":"https:\/\/schema.org","@graph":[{"@type":"NewsArticle","@id":"https:\/\/dicodusport.fr\/blog\/thibaut-fauconnet-premier-bilan-avant-mondiaux-montreal\/#article","isPartOf":{"@id":"https:\/\/dicodusport.fr\/blog\/thibaut-fauconnet-premier-bilan-avant-mondiaux-montreal\/"},"author":{"name":"Damien Meunier","@id":"https:\/\/dicodusport.fr\/blog\/#\/schema\/person\/7ce262eb34bbc1847cff5f60345d4735"},"headline":"Thibaut Fauconnet fait un premier bilan avant les Mondiaux de Montr\u00e9al","datePublished":"2018-03-16T10:00:09+00:00","mainEntityOfPage":{"@id":"https:\/\/dicodusport.fr\/blog\/thibaut-fauconnet-premier-bilan-avant-mondiaux-montreal\/"},"wordCount":1096,"commentCount":0,"publisher":{"@id":"https:\/\/dicodusport.fr\/blog\/#organization"},"image":{"@id":"https:\/\/dicodusport.fr\/blog\/thibaut-fauconnet-premier-bilan-avant-mondiaux-montreal\/#primaryimage"},"thumbnailUrl":"https:\/\/dicodusport.fr\/blog\/wp-content\/uploads\/2018\/03\/Thibaut-Fauconnet-Montr\u00e9al.png","keywords":["Montr\u00e9al","short track"],"articleSection":["Actualit\u00e9s","Sports d'hiver"],"inLanguage":"fr-FR","potentialAction":[{"@type":"CommentAction","name":"Comment","target":["https:\/\/dicodusport.fr\/blog\/thibaut-fauconnet-premier-bilan-avant-mondiaux-montreal\/#respond"]}],"copyrightYear":"2018","copyrightHolder":{"@id":"https:\/\/dicodusport.fr\/blog\/#organization"}},{"@type":"WebPage","@id":"https:\/\/dicodusport.fr\/blog\/thibaut-fauconnet-premier-bilan-avant-mondiaux-montreal\/","url":"https:\/\/dicodusport.fr\/blog\/thibaut-fauconnet-premier-bilan-avant-mondiaux-montreal\/","name":"Thibaut Fauconnet fait un premier bilan avant les Mondiaux de Montr\u00e9al","isPartOf":{"@id":"https:\/\/dicodusport.fr\/blog\/#website"},"primaryImageOfPage":{"@id":"https:\/\/dicodusport.fr\/blog\/thibaut-fauconnet-premier-bilan-avant-mondiaux-montreal\/#primaryimage"},"image":{"@id":"https:\/\/dicodusport.fr\/blog\/thibaut-fauconnet-premier-bilan-avant-mondiaux-montreal\/#primaryimage"},"thumbnailUrl":"https:\/\/dicodusport.fr\/blog\/wp-content\/uploads\/2018\/03\/Thibaut-Fauconnet-Montr\u00e9al.png","datePublished":"2018-03-16T10:00:09+00:00","description":"Entre les Jeux Olympiques et les Championnats du monde, nous avons \u00e9chang\u00e9 avec Thibaut Fauconnet. Retour sur les Jeux, ses objectifs lors des, son avenir, sans langue de bois.","breadcrumb":{"@id":"https:\/\/dicodusport.fr\/blog\/thibaut-fauconnet-premier-bilan-avant-mondiaux-montreal\/#breadcrumb"},"inLanguage":"fr-FR","potentialAction":[{"@type":"ReadAction","target":["https:\/\/dicodusport.fr\/blog\/thibaut-fauconnet-premier-bilan-avant-mondiaux-montreal\/"]}]},{"@type":"ImageObject","inLanguage":"fr-FR","@id":"https:\/\/dicodusport.fr\/blog\/thibaut-fauconnet-premier-bilan-avant-mondiaux-montreal\/#primaryimage","url":"https:\/\/dicodusport.fr\/blog\/wp-content\/uploads\/2018\/03\/Thibaut-Fauconnet-Montr\u00e9al.png","contentUrl":"https:\/\/dicodusport.fr\/blog\/wp-content\/uploads\/2018\/03\/Thibaut-Fauconnet-Montr\u00e9al.png","width":800,"height":445},{"@type":"BreadcrumbList","@id":"https:\/\/dicodusport.fr\/blog\/thibaut-fauconnet-premier-bilan-avant-mondiaux-montreal\/#breadcrumb","itemListElement":[{"@type":"ListItem","position":1,"name":"Accueil","item":"https:\/\/dicodusport.fr\/blog\/"},{"@type":"ListItem","position":2,"name":"Thibaut Fauconnet fait un premier bilan avant les Mondiaux de Montr\u00e9al"}]},{"@type":"WebSite","@id":"https:\/\/dicodusport.fr\/blog\/#website","url":"https:\/\/dicodusport.fr\/blog\/","name":"Dicodusport","description":"L&#039;encyclop\u00e9die de l&#039;actualit\u00e9 sportive","publisher":{"@id":"https:\/\/dicodusport.fr\/blog\/#organization"},"potentialAction":[{"@type":"SearchAction","target":{"@type":"EntryPoint","urlTemplate":"https:\/\/dicodusport.fr\/blog\/?s={search_term_string}"},"query-input":{"@type":"PropertyValueSpecification","valueRequired":true,"valueName":"search_term_string"}}],"inLanguage":"fr-FR"},{"@type":"NewsMediaOrganization","@id":"https:\/\/dicodusport.fr\/blog\/#organization","name":"Dicodusport","url":"https:\/\/dicodusport.fr\/blog\/","logo":{"@type":"ImageObject","inLanguage":"fr-FR","@id":"https:\/\/dicodusport.fr\/blog\/#\/schema\/logo\/image\/","url":"https:\/\/dicodusport.fr\/blog\/wp-content\/uploads\/2020\/06\/cropped-LOGO-DICODUSPORT-2020-SANS-FOND-SANS-TEXTE.png","contentUrl":"https:\/\/dicodusport.fr\/blog\/wp-content\/uploads\/2020\/06\/cropped-LOGO-DICODUSPORT-2020-SANS-FOND-SANS-TEXTE.png","width":512,"height":512,"caption":"Dicodusport"},"image":{"@id":"https:\/\/dicodusport.fr\/blog\/#\/schema\/logo\/image\/"},"sameAs":["https:\/\/www.facebook.com\/dicodusport","https:\/\/x.com\/dicodusport","https:\/\/www.instagram.com\/dicodusport\/","https:\/\/www.youtube.com\/channel\/UC7V2KZ5sd3htJivAbA4ZG3w"],"description":"Dicodusport est l'encyclop\u00e9die de l'actualit\u00e9 sportive.","email":"bonjour@dicodusport.fr","legalName":"DICODUSPORT","foundingDate":"2018-01-14","vatID":"FR71834470973","taxID":"83447097300043","numberOfEmployees":{"@type":"QuantitativeValue","minValue":"1","maxValue":"10"}},{"@type":"Person","@id":"https:\/\/dicodusport.fr\/blog\/#\/schema\/person\/7ce262eb34bbc1847cff5f60345d4735","name":"Damien Meunier","image":{"@type":"ImageObject","inLanguage":"fr-FR","@id":"https:\/\/dicodusport.fr\/blog\/#\/schema\/person\/image\/","url":"https:\/\/secure.gravatar.com\/avatar\/dfe0549a73ac21bb20dfdf302b222ba2?s=96&d=wp_user_avatar&r=g","contentUrl":"https:\/\/secure.gravatar.com\/avatar\/dfe0549a73ac21bb20dfdf302b222ba2?s=96&d=wp_user_avatar&r=g","caption":"Damien Meunier"},"description":"Journaliste\/r\u00e9dacteur depuis d\u00e9cembre 2016 - Amateur professionnel de sport, d\u2019abord le football, j\u2019aurais pu en faire mon m\u00e9tier. Mais bon, vous savez les \u2026 non, pas les crois\u00e9s, ils vont bien eux. Juste un manque de talent, de technique et de niveau surtout. Mais cette passion est ancr\u00e9e en moi telle la pomme dans la tarte tatin. Le c\u00f4t\u00e9 suiveur\/supporter est \u00e9videmment important au quotidien, que ce soit un soir de juillet 1998 en banlieue lyonnaise ou de juillet 2018 \u00e0 Montr\u00e9al. Car oui, depuis ma France natale, j\u2019ai migr\u00e9 outre-Atlantique, au pays des caribous. L\u00e0, le football se joue \u00e0 la main et non au pied. Et surtout, la religion sportive est plut\u00f4t froide et se joue avec une crosse. Non, ce n\u2019est pas le curling ni le Lacrosse, encore que, mais le hockey sur glace. Une autre vision, une autre culture. On troque les crudit\u00e9s devant la t\u00e9l\u00e9 pour une poutine et on s\u2019installe avec notre chandail pour suivre cela. Et en moins de temps qu\u2019il ne faut pour le dire, ou la vitesse d\u2019un slap shot de McDavid ou un arr\u00eat de la mitaine de Price, j\u2019\u00e9cris sur de l\u2019actualit\u00e9 par ici mais aussi le sport f\u00e9minin, pas assez mis en avant.","sameAs":["https:\/\/x.com\/https:\/\/x.com\/DamienMeunier69"],"url":"https:\/\/dicodusport.fr\/blog\/author\/damien-m\/"}]}},"_links":{"self":[{"href":"https:\/\/dicodusport.fr\/blog\/wp-json\/wp\/v2\/posts\/14606","targetHints":{"allow":["GET"]}}],"collection":[{"href":"https:\/\/dicodusport.fr\/blog\/wp-json\/wp\/v2\/posts"}],"about":[{"href":"https:\/\/dicodusport.fr\/blog\/wp-json\/wp\/v2\/types\/post"}],"author":[{"embeddable":true,"href":"https:\/\/dicodusport.fr\/blog\/wp-json\/wp\/v2\/users\/10"}],"replies":[{"embeddable":true,"href":"https:\/\/dicodusport.fr\/blog\/wp-json\/wp\/v2\/comments?post=14606"}],"version-history":[{"count":0,"href":"https:\/\/dicodusport.fr\/blog\/wp-json\/wp\/v2\/posts\/14606\/revisions"}],"wp:featuredmedia":[{"embeddable":true,"href":"https:\/\/dicodusport.fr\/blog\/wp-json\/wp\/v2\/media\/14647"}],"wp:attachment":[{"href":"https:\/\/dicodusport.fr\/blog\/wp-json\/wp\/v2\/media?parent=14606"}],"wp:term":[{"taxonomy":"category","embeddable":true,"href":"https:\/\/dicodusport.fr\/blog\/wp-json\/wp\/v2\/categories?post=14606"},{"taxonomy":"post_tag","embeddable":true,"href":"https:\/\/dicodusport.fr\/blog\/wp-json\/wp\/v2\/tags?post=14606"}],"curies":[{"name":"wp","href":"https:\/\/api.w.org\/{rel}","templated":true}]}}