{"id":146105,"date":"2021-07-11T15:35:01","date_gmt":"2021-07-11T13:35:01","guid":{"rendered":"https:\/\/dicodusport.fr\/blog\/?p=146105&#038;preview=true&#038;preview_id=146105"},"modified":"2021-07-15T16:31:19","modified_gmt":"2021-07-15T14:31:19","slug":"frayeur-pour-renaud-lavillenie-a-3-semaines-des-jo-de-tokyo","status":"publish","type":"post","link":"https:\/\/dicodusport.fr\/blog\/frayeur-pour-renaud-lavillenie-a-3-semaines-des-jo-de-tokyo\/","title":{"rendered":"Frayeur pour Renaud Lavillenie \u00e0 3 semaines des JO de Tokyo"},"content":{"rendered":"<p style=\"text-align: justify;\"><b><i>ATHL\u00c9TISME &#8211; Renaud Lavillenie a d\u00e9clar\u00e9 forfait pour le meeting de Sotteville ce dimanche, apr\u00e8s s&rsquo;\u00eatre bless\u00e9 \u00e0 la cheville \u00e0 l&rsquo;\u00e9chauffement.<\/i><\/b><\/p>\n<p style=\"text-align: justify;\">A 20 jours des qualifications de la perche des JO de Tokyo, <strong>Renaud Lavillenie<\/strong> se serait bien pass\u00e9 de cette m\u00e9saventure. Le perchiste fran\u00e7ais est mal retomb\u00e9 apr\u00e8s un saut d&rsquo;\u00e9chauffement dimanche \u00e0 Sotteville, et sa cheville s&rsquo;est d\u00e9rob\u00e9e. Apr\u00e8s un passage \u00e0 l&rsquo;infirmerie, il a pr\u00e9f\u00e9r\u00e9 d\u00e9clarer forfait pour un concours qui s&rsquo;annon\u00e7ait int\u00e9ressant avec notamment les deux Am\u00e9ricains Sam Kendricks et KC Lightfoot. Le champion olympique de Londres souffre finalement d&rsquo;une grosse entorse, comme il l&rsquo;a annonc\u00e9 lui-m\u00eame sur les r\u00e9seaux sociaux. Avant l&rsquo;\u00e9ch\u00e9ance olympique, <strong>Renaud Lavillenie<\/strong> est le deuxi\u00e8me meilleur performeur de la saison avec 6m06, derri\u00e8re Armand Duplantis.<\/p>\n<blockquote class=\"twitter-tweet\">\n<p dir=\"ltr\" lang=\"fr\">Clairement pas le sc\u00e9nario id\u00e9al pour ma derni\u00e8re comp\u00e9tition avant les JO.<br \/>\nBless\u00e9 \u00e0 la cheville gauche suite \u00e0 une mauvaise r\u00e9ception sur le tapis.<br \/>\nJe sors de la clinique avec un verdict \u00ab encourageant \u00bb: pas de fracture, une grosse entorse &#x1f64c;&#x1f3fc;.<br \/>\nLe compte \u00e0 rebours est lanc\u00e9 &#x1f44a;&#x1f3fc; <a href=\"https:\/\/t.co\/M9J9gFu5X8\">pic.twitter.com\/M9J9gFu5X8<\/a><\/p>\n<p>\u2014 Renaud LAVILLENIE (@airlavillenie) <a href=\"https:\/\/twitter.com\/airlavillenie\/status\/1414219773504860161?ref_src=twsrc%5Etfw\">July 11, 2021<\/a><\/p><\/blockquote>\n<p><script async src=\"https:\/\/platform.twitter.com\/widgets.js\" charset=\"utf-8\"><\/script><\/p>\n<ul>\n<li style=\"text-align: justify;\"><strong>\u00c0 lire aussi &#8211; <a href=\"https:\/\/dicodusport.fr\/blog\/athletisme-jeux-olympiques-de-tokyo-la-selection-francaise\/\">Athl\u00e9tisme : la s\u00e9lection fran\u00e7aise pour les JO de Tokyo<\/a><\/strong><\/li>\n<\/ul>\n","protected":false},"excerpt":{"rendered":"<p>ATHL\u00c9TISME &#8211; Renaud Lavillenie a d\u00e9clar\u00e9 forfait pour le meeting de Sotteville ce dimanche, apr\u00e8s s&rsquo;\u00eatre bless\u00e9 \u00e0 la cheville \u00e0 l&rsquo;\u00e9chauffement.<\/p>\n","protected":false},"author":1,"featured_media":146111,"comment_status":"open","ping_status":"closed","sticky":false,"template":"","format":"standard","meta":{"_acf_changed":false,"_daextam_enable_autolinks":"","footnotes":""},"categories":[2308,8433],"tags":[143,10586,1036],"class_list":["post-146105","post","type-post","status-publish","format-standard","has-post-thumbnail","hentry","category-athletisme","category-jo-tokyo-2020","tag-athletisme","tag-jo-de-tokyo","tag-renaud-lavillenie"],"acf":[],"yoast_head":"<!-- This site is optimized with the Yoast SEO Premium plugin v26.7 (Yoast SEO v26.7) - https:\/\/yoast.com\/wordpress\/plugins\/seo\/ -->\n<title>Frayeur pour Renaud Lavillenie \u00e0 3 semaines des JO de Tokyo<\/title>\n<meta name=\"description\" content=\"ATHL\u00c9TISME - Renaud Lavillenie a d\u00e9clar\u00e9 forfait pour le meeting de Sotteville ce dimanche, apr\u00e8s s&#039;\u00eatre bless\u00e9 \u00e0 la cheville \u00e0 l&#039;\u00e9chauffement.\" \/>\n<meta name=\"robots\" content=\"index, follow, max-snippet:-1, max-image-preview:large, max-video-preview:-1\" \/>\n<link rel=\"canonical\" href=\"https:\/\/dicodusport.fr\/blog\/frayeur-pour-renaud-lavillenie-a-3-semaines-des-jo-de-tokyo\/\" \/>\n<meta property=\"og:locale\" content=\"fr_FR\" \/>\n<meta property=\"og:type\" content=\"article\" \/>\n<meta property=\"og:title\" content=\"Frayeur pour Renaud Lavillenie \u00e0 3 semaines des JO de Tokyo\" \/>\n<meta property=\"og:description\" content=\"ATHL\u00c9TISME - Renaud Lavillenie a d\u00e9clar\u00e9 forfait pour le meeting de Sotteville ce dimanche, apr\u00e8s s&#039;\u00eatre bless\u00e9 \u00e0 la cheville \u00e0 l&#039;\u00e9chauffement.\" \/>\n<meta property=\"og:url\" content=\"https:\/\/dicodusport.fr\/blog\/frayeur-pour-renaud-lavillenie-a-3-semaines-des-jo-de-tokyo\/\" \/>\n<meta property=\"og:site_name\" content=\"Dicodusport\" \/>\n<meta property=\"article:publisher\" content=\"https:\/\/www.facebook.com\/dicodusport\" \/>\n<meta property=\"article:author\" content=\"https:\/\/www.facebook.com\/dicodusport\" \/>\n<meta property=\"article:published_time\" content=\"2021-07-11T13:35:01+00:00\" \/>\n<meta property=\"article:modified_time\" content=\"2021-07-15T14:31:19+00:00\" \/>\n<meta property=\"og:image\" content=\"https:\/\/dicodusport.fr\/blog\/wp-content\/uploads\/2021\/07\/Frayeur-pour-Renaud-Lavillenie-a\u0300-3-semaines-des-JO-de-Tokyo.png\" \/>\n\t<meta property=\"og:image:width\" content=\"1200\" \/>\n\t<meta property=\"og:image:height\" content=\"670\" \/>\n\t<meta property=\"og:image:type\" content=\"image\/png\" \/>\n<meta name=\"author\" content=\"Nicolas Jacquemard\" \/>\n<meta name=\"twitter:card\" content=\"summary_large_image\" \/>\n<meta name=\"twitter:title\" content=\"Frayeur pour Renaud Lavillenie \u00e0 3 semaines des JO de Tokyo\" \/>\n<meta name=\"twitter:creator\" content=\"@https:\/\/twitter.com\/Nico_Jacquemard\" \/>\n<meta name=\"twitter:site\" content=\"@dicodusport\" \/>\n<script type=\"application\/ld+json\" class=\"yoast-schema-graph\">{\"@context\":\"https:\/\/schema.org\",\"@graph\":[{\"@type\":\"NewsArticle\",\"@id\":\"https:\/\/dicodusport.fr\/blog\/frayeur-pour-renaud-lavillenie-a-3-semaines-des-jo-de-tokyo\/#article\",\"isPartOf\":{\"@id\":\"https:\/\/dicodusport.fr\/blog\/frayeur-pour-renaud-lavillenie-a-3-semaines-des-jo-de-tokyo\/\"},\"author\":{\"name\":\"Nicolas Jacquemard\",\"@id\":\"https:\/\/dicodusport.fr\/blog\/#\/schema\/person\/55dcb50ad410894e431ed812bbb70191\"},\"headline\":\"Frayeur pour Renaud Lavillenie \u00e0 3 semaines des JO de Tokyo\",\"datePublished\":\"2021-07-11T13:35:01+00:00\",\"dateModified\":\"2021-07-15T14:31:19+00:00\",\"mainEntityOfPage\":{\"@id\":\"https:\/\/dicodusport.fr\/blog\/frayeur-pour-renaud-lavillenie-a-3-semaines-des-jo-de-tokyo\/\"},\"wordCount\":243,\"commentCount\":0,\"publisher\":{\"@id\":\"https:\/\/dicodusport.fr\/blog\/#organization\"},\"image\":{\"@id\":\"https:\/\/dicodusport.fr\/blog\/frayeur-pour-renaud-lavillenie-a-3-semaines-des-jo-de-tokyo\/#primaryimage\"},\"thumbnailUrl\":\"https:\/\/dicodusport.fr\/blog\/wp-content\/uploads\/2021\/07\/Frayeur-pour-Renaud-Lavillenie-a\u0300-3-semaines-des-JO-de-Tokyo.png\",\"keywords\":[\"Athl\u00e9tisme\",\"JO de Tokyo\",\"renaud lavillenie\"],\"articleSection\":[\"Athl\u00e9tisme\",\"JO Tokyo 2020\"],\"inLanguage\":\"fr-FR\",\"potentialAction\":[{\"@type\":\"CommentAction\",\"name\":\"Comment\",\"target\":[\"https:\/\/dicodusport.fr\/blog\/frayeur-pour-renaud-lavillenie-a-3-semaines-des-jo-de-tokyo\/#respond\"]}],\"copyrightYear\":\"2021\",\"copyrightHolder\":{\"@id\":\"https:\/\/dicodusport.fr\/blog\/#organization\"}},{\"@type\":\"WebPage\",\"@id\":\"https:\/\/dicodusport.fr\/blog\/frayeur-pour-renaud-lavillenie-a-3-semaines-des-jo-de-tokyo\/\",\"url\":\"https:\/\/dicodusport.fr\/blog\/frayeur-pour-renaud-lavillenie-a-3-semaines-des-jo-de-tokyo\/\",\"name\":\"Frayeur pour Renaud Lavillenie \u00e0 3 semaines des JO de Tokyo\",\"isPartOf\":{\"@id\":\"https:\/\/dicodusport.fr\/blog\/#website\"},\"primaryImageOfPage\":{\"@id\":\"https:\/\/dicodusport.fr\/blog\/frayeur-pour-renaud-lavillenie-a-3-semaines-des-jo-de-tokyo\/#primaryimage\"},\"image\":{\"@id\":\"https:\/\/dicodusport.fr\/blog\/frayeur-pour-renaud-lavillenie-a-3-semaines-des-jo-de-tokyo\/#primaryimage\"},\"thumbnailUrl\":\"https:\/\/dicodusport.fr\/blog\/wp-content\/uploads\/2021\/07\/Frayeur-pour-Renaud-Lavillenie-a\u0300-3-semaines-des-JO-de-Tokyo.png\",\"datePublished\":\"2021-07-11T13:35:01+00:00\",\"dateModified\":\"2021-07-15T14:31:19+00:00\",\"description\":\"ATHL\u00c9TISME - Renaud Lavillenie a d\u00e9clar\u00e9 forfait pour le meeting de Sotteville ce dimanche, apr\u00e8s s'\u00eatre bless\u00e9 \u00e0 la cheville \u00e0 l'\u00e9chauffement.\",\"breadcrumb\":{\"@id\":\"https:\/\/dicodusport.fr\/blog\/frayeur-pour-renaud-lavillenie-a-3-semaines-des-jo-de-tokyo\/#breadcrumb\"},\"inLanguage\":\"fr-FR\",\"potentialAction\":[{\"@type\":\"ReadAction\",\"target\":[\"https:\/\/dicodusport.fr\/blog\/frayeur-pour-renaud-lavillenie-a-3-semaines-des-jo-de-tokyo\/\"]}]},{\"@type\":\"ImageObject\",\"inLanguage\":\"fr-FR\",\"@id\":\"https:\/\/dicodusport.fr\/blog\/frayeur-pour-renaud-lavillenie-a-3-semaines-des-jo-de-tokyo\/#primaryimage\",\"url\":\"https:\/\/dicodusport.fr\/blog\/wp-content\/uploads\/2021\/07\/Frayeur-pour-Renaud-Lavillenie-a\u0300-3-semaines-des-JO-de-Tokyo.png\",\"contentUrl\":\"https:\/\/dicodusport.fr\/blog\/wp-content\/uploads\/2021\/07\/Frayeur-pour-Renaud-Lavillenie-a\u0300-3-semaines-des-JO-de-Tokyo.png\",\"width\":1200,\"height\":670,\"caption\":\"Frayeur pour Renaud Lavillenie \u00e0 3 semaines des JO de Tokyo\"},{\"@type\":\"BreadcrumbList\",\"@id\":\"https:\/\/dicodusport.fr\/blog\/frayeur-pour-renaud-lavillenie-a-3-semaines-des-jo-de-tokyo\/#breadcrumb\",\"itemListElement\":[{\"@type\":\"ListItem\",\"position\":1,\"name\":\"Accueil\",\"item\":\"https:\/\/dicodusport.fr\/blog\/\"},{\"@type\":\"ListItem\",\"position\":2,\"name\":\"Frayeur pour Renaud Lavillenie \u00e0 3 semaines des JO de Tokyo\"}]},{\"@type\":\"WebSite\",\"@id\":\"https:\/\/dicodusport.fr\/blog\/#website\",\"url\":\"https:\/\/dicodusport.fr\/blog\/\",\"name\":\"Dicodusport\",\"description\":\"L&#039;encyclop\u00e9die de l&#039;actualit\u00e9 sportive\",\"publisher\":{\"@id\":\"https:\/\/dicodusport.fr\/blog\/#organization\"},\"potentialAction\":[{\"@type\":\"SearchAction\",\"target\":{\"@type\":\"EntryPoint\",\"urlTemplate\":\"https:\/\/dicodusport.fr\/blog\/?s={search_term_string}\"},\"query-input\":{\"@type\":\"PropertyValueSpecification\",\"valueRequired\":true,\"valueName\":\"search_term_string\"}}],\"inLanguage\":\"fr-FR\"},{\"@type\":\"NewsMediaOrganization\",\"@id\":\"https:\/\/dicodusport.fr\/blog\/#organization\",\"name\":\"Dicodusport\",\"url\":\"https:\/\/dicodusport.fr\/blog\/\",\"logo\":{\"@type\":\"ImageObject\",\"inLanguage\":\"fr-FR\",\"@id\":\"https:\/\/dicodusport.fr\/blog\/#\/schema\/logo\/image\/\",\"url\":\"https:\/\/dicodusport.fr\/blog\/wp-content\/uploads\/2020\/06\/cropped-LOGO-DICODUSPORT-2020-SANS-FOND-SANS-TEXTE.png\",\"contentUrl\":\"https:\/\/dicodusport.fr\/blog\/wp-content\/uploads\/2020\/06\/cropped-LOGO-DICODUSPORT-2020-SANS-FOND-SANS-TEXTE.png\",\"width\":512,\"height\":512,\"caption\":\"Dicodusport\"},\"image\":{\"@id\":\"https:\/\/dicodusport.fr\/blog\/#\/schema\/logo\/image\/\"},\"sameAs\":[\"https:\/\/www.facebook.com\/dicodusport\",\"https:\/\/x.com\/dicodusport\",\"https:\/\/www.instagram.com\/dicodusport\/\",\"https:\/\/www.youtube.com\/channel\/UC7V2KZ5sd3htJivAbA4ZG3w\"],\"description\":\"Dicodusport est l'encyclop\u00e9die de l'actualit\u00e9 sportive.\",\"email\":\"bonjour@dicodusport.fr\",\"legalName\":\"DICODUSPORT\",\"foundingDate\":\"2018-01-14\",\"vatID\":\"FR71834470973\",\"taxID\":\"83447097300043\",\"numberOfEmployees\":{\"@type\":\"QuantitativeValue\",\"minValue\":\"1\",\"maxValue\":\"10\"}},{\"@type\":\"Person\",\"@id\":\"https:\/\/dicodusport.fr\/blog\/#\/schema\/person\/55dcb50ad410894e431ed812bbb70191\",\"name\":\"Nicolas Jacquemard\",\"image\":{\"@type\":\"ImageObject\",\"inLanguage\":\"fr-FR\",\"@id\":\"https:\/\/dicodusport.fr\/blog\/#\/schema\/person\/image\/\",\"url\":\"https:\/\/dicodusport.fr\/blog\/wp-content\/uploads\/2021\/05\/Nicolas-Jacquemard-150x150.jpeg\",\"contentUrl\":\"https:\/\/dicodusport.fr\/blog\/wp-content\/uploads\/2021\/05\/Nicolas-Jacquemard-150x150.jpeg\",\"caption\":\"Nicolas Jacquemard\"},\"description\":\"Passionn\u00e9 de sport et entrepreneur depuis mes 18 ans, la cr\u00e9ation de Dicodusport m'a sembl\u00e9 \u00e9vidente pour participer \u00e0 la m\u00e9diatisation d'un plus grand nombre de sports. Le chemin est long mais avec une \u00e9quipe des plus motiv\u00e9es et les Jeux Olympiques de Paris 2024 en point de mire, nous y arriverons ! Journaliste dans le monde du sport depuis plus de 5 ans, je traite aussi bien de football, de rugby, de biathlon que de cyclisme.\",\"sameAs\":[\"https:\/\/www.facebook.com\/dicodusport\",\"https:\/\/x.com\/https:\/\/twitter.com\/Nico_Jacquemard\"],\"url\":\"https:\/\/dicodusport.fr\/blog\/author\/dicodusport\/\"}]}<\/script>\n<!-- \/ Yoast SEO Premium plugin. -->","yoast_head_json":{"title":"Frayeur pour Renaud Lavillenie \u00e0 3 semaines des JO de Tokyo","description":"ATHL\u00c9TISME - Renaud Lavillenie a d\u00e9clar\u00e9 forfait pour le meeting de Sotteville ce dimanche, apr\u00e8s s'\u00eatre bless\u00e9 \u00e0 la cheville \u00e0 l'\u00e9chauffement.","robots":{"index":"index","follow":"follow","max-snippet":"max-snippet:-1","max-image-preview":"max-image-preview:large","max-video-preview":"max-video-preview:-1"},"canonical":"https:\/\/dicodusport.fr\/blog\/frayeur-pour-renaud-lavillenie-a-3-semaines-des-jo-de-tokyo\/","og_locale":"fr_FR","og_type":"article","og_title":"Frayeur pour Renaud Lavillenie \u00e0 3 semaines des JO de Tokyo","og_description":"ATHL\u00c9TISME - Renaud Lavillenie a d\u00e9clar\u00e9 forfait pour le meeting de Sotteville ce dimanche, apr\u00e8s s'\u00eatre bless\u00e9 \u00e0 la cheville \u00e0 l'\u00e9chauffement.","og_url":"https:\/\/dicodusport.fr\/blog\/frayeur-pour-renaud-lavillenie-a-3-semaines-des-jo-de-tokyo\/","og_site_name":"Dicodusport","article_publisher":"https:\/\/www.facebook.com\/dicodusport","article_author":"https:\/\/www.facebook.com\/dicodusport","article_published_time":"2021-07-11T13:35:01+00:00","article_modified_time":"2021-07-15T14:31:19+00:00","og_image":[{"width":1200,"height":670,"url":"https:\/\/dicodusport.fr\/blog\/wp-content\/uploads\/2021\/07\/Frayeur-pour-Renaud-Lavillenie-a\u0300-3-semaines-des-JO-de-Tokyo.png","type":"image\/png"}],"author":"Nicolas Jacquemard","twitter_card":"summary_large_image","twitter_title":"Frayeur pour Renaud Lavillenie \u00e0 3 semaines des JO de Tokyo","twitter_creator":"@https:\/\/twitter.com\/Nico_Jacquemard","twitter_site":"@dicodusport","schema":{"@context":"https:\/\/schema.org","@graph":[{"@type":"NewsArticle","@id":"https:\/\/dicodusport.fr\/blog\/frayeur-pour-renaud-lavillenie-a-3-semaines-des-jo-de-tokyo\/#article","isPartOf":{"@id":"https:\/\/dicodusport.fr\/blog\/frayeur-pour-renaud-lavillenie-a-3-semaines-des-jo-de-tokyo\/"},"author":{"name":"Nicolas Jacquemard","@id":"https:\/\/dicodusport.fr\/blog\/#\/schema\/person\/55dcb50ad410894e431ed812bbb70191"},"headline":"Frayeur pour Renaud Lavillenie \u00e0 3 semaines des JO de Tokyo","datePublished":"2021-07-11T13:35:01+00:00","dateModified":"2021-07-15T14:31:19+00:00","mainEntityOfPage":{"@id":"https:\/\/dicodusport.fr\/blog\/frayeur-pour-renaud-lavillenie-a-3-semaines-des-jo-de-tokyo\/"},"wordCount":243,"commentCount":0,"publisher":{"@id":"https:\/\/dicodusport.fr\/blog\/#organization"},"image":{"@id":"https:\/\/dicodusport.fr\/blog\/frayeur-pour-renaud-lavillenie-a-3-semaines-des-jo-de-tokyo\/#primaryimage"},"thumbnailUrl":"https:\/\/dicodusport.fr\/blog\/wp-content\/uploads\/2021\/07\/Frayeur-pour-Renaud-Lavillenie-a\u0300-3-semaines-des-JO-de-Tokyo.png","keywords":["Athl\u00e9tisme","JO de Tokyo","renaud lavillenie"],"articleSection":["Athl\u00e9tisme","JO Tokyo 2020"],"inLanguage":"fr-FR","potentialAction":[{"@type":"CommentAction","name":"Comment","target":["https:\/\/dicodusport.fr\/blog\/frayeur-pour-renaud-lavillenie-a-3-semaines-des-jo-de-tokyo\/#respond"]}],"copyrightYear":"2021","copyrightHolder":{"@id":"https:\/\/dicodusport.fr\/blog\/#organization"}},{"@type":"WebPage","@id":"https:\/\/dicodusport.fr\/blog\/frayeur-pour-renaud-lavillenie-a-3-semaines-des-jo-de-tokyo\/","url":"https:\/\/dicodusport.fr\/blog\/frayeur-pour-renaud-lavillenie-a-3-semaines-des-jo-de-tokyo\/","name":"Frayeur pour Renaud Lavillenie \u00e0 3 semaines des JO de Tokyo","isPartOf":{"@id":"https:\/\/dicodusport.fr\/blog\/#website"},"primaryImageOfPage":{"@id":"https:\/\/dicodusport.fr\/blog\/frayeur-pour-renaud-lavillenie-a-3-semaines-des-jo-de-tokyo\/#primaryimage"},"image":{"@id":"https:\/\/dicodusport.fr\/blog\/frayeur-pour-renaud-lavillenie-a-3-semaines-des-jo-de-tokyo\/#primaryimage"},"thumbnailUrl":"https:\/\/dicodusport.fr\/blog\/wp-content\/uploads\/2021\/07\/Frayeur-pour-Renaud-Lavillenie-a\u0300-3-semaines-des-JO-de-Tokyo.png","datePublished":"2021-07-11T13:35:01+00:00","dateModified":"2021-07-15T14:31:19+00:00","description":"ATHL\u00c9TISME - Renaud Lavillenie a d\u00e9clar\u00e9 forfait pour le meeting de Sotteville ce dimanche, apr\u00e8s s'\u00eatre bless\u00e9 \u00e0 la cheville \u00e0 l'\u00e9chauffement.","breadcrumb":{"@id":"https:\/\/dicodusport.fr\/blog\/frayeur-pour-renaud-lavillenie-a-3-semaines-des-jo-de-tokyo\/#breadcrumb"},"inLanguage":"fr-FR","potentialAction":[{"@type":"ReadAction","target":["https:\/\/dicodusport.fr\/blog\/frayeur-pour-renaud-lavillenie-a-3-semaines-des-jo-de-tokyo\/"]}]},{"@type":"ImageObject","inLanguage":"fr-FR","@id":"https:\/\/dicodusport.fr\/blog\/frayeur-pour-renaud-lavillenie-a-3-semaines-des-jo-de-tokyo\/#primaryimage","url":"https:\/\/dicodusport.fr\/blog\/wp-content\/uploads\/2021\/07\/Frayeur-pour-Renaud-Lavillenie-a\u0300-3-semaines-des-JO-de-Tokyo.png","contentUrl":"https:\/\/dicodusport.fr\/blog\/wp-content\/uploads\/2021\/07\/Frayeur-pour-Renaud-Lavillenie-a\u0300-3-semaines-des-JO-de-Tokyo.png","width":1200,"height":670,"caption":"Frayeur pour Renaud Lavillenie \u00e0 3 semaines des JO de Tokyo"},{"@type":"BreadcrumbList","@id":"https:\/\/dicodusport.fr\/blog\/frayeur-pour-renaud-lavillenie-a-3-semaines-des-jo-de-tokyo\/#breadcrumb","itemListElement":[{"@type":"ListItem","position":1,"name":"Accueil","item":"https:\/\/dicodusport.fr\/blog\/"},{"@type":"ListItem","position":2,"name":"Frayeur pour Renaud Lavillenie \u00e0 3 semaines des JO de Tokyo"}]},{"@type":"WebSite","@id":"https:\/\/dicodusport.fr\/blog\/#website","url":"https:\/\/dicodusport.fr\/blog\/","name":"Dicodusport","description":"L&#039;encyclop\u00e9die de l&#039;actualit\u00e9 sportive","publisher":{"@id":"https:\/\/dicodusport.fr\/blog\/#organization"},"potentialAction":[{"@type":"SearchAction","target":{"@type":"EntryPoint","urlTemplate":"https:\/\/dicodusport.fr\/blog\/?s={search_term_string}"},"query-input":{"@type":"PropertyValueSpecification","valueRequired":true,"valueName":"search_term_string"}}],"inLanguage":"fr-FR"},{"@type":"NewsMediaOrganization","@id":"https:\/\/dicodusport.fr\/blog\/#organization","name":"Dicodusport","url":"https:\/\/dicodusport.fr\/blog\/","logo":{"@type":"ImageObject","inLanguage":"fr-FR","@id":"https:\/\/dicodusport.fr\/blog\/#\/schema\/logo\/image\/","url":"https:\/\/dicodusport.fr\/blog\/wp-content\/uploads\/2020\/06\/cropped-LOGO-DICODUSPORT-2020-SANS-FOND-SANS-TEXTE.png","contentUrl":"https:\/\/dicodusport.fr\/blog\/wp-content\/uploads\/2020\/06\/cropped-LOGO-DICODUSPORT-2020-SANS-FOND-SANS-TEXTE.png","width":512,"height":512,"caption":"Dicodusport"},"image":{"@id":"https:\/\/dicodusport.fr\/blog\/#\/schema\/logo\/image\/"},"sameAs":["https:\/\/www.facebook.com\/dicodusport","https:\/\/x.com\/dicodusport","https:\/\/www.instagram.com\/dicodusport\/","https:\/\/www.youtube.com\/channel\/UC7V2KZ5sd3htJivAbA4ZG3w"],"description":"Dicodusport est l'encyclop\u00e9die de l'actualit\u00e9 sportive.","email":"bonjour@dicodusport.fr","legalName":"DICODUSPORT","foundingDate":"2018-01-14","vatID":"FR71834470973","taxID":"83447097300043","numberOfEmployees":{"@type":"QuantitativeValue","minValue":"1","maxValue":"10"}},{"@type":"Person","@id":"https:\/\/dicodusport.fr\/blog\/#\/schema\/person\/55dcb50ad410894e431ed812bbb70191","name":"Nicolas Jacquemard","image":{"@type":"ImageObject","inLanguage":"fr-FR","@id":"https:\/\/dicodusport.fr\/blog\/#\/schema\/person\/image\/","url":"https:\/\/dicodusport.fr\/blog\/wp-content\/uploads\/2021\/05\/Nicolas-Jacquemard-150x150.jpeg","contentUrl":"https:\/\/dicodusport.fr\/blog\/wp-content\/uploads\/2021\/05\/Nicolas-Jacquemard-150x150.jpeg","caption":"Nicolas Jacquemard"},"description":"Passionn\u00e9 de sport et entrepreneur depuis mes 18 ans, la cr\u00e9ation de Dicodusport m'a sembl\u00e9 \u00e9vidente pour participer \u00e0 la m\u00e9diatisation d'un plus grand nombre de sports. Le chemin est long mais avec une \u00e9quipe des plus motiv\u00e9es et les Jeux Olympiques de Paris 2024 en point de mire, nous y arriverons ! Journaliste dans le monde du sport depuis plus de 5 ans, je traite aussi bien de football, de rugby, de biathlon que de cyclisme.","sameAs":["https:\/\/www.facebook.com\/dicodusport","https:\/\/x.com\/https:\/\/twitter.com\/Nico_Jacquemard"],"url":"https:\/\/dicodusport.fr\/blog\/author\/dicodusport\/"}]}},"_links":{"self":[{"href":"https:\/\/dicodusport.fr\/blog\/wp-json\/wp\/v2\/posts\/146105","targetHints":{"allow":["GET"]}}],"collection":[{"href":"https:\/\/dicodusport.fr\/blog\/wp-json\/wp\/v2\/posts"}],"about":[{"href":"https:\/\/dicodusport.fr\/blog\/wp-json\/wp\/v2\/types\/post"}],"author":[{"embeddable":true,"href":"https:\/\/dicodusport.fr\/blog\/wp-json\/wp\/v2\/users\/1"}],"replies":[{"embeddable":true,"href":"https:\/\/dicodusport.fr\/blog\/wp-json\/wp\/v2\/comments?post=146105"}],"version-history":[{"count":0,"href":"https:\/\/dicodusport.fr\/blog\/wp-json\/wp\/v2\/posts\/146105\/revisions"}],"wp:featuredmedia":[{"embeddable":true,"href":"https:\/\/dicodusport.fr\/blog\/wp-json\/wp\/v2\/media\/146111"}],"wp:attachment":[{"href":"https:\/\/dicodusport.fr\/blog\/wp-json\/wp\/v2\/media?parent=146105"}],"wp:term":[{"taxonomy":"category","embeddable":true,"href":"https:\/\/dicodusport.fr\/blog\/wp-json\/wp\/v2\/categories?post=146105"},{"taxonomy":"post_tag","embeddable":true,"href":"https:\/\/dicodusport.fr\/blog\/wp-json\/wp\/v2\/tags?post=146105"}],"curies":[{"name":"wp","href":"https:\/\/api.w.org\/{rel}","templated":true}]}}