{"id":146339,"date":"2021-07-12T15:34:40","date_gmt":"2021-07-12T13:34:40","guid":{"rendered":"https:\/\/dicodusport.fr\/blog\/?p=146339&#038;preview=true&#038;preview_id=146339"},"modified":"2021-07-12T19:28:00","modified_gmt":"2021-07-12T17:28:00","slug":"mercato-raphael-varane-tout-proche-de-langleterre","status":"publish","type":"post","link":"https:\/\/dicodusport.fr\/blog\/mercato-raphael-varane-tout-proche-de-langleterre\/","title":{"rendered":"Mercato : Rapha\u00ebl Varane tout proche de l&rsquo;Angleterre"},"content":{"rendered":"<p style=\"text-align: justify;\"><strong><em>MERCATO FOOTBALL &#8211; Selon le Manchester Evening News, Manchester United et Rapha\u00ebl Varane sont tout proches de trouver un accord.<br \/>\n<\/em><\/strong><\/p>\n<p style=\"text-align: justify;\">\u00c0 un an de la fin de son contrat avec le Real Madrid, <strong>Rapha\u00ebl Varane<\/strong> devrait plier bagage. Apr\u00e8s pas moins de 10 saisons et 438 matchs sous le maillot merengue, l&rsquo;international fran\u00e7ais veut changer d&rsquo;air et ne compte pas retourner \u00e0 Madrid apr\u00e8s ses vacances. Le vice-champion d&rsquo;Espagne va donc devoir se r\u00e9soudre \u00e0 le perdre et <strong>Manchester United<\/strong> serait tout proche d&rsquo;un accord avec le d\u00e9fenseur central de 28 ans, pour l&rsquo;associer avec Harry Maguire, r\u00e9cent finaliste de l&rsquo;Euro 2020.<\/p>\n<p style=\"text-align: justify;\">Pour le Real Madrid, c&rsquo;est une vraie page qui se tourne puisque l&rsquo;int\u00e9gralit\u00e9 de sa charni\u00e8re va donc quitter le club apr\u00e8s de nombreuses ann\u00e9es \u00e0 jouer ensemble. <strong>Sergio Ramos<\/strong> a d\u00e9j\u00e0 rejoint le PSG et <strong>Rapha\u00ebl Varane<\/strong> devrait prochainement devenir un Red Devil. Le montant du transfert n&rsquo;a pour le moment pas filtr\u00e9, mais United pense pouvoir l&rsquo;obtenir pour <em>\u00ab un bon prix \u00bb<\/em>.<\/p>\n<blockquote class=\"twitter-tweet\">\n<p dir=\"ltr\" lang=\"en\">United close to agreeing personal terms with Raphael Varane <a href=\"https:\/\/twitter.com\/hashtag\/mufc?src=hash&amp;ref_src=twsrc%5Etfw\">#mufc<\/a> <a href=\"https:\/\/t.co\/gKPbCiehKm\">https:\/\/t.co\/gKPbCiehKm<\/a><\/p>\n<p>\u2014 Samuel Luckhurst (@samuelluckhurst) <a href=\"https:\/\/twitter.com\/samuelluckhurst\/status\/1414532578799984643?ref_src=twsrc%5Etfw\">July 12, 2021<\/a><\/p><\/blockquote>\n<p style=\"text-align: justify;\"><script async src=\"https:\/\/platform.twitter.com\/widgets.js\" charset=\"utf-8\"><\/script><\/p>\n","protected":false},"excerpt":{"rendered":"<p>MERCATO FOOTBALL &#8211; Selon le Manchester Evening News, Manchester United et Rapha\u00ebl Varane sont tout proches de trouver un accord.<\/p>\n","protected":false},"author":1,"featured_media":146343,"comment_status":"open","ping_status":"closed","sticky":false,"template":"","format":"standard","meta":{"_acf_changed":false,"_daextam_enable_autolinks":"","footnotes":""},"categories":[2301],"tags":[75,4155,14093,5147],"class_list":["post-146339","post","type-post","status-publish","format-standard","has-post-thumbnail","hentry","category-football","tag-football","tag-manchester-united","tag-mercato-football","tag-raphael-varane"],"acf":[],"yoast_head":"<!-- This site is optimized with the Yoast SEO Premium plugin v26.7 (Yoast SEO v26.7) - https:\/\/yoast.com\/wordpress\/plugins\/seo\/ -->\n<title>Mercato : Rapha\u00ebl Varane tout proche de l&#039;Angleterre<\/title>\n<meta name=\"description\" content=\"MERCATO FOOTBALL - Selon le Manchester Evening News, Manchester United et Rapha\u00ebl Varane sont tout proches de trouver un accord.\" \/>\n<meta name=\"robots\" content=\"index, follow, max-snippet:-1, max-image-preview:large, max-video-preview:-1\" \/>\n<link rel=\"canonical\" href=\"https:\/\/dicodusport.fr\/blog\/mercato-raphael-varane-tout-proche-de-langleterre\/\" \/>\n<meta property=\"og:locale\" content=\"fr_FR\" \/>\n<meta property=\"og:type\" content=\"article\" \/>\n<meta property=\"og:title\" content=\"Mercato : Rapha\u00ebl Varane tout proche de l&#039;Angleterre\" \/>\n<meta property=\"og:description\" content=\"MERCATO FOOTBALL - Selon le Manchester Evening News, Manchester United et Rapha\u00ebl Varane sont tout proches de trouver un accord.\" \/>\n<meta property=\"og:url\" content=\"https:\/\/dicodusport.fr\/blog\/mercato-raphael-varane-tout-proche-de-langleterre\/\" \/>\n<meta property=\"og:site_name\" content=\"Dicodusport\" \/>\n<meta property=\"article:publisher\" content=\"https:\/\/www.facebook.com\/dicodusport\" \/>\n<meta property=\"article:author\" content=\"https:\/\/www.facebook.com\/dicodusport\" \/>\n<meta property=\"article:published_time\" content=\"2021-07-12T13:34:40+00:00\" \/>\n<meta property=\"article:modified_time\" content=\"2021-07-12T17:28:00+00:00\" \/>\n<meta property=\"og:image\" content=\"https:\/\/dicodusport.fr\/blog\/wp-content\/uploads\/2021\/07\/Mercato-Raphae\u0308l-Varane-tout-proche-de-lAngleterre.png\" \/>\n\t<meta property=\"og:image:width\" content=\"1200\" \/>\n\t<meta property=\"og:image:height\" content=\"670\" \/>\n\t<meta property=\"og:image:type\" content=\"image\/png\" \/>\n<meta name=\"author\" content=\"Nicolas Jacquemard\" \/>\n<meta name=\"twitter:card\" content=\"summary_large_image\" \/>\n<meta name=\"twitter:title\" content=\"Mercato : Rapha\u00ebl Varane tout proche de l&#039;Angleterre\" \/>\n<meta name=\"twitter:creator\" content=\"@https:\/\/twitter.com\/Nico_Jacquemard\" \/>\n<meta name=\"twitter:site\" content=\"@dicodusport\" \/>\n<script type=\"application\/ld+json\" class=\"yoast-schema-graph\">{\"@context\":\"https:\/\/schema.org\",\"@graph\":[{\"@type\":\"NewsArticle\",\"@id\":\"https:\/\/dicodusport.fr\/blog\/mercato-raphael-varane-tout-proche-de-langleterre\/#article\",\"isPartOf\":{\"@id\":\"https:\/\/dicodusport.fr\/blog\/mercato-raphael-varane-tout-proche-de-langleterre\/\"},\"author\":{\"name\":\"Nicolas Jacquemard\",\"@id\":\"https:\/\/dicodusport.fr\/blog\/#\/schema\/person\/55dcb50ad410894e431ed812bbb70191\"},\"headline\":\"Mercato : Rapha\u00ebl Varane tout proche de l&rsquo;Angleterre\",\"datePublished\":\"2021-07-12T13:34:40+00:00\",\"dateModified\":\"2021-07-12T17:28:00+00:00\",\"mainEntityOfPage\":{\"@id\":\"https:\/\/dicodusport.fr\/blog\/mercato-raphael-varane-tout-proche-de-langleterre\/\"},\"wordCount\":208,\"commentCount\":0,\"publisher\":{\"@id\":\"https:\/\/dicodusport.fr\/blog\/#organization\"},\"image\":{\"@id\":\"https:\/\/dicodusport.fr\/blog\/mercato-raphael-varane-tout-proche-de-langleterre\/#primaryimage\"},\"thumbnailUrl\":\"https:\/\/dicodusport.fr\/blog\/wp-content\/uploads\/2021\/07\/Mercato-Raphae\u0308l-Varane-tout-proche-de-lAngleterre.png\",\"keywords\":[\"Football\",\"Manchester United\",\"Mercato football\",\"Rapha\u00ebl Varane\"],\"articleSection\":[\"Football\"],\"inLanguage\":\"fr-FR\",\"potentialAction\":[{\"@type\":\"CommentAction\",\"name\":\"Comment\",\"target\":[\"https:\/\/dicodusport.fr\/blog\/mercato-raphael-varane-tout-proche-de-langleterre\/#respond\"]}],\"copyrightYear\":\"2021\",\"copyrightHolder\":{\"@id\":\"https:\/\/dicodusport.fr\/blog\/#organization\"}},{\"@type\":\"WebPage\",\"@id\":\"https:\/\/dicodusport.fr\/blog\/mercato-raphael-varane-tout-proche-de-langleterre\/\",\"url\":\"https:\/\/dicodusport.fr\/blog\/mercato-raphael-varane-tout-proche-de-langleterre\/\",\"name\":\"Mercato : Rapha\u00ebl Varane tout proche de l'Angleterre\",\"isPartOf\":{\"@id\":\"https:\/\/dicodusport.fr\/blog\/#website\"},\"primaryImageOfPage\":{\"@id\":\"https:\/\/dicodusport.fr\/blog\/mercato-raphael-varane-tout-proche-de-langleterre\/#primaryimage\"},\"image\":{\"@id\":\"https:\/\/dicodusport.fr\/blog\/mercato-raphael-varane-tout-proche-de-langleterre\/#primaryimage\"},\"thumbnailUrl\":\"https:\/\/dicodusport.fr\/blog\/wp-content\/uploads\/2021\/07\/Mercato-Raphae\u0308l-Varane-tout-proche-de-lAngleterre.png\",\"datePublished\":\"2021-07-12T13:34:40+00:00\",\"dateModified\":\"2021-07-12T17:28:00+00:00\",\"description\":\"MERCATO FOOTBALL - Selon le Manchester Evening News, Manchester United et Rapha\u00ebl Varane sont tout proches de trouver un accord.\",\"breadcrumb\":{\"@id\":\"https:\/\/dicodusport.fr\/blog\/mercato-raphael-varane-tout-proche-de-langleterre\/#breadcrumb\"},\"inLanguage\":\"fr-FR\",\"potentialAction\":[{\"@type\":\"ReadAction\",\"target\":[\"https:\/\/dicodusport.fr\/blog\/mercato-raphael-varane-tout-proche-de-langleterre\/\"]}]},{\"@type\":\"ImageObject\",\"inLanguage\":\"fr-FR\",\"@id\":\"https:\/\/dicodusport.fr\/blog\/mercato-raphael-varane-tout-proche-de-langleterre\/#primaryimage\",\"url\":\"https:\/\/dicodusport.fr\/blog\/wp-content\/uploads\/2021\/07\/Mercato-Raphae\u0308l-Varane-tout-proche-de-lAngleterre.png\",\"contentUrl\":\"https:\/\/dicodusport.fr\/blog\/wp-content\/uploads\/2021\/07\/Mercato-Raphae\u0308l-Varane-tout-proche-de-lAngleterre.png\",\"width\":1200,\"height\":670},{\"@type\":\"BreadcrumbList\",\"@id\":\"https:\/\/dicodusport.fr\/blog\/mercato-raphael-varane-tout-proche-de-langleterre\/#breadcrumb\",\"itemListElement\":[{\"@type\":\"ListItem\",\"position\":1,\"name\":\"Accueil\",\"item\":\"https:\/\/dicodusport.fr\/blog\/\"},{\"@type\":\"ListItem\",\"position\":2,\"name\":\"Mercato : Rapha\u00ebl Varane tout proche de l&rsquo;Angleterre\"}]},{\"@type\":\"WebSite\",\"@id\":\"https:\/\/dicodusport.fr\/blog\/#website\",\"url\":\"https:\/\/dicodusport.fr\/blog\/\",\"name\":\"Dicodusport\",\"description\":\"L&#039;encyclop\u00e9die de l&#039;actualit\u00e9 sportive\",\"publisher\":{\"@id\":\"https:\/\/dicodusport.fr\/blog\/#organization\"},\"potentialAction\":[{\"@type\":\"SearchAction\",\"target\":{\"@type\":\"EntryPoint\",\"urlTemplate\":\"https:\/\/dicodusport.fr\/blog\/?s={search_term_string}\"},\"query-input\":{\"@type\":\"PropertyValueSpecification\",\"valueRequired\":true,\"valueName\":\"search_term_string\"}}],\"inLanguage\":\"fr-FR\"},{\"@type\":\"NewsMediaOrganization\",\"@id\":\"https:\/\/dicodusport.fr\/blog\/#organization\",\"name\":\"Dicodusport\",\"url\":\"https:\/\/dicodusport.fr\/blog\/\",\"logo\":{\"@type\":\"ImageObject\",\"inLanguage\":\"fr-FR\",\"@id\":\"https:\/\/dicodusport.fr\/blog\/#\/schema\/logo\/image\/\",\"url\":\"https:\/\/dicodusport.fr\/blog\/wp-content\/uploads\/2020\/06\/cropped-LOGO-DICODUSPORT-2020-SANS-FOND-SANS-TEXTE.png\",\"contentUrl\":\"https:\/\/dicodusport.fr\/blog\/wp-content\/uploads\/2020\/06\/cropped-LOGO-DICODUSPORT-2020-SANS-FOND-SANS-TEXTE.png\",\"width\":512,\"height\":512,\"caption\":\"Dicodusport\"},\"image\":{\"@id\":\"https:\/\/dicodusport.fr\/blog\/#\/schema\/logo\/image\/\"},\"sameAs\":[\"https:\/\/www.facebook.com\/dicodusport\",\"https:\/\/x.com\/dicodusport\",\"https:\/\/www.instagram.com\/dicodusport\/\",\"https:\/\/www.youtube.com\/channel\/UC7V2KZ5sd3htJivAbA4ZG3w\"],\"description\":\"Dicodusport est l'encyclop\u00e9die de l'actualit\u00e9 sportive.\",\"email\":\"bonjour@dicodusport.fr\",\"legalName\":\"DICODUSPORT\",\"foundingDate\":\"2018-01-14\",\"vatID\":\"FR71834470973\",\"taxID\":\"83447097300043\",\"numberOfEmployees\":{\"@type\":\"QuantitativeValue\",\"minValue\":\"1\",\"maxValue\":\"10\"}},{\"@type\":\"Person\",\"@id\":\"https:\/\/dicodusport.fr\/blog\/#\/schema\/person\/55dcb50ad410894e431ed812bbb70191\",\"name\":\"Nicolas Jacquemard\",\"image\":{\"@type\":\"ImageObject\",\"inLanguage\":\"fr-FR\",\"@id\":\"https:\/\/dicodusport.fr\/blog\/#\/schema\/person\/image\/\",\"url\":\"https:\/\/dicodusport.fr\/blog\/wp-content\/uploads\/2021\/05\/Nicolas-Jacquemard-150x150.jpeg\",\"contentUrl\":\"https:\/\/dicodusport.fr\/blog\/wp-content\/uploads\/2021\/05\/Nicolas-Jacquemard-150x150.jpeg\",\"caption\":\"Nicolas Jacquemard\"},\"description\":\"Passionn\u00e9 de sport et entrepreneur depuis mes 18 ans, la cr\u00e9ation de Dicodusport m'a sembl\u00e9 \u00e9vidente pour participer \u00e0 la m\u00e9diatisation d'un plus grand nombre de sports. Le chemin est long mais avec une \u00e9quipe des plus motiv\u00e9es et les Jeux Olympiques de Paris 2024 en point de mire, nous y arriverons ! Journaliste dans le monde du sport depuis plus de 5 ans, je traite aussi bien de football, de rugby, de biathlon que de cyclisme.\",\"sameAs\":[\"https:\/\/www.facebook.com\/dicodusport\",\"https:\/\/x.com\/https:\/\/twitter.com\/Nico_Jacquemard\"],\"url\":\"https:\/\/dicodusport.fr\/blog\/author\/dicodusport\/\"}]}<\/script>\n<!-- \/ Yoast SEO Premium plugin. -->","yoast_head_json":{"title":"Mercato : Rapha\u00ebl Varane tout proche de l'Angleterre","description":"MERCATO FOOTBALL - Selon le Manchester Evening News, Manchester United et Rapha\u00ebl Varane sont tout proches de trouver un accord.","robots":{"index":"index","follow":"follow","max-snippet":"max-snippet:-1","max-image-preview":"max-image-preview:large","max-video-preview":"max-video-preview:-1"},"canonical":"https:\/\/dicodusport.fr\/blog\/mercato-raphael-varane-tout-proche-de-langleterre\/","og_locale":"fr_FR","og_type":"article","og_title":"Mercato : Rapha\u00ebl Varane tout proche de l'Angleterre","og_description":"MERCATO FOOTBALL - Selon le Manchester Evening News, Manchester United et Rapha\u00ebl Varane sont tout proches de trouver un accord.","og_url":"https:\/\/dicodusport.fr\/blog\/mercato-raphael-varane-tout-proche-de-langleterre\/","og_site_name":"Dicodusport","article_publisher":"https:\/\/www.facebook.com\/dicodusport","article_author":"https:\/\/www.facebook.com\/dicodusport","article_published_time":"2021-07-12T13:34:40+00:00","article_modified_time":"2021-07-12T17:28:00+00:00","og_image":[{"width":1200,"height":670,"url":"https:\/\/dicodusport.fr\/blog\/wp-content\/uploads\/2021\/07\/Mercato-Raphae\u0308l-Varane-tout-proche-de-lAngleterre.png","type":"image\/png"}],"author":"Nicolas Jacquemard","twitter_card":"summary_large_image","twitter_title":"Mercato : Rapha\u00ebl Varane tout proche de l'Angleterre","twitter_creator":"@https:\/\/twitter.com\/Nico_Jacquemard","twitter_site":"@dicodusport","schema":{"@context":"https:\/\/schema.org","@graph":[{"@type":"NewsArticle","@id":"https:\/\/dicodusport.fr\/blog\/mercato-raphael-varane-tout-proche-de-langleterre\/#article","isPartOf":{"@id":"https:\/\/dicodusport.fr\/blog\/mercato-raphael-varane-tout-proche-de-langleterre\/"},"author":{"name":"Nicolas Jacquemard","@id":"https:\/\/dicodusport.fr\/blog\/#\/schema\/person\/55dcb50ad410894e431ed812bbb70191"},"headline":"Mercato : Rapha\u00ebl Varane tout proche de l&rsquo;Angleterre","datePublished":"2021-07-12T13:34:40+00:00","dateModified":"2021-07-12T17:28:00+00:00","mainEntityOfPage":{"@id":"https:\/\/dicodusport.fr\/blog\/mercato-raphael-varane-tout-proche-de-langleterre\/"},"wordCount":208,"commentCount":0,"publisher":{"@id":"https:\/\/dicodusport.fr\/blog\/#organization"},"image":{"@id":"https:\/\/dicodusport.fr\/blog\/mercato-raphael-varane-tout-proche-de-langleterre\/#primaryimage"},"thumbnailUrl":"https:\/\/dicodusport.fr\/blog\/wp-content\/uploads\/2021\/07\/Mercato-Raphae\u0308l-Varane-tout-proche-de-lAngleterre.png","keywords":["Football","Manchester United","Mercato football","Rapha\u00ebl Varane"],"articleSection":["Football"],"inLanguage":"fr-FR","potentialAction":[{"@type":"CommentAction","name":"Comment","target":["https:\/\/dicodusport.fr\/blog\/mercato-raphael-varane-tout-proche-de-langleterre\/#respond"]}],"copyrightYear":"2021","copyrightHolder":{"@id":"https:\/\/dicodusport.fr\/blog\/#organization"}},{"@type":"WebPage","@id":"https:\/\/dicodusport.fr\/blog\/mercato-raphael-varane-tout-proche-de-langleterre\/","url":"https:\/\/dicodusport.fr\/blog\/mercato-raphael-varane-tout-proche-de-langleterre\/","name":"Mercato : Rapha\u00ebl Varane tout proche de l'Angleterre","isPartOf":{"@id":"https:\/\/dicodusport.fr\/blog\/#website"},"primaryImageOfPage":{"@id":"https:\/\/dicodusport.fr\/blog\/mercato-raphael-varane-tout-proche-de-langleterre\/#primaryimage"},"image":{"@id":"https:\/\/dicodusport.fr\/blog\/mercato-raphael-varane-tout-proche-de-langleterre\/#primaryimage"},"thumbnailUrl":"https:\/\/dicodusport.fr\/blog\/wp-content\/uploads\/2021\/07\/Mercato-Raphae\u0308l-Varane-tout-proche-de-lAngleterre.png","datePublished":"2021-07-12T13:34:40+00:00","dateModified":"2021-07-12T17:28:00+00:00","description":"MERCATO FOOTBALL - Selon le Manchester Evening News, Manchester United et Rapha\u00ebl Varane sont tout proches de trouver un accord.","breadcrumb":{"@id":"https:\/\/dicodusport.fr\/blog\/mercato-raphael-varane-tout-proche-de-langleterre\/#breadcrumb"},"inLanguage":"fr-FR","potentialAction":[{"@type":"ReadAction","target":["https:\/\/dicodusport.fr\/blog\/mercato-raphael-varane-tout-proche-de-langleterre\/"]}]},{"@type":"ImageObject","inLanguage":"fr-FR","@id":"https:\/\/dicodusport.fr\/blog\/mercato-raphael-varane-tout-proche-de-langleterre\/#primaryimage","url":"https:\/\/dicodusport.fr\/blog\/wp-content\/uploads\/2021\/07\/Mercato-Raphae\u0308l-Varane-tout-proche-de-lAngleterre.png","contentUrl":"https:\/\/dicodusport.fr\/blog\/wp-content\/uploads\/2021\/07\/Mercato-Raphae\u0308l-Varane-tout-proche-de-lAngleterre.png","width":1200,"height":670},{"@type":"BreadcrumbList","@id":"https:\/\/dicodusport.fr\/blog\/mercato-raphael-varane-tout-proche-de-langleterre\/#breadcrumb","itemListElement":[{"@type":"ListItem","position":1,"name":"Accueil","item":"https:\/\/dicodusport.fr\/blog\/"},{"@type":"ListItem","position":2,"name":"Mercato : Rapha\u00ebl Varane tout proche de l&rsquo;Angleterre"}]},{"@type":"WebSite","@id":"https:\/\/dicodusport.fr\/blog\/#website","url":"https:\/\/dicodusport.fr\/blog\/","name":"Dicodusport","description":"L&#039;encyclop\u00e9die de l&#039;actualit\u00e9 sportive","publisher":{"@id":"https:\/\/dicodusport.fr\/blog\/#organization"},"potentialAction":[{"@type":"SearchAction","target":{"@type":"EntryPoint","urlTemplate":"https:\/\/dicodusport.fr\/blog\/?s={search_term_string}"},"query-input":{"@type":"PropertyValueSpecification","valueRequired":true,"valueName":"search_term_string"}}],"inLanguage":"fr-FR"},{"@type":"NewsMediaOrganization","@id":"https:\/\/dicodusport.fr\/blog\/#organization","name":"Dicodusport","url":"https:\/\/dicodusport.fr\/blog\/","logo":{"@type":"ImageObject","inLanguage":"fr-FR","@id":"https:\/\/dicodusport.fr\/blog\/#\/schema\/logo\/image\/","url":"https:\/\/dicodusport.fr\/blog\/wp-content\/uploads\/2020\/06\/cropped-LOGO-DICODUSPORT-2020-SANS-FOND-SANS-TEXTE.png","contentUrl":"https:\/\/dicodusport.fr\/blog\/wp-content\/uploads\/2020\/06\/cropped-LOGO-DICODUSPORT-2020-SANS-FOND-SANS-TEXTE.png","width":512,"height":512,"caption":"Dicodusport"},"image":{"@id":"https:\/\/dicodusport.fr\/blog\/#\/schema\/logo\/image\/"},"sameAs":["https:\/\/www.facebook.com\/dicodusport","https:\/\/x.com\/dicodusport","https:\/\/www.instagram.com\/dicodusport\/","https:\/\/www.youtube.com\/channel\/UC7V2KZ5sd3htJivAbA4ZG3w"],"description":"Dicodusport est l'encyclop\u00e9die de l'actualit\u00e9 sportive.","email":"bonjour@dicodusport.fr","legalName":"DICODUSPORT","foundingDate":"2018-01-14","vatID":"FR71834470973","taxID":"83447097300043","numberOfEmployees":{"@type":"QuantitativeValue","minValue":"1","maxValue":"10"}},{"@type":"Person","@id":"https:\/\/dicodusport.fr\/blog\/#\/schema\/person\/55dcb50ad410894e431ed812bbb70191","name":"Nicolas Jacquemard","image":{"@type":"ImageObject","inLanguage":"fr-FR","@id":"https:\/\/dicodusport.fr\/blog\/#\/schema\/person\/image\/","url":"https:\/\/dicodusport.fr\/blog\/wp-content\/uploads\/2021\/05\/Nicolas-Jacquemard-150x150.jpeg","contentUrl":"https:\/\/dicodusport.fr\/blog\/wp-content\/uploads\/2021\/05\/Nicolas-Jacquemard-150x150.jpeg","caption":"Nicolas Jacquemard"},"description":"Passionn\u00e9 de sport et entrepreneur depuis mes 18 ans, la cr\u00e9ation de Dicodusport m'a sembl\u00e9 \u00e9vidente pour participer \u00e0 la m\u00e9diatisation d'un plus grand nombre de sports. Le chemin est long mais avec une \u00e9quipe des plus motiv\u00e9es et les Jeux Olympiques de Paris 2024 en point de mire, nous y arriverons ! Journaliste dans le monde du sport depuis plus de 5 ans, je traite aussi bien de football, de rugby, de biathlon que de cyclisme.","sameAs":["https:\/\/www.facebook.com\/dicodusport","https:\/\/x.com\/https:\/\/twitter.com\/Nico_Jacquemard"],"url":"https:\/\/dicodusport.fr\/blog\/author\/dicodusport\/"}]}},"_links":{"self":[{"href":"https:\/\/dicodusport.fr\/blog\/wp-json\/wp\/v2\/posts\/146339","targetHints":{"allow":["GET"]}}],"collection":[{"href":"https:\/\/dicodusport.fr\/blog\/wp-json\/wp\/v2\/posts"}],"about":[{"href":"https:\/\/dicodusport.fr\/blog\/wp-json\/wp\/v2\/types\/post"}],"author":[{"embeddable":true,"href":"https:\/\/dicodusport.fr\/blog\/wp-json\/wp\/v2\/users\/1"}],"replies":[{"embeddable":true,"href":"https:\/\/dicodusport.fr\/blog\/wp-json\/wp\/v2\/comments?post=146339"}],"version-history":[{"count":0,"href":"https:\/\/dicodusport.fr\/blog\/wp-json\/wp\/v2\/posts\/146339\/revisions"}],"wp:featuredmedia":[{"embeddable":true,"href":"https:\/\/dicodusport.fr\/blog\/wp-json\/wp\/v2\/media\/146343"}],"wp:attachment":[{"href":"https:\/\/dicodusport.fr\/blog\/wp-json\/wp\/v2\/media?parent=146339"}],"wp:term":[{"taxonomy":"category","embeddable":true,"href":"https:\/\/dicodusport.fr\/blog\/wp-json\/wp\/v2\/categories?post=146339"},{"taxonomy":"post_tag","embeddable":true,"href":"https:\/\/dicodusport.fr\/blog\/wp-json\/wp\/v2\/tags?post=146339"}],"curies":[{"name":"wp","href":"https:\/\/api.w.org\/{rel}","templated":true}]}}