{"id":146707,"date":"2021-11-16T10:39:31","date_gmt":"2021-11-16T09:39:31","guid":{"rendered":"https:\/\/dicodusport.fr\/blog\/?p=146707&#038;preview=true&#038;preview_id=146707"},"modified":"2022-01-30T15:30:06","modified_gmt":"2022-01-30T14:30:06","slug":"cyclisme-transferts-2021-2022-tableau-mercato","status":"publish","type":"post","link":"https:\/\/dicodusport.fr\/blog\/cyclisme-transferts-2021-2022-tableau-mercato\/","title":{"rendered":"Cyclisme &#8211; Transferts 2021\/2022 : le tableau du mercato"},"content":{"rendered":"<p style=\"text-align: justify;\"><strong><em><a href=\"https:\/\/dicodusport.fr\/blog\/actualites\/cyclisme\/\">Cyclisme<\/a> 2021\/2022 &#8211; Retrouvez toutes les rumeurs ainsi que les transferts du mercato des \u00e9quipes UCI WorldTeam, mais aussi des \u00e9quipes fran\u00e7aises en UCI ProTeam.<\/em><\/strong><\/p>\n<p style=\"text-align: justify;\"><span style=\"font-size: 14px;\"><strong>En gras : Officiel<\/strong><\/span><br \/>\n<span style=\"font-size: 14px;\">En \u00e9criture normale : Rumeur<\/span><\/p>\n<div class=\"su-table su-table-alternate\">\n<table style=\"height: x;width: 100%;border-collapse: collapse\" border=\"1\">\n<tbody>\n<tr style=\"height: 22px\">\n<td style=\"width: 15.8859%;border-color: #e8e8e8;height: 23px;text-align: center;vertical-align: middle\"><span style=\"color: #000000\"><strong><span style=\"font-size: 0.9em\">&#x1f455; EQUIPES<\/span><\/strong><\/span><\/td>\n<td style=\"width: 28.5132%;height: 23px;border-color: #e8e8e8;text-align: center;vertical-align: middle\"><span style=\"font-size: 0.9em\"><span style=\"color: #000000\"><strong><span style=\"color: #008000\">\u25bc<\/span> <\/strong><\/span><strong><span style=\"color: #000000\">ARRIV\u00c9ES<\/span><\/strong><\/span><\/td>\n<td style=\"width: 27.9022%;height: 23px;border-color: #e8e8e8;text-align: center;vertical-align: middle\"><span style=\"font-size: 0.9em\"><span style=\"color: #000000\"><strong><span style=\"color: #ff0000\">\u25b2<\/span> <\/strong><\/span><strong><span style=\"color: #000000\">D\u00c9PARTS<\/span><\/strong><\/span><\/td>\n<td style=\"width: 27.5967%;height: 23px;border-color: #e8e8e8;text-align: center;vertical-align: middle\"><span style=\"color: #000000;font-size: 0.9em\"><strong>&#x1f4dd; PROLONGATIONS <\/strong><\/span><\/td>\n<\/tr>\n<tr style=\"height: 22px\">\n<td style=\"width: 15.8859%;border-color: #e8e8e8;height: 46px;text-align: center;vertical-align: middle\"><span style=\"font-size: 0.9em\"><img loading=\"lazy\" decoding=\"async\" class=\"aligncenter wp-image-157530 size-full\" src=\"https:\/\/dicodusport.fr\/blog\/wp-content\/uploads\/2021\/08\/Maillot-AG2R-Citroen.png\" alt=\"\" width=\"60\" height=\"64\" \/><b style=\"font-size: 0.9em\">AG2R CITRO\u00cbN TEAM<\/b><br \/>\n<\/span><\/td>\n<td style=\"width: 28.5132%;height: 46px;border-color: #e8e8e8;text-align: left;vertical-align: middle\"><span style=\"font-size: 0.9em\"><span style=\"font-size: 0.8em\"><strong>&#8211; C. Berthet (Delko, d\u00e8s le 1\/08\/2021)<br \/>\n&#8211; F. Gall (Team DSM)<\/strong><\/span><br \/>\n<span style=\"font-size: 0.8em\"><strong>&#8211; P. Lapeira (AG2R Citro\u00ebn U23) <\/strong><\/span><br \/>\n<span style=\"font-size: 0.8em\"><strong>&#8211; V. Paret-Peintre (AG2R Citro\u00ebn U23)<br \/>\n&#8211; A. Raugel (Conti Groupama-FDJ)<\/strong><\/span><br \/>\n<\/span><\/td>\n<td style=\"width: 27.9022%;height: 46px;border-color: #e8e8e8;text-align: left;vertical-align: middle\"><strong><span style=\"font-size: 0.8em\">&#8211; J. Duval (Retraite)<br \/>\n&#8211; M. Frank (Retraite) <\/span><\/strong><br \/>\n<strong><span style=\"font-size: 0.8em\">&#8211; B. Gastauer (Retraite)<br \/>\n<\/span><span style=\"font-size: 0.8em\">&#8211; T. Gallopin (Trek Segafredo)<br \/>\n&#8211; A. Gougeard (B&amp;B Hotels P\/B KTM)<\/span><\/strong><span style=\"font-size: 0.8em\"><br \/>\n<\/span><strong><span style=\"font-size: 0.8em\">&#8211; F. Bidard (Cofidis)<\/span><\/strong><strong><span style=\"font-size: 0.8em\"><br \/>\n<\/span><\/strong><\/td>\n<td style=\"width: 27.5967%;height: 46px;text-align: left;border-color: #e8e8e8;vertical-align: middle\"><strong><span style=\"font-size: 0.8em\">&#8211; L. Calmejane \u2192 2022<br \/>\n&#8211; G. Van Hoecke \u2192 2022<br \/>\n&#8211; G. Bouchard \u2192 2023<br \/>\n&#8211; L. Naesen \u2192 2023<\/span><\/strong><br \/>\n<strong><span style=\"font-size: 0.8em\">&#8211; C. Venturini \u2192 2023<\/span><\/strong><br \/>\n<strong><span style=\"font-size: 0.8em\">&#8211; D. Godon \u2192 2024<br \/>\n<\/span><\/strong><span style=\"font-size: 0.8em\"><strong>&#8211; B. O&rsquo;Connor<\/strong> <strong>\u2192 2024<\/strong><\/span><br \/>\n<strong><span style=\"font-size: 0.8em\">&#8211; A. Paret-Peintre \u2192 2024<\/span><\/strong><\/td>\n<\/tr>\n<tr style=\"height: 22px\">\n<td style=\"width: 15.8859%;border-color: #e8e8e8;text-align: center;vertical-align: middle;height: 69px\"><span style=\"font-size: 0.9em\"><strong><img loading=\"lazy\" decoding=\"async\" class=\"aligncenter wp-image-157533 size-full\" src=\"https:\/\/dicodusport.fr\/blog\/wp-content\/uploads\/2021\/08\/Maillot-Astana.png\" alt=\"\" width=\"60\" height=\"64\" \/>ASTANA-PREMIER TECH<\/strong><\/span><\/td>\n<td style=\"width: 28.5132%;height: 69px;border-color: #e8e8e8;text-align: left;vertical-align: middle\"><span style=\"font-size: 0.8em\">&#8211; <strong>V. Nibali (Trek Segafredo)<br \/>\n&#8211; A. Nibali (Trek Segafredo)<br \/>\n&#8211; M.A. Lopez (Movistar)<br \/>\n&#8211; G. Moscon (INEOS Grenadiers)<br \/>\n&#8211; L. Basso (INEOS Grenadiers)<br \/>\n&#8211; Seb. Henao (INEOS Grenadiers)<br \/>\n&#8211; D. De la Cruz (UAE Team Emirates)<br \/>\n&#8211; J. Dombrowski (UAE Team Emirates)<br \/>\n&#8211; A. Riabushenko (UAE Team Emirates)<br \/>\n&#8211; A. Zeits (BikeExchange)<br \/>\n&#8211; S. Velasco (Gazprom-RusVelo)<br \/>\n&#8211; M. Gazzoli (Colpack-Ballan)<br \/>\n&#8211; N. Nurlykhassym (Vino &#8211; Astana Motors)<\/strong><br \/>\n&#8211; L. Fortunato (Eolo Kometa)<\/span><br \/>\n<span style=\"font-size: 0.8em\">&#8211; V. Albanese (Eolo Kometa)<\/span><br \/>\n<span style=\"font-size: 0.8em\">&#8211; J. Lastra (Caja Rujal)<\/span><span style=\"font-size: 0.8em\"><br \/>\n<\/span><\/td>\n<td style=\"width: 27.9022%;height: 69px;border-color: #e8e8e8;text-align: left;vertical-align: middle\"><span style=\"font-size: 0.8em\"><strong>&#8211; N. Stalnov (Retraite)<br \/>\n&#8211; J. Fuglsang (Israel Start-Up Nation)<br \/>\n&#8211; H. Houle (Israel Start-Up Nation)<br \/>\n&#8211; A. Vlasov (Bora-Hansgrohe)<br \/>\n&#8211; G. Izagirre (Movistar)<br \/>\n&#8211; A. Aranburu (Movistar)<br \/>\n&#8211; O. Rodriguez (Movistar)<br \/>\n&#8211; O. Fraile (Ineos Grenadiers)<br \/>\n&#8211; I. Izagirre (Cofidis)<br \/>\n&#8211; L-L. Sanchez (Bahrain Victorious)<br \/>\n&#8211; M. Sobrero (BikeExchange)<br \/>\n&#8211; M. Kudus (EF Education Nippo)<br \/>\n&#8211; J. Gregaard (Uno-X)<br \/>\n&#8211; R. Contreras (Team EPM)<\/strong><\/span><span style=\"font-size: 0.8em\"><br \/>\n<\/span><\/td>\n<td style=\"width: 27.5967%;height: 69px;text-align: left;border-color: #e8e8e8;vertical-align: middle\"><strong><span style=\"font-size: 0.8em\">&#8211; M. Boaro \u2192 2023<br \/>\n&#8211; F. Felline \u2192 2023<br \/>\n&#8211; Y. Gidich \u2192 2023<br \/>\n&#8211; D. Gruzdev \u2192 2023<br \/>\n&#8211; D. Martinelli \u2192 2023<br \/>\n&#8211; Y. Natarov \u2192 2023<br \/>\n&#8211; H. Tejada \u2192 2023<br \/>\n&#8211; A. Zakharov \u2192 2023<br \/>\n&#8211; A. Lutsenko \u2192 2024<\/span><\/strong><\/td>\n<\/tr>\n<tr style=\"height: 22px\">\n<td style=\"width: 15.8859%;border-color: #e8e8e8;text-align: center;vertical-align: middle;height: 161px\"><span style=\"font-size: 0.9em\"><strong><img loading=\"lazy\" decoding=\"async\" class=\"aligncenter wp-image-157535 size-full\" src=\"https:\/\/dicodusport.fr\/blog\/wp-content\/uploads\/2021\/08\/Maillot-Bahrain-Victorious.png\" alt=\"\" width=\"60\" height=\"64\" \/>BAHRAIN VICTORIOUS<\/strong><\/span><\/td>\n<td style=\"width: 28.5132%;height: 161px;border-color: #e8e8e8;text-align: left;vertical-align: middle\"><span style=\"font-size: 0.8em\"><strong>&#8211; L-L. Sanchez (Astana)<br \/>\n&#8211; J. S\u00fctterlin (Team DSM)<br \/>\n&#8211; J. Price-Pejtersen (Uno-X)<br \/>\n&#8211; F. Maciejuk (Leopard)<br \/>\n&#8211; A. Osorio (Caja Rujal)<br \/>\n&#8211; E. Zambanini (Zalf Euromobil Fior)<\/strong><br \/>\n<\/span><\/td>\n<td style=\"width: 27.9022%;height: 161px;border-color: #e8e8e8;text-align: left;vertical-align: middle\"><strong><span style=\"font-size: 0.8em\">&#8211; E. Capecchi (Retraite)<br \/>\n&#8211; M. Sieberg (Retraite)<br \/>\n&#8211; M. Haller (Bora-Hansgrohe)<br \/>\n<\/span><\/strong><span style=\"font-size: 0.8em\">&#8211; M. Padun (INEOS Grenadiers, EF Education Nippo)<\/span><strong><span style=\"font-size: 0.8em\"><br \/>\n<\/span><\/strong><\/td>\n<td style=\"width: 27.5967%;height: 161px;text-align: left;border-color: #e8e8e8;vertical-align: middle\"><strong><span style=\"font-size: 0.8em\">&#8211; Y. Arashiro \u2192 2022<br \/>\n&#8211; W. Poels \u2192 2022<br \/>\n&#8211; P. Bilbao \u2192 2023<br \/>\n-S. Buitrago \u2192 2023<br \/>\n&#8211; D. Caruso \u2192 2023<br \/>\n&#8211; S. Colbrelli \u2192 2023<br \/>\n&#8211; M. Landa \u2192 2023<br \/>\n&#8211; G. Mader \u2192 2023<br \/>\n&#8211; M. Mohoric \u2192 2023<br \/>\n&#8211; H. Pernsteiner \u2192 2023<br \/>\n&#8211; R. Valls \u2192 2023<br \/>\n&#8211; F. Wright \u2192 2023<br \/>\n<\/span><\/strong><\/td>\n<\/tr>\n<tr style=\"height: 22px\">\n<td style=\"width: 15.8859%;border-color: #e8e8e8;text-align: center;vertical-align: middle;height: 175px\"><span style=\"font-size: 0.9em\"><strong><img loading=\"lazy\" decoding=\"async\" class=\"aligncenter wp-image-157536 \" src=\"https:\/\/dicodusport.fr\/blog\/wp-content\/uploads\/2021\/08\/Maillot-Bora-Hansgrohe.png\" alt=\"\" width=\"50\" height=\"50\" srcset=\"https:\/\/dicodusport.fr\/blog\/wp-content\/uploads\/2021\/08\/Maillot-Bora-Hansgrohe.png 256w, https:\/\/dicodusport.fr\/blog\/wp-content\/uploads\/2021\/08\/Maillot-Bora-Hansgrohe-150x150.png 150w, https:\/\/dicodusport.fr\/blog\/wp-content\/uploads\/2021\/08\/Maillot-Bora-Hansgrohe-80x80.png 80w\" sizes=\"auto, (max-width: 50px) 100vw, 50px\" \/>BORA-HANSGROHE<\/strong><\/span><\/td>\n<td style=\"width: 28.5132%;height: 175px;border-color: #e8e8e8;text-align: left;vertical-align: middle\"><strong><span style=\"font-size: 0.8em\">&#8211; A. Vlasov (Astana)<br \/>\n&#8211; S. Archbold (Deceuninck &#8211; Quick-Step) <\/span><\/strong><br \/>\n<strong><span style=\"font-size: 0.8em\">&#8211; S. Bennett (Deceuninck &#8211; Quick-Step)<\/span><\/strong><br \/>\n<strong><span style=\"font-size: 0.8em\">&#8211; M. Haller (Bahrain-Victorious)<\/span><\/strong><br \/>\n<strong><span style=\"font-size: 0.8em\">&#8211; S. Higuita (EF Education Nippo)<\/span><\/strong><br \/>\n<strong><span style=\"font-size: 0.8em\">&#8211; J. Hindley (DSM) <\/span><\/strong><br \/>\n<strong><span style=\"font-size: 0.8em\">&#8211; J. Koch (Intermarch\u00e9-Wanty Gobert)<\/span><\/strong><br \/>\n<strong><span style=\"font-size: 0.8em\">&#8211; R. Mullen (Trek-Segafredo) <\/span><\/strong><br \/>\n<strong><span style=\"font-size: 0.8em\">&#8211; C. Uijtdebroeks (Junior) <\/span><\/strong><br \/>\n<strong><span style=\"font-size: 0.8em\">&#8211; D. Van Poppel (Intermarch\u00e9-Wanty Gobert)<br \/>\n&#8211; L-J L\u00fchrs (Auto-Eder)<br \/>\n<\/span><\/strong><span style=\"font-size: 0.8em\">&#8211; I. Sosa (Ineos Grenadiers)<\/span><strong><span style=\"font-size: 0.8em\"><br \/>\n<\/span><\/strong><\/td>\n<td style=\"width: 27.9022%;height: 175px;border-color: #e8e8e8;text-align: left;vertical-align: middle\"><strong><span style=\"font-size: 0.8em\">&#8211; A. Schillinger (Retraite)<br \/>\n&#8211; P. Ackermann (UAE Emirates)<\/span><\/strong><br \/>\n<strong><span style=\"font-size: 0.8em\">&#8211; M. Bodnar (TotalEnergies)<\/span><\/strong><br \/>\n<strong><span style=\"font-size: 0.8em\">&#8211; D. Oss (TotalEnergies)<\/span><\/strong><br \/>\n<strong><span style=\"font-size: 0.8em\">&#8211; P. Sagan (TotalEnergies)<br \/>\n&#8211; M. Schwarzmann (Lotto-Soudal)<\/span><\/strong><br \/>\n<strong><span style=\"font-size: 0.8em\">&#8211; R. Selig (Lotto-Soudal)<\/span><\/strong><span style=\"font-size: 0.8em\"><br \/>\n<strong>&#8211; E. Baska (Dukla Banska Bystrica)<\/strong><br \/>\n<\/span><\/td>\n<td style=\"width: 27.5967%;height: 175px;text-align: left;border-color: #e8e8e8;vertical-align: middle\"><span style=\"font-size: 0.8em\"><strong>&#8211; B. Zwiehoff \u2192 2022<br \/>\n&#8211; E. Buchmann \u2192 2024<\/strong><\/span><\/td>\n<\/tr>\n<tr style=\"height: 22px\">\n<td style=\"width: 15.8859%;border-color: #e8e8e8;text-align: center;vertical-align: middle;height: 23px\"><span style=\"font-size: 0.9em\"><strong><img loading=\"lazy\" decoding=\"async\" class=\"aligncenter wp-image-157537 size-full\" src=\"https:\/\/dicodusport.fr\/blog\/wp-content\/uploads\/2021\/08\/Maillot-Cofidis.png\" alt=\"\" width=\"60\" height=\"64\" \/>COFIDIS<br \/>\n<\/strong><\/span><\/td>\n<td style=\"width: 28.5132%;height: 23px;border-color: #e8e8e8;text-align: left;vertical-align: middle\"><span style=\"font-size: 0.8em\"><strong>&#8211; I. Izagirre (Astana)<br \/>\n<\/strong><\/span><span style=\"font-size: 0.8em\"><strong>&#8211; F. Bidard (AG2R Citro\u00ebn)<br \/>\n&#8211; B. Coquard (B&amp;B Hotels P\/B KTM)<br \/>\n&#8211; B. Thomas (Groupama FDJ)<br \/>\n&#8211; D. Cimolai (Israel Start-Up Nation)<br \/>\n&#8211; M. Walscheid (Qhubeka Nexthash)<br \/>\n&#8211; D. Villella (Movistar)<br \/>\n&#8211; S. Arm\u00e9e (Qhubeka Nexthash)<br \/>\n&#8211; A. Renard (Israel Start-Up Nation)<br \/>\n&#8211; W. Kreder (Intermarch\u00e9-Wanty Gobert)<br \/>\n&#8211; H. Toumire (VC Rouen 76) <\/strong><\/span><br \/>\n<span style=\"font-size: 0.8em\"><strong>&#8211; R. Zingle (Delko)<br \/>\n&#8211; A. Delettre (Cofidis)<\/strong><br \/>\n&#8211; V. Albanese (Eolo Kometa)<br \/>\n<\/span><\/td>\n<td style=\"width: 27.9022%;height: 23px;border-color: #e8e8e8;text-align: left;vertical-align: middle\"><strong><span style=\"font-size: 0.8em\">&#8211; N. Haas (Retraite)<br \/>\n&#8211; F. Sabatini (Retraite)<br \/>\n&#8211; E. Viviani (INEOS Grenadiers)<br \/>\n&#8211; C. Laporte (Jumbo Visma)<br \/>\n&#8211; N. Edet (Ark\u00e9a-Samsic)<br \/>\n&#8211; F. Barcelo (Caja Rural)<br \/>\n<\/span><\/strong><\/td>\n<td style=\"width: 27.5967%;height: 23px;text-align: left;border-color: #e8e8e8;vertical-align: middle\"><strong><span style=\"font-size: 0.8em\">&#8211; G. Martin \u2192 2022<br \/>\n&#8211; E. Fin\u00e9 \u2192 2022<\/span><\/strong><br \/>\n<strong><span style=\"font-size: 0.8em\">&#8211; G. Martin \u2192 2022<br \/>\n&#8211; K. Vanbilsen \u2192 2022<\/span><\/strong><br \/>\n<strong><span style=\"font-size: 0.8em\">&#8211; Je. Herrada \u2192 2023<br \/>\n<\/span><\/strong><span style=\"font-size: 0.8em\"><strong>&#8211; S. Geschke<\/strong> <strong>\u2192 2023<br \/>\n&#8211; V. Lafay \u2192 2023<\/strong><\/span><br \/>\n<strong><span style=\"font-size: 0.8em\">&#8211; A. Perez \u2192 2023<br \/>\n&#8211; P-L. P\u00e9richon \u2192 2023<br \/>\n<\/span><\/strong><\/td>\n<\/tr>\n<tr style=\"height: 22px\">\n<td style=\"width: 15.8859%;border-color: #e8e8e8;text-align: center;vertical-align: middle;height: 161px\"><span style=\"font-size: 0.9em\"><strong><img loading=\"lazy\" decoding=\"async\" class=\"aligncenter wp-image-157538 size-full\" src=\"https:\/\/dicodusport.fr\/blog\/wp-content\/uploads\/2021\/08\/Maillot-Deceuninck-Quick-Step.png\" alt=\"\" width=\"60\" height=\"64\" \/>DECEUNINCK &#8211; QUICK-STEP <\/strong><strong><br \/>\n<\/strong><\/span><\/td>\n<td style=\"width: 28.5132%;height: 161px;border-color: #e8e8e8;text-align: left;vertical-align: middle\"><span style=\"font-size: 0.8em\"><strong>&#8211; M. Schmid (Qhubeka Nexthash)<br \/>\n&#8211; I. Van Wilder (Team DSM)<br \/>\n&#8211; L. Vervaeke (Alpecin-Fenix)<br \/>\n&#8211; M. Svrcek (Team Franco Ballerini)<br \/>\n&#8211; E. Vernon (Team Inspired)<br \/>\n&#8211; S. Van Tricht (SEG Racing Academy)<\/strong><\/span><br \/>\n<span style=\"font-size: 0.8em\">&#8211; S. Quinn (Hagens Berman Axeon)<\/span><\/td>\n<td style=\"width: 27.9022%;height: 161px;border-color: #e8e8e8;text-align: left;vertical-align: middle\"><span style=\"font-size: 0.8em\"><strong>&#8211; J. Almeida (UAE Team Emirates)<br \/>\n&#8211; A. Hodeg (UAE Team Emirates)<\/strong><\/span><br \/>\n<span style=\"font-size: 0.8em\"><strong>&#8211; S. Archbold (Bora-Hansgrohe)<\/strong><\/span><br \/>\n<span style=\"font-size: 0.8em\"><strong>&#8211; S. Bennett (Bora-Hansgrohe)<br \/>\n&#8211; I. Garrison (L39ION of Los Angeles)<br \/>\n<\/strong><\/span><\/td>\n<td style=\"width: 27.5967%;height: 161px;text-align: left;border-color: #e8e8e8;vertical-align: middle\"><strong><span style=\"font-size: 0.8em\">&#8211; D. Devenyns \u2192 2022<br \/>\n&#8211; S. Steels \u2192 2022<br \/>\n&#8211; Z. Stybar \u2192 2022<br \/>\n&#8211; A. Bagioli \u2192 2023<br \/>\n&#8211; D. Ballerini \u2192 2023<br \/>\n&#8211; M. Cattaneo \u2192 2023<br \/>\n&#8211; R. Cavagna \u2192 2023<br \/>\n&#8211; J. Cerny \u2192 2023<br \/>\n&#8211; J. Knox \u2192 2023<br \/>\n&#8211; M. Honor\u00e9 \u2192 2023<br \/>\n&#8211; F. S\u00e9n\u00e9chal \u2192 2023<br \/>\n&#8211; P. Serry \u2192 2023<br \/>\n&#8211; J. Steimle \u2192 2023<br \/>\n&#8211; B. Van Lerberghe \u2192 2023<\/span><\/strong><br \/>\n<strong><span style=\"font-size: 0.8em\">&#8211; J. Alaphilippe \u2192 2024<\/span><\/strong><br \/>\n<strong><span style=\"font-size: 0.8em\">&#8211; K. Asgreen \u2192 2024<br \/>\n&#8211; F. Masnada \u2192 2024<br \/>\n<\/span><\/strong><span style=\"font-size: 0.8em\"><strong>&#8211; R. Evenepoel<\/strong> <strong>\u2192 2026<\/strong><\/span><\/td>\n<\/tr>\n<tr style=\"height: 22px\">\n<td style=\"width: 15.8859%;border-color: #e8e8e8;text-align: center;vertical-align: middle;height: 69px\"><span style=\"font-size: 0.9em\"><strong><img loading=\"lazy\" decoding=\"async\" class=\"aligncenter wp-image-157539 size-full\" src=\"https:\/\/dicodusport.fr\/blog\/wp-content\/uploads\/2021\/08\/Maillot-EF-Education-Nippo.png\" alt=\"\" width=\"60\" height=\"64\" \/>EF EDUCATION NIPPO<\/strong><strong><br \/>\n<\/strong><\/span><\/td>\n<td style=\"width: 28.5132%;height: 69px;border-color: #e8e8e8;text-align: left;vertical-align: middle\"><span style=\"font-size: 0.8em\"><strong>&#8211; E. Chaves (BikeExchange)<br \/>\n&#8211; O.C. Eiking (Intermarch\u00e9-Wanty Gobert)<br \/>\n&#8211; O. Doull (INEOS Grenadiers)<br \/>\n&#8211; L. Wisniowski (Qhubeka Nexthash)<br \/>\n&#8211; M. Kudus (Astana)<br \/>\n&#8211; M. Van den Berg (Conti Groupama-FDJ)<br \/>\n<\/strong><\/span><span style=\"font-size: 0.8em\"><strong>&#8211; B. Healy (Trinity Racing)<br \/>\n&#8211; J. Shaw (Ribble Weldtite)<br \/>\n&#8211; G. Steinhauser (Tirol-KTM)<br \/>\n<\/strong>&#8211; M. Padun (EF Education Nippo)<strong><br \/>\n<\/strong><\/span><\/td>\n<td style=\"width: 27.9022%;height: 69px;border-color: #e8e8e8;vertical-align: middle\"><span style=\"font-size: 0.8em\"><strong>&#8211; F. Beppu (Retraite)<br \/>\n&#8211; M. Docker (Retraite)<br \/>\n&#8211; M. Hofland (Retraite)<br \/>\n&#8211; T. Van Garderen (Retraite)<\/strong><\/span><br \/>\n<span style=\"font-size: 0.8em\"><strong>&#8211; S. Higuita (Bora-Hansgrohe)<br \/>\n&#8211; L. Craddock (BikeExchange)<br \/>\n&#8211; W. Barta (Movistar)<br \/>\n<\/strong><\/span><\/td>\n<td style=\"width: 27.5967%;height: 69px;text-align: left;border-color: #e8e8e8;vertical-align: middle\"><strong style=\"font-family: inherit;font-size: inherit\"><span style=\"font-size: 0.8em\">&#8211; H. Nakane \u2192 2022<br \/>\n&#8211; J. Keukeleire \u2192 2023<br \/>\n&#8211; J. Rutsch \u2192 2023<br \/>\n<\/span><\/strong><strong style=\"font-family: inherit;font-size: inherit\"><span style=\"font-size: 0.8em\">&#8211; M. Valgren \u2192 2023<br \/>\n<\/span><\/strong><strong style=\"font-family: inherit;font-size: inherit\"><span style=\"font-size: 0.8em\">&#8211; A. Bettiol \u2192 2023<br \/>\n<\/span><\/strong><strong style=\"font-family: inherit;font-size: inherit\"><span style=\"font-size: 0.8em\">&#8211; H. Carthy \u2192 2023<br \/>\n&#8211; J. van den Berg \u2192 2023<br \/>\n&#8211; S. Bissegger \u2192 2024<br \/>\n<\/span><\/strong><strong style=\"font-size: 0.8em;font-family: inherit\">&#8211; N. Powless<\/strong> <strong style=\"font-size: 0.8em;font-family: inherit\">\u2192 2024<\/strong><\/td>\n<\/tr>\n<tr style=\"height: 22px\">\n<td style=\"width: 15.8859%;border-color: #e8e8e8;text-align: center;vertical-align: middle;height: 46px\"><span style=\"font-size: 0.9em\"><strong><img loading=\"lazy\" decoding=\"async\" class=\"aligncenter wp-image-157540 size-full\" src=\"https:\/\/dicodusport.fr\/blog\/wp-content\/uploads\/2021\/08\/Maillot-Groupama-FDJ.png\" alt=\"\" width=\"60\" height=\"64\" \/>GROUPAMA-FDJ<\/strong><strong><br \/>\n<\/strong><\/span><\/td>\n<td style=\"width: 28.5132%;height: 46px;border-color: #e8e8e8;text-align: left;vertical-align: middle\"><strong><span style=\"font-size: 0.8em\">&#8211; L. Askey (Conti Groupama-FDJ) <\/span><\/strong><br \/>\n<strong><span style=\"font-size: 0.8em\">&#8211; Q. Pacher (B&amp;B Hotels P\/B KTM) <\/span><\/strong><br \/>\n<strong><span style=\"font-size: 0.8em\">&#8211; M. Storer (Team DSM)<\/span><\/strong><br \/>\n<strong><span style=\"font-size: 0.8em\">&#8211; B. Welten (Ark\u00e9a Samsic)<br \/>\n<\/span><\/strong><span style=\"font-size: 0.8em\">&#8211; P. Penho\u00ebt <\/span><span style=\"font-size: 0.8em\">(Conti Groupama-FDJ)<br \/>\n<\/span><span style=\"font-size: 0.8em\">&#8211; M. Van den Berg (Conti Groupama-FDJ)<\/span><strong><span style=\"font-size: 0.8em\"><br \/>\n<\/span><\/strong><\/td>\n<td style=\"width: 27.9022%;height: 46px;border-color: #e8e8e8;text-align: left;vertical-align: middle\"><span style=\"font-size: 0.8em\"><strong>&#8211; M. Delage (Retraite)<br \/>\n&#8211; W. Bonnet (Retraite)<br \/>\n&#8211; B. Thomas (Cofidis)<br \/>\n&#8211; S. Guglielmi (Ark\u00e9a-Samsic)<\/strong><br \/>\n<strong>&#8211; A. Brunel (UAE Team Emirates)<\/strong><br \/>\n<\/span><\/td>\n<td style=\"width: 27.5967%;height: 46px;text-align: left;border-color: #e8e8e8;vertical-align: middle\"><strong><span style=\"font-size: 0.8em\">&#8211; I. Konovalovas \u2192 2022<br \/>\n&#8211; F. Lienhard \u2192 2022<br \/>\n&#8211; A. Roux \u2192 2022<\/span><\/strong><br \/>\n<strong><span style=\"font-size: 0.8em\">&#8211; R. Sinkeldam \u2192 2022<br \/>\n<\/span><\/strong><span style=\"font-size: 0.8em\"><strong>&#8211; M. Scotson<\/strong> <strong>\u2192 2023<\/strong><\/span><br \/>\n<strong><span style=\"font-size: 0.8em\">&#8211; B. Armirail \u2192 2024<br \/>\n&#8211; V. Madouas \u2192 2024<br \/>\n&#8211; J. Stewart \u2192 2024<br \/>\n<\/span><\/strong><\/td>\n<\/tr>\n<tr style=\"height: 22px\">\n<td style=\"width: 15.8859%;border-color: #e8e8e8;text-align: center;vertical-align: middle;height: 92px\"><span style=\"font-size: 0.9em\"><strong><img loading=\"lazy\" decoding=\"async\" class=\"aligncenter wp-image-157541 size-full\" src=\"https:\/\/dicodusport.fr\/blog\/wp-content\/uploads\/2021\/08\/Maillot-INEOS-Grenadiers.png\" alt=\"\" width=\"60\" height=\"64\" \/>INEOS GRENADIERS<\/strong><strong><br \/>\n<\/strong><\/span><\/td>\n<td style=\"width: 28.5132%;height: 92px;border-color: #e8e8e8;text-align: left;vertical-align: middle\"><strong><span style=\"font-size: 0.8em\">&#8211; E. Viviani (Cofidis)<br \/>\n&#8211; O. Fraile (Astana)<br \/>\n&#8211; L. Plapp (InForm TMX MAKE)<br \/>\n&#8211; B. Tulett (Alpecin-Fenix)<br \/>\n&#8211; B. Turner (Trinity Racing)<br \/>\n&#8211; K. Heiduk (Team Lotto &#8211; Kern Haus)<br \/>\n&#8211; M. Sheffield (Rally)<br \/>\n<\/span><\/strong><span style=\"font-size: 0.8em\">&#8211; M. Padun (Bahrain-Victorious)<\/span><span style=\"font-size: 0.8em\"><br \/>\n<\/span><\/td>\n<td style=\"width: 27.9022%;height: 92px;border-color: #e8e8e8;text-align: left;vertical-align: middle\"><strong><span style=\"font-size: 0.8em\">&#8211; M. Golas (Retraite)<br \/>\n<\/span><span style=\"font-size: 0.8em\">&#8211; R. Dennis (Jumbo Visma)<br \/>\n&#8211; G. Moscon (Astana)<br \/>\n&#8211; L. Basso (Astana)<br \/>\n&#8211; Seb. Henao (Astana)<br \/>\n&#8211; I. Sosa (Movistar)<br \/>\n&#8211; O. Doull (EF Education Nippo)<\/span><\/strong><span style=\"font-size: 0.8em\"><br \/>\n&#8211; J. Narvaez (Movistar)<br \/>\n&#8211; G. Thomas (?)<br \/>\n<\/span><span style=\"font-size: 0.8em\">&#8211; C. Wurf (Retraite)<\/span><strong><span style=\"font-size: 0.8em\"><br \/>\n<\/span><\/strong><\/td>\n<td style=\"width: 27.5967%;height: 92px;text-align: left;border-color: #e8e8e8;vertical-align: middle\"><\/td>\n<\/tr>\n<tr style=\"height: 22px\">\n<td style=\"width: 15.8859%;border-color: #e8e8e8;text-align: center;vertical-align: middle;height: 69px\"><span style=\"font-size: 0.9em\"><strong><img loading=\"lazy\" decoding=\"async\" class=\"aligncenter wp-image-157542 size-full\" src=\"https:\/\/dicodusport.fr\/blog\/wp-content\/uploads\/2021\/08\/Maillot-Intermarche-Wanty-Gobert.png\" alt=\"\" width=\"60\" height=\"64\" \/>INTERMARCH\u00c9 &#8211; WANTY GOBERT MAT\u00c9RIAUX<\/strong><strong><br \/>\n<\/strong><\/span><\/td>\n<td style=\"width: 28.5132%;height: 69px;border-color: #e8e8e8;text-align: left;vertical-align: middle\"><strong><span style=\"font-size: 0.8em\">&#8211; S.E. Bystrom (UAE Team Emirates)<br \/>\n&#8211; A. Kristoff (UAE Team Emirates)<br \/>\n&#8211; A. Petit (TotalEnergies)<br \/>\n&#8211; D. Claeys (Qhubeka Nexthash)<\/span><\/strong><br \/>\n<strong><span style=\"font-size: 0.8em\">&#8211; B. Girmay Hailu (Delko)<br \/>\n&#8211; K. Goossens (Lotto-Soudal)<br \/>\n&#8211; G.Thijssen (Lotto-Soudal)<br \/>\n&#8211; J.M. Diaz (Delko)<br \/>\n&#8211; J. Johansen (Uno-X)<br \/>\n&#8211; H. Page (Conti Groupama-FDJ)<\/span><\/strong><span style=\"font-size: 0.8em\"><br \/>\n&#8211; L. Huys (Bingoal)<br \/>\n<\/span><span style=\"font-size: 0.8em\">&#8211; T. Benoot (Team DSM)<\/span><strong><span style=\"font-size: 0.8em\"><br \/>\n<\/span><\/strong><\/td>\n<td style=\"width: 27.9022%;height: 69px;border-color: #e8e8e8;vertical-align: middle\"><strong><span style=\"font-size: 0.8em\">&#8211; J. De Plus (Retraite)<br \/>\n&#8211; L. De Winter (Retraite)<br \/>\n&#8211; P. Vanspeybrouck (Retraite)<br \/>\n&#8211; D. Van Poppel (Bora-Hansgrohe)<br \/>\n<\/span><span style=\"font-size: 0.8em\">&#8211; J. Koch (Bora-Hansgrohe)<br \/>\n&#8211; O.C. Eiking (EF Education Nippo)<br \/>\n&#8211; W. Kreder (Cofidis)<br \/>\n<\/span><span style=\"font-size: 0.8em\"><br \/>\n<\/span><\/strong><\/td>\n<td style=\"width: 27.5967%;height: 69px;text-align: left;border-color: #e8e8e8;vertical-align: middle\"><strong><span style=\"font-size: 0.8em\">&#8211; A. Pasqualon \u2192 2022<br \/>\n&#8211; S. Petilli \u2192 2022<br \/>\n&#8211; K. Van Melsen \u2192 2022<br \/>\n&#8211; A. De Gendt \u2192 2023<br \/>\n&#8211; L. Meintjes \u2192 2023<br \/>\n&#8211; L. Rota \u2192 2023<br \/>\n<\/span><\/strong><\/td>\n<\/tr>\n<tr style=\"height: 22px\">\n<td style=\"width: 15.8859%;border-color: #e8e8e8;text-align: center;vertical-align: middle;height: 23px\"><span style=\"font-size: 0.9em\"><strong><img loading=\"lazy\" decoding=\"async\" class=\"aligncenter wp-image-157543 size-full\" src=\"https:\/\/dicodusport.fr\/blog\/wp-content\/uploads\/2021\/08\/Maillot-Israel-Start-Up-Nation.png\" alt=\"\" width=\"60\" height=\"64\" \/><\/strong><strong>ISRAEL START-UP NATION<\/strong><\/span><\/td>\n<td style=\"width: 28.5132%;height: 23px;border-color: #e8e8e8;text-align: left;vertical-align: middle\"><span style=\"font-size: 0.8em\"><strong>&#8211; J. Fuglsang (Astana)<br \/>\n&#8211; H. Houle (Astana)<br \/>\n&#8211; G. Nizzolo (Israel Start-Up Nation)<br \/>\n&#8211; C. Strong (SEG Racing)<\/strong><br \/>\n&#8211; S. Kragh Andersen (Team DSM)<strong><br \/>\n<\/strong><\/span><\/td>\n<td style=\"width: 27.9022%;height: 23px;border-color: #e8e8e8;text-align: left;vertical-align: middle\"><span style=\"font-size: 0.8em\"><strong>&#8211; A. Greipel (Retraite)<br \/>\n&#8211; D. Martin (Retraite)<br \/>\n&#8211; D. Cimolai (Cofidis)<br \/>\n&#8211; A. Renard (Cofidis)<br \/>\n&#8211; H. Hofstetter (Ark\u00e9a-Samsic)<\/strong><strong><br \/>\n<\/strong><\/span><\/td>\n<td style=\"width: 27.5967%;height: 23px;text-align: left;border-color: #e8e8e8;vertical-align: middle\"><strong><span style=\"font-size: 0.8em\">&#8211; I. Einhorn \u2192 2022<br \/>\n&#8211; O. Goldstein \u2192 2022<br \/>\n&#8211; G. Niv \u2192 2022<br \/>\n&#8211; G. Sagiv \u2192 2022<br \/>\n&#8211; B. Hermans \u2192 2023<br \/>\n&#8211; K. Neilands \u2192 2023<br \/>\n<\/span><\/strong><\/td>\n<\/tr>\n<tr style=\"height: 22px\">\n<td style=\"width: 15.8859%;border-color: #e8e8e8;text-align: center;vertical-align: middle;height: 46px\"><span style=\"font-size: 0.9em\"><strong><img loading=\"lazy\" decoding=\"async\" class=\"aligncenter wp-image-157544 \" src=\"https:\/\/dicodusport.fr\/blog\/wp-content\/uploads\/2021\/08\/Maillot-Jumbo-Visma.png\" alt=\"\" width=\"47\" height=\"57\" \/><\/strong><strong>JUMBO-VISMA<\/strong><\/span><\/td>\n<td style=\"width: 28.5132%;height: 46px;border-color: #e8e8e8;text-align: left;vertical-align: middle\"><strong><span style=\"font-size: 0.8em\">&#8211; R. Dennis (Ineos Grenadiers)<br \/>\n<\/span><\/strong><strong><span style=\"font-size: 0.8em\">&#8211; C. Laporte (Cofidis)<br \/>\n&#8211; T. Van der Sande (Lotto Soudal)<br \/>\n&#8211; M. Hessmann (Jumbo Visma Development)<\/span><\/strong><br \/>\n<strong><span style=\"font-size: 0.8em\">&#8211; M. Van Dijke (Jumbo Visma Development, d\u00e8s septembre 2021)<br \/>\n&#8211; M. Vader (VTT)<\/span><\/strong><span style=\"font-size: 0.8em\"><br \/>\n&#8211; M. Tusveld (Team DSM)<br \/>\n<\/span><span style=\"font-size: 0.8em\">&#8211; T. Van Dijke (Jumbo Visma Development)<\/span><strong><span style=\"font-size: 0.8em\"><br \/>\n<\/span><\/strong><\/td>\n<td style=\"width: 27.9022%;height: 46px;border-color: #e8e8e8;text-align: left;vertical-align: middle\"><strong><span style=\"font-size: 0.8em\">&#8211; T. Martin (Retraite)<br \/>\n&#8211; P. Martens (Retraite)<\/span><\/strong><br \/>\n<strong><span style=\"font-size: 0.8em\">&#8211; G. Bennett (UAE Team Emirates)<br \/>\n<\/span><span style=\"font-size: 0.8em\">&#8211; <\/span><span style=\"font-size: 0.8em\">A. Tolhoek (Trek-Segafredo)<br \/>\n<\/span><\/strong><strong><span style=\"font-size: 0.8em\"><br \/>\n<\/span><\/strong><\/td>\n<td style=\"width: 27.5967%;height: 46px;text-align: left;border-color: #e8e8e8;vertical-align: middle\"><strong><span style=\"font-size: 0.8em\">&#8211; C. Harper \u2192 2022<br \/>\n&#8211; R. Gesink \u2192 2023<\/span><\/strong><br \/>\n<strong><span style=\"font-size: 0.8em\">&#8211; S. Kruijswijk \u2192 2023<\/span><\/strong><br \/>\n<strong><span style=\"font-size: 0.8em\">&#8211; J. Van Emdem \u2192 2023<br \/>\n<\/span><\/strong><span style=\"font-size: 0.8em\"><strong>&#8211; S. Kuss<\/strong> <strong>\u2192 2024<\/strong><\/span><br \/>\n<strong><span style=\"font-size: 0.8em\">&#8211; W. Van Aert \u2192 2024<br \/>\n&#8211; J. Vingegaard \u2192 2024<\/span><\/strong><\/td>\n<\/tr>\n<tr style=\"height: 22px\">\n<td style=\"width: 15.8859%;border-color: #e8e8e8;text-align: center;vertical-align: middle;height: 23px\"><span style=\"font-size: 0.9em\"><strong><img loading=\"lazy\" decoding=\"async\" class=\"aligncenter wp-image-157545 size-full\" src=\"https:\/\/dicodusport.fr\/blog\/wp-content\/uploads\/2021\/08\/Maillot-Lotto-Soudal.png\" alt=\"\" width=\"60\" height=\"64\" \/>LOTTO-SOUDAL<\/strong><strong><br \/>\n<\/strong><\/span><\/td>\n<td style=\"width: 28.5132%;height: 23px;border-color: #e8e8e8;text-align: left;vertical-align: middle\"><strong><span style=\"font-size: 0.8em\">&#8211; V. Campenaerts (Qhubeka Nexthash)<br \/>\n&#8211; A. De Lie (Lotto-Soudal U23)<br \/>\n&#8211; M. Schwarzmann (Bora-Hansgrohe) <\/span><\/strong><br \/>\n<strong><span style=\"font-size: 0.8em\">&#8211; R. Selig (Bora-Hansgrohe)<br \/>\n<\/span><span style=\"font-size: 0.8em\">&#8211; J. Drizners (<\/span><span style=\"font-size: 0.8em\">Hagens Berman Axeon)<\/span><\/strong><\/td>\n<td style=\"width: 27.9022%;height: 23px;border-color: #e8e8e8;text-align: left;vertical-align: middle\"><strong><span style=\"font-size: 0.8em\">&#8211; T. Marczynski (Retraite)<br \/>\n&#8211; J. Degenkolb (Team DSM)<br \/>\n&#8211; T. Van Der Sande (Jumbo-Visma)<br \/>\n&#8211; S. Oldani (Alpecin Fenix)<br \/>\n<\/span><span style=\"font-size: 0.8em\">&#8211; K. Goossens (Intermarch\u00e9 Wanty Gobert)<\/span><\/strong><span style=\"font-size: 0.8em\"><br \/>\n<strong>&#8211; G.Thijssen (Intermarch\u00e9 Wanty Gobert)<\/strong><\/span><strong><span style=\"font-size: 0.8em\"><br \/>\n<\/span><\/strong><\/td>\n<td style=\"width: 27.5967%;height: 23px;text-align: left;border-color: #e8e8e8;vertical-align: middle\"><strong><span style=\"font-size: 0.8em\">&#8211; S. Cras \u2192 2022<br \/>\n&#8211; M. Holmes \u2192 2022<br \/>\n&#8211; C. Ewan \u2192 2024<\/span><\/strong><\/td>\n<\/tr>\n<tr style=\"height: 22px\">\n<td style=\"width: 15.8859%;border-color: #e8e8e8;text-align: center;vertical-align: middle;height: 46px\"><span style=\"font-size: 0.9em\"><strong><img loading=\"lazy\" decoding=\"async\" class=\"aligncenter wp-image-157546 size-full\" src=\"https:\/\/dicodusport.fr\/blog\/wp-content\/uploads\/2021\/08\/Maillot-Movistar.png\" alt=\"\" width=\"60\" height=\"64\" \/>MOVISTAR<\/strong><strong><br \/>\n<\/strong><\/span><\/td>\n<td style=\"width: 28.5132%;height: 46px;border-color: #e8e8e8;text-align: left;vertical-align: middle\"><span style=\"font-size: 0.8em\"><strong>&#8211; A. Aranburu (Astana)<br \/>\n&#8211; O. Rodriguez (Astana)<br \/>\n&#8211; G. Izagirre (Astana)<br \/>\n&#8211; I. Sosa (Ineos Grenadiers)<br \/>\n&#8211; M. Kanter (Team DSM)<br \/>\n&#8211; W. Barta (EF Education Nippo)<br \/>\n&#8211; O. Lazkano (Caja Rural)<br \/>\n&#8211; I. Romeo (MMR Academy)<br \/>\n&#8211; V. Rangel (Telco.m-On Clima-Os\u00e9s)<\/strong><\/span><span style=\"font-size: 0.8em\"><br \/>\n&#8211; J. Narvaez (Ineos Grenadiers)<\/span><\/td>\n<td style=\"width: 27.9022%;height: 46px;border-color: #e8e8e8;text-align: left;vertical-align: middle\"><span style=\"font-size: 0.8em\"><strong>&#8211; M.A. Lopez (Astana)<br \/>\n&#8211; M. Soler (UAE Team Emirates)<br \/>\n&#8211; D. Cataldo (Trek-Segafredo)<br \/>\n&#8211; D. Villella (Cofidis)<br \/>\n&#8211; H. Carretero (Kern Pharma)<br \/>\n&#8211; J.D. Alba (Drone Hopper)<\/strong><br \/>\n&#8211; A. Pedrero (UAE Team Emirates)<br \/>\n<\/span><\/td>\n<td style=\"width: 27.5967%;height: 46px;text-align: left;border-color: #e8e8e8;vertical-align: middle\"><strong><span style=\"font-size: 0.8em\">&#8211; I. Erviti \u2192 2022<br \/>\n&#8211; L. Mas \u2192 2022<br \/>\n&#8211; J.J. Rojas \u2192 2022<br \/>\n&#8211; A. Valverde \u2192 2022<br \/>\n&#8211; A. Torres \u2192 2023<br \/>\n&#8211; E. Rubio \u2192 2023<br \/>\n&#8211; A. Pedrero \u2192 2023<br \/>\n&#8211; N. Oliveira \u2192 2023<br \/>\n&#8211; C. Verona \u2192 2023<br \/>\n&#8211; J. Hollmann \u2192 2023<br \/>\n&#8211; J. Arcas \u2192 2023<br \/>\n<\/span><\/strong><\/td>\n<\/tr>\n<tr style=\"height: 22px\">\n<td style=\"width: 15.8859%;border-color: #e8e8e8;text-align: center;vertical-align: middle\"><strong style=\"font-size: 0.9em\"><img loading=\"lazy\" decoding=\"async\" class=\"aligncenter wp-image-157547 size-full\" src=\"https:\/\/dicodusport.fr\/blog\/wp-content\/uploads\/2021\/08\/Maillot-Team-BikeExchange.png\" alt=\"\" width=\"60\" height=\"64\" \/>TEAM BIKEEXCHANGE<br \/>\n<\/strong><\/td>\n<td style=\"width: 28.5132%;border-color: #e8e8e8;text-align: left;vertical-align: middle\"><span style=\"font-size: 0.8em\"><strong>&#8211; L. Craddock (BF Education Nippo)<br \/>\n&#8211; M. Sobrero (Astana)<br \/>\n&#8211; A. Balmer (Conti Groupama-FDJ)<br \/>\n&#8211; J. Maas (Leopard)<br \/>\n&#8211; C. Stewart (Black Spoke Pro Cycling)<br \/>\n&#8211; J.D. Pena (Colombia Tierra)<br \/>\n&#8211; K. O&rsquo;Brien (InForm TMX MAKE)<\/strong><br \/>\n&#8211; J. Drizners (Hagens Berman Axeon)<\/span><\/td>\n<td style=\"width: 27.9022%;border-color: #e8e8e8;text-align: left;vertical-align: middle\"><strong><span style=\"font-size: 0.8em\">&#8211; B. Bookwalter (Retraite)<\/span><\/strong><br \/>\n<strong><span style=\"font-size: 0.8em\">&#8211; E. Chaves (EF Education Nippo)<br \/>\n&#8211; R. Stannard (Alpecin-Fenix)<br \/>\n&#8211; A. Zeits (Astana)<br \/>\n<\/span><\/strong><span style=\"font-size: 0.8em\">&#8211; M. Nieve (?)<\/span><\/td>\n<td style=\"width: 27.5967%;border-color: #e8e8e8;text-align: left;vertical-align: middle\"><strong><span style=\"font-size: 0.8em\">&#8211; A. Konyshev \u2192 2022<br \/>\n&#8211; T. Grmay \u2192 2023<br \/>\n&#8211; M. Hepburn \u2192 2023<br \/>\n&#8211; C. Juul Jensen \u2192 2023<br \/>\n<\/span><\/strong><\/td>\n<\/tr>\n<tr style=\"height: 22px\">\n<td style=\"width: 15.8859%;border-color: #e8e8e8;text-align: center;vertical-align: middle;height: 115px\"><span style=\"font-size: 0.9em\"><strong><img loading=\"lazy\" decoding=\"async\" class=\"aligncenter wp-image-157548 size-full\" src=\"https:\/\/dicodusport.fr\/blog\/wp-content\/uploads\/2021\/08\/Maillot-Team-DSM.png\" alt=\"\" width=\"60\" height=\"64\" \/>TEAM DSM<br \/>\n<\/strong><\/span><\/td>\n<td style=\"width: 28.5132%;height: 115px;border-color: #e8e8e8;text-align: left;vertical-align: middle\"><strong><span style=\"font-size: 0.8em\">&#8211; J. Degenkolb (Lotto Soudal)<br \/>\n&#8211; J. Hvideberg (Uno-X)<br \/>\n&#8211; F. Rodenberg Madsen (Uno-X)<\/span><\/strong><br \/>\n<strong><span style=\"font-size: 0.8em\">&#8211; L. Heinschke (DSM Development)<br \/>\n&#8211; M. Mayrhofer (DSM Development)<br \/>\n&#8211; H. Vandenabeele (DSM Development) <\/span><\/strong><\/td>\n<td style=\"width: 27.9022%;height: 115px;border-color: #e8e8e8;text-align: left;vertical-align: middle\"><span style=\"font-size: 0.8em\"><strong>&#8211; N. Roche (Retraite)<br \/>\n&#8211; J. Hindley (Bora-Hansgrohe)<\/strong><\/span><br \/>\n<span style=\"font-size: 0.8em\"><strong>&#8211; M. Storer (Groupama-FDJ)<br \/>\n&#8211; M. Kanter (Movistar)<br \/>\n&#8211; I. Van Wilder (Deceuninck &#8211; Quick-Step)<br \/>\n<span style=\"font-size: 0.9em\">&#8211; F. Gall (AG2R Citro\u00ebn)<br \/>\n&#8211; J. S\u00fctterlin (Bahrain Victorious)<br \/>\n&#8211; C. Haga (Rally)<\/span><br \/>\n<\/strong>&#8211; T. Benoot (Intermarch\u00e9 Wanty Gobert)<br \/>\n&#8211; S. Kragh Andersen (Israel Start-Up Nation)<br \/>\n&#8211; M. Tusveld (Jumbo Visma)<strong><br \/>\n<\/strong><\/span><\/td>\n<td style=\"width: 27.5967%;height: 115px;text-align: left;border-color: #e8e8e8;vertical-align: middle\"><\/td>\n<\/tr>\n<tr style=\"height: 22px\">\n<td style=\"width: 15.8859%;border-color: #e8e8e8;text-align: center;vertical-align: middle;height: 69px\"><span style=\"font-size: 0.9em\"><strong><img loading=\"lazy\" decoding=\"async\" class=\"aligncenter wp-image-157549 size-full\" src=\"https:\/\/dicodusport.fr\/blog\/wp-content\/uploads\/2021\/08\/Maillot-Team-Qhubeka-Nexthash.png\" alt=\"\" width=\"60\" height=\"64\" \/>TEAM QHUBEKA NEXTHASH<\/strong><strong><br \/>\n<\/strong><\/span><\/td>\n<td style=\"width: 28.5132%;height: 69px;border-color: #e8e8e8;text-align: left;vertical-align: middle\"><span style=\"font-size: 0.8em\"><strong>&#8211; H. Mulubhran (Qhubeka)<br \/>\n<\/strong>&#8211; S. Bax (Metec-Solarwatt)<strong><br \/>\n<\/strong><\/span><\/td>\n<td style=\"width: 27.9022%;height: 69px;border-color: #e8e8e8;text-align: left;vertical-align: middle\"><span style=\"font-size: 0.8em\"><strong>&#8211; V. Campenaerts (Lotto-Soudal)<br \/>\n&#8211; G. Nizzolo (Israel Start-Up Nation)<br \/>\n&#8211; M. Walscheid (Cofidis)<br \/>\n&#8211; S. Arm\u00e9e (Cofidis)<br \/>\n&#8211; M. Gogl (Alpecin-Fenix)<\/strong><br \/>\n<strong>&#8211; D. Claeys (Intermarch\u00e9 Wanty Gobert)<br \/>\n&#8211; M. Schmid (Deceuninck &#8211; Quick-Step)<br \/>\n&#8211; L. Wisniowski (EF Education Nippo)<br \/>\n&#8211; H. Tanfield (Ribble Weldtite)<br \/>\n<\/strong><\/span><strong><span style=\"font-size: 0.8em\">&#8211; K. Vacek (Tirol LTM)<\/span><\/strong><br \/>\n<span style=\"font-size: 0.8em\">&#8211; L.N. Hansen (Uno X)<\/span><\/td>\n<td style=\"width: 27.5967%;height: 69px;text-align: left;border-color: #e8e8e8;vertical-align: middle\"><\/td>\n<\/tr>\n<tr style=\"height: 22px\">\n<td style=\"width: 15.8859%;border-color: #e8e8e8;text-align: center;vertical-align: middle;height: 22px\"><strong style=\"font-size: 0.9em\"><img loading=\"lazy\" decoding=\"async\" class=\"aligncenter wp-image-157551 size-full\" src=\"https:\/\/dicodusport.fr\/blog\/wp-content\/uploads\/2021\/08\/Maillot-Trek-Segafredo.png\" alt=\"\" width=\"60\" height=\"64\" \/>TREK-SEGAFREDO<\/strong><\/td>\n<td style=\"width: 28.5132%;height: 22px;border-color: #e8e8e8;text-align: left;vertical-align: middle\"><strong><span style=\"font-size: 0.8em\">&#8211; T. Gallopin (AG2R Citro\u00ebn)<br \/>\n&#8211; A. Tolhoek (Jumbo Visma)<br \/>\n&#8211; D. Cataldo (Movistar)<br \/>\n&#8211; O. Vergaerde (Alpecin-Fenix)<br \/>\n&#8211; J. Aberasturi (Caja Rural)<br \/>\n&#8211; S. Pellaud (Androni)<br \/>\n&#8211; M. Hoelgaard (Uno-X)<br \/>\n&#8211; F. Baroncini (Colpack)<\/span><\/strong><br \/>\n<strong><span style=\"font-size: 0.8em\">&#8211; D. Hoole (SEG Racing) <\/span><\/strong><br \/>\n<strong><span style=\"font-size: 0.8em\">&#8211; A. Hellemose (VC Mendrisio)<\/span><\/strong><span style=\"font-size: 0.8em\"><br \/>\n<strong>&#8211; M. Brustenga (Caja Rural &#8211; Seguros RGA Amateurs)<\/strong><br \/>\n&#8211; V. Albanese (Eolo Kometa)<\/span><strong><span style=\"font-size: 0.8em\"><br \/>\n<\/span><\/strong><\/td>\n<td style=\"width: 27.9022%;height: 22px;border-color: #e8e8e8;text-align: left;vertical-align: middle\"><span style=\"font-size: 0.8em\"><strong>&#8211; K. De Kort (Retraite)<br \/>\n&#8211; K. Reijnen (Retraite)<\/strong><\/span><br \/>\n<span style=\"font-size: 0.8em\"><strong>&#8211; V. Nibali (Astana)<br \/>\n&#8211; A. Nibali (Astana)<br \/>\n&#8211; N. Eg (Uno-X)<\/strong><\/span><br \/>\n<span style=\"font-size: 0.8em\"><strong>&#8211; R. Mullen (Bora-Hansgrohe)<br \/>\n&#8211; M. Ries (Ark\u00e9a-Samsic)<br \/>\n<\/strong>&#8211; N. Conci (Eolo Kometa, Gazprom)<br \/>\n<\/span><\/td>\n<td style=\"width: 27.5967%;height: 22px;text-align: left;border-color: #e8e8e8;vertical-align: middle\"><strong><span style=\"font-size: 0.8em\">&#8211; J. Egholm \u2192 2022<br \/>\n&#8211; B. Mollema \u2192 2022<\/span><\/strong><br \/>\n<strong><span style=\"font-size: 0.8em\">&#8211; M. Pedersen \u2192 2022<br \/>\n&#8211; A. Kamp \u2192 2022<br \/>\n<\/span><\/strong><span style=\"font-size: 0.8em\"><strong>&#8211; J. Stuyven<\/strong> <strong>\u2192 2022<\/strong><\/span><br \/>\n<strong><span style=\"font-size: 0.8em\">&#8211; J. Bernard \u2192 2023<br \/>\n&#8211; K. Elissonde \u2192 2023<br \/>\n&#8211; J.P. Lopez \u2192 2023<br \/>\n&#8211; Q. Simmons \u2192 2023<br \/>\n&#8211; A. Kirsch \u2192 2023<br \/>\n&#8211; E. Liepins \u2192 2023<br \/>\n&#8211; E. Theuns \u2192 2023<br \/>\n&#8211; G. Ciccone \u2192 2024<br \/>\n&#8211; A. Tiberi \u2192 2024<br \/>\n<\/span><\/strong><\/td>\n<\/tr>\n<tr style=\"height: 22px\">\n<td style=\"width: 15.8859%;border-color: #e8e8e8;text-align: center;vertical-align: middle;height: 69px\"><span style=\"font-size: 0.9em\"><strong><img loading=\"lazy\" decoding=\"async\" class=\"aligncenter wp-image-157552 size-full\" src=\"https:\/\/dicodusport.fr\/blog\/wp-content\/uploads\/2021\/08\/Maillot-UAE-Team-Emirates.png\" alt=\"\" width=\"60\" height=\"64\" \/><\/strong><strong>UAE TEAM EMIRATES<\/strong><\/span><\/td>\n<td style=\"width: 28.5132%;height: 69px;border-color: #e8e8e8;text-align: left;vertical-align: middle\"><strong><span style=\"font-size: 0.8em\">&#8211; F. Fisher-Black (Jumbo-Visma Development, \u00e0 partir du 14\/07\/21)<br \/>\n<\/span><span style=\"font-size: 0.8em\">&#8211; P. Ackermann (Bora-Hansgrohe)<\/span><\/strong><br \/>\n<strong><span style=\"font-size: 0.8em\">&#8211; J. Almeida (Deceuninck-Quick-Step) <\/span><\/strong><br \/>\n<strong><span style=\"font-size: 0.8em\">&#8211; G. Bennett (Jumbo Visma)<\/span><\/strong><br \/>\n<strong><span style=\"font-size: 0.8em\">&#8211; F. Gro\u00df (Rad-Net rose)<\/span><\/strong><br \/>\n<strong><span style=\"font-size: 0.8em\">&#8211; A. Hodeg (Deceuninck-Quick-Step)<br \/>\n&#8211; A. Brunel (Groupama-FDJ) <\/span><\/strong><br \/>\n<strong><span style=\"font-size: 0.8em\">&#8211; M. Soler (Movistar)<\/span><\/strong><span style=\"font-size: 0.8em\"><br \/>\n&#8211; V. Albanese (Eolo Kometa)<br \/>\n<\/span><span style=\"font-size: 0.8em\">&#8211; A. Pedrero (Movistar)<\/span><strong><span style=\"font-size: 0.8em\"><br \/>\n<\/span><\/strong><\/td>\n<td style=\"width: 27.9022%;height: 69px;border-color: #e8e8e8;text-align: left;vertical-align: middle\"><span style=\"font-size: 0.8em\"><strong>&#8211; M. Marcato (Retraite)<\/strong><br \/>\n<strong>&#8211; D. De la Cruz (Astana)<br \/>\n&#8211; J. Dombrowski (Astana)<\/strong><\/span><br \/>\n<span style=\"font-size: 0.8em\"><strong>&#8211; A. Riabushenko (Astana)<br \/>\n&#8211; C.C. Munoz (Team EPM)<\/strong><br \/>\n<\/span><\/td>\n<td style=\"width: 27.5967%;height: 69px;text-align: left;border-color: #e8e8e8;vertical-align: middle\"><strong><span style=\"font-size: 0.8em\">&#8211; R. Costa \u2192 2022<br \/>\n&#8211; F. Gaviria \u2192 2022<br \/>\n&#8211; J. Polanc \u2192 2022<br \/>\n&#8211; A. Covi \u2192 2024<br \/>\n<\/span><\/strong><strong><span style=\"font-size: 0.8em\">&#8211; T. Pogacar \u2192 2027<\/span><\/strong><\/td>\n<\/tr>\n<tr style=\"height: 22px\">\n<td style=\"width: 15.8859%;border-color: #e8e8e8;text-align: center;vertical-align: middle;height: 46px\"><span style=\"font-size: 0.9em\"><strong><img loading=\"lazy\" decoding=\"async\" class=\"aligncenter wp-image-157532 size-full\" src=\"https:\/\/dicodusport.fr\/blog\/wp-content\/uploads\/2021\/08\/Maillot-Arkea-Samsic.png\" alt=\"\" width=\"60\" height=\"64\" \/>ARK\u00c9A-SAMSIC<\/strong><strong><br \/>\n<\/strong><\/span><\/td>\n<td style=\"width: 28.5132%;height: 46px;border-color: #e8e8e8;text-align: left;vertical-align: middle\"><strong><span style=\"font-size: 0.8em\">&#8211; S. Guglielmi (Groupama-FDJ)<br \/>\n&#8211; N. Edet (Cofidis)<br \/>\n&#8211; H. Hofstetter (Israel Start-Up Nation)<br \/>\n&#8211; M. Ries (Trek-Segafredo)<br \/>\n&#8211; K. Vauquelin (VC Rouen 76)<br \/>\n&#8211; A. Verre (Colpack-Ballan)<\/span><span style=\"font-size: 0.8em\"><br \/>\n<\/span><\/strong><\/td>\n<td style=\"width: 27.9022%;height: 46px;border-color: #e8e8e8;text-align: left;vertical-align: middle\"><strong><span style=\"font-size: 0.8em\">&#8211; B. Welten (Groupama-FDJ)<br \/>\n&#8211; D. Rosa (Eolo Kometa)<br \/>\n<\/span><\/strong><span style=\"font-size: 0.8em\">&#8211; T. Boudat (B&amp;B Hotels P\/B Hotels)<br \/>\n&#8211; W. Anacona (?)<\/span><strong><span style=\"font-size: 0.8em\"><br \/>\n<\/span><\/strong><\/td>\n<td style=\"width: 27.5967%;height: 46px;text-align: left;border-color: #e8e8e8;vertical-align: middle\"><strong><span style=\"font-size: 0.8em\">&#8211; M. Bouet \u2192 2022<br \/>\n&#8211; B. Declercq \u2192 2022<br \/>\n&#8211; A. Delaplace \u2192 2022<br \/>\n&#8211; R. Hardy \u2192 2022<br \/>\n&#8211; K. Ledanois \u2192 2022<br \/>\n&#8211; C. Noppe \u2192 2022<br \/>\n&#8211; L. Pichon \u2192 2022<\/span><\/strong><br \/>\n<strong><span style=\"font-size: 0.8em\">&#8211; N. Bouhanni \u2192 2023<\/span><\/strong><br \/>\n<strong><span style=\"font-size: 0.8em\">&#8211; A. Capiot \u2192 2023<br \/>\n<\/span><\/strong><span style=\"font-size: 0.8em\"><strong>&#8211; M. Louvel<\/strong> <strong>\u2192 2023<\/strong><\/span><br \/>\n<strong><span style=\"font-size: 0.8em\">&#8211; L. Owsian \u2192 2023<br \/>\n&#8211; C. Russo \u2192 2023<\/span><\/strong><\/td>\n<\/tr>\n<tr style=\"height: 22px\">\n<td style=\"width: 15.8859%;border-color: #e8e8e8;text-align: center;vertical-align: middle;height: 46px\"><span style=\"font-size: 0.9em\"><strong><img loading=\"lazy\" decoding=\"async\" class=\"aligncenter wp-image-157534 size-full\" src=\"https:\/\/dicodusport.fr\/blog\/wp-content\/uploads\/2021\/08\/Maillot-BB-Hotels-PB-KTM.png\" alt=\"\" width=\"60\" height=\"64\" \/>B&amp;B HOTELS P\/B KTM<\/strong><br \/>\n<\/span><\/td>\n<td style=\"width: 28.5132%;height: 46px;border-color: #e8e8e8;text-align: left;vertical-align: middle\"><span style=\"font-size: 0.8em\"><strong>&#8211; A. Gougeard (AG2R Citro\u00ebn)<br \/>\n&#8211; P. Barbier (Delko)<br \/>\n&#8211; M. Heidemann (Leopard)<br \/>\n&#8211; A. Laurance (VC Pays de Loud\u00e9ac)<br \/>\n&#8211; A. Lagr\u00e9e (VC Pays de Loud\u00e9ac)<br \/>\n&#8211; V. Koretzky (VTT, Team KMC Eko\u00ef Orbea)<br \/>\n&#8211; J. Warlop (Sport Vlaanderen-Baloise)<br \/>\n&#8211; R. Parisella (Les Sables Vend\u00e9e Cyclisme)<\/strong><br \/>\n&#8211; T. Boudat (Ark\u00e9a-Samsic)<\/span><\/td>\n<td style=\"width: 27.9022%;height: 46px;border-color: #e8e8e8;text-align: left;vertical-align: middle\"><strong><span style=\"font-size: 0.8em\">&#8211; F. Backaert (Retraite)<br \/>\n&#8211; N. Bagioli (Retraite)<\/span><\/strong><br \/>\n<strong><span style=\"font-size: 0.8em\">&#8211; B. De Backer (Retraite)<\/span><\/strong><br \/>\n<strong><span style=\"font-size: 0.8em\">&#8211; K. Reza (Retraite)<\/span><\/strong><br \/>\n<strong><span style=\"font-size: 0.8em\">&#8211; J. Van Genechten (Retraite)<\/span><\/strong><br \/>\n<strong><span style=\"font-size: 0.8em\">&#8211; B. Coquard (Cofidis)<br \/>\n&#8211; Q. Pacher (Groupama-FDJ)<\/span><\/strong><\/td>\n<td style=\"width: 27.5967%;height: 46px;text-align: left;border-color: #e8e8e8;vertical-align: middle\"><strong><span style=\"font-size: 0.8em\">&#8211; C. Lemoine \u2192 2022<br \/>\n&#8211; J. Morice \u2192 2022<\/span><\/strong><br \/>\n<strong><span style=\"font-size: 0.8em\">&#8211; C. Barthe \u2192 2023<\/span><\/strong><br \/>\n<strong><span style=\"font-size: 0.8em\">&#8211; J. Debusschere \u2192 2023<br \/>\n<\/span><\/strong><span style=\"font-size: 0.8em\"><strong>&#8211; J. Lecroq<\/strong> <strong>\u2192 2023<br \/>\n&#8211; E. Lietaer \u2192 2023<br \/>\n&#8211; S. Schonberger \u2192 2023<br \/>\n<\/strong><\/span><\/td>\n<\/tr>\n<tr style=\"height: 22px\">\n<td style=\"width: 15.8859%;border-color: #e8e8e8;text-align: center;vertical-align: middle;height: 23px\"><span style=\"font-size: 0.9em\"><strong><img loading=\"lazy\" decoding=\"async\" class=\"aligncenter wp-image-157550 size-full\" src=\"https:\/\/dicodusport.fr\/blog\/wp-content\/uploads\/2021\/08\/Maillot-TotalEnergies.png\" alt=\"\" width=\"60\" height=\"64\" \/>TOTALENERGIES<\/strong><\/span><\/td>\n<td style=\"width: 28.5132%;height: 23px;border-color: #e8e8e8;text-align: left;vertical-align: middle\"><strong><span style=\"font-size: 0.8em\">&#8211; M. Bodnar (Bora-Hansgrohe)<\/span><\/strong><br \/>\n<strong><span style=\"font-size: 0.8em\">&#8211; D. Oss (Bora-Hansgrohe)<\/span><\/strong><br \/>\n<strong><span style=\"font-size: 0.8em\">&#8211; P. Sagan (Bora-Hansgrohe)<br \/>\n&#8211; J. Sagan (Bora-Hansgrohe)<br \/>\n&#8211; A. Jousseaume (Vend\u00e9e U)<br \/>\n&#8211; S. Dujardin (Vend\u00e9e U)<\/span><\/strong><strong><span style=\"font-size: 0.8em\"><br \/>\n<\/span><\/strong><\/td>\n<td style=\"width: 27.9022%;height: 23px;border-color: #e8e8e8;text-align: left;vertical-align: middle\"><strong><span style=\"font-size: 0.8em\">&#8211; R. Sicard (Retraite)<br \/>\n<\/span><span style=\"font-size: 0.8em\">&#8211; A. Petit (Intermarch\u00e9 Wanty Gobert)<br \/>\n&#8211; F. Ma\u00eetre (Laval Cyclisme 53)<\/span><span style=\"font-size: 0.8em\"><br \/>\n<\/span><\/strong><\/td>\n<td style=\"width: 27.5967%;height: 23px;text-align: left;border-color: #e8e8e8;vertical-align: middle\"><strong><span style=\"font-size: 0.8em\">&#8211; F. Grellier \u2192 2022<br \/>\n&#8211; C. Lawless \u2192 2022<br \/>\n&#8211; L. Manzin \u2192 2022<br \/>\n&#8211; P. Ourselin \u2192 2022<br \/>\n&#8211; J. Simon \u2192 2022<br \/>\n&#8211; D. Van Gestel \u2192 2022<br \/>\n&#8211; E. Boasson Hagen \u2192 2023<br \/>\n&#8211; J. Cabot \u2192 2023<br \/>\n&#8211; V. de la Parte \u2192 2023<br \/>\n<\/span><\/strong><\/td>\n<\/tr>\n<tr>\n<td style=\"width: 15.8859%;border-color: #e8e8e8;text-align: center;vertical-align: middle\"><img loading=\"lazy\" decoding=\"async\" class=\"aligncenter wp-image-157558 \" src=\"https:\/\/dicodusport.fr\/blog\/wp-content\/uploads\/2021\/08\/Delko.png\" alt=\"\" width=\"56\" height=\"56\" srcset=\"https:\/\/dicodusport.fr\/blog\/wp-content\/uploads\/2021\/08\/Delko.png 256w, https:\/\/dicodusport.fr\/blog\/wp-content\/uploads\/2021\/08\/Delko-150x150.png 150w, https:\/\/dicodusport.fr\/blog\/wp-content\/uploads\/2021\/08\/Delko-80x80.png 80w\" sizes=\"auto, (max-width: 56px) 100vw, 56px\" \/><span style=\"font-size: 0.9em\"><strong>TEAM DELKO<\/strong><\/span><\/td>\n<td style=\"width: 28.5132%;border-color: #e8e8e8;text-align: left;vertical-align: middle\"><\/td>\n<td style=\"width: 27.9022%;border-color: #e8e8e8;text-align: left;vertical-align: middle\"><strong><span style=\"font-size: 0.8em\">&#8211; C. Berthet (AG2R Citroen, depuis le 01\/08\/21)<\/span><\/strong><br \/>\n<strong><span style=\"font-size: 0.8em\">&#8211; B. Girmay Hailu (Intermarch\u00e9-Wanty Gobert, depuis le 31\/05\/21)<\/span><\/strong><br \/>\n<strong><span style=\"font-size: 0.8em\">&#8211; M. Ishigami (NIPPO-Provence-PTS Conti, depuis le 31\/05\/21)<\/span><\/strong><br \/>\n<strong><span style=\"font-size: 0.8em\">&#8211; A. Oka (NIPPO-Provence-PTS Conti, depuis le 28\/04\/21)<\/span><\/strong><br \/>\n<strong><span style=\"font-size: 0.8em\">&#8211; A. Zingle (Cofidis)<br \/>\n&#8211; A. Delettre (Cofidis)<br \/>\n&#8211; P. Barbier (B&amp;B Hotels P\/B Hotels)<br \/>\n&#8211; J.M. Diaz (Intermach\u00e9 Wanty Gobert)<br \/>\n&#8211; E. Prades (Caja Rural)<br \/>\n&#8211; E-M Grosu (Androni)<br \/>\n&#8211; J. Goncalves (W52 &#8211; FC Porto)<br \/>\n<\/span><\/strong><span style=\"font-size: 0.8em\"><strong>&#8211; A. Fedeli (Gazprom)<br \/>\n&#8211; M. Le Turnier (Team U Nantes Atlantique)<\/strong><br \/>\n<\/span><span style=\"font-size: 0.8em\">&#8211; M. Finetto (Gazprom)<\/span><strong><span style=\"font-size: 0.8em\"><br \/>\n<\/span><\/strong><\/td>\n<td style=\"width: 27.5967%;text-align: left;border-color: #e8e8e8;vertical-align: middle\"><strong><span style=\"font-size: 0.8em\">&#8211; L. de Rossi \u2192 2022<\/span><\/strong><\/td>\n<\/tr>\n<\/tbody>\n<\/table>\n<\/div>\n<p style=\"text-align: justify;\"><span style=\"font-size: 14px;\"><em><strong>PS : Si certains transferts et\/ou certaines prolongations sont oubli\u00e9s dans ce tableau, n&rsquo;h\u00e9sitez pas \u00e0 nous les signaler, merci !<\/strong><\/em><\/span><\/p>\n<h2 style=\"text-align: justify;\"><strong>\u00c0 lire aussi<\/strong><\/h2>\n<ul>\n<li style=\"text-align: justify;\"><a href=\"https:\/\/dicodusport.fr\/blog\/cyclisme-top-15-coureurs-mieux-payes-peloton-2021\/\" target=\"_blank\" rel=\"noopener\"><strong>Le top 12 des coureurs les mieux pay\u00e9s du peloton en 2021<\/strong><\/a><\/li>\n<\/ul>\n","protected":false},"excerpt":{"rendered":"<p>Cyclisme 2021\/2022 &#8211; Retrouvez toutes les rumeurs ainsi que les transferts du mercato des \u00e9quipes UCI WorldTeam, mais aussi des \u00e9quipes fran\u00e7aises en UCI ProTeam.<\/p>\n","protected":false},"author":4,"featured_media":157894,"comment_status":"open","ping_status":"closed","sticky":false,"template":"","format":"standard","meta":{"_acf_changed":false,"_daextam_enable_autolinks":"","footnotes":""},"categories":[46994],"tags":[574,8386,8388,10856,10855,5773],"class_list":["post-146707","post","type-post","status-publish","format-standard","has-post-thumbnail","hentry","category-cyclisme-sur-route","tag-cyclisme","tag-mercato-cyclisme","tag-transferts-cyclisme","tag-uci-proteam","tag-uci-worldteam","tag-world-tour"],"acf":[],"yoast_head":"<!-- This site is optimized with the Yoast SEO Premium plugin v26.7 (Yoast SEO v26.7) - https:\/\/yoast.com\/wordpress\/plugins\/seo\/ -->\n<title>Cyclisme - Transferts 2021\/2022 : le tableau du mercato<\/title>\n<meta name=\"description\" content=\"Cyclisme 2021\/2022 - Retrouvez toutes les rumeurs et les transferts du mercato des \u00e9quipes UCI WorldTeam et des \u00e9quipes fran\u00e7aises en UCI ProTeam.\" \/>\n<meta name=\"robots\" content=\"index, follow, max-snippet:-1, max-image-preview:large, max-video-preview:-1\" \/>\n<link rel=\"canonical\" href=\"https:\/\/dicodusport.fr\/blog\/cyclisme-transferts-2021-2022-tableau-mercato\/\" \/>\n<meta property=\"og:locale\" content=\"fr_FR\" \/>\n<meta property=\"og:type\" content=\"article\" \/>\n<meta property=\"og:title\" content=\"Cyclisme - Transferts 2021\/2022 : le tableau du mercato\" \/>\n<meta property=\"og:description\" content=\"Cyclisme 2021\/2022 - Retrouvez toutes les rumeurs et les transferts du mercato des \u00e9quipes UCI WorldTeam et des \u00e9quipes fran\u00e7aises en UCI ProTeam.\" \/>\n<meta property=\"og:url\" content=\"https:\/\/dicodusport.fr\/blog\/cyclisme-transferts-2021-2022-tableau-mercato\/\" \/>\n<meta property=\"og:site_name\" content=\"Dicodusport\" \/>\n<meta property=\"article:publisher\" content=\"https:\/\/www.facebook.com\/dicodusport\" \/>\n<meta property=\"article:author\" content=\"https:\/\/www.facebook.com\/florent.ostermann\" \/>\n<meta property=\"article:published_time\" content=\"2021-11-16T09:39:31+00:00\" \/>\n<meta property=\"article:modified_time\" content=\"2022-01-30T14:30:06+00:00\" \/>\n<meta property=\"og:image\" content=\"https:\/\/dicodusport.fr\/blog\/wp-content\/uploads\/2021\/08\/Cyclisme-Transferts-2021-2022-Le-tableau-du-mercato.png\" \/>\n\t<meta property=\"og:image:width\" content=\"800\" \/>\n\t<meta property=\"og:image:height\" content=\"445\" \/>\n\t<meta property=\"og:image:type\" content=\"image\/png\" \/>\n<meta name=\"author\" content=\"Flo Ostermann\" \/>\n<meta name=\"twitter:card\" content=\"summary_large_image\" \/>\n<meta name=\"twitter:title\" content=\"Cyclisme - Transferts 2021\/2022 : le tableau du mercato\" \/>\n<meta name=\"twitter:creator\" content=\"@https:\/\/twitter.com\/FlOstermann\" \/>\n<meta name=\"twitter:site\" content=\"@dicodusport\" \/>\n<script type=\"application\/ld+json\" class=\"yoast-schema-graph\">{\"@context\":\"https:\/\/schema.org\",\"@graph\":[{\"@type\":\"NewsArticle\",\"@id\":\"https:\/\/dicodusport.fr\/blog\/cyclisme-transferts-2021-2022-tableau-mercato\/#article\",\"isPartOf\":{\"@id\":\"https:\/\/dicodusport.fr\/blog\/cyclisme-transferts-2021-2022-tableau-mercato\/\"},\"author\":{\"name\":\"Flo Ostermann\",\"@id\":\"https:\/\/dicodusport.fr\/blog\/#\/schema\/person\/cb02af4c173ce4a653b55e9baf388d4a\"},\"headline\":\"Cyclisme &#8211; Transferts 2021\/2022 : le tableau du mercato\",\"datePublished\":\"2021-11-16T09:39:31+00:00\",\"dateModified\":\"2022-01-30T14:30:06+00:00\",\"mainEntityOfPage\":{\"@id\":\"https:\/\/dicodusport.fr\/blog\/cyclisme-transferts-2021-2022-tableau-mercato\/\"},\"wordCount\":2398,\"commentCount\":8,\"publisher\":{\"@id\":\"https:\/\/dicodusport.fr\/blog\/#organization\"},\"image\":{\"@id\":\"https:\/\/dicodusport.fr\/blog\/cyclisme-transferts-2021-2022-tableau-mercato\/#primaryimage\"},\"thumbnailUrl\":\"https:\/\/dicodusport.fr\/blog\/wp-content\/uploads\/2021\/08\/Cyclisme-Transferts-2021-2022-Le-tableau-du-mercato.png\",\"keywords\":[\"Cyclisme\",\"Mercato Cyclisme\",\"Transferts Cyclisme\",\"UCI ProTeam\",\"UCI WorldTeam\",\"World Tour\"],\"articleSection\":[\"Cyclisme sur route\"],\"inLanguage\":\"fr-FR\",\"potentialAction\":[{\"@type\":\"CommentAction\",\"name\":\"Comment\",\"target\":[\"https:\/\/dicodusport.fr\/blog\/cyclisme-transferts-2021-2022-tableau-mercato\/#respond\"]}],\"copyrightYear\":\"2021\",\"copyrightHolder\":{\"@id\":\"https:\/\/dicodusport.fr\/blog\/#organization\"}},{\"@type\":\"WebPage\",\"@id\":\"https:\/\/dicodusport.fr\/blog\/cyclisme-transferts-2021-2022-tableau-mercato\/\",\"url\":\"https:\/\/dicodusport.fr\/blog\/cyclisme-transferts-2021-2022-tableau-mercato\/\",\"name\":\"Cyclisme - Transferts 2021\/2022 : le tableau du mercato\",\"isPartOf\":{\"@id\":\"https:\/\/dicodusport.fr\/blog\/#website\"},\"primaryImageOfPage\":{\"@id\":\"https:\/\/dicodusport.fr\/blog\/cyclisme-transferts-2021-2022-tableau-mercato\/#primaryimage\"},\"image\":{\"@id\":\"https:\/\/dicodusport.fr\/blog\/cyclisme-transferts-2021-2022-tableau-mercato\/#primaryimage\"},\"thumbnailUrl\":\"https:\/\/dicodusport.fr\/blog\/wp-content\/uploads\/2021\/08\/Cyclisme-Transferts-2021-2022-Le-tableau-du-mercato.png\",\"datePublished\":\"2021-11-16T09:39:31+00:00\",\"dateModified\":\"2022-01-30T14:30:06+00:00\",\"description\":\"Cyclisme 2021\/2022 - Retrouvez toutes les rumeurs et les transferts du mercato des \u00e9quipes UCI WorldTeam et des \u00e9quipes fran\u00e7aises en UCI ProTeam.\",\"breadcrumb\":{\"@id\":\"https:\/\/dicodusport.fr\/blog\/cyclisme-transferts-2021-2022-tableau-mercato\/#breadcrumb\"},\"inLanguage\":\"fr-FR\",\"potentialAction\":[{\"@type\":\"ReadAction\",\"target\":[\"https:\/\/dicodusport.fr\/blog\/cyclisme-transferts-2021-2022-tableau-mercato\/\"]}]},{\"@type\":\"ImageObject\",\"inLanguage\":\"fr-FR\",\"@id\":\"https:\/\/dicodusport.fr\/blog\/cyclisme-transferts-2021-2022-tableau-mercato\/#primaryimage\",\"url\":\"https:\/\/dicodusport.fr\/blog\/wp-content\/uploads\/2021\/08\/Cyclisme-Transferts-2021-2022-Le-tableau-du-mercato.png\",\"contentUrl\":\"https:\/\/dicodusport.fr\/blog\/wp-content\/uploads\/2021\/08\/Cyclisme-Transferts-2021-2022-Le-tableau-du-mercato.png\",\"width\":800,\"height\":445,\"caption\":\"Cyclisme - Transferts 2021-2022 - Le tableau du mercato\"},{\"@type\":\"BreadcrumbList\",\"@id\":\"https:\/\/dicodusport.fr\/blog\/cyclisme-transferts-2021-2022-tableau-mercato\/#breadcrumb\",\"itemListElement\":[{\"@type\":\"ListItem\",\"position\":1,\"name\":\"Accueil\",\"item\":\"https:\/\/dicodusport.fr\/blog\/\"},{\"@type\":\"ListItem\",\"position\":2,\"name\":\"Cyclisme &#8211; Transferts 2021\/2022 : le tableau du mercato\"}]},{\"@type\":\"WebSite\",\"@id\":\"https:\/\/dicodusport.fr\/blog\/#website\",\"url\":\"https:\/\/dicodusport.fr\/blog\/\",\"name\":\"Dicodusport\",\"description\":\"L&#039;encyclop\u00e9die de l&#039;actualit\u00e9 sportive\",\"publisher\":{\"@id\":\"https:\/\/dicodusport.fr\/blog\/#organization\"},\"potentialAction\":[{\"@type\":\"SearchAction\",\"target\":{\"@type\":\"EntryPoint\",\"urlTemplate\":\"https:\/\/dicodusport.fr\/blog\/?s={search_term_string}\"},\"query-input\":{\"@type\":\"PropertyValueSpecification\",\"valueRequired\":true,\"valueName\":\"search_term_string\"}}],\"inLanguage\":\"fr-FR\"},{\"@type\":\"NewsMediaOrganization\",\"@id\":\"https:\/\/dicodusport.fr\/blog\/#organization\",\"name\":\"Dicodusport\",\"url\":\"https:\/\/dicodusport.fr\/blog\/\",\"logo\":{\"@type\":\"ImageObject\",\"inLanguage\":\"fr-FR\",\"@id\":\"https:\/\/dicodusport.fr\/blog\/#\/schema\/logo\/image\/\",\"url\":\"https:\/\/dicodusport.fr\/blog\/wp-content\/uploads\/2020\/06\/cropped-LOGO-DICODUSPORT-2020-SANS-FOND-SANS-TEXTE.png\",\"contentUrl\":\"https:\/\/dicodusport.fr\/blog\/wp-content\/uploads\/2020\/06\/cropped-LOGO-DICODUSPORT-2020-SANS-FOND-SANS-TEXTE.png\",\"width\":512,\"height\":512,\"caption\":\"Dicodusport\"},\"image\":{\"@id\":\"https:\/\/dicodusport.fr\/blog\/#\/schema\/logo\/image\/\"},\"sameAs\":[\"https:\/\/www.facebook.com\/dicodusport\",\"https:\/\/x.com\/dicodusport\",\"https:\/\/www.instagram.com\/dicodusport\/\",\"https:\/\/www.youtube.com\/channel\/UC7V2KZ5sd3htJivAbA4ZG3w\"],\"description\":\"Dicodusport est l'encyclop\u00e9die de l'actualit\u00e9 sportive.\",\"email\":\"bonjour@dicodusport.fr\",\"legalName\":\"DICODUSPORT\",\"foundingDate\":\"2018-01-14\",\"vatID\":\"FR71834470973\",\"taxID\":\"83447097300043\",\"numberOfEmployees\":{\"@type\":\"QuantitativeValue\",\"minValue\":\"1\",\"maxValue\":\"10\"}},{\"@type\":\"Person\",\"@id\":\"https:\/\/dicodusport.fr\/blog\/#\/schema\/person\/cb02af4c173ce4a653b55e9baf388d4a\",\"name\":\"Flo Ostermann\",\"image\":{\"@type\":\"ImageObject\",\"inLanguage\":\"fr-FR\",\"@id\":\"https:\/\/dicodusport.fr\/blog\/#\/schema\/person\/image\/\",\"url\":\"https:\/\/dicodusport.fr\/blog\/wp-content\/uploads\/2021\/05\/Flo-Ostermann-150x150.jpg\",\"contentUrl\":\"https:\/\/dicodusport.fr\/blog\/wp-content\/uploads\/2021\/05\/Flo-Ostermann-150x150.jpg\",\"caption\":\"Flo Ostermann\"},\"description\":\"Journaliste\/R\u00e9dacteur depuis septembre 2015 - Mes premiers souvenirs dans le sport ? Les envol\u00e9es du Stade Toulousain et les duels Villeneuve-Schumacher et H\u00e4kkinen-Schumacher \u00e0 la fin des ann\u00e9es 90, la Coupe du monde de football en 1998, l\u2019exploit du XV de France face aux All Blacks en 1999, mais aussi Richard C\u0153ur de Lion qui vole sur les montagnes du Tour de France. Bien parti pour devenir professeur d\u2019EPS, les \u00e9v\u00e9nements de la vie (et la flemme d\u2019animer des s\u00e9ances de 3x500 m\u00e8tres toute ma vie) m\u2019ont conduit \u00e0 revoir mes plans. Me voil\u00e0 depuis fin 2017 sur Dicodusport, m\u00e9dia gr\u00e2ce (et pour) lequel je partage ma passion : le sport dans tous ses \u00e9tats. Le tout accompagn\u00e9 par les fous furieux et folles furieuses cit\u00e9s sur cette page !\",\"sameAs\":[\"https:\/\/www.facebook.com\/florent.ostermann\",\"https:\/\/x.com\/https:\/\/twitter.com\/FlOstermann\",\"admin\"],\"url\":\"https:\/\/dicodusport.fr\/blog\/author\/flo\/\"}]}<\/script>\n<!-- \/ Yoast SEO Premium plugin. -->","yoast_head_json":{"title":"Cyclisme - Transferts 2021\/2022 : le tableau du mercato","description":"Cyclisme 2021\/2022 - Retrouvez toutes les rumeurs et les transferts du mercato des \u00e9quipes UCI WorldTeam et des \u00e9quipes fran\u00e7aises en UCI ProTeam.","robots":{"index":"index","follow":"follow","max-snippet":"max-snippet:-1","max-image-preview":"max-image-preview:large","max-video-preview":"max-video-preview:-1"},"canonical":"https:\/\/dicodusport.fr\/blog\/cyclisme-transferts-2021-2022-tableau-mercato\/","og_locale":"fr_FR","og_type":"article","og_title":"Cyclisme - Transferts 2021\/2022 : le tableau du mercato","og_description":"Cyclisme 2021\/2022 - Retrouvez toutes les rumeurs et les transferts du mercato des \u00e9quipes UCI WorldTeam et des \u00e9quipes fran\u00e7aises en UCI ProTeam.","og_url":"https:\/\/dicodusport.fr\/blog\/cyclisme-transferts-2021-2022-tableau-mercato\/","og_site_name":"Dicodusport","article_publisher":"https:\/\/www.facebook.com\/dicodusport","article_author":"https:\/\/www.facebook.com\/florent.ostermann","article_published_time":"2021-11-16T09:39:31+00:00","article_modified_time":"2022-01-30T14:30:06+00:00","og_image":[{"width":800,"height":445,"url":"https:\/\/dicodusport.fr\/blog\/wp-content\/uploads\/2021\/08\/Cyclisme-Transferts-2021-2022-Le-tableau-du-mercato.png","type":"image\/png"}],"author":"Flo Ostermann","twitter_card":"summary_large_image","twitter_title":"Cyclisme - Transferts 2021\/2022 : le tableau du mercato","twitter_creator":"@https:\/\/twitter.com\/FlOstermann","twitter_site":"@dicodusport","schema":{"@context":"https:\/\/schema.org","@graph":[{"@type":"NewsArticle","@id":"https:\/\/dicodusport.fr\/blog\/cyclisme-transferts-2021-2022-tableau-mercato\/#article","isPartOf":{"@id":"https:\/\/dicodusport.fr\/blog\/cyclisme-transferts-2021-2022-tableau-mercato\/"},"author":{"name":"Flo Ostermann","@id":"https:\/\/dicodusport.fr\/blog\/#\/schema\/person\/cb02af4c173ce4a653b55e9baf388d4a"},"headline":"Cyclisme &#8211; Transferts 2021\/2022 : le tableau du mercato","datePublished":"2021-11-16T09:39:31+00:00","dateModified":"2022-01-30T14:30:06+00:00","mainEntityOfPage":{"@id":"https:\/\/dicodusport.fr\/blog\/cyclisme-transferts-2021-2022-tableau-mercato\/"},"wordCount":2398,"commentCount":8,"publisher":{"@id":"https:\/\/dicodusport.fr\/blog\/#organization"},"image":{"@id":"https:\/\/dicodusport.fr\/blog\/cyclisme-transferts-2021-2022-tableau-mercato\/#primaryimage"},"thumbnailUrl":"https:\/\/dicodusport.fr\/blog\/wp-content\/uploads\/2021\/08\/Cyclisme-Transferts-2021-2022-Le-tableau-du-mercato.png","keywords":["Cyclisme","Mercato Cyclisme","Transferts Cyclisme","UCI ProTeam","UCI WorldTeam","World Tour"],"articleSection":["Cyclisme sur route"],"inLanguage":"fr-FR","potentialAction":[{"@type":"CommentAction","name":"Comment","target":["https:\/\/dicodusport.fr\/blog\/cyclisme-transferts-2021-2022-tableau-mercato\/#respond"]}],"copyrightYear":"2021","copyrightHolder":{"@id":"https:\/\/dicodusport.fr\/blog\/#organization"}},{"@type":"WebPage","@id":"https:\/\/dicodusport.fr\/blog\/cyclisme-transferts-2021-2022-tableau-mercato\/","url":"https:\/\/dicodusport.fr\/blog\/cyclisme-transferts-2021-2022-tableau-mercato\/","name":"Cyclisme - Transferts 2021\/2022 : le tableau du mercato","isPartOf":{"@id":"https:\/\/dicodusport.fr\/blog\/#website"},"primaryImageOfPage":{"@id":"https:\/\/dicodusport.fr\/blog\/cyclisme-transferts-2021-2022-tableau-mercato\/#primaryimage"},"image":{"@id":"https:\/\/dicodusport.fr\/blog\/cyclisme-transferts-2021-2022-tableau-mercato\/#primaryimage"},"thumbnailUrl":"https:\/\/dicodusport.fr\/blog\/wp-content\/uploads\/2021\/08\/Cyclisme-Transferts-2021-2022-Le-tableau-du-mercato.png","datePublished":"2021-11-16T09:39:31+00:00","dateModified":"2022-01-30T14:30:06+00:00","description":"Cyclisme 2021\/2022 - Retrouvez toutes les rumeurs et les transferts du mercato des \u00e9quipes UCI WorldTeam et des \u00e9quipes fran\u00e7aises en UCI ProTeam.","breadcrumb":{"@id":"https:\/\/dicodusport.fr\/blog\/cyclisme-transferts-2021-2022-tableau-mercato\/#breadcrumb"},"inLanguage":"fr-FR","potentialAction":[{"@type":"ReadAction","target":["https:\/\/dicodusport.fr\/blog\/cyclisme-transferts-2021-2022-tableau-mercato\/"]}]},{"@type":"ImageObject","inLanguage":"fr-FR","@id":"https:\/\/dicodusport.fr\/blog\/cyclisme-transferts-2021-2022-tableau-mercato\/#primaryimage","url":"https:\/\/dicodusport.fr\/blog\/wp-content\/uploads\/2021\/08\/Cyclisme-Transferts-2021-2022-Le-tableau-du-mercato.png","contentUrl":"https:\/\/dicodusport.fr\/blog\/wp-content\/uploads\/2021\/08\/Cyclisme-Transferts-2021-2022-Le-tableau-du-mercato.png","width":800,"height":445,"caption":"Cyclisme - Transferts 2021-2022 - Le tableau du mercato"},{"@type":"BreadcrumbList","@id":"https:\/\/dicodusport.fr\/blog\/cyclisme-transferts-2021-2022-tableau-mercato\/#breadcrumb","itemListElement":[{"@type":"ListItem","position":1,"name":"Accueil","item":"https:\/\/dicodusport.fr\/blog\/"},{"@type":"ListItem","position":2,"name":"Cyclisme &#8211; Transferts 2021\/2022 : le tableau du mercato"}]},{"@type":"WebSite","@id":"https:\/\/dicodusport.fr\/blog\/#website","url":"https:\/\/dicodusport.fr\/blog\/","name":"Dicodusport","description":"L&#039;encyclop\u00e9die de l&#039;actualit\u00e9 sportive","publisher":{"@id":"https:\/\/dicodusport.fr\/blog\/#organization"},"potentialAction":[{"@type":"SearchAction","target":{"@type":"EntryPoint","urlTemplate":"https:\/\/dicodusport.fr\/blog\/?s={search_term_string}"},"query-input":{"@type":"PropertyValueSpecification","valueRequired":true,"valueName":"search_term_string"}}],"inLanguage":"fr-FR"},{"@type":"NewsMediaOrganization","@id":"https:\/\/dicodusport.fr\/blog\/#organization","name":"Dicodusport","url":"https:\/\/dicodusport.fr\/blog\/","logo":{"@type":"ImageObject","inLanguage":"fr-FR","@id":"https:\/\/dicodusport.fr\/blog\/#\/schema\/logo\/image\/","url":"https:\/\/dicodusport.fr\/blog\/wp-content\/uploads\/2020\/06\/cropped-LOGO-DICODUSPORT-2020-SANS-FOND-SANS-TEXTE.png","contentUrl":"https:\/\/dicodusport.fr\/blog\/wp-content\/uploads\/2020\/06\/cropped-LOGO-DICODUSPORT-2020-SANS-FOND-SANS-TEXTE.png","width":512,"height":512,"caption":"Dicodusport"},"image":{"@id":"https:\/\/dicodusport.fr\/blog\/#\/schema\/logo\/image\/"},"sameAs":["https:\/\/www.facebook.com\/dicodusport","https:\/\/x.com\/dicodusport","https:\/\/www.instagram.com\/dicodusport\/","https:\/\/www.youtube.com\/channel\/UC7V2KZ5sd3htJivAbA4ZG3w"],"description":"Dicodusport est l'encyclop\u00e9die de l'actualit\u00e9 sportive.","email":"bonjour@dicodusport.fr","legalName":"DICODUSPORT","foundingDate":"2018-01-14","vatID":"FR71834470973","taxID":"83447097300043","numberOfEmployees":{"@type":"QuantitativeValue","minValue":"1","maxValue":"10"}},{"@type":"Person","@id":"https:\/\/dicodusport.fr\/blog\/#\/schema\/person\/cb02af4c173ce4a653b55e9baf388d4a","name":"Flo Ostermann","image":{"@type":"ImageObject","inLanguage":"fr-FR","@id":"https:\/\/dicodusport.fr\/blog\/#\/schema\/person\/image\/","url":"https:\/\/dicodusport.fr\/blog\/wp-content\/uploads\/2021\/05\/Flo-Ostermann-150x150.jpg","contentUrl":"https:\/\/dicodusport.fr\/blog\/wp-content\/uploads\/2021\/05\/Flo-Ostermann-150x150.jpg","caption":"Flo Ostermann"},"description":"Journaliste\/R\u00e9dacteur depuis septembre 2015 - Mes premiers souvenirs dans le sport ? Les envol\u00e9es du Stade Toulousain et les duels Villeneuve-Schumacher et H\u00e4kkinen-Schumacher \u00e0 la fin des ann\u00e9es 90, la Coupe du monde de football en 1998, l\u2019exploit du XV de France face aux All Blacks en 1999, mais aussi Richard C\u0153ur de Lion qui vole sur les montagnes du Tour de France. Bien parti pour devenir professeur d\u2019EPS, les \u00e9v\u00e9nements de la vie (et la flemme d\u2019animer des s\u00e9ances de 3x500 m\u00e8tres toute ma vie) m\u2019ont conduit \u00e0 revoir mes plans. Me voil\u00e0 depuis fin 2017 sur Dicodusport, m\u00e9dia gr\u00e2ce (et pour) lequel je partage ma passion : le sport dans tous ses \u00e9tats. Le tout accompagn\u00e9 par les fous furieux et folles furieuses cit\u00e9s sur cette page !","sameAs":["https:\/\/www.facebook.com\/florent.ostermann","https:\/\/x.com\/https:\/\/twitter.com\/FlOstermann","admin"],"url":"https:\/\/dicodusport.fr\/blog\/author\/flo\/"}]}},"_links":{"self":[{"href":"https:\/\/dicodusport.fr\/blog\/wp-json\/wp\/v2\/posts\/146707","targetHints":{"allow":["GET"]}}],"collection":[{"href":"https:\/\/dicodusport.fr\/blog\/wp-json\/wp\/v2\/posts"}],"about":[{"href":"https:\/\/dicodusport.fr\/blog\/wp-json\/wp\/v2\/types\/post"}],"author":[{"embeddable":true,"href":"https:\/\/dicodusport.fr\/blog\/wp-json\/wp\/v2\/users\/4"}],"replies":[{"embeddable":true,"href":"https:\/\/dicodusport.fr\/blog\/wp-json\/wp\/v2\/comments?post=146707"}],"version-history":[{"count":0,"href":"https:\/\/dicodusport.fr\/blog\/wp-json\/wp\/v2\/posts\/146707\/revisions"}],"wp:featuredmedia":[{"embeddable":true,"href":"https:\/\/dicodusport.fr\/blog\/wp-json\/wp\/v2\/media\/157894"}],"wp:attachment":[{"href":"https:\/\/dicodusport.fr\/blog\/wp-json\/wp\/v2\/media?parent=146707"}],"wp:term":[{"taxonomy":"category","embeddable":true,"href":"https:\/\/dicodusport.fr\/blog\/wp-json\/wp\/v2\/categories?post=146707"},{"taxonomy":"post_tag","embeddable":true,"href":"https:\/\/dicodusport.fr\/blog\/wp-json\/wp\/v2\/tags?post=146707"}],"curies":[{"name":"wp","href":"https:\/\/api.w.org\/{rel}","templated":true}]}}