{"id":146785,"date":"2021-07-14T20:12:22","date_gmt":"2021-07-14T18:12:22","guid":{"rendered":"https:\/\/dicodusport.fr\/blog\/?p=146785&#038;preview=true&#038;preview_id=146785"},"modified":"2021-07-14T20:32:36","modified_gmt":"2021-07-14T18:32:36","slug":"le-milan-ac-confirme-la-signature-dolivier-giroud","status":"publish","type":"post","link":"https:\/\/dicodusport.fr\/blog\/le-milan-ac-confirme-la-signature-dolivier-giroud\/","title":{"rendered":"Le Milan AC confirme la signature d&rsquo;Olivier Giroud"},"content":{"rendered":"<p style=\"text-align: justify;\"><strong><em>MERCATO FOOTBALL &#8211; Paolo Maldini, directeur technique du Milan AC, a confirm\u00e9 \u00e0 DAZN la signature d&rsquo;Olivier Giroud au Milan AC.\u00a0<\/em><\/strong><\/p>\n<p style=\"text-align: justify;\">M\u00eame s&rsquo;il avait prolong\u00e9 son contrat d&rsquo;une saison avec Chelsea, l&rsquo;avenir d&rsquo;<strong>Olivier Giroud<\/strong> ne semblait pas \u00eatre dans l&rsquo;effectif de Thomas Tuchel. Annonc\u00e9 partant depuis plusieurs semaines, il va rejoindre le <strong>Milan AC<\/strong> ce jeudi, comme l&rsquo;a confirm\u00e9 le directeur technique du club, la l\u00e9gende Paolo Madini. En Angleterre depuis 2012 avec des passages \u00e0 Arsenal et Chelsea, Olivier Giroud va donc conna\u00eetre un troisi\u00e8me championnat, la Serie A.<\/p>\n<blockquote class=\"twitter-tweet\">\n<p dir=\"ltr\" lang=\"en\">AC Milan director Paolo Maldini confirms to DAZN: \u201cOlivier Giroud will arrive tomorrow and he\u2019ll be our new signing. Franck Kessi\u00e9 will stay as he\u2019s part of our future, we\u2019re working to extend his contract\u201d. &#x1f534;&#x26ab;&#xfe0f; <a href=\"https:\/\/twitter.com\/hashtag\/ACMilan?src=hash&amp;ref_src=twsrc%5Etfw\">#ACMilan<\/a> <a href=\"https:\/\/twitter.com\/hashtag\/CFC?src=hash&amp;ref_src=twsrc%5Etfw\">#CFC<\/a><\/p>\n<p>\u2014 Fabrizio Romano (@FabrizioRomano) <a href=\"https:\/\/twitter.com\/FabrizioRomano\/status\/1415363340495360002?ref_src=twsrc%5Etfw\">July 14, 2021<\/a><\/p><\/blockquote>\n<p style=\"text-align: justify;\"><script async src=\"https:\/\/platform.twitter.com\/widgets.js\" charset=\"utf-8\"><\/script><\/p>\n","protected":false},"excerpt":{"rendered":"<p>Paolo Maldini, directeur technique du Milan AC, a confirm\u00e9 \u00e0 DAZN la signature d&rsquo;Olivier Giroud au Milan AC.<\/p>\n","protected":false},"author":1,"featured_media":146787,"comment_status":"open","ping_status":"closed","sticky":false,"template":"","format":"standard","meta":{"_acf_changed":false,"_daextam_enable_autolinks":"","footnotes":""},"categories":[2301],"tags":[75,374,1555,2999,3681,5443],"class_list":["post-146785","post","type-post","status-publish","format-standard","has-post-thumbnail","hentry","category-football","tag-football","tag-italie","tag-mercato","tag-milan-ac","tag-olivier-giroud","tag-transfert"],"acf":[],"yoast_head":"<!-- This site is optimized with the Yoast SEO Premium plugin v26.7 (Yoast SEO v26.7) - https:\/\/yoast.com\/wordpress\/plugins\/seo\/ -->\n<title>Le Milan AC confirme la signature d&#039;Olivier Giroud<\/title>\n<meta name=\"description\" content=\"MERCATO FOOTBALL - Paolo Maldini, directeur technique du Milan AC, a confirm\u00e9 \u00e0 DAZN la signature d&#039;Olivier Giroud au Milan AC.\" \/>\n<meta name=\"robots\" content=\"index, follow, max-snippet:-1, max-image-preview:large, max-video-preview:-1\" \/>\n<link rel=\"canonical\" href=\"https:\/\/dicodusport.fr\/blog\/le-milan-ac-confirme-la-signature-dolivier-giroud\/\" \/>\n<meta property=\"og:locale\" content=\"fr_FR\" \/>\n<meta property=\"og:type\" content=\"article\" \/>\n<meta property=\"og:title\" content=\"Le Milan AC confirme la signature d&#039;Olivier Giroud\" \/>\n<meta property=\"og:description\" content=\"MERCATO FOOTBALL - Paolo Maldini, directeur technique du Milan AC, a confirm\u00e9 \u00e0 DAZN la signature d&#039;Olivier Giroud au Milan AC.\" \/>\n<meta property=\"og:url\" content=\"https:\/\/dicodusport.fr\/blog\/le-milan-ac-confirme-la-signature-dolivier-giroud\/\" \/>\n<meta property=\"og:site_name\" content=\"Dicodusport\" \/>\n<meta property=\"article:publisher\" content=\"https:\/\/www.facebook.com\/dicodusport\" \/>\n<meta property=\"article:author\" content=\"https:\/\/www.facebook.com\/dicodusport\" \/>\n<meta property=\"article:published_time\" content=\"2021-07-14T18:12:22+00:00\" \/>\n<meta property=\"article:modified_time\" content=\"2021-07-14T18:32:36+00:00\" \/>\n<meta property=\"og:image\" content=\"https:\/\/dicodusport.fr\/blog\/wp-content\/uploads\/2021\/07\/Le-Milan-AC-confirme-la-signature-dOlivier-Giroud.png\" \/>\n\t<meta property=\"og:image:width\" content=\"1200\" \/>\n\t<meta property=\"og:image:height\" content=\"670\" \/>\n\t<meta property=\"og:image:type\" content=\"image\/png\" \/>\n<meta name=\"author\" content=\"Nicolas Jacquemard\" \/>\n<meta name=\"twitter:card\" content=\"summary_large_image\" \/>\n<meta name=\"twitter:title\" content=\"Le Milan AC confirme la signature d&#039;Olivier Giroud\" \/>\n<meta name=\"twitter:creator\" content=\"@https:\/\/twitter.com\/Nico_Jacquemard\" \/>\n<meta name=\"twitter:site\" content=\"@dicodusport\" \/>\n<script type=\"application\/ld+json\" class=\"yoast-schema-graph\">{\"@context\":\"https:\/\/schema.org\",\"@graph\":[{\"@type\":\"NewsArticle\",\"@id\":\"https:\/\/dicodusport.fr\/blog\/le-milan-ac-confirme-la-signature-dolivier-giroud\/#article\",\"isPartOf\":{\"@id\":\"https:\/\/dicodusport.fr\/blog\/le-milan-ac-confirme-la-signature-dolivier-giroud\/\"},\"author\":{\"name\":\"Nicolas Jacquemard\",\"@id\":\"https:\/\/dicodusport.fr\/blog\/#\/schema\/person\/55dcb50ad410894e431ed812bbb70191\"},\"headline\":\"Le Milan AC confirme la signature d&rsquo;Olivier Giroud\",\"datePublished\":\"2021-07-14T18:12:22+00:00\",\"dateModified\":\"2021-07-14T18:32:36+00:00\",\"mainEntityOfPage\":{\"@id\":\"https:\/\/dicodusport.fr\/blog\/le-milan-ac-confirme-la-signature-dolivier-giroud\/\"},\"wordCount\":157,\"commentCount\":0,\"publisher\":{\"@id\":\"https:\/\/dicodusport.fr\/blog\/#organization\"},\"image\":{\"@id\":\"https:\/\/dicodusport.fr\/blog\/le-milan-ac-confirme-la-signature-dolivier-giroud\/#primaryimage\"},\"thumbnailUrl\":\"https:\/\/dicodusport.fr\/blog\/wp-content\/uploads\/2021\/07\/Le-Milan-AC-confirme-la-signature-dOlivier-Giroud.png\",\"keywords\":[\"Football\",\"Italie\",\"Mercato\",\"milan ac\",\"Olivier Giroud\",\"transfert\"],\"articleSection\":[\"Football\"],\"inLanguage\":\"fr-FR\",\"potentialAction\":[{\"@type\":\"CommentAction\",\"name\":\"Comment\",\"target\":[\"https:\/\/dicodusport.fr\/blog\/le-milan-ac-confirme-la-signature-dolivier-giroud\/#respond\"]}],\"copyrightYear\":\"2021\",\"copyrightHolder\":{\"@id\":\"https:\/\/dicodusport.fr\/blog\/#organization\"}},{\"@type\":\"WebPage\",\"@id\":\"https:\/\/dicodusport.fr\/blog\/le-milan-ac-confirme-la-signature-dolivier-giroud\/\",\"url\":\"https:\/\/dicodusport.fr\/blog\/le-milan-ac-confirme-la-signature-dolivier-giroud\/\",\"name\":\"Le Milan AC confirme la signature d'Olivier Giroud\",\"isPartOf\":{\"@id\":\"https:\/\/dicodusport.fr\/blog\/#website\"},\"primaryImageOfPage\":{\"@id\":\"https:\/\/dicodusport.fr\/blog\/le-milan-ac-confirme-la-signature-dolivier-giroud\/#primaryimage\"},\"image\":{\"@id\":\"https:\/\/dicodusport.fr\/blog\/le-milan-ac-confirme-la-signature-dolivier-giroud\/#primaryimage\"},\"thumbnailUrl\":\"https:\/\/dicodusport.fr\/blog\/wp-content\/uploads\/2021\/07\/Le-Milan-AC-confirme-la-signature-dOlivier-Giroud.png\",\"datePublished\":\"2021-07-14T18:12:22+00:00\",\"dateModified\":\"2021-07-14T18:32:36+00:00\",\"description\":\"MERCATO FOOTBALL - Paolo Maldini, directeur technique du Milan AC, a confirm\u00e9 \u00e0 DAZN la signature d'Olivier Giroud au Milan AC.\",\"breadcrumb\":{\"@id\":\"https:\/\/dicodusport.fr\/blog\/le-milan-ac-confirme-la-signature-dolivier-giroud\/#breadcrumb\"},\"inLanguage\":\"fr-FR\",\"potentialAction\":[{\"@type\":\"ReadAction\",\"target\":[\"https:\/\/dicodusport.fr\/blog\/le-milan-ac-confirme-la-signature-dolivier-giroud\/\"]}]},{\"@type\":\"ImageObject\",\"inLanguage\":\"fr-FR\",\"@id\":\"https:\/\/dicodusport.fr\/blog\/le-milan-ac-confirme-la-signature-dolivier-giroud\/#primaryimage\",\"url\":\"https:\/\/dicodusport.fr\/blog\/wp-content\/uploads\/2021\/07\/Le-Milan-AC-confirme-la-signature-dOlivier-Giroud.png\",\"contentUrl\":\"https:\/\/dicodusport.fr\/blog\/wp-content\/uploads\/2021\/07\/Le-Milan-AC-confirme-la-signature-dOlivier-Giroud.png\",\"width\":1200,\"height\":670},{\"@type\":\"BreadcrumbList\",\"@id\":\"https:\/\/dicodusport.fr\/blog\/le-milan-ac-confirme-la-signature-dolivier-giroud\/#breadcrumb\",\"itemListElement\":[{\"@type\":\"ListItem\",\"position\":1,\"name\":\"Accueil\",\"item\":\"https:\/\/dicodusport.fr\/blog\/\"},{\"@type\":\"ListItem\",\"position\":2,\"name\":\"Le Milan AC confirme la signature d&rsquo;Olivier Giroud\"}]},{\"@type\":\"WebSite\",\"@id\":\"https:\/\/dicodusport.fr\/blog\/#website\",\"url\":\"https:\/\/dicodusport.fr\/blog\/\",\"name\":\"Dicodusport\",\"description\":\"L&#039;encyclop\u00e9die de l&#039;actualit\u00e9 sportive\",\"publisher\":{\"@id\":\"https:\/\/dicodusport.fr\/blog\/#organization\"},\"potentialAction\":[{\"@type\":\"SearchAction\",\"target\":{\"@type\":\"EntryPoint\",\"urlTemplate\":\"https:\/\/dicodusport.fr\/blog\/?s={search_term_string}\"},\"query-input\":{\"@type\":\"PropertyValueSpecification\",\"valueRequired\":true,\"valueName\":\"search_term_string\"}}],\"inLanguage\":\"fr-FR\"},{\"@type\":\"NewsMediaOrganization\",\"@id\":\"https:\/\/dicodusport.fr\/blog\/#organization\",\"name\":\"Dicodusport\",\"url\":\"https:\/\/dicodusport.fr\/blog\/\",\"logo\":{\"@type\":\"ImageObject\",\"inLanguage\":\"fr-FR\",\"@id\":\"https:\/\/dicodusport.fr\/blog\/#\/schema\/logo\/image\/\",\"url\":\"https:\/\/dicodusport.fr\/blog\/wp-content\/uploads\/2020\/06\/cropped-LOGO-DICODUSPORT-2020-SANS-FOND-SANS-TEXTE.png\",\"contentUrl\":\"https:\/\/dicodusport.fr\/blog\/wp-content\/uploads\/2020\/06\/cropped-LOGO-DICODUSPORT-2020-SANS-FOND-SANS-TEXTE.png\",\"width\":512,\"height\":512,\"caption\":\"Dicodusport\"},\"image\":{\"@id\":\"https:\/\/dicodusport.fr\/blog\/#\/schema\/logo\/image\/\"},\"sameAs\":[\"https:\/\/www.facebook.com\/dicodusport\",\"https:\/\/x.com\/dicodusport\",\"https:\/\/www.instagram.com\/dicodusport\/\",\"https:\/\/www.youtube.com\/channel\/UC7V2KZ5sd3htJivAbA4ZG3w\"],\"description\":\"Dicodusport est l'encyclop\u00e9die de l'actualit\u00e9 sportive.\",\"email\":\"bonjour@dicodusport.fr\",\"legalName\":\"DICODUSPORT\",\"foundingDate\":\"2018-01-14\",\"vatID\":\"FR71834470973\",\"taxID\":\"83447097300043\",\"numberOfEmployees\":{\"@type\":\"QuantitativeValue\",\"minValue\":\"1\",\"maxValue\":\"10\"}},{\"@type\":\"Person\",\"@id\":\"https:\/\/dicodusport.fr\/blog\/#\/schema\/person\/55dcb50ad410894e431ed812bbb70191\",\"name\":\"Nicolas Jacquemard\",\"image\":{\"@type\":\"ImageObject\",\"inLanguage\":\"fr-FR\",\"@id\":\"https:\/\/dicodusport.fr\/blog\/#\/schema\/person\/image\/\",\"url\":\"https:\/\/dicodusport.fr\/blog\/wp-content\/uploads\/2021\/05\/Nicolas-Jacquemard-150x150.jpeg\",\"contentUrl\":\"https:\/\/dicodusport.fr\/blog\/wp-content\/uploads\/2021\/05\/Nicolas-Jacquemard-150x150.jpeg\",\"caption\":\"Nicolas Jacquemard\"},\"description\":\"Passionn\u00e9 de sport et entrepreneur depuis mes 18 ans, la cr\u00e9ation de Dicodusport m'a sembl\u00e9 \u00e9vidente pour participer \u00e0 la m\u00e9diatisation d'un plus grand nombre de sports. Le chemin est long mais avec une \u00e9quipe des plus motiv\u00e9es et les Jeux Olympiques de Paris 2024 en point de mire, nous y arriverons ! Journaliste dans le monde du sport depuis plus de 5 ans, je traite aussi bien de football, de rugby, de biathlon que de cyclisme.\",\"sameAs\":[\"https:\/\/www.facebook.com\/dicodusport\",\"https:\/\/x.com\/https:\/\/twitter.com\/Nico_Jacquemard\"],\"url\":\"https:\/\/dicodusport.fr\/blog\/author\/dicodusport\/\"}]}<\/script>\n<!-- \/ Yoast SEO Premium plugin. -->","yoast_head_json":{"title":"Le Milan AC confirme la signature d'Olivier Giroud","description":"MERCATO FOOTBALL - Paolo Maldini, directeur technique du Milan AC, a confirm\u00e9 \u00e0 DAZN la signature d'Olivier Giroud au Milan AC.","robots":{"index":"index","follow":"follow","max-snippet":"max-snippet:-1","max-image-preview":"max-image-preview:large","max-video-preview":"max-video-preview:-1"},"canonical":"https:\/\/dicodusport.fr\/blog\/le-milan-ac-confirme-la-signature-dolivier-giroud\/","og_locale":"fr_FR","og_type":"article","og_title":"Le Milan AC confirme la signature d'Olivier Giroud","og_description":"MERCATO FOOTBALL - Paolo Maldini, directeur technique du Milan AC, a confirm\u00e9 \u00e0 DAZN la signature d'Olivier Giroud au Milan AC.","og_url":"https:\/\/dicodusport.fr\/blog\/le-milan-ac-confirme-la-signature-dolivier-giroud\/","og_site_name":"Dicodusport","article_publisher":"https:\/\/www.facebook.com\/dicodusport","article_author":"https:\/\/www.facebook.com\/dicodusport","article_published_time":"2021-07-14T18:12:22+00:00","article_modified_time":"2021-07-14T18:32:36+00:00","og_image":[{"width":1200,"height":670,"url":"https:\/\/dicodusport.fr\/blog\/wp-content\/uploads\/2021\/07\/Le-Milan-AC-confirme-la-signature-dOlivier-Giroud.png","type":"image\/png"}],"author":"Nicolas Jacquemard","twitter_card":"summary_large_image","twitter_title":"Le Milan AC confirme la signature d'Olivier Giroud","twitter_creator":"@https:\/\/twitter.com\/Nico_Jacquemard","twitter_site":"@dicodusport","schema":{"@context":"https:\/\/schema.org","@graph":[{"@type":"NewsArticle","@id":"https:\/\/dicodusport.fr\/blog\/le-milan-ac-confirme-la-signature-dolivier-giroud\/#article","isPartOf":{"@id":"https:\/\/dicodusport.fr\/blog\/le-milan-ac-confirme-la-signature-dolivier-giroud\/"},"author":{"name":"Nicolas Jacquemard","@id":"https:\/\/dicodusport.fr\/blog\/#\/schema\/person\/55dcb50ad410894e431ed812bbb70191"},"headline":"Le Milan AC confirme la signature d&rsquo;Olivier Giroud","datePublished":"2021-07-14T18:12:22+00:00","dateModified":"2021-07-14T18:32:36+00:00","mainEntityOfPage":{"@id":"https:\/\/dicodusport.fr\/blog\/le-milan-ac-confirme-la-signature-dolivier-giroud\/"},"wordCount":157,"commentCount":0,"publisher":{"@id":"https:\/\/dicodusport.fr\/blog\/#organization"},"image":{"@id":"https:\/\/dicodusport.fr\/blog\/le-milan-ac-confirme-la-signature-dolivier-giroud\/#primaryimage"},"thumbnailUrl":"https:\/\/dicodusport.fr\/blog\/wp-content\/uploads\/2021\/07\/Le-Milan-AC-confirme-la-signature-dOlivier-Giroud.png","keywords":["Football","Italie","Mercato","milan ac","Olivier Giroud","transfert"],"articleSection":["Football"],"inLanguage":"fr-FR","potentialAction":[{"@type":"CommentAction","name":"Comment","target":["https:\/\/dicodusport.fr\/blog\/le-milan-ac-confirme-la-signature-dolivier-giroud\/#respond"]}],"copyrightYear":"2021","copyrightHolder":{"@id":"https:\/\/dicodusport.fr\/blog\/#organization"}},{"@type":"WebPage","@id":"https:\/\/dicodusport.fr\/blog\/le-milan-ac-confirme-la-signature-dolivier-giroud\/","url":"https:\/\/dicodusport.fr\/blog\/le-milan-ac-confirme-la-signature-dolivier-giroud\/","name":"Le Milan AC confirme la signature d'Olivier Giroud","isPartOf":{"@id":"https:\/\/dicodusport.fr\/blog\/#website"},"primaryImageOfPage":{"@id":"https:\/\/dicodusport.fr\/blog\/le-milan-ac-confirme-la-signature-dolivier-giroud\/#primaryimage"},"image":{"@id":"https:\/\/dicodusport.fr\/blog\/le-milan-ac-confirme-la-signature-dolivier-giroud\/#primaryimage"},"thumbnailUrl":"https:\/\/dicodusport.fr\/blog\/wp-content\/uploads\/2021\/07\/Le-Milan-AC-confirme-la-signature-dOlivier-Giroud.png","datePublished":"2021-07-14T18:12:22+00:00","dateModified":"2021-07-14T18:32:36+00:00","description":"MERCATO FOOTBALL - Paolo Maldini, directeur technique du Milan AC, a confirm\u00e9 \u00e0 DAZN la signature d'Olivier Giroud au Milan AC.","breadcrumb":{"@id":"https:\/\/dicodusport.fr\/blog\/le-milan-ac-confirme-la-signature-dolivier-giroud\/#breadcrumb"},"inLanguage":"fr-FR","potentialAction":[{"@type":"ReadAction","target":["https:\/\/dicodusport.fr\/blog\/le-milan-ac-confirme-la-signature-dolivier-giroud\/"]}]},{"@type":"ImageObject","inLanguage":"fr-FR","@id":"https:\/\/dicodusport.fr\/blog\/le-milan-ac-confirme-la-signature-dolivier-giroud\/#primaryimage","url":"https:\/\/dicodusport.fr\/blog\/wp-content\/uploads\/2021\/07\/Le-Milan-AC-confirme-la-signature-dOlivier-Giroud.png","contentUrl":"https:\/\/dicodusport.fr\/blog\/wp-content\/uploads\/2021\/07\/Le-Milan-AC-confirme-la-signature-dOlivier-Giroud.png","width":1200,"height":670},{"@type":"BreadcrumbList","@id":"https:\/\/dicodusport.fr\/blog\/le-milan-ac-confirme-la-signature-dolivier-giroud\/#breadcrumb","itemListElement":[{"@type":"ListItem","position":1,"name":"Accueil","item":"https:\/\/dicodusport.fr\/blog\/"},{"@type":"ListItem","position":2,"name":"Le Milan AC confirme la signature d&rsquo;Olivier Giroud"}]},{"@type":"WebSite","@id":"https:\/\/dicodusport.fr\/blog\/#website","url":"https:\/\/dicodusport.fr\/blog\/","name":"Dicodusport","description":"L&#039;encyclop\u00e9die de l&#039;actualit\u00e9 sportive","publisher":{"@id":"https:\/\/dicodusport.fr\/blog\/#organization"},"potentialAction":[{"@type":"SearchAction","target":{"@type":"EntryPoint","urlTemplate":"https:\/\/dicodusport.fr\/blog\/?s={search_term_string}"},"query-input":{"@type":"PropertyValueSpecification","valueRequired":true,"valueName":"search_term_string"}}],"inLanguage":"fr-FR"},{"@type":"NewsMediaOrganization","@id":"https:\/\/dicodusport.fr\/blog\/#organization","name":"Dicodusport","url":"https:\/\/dicodusport.fr\/blog\/","logo":{"@type":"ImageObject","inLanguage":"fr-FR","@id":"https:\/\/dicodusport.fr\/blog\/#\/schema\/logo\/image\/","url":"https:\/\/dicodusport.fr\/blog\/wp-content\/uploads\/2020\/06\/cropped-LOGO-DICODUSPORT-2020-SANS-FOND-SANS-TEXTE.png","contentUrl":"https:\/\/dicodusport.fr\/blog\/wp-content\/uploads\/2020\/06\/cropped-LOGO-DICODUSPORT-2020-SANS-FOND-SANS-TEXTE.png","width":512,"height":512,"caption":"Dicodusport"},"image":{"@id":"https:\/\/dicodusport.fr\/blog\/#\/schema\/logo\/image\/"},"sameAs":["https:\/\/www.facebook.com\/dicodusport","https:\/\/x.com\/dicodusport","https:\/\/www.instagram.com\/dicodusport\/","https:\/\/www.youtube.com\/channel\/UC7V2KZ5sd3htJivAbA4ZG3w"],"description":"Dicodusport est l'encyclop\u00e9die de l'actualit\u00e9 sportive.","email":"bonjour@dicodusport.fr","legalName":"DICODUSPORT","foundingDate":"2018-01-14","vatID":"FR71834470973","taxID":"83447097300043","numberOfEmployees":{"@type":"QuantitativeValue","minValue":"1","maxValue":"10"}},{"@type":"Person","@id":"https:\/\/dicodusport.fr\/blog\/#\/schema\/person\/55dcb50ad410894e431ed812bbb70191","name":"Nicolas Jacquemard","image":{"@type":"ImageObject","inLanguage":"fr-FR","@id":"https:\/\/dicodusport.fr\/blog\/#\/schema\/person\/image\/","url":"https:\/\/dicodusport.fr\/blog\/wp-content\/uploads\/2021\/05\/Nicolas-Jacquemard-150x150.jpeg","contentUrl":"https:\/\/dicodusport.fr\/blog\/wp-content\/uploads\/2021\/05\/Nicolas-Jacquemard-150x150.jpeg","caption":"Nicolas Jacquemard"},"description":"Passionn\u00e9 de sport et entrepreneur depuis mes 18 ans, la cr\u00e9ation de Dicodusport m'a sembl\u00e9 \u00e9vidente pour participer \u00e0 la m\u00e9diatisation d'un plus grand nombre de sports. Le chemin est long mais avec une \u00e9quipe des plus motiv\u00e9es et les Jeux Olympiques de Paris 2024 en point de mire, nous y arriverons ! Journaliste dans le monde du sport depuis plus de 5 ans, je traite aussi bien de football, de rugby, de biathlon que de cyclisme.","sameAs":["https:\/\/www.facebook.com\/dicodusport","https:\/\/x.com\/https:\/\/twitter.com\/Nico_Jacquemard"],"url":"https:\/\/dicodusport.fr\/blog\/author\/dicodusport\/"}]}},"_links":{"self":[{"href":"https:\/\/dicodusport.fr\/blog\/wp-json\/wp\/v2\/posts\/146785","targetHints":{"allow":["GET"]}}],"collection":[{"href":"https:\/\/dicodusport.fr\/blog\/wp-json\/wp\/v2\/posts"}],"about":[{"href":"https:\/\/dicodusport.fr\/blog\/wp-json\/wp\/v2\/types\/post"}],"author":[{"embeddable":true,"href":"https:\/\/dicodusport.fr\/blog\/wp-json\/wp\/v2\/users\/1"}],"replies":[{"embeddable":true,"href":"https:\/\/dicodusport.fr\/blog\/wp-json\/wp\/v2\/comments?post=146785"}],"version-history":[{"count":0,"href":"https:\/\/dicodusport.fr\/blog\/wp-json\/wp\/v2\/posts\/146785\/revisions"}],"wp:featuredmedia":[{"embeddable":true,"href":"https:\/\/dicodusport.fr\/blog\/wp-json\/wp\/v2\/media\/146787"}],"wp:attachment":[{"href":"https:\/\/dicodusport.fr\/blog\/wp-json\/wp\/v2\/media?parent=146785"}],"wp:term":[{"taxonomy":"category","embeddable":true,"href":"https:\/\/dicodusport.fr\/blog\/wp-json\/wp\/v2\/categories?post=146785"},{"taxonomy":"post_tag","embeddable":true,"href":"https:\/\/dicodusport.fr\/blog\/wp-json\/wp\/v2\/tags?post=146785"}],"curies":[{"name":"wp","href":"https:\/\/api.w.org\/{rel}","templated":true}]}}