{"id":14730,"date":"2018-03-18T03:24:45","date_gmt":"2018-03-18T02:24:45","guid":{"rendered":"http:\/\/dicodusport.fr\/blog\/?p=14730"},"modified":"2018-03-18T14:23:45","modified_gmt":"2018-03-18T13:23:45","slug":"jeux-paralympiques-le-relais-francais-en-or","status":"publish","type":"post","link":"https:\/\/dicodusport.fr\/blog\/jeux-paralympiques-le-relais-francais-en-or\/","title":{"rendered":"Jeux Paralympiques : le relais fran\u00e7ais en or !"},"content":{"rendered":"<p style=\"text-align: justify;\"><strong><em>Benjamin Daviet, Anthony Chalen\u00e7on, accompagn\u00e9 de Simon Valverde et Thomas Clarion guid\u00e9 par Antoine Bollet sont devenus champions paralympiques sur le relais open 4&#215;2,5km ! 19\u00e8me m\u00e9daille pour les Tricolores, la 6\u00e8me en or.<\/em><\/strong><\/p>\n<p style=\"text-align: justify;\">Ils \u00e9taient double champions du monde en titre et ils n&rsquo;ont pas failli. Le relais tricolore partait ainsi favori de cette derni\u00e8re \u00e9preuve de ski de fond sur ces Jeux Paralympiques. Mis sur orbite par un Benjamin Daviet en feu, Anthony Chalen\u00e7on, guid\u00e9 par Simon Valverde et Thomas Clarion, accompagn\u00e9 d&rsquo;Antoine Bollet, ont fait mieux que r\u00e9sister aux Norv\u00e9giens, en argent, mais surtout aux Canadiens emmen\u00e9s par Brian McKeever qui terminent \u00e0 la troisi\u00e8me place.<\/p>\n<p style=\"text-align: justify;\">Tous les trois m\u00e9daill\u00e9s en individuel, ils terminent donc ces Jeux en apoth\u00e9ose, en apportant une 19\u00e8me m\u00e9daille d&rsquo;or \u00e0 la d\u00e9l\u00e9gation tricolore. En attendant Marie Bochet en slalom ?<\/p>\n<p><em><strong>Flo Ostermann<\/strong><\/em><em><br \/>\n<\/em><a href=\"https:\/\/www.facebook.com\/florent.ostermann\"><img loading=\"lazy\" decoding=\"async\" class=\"alignnone wp-image-2909\" src=\"http:\/\/dicodusport.fr\/blog\/wp-content\/uploads\/2017\/07\/logo-facebook-150x150.png\" sizes=\"auto, (max-width: 40px) 100vw, 40px\" srcset=\"https:\/\/dicodusport.fr\/blog\/wp-content\/uploads\/2017\/07\/logo-facebook-150x150.png 150w, https:\/\/dicodusport.fr\/blog\/wp-content\/uploads\/2017\/07\/logo-facebook-300x300.png 300w, https:\/\/dicodusport.fr\/blog\/wp-content\/uploads\/2017\/07\/logo-facebook.png 400w\" alt=\"\" width=\"40\" height=\"40\" \/><\/a><a href=\"https:\/\/twitter.com\/SportInsideMag\"><img loading=\"lazy\" decoding=\"async\" class=\"alignnone wp-image-2908\" src=\"http:\/\/dicodusport.fr\/blog\/wp-content\/uploads\/2017\/07\/logo-twitter-150x150.png\" alt=\"\" width=\"39\" height=\"39\" \/><\/a><\/p>\n","protected":false},"excerpt":{"rendered":"<p>Benjamin Daviet, Anthony Chalen\u00e7on, accompagn\u00e9 de Simon Valverde et Thomas Clarion guid\u00e9 par Antoine Bollet sont devenus champions paralympiques sur le relais open ! 19\u00e8me m\u00e9daille pour les Tricolores, la 6\u00e8me en or.<\/p>\n","protected":false},"author":4,"featured_media":14731,"comment_status":"open","ping_status":"closed","sticky":false,"template":"","format":"standard","meta":{"_acf_changed":false,"_daextam_enable_autolinks":"","footnotes":""},"categories":[2,3588,2313],"tags":[4187,2958,1964,1547,2819],"class_list":["post-14730","post","type-post","status-publish","format-standard","has-post-thumbnail","hentry","category-actualites","category-pyeongchang-2018","category-sports-dhiver","tag-anthony-chalencon","tag-benjamin-daviet","tag-jeux-paralympiques","tag-relais","tag-ski-de-fond"],"acf":[],"yoast_head":"<!-- This site is optimized with the Yoast SEO Premium plugin v26.7 (Yoast SEO v26.7) - https:\/\/yoast.com\/wordpress\/plugins\/seo\/ -->\n<title>Jeux Paralympiques : le relais fran\u00e7ais en or !<\/title>\n<meta name=\"description\" content=\"Benjamin Daviet, Anthony Chalen\u00e7on, accompagn\u00e9 de Simon Valverde et Thomas Clarion guid\u00e9 par Antoine Bollet sont devenus champions paralympiques sur le relais open ! 19\u00e8me m\u00e9daille pour les Tricolores, la 6\u00e8me en or.\" \/>\n<meta name=\"robots\" content=\"index, follow, max-snippet:-1, max-image-preview:large, max-video-preview:-1\" \/>\n<link rel=\"canonical\" href=\"https:\/\/dicodusport.fr\/blog\/jeux-paralympiques-le-relais-francais-en-or\/\" \/>\n<meta property=\"og:locale\" content=\"fr_FR\" \/>\n<meta property=\"og:type\" content=\"article\" \/>\n<meta property=\"og:title\" content=\"Jeux Paralympiques : le relais fran\u00e7ais en or !\" \/>\n<meta property=\"og:description\" content=\"Benjamin Daviet, Anthony Chalen\u00e7on, accompagn\u00e9 de Simon Valverde et Thomas Clarion guid\u00e9 par Antoine Bollet sont devenus champions paralympiques sur le relais open ! 19\u00e8me m\u00e9daille pour les Tricolores, la 6\u00e8me en or.\" \/>\n<meta property=\"og:url\" content=\"https:\/\/dicodusport.fr\/blog\/jeux-paralympiques-le-relais-francais-en-or\/\" \/>\n<meta property=\"og:site_name\" content=\"Dicodusport\" \/>\n<meta property=\"article:publisher\" content=\"https:\/\/www.facebook.com\/dicodusport\" \/>\n<meta property=\"article:author\" content=\"https:\/\/www.facebook.com\/florent.ostermann\" \/>\n<meta property=\"article:published_time\" content=\"2018-03-18T02:24:45+00:00\" \/>\n<meta property=\"article:modified_time\" content=\"2018-03-18T13:23:45+00:00\" \/>\n<meta property=\"og:image\" content=\"https:\/\/dicodusport.fr\/blog\/wp-content\/uploads\/2018\/03\/Relais-Clarion-Daviet-Chalen\u00e7on.png\" \/>\n\t<meta property=\"og:image:width\" content=\"1200\" \/>\n\t<meta property=\"og:image:height\" content=\"670\" \/>\n\t<meta property=\"og:image:type\" content=\"image\/png\" \/>\n<meta name=\"author\" content=\"Flo Ostermann\" \/>\n<meta name=\"twitter:card\" content=\"summary_large_image\" \/>\n<meta name=\"twitter:creator\" content=\"@https:\/\/twitter.com\/FlOstermann\" \/>\n<meta name=\"twitter:site\" content=\"@dicodusport\" \/>\n<script type=\"application\/ld+json\" class=\"yoast-schema-graph\">{\"@context\":\"https:\/\/schema.org\",\"@graph\":[{\"@type\":\"NewsArticle\",\"@id\":\"https:\/\/dicodusport.fr\/blog\/jeux-paralympiques-le-relais-francais-en-or\/#article\",\"isPartOf\":{\"@id\":\"https:\/\/dicodusport.fr\/blog\/jeux-paralympiques-le-relais-francais-en-or\/\"},\"author\":{\"name\":\"Flo Ostermann\",\"@id\":\"https:\/\/dicodusport.fr\/blog\/#\/schema\/person\/cb02af4c173ce4a653b55e9baf388d4a\"},\"headline\":\"Jeux Paralympiques : le relais fran\u00e7ais en or !\",\"datePublished\":\"2018-03-18T02:24:45+00:00\",\"dateModified\":\"2018-03-18T13:23:45+00:00\",\"mainEntityOfPage\":{\"@id\":\"https:\/\/dicodusport.fr\/blog\/jeux-paralympiques-le-relais-francais-en-or\/\"},\"wordCount\":163,\"commentCount\":0,\"publisher\":{\"@id\":\"https:\/\/dicodusport.fr\/blog\/#organization\"},\"image\":{\"@id\":\"https:\/\/dicodusport.fr\/blog\/jeux-paralympiques-le-relais-francais-en-or\/#primaryimage\"},\"thumbnailUrl\":\"https:\/\/dicodusport.fr\/blog\/wp-content\/uploads\/2018\/03\/Relais-Clarion-Daviet-Chalen\u00e7on.png\",\"keywords\":[\"Anthony Chalen\u00e7on\",\"Benjamin Daviet\",\"jeux paralympiques\",\"relais\",\"Ski de fond\"],\"articleSection\":[\"Actualit\u00e9s\",\"Pyeongchang 2018\",\"Sports d'hiver\"],\"inLanguage\":\"fr-FR\",\"potentialAction\":[{\"@type\":\"CommentAction\",\"name\":\"Comment\",\"target\":[\"https:\/\/dicodusport.fr\/blog\/jeux-paralympiques-le-relais-francais-en-or\/#respond\"]}],\"copyrightYear\":\"2018\",\"copyrightHolder\":{\"@id\":\"https:\/\/dicodusport.fr\/blog\/#organization\"}},{\"@type\":\"WebPage\",\"@id\":\"https:\/\/dicodusport.fr\/blog\/jeux-paralympiques-le-relais-francais-en-or\/\",\"url\":\"https:\/\/dicodusport.fr\/blog\/jeux-paralympiques-le-relais-francais-en-or\/\",\"name\":\"Jeux Paralympiques : le relais fran\u00e7ais en or !\",\"isPartOf\":{\"@id\":\"https:\/\/dicodusport.fr\/blog\/#website\"},\"primaryImageOfPage\":{\"@id\":\"https:\/\/dicodusport.fr\/blog\/jeux-paralympiques-le-relais-francais-en-or\/#primaryimage\"},\"image\":{\"@id\":\"https:\/\/dicodusport.fr\/blog\/jeux-paralympiques-le-relais-francais-en-or\/#primaryimage\"},\"thumbnailUrl\":\"https:\/\/dicodusport.fr\/blog\/wp-content\/uploads\/2018\/03\/Relais-Clarion-Daviet-Chalen\u00e7on.png\",\"datePublished\":\"2018-03-18T02:24:45+00:00\",\"dateModified\":\"2018-03-18T13:23:45+00:00\",\"description\":\"Benjamin Daviet, Anthony Chalen\u00e7on, accompagn\u00e9 de Simon Valverde et Thomas Clarion guid\u00e9 par Antoine Bollet sont devenus champions paralympiques sur le relais open ! 19\u00e8me m\u00e9daille pour les Tricolores, la 6\u00e8me en or.\",\"breadcrumb\":{\"@id\":\"https:\/\/dicodusport.fr\/blog\/jeux-paralympiques-le-relais-francais-en-or\/#breadcrumb\"},\"inLanguage\":\"fr-FR\",\"potentialAction\":[{\"@type\":\"ReadAction\",\"target\":[\"https:\/\/dicodusport.fr\/blog\/jeux-paralympiques-le-relais-francais-en-or\/\"]}]},{\"@type\":\"ImageObject\",\"inLanguage\":\"fr-FR\",\"@id\":\"https:\/\/dicodusport.fr\/blog\/jeux-paralympiques-le-relais-francais-en-or\/#primaryimage\",\"url\":\"https:\/\/dicodusport.fr\/blog\/wp-content\/uploads\/2018\/03\/Relais-Clarion-Daviet-Chalen\u00e7on.png\",\"contentUrl\":\"https:\/\/dicodusport.fr\/blog\/wp-content\/uploads\/2018\/03\/Relais-Clarion-Daviet-Chalen\u00e7on.png\",\"width\":1200,\"height\":670},{\"@type\":\"BreadcrumbList\",\"@id\":\"https:\/\/dicodusport.fr\/blog\/jeux-paralympiques-le-relais-francais-en-or\/#breadcrumb\",\"itemListElement\":[{\"@type\":\"ListItem\",\"position\":1,\"name\":\"Accueil\",\"item\":\"https:\/\/dicodusport.fr\/blog\/\"},{\"@type\":\"ListItem\",\"position\":2,\"name\":\"Jeux Paralympiques : le relais fran\u00e7ais en or !\"}]},{\"@type\":\"WebSite\",\"@id\":\"https:\/\/dicodusport.fr\/blog\/#website\",\"url\":\"https:\/\/dicodusport.fr\/blog\/\",\"name\":\"Dicodusport\",\"description\":\"L&#039;encyclop\u00e9die de l&#039;actualit\u00e9 sportive\",\"publisher\":{\"@id\":\"https:\/\/dicodusport.fr\/blog\/#organization\"},\"potentialAction\":[{\"@type\":\"SearchAction\",\"target\":{\"@type\":\"EntryPoint\",\"urlTemplate\":\"https:\/\/dicodusport.fr\/blog\/?s={search_term_string}\"},\"query-input\":{\"@type\":\"PropertyValueSpecification\",\"valueRequired\":true,\"valueName\":\"search_term_string\"}}],\"inLanguage\":\"fr-FR\"},{\"@type\":\"NewsMediaOrganization\",\"@id\":\"https:\/\/dicodusport.fr\/blog\/#organization\",\"name\":\"Dicodusport\",\"url\":\"https:\/\/dicodusport.fr\/blog\/\",\"logo\":{\"@type\":\"ImageObject\",\"inLanguage\":\"fr-FR\",\"@id\":\"https:\/\/dicodusport.fr\/blog\/#\/schema\/logo\/image\/\",\"url\":\"https:\/\/dicodusport.fr\/blog\/wp-content\/uploads\/2020\/06\/cropped-LOGO-DICODUSPORT-2020-SANS-FOND-SANS-TEXTE.png\",\"contentUrl\":\"https:\/\/dicodusport.fr\/blog\/wp-content\/uploads\/2020\/06\/cropped-LOGO-DICODUSPORT-2020-SANS-FOND-SANS-TEXTE.png\",\"width\":512,\"height\":512,\"caption\":\"Dicodusport\"},\"image\":{\"@id\":\"https:\/\/dicodusport.fr\/blog\/#\/schema\/logo\/image\/\"},\"sameAs\":[\"https:\/\/www.facebook.com\/dicodusport\",\"https:\/\/x.com\/dicodusport\",\"https:\/\/www.instagram.com\/dicodusport\/\",\"https:\/\/www.youtube.com\/channel\/UC7V2KZ5sd3htJivAbA4ZG3w\"],\"description\":\"Dicodusport est l'encyclop\u00e9die de l'actualit\u00e9 sportive.\",\"email\":\"bonjour@dicodusport.fr\",\"legalName\":\"DICODUSPORT\",\"foundingDate\":\"2018-01-14\",\"vatID\":\"FR71834470973\",\"taxID\":\"83447097300043\",\"numberOfEmployees\":{\"@type\":\"QuantitativeValue\",\"minValue\":\"1\",\"maxValue\":\"10\"}},{\"@type\":\"Person\",\"@id\":\"https:\/\/dicodusport.fr\/blog\/#\/schema\/person\/cb02af4c173ce4a653b55e9baf388d4a\",\"name\":\"Flo Ostermann\",\"image\":{\"@type\":\"ImageObject\",\"inLanguage\":\"fr-FR\",\"@id\":\"https:\/\/dicodusport.fr\/blog\/#\/schema\/person\/image\/\",\"url\":\"https:\/\/dicodusport.fr\/blog\/wp-content\/uploads\/2021\/05\/Flo-Ostermann-150x150.jpg\",\"contentUrl\":\"https:\/\/dicodusport.fr\/blog\/wp-content\/uploads\/2021\/05\/Flo-Ostermann-150x150.jpg\",\"caption\":\"Flo Ostermann\"},\"description\":\"Journaliste\/R\u00e9dacteur depuis septembre 2015 - Mes premiers souvenirs dans le sport ? Les envol\u00e9es du Stade Toulousain et les duels Villeneuve-Schumacher et H\u00e4kkinen-Schumacher \u00e0 la fin des ann\u00e9es 90, la Coupe du monde de football en 1998, l\u2019exploit du XV de France face aux All Blacks en 1999, mais aussi Richard C\u0153ur de Lion qui vole sur les montagnes du Tour de France. Bien parti pour devenir professeur d\u2019EPS, les \u00e9v\u00e9nements de la vie (et la flemme d\u2019animer des s\u00e9ances de 3x500 m\u00e8tres toute ma vie) m\u2019ont conduit \u00e0 revoir mes plans. Me voil\u00e0 depuis fin 2017 sur Dicodusport, m\u00e9dia gr\u00e2ce (et pour) lequel je partage ma passion : le sport dans tous ses \u00e9tats. Le tout accompagn\u00e9 par les fous furieux et folles furieuses cit\u00e9s sur cette page !\",\"sameAs\":[\"https:\/\/www.facebook.com\/florent.ostermann\",\"https:\/\/x.com\/https:\/\/twitter.com\/FlOstermann\",\"admin\"],\"url\":\"https:\/\/dicodusport.fr\/blog\/author\/flo\/\"}]}<\/script>\n<!-- \/ Yoast SEO Premium plugin. -->","yoast_head_json":{"title":"Jeux Paralympiques : le relais fran\u00e7ais en or !","description":"Benjamin Daviet, Anthony Chalen\u00e7on, accompagn\u00e9 de Simon Valverde et Thomas Clarion guid\u00e9 par Antoine Bollet sont devenus champions paralympiques sur le relais open ! 19\u00e8me m\u00e9daille pour les Tricolores, la 6\u00e8me en or.","robots":{"index":"index","follow":"follow","max-snippet":"max-snippet:-1","max-image-preview":"max-image-preview:large","max-video-preview":"max-video-preview:-1"},"canonical":"https:\/\/dicodusport.fr\/blog\/jeux-paralympiques-le-relais-francais-en-or\/","og_locale":"fr_FR","og_type":"article","og_title":"Jeux Paralympiques : le relais fran\u00e7ais en or !","og_description":"Benjamin Daviet, Anthony Chalen\u00e7on, accompagn\u00e9 de Simon Valverde et Thomas Clarion guid\u00e9 par Antoine Bollet sont devenus champions paralympiques sur le relais open ! 19\u00e8me m\u00e9daille pour les Tricolores, la 6\u00e8me en or.","og_url":"https:\/\/dicodusport.fr\/blog\/jeux-paralympiques-le-relais-francais-en-or\/","og_site_name":"Dicodusport","article_publisher":"https:\/\/www.facebook.com\/dicodusport","article_author":"https:\/\/www.facebook.com\/florent.ostermann","article_published_time":"2018-03-18T02:24:45+00:00","article_modified_time":"2018-03-18T13:23:45+00:00","og_image":[{"width":1200,"height":670,"url":"https:\/\/dicodusport.fr\/blog\/wp-content\/uploads\/2018\/03\/Relais-Clarion-Daviet-Chalen\u00e7on.png","type":"image\/png"}],"author":"Flo Ostermann","twitter_card":"summary_large_image","twitter_creator":"@https:\/\/twitter.com\/FlOstermann","twitter_site":"@dicodusport","schema":{"@context":"https:\/\/schema.org","@graph":[{"@type":"NewsArticle","@id":"https:\/\/dicodusport.fr\/blog\/jeux-paralympiques-le-relais-francais-en-or\/#article","isPartOf":{"@id":"https:\/\/dicodusport.fr\/blog\/jeux-paralympiques-le-relais-francais-en-or\/"},"author":{"name":"Flo Ostermann","@id":"https:\/\/dicodusport.fr\/blog\/#\/schema\/person\/cb02af4c173ce4a653b55e9baf388d4a"},"headline":"Jeux Paralympiques : le relais fran\u00e7ais en or !","datePublished":"2018-03-18T02:24:45+00:00","dateModified":"2018-03-18T13:23:45+00:00","mainEntityOfPage":{"@id":"https:\/\/dicodusport.fr\/blog\/jeux-paralympiques-le-relais-francais-en-or\/"},"wordCount":163,"commentCount":0,"publisher":{"@id":"https:\/\/dicodusport.fr\/blog\/#organization"},"image":{"@id":"https:\/\/dicodusport.fr\/blog\/jeux-paralympiques-le-relais-francais-en-or\/#primaryimage"},"thumbnailUrl":"https:\/\/dicodusport.fr\/blog\/wp-content\/uploads\/2018\/03\/Relais-Clarion-Daviet-Chalen\u00e7on.png","keywords":["Anthony Chalen\u00e7on","Benjamin Daviet","jeux paralympiques","relais","Ski de fond"],"articleSection":["Actualit\u00e9s","Pyeongchang 2018","Sports d'hiver"],"inLanguage":"fr-FR","potentialAction":[{"@type":"CommentAction","name":"Comment","target":["https:\/\/dicodusport.fr\/blog\/jeux-paralympiques-le-relais-francais-en-or\/#respond"]}],"copyrightYear":"2018","copyrightHolder":{"@id":"https:\/\/dicodusport.fr\/blog\/#organization"}},{"@type":"WebPage","@id":"https:\/\/dicodusport.fr\/blog\/jeux-paralympiques-le-relais-francais-en-or\/","url":"https:\/\/dicodusport.fr\/blog\/jeux-paralympiques-le-relais-francais-en-or\/","name":"Jeux Paralympiques : le relais fran\u00e7ais en or !","isPartOf":{"@id":"https:\/\/dicodusport.fr\/blog\/#website"},"primaryImageOfPage":{"@id":"https:\/\/dicodusport.fr\/blog\/jeux-paralympiques-le-relais-francais-en-or\/#primaryimage"},"image":{"@id":"https:\/\/dicodusport.fr\/blog\/jeux-paralympiques-le-relais-francais-en-or\/#primaryimage"},"thumbnailUrl":"https:\/\/dicodusport.fr\/blog\/wp-content\/uploads\/2018\/03\/Relais-Clarion-Daviet-Chalen\u00e7on.png","datePublished":"2018-03-18T02:24:45+00:00","dateModified":"2018-03-18T13:23:45+00:00","description":"Benjamin Daviet, Anthony Chalen\u00e7on, accompagn\u00e9 de Simon Valverde et Thomas Clarion guid\u00e9 par Antoine Bollet sont devenus champions paralympiques sur le relais open ! 19\u00e8me m\u00e9daille pour les Tricolores, la 6\u00e8me en or.","breadcrumb":{"@id":"https:\/\/dicodusport.fr\/blog\/jeux-paralympiques-le-relais-francais-en-or\/#breadcrumb"},"inLanguage":"fr-FR","potentialAction":[{"@type":"ReadAction","target":["https:\/\/dicodusport.fr\/blog\/jeux-paralympiques-le-relais-francais-en-or\/"]}]},{"@type":"ImageObject","inLanguage":"fr-FR","@id":"https:\/\/dicodusport.fr\/blog\/jeux-paralympiques-le-relais-francais-en-or\/#primaryimage","url":"https:\/\/dicodusport.fr\/blog\/wp-content\/uploads\/2018\/03\/Relais-Clarion-Daviet-Chalen\u00e7on.png","contentUrl":"https:\/\/dicodusport.fr\/blog\/wp-content\/uploads\/2018\/03\/Relais-Clarion-Daviet-Chalen\u00e7on.png","width":1200,"height":670},{"@type":"BreadcrumbList","@id":"https:\/\/dicodusport.fr\/blog\/jeux-paralympiques-le-relais-francais-en-or\/#breadcrumb","itemListElement":[{"@type":"ListItem","position":1,"name":"Accueil","item":"https:\/\/dicodusport.fr\/blog\/"},{"@type":"ListItem","position":2,"name":"Jeux Paralympiques : le relais fran\u00e7ais en or !"}]},{"@type":"WebSite","@id":"https:\/\/dicodusport.fr\/blog\/#website","url":"https:\/\/dicodusport.fr\/blog\/","name":"Dicodusport","description":"L&#039;encyclop\u00e9die de l&#039;actualit\u00e9 sportive","publisher":{"@id":"https:\/\/dicodusport.fr\/blog\/#organization"},"potentialAction":[{"@type":"SearchAction","target":{"@type":"EntryPoint","urlTemplate":"https:\/\/dicodusport.fr\/blog\/?s={search_term_string}"},"query-input":{"@type":"PropertyValueSpecification","valueRequired":true,"valueName":"search_term_string"}}],"inLanguage":"fr-FR"},{"@type":"NewsMediaOrganization","@id":"https:\/\/dicodusport.fr\/blog\/#organization","name":"Dicodusport","url":"https:\/\/dicodusport.fr\/blog\/","logo":{"@type":"ImageObject","inLanguage":"fr-FR","@id":"https:\/\/dicodusport.fr\/blog\/#\/schema\/logo\/image\/","url":"https:\/\/dicodusport.fr\/blog\/wp-content\/uploads\/2020\/06\/cropped-LOGO-DICODUSPORT-2020-SANS-FOND-SANS-TEXTE.png","contentUrl":"https:\/\/dicodusport.fr\/blog\/wp-content\/uploads\/2020\/06\/cropped-LOGO-DICODUSPORT-2020-SANS-FOND-SANS-TEXTE.png","width":512,"height":512,"caption":"Dicodusport"},"image":{"@id":"https:\/\/dicodusport.fr\/blog\/#\/schema\/logo\/image\/"},"sameAs":["https:\/\/www.facebook.com\/dicodusport","https:\/\/x.com\/dicodusport","https:\/\/www.instagram.com\/dicodusport\/","https:\/\/www.youtube.com\/channel\/UC7V2KZ5sd3htJivAbA4ZG3w"],"description":"Dicodusport est l'encyclop\u00e9die de l'actualit\u00e9 sportive.","email":"bonjour@dicodusport.fr","legalName":"DICODUSPORT","foundingDate":"2018-01-14","vatID":"FR71834470973","taxID":"83447097300043","numberOfEmployees":{"@type":"QuantitativeValue","minValue":"1","maxValue":"10"}},{"@type":"Person","@id":"https:\/\/dicodusport.fr\/blog\/#\/schema\/person\/cb02af4c173ce4a653b55e9baf388d4a","name":"Flo Ostermann","image":{"@type":"ImageObject","inLanguage":"fr-FR","@id":"https:\/\/dicodusport.fr\/blog\/#\/schema\/person\/image\/","url":"https:\/\/dicodusport.fr\/blog\/wp-content\/uploads\/2021\/05\/Flo-Ostermann-150x150.jpg","contentUrl":"https:\/\/dicodusport.fr\/blog\/wp-content\/uploads\/2021\/05\/Flo-Ostermann-150x150.jpg","caption":"Flo Ostermann"},"description":"Journaliste\/R\u00e9dacteur depuis septembre 2015 - Mes premiers souvenirs dans le sport ? Les envol\u00e9es du Stade Toulousain et les duels Villeneuve-Schumacher et H\u00e4kkinen-Schumacher \u00e0 la fin des ann\u00e9es 90, la Coupe du monde de football en 1998, l\u2019exploit du XV de France face aux All Blacks en 1999, mais aussi Richard C\u0153ur de Lion qui vole sur les montagnes du Tour de France. Bien parti pour devenir professeur d\u2019EPS, les \u00e9v\u00e9nements de la vie (et la flemme d\u2019animer des s\u00e9ances de 3x500 m\u00e8tres toute ma vie) m\u2019ont conduit \u00e0 revoir mes plans. Me voil\u00e0 depuis fin 2017 sur Dicodusport, m\u00e9dia gr\u00e2ce (et pour) lequel je partage ma passion : le sport dans tous ses \u00e9tats. Le tout accompagn\u00e9 par les fous furieux et folles furieuses cit\u00e9s sur cette page !","sameAs":["https:\/\/www.facebook.com\/florent.ostermann","https:\/\/x.com\/https:\/\/twitter.com\/FlOstermann","admin"],"url":"https:\/\/dicodusport.fr\/blog\/author\/flo\/"}]}},"_links":{"self":[{"href":"https:\/\/dicodusport.fr\/blog\/wp-json\/wp\/v2\/posts\/14730","targetHints":{"allow":["GET"]}}],"collection":[{"href":"https:\/\/dicodusport.fr\/blog\/wp-json\/wp\/v2\/posts"}],"about":[{"href":"https:\/\/dicodusport.fr\/blog\/wp-json\/wp\/v2\/types\/post"}],"author":[{"embeddable":true,"href":"https:\/\/dicodusport.fr\/blog\/wp-json\/wp\/v2\/users\/4"}],"replies":[{"embeddable":true,"href":"https:\/\/dicodusport.fr\/blog\/wp-json\/wp\/v2\/comments?post=14730"}],"version-history":[{"count":0,"href":"https:\/\/dicodusport.fr\/blog\/wp-json\/wp\/v2\/posts\/14730\/revisions"}],"wp:featuredmedia":[{"embeddable":true,"href":"https:\/\/dicodusport.fr\/blog\/wp-json\/wp\/v2\/media\/14731"}],"wp:attachment":[{"href":"https:\/\/dicodusport.fr\/blog\/wp-json\/wp\/v2\/media?parent=14730"}],"wp:term":[{"taxonomy":"category","embeddable":true,"href":"https:\/\/dicodusport.fr\/blog\/wp-json\/wp\/v2\/categories?post=14730"},{"taxonomy":"post_tag","embeddable":true,"href":"https:\/\/dicodusport.fr\/blog\/wp-json\/wp\/v2\/tags?post=14730"}],"curies":[{"name":"wp","href":"https:\/\/api.w.org\/{rel}","templated":true}]}}