{"id":147306,"date":"2021-07-17T08:35:10","date_gmt":"2021-07-17T06:35:10","guid":{"rendered":"https:\/\/dicodusport.fr\/blog\/?p=147306"},"modified":"2021-07-17T10:47:25","modified_gmt":"2021-07-17T08:47:25","slug":"la-caf-au-pays-des-merveilles-super-ligue-africaine-et-soutien-a-une-coupe-du-monde-bisannuel","status":"publish","type":"post","link":"https:\/\/dicodusport.fr\/blog\/la-caf-au-pays-des-merveilles-super-ligue-africaine-et-soutien-a-une-coupe-du-monde-bisannuel\/","title":{"rendered":"La CAF au pays des merveilles\u00a0: Super Ligue Africaine et soutien \u00e0 une Coupe du monde bisannuel"},"content":{"rendered":"<p align=\"justify\"><em><b>La veille de la finale de Ligue des Champions africaine qui verra Al-Ahly d\u00e9fier les Kaizer Chiefs, la Conf\u00e9d\u00e9ration Africaine de Football s\u2019est r\u00e9unie ce vendredi 16 juillet au Maroc. A cette occasion, le comit\u00e9 ex\u00e9cutif a annonc\u00e9 le projet de cr\u00e9ation d\u2019une possible Super Ligue Africaine, mais \u00e9galement son soutien pour la tenue d\u2019une Coupe du monde tous les deux ans. <\/b><\/em><\/p>\n<p align=\"justify\">Il y a quelques semaines, l\u2019Europe du football s\u2019est embras\u00e9e. Douze clubs mythiques d\u00e9cident de jouer les frondeurs afin d\u2019organiser une <a href=\"https:\/\/dicodusport.fr\/blog\/ce-quil-faut-savoir-sur-la-super-league\/\"><b>Super Ligue Europ\u00e9enne<\/b><\/a>. L\u2019objectif ? G\u00e9n\u00e9rer encore plus de profit pour tout simplement <em>\u00ab sauver le football \u00bb<\/em>. On conna\u00eet tous l\u2019issue avec au final un d\u00e9sistement du projet sous les diff\u00e9rentes pressions exerc\u00e9es, notamment par les supporters des clubs concern\u00e9s, ou les championnats nationaux. M\u00eame la grande <b>FIFA<\/b> avait alors apport\u00e9 son soutien \u00e0 une <b>UEFA<\/b> d\u00e9bord\u00e9e par cette possibilit\u00e9 de Super Ligue qui a grandi dans son dos. A l\u2019\u00e9poque, le pr\u00e9sident de l\u2019instance internationale, <b>Gianni Infantino<\/b>, avait alors <em>\u00ab\u00a0d\u00e9sapprouv\u00e9 fortement\u00a0\u00bb<\/em> l\u2019id\u00e9e d\u2019un tel projet.<\/p>\n<h2 style=\"text-align: justify;\" align=\"justify\"><b>La Super Ligue Africaine valid\u00e9e avec la b\u00e9n\u00e9diction de la FIFA<\/b><\/h2>\n<p align=\"justify\">Pourtant, quelques mois plus tard, le nom de Super Ligue refait surface, mais avec la b\u00e9n\u00e9diction de la FIFA cette fois. Ce vendredi, le comit\u00e9 ex\u00e9cutif de la <b>CAF<\/b> s\u2019est r\u00e9uni afin d\u2019\u00e9changer sur diff\u00e9rents sujets. Par la voix de son pr\u00e9sident, <b>Patrice Motsepe<\/b>, l\u2019instance du football africain a ainsi valid\u00e9 la cr\u00e9ation d\u2019un projet de Super Ligue Africaine. Le 20 juin dernier, le Sud-Africain avait d\u00e9j\u00e0 publi\u00e9 un communiqu\u00e9 au sein duquel il s\u2019\u00e9panchait sur la possibilit\u00e9 de b\u00e2tir cette comp\u00e9tition : <em>\u00ab Nous sommes en train d\u2019examiner l\u2019opportunit\u00e9 de la cr\u00e9ation d\u2019une Super Ligue Africaine. Des discussions \u00e0 cet \u00e9gard ont d\u00e9j\u00e0 eu lieu. \u00bb<\/em><\/p>\n<p align=\"justify\">Cela n\u2019est donc pas une surprise, mais la cr\u00e9ation de cette comp\u00e9tition semble d\u00e9sormais en marche. Num\u00e9ro deux de la Conf\u00e9d\u00e9ration, le Mauritanien <b>Ahmed Yahya<\/b> a ainsi \u00e9t\u00e9 charg\u00e9 de poser les bases du projet. Tout sauf une surprise puisque cela fait un certain temps qu\u2019il en est question. D\u00e9but 2020, en voyage sur le continent, <strong>Gianni Infantino<\/strong> avait d\u00e9j\u00e0 clairement exprim\u00e9 cette possibilit\u00e9 en affirmant sa volont\u00e9 : <em>\u00ab Je veux cr\u00e9er une ligue panafricaine de 20 \u00e0 24 clubs\u00a0\u00bb<\/em>. Oui, on parle bien l\u00e0 du m\u00eame pr\u00e9sident de la <strong>FIFA<\/strong> qui a hauss\u00e9 le ton lorsque le m\u00eame projet a voulu se mettre en place en Europe. Contradictoire non ? Pas tellement, puisque l\u2019influence du Suisse sur le continent africain n\u2019est plus \u00e0 prouver.<\/p>\n<blockquote class=\"twitter-tweet\">\n<p dir=\"ltr\" lang=\"fr\">Le comit\u00e9 ex\u00e9cutif de la conf\u00e9d\u00e9ration africaine de football (CAF)vient de charger le mauritanien AHMED YAHYA vice pr\u00e9sident de la CAF de conduire le projet de cr\u00e9ation et d&rsquo;organisation dans les prochains mois d&rsquo;une nouvelle comp\u00e9tition baptis\u00e9e\u00a0\u00bbSuper ligue africaine). <a href=\"https:\/\/t.co\/KMTdlVkoBq\">pic.twitter.com\/KMTdlVkoBq<\/a><\/p>\n<p>\u2014 Leopard News Foot (@FootLeopard) <a href=\"https:\/\/twitter.com\/FootLeopard\/status\/1416116422556663814?ref_src=twsrc%5Etfw\">July 16, 2021<\/a><\/p><\/blockquote>\n<p><script async src=\"https:\/\/platform.twitter.com\/widgets.js\" charset=\"utf-8\"><\/script><\/p>\n<h2 style=\"text-align: justify;\" align=\"justify\"><b>Une Coupe du monde biannuelle soutenue<\/b><\/h2>\n<p align=\"justify\">Durant la m\u00eame r\u00e9union s\u2019\u00e9tant tenue ce vendredi, un autre point a particuli\u00e8rement attir\u00e9 l\u2019attention. Dans les cartons de la <b>FIFA<\/b> depuis plusieurs ann\u00e9es, l\u2019id\u00e9e d\u2019une <b>Coupe du monde<\/b> disput\u00e9e tous les deux ans a \u00e9t\u00e9 abord\u00e9e. <b>Patrice Motsepe<\/b> a \u00e9t\u00e9 sans concession\u00a0: <em>\u00ab<\/em>\u00a0<em>L\u2019Afrique pourrait \u00eatre la plus grande b\u00e9n\u00e9ficiaire d\u2019un Mondial tous les deux ans<\/em>\u00a0\u00bb. Il n\u2019y a donc pas de place au doute, la <b>CAF<\/b> est pr\u00eate \u00e0 suivre Infantino dans tous ses projets les plus fous.<\/p>\n<p align=\"justify\">Malgr\u00e9 tout, difficile de ne pas rester pantois puisque dans le m\u00eame temps, Motsepe est favorable a une tenue de la CAN tous les deux ans, comme cela est actuellement le cas. Pour faire simple, les s\u00e9lections nationales disputeraient donc tous les \u00e9t\u00e9s une comp\u00e9tition internationale.<\/p>\n<p align=\"justify\">Alors que le calendrier surcharg\u00e9 fait d\u00e9bat depuis quelques temps, aucune solution n\u2019est trouv\u00e9e. Au contraire, c\u2019est dans le sens inverse que les F\u00e9d\u00e9rations vont avec toujours pour optique le besoin de faire de l\u2019argent, encore plus d\u2019argent, toujours plus d\u2019argent. Cela peut se comprendre dans le cadre du continent africain qui a un football de clubs en souffrance, et qui peine \u00e0 avoir de la visibilit\u00e9 en dehors des fronti\u00e8res du continent.<\/p>\n<blockquote class=\"twitter-tweet\">\n<p dir=\"ltr\" lang=\"fr\">La Conf\u00e9d\u00e9ration Africaine de Football (CAF) approuve officiellement la cr\u00e9ation de la Super Ligue africaine et soutient la proposition d&rsquo;organiser la Coupe du monde tous les deux ans. <a href=\"https:\/\/t.co\/4w8kZeFBf9\">pic.twitter.com\/4w8kZeFBf9<\/a><\/p>\n<p>\u2014 (@dyesbro) <a href=\"https:\/\/twitter.com\/dyesbro\/status\/1416128054359953413?ref_src=twsrc%5Etfw\">July 16, 2021<\/a><\/p><\/blockquote>\n<p><script async src=\"https:\/\/platform.twitter.com\/widgets.js\" charset=\"utf-8\"><\/script><\/p>\n<h2 style=\"text-align: justify;\" align=\"justify\"><b>Des annonces fracassantes mais d\u00e9nu\u00e9es de profondeur<\/b><\/h2>\n<p align=\"justify\">Cependant, il est difficile de croire qu\u2019une <b>Super Ligue<\/b> pour les clubs, et une Coupe du monde biannuelle, permettront de faire \u00e9voluer le football africain. Dans le cadre de ces deux projets, aucun d\u00e9tail n\u2019a \u00e9t\u00e9 donn\u00e9, et c\u2019est encore le flou total. Comment les clubs de la Super Ligue seront d\u00e9termin\u00e9s ? Comment faire pour que les 54 nations affili\u00e9es puissent b\u00e9n\u00e9ficier des retomb\u00e9es, comme le pr\u00e9sident de la CAF veut le faire croire ?<\/p>\n<p align=\"justify\">Des questions qui sont sans r\u00e9ponses, et pour lesquelles la communication sera sans doute bien soign\u00e9e afin d&rsquo;apporter des r\u00e9ponses passe-partout pour d\u00e9tourner les probl\u00e9matiques qui risquent d&rsquo;\u00eatre engendr\u00e9es. Pendant ce temps-l\u00e0, le football africain est en train de s\u2019engager dans une voie compliqu\u00e9e, et semble servir de <em>\u00ab laboratoire \u00bb<\/em> \u00e0 une future Super Ligue Europ\u00e9enne. Mais cette derni\u00e8re verra le jour lorsque la <b>FIFA<\/b> d\u00e9cidera de franchir le pas, comme cela se passe en Afrique. Encore quelques ann\u00e9es de gestions financi\u00e8res catastrophiques dans la lign\u00e9e des gestions actuelles des clubs, et le football europ\u00e9en sera lui aussi <em>\u00ab m\u00fbr \u00bb<\/em> pour adopter ce format qui risque d&rsquo;affaiblir encore plus les championnats nationaux et les clubs non convi\u00e9s \u00e0 la f\u00eate.<\/p>\n<p align=\"justify\">\n","protected":false},"excerpt":{"rendered":"<p>La veille de la finale de Ligue des Champions africaine qui verra Al-Ahly d\u00e9fier les Kaizer Chiefs, la Conf\u00e9d\u00e9ration Africaine de Football s\u2019est r\u00e9unie ce vendredi 16 juillet au Maroc. A cette occasion, le comit\u00e9 ex\u00e9cutif a annonc\u00e9 le projet de cr\u00e9ation d\u2019une possible Super Ligue Africaine, mais \u00e9galement son soutien pour la tenue d\u2019une Coupe du monde tous les deux ans.<\/p>\n","protected":false},"author":55,"featured_media":147315,"comment_status":"open","ping_status":"closed","sticky":false,"template":"","format":"standard","meta":{"_acf_changed":false,"_daextam_enable_autolinks":"","footnotes":""},"categories":[2301],"tags":[80,75],"class_list":["post-147306","post","type-post","status-publish","format-standard","has-post-thumbnail","hentry","category-football","tag-fifa","tag-football"],"acf":[],"yoast_head":"<!-- This site is optimized with the Yoast SEO Premium plugin v26.7 (Yoast SEO v26.7) - https:\/\/yoast.com\/wordpress\/plugins\/seo\/ -->\n<title>La CAF au pays des merveilles\u00a0: Super Ligue Africaine et soutien \u00e0 une Coupe du monde bisannuel<\/title>\n<meta name=\"description\" content=\"La CAF a valid\u00e9 la construction d&#039;un projet de Super Ligue Africaine, tout en apportant son soutien \u00e0 une Coupe du monde biannuelle.\" \/>\n<meta name=\"robots\" content=\"index, follow, max-snippet:-1, max-image-preview:large, max-video-preview:-1\" \/>\n<link rel=\"canonical\" href=\"https:\/\/dicodusport.fr\/blog\/la-caf-au-pays-des-merveilles-super-ligue-africaine-et-soutien-a-une-coupe-du-monde-bisannuel\/\" \/>\n<meta property=\"og:locale\" content=\"fr_FR\" \/>\n<meta property=\"og:type\" content=\"article\" \/>\n<meta property=\"og:title\" content=\"La CAF au pays des merveilles\u00a0: Super Ligue Africaine et soutien \u00e0 une Coupe du monde bisannuel\" \/>\n<meta property=\"og:description\" content=\"La CAF a valid\u00e9 la construction d&#039;un projet de Super Ligue Africaine, tout en apportant son soutien \u00e0 une Coupe du monde biannuelle.\" \/>\n<meta property=\"og:url\" content=\"https:\/\/dicodusport.fr\/blog\/la-caf-au-pays-des-merveilles-super-ligue-africaine-et-soutien-a-une-coupe-du-monde-bisannuel\/\" \/>\n<meta property=\"og:site_name\" content=\"Dicodusport\" \/>\n<meta property=\"article:publisher\" content=\"https:\/\/www.facebook.com\/dicodusport\" \/>\n<meta property=\"article:published_time\" content=\"2021-07-17T06:35:10+00:00\" \/>\n<meta property=\"article:modified_time\" content=\"2021-07-17T08:47:25+00:00\" \/>\n<meta property=\"og:image\" content=\"https:\/\/dicodusport.fr\/blog\/wp-content\/uploads\/2021\/07\/La-CAF-au-pays-des-merveilles-Super-Ligue-Africaine-et-soutien-a-une-Coupe-du-monde-biannuelle.png\" \/>\n\t<meta property=\"og:image:width\" content=\"800\" \/>\n\t<meta property=\"og:image:height\" content=\"445\" \/>\n\t<meta property=\"og:image:type\" content=\"image\/png\" \/>\n<meta name=\"author\" content=\"Maxime Cazenave\" \/>\n<meta name=\"twitter:card\" content=\"summary_large_image\" \/>\n<meta name=\"twitter:title\" content=\"La CAF au pays des merveilles\u00a0: Super Ligue Africaine et soutien \u00e0 une Coupe du monde bisannuel\" \/>\n<meta name=\"twitter:creator\" content=\"@https:\/\/twitter.com\/Maxime_Caze\" \/>\n<meta name=\"twitter:site\" content=\"@dicodusport\" \/>\n<script type=\"application\/ld+json\" class=\"yoast-schema-graph\">{\"@context\":\"https:\/\/schema.org\",\"@graph\":[{\"@type\":\"NewsArticle\",\"@id\":\"https:\/\/dicodusport.fr\/blog\/la-caf-au-pays-des-merveilles-super-ligue-africaine-et-soutien-a-une-coupe-du-monde-bisannuel\/#article\",\"isPartOf\":{\"@id\":\"https:\/\/dicodusport.fr\/blog\/la-caf-au-pays-des-merveilles-super-ligue-africaine-et-soutien-a-une-coupe-du-monde-bisannuel\/\"},\"author\":{\"name\":\"Maxime Cazenave\",\"@id\":\"https:\/\/dicodusport.fr\/blog\/#\/schema\/person\/37def232098a7a5cbab3974a3690abb0\"},\"headline\":\"La CAF au pays des merveilles\u00a0: Super Ligue Africaine et soutien \u00e0 une Coupe du monde bisannuel\",\"datePublished\":\"2021-07-17T06:35:10+00:00\",\"dateModified\":\"2021-07-17T08:47:25+00:00\",\"mainEntityOfPage\":{\"@id\":\"https:\/\/dicodusport.fr\/blog\/la-caf-au-pays-des-merveilles-super-ligue-africaine-et-soutien-a-une-coupe-du-monde-bisannuel\/\"},\"wordCount\":1046,\"commentCount\":0,\"publisher\":{\"@id\":\"https:\/\/dicodusport.fr\/blog\/#organization\"},\"image\":{\"@id\":\"https:\/\/dicodusport.fr\/blog\/la-caf-au-pays-des-merveilles-super-ligue-africaine-et-soutien-a-une-coupe-du-monde-bisannuel\/#primaryimage\"},\"thumbnailUrl\":\"https:\/\/dicodusport.fr\/blog\/wp-content\/uploads\/2021\/07\/La-CAF-au-pays-des-merveilles-Super-Ligue-Africaine-et-soutien-a-une-Coupe-du-monde-biannuelle.png\",\"keywords\":[\"fifa\",\"Football\"],\"articleSection\":[\"Football\"],\"inLanguage\":\"fr-FR\",\"potentialAction\":[{\"@type\":\"CommentAction\",\"name\":\"Comment\",\"target\":[\"https:\/\/dicodusport.fr\/blog\/la-caf-au-pays-des-merveilles-super-ligue-africaine-et-soutien-a-une-coupe-du-monde-bisannuel\/#respond\"]}],\"copyrightYear\":\"2021\",\"copyrightHolder\":{\"@id\":\"https:\/\/dicodusport.fr\/blog\/#organization\"}},{\"@type\":\"WebPage\",\"@id\":\"https:\/\/dicodusport.fr\/blog\/la-caf-au-pays-des-merveilles-super-ligue-africaine-et-soutien-a-une-coupe-du-monde-bisannuel\/\",\"url\":\"https:\/\/dicodusport.fr\/blog\/la-caf-au-pays-des-merveilles-super-ligue-africaine-et-soutien-a-une-coupe-du-monde-bisannuel\/\",\"name\":\"La CAF au pays des merveilles\u00a0: Super Ligue Africaine et soutien \u00e0 une Coupe du monde bisannuel\",\"isPartOf\":{\"@id\":\"https:\/\/dicodusport.fr\/blog\/#website\"},\"primaryImageOfPage\":{\"@id\":\"https:\/\/dicodusport.fr\/blog\/la-caf-au-pays-des-merveilles-super-ligue-africaine-et-soutien-a-une-coupe-du-monde-bisannuel\/#primaryimage\"},\"image\":{\"@id\":\"https:\/\/dicodusport.fr\/blog\/la-caf-au-pays-des-merveilles-super-ligue-africaine-et-soutien-a-une-coupe-du-monde-bisannuel\/#primaryimage\"},\"thumbnailUrl\":\"https:\/\/dicodusport.fr\/blog\/wp-content\/uploads\/2021\/07\/La-CAF-au-pays-des-merveilles-Super-Ligue-Africaine-et-soutien-a-une-Coupe-du-monde-biannuelle.png\",\"datePublished\":\"2021-07-17T06:35:10+00:00\",\"dateModified\":\"2021-07-17T08:47:25+00:00\",\"description\":\"La CAF a valid\u00e9 la construction d'un projet de Super Ligue Africaine, tout en apportant son soutien \u00e0 une Coupe du monde biannuelle.\",\"breadcrumb\":{\"@id\":\"https:\/\/dicodusport.fr\/blog\/la-caf-au-pays-des-merveilles-super-ligue-africaine-et-soutien-a-une-coupe-du-monde-bisannuel\/#breadcrumb\"},\"inLanguage\":\"fr-FR\",\"potentialAction\":[{\"@type\":\"ReadAction\",\"target\":[\"https:\/\/dicodusport.fr\/blog\/la-caf-au-pays-des-merveilles-super-ligue-africaine-et-soutien-a-une-coupe-du-monde-bisannuel\/\"]}]},{\"@type\":\"ImageObject\",\"inLanguage\":\"fr-FR\",\"@id\":\"https:\/\/dicodusport.fr\/blog\/la-caf-au-pays-des-merveilles-super-ligue-africaine-et-soutien-a-une-coupe-du-monde-bisannuel\/#primaryimage\",\"url\":\"https:\/\/dicodusport.fr\/blog\/wp-content\/uploads\/2021\/07\/La-CAF-au-pays-des-merveilles-Super-Ligue-Africaine-et-soutien-a-une-Coupe-du-monde-biannuelle.png\",\"contentUrl\":\"https:\/\/dicodusport.fr\/blog\/wp-content\/uploads\/2021\/07\/La-CAF-au-pays-des-merveilles-Super-Ligue-Africaine-et-soutien-a-une-Coupe-du-monde-biannuelle.png\",\"width\":800,\"height\":445,\"caption\":\"La CAF au pays des merveilles\u00a0 Super Ligue Africaine et soutien \u00e0 une Coupe du monde biannuelle\"},{\"@type\":\"BreadcrumbList\",\"@id\":\"https:\/\/dicodusport.fr\/blog\/la-caf-au-pays-des-merveilles-super-ligue-africaine-et-soutien-a-une-coupe-du-monde-bisannuel\/#breadcrumb\",\"itemListElement\":[{\"@type\":\"ListItem\",\"position\":1,\"name\":\"Accueil\",\"item\":\"https:\/\/dicodusport.fr\/blog\/\"},{\"@type\":\"ListItem\",\"position\":2,\"name\":\"La CAF au pays des merveilles\u00a0: Super Ligue Africaine et soutien \u00e0 une Coupe du monde bisannuel\"}]},{\"@type\":\"WebSite\",\"@id\":\"https:\/\/dicodusport.fr\/blog\/#website\",\"url\":\"https:\/\/dicodusport.fr\/blog\/\",\"name\":\"Dicodusport\",\"description\":\"L&#039;encyclop\u00e9die de l&#039;actualit\u00e9 sportive\",\"publisher\":{\"@id\":\"https:\/\/dicodusport.fr\/blog\/#organization\"},\"potentialAction\":[{\"@type\":\"SearchAction\",\"target\":{\"@type\":\"EntryPoint\",\"urlTemplate\":\"https:\/\/dicodusport.fr\/blog\/?s={search_term_string}\"},\"query-input\":{\"@type\":\"PropertyValueSpecification\",\"valueRequired\":true,\"valueName\":\"search_term_string\"}}],\"inLanguage\":\"fr-FR\"},{\"@type\":\"NewsMediaOrganization\",\"@id\":\"https:\/\/dicodusport.fr\/blog\/#organization\",\"name\":\"Dicodusport\",\"url\":\"https:\/\/dicodusport.fr\/blog\/\",\"logo\":{\"@type\":\"ImageObject\",\"inLanguage\":\"fr-FR\",\"@id\":\"https:\/\/dicodusport.fr\/blog\/#\/schema\/logo\/image\/\",\"url\":\"https:\/\/dicodusport.fr\/blog\/wp-content\/uploads\/2020\/06\/cropped-LOGO-DICODUSPORT-2020-SANS-FOND-SANS-TEXTE.png\",\"contentUrl\":\"https:\/\/dicodusport.fr\/blog\/wp-content\/uploads\/2020\/06\/cropped-LOGO-DICODUSPORT-2020-SANS-FOND-SANS-TEXTE.png\",\"width\":512,\"height\":512,\"caption\":\"Dicodusport\"},\"image\":{\"@id\":\"https:\/\/dicodusport.fr\/blog\/#\/schema\/logo\/image\/\"},\"sameAs\":[\"https:\/\/www.facebook.com\/dicodusport\",\"https:\/\/x.com\/dicodusport\",\"https:\/\/www.instagram.com\/dicodusport\/\",\"https:\/\/www.youtube.com\/channel\/UC7V2KZ5sd3htJivAbA4ZG3w\"],\"description\":\"Dicodusport est l'encyclop\u00e9die de l'actualit\u00e9 sportive.\",\"email\":\"bonjour@dicodusport.fr\",\"legalName\":\"DICODUSPORT\",\"foundingDate\":\"2018-01-14\",\"vatID\":\"FR71834470973\",\"taxID\":\"83447097300043\",\"numberOfEmployees\":{\"@type\":\"QuantitativeValue\",\"minValue\":\"1\",\"maxValue\":\"10\"}},{\"@type\":\"Person\",\"@id\":\"https:\/\/dicodusport.fr\/blog\/#\/schema\/person\/37def232098a7a5cbab3974a3690abb0\",\"name\":\"Maxime Cazenave\",\"image\":{\"@type\":\"ImageObject\",\"inLanguage\":\"fr-FR\",\"@id\":\"https:\/\/dicodusport.fr\/blog\/#\/schema\/person\/image\/\",\"url\":\"https:\/\/dicodusport.fr\/blog\/wp-content\/uploads\/2021\/05\/Maxime-Cazenave-150x150.jpg\",\"contentUrl\":\"https:\/\/dicodusport.fr\/blog\/wp-content\/uploads\/2021\/05\/Maxime-Cazenave-150x150.jpg\",\"caption\":\"Maxime Cazenave\"},\"description\":\"Journaliste\/R\u00e9dacteur depuis 2012 - Berc\u00e9 par l\u2019amour des Girondins de Bordeaux, les \u00e9checs de Christophe Moreau sur le Tour de France sous l'\u00e8re Lance Armstrong et le fade-away l\u00e9tal de Dirk Nowitzki, ma passion d\u00e9vorante pour le sport a toujours \u00e9t\u00e9 un pan incontournable de ma vie. Transmettre ma passion \u00e0 l\u2019\u00e9crit a \u00e9t\u00e9 une transition naturelle. Suiveur assidu de basket et de hockey sur glace, je garde toujours un peu de place pour suivre le cyclisme, le football et le maximum de performances fran\u00e7aises.\",\"sameAs\":[\"https:\/\/x.com\/https:\/\/twitter.com\/Maxime_Caze\"],\"url\":\"https:\/\/dicodusport.fr\/blog\/author\/maximec\/\"}]}<\/script>\n<!-- \/ Yoast SEO Premium plugin. -->","yoast_head_json":{"title":"La CAF au pays des merveilles\u00a0: Super Ligue Africaine et soutien \u00e0 une Coupe du monde bisannuel","description":"La CAF a valid\u00e9 la construction d'un projet de Super Ligue Africaine, tout en apportant son soutien \u00e0 une Coupe du monde biannuelle.","robots":{"index":"index","follow":"follow","max-snippet":"max-snippet:-1","max-image-preview":"max-image-preview:large","max-video-preview":"max-video-preview:-1"},"canonical":"https:\/\/dicodusport.fr\/blog\/la-caf-au-pays-des-merveilles-super-ligue-africaine-et-soutien-a-une-coupe-du-monde-bisannuel\/","og_locale":"fr_FR","og_type":"article","og_title":"La CAF au pays des merveilles\u00a0: Super Ligue Africaine et soutien \u00e0 une Coupe du monde bisannuel","og_description":"La CAF a valid\u00e9 la construction d'un projet de Super Ligue Africaine, tout en apportant son soutien \u00e0 une Coupe du monde biannuelle.","og_url":"https:\/\/dicodusport.fr\/blog\/la-caf-au-pays-des-merveilles-super-ligue-africaine-et-soutien-a-une-coupe-du-monde-bisannuel\/","og_site_name":"Dicodusport","article_publisher":"https:\/\/www.facebook.com\/dicodusport","article_published_time":"2021-07-17T06:35:10+00:00","article_modified_time":"2021-07-17T08:47:25+00:00","og_image":[{"width":800,"height":445,"url":"https:\/\/dicodusport.fr\/blog\/wp-content\/uploads\/2021\/07\/La-CAF-au-pays-des-merveilles-Super-Ligue-Africaine-et-soutien-a-une-Coupe-du-monde-biannuelle.png","type":"image\/png"}],"author":"Maxime Cazenave","twitter_card":"summary_large_image","twitter_title":"La CAF au pays des merveilles\u00a0: Super Ligue Africaine et soutien \u00e0 une Coupe du monde bisannuel","twitter_creator":"@https:\/\/twitter.com\/Maxime_Caze","twitter_site":"@dicodusport","schema":{"@context":"https:\/\/schema.org","@graph":[{"@type":"NewsArticle","@id":"https:\/\/dicodusport.fr\/blog\/la-caf-au-pays-des-merveilles-super-ligue-africaine-et-soutien-a-une-coupe-du-monde-bisannuel\/#article","isPartOf":{"@id":"https:\/\/dicodusport.fr\/blog\/la-caf-au-pays-des-merveilles-super-ligue-africaine-et-soutien-a-une-coupe-du-monde-bisannuel\/"},"author":{"name":"Maxime Cazenave","@id":"https:\/\/dicodusport.fr\/blog\/#\/schema\/person\/37def232098a7a5cbab3974a3690abb0"},"headline":"La CAF au pays des merveilles\u00a0: Super Ligue Africaine et soutien \u00e0 une Coupe du monde bisannuel","datePublished":"2021-07-17T06:35:10+00:00","dateModified":"2021-07-17T08:47:25+00:00","mainEntityOfPage":{"@id":"https:\/\/dicodusport.fr\/blog\/la-caf-au-pays-des-merveilles-super-ligue-africaine-et-soutien-a-une-coupe-du-monde-bisannuel\/"},"wordCount":1046,"commentCount":0,"publisher":{"@id":"https:\/\/dicodusport.fr\/blog\/#organization"},"image":{"@id":"https:\/\/dicodusport.fr\/blog\/la-caf-au-pays-des-merveilles-super-ligue-africaine-et-soutien-a-une-coupe-du-monde-bisannuel\/#primaryimage"},"thumbnailUrl":"https:\/\/dicodusport.fr\/blog\/wp-content\/uploads\/2021\/07\/La-CAF-au-pays-des-merveilles-Super-Ligue-Africaine-et-soutien-a-une-Coupe-du-monde-biannuelle.png","keywords":["fifa","Football"],"articleSection":["Football"],"inLanguage":"fr-FR","potentialAction":[{"@type":"CommentAction","name":"Comment","target":["https:\/\/dicodusport.fr\/blog\/la-caf-au-pays-des-merveilles-super-ligue-africaine-et-soutien-a-une-coupe-du-monde-bisannuel\/#respond"]}],"copyrightYear":"2021","copyrightHolder":{"@id":"https:\/\/dicodusport.fr\/blog\/#organization"}},{"@type":"WebPage","@id":"https:\/\/dicodusport.fr\/blog\/la-caf-au-pays-des-merveilles-super-ligue-africaine-et-soutien-a-une-coupe-du-monde-bisannuel\/","url":"https:\/\/dicodusport.fr\/blog\/la-caf-au-pays-des-merveilles-super-ligue-africaine-et-soutien-a-une-coupe-du-monde-bisannuel\/","name":"La CAF au pays des merveilles\u00a0: Super Ligue Africaine et soutien \u00e0 une Coupe du monde bisannuel","isPartOf":{"@id":"https:\/\/dicodusport.fr\/blog\/#website"},"primaryImageOfPage":{"@id":"https:\/\/dicodusport.fr\/blog\/la-caf-au-pays-des-merveilles-super-ligue-africaine-et-soutien-a-une-coupe-du-monde-bisannuel\/#primaryimage"},"image":{"@id":"https:\/\/dicodusport.fr\/blog\/la-caf-au-pays-des-merveilles-super-ligue-africaine-et-soutien-a-une-coupe-du-monde-bisannuel\/#primaryimage"},"thumbnailUrl":"https:\/\/dicodusport.fr\/blog\/wp-content\/uploads\/2021\/07\/La-CAF-au-pays-des-merveilles-Super-Ligue-Africaine-et-soutien-a-une-Coupe-du-monde-biannuelle.png","datePublished":"2021-07-17T06:35:10+00:00","dateModified":"2021-07-17T08:47:25+00:00","description":"La CAF a valid\u00e9 la construction d'un projet de Super Ligue Africaine, tout en apportant son soutien \u00e0 une Coupe du monde biannuelle.","breadcrumb":{"@id":"https:\/\/dicodusport.fr\/blog\/la-caf-au-pays-des-merveilles-super-ligue-africaine-et-soutien-a-une-coupe-du-monde-bisannuel\/#breadcrumb"},"inLanguage":"fr-FR","potentialAction":[{"@type":"ReadAction","target":["https:\/\/dicodusport.fr\/blog\/la-caf-au-pays-des-merveilles-super-ligue-africaine-et-soutien-a-une-coupe-du-monde-bisannuel\/"]}]},{"@type":"ImageObject","inLanguage":"fr-FR","@id":"https:\/\/dicodusport.fr\/blog\/la-caf-au-pays-des-merveilles-super-ligue-africaine-et-soutien-a-une-coupe-du-monde-bisannuel\/#primaryimage","url":"https:\/\/dicodusport.fr\/blog\/wp-content\/uploads\/2021\/07\/La-CAF-au-pays-des-merveilles-Super-Ligue-Africaine-et-soutien-a-une-Coupe-du-monde-biannuelle.png","contentUrl":"https:\/\/dicodusport.fr\/blog\/wp-content\/uploads\/2021\/07\/La-CAF-au-pays-des-merveilles-Super-Ligue-Africaine-et-soutien-a-une-Coupe-du-monde-biannuelle.png","width":800,"height":445,"caption":"La CAF au pays des merveilles\u00a0 Super Ligue Africaine et soutien \u00e0 une Coupe du monde biannuelle"},{"@type":"BreadcrumbList","@id":"https:\/\/dicodusport.fr\/blog\/la-caf-au-pays-des-merveilles-super-ligue-africaine-et-soutien-a-une-coupe-du-monde-bisannuel\/#breadcrumb","itemListElement":[{"@type":"ListItem","position":1,"name":"Accueil","item":"https:\/\/dicodusport.fr\/blog\/"},{"@type":"ListItem","position":2,"name":"La CAF au pays des merveilles\u00a0: Super Ligue Africaine et soutien \u00e0 une Coupe du monde bisannuel"}]},{"@type":"WebSite","@id":"https:\/\/dicodusport.fr\/blog\/#website","url":"https:\/\/dicodusport.fr\/blog\/","name":"Dicodusport","description":"L&#039;encyclop\u00e9die de l&#039;actualit\u00e9 sportive","publisher":{"@id":"https:\/\/dicodusport.fr\/blog\/#organization"},"potentialAction":[{"@type":"SearchAction","target":{"@type":"EntryPoint","urlTemplate":"https:\/\/dicodusport.fr\/blog\/?s={search_term_string}"},"query-input":{"@type":"PropertyValueSpecification","valueRequired":true,"valueName":"search_term_string"}}],"inLanguage":"fr-FR"},{"@type":"NewsMediaOrganization","@id":"https:\/\/dicodusport.fr\/blog\/#organization","name":"Dicodusport","url":"https:\/\/dicodusport.fr\/blog\/","logo":{"@type":"ImageObject","inLanguage":"fr-FR","@id":"https:\/\/dicodusport.fr\/blog\/#\/schema\/logo\/image\/","url":"https:\/\/dicodusport.fr\/blog\/wp-content\/uploads\/2020\/06\/cropped-LOGO-DICODUSPORT-2020-SANS-FOND-SANS-TEXTE.png","contentUrl":"https:\/\/dicodusport.fr\/blog\/wp-content\/uploads\/2020\/06\/cropped-LOGO-DICODUSPORT-2020-SANS-FOND-SANS-TEXTE.png","width":512,"height":512,"caption":"Dicodusport"},"image":{"@id":"https:\/\/dicodusport.fr\/blog\/#\/schema\/logo\/image\/"},"sameAs":["https:\/\/www.facebook.com\/dicodusport","https:\/\/x.com\/dicodusport","https:\/\/www.instagram.com\/dicodusport\/","https:\/\/www.youtube.com\/channel\/UC7V2KZ5sd3htJivAbA4ZG3w"],"description":"Dicodusport est l'encyclop\u00e9die de l'actualit\u00e9 sportive.","email":"bonjour@dicodusport.fr","legalName":"DICODUSPORT","foundingDate":"2018-01-14","vatID":"FR71834470973","taxID":"83447097300043","numberOfEmployees":{"@type":"QuantitativeValue","minValue":"1","maxValue":"10"}},{"@type":"Person","@id":"https:\/\/dicodusport.fr\/blog\/#\/schema\/person\/37def232098a7a5cbab3974a3690abb0","name":"Maxime Cazenave","image":{"@type":"ImageObject","inLanguage":"fr-FR","@id":"https:\/\/dicodusport.fr\/blog\/#\/schema\/person\/image\/","url":"https:\/\/dicodusport.fr\/blog\/wp-content\/uploads\/2021\/05\/Maxime-Cazenave-150x150.jpg","contentUrl":"https:\/\/dicodusport.fr\/blog\/wp-content\/uploads\/2021\/05\/Maxime-Cazenave-150x150.jpg","caption":"Maxime Cazenave"},"description":"Journaliste\/R\u00e9dacteur depuis 2012 - Berc\u00e9 par l\u2019amour des Girondins de Bordeaux, les \u00e9checs de Christophe Moreau sur le Tour de France sous l'\u00e8re Lance Armstrong et le fade-away l\u00e9tal de Dirk Nowitzki, ma passion d\u00e9vorante pour le sport a toujours \u00e9t\u00e9 un pan incontournable de ma vie. Transmettre ma passion \u00e0 l\u2019\u00e9crit a \u00e9t\u00e9 une transition naturelle. Suiveur assidu de basket et de hockey sur glace, je garde toujours un peu de place pour suivre le cyclisme, le football et le maximum de performances fran\u00e7aises.","sameAs":["https:\/\/x.com\/https:\/\/twitter.com\/Maxime_Caze"],"url":"https:\/\/dicodusport.fr\/blog\/author\/maximec\/"}]}},"_links":{"self":[{"href":"https:\/\/dicodusport.fr\/blog\/wp-json\/wp\/v2\/posts\/147306","targetHints":{"allow":["GET"]}}],"collection":[{"href":"https:\/\/dicodusport.fr\/blog\/wp-json\/wp\/v2\/posts"}],"about":[{"href":"https:\/\/dicodusport.fr\/blog\/wp-json\/wp\/v2\/types\/post"}],"author":[{"embeddable":true,"href":"https:\/\/dicodusport.fr\/blog\/wp-json\/wp\/v2\/users\/55"}],"replies":[{"embeddable":true,"href":"https:\/\/dicodusport.fr\/blog\/wp-json\/wp\/v2\/comments?post=147306"}],"version-history":[{"count":0,"href":"https:\/\/dicodusport.fr\/blog\/wp-json\/wp\/v2\/posts\/147306\/revisions"}],"wp:featuredmedia":[{"embeddable":true,"href":"https:\/\/dicodusport.fr\/blog\/wp-json\/wp\/v2\/media\/147315"}],"wp:attachment":[{"href":"https:\/\/dicodusport.fr\/blog\/wp-json\/wp\/v2\/media?parent=147306"}],"wp:term":[{"taxonomy":"category","embeddable":true,"href":"https:\/\/dicodusport.fr\/blog\/wp-json\/wp\/v2\/categories?post=147306"},{"taxonomy":"post_tag","embeddable":true,"href":"https:\/\/dicodusport.fr\/blog\/wp-json\/wp\/v2\/tags?post=147306"}],"curies":[{"name":"wp","href":"https:\/\/api.w.org\/{rel}","templated":true}]}}