{"id":147737,"date":"2021-07-19T12:57:26","date_gmt":"2021-07-19T10:57:26","guid":{"rendered":"https:\/\/dicodusport.fr\/blog\/?p=147737&#038;preview=true&#038;preview_id=147737"},"modified":"2021-07-19T19:10:54","modified_gmt":"2021-07-19T17:10:54","slug":"video-le-magnifique-hommage-des-supporters-de-nimes-a-renaud-ripart","status":"publish","type":"post","link":"https:\/\/dicodusport.fr\/blog\/video-le-magnifique-hommage-des-supporters-de-nimes-a-renaud-ripart\/","title":{"rendered":"[Vid\u00e9o] Le magnifique hommage des supporters de N\u00eemes \u00e0 Renaud Ripart"},"content":{"rendered":"<p style=\"text-align: justify;\"><strong><em>FOOTBALL &#8211; Renaud Ripart, enfant de N\u00eemes, a quitt\u00e9 le club pour rejoindre Troyes et rester en Ligue 1. Le public n\u00eemois lui a rendu un vibrant hommage.\u00a0<\/em><\/strong><\/p>\n<p style=\"text-align: justify;\">N\u00e9 et form\u00e9 \u00e0 N\u00eemes, c&rsquo;est une page qui se tourne pour l&rsquo;attaquant de 28 ans. <strong>Renaud Ripart<\/strong> quitte le club de son c\u0153ur et est all\u00e9 \u00e0 la rencontre des supporters pour un moment de communion inoubliable.<\/p>\n<blockquote class=\"twitter-tweet\">\n<p dir=\"ltr\" lang=\"und\"><a href=\"https:\/\/t.co\/nZGkwRJSsh\">pic.twitter.com\/nZGkwRJSsh<\/a><\/p>\n<p>\u2014 Le 11 de N\u00eemes (@Le11deNimes) <a href=\"https:\/\/twitter.com\/Le11deNimes\/status\/1416783138399965196?ref_src=twsrc%5Etfw\">July 18, 2021<\/a><\/p><\/blockquote>\n<p><script async src=\"https:\/\/platform.twitter.com\/widgets.js\" charset=\"utf-8\"><\/script><\/p>\n","protected":false},"excerpt":{"rendered":"<p>FOOTBALL &#8211; Renaud Ripart, enfant de N\u00eemes, a quitt\u00e9 le club pour rejoindre Troyes et rester en Ligue 1. Le public n\u00eemois lui a rendu un vibrant hommage.\u00a0<\/p>\n","protected":false},"author":1,"featured_media":147738,"comment_status":"open","ping_status":"closed","sticky":false,"template":"","format":"standard","meta":{"_acf_changed":false,"_daextam_enable_autolinks":"","footnotes":""},"categories":[47045],"tags":[75,4335,4884],"class_list":["post-147737","post","type-post","status-publish","format-standard","has-post-thumbnail","hentry","category-ligue-1","tag-football","tag-nimes","tag-troyes"],"acf":[],"yoast_head":"<!-- This site is optimized with the Yoast SEO Premium plugin v26.7 (Yoast SEO v26.7) - https:\/\/yoast.com\/wordpress\/plugins\/seo\/ -->\n<title>[Vid\u00e9o] Le magnifique hommage des supporters de N\u00eemes \u00e0 Renaud Ripart<\/title>\n<meta name=\"description\" content=\"FOOTBALL - Renaud Ripart, enfant de N\u00eemes, a quitt\u00e9 le club pour rejoindre Troyes et rester en Ligue 1. Le public n\u00eemois lui a rendu un vibrant hommage.\u00a0\" \/>\n<meta name=\"robots\" content=\"index, follow, max-snippet:-1, max-image-preview:large, max-video-preview:-1\" \/>\n<link rel=\"canonical\" href=\"https:\/\/dicodusport.fr\/blog\/video-le-magnifique-hommage-des-supporters-de-nimes-a-renaud-ripart\/\" \/>\n<meta property=\"og:locale\" content=\"fr_FR\" \/>\n<meta property=\"og:type\" content=\"article\" \/>\n<meta property=\"og:title\" content=\"[Vid\u00e9o] Le magnifique hommage des supporters de N\u00eemes \u00e0 Renaud Ripart\" \/>\n<meta property=\"og:description\" content=\"FOOTBALL - Renaud Ripart, enfant de N\u00eemes, a quitt\u00e9 le club pour rejoindre Troyes et rester en Ligue 1. Le public n\u00eemois lui a rendu un vibrant hommage.\u00a0\" \/>\n<meta property=\"og:url\" content=\"https:\/\/dicodusport.fr\/blog\/video-le-magnifique-hommage-des-supporters-de-nimes-a-renaud-ripart\/\" \/>\n<meta property=\"og:site_name\" content=\"Dicodusport\" \/>\n<meta property=\"article:publisher\" content=\"https:\/\/www.facebook.com\/dicodusport\" \/>\n<meta property=\"article:author\" content=\"https:\/\/www.facebook.com\/dicodusport\" \/>\n<meta property=\"article:published_time\" content=\"2021-07-19T10:57:26+00:00\" \/>\n<meta property=\"article:modified_time\" content=\"2021-07-19T17:10:54+00:00\" \/>\n<meta property=\"og:image\" content=\"https:\/\/dicodusport.fr\/blog\/wp-content\/uploads\/2021\/07\/Le-magnifique-hommage-des-supporters-de-Ni\u0302mes-a\u0300-Renaud-Ripart.png\" \/>\n\t<meta property=\"og:image:width\" content=\"1200\" \/>\n\t<meta property=\"og:image:height\" content=\"670\" \/>\n\t<meta property=\"og:image:type\" content=\"image\/png\" \/>\n<meta name=\"author\" content=\"Nicolas Jacquemard\" \/>\n<meta name=\"twitter:card\" content=\"summary_large_image\" \/>\n<meta name=\"twitter:title\" content=\"[Vid\u00e9o] Le magnifique hommage des supporters de N\u00eemes \u00e0 Renaud Ripart\" \/>\n<meta name=\"twitter:creator\" content=\"@https:\/\/twitter.com\/Nico_Jacquemard\" \/>\n<meta name=\"twitter:site\" content=\"@dicodusport\" \/>\n<script type=\"application\/ld+json\" class=\"yoast-schema-graph\">{\"@context\":\"https:\/\/schema.org\",\"@graph\":[{\"@type\":\"NewsArticle\",\"@id\":\"https:\/\/dicodusport.fr\/blog\/video-le-magnifique-hommage-des-supporters-de-nimes-a-renaud-ripart\/#article\",\"isPartOf\":{\"@id\":\"https:\/\/dicodusport.fr\/blog\/video-le-magnifique-hommage-des-supporters-de-nimes-a-renaud-ripart\/\"},\"author\":{\"name\":\"Nicolas Jacquemard\",\"@id\":\"https:\/\/dicodusport.fr\/blog\/#\/schema\/person\/55dcb50ad410894e431ed812bbb70191\"},\"headline\":\"[Vid\u00e9o] Le magnifique hommage des supporters de N\u00eemes \u00e0 Renaud Ripart\",\"datePublished\":\"2021-07-19T10:57:26+00:00\",\"dateModified\":\"2021-07-19T17:10:54+00:00\",\"mainEntityOfPage\":{\"@id\":\"https:\/\/dicodusport.fr\/blog\/video-le-magnifique-hommage-des-supporters-de-nimes-a-renaud-ripart\/\"},\"wordCount\":91,\"commentCount\":0,\"publisher\":{\"@id\":\"https:\/\/dicodusport.fr\/blog\/#organization\"},\"image\":{\"@id\":\"https:\/\/dicodusport.fr\/blog\/video-le-magnifique-hommage-des-supporters-de-nimes-a-renaud-ripart\/#primaryimage\"},\"thumbnailUrl\":\"https:\/\/dicodusport.fr\/blog\/wp-content\/uploads\/2021\/07\/Le-magnifique-hommage-des-supporters-de-Ni\u0302mes-a\u0300-Renaud-Ripart.png\",\"keywords\":[\"Football\",\"N\u00eemes\",\"Troyes\"],\"articleSection\":[\"Ligue 1\"],\"inLanguage\":\"fr-FR\",\"potentialAction\":[{\"@type\":\"CommentAction\",\"name\":\"Comment\",\"target\":[\"https:\/\/dicodusport.fr\/blog\/video-le-magnifique-hommage-des-supporters-de-nimes-a-renaud-ripart\/#respond\"]}],\"copyrightYear\":\"2021\",\"copyrightHolder\":{\"@id\":\"https:\/\/dicodusport.fr\/blog\/#organization\"}},{\"@type\":\"WebPage\",\"@id\":\"https:\/\/dicodusport.fr\/blog\/video-le-magnifique-hommage-des-supporters-de-nimes-a-renaud-ripart\/\",\"url\":\"https:\/\/dicodusport.fr\/blog\/video-le-magnifique-hommage-des-supporters-de-nimes-a-renaud-ripart\/\",\"name\":\"[Vid\u00e9o] Le magnifique hommage des supporters de N\u00eemes \u00e0 Renaud Ripart\",\"isPartOf\":{\"@id\":\"https:\/\/dicodusport.fr\/blog\/#website\"},\"primaryImageOfPage\":{\"@id\":\"https:\/\/dicodusport.fr\/blog\/video-le-magnifique-hommage-des-supporters-de-nimes-a-renaud-ripart\/#primaryimage\"},\"image\":{\"@id\":\"https:\/\/dicodusport.fr\/blog\/video-le-magnifique-hommage-des-supporters-de-nimes-a-renaud-ripart\/#primaryimage\"},\"thumbnailUrl\":\"https:\/\/dicodusport.fr\/blog\/wp-content\/uploads\/2021\/07\/Le-magnifique-hommage-des-supporters-de-Ni\u0302mes-a\u0300-Renaud-Ripart.png\",\"datePublished\":\"2021-07-19T10:57:26+00:00\",\"dateModified\":\"2021-07-19T17:10:54+00:00\",\"description\":\"FOOTBALL - Renaud Ripart, enfant de N\u00eemes, a quitt\u00e9 le club pour rejoindre Troyes et rester en Ligue 1. Le public n\u00eemois lui a rendu un vibrant hommage.\u00a0\",\"breadcrumb\":{\"@id\":\"https:\/\/dicodusport.fr\/blog\/video-le-magnifique-hommage-des-supporters-de-nimes-a-renaud-ripart\/#breadcrumb\"},\"inLanguage\":\"fr-FR\",\"potentialAction\":[{\"@type\":\"ReadAction\",\"target\":[\"https:\/\/dicodusport.fr\/blog\/video-le-magnifique-hommage-des-supporters-de-nimes-a-renaud-ripart\/\"]}]},{\"@type\":\"ImageObject\",\"inLanguage\":\"fr-FR\",\"@id\":\"https:\/\/dicodusport.fr\/blog\/video-le-magnifique-hommage-des-supporters-de-nimes-a-renaud-ripart\/#primaryimage\",\"url\":\"https:\/\/dicodusport.fr\/blog\/wp-content\/uploads\/2021\/07\/Le-magnifique-hommage-des-supporters-de-Ni\u0302mes-a\u0300-Renaud-Ripart.png\",\"contentUrl\":\"https:\/\/dicodusport.fr\/blog\/wp-content\/uploads\/2021\/07\/Le-magnifique-hommage-des-supporters-de-Ni\u0302mes-a\u0300-Renaud-Ripart.png\",\"width\":1200,\"height\":670},{\"@type\":\"BreadcrumbList\",\"@id\":\"https:\/\/dicodusport.fr\/blog\/video-le-magnifique-hommage-des-supporters-de-nimes-a-renaud-ripart\/#breadcrumb\",\"itemListElement\":[{\"@type\":\"ListItem\",\"position\":1,\"name\":\"Accueil\",\"item\":\"https:\/\/dicodusport.fr\/blog\/\"},{\"@type\":\"ListItem\",\"position\":2,\"name\":\"[Vid\u00e9o] Le magnifique hommage des supporters de N\u00eemes \u00e0 Renaud Ripart\"}]},{\"@type\":\"WebSite\",\"@id\":\"https:\/\/dicodusport.fr\/blog\/#website\",\"url\":\"https:\/\/dicodusport.fr\/blog\/\",\"name\":\"Dicodusport\",\"description\":\"L&#039;encyclop\u00e9die de l&#039;actualit\u00e9 sportive\",\"publisher\":{\"@id\":\"https:\/\/dicodusport.fr\/blog\/#organization\"},\"potentialAction\":[{\"@type\":\"SearchAction\",\"target\":{\"@type\":\"EntryPoint\",\"urlTemplate\":\"https:\/\/dicodusport.fr\/blog\/?s={search_term_string}\"},\"query-input\":{\"@type\":\"PropertyValueSpecification\",\"valueRequired\":true,\"valueName\":\"search_term_string\"}}],\"inLanguage\":\"fr-FR\"},{\"@type\":\"NewsMediaOrganization\",\"@id\":\"https:\/\/dicodusport.fr\/blog\/#organization\",\"name\":\"Dicodusport\",\"url\":\"https:\/\/dicodusport.fr\/blog\/\",\"logo\":{\"@type\":\"ImageObject\",\"inLanguage\":\"fr-FR\",\"@id\":\"https:\/\/dicodusport.fr\/blog\/#\/schema\/logo\/image\/\",\"url\":\"https:\/\/dicodusport.fr\/blog\/wp-content\/uploads\/2020\/06\/cropped-LOGO-DICODUSPORT-2020-SANS-FOND-SANS-TEXTE.png\",\"contentUrl\":\"https:\/\/dicodusport.fr\/blog\/wp-content\/uploads\/2020\/06\/cropped-LOGO-DICODUSPORT-2020-SANS-FOND-SANS-TEXTE.png\",\"width\":512,\"height\":512,\"caption\":\"Dicodusport\"},\"image\":{\"@id\":\"https:\/\/dicodusport.fr\/blog\/#\/schema\/logo\/image\/\"},\"sameAs\":[\"https:\/\/www.facebook.com\/dicodusport\",\"https:\/\/x.com\/dicodusport\",\"https:\/\/www.instagram.com\/dicodusport\/\",\"https:\/\/www.youtube.com\/channel\/UC7V2KZ5sd3htJivAbA4ZG3w\"],\"description\":\"Dicodusport est l'encyclop\u00e9die de l'actualit\u00e9 sportive.\",\"email\":\"bonjour@dicodusport.fr\",\"legalName\":\"DICODUSPORT\",\"foundingDate\":\"2018-01-14\",\"vatID\":\"FR71834470973\",\"taxID\":\"83447097300043\",\"numberOfEmployees\":{\"@type\":\"QuantitativeValue\",\"minValue\":\"1\",\"maxValue\":\"10\"}},{\"@type\":\"Person\",\"@id\":\"https:\/\/dicodusport.fr\/blog\/#\/schema\/person\/55dcb50ad410894e431ed812bbb70191\",\"name\":\"Nicolas Jacquemard\",\"image\":{\"@type\":\"ImageObject\",\"inLanguage\":\"fr-FR\",\"@id\":\"https:\/\/dicodusport.fr\/blog\/#\/schema\/person\/image\/\",\"url\":\"https:\/\/dicodusport.fr\/blog\/wp-content\/uploads\/2021\/05\/Nicolas-Jacquemard-150x150.jpeg\",\"contentUrl\":\"https:\/\/dicodusport.fr\/blog\/wp-content\/uploads\/2021\/05\/Nicolas-Jacquemard-150x150.jpeg\",\"caption\":\"Nicolas Jacquemard\"},\"description\":\"Passionn\u00e9 de sport et entrepreneur depuis mes 18 ans, la cr\u00e9ation de Dicodusport m'a sembl\u00e9 \u00e9vidente pour participer \u00e0 la m\u00e9diatisation d'un plus grand nombre de sports. Le chemin est long mais avec une \u00e9quipe des plus motiv\u00e9es et les Jeux Olympiques de Paris 2024 en point de mire, nous y arriverons ! Journaliste dans le monde du sport depuis plus de 5 ans, je traite aussi bien de football, de rugby, de biathlon que de cyclisme.\",\"sameAs\":[\"https:\/\/www.facebook.com\/dicodusport\",\"https:\/\/x.com\/https:\/\/twitter.com\/Nico_Jacquemard\"],\"url\":\"https:\/\/dicodusport.fr\/blog\/author\/dicodusport\/\"}]}<\/script>\n<!-- \/ Yoast SEO Premium plugin. -->","yoast_head_json":{"title":"[Vid\u00e9o] Le magnifique hommage des supporters de N\u00eemes \u00e0 Renaud Ripart","description":"FOOTBALL - Renaud Ripart, enfant de N\u00eemes, a quitt\u00e9 le club pour rejoindre Troyes et rester en Ligue 1. Le public n\u00eemois lui a rendu un vibrant hommage.\u00a0","robots":{"index":"index","follow":"follow","max-snippet":"max-snippet:-1","max-image-preview":"max-image-preview:large","max-video-preview":"max-video-preview:-1"},"canonical":"https:\/\/dicodusport.fr\/blog\/video-le-magnifique-hommage-des-supporters-de-nimes-a-renaud-ripart\/","og_locale":"fr_FR","og_type":"article","og_title":"[Vid\u00e9o] Le magnifique hommage des supporters de N\u00eemes \u00e0 Renaud Ripart","og_description":"FOOTBALL - Renaud Ripart, enfant de N\u00eemes, a quitt\u00e9 le club pour rejoindre Troyes et rester en Ligue 1. Le public n\u00eemois lui a rendu un vibrant hommage.\u00a0","og_url":"https:\/\/dicodusport.fr\/blog\/video-le-magnifique-hommage-des-supporters-de-nimes-a-renaud-ripart\/","og_site_name":"Dicodusport","article_publisher":"https:\/\/www.facebook.com\/dicodusport","article_author":"https:\/\/www.facebook.com\/dicodusport","article_published_time":"2021-07-19T10:57:26+00:00","article_modified_time":"2021-07-19T17:10:54+00:00","og_image":[{"width":1200,"height":670,"url":"https:\/\/dicodusport.fr\/blog\/wp-content\/uploads\/2021\/07\/Le-magnifique-hommage-des-supporters-de-Ni\u0302mes-a\u0300-Renaud-Ripart.png","type":"image\/png"}],"author":"Nicolas Jacquemard","twitter_card":"summary_large_image","twitter_title":"[Vid\u00e9o] Le magnifique hommage des supporters de N\u00eemes \u00e0 Renaud Ripart","twitter_creator":"@https:\/\/twitter.com\/Nico_Jacquemard","twitter_site":"@dicodusport","schema":{"@context":"https:\/\/schema.org","@graph":[{"@type":"NewsArticle","@id":"https:\/\/dicodusport.fr\/blog\/video-le-magnifique-hommage-des-supporters-de-nimes-a-renaud-ripart\/#article","isPartOf":{"@id":"https:\/\/dicodusport.fr\/blog\/video-le-magnifique-hommage-des-supporters-de-nimes-a-renaud-ripart\/"},"author":{"name":"Nicolas Jacquemard","@id":"https:\/\/dicodusport.fr\/blog\/#\/schema\/person\/55dcb50ad410894e431ed812bbb70191"},"headline":"[Vid\u00e9o] Le magnifique hommage des supporters de N\u00eemes \u00e0 Renaud Ripart","datePublished":"2021-07-19T10:57:26+00:00","dateModified":"2021-07-19T17:10:54+00:00","mainEntityOfPage":{"@id":"https:\/\/dicodusport.fr\/blog\/video-le-magnifique-hommage-des-supporters-de-nimes-a-renaud-ripart\/"},"wordCount":91,"commentCount":0,"publisher":{"@id":"https:\/\/dicodusport.fr\/blog\/#organization"},"image":{"@id":"https:\/\/dicodusport.fr\/blog\/video-le-magnifique-hommage-des-supporters-de-nimes-a-renaud-ripart\/#primaryimage"},"thumbnailUrl":"https:\/\/dicodusport.fr\/blog\/wp-content\/uploads\/2021\/07\/Le-magnifique-hommage-des-supporters-de-Ni\u0302mes-a\u0300-Renaud-Ripart.png","keywords":["Football","N\u00eemes","Troyes"],"articleSection":["Ligue 1"],"inLanguage":"fr-FR","potentialAction":[{"@type":"CommentAction","name":"Comment","target":["https:\/\/dicodusport.fr\/blog\/video-le-magnifique-hommage-des-supporters-de-nimes-a-renaud-ripart\/#respond"]}],"copyrightYear":"2021","copyrightHolder":{"@id":"https:\/\/dicodusport.fr\/blog\/#organization"}},{"@type":"WebPage","@id":"https:\/\/dicodusport.fr\/blog\/video-le-magnifique-hommage-des-supporters-de-nimes-a-renaud-ripart\/","url":"https:\/\/dicodusport.fr\/blog\/video-le-magnifique-hommage-des-supporters-de-nimes-a-renaud-ripart\/","name":"[Vid\u00e9o] Le magnifique hommage des supporters de N\u00eemes \u00e0 Renaud Ripart","isPartOf":{"@id":"https:\/\/dicodusport.fr\/blog\/#website"},"primaryImageOfPage":{"@id":"https:\/\/dicodusport.fr\/blog\/video-le-magnifique-hommage-des-supporters-de-nimes-a-renaud-ripart\/#primaryimage"},"image":{"@id":"https:\/\/dicodusport.fr\/blog\/video-le-magnifique-hommage-des-supporters-de-nimes-a-renaud-ripart\/#primaryimage"},"thumbnailUrl":"https:\/\/dicodusport.fr\/blog\/wp-content\/uploads\/2021\/07\/Le-magnifique-hommage-des-supporters-de-Ni\u0302mes-a\u0300-Renaud-Ripart.png","datePublished":"2021-07-19T10:57:26+00:00","dateModified":"2021-07-19T17:10:54+00:00","description":"FOOTBALL - Renaud Ripart, enfant de N\u00eemes, a quitt\u00e9 le club pour rejoindre Troyes et rester en Ligue 1. Le public n\u00eemois lui a rendu un vibrant hommage.\u00a0","breadcrumb":{"@id":"https:\/\/dicodusport.fr\/blog\/video-le-magnifique-hommage-des-supporters-de-nimes-a-renaud-ripart\/#breadcrumb"},"inLanguage":"fr-FR","potentialAction":[{"@type":"ReadAction","target":["https:\/\/dicodusport.fr\/blog\/video-le-magnifique-hommage-des-supporters-de-nimes-a-renaud-ripart\/"]}]},{"@type":"ImageObject","inLanguage":"fr-FR","@id":"https:\/\/dicodusport.fr\/blog\/video-le-magnifique-hommage-des-supporters-de-nimes-a-renaud-ripart\/#primaryimage","url":"https:\/\/dicodusport.fr\/blog\/wp-content\/uploads\/2021\/07\/Le-magnifique-hommage-des-supporters-de-Ni\u0302mes-a\u0300-Renaud-Ripart.png","contentUrl":"https:\/\/dicodusport.fr\/blog\/wp-content\/uploads\/2021\/07\/Le-magnifique-hommage-des-supporters-de-Ni\u0302mes-a\u0300-Renaud-Ripart.png","width":1200,"height":670},{"@type":"BreadcrumbList","@id":"https:\/\/dicodusport.fr\/blog\/video-le-magnifique-hommage-des-supporters-de-nimes-a-renaud-ripart\/#breadcrumb","itemListElement":[{"@type":"ListItem","position":1,"name":"Accueil","item":"https:\/\/dicodusport.fr\/blog\/"},{"@type":"ListItem","position":2,"name":"[Vid\u00e9o] Le magnifique hommage des supporters de N\u00eemes \u00e0 Renaud Ripart"}]},{"@type":"WebSite","@id":"https:\/\/dicodusport.fr\/blog\/#website","url":"https:\/\/dicodusport.fr\/blog\/","name":"Dicodusport","description":"L&#039;encyclop\u00e9die de l&#039;actualit\u00e9 sportive","publisher":{"@id":"https:\/\/dicodusport.fr\/blog\/#organization"},"potentialAction":[{"@type":"SearchAction","target":{"@type":"EntryPoint","urlTemplate":"https:\/\/dicodusport.fr\/blog\/?s={search_term_string}"},"query-input":{"@type":"PropertyValueSpecification","valueRequired":true,"valueName":"search_term_string"}}],"inLanguage":"fr-FR"},{"@type":"NewsMediaOrganization","@id":"https:\/\/dicodusport.fr\/blog\/#organization","name":"Dicodusport","url":"https:\/\/dicodusport.fr\/blog\/","logo":{"@type":"ImageObject","inLanguage":"fr-FR","@id":"https:\/\/dicodusport.fr\/blog\/#\/schema\/logo\/image\/","url":"https:\/\/dicodusport.fr\/blog\/wp-content\/uploads\/2020\/06\/cropped-LOGO-DICODUSPORT-2020-SANS-FOND-SANS-TEXTE.png","contentUrl":"https:\/\/dicodusport.fr\/blog\/wp-content\/uploads\/2020\/06\/cropped-LOGO-DICODUSPORT-2020-SANS-FOND-SANS-TEXTE.png","width":512,"height":512,"caption":"Dicodusport"},"image":{"@id":"https:\/\/dicodusport.fr\/blog\/#\/schema\/logo\/image\/"},"sameAs":["https:\/\/www.facebook.com\/dicodusport","https:\/\/x.com\/dicodusport","https:\/\/www.instagram.com\/dicodusport\/","https:\/\/www.youtube.com\/channel\/UC7V2KZ5sd3htJivAbA4ZG3w"],"description":"Dicodusport est l'encyclop\u00e9die de l'actualit\u00e9 sportive.","email":"bonjour@dicodusport.fr","legalName":"DICODUSPORT","foundingDate":"2018-01-14","vatID":"FR71834470973","taxID":"83447097300043","numberOfEmployees":{"@type":"QuantitativeValue","minValue":"1","maxValue":"10"}},{"@type":"Person","@id":"https:\/\/dicodusport.fr\/blog\/#\/schema\/person\/55dcb50ad410894e431ed812bbb70191","name":"Nicolas Jacquemard","image":{"@type":"ImageObject","inLanguage":"fr-FR","@id":"https:\/\/dicodusport.fr\/blog\/#\/schema\/person\/image\/","url":"https:\/\/dicodusport.fr\/blog\/wp-content\/uploads\/2021\/05\/Nicolas-Jacquemard-150x150.jpeg","contentUrl":"https:\/\/dicodusport.fr\/blog\/wp-content\/uploads\/2021\/05\/Nicolas-Jacquemard-150x150.jpeg","caption":"Nicolas Jacquemard"},"description":"Passionn\u00e9 de sport et entrepreneur depuis mes 18 ans, la cr\u00e9ation de Dicodusport m'a sembl\u00e9 \u00e9vidente pour participer \u00e0 la m\u00e9diatisation d'un plus grand nombre de sports. Le chemin est long mais avec une \u00e9quipe des plus motiv\u00e9es et les Jeux Olympiques de Paris 2024 en point de mire, nous y arriverons ! Journaliste dans le monde du sport depuis plus de 5 ans, je traite aussi bien de football, de rugby, de biathlon que de cyclisme.","sameAs":["https:\/\/www.facebook.com\/dicodusport","https:\/\/x.com\/https:\/\/twitter.com\/Nico_Jacquemard"],"url":"https:\/\/dicodusport.fr\/blog\/author\/dicodusport\/"}]}},"_links":{"self":[{"href":"https:\/\/dicodusport.fr\/blog\/wp-json\/wp\/v2\/posts\/147737","targetHints":{"allow":["GET"]}}],"collection":[{"href":"https:\/\/dicodusport.fr\/blog\/wp-json\/wp\/v2\/posts"}],"about":[{"href":"https:\/\/dicodusport.fr\/blog\/wp-json\/wp\/v2\/types\/post"}],"author":[{"embeddable":true,"href":"https:\/\/dicodusport.fr\/blog\/wp-json\/wp\/v2\/users\/1"}],"replies":[{"embeddable":true,"href":"https:\/\/dicodusport.fr\/blog\/wp-json\/wp\/v2\/comments?post=147737"}],"version-history":[{"count":0,"href":"https:\/\/dicodusport.fr\/blog\/wp-json\/wp\/v2\/posts\/147737\/revisions"}],"wp:featuredmedia":[{"embeddable":true,"href":"https:\/\/dicodusport.fr\/blog\/wp-json\/wp\/v2\/media\/147738"}],"wp:attachment":[{"href":"https:\/\/dicodusport.fr\/blog\/wp-json\/wp\/v2\/media?parent=147737"}],"wp:term":[{"taxonomy":"category","embeddable":true,"href":"https:\/\/dicodusport.fr\/blog\/wp-json\/wp\/v2\/categories?post=147737"},{"taxonomy":"post_tag","embeddable":true,"href":"https:\/\/dicodusport.fr\/blog\/wp-json\/wp\/v2\/tags?post=147737"}],"curies":[{"name":"wp","href":"https:\/\/api.w.org\/{rel}","templated":true}]}}