{"id":147968,"date":"2021-07-20T14:58:12","date_gmt":"2021-07-20T12:58:12","guid":{"rendered":"https:\/\/dicodusport.fr\/blog\/?p=147968"},"modified":"2021-07-23T14:59:46","modified_gmt":"2021-07-23T12:59:46","slug":"frenchies-de-tokyo-loana-lecomte-une-prodige-a-l-avenir-radieux","status":"publish","type":"post","link":"https:\/\/dicodusport.fr\/blog\/frenchies-de-tokyo-loana-lecomte-une-prodige-a-l-avenir-radieux\/","title":{"rendered":"Les Frenchies de Tokyo : Loana Lecomte, une prodige \u00e0 l\u2019avenir radieux"},"content":{"rendered":"<p style=\"text-align: justify;\"><em><strong><a href=\"https:\/\/dicodusport.fr\/blog\/jo-tokyo-2020\/\">JO DE TOKYO 2020<\/a> &#8211; A quelques jours du d\u00e9but de la comp\u00e9tition, Dicodusport vous pr\u00e9sente des athl\u00e8tes fran\u00e7ais qui arrivent \u00e0 Tokyo avec de grandes ambitions. Ici, focus sur Loana Lecomte, sp\u00e9cialiste du VTT.<\/strong><\/em><\/p>\n<h2 style=\"text-align: justify;\">Des victoires importantes d\u00e8s les juniors<\/h2>\n<p style=\"text-align: justify;\"><strong>Loana Lecomte<\/strong> a d\u00e9but\u00e9 ses premi\u00e8res comp\u00e9titions nationales \u00e0 l\u2019\u00e2ge de 14 ans, via le Troph\u00e9e de France des Jeunes V\u00e9t\u00e9tistes. Trois ans plus tard, elle devient championne de France juniors et termine 9\u00e8me des championnats d\u2019Europe dans cette cat\u00e9gorie. Elle parvient \u00e0 garder son titre en 2017, ann\u00e9e o\u00f9 elle obtient ses premi\u00e8res m\u00e9dailles au niveau international, avec une seconde place aux championnats du monde de Cairns (Australie) et aux championnats d\u2019Europe de Darfo Boario Terme (Italie). Elle est battue \u00e0 deux reprises par Laura Stigger. En 2018, elle monte au niveau espoirs et a besoin d\u2019une ann\u00e9e d\u2019adaptation pour revenir sur le podium.<\/p>\n<p style=\"text-align: justify;\">Mais tout s\u2019arrange vite en 2019. <strong>Loana Lecomte<\/strong> remporte le titre de championne de France espoirs, une m\u00e9daille de bronze aux championnats du monde \u00e0 Mont Sainte-Anne (Canada) et une nouvelle troisi\u00e8me place aux championnats d\u2019Europe \u00e0 Brno. Elle finit huiti\u00e8me au classement g\u00e9n\u00e9ral de la Coupe du monde espoir. Elle obtient \u00e9galement une m\u00e9daille de bronze en relais mixte au championnats du monde seniors, avec <strong>Thibault Daniel<\/strong>, <strong>Luca Martin<\/strong>, <strong>Pauline Ferrand-Pr\u00e9vot<\/strong> et <strong>Jordan Sarrou<\/strong>. L\u2019ann\u00e9e 2020 va bousculer la carri\u00e8re de la native d&rsquo;Annecy.<\/p>\n<h2 style=\"text-align: justify;\">Une transition rapide chez les \u00e9lites<\/h2>\n<p style=\"text-align: justify;\">En 2020, la Haut-Savoyarde concourt encore chez les espoirs et remporte plusieurs titres importants, puisqu\u2019elle devient \u00e0 la fois championne de France, d\u2019Europe et <a href=\"https:\/\/dicodusport.fr\/blog\/vtt-cross-country-loana-lecomte-sacree-championne-du-monde-espoirs\/\">du monde<\/a> dans cette cat\u00e9gorie. Elle est alors surclass\u00e9e pour disputer des courses chez les grands malgr\u00e9 son jeune \u00e2ge et l\u00e8ve les bras sur sa premi\u00e8re manche de Coupe du monde disput\u00e9e \u00e0 Nove Mesto (R\u00e9publique Tch\u00e8que). Elle est \u00e9galement m\u00e9daill\u00e9e d\u2019argent aux championnats de France seniors, mais \u00e9galement championne du monde de relais mixte avec <strong>Mathis Azzaro<\/strong>, <strong>Luca Martin<\/strong>, <strong>Jordan Sarrou<\/strong>,<strong> L\u00e9na G\u00e9rault<\/strong> et <strong>Olivia Onesti<\/strong>.<\/p>\n<p style=\"text-align: justify;\">Apr\u00e8s son entr\u00e9e fracassante fin 2020 dans l\u2019ultime \u00e9chelon, elle r\u00e9alise un d\u00e9but de saison parfait en 2021, avec quatre victoires en Coupe du monde de XCO pour autant de courses disput\u00e9es, une premi\u00e8re depuis la l\u00e9gende norv\u00e9gienne <strong>Gunn-Rita Dahle<\/strong> en 2003. Quelques jours avant son d\u00e9part pour Tokyo, <a href=\"https:\/\/dicodusport.fr\/blog\/vtt-xco-loana-lecomte-championne-de-france-devant-pauline-ferrand-prevot\/\">elle remporte pour la premi\u00e8re fois le titre de championne de France \u00e9lite<\/a> et maintient sa confiance au plus haut niveau. Forte de ses prestations, elle domine le classement mondial. Annonc\u00e9e comme la grande favorite \u00e0 21 ans, <strong>Loana Lecomte<\/strong> va disputer ses premiers Jeux Olympiques avec un seul objectif : d\u00e9crocher la m\u00e9daille d\u2019or et maintenir son taux de victoires en 2021 \u00e0 100% sur la distance olympique. Ni plus, ni moins.<\/p>\n<blockquote class=\"twitter-tweet\">\n<p dir=\"ltr\" lang=\"fr\">&#x1f929;&#x1f1eb;&#x1f1f7;Encore une d\u00e9monstration de <a href=\"https:\/\/twitter.com\/LoanaLecomte?ref_src=twsrc%5Etfw\">@LoanaLecomte<\/a> , 1re femme \u00e0 gagner les 4 premi\u00e8res manches depuis la l\u00e9gende &#x1f1f3;&#x1f1f4; Dahle<br \/>\n\u00c7a promet pour les 26 et 27 juillet <a href=\"https:\/\/twitter.com\/hashtag\/Tokyo2020?src=hash&amp;ref_src=twsrc%5Etfw\">#Tokyo2020<\/a><a href=\"https:\/\/twitter.com\/hashtag\/lequipeVELO?src=hash&amp;ref_src=twsrc%5Etfw\">#lequipeVELO<\/a> <a href=\"https:\/\/twitter.com\/hashtag\/MBWorldCup?src=hash&amp;ref_src=twsrc%5Etfw\">#MBWorldCup<\/a><br \/>\nAvec l\u2019\u00e9motion de <a href=\"https:\/\/twitter.com\/TitouanPG?ref_src=twsrc%5Etfw\">@TitouanPG<\/a> et Sabrina Jonnier au &#x1f3a4; <a href=\"https:\/\/t.co\/fT55lKmQJ1\">pic.twitter.com\/fT55lKmQJ1<\/a><\/p>\n<p>\u2014 \u00c7a Va Frotter (@lequipeVELO) <a href=\"https:\/\/twitter.com\/lequipeVELO\/status\/1411674612400898048?ref_src=twsrc%5Etfw\">July 4, 2021<\/a><\/p><\/blockquote>\n<p><script async src=\"https:\/\/platform.twitter.com\/widgets.js\" charset=\"utf-8\"><\/script><\/p>\n<h2 style=\"text-align: justify;\"><strong>\u00c0 lire aussi<\/strong><\/h2>\n<ul>\n<li><a href=\"https:\/\/dicodusport.fr\/blog\/vtt-jeux-olympiques-de-tokyo-calendrier-et-resultats\/\"><strong>VTT \u2013 Jeux Olympiques de Tokyo : calendrier et r\u00e9sultats<\/strong><\/a><\/li>\n<li><a style=\"text-align: justify;\" href=\"https:\/\/dicodusport.fr\/blog\/toute-l-actualite-des-jeux-olympiques-de-tokyo-2020\/\"><strong>Toute l&rsquo;actualit\u00e9 des Jeux Olympiques de Tokyo<\/strong><\/a><\/li>\n<li style=\"list-style-type: none;\"><\/li>\n<\/ul>\n","protected":false},"excerpt":{"rendered":"<p>JO DE TOKYO 2020 &#8211; A quelques jours du d\u00e9but de la comp\u00e9tition, Dicodusport vous pr\u00e9sente des athl\u00e8tes fran\u00e7ais qui arrivent \u00e0 Tokyo avec de grandes ambitions. Ici, focus sur Loana Lecomte, sp\u00e9cialiste du VTT.<\/p>\n","protected":false},"author":57,"featured_media":148025,"comment_status":"open","ping_status":"closed","sticky":false,"template":"","format":"standard","meta":{"_acf_changed":false,"_daextam_enable_autolinks":"","footnotes":""},"categories":[8433,10279],"tags":[10994,24,692],"class_list":["post-147968","post","type-post","status-publish","format-standard","has-post-thumbnail","hentry","category-jo-tokyo-2020","category-vtt","tag-loana-lecomte","tag-sport","tag-vtt"],"acf":[],"yoast_head":"<!-- This site is optimized with the Yoast SEO Premium plugin v26.7 (Yoast SEO v26.7) - https:\/\/yoast.com\/wordpress\/plugins\/seo\/ -->\n<title>Les Frenchies de Tokyo : Loana Lecomte, une prodige \u00e0 l\u2019avenir radieux<\/title>\n<meta name=\"description\" content=\"JO DE TOKYO 2020 - A quelques jours du d\u00e9but de la comp\u00e9tition, Dicodusport vous pr\u00e9sente des athl\u00e8tes fran\u00e7ais qui arrivent \u00e0 Tokyo avec de grandes ambitions.\" \/>\n<meta name=\"robots\" content=\"index, follow, max-snippet:-1, max-image-preview:large, max-video-preview:-1\" \/>\n<link rel=\"canonical\" href=\"https:\/\/dicodusport.fr\/blog\/frenchies-de-tokyo-loana-lecomte-une-prodige-a-l-avenir-radieux\/\" \/>\n<meta property=\"og:locale\" content=\"fr_FR\" \/>\n<meta property=\"og:type\" content=\"article\" \/>\n<meta property=\"og:title\" content=\"Les Frenchies de Tokyo : Loana Lecomte, une prodige \u00e0 l\u2019avenir radieux\" \/>\n<meta property=\"og:description\" content=\"JO DE TOKYO 2020 - A quelques jours du d\u00e9but de la comp\u00e9tition, Dicodusport vous pr\u00e9sente des athl\u00e8tes fran\u00e7ais qui arrivent \u00e0 Tokyo avec de grandes ambitions.\" \/>\n<meta property=\"og:url\" content=\"https:\/\/dicodusport.fr\/blog\/frenchies-de-tokyo-loana-lecomte-une-prodige-a-l-avenir-radieux\/\" \/>\n<meta property=\"og:site_name\" content=\"Dicodusport\" \/>\n<meta property=\"article:publisher\" content=\"https:\/\/www.facebook.com\/dicodusport\" \/>\n<meta property=\"article:published_time\" content=\"2021-07-20T12:58:12+00:00\" \/>\n<meta property=\"article:modified_time\" content=\"2021-07-23T12:59:46+00:00\" \/>\n<meta property=\"og:image\" content=\"https:\/\/dicodusport.fr\/blog\/wp-content\/uploads\/2021\/07\/Les-Frenchies-de-Tokyo-Loana-Lecomte-une-prodige-a-lavenir-radieux.png\" \/>\n\t<meta property=\"og:image:width\" content=\"800\" \/>\n\t<meta property=\"og:image:height\" content=\"445\" \/>\n\t<meta property=\"og:image:type\" content=\"image\/png\" \/>\n<meta name=\"author\" content=\"Vincent Soubab\u00e8re\" \/>\n<meta name=\"twitter:card\" content=\"summary_large_image\" \/>\n<meta name=\"twitter:creator\" content=\"@dicodusport\" \/>\n<meta name=\"twitter:site\" content=\"@dicodusport\" \/>\n<script type=\"application\/ld+json\" class=\"yoast-schema-graph\">{\"@context\":\"https:\/\/schema.org\",\"@graph\":[{\"@type\":\"NewsArticle\",\"@id\":\"https:\/\/dicodusport.fr\/blog\/frenchies-de-tokyo-loana-lecomte-une-prodige-a-l-avenir-radieux\/#article\",\"isPartOf\":{\"@id\":\"https:\/\/dicodusport.fr\/blog\/frenchies-de-tokyo-loana-lecomte-une-prodige-a-l-avenir-radieux\/\"},\"author\":{\"name\":\"Vincent Soubab\u00e8re\",\"@id\":\"https:\/\/dicodusport.fr\/blog\/#\/schema\/person\/ba9487b5b85f57eecfb00513e982c05b\"},\"headline\":\"Les Frenchies de Tokyo : Loana Lecomte, une prodige \u00e0 l\u2019avenir radieux\",\"datePublished\":\"2021-07-20T12:58:12+00:00\",\"dateModified\":\"2021-07-23T12:59:46+00:00\",\"mainEntityOfPage\":{\"@id\":\"https:\/\/dicodusport.fr\/blog\/frenchies-de-tokyo-loana-lecomte-une-prodige-a-l-avenir-radieux\/\"},\"wordCount\":585,\"commentCount\":0,\"publisher\":{\"@id\":\"https:\/\/dicodusport.fr\/blog\/#organization\"},\"image\":{\"@id\":\"https:\/\/dicodusport.fr\/blog\/frenchies-de-tokyo-loana-lecomte-une-prodige-a-l-avenir-radieux\/#primaryimage\"},\"thumbnailUrl\":\"https:\/\/dicodusport.fr\/blog\/wp-content\/uploads\/2021\/07\/Les-Frenchies-de-Tokyo-Loana-Lecomte-une-prodige-a-lavenir-radieux.png\",\"keywords\":[\"Loana Lecomte\",\"sport\",\"VTT\"],\"articleSection\":[\"JO Tokyo 2020\",\"VTT\"],\"inLanguage\":\"fr-FR\",\"potentialAction\":[{\"@type\":\"CommentAction\",\"name\":\"Comment\",\"target\":[\"https:\/\/dicodusport.fr\/blog\/frenchies-de-tokyo-loana-lecomte-une-prodige-a-l-avenir-radieux\/#respond\"]}],\"copyrightYear\":\"2021\",\"copyrightHolder\":{\"@id\":\"https:\/\/dicodusport.fr\/blog\/#organization\"}},{\"@type\":\"WebPage\",\"@id\":\"https:\/\/dicodusport.fr\/blog\/frenchies-de-tokyo-loana-lecomte-une-prodige-a-l-avenir-radieux\/\",\"url\":\"https:\/\/dicodusport.fr\/blog\/frenchies-de-tokyo-loana-lecomte-une-prodige-a-l-avenir-radieux\/\",\"name\":\"Les Frenchies de Tokyo : Loana Lecomte, une prodige \u00e0 l\u2019avenir radieux\",\"isPartOf\":{\"@id\":\"https:\/\/dicodusport.fr\/blog\/#website\"},\"primaryImageOfPage\":{\"@id\":\"https:\/\/dicodusport.fr\/blog\/frenchies-de-tokyo-loana-lecomte-une-prodige-a-l-avenir-radieux\/#primaryimage\"},\"image\":{\"@id\":\"https:\/\/dicodusport.fr\/blog\/frenchies-de-tokyo-loana-lecomte-une-prodige-a-l-avenir-radieux\/#primaryimage\"},\"thumbnailUrl\":\"https:\/\/dicodusport.fr\/blog\/wp-content\/uploads\/2021\/07\/Les-Frenchies-de-Tokyo-Loana-Lecomte-une-prodige-a-lavenir-radieux.png\",\"datePublished\":\"2021-07-20T12:58:12+00:00\",\"dateModified\":\"2021-07-23T12:59:46+00:00\",\"description\":\"JO DE TOKYO 2020 - A quelques jours du d\u00e9but de la comp\u00e9tition, Dicodusport vous pr\u00e9sente des athl\u00e8tes fran\u00e7ais qui arrivent \u00e0 Tokyo avec de grandes ambitions.\",\"breadcrumb\":{\"@id\":\"https:\/\/dicodusport.fr\/blog\/frenchies-de-tokyo-loana-lecomte-une-prodige-a-l-avenir-radieux\/#breadcrumb\"},\"inLanguage\":\"fr-FR\",\"potentialAction\":[{\"@type\":\"ReadAction\",\"target\":[\"https:\/\/dicodusport.fr\/blog\/frenchies-de-tokyo-loana-lecomte-une-prodige-a-l-avenir-radieux\/\"]}]},{\"@type\":\"ImageObject\",\"inLanguage\":\"fr-FR\",\"@id\":\"https:\/\/dicodusport.fr\/blog\/frenchies-de-tokyo-loana-lecomte-une-prodige-a-l-avenir-radieux\/#primaryimage\",\"url\":\"https:\/\/dicodusport.fr\/blog\/wp-content\/uploads\/2021\/07\/Les-Frenchies-de-Tokyo-Loana-Lecomte-une-prodige-a-lavenir-radieux.png\",\"contentUrl\":\"https:\/\/dicodusport.fr\/blog\/wp-content\/uploads\/2021\/07\/Les-Frenchies-de-Tokyo-Loana-Lecomte-une-prodige-a-lavenir-radieux.png\",\"width\":800,\"height\":445,\"caption\":\"Les Frenchies de Tokyo Loana Lecomte, une prodige \u00e0 l\u2019avenir radieux\"},{\"@type\":\"BreadcrumbList\",\"@id\":\"https:\/\/dicodusport.fr\/blog\/frenchies-de-tokyo-loana-lecomte-une-prodige-a-l-avenir-radieux\/#breadcrumb\",\"itemListElement\":[{\"@type\":\"ListItem\",\"position\":1,\"name\":\"Accueil\",\"item\":\"https:\/\/dicodusport.fr\/blog\/\"},{\"@type\":\"ListItem\",\"position\":2,\"name\":\"Les Frenchies de Tokyo : Loana Lecomte, une prodige \u00e0 l\u2019avenir radieux\"}]},{\"@type\":\"WebSite\",\"@id\":\"https:\/\/dicodusport.fr\/blog\/#website\",\"url\":\"https:\/\/dicodusport.fr\/blog\/\",\"name\":\"Dicodusport\",\"description\":\"L&#039;encyclop\u00e9die de l&#039;actualit\u00e9 sportive\",\"publisher\":{\"@id\":\"https:\/\/dicodusport.fr\/blog\/#organization\"},\"potentialAction\":[{\"@type\":\"SearchAction\",\"target\":{\"@type\":\"EntryPoint\",\"urlTemplate\":\"https:\/\/dicodusport.fr\/blog\/?s={search_term_string}\"},\"query-input\":{\"@type\":\"PropertyValueSpecification\",\"valueRequired\":true,\"valueName\":\"search_term_string\"}}],\"inLanguage\":\"fr-FR\"},{\"@type\":\"NewsMediaOrganization\",\"@id\":\"https:\/\/dicodusport.fr\/blog\/#organization\",\"name\":\"Dicodusport\",\"url\":\"https:\/\/dicodusport.fr\/blog\/\",\"logo\":{\"@type\":\"ImageObject\",\"inLanguage\":\"fr-FR\",\"@id\":\"https:\/\/dicodusport.fr\/blog\/#\/schema\/logo\/image\/\",\"url\":\"https:\/\/dicodusport.fr\/blog\/wp-content\/uploads\/2020\/06\/cropped-LOGO-DICODUSPORT-2020-SANS-FOND-SANS-TEXTE.png\",\"contentUrl\":\"https:\/\/dicodusport.fr\/blog\/wp-content\/uploads\/2020\/06\/cropped-LOGO-DICODUSPORT-2020-SANS-FOND-SANS-TEXTE.png\",\"width\":512,\"height\":512,\"caption\":\"Dicodusport\"},\"image\":{\"@id\":\"https:\/\/dicodusport.fr\/blog\/#\/schema\/logo\/image\/\"},\"sameAs\":[\"https:\/\/www.facebook.com\/dicodusport\",\"https:\/\/x.com\/dicodusport\",\"https:\/\/www.instagram.com\/dicodusport\/\",\"https:\/\/www.youtube.com\/channel\/UC7V2KZ5sd3htJivAbA4ZG3w\"],\"description\":\"Dicodusport est l'encyclop\u00e9die de l'actualit\u00e9 sportive.\",\"email\":\"bonjour@dicodusport.fr\",\"legalName\":\"DICODUSPORT\",\"foundingDate\":\"2018-01-14\",\"vatID\":\"FR71834470973\",\"taxID\":\"83447097300043\",\"numberOfEmployees\":{\"@type\":\"QuantitativeValue\",\"minValue\":\"1\",\"maxValue\":\"10\"}},{\"@type\":\"Person\",\"@id\":\"https:\/\/dicodusport.fr\/blog\/#\/schema\/person\/ba9487b5b85f57eecfb00513e982c05b\",\"name\":\"Vincent Soubab\u00e8re\",\"image\":{\"@type\":\"ImageObject\",\"inLanguage\":\"fr-FR\",\"@id\":\"https:\/\/dicodusport.fr\/blog\/#\/schema\/person\/image\/\",\"url\":\"https:\/\/dicodusport.fr\/blog\/wp-content\/uploads\/2021\/05\/Vincent-Soubabere-150x150.jpg\",\"contentUrl\":\"https:\/\/dicodusport.fr\/blog\/wp-content\/uploads\/2021\/05\/Vincent-Soubabere-150x150.jpg\",\"caption\":\"Vincent Soubab\u00e8re\"},\"description\":\"Journaliste\/r\u00e9dacteur depuis ao\u00fbt 2018 - Passionn\u00e9 de sport depuis tout petit, je me suis logiquement tourn\u00e9 vers le journalisme sportif depuis ao\u00fbt 2018. Grand supporter des Girondins, je suis aussi un fan de football. Je pratique le tennis et suis l'actualit\u00e9 de la petite balle jaune. En juillet, vous risquez de me croiser sur les routes du Tour.\",\"url\":\"https:\/\/dicodusport.fr\/blog\/author\/vincents\/\"}]}<\/script>\n<!-- \/ Yoast SEO Premium plugin. -->","yoast_head_json":{"title":"Les Frenchies de Tokyo : Loana Lecomte, une prodige \u00e0 l\u2019avenir radieux","description":"JO DE TOKYO 2020 - A quelques jours du d\u00e9but de la comp\u00e9tition, Dicodusport vous pr\u00e9sente des athl\u00e8tes fran\u00e7ais qui arrivent \u00e0 Tokyo avec de grandes ambitions.","robots":{"index":"index","follow":"follow","max-snippet":"max-snippet:-1","max-image-preview":"max-image-preview:large","max-video-preview":"max-video-preview:-1"},"canonical":"https:\/\/dicodusport.fr\/blog\/frenchies-de-tokyo-loana-lecomte-une-prodige-a-l-avenir-radieux\/","og_locale":"fr_FR","og_type":"article","og_title":"Les Frenchies de Tokyo : Loana Lecomte, une prodige \u00e0 l\u2019avenir radieux","og_description":"JO DE TOKYO 2020 - A quelques jours du d\u00e9but de la comp\u00e9tition, Dicodusport vous pr\u00e9sente des athl\u00e8tes fran\u00e7ais qui arrivent \u00e0 Tokyo avec de grandes ambitions.","og_url":"https:\/\/dicodusport.fr\/blog\/frenchies-de-tokyo-loana-lecomte-une-prodige-a-l-avenir-radieux\/","og_site_name":"Dicodusport","article_publisher":"https:\/\/www.facebook.com\/dicodusport","article_published_time":"2021-07-20T12:58:12+00:00","article_modified_time":"2021-07-23T12:59:46+00:00","og_image":[{"width":800,"height":445,"url":"https:\/\/dicodusport.fr\/blog\/wp-content\/uploads\/2021\/07\/Les-Frenchies-de-Tokyo-Loana-Lecomte-une-prodige-a-lavenir-radieux.png","type":"image\/png"}],"author":"Vincent Soubab\u00e8re","twitter_card":"summary_large_image","twitter_creator":"@dicodusport","twitter_site":"@dicodusport","schema":{"@context":"https:\/\/schema.org","@graph":[{"@type":"NewsArticle","@id":"https:\/\/dicodusport.fr\/blog\/frenchies-de-tokyo-loana-lecomte-une-prodige-a-l-avenir-radieux\/#article","isPartOf":{"@id":"https:\/\/dicodusport.fr\/blog\/frenchies-de-tokyo-loana-lecomte-une-prodige-a-l-avenir-radieux\/"},"author":{"name":"Vincent Soubab\u00e8re","@id":"https:\/\/dicodusport.fr\/blog\/#\/schema\/person\/ba9487b5b85f57eecfb00513e982c05b"},"headline":"Les Frenchies de Tokyo : Loana Lecomte, une prodige \u00e0 l\u2019avenir radieux","datePublished":"2021-07-20T12:58:12+00:00","dateModified":"2021-07-23T12:59:46+00:00","mainEntityOfPage":{"@id":"https:\/\/dicodusport.fr\/blog\/frenchies-de-tokyo-loana-lecomte-une-prodige-a-l-avenir-radieux\/"},"wordCount":585,"commentCount":0,"publisher":{"@id":"https:\/\/dicodusport.fr\/blog\/#organization"},"image":{"@id":"https:\/\/dicodusport.fr\/blog\/frenchies-de-tokyo-loana-lecomte-une-prodige-a-l-avenir-radieux\/#primaryimage"},"thumbnailUrl":"https:\/\/dicodusport.fr\/blog\/wp-content\/uploads\/2021\/07\/Les-Frenchies-de-Tokyo-Loana-Lecomte-une-prodige-a-lavenir-radieux.png","keywords":["Loana Lecomte","sport","VTT"],"articleSection":["JO Tokyo 2020","VTT"],"inLanguage":"fr-FR","potentialAction":[{"@type":"CommentAction","name":"Comment","target":["https:\/\/dicodusport.fr\/blog\/frenchies-de-tokyo-loana-lecomte-une-prodige-a-l-avenir-radieux\/#respond"]}],"copyrightYear":"2021","copyrightHolder":{"@id":"https:\/\/dicodusport.fr\/blog\/#organization"}},{"@type":"WebPage","@id":"https:\/\/dicodusport.fr\/blog\/frenchies-de-tokyo-loana-lecomte-une-prodige-a-l-avenir-radieux\/","url":"https:\/\/dicodusport.fr\/blog\/frenchies-de-tokyo-loana-lecomte-une-prodige-a-l-avenir-radieux\/","name":"Les Frenchies de Tokyo : Loana Lecomte, une prodige \u00e0 l\u2019avenir radieux","isPartOf":{"@id":"https:\/\/dicodusport.fr\/blog\/#website"},"primaryImageOfPage":{"@id":"https:\/\/dicodusport.fr\/blog\/frenchies-de-tokyo-loana-lecomte-une-prodige-a-l-avenir-radieux\/#primaryimage"},"image":{"@id":"https:\/\/dicodusport.fr\/blog\/frenchies-de-tokyo-loana-lecomte-une-prodige-a-l-avenir-radieux\/#primaryimage"},"thumbnailUrl":"https:\/\/dicodusport.fr\/blog\/wp-content\/uploads\/2021\/07\/Les-Frenchies-de-Tokyo-Loana-Lecomte-une-prodige-a-lavenir-radieux.png","datePublished":"2021-07-20T12:58:12+00:00","dateModified":"2021-07-23T12:59:46+00:00","description":"JO DE TOKYO 2020 - A quelques jours du d\u00e9but de la comp\u00e9tition, Dicodusport vous pr\u00e9sente des athl\u00e8tes fran\u00e7ais qui arrivent \u00e0 Tokyo avec de grandes ambitions.","breadcrumb":{"@id":"https:\/\/dicodusport.fr\/blog\/frenchies-de-tokyo-loana-lecomte-une-prodige-a-l-avenir-radieux\/#breadcrumb"},"inLanguage":"fr-FR","potentialAction":[{"@type":"ReadAction","target":["https:\/\/dicodusport.fr\/blog\/frenchies-de-tokyo-loana-lecomte-une-prodige-a-l-avenir-radieux\/"]}]},{"@type":"ImageObject","inLanguage":"fr-FR","@id":"https:\/\/dicodusport.fr\/blog\/frenchies-de-tokyo-loana-lecomte-une-prodige-a-l-avenir-radieux\/#primaryimage","url":"https:\/\/dicodusport.fr\/blog\/wp-content\/uploads\/2021\/07\/Les-Frenchies-de-Tokyo-Loana-Lecomte-une-prodige-a-lavenir-radieux.png","contentUrl":"https:\/\/dicodusport.fr\/blog\/wp-content\/uploads\/2021\/07\/Les-Frenchies-de-Tokyo-Loana-Lecomte-une-prodige-a-lavenir-radieux.png","width":800,"height":445,"caption":"Les Frenchies de Tokyo Loana Lecomte, une prodige \u00e0 l\u2019avenir radieux"},{"@type":"BreadcrumbList","@id":"https:\/\/dicodusport.fr\/blog\/frenchies-de-tokyo-loana-lecomte-une-prodige-a-l-avenir-radieux\/#breadcrumb","itemListElement":[{"@type":"ListItem","position":1,"name":"Accueil","item":"https:\/\/dicodusport.fr\/blog\/"},{"@type":"ListItem","position":2,"name":"Les Frenchies de Tokyo : Loana Lecomte, une prodige \u00e0 l\u2019avenir radieux"}]},{"@type":"WebSite","@id":"https:\/\/dicodusport.fr\/blog\/#website","url":"https:\/\/dicodusport.fr\/blog\/","name":"Dicodusport","description":"L&#039;encyclop\u00e9die de l&#039;actualit\u00e9 sportive","publisher":{"@id":"https:\/\/dicodusport.fr\/blog\/#organization"},"potentialAction":[{"@type":"SearchAction","target":{"@type":"EntryPoint","urlTemplate":"https:\/\/dicodusport.fr\/blog\/?s={search_term_string}"},"query-input":{"@type":"PropertyValueSpecification","valueRequired":true,"valueName":"search_term_string"}}],"inLanguage":"fr-FR"},{"@type":"NewsMediaOrganization","@id":"https:\/\/dicodusport.fr\/blog\/#organization","name":"Dicodusport","url":"https:\/\/dicodusport.fr\/blog\/","logo":{"@type":"ImageObject","inLanguage":"fr-FR","@id":"https:\/\/dicodusport.fr\/blog\/#\/schema\/logo\/image\/","url":"https:\/\/dicodusport.fr\/blog\/wp-content\/uploads\/2020\/06\/cropped-LOGO-DICODUSPORT-2020-SANS-FOND-SANS-TEXTE.png","contentUrl":"https:\/\/dicodusport.fr\/blog\/wp-content\/uploads\/2020\/06\/cropped-LOGO-DICODUSPORT-2020-SANS-FOND-SANS-TEXTE.png","width":512,"height":512,"caption":"Dicodusport"},"image":{"@id":"https:\/\/dicodusport.fr\/blog\/#\/schema\/logo\/image\/"},"sameAs":["https:\/\/www.facebook.com\/dicodusport","https:\/\/x.com\/dicodusport","https:\/\/www.instagram.com\/dicodusport\/","https:\/\/www.youtube.com\/channel\/UC7V2KZ5sd3htJivAbA4ZG3w"],"description":"Dicodusport est l'encyclop\u00e9die de l'actualit\u00e9 sportive.","email":"bonjour@dicodusport.fr","legalName":"DICODUSPORT","foundingDate":"2018-01-14","vatID":"FR71834470973","taxID":"83447097300043","numberOfEmployees":{"@type":"QuantitativeValue","minValue":"1","maxValue":"10"}},{"@type":"Person","@id":"https:\/\/dicodusport.fr\/blog\/#\/schema\/person\/ba9487b5b85f57eecfb00513e982c05b","name":"Vincent Soubab\u00e8re","image":{"@type":"ImageObject","inLanguage":"fr-FR","@id":"https:\/\/dicodusport.fr\/blog\/#\/schema\/person\/image\/","url":"https:\/\/dicodusport.fr\/blog\/wp-content\/uploads\/2021\/05\/Vincent-Soubabere-150x150.jpg","contentUrl":"https:\/\/dicodusport.fr\/blog\/wp-content\/uploads\/2021\/05\/Vincent-Soubabere-150x150.jpg","caption":"Vincent Soubab\u00e8re"},"description":"Journaliste\/r\u00e9dacteur depuis ao\u00fbt 2018 - Passionn\u00e9 de sport depuis tout petit, je me suis logiquement tourn\u00e9 vers le journalisme sportif depuis ao\u00fbt 2018. Grand supporter des Girondins, je suis aussi un fan de football. Je pratique le tennis et suis l'actualit\u00e9 de la petite balle jaune. En juillet, vous risquez de me croiser sur les routes du Tour.","url":"https:\/\/dicodusport.fr\/blog\/author\/vincents\/"}]}},"_links":{"self":[{"href":"https:\/\/dicodusport.fr\/blog\/wp-json\/wp\/v2\/posts\/147968","targetHints":{"allow":["GET"]}}],"collection":[{"href":"https:\/\/dicodusport.fr\/blog\/wp-json\/wp\/v2\/posts"}],"about":[{"href":"https:\/\/dicodusport.fr\/blog\/wp-json\/wp\/v2\/types\/post"}],"author":[{"embeddable":true,"href":"https:\/\/dicodusport.fr\/blog\/wp-json\/wp\/v2\/users\/57"}],"replies":[{"embeddable":true,"href":"https:\/\/dicodusport.fr\/blog\/wp-json\/wp\/v2\/comments?post=147968"}],"version-history":[{"count":0,"href":"https:\/\/dicodusport.fr\/blog\/wp-json\/wp\/v2\/posts\/147968\/revisions"}],"wp:featuredmedia":[{"embeddable":true,"href":"https:\/\/dicodusport.fr\/blog\/wp-json\/wp\/v2\/media\/148025"}],"wp:attachment":[{"href":"https:\/\/dicodusport.fr\/blog\/wp-json\/wp\/v2\/media?parent=147968"}],"wp:term":[{"taxonomy":"category","embeddable":true,"href":"https:\/\/dicodusport.fr\/blog\/wp-json\/wp\/v2\/categories?post=147968"},{"taxonomy":"post_tag","embeddable":true,"href":"https:\/\/dicodusport.fr\/blog\/wp-json\/wp\/v2\/tags?post=147968"}],"curies":[{"name":"wp","href":"https:\/\/api.w.org\/{rel}","templated":true}]}}