{"id":148187,"date":"2021-07-21T08:05:49","date_gmt":"2021-07-21T06:05:49","guid":{"rendered":"https:\/\/dicodusport.fr\/blog\/?p=148187&#038;preview=true&#038;preview_id=148187"},"modified":"2021-07-21T09:05:30","modified_gmt":"2021-07-21T07:05:30","slug":"mercato-un-gros-echange-entre-le-barca-et-manchester-city","status":"publish","type":"post","link":"https:\/\/dicodusport.fr\/blog\/mercato-un-gros-echange-entre-le-barca-et-manchester-city\/","title":{"rendered":"Mercato : un gros \u00e9change entre le Bar\u00e7a et Manchester City ?"},"content":{"rendered":"<p style=\"text-align: justify;\"><em><b>MERCATO FOOTBALL &#8211; Selon Catalunya Radio, le FC Barcelone et Manchester City discutent d&rsquo;un \u00e9change de joueurs avec Antoine Griezmann, au c\u0153ur\u00a0du deal.<\/b><\/em><\/p>\n<p style=\"text-align: justify;\">Le Bar\u00e7a veut se d\u00e9barrasser d&rsquo;<strong>Antoine Griezmann<\/strong>, ce n&rsquo;est un secret pour personne ! Un \u00e9change avec l&rsquo;Atl\u00e9tico Madrid et Saul Niguez a longtemps \u00e9t\u00e9 dans les tuyaux, mais les Blaugrana trouvent le deal \u00e0 leur d\u00e9savantage et cherchent une autre solution. <em>Catalunya Radio<\/em> explique que les dirigeants barcelonais discutent avec Manchester City pour faire un \u00e9change de joueurs. Pep Guardiola aime <strong>Antoine Griezmann<\/strong> et a \u00e9chang\u00e9 avec lui derni\u00e8rement alors que le Bar\u00e7a aimerait dans la balance des joueurs parmi Raheem Sterling, Bernardo Silva, Aymeric Laporte ou Riyad Mahrez. Les discussions devraient avoir lieu entre les deux clubs dans les prochains jours, pour voir si un accord peut \u00eatre trouv\u00e9.<\/p>\n<blockquote class=\"twitter-tweet\">\n<p dir=\"ltr\" lang=\"fr\">Le Bar\u00e7a veut exp\u00e9dier Griezmann \u00e0 Manchester City&#8230; et r\u00e9cup\u00e9rer quelques jolis \u00e9l\u00e9ments <a href=\"https:\/\/t.co\/y2rWjVjBpu\">https:\/\/t.co\/y2rWjVjBpu<\/a><\/p>\n<p>\u2014 Foot Mercato (@footmercato) <a href=\"https:\/\/twitter.com\/footmercato\/status\/1417722333112983553?ref_src=twsrc%5Etfw\">July 21, 2021<\/a><\/p><\/blockquote>\n<p style=\"text-align: justify;\"><script async src=\"https:\/\/platform.twitter.com\/widgets.js\" charset=\"utf-8\"><\/script><\/p>\n","protected":false},"excerpt":{"rendered":"<p>Selon Catalunya Radio, le FC Barcelone et Manchester City discutent d&rsquo;un \u00e9change de joueurs avec Antoine Griezmann au coeur du deal.<\/p>\n","protected":false},"author":1,"featured_media":148192,"comment_status":"open","ping_status":"closed","sticky":false,"template":"","format":"standard","meta":{"_acf_changed":false,"_daextam_enable_autolinks":"","footnotes":""},"categories":[2301],"tags":[340,4203,75,3169],"class_list":["post-148187","post","type-post","status-publish","format-standard","has-post-thumbnail","hentry","category-football","tag-antoine-griezmann","tag-fc-barcelone","tag-football","tag-manchester-city"],"acf":[],"yoast_head":"<!-- This site is optimized with the Yoast SEO Premium plugin v26.7 (Yoast SEO v26.7) - https:\/\/yoast.com\/wordpress\/plugins\/seo\/ -->\n<title>Mercato : un gros \u00e9change entre le Bar\u00e7a et Manchester City ?<\/title>\n<meta name=\"description\" content=\"MERCATO FOOTBALL - Selon Catalunya Radio, le FC Barcelone et Manchester City discutent d&#039;un \u00e9change de joueurs avec Antoine Griezmann, au c\u0153ur\u00a0du deal.\" \/>\n<meta name=\"robots\" content=\"index, follow, max-snippet:-1, max-image-preview:large, max-video-preview:-1\" \/>\n<link rel=\"canonical\" href=\"https:\/\/dicodusport.fr\/blog\/mercato-un-gros-echange-entre-le-barca-et-manchester-city\/\" \/>\n<meta property=\"og:locale\" content=\"fr_FR\" \/>\n<meta property=\"og:type\" content=\"article\" \/>\n<meta property=\"og:title\" content=\"Mercato : un gros \u00e9change entre le Bar\u00e7a et Manchester City ?\" \/>\n<meta property=\"og:description\" content=\"MERCATO FOOTBALL - Selon Catalunya Radio, le FC Barcelone et Manchester City discutent d&#039;un \u00e9change de joueurs avec Antoine Griezmann, au c\u0153ur\u00a0du deal.\" \/>\n<meta property=\"og:url\" content=\"https:\/\/dicodusport.fr\/blog\/mercato-un-gros-echange-entre-le-barca-et-manchester-city\/\" \/>\n<meta property=\"og:site_name\" content=\"Dicodusport\" \/>\n<meta property=\"article:publisher\" content=\"https:\/\/www.facebook.com\/dicodusport\" \/>\n<meta property=\"article:author\" content=\"https:\/\/www.facebook.com\/dicodusport\" \/>\n<meta property=\"article:published_time\" content=\"2021-07-21T06:05:49+00:00\" \/>\n<meta property=\"article:modified_time\" content=\"2021-07-21T07:05:30+00:00\" \/>\n<meta property=\"og:image\" content=\"https:\/\/dicodusport.fr\/blog\/wp-content\/uploads\/2021\/07\/Mercato-un-gros-e\u0301change-entre-le-Barc\u0327a-et-Manchester-City-.png\" \/>\n\t<meta property=\"og:image:width\" content=\"800\" \/>\n\t<meta property=\"og:image:height\" content=\"445\" \/>\n\t<meta property=\"og:image:type\" content=\"image\/png\" \/>\n<meta name=\"author\" content=\"Nicolas Jacquemard\" \/>\n<meta name=\"twitter:card\" content=\"summary_large_image\" \/>\n<meta name=\"twitter:title\" content=\"Mercato : un gros \u00e9change entre le Bar\u00e7a et Manchester City ?\" \/>\n<meta name=\"twitter:creator\" content=\"@https:\/\/twitter.com\/Nico_Jacquemard\" \/>\n<meta name=\"twitter:site\" content=\"@dicodusport\" \/>\n<script type=\"application\/ld+json\" class=\"yoast-schema-graph\">{\"@context\":\"https:\/\/schema.org\",\"@graph\":[{\"@type\":\"NewsArticle\",\"@id\":\"https:\/\/dicodusport.fr\/blog\/mercato-un-gros-echange-entre-le-barca-et-manchester-city\/#article\",\"isPartOf\":{\"@id\":\"https:\/\/dicodusport.fr\/blog\/mercato-un-gros-echange-entre-le-barca-et-manchester-city\/\"},\"author\":{\"name\":\"Nicolas Jacquemard\",\"@id\":\"https:\/\/dicodusport.fr\/blog\/#\/schema\/person\/55dcb50ad410894e431ed812bbb70191\"},\"headline\":\"Mercato : un gros \u00e9change entre le Bar\u00e7a et Manchester City ?\",\"datePublished\":\"2021-07-21T06:05:49+00:00\",\"dateModified\":\"2021-07-21T07:05:30+00:00\",\"mainEntityOfPage\":{\"@id\":\"https:\/\/dicodusport.fr\/blog\/mercato-un-gros-echange-entre-le-barca-et-manchester-city\/\"},\"wordCount\":181,\"commentCount\":0,\"publisher\":{\"@id\":\"https:\/\/dicodusport.fr\/blog\/#organization\"},\"image\":{\"@id\":\"https:\/\/dicodusport.fr\/blog\/mercato-un-gros-echange-entre-le-barca-et-manchester-city\/#primaryimage\"},\"thumbnailUrl\":\"https:\/\/dicodusport.fr\/blog\/wp-content\/uploads\/2021\/07\/Mercato-un-gros-e\u0301change-entre-le-Barc\u0327a-et-Manchester-City-.png\",\"keywords\":[\"Antoine Griezmann\",\"FC Barcelone\",\"Football\",\"Manchester City\"],\"articleSection\":[\"Football\"],\"inLanguage\":\"fr-FR\",\"potentialAction\":[{\"@type\":\"CommentAction\",\"name\":\"Comment\",\"target\":[\"https:\/\/dicodusport.fr\/blog\/mercato-un-gros-echange-entre-le-barca-et-manchester-city\/#respond\"]}],\"copyrightYear\":\"2021\",\"copyrightHolder\":{\"@id\":\"https:\/\/dicodusport.fr\/blog\/#organization\"}},{\"@type\":\"WebPage\",\"@id\":\"https:\/\/dicodusport.fr\/blog\/mercato-un-gros-echange-entre-le-barca-et-manchester-city\/\",\"url\":\"https:\/\/dicodusport.fr\/blog\/mercato-un-gros-echange-entre-le-barca-et-manchester-city\/\",\"name\":\"Mercato : un gros \u00e9change entre le Bar\u00e7a et Manchester City ?\",\"isPartOf\":{\"@id\":\"https:\/\/dicodusport.fr\/blog\/#website\"},\"primaryImageOfPage\":{\"@id\":\"https:\/\/dicodusport.fr\/blog\/mercato-un-gros-echange-entre-le-barca-et-manchester-city\/#primaryimage\"},\"image\":{\"@id\":\"https:\/\/dicodusport.fr\/blog\/mercato-un-gros-echange-entre-le-barca-et-manchester-city\/#primaryimage\"},\"thumbnailUrl\":\"https:\/\/dicodusport.fr\/blog\/wp-content\/uploads\/2021\/07\/Mercato-un-gros-e\u0301change-entre-le-Barc\u0327a-et-Manchester-City-.png\",\"datePublished\":\"2021-07-21T06:05:49+00:00\",\"dateModified\":\"2021-07-21T07:05:30+00:00\",\"description\":\"MERCATO FOOTBALL - Selon Catalunya Radio, le FC Barcelone et Manchester City discutent d'un \u00e9change de joueurs avec Antoine Griezmann, au c\u0153ur\u00a0du deal.\",\"breadcrumb\":{\"@id\":\"https:\/\/dicodusport.fr\/blog\/mercato-un-gros-echange-entre-le-barca-et-manchester-city\/#breadcrumb\"},\"inLanguage\":\"fr-FR\",\"potentialAction\":[{\"@type\":\"ReadAction\",\"target\":[\"https:\/\/dicodusport.fr\/blog\/mercato-un-gros-echange-entre-le-barca-et-manchester-city\/\"]}]},{\"@type\":\"ImageObject\",\"inLanguage\":\"fr-FR\",\"@id\":\"https:\/\/dicodusport.fr\/blog\/mercato-un-gros-echange-entre-le-barca-et-manchester-city\/#primaryimage\",\"url\":\"https:\/\/dicodusport.fr\/blog\/wp-content\/uploads\/2021\/07\/Mercato-un-gros-e\u0301change-entre-le-Barc\u0327a-et-Manchester-City-.png\",\"contentUrl\":\"https:\/\/dicodusport.fr\/blog\/wp-content\/uploads\/2021\/07\/Mercato-un-gros-e\u0301change-entre-le-Barc\u0327a-et-Manchester-City-.png\",\"width\":800,\"height\":445},{\"@type\":\"BreadcrumbList\",\"@id\":\"https:\/\/dicodusport.fr\/blog\/mercato-un-gros-echange-entre-le-barca-et-manchester-city\/#breadcrumb\",\"itemListElement\":[{\"@type\":\"ListItem\",\"position\":1,\"name\":\"Accueil\",\"item\":\"https:\/\/dicodusport.fr\/blog\/\"},{\"@type\":\"ListItem\",\"position\":2,\"name\":\"Mercato : un gros \u00e9change entre le Bar\u00e7a et Manchester City ?\"}]},{\"@type\":\"WebSite\",\"@id\":\"https:\/\/dicodusport.fr\/blog\/#website\",\"url\":\"https:\/\/dicodusport.fr\/blog\/\",\"name\":\"Dicodusport\",\"description\":\"L&#039;encyclop\u00e9die de l&#039;actualit\u00e9 sportive\",\"publisher\":{\"@id\":\"https:\/\/dicodusport.fr\/blog\/#organization\"},\"potentialAction\":[{\"@type\":\"SearchAction\",\"target\":{\"@type\":\"EntryPoint\",\"urlTemplate\":\"https:\/\/dicodusport.fr\/blog\/?s={search_term_string}\"},\"query-input\":{\"@type\":\"PropertyValueSpecification\",\"valueRequired\":true,\"valueName\":\"search_term_string\"}}],\"inLanguage\":\"fr-FR\"},{\"@type\":\"NewsMediaOrganization\",\"@id\":\"https:\/\/dicodusport.fr\/blog\/#organization\",\"name\":\"Dicodusport\",\"url\":\"https:\/\/dicodusport.fr\/blog\/\",\"logo\":{\"@type\":\"ImageObject\",\"inLanguage\":\"fr-FR\",\"@id\":\"https:\/\/dicodusport.fr\/blog\/#\/schema\/logo\/image\/\",\"url\":\"https:\/\/dicodusport.fr\/blog\/wp-content\/uploads\/2020\/06\/cropped-LOGO-DICODUSPORT-2020-SANS-FOND-SANS-TEXTE.png\",\"contentUrl\":\"https:\/\/dicodusport.fr\/blog\/wp-content\/uploads\/2020\/06\/cropped-LOGO-DICODUSPORT-2020-SANS-FOND-SANS-TEXTE.png\",\"width\":512,\"height\":512,\"caption\":\"Dicodusport\"},\"image\":{\"@id\":\"https:\/\/dicodusport.fr\/blog\/#\/schema\/logo\/image\/\"},\"sameAs\":[\"https:\/\/www.facebook.com\/dicodusport\",\"https:\/\/x.com\/dicodusport\",\"https:\/\/www.instagram.com\/dicodusport\/\",\"https:\/\/www.youtube.com\/channel\/UC7V2KZ5sd3htJivAbA4ZG3w\"],\"description\":\"Dicodusport est l'encyclop\u00e9die de l'actualit\u00e9 sportive.\",\"email\":\"bonjour@dicodusport.fr\",\"legalName\":\"DICODUSPORT\",\"foundingDate\":\"2018-01-14\",\"vatID\":\"FR71834470973\",\"taxID\":\"83447097300043\",\"numberOfEmployees\":{\"@type\":\"QuantitativeValue\",\"minValue\":\"1\",\"maxValue\":\"10\"}},{\"@type\":\"Person\",\"@id\":\"https:\/\/dicodusport.fr\/blog\/#\/schema\/person\/55dcb50ad410894e431ed812bbb70191\",\"name\":\"Nicolas Jacquemard\",\"image\":{\"@type\":\"ImageObject\",\"inLanguage\":\"fr-FR\",\"@id\":\"https:\/\/dicodusport.fr\/blog\/#\/schema\/person\/image\/\",\"url\":\"https:\/\/dicodusport.fr\/blog\/wp-content\/uploads\/2021\/05\/Nicolas-Jacquemard-150x150.jpeg\",\"contentUrl\":\"https:\/\/dicodusport.fr\/blog\/wp-content\/uploads\/2021\/05\/Nicolas-Jacquemard-150x150.jpeg\",\"caption\":\"Nicolas Jacquemard\"},\"description\":\"Passionn\u00e9 de sport et entrepreneur depuis mes 18 ans, la cr\u00e9ation de Dicodusport m'a sembl\u00e9 \u00e9vidente pour participer \u00e0 la m\u00e9diatisation d'un plus grand nombre de sports. Le chemin est long mais avec une \u00e9quipe des plus motiv\u00e9es et les Jeux Olympiques de Paris 2024 en point de mire, nous y arriverons ! Journaliste dans le monde du sport depuis plus de 5 ans, je traite aussi bien de football, de rugby, de biathlon que de cyclisme.\",\"sameAs\":[\"https:\/\/www.facebook.com\/dicodusport\",\"https:\/\/x.com\/https:\/\/twitter.com\/Nico_Jacquemard\"],\"url\":\"https:\/\/dicodusport.fr\/blog\/author\/dicodusport\/\"}]}<\/script>\n<!-- \/ Yoast SEO Premium plugin. -->","yoast_head_json":{"title":"Mercato : un gros \u00e9change entre le Bar\u00e7a et Manchester City ?","description":"MERCATO FOOTBALL - Selon Catalunya Radio, le FC Barcelone et Manchester City discutent d'un \u00e9change de joueurs avec Antoine Griezmann, au c\u0153ur\u00a0du deal.","robots":{"index":"index","follow":"follow","max-snippet":"max-snippet:-1","max-image-preview":"max-image-preview:large","max-video-preview":"max-video-preview:-1"},"canonical":"https:\/\/dicodusport.fr\/blog\/mercato-un-gros-echange-entre-le-barca-et-manchester-city\/","og_locale":"fr_FR","og_type":"article","og_title":"Mercato : un gros \u00e9change entre le Bar\u00e7a et Manchester City ?","og_description":"MERCATO FOOTBALL - Selon Catalunya Radio, le FC Barcelone et Manchester City discutent d'un \u00e9change de joueurs avec Antoine Griezmann, au c\u0153ur\u00a0du deal.","og_url":"https:\/\/dicodusport.fr\/blog\/mercato-un-gros-echange-entre-le-barca-et-manchester-city\/","og_site_name":"Dicodusport","article_publisher":"https:\/\/www.facebook.com\/dicodusport","article_author":"https:\/\/www.facebook.com\/dicodusport","article_published_time":"2021-07-21T06:05:49+00:00","article_modified_time":"2021-07-21T07:05:30+00:00","og_image":[{"width":800,"height":445,"url":"https:\/\/dicodusport.fr\/blog\/wp-content\/uploads\/2021\/07\/Mercato-un-gros-e\u0301change-entre-le-Barc\u0327a-et-Manchester-City-.png","type":"image\/png"}],"author":"Nicolas Jacquemard","twitter_card":"summary_large_image","twitter_title":"Mercato : un gros \u00e9change entre le Bar\u00e7a et Manchester City ?","twitter_creator":"@https:\/\/twitter.com\/Nico_Jacquemard","twitter_site":"@dicodusport","schema":{"@context":"https:\/\/schema.org","@graph":[{"@type":"NewsArticle","@id":"https:\/\/dicodusport.fr\/blog\/mercato-un-gros-echange-entre-le-barca-et-manchester-city\/#article","isPartOf":{"@id":"https:\/\/dicodusport.fr\/blog\/mercato-un-gros-echange-entre-le-barca-et-manchester-city\/"},"author":{"name":"Nicolas Jacquemard","@id":"https:\/\/dicodusport.fr\/blog\/#\/schema\/person\/55dcb50ad410894e431ed812bbb70191"},"headline":"Mercato : un gros \u00e9change entre le Bar\u00e7a et Manchester City ?","datePublished":"2021-07-21T06:05:49+00:00","dateModified":"2021-07-21T07:05:30+00:00","mainEntityOfPage":{"@id":"https:\/\/dicodusport.fr\/blog\/mercato-un-gros-echange-entre-le-barca-et-manchester-city\/"},"wordCount":181,"commentCount":0,"publisher":{"@id":"https:\/\/dicodusport.fr\/blog\/#organization"},"image":{"@id":"https:\/\/dicodusport.fr\/blog\/mercato-un-gros-echange-entre-le-barca-et-manchester-city\/#primaryimage"},"thumbnailUrl":"https:\/\/dicodusport.fr\/blog\/wp-content\/uploads\/2021\/07\/Mercato-un-gros-e\u0301change-entre-le-Barc\u0327a-et-Manchester-City-.png","keywords":["Antoine Griezmann","FC Barcelone","Football","Manchester City"],"articleSection":["Football"],"inLanguage":"fr-FR","potentialAction":[{"@type":"CommentAction","name":"Comment","target":["https:\/\/dicodusport.fr\/blog\/mercato-un-gros-echange-entre-le-barca-et-manchester-city\/#respond"]}],"copyrightYear":"2021","copyrightHolder":{"@id":"https:\/\/dicodusport.fr\/blog\/#organization"}},{"@type":"WebPage","@id":"https:\/\/dicodusport.fr\/blog\/mercato-un-gros-echange-entre-le-barca-et-manchester-city\/","url":"https:\/\/dicodusport.fr\/blog\/mercato-un-gros-echange-entre-le-barca-et-manchester-city\/","name":"Mercato : un gros \u00e9change entre le Bar\u00e7a et Manchester City ?","isPartOf":{"@id":"https:\/\/dicodusport.fr\/blog\/#website"},"primaryImageOfPage":{"@id":"https:\/\/dicodusport.fr\/blog\/mercato-un-gros-echange-entre-le-barca-et-manchester-city\/#primaryimage"},"image":{"@id":"https:\/\/dicodusport.fr\/blog\/mercato-un-gros-echange-entre-le-barca-et-manchester-city\/#primaryimage"},"thumbnailUrl":"https:\/\/dicodusport.fr\/blog\/wp-content\/uploads\/2021\/07\/Mercato-un-gros-e\u0301change-entre-le-Barc\u0327a-et-Manchester-City-.png","datePublished":"2021-07-21T06:05:49+00:00","dateModified":"2021-07-21T07:05:30+00:00","description":"MERCATO FOOTBALL - Selon Catalunya Radio, le FC Barcelone et Manchester City discutent d'un \u00e9change de joueurs avec Antoine Griezmann, au c\u0153ur\u00a0du deal.","breadcrumb":{"@id":"https:\/\/dicodusport.fr\/blog\/mercato-un-gros-echange-entre-le-barca-et-manchester-city\/#breadcrumb"},"inLanguage":"fr-FR","potentialAction":[{"@type":"ReadAction","target":["https:\/\/dicodusport.fr\/blog\/mercato-un-gros-echange-entre-le-barca-et-manchester-city\/"]}]},{"@type":"ImageObject","inLanguage":"fr-FR","@id":"https:\/\/dicodusport.fr\/blog\/mercato-un-gros-echange-entre-le-barca-et-manchester-city\/#primaryimage","url":"https:\/\/dicodusport.fr\/blog\/wp-content\/uploads\/2021\/07\/Mercato-un-gros-e\u0301change-entre-le-Barc\u0327a-et-Manchester-City-.png","contentUrl":"https:\/\/dicodusport.fr\/blog\/wp-content\/uploads\/2021\/07\/Mercato-un-gros-e\u0301change-entre-le-Barc\u0327a-et-Manchester-City-.png","width":800,"height":445},{"@type":"BreadcrumbList","@id":"https:\/\/dicodusport.fr\/blog\/mercato-un-gros-echange-entre-le-barca-et-manchester-city\/#breadcrumb","itemListElement":[{"@type":"ListItem","position":1,"name":"Accueil","item":"https:\/\/dicodusport.fr\/blog\/"},{"@type":"ListItem","position":2,"name":"Mercato : un gros \u00e9change entre le Bar\u00e7a et Manchester City ?"}]},{"@type":"WebSite","@id":"https:\/\/dicodusport.fr\/blog\/#website","url":"https:\/\/dicodusport.fr\/blog\/","name":"Dicodusport","description":"L&#039;encyclop\u00e9die de l&#039;actualit\u00e9 sportive","publisher":{"@id":"https:\/\/dicodusport.fr\/blog\/#organization"},"potentialAction":[{"@type":"SearchAction","target":{"@type":"EntryPoint","urlTemplate":"https:\/\/dicodusport.fr\/blog\/?s={search_term_string}"},"query-input":{"@type":"PropertyValueSpecification","valueRequired":true,"valueName":"search_term_string"}}],"inLanguage":"fr-FR"},{"@type":"NewsMediaOrganization","@id":"https:\/\/dicodusport.fr\/blog\/#organization","name":"Dicodusport","url":"https:\/\/dicodusport.fr\/blog\/","logo":{"@type":"ImageObject","inLanguage":"fr-FR","@id":"https:\/\/dicodusport.fr\/blog\/#\/schema\/logo\/image\/","url":"https:\/\/dicodusport.fr\/blog\/wp-content\/uploads\/2020\/06\/cropped-LOGO-DICODUSPORT-2020-SANS-FOND-SANS-TEXTE.png","contentUrl":"https:\/\/dicodusport.fr\/blog\/wp-content\/uploads\/2020\/06\/cropped-LOGO-DICODUSPORT-2020-SANS-FOND-SANS-TEXTE.png","width":512,"height":512,"caption":"Dicodusport"},"image":{"@id":"https:\/\/dicodusport.fr\/blog\/#\/schema\/logo\/image\/"},"sameAs":["https:\/\/www.facebook.com\/dicodusport","https:\/\/x.com\/dicodusport","https:\/\/www.instagram.com\/dicodusport\/","https:\/\/www.youtube.com\/channel\/UC7V2KZ5sd3htJivAbA4ZG3w"],"description":"Dicodusport est l'encyclop\u00e9die de l'actualit\u00e9 sportive.","email":"bonjour@dicodusport.fr","legalName":"DICODUSPORT","foundingDate":"2018-01-14","vatID":"FR71834470973","taxID":"83447097300043","numberOfEmployees":{"@type":"QuantitativeValue","minValue":"1","maxValue":"10"}},{"@type":"Person","@id":"https:\/\/dicodusport.fr\/blog\/#\/schema\/person\/55dcb50ad410894e431ed812bbb70191","name":"Nicolas Jacquemard","image":{"@type":"ImageObject","inLanguage":"fr-FR","@id":"https:\/\/dicodusport.fr\/blog\/#\/schema\/person\/image\/","url":"https:\/\/dicodusport.fr\/blog\/wp-content\/uploads\/2021\/05\/Nicolas-Jacquemard-150x150.jpeg","contentUrl":"https:\/\/dicodusport.fr\/blog\/wp-content\/uploads\/2021\/05\/Nicolas-Jacquemard-150x150.jpeg","caption":"Nicolas Jacquemard"},"description":"Passionn\u00e9 de sport et entrepreneur depuis mes 18 ans, la cr\u00e9ation de Dicodusport m'a sembl\u00e9 \u00e9vidente pour participer \u00e0 la m\u00e9diatisation d'un plus grand nombre de sports. Le chemin est long mais avec une \u00e9quipe des plus motiv\u00e9es et les Jeux Olympiques de Paris 2024 en point de mire, nous y arriverons ! Journaliste dans le monde du sport depuis plus de 5 ans, je traite aussi bien de football, de rugby, de biathlon que de cyclisme.","sameAs":["https:\/\/www.facebook.com\/dicodusport","https:\/\/x.com\/https:\/\/twitter.com\/Nico_Jacquemard"],"url":"https:\/\/dicodusport.fr\/blog\/author\/dicodusport\/"}]}},"_links":{"self":[{"href":"https:\/\/dicodusport.fr\/blog\/wp-json\/wp\/v2\/posts\/148187","targetHints":{"allow":["GET"]}}],"collection":[{"href":"https:\/\/dicodusport.fr\/blog\/wp-json\/wp\/v2\/posts"}],"about":[{"href":"https:\/\/dicodusport.fr\/blog\/wp-json\/wp\/v2\/types\/post"}],"author":[{"embeddable":true,"href":"https:\/\/dicodusport.fr\/blog\/wp-json\/wp\/v2\/users\/1"}],"replies":[{"embeddable":true,"href":"https:\/\/dicodusport.fr\/blog\/wp-json\/wp\/v2\/comments?post=148187"}],"version-history":[{"count":0,"href":"https:\/\/dicodusport.fr\/blog\/wp-json\/wp\/v2\/posts\/148187\/revisions"}],"wp:featuredmedia":[{"embeddable":true,"href":"https:\/\/dicodusport.fr\/blog\/wp-json\/wp\/v2\/media\/148192"}],"wp:attachment":[{"href":"https:\/\/dicodusport.fr\/blog\/wp-json\/wp\/v2\/media?parent=148187"}],"wp:term":[{"taxonomy":"category","embeddable":true,"href":"https:\/\/dicodusport.fr\/blog\/wp-json\/wp\/v2\/categories?post=148187"},{"taxonomy":"post_tag","embeddable":true,"href":"https:\/\/dicodusport.fr\/blog\/wp-json\/wp\/v2\/tags?post=148187"}],"curies":[{"name":"wp","href":"https:\/\/api.w.org\/{rel}","templated":true}]}}