{"id":148226,"date":"2021-07-21T13:57:57","date_gmt":"2021-07-21T11:57:57","guid":{"rendered":"https:\/\/dicodusport.fr\/blog\/?p=148226&#038;preview=true&#038;preview_id=148226"},"modified":"2021-07-21T22:22:20","modified_gmt":"2021-07-21T20:22:20","slug":"andre-pierre-gignac-teji-savanier-cest-zizou","status":"publish","type":"post","link":"https:\/\/dicodusport.fr\/blog\/andre-pierre-gignac-teji-savanier-cest-zizou\/","title":{"rendered":"Andr\u00e9-Pierre Gignac : \u00ab\u00a0T\u00e9ji Savanier, c&rsquo;est Zizou\u00a0\u00bb"},"content":{"rendered":"<p style=\"text-align: justify;\"><em><b>FOOTBALL &#8211; JO DE TOKYO &#8211; A la veille de leur entr\u00e9e en lice avec l&rsquo;\u00e9quipe de France olympique, Andr\u00e9 Pierre-Gignac et Florian Thauvin se sont longuement confi\u00e9s \u00e0 nos confr\u00e8res de L&rsquo;\u00c9quipe.\u00a0<\/b><\/em><\/p>\n<p style=\"text-align: justify;\">Si les deux joueurs des Tigres, <strong>Andr\u00e9 Pierre-Gignac<\/strong> et <strong>Florian Thauvin<\/strong>, sont d\u00e9termin\u00e9s \u00e0 d\u00e9crocher une m\u00e9daille pour la France. L&rsquo;ancien avant-centre de l&rsquo;OM s&rsquo;est aussi exprim\u00e9 sur les joueurs qui vont \u00e9voluer au milieu de terrain, et il ne tarit pas d&rsquo;\u00e9loges.<\/p>\n<blockquote>\n<p style=\"text-align: justify;\">Alexis Beka Beka, de Caen. C&rsquo;est tr\u00e8s fort. Et il y a T\u00e9ji (Savanier) qui sait parfaitement g\u00e9rer temps faibles et temps forts. Apr\u00e8s \u00eatre sortis contre la Cor\u00e9e, on regardait avec Flo ses transversales, sa qualit\u00e9 de passe incroyable. Sans mentir, c&rsquo;est Zizou. C&rsquo;est un truc de fou, pied droit, pied gauche. On ne va pas aller dans l&rsquo;exc\u00e8s de confiance mais il y a ce qu&rsquo;il faut pour r\u00e9ussir.<\/p>\n<\/blockquote>\n<p style=\"text-align: justify;\">La <strong>France<\/strong> d\u00e9bute ses JO de Tokyo avec un match face au Mexique ce jeudi 21 juillet, \u00e0 10 heures.<\/p>\n<blockquote class=\"twitter-tweet\">\n<p dir=\"ltr\" lang=\"fr\">Jeux Olympiques &#8211; Andr\u00e9-Pierre Gignac et Florian Thauvin : \u00ab On se r\u00e9gale avec les jeunes \u00bb<br \/>\nG\u00e9niale interview des deux cadres de l\u2019\u00e9quipe de France olympique. <a href=\"https:\/\/t.co\/7lOq7t8rZq\">https:\/\/t.co\/7lOq7t8rZq<\/a><\/p>\n<p>\u2014 Charlie Courrent (@CharlieCourrent) <a href=\"https:\/\/twitter.com\/CharlieCourrent\/status\/1417755104967634944?ref_src=twsrc%5Etfw\">July 21, 2021<\/a><\/p><\/blockquote>\n<p><script async src=\"https:\/\/platform.twitter.com\/widgets.js\" charset=\"utf-8\"><\/script><\/p>\n<ul>\n<li style=\"text-align: justify;\"><strong>\u00c0 lire aussi &#8211; <a href=\"https:\/\/dicodusport.fr\/blog\/football-masculin-jeux-olympiques-de-tokyo-calendrier-et-resultats\/\">Football masculin \u2013 Jeux Olympiques de Tokyo : calendrier et r\u00e9sultats<\/a><\/strong><\/li>\n<\/ul>\n","protected":false},"excerpt":{"rendered":"<p>FOOTBALL &#8211; JO DE TOKYO &#8211; A la veille de leur entr\u00e9e en lice avec l&rsquo;\u00e9quipe de France olympique, Andr\u00e9 Pierre-Gignac et Florian Thauvin se sont longuement confi\u00e9s \u00e0 nos confr\u00e8res de L&rsquo;\u00c9quipe.\u00a0<\/p>\n","protected":false},"author":1,"featured_media":148232,"comment_status":"open","ping_status":"closed","sticky":false,"template":"","format":"standard","meta":{"_acf_changed":false,"_daextam_enable_autolinks":"","footnotes":""},"categories":[2301,8433],"tags":[8403,74,75,30,396],"class_list":["post-148226","post","type-post","status-publish","format-standard","has-post-thumbnail","hentry","category-football","category-jo-tokyo-2020","tag-andre-pierre-gignac","tag-foot","tag-football","tag-france","tag-jo"],"acf":[],"yoast_head":"<!-- This site is optimized with the Yoast SEO Premium plugin v26.7 (Yoast SEO v26.7) - https:\/\/yoast.com\/wordpress\/plugins\/seo\/ -->\n<title>Andr\u00e9-Pierre Gignac : &quot;T\u00e9ji Savanier, c&#039;est Zizou&quot;<\/title>\n<meta name=\"description\" content=\"FOOTBALL - JO DE TOKYO - A la veille de leur entr\u00e9e en lice avec l&#039;\u00e9quipe de France olympique, Andr\u00e9 Pierre-Gignac et Florian Thauvin se sont longuement confi\u00e9s \u00e0 nos confr\u00e8res de L&#039;\u00c9quipe.\u00a0\" \/>\n<meta name=\"robots\" content=\"index, follow, max-snippet:-1, max-image-preview:large, max-video-preview:-1\" \/>\n<link rel=\"canonical\" href=\"https:\/\/dicodusport.fr\/blog\/andre-pierre-gignac-teji-savanier-cest-zizou\/\" \/>\n<meta property=\"og:locale\" content=\"fr_FR\" \/>\n<meta property=\"og:type\" content=\"article\" \/>\n<meta property=\"og:title\" content=\"Andr\u00e9-Pierre Gignac : &quot;T\u00e9ji Savanier, c&#039;est Zizou&quot;\" \/>\n<meta property=\"og:description\" content=\"FOOTBALL - JO DE TOKYO - A la veille de leur entr\u00e9e en lice avec l&#039;\u00e9quipe de France olympique, Andr\u00e9 Pierre-Gignac et Florian Thauvin se sont longuement confi\u00e9s \u00e0 nos confr\u00e8res de L&#039;\u00c9quipe.\u00a0\" \/>\n<meta property=\"og:url\" content=\"https:\/\/dicodusport.fr\/blog\/andre-pierre-gignac-teji-savanier-cest-zizou\/\" \/>\n<meta property=\"og:site_name\" content=\"Dicodusport\" \/>\n<meta property=\"article:publisher\" content=\"https:\/\/www.facebook.com\/dicodusport\" \/>\n<meta property=\"article:author\" content=\"https:\/\/www.facebook.com\/dicodusport\" \/>\n<meta property=\"article:published_time\" content=\"2021-07-21T11:57:57+00:00\" \/>\n<meta property=\"article:modified_time\" content=\"2021-07-21T20:22:20+00:00\" \/>\n<meta property=\"og:image\" content=\"https:\/\/dicodusport.fr\/blog\/wp-content\/uploads\/2021\/07\/Andre\u0301-Pierre-Gignac-Te\u0301ji-Savanier-cest-Zizou.png\" \/>\n\t<meta property=\"og:image:width\" content=\"800\" \/>\n\t<meta property=\"og:image:height\" content=\"445\" \/>\n\t<meta property=\"og:image:type\" content=\"image\/png\" \/>\n<meta name=\"author\" content=\"Nicolas Jacquemard\" \/>\n<meta name=\"twitter:card\" content=\"summary_large_image\" \/>\n<meta name=\"twitter:title\" content=\"Andr\u00e9-Pierre Gignac : &quot;T\u00e9ji Savanier, c&#039;est Zizou&quot;\" \/>\n<meta name=\"twitter:creator\" content=\"@https:\/\/twitter.com\/Nico_Jacquemard\" \/>\n<meta name=\"twitter:site\" content=\"@dicodusport\" \/>\n<script type=\"application\/ld+json\" class=\"yoast-schema-graph\">{\"@context\":\"https:\/\/schema.org\",\"@graph\":[{\"@type\":\"NewsArticle\",\"@id\":\"https:\/\/dicodusport.fr\/blog\/andre-pierre-gignac-teji-savanier-cest-zizou\/#article\",\"isPartOf\":{\"@id\":\"https:\/\/dicodusport.fr\/blog\/andre-pierre-gignac-teji-savanier-cest-zizou\/\"},\"author\":{\"name\":\"Nicolas Jacquemard\",\"@id\":\"https:\/\/dicodusport.fr\/blog\/#\/schema\/person\/55dcb50ad410894e431ed812bbb70191\"},\"headline\":\"Andr\u00e9-Pierre Gignac : \u00ab\u00a0T\u00e9ji Savanier, c&rsquo;est Zizou\u00a0\u00bb\",\"datePublished\":\"2021-07-21T11:57:57+00:00\",\"dateModified\":\"2021-07-21T20:22:20+00:00\",\"mainEntityOfPage\":{\"@id\":\"https:\/\/dicodusport.fr\/blog\/andre-pierre-gignac-teji-savanier-cest-zizou\/\"},\"wordCount\":248,\"commentCount\":0,\"publisher\":{\"@id\":\"https:\/\/dicodusport.fr\/blog\/#organization\"},\"image\":{\"@id\":\"https:\/\/dicodusport.fr\/blog\/andre-pierre-gignac-teji-savanier-cest-zizou\/#primaryimage\"},\"thumbnailUrl\":\"https:\/\/dicodusport.fr\/blog\/wp-content\/uploads\/2021\/07\/Andre\u0301-Pierre-Gignac-Te\u0301ji-Savanier-cest-Zizou.png\",\"keywords\":[\"Andr\u00e9-Pierre Gignac\",\"foot\",\"Football\",\"France\",\"JO\"],\"articleSection\":[\"Football\",\"JO Tokyo 2020\"],\"inLanguage\":\"fr-FR\",\"potentialAction\":[{\"@type\":\"CommentAction\",\"name\":\"Comment\",\"target\":[\"https:\/\/dicodusport.fr\/blog\/andre-pierre-gignac-teji-savanier-cest-zizou\/#respond\"]}],\"copyrightYear\":\"2021\",\"copyrightHolder\":{\"@id\":\"https:\/\/dicodusport.fr\/blog\/#organization\"}},{\"@type\":\"WebPage\",\"@id\":\"https:\/\/dicodusport.fr\/blog\/andre-pierre-gignac-teji-savanier-cest-zizou\/\",\"url\":\"https:\/\/dicodusport.fr\/blog\/andre-pierre-gignac-teji-savanier-cest-zizou\/\",\"name\":\"Andr\u00e9-Pierre Gignac : \\\"T\u00e9ji Savanier, c'est Zizou\\\"\",\"isPartOf\":{\"@id\":\"https:\/\/dicodusport.fr\/blog\/#website\"},\"primaryImageOfPage\":{\"@id\":\"https:\/\/dicodusport.fr\/blog\/andre-pierre-gignac-teji-savanier-cest-zizou\/#primaryimage\"},\"image\":{\"@id\":\"https:\/\/dicodusport.fr\/blog\/andre-pierre-gignac-teji-savanier-cest-zizou\/#primaryimage\"},\"thumbnailUrl\":\"https:\/\/dicodusport.fr\/blog\/wp-content\/uploads\/2021\/07\/Andre\u0301-Pierre-Gignac-Te\u0301ji-Savanier-cest-Zizou.png\",\"datePublished\":\"2021-07-21T11:57:57+00:00\",\"dateModified\":\"2021-07-21T20:22:20+00:00\",\"description\":\"FOOTBALL - JO DE TOKYO - A la veille de leur entr\u00e9e en lice avec l'\u00e9quipe de France olympique, Andr\u00e9 Pierre-Gignac et Florian Thauvin se sont longuement confi\u00e9s \u00e0 nos confr\u00e8res de L'\u00c9quipe.\u00a0\",\"breadcrumb\":{\"@id\":\"https:\/\/dicodusport.fr\/blog\/andre-pierre-gignac-teji-savanier-cest-zizou\/#breadcrumb\"},\"inLanguage\":\"fr-FR\",\"potentialAction\":[{\"@type\":\"ReadAction\",\"target\":[\"https:\/\/dicodusport.fr\/blog\/andre-pierre-gignac-teji-savanier-cest-zizou\/\"]}]},{\"@type\":\"ImageObject\",\"inLanguage\":\"fr-FR\",\"@id\":\"https:\/\/dicodusport.fr\/blog\/andre-pierre-gignac-teji-savanier-cest-zizou\/#primaryimage\",\"url\":\"https:\/\/dicodusport.fr\/blog\/wp-content\/uploads\/2021\/07\/Andre\u0301-Pierre-Gignac-Te\u0301ji-Savanier-cest-Zizou.png\",\"contentUrl\":\"https:\/\/dicodusport.fr\/blog\/wp-content\/uploads\/2021\/07\/Andre\u0301-Pierre-Gignac-Te\u0301ji-Savanier-cest-Zizou.png\",\"width\":800,\"height\":445},{\"@type\":\"BreadcrumbList\",\"@id\":\"https:\/\/dicodusport.fr\/blog\/andre-pierre-gignac-teji-savanier-cest-zizou\/#breadcrumb\",\"itemListElement\":[{\"@type\":\"ListItem\",\"position\":1,\"name\":\"Accueil\",\"item\":\"https:\/\/dicodusport.fr\/blog\/\"},{\"@type\":\"ListItem\",\"position\":2,\"name\":\"Andr\u00e9-Pierre Gignac : \u00ab\u00a0T\u00e9ji Savanier, c&rsquo;est Zizou\u00a0\u00bb\"}]},{\"@type\":\"WebSite\",\"@id\":\"https:\/\/dicodusport.fr\/blog\/#website\",\"url\":\"https:\/\/dicodusport.fr\/blog\/\",\"name\":\"Dicodusport\",\"description\":\"L&#039;encyclop\u00e9die de l&#039;actualit\u00e9 sportive\",\"publisher\":{\"@id\":\"https:\/\/dicodusport.fr\/blog\/#organization\"},\"potentialAction\":[{\"@type\":\"SearchAction\",\"target\":{\"@type\":\"EntryPoint\",\"urlTemplate\":\"https:\/\/dicodusport.fr\/blog\/?s={search_term_string}\"},\"query-input\":{\"@type\":\"PropertyValueSpecification\",\"valueRequired\":true,\"valueName\":\"search_term_string\"}}],\"inLanguage\":\"fr-FR\"},{\"@type\":\"NewsMediaOrganization\",\"@id\":\"https:\/\/dicodusport.fr\/blog\/#organization\",\"name\":\"Dicodusport\",\"url\":\"https:\/\/dicodusport.fr\/blog\/\",\"logo\":{\"@type\":\"ImageObject\",\"inLanguage\":\"fr-FR\",\"@id\":\"https:\/\/dicodusport.fr\/blog\/#\/schema\/logo\/image\/\",\"url\":\"https:\/\/dicodusport.fr\/blog\/wp-content\/uploads\/2020\/06\/cropped-LOGO-DICODUSPORT-2020-SANS-FOND-SANS-TEXTE.png\",\"contentUrl\":\"https:\/\/dicodusport.fr\/blog\/wp-content\/uploads\/2020\/06\/cropped-LOGO-DICODUSPORT-2020-SANS-FOND-SANS-TEXTE.png\",\"width\":512,\"height\":512,\"caption\":\"Dicodusport\"},\"image\":{\"@id\":\"https:\/\/dicodusport.fr\/blog\/#\/schema\/logo\/image\/\"},\"sameAs\":[\"https:\/\/www.facebook.com\/dicodusport\",\"https:\/\/x.com\/dicodusport\",\"https:\/\/www.instagram.com\/dicodusport\/\",\"https:\/\/www.youtube.com\/channel\/UC7V2KZ5sd3htJivAbA4ZG3w\"],\"description\":\"Dicodusport est l'encyclop\u00e9die de l'actualit\u00e9 sportive.\",\"email\":\"bonjour@dicodusport.fr\",\"legalName\":\"DICODUSPORT\",\"foundingDate\":\"2018-01-14\",\"vatID\":\"FR71834470973\",\"taxID\":\"83447097300043\",\"numberOfEmployees\":{\"@type\":\"QuantitativeValue\",\"minValue\":\"1\",\"maxValue\":\"10\"}},{\"@type\":\"Person\",\"@id\":\"https:\/\/dicodusport.fr\/blog\/#\/schema\/person\/55dcb50ad410894e431ed812bbb70191\",\"name\":\"Nicolas Jacquemard\",\"image\":{\"@type\":\"ImageObject\",\"inLanguage\":\"fr-FR\",\"@id\":\"https:\/\/dicodusport.fr\/blog\/#\/schema\/person\/image\/\",\"url\":\"https:\/\/dicodusport.fr\/blog\/wp-content\/uploads\/2021\/05\/Nicolas-Jacquemard-150x150.jpeg\",\"contentUrl\":\"https:\/\/dicodusport.fr\/blog\/wp-content\/uploads\/2021\/05\/Nicolas-Jacquemard-150x150.jpeg\",\"caption\":\"Nicolas Jacquemard\"},\"description\":\"Passionn\u00e9 de sport et entrepreneur depuis mes 18 ans, la cr\u00e9ation de Dicodusport m'a sembl\u00e9 \u00e9vidente pour participer \u00e0 la m\u00e9diatisation d'un plus grand nombre de sports. Le chemin est long mais avec une \u00e9quipe des plus motiv\u00e9es et les Jeux Olympiques de Paris 2024 en point de mire, nous y arriverons ! Journaliste dans le monde du sport depuis plus de 5 ans, je traite aussi bien de football, de rugby, de biathlon que de cyclisme.\",\"sameAs\":[\"https:\/\/www.facebook.com\/dicodusport\",\"https:\/\/x.com\/https:\/\/twitter.com\/Nico_Jacquemard\"],\"url\":\"https:\/\/dicodusport.fr\/blog\/author\/dicodusport\/\"}]}<\/script>\n<!-- \/ Yoast SEO Premium plugin. -->","yoast_head_json":{"title":"Andr\u00e9-Pierre Gignac : \"T\u00e9ji Savanier, c'est Zizou\"","description":"FOOTBALL - JO DE TOKYO - A la veille de leur entr\u00e9e en lice avec l'\u00e9quipe de France olympique, Andr\u00e9 Pierre-Gignac et Florian Thauvin se sont longuement confi\u00e9s \u00e0 nos confr\u00e8res de L'\u00c9quipe.\u00a0","robots":{"index":"index","follow":"follow","max-snippet":"max-snippet:-1","max-image-preview":"max-image-preview:large","max-video-preview":"max-video-preview:-1"},"canonical":"https:\/\/dicodusport.fr\/blog\/andre-pierre-gignac-teji-savanier-cest-zizou\/","og_locale":"fr_FR","og_type":"article","og_title":"Andr\u00e9-Pierre Gignac : \"T\u00e9ji Savanier, c'est Zizou\"","og_description":"FOOTBALL - JO DE TOKYO - A la veille de leur entr\u00e9e en lice avec l'\u00e9quipe de France olympique, Andr\u00e9 Pierre-Gignac et Florian Thauvin se sont longuement confi\u00e9s \u00e0 nos confr\u00e8res de L'\u00c9quipe.\u00a0","og_url":"https:\/\/dicodusport.fr\/blog\/andre-pierre-gignac-teji-savanier-cest-zizou\/","og_site_name":"Dicodusport","article_publisher":"https:\/\/www.facebook.com\/dicodusport","article_author":"https:\/\/www.facebook.com\/dicodusport","article_published_time":"2021-07-21T11:57:57+00:00","article_modified_time":"2021-07-21T20:22:20+00:00","og_image":[{"width":800,"height":445,"url":"https:\/\/dicodusport.fr\/blog\/wp-content\/uploads\/2021\/07\/Andre\u0301-Pierre-Gignac-Te\u0301ji-Savanier-cest-Zizou.png","type":"image\/png"}],"author":"Nicolas Jacquemard","twitter_card":"summary_large_image","twitter_title":"Andr\u00e9-Pierre Gignac : \"T\u00e9ji Savanier, c'est Zizou\"","twitter_creator":"@https:\/\/twitter.com\/Nico_Jacquemard","twitter_site":"@dicodusport","schema":{"@context":"https:\/\/schema.org","@graph":[{"@type":"NewsArticle","@id":"https:\/\/dicodusport.fr\/blog\/andre-pierre-gignac-teji-savanier-cest-zizou\/#article","isPartOf":{"@id":"https:\/\/dicodusport.fr\/blog\/andre-pierre-gignac-teji-savanier-cest-zizou\/"},"author":{"name":"Nicolas Jacquemard","@id":"https:\/\/dicodusport.fr\/blog\/#\/schema\/person\/55dcb50ad410894e431ed812bbb70191"},"headline":"Andr\u00e9-Pierre Gignac : \u00ab\u00a0T\u00e9ji Savanier, c&rsquo;est Zizou\u00a0\u00bb","datePublished":"2021-07-21T11:57:57+00:00","dateModified":"2021-07-21T20:22:20+00:00","mainEntityOfPage":{"@id":"https:\/\/dicodusport.fr\/blog\/andre-pierre-gignac-teji-savanier-cest-zizou\/"},"wordCount":248,"commentCount":0,"publisher":{"@id":"https:\/\/dicodusport.fr\/blog\/#organization"},"image":{"@id":"https:\/\/dicodusport.fr\/blog\/andre-pierre-gignac-teji-savanier-cest-zizou\/#primaryimage"},"thumbnailUrl":"https:\/\/dicodusport.fr\/blog\/wp-content\/uploads\/2021\/07\/Andre\u0301-Pierre-Gignac-Te\u0301ji-Savanier-cest-Zizou.png","keywords":["Andr\u00e9-Pierre Gignac","foot","Football","France","JO"],"articleSection":["Football","JO Tokyo 2020"],"inLanguage":"fr-FR","potentialAction":[{"@type":"CommentAction","name":"Comment","target":["https:\/\/dicodusport.fr\/blog\/andre-pierre-gignac-teji-savanier-cest-zizou\/#respond"]}],"copyrightYear":"2021","copyrightHolder":{"@id":"https:\/\/dicodusport.fr\/blog\/#organization"}},{"@type":"WebPage","@id":"https:\/\/dicodusport.fr\/blog\/andre-pierre-gignac-teji-savanier-cest-zizou\/","url":"https:\/\/dicodusport.fr\/blog\/andre-pierre-gignac-teji-savanier-cest-zizou\/","name":"Andr\u00e9-Pierre Gignac : \"T\u00e9ji Savanier, c'est Zizou\"","isPartOf":{"@id":"https:\/\/dicodusport.fr\/blog\/#website"},"primaryImageOfPage":{"@id":"https:\/\/dicodusport.fr\/blog\/andre-pierre-gignac-teji-savanier-cest-zizou\/#primaryimage"},"image":{"@id":"https:\/\/dicodusport.fr\/blog\/andre-pierre-gignac-teji-savanier-cest-zizou\/#primaryimage"},"thumbnailUrl":"https:\/\/dicodusport.fr\/blog\/wp-content\/uploads\/2021\/07\/Andre\u0301-Pierre-Gignac-Te\u0301ji-Savanier-cest-Zizou.png","datePublished":"2021-07-21T11:57:57+00:00","dateModified":"2021-07-21T20:22:20+00:00","description":"FOOTBALL - JO DE TOKYO - A la veille de leur entr\u00e9e en lice avec l'\u00e9quipe de France olympique, Andr\u00e9 Pierre-Gignac et Florian Thauvin se sont longuement confi\u00e9s \u00e0 nos confr\u00e8res de L'\u00c9quipe.\u00a0","breadcrumb":{"@id":"https:\/\/dicodusport.fr\/blog\/andre-pierre-gignac-teji-savanier-cest-zizou\/#breadcrumb"},"inLanguage":"fr-FR","potentialAction":[{"@type":"ReadAction","target":["https:\/\/dicodusport.fr\/blog\/andre-pierre-gignac-teji-savanier-cest-zizou\/"]}]},{"@type":"ImageObject","inLanguage":"fr-FR","@id":"https:\/\/dicodusport.fr\/blog\/andre-pierre-gignac-teji-savanier-cest-zizou\/#primaryimage","url":"https:\/\/dicodusport.fr\/blog\/wp-content\/uploads\/2021\/07\/Andre\u0301-Pierre-Gignac-Te\u0301ji-Savanier-cest-Zizou.png","contentUrl":"https:\/\/dicodusport.fr\/blog\/wp-content\/uploads\/2021\/07\/Andre\u0301-Pierre-Gignac-Te\u0301ji-Savanier-cest-Zizou.png","width":800,"height":445},{"@type":"BreadcrumbList","@id":"https:\/\/dicodusport.fr\/blog\/andre-pierre-gignac-teji-savanier-cest-zizou\/#breadcrumb","itemListElement":[{"@type":"ListItem","position":1,"name":"Accueil","item":"https:\/\/dicodusport.fr\/blog\/"},{"@type":"ListItem","position":2,"name":"Andr\u00e9-Pierre Gignac : \u00ab\u00a0T\u00e9ji Savanier, c&rsquo;est Zizou\u00a0\u00bb"}]},{"@type":"WebSite","@id":"https:\/\/dicodusport.fr\/blog\/#website","url":"https:\/\/dicodusport.fr\/blog\/","name":"Dicodusport","description":"L&#039;encyclop\u00e9die de l&#039;actualit\u00e9 sportive","publisher":{"@id":"https:\/\/dicodusport.fr\/blog\/#organization"},"potentialAction":[{"@type":"SearchAction","target":{"@type":"EntryPoint","urlTemplate":"https:\/\/dicodusport.fr\/blog\/?s={search_term_string}"},"query-input":{"@type":"PropertyValueSpecification","valueRequired":true,"valueName":"search_term_string"}}],"inLanguage":"fr-FR"},{"@type":"NewsMediaOrganization","@id":"https:\/\/dicodusport.fr\/blog\/#organization","name":"Dicodusport","url":"https:\/\/dicodusport.fr\/blog\/","logo":{"@type":"ImageObject","inLanguage":"fr-FR","@id":"https:\/\/dicodusport.fr\/blog\/#\/schema\/logo\/image\/","url":"https:\/\/dicodusport.fr\/blog\/wp-content\/uploads\/2020\/06\/cropped-LOGO-DICODUSPORT-2020-SANS-FOND-SANS-TEXTE.png","contentUrl":"https:\/\/dicodusport.fr\/blog\/wp-content\/uploads\/2020\/06\/cropped-LOGO-DICODUSPORT-2020-SANS-FOND-SANS-TEXTE.png","width":512,"height":512,"caption":"Dicodusport"},"image":{"@id":"https:\/\/dicodusport.fr\/blog\/#\/schema\/logo\/image\/"},"sameAs":["https:\/\/www.facebook.com\/dicodusport","https:\/\/x.com\/dicodusport","https:\/\/www.instagram.com\/dicodusport\/","https:\/\/www.youtube.com\/channel\/UC7V2KZ5sd3htJivAbA4ZG3w"],"description":"Dicodusport est l'encyclop\u00e9die de l'actualit\u00e9 sportive.","email":"bonjour@dicodusport.fr","legalName":"DICODUSPORT","foundingDate":"2018-01-14","vatID":"FR71834470973","taxID":"83447097300043","numberOfEmployees":{"@type":"QuantitativeValue","minValue":"1","maxValue":"10"}},{"@type":"Person","@id":"https:\/\/dicodusport.fr\/blog\/#\/schema\/person\/55dcb50ad410894e431ed812bbb70191","name":"Nicolas Jacquemard","image":{"@type":"ImageObject","inLanguage":"fr-FR","@id":"https:\/\/dicodusport.fr\/blog\/#\/schema\/person\/image\/","url":"https:\/\/dicodusport.fr\/blog\/wp-content\/uploads\/2021\/05\/Nicolas-Jacquemard-150x150.jpeg","contentUrl":"https:\/\/dicodusport.fr\/blog\/wp-content\/uploads\/2021\/05\/Nicolas-Jacquemard-150x150.jpeg","caption":"Nicolas Jacquemard"},"description":"Passionn\u00e9 de sport et entrepreneur depuis mes 18 ans, la cr\u00e9ation de Dicodusport m'a sembl\u00e9 \u00e9vidente pour participer \u00e0 la m\u00e9diatisation d'un plus grand nombre de sports. Le chemin est long mais avec une \u00e9quipe des plus motiv\u00e9es et les Jeux Olympiques de Paris 2024 en point de mire, nous y arriverons ! Journaliste dans le monde du sport depuis plus de 5 ans, je traite aussi bien de football, de rugby, de biathlon que de cyclisme.","sameAs":["https:\/\/www.facebook.com\/dicodusport","https:\/\/x.com\/https:\/\/twitter.com\/Nico_Jacquemard"],"url":"https:\/\/dicodusport.fr\/blog\/author\/dicodusport\/"}]}},"_links":{"self":[{"href":"https:\/\/dicodusport.fr\/blog\/wp-json\/wp\/v2\/posts\/148226","targetHints":{"allow":["GET"]}}],"collection":[{"href":"https:\/\/dicodusport.fr\/blog\/wp-json\/wp\/v2\/posts"}],"about":[{"href":"https:\/\/dicodusport.fr\/blog\/wp-json\/wp\/v2\/types\/post"}],"author":[{"embeddable":true,"href":"https:\/\/dicodusport.fr\/blog\/wp-json\/wp\/v2\/users\/1"}],"replies":[{"embeddable":true,"href":"https:\/\/dicodusport.fr\/blog\/wp-json\/wp\/v2\/comments?post=148226"}],"version-history":[{"count":0,"href":"https:\/\/dicodusport.fr\/blog\/wp-json\/wp\/v2\/posts\/148226\/revisions"}],"wp:featuredmedia":[{"embeddable":true,"href":"https:\/\/dicodusport.fr\/blog\/wp-json\/wp\/v2\/media\/148232"}],"wp:attachment":[{"href":"https:\/\/dicodusport.fr\/blog\/wp-json\/wp\/v2\/media?parent=148226"}],"wp:term":[{"taxonomy":"category","embeddable":true,"href":"https:\/\/dicodusport.fr\/blog\/wp-json\/wp\/v2\/categories?post=148226"},{"taxonomy":"post_tag","embeddable":true,"href":"https:\/\/dicodusport.fr\/blog\/wp-json\/wp\/v2\/tags?post=148226"}],"curies":[{"name":"wp","href":"https:\/\/api.w.org\/{rel}","templated":true}]}}