{"id":14830,"date":"2018-03-19T16:30:25","date_gmt":"2018-03-19T15:30:25","guid":{"rendered":"http:\/\/dicodusport.fr\/blog\/?p=14830"},"modified":"2018-03-19T16:19:45","modified_gmt":"2018-03-19T15:19:45","slug":"lavenir-grenoblois-est-dans-le-pre-24-retour-a-la-competition-ce-week-end","status":"publish","type":"post","link":"https:\/\/dicodusport.fr\/blog\/lavenir-grenoblois-est-dans-le-pre-24-retour-a-la-competition-ce-week-end\/","title":{"rendered":"L&rsquo;avenir grenoblois est dans le pr\u00e9 #24 : retour \u00e0 la comp\u00e9tition ce week-end"},"content":{"rendered":"<p style=\"text-align: justify;\"><strong><em>Chaque semaine la section\u00a0<span style=\"color: #0000ff;\"><a style=\"color: #0000ff;\" href=\"http:\/\/dicodusport.fr\/blog\/fc-grenoble-rugby-espoirs\/\">espoirs du FC Grenoble rugby<\/a><\/span>\u00a0viendra vous parler de son actualit\u00e9, de ses entra\u00eenements ou encore de ses matchs dans sa chronique \u00ab\u00a0<span style=\"color: #0000ff;\"><a style=\"color: #0000ff;\" href=\"https:\/\/dicodusport.fr\/blog\/avenir-grenoblois-pre-toutes-semaines-dicodusport-fr\/\" target=\"_blank\" rel=\"noopener noreferrer\">L&rsquo;avenir grenoblois est dans le pr\u00e9<\/a>\u00a0<span style=\"color: #000000;\">\u00bb<\/span><\/span>. Pour ce\u00a0nouvel \u00e9pisode, Kalou Dejoux<span style=\"color: #000000;\">\u00a0<\/span>revient sur la semaine d&rsquo;entra\u00eenement \u00e0 quelques jours de la reprise de la comp\u00e9tition et se pr\u00eate au jeu de l&rsquo;interview dilemme.\u00a0<\/em><\/strong><\/p>\n<h4 style=\"text-align: justify;\"><span style=\"color: #000000;\"><span style=\"color: #0051a3;\">&#x2714;\u00a0<\/span><\/span><span style=\"color: #000000;\">Notre\u00a0semaine d&rsquo;entra\u00eenement<\/span><\/h4>\n<p style=\"text-align: justify;\">Lundi, nous avons fait un entra\u00eenement collectif bas\u00e9 sur la d\u00e9fense avec du contact et de l&rsquo;engagement physique. Nous avons travaill\u00e9 la communication, le placement ou encore la technique de plaquage. Mardi, nous avons fait une s\u00e9ance de rugby <em>\u00ab fusion \u00bb,<\/em> ce sont des ateliers divers pour travailler la condition physique. Jeudi, nous aurions d\u00fb faire une activit\u00e9 luge + repas tous ensemble ensuite mais \u00e0 cause du temps, cela a \u00e9t\u00e9 annul\u00e9. Les entraineurs nous ont laiss\u00e9s\u00a0au repos du coup. Vendredi, nous avons fait une s\u00e9ance en s\u00e9parant les avants et les trois-quarts. Pour notre part, nous avons travaill\u00e9 de nouvelles combinaisons et ensuite nous avons fait des exercices en mouvement sans opposition. Globalement, la semaine a \u00e9t\u00e9 un peu compliqu\u00e9e car nous \u00e9tions peu \u00e0 l&rsquo;entrainement entre les joueurs qui s&rsquo;entrainent avec les pros et ceux malades. Les entraineurs nous ont un peu secou\u00e9s vendredi pour qu&rsquo;on se remobilise et qu&rsquo;on soit pr\u00eats pour le match contre le LOU ce week-end.<\/p>\n<h4 style=\"text-align: justify;\"><span style=\"color: #000000;\"><span style=\"color: #0051a3;\">&#x2714;\u00a0<\/span><\/span><span style=\"color: #000000;\">\u00ab\u00a0Interview dilemme\u00a0\u00bb avec Kalou Dejoux<\/span><\/h4>\n<p style=\"text-align: justify;\"><strong>Essai de 80 m\u00e8tres en solitaire ou \u00e0 la conclusion d&rsquo;un essai collectif ?<\/strong><br \/>\nEssai de 80 m\u00e8tres en solitaire<\/p>\n<p style=\"text-align: justify;\"><strong>Crochet ou percussion frontale ?<\/strong><br \/>\nCrochet<\/p>\n<p style=\"text-align: justify;\"><strong>Vakatawa ou Raka ?<\/strong><br \/>\nVakatawa<\/p>\n<p style=\"text-align: justify;\"><strong>Bastareaud ou Fofana ?<\/strong><br \/>\nFofana<\/p>\n<p style=\"text-align: justify;\"><strong>Top 14 ou Coupe d\u2019Europe ?<\/strong><br \/>\nTop 14<\/p>\n<p style=\"text-align: justify;\"><strong>Fourcade ou Riner ?<\/strong><br \/>\nFourcade<\/p>\n<p style=\"text-align: justify;\"><strong>Th\u00e9 ou caf\u00e9 ?<\/strong><br \/>\nTh\u00e9<\/p>\n<p><strong><em>FC Grenoble Rugby Espoirs<\/em><br \/>\n<a style=\"color: #000000;\" href=\"https:\/\/www.facebook.com\/fcgEspoirs\/\" target=\"_blank\" rel=\"noopener noreferrer\"><img loading=\"lazy\" decoding=\"async\" class=\"alignnone wp-image-2909\" src=\"http:\/\/dicodusport.fr\/blog\/wp-content\/uploads\/2017\/07\/logo-facebook-150x150.png\" alt=\"\" width=\"40\" height=\"40\" \/><\/a><\/strong><\/p>\n","protected":false},"excerpt":{"rendered":"<p>Pour ce nouvel \u00e9pisode de \u00ab\u00a0L&rsquo;avenir grenoblois est dans le pr\u00e9\u00a0\u00bb, Kalou Dejoux revient sur la semaine d&rsquo;entra\u00eenement \u00e0 quelques jours de la reprise de la comp\u00e9tition et se pr\u00eate au jeu de l&rsquo;interview dilemme. <\/p>\n","protected":false},"author":1,"featured_media":14834,"comment_status":"open","ping_status":"closed","sticky":false,"template":"","format":"standard","meta":{"_acf_changed":false,"_daextam_enable_autolinks":"","footnotes":""},"categories":[2016,2303],"tags":[2104,2073,2074,1947],"class_list":["post-14830","post","type-post","status-publish","format-standard","has-post-thumbnail","hentry","category-nos-champions","category-rugby","tag-fc-grenoble","tag-fcg","tag-fcg-espoirs","tag-grenoble-rugby"],"acf":[],"yoast_head":"<!-- This site is optimized with the Yoast SEO Premium plugin v26.7 (Yoast SEO v26.7) - https:\/\/yoast.com\/wordpress\/plugins\/seo\/ -->\n<title>L&#039;avenir grenoblois est dans le pr\u00e9 #24 : retour \u00e0 la comp\u00e9tition ce week-end<\/title>\n<meta name=\"description\" content=\"Pour ce nouvel \u00e9pisode de &quot;L&#039;avenir grenoblois est dans le pr\u00e9&quot;, Kalou Dejoux revient sur la semaine d&#039;entra\u00eenement \u00e0 quelques jours de la reprise de la comp\u00e9tition et se pr\u00eate au jeu de l&#039;interview dilemme.\" \/>\n<meta name=\"robots\" content=\"index, follow, max-snippet:-1, max-image-preview:large, max-video-preview:-1\" \/>\n<link rel=\"canonical\" href=\"https:\/\/dicodusport.fr\/blog\/lavenir-grenoblois-est-dans-le-pre-24-retour-a-la-competition-ce-week-end\/\" \/>\n<meta property=\"og:locale\" content=\"fr_FR\" \/>\n<meta property=\"og:type\" content=\"article\" \/>\n<meta property=\"og:title\" content=\"L&#039;avenir grenoblois est dans le pr\u00e9 #24 : retour \u00e0 la comp\u00e9tition ce week-end\" \/>\n<meta property=\"og:description\" content=\"Pour ce nouvel \u00e9pisode de &quot;L&#039;avenir grenoblois est dans le pr\u00e9&quot;, Kalou Dejoux revient sur la semaine d&#039;entra\u00eenement \u00e0 quelques jours de la reprise de la comp\u00e9tition et se pr\u00eate au jeu de l&#039;interview dilemme.\" \/>\n<meta property=\"og:url\" content=\"https:\/\/dicodusport.fr\/blog\/lavenir-grenoblois-est-dans-le-pre-24-retour-a-la-competition-ce-week-end\/\" \/>\n<meta property=\"og:site_name\" content=\"Dicodusport\" \/>\n<meta property=\"article:publisher\" content=\"https:\/\/www.facebook.com\/dicodusport\" \/>\n<meta property=\"article:author\" content=\"https:\/\/www.facebook.com\/dicodusport\" \/>\n<meta property=\"article:published_time\" content=\"2018-03-19T15:30:25+00:00\" \/>\n<meta property=\"og:image\" content=\"https:\/\/dicodusport.fr\/blog\/wp-content\/uploads\/2018\/03\/Kalou-Dejoux-FCG.png\" \/>\n\t<meta property=\"og:image:width\" content=\"800\" \/>\n\t<meta property=\"og:image:height\" content=\"445\" \/>\n\t<meta property=\"og:image:type\" content=\"image\/png\" \/>\n<meta name=\"author\" content=\"Nicolas Jacquemard\" \/>\n<meta name=\"twitter:card\" content=\"summary_large_image\" \/>\n<meta name=\"twitter:creator\" content=\"@https:\/\/twitter.com\/Nico_Jacquemard\" \/>\n<meta name=\"twitter:site\" content=\"@dicodusport\" \/>\n<script type=\"application\/ld+json\" class=\"yoast-schema-graph\">{\"@context\":\"https:\/\/schema.org\",\"@graph\":[{\"@type\":\"NewsArticle\",\"@id\":\"https:\/\/dicodusport.fr\/blog\/lavenir-grenoblois-est-dans-le-pre-24-retour-a-la-competition-ce-week-end\/#article\",\"isPartOf\":{\"@id\":\"https:\/\/dicodusport.fr\/blog\/lavenir-grenoblois-est-dans-le-pre-24-retour-a-la-competition-ce-week-end\/\"},\"author\":{\"name\":\"Nicolas Jacquemard\",\"@id\":\"https:\/\/dicodusport.fr\/blog\/#\/schema\/person\/55dcb50ad410894e431ed812bbb70191\"},\"headline\":\"L&rsquo;avenir grenoblois est dans le pr\u00e9 #24 : retour \u00e0 la comp\u00e9tition ce week-end\",\"datePublished\":\"2018-03-19T15:30:25+00:00\",\"mainEntityOfPage\":{\"@id\":\"https:\/\/dicodusport.fr\/blog\/lavenir-grenoblois-est-dans-le-pre-24-retour-a-la-competition-ce-week-end\/\"},\"wordCount\":315,\"commentCount\":0,\"publisher\":{\"@id\":\"https:\/\/dicodusport.fr\/blog\/#organization\"},\"image\":{\"@id\":\"https:\/\/dicodusport.fr\/blog\/lavenir-grenoblois-est-dans-le-pre-24-retour-a-la-competition-ce-week-end\/#primaryimage\"},\"thumbnailUrl\":\"https:\/\/dicodusport.fr\/blog\/wp-content\/uploads\/2018\/03\/Kalou-Dejoux-FCG.png\",\"keywords\":[\"fc grenoble\",\"FCG\",\"FCG espoirs\",\"grenoble rugby\"],\"articleSection\":[\"Nos champions\",\"Rugby\"],\"inLanguage\":\"fr-FR\",\"potentialAction\":[{\"@type\":\"CommentAction\",\"name\":\"Comment\",\"target\":[\"https:\/\/dicodusport.fr\/blog\/lavenir-grenoblois-est-dans-le-pre-24-retour-a-la-competition-ce-week-end\/#respond\"]}],\"copyrightYear\":\"2018\",\"copyrightHolder\":{\"@id\":\"https:\/\/dicodusport.fr\/blog\/#organization\"}},{\"@type\":\"WebPage\",\"@id\":\"https:\/\/dicodusport.fr\/blog\/lavenir-grenoblois-est-dans-le-pre-24-retour-a-la-competition-ce-week-end\/\",\"url\":\"https:\/\/dicodusport.fr\/blog\/lavenir-grenoblois-est-dans-le-pre-24-retour-a-la-competition-ce-week-end\/\",\"name\":\"L'avenir grenoblois est dans le pr\u00e9 #24 : retour \u00e0 la comp\u00e9tition ce week-end\",\"isPartOf\":{\"@id\":\"https:\/\/dicodusport.fr\/blog\/#website\"},\"primaryImageOfPage\":{\"@id\":\"https:\/\/dicodusport.fr\/blog\/lavenir-grenoblois-est-dans-le-pre-24-retour-a-la-competition-ce-week-end\/#primaryimage\"},\"image\":{\"@id\":\"https:\/\/dicodusport.fr\/blog\/lavenir-grenoblois-est-dans-le-pre-24-retour-a-la-competition-ce-week-end\/#primaryimage\"},\"thumbnailUrl\":\"https:\/\/dicodusport.fr\/blog\/wp-content\/uploads\/2018\/03\/Kalou-Dejoux-FCG.png\",\"datePublished\":\"2018-03-19T15:30:25+00:00\",\"description\":\"Pour ce nouvel \u00e9pisode de \\\"L'avenir grenoblois est dans le pr\u00e9\\\", Kalou Dejoux revient sur la semaine d'entra\u00eenement \u00e0 quelques jours de la reprise de la comp\u00e9tition et se pr\u00eate au jeu de l'interview dilemme.\",\"breadcrumb\":{\"@id\":\"https:\/\/dicodusport.fr\/blog\/lavenir-grenoblois-est-dans-le-pre-24-retour-a-la-competition-ce-week-end\/#breadcrumb\"},\"inLanguage\":\"fr-FR\",\"potentialAction\":[{\"@type\":\"ReadAction\",\"target\":[\"https:\/\/dicodusport.fr\/blog\/lavenir-grenoblois-est-dans-le-pre-24-retour-a-la-competition-ce-week-end\/\"]}]},{\"@type\":\"ImageObject\",\"inLanguage\":\"fr-FR\",\"@id\":\"https:\/\/dicodusport.fr\/blog\/lavenir-grenoblois-est-dans-le-pre-24-retour-a-la-competition-ce-week-end\/#primaryimage\",\"url\":\"https:\/\/dicodusport.fr\/blog\/wp-content\/uploads\/2018\/03\/Kalou-Dejoux-FCG.png\",\"contentUrl\":\"https:\/\/dicodusport.fr\/blog\/wp-content\/uploads\/2018\/03\/Kalou-Dejoux-FCG.png\",\"width\":800,\"height\":445},{\"@type\":\"BreadcrumbList\",\"@id\":\"https:\/\/dicodusport.fr\/blog\/lavenir-grenoblois-est-dans-le-pre-24-retour-a-la-competition-ce-week-end\/#breadcrumb\",\"itemListElement\":[{\"@type\":\"ListItem\",\"position\":1,\"name\":\"Accueil\",\"item\":\"https:\/\/dicodusport.fr\/blog\/\"},{\"@type\":\"ListItem\",\"position\":2,\"name\":\"L&rsquo;avenir grenoblois est dans le pr\u00e9 #24 : retour \u00e0 la comp\u00e9tition ce week-end\"}]},{\"@type\":\"WebSite\",\"@id\":\"https:\/\/dicodusport.fr\/blog\/#website\",\"url\":\"https:\/\/dicodusport.fr\/blog\/\",\"name\":\"Dicodusport\",\"description\":\"L&#039;encyclop\u00e9die de l&#039;actualit\u00e9 sportive\",\"publisher\":{\"@id\":\"https:\/\/dicodusport.fr\/blog\/#organization\"},\"potentialAction\":[{\"@type\":\"SearchAction\",\"target\":{\"@type\":\"EntryPoint\",\"urlTemplate\":\"https:\/\/dicodusport.fr\/blog\/?s={search_term_string}\"},\"query-input\":{\"@type\":\"PropertyValueSpecification\",\"valueRequired\":true,\"valueName\":\"search_term_string\"}}],\"inLanguage\":\"fr-FR\"},{\"@type\":\"NewsMediaOrganization\",\"@id\":\"https:\/\/dicodusport.fr\/blog\/#organization\",\"name\":\"Dicodusport\",\"url\":\"https:\/\/dicodusport.fr\/blog\/\",\"logo\":{\"@type\":\"ImageObject\",\"inLanguage\":\"fr-FR\",\"@id\":\"https:\/\/dicodusport.fr\/blog\/#\/schema\/logo\/image\/\",\"url\":\"https:\/\/dicodusport.fr\/blog\/wp-content\/uploads\/2020\/06\/cropped-LOGO-DICODUSPORT-2020-SANS-FOND-SANS-TEXTE.png\",\"contentUrl\":\"https:\/\/dicodusport.fr\/blog\/wp-content\/uploads\/2020\/06\/cropped-LOGO-DICODUSPORT-2020-SANS-FOND-SANS-TEXTE.png\",\"width\":512,\"height\":512,\"caption\":\"Dicodusport\"},\"image\":{\"@id\":\"https:\/\/dicodusport.fr\/blog\/#\/schema\/logo\/image\/\"},\"sameAs\":[\"https:\/\/www.facebook.com\/dicodusport\",\"https:\/\/x.com\/dicodusport\",\"https:\/\/www.instagram.com\/dicodusport\/\",\"https:\/\/www.youtube.com\/channel\/UC7V2KZ5sd3htJivAbA4ZG3w\"],\"description\":\"Dicodusport est l'encyclop\u00e9die de l'actualit\u00e9 sportive.\",\"email\":\"bonjour@dicodusport.fr\",\"legalName\":\"DICODUSPORT\",\"foundingDate\":\"2018-01-14\",\"vatID\":\"FR71834470973\",\"taxID\":\"83447097300043\",\"numberOfEmployees\":{\"@type\":\"QuantitativeValue\",\"minValue\":\"1\",\"maxValue\":\"10\"}},{\"@type\":\"Person\",\"@id\":\"https:\/\/dicodusport.fr\/blog\/#\/schema\/person\/55dcb50ad410894e431ed812bbb70191\",\"name\":\"Nicolas Jacquemard\",\"image\":{\"@type\":\"ImageObject\",\"inLanguage\":\"fr-FR\",\"@id\":\"https:\/\/dicodusport.fr\/blog\/#\/schema\/person\/image\/\",\"url\":\"https:\/\/dicodusport.fr\/blog\/wp-content\/uploads\/2021\/05\/Nicolas-Jacquemard-150x150.jpeg\",\"contentUrl\":\"https:\/\/dicodusport.fr\/blog\/wp-content\/uploads\/2021\/05\/Nicolas-Jacquemard-150x150.jpeg\",\"caption\":\"Nicolas Jacquemard\"},\"description\":\"Passionn\u00e9 de sport et entrepreneur depuis mes 18 ans, la cr\u00e9ation de Dicodusport m'a sembl\u00e9 \u00e9vidente pour participer \u00e0 la m\u00e9diatisation d'un plus grand nombre de sports. Le chemin est long mais avec une \u00e9quipe des plus motiv\u00e9es et les Jeux Olympiques de Paris 2024 en point de mire, nous y arriverons ! Journaliste dans le monde du sport depuis plus de 5 ans, je traite aussi bien de football, de rugby, de biathlon que de cyclisme.\",\"sameAs\":[\"https:\/\/www.facebook.com\/dicodusport\",\"https:\/\/x.com\/https:\/\/twitter.com\/Nico_Jacquemard\"],\"url\":\"https:\/\/dicodusport.fr\/blog\/author\/dicodusport\/\"}]}<\/script>\n<!-- \/ Yoast SEO Premium plugin. -->","yoast_head_json":{"title":"L'avenir grenoblois est dans le pr\u00e9 #24 : retour \u00e0 la comp\u00e9tition ce week-end","description":"Pour ce nouvel \u00e9pisode de \"L'avenir grenoblois est dans le pr\u00e9\", Kalou Dejoux revient sur la semaine d'entra\u00eenement \u00e0 quelques jours de la reprise de la comp\u00e9tition et se pr\u00eate au jeu de l'interview dilemme.","robots":{"index":"index","follow":"follow","max-snippet":"max-snippet:-1","max-image-preview":"max-image-preview:large","max-video-preview":"max-video-preview:-1"},"canonical":"https:\/\/dicodusport.fr\/blog\/lavenir-grenoblois-est-dans-le-pre-24-retour-a-la-competition-ce-week-end\/","og_locale":"fr_FR","og_type":"article","og_title":"L'avenir grenoblois est dans le pr\u00e9 #24 : retour \u00e0 la comp\u00e9tition ce week-end","og_description":"Pour ce nouvel \u00e9pisode de \"L'avenir grenoblois est dans le pr\u00e9\", Kalou Dejoux revient sur la semaine d'entra\u00eenement \u00e0 quelques jours de la reprise de la comp\u00e9tition et se pr\u00eate au jeu de l'interview dilemme.","og_url":"https:\/\/dicodusport.fr\/blog\/lavenir-grenoblois-est-dans-le-pre-24-retour-a-la-competition-ce-week-end\/","og_site_name":"Dicodusport","article_publisher":"https:\/\/www.facebook.com\/dicodusport","article_author":"https:\/\/www.facebook.com\/dicodusport","article_published_time":"2018-03-19T15:30:25+00:00","og_image":[{"width":800,"height":445,"url":"https:\/\/dicodusport.fr\/blog\/wp-content\/uploads\/2018\/03\/Kalou-Dejoux-FCG.png","type":"image\/png"}],"author":"Nicolas Jacquemard","twitter_card":"summary_large_image","twitter_creator":"@https:\/\/twitter.com\/Nico_Jacquemard","twitter_site":"@dicodusport","schema":{"@context":"https:\/\/schema.org","@graph":[{"@type":"NewsArticle","@id":"https:\/\/dicodusport.fr\/blog\/lavenir-grenoblois-est-dans-le-pre-24-retour-a-la-competition-ce-week-end\/#article","isPartOf":{"@id":"https:\/\/dicodusport.fr\/blog\/lavenir-grenoblois-est-dans-le-pre-24-retour-a-la-competition-ce-week-end\/"},"author":{"name":"Nicolas Jacquemard","@id":"https:\/\/dicodusport.fr\/blog\/#\/schema\/person\/55dcb50ad410894e431ed812bbb70191"},"headline":"L&rsquo;avenir grenoblois est dans le pr\u00e9 #24 : retour \u00e0 la comp\u00e9tition ce week-end","datePublished":"2018-03-19T15:30:25+00:00","mainEntityOfPage":{"@id":"https:\/\/dicodusport.fr\/blog\/lavenir-grenoblois-est-dans-le-pre-24-retour-a-la-competition-ce-week-end\/"},"wordCount":315,"commentCount":0,"publisher":{"@id":"https:\/\/dicodusport.fr\/blog\/#organization"},"image":{"@id":"https:\/\/dicodusport.fr\/blog\/lavenir-grenoblois-est-dans-le-pre-24-retour-a-la-competition-ce-week-end\/#primaryimage"},"thumbnailUrl":"https:\/\/dicodusport.fr\/blog\/wp-content\/uploads\/2018\/03\/Kalou-Dejoux-FCG.png","keywords":["fc grenoble","FCG","FCG espoirs","grenoble rugby"],"articleSection":["Nos champions","Rugby"],"inLanguage":"fr-FR","potentialAction":[{"@type":"CommentAction","name":"Comment","target":["https:\/\/dicodusport.fr\/blog\/lavenir-grenoblois-est-dans-le-pre-24-retour-a-la-competition-ce-week-end\/#respond"]}],"copyrightYear":"2018","copyrightHolder":{"@id":"https:\/\/dicodusport.fr\/blog\/#organization"}},{"@type":"WebPage","@id":"https:\/\/dicodusport.fr\/blog\/lavenir-grenoblois-est-dans-le-pre-24-retour-a-la-competition-ce-week-end\/","url":"https:\/\/dicodusport.fr\/blog\/lavenir-grenoblois-est-dans-le-pre-24-retour-a-la-competition-ce-week-end\/","name":"L'avenir grenoblois est dans le pr\u00e9 #24 : retour \u00e0 la comp\u00e9tition ce week-end","isPartOf":{"@id":"https:\/\/dicodusport.fr\/blog\/#website"},"primaryImageOfPage":{"@id":"https:\/\/dicodusport.fr\/blog\/lavenir-grenoblois-est-dans-le-pre-24-retour-a-la-competition-ce-week-end\/#primaryimage"},"image":{"@id":"https:\/\/dicodusport.fr\/blog\/lavenir-grenoblois-est-dans-le-pre-24-retour-a-la-competition-ce-week-end\/#primaryimage"},"thumbnailUrl":"https:\/\/dicodusport.fr\/blog\/wp-content\/uploads\/2018\/03\/Kalou-Dejoux-FCG.png","datePublished":"2018-03-19T15:30:25+00:00","description":"Pour ce nouvel \u00e9pisode de \"L'avenir grenoblois est dans le pr\u00e9\", Kalou Dejoux revient sur la semaine d'entra\u00eenement \u00e0 quelques jours de la reprise de la comp\u00e9tition et se pr\u00eate au jeu de l'interview dilemme.","breadcrumb":{"@id":"https:\/\/dicodusport.fr\/blog\/lavenir-grenoblois-est-dans-le-pre-24-retour-a-la-competition-ce-week-end\/#breadcrumb"},"inLanguage":"fr-FR","potentialAction":[{"@type":"ReadAction","target":["https:\/\/dicodusport.fr\/blog\/lavenir-grenoblois-est-dans-le-pre-24-retour-a-la-competition-ce-week-end\/"]}]},{"@type":"ImageObject","inLanguage":"fr-FR","@id":"https:\/\/dicodusport.fr\/blog\/lavenir-grenoblois-est-dans-le-pre-24-retour-a-la-competition-ce-week-end\/#primaryimage","url":"https:\/\/dicodusport.fr\/blog\/wp-content\/uploads\/2018\/03\/Kalou-Dejoux-FCG.png","contentUrl":"https:\/\/dicodusport.fr\/blog\/wp-content\/uploads\/2018\/03\/Kalou-Dejoux-FCG.png","width":800,"height":445},{"@type":"BreadcrumbList","@id":"https:\/\/dicodusport.fr\/blog\/lavenir-grenoblois-est-dans-le-pre-24-retour-a-la-competition-ce-week-end\/#breadcrumb","itemListElement":[{"@type":"ListItem","position":1,"name":"Accueil","item":"https:\/\/dicodusport.fr\/blog\/"},{"@type":"ListItem","position":2,"name":"L&rsquo;avenir grenoblois est dans le pr\u00e9 #24 : retour \u00e0 la comp\u00e9tition ce week-end"}]},{"@type":"WebSite","@id":"https:\/\/dicodusport.fr\/blog\/#website","url":"https:\/\/dicodusport.fr\/blog\/","name":"Dicodusport","description":"L&#039;encyclop\u00e9die de l&#039;actualit\u00e9 sportive","publisher":{"@id":"https:\/\/dicodusport.fr\/blog\/#organization"},"potentialAction":[{"@type":"SearchAction","target":{"@type":"EntryPoint","urlTemplate":"https:\/\/dicodusport.fr\/blog\/?s={search_term_string}"},"query-input":{"@type":"PropertyValueSpecification","valueRequired":true,"valueName":"search_term_string"}}],"inLanguage":"fr-FR"},{"@type":"NewsMediaOrganization","@id":"https:\/\/dicodusport.fr\/blog\/#organization","name":"Dicodusport","url":"https:\/\/dicodusport.fr\/blog\/","logo":{"@type":"ImageObject","inLanguage":"fr-FR","@id":"https:\/\/dicodusport.fr\/blog\/#\/schema\/logo\/image\/","url":"https:\/\/dicodusport.fr\/blog\/wp-content\/uploads\/2020\/06\/cropped-LOGO-DICODUSPORT-2020-SANS-FOND-SANS-TEXTE.png","contentUrl":"https:\/\/dicodusport.fr\/blog\/wp-content\/uploads\/2020\/06\/cropped-LOGO-DICODUSPORT-2020-SANS-FOND-SANS-TEXTE.png","width":512,"height":512,"caption":"Dicodusport"},"image":{"@id":"https:\/\/dicodusport.fr\/blog\/#\/schema\/logo\/image\/"},"sameAs":["https:\/\/www.facebook.com\/dicodusport","https:\/\/x.com\/dicodusport","https:\/\/www.instagram.com\/dicodusport\/","https:\/\/www.youtube.com\/channel\/UC7V2KZ5sd3htJivAbA4ZG3w"],"description":"Dicodusport est l'encyclop\u00e9die de l'actualit\u00e9 sportive.","email":"bonjour@dicodusport.fr","legalName":"DICODUSPORT","foundingDate":"2018-01-14","vatID":"FR71834470973","taxID":"83447097300043","numberOfEmployees":{"@type":"QuantitativeValue","minValue":"1","maxValue":"10"}},{"@type":"Person","@id":"https:\/\/dicodusport.fr\/blog\/#\/schema\/person\/55dcb50ad410894e431ed812bbb70191","name":"Nicolas Jacquemard","image":{"@type":"ImageObject","inLanguage":"fr-FR","@id":"https:\/\/dicodusport.fr\/blog\/#\/schema\/person\/image\/","url":"https:\/\/dicodusport.fr\/blog\/wp-content\/uploads\/2021\/05\/Nicolas-Jacquemard-150x150.jpeg","contentUrl":"https:\/\/dicodusport.fr\/blog\/wp-content\/uploads\/2021\/05\/Nicolas-Jacquemard-150x150.jpeg","caption":"Nicolas Jacquemard"},"description":"Passionn\u00e9 de sport et entrepreneur depuis mes 18 ans, la cr\u00e9ation de Dicodusport m'a sembl\u00e9 \u00e9vidente pour participer \u00e0 la m\u00e9diatisation d'un plus grand nombre de sports. Le chemin est long mais avec une \u00e9quipe des plus motiv\u00e9es et les Jeux Olympiques de Paris 2024 en point de mire, nous y arriverons ! Journaliste dans le monde du sport depuis plus de 5 ans, je traite aussi bien de football, de rugby, de biathlon que de cyclisme.","sameAs":["https:\/\/www.facebook.com\/dicodusport","https:\/\/x.com\/https:\/\/twitter.com\/Nico_Jacquemard"],"url":"https:\/\/dicodusport.fr\/blog\/author\/dicodusport\/"}]}},"_links":{"self":[{"href":"https:\/\/dicodusport.fr\/blog\/wp-json\/wp\/v2\/posts\/14830","targetHints":{"allow":["GET"]}}],"collection":[{"href":"https:\/\/dicodusport.fr\/blog\/wp-json\/wp\/v2\/posts"}],"about":[{"href":"https:\/\/dicodusport.fr\/blog\/wp-json\/wp\/v2\/types\/post"}],"author":[{"embeddable":true,"href":"https:\/\/dicodusport.fr\/blog\/wp-json\/wp\/v2\/users\/1"}],"replies":[{"embeddable":true,"href":"https:\/\/dicodusport.fr\/blog\/wp-json\/wp\/v2\/comments?post=14830"}],"version-history":[{"count":0,"href":"https:\/\/dicodusport.fr\/blog\/wp-json\/wp\/v2\/posts\/14830\/revisions"}],"wp:featuredmedia":[{"embeddable":true,"href":"https:\/\/dicodusport.fr\/blog\/wp-json\/wp\/v2\/media\/14834"}],"wp:attachment":[{"href":"https:\/\/dicodusport.fr\/blog\/wp-json\/wp\/v2\/media?parent=14830"}],"wp:term":[{"taxonomy":"category","embeddable":true,"href":"https:\/\/dicodusport.fr\/blog\/wp-json\/wp\/v2\/categories?post=14830"},{"taxonomy":"post_tag","embeddable":true,"href":"https:\/\/dicodusport.fr\/blog\/wp-json\/wp\/v2\/tags?post=14830"}],"curies":[{"name":"wp","href":"https:\/\/api.w.org\/{rel}","templated":true}]}}