{"id":148432,"date":"2021-07-22T20:48:01","date_gmt":"2021-07-22T18:48:01","guid":{"rendered":"https:\/\/dicodusport.fr\/blog\/?p=148432&#038;preview=true&#038;preview_id=148432"},"modified":"2021-07-22T21:40:00","modified_gmt":"2021-07-22T19:40:00","slug":"jo-tokyo-2020-le-programme-des-francais-pour-le-23-juillet","status":"publish","type":"post","link":"https:\/\/dicodusport.fr\/blog\/jo-tokyo-2020-le-programme-des-francais-pour-le-23-juillet\/","title":{"rendered":"JO Tokyo 2020 : le programme des Fran\u00e7ais pour le 23 juillet"},"content":{"rendered":"<p style=\"text-align: justify;\"><strong><em><a href=\"https:\/\/dicodusport.fr\/blog\/jo-tokyo-2020\/\">JEUX OLYMPIQUES TOKYO 2020<\/a> &#8211; Chaque jour, de nombreux Tricolores seront en lice dans les diff\u00e9rentes \u00e9preuves des JO 2020. Voici le programme des Fran\u00e7ais pour le vendredi 23 juillet.<\/em><\/strong><\/p>\n<h2 style=\"text-align: justify;\">Les Fran\u00e7ais en lice le 23 juillet<\/h2>\n<p style=\"text-align: justify;\"><strong>2h00 &#8211; Tir \u00e0 l&rsquo;arc (femmes) :<\/strong> tour de classement avec Lisa Barbelin.<\/p>\n<p style=\"text-align: justify;\"><strong>3h30 &#8211; Aviron Deux de couple (hommes) :<\/strong> s\u00e9ries avec Matthieu Androdias \/ Hugo Boucheron.<\/p>\n<p style=\"text-align: justify;\"><strong>4h00 &#8211; Aviron Deux de couple (femmes) :<\/strong> s\u00e9ries avec H\u00e9l\u00e8ne Lefebvre \/ Elodie Ravera-Scaramozzino.<\/p>\n<p style=\"text-align: justify;\"><strong>5h00 &#8211; Aviron Quatre de couple (femmes) :<\/strong> s\u00e9ries avec Margaux Bailleul \/ Violaine Aernoudts \/ Marie Jacquet \/ Emma Lunatti.<\/p>\n<p style=\"text-align: justify;\"><strong>6h00 &#8211; Tir \u00e0 l&rsquo;arc (hommes) :<\/strong> tour de classement avec Jean-Charles Valladont, Thomas Chirault, Pierre Plihon.<\/p>\n<h2 style=\"text-align: justify;\"><strong>\u00c0 lire aussi<\/strong><\/h2>\n<ul>\n<li style=\"text-align: justify;\"><a href=\"https:\/\/dicodusport.fr\/blog\/jo-2020-le-programme-complet-des-jeux-olympiques-de-tokyo\/\"><strong>Le programme complet des Jeux Olympiques de Tokyo<\/strong><\/a><\/li>\n<\/ul>\n","protected":false},"excerpt":{"rendered":"<p>JEUX OLYMPIQUES TOKYO 2020 &#8211; Chaque jour, de nombreux Tricolores seront en lice dans les diff\u00e9rentes \u00e9preuves des JO 2020. Voici le programme des Fran\u00e7ais pour le vendredi 23 juillet.<\/p>\n","protected":false},"author":1,"featured_media":148604,"comment_status":"open","ping_status":"closed","sticky":false,"template":"","format":"standard","meta":{"_acf_changed":false,"_daextam_enable_autolinks":"","footnotes":""},"categories":[2309,8433,12731],"tags":[739],"class_list":["post-148432","post","type-post","status-publish","format-standard","has-post-thumbnail","hentry","category-aviron","category-jo-tokyo-2020","category-tir-a-l-arc","tag-aviron"],"acf":[],"yoast_head":"<!-- This site is optimized with the Yoast SEO Premium plugin v26.7 (Yoast SEO v26.7) - https:\/\/yoast.com\/wordpress\/plugins\/seo\/ -->\n<title>JO Tokyo 2020 : le programme des Fran\u00e7ais pour le 23 juillet<\/title>\n<meta name=\"description\" content=\"JEUX OLYMPIQUES TOKYO 2020 - Voici le programme des Fran\u00e7ais pour la journ\u00e9e du vendredi 23 juillet 2021.\" \/>\n<meta name=\"robots\" content=\"index, follow, max-snippet:-1, max-image-preview:large, max-video-preview:-1\" \/>\n<link rel=\"canonical\" href=\"https:\/\/dicodusport.fr\/blog\/jo-tokyo-2020-le-programme-des-francais-pour-le-23-juillet\/\" \/>\n<meta property=\"og:locale\" content=\"fr_FR\" \/>\n<meta property=\"og:type\" content=\"article\" \/>\n<meta property=\"og:title\" content=\"JO Tokyo 2020 : le programme des Fran\u00e7ais pour le 23 juillet\" \/>\n<meta property=\"og:description\" content=\"JEUX OLYMPIQUES TOKYO 2020 - Voici le programme des Fran\u00e7ais pour la journ\u00e9e du vendredi 23 juillet 2021.\" \/>\n<meta property=\"og:url\" content=\"https:\/\/dicodusport.fr\/blog\/jo-tokyo-2020-le-programme-des-francais-pour-le-23-juillet\/\" \/>\n<meta property=\"og:site_name\" content=\"Dicodusport\" \/>\n<meta property=\"article:publisher\" content=\"https:\/\/www.facebook.com\/dicodusport\" \/>\n<meta property=\"article:author\" content=\"https:\/\/www.facebook.com\/dicodusport\" \/>\n<meta property=\"article:published_time\" content=\"2021-07-22T18:48:01+00:00\" \/>\n<meta property=\"article:modified_time\" content=\"2021-07-22T19:40:00+00:00\" \/>\n<meta property=\"og:image\" content=\"https:\/\/dicodusport.fr\/blog\/wp-content\/uploads\/2021\/07\/JO-Tokyo-2020-le-programme-des-Francais-pour-le-23-juillet.png\" \/>\n\t<meta property=\"og:image:width\" content=\"800\" \/>\n\t<meta property=\"og:image:height\" content=\"445\" \/>\n\t<meta property=\"og:image:type\" content=\"image\/png\" \/>\n<meta name=\"author\" content=\"Nicolas Jacquemard\" \/>\n<meta name=\"twitter:card\" content=\"summary_large_image\" \/>\n<meta name=\"twitter:title\" content=\"JO Tokyo 2020 : le programme des Fran\u00e7ais pour le 23 juillet\" \/>\n<meta name=\"twitter:creator\" content=\"@https:\/\/twitter.com\/Nico_Jacquemard\" \/>\n<meta name=\"twitter:site\" content=\"@dicodusport\" \/>\n<script type=\"application\/ld+json\" class=\"yoast-schema-graph\">{\"@context\":\"https:\/\/schema.org\",\"@graph\":[{\"@type\":\"NewsArticle\",\"@id\":\"https:\/\/dicodusport.fr\/blog\/jo-tokyo-2020-le-programme-des-francais-pour-le-23-juillet\/#article\",\"isPartOf\":{\"@id\":\"https:\/\/dicodusport.fr\/blog\/jo-tokyo-2020-le-programme-des-francais-pour-le-23-juillet\/\"},\"author\":{\"name\":\"Nicolas Jacquemard\",\"@id\":\"https:\/\/dicodusport.fr\/blog\/#\/schema\/person\/55dcb50ad410894e431ed812bbb70191\"},\"headline\":\"JO Tokyo 2020 : le programme des Fran\u00e7ais pour le 23 juillet\",\"datePublished\":\"2021-07-22T18:48:01+00:00\",\"dateModified\":\"2021-07-22T19:40:00+00:00\",\"mainEntityOfPage\":{\"@id\":\"https:\/\/dicodusport.fr\/blog\/jo-tokyo-2020-le-programme-des-francais-pour-le-23-juillet\/\"},\"wordCount\":132,\"commentCount\":0,\"publisher\":{\"@id\":\"https:\/\/dicodusport.fr\/blog\/#organization\"},\"image\":{\"@id\":\"https:\/\/dicodusport.fr\/blog\/jo-tokyo-2020-le-programme-des-francais-pour-le-23-juillet\/#primaryimage\"},\"thumbnailUrl\":\"https:\/\/dicodusport.fr\/blog\/wp-content\/uploads\/2021\/07\/JO-Tokyo-2020-le-programme-des-Francais-pour-le-23-juillet.png\",\"keywords\":[\"aviron\"],\"articleSection\":[\"Aviron\",\"JO Tokyo 2020\",\"Tir \u00e0 l'arc\"],\"inLanguage\":\"fr-FR\",\"potentialAction\":[{\"@type\":\"CommentAction\",\"name\":\"Comment\",\"target\":[\"https:\/\/dicodusport.fr\/blog\/jo-tokyo-2020-le-programme-des-francais-pour-le-23-juillet\/#respond\"]}],\"copyrightYear\":\"2021\",\"copyrightHolder\":{\"@id\":\"https:\/\/dicodusport.fr\/blog\/#organization\"}},{\"@type\":\"WebPage\",\"@id\":\"https:\/\/dicodusport.fr\/blog\/jo-tokyo-2020-le-programme-des-francais-pour-le-23-juillet\/\",\"url\":\"https:\/\/dicodusport.fr\/blog\/jo-tokyo-2020-le-programme-des-francais-pour-le-23-juillet\/\",\"name\":\"JO Tokyo 2020 : le programme des Fran\u00e7ais pour le 23 juillet\",\"isPartOf\":{\"@id\":\"https:\/\/dicodusport.fr\/blog\/#website\"},\"primaryImageOfPage\":{\"@id\":\"https:\/\/dicodusport.fr\/blog\/jo-tokyo-2020-le-programme-des-francais-pour-le-23-juillet\/#primaryimage\"},\"image\":{\"@id\":\"https:\/\/dicodusport.fr\/blog\/jo-tokyo-2020-le-programme-des-francais-pour-le-23-juillet\/#primaryimage\"},\"thumbnailUrl\":\"https:\/\/dicodusport.fr\/blog\/wp-content\/uploads\/2021\/07\/JO-Tokyo-2020-le-programme-des-Francais-pour-le-23-juillet.png\",\"datePublished\":\"2021-07-22T18:48:01+00:00\",\"dateModified\":\"2021-07-22T19:40:00+00:00\",\"description\":\"JEUX OLYMPIQUES TOKYO 2020 - Voici le programme des Fran\u00e7ais pour la journ\u00e9e du vendredi 23 juillet 2021.\",\"breadcrumb\":{\"@id\":\"https:\/\/dicodusport.fr\/blog\/jo-tokyo-2020-le-programme-des-francais-pour-le-23-juillet\/#breadcrumb\"},\"inLanguage\":\"fr-FR\",\"potentialAction\":[{\"@type\":\"ReadAction\",\"target\":[\"https:\/\/dicodusport.fr\/blog\/jo-tokyo-2020-le-programme-des-francais-pour-le-23-juillet\/\"]}]},{\"@type\":\"ImageObject\",\"inLanguage\":\"fr-FR\",\"@id\":\"https:\/\/dicodusport.fr\/blog\/jo-tokyo-2020-le-programme-des-francais-pour-le-23-juillet\/#primaryimage\",\"url\":\"https:\/\/dicodusport.fr\/blog\/wp-content\/uploads\/2021\/07\/JO-Tokyo-2020-le-programme-des-Francais-pour-le-23-juillet.png\",\"contentUrl\":\"https:\/\/dicodusport.fr\/blog\/wp-content\/uploads\/2021\/07\/JO-Tokyo-2020-le-programme-des-Francais-pour-le-23-juillet.png\",\"width\":800,\"height\":445,\"caption\":\"JO Tokyo 2020 : le programme des Fran\u00e7ais pour le 23 juillet\"},{\"@type\":\"BreadcrumbList\",\"@id\":\"https:\/\/dicodusport.fr\/blog\/jo-tokyo-2020-le-programme-des-francais-pour-le-23-juillet\/#breadcrumb\",\"itemListElement\":[{\"@type\":\"ListItem\",\"position\":1,\"name\":\"Accueil\",\"item\":\"https:\/\/dicodusport.fr\/blog\/\"},{\"@type\":\"ListItem\",\"position\":2,\"name\":\"JO Tokyo 2020 : le programme des Fran\u00e7ais pour le 23 juillet\"}]},{\"@type\":\"WebSite\",\"@id\":\"https:\/\/dicodusport.fr\/blog\/#website\",\"url\":\"https:\/\/dicodusport.fr\/blog\/\",\"name\":\"Dicodusport\",\"description\":\"L&#039;encyclop\u00e9die de l&#039;actualit\u00e9 sportive\",\"publisher\":{\"@id\":\"https:\/\/dicodusport.fr\/blog\/#organization\"},\"potentialAction\":[{\"@type\":\"SearchAction\",\"target\":{\"@type\":\"EntryPoint\",\"urlTemplate\":\"https:\/\/dicodusport.fr\/blog\/?s={search_term_string}\"},\"query-input\":{\"@type\":\"PropertyValueSpecification\",\"valueRequired\":true,\"valueName\":\"search_term_string\"}}],\"inLanguage\":\"fr-FR\"},{\"@type\":\"NewsMediaOrganization\",\"@id\":\"https:\/\/dicodusport.fr\/blog\/#organization\",\"name\":\"Dicodusport\",\"url\":\"https:\/\/dicodusport.fr\/blog\/\",\"logo\":{\"@type\":\"ImageObject\",\"inLanguage\":\"fr-FR\",\"@id\":\"https:\/\/dicodusport.fr\/blog\/#\/schema\/logo\/image\/\",\"url\":\"https:\/\/dicodusport.fr\/blog\/wp-content\/uploads\/2020\/06\/cropped-LOGO-DICODUSPORT-2020-SANS-FOND-SANS-TEXTE.png\",\"contentUrl\":\"https:\/\/dicodusport.fr\/blog\/wp-content\/uploads\/2020\/06\/cropped-LOGO-DICODUSPORT-2020-SANS-FOND-SANS-TEXTE.png\",\"width\":512,\"height\":512,\"caption\":\"Dicodusport\"},\"image\":{\"@id\":\"https:\/\/dicodusport.fr\/blog\/#\/schema\/logo\/image\/\"},\"sameAs\":[\"https:\/\/www.facebook.com\/dicodusport\",\"https:\/\/x.com\/dicodusport\",\"https:\/\/www.instagram.com\/dicodusport\/\",\"https:\/\/www.youtube.com\/channel\/UC7V2KZ5sd3htJivAbA4ZG3w\"],\"description\":\"Dicodusport est l'encyclop\u00e9die de l'actualit\u00e9 sportive.\",\"email\":\"bonjour@dicodusport.fr\",\"legalName\":\"DICODUSPORT\",\"foundingDate\":\"2018-01-14\",\"vatID\":\"FR71834470973\",\"taxID\":\"83447097300043\",\"numberOfEmployees\":{\"@type\":\"QuantitativeValue\",\"minValue\":\"1\",\"maxValue\":\"10\"}},{\"@type\":\"Person\",\"@id\":\"https:\/\/dicodusport.fr\/blog\/#\/schema\/person\/55dcb50ad410894e431ed812bbb70191\",\"name\":\"Nicolas Jacquemard\",\"image\":{\"@type\":\"ImageObject\",\"inLanguage\":\"fr-FR\",\"@id\":\"https:\/\/dicodusport.fr\/blog\/#\/schema\/person\/image\/\",\"url\":\"https:\/\/dicodusport.fr\/blog\/wp-content\/uploads\/2021\/05\/Nicolas-Jacquemard-150x150.jpeg\",\"contentUrl\":\"https:\/\/dicodusport.fr\/blog\/wp-content\/uploads\/2021\/05\/Nicolas-Jacquemard-150x150.jpeg\",\"caption\":\"Nicolas Jacquemard\"},\"description\":\"Passionn\u00e9 de sport et entrepreneur depuis mes 18 ans, la cr\u00e9ation de Dicodusport m'a sembl\u00e9 \u00e9vidente pour participer \u00e0 la m\u00e9diatisation d'un plus grand nombre de sports. Le chemin est long mais avec une \u00e9quipe des plus motiv\u00e9es et les Jeux Olympiques de Paris 2024 en point de mire, nous y arriverons ! Journaliste dans le monde du sport depuis plus de 5 ans, je traite aussi bien de football, de rugby, de biathlon que de cyclisme.\",\"sameAs\":[\"https:\/\/www.facebook.com\/dicodusport\",\"https:\/\/x.com\/https:\/\/twitter.com\/Nico_Jacquemard\"],\"url\":\"https:\/\/dicodusport.fr\/blog\/author\/dicodusport\/\"}]}<\/script>\n<!-- \/ Yoast SEO Premium plugin. -->","yoast_head_json":{"title":"JO Tokyo 2020 : le programme des Fran\u00e7ais pour le 23 juillet","description":"JEUX OLYMPIQUES TOKYO 2020 - Voici le programme des Fran\u00e7ais pour la journ\u00e9e du vendredi 23 juillet 2021.","robots":{"index":"index","follow":"follow","max-snippet":"max-snippet:-1","max-image-preview":"max-image-preview:large","max-video-preview":"max-video-preview:-1"},"canonical":"https:\/\/dicodusport.fr\/blog\/jo-tokyo-2020-le-programme-des-francais-pour-le-23-juillet\/","og_locale":"fr_FR","og_type":"article","og_title":"JO Tokyo 2020 : le programme des Fran\u00e7ais pour le 23 juillet","og_description":"JEUX OLYMPIQUES TOKYO 2020 - Voici le programme des Fran\u00e7ais pour la journ\u00e9e du vendredi 23 juillet 2021.","og_url":"https:\/\/dicodusport.fr\/blog\/jo-tokyo-2020-le-programme-des-francais-pour-le-23-juillet\/","og_site_name":"Dicodusport","article_publisher":"https:\/\/www.facebook.com\/dicodusport","article_author":"https:\/\/www.facebook.com\/dicodusport","article_published_time":"2021-07-22T18:48:01+00:00","article_modified_time":"2021-07-22T19:40:00+00:00","og_image":[{"width":800,"height":445,"url":"https:\/\/dicodusport.fr\/blog\/wp-content\/uploads\/2021\/07\/JO-Tokyo-2020-le-programme-des-Francais-pour-le-23-juillet.png","type":"image\/png"}],"author":"Nicolas Jacquemard","twitter_card":"summary_large_image","twitter_title":"JO Tokyo 2020 : le programme des Fran\u00e7ais pour le 23 juillet","twitter_creator":"@https:\/\/twitter.com\/Nico_Jacquemard","twitter_site":"@dicodusport","schema":{"@context":"https:\/\/schema.org","@graph":[{"@type":"NewsArticle","@id":"https:\/\/dicodusport.fr\/blog\/jo-tokyo-2020-le-programme-des-francais-pour-le-23-juillet\/#article","isPartOf":{"@id":"https:\/\/dicodusport.fr\/blog\/jo-tokyo-2020-le-programme-des-francais-pour-le-23-juillet\/"},"author":{"name":"Nicolas Jacquemard","@id":"https:\/\/dicodusport.fr\/blog\/#\/schema\/person\/55dcb50ad410894e431ed812bbb70191"},"headline":"JO Tokyo 2020 : le programme des Fran\u00e7ais pour le 23 juillet","datePublished":"2021-07-22T18:48:01+00:00","dateModified":"2021-07-22T19:40:00+00:00","mainEntityOfPage":{"@id":"https:\/\/dicodusport.fr\/blog\/jo-tokyo-2020-le-programme-des-francais-pour-le-23-juillet\/"},"wordCount":132,"commentCount":0,"publisher":{"@id":"https:\/\/dicodusport.fr\/blog\/#organization"},"image":{"@id":"https:\/\/dicodusport.fr\/blog\/jo-tokyo-2020-le-programme-des-francais-pour-le-23-juillet\/#primaryimage"},"thumbnailUrl":"https:\/\/dicodusport.fr\/blog\/wp-content\/uploads\/2021\/07\/JO-Tokyo-2020-le-programme-des-Francais-pour-le-23-juillet.png","keywords":["aviron"],"articleSection":["Aviron","JO Tokyo 2020","Tir \u00e0 l'arc"],"inLanguage":"fr-FR","potentialAction":[{"@type":"CommentAction","name":"Comment","target":["https:\/\/dicodusport.fr\/blog\/jo-tokyo-2020-le-programme-des-francais-pour-le-23-juillet\/#respond"]}],"copyrightYear":"2021","copyrightHolder":{"@id":"https:\/\/dicodusport.fr\/blog\/#organization"}},{"@type":"WebPage","@id":"https:\/\/dicodusport.fr\/blog\/jo-tokyo-2020-le-programme-des-francais-pour-le-23-juillet\/","url":"https:\/\/dicodusport.fr\/blog\/jo-tokyo-2020-le-programme-des-francais-pour-le-23-juillet\/","name":"JO Tokyo 2020 : le programme des Fran\u00e7ais pour le 23 juillet","isPartOf":{"@id":"https:\/\/dicodusport.fr\/blog\/#website"},"primaryImageOfPage":{"@id":"https:\/\/dicodusport.fr\/blog\/jo-tokyo-2020-le-programme-des-francais-pour-le-23-juillet\/#primaryimage"},"image":{"@id":"https:\/\/dicodusport.fr\/blog\/jo-tokyo-2020-le-programme-des-francais-pour-le-23-juillet\/#primaryimage"},"thumbnailUrl":"https:\/\/dicodusport.fr\/blog\/wp-content\/uploads\/2021\/07\/JO-Tokyo-2020-le-programme-des-Francais-pour-le-23-juillet.png","datePublished":"2021-07-22T18:48:01+00:00","dateModified":"2021-07-22T19:40:00+00:00","description":"JEUX OLYMPIQUES TOKYO 2020 - Voici le programme des Fran\u00e7ais pour la journ\u00e9e du vendredi 23 juillet 2021.","breadcrumb":{"@id":"https:\/\/dicodusport.fr\/blog\/jo-tokyo-2020-le-programme-des-francais-pour-le-23-juillet\/#breadcrumb"},"inLanguage":"fr-FR","potentialAction":[{"@type":"ReadAction","target":["https:\/\/dicodusport.fr\/blog\/jo-tokyo-2020-le-programme-des-francais-pour-le-23-juillet\/"]}]},{"@type":"ImageObject","inLanguage":"fr-FR","@id":"https:\/\/dicodusport.fr\/blog\/jo-tokyo-2020-le-programme-des-francais-pour-le-23-juillet\/#primaryimage","url":"https:\/\/dicodusport.fr\/blog\/wp-content\/uploads\/2021\/07\/JO-Tokyo-2020-le-programme-des-Francais-pour-le-23-juillet.png","contentUrl":"https:\/\/dicodusport.fr\/blog\/wp-content\/uploads\/2021\/07\/JO-Tokyo-2020-le-programme-des-Francais-pour-le-23-juillet.png","width":800,"height":445,"caption":"JO Tokyo 2020 : le programme des Fran\u00e7ais pour le 23 juillet"},{"@type":"BreadcrumbList","@id":"https:\/\/dicodusport.fr\/blog\/jo-tokyo-2020-le-programme-des-francais-pour-le-23-juillet\/#breadcrumb","itemListElement":[{"@type":"ListItem","position":1,"name":"Accueil","item":"https:\/\/dicodusport.fr\/blog\/"},{"@type":"ListItem","position":2,"name":"JO Tokyo 2020 : le programme des Fran\u00e7ais pour le 23 juillet"}]},{"@type":"WebSite","@id":"https:\/\/dicodusport.fr\/blog\/#website","url":"https:\/\/dicodusport.fr\/blog\/","name":"Dicodusport","description":"L&#039;encyclop\u00e9die de l&#039;actualit\u00e9 sportive","publisher":{"@id":"https:\/\/dicodusport.fr\/blog\/#organization"},"potentialAction":[{"@type":"SearchAction","target":{"@type":"EntryPoint","urlTemplate":"https:\/\/dicodusport.fr\/blog\/?s={search_term_string}"},"query-input":{"@type":"PropertyValueSpecification","valueRequired":true,"valueName":"search_term_string"}}],"inLanguage":"fr-FR"},{"@type":"NewsMediaOrganization","@id":"https:\/\/dicodusport.fr\/blog\/#organization","name":"Dicodusport","url":"https:\/\/dicodusport.fr\/blog\/","logo":{"@type":"ImageObject","inLanguage":"fr-FR","@id":"https:\/\/dicodusport.fr\/blog\/#\/schema\/logo\/image\/","url":"https:\/\/dicodusport.fr\/blog\/wp-content\/uploads\/2020\/06\/cropped-LOGO-DICODUSPORT-2020-SANS-FOND-SANS-TEXTE.png","contentUrl":"https:\/\/dicodusport.fr\/blog\/wp-content\/uploads\/2020\/06\/cropped-LOGO-DICODUSPORT-2020-SANS-FOND-SANS-TEXTE.png","width":512,"height":512,"caption":"Dicodusport"},"image":{"@id":"https:\/\/dicodusport.fr\/blog\/#\/schema\/logo\/image\/"},"sameAs":["https:\/\/www.facebook.com\/dicodusport","https:\/\/x.com\/dicodusport","https:\/\/www.instagram.com\/dicodusport\/","https:\/\/www.youtube.com\/channel\/UC7V2KZ5sd3htJivAbA4ZG3w"],"description":"Dicodusport est l'encyclop\u00e9die de l'actualit\u00e9 sportive.","email":"bonjour@dicodusport.fr","legalName":"DICODUSPORT","foundingDate":"2018-01-14","vatID":"FR71834470973","taxID":"83447097300043","numberOfEmployees":{"@type":"QuantitativeValue","minValue":"1","maxValue":"10"}},{"@type":"Person","@id":"https:\/\/dicodusport.fr\/blog\/#\/schema\/person\/55dcb50ad410894e431ed812bbb70191","name":"Nicolas Jacquemard","image":{"@type":"ImageObject","inLanguage":"fr-FR","@id":"https:\/\/dicodusport.fr\/blog\/#\/schema\/person\/image\/","url":"https:\/\/dicodusport.fr\/blog\/wp-content\/uploads\/2021\/05\/Nicolas-Jacquemard-150x150.jpeg","contentUrl":"https:\/\/dicodusport.fr\/blog\/wp-content\/uploads\/2021\/05\/Nicolas-Jacquemard-150x150.jpeg","caption":"Nicolas Jacquemard"},"description":"Passionn\u00e9 de sport et entrepreneur depuis mes 18 ans, la cr\u00e9ation de Dicodusport m'a sembl\u00e9 \u00e9vidente pour participer \u00e0 la m\u00e9diatisation d'un plus grand nombre de sports. Le chemin est long mais avec une \u00e9quipe des plus motiv\u00e9es et les Jeux Olympiques de Paris 2024 en point de mire, nous y arriverons ! Journaliste dans le monde du sport depuis plus de 5 ans, je traite aussi bien de football, de rugby, de biathlon que de cyclisme.","sameAs":["https:\/\/www.facebook.com\/dicodusport","https:\/\/x.com\/https:\/\/twitter.com\/Nico_Jacquemard"],"url":"https:\/\/dicodusport.fr\/blog\/author\/dicodusport\/"}]}},"_links":{"self":[{"href":"https:\/\/dicodusport.fr\/blog\/wp-json\/wp\/v2\/posts\/148432","targetHints":{"allow":["GET"]}}],"collection":[{"href":"https:\/\/dicodusport.fr\/blog\/wp-json\/wp\/v2\/posts"}],"about":[{"href":"https:\/\/dicodusport.fr\/blog\/wp-json\/wp\/v2\/types\/post"}],"author":[{"embeddable":true,"href":"https:\/\/dicodusport.fr\/blog\/wp-json\/wp\/v2\/users\/1"}],"replies":[{"embeddable":true,"href":"https:\/\/dicodusport.fr\/blog\/wp-json\/wp\/v2\/comments?post=148432"}],"version-history":[{"count":0,"href":"https:\/\/dicodusport.fr\/blog\/wp-json\/wp\/v2\/posts\/148432\/revisions"}],"wp:featuredmedia":[{"embeddable":true,"href":"https:\/\/dicodusport.fr\/blog\/wp-json\/wp\/v2\/media\/148604"}],"wp:attachment":[{"href":"https:\/\/dicodusport.fr\/blog\/wp-json\/wp\/v2\/media?parent=148432"}],"wp:term":[{"taxonomy":"category","embeddable":true,"href":"https:\/\/dicodusport.fr\/blog\/wp-json\/wp\/v2\/categories?post=148432"},{"taxonomy":"post_tag","embeddable":true,"href":"https:\/\/dicodusport.fr\/blog\/wp-json\/wp\/v2\/tags?post=148432"}],"curies":[{"name":"wp","href":"https:\/\/api.w.org\/{rel}","templated":true}]}}