{"id":148567,"date":"2021-07-29T16:32:04","date_gmt":"2021-07-29T14:32:04","guid":{"rendered":"https:\/\/dicodusport.fr\/blog\/?p=148567"},"modified":"2021-07-29T16:32:04","modified_gmt":"2021-07-29T14:32:04","slug":"les-frenchies-de-tokyo-jean-quiquampoix-des-reves-dores","status":"publish","type":"post","link":"https:\/\/dicodusport.fr\/blog\/les-frenchies-de-tokyo-jean-quiquampoix-des-reves-dores\/","title":{"rendered":"Les Frenchies de Tokyo : Jean Quiquampoix, des r\u00eaves dor\u00e9s"},"content":{"rendered":"<p style=\"text-align: justify;\"><em><strong>JO DE TOKYO 2020 &#8211; TIR \u2013 A quelques jours du d\u00e9but de la comp\u00e9tition, Dicodusport vous pr\u00e9sente des athl\u00e8tes fran\u00e7ais qui arrivent \u00e0 Tokyo avec de grandes ambitions. Ici, focus sur le tireur sportif Jean Quiquampoix.<\/strong><\/em><\/p>\n<h2>De l&rsquo;apprentissage au top niveau, tout va tr\u00e8s vite<\/h2>\n<p style=\"text-align: justify;\"><strong>Jean Quiquampoix<\/strong> d\u00e9bute dans la discipline du tir au pistolet \u00e0 dix m\u00e8tres d\u00e8s ses neuf ans et s\u2019offre plusieurs podiums dans des comp\u00e9titions d\u00e9partementales et r\u00e9gionales. Mais il se convertit rapidement vers le pistolet 25 m\u00e8tres vitesse, \u00e9preuve qu\u2019il appr\u00e9cie pour sa vivacit\u00e9 et son caract\u00e8re ludique. A 15 ans, il remporte une m\u00e9daille de bronze lors de ses premiers championnats de France juniors, ce qui lui vaut d\u2019\u00eatre s\u00e9lectionn\u00e9 en \u00e9quipe de France dans sa cat\u00e9gorie. En 2012, il devient champion d\u2019Europe juniors. Alors qu\u2019il n\u2019a que 18 ans, il est int\u00e9gr\u00e9 \u00e0 l\u2019\u00e9quipe de France seniors. Il participe alors \u00e0 des \u00e9tapes de Coupe du monde et termine notamment 21\u00e8me \u00e0 Fort Benning, ce qui est une bonne performance pour un athl\u00e8te de son \u00e2ge.<\/p>\n<p style=\"text-align: justify;\">Cela reste malgr\u00e9 tout insuffisant pour rester en seniors et <strong>Jean Quiquampoix<\/strong> retourne chez les juniors pour acqu\u00e9rir un titre de champion du monde juniors \u00e0 Grenade. Ce sacre lui permet d\u2019int\u00e9grer pleinement le groupe seniors. Tout va alors tr\u00e8s vite pour le Parisien. Il dispute plusieurs manches de Coupe du monde avec l\u2019objectif de se qualifier pour les JO. Lors de la premi\u00e8re manche en avril 2015 \u00e0 Changwon, il remporte l\u2019or et obtient rapidement une place pour Rio, mais il ne s\u2019arr\u00eate pas en si bon chemin et se qualifie pour les finales de Coupe du monde, \u00e9preuve qui r\u00e9unit les dix meilleurs tireurs. <strong>Jean Quiquampoix<\/strong> remporte cette comp\u00e9tition et le globe de cristal. Il frappe un grand coup avec ce titre majeur.<\/p>\n<h2>Une m\u00e9daille d&rsquo;argent \u00e0 d\u00e9fendre&#8230; ou \u00e0 troquer pour l&rsquo;or ?<\/h2>\n<p style=\"text-align: justify;\">En 2016, il est de nouveau parmi les meilleurs athl\u00e8tes et se classe deuxi\u00e8me \u00e0 Munich en Coupe du monde. Il s\u2019offre une m\u00e9daille d\u2019argent aux JO, confirmant sa belle saison pr\u00e9c\u00e9dente. En revanche, il manque les finales de Coupe du monde, terminant \u00e0 une d\u00e9cevante huiti\u00e8me place. En 2017, il remporte l\u2019\u00e9tape de Munich avant de terminer septi\u00e8me au globe de cristal. L\u2019ann\u00e9e suivante, il ne peut se qualifier pour la finale de la Coupe du monde faute de r\u00e9sultats suffisants, mais valide son ticket pour Tokyo. En 2019, il est r\u00e9gulier avec deux troisi\u00e8mes, une quatri\u00e8me et une huiti\u00e8me position en Coupe du monde, mais ne parvient pas \u00e0 s&rsquo;imposer.<\/p>\n<p style=\"text-align: justify;\">Il termine finalement sur la troisi\u00e8me marche du podium \u00e0 l\u2019issue de la finale. <strong>Jean Quiquampoix<\/strong> r\u00e9ussit \u00e9galement \u00e0 prendre la seconde place aux Jeux Europ\u00e9ens \u00e0 Minsk. En 2020, il remporte l\u2019unique comp\u00e9tition de la saison, arr\u00eat\u00e9e en raison de la pand\u00e9mie de Covid-19 : le Grand Prix de Pologne. Avant de disputer les JO \u00e0 Tokyo, le Tricolore a parfaitement entam\u00e9 cette ann\u00e9e 2021 avec deux titres aux championnats d\u2019Europe, l\u2019un en individuel et l\u2019autre en \u00e9quipe. Il gagne \u00e9galement l\u2019\u00e9tape de la Coupe du monde \u00e0 Osijek et reste sur 100% de victoires cette saison. Il se pr\u00e9sente donc comme l\u2019un des grands favoris \u00e0 ces Jeux Olympiques.<\/p>\n<blockquote class=\"twitter-tweet\">\n<p dir=\"ltr\" lang=\"fr\">&#x1f413;&#x1f947;Qq jours avant de s&rsquo;envoler pour Tokyo et un beau partenariat pour le <a href=\"https:\/\/twitter.com\/hashtag\/MadeinFrance?src=hash&amp;ref_src=twsrc%5Etfw\">#MadeinFrance<\/a>. Le m\u00e9daill\u00e9 olympique et champion de tir <a href=\"https:\/\/twitter.com\/Jeanquiquampoix?ref_src=twsrc%5Etfw\">@Jeanquiquampoix<\/a> s&rsquo;engage \u00e0 nos c\u00f4t\u00e9s pour mettre en lumi\u00e8re la performance &#x1f1eb;&#x1f1f7; au sens large, sportive et \u00e9conomique &#x1f680;&#x1f447;<a href=\"https:\/\/t.co\/lMewcNiCQv\">https:\/\/t.co\/lMewcNiCQv<\/a> <a href=\"https:\/\/t.co\/P8WQertLhw\">pic.twitter.com\/P8WQertLhw<\/a><\/p>\n<p>\u2014 Fabuleuse French Fabrique (@FabFrenchFab) <a href=\"https:\/\/twitter.com\/FabFrenchFab\/status\/1408373906617012226?ref_src=twsrc%5Etfw\">June 25, 2021<\/a><\/p><\/blockquote>\n<p><script async src=\"https:\/\/platform.twitter.com\/widgets.js\" charset=\"utf-8\"><\/script><\/p>\n","protected":false},"excerpt":{"rendered":"<p>JO DE TOKYO 2020 &#8211; TIR \u2013 A quelques jours du d\u00e9but de la comp\u00e9tition, Dicodusport vous pr\u00e9sente des athl\u00e8tes fran\u00e7ais qui arrivent \u00e0 Tokyo avec de grandes ambitions. Ici, focus sur le tireur sportif Jean Quiquampoix.<\/p>\n","protected":false},"author":57,"featured_media":152312,"comment_status":"open","ping_status":"closed","sticky":false,"template":"","format":"standard","meta":{"_acf_changed":false,"_daextam_enable_autolinks":"","footnotes":""},"categories":[8433,16898],"tags":[18198,14754],"class_list":["post-148567","post","type-post","status-publish","format-standard","has-post-thumbnail","hentry","category-jo-tokyo-2020","category-tir","tag-jean-quiquampoix","tag-tir-sportif"],"acf":[],"yoast_head":"<!-- This site is optimized with the Yoast SEO Premium plugin v26.7 (Yoast SEO v26.7) - https:\/\/yoast.com\/wordpress\/plugins\/seo\/ -->\n<title>Les Frenchies de Tokyo : Jean Quiquampoix, des r\u00eaves dor\u00e9s<\/title>\n<meta name=\"description\" content=\"JO DE TOKYO 2020 \u2013 Dicodusport vous pr\u00e9sente des athl\u00e8tes fran\u00e7ais qui arrivent \u00e0 Tokyo. Zoom sur Jean Quiquampoix.\" \/>\n<meta name=\"robots\" content=\"index, follow, max-snippet:-1, max-image-preview:large, max-video-preview:-1\" \/>\n<link rel=\"canonical\" href=\"https:\/\/dicodusport.fr\/blog\/les-frenchies-de-tokyo-jean-quiquampoix-des-reves-dores\/\" \/>\n<meta property=\"og:locale\" content=\"fr_FR\" \/>\n<meta property=\"og:type\" content=\"article\" \/>\n<meta property=\"og:title\" content=\"Les Frenchies de Tokyo : Jean Quiquampoix, des r\u00eaves dor\u00e9s\" \/>\n<meta property=\"og:description\" content=\"JO DE TOKYO 2020 \u2013 Dicodusport vous pr\u00e9sente des athl\u00e8tes fran\u00e7ais qui arrivent \u00e0 Tokyo. Zoom sur Jean Quiquampoix.\" \/>\n<meta property=\"og:url\" content=\"https:\/\/dicodusport.fr\/blog\/les-frenchies-de-tokyo-jean-quiquampoix-des-reves-dores\/\" \/>\n<meta property=\"og:site_name\" content=\"Dicodusport\" \/>\n<meta property=\"article:publisher\" content=\"https:\/\/www.facebook.com\/dicodusport\" \/>\n<meta property=\"article:published_time\" content=\"2021-07-29T14:32:04+00:00\" \/>\n<meta property=\"og:image\" content=\"https:\/\/dicodusport.fr\/blog\/wp-content\/uploads\/2021\/07\/Les-Frenchies-de-Tokyo-Jean-Quiquampoix-des-reves-dores.png\" \/>\n\t<meta property=\"og:image:width\" content=\"800\" \/>\n\t<meta property=\"og:image:height\" content=\"445\" \/>\n\t<meta property=\"og:image:type\" content=\"image\/png\" \/>\n<meta name=\"author\" content=\"Vincent Soubab\u00e8re\" \/>\n<meta name=\"twitter:card\" content=\"summary_large_image\" \/>\n<meta name=\"twitter:creator\" content=\"@dicodusport\" \/>\n<meta name=\"twitter:site\" content=\"@dicodusport\" \/>\n<script type=\"application\/ld+json\" class=\"yoast-schema-graph\">{\"@context\":\"https:\/\/schema.org\",\"@graph\":[{\"@type\":\"NewsArticle\",\"@id\":\"https:\/\/dicodusport.fr\/blog\/les-frenchies-de-tokyo-jean-quiquampoix-des-reves-dores\/#article\",\"isPartOf\":{\"@id\":\"https:\/\/dicodusport.fr\/blog\/les-frenchies-de-tokyo-jean-quiquampoix-des-reves-dores\/\"},\"author\":{\"name\":\"Vincent Soubab\u00e8re\",\"@id\":\"https:\/\/dicodusport.fr\/blog\/#\/schema\/person\/ba9487b5b85f57eecfb00513e982c05b\"},\"headline\":\"Les Frenchies de Tokyo : Jean Quiquampoix, des r\u00eaves dor\u00e9s\",\"datePublished\":\"2021-07-29T14:32:04+00:00\",\"mainEntityOfPage\":{\"@id\":\"https:\/\/dicodusport.fr\/blog\/les-frenchies-de-tokyo-jean-quiquampoix-des-reves-dores\/\"},\"wordCount\":660,\"commentCount\":0,\"publisher\":{\"@id\":\"https:\/\/dicodusport.fr\/blog\/#organization\"},\"image\":{\"@id\":\"https:\/\/dicodusport.fr\/blog\/les-frenchies-de-tokyo-jean-quiquampoix-des-reves-dores\/#primaryimage\"},\"thumbnailUrl\":\"https:\/\/dicodusport.fr\/blog\/wp-content\/uploads\/2021\/07\/Les-Frenchies-de-Tokyo-Jean-Quiquampoix-des-reves-dores.png\",\"keywords\":[\"Jean Quiquampoix\",\"Tir sportif\"],\"articleSection\":[\"JO Tokyo 2020\",\"Tir\"],\"inLanguage\":\"fr-FR\",\"potentialAction\":[{\"@type\":\"CommentAction\",\"name\":\"Comment\",\"target\":[\"https:\/\/dicodusport.fr\/blog\/les-frenchies-de-tokyo-jean-quiquampoix-des-reves-dores\/#respond\"]}],\"copyrightYear\":\"2021\",\"copyrightHolder\":{\"@id\":\"https:\/\/dicodusport.fr\/blog\/#organization\"}},{\"@type\":\"WebPage\",\"@id\":\"https:\/\/dicodusport.fr\/blog\/les-frenchies-de-tokyo-jean-quiquampoix-des-reves-dores\/\",\"url\":\"https:\/\/dicodusport.fr\/blog\/les-frenchies-de-tokyo-jean-quiquampoix-des-reves-dores\/\",\"name\":\"Les Frenchies de Tokyo : Jean Quiquampoix, des r\u00eaves dor\u00e9s\",\"isPartOf\":{\"@id\":\"https:\/\/dicodusport.fr\/blog\/#website\"},\"primaryImageOfPage\":{\"@id\":\"https:\/\/dicodusport.fr\/blog\/les-frenchies-de-tokyo-jean-quiquampoix-des-reves-dores\/#primaryimage\"},\"image\":{\"@id\":\"https:\/\/dicodusport.fr\/blog\/les-frenchies-de-tokyo-jean-quiquampoix-des-reves-dores\/#primaryimage\"},\"thumbnailUrl\":\"https:\/\/dicodusport.fr\/blog\/wp-content\/uploads\/2021\/07\/Les-Frenchies-de-Tokyo-Jean-Quiquampoix-des-reves-dores.png\",\"datePublished\":\"2021-07-29T14:32:04+00:00\",\"description\":\"JO DE TOKYO 2020 \u2013 Dicodusport vous pr\u00e9sente des athl\u00e8tes fran\u00e7ais qui arrivent \u00e0 Tokyo. Zoom sur Jean Quiquampoix.\",\"breadcrumb\":{\"@id\":\"https:\/\/dicodusport.fr\/blog\/les-frenchies-de-tokyo-jean-quiquampoix-des-reves-dores\/#breadcrumb\"},\"inLanguage\":\"fr-FR\",\"potentialAction\":[{\"@type\":\"ReadAction\",\"target\":[\"https:\/\/dicodusport.fr\/blog\/les-frenchies-de-tokyo-jean-quiquampoix-des-reves-dores\/\"]}]},{\"@type\":\"ImageObject\",\"inLanguage\":\"fr-FR\",\"@id\":\"https:\/\/dicodusport.fr\/blog\/les-frenchies-de-tokyo-jean-quiquampoix-des-reves-dores\/#primaryimage\",\"url\":\"https:\/\/dicodusport.fr\/blog\/wp-content\/uploads\/2021\/07\/Les-Frenchies-de-Tokyo-Jean-Quiquampoix-des-reves-dores.png\",\"contentUrl\":\"https:\/\/dicodusport.fr\/blog\/wp-content\/uploads\/2021\/07\/Les-Frenchies-de-Tokyo-Jean-Quiquampoix-des-reves-dores.png\",\"width\":800,\"height\":445,\"caption\":\"Les Frenchies de Tokyo Jean Quiquampoix, des r\u00eaves dor\u00e9s\"},{\"@type\":\"BreadcrumbList\",\"@id\":\"https:\/\/dicodusport.fr\/blog\/les-frenchies-de-tokyo-jean-quiquampoix-des-reves-dores\/#breadcrumb\",\"itemListElement\":[{\"@type\":\"ListItem\",\"position\":1,\"name\":\"Accueil\",\"item\":\"https:\/\/dicodusport.fr\/blog\/\"},{\"@type\":\"ListItem\",\"position\":2,\"name\":\"Les Frenchies de Tokyo : Jean Quiquampoix, des r\u00eaves dor\u00e9s\"}]},{\"@type\":\"WebSite\",\"@id\":\"https:\/\/dicodusport.fr\/blog\/#website\",\"url\":\"https:\/\/dicodusport.fr\/blog\/\",\"name\":\"Dicodusport\",\"description\":\"L&#039;encyclop\u00e9die de l&#039;actualit\u00e9 sportive\",\"publisher\":{\"@id\":\"https:\/\/dicodusport.fr\/blog\/#organization\"},\"potentialAction\":[{\"@type\":\"SearchAction\",\"target\":{\"@type\":\"EntryPoint\",\"urlTemplate\":\"https:\/\/dicodusport.fr\/blog\/?s={search_term_string}\"},\"query-input\":{\"@type\":\"PropertyValueSpecification\",\"valueRequired\":true,\"valueName\":\"search_term_string\"}}],\"inLanguage\":\"fr-FR\"},{\"@type\":\"NewsMediaOrganization\",\"@id\":\"https:\/\/dicodusport.fr\/blog\/#organization\",\"name\":\"Dicodusport\",\"url\":\"https:\/\/dicodusport.fr\/blog\/\",\"logo\":{\"@type\":\"ImageObject\",\"inLanguage\":\"fr-FR\",\"@id\":\"https:\/\/dicodusport.fr\/blog\/#\/schema\/logo\/image\/\",\"url\":\"https:\/\/dicodusport.fr\/blog\/wp-content\/uploads\/2020\/06\/cropped-LOGO-DICODUSPORT-2020-SANS-FOND-SANS-TEXTE.png\",\"contentUrl\":\"https:\/\/dicodusport.fr\/blog\/wp-content\/uploads\/2020\/06\/cropped-LOGO-DICODUSPORT-2020-SANS-FOND-SANS-TEXTE.png\",\"width\":512,\"height\":512,\"caption\":\"Dicodusport\"},\"image\":{\"@id\":\"https:\/\/dicodusport.fr\/blog\/#\/schema\/logo\/image\/\"},\"sameAs\":[\"https:\/\/www.facebook.com\/dicodusport\",\"https:\/\/x.com\/dicodusport\",\"https:\/\/www.instagram.com\/dicodusport\/\",\"https:\/\/www.youtube.com\/channel\/UC7V2KZ5sd3htJivAbA4ZG3w\"],\"description\":\"Dicodusport est l'encyclop\u00e9die de l'actualit\u00e9 sportive.\",\"email\":\"bonjour@dicodusport.fr\",\"legalName\":\"DICODUSPORT\",\"foundingDate\":\"2018-01-14\",\"vatID\":\"FR71834470973\",\"taxID\":\"83447097300043\",\"numberOfEmployees\":{\"@type\":\"QuantitativeValue\",\"minValue\":\"1\",\"maxValue\":\"10\"}},{\"@type\":\"Person\",\"@id\":\"https:\/\/dicodusport.fr\/blog\/#\/schema\/person\/ba9487b5b85f57eecfb00513e982c05b\",\"name\":\"Vincent Soubab\u00e8re\",\"image\":{\"@type\":\"ImageObject\",\"inLanguage\":\"fr-FR\",\"@id\":\"https:\/\/dicodusport.fr\/blog\/#\/schema\/person\/image\/\",\"url\":\"https:\/\/dicodusport.fr\/blog\/wp-content\/uploads\/2021\/05\/Vincent-Soubabere-150x150.jpg\",\"contentUrl\":\"https:\/\/dicodusport.fr\/blog\/wp-content\/uploads\/2021\/05\/Vincent-Soubabere-150x150.jpg\",\"caption\":\"Vincent Soubab\u00e8re\"},\"description\":\"Journaliste\/r\u00e9dacteur depuis ao\u00fbt 2018 - Passionn\u00e9 de sport depuis tout petit, je me suis logiquement tourn\u00e9 vers le journalisme sportif depuis ao\u00fbt 2018. Grand supporter des Girondins, je suis aussi un fan de football. Je pratique le tennis et suis l'actualit\u00e9 de la petite balle jaune. En juillet, vous risquez de me croiser sur les routes du Tour.\",\"url\":\"https:\/\/dicodusport.fr\/blog\/author\/vincents\/\"}]}<\/script>\n<!-- \/ Yoast SEO Premium plugin. -->","yoast_head_json":{"title":"Les Frenchies de Tokyo : Jean Quiquampoix, des r\u00eaves dor\u00e9s","description":"JO DE TOKYO 2020 \u2013 Dicodusport vous pr\u00e9sente des athl\u00e8tes fran\u00e7ais qui arrivent \u00e0 Tokyo. Zoom sur Jean Quiquampoix.","robots":{"index":"index","follow":"follow","max-snippet":"max-snippet:-1","max-image-preview":"max-image-preview:large","max-video-preview":"max-video-preview:-1"},"canonical":"https:\/\/dicodusport.fr\/blog\/les-frenchies-de-tokyo-jean-quiquampoix-des-reves-dores\/","og_locale":"fr_FR","og_type":"article","og_title":"Les Frenchies de Tokyo : Jean Quiquampoix, des r\u00eaves dor\u00e9s","og_description":"JO DE TOKYO 2020 \u2013 Dicodusport vous pr\u00e9sente des athl\u00e8tes fran\u00e7ais qui arrivent \u00e0 Tokyo. Zoom sur Jean Quiquampoix.","og_url":"https:\/\/dicodusport.fr\/blog\/les-frenchies-de-tokyo-jean-quiquampoix-des-reves-dores\/","og_site_name":"Dicodusport","article_publisher":"https:\/\/www.facebook.com\/dicodusport","article_published_time":"2021-07-29T14:32:04+00:00","og_image":[{"width":800,"height":445,"url":"https:\/\/dicodusport.fr\/blog\/wp-content\/uploads\/2021\/07\/Les-Frenchies-de-Tokyo-Jean-Quiquampoix-des-reves-dores.png","type":"image\/png"}],"author":"Vincent Soubab\u00e8re","twitter_card":"summary_large_image","twitter_creator":"@dicodusport","twitter_site":"@dicodusport","schema":{"@context":"https:\/\/schema.org","@graph":[{"@type":"NewsArticle","@id":"https:\/\/dicodusport.fr\/blog\/les-frenchies-de-tokyo-jean-quiquampoix-des-reves-dores\/#article","isPartOf":{"@id":"https:\/\/dicodusport.fr\/blog\/les-frenchies-de-tokyo-jean-quiquampoix-des-reves-dores\/"},"author":{"name":"Vincent Soubab\u00e8re","@id":"https:\/\/dicodusport.fr\/blog\/#\/schema\/person\/ba9487b5b85f57eecfb00513e982c05b"},"headline":"Les Frenchies de Tokyo : Jean Quiquampoix, des r\u00eaves dor\u00e9s","datePublished":"2021-07-29T14:32:04+00:00","mainEntityOfPage":{"@id":"https:\/\/dicodusport.fr\/blog\/les-frenchies-de-tokyo-jean-quiquampoix-des-reves-dores\/"},"wordCount":660,"commentCount":0,"publisher":{"@id":"https:\/\/dicodusport.fr\/blog\/#organization"},"image":{"@id":"https:\/\/dicodusport.fr\/blog\/les-frenchies-de-tokyo-jean-quiquampoix-des-reves-dores\/#primaryimage"},"thumbnailUrl":"https:\/\/dicodusport.fr\/blog\/wp-content\/uploads\/2021\/07\/Les-Frenchies-de-Tokyo-Jean-Quiquampoix-des-reves-dores.png","keywords":["Jean Quiquampoix","Tir sportif"],"articleSection":["JO Tokyo 2020","Tir"],"inLanguage":"fr-FR","potentialAction":[{"@type":"CommentAction","name":"Comment","target":["https:\/\/dicodusport.fr\/blog\/les-frenchies-de-tokyo-jean-quiquampoix-des-reves-dores\/#respond"]}],"copyrightYear":"2021","copyrightHolder":{"@id":"https:\/\/dicodusport.fr\/blog\/#organization"}},{"@type":"WebPage","@id":"https:\/\/dicodusport.fr\/blog\/les-frenchies-de-tokyo-jean-quiquampoix-des-reves-dores\/","url":"https:\/\/dicodusport.fr\/blog\/les-frenchies-de-tokyo-jean-quiquampoix-des-reves-dores\/","name":"Les Frenchies de Tokyo : Jean Quiquampoix, des r\u00eaves dor\u00e9s","isPartOf":{"@id":"https:\/\/dicodusport.fr\/blog\/#website"},"primaryImageOfPage":{"@id":"https:\/\/dicodusport.fr\/blog\/les-frenchies-de-tokyo-jean-quiquampoix-des-reves-dores\/#primaryimage"},"image":{"@id":"https:\/\/dicodusport.fr\/blog\/les-frenchies-de-tokyo-jean-quiquampoix-des-reves-dores\/#primaryimage"},"thumbnailUrl":"https:\/\/dicodusport.fr\/blog\/wp-content\/uploads\/2021\/07\/Les-Frenchies-de-Tokyo-Jean-Quiquampoix-des-reves-dores.png","datePublished":"2021-07-29T14:32:04+00:00","description":"JO DE TOKYO 2020 \u2013 Dicodusport vous pr\u00e9sente des athl\u00e8tes fran\u00e7ais qui arrivent \u00e0 Tokyo. Zoom sur Jean Quiquampoix.","breadcrumb":{"@id":"https:\/\/dicodusport.fr\/blog\/les-frenchies-de-tokyo-jean-quiquampoix-des-reves-dores\/#breadcrumb"},"inLanguage":"fr-FR","potentialAction":[{"@type":"ReadAction","target":["https:\/\/dicodusport.fr\/blog\/les-frenchies-de-tokyo-jean-quiquampoix-des-reves-dores\/"]}]},{"@type":"ImageObject","inLanguage":"fr-FR","@id":"https:\/\/dicodusport.fr\/blog\/les-frenchies-de-tokyo-jean-quiquampoix-des-reves-dores\/#primaryimage","url":"https:\/\/dicodusport.fr\/blog\/wp-content\/uploads\/2021\/07\/Les-Frenchies-de-Tokyo-Jean-Quiquampoix-des-reves-dores.png","contentUrl":"https:\/\/dicodusport.fr\/blog\/wp-content\/uploads\/2021\/07\/Les-Frenchies-de-Tokyo-Jean-Quiquampoix-des-reves-dores.png","width":800,"height":445,"caption":"Les Frenchies de Tokyo Jean Quiquampoix, des r\u00eaves dor\u00e9s"},{"@type":"BreadcrumbList","@id":"https:\/\/dicodusport.fr\/blog\/les-frenchies-de-tokyo-jean-quiquampoix-des-reves-dores\/#breadcrumb","itemListElement":[{"@type":"ListItem","position":1,"name":"Accueil","item":"https:\/\/dicodusport.fr\/blog\/"},{"@type":"ListItem","position":2,"name":"Les Frenchies de Tokyo : Jean Quiquampoix, des r\u00eaves dor\u00e9s"}]},{"@type":"WebSite","@id":"https:\/\/dicodusport.fr\/blog\/#website","url":"https:\/\/dicodusport.fr\/blog\/","name":"Dicodusport","description":"L&#039;encyclop\u00e9die de l&#039;actualit\u00e9 sportive","publisher":{"@id":"https:\/\/dicodusport.fr\/blog\/#organization"},"potentialAction":[{"@type":"SearchAction","target":{"@type":"EntryPoint","urlTemplate":"https:\/\/dicodusport.fr\/blog\/?s={search_term_string}"},"query-input":{"@type":"PropertyValueSpecification","valueRequired":true,"valueName":"search_term_string"}}],"inLanguage":"fr-FR"},{"@type":"NewsMediaOrganization","@id":"https:\/\/dicodusport.fr\/blog\/#organization","name":"Dicodusport","url":"https:\/\/dicodusport.fr\/blog\/","logo":{"@type":"ImageObject","inLanguage":"fr-FR","@id":"https:\/\/dicodusport.fr\/blog\/#\/schema\/logo\/image\/","url":"https:\/\/dicodusport.fr\/blog\/wp-content\/uploads\/2020\/06\/cropped-LOGO-DICODUSPORT-2020-SANS-FOND-SANS-TEXTE.png","contentUrl":"https:\/\/dicodusport.fr\/blog\/wp-content\/uploads\/2020\/06\/cropped-LOGO-DICODUSPORT-2020-SANS-FOND-SANS-TEXTE.png","width":512,"height":512,"caption":"Dicodusport"},"image":{"@id":"https:\/\/dicodusport.fr\/blog\/#\/schema\/logo\/image\/"},"sameAs":["https:\/\/www.facebook.com\/dicodusport","https:\/\/x.com\/dicodusport","https:\/\/www.instagram.com\/dicodusport\/","https:\/\/www.youtube.com\/channel\/UC7V2KZ5sd3htJivAbA4ZG3w"],"description":"Dicodusport est l'encyclop\u00e9die de l'actualit\u00e9 sportive.","email":"bonjour@dicodusport.fr","legalName":"DICODUSPORT","foundingDate":"2018-01-14","vatID":"FR71834470973","taxID":"83447097300043","numberOfEmployees":{"@type":"QuantitativeValue","minValue":"1","maxValue":"10"}},{"@type":"Person","@id":"https:\/\/dicodusport.fr\/blog\/#\/schema\/person\/ba9487b5b85f57eecfb00513e982c05b","name":"Vincent Soubab\u00e8re","image":{"@type":"ImageObject","inLanguage":"fr-FR","@id":"https:\/\/dicodusport.fr\/blog\/#\/schema\/person\/image\/","url":"https:\/\/dicodusport.fr\/blog\/wp-content\/uploads\/2021\/05\/Vincent-Soubabere-150x150.jpg","contentUrl":"https:\/\/dicodusport.fr\/blog\/wp-content\/uploads\/2021\/05\/Vincent-Soubabere-150x150.jpg","caption":"Vincent Soubab\u00e8re"},"description":"Journaliste\/r\u00e9dacteur depuis ao\u00fbt 2018 - Passionn\u00e9 de sport depuis tout petit, je me suis logiquement tourn\u00e9 vers le journalisme sportif depuis ao\u00fbt 2018. Grand supporter des Girondins, je suis aussi un fan de football. Je pratique le tennis et suis l'actualit\u00e9 de la petite balle jaune. En juillet, vous risquez de me croiser sur les routes du Tour.","url":"https:\/\/dicodusport.fr\/blog\/author\/vincents\/"}]}},"_links":{"self":[{"href":"https:\/\/dicodusport.fr\/blog\/wp-json\/wp\/v2\/posts\/148567","targetHints":{"allow":["GET"]}}],"collection":[{"href":"https:\/\/dicodusport.fr\/blog\/wp-json\/wp\/v2\/posts"}],"about":[{"href":"https:\/\/dicodusport.fr\/blog\/wp-json\/wp\/v2\/types\/post"}],"author":[{"embeddable":true,"href":"https:\/\/dicodusport.fr\/blog\/wp-json\/wp\/v2\/users\/57"}],"replies":[{"embeddable":true,"href":"https:\/\/dicodusport.fr\/blog\/wp-json\/wp\/v2\/comments?post=148567"}],"version-history":[{"count":0,"href":"https:\/\/dicodusport.fr\/blog\/wp-json\/wp\/v2\/posts\/148567\/revisions"}],"wp:featuredmedia":[{"embeddable":true,"href":"https:\/\/dicodusport.fr\/blog\/wp-json\/wp\/v2\/media\/152312"}],"wp:attachment":[{"href":"https:\/\/dicodusport.fr\/blog\/wp-json\/wp\/v2\/media?parent=148567"}],"wp:term":[{"taxonomy":"category","embeddable":true,"href":"https:\/\/dicodusport.fr\/blog\/wp-json\/wp\/v2\/categories?post=148567"},{"taxonomy":"post_tag","embeddable":true,"href":"https:\/\/dicodusport.fr\/blog\/wp-json\/wp\/v2\/tags?post=148567"}],"curies":[{"name":"wp","href":"https:\/\/api.w.org\/{rel}","templated":true}]}}