{"id":148572,"date":"2021-07-22T19:30:19","date_gmt":"2021-07-22T17:30:19","guid":{"rendered":"https:\/\/dicodusport.fr\/blog\/?p=148572&#038;preview=true&#038;preview_id=148572"},"modified":"2021-07-22T19:41:57","modified_gmt":"2021-07-22T17:41:57","slug":"christian-eriksen-interdit-de-rejouer-en-italie","status":"publish","type":"post","link":"https:\/\/dicodusport.fr\/blog\/christian-eriksen-interdit-de-rejouer-en-italie\/","title":{"rendered":"Christian Eriksen interdit de rejouer en Italie ?"},"content":{"rendered":"<p style=\"text-align: justify;\"><strong><em>FOOTBALL &#8211; Apr\u00e8s son grave malaise cardiaque il y a quelques semaines lors de l&rsquo;Euro 2020, Christian Eriksen va mieux. Mais le Danois pourrait \u00eatre interdit de reprendre le football en Italie.\u00a0<\/em><\/strong><\/p>\n<p style=\"text-align: justify;\">Pour l&rsquo;instant, le joueur danois n&rsquo;a pas communiqu\u00e9 sur sa volont\u00e9, et surtout sa possibilit\u00e9 ou non de rejouer au football. Mais s&rsquo;il voulait reprendre, cela ne devrait pas pouvoir \u00eatre en Italie. La F\u00e9d\u00e9ration italienne interdit la pratique du football professionnel \u00e0 un joueur ayant un d\u00e9fibrillateur sous cutan\u00e9, <strong>Christian Eriksen<\/strong> s&rsquo;en est fait poser un apr\u00e8s son malaise cardiaque.<\/p>\n<p style=\"text-align: justify;\">Francesco Braconaro, m\u00e9decin de la F\u00e9d\u00e9ration italienne de football, a expliqu\u00e9 sur la radio <em>Kiss Kiss<\/em> au sujet de <strong>Christian Eriksen<\/strong> :<\/p>\n<blockquote>\n<p style=\"text-align: justify;\">En Italie, nous avons des directives tr\u00e8s conservatrices concernant la sant\u00e9 des joueurs. Ici, Eriksen ne peut pas \u00eatre \u00e9ligible. Si la pathologie est r\u00e9solue et que le d\u00e9fibrillateur est retir\u00e9, alors il pourra retourner \u00e0 l&rsquo;Inter.<\/p>\n<\/blockquote>\n<blockquote class=\"twitter-tweet\">\n<p dir=\"ltr\" lang=\"it\" style=\"text-align: justify;\">Vaccinarsi \u00e8 un atto d&rsquo;amore. In Italia abbiamo linee guida molto conservative per quel che riguarda la salute dei calciatori. Da noi Eriksen non pu\u00f2 avere l&rsquo;idoneit\u00e0. Se al calciatore verr\u00e0 rimosso il defibrillatore perch\u00e9 la patologia \u00e8 risolvibile pu\u00f2e tornare con l&rsquo;Inter.<\/p>\n<p>\u2014 Radio Kiss Kiss Napoli (@kisskissnapoli) <a href=\"https:\/\/twitter.com\/kisskissnapoli\/status\/1418182535369068547?ref_src=twsrc%5Etfw\">July 22, 2021<\/a><\/p><\/blockquote>\n<p style=\"text-align: justify;\"><script async src=\"https:\/\/platform.twitter.com\/widgets.js\" charset=\"utf-8\"><\/script><\/p>\n","protected":false},"excerpt":{"rendered":"<p>Apr\u00e8s son grave malaise cardiaque il y a quelques semaines, Christian Eriksen va mieux mais il pourrait \u00eatre interdit de reprendre le football en Italie.\u00a0<\/p>\n","protected":false},"author":1,"featured_media":148574,"comment_status":"open","ping_status":"closed","sticky":false,"template":"","format":"standard","meta":{"_acf_changed":false,"_daextam_enable_autolinks":"","footnotes":""},"categories":[2301],"tags":[5065,75,9550,374],"class_list":["post-148572","post","type-post","status-publish","format-standard","has-post-thumbnail","hentry","category-football","tag-christian-eriksen","tag-football","tag-inter-milan","tag-italie"],"acf":[],"yoast_head":"<!-- This site is optimized with the Yoast SEO Premium plugin v26.7 (Yoast SEO v26.7) - https:\/\/yoast.com\/wordpress\/plugins\/seo\/ -->\n<title>Christian Eriksen interdit de rejouer en Italie ?<\/title>\n<meta name=\"description\" content=\"Apr\u00e8s son rave malaise cardiaque il y a quelques semaines, Christian Eriksen va mieux mais il pourrait \u00eatre interdit de reprendre le football en Italie.\u00a0\" \/>\n<meta name=\"robots\" content=\"index, follow, max-snippet:-1, max-image-preview:large, max-video-preview:-1\" \/>\n<link rel=\"canonical\" href=\"https:\/\/dicodusport.fr\/blog\/christian-eriksen-interdit-de-rejouer-en-italie\/\" \/>\n<meta property=\"og:locale\" content=\"fr_FR\" \/>\n<meta property=\"og:type\" content=\"article\" \/>\n<meta property=\"og:title\" content=\"Christian Eriksen interdit de rejouer en Italie ?\" \/>\n<meta property=\"og:description\" content=\"Apr\u00e8s son rave malaise cardiaque il y a quelques semaines, Christian Eriksen va mieux mais il pourrait \u00eatre interdit de reprendre le football en Italie.\u00a0\" \/>\n<meta property=\"og:url\" content=\"https:\/\/dicodusport.fr\/blog\/christian-eriksen-interdit-de-rejouer-en-italie\/\" \/>\n<meta property=\"og:site_name\" content=\"Dicodusport\" \/>\n<meta property=\"article:publisher\" content=\"https:\/\/www.facebook.com\/dicodusport\" \/>\n<meta property=\"article:author\" content=\"https:\/\/www.facebook.com\/dicodusport\" \/>\n<meta property=\"article:published_time\" content=\"2021-07-22T17:30:19+00:00\" \/>\n<meta property=\"article:modified_time\" content=\"2021-07-22T17:41:57+00:00\" \/>\n<meta property=\"og:image\" content=\"https:\/\/dicodusport.fr\/blog\/wp-content\/uploads\/2021\/07\/Christian-Eriksen-interdit-de-rejouer-en-Italie.png\" \/>\n\t<meta property=\"og:image:width\" content=\"800\" \/>\n\t<meta property=\"og:image:height\" content=\"445\" \/>\n\t<meta property=\"og:image:type\" content=\"image\/png\" \/>\n<meta name=\"author\" content=\"Nicolas Jacquemard\" \/>\n<meta name=\"twitter:card\" content=\"summary_large_image\" \/>\n<meta name=\"twitter:title\" content=\"Christian Eriksen interdit de rejouer en Italie ?\" \/>\n<meta name=\"twitter:creator\" content=\"@https:\/\/twitter.com\/Nico_Jacquemard\" \/>\n<meta name=\"twitter:site\" content=\"@dicodusport\" \/>\n<script type=\"application\/ld+json\" class=\"yoast-schema-graph\">{\"@context\":\"https:\/\/schema.org\",\"@graph\":[{\"@type\":\"NewsArticle\",\"@id\":\"https:\/\/dicodusport.fr\/blog\/christian-eriksen-interdit-de-rejouer-en-italie\/#article\",\"isPartOf\":{\"@id\":\"https:\/\/dicodusport.fr\/blog\/christian-eriksen-interdit-de-rejouer-en-italie\/\"},\"author\":{\"name\":\"Nicolas Jacquemard\",\"@id\":\"https:\/\/dicodusport.fr\/blog\/#\/schema\/person\/55dcb50ad410894e431ed812bbb70191\"},\"headline\":\"Christian Eriksen interdit de rejouer en Italie ?\",\"datePublished\":\"2021-07-22T17:30:19+00:00\",\"dateModified\":\"2021-07-22T17:41:57+00:00\",\"mainEntityOfPage\":{\"@id\":\"https:\/\/dicodusport.fr\/blog\/christian-eriksen-interdit-de-rejouer-en-italie\/\"},\"wordCount\":223,\"commentCount\":0,\"publisher\":{\"@id\":\"https:\/\/dicodusport.fr\/blog\/#organization\"},\"image\":{\"@id\":\"https:\/\/dicodusport.fr\/blog\/christian-eriksen-interdit-de-rejouer-en-italie\/#primaryimage\"},\"thumbnailUrl\":\"https:\/\/dicodusport.fr\/blog\/wp-content\/uploads\/2021\/07\/Christian-Eriksen-interdit-de-rejouer-en-Italie.png\",\"keywords\":[\"Christian Eriksen\",\"Football\",\"Inter Milan\",\"Italie\"],\"articleSection\":[\"Football\"],\"inLanguage\":\"fr-FR\",\"potentialAction\":[{\"@type\":\"CommentAction\",\"name\":\"Comment\",\"target\":[\"https:\/\/dicodusport.fr\/blog\/christian-eriksen-interdit-de-rejouer-en-italie\/#respond\"]}],\"copyrightYear\":\"2021\",\"copyrightHolder\":{\"@id\":\"https:\/\/dicodusport.fr\/blog\/#organization\"}},{\"@type\":\"WebPage\",\"@id\":\"https:\/\/dicodusport.fr\/blog\/christian-eriksen-interdit-de-rejouer-en-italie\/\",\"url\":\"https:\/\/dicodusport.fr\/blog\/christian-eriksen-interdit-de-rejouer-en-italie\/\",\"name\":\"Christian Eriksen interdit de rejouer en Italie ?\",\"isPartOf\":{\"@id\":\"https:\/\/dicodusport.fr\/blog\/#website\"},\"primaryImageOfPage\":{\"@id\":\"https:\/\/dicodusport.fr\/blog\/christian-eriksen-interdit-de-rejouer-en-italie\/#primaryimage\"},\"image\":{\"@id\":\"https:\/\/dicodusport.fr\/blog\/christian-eriksen-interdit-de-rejouer-en-italie\/#primaryimage\"},\"thumbnailUrl\":\"https:\/\/dicodusport.fr\/blog\/wp-content\/uploads\/2021\/07\/Christian-Eriksen-interdit-de-rejouer-en-Italie.png\",\"datePublished\":\"2021-07-22T17:30:19+00:00\",\"dateModified\":\"2021-07-22T17:41:57+00:00\",\"description\":\"Apr\u00e8s son rave malaise cardiaque il y a quelques semaines, Christian Eriksen va mieux mais il pourrait \u00eatre interdit de reprendre le football en Italie.\u00a0\",\"breadcrumb\":{\"@id\":\"https:\/\/dicodusport.fr\/blog\/christian-eriksen-interdit-de-rejouer-en-italie\/#breadcrumb\"},\"inLanguage\":\"fr-FR\",\"potentialAction\":[{\"@type\":\"ReadAction\",\"target\":[\"https:\/\/dicodusport.fr\/blog\/christian-eriksen-interdit-de-rejouer-en-italie\/\"]}]},{\"@type\":\"ImageObject\",\"inLanguage\":\"fr-FR\",\"@id\":\"https:\/\/dicodusport.fr\/blog\/christian-eriksen-interdit-de-rejouer-en-italie\/#primaryimage\",\"url\":\"https:\/\/dicodusport.fr\/blog\/wp-content\/uploads\/2021\/07\/Christian-Eriksen-interdit-de-rejouer-en-Italie.png\",\"contentUrl\":\"https:\/\/dicodusport.fr\/blog\/wp-content\/uploads\/2021\/07\/Christian-Eriksen-interdit-de-rejouer-en-Italie.png\",\"width\":800,\"height\":445},{\"@type\":\"BreadcrumbList\",\"@id\":\"https:\/\/dicodusport.fr\/blog\/christian-eriksen-interdit-de-rejouer-en-italie\/#breadcrumb\",\"itemListElement\":[{\"@type\":\"ListItem\",\"position\":1,\"name\":\"Accueil\",\"item\":\"https:\/\/dicodusport.fr\/blog\/\"},{\"@type\":\"ListItem\",\"position\":2,\"name\":\"Christian Eriksen interdit de rejouer en Italie ?\"}]},{\"@type\":\"WebSite\",\"@id\":\"https:\/\/dicodusport.fr\/blog\/#website\",\"url\":\"https:\/\/dicodusport.fr\/blog\/\",\"name\":\"Dicodusport\",\"description\":\"L&#039;encyclop\u00e9die de l&#039;actualit\u00e9 sportive\",\"publisher\":{\"@id\":\"https:\/\/dicodusport.fr\/blog\/#organization\"},\"potentialAction\":[{\"@type\":\"SearchAction\",\"target\":{\"@type\":\"EntryPoint\",\"urlTemplate\":\"https:\/\/dicodusport.fr\/blog\/?s={search_term_string}\"},\"query-input\":{\"@type\":\"PropertyValueSpecification\",\"valueRequired\":true,\"valueName\":\"search_term_string\"}}],\"inLanguage\":\"fr-FR\"},{\"@type\":\"NewsMediaOrganization\",\"@id\":\"https:\/\/dicodusport.fr\/blog\/#organization\",\"name\":\"Dicodusport\",\"url\":\"https:\/\/dicodusport.fr\/blog\/\",\"logo\":{\"@type\":\"ImageObject\",\"inLanguage\":\"fr-FR\",\"@id\":\"https:\/\/dicodusport.fr\/blog\/#\/schema\/logo\/image\/\",\"url\":\"https:\/\/dicodusport.fr\/blog\/wp-content\/uploads\/2020\/06\/cropped-LOGO-DICODUSPORT-2020-SANS-FOND-SANS-TEXTE.png\",\"contentUrl\":\"https:\/\/dicodusport.fr\/blog\/wp-content\/uploads\/2020\/06\/cropped-LOGO-DICODUSPORT-2020-SANS-FOND-SANS-TEXTE.png\",\"width\":512,\"height\":512,\"caption\":\"Dicodusport\"},\"image\":{\"@id\":\"https:\/\/dicodusport.fr\/blog\/#\/schema\/logo\/image\/\"},\"sameAs\":[\"https:\/\/www.facebook.com\/dicodusport\",\"https:\/\/x.com\/dicodusport\",\"https:\/\/www.instagram.com\/dicodusport\/\",\"https:\/\/www.youtube.com\/channel\/UC7V2KZ5sd3htJivAbA4ZG3w\"],\"description\":\"Dicodusport est l'encyclop\u00e9die de l'actualit\u00e9 sportive.\",\"email\":\"bonjour@dicodusport.fr\",\"legalName\":\"DICODUSPORT\",\"foundingDate\":\"2018-01-14\",\"vatID\":\"FR71834470973\",\"taxID\":\"83447097300043\",\"numberOfEmployees\":{\"@type\":\"QuantitativeValue\",\"minValue\":\"1\",\"maxValue\":\"10\"}},{\"@type\":\"Person\",\"@id\":\"https:\/\/dicodusport.fr\/blog\/#\/schema\/person\/55dcb50ad410894e431ed812bbb70191\",\"name\":\"Nicolas Jacquemard\",\"image\":{\"@type\":\"ImageObject\",\"inLanguage\":\"fr-FR\",\"@id\":\"https:\/\/dicodusport.fr\/blog\/#\/schema\/person\/image\/\",\"url\":\"https:\/\/dicodusport.fr\/blog\/wp-content\/uploads\/2021\/05\/Nicolas-Jacquemard-150x150.jpeg\",\"contentUrl\":\"https:\/\/dicodusport.fr\/blog\/wp-content\/uploads\/2021\/05\/Nicolas-Jacquemard-150x150.jpeg\",\"caption\":\"Nicolas Jacquemard\"},\"description\":\"Passionn\u00e9 de sport et entrepreneur depuis mes 18 ans, la cr\u00e9ation de Dicodusport m'a sembl\u00e9 \u00e9vidente pour participer \u00e0 la m\u00e9diatisation d'un plus grand nombre de sports. Le chemin est long mais avec une \u00e9quipe des plus motiv\u00e9es et les Jeux Olympiques de Paris 2024 en point de mire, nous y arriverons ! Journaliste dans le monde du sport depuis plus de 5 ans, je traite aussi bien de football, de rugby, de biathlon que de cyclisme.\",\"sameAs\":[\"https:\/\/www.facebook.com\/dicodusport\",\"https:\/\/x.com\/https:\/\/twitter.com\/Nico_Jacquemard\"],\"url\":\"https:\/\/dicodusport.fr\/blog\/author\/dicodusport\/\"}]}<\/script>\n<!-- \/ Yoast SEO Premium plugin. -->","yoast_head_json":{"title":"Christian Eriksen interdit de rejouer en Italie ?","description":"Apr\u00e8s son rave malaise cardiaque il y a quelques semaines, Christian Eriksen va mieux mais il pourrait \u00eatre interdit de reprendre le football en Italie.\u00a0","robots":{"index":"index","follow":"follow","max-snippet":"max-snippet:-1","max-image-preview":"max-image-preview:large","max-video-preview":"max-video-preview:-1"},"canonical":"https:\/\/dicodusport.fr\/blog\/christian-eriksen-interdit-de-rejouer-en-italie\/","og_locale":"fr_FR","og_type":"article","og_title":"Christian Eriksen interdit de rejouer en Italie ?","og_description":"Apr\u00e8s son rave malaise cardiaque il y a quelques semaines, Christian Eriksen va mieux mais il pourrait \u00eatre interdit de reprendre le football en Italie.\u00a0","og_url":"https:\/\/dicodusport.fr\/blog\/christian-eriksen-interdit-de-rejouer-en-italie\/","og_site_name":"Dicodusport","article_publisher":"https:\/\/www.facebook.com\/dicodusport","article_author":"https:\/\/www.facebook.com\/dicodusport","article_published_time":"2021-07-22T17:30:19+00:00","article_modified_time":"2021-07-22T17:41:57+00:00","og_image":[{"width":800,"height":445,"url":"https:\/\/dicodusport.fr\/blog\/wp-content\/uploads\/2021\/07\/Christian-Eriksen-interdit-de-rejouer-en-Italie.png","type":"image\/png"}],"author":"Nicolas Jacquemard","twitter_card":"summary_large_image","twitter_title":"Christian Eriksen interdit de rejouer en Italie ?","twitter_creator":"@https:\/\/twitter.com\/Nico_Jacquemard","twitter_site":"@dicodusport","schema":{"@context":"https:\/\/schema.org","@graph":[{"@type":"NewsArticle","@id":"https:\/\/dicodusport.fr\/blog\/christian-eriksen-interdit-de-rejouer-en-italie\/#article","isPartOf":{"@id":"https:\/\/dicodusport.fr\/blog\/christian-eriksen-interdit-de-rejouer-en-italie\/"},"author":{"name":"Nicolas Jacquemard","@id":"https:\/\/dicodusport.fr\/blog\/#\/schema\/person\/55dcb50ad410894e431ed812bbb70191"},"headline":"Christian Eriksen interdit de rejouer en Italie ?","datePublished":"2021-07-22T17:30:19+00:00","dateModified":"2021-07-22T17:41:57+00:00","mainEntityOfPage":{"@id":"https:\/\/dicodusport.fr\/blog\/christian-eriksen-interdit-de-rejouer-en-italie\/"},"wordCount":223,"commentCount":0,"publisher":{"@id":"https:\/\/dicodusport.fr\/blog\/#organization"},"image":{"@id":"https:\/\/dicodusport.fr\/blog\/christian-eriksen-interdit-de-rejouer-en-italie\/#primaryimage"},"thumbnailUrl":"https:\/\/dicodusport.fr\/blog\/wp-content\/uploads\/2021\/07\/Christian-Eriksen-interdit-de-rejouer-en-Italie.png","keywords":["Christian Eriksen","Football","Inter Milan","Italie"],"articleSection":["Football"],"inLanguage":"fr-FR","potentialAction":[{"@type":"CommentAction","name":"Comment","target":["https:\/\/dicodusport.fr\/blog\/christian-eriksen-interdit-de-rejouer-en-italie\/#respond"]}],"copyrightYear":"2021","copyrightHolder":{"@id":"https:\/\/dicodusport.fr\/blog\/#organization"}},{"@type":"WebPage","@id":"https:\/\/dicodusport.fr\/blog\/christian-eriksen-interdit-de-rejouer-en-italie\/","url":"https:\/\/dicodusport.fr\/blog\/christian-eriksen-interdit-de-rejouer-en-italie\/","name":"Christian Eriksen interdit de rejouer en Italie ?","isPartOf":{"@id":"https:\/\/dicodusport.fr\/blog\/#website"},"primaryImageOfPage":{"@id":"https:\/\/dicodusport.fr\/blog\/christian-eriksen-interdit-de-rejouer-en-italie\/#primaryimage"},"image":{"@id":"https:\/\/dicodusport.fr\/blog\/christian-eriksen-interdit-de-rejouer-en-italie\/#primaryimage"},"thumbnailUrl":"https:\/\/dicodusport.fr\/blog\/wp-content\/uploads\/2021\/07\/Christian-Eriksen-interdit-de-rejouer-en-Italie.png","datePublished":"2021-07-22T17:30:19+00:00","dateModified":"2021-07-22T17:41:57+00:00","description":"Apr\u00e8s son rave malaise cardiaque il y a quelques semaines, Christian Eriksen va mieux mais il pourrait \u00eatre interdit de reprendre le football en Italie.\u00a0","breadcrumb":{"@id":"https:\/\/dicodusport.fr\/blog\/christian-eriksen-interdit-de-rejouer-en-italie\/#breadcrumb"},"inLanguage":"fr-FR","potentialAction":[{"@type":"ReadAction","target":["https:\/\/dicodusport.fr\/blog\/christian-eriksen-interdit-de-rejouer-en-italie\/"]}]},{"@type":"ImageObject","inLanguage":"fr-FR","@id":"https:\/\/dicodusport.fr\/blog\/christian-eriksen-interdit-de-rejouer-en-italie\/#primaryimage","url":"https:\/\/dicodusport.fr\/blog\/wp-content\/uploads\/2021\/07\/Christian-Eriksen-interdit-de-rejouer-en-Italie.png","contentUrl":"https:\/\/dicodusport.fr\/blog\/wp-content\/uploads\/2021\/07\/Christian-Eriksen-interdit-de-rejouer-en-Italie.png","width":800,"height":445},{"@type":"BreadcrumbList","@id":"https:\/\/dicodusport.fr\/blog\/christian-eriksen-interdit-de-rejouer-en-italie\/#breadcrumb","itemListElement":[{"@type":"ListItem","position":1,"name":"Accueil","item":"https:\/\/dicodusport.fr\/blog\/"},{"@type":"ListItem","position":2,"name":"Christian Eriksen interdit de rejouer en Italie ?"}]},{"@type":"WebSite","@id":"https:\/\/dicodusport.fr\/blog\/#website","url":"https:\/\/dicodusport.fr\/blog\/","name":"Dicodusport","description":"L&#039;encyclop\u00e9die de l&#039;actualit\u00e9 sportive","publisher":{"@id":"https:\/\/dicodusport.fr\/blog\/#organization"},"potentialAction":[{"@type":"SearchAction","target":{"@type":"EntryPoint","urlTemplate":"https:\/\/dicodusport.fr\/blog\/?s={search_term_string}"},"query-input":{"@type":"PropertyValueSpecification","valueRequired":true,"valueName":"search_term_string"}}],"inLanguage":"fr-FR"},{"@type":"NewsMediaOrganization","@id":"https:\/\/dicodusport.fr\/blog\/#organization","name":"Dicodusport","url":"https:\/\/dicodusport.fr\/blog\/","logo":{"@type":"ImageObject","inLanguage":"fr-FR","@id":"https:\/\/dicodusport.fr\/blog\/#\/schema\/logo\/image\/","url":"https:\/\/dicodusport.fr\/blog\/wp-content\/uploads\/2020\/06\/cropped-LOGO-DICODUSPORT-2020-SANS-FOND-SANS-TEXTE.png","contentUrl":"https:\/\/dicodusport.fr\/blog\/wp-content\/uploads\/2020\/06\/cropped-LOGO-DICODUSPORT-2020-SANS-FOND-SANS-TEXTE.png","width":512,"height":512,"caption":"Dicodusport"},"image":{"@id":"https:\/\/dicodusport.fr\/blog\/#\/schema\/logo\/image\/"},"sameAs":["https:\/\/www.facebook.com\/dicodusport","https:\/\/x.com\/dicodusport","https:\/\/www.instagram.com\/dicodusport\/","https:\/\/www.youtube.com\/channel\/UC7V2KZ5sd3htJivAbA4ZG3w"],"description":"Dicodusport est l'encyclop\u00e9die de l'actualit\u00e9 sportive.","email":"bonjour@dicodusport.fr","legalName":"DICODUSPORT","foundingDate":"2018-01-14","vatID":"FR71834470973","taxID":"83447097300043","numberOfEmployees":{"@type":"QuantitativeValue","minValue":"1","maxValue":"10"}},{"@type":"Person","@id":"https:\/\/dicodusport.fr\/blog\/#\/schema\/person\/55dcb50ad410894e431ed812bbb70191","name":"Nicolas Jacquemard","image":{"@type":"ImageObject","inLanguage":"fr-FR","@id":"https:\/\/dicodusport.fr\/blog\/#\/schema\/person\/image\/","url":"https:\/\/dicodusport.fr\/blog\/wp-content\/uploads\/2021\/05\/Nicolas-Jacquemard-150x150.jpeg","contentUrl":"https:\/\/dicodusport.fr\/blog\/wp-content\/uploads\/2021\/05\/Nicolas-Jacquemard-150x150.jpeg","caption":"Nicolas Jacquemard"},"description":"Passionn\u00e9 de sport et entrepreneur depuis mes 18 ans, la cr\u00e9ation de Dicodusport m'a sembl\u00e9 \u00e9vidente pour participer \u00e0 la m\u00e9diatisation d'un plus grand nombre de sports. Le chemin est long mais avec une \u00e9quipe des plus motiv\u00e9es et les Jeux Olympiques de Paris 2024 en point de mire, nous y arriverons ! Journaliste dans le monde du sport depuis plus de 5 ans, je traite aussi bien de football, de rugby, de biathlon que de cyclisme.","sameAs":["https:\/\/www.facebook.com\/dicodusport","https:\/\/x.com\/https:\/\/twitter.com\/Nico_Jacquemard"],"url":"https:\/\/dicodusport.fr\/blog\/author\/dicodusport\/"}]}},"_links":{"self":[{"href":"https:\/\/dicodusport.fr\/blog\/wp-json\/wp\/v2\/posts\/148572","targetHints":{"allow":["GET"]}}],"collection":[{"href":"https:\/\/dicodusport.fr\/blog\/wp-json\/wp\/v2\/posts"}],"about":[{"href":"https:\/\/dicodusport.fr\/blog\/wp-json\/wp\/v2\/types\/post"}],"author":[{"embeddable":true,"href":"https:\/\/dicodusport.fr\/blog\/wp-json\/wp\/v2\/users\/1"}],"replies":[{"embeddable":true,"href":"https:\/\/dicodusport.fr\/blog\/wp-json\/wp\/v2\/comments?post=148572"}],"version-history":[{"count":0,"href":"https:\/\/dicodusport.fr\/blog\/wp-json\/wp\/v2\/posts\/148572\/revisions"}],"wp:featuredmedia":[{"embeddable":true,"href":"https:\/\/dicodusport.fr\/blog\/wp-json\/wp\/v2\/media\/148574"}],"wp:attachment":[{"href":"https:\/\/dicodusport.fr\/blog\/wp-json\/wp\/v2\/media?parent=148572"}],"wp:term":[{"taxonomy":"category","embeddable":true,"href":"https:\/\/dicodusport.fr\/blog\/wp-json\/wp\/v2\/categories?post=148572"},{"taxonomy":"post_tag","embeddable":true,"href":"https:\/\/dicodusport.fr\/blog\/wp-json\/wp\/v2\/tags?post=148572"}],"curies":[{"name":"wp","href":"https:\/\/api.w.org\/{rel}","templated":true}]}}