{"id":14903,"date":"2018-03-20T18:45:41","date_gmt":"2018-03-20T17:45:41","guid":{"rendered":"http:\/\/dicodusport.fr\/blog\/?p=14903"},"modified":"2018-03-20T19:08:10","modified_gmt":"2018-03-20T18:08:10","slug":"les-coulisses-de-la-ligue-1-30-remy-cabella-porte-saint-etienne","status":"publish","type":"post","link":"https:\/\/dicodusport.fr\/blog\/les-coulisses-de-la-ligue-1-30-remy-cabella-porte-saint-etienne\/","title":{"rendered":"Les coulisses de la Ligue 1 #30 : R\u00e9my Cabella porte Saint-Etienne"},"content":{"rendered":"<p style=\"text-align: justify;\"><span style=\"color: #000000;\"><strong><em>Apr\u00e8s chaque journ\u00e9e de championnat, retrouvez sur votre blog\u00a0<\/em><\/strong><\/span><span style=\"color: #0000ff;\"><em><strong><a style=\"color: #0000ff;\" href=\"http:\/\/dicodusport.fr\" target=\"_blank\" rel=\"noopener noreferrer\">dicodusport<\/a><\/strong><\/em><\/span><span style=\"color: #000000;\"><strong><em>, <span style=\"color: #0000ff;\"><a style=\"color: #0000ff;\" href=\"http:\/\/dicodusport.fr\/blog\/coulisses-de-ligue-1-toutes-semaines-dicodusport-fr\/\" target=\"_blank\" rel=\"noopener\">Les coulisses de la Ligue 1<\/a><\/span>. Infos, d\u00e9clarations, tweets ou encore vid\u00e9os marquantes, vous ne raterez rien des dessous de la Ligue 1 ! Dans la 30\u00e8me journ\u00e9e, un grand R\u00e9my Cabella donne la victoire aux Verts face \u00e0 Guingamp.<\/em><\/strong><\/span><\/p>\n<h4 style=\"text-align: justify;\"><span style=\"color: #000000; font-size: 20px;\"><strong>\u2022\u00a0LES INFOS DE LA SEMAINE<\/strong><\/span><\/h4>\n<h5 style=\"text-align: justify;\">Et nos clubs fran\u00e7ais en coupe d\u2019Europe, \u00e7a donne quoi ?<\/h5>\n<p style=\"text-align: justify;\">Apr\u00e8s les matchs retours d\u2019Europa League, l&rsquo;OM sera le seul repr\u00e9sentant des clubs fran\u00e7ais en Coupe d&rsquo;Europe.<br \/>\nEn effet, alors qu\u2019ils avaient pris une s\u00e9rieuse option sur la qualification en s&rsquo;imposant 1-0 \u00e0 Moscou, les Lyonnais se sont finalement inclin\u00e9s 3-2 chez eux contre le CSKA. Une contre performance qui qualifie le club russe, mauvaise nouvelle pour le coefficient UEFA quand on sait que la Russie\u00a0talonne\u00a0la France.<br \/>\nHeureusement, Marseille sauve les meubles. Apr\u00e8s s&rsquo;\u00eatre impos\u00e9 3-1 au match aller, l&rsquo;OM part en Espagne convaincu de ses forces et s&rsquo;impose dans le tr\u00e8s beau stade de Bilbao 2-1. L&rsquo;OM qui s&rsquo;\u00e9tait fait \u00e9liminer par ce m\u00eame club il y a deux ans montre une belle progression.<\/p>\n<p style=\"text-align: justify;\">La derni\u00e8re liste de Didier Deschamps avant la Coupe du monde est sortie. L&rsquo;\u00e9quipe de France affrontera la Colombie et la Russie en match amical. La Ligue 1 est repr\u00e9sent\u00e9e par son podium avec 4 Parisiens :\u00a0Areola, Rabiot, Kimpembe et MBapp\u00e9 ;\u00a02 Mon\u00e9gasques : Sidibe et Lemar et 2 Marseillais Mandanda et Thauvin.<\/p>\n<h4 style=\"text-align: justify;\"><span style=\"color: #000000; font-size: 20px;\"><strong>\u2022\u00a0LES TWEETS DE LA SEMAINE<\/strong><\/span><\/h4>\n<p style=\"text-align: justify;\">Un Olympico sous haute tension au Velodrome. Un mauvais match de la part des trois parties, Marseille, Lyon et le corps arbitral. Les twittos s&rsquo;en m\u00e9fiaient gentiment :<\/p>\n<p style=\"text-align: justify;\"><span class=\"5aMeDXkdp6xsgBNuqO4aiCrRArZPY5q2BX302z3mEtTlmLlIWcSDKjJLhAQJCv78wPy8zjYU\"><\/p>\n<blockquote class=\"twitter-tweet\" data-width=\"550\" data-dnt=\"true\">\n<p lang=\"und\" dir=\"ltr\">Ruddy Buquet <a href=\"https:\/\/twitter.com\/hashtag\/TeamOM?src=hash&amp;ref_src=twsrc%5Etfw\">#TeamOM<\/a> <a href=\"https:\/\/t.co\/H4ydU4Sszw\">https:\/\/t.co\/H4ydU4Sszw<\/a><\/p>\n<p>&mdash; Luz de Luna (@BleusEtBlancos) <a href=\"https:\/\/twitter.com\/BleusEtBlancos\/status\/975300040628604929?ref_src=twsrc%5Etfw\">March 18, 2018<\/a><\/p><\/blockquote>\n<p><script async src=\"https:\/\/platform.twitter.com\/widgets.js\" charset=\"utf-8\"><\/script><\/span><\/p>\n<p style=\"text-align: justify;\">Gourcuff marque contre son ancien club Bordeaux, 1 an apr\u00e8s son dernier but en ligue 1 contre\u2026 bah Bordeaux ! Presque d\u00e9sol\u00e9 d&rsquo;avoir marqu\u00e9, dr\u00f4le d&rsquo;histoire.<\/p>\n<p style=\"text-align: justify;\"><span class=\"anvUOQMjqktiylL3GoZ1RrpAc2xTB0JDePYmH\"><\/p>\n<blockquote class=\"twitter-tweet\" data-width=\"550\" data-dnt=\"true\">\n<p lang=\"fr\" dir=\"ltr\">Yoann Gourcuff : Se faire ovationner par ton ancien club puis 50sec plus tard, marquer face \u00e0 ton ancien club. <a href=\"https:\/\/twitter.com\/hashtag\/FCGBSRFC?src=hash&amp;ref_src=twsrc%5Etfw\">#FCGBSRFC<\/a><a href=\"https:\/\/t.co\/ufrZR6RGzR\">pic.twitter.com\/ufrZR6RGzR<\/a><\/p>\n<p>&mdash; 3\u00e8meMiTemps (@_3emeMiTemps) <a href=\"https:\/\/twitter.com\/_3emeMiTemps\/status\/975069500528832512?ref_src=twsrc%5Etfw\">March 17, 2018<\/a><\/p><\/blockquote>\n<p><script async src=\"https:\/\/platform.twitter.com\/widgets.js\" charset=\"utf-8\"><\/script><\/span><\/p>\n<p style=\"text-align: justify;\"><span style=\"color: #000000; font-size: 20px;\"><strong style=\"color: #000000; font-size: 20px;\"><strong>\u2022\u00a0<\/strong>LES D\u00c9CLARATIONS DE LA SEMAINE<\/strong><\/span><\/p>\n<p style=\"text-align: justify;\">Match tr\u00e8s important pour le maintien entre Toulouse et Strasbourg. Les deux \u00e9quipes se quittent sur un match nul apr\u00e8s une fin de match totalement folle et 3 buts dans le temps additionnel. Deb\u00e8ve en sort frustr\u00e9 : \u201c<em>On ressent beaucoup de frustration car on n\u2019a pas fait le match que l\u2019on avait pr\u00e9par\u00e9<\/em>.\u201d Tout comme Thierry Lauret, mais plus optimiste : \u201c<em>Il y a de la frustration comme il doit y en avoir pour les Toulousains mais ce n\u2019est pas une mauvaise performance. Si on continue comme \u00e7a on va se maintenir<\/em>.\u201d<\/p>\n<p style=\"text-align: justify;\">Balotelli s&rsquo;est exprim\u00e9 dans\u00a0T\u00e9l\u00e9foot sur le PSG, match perdu 2-1 ce week-end (m\u00eame score que contre Guingamp\u00a0c&rsquo;est vrai) : \u00ab\u00a0<em>Le PSG c\u2019est comme Guingamp, c\u2019est une \u00e9quipe de Ligue 1. Je me moque que ce soit Paris. Pour \u00eatre honn\u00eate cette ann\u00e9e je n\u2019ai jamais regard\u00e9 le PSG, \u00e0 part contre le Real. Ils ont m\u00e9rit\u00e9 d\u2019\u00eatre \u00e9limin\u00e9, le Real a \u00e9t\u00e9 meilleur. L\u2019argent ne fait pas une \u00e9quipe.<\/em>\u00ab\u00a0<\/p>\n<p style=\"text-align: justify;\"><span style=\"font-size: 20px; color: #000000;\"><strong style=\"color: #000000;\"><strong>\u2022\u00a0<\/strong>LA VID\u00c9O DE LA SEMAINE<\/strong><\/span><\/p>\n<p style=\"text-align: justify;\">Flavien Tait donne l&rsquo;\u00e9lan de la rencontre \u00e0 Angers qui va l&#8217;emporter largement 3-0 contre Caen. Ce premier but vient d&rsquo;une superbe frappe.<\/p>\n<p style=\"text-align: justify;\">https:\/\/twitter.com\/CDL1Videos\/status\/975089091132915713?s=09<\/p>\n<p style=\"text-align: justify;\"><span style=\"font-size: 20px; color: #000000;\"><strong style=\"color: #000000;\"><strong>\u2022\u00a0<\/strong>LA STAT&rsquo; DE LA SEMAINE<\/strong><\/span><\/p>\n<p style=\"text-align: justify;\">Montpellier est le pro des matchs nul. Ce week-end, le MHSC\u00a0a conc\u00e9d\u00e9 son 5\u00e8me match nul cons\u00e9cutif, contre Dijon. C&rsquo;est son 15\u00e8me de la saison.<\/p>\n<h4 style=\"text-align: justify;\"><span style=\"font-size: 20px; color: #000000;\"><strong style=\"color: #000000;\"><strong>\u2022\u00a0<\/strong>LE JOUEUR DE LA SEMAINE<\/strong><\/span><\/h4>\n<p style=\"text-align: justify;\">R\u00e9my Cabella, qui a f\u00eat\u00e9 ses 28 ans, inscrit le but qui cl\u00f4t la victoire des Verts contre Guingamp. Homme de la r\u00e9volte de l&rsquo;ASSE depuis son retour de blessure, l&rsquo;ex-Magpie\u00a0a encore \u00e9t\u00e9 l&rsquo;auteur d&rsquo;un tr\u00e8s bon match ce week-end. Tr\u00e8s disponible pour ses partenaires et constamment en\u00a0mouvement, il a touch\u00e9 110 ballons et a su s&rsquo;en servir. Toujours avec une volont\u00e9 d&rsquo;aller de l&rsquo;avant, l&rsquo;attaquant am\u00e8ne un \u00e9lan offensif \u00e0 l&rsquo;\u00e9quipe en r\u00e9alisant 54 passes dans le camp\u00a0adverse. R\u00e9compens\u00e9 de ses 5 tirs, il inscrit un but en fin de match d&rsquo;une belle frappe en se jouant de la d\u00e9fense. Ce but permet de ramener les 3 points \u00e0 Saint-\u00c9tienne qui se retrouve 9\u00e8me au classement ! Comme un symbole&#8230;<\/p>\n<p style=\"text-align: justify;\"><span style=\"color: #000000;\"><em><strong>Margaux Bongrand<\/strong><br \/>\n<\/em><a style=\"color: #000000;\" href=\"https:\/\/twitter.com\/marg_om_\" target=\"_blank\" rel=\"noopener noreferrer\"><img loading=\"lazy\" decoding=\"async\" class=\"alignnone wp-image-2908\" src=\"http:\/\/dicodusport.fr\/blog\/wp-content\/uploads\/2017\/07\/logo-twitter-150x150.png\" alt=\"\" width=\"39\" height=\"39\" \/><\/a><\/span><\/p>\n","protected":false},"excerpt":{"rendered":"<p>Dans la 30\u00e8me journ\u00e9e, un grand R\u00e9my Cabella donne la victoire aux Verts face \u00e0 Guingamp.<\/p>\n","protected":false},"author":1,"featured_media":14907,"comment_status":"open","ping_status":"closed","sticky":false,"template":"","format":"standard","meta":{"_acf_changed":false,"_daextam_enable_autolinks":"","footnotes":""},"categories":[2,2301],"tags":[75,1557,1554,1145,1889,4056],"class_list":["post-14903","post","type-post","status-publish","format-standard","has-post-thumbnail","hentry","category-actualites","category-football","tag-football","tag-les-coulisses-de-la-ligue-1","tag-ligue-1","tag-ol","tag-om","tag-remy-cabella"],"acf":[],"yoast_head":"<!-- This site is optimized with the Yoast SEO Premium plugin v26.7 (Yoast SEO v26.7) - https:\/\/yoast.com\/wordpress\/plugins\/seo\/ -->\n<title>Les coulisses de la Ligue 1 #30 : R\u00e9my Cabella porte Saint-Etienne<\/title>\n<meta name=\"description\" content=\"Dans la 30\u00e8me journ\u00e9e, un grand R\u00e9my Cabella donne la victoire aux Verts face \u00e0 Guingamp.\" \/>\n<meta name=\"robots\" content=\"index, follow, max-snippet:-1, max-image-preview:large, max-video-preview:-1\" \/>\n<link rel=\"canonical\" href=\"https:\/\/dicodusport.fr\/blog\/les-coulisses-de-la-ligue-1-30-remy-cabella-porte-saint-etienne\/\" \/>\n<meta property=\"og:locale\" content=\"fr_FR\" \/>\n<meta property=\"og:type\" content=\"article\" \/>\n<meta property=\"og:title\" content=\"Les coulisses de la Ligue 1 #30 : R\u00e9my Cabella porte Saint-Etienne\" \/>\n<meta property=\"og:description\" content=\"Dans la 30\u00e8me journ\u00e9e, un grand R\u00e9my Cabella donne la victoire aux Verts face \u00e0 Guingamp.\" \/>\n<meta property=\"og:url\" content=\"https:\/\/dicodusport.fr\/blog\/les-coulisses-de-la-ligue-1-30-remy-cabella-porte-saint-etienne\/\" \/>\n<meta property=\"og:site_name\" content=\"Dicodusport\" \/>\n<meta property=\"article:publisher\" content=\"https:\/\/www.facebook.com\/dicodusport\" \/>\n<meta property=\"article:author\" content=\"https:\/\/www.facebook.com\/dicodusport\" \/>\n<meta property=\"article:published_time\" content=\"2018-03-20T17:45:41+00:00\" \/>\n<meta property=\"article:modified_time\" content=\"2018-03-20T18:08:10+00:00\" \/>\n<meta property=\"og:image\" content=\"https:\/\/dicodusport.fr\/blog\/wp-content\/uploads\/2018\/03\/R\u00e9my-Cabella-Joueur-de-la-semaine-Ligue-1.png\" \/>\n\t<meta property=\"og:image:width\" content=\"1059\" \/>\n\t<meta property=\"og:image:height\" content=\"588\" \/>\n\t<meta property=\"og:image:type\" content=\"image\/png\" \/>\n<meta name=\"author\" content=\"Nicolas Jacquemard\" \/>\n<meta name=\"twitter:card\" content=\"summary_large_image\" \/>\n<meta name=\"twitter:creator\" content=\"@https:\/\/twitter.com\/Nico_Jacquemard\" \/>\n<meta name=\"twitter:site\" content=\"@dicodusport\" \/>\n<script type=\"application\/ld+json\" class=\"yoast-schema-graph\">{\"@context\":\"https:\/\/schema.org\",\"@graph\":[{\"@type\":\"NewsArticle\",\"@id\":\"https:\/\/dicodusport.fr\/blog\/les-coulisses-de-la-ligue-1-30-remy-cabella-porte-saint-etienne\/#article\",\"isPartOf\":{\"@id\":\"https:\/\/dicodusport.fr\/blog\/les-coulisses-de-la-ligue-1-30-remy-cabella-porte-saint-etienne\/\"},\"author\":{\"name\":\"Nicolas Jacquemard\",\"@id\":\"https:\/\/dicodusport.fr\/blog\/#\/schema\/person\/55dcb50ad410894e431ed812bbb70191\"},\"headline\":\"Les coulisses de la Ligue 1 #30 : R\u00e9my Cabella porte Saint-Etienne\",\"datePublished\":\"2018-03-20T17:45:41+00:00\",\"dateModified\":\"2018-03-20T18:08:10+00:00\",\"mainEntityOfPage\":{\"@id\":\"https:\/\/dicodusport.fr\/blog\/les-coulisses-de-la-ligue-1-30-remy-cabella-porte-saint-etienne\/\"},\"wordCount\":740,\"commentCount\":0,\"publisher\":{\"@id\":\"https:\/\/dicodusport.fr\/blog\/#organization\"},\"image\":{\"@id\":\"https:\/\/dicodusport.fr\/blog\/les-coulisses-de-la-ligue-1-30-remy-cabella-porte-saint-etienne\/#primaryimage\"},\"thumbnailUrl\":\"https:\/\/dicodusport.fr\/blog\/wp-content\/uploads\/2018\/03\/R\u00e9my-Cabella-Joueur-de-la-semaine-Ligue-1.png\",\"keywords\":[\"Football\",\"Les coulisses de la Ligue 1\",\"Ligue 1\",\"OL\",\"OM\",\"R\u00e9my Cabella\"],\"articleSection\":[\"Actualit\u00e9s\",\"Football\"],\"inLanguage\":\"fr-FR\",\"potentialAction\":[{\"@type\":\"CommentAction\",\"name\":\"Comment\",\"target\":[\"https:\/\/dicodusport.fr\/blog\/les-coulisses-de-la-ligue-1-30-remy-cabella-porte-saint-etienne\/#respond\"]}],\"copyrightYear\":\"2018\",\"copyrightHolder\":{\"@id\":\"https:\/\/dicodusport.fr\/blog\/#organization\"}},{\"@type\":\"WebPage\",\"@id\":\"https:\/\/dicodusport.fr\/blog\/les-coulisses-de-la-ligue-1-30-remy-cabella-porte-saint-etienne\/\",\"url\":\"https:\/\/dicodusport.fr\/blog\/les-coulisses-de-la-ligue-1-30-remy-cabella-porte-saint-etienne\/\",\"name\":\"Les coulisses de la Ligue 1 #30 : R\u00e9my Cabella porte Saint-Etienne\",\"isPartOf\":{\"@id\":\"https:\/\/dicodusport.fr\/blog\/#website\"},\"primaryImageOfPage\":{\"@id\":\"https:\/\/dicodusport.fr\/blog\/les-coulisses-de-la-ligue-1-30-remy-cabella-porte-saint-etienne\/#primaryimage\"},\"image\":{\"@id\":\"https:\/\/dicodusport.fr\/blog\/les-coulisses-de-la-ligue-1-30-remy-cabella-porte-saint-etienne\/#primaryimage\"},\"thumbnailUrl\":\"https:\/\/dicodusport.fr\/blog\/wp-content\/uploads\/2018\/03\/R\u00e9my-Cabella-Joueur-de-la-semaine-Ligue-1.png\",\"datePublished\":\"2018-03-20T17:45:41+00:00\",\"dateModified\":\"2018-03-20T18:08:10+00:00\",\"description\":\"Dans la 30\u00e8me journ\u00e9e, un grand R\u00e9my Cabella donne la victoire aux Verts face \u00e0 Guingamp.\",\"breadcrumb\":{\"@id\":\"https:\/\/dicodusport.fr\/blog\/les-coulisses-de-la-ligue-1-30-remy-cabella-porte-saint-etienne\/#breadcrumb\"},\"inLanguage\":\"fr-FR\",\"potentialAction\":[{\"@type\":\"ReadAction\",\"target\":[\"https:\/\/dicodusport.fr\/blog\/les-coulisses-de-la-ligue-1-30-remy-cabella-porte-saint-etienne\/\"]}]},{\"@type\":\"ImageObject\",\"inLanguage\":\"fr-FR\",\"@id\":\"https:\/\/dicodusport.fr\/blog\/les-coulisses-de-la-ligue-1-30-remy-cabella-porte-saint-etienne\/#primaryimage\",\"url\":\"https:\/\/dicodusport.fr\/blog\/wp-content\/uploads\/2018\/03\/R\u00e9my-Cabella-Joueur-de-la-semaine-Ligue-1.png\",\"contentUrl\":\"https:\/\/dicodusport.fr\/blog\/wp-content\/uploads\/2018\/03\/R\u00e9my-Cabella-Joueur-de-la-semaine-Ligue-1.png\",\"width\":1059,\"height\":588,\"caption\":\"R\u00e9my Cabella Joueur de la semaine Ligue 1\"},{\"@type\":\"BreadcrumbList\",\"@id\":\"https:\/\/dicodusport.fr\/blog\/les-coulisses-de-la-ligue-1-30-remy-cabella-porte-saint-etienne\/#breadcrumb\",\"itemListElement\":[{\"@type\":\"ListItem\",\"position\":1,\"name\":\"Accueil\",\"item\":\"https:\/\/dicodusport.fr\/blog\/\"},{\"@type\":\"ListItem\",\"position\":2,\"name\":\"Les coulisses de la Ligue 1 #30 : R\u00e9my Cabella porte Saint-Etienne\"}]},{\"@type\":\"WebSite\",\"@id\":\"https:\/\/dicodusport.fr\/blog\/#website\",\"url\":\"https:\/\/dicodusport.fr\/blog\/\",\"name\":\"Dicodusport\",\"description\":\"L&#039;encyclop\u00e9die de l&#039;actualit\u00e9 sportive\",\"publisher\":{\"@id\":\"https:\/\/dicodusport.fr\/blog\/#organization\"},\"potentialAction\":[{\"@type\":\"SearchAction\",\"target\":{\"@type\":\"EntryPoint\",\"urlTemplate\":\"https:\/\/dicodusport.fr\/blog\/?s={search_term_string}\"},\"query-input\":{\"@type\":\"PropertyValueSpecification\",\"valueRequired\":true,\"valueName\":\"search_term_string\"}}],\"inLanguage\":\"fr-FR\"},{\"@type\":\"NewsMediaOrganization\",\"@id\":\"https:\/\/dicodusport.fr\/blog\/#organization\",\"name\":\"Dicodusport\",\"url\":\"https:\/\/dicodusport.fr\/blog\/\",\"logo\":{\"@type\":\"ImageObject\",\"inLanguage\":\"fr-FR\",\"@id\":\"https:\/\/dicodusport.fr\/blog\/#\/schema\/logo\/image\/\",\"url\":\"https:\/\/dicodusport.fr\/blog\/wp-content\/uploads\/2020\/06\/cropped-LOGO-DICODUSPORT-2020-SANS-FOND-SANS-TEXTE.png\",\"contentUrl\":\"https:\/\/dicodusport.fr\/blog\/wp-content\/uploads\/2020\/06\/cropped-LOGO-DICODUSPORT-2020-SANS-FOND-SANS-TEXTE.png\",\"width\":512,\"height\":512,\"caption\":\"Dicodusport\"},\"image\":{\"@id\":\"https:\/\/dicodusport.fr\/blog\/#\/schema\/logo\/image\/\"},\"sameAs\":[\"https:\/\/www.facebook.com\/dicodusport\",\"https:\/\/x.com\/dicodusport\",\"https:\/\/www.instagram.com\/dicodusport\/\",\"https:\/\/www.youtube.com\/channel\/UC7V2KZ5sd3htJivAbA4ZG3w\"],\"description\":\"Dicodusport est l'encyclop\u00e9die de l'actualit\u00e9 sportive.\",\"email\":\"bonjour@dicodusport.fr\",\"legalName\":\"DICODUSPORT\",\"foundingDate\":\"2018-01-14\",\"vatID\":\"FR71834470973\",\"taxID\":\"83447097300043\",\"numberOfEmployees\":{\"@type\":\"QuantitativeValue\",\"minValue\":\"1\",\"maxValue\":\"10\"}},{\"@type\":\"Person\",\"@id\":\"https:\/\/dicodusport.fr\/blog\/#\/schema\/person\/55dcb50ad410894e431ed812bbb70191\",\"name\":\"Nicolas Jacquemard\",\"image\":{\"@type\":\"ImageObject\",\"inLanguage\":\"fr-FR\",\"@id\":\"https:\/\/dicodusport.fr\/blog\/#\/schema\/person\/image\/\",\"url\":\"https:\/\/dicodusport.fr\/blog\/wp-content\/uploads\/2021\/05\/Nicolas-Jacquemard-150x150.jpeg\",\"contentUrl\":\"https:\/\/dicodusport.fr\/blog\/wp-content\/uploads\/2021\/05\/Nicolas-Jacquemard-150x150.jpeg\",\"caption\":\"Nicolas Jacquemard\"},\"description\":\"Passionn\u00e9 de sport et entrepreneur depuis mes 18 ans, la cr\u00e9ation de Dicodusport m'a sembl\u00e9 \u00e9vidente pour participer \u00e0 la m\u00e9diatisation d'un plus grand nombre de sports. Le chemin est long mais avec une \u00e9quipe des plus motiv\u00e9es et les Jeux Olympiques de Paris 2024 en point de mire, nous y arriverons ! Journaliste dans le monde du sport depuis plus de 5 ans, je traite aussi bien de football, de rugby, de biathlon que de cyclisme.\",\"sameAs\":[\"https:\/\/www.facebook.com\/dicodusport\",\"https:\/\/x.com\/https:\/\/twitter.com\/Nico_Jacquemard\"],\"url\":\"https:\/\/dicodusport.fr\/blog\/author\/dicodusport\/\"}]}<\/script>\n<!-- \/ Yoast SEO Premium plugin. -->","yoast_head_json":{"title":"Les coulisses de la Ligue 1 #30 : R\u00e9my Cabella porte Saint-Etienne","description":"Dans la 30\u00e8me journ\u00e9e, un grand R\u00e9my Cabella donne la victoire aux Verts face \u00e0 Guingamp.","robots":{"index":"index","follow":"follow","max-snippet":"max-snippet:-1","max-image-preview":"max-image-preview:large","max-video-preview":"max-video-preview:-1"},"canonical":"https:\/\/dicodusport.fr\/blog\/les-coulisses-de-la-ligue-1-30-remy-cabella-porte-saint-etienne\/","og_locale":"fr_FR","og_type":"article","og_title":"Les coulisses de la Ligue 1 #30 : R\u00e9my Cabella porte Saint-Etienne","og_description":"Dans la 30\u00e8me journ\u00e9e, un grand R\u00e9my Cabella donne la victoire aux Verts face \u00e0 Guingamp.","og_url":"https:\/\/dicodusport.fr\/blog\/les-coulisses-de-la-ligue-1-30-remy-cabella-porte-saint-etienne\/","og_site_name":"Dicodusport","article_publisher":"https:\/\/www.facebook.com\/dicodusport","article_author":"https:\/\/www.facebook.com\/dicodusport","article_published_time":"2018-03-20T17:45:41+00:00","article_modified_time":"2018-03-20T18:08:10+00:00","og_image":[{"width":1059,"height":588,"url":"https:\/\/dicodusport.fr\/blog\/wp-content\/uploads\/2018\/03\/R\u00e9my-Cabella-Joueur-de-la-semaine-Ligue-1.png","type":"image\/png"}],"author":"Nicolas Jacquemard","twitter_card":"summary_large_image","twitter_creator":"@https:\/\/twitter.com\/Nico_Jacquemard","twitter_site":"@dicodusport","schema":{"@context":"https:\/\/schema.org","@graph":[{"@type":"NewsArticle","@id":"https:\/\/dicodusport.fr\/blog\/les-coulisses-de-la-ligue-1-30-remy-cabella-porte-saint-etienne\/#article","isPartOf":{"@id":"https:\/\/dicodusport.fr\/blog\/les-coulisses-de-la-ligue-1-30-remy-cabella-porte-saint-etienne\/"},"author":{"name":"Nicolas Jacquemard","@id":"https:\/\/dicodusport.fr\/blog\/#\/schema\/person\/55dcb50ad410894e431ed812bbb70191"},"headline":"Les coulisses de la Ligue 1 #30 : R\u00e9my Cabella porte Saint-Etienne","datePublished":"2018-03-20T17:45:41+00:00","dateModified":"2018-03-20T18:08:10+00:00","mainEntityOfPage":{"@id":"https:\/\/dicodusport.fr\/blog\/les-coulisses-de-la-ligue-1-30-remy-cabella-porte-saint-etienne\/"},"wordCount":740,"commentCount":0,"publisher":{"@id":"https:\/\/dicodusport.fr\/blog\/#organization"},"image":{"@id":"https:\/\/dicodusport.fr\/blog\/les-coulisses-de-la-ligue-1-30-remy-cabella-porte-saint-etienne\/#primaryimage"},"thumbnailUrl":"https:\/\/dicodusport.fr\/blog\/wp-content\/uploads\/2018\/03\/R\u00e9my-Cabella-Joueur-de-la-semaine-Ligue-1.png","keywords":["Football","Les coulisses de la Ligue 1","Ligue 1","OL","OM","R\u00e9my Cabella"],"articleSection":["Actualit\u00e9s","Football"],"inLanguage":"fr-FR","potentialAction":[{"@type":"CommentAction","name":"Comment","target":["https:\/\/dicodusport.fr\/blog\/les-coulisses-de-la-ligue-1-30-remy-cabella-porte-saint-etienne\/#respond"]}],"copyrightYear":"2018","copyrightHolder":{"@id":"https:\/\/dicodusport.fr\/blog\/#organization"}},{"@type":"WebPage","@id":"https:\/\/dicodusport.fr\/blog\/les-coulisses-de-la-ligue-1-30-remy-cabella-porte-saint-etienne\/","url":"https:\/\/dicodusport.fr\/blog\/les-coulisses-de-la-ligue-1-30-remy-cabella-porte-saint-etienne\/","name":"Les coulisses de la Ligue 1 #30 : R\u00e9my Cabella porte Saint-Etienne","isPartOf":{"@id":"https:\/\/dicodusport.fr\/blog\/#website"},"primaryImageOfPage":{"@id":"https:\/\/dicodusport.fr\/blog\/les-coulisses-de-la-ligue-1-30-remy-cabella-porte-saint-etienne\/#primaryimage"},"image":{"@id":"https:\/\/dicodusport.fr\/blog\/les-coulisses-de-la-ligue-1-30-remy-cabella-porte-saint-etienne\/#primaryimage"},"thumbnailUrl":"https:\/\/dicodusport.fr\/blog\/wp-content\/uploads\/2018\/03\/R\u00e9my-Cabella-Joueur-de-la-semaine-Ligue-1.png","datePublished":"2018-03-20T17:45:41+00:00","dateModified":"2018-03-20T18:08:10+00:00","description":"Dans la 30\u00e8me journ\u00e9e, un grand R\u00e9my Cabella donne la victoire aux Verts face \u00e0 Guingamp.","breadcrumb":{"@id":"https:\/\/dicodusport.fr\/blog\/les-coulisses-de-la-ligue-1-30-remy-cabella-porte-saint-etienne\/#breadcrumb"},"inLanguage":"fr-FR","potentialAction":[{"@type":"ReadAction","target":["https:\/\/dicodusport.fr\/blog\/les-coulisses-de-la-ligue-1-30-remy-cabella-porte-saint-etienne\/"]}]},{"@type":"ImageObject","inLanguage":"fr-FR","@id":"https:\/\/dicodusport.fr\/blog\/les-coulisses-de-la-ligue-1-30-remy-cabella-porte-saint-etienne\/#primaryimage","url":"https:\/\/dicodusport.fr\/blog\/wp-content\/uploads\/2018\/03\/R\u00e9my-Cabella-Joueur-de-la-semaine-Ligue-1.png","contentUrl":"https:\/\/dicodusport.fr\/blog\/wp-content\/uploads\/2018\/03\/R\u00e9my-Cabella-Joueur-de-la-semaine-Ligue-1.png","width":1059,"height":588,"caption":"R\u00e9my Cabella Joueur de la semaine Ligue 1"},{"@type":"BreadcrumbList","@id":"https:\/\/dicodusport.fr\/blog\/les-coulisses-de-la-ligue-1-30-remy-cabella-porte-saint-etienne\/#breadcrumb","itemListElement":[{"@type":"ListItem","position":1,"name":"Accueil","item":"https:\/\/dicodusport.fr\/blog\/"},{"@type":"ListItem","position":2,"name":"Les coulisses de la Ligue 1 #30 : R\u00e9my Cabella porte Saint-Etienne"}]},{"@type":"WebSite","@id":"https:\/\/dicodusport.fr\/blog\/#website","url":"https:\/\/dicodusport.fr\/blog\/","name":"Dicodusport","description":"L&#039;encyclop\u00e9die de l&#039;actualit\u00e9 sportive","publisher":{"@id":"https:\/\/dicodusport.fr\/blog\/#organization"},"potentialAction":[{"@type":"SearchAction","target":{"@type":"EntryPoint","urlTemplate":"https:\/\/dicodusport.fr\/blog\/?s={search_term_string}"},"query-input":{"@type":"PropertyValueSpecification","valueRequired":true,"valueName":"search_term_string"}}],"inLanguage":"fr-FR"},{"@type":"NewsMediaOrganization","@id":"https:\/\/dicodusport.fr\/blog\/#organization","name":"Dicodusport","url":"https:\/\/dicodusport.fr\/blog\/","logo":{"@type":"ImageObject","inLanguage":"fr-FR","@id":"https:\/\/dicodusport.fr\/blog\/#\/schema\/logo\/image\/","url":"https:\/\/dicodusport.fr\/blog\/wp-content\/uploads\/2020\/06\/cropped-LOGO-DICODUSPORT-2020-SANS-FOND-SANS-TEXTE.png","contentUrl":"https:\/\/dicodusport.fr\/blog\/wp-content\/uploads\/2020\/06\/cropped-LOGO-DICODUSPORT-2020-SANS-FOND-SANS-TEXTE.png","width":512,"height":512,"caption":"Dicodusport"},"image":{"@id":"https:\/\/dicodusport.fr\/blog\/#\/schema\/logo\/image\/"},"sameAs":["https:\/\/www.facebook.com\/dicodusport","https:\/\/x.com\/dicodusport","https:\/\/www.instagram.com\/dicodusport\/","https:\/\/www.youtube.com\/channel\/UC7V2KZ5sd3htJivAbA4ZG3w"],"description":"Dicodusport est l'encyclop\u00e9die de l'actualit\u00e9 sportive.","email":"bonjour@dicodusport.fr","legalName":"DICODUSPORT","foundingDate":"2018-01-14","vatID":"FR71834470973","taxID":"83447097300043","numberOfEmployees":{"@type":"QuantitativeValue","minValue":"1","maxValue":"10"}},{"@type":"Person","@id":"https:\/\/dicodusport.fr\/blog\/#\/schema\/person\/55dcb50ad410894e431ed812bbb70191","name":"Nicolas Jacquemard","image":{"@type":"ImageObject","inLanguage":"fr-FR","@id":"https:\/\/dicodusport.fr\/blog\/#\/schema\/person\/image\/","url":"https:\/\/dicodusport.fr\/blog\/wp-content\/uploads\/2021\/05\/Nicolas-Jacquemard-150x150.jpeg","contentUrl":"https:\/\/dicodusport.fr\/blog\/wp-content\/uploads\/2021\/05\/Nicolas-Jacquemard-150x150.jpeg","caption":"Nicolas Jacquemard"},"description":"Passionn\u00e9 de sport et entrepreneur depuis mes 18 ans, la cr\u00e9ation de Dicodusport m'a sembl\u00e9 \u00e9vidente pour participer \u00e0 la m\u00e9diatisation d'un plus grand nombre de sports. Le chemin est long mais avec une \u00e9quipe des plus motiv\u00e9es et les Jeux Olympiques de Paris 2024 en point de mire, nous y arriverons ! Journaliste dans le monde du sport depuis plus de 5 ans, je traite aussi bien de football, de rugby, de biathlon que de cyclisme.","sameAs":["https:\/\/www.facebook.com\/dicodusport","https:\/\/x.com\/https:\/\/twitter.com\/Nico_Jacquemard"],"url":"https:\/\/dicodusport.fr\/blog\/author\/dicodusport\/"}]}},"_links":{"self":[{"href":"https:\/\/dicodusport.fr\/blog\/wp-json\/wp\/v2\/posts\/14903","targetHints":{"allow":["GET"]}}],"collection":[{"href":"https:\/\/dicodusport.fr\/blog\/wp-json\/wp\/v2\/posts"}],"about":[{"href":"https:\/\/dicodusport.fr\/blog\/wp-json\/wp\/v2\/types\/post"}],"author":[{"embeddable":true,"href":"https:\/\/dicodusport.fr\/blog\/wp-json\/wp\/v2\/users\/1"}],"replies":[{"embeddable":true,"href":"https:\/\/dicodusport.fr\/blog\/wp-json\/wp\/v2\/comments?post=14903"}],"version-history":[{"count":0,"href":"https:\/\/dicodusport.fr\/blog\/wp-json\/wp\/v2\/posts\/14903\/revisions"}],"wp:featuredmedia":[{"embeddable":true,"href":"https:\/\/dicodusport.fr\/blog\/wp-json\/wp\/v2\/media\/14907"}],"wp:attachment":[{"href":"https:\/\/dicodusport.fr\/blog\/wp-json\/wp\/v2\/media?parent=14903"}],"wp:term":[{"taxonomy":"category","embeddable":true,"href":"https:\/\/dicodusport.fr\/blog\/wp-json\/wp\/v2\/categories?post=14903"},{"taxonomy":"post_tag","embeddable":true,"href":"https:\/\/dicodusport.fr\/blog\/wp-json\/wp\/v2\/tags?post=14903"}],"curies":[{"name":"wp","href":"https:\/\/api.w.org\/{rel}","templated":true}]}}