{"id":14919,"date":"2018-03-21T11:00:00","date_gmt":"2018-03-21T10:00:00","guid":{"rendered":"http:\/\/dicodusport.fr\/blog\/?p=14919"},"modified":"2018-03-21T10:23:48","modified_gmt":"2018-03-21T09:23:48","slug":"33-eme-edition-pierra-menta-spectaculaire","status":"publish","type":"post","link":"https:\/\/dicodusport.fr\/blog\/33-eme-edition-pierra-menta-spectaculaire\/","title":{"rendered":"Une 33\u00e8me \u00e9dition de la Pierra Menta spectaculaire !"},"content":{"rendered":"<p style=\"text-align: justify;\"><strong><em>La 33<sup>\u00e8me<\/sup> \u00e9dition de la Pierra Menta a rendu son verdict le week-end dernier. L\u2019occasion de d\u00e9couvrir cette \u00e9preuve reine du ski alpinisme, une discipline spectaculaire et particuli\u00e8rement intense. <\/em><\/strong><\/p>\n<p style=\"text-align: justify;\">Quatre jours de comp\u00e9tition, pour un total de 10 000 m\u00e8tres de d\u00e9nivel\u00e9 positif. Voil\u00e0 le programme de cette nouvelle \u00e9dition de la Pierra Menta pour les 215 \u00e9quipes au d\u00e9part. Le ski alpinisme ne fait pas dans la dentelle et r\u00e9serve, \u00e0 chaque comp\u00e9tition, un programme charg\u00e9. Cette discipline, qui se pratique sur des pentes souvent tr\u00e8s fortes, propose aux participants des encha\u00eenements de mont\u00e9es pour costauds (allant jusqu\u2019\u00e0 2 600 m\u00e8tres) et de descentes parfois tr\u00e8s techniques. La Pierra Menta offre ainsi des images impressionnantes aux spectateurs.<\/p>\n<div id=\"attachment_14920\" style=\"width: 670px\" class=\"wp-caption aligncenter\"><img loading=\"lazy\" decoding=\"async\" aria-describedby=\"caption-attachment-14920\" class=\"size-large wp-image-14920\" src=\"http:\/\/dicodusport.fr\/blog\/wp-content\/uploads\/2018\/03\/Une-ambiance-incroyable-sur-la-Pierra-Menta-Jocelyn-Chavy-1024x684.jpg\" alt=\"\" width=\"660\" height=\"441\" srcset=\"https:\/\/dicodusport.fr\/blog\/wp-content\/uploads\/2018\/03\/Une-ambiance-incroyable-sur-la-Pierra-Menta-Jocelyn-Chavy-1024x684.jpg 1024w, https:\/\/dicodusport.fr\/blog\/wp-content\/uploads\/2018\/03\/Une-ambiance-incroyable-sur-la-Pierra-Menta-Jocelyn-Chavy-300x200.jpg 300w, https:\/\/dicodusport.fr\/blog\/wp-content\/uploads\/2018\/03\/Une-ambiance-incroyable-sur-la-Pierra-Menta-Jocelyn-Chavy-768x513.jpg 768w, https:\/\/dicodusport.fr\/blog\/wp-content\/uploads\/2018\/03\/Une-ambiance-incroyable-sur-la-Pierra-Menta-Jocelyn-Chavy.jpg 2000w\" sizes=\"auto, (max-width: 660px) 100vw, 660px\" \/><p id=\"caption-attachment-14920\" class=\"wp-caption-text\">Une ambiance incroyable sur la Pierra Menta &#8211; Jocelyn Chavy<\/p><\/div>\n<p style=\"text-align: justify;\">Cette course, qui existe depuis 1986, se dispute en bin\u00f4me, au meilleur des quatre \u00e9tapes. Pour cette 33<sup>\u00e8me<\/sup> \u00e9dition, les grands noms de la discipline \u00e9taient au rendez-vous, avec notamment, chez les hommes, la pr\u00e9sence du tr\u00e8s m\u00e9diatique Kilian Jornet, le sportif de l\u2019extr\u00eame, ma\u00eetre de l\u2019ultra trail et du ski alpinisme (sans oublier sa double ascension de l\u2019Everest en une semaine).<\/p>\n<p style=\"text-align: justify;\">Accompagn\u00e9 de son co\u00e9quipier Jakob Herrmann, l\u2019Espagnol remporta la deuxi\u00e8me et la troisi\u00e8me \u00e9tape de cette Pierra Menta version 2018. Malheureusement pour lui, sa chute dans la quatri\u00e8me et derni\u00e8re \u00e9tape de ce rendez-vous majeur du ski alpinisme l\u2019obligea \u00e0 abandonner suite \u00e0 une fracture du p\u00e9ron\u00e9. Les Italiens Michele Boscacci et Robert Antonioli en profitent alors pour s\u2019adjuger cette 33<sup>\u00e8me<\/sup> \u00e9dition de la Pierra Menta, devant les Fran\u00e7ais Xavier Gachet et William Bon Mardion.<\/p>\n<div id=\"attachment_14921\" style=\"width: 860px\" class=\"wp-caption aligncenter\"><img loading=\"lazy\" decoding=\"async\" aria-describedby=\"caption-attachment-14921\" class=\"size-full wp-image-14921\" src=\"http:\/\/dicodusport.fr\/blog\/wp-content\/uploads\/2018\/03\/Kilian-Jornet-une-nouvelle-fois-impressionnant-avant-son-abandon-Re\u0301mi-Fabregue.jpg\" alt=\"\" width=\"850\" height=\"550\" srcset=\"https:\/\/dicodusport.fr\/blog\/wp-content\/uploads\/2018\/03\/Kilian-Jornet-une-nouvelle-fois-impressionnant-avant-son-abandon-Re\u0301mi-Fabregue.jpg 850w, https:\/\/dicodusport.fr\/blog\/wp-content\/uploads\/2018\/03\/Kilian-Jornet-une-nouvelle-fois-impressionnant-avant-son-abandon-Re\u0301mi-Fabregue-300x194.jpg 300w, https:\/\/dicodusport.fr\/blog\/wp-content\/uploads\/2018\/03\/Kilian-Jornet-une-nouvelle-fois-impressionnant-avant-son-abandon-Re\u0301mi-Fabregue-768x497.jpg 768w\" sizes=\"auto, (max-width: 850px) 100vw, 850px\" \/><p id=\"caption-attachment-14921\" class=\"wp-caption-text\">Kilian Jornet, une nouvelle fois impressionnant avant son abandon &#8211; Re\u0301mi Fabregue<\/p><\/div>\n<p style=\"text-align: justify;\">C\u00f4t\u00e9 femmes, la lutte fut belle entre les deux bin\u00f4mes des favorites. Victorieux dans la premi\u00e8re \u00e9tape de cette Pierra Menta, le duo compos\u00e9 de la Fran\u00e7aise Axelle Mollaret et de l\u2019Italienne Katia Tomatis s\u2019adjugera \u00e9galement les deux \u00e9tapes suivantes, ne laissant que la quatri\u00e8me \u00e9tape au duo Laetitia Roux et Emelie Forsberg, qui pointera tout de m\u00eame \u00e0 plus de 10 minutes \u00e0 l\u2019issue de cette quatri\u00e8me et derni\u00e8re \u00e9tape de la Pierra Menta version 2018.<\/p>\n<p><strong><em>Bastien Pitte<br \/>\n<a href=\"https:\/\/www.facebook.com\/bastien.pitte\" target=\"_blank\" rel=\"noopener\"><img loading=\"lazy\" decoding=\"async\" class=\"alignnone wp-image-2909\" src=\"http:\/\/dicodusport.fr\/blog\/wp-content\/uploads\/2017\/07\/logo-facebook-150x150.png\" alt=\"\" width=\"39\" height=\"39\" \/><\/a><\/em><\/strong><a href=\"https:\/\/www.linkedin.com\/in\/bastien-pitte\" target=\"_blank\" rel=\"noopener\"><img loading=\"lazy\" decoding=\"async\" class=\"alignnone wp-image-3711\" src=\"http:\/\/dicodusport.fr\/blog\/wp-content\/uploads\/2017\/08\/signature-linkedin-150x150.png\" alt=\"\" width=\"39\" height=\"39\" srcset=\"https:\/\/dicodusport.fr\/blog\/wp-content\/uploads\/2017\/08\/signature-linkedin-150x150.png 150w, https:\/\/dicodusport.fr\/blog\/wp-content\/uploads\/2017\/08\/signature-linkedin.png 295w\" sizes=\"auto, (max-width: 39px) 100vw, 39px\" \/><\/a><\/p>\n","protected":false},"excerpt":{"rendered":"<p>La 33\u00e8me \u00e9dition de la Pierra Menta a rendu son verdict le weekend dernier. L\u2019occasion de d\u00e9couvrir cette \u00e9preuve reine du ski alpinisme, une discipline spectaculaire et particuli\u00e8rement intense.<\/p>\n","protected":false},"author":28,"featured_media":14928,"comment_status":"open","ping_status":"closed","sticky":false,"template":"","format":"standard","meta":{"_acf_changed":false,"_daextam_enable_autolinks":"","footnotes":""},"categories":[2,2313],"tags":[4231,4230],"class_list":["post-14919","post","type-post","status-publish","format-standard","has-post-thumbnail","hentry","category-actualites","category-sports-dhiver","tag-kilian-jornet","tag-ski-alpinisme"],"acf":[],"yoast_head":"<!-- This site is optimized with the Yoast SEO Premium plugin v26.7 (Yoast SEO v26.7) - https:\/\/yoast.com\/wordpress\/plugins\/seo\/ -->\n<title>Une 33\u00e8me \u00e9dition de la Pierra Menta spectaculaire !<\/title>\n<meta name=\"description\" content=\"La 33\u00e8me \u00e9dition de la Pierra Menta a rendu son verdict le weekend dernier. L\u2019occasion de d\u00e9couvrir cette \u00e9preuve reine du ski alpinisme, une discipline spectaculaire et particuli\u00e8rement intense.\" \/>\n<meta name=\"robots\" content=\"index, follow, max-snippet:-1, max-image-preview:large, max-video-preview:-1\" \/>\n<link rel=\"canonical\" href=\"https:\/\/dicodusport.fr\/blog\/33-eme-edition-pierra-menta-spectaculaire\/\" \/>\n<meta property=\"og:locale\" content=\"fr_FR\" \/>\n<meta property=\"og:type\" content=\"article\" \/>\n<meta property=\"og:title\" content=\"Une 33\u00e8me \u00e9dition de la Pierra Menta spectaculaire !\" \/>\n<meta property=\"og:description\" content=\"La 33\u00e8me \u00e9dition de la Pierra Menta a rendu son verdict le weekend dernier. L\u2019occasion de d\u00e9couvrir cette \u00e9preuve reine du ski alpinisme, une discipline spectaculaire et particuli\u00e8rement intense.\" \/>\n<meta property=\"og:url\" content=\"https:\/\/dicodusport.fr\/blog\/33-eme-edition-pierra-menta-spectaculaire\/\" \/>\n<meta property=\"og:site_name\" content=\"Dicodusport\" \/>\n<meta property=\"article:publisher\" content=\"https:\/\/www.facebook.com\/dicodusport\" \/>\n<meta property=\"article:published_time\" content=\"2018-03-21T10:00:00+00:00\" \/>\n<meta property=\"og:image\" content=\"https:\/\/dicodusport.fr\/blog\/wp-content\/uploads\/2018\/03\/Pierra-Menta.png\" \/>\n\t<meta property=\"og:image:width\" content=\"800\" \/>\n\t<meta property=\"og:image:height\" content=\"445\" \/>\n\t<meta property=\"og:image:type\" content=\"image\/png\" \/>\n<meta name=\"author\" content=\"Bastien Pitte\" \/>\n<meta name=\"twitter:card\" content=\"summary_large_image\" \/>\n<meta name=\"twitter:creator\" content=\"@dicodusport\" \/>\n<meta name=\"twitter:site\" content=\"@dicodusport\" \/>\n<script type=\"application\/ld+json\" class=\"yoast-schema-graph\">{\"@context\":\"https:\/\/schema.org\",\"@graph\":[{\"@type\":\"NewsArticle\",\"@id\":\"https:\/\/dicodusport.fr\/blog\/33-eme-edition-pierra-menta-spectaculaire\/#article\",\"isPartOf\":{\"@id\":\"https:\/\/dicodusport.fr\/blog\/33-eme-edition-pierra-menta-spectaculaire\/\"},\"author\":{\"name\":\"Bastien Pitte\",\"@id\":\"https:\/\/dicodusport.fr\/blog\/#\/schema\/person\/0d3ca824646a2d0c77bdd7e45230c071\"},\"headline\":\"Une 33\u00e8me \u00e9dition de la Pierra Menta spectaculaire !\",\"datePublished\":\"2018-03-21T10:00:00+00:00\",\"mainEntityOfPage\":{\"@id\":\"https:\/\/dicodusport.fr\/blog\/33-eme-edition-pierra-menta-spectaculaire\/\"},\"wordCount\":409,\"commentCount\":0,\"publisher\":{\"@id\":\"https:\/\/dicodusport.fr\/blog\/#organization\"},\"image\":{\"@id\":\"https:\/\/dicodusport.fr\/blog\/33-eme-edition-pierra-menta-spectaculaire\/#primaryimage\"},\"thumbnailUrl\":\"https:\/\/dicodusport.fr\/blog\/wp-content\/uploads\/2018\/03\/Pierra-Menta.png\",\"keywords\":[\"Kilian Jornet\",\"Ski alpinisme\"],\"articleSection\":[\"Actualit\u00e9s\",\"Sports d'hiver\"],\"inLanguage\":\"fr-FR\",\"potentialAction\":[{\"@type\":\"CommentAction\",\"name\":\"Comment\",\"target\":[\"https:\/\/dicodusport.fr\/blog\/33-eme-edition-pierra-menta-spectaculaire\/#respond\"]}],\"copyrightYear\":\"2018\",\"copyrightHolder\":{\"@id\":\"https:\/\/dicodusport.fr\/blog\/#organization\"}},{\"@type\":\"WebPage\",\"@id\":\"https:\/\/dicodusport.fr\/blog\/33-eme-edition-pierra-menta-spectaculaire\/\",\"url\":\"https:\/\/dicodusport.fr\/blog\/33-eme-edition-pierra-menta-spectaculaire\/\",\"name\":\"Une 33\u00e8me \u00e9dition de la Pierra Menta spectaculaire !\",\"isPartOf\":{\"@id\":\"https:\/\/dicodusport.fr\/blog\/#website\"},\"primaryImageOfPage\":{\"@id\":\"https:\/\/dicodusport.fr\/blog\/33-eme-edition-pierra-menta-spectaculaire\/#primaryimage\"},\"image\":{\"@id\":\"https:\/\/dicodusport.fr\/blog\/33-eme-edition-pierra-menta-spectaculaire\/#primaryimage\"},\"thumbnailUrl\":\"https:\/\/dicodusport.fr\/blog\/wp-content\/uploads\/2018\/03\/Pierra-Menta.png\",\"datePublished\":\"2018-03-21T10:00:00+00:00\",\"description\":\"La 33\u00e8me \u00e9dition de la Pierra Menta a rendu son verdict le weekend dernier. L\u2019occasion de d\u00e9couvrir cette \u00e9preuve reine du ski alpinisme, une discipline spectaculaire et particuli\u00e8rement intense.\",\"breadcrumb\":{\"@id\":\"https:\/\/dicodusport.fr\/blog\/33-eme-edition-pierra-menta-spectaculaire\/#breadcrumb\"},\"inLanguage\":\"fr-FR\",\"potentialAction\":[{\"@type\":\"ReadAction\",\"target\":[\"https:\/\/dicodusport.fr\/blog\/33-eme-edition-pierra-menta-spectaculaire\/\"]}]},{\"@type\":\"ImageObject\",\"inLanguage\":\"fr-FR\",\"@id\":\"https:\/\/dicodusport.fr\/blog\/33-eme-edition-pierra-menta-spectaculaire\/#primaryimage\",\"url\":\"https:\/\/dicodusport.fr\/blog\/wp-content\/uploads\/2018\/03\/Pierra-Menta.png\",\"contentUrl\":\"https:\/\/dicodusport.fr\/blog\/wp-content\/uploads\/2018\/03\/Pierra-Menta.png\",\"width\":800,\"height\":445},{\"@type\":\"BreadcrumbList\",\"@id\":\"https:\/\/dicodusport.fr\/blog\/33-eme-edition-pierra-menta-spectaculaire\/#breadcrumb\",\"itemListElement\":[{\"@type\":\"ListItem\",\"position\":1,\"name\":\"Accueil\",\"item\":\"https:\/\/dicodusport.fr\/blog\/\"},{\"@type\":\"ListItem\",\"position\":2,\"name\":\"Une 33\u00e8me \u00e9dition de la Pierra Menta spectaculaire !\"}]},{\"@type\":\"WebSite\",\"@id\":\"https:\/\/dicodusport.fr\/blog\/#website\",\"url\":\"https:\/\/dicodusport.fr\/blog\/\",\"name\":\"Dicodusport\",\"description\":\"L&#039;encyclop\u00e9die de l&#039;actualit\u00e9 sportive\",\"publisher\":{\"@id\":\"https:\/\/dicodusport.fr\/blog\/#organization\"},\"potentialAction\":[{\"@type\":\"SearchAction\",\"target\":{\"@type\":\"EntryPoint\",\"urlTemplate\":\"https:\/\/dicodusport.fr\/blog\/?s={search_term_string}\"},\"query-input\":{\"@type\":\"PropertyValueSpecification\",\"valueRequired\":true,\"valueName\":\"search_term_string\"}}],\"inLanguage\":\"fr-FR\"},{\"@type\":\"NewsMediaOrganization\",\"@id\":\"https:\/\/dicodusport.fr\/blog\/#organization\",\"name\":\"Dicodusport\",\"url\":\"https:\/\/dicodusport.fr\/blog\/\",\"logo\":{\"@type\":\"ImageObject\",\"inLanguage\":\"fr-FR\",\"@id\":\"https:\/\/dicodusport.fr\/blog\/#\/schema\/logo\/image\/\",\"url\":\"https:\/\/dicodusport.fr\/blog\/wp-content\/uploads\/2020\/06\/cropped-LOGO-DICODUSPORT-2020-SANS-FOND-SANS-TEXTE.png\",\"contentUrl\":\"https:\/\/dicodusport.fr\/blog\/wp-content\/uploads\/2020\/06\/cropped-LOGO-DICODUSPORT-2020-SANS-FOND-SANS-TEXTE.png\",\"width\":512,\"height\":512,\"caption\":\"Dicodusport\"},\"image\":{\"@id\":\"https:\/\/dicodusport.fr\/blog\/#\/schema\/logo\/image\/\"},\"sameAs\":[\"https:\/\/www.facebook.com\/dicodusport\",\"https:\/\/x.com\/dicodusport\",\"https:\/\/www.instagram.com\/dicodusport\/\",\"https:\/\/www.youtube.com\/channel\/UC7V2KZ5sd3htJivAbA4ZG3w\"],\"description\":\"Dicodusport est l'encyclop\u00e9die de l'actualit\u00e9 sportive.\",\"email\":\"bonjour@dicodusport.fr\",\"legalName\":\"DICODUSPORT\",\"foundingDate\":\"2018-01-14\",\"vatID\":\"FR71834470973\",\"taxID\":\"83447097300043\",\"numberOfEmployees\":{\"@type\":\"QuantitativeValue\",\"minValue\":\"1\",\"maxValue\":\"10\"}},{\"@type\":\"Person\",\"@id\":\"https:\/\/dicodusport.fr\/blog\/#\/schema\/person\/0d3ca824646a2d0c77bdd7e45230c071\",\"name\":\"Bastien Pitte\",\"image\":{\"@type\":\"ImageObject\",\"inLanguage\":\"fr-FR\",\"@id\":\"https:\/\/dicodusport.fr\/blog\/#\/schema\/person\/image\/\",\"url\":\"https:\/\/dicodusport.fr\/blog\/wp-content\/uploads\/2020\/06\/cropped-LOGO-DICODUSPORT-2020-SANS-FOND-SANS-TEXTE-150x150.png\",\"contentUrl\":\"https:\/\/dicodusport.fr\/blog\/wp-content\/uploads\/2020\/06\/cropped-LOGO-DICODUSPORT-2020-SANS-FOND-SANS-TEXTE-150x150.png\",\"caption\":\"Bastien Pitte\"},\"url\":\"https:\/\/dicodusport.fr\/blog\/author\/bastien\/\"}]}<\/script>\n<!-- \/ Yoast SEO Premium plugin. -->","yoast_head_json":{"title":"Une 33\u00e8me \u00e9dition de la Pierra Menta spectaculaire !","description":"La 33\u00e8me \u00e9dition de la Pierra Menta a rendu son verdict le weekend dernier. L\u2019occasion de d\u00e9couvrir cette \u00e9preuve reine du ski alpinisme, une discipline spectaculaire et particuli\u00e8rement intense.","robots":{"index":"index","follow":"follow","max-snippet":"max-snippet:-1","max-image-preview":"max-image-preview:large","max-video-preview":"max-video-preview:-1"},"canonical":"https:\/\/dicodusport.fr\/blog\/33-eme-edition-pierra-menta-spectaculaire\/","og_locale":"fr_FR","og_type":"article","og_title":"Une 33\u00e8me \u00e9dition de la Pierra Menta spectaculaire !","og_description":"La 33\u00e8me \u00e9dition de la Pierra Menta a rendu son verdict le weekend dernier. L\u2019occasion de d\u00e9couvrir cette \u00e9preuve reine du ski alpinisme, une discipline spectaculaire et particuli\u00e8rement intense.","og_url":"https:\/\/dicodusport.fr\/blog\/33-eme-edition-pierra-menta-spectaculaire\/","og_site_name":"Dicodusport","article_publisher":"https:\/\/www.facebook.com\/dicodusport","article_published_time":"2018-03-21T10:00:00+00:00","og_image":[{"width":800,"height":445,"url":"https:\/\/dicodusport.fr\/blog\/wp-content\/uploads\/2018\/03\/Pierra-Menta.png","type":"image\/png"}],"author":"Bastien Pitte","twitter_card":"summary_large_image","twitter_creator":"@dicodusport","twitter_site":"@dicodusport","schema":{"@context":"https:\/\/schema.org","@graph":[{"@type":"NewsArticle","@id":"https:\/\/dicodusport.fr\/blog\/33-eme-edition-pierra-menta-spectaculaire\/#article","isPartOf":{"@id":"https:\/\/dicodusport.fr\/blog\/33-eme-edition-pierra-menta-spectaculaire\/"},"author":{"name":"Bastien Pitte","@id":"https:\/\/dicodusport.fr\/blog\/#\/schema\/person\/0d3ca824646a2d0c77bdd7e45230c071"},"headline":"Une 33\u00e8me \u00e9dition de la Pierra Menta spectaculaire !","datePublished":"2018-03-21T10:00:00+00:00","mainEntityOfPage":{"@id":"https:\/\/dicodusport.fr\/blog\/33-eme-edition-pierra-menta-spectaculaire\/"},"wordCount":409,"commentCount":0,"publisher":{"@id":"https:\/\/dicodusport.fr\/blog\/#organization"},"image":{"@id":"https:\/\/dicodusport.fr\/blog\/33-eme-edition-pierra-menta-spectaculaire\/#primaryimage"},"thumbnailUrl":"https:\/\/dicodusport.fr\/blog\/wp-content\/uploads\/2018\/03\/Pierra-Menta.png","keywords":["Kilian Jornet","Ski alpinisme"],"articleSection":["Actualit\u00e9s","Sports d'hiver"],"inLanguage":"fr-FR","potentialAction":[{"@type":"CommentAction","name":"Comment","target":["https:\/\/dicodusport.fr\/blog\/33-eme-edition-pierra-menta-spectaculaire\/#respond"]}],"copyrightYear":"2018","copyrightHolder":{"@id":"https:\/\/dicodusport.fr\/blog\/#organization"}},{"@type":"WebPage","@id":"https:\/\/dicodusport.fr\/blog\/33-eme-edition-pierra-menta-spectaculaire\/","url":"https:\/\/dicodusport.fr\/blog\/33-eme-edition-pierra-menta-spectaculaire\/","name":"Une 33\u00e8me \u00e9dition de la Pierra Menta spectaculaire !","isPartOf":{"@id":"https:\/\/dicodusport.fr\/blog\/#website"},"primaryImageOfPage":{"@id":"https:\/\/dicodusport.fr\/blog\/33-eme-edition-pierra-menta-spectaculaire\/#primaryimage"},"image":{"@id":"https:\/\/dicodusport.fr\/blog\/33-eme-edition-pierra-menta-spectaculaire\/#primaryimage"},"thumbnailUrl":"https:\/\/dicodusport.fr\/blog\/wp-content\/uploads\/2018\/03\/Pierra-Menta.png","datePublished":"2018-03-21T10:00:00+00:00","description":"La 33\u00e8me \u00e9dition de la Pierra Menta a rendu son verdict le weekend dernier. L\u2019occasion de d\u00e9couvrir cette \u00e9preuve reine du ski alpinisme, une discipline spectaculaire et particuli\u00e8rement intense.","breadcrumb":{"@id":"https:\/\/dicodusport.fr\/blog\/33-eme-edition-pierra-menta-spectaculaire\/#breadcrumb"},"inLanguage":"fr-FR","potentialAction":[{"@type":"ReadAction","target":["https:\/\/dicodusport.fr\/blog\/33-eme-edition-pierra-menta-spectaculaire\/"]}]},{"@type":"ImageObject","inLanguage":"fr-FR","@id":"https:\/\/dicodusport.fr\/blog\/33-eme-edition-pierra-menta-spectaculaire\/#primaryimage","url":"https:\/\/dicodusport.fr\/blog\/wp-content\/uploads\/2018\/03\/Pierra-Menta.png","contentUrl":"https:\/\/dicodusport.fr\/blog\/wp-content\/uploads\/2018\/03\/Pierra-Menta.png","width":800,"height":445},{"@type":"BreadcrumbList","@id":"https:\/\/dicodusport.fr\/blog\/33-eme-edition-pierra-menta-spectaculaire\/#breadcrumb","itemListElement":[{"@type":"ListItem","position":1,"name":"Accueil","item":"https:\/\/dicodusport.fr\/blog\/"},{"@type":"ListItem","position":2,"name":"Une 33\u00e8me \u00e9dition de la Pierra Menta spectaculaire !"}]},{"@type":"WebSite","@id":"https:\/\/dicodusport.fr\/blog\/#website","url":"https:\/\/dicodusport.fr\/blog\/","name":"Dicodusport","description":"L&#039;encyclop\u00e9die de l&#039;actualit\u00e9 sportive","publisher":{"@id":"https:\/\/dicodusport.fr\/blog\/#organization"},"potentialAction":[{"@type":"SearchAction","target":{"@type":"EntryPoint","urlTemplate":"https:\/\/dicodusport.fr\/blog\/?s={search_term_string}"},"query-input":{"@type":"PropertyValueSpecification","valueRequired":true,"valueName":"search_term_string"}}],"inLanguage":"fr-FR"},{"@type":"NewsMediaOrganization","@id":"https:\/\/dicodusport.fr\/blog\/#organization","name":"Dicodusport","url":"https:\/\/dicodusport.fr\/blog\/","logo":{"@type":"ImageObject","inLanguage":"fr-FR","@id":"https:\/\/dicodusport.fr\/blog\/#\/schema\/logo\/image\/","url":"https:\/\/dicodusport.fr\/blog\/wp-content\/uploads\/2020\/06\/cropped-LOGO-DICODUSPORT-2020-SANS-FOND-SANS-TEXTE.png","contentUrl":"https:\/\/dicodusport.fr\/blog\/wp-content\/uploads\/2020\/06\/cropped-LOGO-DICODUSPORT-2020-SANS-FOND-SANS-TEXTE.png","width":512,"height":512,"caption":"Dicodusport"},"image":{"@id":"https:\/\/dicodusport.fr\/blog\/#\/schema\/logo\/image\/"},"sameAs":["https:\/\/www.facebook.com\/dicodusport","https:\/\/x.com\/dicodusport","https:\/\/www.instagram.com\/dicodusport\/","https:\/\/www.youtube.com\/channel\/UC7V2KZ5sd3htJivAbA4ZG3w"],"description":"Dicodusport est l'encyclop\u00e9die de l'actualit\u00e9 sportive.","email":"bonjour@dicodusport.fr","legalName":"DICODUSPORT","foundingDate":"2018-01-14","vatID":"FR71834470973","taxID":"83447097300043","numberOfEmployees":{"@type":"QuantitativeValue","minValue":"1","maxValue":"10"}},{"@type":"Person","@id":"https:\/\/dicodusport.fr\/blog\/#\/schema\/person\/0d3ca824646a2d0c77bdd7e45230c071","name":"Bastien Pitte","image":{"@type":"ImageObject","inLanguage":"fr-FR","@id":"https:\/\/dicodusport.fr\/blog\/#\/schema\/person\/image\/","url":"https:\/\/dicodusport.fr\/blog\/wp-content\/uploads\/2020\/06\/cropped-LOGO-DICODUSPORT-2020-SANS-FOND-SANS-TEXTE-150x150.png","contentUrl":"https:\/\/dicodusport.fr\/blog\/wp-content\/uploads\/2020\/06\/cropped-LOGO-DICODUSPORT-2020-SANS-FOND-SANS-TEXTE-150x150.png","caption":"Bastien Pitte"},"url":"https:\/\/dicodusport.fr\/blog\/author\/bastien\/"}]}},"_links":{"self":[{"href":"https:\/\/dicodusport.fr\/blog\/wp-json\/wp\/v2\/posts\/14919","targetHints":{"allow":["GET"]}}],"collection":[{"href":"https:\/\/dicodusport.fr\/blog\/wp-json\/wp\/v2\/posts"}],"about":[{"href":"https:\/\/dicodusport.fr\/blog\/wp-json\/wp\/v2\/types\/post"}],"author":[{"embeddable":true,"href":"https:\/\/dicodusport.fr\/blog\/wp-json\/wp\/v2\/users\/28"}],"replies":[{"embeddable":true,"href":"https:\/\/dicodusport.fr\/blog\/wp-json\/wp\/v2\/comments?post=14919"}],"version-history":[{"count":0,"href":"https:\/\/dicodusport.fr\/blog\/wp-json\/wp\/v2\/posts\/14919\/revisions"}],"wp:featuredmedia":[{"embeddable":true,"href":"https:\/\/dicodusport.fr\/blog\/wp-json\/wp\/v2\/media\/14928"}],"wp:attachment":[{"href":"https:\/\/dicodusport.fr\/blog\/wp-json\/wp\/v2\/media?parent=14919"}],"wp:term":[{"taxonomy":"category","embeddable":true,"href":"https:\/\/dicodusport.fr\/blog\/wp-json\/wp\/v2\/categories?post=14919"},{"taxonomy":"post_tag","embeddable":true,"href":"https:\/\/dicodusport.fr\/blog\/wp-json\/wp\/v2\/tags?post=14919"}],"curies":[{"name":"wp","href":"https:\/\/api.w.org\/{rel}","templated":true}]}}