{"id":14945,"date":"2018-03-22T10:11:11","date_gmt":"2018-03-22T09:11:11","guid":{"rendered":"http:\/\/dicodusport.fr\/blog\/?p=14945"},"modified":"2018-03-22T11:44:02","modified_gmt":"2018-03-22T10:44:02","slug":"adrien-backscheider-la-medaille-en-relais-une-enorme-satisfaction-et-une-grande-emotion","status":"publish","type":"post","link":"https:\/\/dicodusport.fr\/blog\/adrien-backscheider-la-medaille-en-relais-une-enorme-satisfaction-et-une-grande-emotion\/","title":{"rendered":"Adrien Backscheider : \u00ab\u00a0La m\u00e9daille en relais ? Une \u00e9norme satisfaction et une grande \u00e9motion\u00a0\u00bb"},"content":{"rendered":"<p style=\"text-align: justify;\"><em><strong>Nous avons rencontr\u00e9 Adrien Backscheider, m\u00e9daill\u00e9 de bronze en relais \u00e0 Pyeongchang, qui revient sur les Jeux Olympiques et sa saison.\u00a0<\/strong><\/em><\/p>\n<h5 style=\"text-align: justify;\">Adrien, pouvez-vous vous pr\u00e9senter en quelques mots ?<\/h5>\n<p style=\"text-align: justify;\">Adrien Backscheider, je suis originaire de Metz, j\u2019ai appris le ski pendant les vacances et aujourd\u2019hui je suis en \u00e9quipe de France de ski de fond.<\/p>\n<h5 style=\"text-align: justify;\">Comment et \u00e0 quel \u00e2ge avez-vous commenc\u00e9 le ski de fond ?<\/h5>\n<p style=\"text-align: justify;\">Mes parents sont fans de ski de fond et c\u2019est en allant\u00a0en vacances dans le Jura que j\u2019ai d\u00e9couvert le ski alpin puis le ski de fond. Un jour, un moniteur m\u2019a dit que si j\u2019appuyais un peu plus sur mes jambes, je pourrais vraiment aller vite. Je me suis inscrit\u00a0\u00e0 un club dans les Vosges et puis jusqu\u2019au lyc\u00e9e, j\u2019ai fais du kayak et du ski de fond avant de me focaliser sur le ski.<\/p>\n<h5 style=\"text-align: justify;\">Une m\u00e9daille en relais aux Jeux Olympiques, on imagine que c\u2019est une immense joie, surtout qu\u2019elle est partag\u00e9e avec les copains ?<\/h5>\n<p style=\"text-align: justify;\">Oui les m\u00e9dailles en relais c\u2019est toujours une joie que l\u2019on peut partager avec les copains et les techniciens. Il n&rsquo;y a que les rempla\u00e7ants qui font la gueule et encore (rires). Pour tout le monde, \u00e7a a \u00e9t\u00e9 une \u00e9norme satisfaction et une grande \u00e9motion.<\/p>\n<h5 style=\"text-align: justify;\">A titre plus personnel, quel regard portez vous sur vos JO et cette 17\u00e8me place sur le 15km ?<\/h5>\n<p style=\"text-align: justify;\">Je sors de deux ann\u00e9es compliqu\u00e9es et c\u2019est mon meilleur r\u00e9sultat en individuel de la saison, donc je suis satisfait car en plus c\u2019est cette course qui m\u2019a permis de participer au relais. J\u2019\u00e9tais au pic de ma forme sur ces Jeux Olympiques donc je suis vraiment heureux de mes Jeux. Faire partie de cette \u00e9quipe de ski de fond aux Jeux Olympiques, c\u2019\u00e9tait vraiment une chance pour moi.<\/p>\n<h5 style=\"text-align: justify;\">Si on parle de l\u2019atmosph\u00e8re et de l\u2019ambiance des JO, que retenez-vous de ceux \u00e0 Pyeongchang ?<\/h5>\n<p style=\"text-align: justify;\">Pour comparer \u00e0 Sotchi, j\u2019ai trouv\u00e9 que c\u2019\u00e9tait plus humain. Les infrastructures, c\u2019\u00e9tait bien fait, certaines avaient d\u00e9j\u00e0 servi ou allait resservir apr\u00e8s pour faire du social notamment. En Russie on \u00e9tait dans des palais en marbre qui ont dur\u00e9 trois semaines\u2026<br \/>\nLe village, il y avait plus de 1500 athl\u00e8tes, il y avait beaucoup de disciplines m\u00e9lang\u00e9es et c\u2019\u00e9tait tr\u00e8s sympa de pouvoir \u00e9changer avec tous ces sportifs comme on peut rarement le faire sur la saison.<\/p>\n<h5 style=\"text-align: justify;\">La saison touche \u00e0 sa fin, quel bilan faites-vous personnellement ?<\/h5>\n<p style=\"text-align: justify;\">Je suis mont\u00e9 en puissance jusqu\u2019aux Jeux Olympiques o\u00f9 on a gagn\u00e9 la m\u00e9daille et derri\u00e8re, j\u2019\u00e9tais sur une dynamique positive, un peu sur mon nuage. Cela m\u2019a permis de faire de belles performances sur les Coupes du monde qui ont suivi les Jeux, avec notamment une douzi\u00e8me place en individuel, mon meilleur classement de la saison. C\u2019est une belle saison pour moi et je pense que les JO ont d\u00e9bloqu\u00e9 certaines choses pour moi.<\/p>\n<h5 style=\"text-align: justify;\">Pour l\u2019ann\u00e9e prochaine quels objectifs allez-vous vous fixer ?<\/h5>\n<p style=\"text-align: justify;\">De continuer \u00e0 progresser, d\u2019\u00eatre r\u00e9guli\u00e8rement dans le top 10 et me rapprocher des podiums. Il y aura des championnats du monde donc je ferai mon maximum pour \u00eatre dans le relais et ensuite aller chercher une nouvelle m\u00e9daille, en esp\u00e9rant que cela puisse \u00eatre mieux que le\u00a0bronze. En g\u00e9n\u00e9ral, je suis dernier relayeur et j\u2019aimerais pouvoir faire mieux pour d\u00e9crocher une plus belle m\u00e9daille.<\/p>\n<h5 style=\"text-align: justify;\">Pouvez-vous nous parler de votre pr\u00e9paration pour une saison justement ? Quels autres sports pratiquez-vous dans ce cadre l\u00e0 par exemple ?<\/h5>\n<p style=\"text-align: justify;\">Notre saison se termine le 10 avril\u00a0\u00e0 peu pr\u00e8s et contrairement \u00e0 ce que certains peuvent penser; on n\u2019est pas en vacances tout l\u2019\u00e9t\u00e9. Notre pr\u00e9paration reprend le 1er mai pour 6 mois avec seulement 20 jours de coupure environ. On fait forc\u00e9ment du ski, du ski \u00e0 roulettes quand il n&rsquo;y a plus de neige, du v\u00e9lo, de la course \u00e0 pied, de la musculation, du kayak ou de la natation. Ce qui est sympa c\u2019est que pour le ski de fond, toutes les autres disciplines nous aident dans notre pr\u00e9paration et cela \u00e9vite une certaine routine. Pendant le printemps et l\u2019\u00e9t\u00e9, nous travaillons surtout le foncier et ensuite \u00e0 l\u2019automne, on monte en intensit\u00e9 pour \u00eatre pr\u00eat pour la saison.<\/p>\n<h5 style=\"text-align: justify;\">Si je vous donnais la possibilit\u00e9 de passer 30 minutes avec le sportif de votre choix, qui choisiriez-vous ? Et pourquoi ?<\/h5>\n<p style=\"text-align: justify;\">Tony Estanguet et Laura Flessel. Je trouve que leurs id\u00e9es pour faire bouger le sport en France sont int\u00e9ressantes. Le sport n\u2019est pas \u00e0 sa place en France que ce soit au niveau de l\u2019\u00e9ducation, de la sant\u00e9 ou du haut niveau. Ils ont des bonnes id\u00e9es pour de belles perspectives pour faire bouger tout cela et j\u2019esp\u00e8re que Paris 2024 va permettre d\u2019aller dans ce sens, comme cela a \u00e9t\u00e9 le cas pour Londres en 2012.<\/p>\n<p><em><strong>Nicolas Jacquemard<\/strong><br \/>\n<\/em><a style=\"color: #000000;\" href=\"https:\/\/twitter.com\/Nico_Jacquemard\" target=\"_blank\" rel=\"noopener noreferrer\"><img loading=\"lazy\" decoding=\"async\" class=\"alignnone wp-image-2908\" src=\"http:\/\/dicodusport.fr\/blog\/wp-content\/uploads\/2017\/07\/logo-twitter-150x150.png\" alt=\"\" width=\"39\" height=\"39\" \/><\/a><a style=\"color: #000000;\" href=\"https:\/\/www.facebook.com\/dicodusport\/\" target=\"_blank\" rel=\"noopener noreferrer\"><img loading=\"lazy\" decoding=\"async\" class=\"alignnone wp-image-2909\" src=\"http:\/\/dicodusport.fr\/blog\/wp-content\/uploads\/2017\/07\/logo-facebook-150x150.png\" alt=\"\" width=\"40\" height=\"40\" \/><\/a><\/p>\n","protected":false},"excerpt":{"rendered":"<p>Nous avons rencontr\u00e9 Adrien Backscheider, m\u00e9daill\u00e9 de bronze en relais \u00e0 Pyeongchang, qui revient sur les Jeux Olympiques et sa saison.\u00a0<\/p>\n","protected":false},"author":1,"featured_media":14970,"comment_status":"open","ping_status":"closed","sticky":false,"template":"","format":"standard","meta":{"_acf_changed":false,"_daextam_enable_autolinks":"","footnotes":""},"categories":[4,2313],"tags":[2820,2819],"class_list":["post-14945","post","type-post","status-publish","format-standard","has-post-thumbnail","hentry","category-portraits","category-sports-dhiver","tag-maurice-manificat","tag-ski-de-fond"],"acf":[],"yoast_head":"<!-- This site is optimized with the Yoast SEO Premium plugin v26.7 (Yoast SEO v26.7) - https:\/\/yoast.com\/wordpress\/plugins\/seo\/ -->\n<title>Adrien Backscheider : &quot;La m\u00e9daille en relais ? Une \u00e9norme satisfaction et une grande \u00e9motion&quot;<\/title>\n<meta name=\"description\" content=\"Nous avons rencontr\u00e9 Adrien Backscheider, m\u00e9daill\u00e9 de bronze en relais \u00e0 Pyeongchang, qui revient sur les Jeux Olympiques et sa saison.\u00a0\" \/>\n<meta name=\"robots\" content=\"index, follow, max-snippet:-1, max-image-preview:large, max-video-preview:-1\" \/>\n<link rel=\"canonical\" href=\"https:\/\/dicodusport.fr\/blog\/adrien-backscheider-la-medaille-en-relais-une-enorme-satisfaction-et-une-grande-emotion\/\" \/>\n<meta property=\"og:locale\" content=\"fr_FR\" \/>\n<meta property=\"og:type\" content=\"article\" \/>\n<meta property=\"og:title\" content=\"Adrien Backscheider : &quot;La m\u00e9daille en relais ? Une \u00e9norme satisfaction et une grande \u00e9motion&quot;\" \/>\n<meta property=\"og:description\" content=\"Nous avons rencontr\u00e9 Adrien Backscheider, m\u00e9daill\u00e9 de bronze en relais \u00e0 Pyeongchang, qui revient sur les Jeux Olympiques et sa saison.\u00a0\" \/>\n<meta property=\"og:url\" content=\"https:\/\/dicodusport.fr\/blog\/adrien-backscheider-la-medaille-en-relais-une-enorme-satisfaction-et-une-grande-emotion\/\" \/>\n<meta property=\"og:site_name\" content=\"Dicodusport\" \/>\n<meta property=\"article:publisher\" content=\"https:\/\/www.facebook.com\/dicodusport\" \/>\n<meta property=\"article:author\" content=\"https:\/\/www.facebook.com\/dicodusport\" \/>\n<meta property=\"article:published_time\" content=\"2018-03-22T09:11:11+00:00\" \/>\n<meta property=\"article:modified_time\" content=\"2018-03-22T10:44:02+00:00\" \/>\n<meta property=\"og:image\" content=\"https:\/\/dicodusport.fr\/blog\/wp-content\/uploads\/2018\/03\/Adrien-Backscheider.png\" \/>\n\t<meta property=\"og:image:width\" content=\"1200\" \/>\n\t<meta property=\"og:image:height\" content=\"670\" \/>\n\t<meta property=\"og:image:type\" content=\"image\/png\" \/>\n<meta name=\"author\" content=\"Nicolas Jacquemard\" \/>\n<meta name=\"twitter:card\" content=\"summary_large_image\" \/>\n<meta name=\"twitter:creator\" content=\"@https:\/\/twitter.com\/Nico_Jacquemard\" \/>\n<meta name=\"twitter:site\" content=\"@dicodusport\" \/>\n<script type=\"application\/ld+json\" class=\"yoast-schema-graph\">{\"@context\":\"https:\/\/schema.org\",\"@graph\":[{\"@type\":\"NewsArticle\",\"@id\":\"https:\/\/dicodusport.fr\/blog\/adrien-backscheider-la-medaille-en-relais-une-enorme-satisfaction-et-une-grande-emotion\/#article\",\"isPartOf\":{\"@id\":\"https:\/\/dicodusport.fr\/blog\/adrien-backscheider-la-medaille-en-relais-une-enorme-satisfaction-et-une-grande-emotion\/\"},\"author\":{\"name\":\"Nicolas Jacquemard\",\"@id\":\"https:\/\/dicodusport.fr\/blog\/#\/schema\/person\/55dcb50ad410894e431ed812bbb70191\"},\"headline\":\"Adrien Backscheider : \u00ab\u00a0La m\u00e9daille en relais ? Une \u00e9norme satisfaction et une grande \u00e9motion\u00a0\u00bb\",\"datePublished\":\"2018-03-22T09:11:11+00:00\",\"dateModified\":\"2018-03-22T10:44:02+00:00\",\"mainEntityOfPage\":{\"@id\":\"https:\/\/dicodusport.fr\/blog\/adrien-backscheider-la-medaille-en-relais-une-enorme-satisfaction-et-une-grande-emotion\/\"},\"wordCount\":868,\"commentCount\":0,\"publisher\":{\"@id\":\"https:\/\/dicodusport.fr\/blog\/#organization\"},\"image\":{\"@id\":\"https:\/\/dicodusport.fr\/blog\/adrien-backscheider-la-medaille-en-relais-une-enorme-satisfaction-et-une-grande-emotion\/#primaryimage\"},\"thumbnailUrl\":\"https:\/\/dicodusport.fr\/blog\/wp-content\/uploads\/2018\/03\/Adrien-Backscheider.png\",\"keywords\":[\"Maurice Manificat\",\"Ski de fond\"],\"articleSection\":[\"Portraits\",\"Sports d'hiver\"],\"inLanguage\":\"fr-FR\",\"potentialAction\":[{\"@type\":\"CommentAction\",\"name\":\"Comment\",\"target\":[\"https:\/\/dicodusport.fr\/blog\/adrien-backscheider-la-medaille-en-relais-une-enorme-satisfaction-et-une-grande-emotion\/#respond\"]}],\"copyrightYear\":\"2018\",\"copyrightHolder\":{\"@id\":\"https:\/\/dicodusport.fr\/blog\/#organization\"}},{\"@type\":\"WebPage\",\"@id\":\"https:\/\/dicodusport.fr\/blog\/adrien-backscheider-la-medaille-en-relais-une-enorme-satisfaction-et-une-grande-emotion\/\",\"url\":\"https:\/\/dicodusport.fr\/blog\/adrien-backscheider-la-medaille-en-relais-une-enorme-satisfaction-et-une-grande-emotion\/\",\"name\":\"Adrien Backscheider : \\\"La m\u00e9daille en relais ? Une \u00e9norme satisfaction et une grande \u00e9motion\\\"\",\"isPartOf\":{\"@id\":\"https:\/\/dicodusport.fr\/blog\/#website\"},\"primaryImageOfPage\":{\"@id\":\"https:\/\/dicodusport.fr\/blog\/adrien-backscheider-la-medaille-en-relais-une-enorme-satisfaction-et-une-grande-emotion\/#primaryimage\"},\"image\":{\"@id\":\"https:\/\/dicodusport.fr\/blog\/adrien-backscheider-la-medaille-en-relais-une-enorme-satisfaction-et-une-grande-emotion\/#primaryimage\"},\"thumbnailUrl\":\"https:\/\/dicodusport.fr\/blog\/wp-content\/uploads\/2018\/03\/Adrien-Backscheider.png\",\"datePublished\":\"2018-03-22T09:11:11+00:00\",\"dateModified\":\"2018-03-22T10:44:02+00:00\",\"description\":\"Nous avons rencontr\u00e9 Adrien Backscheider, m\u00e9daill\u00e9 de bronze en relais \u00e0 Pyeongchang, qui revient sur les Jeux Olympiques et sa saison.\u00a0\",\"breadcrumb\":{\"@id\":\"https:\/\/dicodusport.fr\/blog\/adrien-backscheider-la-medaille-en-relais-une-enorme-satisfaction-et-une-grande-emotion\/#breadcrumb\"},\"inLanguage\":\"fr-FR\",\"potentialAction\":[{\"@type\":\"ReadAction\",\"target\":[\"https:\/\/dicodusport.fr\/blog\/adrien-backscheider-la-medaille-en-relais-une-enorme-satisfaction-et-une-grande-emotion\/\"]}]},{\"@type\":\"ImageObject\",\"inLanguage\":\"fr-FR\",\"@id\":\"https:\/\/dicodusport.fr\/blog\/adrien-backscheider-la-medaille-en-relais-une-enorme-satisfaction-et-une-grande-emotion\/#primaryimage\",\"url\":\"https:\/\/dicodusport.fr\/blog\/wp-content\/uploads\/2018\/03\/Adrien-Backscheider.png\",\"contentUrl\":\"https:\/\/dicodusport.fr\/blog\/wp-content\/uploads\/2018\/03\/Adrien-Backscheider.png\",\"width\":1200,\"height\":670,\"caption\":\"Adrien Backscheider\"},{\"@type\":\"BreadcrumbList\",\"@id\":\"https:\/\/dicodusport.fr\/blog\/adrien-backscheider-la-medaille-en-relais-une-enorme-satisfaction-et-une-grande-emotion\/#breadcrumb\",\"itemListElement\":[{\"@type\":\"ListItem\",\"position\":1,\"name\":\"Accueil\",\"item\":\"https:\/\/dicodusport.fr\/blog\/\"},{\"@type\":\"ListItem\",\"position\":2,\"name\":\"Adrien Backscheider : \u00ab\u00a0La m\u00e9daille en relais ? Une \u00e9norme satisfaction et une grande \u00e9motion\u00a0\u00bb\"}]},{\"@type\":\"WebSite\",\"@id\":\"https:\/\/dicodusport.fr\/blog\/#website\",\"url\":\"https:\/\/dicodusport.fr\/blog\/\",\"name\":\"Dicodusport\",\"description\":\"L&#039;encyclop\u00e9die de l&#039;actualit\u00e9 sportive\",\"publisher\":{\"@id\":\"https:\/\/dicodusport.fr\/blog\/#organization\"},\"potentialAction\":[{\"@type\":\"SearchAction\",\"target\":{\"@type\":\"EntryPoint\",\"urlTemplate\":\"https:\/\/dicodusport.fr\/blog\/?s={search_term_string}\"},\"query-input\":{\"@type\":\"PropertyValueSpecification\",\"valueRequired\":true,\"valueName\":\"search_term_string\"}}],\"inLanguage\":\"fr-FR\"},{\"@type\":\"NewsMediaOrganization\",\"@id\":\"https:\/\/dicodusport.fr\/blog\/#organization\",\"name\":\"Dicodusport\",\"url\":\"https:\/\/dicodusport.fr\/blog\/\",\"logo\":{\"@type\":\"ImageObject\",\"inLanguage\":\"fr-FR\",\"@id\":\"https:\/\/dicodusport.fr\/blog\/#\/schema\/logo\/image\/\",\"url\":\"https:\/\/dicodusport.fr\/blog\/wp-content\/uploads\/2020\/06\/cropped-LOGO-DICODUSPORT-2020-SANS-FOND-SANS-TEXTE.png\",\"contentUrl\":\"https:\/\/dicodusport.fr\/blog\/wp-content\/uploads\/2020\/06\/cropped-LOGO-DICODUSPORT-2020-SANS-FOND-SANS-TEXTE.png\",\"width\":512,\"height\":512,\"caption\":\"Dicodusport\"},\"image\":{\"@id\":\"https:\/\/dicodusport.fr\/blog\/#\/schema\/logo\/image\/\"},\"sameAs\":[\"https:\/\/www.facebook.com\/dicodusport\",\"https:\/\/x.com\/dicodusport\",\"https:\/\/www.instagram.com\/dicodusport\/\",\"https:\/\/www.youtube.com\/channel\/UC7V2KZ5sd3htJivAbA4ZG3w\"],\"description\":\"Dicodusport est l'encyclop\u00e9die de l'actualit\u00e9 sportive.\",\"email\":\"bonjour@dicodusport.fr\",\"legalName\":\"DICODUSPORT\",\"foundingDate\":\"2018-01-14\",\"vatID\":\"FR71834470973\",\"taxID\":\"83447097300043\",\"numberOfEmployees\":{\"@type\":\"QuantitativeValue\",\"minValue\":\"1\",\"maxValue\":\"10\"}},{\"@type\":\"Person\",\"@id\":\"https:\/\/dicodusport.fr\/blog\/#\/schema\/person\/55dcb50ad410894e431ed812bbb70191\",\"name\":\"Nicolas Jacquemard\",\"image\":{\"@type\":\"ImageObject\",\"inLanguage\":\"fr-FR\",\"@id\":\"https:\/\/dicodusport.fr\/blog\/#\/schema\/person\/image\/\",\"url\":\"https:\/\/dicodusport.fr\/blog\/wp-content\/uploads\/2021\/05\/Nicolas-Jacquemard-150x150.jpeg\",\"contentUrl\":\"https:\/\/dicodusport.fr\/blog\/wp-content\/uploads\/2021\/05\/Nicolas-Jacquemard-150x150.jpeg\",\"caption\":\"Nicolas Jacquemard\"},\"description\":\"Passionn\u00e9 de sport et entrepreneur depuis mes 18 ans, la cr\u00e9ation de Dicodusport m'a sembl\u00e9 \u00e9vidente pour participer \u00e0 la m\u00e9diatisation d'un plus grand nombre de sports. Le chemin est long mais avec une \u00e9quipe des plus motiv\u00e9es et les Jeux Olympiques de Paris 2024 en point de mire, nous y arriverons ! Journaliste dans le monde du sport depuis plus de 5 ans, je traite aussi bien de football, de rugby, de biathlon que de cyclisme.\",\"sameAs\":[\"https:\/\/www.facebook.com\/dicodusport\",\"https:\/\/x.com\/https:\/\/twitter.com\/Nico_Jacquemard\"],\"url\":\"https:\/\/dicodusport.fr\/blog\/author\/dicodusport\/\"}]}<\/script>\n<!-- \/ Yoast SEO Premium plugin. -->","yoast_head_json":{"title":"Adrien Backscheider : \"La m\u00e9daille en relais ? Une \u00e9norme satisfaction et une grande \u00e9motion\"","description":"Nous avons rencontr\u00e9 Adrien Backscheider, m\u00e9daill\u00e9 de bronze en relais \u00e0 Pyeongchang, qui revient sur les Jeux Olympiques et sa saison.\u00a0","robots":{"index":"index","follow":"follow","max-snippet":"max-snippet:-1","max-image-preview":"max-image-preview:large","max-video-preview":"max-video-preview:-1"},"canonical":"https:\/\/dicodusport.fr\/blog\/adrien-backscheider-la-medaille-en-relais-une-enorme-satisfaction-et-une-grande-emotion\/","og_locale":"fr_FR","og_type":"article","og_title":"Adrien Backscheider : \"La m\u00e9daille en relais ? Une \u00e9norme satisfaction et une grande \u00e9motion\"","og_description":"Nous avons rencontr\u00e9 Adrien Backscheider, m\u00e9daill\u00e9 de bronze en relais \u00e0 Pyeongchang, qui revient sur les Jeux Olympiques et sa saison.\u00a0","og_url":"https:\/\/dicodusport.fr\/blog\/adrien-backscheider-la-medaille-en-relais-une-enorme-satisfaction-et-une-grande-emotion\/","og_site_name":"Dicodusport","article_publisher":"https:\/\/www.facebook.com\/dicodusport","article_author":"https:\/\/www.facebook.com\/dicodusport","article_published_time":"2018-03-22T09:11:11+00:00","article_modified_time":"2018-03-22T10:44:02+00:00","og_image":[{"width":1200,"height":670,"url":"https:\/\/dicodusport.fr\/blog\/wp-content\/uploads\/2018\/03\/Adrien-Backscheider.png","type":"image\/png"}],"author":"Nicolas Jacquemard","twitter_card":"summary_large_image","twitter_creator":"@https:\/\/twitter.com\/Nico_Jacquemard","twitter_site":"@dicodusport","schema":{"@context":"https:\/\/schema.org","@graph":[{"@type":"NewsArticle","@id":"https:\/\/dicodusport.fr\/blog\/adrien-backscheider-la-medaille-en-relais-une-enorme-satisfaction-et-une-grande-emotion\/#article","isPartOf":{"@id":"https:\/\/dicodusport.fr\/blog\/adrien-backscheider-la-medaille-en-relais-une-enorme-satisfaction-et-une-grande-emotion\/"},"author":{"name":"Nicolas Jacquemard","@id":"https:\/\/dicodusport.fr\/blog\/#\/schema\/person\/55dcb50ad410894e431ed812bbb70191"},"headline":"Adrien Backscheider : \u00ab\u00a0La m\u00e9daille en relais ? Une \u00e9norme satisfaction et une grande \u00e9motion\u00a0\u00bb","datePublished":"2018-03-22T09:11:11+00:00","dateModified":"2018-03-22T10:44:02+00:00","mainEntityOfPage":{"@id":"https:\/\/dicodusport.fr\/blog\/adrien-backscheider-la-medaille-en-relais-une-enorme-satisfaction-et-une-grande-emotion\/"},"wordCount":868,"commentCount":0,"publisher":{"@id":"https:\/\/dicodusport.fr\/blog\/#organization"},"image":{"@id":"https:\/\/dicodusport.fr\/blog\/adrien-backscheider-la-medaille-en-relais-une-enorme-satisfaction-et-une-grande-emotion\/#primaryimage"},"thumbnailUrl":"https:\/\/dicodusport.fr\/blog\/wp-content\/uploads\/2018\/03\/Adrien-Backscheider.png","keywords":["Maurice Manificat","Ski de fond"],"articleSection":["Portraits","Sports d'hiver"],"inLanguage":"fr-FR","potentialAction":[{"@type":"CommentAction","name":"Comment","target":["https:\/\/dicodusport.fr\/blog\/adrien-backscheider-la-medaille-en-relais-une-enorme-satisfaction-et-une-grande-emotion\/#respond"]}],"copyrightYear":"2018","copyrightHolder":{"@id":"https:\/\/dicodusport.fr\/blog\/#organization"}},{"@type":"WebPage","@id":"https:\/\/dicodusport.fr\/blog\/adrien-backscheider-la-medaille-en-relais-une-enorme-satisfaction-et-une-grande-emotion\/","url":"https:\/\/dicodusport.fr\/blog\/adrien-backscheider-la-medaille-en-relais-une-enorme-satisfaction-et-une-grande-emotion\/","name":"Adrien Backscheider : \"La m\u00e9daille en relais ? Une \u00e9norme satisfaction et une grande \u00e9motion\"","isPartOf":{"@id":"https:\/\/dicodusport.fr\/blog\/#website"},"primaryImageOfPage":{"@id":"https:\/\/dicodusport.fr\/blog\/adrien-backscheider-la-medaille-en-relais-une-enorme-satisfaction-et-une-grande-emotion\/#primaryimage"},"image":{"@id":"https:\/\/dicodusport.fr\/blog\/adrien-backscheider-la-medaille-en-relais-une-enorme-satisfaction-et-une-grande-emotion\/#primaryimage"},"thumbnailUrl":"https:\/\/dicodusport.fr\/blog\/wp-content\/uploads\/2018\/03\/Adrien-Backscheider.png","datePublished":"2018-03-22T09:11:11+00:00","dateModified":"2018-03-22T10:44:02+00:00","description":"Nous avons rencontr\u00e9 Adrien Backscheider, m\u00e9daill\u00e9 de bronze en relais \u00e0 Pyeongchang, qui revient sur les Jeux Olympiques et sa saison.\u00a0","breadcrumb":{"@id":"https:\/\/dicodusport.fr\/blog\/adrien-backscheider-la-medaille-en-relais-une-enorme-satisfaction-et-une-grande-emotion\/#breadcrumb"},"inLanguage":"fr-FR","potentialAction":[{"@type":"ReadAction","target":["https:\/\/dicodusport.fr\/blog\/adrien-backscheider-la-medaille-en-relais-une-enorme-satisfaction-et-une-grande-emotion\/"]}]},{"@type":"ImageObject","inLanguage":"fr-FR","@id":"https:\/\/dicodusport.fr\/blog\/adrien-backscheider-la-medaille-en-relais-une-enorme-satisfaction-et-une-grande-emotion\/#primaryimage","url":"https:\/\/dicodusport.fr\/blog\/wp-content\/uploads\/2018\/03\/Adrien-Backscheider.png","contentUrl":"https:\/\/dicodusport.fr\/blog\/wp-content\/uploads\/2018\/03\/Adrien-Backscheider.png","width":1200,"height":670,"caption":"Adrien Backscheider"},{"@type":"BreadcrumbList","@id":"https:\/\/dicodusport.fr\/blog\/adrien-backscheider-la-medaille-en-relais-une-enorme-satisfaction-et-une-grande-emotion\/#breadcrumb","itemListElement":[{"@type":"ListItem","position":1,"name":"Accueil","item":"https:\/\/dicodusport.fr\/blog\/"},{"@type":"ListItem","position":2,"name":"Adrien Backscheider : \u00ab\u00a0La m\u00e9daille en relais ? Une \u00e9norme satisfaction et une grande \u00e9motion\u00a0\u00bb"}]},{"@type":"WebSite","@id":"https:\/\/dicodusport.fr\/blog\/#website","url":"https:\/\/dicodusport.fr\/blog\/","name":"Dicodusport","description":"L&#039;encyclop\u00e9die de l&#039;actualit\u00e9 sportive","publisher":{"@id":"https:\/\/dicodusport.fr\/blog\/#organization"},"potentialAction":[{"@type":"SearchAction","target":{"@type":"EntryPoint","urlTemplate":"https:\/\/dicodusport.fr\/blog\/?s={search_term_string}"},"query-input":{"@type":"PropertyValueSpecification","valueRequired":true,"valueName":"search_term_string"}}],"inLanguage":"fr-FR"},{"@type":"NewsMediaOrganization","@id":"https:\/\/dicodusport.fr\/blog\/#organization","name":"Dicodusport","url":"https:\/\/dicodusport.fr\/blog\/","logo":{"@type":"ImageObject","inLanguage":"fr-FR","@id":"https:\/\/dicodusport.fr\/blog\/#\/schema\/logo\/image\/","url":"https:\/\/dicodusport.fr\/blog\/wp-content\/uploads\/2020\/06\/cropped-LOGO-DICODUSPORT-2020-SANS-FOND-SANS-TEXTE.png","contentUrl":"https:\/\/dicodusport.fr\/blog\/wp-content\/uploads\/2020\/06\/cropped-LOGO-DICODUSPORT-2020-SANS-FOND-SANS-TEXTE.png","width":512,"height":512,"caption":"Dicodusport"},"image":{"@id":"https:\/\/dicodusport.fr\/blog\/#\/schema\/logo\/image\/"},"sameAs":["https:\/\/www.facebook.com\/dicodusport","https:\/\/x.com\/dicodusport","https:\/\/www.instagram.com\/dicodusport\/","https:\/\/www.youtube.com\/channel\/UC7V2KZ5sd3htJivAbA4ZG3w"],"description":"Dicodusport est l'encyclop\u00e9die de l'actualit\u00e9 sportive.","email":"bonjour@dicodusport.fr","legalName":"DICODUSPORT","foundingDate":"2018-01-14","vatID":"FR71834470973","taxID":"83447097300043","numberOfEmployees":{"@type":"QuantitativeValue","minValue":"1","maxValue":"10"}},{"@type":"Person","@id":"https:\/\/dicodusport.fr\/blog\/#\/schema\/person\/55dcb50ad410894e431ed812bbb70191","name":"Nicolas Jacquemard","image":{"@type":"ImageObject","inLanguage":"fr-FR","@id":"https:\/\/dicodusport.fr\/blog\/#\/schema\/person\/image\/","url":"https:\/\/dicodusport.fr\/blog\/wp-content\/uploads\/2021\/05\/Nicolas-Jacquemard-150x150.jpeg","contentUrl":"https:\/\/dicodusport.fr\/blog\/wp-content\/uploads\/2021\/05\/Nicolas-Jacquemard-150x150.jpeg","caption":"Nicolas Jacquemard"},"description":"Passionn\u00e9 de sport et entrepreneur depuis mes 18 ans, la cr\u00e9ation de Dicodusport m'a sembl\u00e9 \u00e9vidente pour participer \u00e0 la m\u00e9diatisation d'un plus grand nombre de sports. Le chemin est long mais avec une \u00e9quipe des plus motiv\u00e9es et les Jeux Olympiques de Paris 2024 en point de mire, nous y arriverons ! Journaliste dans le monde du sport depuis plus de 5 ans, je traite aussi bien de football, de rugby, de biathlon que de cyclisme.","sameAs":["https:\/\/www.facebook.com\/dicodusport","https:\/\/x.com\/https:\/\/twitter.com\/Nico_Jacquemard"],"url":"https:\/\/dicodusport.fr\/blog\/author\/dicodusport\/"}]}},"_links":{"self":[{"href":"https:\/\/dicodusport.fr\/blog\/wp-json\/wp\/v2\/posts\/14945","targetHints":{"allow":["GET"]}}],"collection":[{"href":"https:\/\/dicodusport.fr\/blog\/wp-json\/wp\/v2\/posts"}],"about":[{"href":"https:\/\/dicodusport.fr\/blog\/wp-json\/wp\/v2\/types\/post"}],"author":[{"embeddable":true,"href":"https:\/\/dicodusport.fr\/blog\/wp-json\/wp\/v2\/users\/1"}],"replies":[{"embeddable":true,"href":"https:\/\/dicodusport.fr\/blog\/wp-json\/wp\/v2\/comments?post=14945"}],"version-history":[{"count":0,"href":"https:\/\/dicodusport.fr\/blog\/wp-json\/wp\/v2\/posts\/14945\/revisions"}],"wp:featuredmedia":[{"embeddable":true,"href":"https:\/\/dicodusport.fr\/blog\/wp-json\/wp\/v2\/media\/14970"}],"wp:attachment":[{"href":"https:\/\/dicodusport.fr\/blog\/wp-json\/wp\/v2\/media?parent=14945"}],"wp:term":[{"taxonomy":"category","embeddable":true,"href":"https:\/\/dicodusport.fr\/blog\/wp-json\/wp\/v2\/categories?post=14945"},{"taxonomy":"post_tag","embeddable":true,"href":"https:\/\/dicodusport.fr\/blog\/wp-json\/wp\/v2\/tags?post=14945"}],"curies":[{"name":"wp","href":"https:\/\/api.w.org\/{rel}","templated":true}]}}