{"id":150622,"date":"2021-09-01T14:00:55","date_gmt":"2021-09-01T12:00:55","guid":{"rendered":"https:\/\/dicodusport.fr\/blog\/?p=150622&#038;preview=true&#038;preview_id=150622"},"modified":"2021-09-01T14:15:07","modified_gmt":"2021-09-01T12:15:07","slug":"ligue-1-2021-2022-tableau-des-transferts","status":"publish","type":"post","link":"https:\/\/dicodusport.fr\/blog\/ligue-1-2021-2022-tableau-des-transferts\/","title":{"rendered":"Ligue 1 2021-2022 : Tableau des transferts"},"content":{"rendered":"<p style=\"text-align: justify;\"><strong><em>LIGUE 1 2021-2022 &#8211; Le mercato estival bat son plein, voici le tableau des transferts du championnat de France de football.<\/em><\/strong><\/p>\n<p style=\"text-align: justify;\"><span style=\"font-size: 14px;\"><strong><em>Tableau mis \u00e0 jour le 1er septembre \u00e0 14h00.<\/em><\/strong><\/span><\/p>\n<div class=\"su-table su-table-alternate\">\n<table style=\"width: 800px;border-collapse: collapse\">\n<tbody>\n<tr>\n<td style=\"text-align: center;vertical-align: middle;width: 400px\"><span style=\"color: #000000;font-size: 0.9em\"><strong><span style=\"color: #008000\">\u25bc<\/span> ARRIV\u00c9ES<\/strong><\/span><\/td>\n<td style=\"text-align: center;vertical-align: middle;width: 400px\"><span style=\"color: #000000;font-size: 0.9em\"><strong><span style=\"color: #ff0000\">\u25b2<\/span> <span style=\"color: #000000\">D\u00c9PARTS<\/span><\/strong><\/span><\/td>\n<\/tr>\n<tr>\n<td style=\"text-align: center;vertical-align: middle;width: 400px\" colspan=\"2\"><span style=\"font-size: 0.9em\"><strong><a id=\"angers\"><\/a><div class=\"su-button-center\"><a href=\"#angers\" class=\"su-button su-button-style-default\" style=\"color:#ffffff;background-color:#000000;border-color:#000000;border-radius:5px\" target=\"_self\"><span style=\"color:#ffffff;padding:0px 18px;font-size:14px;line-height:28px;border-color:#4d4d4d;border-radius:5px\"> ANGERS<\/span><\/a><\/div><\/strong><\/span><\/td>\n<\/tr>\n<tr>\n<td style=\"vertical-align: middle;text-align: justify;width: 400px\"><span style=\"font-size: 0.9em\"><strong>J. MBOCK<\/strong> (r.p.) \u2192 Neuch\u00e2tel Xamax<\/span><br \/>\n<span style=\"font-size: 0.9em\"><strong>A. MANDREA<\/strong> (r.p.) \u2192 SO Cholet<\/span><br \/>\n<span style=\"font-size: 0.9em\"><strong>B. MENDY<\/strong> \u2192 FC Nantes<\/span><br \/>\n<span style=\"font-size: 0.9em\"><strong>B. MEYAPYA<\/strong> \u2192 Fauve Azur FC<\/span><br \/>\n<span style=\"font-size: 0.9em\"><strong>A. OUNAHI<\/strong> \u2192 US Avranches<\/span><br \/>\n<span style=\"font-size: 0.9em\"><strong>C. NINGA<\/strong> (r.p.) \u2192 Sivasspor<\/span><\/td>\n<td style=\"vertical-align: middle;text-align: justify;width: 400px\"><span style=\"font-size: 0.9em\"><strong>M. PAVLOVIC <\/strong>(f.c.)<strong><br \/>\nR. ALIOUI \u2192\u00a0<\/strong>KV Courtrai<strong><br \/>\nT. TOUR\u00c9<\/strong>\u00a0(f.c.)<br \/>\n<strong>L. COULIBALY<\/strong>\u00a0(f.c.) \u2192 US Salernitana 1919<br \/>\n<strong>I. AMADOU<\/strong> (r.p.) \u2192 Seville<\/span><br \/>\n<span style=\"font-size: 0.9em\"><strong>R. AIT NOURI<\/strong> (t.d.) \u2192 Wolverhampton<\/span><br \/>\n<span style=\"font-size: 0.9em\"><strong>L. BUTELLE<\/strong> (f.c.) \u2192 Red Star FC<\/span><br \/>\n<span style=\"font-size: 0.9em\"><strong>L. DIONY<\/strong> (p.) \u2192 FK Etoile Rouge Belgrade<\/span><\/td>\n<\/tr>\n<tr>\n<td style=\"text-align: center;vertical-align: middle;width: 400px\" colspan=\"2\"><span style=\"font-size: 0.9em\"><strong><a id=\"bordeaux\"><\/a><div class=\"su-button-center\"><a href=\"#bordeaux\" class=\"su-button su-button-style-default\" style=\"color:#ffffff;background-color:#051d4d;border-color:#04183e;border-radius:5px\" target=\"_self\"><span style=\"color:#ffffff;padding:0px 18px;font-size:14px;line-height:28px;border-color:#506183;border-radius:5px\"> BORDEAUX<\/span><\/a><\/div><\/strong><\/span><\/td>\n<\/tr>\n<tr>\n<td style=\"vertical-align: middle;text-align: justify;width: 400px\"><span style=\"font-size: 0.9em\"><strong>J. DILROSUN <\/strong>(p.) \u2192 Hertha BSC<strong><br \/>\nS. GREGERSEN \u2192\u00a0<\/strong>Molde FK<strong><br \/>\nY. ADLI<\/strong> (p.) \u2192 Milan AC<strong><br \/>\nJ. ONANA<\/strong> \u2192 Lille<br \/>\n<strong>FRANSERGIO<\/strong> \u2192 SC Braga<br \/>\n<strong>A. ELIS<\/strong> (p.) \u2192 Boavista<br \/>\n<strong>T. PEMBELE<\/strong> (p.) \u2192 Paris Saint-Germain<strong><br \/>\n<\/strong><strong>R. MANGAS<\/strong>\u00a0(p.) \u2192 Boavista FC<strong><br \/>\nG. MENSAH<\/strong> (p.) \u2192 FC Red Bull Salzburg<strong><br \/>\nR. BELLANOVA<\/strong> (r.p.) \u2192 Pescara Calcio<\/span><br \/>\n<span style=\"font-size: 0.9em\"><strong>T. CARRIQUE<\/strong> (r.p.) \u2192 CD Calahorra<\/span><br \/>\n<span style=\"font-size: 0.9em\"><strong>I. SISSOKHO<\/strong> (t.d.) \u2192 Derby Acad\u00e9mie<\/span><br \/>\n<span style=\"font-size: 0.9em\"><strong>R. PARDO<\/strong> (r.p.) \u2192 Club Deportivo Legan\u00e9s<\/span><br \/>\n<span style=\"font-size: 0.9em\"><strong>A. LAURAY<\/strong> (r.p.) \u2192 Villefranche Beaujolais<\/span><br \/>\n<span style=\"font-size: 0.9em\"><strong>J. MAJA<\/strong> (r.p.) \u2192 Fulham FC<\/span><\/td>\n<td style=\"vertical-align: middle;text-align: justify;width: 400px\"><span style=\"font-size: 0.9em\"><strong>Y. ADLI<\/strong>\u00a0\u2192 Milan AC<br \/>\n<strong>N. DE PREVILLE <\/strong>(f.c.) \u2192 Metz<br \/>\n<strong>R. PARDO <\/strong>(t.d.) \u2192 Deportivo Legan\u00e9s<br \/>\n<strong>T. BASIC <\/strong>\u2192 Lazio<br \/>\n<strong>I. SOW<\/strong> (p.) \u2192 RE Mouscron<br \/>\n<strong>A. LAURAY <\/strong>\u2192 Le Mans FC<strong><br \/>\nT. CARRIQUE <\/strong>\u2192 RC Celta Vigo<strong><br \/>\nY. SABALY<\/strong> (f.c.) \u2192 Real Betis<\/span><br \/>\n<span style=\"font-size: 0.9em\"><strong>H. BEN ARFA<\/strong> (f.c.)<\/span><br \/>\n<span style=\"font-size: 0.9em\"><strong>J.M. SERI<\/strong> (r.p.) \u2192 Fulham FC<\/span><br \/>\n<span style=\"font-size: 0.9em\"><strong>V. JOVANOVIC<\/strong> (f.c.)<\/span><br \/>\n<span style=\"font-size: 0.9em\"><strong>N. DE PREVILLE<\/strong> (f.c.)<\/span><br \/>\n<span style=\"font-size: 0.9em\"><strong>M. POUNDJE<\/strong> (f.c.)<\/span><br \/>\n<span style=\"font-size: 0.9em\"><strong>D. CARDOSO<\/strong> (f.c.)<\/span><br \/>\n<span style=\"font-size: 0.9em\"><strong>D. DIALLO<\/strong> (f.c.)<\/span><br \/>\n<span style=\"font-size: 0.9em\"><strong>I. DIARRA<\/strong> (f.c.)<\/span><br \/>\n<span style=\"font-size: 0.9em\"><strong>O. MANDANDA<\/strong> (f.c.)<\/span><\/td>\n<\/tr>\n<tr>\n<td style=\"text-align: center;vertical-align: middle;width: 400px\" colspan=\"2\"><span style=\"font-size: 0.9em\"><strong><a id=\"brest\"><\/a><div class=\"su-button-center\"><a href=\"#brest\" class=\"su-button su-button-style-default\" style=\"color:#ffffff;background-color:#ed1c24;border-color:#be171d;border-radius:5px\" target=\"_self\"><span style=\"color:#ffffff;padding:0px 18px;font-size:14px;line-height:28px;border-color:#f36166;border-radius:5px\"> BREST<\/span><\/a><\/div><\/strong><\/span><\/td>\n<\/tr>\n<tr>\n<td style=\"vertical-align: middle;text-align: justify;width: 400px\"><span style=\"font-size: 0.9em\"><strong>R. DEL CASTILLO<\/strong> \u2192 Stade Rennais FC<strong><br \/>\nL. AGOUME <\/strong>(p.) \u2192 Inter Milan<strong><br \/>\nY. BADJI<\/strong> (p.) \u2192 Cercle Brugge KSV<br \/>\n<strong>M. BIZOT<\/strong> \u2192 AZ Alkmaar<strong><br \/>\nG. BUON<\/strong> (r.p.) \u2192 FC Bastia-Borgo<\/span><br \/>\n<span style=\"font-size: 0.9em\"><strong>R. SAID<\/strong> (r.p.) \u2192 Stade Briochin<\/span><br \/>\n<span style=\"font-size: 0.9em\"><strong>J. URONEN<\/strong> \u2192 KRC Genk<\/span><br \/>\n<span style=\"font-size: 0.9em\"><strong>G. COUDERT<\/strong> (f.c.) \u2192 Amiens SC<\/span><br \/>\n<span style=\"font-size: 0.9em\"><strong>L. BRASSIER<\/strong> (t.d.) \u2192 Stade Rennais FC<\/span><\/td>\n<td style=\"vertical-align: middle;text-align: justify;width: 400px\"><span style=\"font-size: 0.9em\"><strong>G. CHARBONNIER\u00a0<\/strong>(f.c.) \u2192 AJ Auxerre<strong><br \/>\nG. BUON<\/strong> (f.c.)<\/span><br \/>\n<span style=\"font-size: 0.9em\"><strong>P. LASNE<\/strong> (f.c.)<\/span><br \/>\n<span style=\"font-size: 0.9em\"><strong>I. DIOH<\/strong> (f.c.)<\/span><br \/>\n<span style=\"font-size: 0.9em\"><strong>L. BAAL<\/strong> (f.c.)<\/span><br \/>\n<span style=\"font-size: 0.9em\"><strong>M. HASSEN<\/strong> (f.c.)<\/span><br \/>\n<span style=\"font-size: 0.9em\"><strong>H. TAVARES<\/strong> (t.d.) \u2192 FC Famalic\u00e3o<\/span><br \/>\n<span style=\"font-size: 0.9em\"><strong>R. PERRAUD<\/strong> \u2192 Southampton FC<\/span><br \/>\n<span style=\"font-size: 0.9em\"><strong>F. N&rsquo;GOMA<\/strong> (f.c.) \u2192 Ch\u00e2teauroux<\/span><br \/>\n<span style=\"font-size: 0.9em\"><strong>J. LUCAS<\/strong> (r.p.) \u2192 Olympique Lyonnais<\/span><br \/>\n<span style=\"font-size: 0.9em\"><strong>B. FADIGA<\/strong> (r.p.) \u2192 Paris Saint-Germain<\/span><\/td>\n<\/tr>\n<tr>\n<td style=\"text-align: center;vertical-align: middle;width: 400px\" colspan=\"2\"><span style=\"font-size: 0.9em\"><strong><a id=\"clermont\"><\/a><div class=\"su-button-center\"><a href=\"#clermont\" class=\"su-button su-button-style-default\" style=\"color:#ffffff;background-color:#b92940;border-color:#942134;border-radius:5px\" target=\"_self\"><span style=\"color:#ffffff;padding:0px 18px;font-size:14px;line-height:28px;border-color:#ce6a7a;border-radius:5px\"> CLERMONT<\/span><\/a><\/div><\/strong><\/span><\/td>\n<\/tr>\n<tr>\n<td style=\"vertical-align: middle;text-align: justify;width: 400px\"><span style=\"font-size: 0.9em\"><strong>P-Y. HAMEL <\/strong>(p.) \u2192 FC Lorient<strong><br \/>\nO. BUSQUETS<\/strong> (f.c.) \u2192 FC Barcelone<strong><br \/>\nJ. BOYER<\/strong> (r.p.) \u2192 Bourg-en-Bresse<br \/>\n<strong>J-C. BILLONG<\/strong>\u00a0\u2192 Benevento Calcio<br \/>\n<strong>S-E. KHAOUI <\/strong>(f.c.)\u00a0\u2192 Olympique de Marseille<br \/>\n<strong>E. RASHANI<\/strong> \u2192 Erzurumspor<\/span><br \/>\n<span style=\"font-size: 0.9em\"><strong>A. MENDY<\/strong> \u2192 Servette FC<\/span><br \/>\n<span style=\"font-size: 0.9em\"><strong>B. TEIXEIRA<\/strong> (r.p.) \u2192 US Orl\u00e9ans<\/span><\/td>\n<td style=\"vertical-align: middle;text-align: justify;width: 400px\"><span style=\"font-size: 0.9em\"><strong>D. TRICHARD<\/strong>\u00a0\u2192 USL Dunkerque<br \/>\n<strong>B. ANOFF<\/strong> (p.) \u2192 FC Swift Hesperange<strong><br \/>\n<\/strong><strong>T. CISSOKHO<\/strong>\u00a0(p.) \u2192 Quevilly Rouen<\/span><br \/>\n<span style=\"font-size: 0.9em\"><strong>D. GOMIS<\/strong> \u2192 Pau FC<\/span><br \/>\n<span style=\"font-size: 0.9em\"><strong>S. CHADER<\/strong> (p.) \u2192 FC Stade Lausanne Ouchy<\/span><br \/>\n<span style=\"font-size: 0.9em\"><strong>B. DIALLO<\/strong> (p.) \u2192 US Orl\u00e9ans<\/span><br \/>\n<span style=\"font-size: 0.9em\"><strong>L. RAJOT<\/strong> \u2192 Rodez Aveyron Foot<\/span><\/td>\n<\/tr>\n<tr>\n<td style=\"text-align: center;vertical-align: middle;width: 400px\" colspan=\"2\"><span style=\"font-size: 0.9em\"><strong><a id=\"lens\"><\/a><div class=\"su-button-center\"><a href=\"#lens\" class=\"su-button su-button-style-default\" style=\"color:#a81314;background-color:#f7d60f;border-color:#c6ac0c;border-radius:5px\" target=\"_self\"><span style=\"color:#a81314;padding:0px 18px;font-size:14px;line-height:28px;border-color:#fae357;border-radius:5px\"> LENS<\/span><\/a><\/div><\/strong><\/span><\/td>\n<\/tr>\n<tr>\n<td style=\"vertical-align: middle;text-align: justify;width: 400px\"><span style=\"font-size: 0.9em\"><strong>A. KALIMUENDO<\/strong> (p.) \u2192 Paris Saint-Germain<strong><br \/>\nK. DANSO <\/strong>\u2192 FC Augsbourg<strong><br \/>\nP. FRANKOWSKI \u2192\u00a0<\/strong>Chicago Fire FC<strong><br \/>\nV. BELON<\/strong> (r.p.) \u2192 Stade Lavallois<\/span><br \/>\n<span style=\"font-size: 0.9em\"><strong>C. SENE<\/strong> (r.p.) \u2192 FC Annecy<\/span><br \/>\n<span style=\"font-size: 0.9em\"><strong>J. KEITA<\/strong> (r.p.) \u2192 CSKA Sofia<\/span><br \/>\n<span style=\"font-size: 0.9em\"><strong>D. MACHADO<\/strong> \u2192 Toulouse FC<\/span><br \/>\n<span style=\"font-size: 0.9em\"><strong>M. CAMARA<\/strong> \u2192 AS Dakar Sacr\u00e9-C\u0153ur<\/span><br \/>\n<span style=\"font-size: 0.9em\"><strong>W. SA\u00cfD<\/strong> \u2192 Toulouse FC<\/span><br \/>\n<span style=\"font-size: 0.9em\"><strong>C. WOOH<\/strong> \u2192 AS Nancy Lorraine<\/span><br \/>\n<span style=\"font-size: 0.9em\"><strong>G. KAKUTA<\/strong> (t.d.) \u2192 Amiens SC<\/span><br \/>\n<span style=\"font-size: 0.9em\"><strong>W. FARI\u00d1EZ<\/strong> (t.d.) \u2192 Millonarios FC<\/span><br \/>\n<span style=\"font-size: 0.9em\"><strong>C. BOLI<\/strong> (r.p.) \u2192 Paris FC<\/span><\/td>\n<td style=\"vertical-align: middle;text-align: justify;width: 400px\"><span style=\"font-size: 0.9em\"><strong>S. BANZA <\/strong>(p.) \u2192 FC Famalic\u00e3o<strong><br \/>\nS. FORTES <\/strong>(p.) \u2192 KV Oostende<strong><br \/>\nA. OUDJANI<\/strong> (p.) \u2192 Stade Briochin<br \/>\n<strong>C. MICHELIN<\/strong>\u00a0\u2192 AEK Ath\u00e8nes<strong><br \/>\nL. BAD\u00c9<\/strong> \u2192 Stade Rennais FC<\/span><br \/>\n<span style=\"font-size: 0.9em\"><strong>G. ROBAIL<\/strong> (p.) \u2192 Valenciennes FC<\/span><br \/>\n<span style=\"font-size: 0.9em\"><strong>B. CAMARA<\/strong> (p.) \u2192 Le Mans FC<\/span><br \/>\n<span style=\"font-size: 0.9em\"><strong>C. TRAORE<\/strong> \u2192 Dijon FCO<\/span><br \/>\n<span style=\"font-size: 0.9em\"><strong>T. MAURICIO<\/strong> \u2192 FC Sochaux-Montb\u00e9liard<\/span><br \/>\n<span style=\"font-size: 0.9em\"><strong>T. DUCROCQ<\/strong> (p.) \u2192 SC Bastia<\/span><br \/>\n<span style=\"font-size: 0.9em\"><strong>A. KALIMUENDO<\/strong> (r.p.) \u2192 Paris Saint-Germain<\/span><br \/>\n<span style=\"font-size: 0.9em\"><strong>Z. DIALLO<\/strong> (f.c.)<\/span><br \/>\n<span style=\"font-size: 0.9em\"><strong>I. SYLLA<\/strong> (r.p.) \u2192 Toulouse FC<\/span><br \/>\n<span style=\"font-size: 0.9em\"><strong>T. VINCENSINI<\/strong> (t.d.) \u2192 SC Bastia<\/span><\/td>\n<\/tr>\n<tr>\n<td style=\"text-align: center;vertical-align: middle;width: 400px\" colspan=\"2\"><span style=\"font-size: 0.9em\"><strong><a id=\"lille\"><\/a><div class=\"su-button-center\"><a href=\"#lille\" class=\"su-button su-button-style-default\" style=\"color:#ffffff;background-color:#df1e13;border-color:#b31810;border-radius:5px\" target=\"_self\"><span style=\"color:#ffffff;padding:0px 18px;font-size:14px;line-height:28px;border-color:#e9625a;border-radius:5px\"> LILLE<\/span><\/a><\/div><\/strong><\/span><\/td>\n<\/tr>\n<tr>\n<td style=\"vertical-align: middle;text-align: justify;width: 400px\"><span style=\"font-size: 0.9em\"><strong>G. GUDMUNDSSON \u2192\u00a0<\/strong>FC Groningen<strong><br \/>\nI. GRBIC<\/strong>\u00a0(p.) \u2192 Atl\u00e9tico de Madrid<strong><br \/>\nL. JARDIM<\/strong> (r.p.) \u2192 Boavista FC<strong><br \/>\nA. ONANA <\/strong>\u2192 Hambourg SV<strong><br \/>\nU. SIMBAKOLI<\/strong>\u00a0(r.p.) \u2192 Stade Lavallois<\/span><br \/>\n<span style=\"font-size: 0.9em\"><strong>S. AGOUZOUL<\/strong> (r.p.) \u2192 RE Mouscron<\/span><br \/>\n<span style=\"font-size: 0.9em\"><strong>SHOW<\/strong> (r.p.) \u2192 Boavista FC<\/span><br \/>\n<span style=\"font-size: 0.9em\"><strong>Y. DABILA<\/strong> (r.p.) \u2192 RE Mouscron<\/span><br \/>\n<span style=\"font-size: 0.9em\"><strong>J. ONANA<\/strong> (r.p.) \u2192 RE Mouscron<\/span><br \/>\n<span style=\"font-size: 0.9em\"><strong>F. OUATTARA<\/strong> (r.p.) \u2192 Valencia CF<\/span><br \/>\n<span style=\"font-size: 0.9em\"><strong>D. NLANDU<\/strong> (r.p.) \u2192 RE Mouscron<\/span><br \/>\n<span style=\"font-size: 0.9em\"><strong>A. JAKUBECH<\/strong> (r.p.) \u2192 KV CourtraiL<\/span><br \/>\n<span style=\"font-size: 0.9em\"><strong>A. OUATTARA<\/strong> (r.p.) \u2192 Amiens SC<\/span><br \/>\n<span style=\"font-size: 0.9em\"><strong>S. SADZOUTE<\/strong> (r.p.) \u2192 Pau FC<\/span><br \/>\n<span style=\"font-size: 0.9em\"><strong>A. GOMES<\/strong> (r.p.) \u2192 Boavista FC<\/span><br \/>\n<span style=\"font-size: 0.9em\"><strong>C. NIASSE<\/strong> (r.p.) \u2192 Panathina\u00efkos<\/span><\/td>\n<td style=\"vertical-align: middle;text-align: justify;width: 400px\"><span style=\"font-size: 0.9em\"><strong>D. NLANDU <\/strong>(p.) \u2192 US Avranches<strong><br \/>\nJ. ONANA<\/strong> \u2192 Bordeaux<br \/>\n<strong>SHOW<\/strong> \u2192 Ludogorets<strong><br \/>\nL. ARAUJO<\/strong> \u2192 Atlanta United FC<strong><br \/>\nA. OUATTARA<\/strong> \u2192 Valenciennes FC<\/span><br \/>\n<span style=\"font-size: 0.9em\"><strong>L. CHEVALIER<\/strong> (p.) \u2192 Valenciennes FC<\/span><br \/>\n<span style=\"font-size: 0.9em\"><strong>S. SADZOUTE<\/strong> \u2192 Oud-Heverlee Louvain<\/span><br \/>\n<span style=\"font-size: 0.9em\"><strong>H. KOFFI<\/strong> \u2192 Royal Charleroi SC<\/span><br \/>\n<span style=\"font-size: 0.9em\"><strong>A. SOUMAORO<\/strong> (t.d.) \u2192 Bologne FC<\/span><br \/>\n<span style=\"font-size: 0.9em\"><strong>B. SOUMARE<\/strong> \u2192 Leicester CFC<\/span><br \/>\n<span style=\"font-size: 0.9em\"><strong>R. KOUAME<\/strong> (t.d.) \u2192 ESTAC Troyes<\/span><br \/>\n<span style=\"font-size: 0.9em\"><strong>M. MAIGNAN<\/strong> \u2192 AC Milan<\/span><\/td>\n<\/tr>\n<tr>\n<td style=\"text-align: center;vertical-align: middle;width: 400px\" colspan=\"2\"><span style=\"font-size: 0.9em\"><strong><a id=\"lorient\"><\/a><div class=\"su-button-center\"><a href=\"#lorient\" class=\"su-button su-button-style-default\" style=\"color:#000000;background-color:#ef6e30;border-color:#c05827;border-radius:5px\" target=\"_self\"><span style=\"color:#000000;padding:0px 18px;font-size:14px;line-height:28px;border-color:#f49a6f;border-radius:5px\"> LORIENT<\/span><\/a><\/div><\/strong><\/span><\/td>\n<\/tr>\n<tr>\n<td style=\"vertical-align: middle;text-align: justify;width: 400px\"><span style=\"font-size: 0.9em\"><strong>M. JENZ<\/strong> \u2192 FC Lausanne-Sport<br \/>\n<strong>I. SILVA<\/strong> \u2192 NK Osijek<\/span><br \/>\n<span style=\"font-size: 0.9em\"><strong>J. BURBAN<\/strong> (r.p.) \u2192 AS Saint-Priest<\/span><br \/>\n<span style=\"font-size: 0.9em\"><strong>Q. LECOEUCHE<\/strong> (r.p.) \u2192 AC Ajaccio<\/span><br \/>\n<span style=\"font-size: 0.9em\"><strong>U. BOZOK<\/strong> (r.p.) \u2192 ESTAC Troyes<\/span><br \/>\n<span style=\"font-size: 0.9em\"><strong>J. PONCEAU<\/strong> (r.p.) \u2192 Rodez Aveyron Foot<\/span><\/td>\n<td style=\"vertical-align: middle;text-align: justify;width: 400px\"><span style=\"font-size: 0.9em\"><strong>P-Y. HAMEL <\/strong>(p.) \u2192 Clermont Foot<strong><br \/>\nQ. LECOEUCHE \u2192\u00a0<\/strong>Valenciennes FC<strong><br \/>\nJ. BURBAN<\/strong> (p.) \u2192 AS Saint-Priest<strong><br \/>\nJ. DELAPLACE\u00a0<\/strong>(f.c.)<strong><br \/>\nM. SAUNIER<\/strong>\u00a0(f.c.)<strong><br \/>\nS. MARVEAUX<\/strong> (f.c.) \u2192 Charlotte Independence<strong><br \/>\nY. WISSA<\/strong> \u2192 Brentford FC<strong><br \/>\nU. BOZOK<\/strong> (p.) \u2192 Kasimpa\u015fa SK<\/span><br \/>\n<span style=\"font-size: 0.9em\"><strong>Y. ETIENNE<\/strong> (f.c.)<\/span><br \/>\n<span style=\"font-size: 0.9em\"><strong>T. RENAUD<\/strong> (p.) \u2192 SO Cholet<\/span><br \/>\n<span style=\"font-size: 0.9em\"><strong>J. PONCEAU<\/strong> (p.) \u2192 N\u00eemes Olympique<\/span><br \/>\n<span style=\"font-size: 0.9em\"><strong>F. WADJA<\/strong> \u2192 SM Caen<\/span><br \/>\n<span style=\"font-size: 0.9em\"><strong>T. CHALOBAH<\/strong> (r.p.) \u2192 Chelsea FC<\/span><br \/>\n<span style=\"font-size: 0.9em\"><strong>A. GRAVILLON<\/strong> (r.p.) \u2192 Inter Milan<\/span><br \/>\n<span style=\"font-size: 0.9em\"><strong>T. ILORI<\/strong> (r.p.) \u2192 Sporting CP<\/span><br \/>\n<span style=\"font-size: 0.9em\"><strong>J. HOMAWOO<\/strong> \u2192 Red Star FC<\/span><br \/>\n<span style=\"font-size: 0.9em\"><strong>M. PATTIER<\/strong> (t.d.) \u2192 Stade Briochin<\/span><\/td>\n<\/tr>\n<tr>\n<td style=\"text-align: center;vertical-align: middle;width: 400px\" colspan=\"2\"><span style=\"font-size: 0.9em\"><strong><a id=\"lyon\"><\/a><div class=\"su-button-center\"><a href=\"#lyon\" class=\"su-button su-button-style-default\" style=\"color:#ffffff;background-color:#274287;border-color:#20356c;border-radius:5px\" target=\"_self\"><span style=\"color:#ffffff;padding:0px 18px;font-size:14px;line-height:28px;border-color:#687bab;border-radius:5px\"> LYON<\/span><\/a><\/div><\/strong><\/span><\/td>\n<\/tr>\n<tr>\n<td style=\"vertical-align: middle;text-align: justify;width: 400px\"><span style=\"font-size: 0.9em\"><strong>X. SHAQIRI \u2192 <\/strong>Liverpool FC<strong><br \/>\nEMERSON <\/strong>(p.) \u2192 Chelsea FC<strong><br \/>\nH. DEYONGE<\/strong> (r.p.) \u2192 FC Utrecht<\/span><br \/>\n<span style=\"font-size: 0.9em\"><strong>J. ANDERSEN<\/strong> (r.p.) <\/span><span style=\"font-size: 0.9em\">\u2192 Fulham FC<\/span><br \/>\n<span style=\"font-size: 0.9em\"><strong>M. DEMBELE<\/strong> (r.p.) <\/span><span style=\"font-size: 0.9em\">\u2192 Atl\u00e9tico de Madrid<\/span><br \/>\n<span style=\"font-size: 0.9em\"><strong>Y. KONE<\/strong> (r.p.) <\/span><span style=\"font-size: 0.9em\">\u2192 Antalyaspor<\/span><br \/>\n<span style=\"font-size: 0.9em\"><strong>P. C. DIOP<\/strong> (r.p.) <\/span><span style=\"font-size: 0.9em\">\u2192 Dijon FCO<\/span><br \/>\n<span style=\"font-size: 0.9em\"><strong>L. PINTOR<\/strong> (r.p.) <\/span><span style=\"font-size: 0.9em\">\u2192 ESTAC Troyes<\/span><br \/>\n<span style=\"font-size: 0.9em\"><strong>J. REINE-ADELAIDE<\/strong> (r.p.) <\/span><span style=\"font-size: 0.9em\">\u2192 OGC Nice<\/span><br \/>\n<span style=\"font-size: 0.9em\"><strong>HENRIQUE<\/strong> (f.c.) <\/span><span style=\"font-size: 0.9em\">\u2192 CR Vasco da Gama<\/span><br \/>\n<span style=\"font-size: 0.9em\"><strong>D. DA SILVA<\/strong> (f.c.) <\/span><span style=\"font-size: 0.9em\">\u2192 Stade Rennais FC<\/span><br \/>\n<span style=\"font-size: 0.9em\"><strong>J. LUCAS<\/strong> (r.p.) <\/span><span style=\"font-size: 0.9em\">\u2192 Stade Brestois 29<\/span><\/td>\n<td style=\"vertical-align: middle;text-align: justify;width: 400px\"><span style=\"font-size: 0.9em\"><strong>M. CORNET<\/strong> \u2192 Burnley<br \/>\n<strong>M. ALTIKULAC<\/strong> (p.) \u2192 Samsunspor<br \/>\n<strong>T. EHLING<\/strong> (p.) \u2192 SC Farense<br \/>\n<strong>C. \u00d6ZKACAR<\/strong> (p.) \u2192 Oud-Heverlee Louvain<strong><br \/>\n<\/strong><strong>Y. KONE<\/strong> (p.) \u2192 ESTAC Troyes<strong><br \/>\nJ. LUCAS <\/strong>\u2192 AS Monaco<strong><br \/>\nJ. ANDERSEN <\/strong>\u2192 Crystal Palace<strong><br \/>\nM. DE SCIGLIO<\/strong> (r.p.) \u2192 Juventus FC<\/span><br \/>\n<span style=\"font-size: 0.9em\"><strong>M. BARD<\/strong> \u2192 OGC Nice<\/span><br \/>\n<span style=\"font-size: 0.9em\"><strong>D. BENLAMRI<\/strong> (f.c.) \u2192 Qatar SC<\/span><br \/>\n<span style=\"font-size: 0.9em\"><strong>M. DEPAY<\/strong> (f.c.) \u2192 FC Barcelone<\/span><br \/>\n<span style=\"font-size: 0.9em\"><strong>Y. SOUMAR\u00c9<\/strong> (p.) \u2192 Dijon FCO<\/span><\/td>\n<\/tr>\n<tr>\n<td style=\"text-align: center;vertical-align: middle;width: 400px\" colspan=\"2\"><span style=\"font-size: 0.9em\"><strong><a id=\"marseille\"><\/a><div class=\"su-button-center\"><a href=\"#marseille\" class=\"su-button su-button-style-default\" style=\"color:#ffffff;background-color:#019ddb;border-color:#017eb0;border-radius:5px\" target=\"_self\"><span style=\"color:#ffffff;padding:0px 18px;font-size:14px;line-height:28px;border-color:#4ebbe6;border-radius:5px\"> MARSEILLE<\/span><\/a><\/div><\/strong><\/span><\/td>\n<\/tr>\n<tr>\n<td style=\"vertical-align: middle;text-align: justify;width: 400px\"><span style=\"font-size: 0.9em\"><strong>P. RUIZ DELGADO <\/strong>(f.c.) \u2192 Real Madrid<strong><br \/>\nP. LIROLA<\/strong>\u00a0\u2192 AC Fiorentina<strong><br \/>\nW. SALIBA<\/strong> (p.) <\/span><span style=\"font-size: 0.9em\">\u2192 Arsenal FC<\/span><br \/>\n<strong><span style=\"font-size: 0.9em\">L. PERES <\/span><\/strong><span style=\"font-size: 0.9em\">\u2192 Santos<\/span><br \/>\n<span style=\"font-size: 0.9em\"><strong>P. L\u00d3PEZ<\/strong> (p.) <\/span><span style=\"font-size: 0.9em\">\u2192 AS Roma<\/span><br \/>\n<span style=\"font-size: 0.9em\"><strong>M. GUENDOUZI<\/strong> (p.) <\/span><span style=\"font-size: 0.9em\">\u2192 Arsenal FC<\/span><br \/>\n<span style=\"font-size: 0.9em\"><strong>A. A. MOHAMED<\/strong> (r.p.) <\/span><span style=\"font-size: 0.9em\">\u2192 SV Zulte Waregem<\/span><br \/>\n<span style=\"font-size: 0.9em\"><strong>C. \u00dcNDER<\/strong> (p.) <\/span><span style=\"font-size: 0.9em\">\u2192 AS Roma<\/span><br \/>\n<span style=\"font-size: 0.9em\"><strong>L. BALERDI<\/strong> (t.d.) <\/span><span style=\"font-size: 0.9em\">\u2192 Borussia Dortmund<\/span><br \/>\n<strong><span style=\"font-size: 0.9em\">K. DE LA FUENTE <\/span><\/strong><span style=\"font-size: 0.9em\">\u2192 FC Barcelona<\/span><br \/>\n<span style=\"font-size: 0.9em\"><strong>N. RADONJIC<\/strong> (r.p.) <\/span><span style=\"font-size: 0.9em\">\u2192 Hertha BSC<\/span><br \/>\n<span style=\"font-size: 0.9em\"><strong>GERSON<\/strong> <\/span><span style=\"font-size: 0.9em\">\u2192 Flamengo<\/span><\/td>\n<td style=\"vertical-align: middle;text-align: justify;width: 400px\"><span style=\"font-size: 0.9em\"><strong>V. GERMAIN<\/strong> (f.c.) \u2192 Montpellier H\u00e9rault SC<strong><br \/>\nP. RUIZ DELGADO<\/strong> (p.) \u2192 NEC Nim\u00e8gue<strong><br \/>\nN. RADONJIC <\/strong>(p.) \u2192 SL Benfica<br \/>\n<strong>D. BENEDETTO <\/strong>(p.) \u2192 Elche CF<strong><br \/>\nS-E. KHAOUI <\/strong>(f.c.) \u2192 Clermont Foot<strong><br \/>\nO. NTCHAM <\/strong>(r.p.) \u2192 Celtic FC<strong><br \/>\nP. LIROLA <\/strong>(r.p.) \u2192 AC Fiorentina<strong><br \/>\nL. PERRIN<\/strong> (p.) <\/span><span style=\"font-size: 0.9em\">\u2192 RC Strasbourg Alsace<\/span><br \/>\n<strong><span style=\"font-size: 0.9em\">A. A. MOHAMED <\/span><\/strong><span style=\"font-size: 0.9em\">\u2192 FC Stade Lausanne Ouchy<\/span><br \/>\n<span style=\"font-size: 0.9em\"><strong>K. STROOTMAN<\/strong> (p.) <\/span><span style=\"font-size: 0.9em\">\u2192 Cagliari<\/span><br \/>\n<span style=\"font-size: 0.9em\"><strong>Y. NAGATOMO<\/strong> (f.c.)<\/span><br \/>\n<span style=\"font-size: 0.9em\"><strong>S-E. KHAOUI<\/strong> (f.c.)<\/span><br \/>\n<span style=\"font-size: 0.9em\"><strong>V. GERMAIN<\/strong> (f.c.)<\/span><br \/>\n<span style=\"font-size: 0.9em\"><strong>Y. PEL\u00c9<\/strong> (f.c.)<\/span><br \/>\n<span style=\"font-size: 0.9em\"><strong>F. THAUVIN<\/strong> (f.c.) <\/span><span style=\"font-size: 0.9em\">\u2192 Tigres UANL<\/span><br \/>\n<span style=\"font-size: 0.9em\"><strong>C. ROCCHIA<\/strong> (f.c.) <\/span><span style=\"font-size: 0.9em\">\u2192 Dijon FCO<\/span><br \/>\n<strong><span style=\"font-size: 0.9em\">H. SAKAI <\/span><\/strong><span style=\"font-size: 0.9em\">\u2192 Urawa Red Diamonds<\/span><br \/>\n<span style=\"font-size: 0.9em\"><strong>M. CUISANCE<\/strong> (r.p.) <\/span><span style=\"font-size: 0.9em\">\u2192 FC Bayern M\u00fcnchen<\/span><br \/>\n<span style=\"font-size: 0.9em\"><strong>M. LOPEZ<\/strong> (t.d.) <\/span><span style=\"font-size: 0.9em\">\u2192 Sassuolo<\/span><\/td>\n<\/tr>\n<tr>\n<td style=\"text-align: center;vertical-align: middle;width: 400px\" colspan=\"2\"><span style=\"font-size: 0.9em\"><strong><a id=\"metz\"><\/a><div class=\"su-button-center\"><a href=\"#metz\" class=\"su-button su-button-style-default\" style=\"color:#ffffff;background-color:#500000;border-color:#400000;border-radius:5px\" target=\"_self\"><span style=\"color:#ffffff;padding:0px 18px;font-size:14px;line-height:28px;border-color:#854d4d;border-radius:5px\"> METZ<\/span><\/a><\/div><\/strong><\/span><\/td>\n<\/tr>\n<tr>\n<td style=\"vertical-align: middle;text-align: justify;width: 400px\"><span style=\"font-size: 0.9em\"><strong>D. OBERHAUSER<\/strong> \u2192 Le Puy Foot 43 Auvergne<br \/>\n<strong>N. DE PREVILLE<\/strong> (f.c.) \u2192 Bordeaux<strong><br \/>\n<\/strong><strong>P. M. SARR<\/strong> (p.) \u2192 Tottenham<strong><br \/>\nS. NIAKATE <\/strong>(p.) \u2192 En Avant Guingamp<strong><br \/>\nS. ALAKOUCH<\/strong> (f.c.) <\/span><span style=\"font-size: 0.9em\">\u2192 N\u00eemes Olympique<\/span><br \/>\n<span style=\"font-size: 0.9em\"><strong>C. T. SABALY<\/strong> (r.p.) <\/span><span style=\"font-size: 0.9em\">\u2192 Pau FC<\/span><br \/>\n<span style=\"font-size: 0.9em\"><strong>A. L\u00d4<\/strong> (r.p.) <\/span><span style=\"font-size: 0.9em\">\u2192 RFC Seraing<\/span><br \/>\n<span style=\"font-size: 0.9em\"><strong>C. T. SABALY<\/strong> (r.p.) <\/span><span style=\"font-size: 0.9em\">\u2192 Pau FC<\/span><br \/>\n<span style=\"font-size: 0.9em\"><strong>G. MIKAUTADZE<\/strong> (r.p.) <\/span><span style=\"font-size: 0.9em\">\u2192 RFC Seraing<\/span><br \/>\n<span style=\"font-size: 0.9em\"><strong>A. DIA NDIAYE<\/strong> (r.p.) <\/span><span style=\"font-size: 0.9em\">\u2192 RFC Seraing<\/span><br \/>\n<strong><span style=\"font-size: 0.9em\">L. JOSEPH <\/span><\/strong><span style=\"font-size: 0.9em\">\u2192 Le Puy Foot 43 Auvergne<\/span><br \/>\n<span style=\"font-size: 0.9em\"><strong>A. BASSI<\/strong> (f.c.) <\/span><span style=\"font-size: 0.9em\">\u2192 AS Nancy Lorraine<\/span><\/td>\n<td style=\"vertical-align: middle;text-align: justify;width: 400px\"><strong><span style=\"font-size: 0.9em\">J. BOYE <\/span><\/strong><span style=\"font-size: 0.9em\">\u2192 Al-Fayha FC<\/span><strong><span style=\"font-size: 0.9em\"><br \/>\nG. MIKAUTADZE<\/span><\/strong><span style=\"font-size: 0.9em\">\u00a0(p.) <\/span><span style=\"font-size: 0.9em\">\u2192 RFC Seraing<\/span><strong><span style=\"font-size: 0.9em\"><br \/>\nV. DIAS GONCALVES<\/span><\/strong><span style=\"font-size: 0.9em\">\u00a0(p.) <\/span><span style=\"font-size: 0.9em\">\u2192 FC Sion<\/span><strong><span style=\"font-size: 0.9em\"><br \/>\nP. M. SARR<\/span><\/strong><span style=\"font-size: 0.9em\"> \u2192 Tottenham<\/span><strong><span style=\"font-size: 0.9em\"><br \/>\nY. GODART<\/span><\/strong><span style=\"font-size: 0.9em\"> (f.c.)<\/span><span style=\"font-size: 0.9em\"> \u2192 US Avranches<\/span><strong><span style=\"font-size: 0.9em\"><br \/>\nM. FOFANA \u2192\u00a0<\/span><\/strong><span style=\"font-size: 0.9em\">Amiens SC<\/span><strong><span style=\"font-size: 0.9em\"><br \/>\nT. AMBROSE <\/span><\/strong><span style=\"font-size: 0.9em\">\u2192 KV Oostende<\/span><br \/>\n<span style=\"font-size: 0.9em\"><strong>A. L\u00d4<\/strong> (p.) <\/span><span style=\"font-size: 0.9em\">\u2192 SO Cholet<\/span><br \/>\n<span style=\"font-size: 0.9em\"><strong>Y. MAZIZ<\/strong> (p.) <\/span><span style=\"font-size: 0.9em\">\u2192 RFC Seraing<\/span><br \/>\n<span style=\"font-size: 0.9em\"><strong>A. JALLOW<\/strong> (p.) <\/span><span style=\"font-size: 0.9em\">\u2192 RFC Seraing<\/span><br \/>\n<strong><span style=\"font-size: 0.9em\">V. ANGBAN <\/span><\/strong><span style=\"font-size: 0.9em\">\u2192 FK Sotchi<\/span><br \/>\n<span style=\"font-size: 0.9em\"><strong>A. DIA NDIAYE<\/strong> (p.) <\/span><span style=\"font-size: 0.9em\">\u2192 Le Mans FC<\/span><br \/>\n<span style=\"font-size: 0.9em\"><strong>M. CACHBACH<\/strong> (p.) <\/span><span style=\"font-size: 0.9em\">\u2192 RFC Seraing<\/span><br \/>\n<span style=\"font-size: 0.9em\"><strong>R. DJEDJE<\/strong> (p.) <\/span><span style=\"font-size: 0.9em\">\u2192 RFC Seraing<\/span><br \/>\n<span style=\"font-size: 0.9em\"><strong>S. LAHSSAINI<\/strong> (p.) <\/span><span style=\"font-size: 0.9em\">\u2192 RFC Seraing<\/span><br \/>\n<span style=\"font-size: 0.9em\"><strong>G. DIETSCH<\/strong> (p.) <\/span><span style=\"font-size: 0.9em\">\u2192 RFC Seraing<\/span><br \/>\n<span style=\"font-size: 0.9em\"><strong>A. LEYA ISEKA<\/strong> (r.p.) <\/span><span style=\"font-size: 0.9em\">\u2192 Toulouse FC<\/span><\/td>\n<\/tr>\n<tr>\n<td style=\"text-align: center;vertical-align: middle;width: 400px\" colspan=\"2\"><span style=\"font-size: 0.9em\"><strong><a id=\"monaco\"><\/a><div class=\"su-button-center\"><a href=\"#monaco\" class=\"su-button su-button-style-default\" style=\"color:#ffffff;background-color:#d10a10;border-color:#a8080d;border-radius:5px\" target=\"_self\"><span style=\"color:#ffffff;padding:0px 18px;font-size:14px;line-height:28px;border-color:#df5458;border-radius:5px\"> MONACO<\/span><\/a><\/div><\/strong><\/span><\/td>\n<\/tr>\n<tr>\n<td style=\"vertical-align: middle;text-align: justify;width: 400px\"><span style=\"font-size: 0.9em\"><strong>M. BOADU <\/strong>\u2192 AZ Alkmaar<strong><br \/>\nJ. LUCAS<\/strong> \u2192 Olympique Lyonnais<strong><br \/>\nH. ONYEKURU<\/strong> (r.p.) <\/span><span style=\"font-size: 0.9em\">\u2192 Galatasaray SK<\/span><br \/>\n<span style=\"font-size: 0.9em\"><strong>J. SERRANO<\/strong> (r.p.) <\/span><span style=\"font-size: 0.9em\">\u2192 Livingston FC<\/span><br \/>\n<span style=\"font-size: 0.9em\"><strong>A. BONGIOVANNI<\/strong> (r.p.) <\/span><span style=\"font-size: 0.9em\">\u2192 FC Den Bosch<\/span><br \/>\n<span style=\"font-size: 0.9em\"><strong>G. PEREIRA<\/strong> (r.p.) <\/span><span style=\"font-size: 0.9em\">\u2192 S.S. Lazio<\/span><br \/>\n<span style=\"font-size: 0.9em\"><strong>A. BARRECA<\/strong> (r.p.) <\/span><span style=\"font-size: 0.9em\">\u2192 AC Fiorentina<\/span><br \/>\n<span style=\"font-size: 0.9em\"><strong>PELE<\/strong> (r.p.) <\/span><span style=\"font-size: 0.9em\">\u2192 Rio Ave FC<\/span><br \/>\n<span style=\"font-size: 0.9em\"><strong>K. BALDE<\/strong> (r.p.) <\/span><span style=\"font-size: 0.9em\">\u2192 Sampdoria<\/span><br \/>\n<span style=\"font-size: 0.9em\"><strong>JORGE<\/strong> (r.p.) <\/span><span style=\"font-size: 0.9em\">\u2192 FC B\u00e2le<\/span><br \/>\n<strong><span style=\"font-size: 0.9em\">I. JAKOBS <\/span><\/strong><span style=\"font-size: 0.9em\">\u2192 1. FC Cologne<\/span><br \/>\n<span style=\"font-size: 0.9em\"><strong>W. ISIDOR<\/strong> (r.p.) <\/span><span style=\"font-size: 0.9em\">\u2192 FC Bastia-Borgo<\/span><br \/>\n<span style=\"font-size: 0.9em\"><strong>A. N\u00dcBEL<\/strong> (p.) <\/span><span style=\"font-size: 0.9em\">\u2192 FC Bayern M\u00fcnchen<\/span><br \/>\n<span style=\"font-size: 0.9em\"><strong>G. DIAS<\/strong> (r.p.) <\/span><span style=\"font-size: 0.9em\">\u2192 FC Famalic\u00e3o<\/span><br \/>\n<span style=\"font-size: 0.9em\"><strong>A. ZAGRE<\/strong> (r.p.) <\/span><span style=\"font-size: 0.9em\">\u2192 Dijon FCO<\/span><br \/>\n<span style=\"font-size: 0.9em\"><strong>S. PAVLOVIC<\/strong> (r.p.) <\/span><span style=\"font-size: 0.9em\">\u2192 Cercle Brugge KSV<\/span><br \/>\n<span style=\"font-size: 0.9em\"><strong>A. MUSABA<\/strong> (r.p.) <\/span><span style=\"font-size: 0.9em\">\u2192 Cercle Brugge KSV<\/span><br \/>\n<span style=\"font-size: 0.9em\"><strong>H. MARCELIN<\/strong> (r.p.) <\/span><span style=\"font-size: 0.9em\">\u2192 Cercle Brugge KSV<\/span><br \/>\n<span style=\"font-size: 0.9em\"><strong>G. BIANCONE<\/strong> (r.p.) <\/span><span style=\"font-size: 0.9em\">\u2192 Cercle Brugge KSV<\/span><\/td>\n<td style=\"vertical-align: middle;text-align: justify;width: 400px\"><span style=\"font-size: 0.9em\"><strong>J. SERRANO <\/strong>(f.c.)<strong><br \/>\nW. GEUBBELS <\/strong>(p.) \u2192 \u00a0FC Nantes<strong><br \/>\nK. BALDE<\/strong> \u2192 Cagliari<strong><br \/>\nA. MUSABA <\/strong>(p.) \u2192 SC Heerenveen<strong><br \/>\nA. BARRECA <\/strong>(p.) \u2192 US Lecce<br \/>\n<strong>P. PELLEGRI <\/strong>(p.) \u2192 AC Milan<br \/>\n<strong>B. LECOMTE <\/strong>(p.) \u2192 Atl\u00e9tico de Madrid<strong><br \/>\nY. AIT BENNASSER<\/strong> (f.c.)<strong><br \/>\nE. MILLOT \u2192\u00a0<\/strong>VfB Stuttgart<strong><br \/>\nG. BIANCONE<\/strong> \u2192 ESTAC Troyes<strong><br \/>\nH. ONYEKURU <\/strong>\u2192 Olympiakos FC<strong><br \/>\nS. JOVETIC<\/strong> (f.c.) \u2192 Hertha BSC<strong><br \/>\nJ-E. AHOLOU<\/strong> (p.) <\/span><span style=\"font-size: 0.9em\">\u2192 RC Strasbourg Alsace<\/span><br \/>\n<strong><span style=\"font-size: 0.9em\">JORGE <\/span><\/strong><span style=\"font-size: 0.9em\">\u2192 Palmeiras<\/span><br \/>\n<strong><span style=\"font-size: 0.9em\">B. POPOVIC <\/span><\/strong><span style=\"font-size: 0.9em\">\u2192 Cercle Brugge KSV<\/span><br \/>\n<strong><span style=\"font-size: 0.9em\">E. UTKUS <\/span><\/strong><span style=\"font-size: 0.9em\">\u2192 Cercle Brugge KSV<\/span><br \/>\n<strong><span style=\"font-size: 0.9em\">F. BALLO-TOUR\u00c9 <\/span><\/strong><span style=\"font-size: 0.9em\">\u2192 AC Milan<\/span><br \/>\n<span style=\"font-size: 0.9em\"><strong>G. DIAS<\/strong> <\/span><span style=\"font-size: 0.9em\">\u2192 SL Benfica<\/span><br \/>\n<span style=\"font-size: 0.9em\"><strong>A. ZAGRE<\/strong> (p.) <\/span><span style=\"font-size: 0.9em\">\u2192 FC Utrecht<\/span><br \/>\n<span style=\"font-size: 0.9em\"><strong>F. LUIS<\/strong> (r.p.) <\/span><span style=\"font-size: 0.9em\">\u2192 SL Benfica<\/span><br \/>\n<span style=\"font-size: 0.9em\"><strong>B. HENRICHS<\/strong> (t.d.) <\/span><span style=\"font-size: 0.9em\">\u2192 RB Leipzig<\/span><\/td>\n<\/tr>\n<tr>\n<td style=\"text-align: center;vertical-align: middle;width: 400px\" colspan=\"2\"><span style=\"font-size: 0.9em\"><strong><a id=\"montpellier\"><\/a><div class=\"su-button-center\"><a href=\"#montpellier\" class=\"su-button su-button-style-default\" style=\"color:#0067a6;background-color:#f26f21;border-color:#c2591b;border-radius:5px\" target=\"_self\"><span style=\"color:#0067a6;padding:0px 18px;font-size:14px;line-height:28px;border-color:#f69b64;border-radius:5px\"> MONTPELLIER<\/span><\/a><\/div><\/strong><\/span><\/td>\n<\/tr>\n<tr>\n<td style=\"vertical-align: middle;text-align: justify;width: 400px\"><span style=\"font-size: 0.9em\"><strong>V. GERMAIN<\/strong> (f.c.) \u2192 Olympique de Marseille<strong><br \/>\nM. SAKHO <\/strong>(f.c.) \u2192 Crystal Palace<strong><br \/>\nB. BADU<\/strong> (r.p.) <\/span><span style=\"font-size: 0.9em\">\u2192 FC Chambly Oise<\/span><br \/>\n<span style=\"font-size: 0.9em\"><strong>M. THULER<\/strong> (p.) <\/span><span style=\"font-size: 0.9em\">\u2192 Flamengo<\/span><br \/>\n<span style=\"font-size: 0.9em\"><strong>K. KA\u00cfBOU\u00c9<\/strong> (r.p.) <\/span><span style=\"font-size: 0.9em\">\u2192 FC S\u00e8te 34<\/span><br \/>\n<span style=\"font-size: 0.9em\"><strong>T. VARGAS<\/strong> (r.p.) <\/span><span style=\"font-size: 0.9em\">\u2192 Ch\u00e2teauroux<\/span><br \/>\n<span style=\"font-size: 0.9em\"><strong>L. LEROY<\/strong> (f.c.) <\/span><span style=\"font-size: 0.9em\">\u2192 Ch\u00e2teauroux<\/span><\/td>\n<td style=\"vertical-align: middle;text-align: justify;width: 400px\"><span style=\"font-size: 0.9em\"><strong>Y. AMMOUR <\/strong>(f.c.) \u2192 AEK Ath\u00e8nes<strong><br \/>\nG. LABORDE <\/strong>\u2192 Stade Rennais<strong><br \/>\nP. SKULETIC <\/strong>(f.c.)<strong><br \/>\nT. VARGAS <\/strong>(t.d.) \u2192\u00a0Ch\u00e2teauroux<strong><br \/>\nA. DELORT<\/strong> \u2192 OGC Nice<strong><br \/>\nD. LE TALLEC<\/strong> (f.c.) <\/span><span style=\"font-size: 0.9em\">\u2192 AEK Ath\u00e8nes<\/span><br \/>\n<span style=\"font-size: 0.9em\"><strong>D. CONGR\u00c9<\/strong> (f.c.) <\/span><span style=\"font-size: 0.9em\">\u2192 Dijon FCO<\/span><br \/>\n<strong><span style=\"font-size: 0.9em\">B. BADU <\/span><\/strong><span style=\"font-size: 0.9em\">\u2192 Le Mans FC<\/span><br \/>\n<span style=\"font-size: 0.9em\"><strong>HILTON<\/strong> (f.c.) <\/span><span style=\"font-size: 0.9em\">\u2192 Retraite<\/span><br \/>\n<span style=\"font-size: 0.9em\"><strong>S. BENCHAMMA<\/strong> (f.c.) <\/span><span style=\"font-size: 0.9em\">\u2192 Chamois Niortais<\/span><br \/>\n<span style=\"font-size: 0.9em\"><strong>I-L. YUN<\/strong> (f.c.)<\/span><br \/>\n<span style=\"font-size: 0.9em\"><strong>K. DOLLY<\/strong> (f.c.)<\/span><br \/>\n<span style=\"font-size: 0.9em\"><strong>Y. AMMOUR<\/strong> (f.c.)<\/span><br \/>\n<span style=\"font-size: 0.9em\"><strong>C. VIDAL<\/strong> (p.) <\/span><span style=\"font-size: 0.9em\">\u2192 AC Ajaccio<\/span><br \/>\n<span style=\"font-size: 0.9em\"><strong>K. KA\u00cfBOU\u00c9<\/strong> (f.c.) <\/span><span style=\"font-size: 0.9em\">\u2192 SC Bastia<\/span><\/td>\n<\/tr>\n<tr>\n<td style=\"text-align: center;vertical-align: middle;width: 400px\" colspan=\"2\"><span style=\"font-size: 0.9em\"><strong><a id=\"nantes\"><\/a><div class=\"su-button-center\"><a href=\"#nantes\" class=\"su-button su-button-style-default\" style=\"color:#00a558;background-color:#ffdd00;border-color:#ccb100;border-radius:5px\" target=\"_self\"><span style=\"color:#00a558;padding:0px 18px;font-size:14px;line-height:28px;border-color:#ffe84d;border-radius:5px\"> NANTES<\/span><\/a><\/div><\/strong><\/span><\/td>\n<\/tr>\n<tr>\n<td style=\"vertical-align: middle;text-align: justify;width: 400px\"><span style=\"font-size: 0.9em\"><strong>W. GEUBBELS <\/strong>(p.) \u2192 AS Monaco<strong><br \/>\nO. BUKARI <\/strong>(p.) \u2192 KAA Gent<strong><br \/>\nA. DABO<\/strong> (r.p.) \u2192 Juventus FC<\/span><br \/>\n<span style=\"font-size: 0.9em\"><strong>A. BA<\/strong> (r.p.) \u2192 Cosenza Calcio<\/span><br \/>\n<span style=\"font-size: 0.9em\"><strong>M. WAGUE<\/strong> (r.p.) \u2192 Amiens SC<\/span><br \/>\n<span style=\"font-size: 0.9em\"><strong>S. MOUTOUSSAMY<\/strong> (r.p.) \u2192 Fortuna Sittard<\/span><br \/>\n<span style=\"font-size: 0.9em\"><strong>W. CYPRIEN<\/strong> (p.) \u2192 Parma Calcio 1913<\/span><br \/>\n<span style=\"font-size: 0.9em\"><strong>R. DESCAMPS<\/strong> \u2192 Royal Charleroi SC<\/span><\/td>\n<td style=\"vertical-align: middle;text-align: justify;width: 400px\"><strong><span style=\"font-size: 0.9em\">B. NDILU <\/span><\/strong><span style=\"font-size: 0.9em\">(p.) <\/span><span style=\"font-size: 0.9em\">\u2192 <\/span><span style=\"font-size: 0.9em\">Quevilly Rouen<\/span><strong><span style=\"font-size: 0.9em\"><br \/>\nA. TOUR\u00c9 <\/span><\/strong><span style=\"font-size: 0.9em\">\u2192 <\/span><span style=\"font-size: 0.9em\">Genoa<\/span><strong><span style=\"font-size: 0.9em\"><br \/>\nK. BAMBA <\/span><\/strong><span style=\"font-size: 0.9em\">(p.) <\/span><span style=\"font-size: 0.9em\">\u2192 <\/span><span style=\"font-size: 0.9em\">Amiens SC<\/span><strong><span style=\"font-size: 0.9em\"><br \/>\nB. MENDY <\/span><\/strong><span style=\"font-size: 0.9em\">\u2192 Angers SCO<\/span><br \/>\n<span style=\"font-size: 0.9em\"><strong>L. EVANGELISTA<\/strong> (t.d.) <\/span><span style=\"font-size: 0.9em\">\u2192 Red Bull Bragantino<\/span><br \/>\n<span style=\"font-size: 0.9em\"><strong>T. BASILA<\/strong> (f.c.) <\/span><span style=\"font-size: 0.9em\">\u2192 KV Oostende<\/span><br \/>\n<span style=\"font-size: 0.9em\"><strong>A. OLLIERO<\/strong> (t.d.) <\/span><span style=\"font-size: 0.9em\">\u2192 Pau FC<\/span><br \/>\n<strong><span style=\"font-size: 0.9em\">I. LOUZA <\/span><\/strong><span style=\"font-size: 0.9em\">\u2192 Watford FC<\/span><br \/>\n<span style=\"font-size: 0.9em\"><strong>E. YOUAN<\/strong> (t.d.) <\/span><span style=\"font-size: 0.9em\">\u2192 FC Saint-Gall<\/span><br \/>\n<span style=\"font-size: 0.9em\"><strong>A. WALONGWA<\/strong> (f.c.)<\/span><\/td>\n<\/tr>\n<tr>\n<td style=\"text-align: center;vertical-align: middle;width: 400px\" colspan=\"2\"><span style=\"font-size: 0.9em\"><strong><a id=\"nice\"><\/a><div class=\"su-button-center\"><a href=\"#nice\" class=\"su-button su-button-style-default\" style=\"color:#ffffff;background-color:#160505;border-color:#120404;border-radius:5px\" target=\"_self\"><span style=\"color:#ffffff;padding:0px 18px;font-size:14px;line-height:28px;border-color:#5c5050;border-radius:5px\"> NICE<\/span><\/a><\/div><\/strong><\/span><\/td>\n<\/tr>\n<tr>\n<td style=\"vertical-align: middle;text-align: justify;width: 400px\"><span style=\"font-size: 0.9em\"><strong>A. DELORT<\/strong> \u2192 Montpellier<strong><br \/>\nM. BULKA <\/strong>(p.) \u2192 Paris Saint-Germain<strong><br \/>\nP. ROSARIO <\/strong>\u2192 PSV Eindhoven<strong><br \/>\nM. LEMINA<\/strong> \u2192 Southampton FC<\/span><br \/>\n<span style=\"font-size: 0.9em\"><strong>J. KLUIVERT<\/strong> (p.) \u2192 AS Roma<\/span><br \/>\n<span style=\"font-size: 0.9em\"><strong>M. BARD<\/strong> \u2192 Olympique Lyonnais<\/span><br \/>\n<span style=\"font-size: 0.9em\"><strong>C. STENGS<\/strong> \u2192 AZ Alkmaar<\/span><br \/>\n<span style=\"font-size: 0.9em\"><strong>I. SACKO<\/strong> (r.p.) \u2192 Cosenza Calcio<\/span><br \/>\n<span style=\"font-size: 0.9em\"><strong>R. COLY<\/strong> (r.p.) \u2192 Amiens SC<\/span><br \/>\n<span style=\"font-size: 0.9em\"><strong>J-C. TODIBO<\/strong> (t.d.) \u2192 FC Barcelona<\/span><br \/>\n<span style=\"font-size: 0.9em\"><strong>J. N&rsquo;GUESSAN<\/strong> \u2192 Racing Club d&rsquo;Abidjan<\/span><br \/>\n<span style=\"font-size: 0.9em\"><strong>P. BRAZAO<\/strong> (r.p.) \u2192 FC Lausanne-Sport<\/span><br \/>\n<span style=\"font-size: 0.9em\"><strong>E. GUESSAND (<\/strong>r.p.) \u2192 FC Lausanne-Sport<\/span><br \/>\n<span style=\"font-size: 0.9em\"><strong>L. DA CUNHA<\/strong> (r.p.) \u2192 FC Lausanne-Sport<\/span><br \/>\n<span style=\"font-size: 0.9em\"><strong>I. CISS\u00c9<\/strong> (r.p.) \u2192 Ch\u00e2teauroux<\/span><\/td>\n<td style=\"vertical-align: middle;text-align: justify;width: 400px\"><span style=\"font-size: 0.9em\"><strong>D. NDOYE <\/strong>(p.) \u2192 FC B\u00e2le<strong><br \/>\nM. MAOLIDA <\/strong>\u2192 Hertha BSC<strong><br \/>\nA. TROUILLET<\/strong>\u00a0\u2192 AJ Auxerre<strong><br \/>\nP. BRAZAO<\/strong>\u00a0<\/span><span style=\"font-size: 0.9em\">\u2192 FC Famalic\u00e3o<br \/>\n<strong>S. NSOKI<\/strong> \u2192 Club Bruges KV<\/span><br \/>\n<span style=\"font-size: 0.9em\"><strong>A. PELMARD<\/strong> (p.) <\/span><span style=\"font-size: 0.9em\">\u2192 FC B\u00e2le<\/span><br \/>\n<span style=\"font-size: 0.9em\"><strong>P. LEES MELOU<\/strong> <\/span><span style=\"font-size: 0.9em\">\u2192 Norwich City<\/span><br \/>\n<span style=\"font-size: 0.9em\"><strong>W. SALIBA<\/strong> (r.p.) <\/span><span style=\"font-size: 0.9em\">\u2192 Arsenal FC<\/span><br \/>\n<span style=\"font-size: 0.9em\"><strong>R. COLY<\/strong> <\/span><span style=\"font-size: 0.9em\">\u2192 Estoril Praia SAD<\/span><br \/>\n<span style=\"font-size: 0.9em\"><strong>J. REINE-ADELAIDE<\/strong> (r.p.) <\/span><span style=\"font-size: 0.9em\">\u2192 Olympique Lyonnais<\/span><br \/>\n<span style=\"font-size: 0.9em\"><strong>H. MAHOU<\/strong> (t.d.) <\/span><span style=\"font-size: 0.9em\">\u2192 FC Lausanne-Sport<\/span><br \/>\n<span style=\"font-size: 0.9em\"><strong>J. N&rsquo;GUESSAN<\/strong> (p.) <\/span><span style=\"font-size: 0.9em\">\u2192 FC Lausanne-Sport<\/span><br \/>\n<span style=\"font-size: 0.9em\"><strong>I. CISS\u00c9<\/strong> (p.) <\/span><span style=\"font-size: 0.9em\">\u2192 Le Mans FC<\/span><br \/>\n<span style=\"font-size: 0.9em\"><strong>Y. CARDINALE<\/strong> (f.c.)<br \/>\n<\/span><span style=\"font-size: 0.9em\"><strong>R. LOPES<\/strong> (r.p.) <\/span><span style=\"font-size: 0.9em\">\u2192 Sevilla FC<\/span><\/td>\n<\/tr>\n<tr>\n<td style=\"text-align: center;vertical-align: middle;width: 400px\" colspan=\"2\"><span style=\"font-size: 0.9em\"><strong><a id=\"psg\"><\/a><div class=\"su-button-center\"><a href=\"#psg\" class=\"su-button su-button-style-default\" style=\"color:#ffffff;background-color:#013d6f;border-color:#013159;border-radius:5px\" target=\"_self\"><span style=\"color:#ffffff;padding:0px 18px;font-size:14px;line-height:28px;border-color:#4e789b;border-radius:5px\"> PSG<\/span><\/a><\/div><\/strong><\/span><\/td>\n<\/tr>\n<tr>\n<td style=\"vertical-align: middle;text-align: justify;width: 400px\"><span style=\"font-size: 0.9em\"><strong>NUNO MENDES <\/strong>(p.) \u2192 Sporting CP<strong><br \/>\nL. MESSI<\/strong>\u00a0(f.c.) \u2192 FC Barcelone<strong><br \/>\nG. DONNARUMMA<\/strong> (f.c.) \u2192 AC Milan<\/span><br \/>\n<span style=\"font-size: 0.9em\"><strong>S. RAMOS<\/strong> (f.c.) \u2192 Real Madrid CF<\/span><br \/>\n<span style=\"font-size: 0.9em\"><strong>A. HAKIMI<\/strong> \u2192 Inter Milan<\/span><br \/>\n<span style=\"font-size: 0.9em\"><strong>A. AREOLA<\/strong> (r.p.) \u2192 Fulham FC<\/span><br \/>\n<span style=\"font-size: 0.9em\"><strong>D. PEREIRA<\/strong> (t.d.) \u2192 FC Porto<\/span><br \/>\n<span style=\"font-size: 0.9em\"><strong>M. BULKA<\/strong> (r.p.) \u2192 Ch\u00e2teauroux<\/span><br \/>\n<span style=\"font-size: 0.9em\"><strong>G. INNOCENT<\/strong> (r.p.) \u2192 SM Caen<\/span><br \/>\n<span style=\"font-size: 0.9em\"><strong>G. WIJNALDUM<\/strong> (f.c.) \u2192 Liverpool FC<\/span><br \/>\n<span style=\"font-size: 0.9em\"><strong>A. KALIMUENDO<\/strong> (r.p.) \u2192 RC Lens<\/span><br \/>\n<span style=\"font-size: 0.9em\"><strong>E. J. DINA EBIMBE<\/strong> (r.p.) \u2192 Dijon FCO<\/span><br \/>\n<span style=\"font-size: 0.9em\"><strong>B. FADIGA<\/strong> (r.p.) \u2192 Stade Brestois 29<\/span><\/td>\n<td style=\"vertical-align: middle;text-align: justify;width: 400px\"><span style=\"font-size: 0.9em\"><strong>P. SARABIA <\/strong>(p.) \u2192 Sporting CP<strong><br \/>\nA. KALIMUENDO <\/strong>(p.) \u2192 RC Lens<strong><br \/>\nT. PEMBELE <\/strong>(p.) \u2192 Girondins de Bordeaux<strong><br \/>\nM. BULKA <\/strong>(p.) \u2192\u00a0OGC Nice<strong><br \/>\nA. AREOLA<\/strong> (p.) \u2192 West Ham FC<br \/>\n<strong>G. INNOCENT<\/strong> (p.) \u2192 Vannes OC<strong><br \/>\nT. BALDE<\/strong> (p.) \u2192 Havre AC<\/span><br \/>\n<span style=\"font-size: 0.9em\"><strong>M. BAKKER<\/strong> \u2192 Bayer 04 Leverkusen<\/span><br \/>\n<span style=\"font-size: 0.9em\"><strong>K. RUIZ<\/strong> (f.c.) \u2192 FC Barcelona<\/span><br \/>\n<span style=\"font-size: 0.9em\"><strong>M. KEAN<\/strong> (r.p.) \u2192 Everton<\/span><br \/>\n<span style=\"font-size: 0.9em\"><strong>A. FLORENZI<\/strong> (r.p.) \u2192 AS Roma<\/span><br \/>\n<span style=\"font-size: 0.9em\"><strong>M. KAPO<\/strong> \u2192 FC Lausanne-Sport<\/span><\/td>\n<\/tr>\n<tr>\n<td style=\"text-align: center;vertical-align: middle;width: 400px\" colspan=\"2\"><span style=\"font-size: 0.9em\"><strong><a id=\"reims\"><\/a><div class=\"su-button-center\"><a href=\"#reims\" class=\"su-button su-button-style-default\" style=\"color:#ffffff;background-color:#ee0f0f;border-color:#bf0c0c;border-radius:5px\" target=\"_self\"><span style=\"color:#ffffff;padding:0px 18px;font-size:14px;line-height:28px;border-color:#f45757;border-radius:5px\"> REIMS<\/span><\/a><\/div><\/strong><\/span><\/td>\n<\/tr>\n<tr>\n<td style=\"vertical-align: middle;text-align: justify;width: 400px\"><span style=\"font-size: 0.9em\"><strong>A. MATUSIWA \u2192\u00a0<\/strong>FC Groningen<strong><br \/>\nR. GUITANE \u2192\u00a0<\/strong>Stade Rennais FC<strong><br \/>\nM. VAN BERGEN<\/strong> \u2192 SC Heerenveen<br \/>\n<strong>A. GRAVILLON<\/strong> (p.) \u2192 Inter Milan<\/span><br \/>\n<span style=\"font-size: 0.9em\"><strong>S.B. KYEI<\/strong> (r.p.) \u2192 Stade Briochin<\/span><br \/>\n<span style=\"font-size: 0.9em\"><strong>L. COSTA<\/strong> (r.p.) \u2192 Le Mans FC<\/span><br \/>\n<span style=\"font-size: 0.9em\"><strong>T. NKADA<\/strong> (r.p.) \u2192 Aalborg BK<\/span><br \/>\n<span style=\"font-size: 0.9em\"><strong>F. HORNBY<\/strong> (r.p.) \u2192 Aberdeen FC<\/span><br \/>\n<span style=\"font-size: 0.9em\"><strong>A. DONIS<\/strong> (r.p.) \u2192 SBC VVV Venlo<\/span><br \/>\n<span style=\"font-size: 0.9em\"><strong>I. KEBBAL<\/strong> (r.p.) \u2192 USL Dunkerque<\/span><br \/>\n<span style=\"font-size: 0.9em\"><strong>B. BRAHIMI<\/strong> (r.p.) \u2192 Le Mans FC<\/span><br \/>\n<span style=\"font-size: 0.9em\"><strong>N. PENNETEAU<\/strong> \u2192 Royal Charleroi SC<\/span><br \/>\n<span style=\"font-size: 0.9em\"><strong>S. SISSOKO<\/strong> (r.p.) \u2192 Quevilly Rouen<\/span><\/td>\n<td style=\"vertical-align: middle;text-align: justify;width: 400px\"><span style=\"font-size: 0.9em\"><strong><br \/>\nK. SIERHUIS <\/strong>(p.) \u2192 Heracles Almelo<strong><br \/>\nR. GUITANE <\/strong>(p.) \u2192 CS Mar\u00edtimo<strong><br \/>\nX. CHAVALERIN \u2192 <\/strong>ESTAC Troyes<strong><br \/>\nD. KUTESA<\/strong> (p.) \u2192 SV Zulte Waregem<br \/>\n<strong>L. COSTA<\/strong> \u2192 Toulouse FC<br \/>\n<strong>D. MARESIC<\/strong> (p.) \u2192 LASK<\/span><br \/>\n<span style=\"font-size: 0.9em\"><strong>B. DIA<\/strong> \u2192 Villarreal CF<\/span><br \/>\n<span style=\"font-size: 0.9em\"><strong>S.B. KYEI<\/strong> (f.c.) \u2192 AS La Jeunesse d&rsquo;Esch<\/span><br \/>\n<span style=\"font-size: 0.9em\"><strong>M. DRAMMEH<\/strong> \u2192 Vejle BK<\/span><br \/>\n<span style=\"font-size: 0.9em\"><strong>D. NDIAYE<\/strong> (p.) \u2192 US Boulogne CO<\/span><br \/>\n<span style=\"font-size: 0.9em\"><strong>N. LEMA\u00ceTRE<\/strong> (t.d.) \u2192 Quevilly Rouen<\/span><br \/>\n<span style=\"font-size: 0.9em\"><strong>T. NKADA<\/strong> (p.) \u2192 US Orl\u00e9ans<\/span><br \/>\n<span style=\"font-size: 0.9em\"><strong>T. DE SMET<\/strong> (p.) \u2192 K Beerschot VA<\/span><br \/>\n<span style=\"font-size: 0.9em\"><strong>L. PELLETIER<\/strong> \u2192 Quevilly Rouen<\/span><\/td>\n<\/tr>\n<tr>\n<td style=\"text-align: center;vertical-align: middle;width: 400px\" colspan=\"2\"><span style=\"font-size: 0.9em\"><strong><a id=\"rennes\"><\/a><div class=\"su-button-center\"><a href=\"#rennes\" class=\"su-button su-button-style-default\" style=\"color:#ffffff;background-color:#010000;border-color:#010000;border-radius:5px\" target=\"_self\"><span style=\"color:#ffffff;padding:0px 18px;font-size:14px;line-height:28px;border-color:#4e4d4d;border-radius:5px\"> RENNES<\/span><\/a><\/div><\/strong><\/span><\/td>\n<\/tr>\n<tr>\n<td style=\"vertical-align: middle;text-align: justify;width: 400px\"><span style=\"font-size: 0.9em\"><strong>G. LABORDE \u2192\u00a0<\/strong>Montpellier H\u00e9rault SC<strong><br \/>\nD. ALEMDAR<\/strong> \u2192 Kayserispor<br \/>\n<strong>L. MAJER<\/strong> \u2192 Dinamo Zagreb<br \/>\n<strong>B. SANTAMARIA<\/strong> \u2192 SC Fribourg<br \/>\n<strong>B. MELING<\/strong> \u2192 N\u00eemes Olympique<\/span><br \/>\n<span style=\"font-size: 0.9em\"><strong>K. SULEMANA<\/strong> \u2192 FC Nordsjaelland<\/span><br \/>\n<span style=\"font-size: 0.9em\"><strong>M. NIANG<\/strong> (r.p.) \u2192 Al Ahli SC<\/span><br \/>\n<span style=\"font-size: 0.9em\"><strong>R. GUITANE (r.p.)<\/strong> \u2192 CS Mar\u00edtimo<\/span><br \/>\n<span style=\"font-size: 0.9em\"><strong>L. BAD\u00c9<\/strong> \u2192 RC Lens<\/span><br \/>\n<span style=\"font-size: 0.9em\"><strong>M. G\u00dc\u00c7L\u00dc<\/strong> (r.p.) \u2192 Valenciennes FC<\/span><br \/>\n<span style=\"font-size: 0.9em\"><strong>S. BOEY<\/strong> (r.p.) \u2192 Dijon FCO<\/span><br \/>\n<span style=\"font-size: 0.9em\"><strong>J. GELIN<\/strong> (r.p.) \u2192 Royal Antwerp FC<\/span><br \/>\n<span style=\"font-size: 0.9em\"><strong>L. ASSIGNON<\/strong> (r.p.) \u2192 SC Bastia<\/span><\/td>\n<td style=\"vertical-align: middle;text-align: justify;width: 400px\"><span style=\"font-size: 0.9em\"><strong>R. DEL CASTILLO <\/strong>\u2192 Stade Brestois 29<strong><br \/>\nF. MAOUASSA<\/strong> \u2192 Club Bruges KV<strong><br \/>\nJ. LEA SILIKI <\/strong>(p.) \u2192 Middlesbrough FC<strong><br \/>\nE. CAMAVINGA <\/strong>\u2192 Real Madrid<strong><br \/>\nG. NYAMSI<\/strong> \u2192 RC Strasbourg<strong><br \/>\nB. SOPPY <\/strong>\u2192 Udinese<strong><br \/>\nR. GUITANE<\/strong> \u2192 Stade de Reims<strong><br \/>\nF. RIVOLLIER <\/strong>(p.) \u2192 Stade Briochin<strong><br \/>\nS. BOEY<\/strong>\u00a0 \u2192 Galatasaray SK<strong><br \/>\nY. GBOHO<\/strong> (p.) \u2192 Vitesse Arnhem<\/span><br \/>\n<span style=\"font-size: 0.9em\"><strong>H. EL MOKEDDEM<\/strong> (t.d.) \u2192 FC S\u00e8te 34<\/span><br \/>\n<span style=\"font-size: 0.9em\"><strong>L. BRASSIER<\/strong> (t.d.) \u2192 Stade Brestois 29<\/span><br \/>\n<span style=\"font-size: 0.9em\"><strong>DALBERT<\/strong> (r.p.) \u2192 Inter Milan<\/span><br \/>\n<span style=\"font-size: 0.9em\"><strong>S. NZONZI<\/strong> (r.p.) \u2192 AS Roma<\/span><br \/>\n<span style=\"font-size: 0.9em\"><strong>C. GRENIER<\/strong> (f.c.)<\/span><br \/>\n<span style=\"font-size: 0.9em\"><strong>J. SIEBATCHEU<\/strong> (t.d.) \u2192 BSC Young Boys<\/span><br \/>\n<span style=\"font-size: 0.9em\"><strong>D. DA SILVA<\/strong> (f.c.) \u2192 Olympique Lyonnais<\/span><\/td>\n<\/tr>\n<tr>\n<td style=\"text-align: center;vertical-align: middle;width: 400px\" colspan=\"2\"><span style=\"font-size: 0.9em\"><strong><a id=\"stetienne\"><\/a><div class=\"su-button-center\"><a href=\"#stetienne\" class=\"su-button su-button-style-default\" style=\"color:#ffffff;background-color:#018937;border-color:#016e2c;border-radius:5px\" target=\"_self\"><span style=\"color:#ffffff;padding:0px 18px;font-size:14px;line-height:28px;border-color:#4ead73;border-radius:5px\"> ST-\u00c9TIENNE<\/span><\/a><\/div><\/strong><\/span><\/td>\n<\/tr>\n<tr>\n<td style=\"vertical-align: middle;text-align: justify;width: 400px\"><span style=\"font-size: 0.9em\"><strong>I. RAMIREZ <\/strong>(p.) \u2192 Liverpool F\u00fatbol Club<strong><br \/>\nA. KATRANIS<\/strong> (r.p.) \u2192 Hatayspor<\/span><br \/>\n<span style=\"font-size: 0.9em\"><strong>S. PALENCIA<\/strong> (r.p.) \u2192 Club Deportivo Legan\u00e9s<\/span><br \/>\n<span style=\"font-size: 0.9em\"><strong>A. DIOUSS\u00c9<\/strong> (r.p.) \u2192 Ankarag\u00fcc\u00fc<\/span><br \/>\n<span style=\"font-size: 0.9em\"><strong>J-P. KRASSO<\/strong> (r.p.) \u2192 Le Mans FC<\/span><br \/>\n<span style=\"font-size: 0.9em\"><strong>M. NAD\u00c9<\/strong> (r.p.) \u2192 Quevilly Rouen<\/span><\/td>\n<td style=\"vertical-align: middle;text-align: justify;width: 400px\"><span style=\"font-size: 0.9em\"><strong>C. ABI <\/strong>(p.) \u2192 En Avant Guingamp<strong><br \/>\nT. TORMIN <\/strong>\u2192 Chamois Niortais<strong><br \/>\nA. KATRANIS <\/strong>(f.c.)<strong><br \/>\nM. DEBUCHY\u00a0<\/strong>(f.c.) \u2192 Valenciennes FC<br \/>\n<strong>J. MOULIN<\/strong> \u2192 ESTAC Troyes<\/span><br \/>\n<span style=\"font-size: 0.9em\"><strong>S. PALENCIA<\/strong> (p.) \u2192 Club Deportivo Legan\u00e9s<\/span><br \/>\n<span style=\"font-size: 0.9em\"><strong>P.A. CISSE<\/strong> (r.p.) \u2192 Olympiakos FC<\/span><br \/>\n<span style=\"font-size: 0.9em\"><strong>A. MODESTE<\/strong> (r.p.) \u2192 1. FC Cologne<\/span><br \/>\n<span style=\"font-size: 0.9em\"><strong>P. RETSOS<\/strong> (r.p.) \u2192 Bayer 04 Leverkusen<\/span><br \/>\n<span style=\"font-size: 0.9em\"><strong>M. DEBUCHY<\/strong> (f.c.)<\/span><br \/>\n<span style=\"font-size: 0.9em\"><strong>K. MONNET-PAQUET<\/strong> (f.c.)<\/span><\/td>\n<\/tr>\n<tr>\n<td style=\"text-align: center;vertical-align: middle;width: 400px\" colspan=\"2\"><span style=\"font-size: 0.9em\"><strong><a id=\"strasbourg\"><\/a><div class=\"su-button-center\"><a href=\"#strasbourg\" class=\"su-button su-button-style-default\" style=\"color:#ffffff;background-color:#01aced;border-color:#018abe;border-radius:5px\" target=\"_self\"><span style=\"color:#ffffff;padding:0px 18px;font-size:14px;line-height:28px;border-color:#4ec5f3;border-radius:5px\"> STRASBOURG<\/span><\/a><\/div><\/strong><\/span><\/td>\n<\/tr>\n<tr>\n<td style=\"vertical-align: middle;text-align: justify;width: 400px\"><span style=\"font-size: 0.9em\"><strong>F. GUILBERT <\/strong>(p.) \u2192 Aston Villa<strong><br \/>\nG. NYAMSI <\/strong>\u2192 Stade Rennais<strong><br \/>\nM. LE MARCHAND<\/strong> (f.c.) <\/span><span style=\"font-size: 0.9em\">\u2192 Fulham FC<br \/>\n<strong>J-E. AHOLOU<\/strong> (p.) \u2192 AS Monaco<\/span><br \/>\n<span style=\"font-size: 0.9em\"><strong>K. GAMEIRO<\/strong> (f.c.) <\/span><span style=\"font-size: 0.9em\">\u2192 Valencia CF<\/span><br \/>\n<span style=\"font-size: 0.9em\"><strong>L. PERRIN<\/strong> (p.) <\/span><span style=\"font-size: 0.9em\">\u2192 Olympique de Marseille<\/span><br \/>\n<span style=\"font-size: 0.9em\"><strong>D. TCHAMBA<\/strong> (r.p.) <\/span><span style=\"font-size: 0.9em\">\u2192 Str\u00f8msgodset IF<\/span><br \/>\n<span style=\"font-size: 0.9em\"><strong>M. ZEMZEMI<\/strong> (r.p.) <\/span><span style=\"font-size: 0.9em\">\u2192 US Avranches<\/span><br \/>\n<strong><span style=\"font-size: 0.9em\">K. FILA <\/span><\/strong><span style=\"font-size: 0.9em\">\u2192 Lechia Gda\u0144sk<\/span><\/td>\n<td style=\"vertical-align: middle;text-align: justify;width: 400px\"><span style=\"font-size: 0.9em\"><strong>M. SENAYA <\/strong>(p.) \u2192 FC Sochaux-Montb\u00e9liard<strong><br \/>\nM. CHAHIRI <\/strong>(p.) \u2192 SM Caen<strong><br \/>\nM. ZEMZEMI <\/strong>\u2192 Chamois Niortais<strong><br \/>\nA. LEBEAU <\/strong>\u2192 SV Waldhof Mannheim<strong><br \/>\nK. ZOHI<\/strong> (f.c.) \u2192 FC Vizela<\/span><br \/>\n<span style=\"font-size: 0.9em\"><strong>I. SAADI<\/strong> (f.c.) \u2192 SC Bastia<\/span><br \/>\n<span style=\"font-size: 0.9em\"><strong>S. MITROVIC<\/strong> \u2192 Getafe CF<\/span><br \/>\n<span style=\"font-size: 0.9em\"><strong>F. GUILBERT<\/strong> (r.p.) \u2192 Aston Villa FC<\/span><br \/>\n<span style=\"font-size: 0.9em\"><strong>D. TCHAMBA<\/strong> \u2192 S\u00f8nderjyskE<\/span><br \/>\n<span style=\"font-size: 0.9em\"><strong>M. BASTIAN<\/strong> (p.) \u2192 FC Annecy<\/span><br \/>\n<span style=\"font-size: 0.9em\"><strong>I. AANEBA<\/strong> (f.c.) \u2192 FC Sochaux-Montb\u00e9liard<\/span><br \/>\n<span style=\"font-size: 0.9em\"><strong>L. KONE<\/strong> (f.c.)<\/span><br \/>\n<span style=\"font-size: 0.9em\"><strong>L. CAROLE<\/strong> (f.c.)<\/span><br \/>\n<span style=\"font-size: 0.9em\"><strong>M. SIMAKAN<\/strong> \u2192 RB Leipzig<\/span><\/td>\n<\/tr>\n<tr>\n<td style=\"text-align: center;vertical-align: middle;width: 400px\" colspan=\"2\"><span style=\"font-size: 0.9em\"><strong><a id=\"troyes\"><\/a><div class=\"su-button-center\"><a href=\"#troyes\" class=\"su-button su-button-style-default\" style=\"color:#ffffff;background-color:#0063ab;border-color:#005089;border-radius:5px\" target=\"_self\"><span style=\"color:#ffffff;padding:0px 18px;font-size:14px;line-height:28px;border-color:#4d92c5;border-radius:5px\"> TROYES<\/span><\/a><\/div><\/strong><\/span><\/td>\n<\/tr>\n<tr>\n<td style=\"vertical-align: middle;text-align: justify;width: 400px\"><span style=\"font-size: 0.9em\"><strong>G. RODRIGUES <\/strong>(p.) \u2192 Dynamo Kiev<strong><br \/>\nP. SANDLER<\/strong> (p.) \u2192 Manchester City<strong><br \/>\nP. ROBERTS <\/strong>(p.) \u2192 Manchester City<strong><br \/>\nE. PALMER-BROWN<\/strong> (p.) \u2192 Manchester City<strong><br \/>\nX. CHAVALERIN <\/strong>\u2192 Stade de Reims<br \/>\n<strong>A. RAMI<\/strong>\u00a0\u2192 Libre<strong><br \/>\nG. BIANCONE <\/strong>\u2192 AS Monaco<br \/>\n<strong>Y. KONE (p.) <\/strong>\u2192 Olympique Lyonnais<strong><br \/>\n<\/strong><strong>M. BALDE <\/strong>\u2192 Dijon FCO<strong><br \/>\nY. LAROUCI<\/strong> (f.c.) \u2192 Liverpool FC<strong><br \/>\nMETINHO<\/strong> \u2192 Fluminense FC<\/span><br \/>\n<span style=\"font-size: 0.9em\"><strong>J. MOULIN<\/strong> \u2192 AS Saint-Etienne<\/span><br \/>\n<span style=\"font-size: 0.9em\"><strong>M. KUKHAREVYCH<\/strong> \u2192 FC Rukh Lviv<\/span><br \/>\n<span style=\"font-size: 0.9em\"><strong>R. RIPART<\/strong> \u2192 N\u00eemes Olympique<\/span><br \/>\n<span style=\"font-size: 0.9em\"><strong>I. KABOR\u00c9<\/strong> (p.) \u2192 Manchester City<\/span><br \/>\n<span style=\"font-size: 0.9em\"><strong>M. DEMBELE<\/strong> (r.p.) \u2192 Pau FC<\/span><br \/>\n<span style=\"font-size: 0.9em\"><strong>R. KOUAME<\/strong> (t.d.) \u2192 LOSC Lille<\/span><\/td>\n<td style=\"vertical-align: middle;text-align: justify;width: 400px\"><span style=\"font-size: 0.9em\"><strong>M. KUKHAREVYCH <\/strong>(p.) \u2192 Oud-Heverlee Louvain<strong><br \/>\nF. KRASTEV<\/strong> (r.p.) \u2192 Lommel SK<br \/>\n<strong>D. SAINT-LOUIS<\/strong> \u2192 Hatayspor<strong><br \/>\n<\/strong><strong>R. PIRES<\/strong> (p.) \u2192 FC Pa\u00e7os de Ferreira<\/span><br \/>\n<span style=\"font-size: 0.9em\"><strong>S. MAMBO<\/strong> (f.c.) \u2192 US Orl\u00e9ans<\/span><br \/>\n<span style=\"font-size: 0.9em\"><strong>T. BAYA<\/strong> (f.c.)<\/span><br \/>\n<span style=\"font-size: 0.9em\"><strong>M. DEMBELE<\/strong> (p.) \u2192 Pau FC<\/span><br \/>\n<span style=\"font-size: 0.9em\"><strong>M. BARTHELME<\/strong> \u2192 En Avant Guingamp<\/span><br \/>\n<span style=\"font-size: 0.9em\"><strong>U. BOZOK<\/strong> (r.p.) \u2192 FC Lorient<\/span><br \/>\n<span style=\"font-size: 0.9em\"><strong>A. GORY<\/strong> (r.p.) \u2192 Cercle Brugge KSV<\/span><br \/>\n<span style=\"font-size: 0.9em\"><strong>L. PINTOR<\/strong> (r.p.) \u2192 Olympique Lyonnais<\/span><br \/>\n<span style=\"font-size: 0.9em\"><strong>A. BERKANE<\/strong> (f.c.)<\/span><br \/>\n<span style=\"font-size: 0.9em\"><strong>K. NGUENA<\/strong> (f.c.)<\/span><br \/>\n<span style=\"font-size: 0.9em\"><strong>R. RAVELOSON<\/strong> (f.c.) \u2192 Los Angeles Galaxy<\/span><\/td>\n<\/tr>\n<\/tbody>\n<\/table>\n<\/div>\n","protected":false},"excerpt":{"rendered":"<p>LIGUE 1 2021-2022 &#8211; Le mercato estival bat son plein, voici le tableau des transferts du championnat de France de football.<\/p>\n","protected":false},"author":2,"featured_media":150651,"comment_status":"open","ping_status":"closed","sticky":false,"template":"","format":"standard","meta":{"_acf_changed":false,"_daextam_enable_autolinks":"","footnotes":""},"categories":[47045],"tags":[1554,1555,18275,2832],"class_list":["post-150622","post","type-post","status-publish","format-standard","has-post-thumbnail","hentry","category-ligue-1","tag-ligue-1","tag-mercato","tag-tableau-des-transferts","tag-transferts"],"acf":[],"yoast_head":"<!-- This site is optimized with the Yoast SEO Premium plugin v26.7 (Yoast SEO v26.7) - https:\/\/yoast.com\/wordpress\/plugins\/seo\/ -->\n<title>Ligue 1 2021-2022 : Tableau des transferts<\/title>\n<meta name=\"description\" content=\"LIGUE 1 2021-2022 - Le mercato estival bat son plein, voici le tableau des transferts du championnat de France de football.\" \/>\n<meta name=\"robots\" content=\"index, follow, max-snippet:-1, max-image-preview:large, max-video-preview:-1\" \/>\n<link rel=\"canonical\" href=\"https:\/\/dicodusport.fr\/blog\/ligue-1-2021-2022-tableau-des-transferts\/\" \/>\n<meta property=\"og:locale\" content=\"fr_FR\" \/>\n<meta property=\"og:type\" content=\"article\" \/>\n<meta property=\"og:title\" content=\"Ligue 1 2021-2022 : Tableau des transferts\" \/>\n<meta property=\"og:description\" content=\"LIGUE 1 2021-2022 - Le mercato estival bat son plein, voici le tableau des transferts du championnat de France de football.\" \/>\n<meta property=\"og:url\" content=\"https:\/\/dicodusport.fr\/blog\/ligue-1-2021-2022-tableau-des-transferts\/\" \/>\n<meta property=\"og:site_name\" content=\"Dicodusport\" \/>\n<meta property=\"article:publisher\" content=\"https:\/\/www.facebook.com\/dicodusport\" \/>\n<meta property=\"article:published_time\" content=\"2021-09-01T12:00:55+00:00\" \/>\n<meta property=\"article:modified_time\" content=\"2021-09-01T12:15:07+00:00\" \/>\n<meta property=\"og:image\" content=\"https:\/\/dicodusport.fr\/blog\/wp-content\/uploads\/2021\/07\/Ligue-1-2021-2022-Tableau-des-transferts.png\" \/>\n\t<meta property=\"og:image:width\" content=\"1200\" \/>\n\t<meta property=\"og:image:height\" content=\"670\" \/>\n\t<meta property=\"og:image:type\" content=\"image\/png\" \/>\n<meta name=\"author\" content=\"Benjamin Cots\" \/>\n<meta name=\"twitter:card\" content=\"summary_large_image\" \/>\n<meta name=\"twitter:title\" content=\"Ligue 1 2021-2022 : Tableau des transferts\" \/>\n<meta name=\"twitter:creator\" content=\"@https:\/\/twitter.com\/BenjaminCots\" \/>\n<meta name=\"twitter:site\" content=\"@dicodusport\" \/>\n<script type=\"application\/ld+json\" class=\"yoast-schema-graph\">{\"@context\":\"https:\/\/schema.org\",\"@graph\":[{\"@type\":\"NewsArticle\",\"@id\":\"https:\/\/dicodusport.fr\/blog\/ligue-1-2021-2022-tableau-des-transferts\/#article\",\"isPartOf\":{\"@id\":\"https:\/\/dicodusport.fr\/blog\/ligue-1-2021-2022-tableau-des-transferts\/\"},\"author\":{\"name\":\"Benjamin Cots\",\"@id\":\"https:\/\/dicodusport.fr\/blog\/#\/schema\/person\/0c141de963d8493840348bb7df193da4\"},\"headline\":\"Ligue 1 2021-2022 : Tableau des transferts\",\"datePublished\":\"2021-09-01T12:00:55+00:00\",\"dateModified\":\"2021-09-01T12:15:07+00:00\",\"mainEntityOfPage\":{\"@id\":\"https:\/\/dicodusport.fr\/blog\/ligue-1-2021-2022-tableau-des-transferts\/\"},\"wordCount\":3056,\"commentCount\":0,\"publisher\":{\"@id\":\"https:\/\/dicodusport.fr\/blog\/#organization\"},\"image\":{\"@id\":\"https:\/\/dicodusport.fr\/blog\/ligue-1-2021-2022-tableau-des-transferts\/#primaryimage\"},\"thumbnailUrl\":\"https:\/\/dicodusport.fr\/blog\/wp-content\/uploads\/2021\/07\/Ligue-1-2021-2022-Tableau-des-transferts.png\",\"keywords\":[\"Ligue 1\",\"Mercato\",\"Tableau des transferts\",\"transferts\"],\"articleSection\":[\"Ligue 1\"],\"inLanguage\":\"fr-FR\",\"potentialAction\":[{\"@type\":\"CommentAction\",\"name\":\"Comment\",\"target\":[\"https:\/\/dicodusport.fr\/blog\/ligue-1-2021-2022-tableau-des-transferts\/#respond\"]}],\"copyrightYear\":\"2021\",\"copyrightHolder\":{\"@id\":\"https:\/\/dicodusport.fr\/blog\/#organization\"}},{\"@type\":\"WebPage\",\"@id\":\"https:\/\/dicodusport.fr\/blog\/ligue-1-2021-2022-tableau-des-transferts\/\",\"url\":\"https:\/\/dicodusport.fr\/blog\/ligue-1-2021-2022-tableau-des-transferts\/\",\"name\":\"Ligue 1 2021-2022 : Tableau des transferts\",\"isPartOf\":{\"@id\":\"https:\/\/dicodusport.fr\/blog\/#website\"},\"primaryImageOfPage\":{\"@id\":\"https:\/\/dicodusport.fr\/blog\/ligue-1-2021-2022-tableau-des-transferts\/#primaryimage\"},\"image\":{\"@id\":\"https:\/\/dicodusport.fr\/blog\/ligue-1-2021-2022-tableau-des-transferts\/#primaryimage\"},\"thumbnailUrl\":\"https:\/\/dicodusport.fr\/blog\/wp-content\/uploads\/2021\/07\/Ligue-1-2021-2022-Tableau-des-transferts.png\",\"datePublished\":\"2021-09-01T12:00:55+00:00\",\"dateModified\":\"2021-09-01T12:15:07+00:00\",\"description\":\"LIGUE 1 2021-2022 - Le mercato estival bat son plein, voici le tableau des transferts du championnat de France de football.\",\"breadcrumb\":{\"@id\":\"https:\/\/dicodusport.fr\/blog\/ligue-1-2021-2022-tableau-des-transferts\/#breadcrumb\"},\"inLanguage\":\"fr-FR\",\"potentialAction\":[{\"@type\":\"ReadAction\",\"target\":[\"https:\/\/dicodusport.fr\/blog\/ligue-1-2021-2022-tableau-des-transferts\/\"]}]},{\"@type\":\"ImageObject\",\"inLanguage\":\"fr-FR\",\"@id\":\"https:\/\/dicodusport.fr\/blog\/ligue-1-2021-2022-tableau-des-transferts\/#primaryimage\",\"url\":\"https:\/\/dicodusport.fr\/blog\/wp-content\/uploads\/2021\/07\/Ligue-1-2021-2022-Tableau-des-transferts.png\",\"contentUrl\":\"https:\/\/dicodusport.fr\/blog\/wp-content\/uploads\/2021\/07\/Ligue-1-2021-2022-Tableau-des-transferts.png\",\"width\":1200,\"height\":670,\"caption\":\"Ligue 1 2021-2022 Tableau des transferts\"},{\"@type\":\"BreadcrumbList\",\"@id\":\"https:\/\/dicodusport.fr\/blog\/ligue-1-2021-2022-tableau-des-transferts\/#breadcrumb\",\"itemListElement\":[{\"@type\":\"ListItem\",\"position\":1,\"name\":\"Accueil\",\"item\":\"https:\/\/dicodusport.fr\/blog\/\"},{\"@type\":\"ListItem\",\"position\":2,\"name\":\"Ligue 1 2021-2022 : Tableau des transferts\"}]},{\"@type\":\"WebSite\",\"@id\":\"https:\/\/dicodusport.fr\/blog\/#website\",\"url\":\"https:\/\/dicodusport.fr\/blog\/\",\"name\":\"Dicodusport\",\"description\":\"L&#039;encyclop\u00e9die de l&#039;actualit\u00e9 sportive\",\"publisher\":{\"@id\":\"https:\/\/dicodusport.fr\/blog\/#organization\"},\"potentialAction\":[{\"@type\":\"SearchAction\",\"target\":{\"@type\":\"EntryPoint\",\"urlTemplate\":\"https:\/\/dicodusport.fr\/blog\/?s={search_term_string}\"},\"query-input\":{\"@type\":\"PropertyValueSpecification\",\"valueRequired\":true,\"valueName\":\"search_term_string\"}}],\"inLanguage\":\"fr-FR\"},{\"@type\":\"NewsMediaOrganization\",\"@id\":\"https:\/\/dicodusport.fr\/blog\/#organization\",\"name\":\"Dicodusport\",\"url\":\"https:\/\/dicodusport.fr\/blog\/\",\"logo\":{\"@type\":\"ImageObject\",\"inLanguage\":\"fr-FR\",\"@id\":\"https:\/\/dicodusport.fr\/blog\/#\/schema\/logo\/image\/\",\"url\":\"https:\/\/dicodusport.fr\/blog\/wp-content\/uploads\/2020\/06\/cropped-LOGO-DICODUSPORT-2020-SANS-FOND-SANS-TEXTE.png\",\"contentUrl\":\"https:\/\/dicodusport.fr\/blog\/wp-content\/uploads\/2020\/06\/cropped-LOGO-DICODUSPORT-2020-SANS-FOND-SANS-TEXTE.png\",\"width\":512,\"height\":512,\"caption\":\"Dicodusport\"},\"image\":{\"@id\":\"https:\/\/dicodusport.fr\/blog\/#\/schema\/logo\/image\/\"},\"sameAs\":[\"https:\/\/www.facebook.com\/dicodusport\",\"https:\/\/x.com\/dicodusport\",\"https:\/\/www.instagram.com\/dicodusport\/\",\"https:\/\/www.youtube.com\/channel\/UC7V2KZ5sd3htJivAbA4ZG3w\"],\"description\":\"Dicodusport est l'encyclop\u00e9die de l'actualit\u00e9 sportive.\",\"email\":\"bonjour@dicodusport.fr\",\"legalName\":\"DICODUSPORT\",\"foundingDate\":\"2018-01-14\",\"vatID\":\"FR71834470973\",\"taxID\":\"83447097300043\",\"numberOfEmployees\":{\"@type\":\"QuantitativeValue\",\"minValue\":\"1\",\"maxValue\":\"10\"}},{\"@type\":\"Person\",\"@id\":\"https:\/\/dicodusport.fr\/blog\/#\/schema\/person\/0c141de963d8493840348bb7df193da4\",\"name\":\"Benjamin Cots\",\"image\":{\"@type\":\"ImageObject\",\"inLanguage\":\"fr-FR\",\"@id\":\"https:\/\/dicodusport.fr\/blog\/#\/schema\/person\/image\/\",\"url\":\"https:\/\/dicodusport.fr\/blog\/wp-content\/uploads\/2021\/04\/Maillot-Benji-Dicodusport-150x150.png\",\"contentUrl\":\"https:\/\/dicodusport.fr\/blog\/wp-content\/uploads\/2021\/04\/Maillot-Benji-Dicodusport-150x150.png\",\"caption\":\"Benjamin Cots\"},\"description\":\"Footballeur et fan des Girondins de Bordeaux depuis mon plus jeune \u00e2ge, le foot et le sport en g\u00e9n\u00e9ral ont rythm\u00e9 ma vie. Apr\u00e8s des \u00e9tudes en informatique, la cr\u00e9ation de Dicodusport \u00e9tait le parfait m\u00e9lange pour allier mes deux passions.\",\"sameAs\":[\"https:\/\/x.com\/https:\/\/twitter.com\/BenjaminCots\"],\"url\":\"https:\/\/dicodusport.fr\/blog\/author\/admin\/\"}]}<\/script>\n<!-- \/ Yoast SEO Premium plugin. -->","yoast_head_json":{"title":"Ligue 1 2021-2022 : Tableau des transferts","description":"LIGUE 1 2021-2022 - Le mercato estival bat son plein, voici le tableau des transferts du championnat de France de football.","robots":{"index":"index","follow":"follow","max-snippet":"max-snippet:-1","max-image-preview":"max-image-preview:large","max-video-preview":"max-video-preview:-1"},"canonical":"https:\/\/dicodusport.fr\/blog\/ligue-1-2021-2022-tableau-des-transferts\/","og_locale":"fr_FR","og_type":"article","og_title":"Ligue 1 2021-2022 : Tableau des transferts","og_description":"LIGUE 1 2021-2022 - Le mercato estival bat son plein, voici le tableau des transferts du championnat de France de football.","og_url":"https:\/\/dicodusport.fr\/blog\/ligue-1-2021-2022-tableau-des-transferts\/","og_site_name":"Dicodusport","article_publisher":"https:\/\/www.facebook.com\/dicodusport","article_published_time":"2021-09-01T12:00:55+00:00","article_modified_time":"2021-09-01T12:15:07+00:00","og_image":[{"width":1200,"height":670,"url":"https:\/\/dicodusport.fr\/blog\/wp-content\/uploads\/2021\/07\/Ligue-1-2021-2022-Tableau-des-transferts.png","type":"image\/png"}],"author":"Benjamin Cots","twitter_card":"summary_large_image","twitter_title":"Ligue 1 2021-2022 : Tableau des transferts","twitter_creator":"@https:\/\/twitter.com\/BenjaminCots","twitter_site":"@dicodusport","schema":{"@context":"https:\/\/schema.org","@graph":[{"@type":"NewsArticle","@id":"https:\/\/dicodusport.fr\/blog\/ligue-1-2021-2022-tableau-des-transferts\/#article","isPartOf":{"@id":"https:\/\/dicodusport.fr\/blog\/ligue-1-2021-2022-tableau-des-transferts\/"},"author":{"name":"Benjamin Cots","@id":"https:\/\/dicodusport.fr\/blog\/#\/schema\/person\/0c141de963d8493840348bb7df193da4"},"headline":"Ligue 1 2021-2022 : Tableau des transferts","datePublished":"2021-09-01T12:00:55+00:00","dateModified":"2021-09-01T12:15:07+00:00","mainEntityOfPage":{"@id":"https:\/\/dicodusport.fr\/blog\/ligue-1-2021-2022-tableau-des-transferts\/"},"wordCount":3056,"commentCount":0,"publisher":{"@id":"https:\/\/dicodusport.fr\/blog\/#organization"},"image":{"@id":"https:\/\/dicodusport.fr\/blog\/ligue-1-2021-2022-tableau-des-transferts\/#primaryimage"},"thumbnailUrl":"https:\/\/dicodusport.fr\/blog\/wp-content\/uploads\/2021\/07\/Ligue-1-2021-2022-Tableau-des-transferts.png","keywords":["Ligue 1","Mercato","Tableau des transferts","transferts"],"articleSection":["Ligue 1"],"inLanguage":"fr-FR","potentialAction":[{"@type":"CommentAction","name":"Comment","target":["https:\/\/dicodusport.fr\/blog\/ligue-1-2021-2022-tableau-des-transferts\/#respond"]}],"copyrightYear":"2021","copyrightHolder":{"@id":"https:\/\/dicodusport.fr\/blog\/#organization"}},{"@type":"WebPage","@id":"https:\/\/dicodusport.fr\/blog\/ligue-1-2021-2022-tableau-des-transferts\/","url":"https:\/\/dicodusport.fr\/blog\/ligue-1-2021-2022-tableau-des-transferts\/","name":"Ligue 1 2021-2022 : Tableau des transferts","isPartOf":{"@id":"https:\/\/dicodusport.fr\/blog\/#website"},"primaryImageOfPage":{"@id":"https:\/\/dicodusport.fr\/blog\/ligue-1-2021-2022-tableau-des-transferts\/#primaryimage"},"image":{"@id":"https:\/\/dicodusport.fr\/blog\/ligue-1-2021-2022-tableau-des-transferts\/#primaryimage"},"thumbnailUrl":"https:\/\/dicodusport.fr\/blog\/wp-content\/uploads\/2021\/07\/Ligue-1-2021-2022-Tableau-des-transferts.png","datePublished":"2021-09-01T12:00:55+00:00","dateModified":"2021-09-01T12:15:07+00:00","description":"LIGUE 1 2021-2022 - Le mercato estival bat son plein, voici le tableau des transferts du championnat de France de football.","breadcrumb":{"@id":"https:\/\/dicodusport.fr\/blog\/ligue-1-2021-2022-tableau-des-transferts\/#breadcrumb"},"inLanguage":"fr-FR","potentialAction":[{"@type":"ReadAction","target":["https:\/\/dicodusport.fr\/blog\/ligue-1-2021-2022-tableau-des-transferts\/"]}]},{"@type":"ImageObject","inLanguage":"fr-FR","@id":"https:\/\/dicodusport.fr\/blog\/ligue-1-2021-2022-tableau-des-transferts\/#primaryimage","url":"https:\/\/dicodusport.fr\/blog\/wp-content\/uploads\/2021\/07\/Ligue-1-2021-2022-Tableau-des-transferts.png","contentUrl":"https:\/\/dicodusport.fr\/blog\/wp-content\/uploads\/2021\/07\/Ligue-1-2021-2022-Tableau-des-transferts.png","width":1200,"height":670,"caption":"Ligue 1 2021-2022 Tableau des transferts"},{"@type":"BreadcrumbList","@id":"https:\/\/dicodusport.fr\/blog\/ligue-1-2021-2022-tableau-des-transferts\/#breadcrumb","itemListElement":[{"@type":"ListItem","position":1,"name":"Accueil","item":"https:\/\/dicodusport.fr\/blog\/"},{"@type":"ListItem","position":2,"name":"Ligue 1 2021-2022 : Tableau des transferts"}]},{"@type":"WebSite","@id":"https:\/\/dicodusport.fr\/blog\/#website","url":"https:\/\/dicodusport.fr\/blog\/","name":"Dicodusport","description":"L&#039;encyclop\u00e9die de l&#039;actualit\u00e9 sportive","publisher":{"@id":"https:\/\/dicodusport.fr\/blog\/#organization"},"potentialAction":[{"@type":"SearchAction","target":{"@type":"EntryPoint","urlTemplate":"https:\/\/dicodusport.fr\/blog\/?s={search_term_string}"},"query-input":{"@type":"PropertyValueSpecification","valueRequired":true,"valueName":"search_term_string"}}],"inLanguage":"fr-FR"},{"@type":"NewsMediaOrganization","@id":"https:\/\/dicodusport.fr\/blog\/#organization","name":"Dicodusport","url":"https:\/\/dicodusport.fr\/blog\/","logo":{"@type":"ImageObject","inLanguage":"fr-FR","@id":"https:\/\/dicodusport.fr\/blog\/#\/schema\/logo\/image\/","url":"https:\/\/dicodusport.fr\/blog\/wp-content\/uploads\/2020\/06\/cropped-LOGO-DICODUSPORT-2020-SANS-FOND-SANS-TEXTE.png","contentUrl":"https:\/\/dicodusport.fr\/blog\/wp-content\/uploads\/2020\/06\/cropped-LOGO-DICODUSPORT-2020-SANS-FOND-SANS-TEXTE.png","width":512,"height":512,"caption":"Dicodusport"},"image":{"@id":"https:\/\/dicodusport.fr\/blog\/#\/schema\/logo\/image\/"},"sameAs":["https:\/\/www.facebook.com\/dicodusport","https:\/\/x.com\/dicodusport","https:\/\/www.instagram.com\/dicodusport\/","https:\/\/www.youtube.com\/channel\/UC7V2KZ5sd3htJivAbA4ZG3w"],"description":"Dicodusport est l'encyclop\u00e9die de l'actualit\u00e9 sportive.","email":"bonjour@dicodusport.fr","legalName":"DICODUSPORT","foundingDate":"2018-01-14","vatID":"FR71834470973","taxID":"83447097300043","numberOfEmployees":{"@type":"QuantitativeValue","minValue":"1","maxValue":"10"}},{"@type":"Person","@id":"https:\/\/dicodusport.fr\/blog\/#\/schema\/person\/0c141de963d8493840348bb7df193da4","name":"Benjamin Cots","image":{"@type":"ImageObject","inLanguage":"fr-FR","@id":"https:\/\/dicodusport.fr\/blog\/#\/schema\/person\/image\/","url":"https:\/\/dicodusport.fr\/blog\/wp-content\/uploads\/2021\/04\/Maillot-Benji-Dicodusport-150x150.png","contentUrl":"https:\/\/dicodusport.fr\/blog\/wp-content\/uploads\/2021\/04\/Maillot-Benji-Dicodusport-150x150.png","caption":"Benjamin Cots"},"description":"Footballeur et fan des Girondins de Bordeaux depuis mon plus jeune \u00e2ge, le foot et le sport en g\u00e9n\u00e9ral ont rythm\u00e9 ma vie. Apr\u00e8s des \u00e9tudes en informatique, la cr\u00e9ation de Dicodusport \u00e9tait le parfait m\u00e9lange pour allier mes deux passions.","sameAs":["https:\/\/x.com\/https:\/\/twitter.com\/BenjaminCots"],"url":"https:\/\/dicodusport.fr\/blog\/author\/admin\/"}]}},"_links":{"self":[{"href":"https:\/\/dicodusport.fr\/blog\/wp-json\/wp\/v2\/posts\/150622","targetHints":{"allow":["GET"]}}],"collection":[{"href":"https:\/\/dicodusport.fr\/blog\/wp-json\/wp\/v2\/posts"}],"about":[{"href":"https:\/\/dicodusport.fr\/blog\/wp-json\/wp\/v2\/types\/post"}],"author":[{"embeddable":true,"href":"https:\/\/dicodusport.fr\/blog\/wp-json\/wp\/v2\/users\/2"}],"replies":[{"embeddable":true,"href":"https:\/\/dicodusport.fr\/blog\/wp-json\/wp\/v2\/comments?post=150622"}],"version-history":[{"count":0,"href":"https:\/\/dicodusport.fr\/blog\/wp-json\/wp\/v2\/posts\/150622\/revisions"}],"wp:featuredmedia":[{"embeddable":true,"href":"https:\/\/dicodusport.fr\/blog\/wp-json\/wp\/v2\/media\/150651"}],"wp:attachment":[{"href":"https:\/\/dicodusport.fr\/blog\/wp-json\/wp\/v2\/media?parent=150622"}],"wp:term":[{"taxonomy":"category","embeddable":true,"href":"https:\/\/dicodusport.fr\/blog\/wp-json\/wp\/v2\/categories?post=150622"},{"taxonomy":"post_tag","embeddable":true,"href":"https:\/\/dicodusport.fr\/blog\/wp-json\/wp\/v2\/tags?post=150622"}],"curies":[{"name":"wp","href":"https:\/\/api.w.org\/{rel}","templated":true}]}}