{"id":150664,"date":"2021-07-26T19:36:21","date_gmt":"2021-07-26T17:36:21","guid":{"rendered":"https:\/\/dicodusport.fr\/blog\/?p=150664&#038;preview=true&#038;preview_id=150664"},"modified":"2021-07-26T22:34:37","modified_gmt":"2021-07-26T20:34:37","slug":"om-quelle-destination-pour-duje-caleta-car","status":"publish","type":"post","link":"https:\/\/dicodusport.fr\/blog\/om-quelle-destination-pour-duje-caleta-car\/","title":{"rendered":"OM : Quelle destination pour Duje Caleta-Car ?"},"content":{"rendered":"<p style=\"text-align: justify;\"><strong><em>MERCATO FOOTBALL &#8211; L&rsquo;Olympique de Marseille veut vendre Duje Caleta-Car pour des raisons \u00e9conomiques. Mais sa future destination reste incertaine.\u00a0<\/em><\/strong><\/p>\n<p style=\"text-align: justify;\">Alors que la piste Tottenham \u00e9tait \u00e9voqu\u00e9e depuis plusieurs semaines, <em>Fabrizio Romano<\/em> a jet\u00e9 un froid. En effet, le journaliste italien a expliqu\u00e9 que les derni\u00e8res rumeurs qui \u00e9voquaient un accord proche entre l&rsquo;Olympique de Marseille et Tottenham pour le d\u00e9fenseur \u00e9taient infond\u00e9es. Il ajoute m\u00eame que les Spurs seraient sur la piste d&rsquo;un autre joueur \u00e0 ce poste, Christina Romero de l&rsquo;Atalanta Bergame. L&rsquo;OM et Pablo Longoria aimeraient r\u00e9cup\u00e9rer au moins 20 millions d&rsquo;Euros de la vente de <strong>Duje Caleta-Car<\/strong>. D&rsquo;autres clubs comme Brighton et West Ham suivent le joueur.<\/p>\n<blockquote class=\"twitter-tweet\">\n<p dir=\"ltr\" lang=\"en\">There&rsquo;s currently nothing going on between Tottenham and Duje Caleta-Car. No agreement on personal terms, not even talks with OM. &#x1f6ab; <a href=\"https:\/\/twitter.com\/hashtag\/THFC?src=hash&amp;ref_src=twsrc%5Etfw\">#THFC<\/a><\/p>\n<p>Spurs board priority is Cristian Romero as centre-back. Talks still ongoing with Atalanta to reach an agreement. <a href=\"https:\/\/twitter.com\/hashtag\/Spurs?src=hash&amp;ref_src=twsrc%5Etfw\">#Spurs<\/a><\/p>\n<p>\u2014 Fabrizio Romano (@FabrizioRomano) <a href=\"https:\/\/twitter.com\/FabrizioRomano\/status\/1419676059176419333?ref_src=twsrc%5Etfw\">July 26, 2021<\/a><\/p><\/blockquote>\n<p style=\"text-align: justify;\"><script async src=\"https:\/\/platform.twitter.com\/widgets.js\" charset=\"utf-8\"><\/script><\/p>\n","protected":false},"excerpt":{"rendered":"<p>MERCATO FOOTBALL &#8211; L&rsquo;Olympique de Marseille veut vendre Duje Caleta-Car pour des raisons \u00e9conomiques. Mais sa future destination reste incertaine.\u00a0<\/p>\n","protected":false},"author":1,"featured_media":150670,"comment_status":"open","ping_status":"closed","sticky":false,"template":"","format":"standard","meta":{"_acf_changed":false,"_daextam_enable_autolinks":"","footnotes":""},"categories":[47045],"tags":[18277,2924,1889],"class_list":["post-150664","post","type-post","status-publish","format-standard","has-post-thumbnail","hentry","category-ligue-1","tag-duje-caleta-car","tag-olympique-de-marseille","tag-om"],"acf":[],"yoast_head":"<!-- This site is optimized with the Yoast SEO Premium plugin v26.7 (Yoast SEO v26.7) - https:\/\/yoast.com\/wordpress\/plugins\/seo\/ -->\n<title>OM : Quelle destination pour Duje Caleta-Car ?<\/title>\n<meta name=\"description\" content=\"MERCATO FOOTBALL - L&#039;Olympique de Marseille veut vendre Duje Caleta-Car pour des raisons \u00e9conomiques. Mais sa future destination reste incertaine.\u00a0\" \/>\n<meta name=\"robots\" content=\"index, follow, max-snippet:-1, max-image-preview:large, max-video-preview:-1\" \/>\n<link rel=\"canonical\" href=\"https:\/\/dicodusport.fr\/blog\/om-quelle-destination-pour-duje-caleta-car\/\" \/>\n<meta property=\"og:locale\" content=\"fr_FR\" \/>\n<meta property=\"og:type\" content=\"article\" \/>\n<meta property=\"og:title\" content=\"OM : Quelle destination pour Duje Caleta-Car ?\" \/>\n<meta property=\"og:description\" content=\"MERCATO FOOTBALL - L&#039;Olympique de Marseille veut vendre Duje Caleta-Car pour des raisons \u00e9conomiques. Mais sa future destination reste incertaine.\u00a0\" \/>\n<meta property=\"og:url\" content=\"https:\/\/dicodusport.fr\/blog\/om-quelle-destination-pour-duje-caleta-car\/\" \/>\n<meta property=\"og:site_name\" content=\"Dicodusport\" \/>\n<meta property=\"article:publisher\" content=\"https:\/\/www.facebook.com\/dicodusport\" \/>\n<meta property=\"article:author\" content=\"https:\/\/www.facebook.com\/dicodusport\" \/>\n<meta property=\"article:published_time\" content=\"2021-07-26T17:36:21+00:00\" \/>\n<meta property=\"article:modified_time\" content=\"2021-07-26T20:34:37+00:00\" \/>\n<meta property=\"og:image\" content=\"https:\/\/dicodusport.fr\/blog\/wp-content\/uploads\/2021\/07\/OM-Quelle-destination-pour-Duje-Caleta-Car-.png\" \/>\n\t<meta property=\"og:image:width\" content=\"800\" \/>\n\t<meta property=\"og:image:height\" content=\"445\" \/>\n\t<meta property=\"og:image:type\" content=\"image\/png\" \/>\n<meta name=\"author\" content=\"Nicolas Jacquemard\" \/>\n<meta name=\"twitter:card\" content=\"summary_large_image\" \/>\n<meta name=\"twitter:title\" content=\"OM : Quelle destination pour Duje Caleta-Car ?\" \/>\n<meta name=\"twitter:creator\" content=\"@https:\/\/twitter.com\/Nico_Jacquemard\" \/>\n<meta name=\"twitter:site\" content=\"@dicodusport\" \/>\n<script type=\"application\/ld+json\" class=\"yoast-schema-graph\">{\"@context\":\"https:\/\/schema.org\",\"@graph\":[{\"@type\":\"NewsArticle\",\"@id\":\"https:\/\/dicodusport.fr\/blog\/om-quelle-destination-pour-duje-caleta-car\/#article\",\"isPartOf\":{\"@id\":\"https:\/\/dicodusport.fr\/blog\/om-quelle-destination-pour-duje-caleta-car\/\"},\"author\":{\"name\":\"Nicolas Jacquemard\",\"@id\":\"https:\/\/dicodusport.fr\/blog\/#\/schema\/person\/55dcb50ad410894e431ed812bbb70191\"},\"headline\":\"OM : Quelle destination pour Duje Caleta-Car ?\",\"datePublished\":\"2021-07-26T17:36:21+00:00\",\"dateModified\":\"2021-07-26T20:34:37+00:00\",\"mainEntityOfPage\":{\"@id\":\"https:\/\/dicodusport.fr\/blog\/om-quelle-destination-pour-duje-caleta-car\/\"},\"wordCount\":176,\"commentCount\":0,\"publisher\":{\"@id\":\"https:\/\/dicodusport.fr\/blog\/#organization\"},\"image\":{\"@id\":\"https:\/\/dicodusport.fr\/blog\/om-quelle-destination-pour-duje-caleta-car\/#primaryimage\"},\"thumbnailUrl\":\"https:\/\/dicodusport.fr\/blog\/wp-content\/uploads\/2021\/07\/OM-Quelle-destination-pour-Duje-Caleta-Car-.png\",\"keywords\":[\"Duje Caleta-Car\",\"Olympique de Marseille\",\"OM\"],\"articleSection\":[\"Ligue 1\"],\"inLanguage\":\"fr-FR\",\"potentialAction\":[{\"@type\":\"CommentAction\",\"name\":\"Comment\",\"target\":[\"https:\/\/dicodusport.fr\/blog\/om-quelle-destination-pour-duje-caleta-car\/#respond\"]}],\"copyrightYear\":\"2021\",\"copyrightHolder\":{\"@id\":\"https:\/\/dicodusport.fr\/blog\/#organization\"}},{\"@type\":\"WebPage\",\"@id\":\"https:\/\/dicodusport.fr\/blog\/om-quelle-destination-pour-duje-caleta-car\/\",\"url\":\"https:\/\/dicodusport.fr\/blog\/om-quelle-destination-pour-duje-caleta-car\/\",\"name\":\"OM : Quelle destination pour Duje Caleta-Car ?\",\"isPartOf\":{\"@id\":\"https:\/\/dicodusport.fr\/blog\/#website\"},\"primaryImageOfPage\":{\"@id\":\"https:\/\/dicodusport.fr\/blog\/om-quelle-destination-pour-duje-caleta-car\/#primaryimage\"},\"image\":{\"@id\":\"https:\/\/dicodusport.fr\/blog\/om-quelle-destination-pour-duje-caleta-car\/#primaryimage\"},\"thumbnailUrl\":\"https:\/\/dicodusport.fr\/blog\/wp-content\/uploads\/2021\/07\/OM-Quelle-destination-pour-Duje-Caleta-Car-.png\",\"datePublished\":\"2021-07-26T17:36:21+00:00\",\"dateModified\":\"2021-07-26T20:34:37+00:00\",\"description\":\"MERCATO FOOTBALL - L'Olympique de Marseille veut vendre Duje Caleta-Car pour des raisons \u00e9conomiques. Mais sa future destination reste incertaine.\u00a0\",\"breadcrumb\":{\"@id\":\"https:\/\/dicodusport.fr\/blog\/om-quelle-destination-pour-duje-caleta-car\/#breadcrumb\"},\"inLanguage\":\"fr-FR\",\"potentialAction\":[{\"@type\":\"ReadAction\",\"target\":[\"https:\/\/dicodusport.fr\/blog\/om-quelle-destination-pour-duje-caleta-car\/\"]}]},{\"@type\":\"ImageObject\",\"inLanguage\":\"fr-FR\",\"@id\":\"https:\/\/dicodusport.fr\/blog\/om-quelle-destination-pour-duje-caleta-car\/#primaryimage\",\"url\":\"https:\/\/dicodusport.fr\/blog\/wp-content\/uploads\/2021\/07\/OM-Quelle-destination-pour-Duje-Caleta-Car-.png\",\"contentUrl\":\"https:\/\/dicodusport.fr\/blog\/wp-content\/uploads\/2021\/07\/OM-Quelle-destination-pour-Duje-Caleta-Car-.png\",\"width\":800,\"height\":445},{\"@type\":\"BreadcrumbList\",\"@id\":\"https:\/\/dicodusport.fr\/blog\/om-quelle-destination-pour-duje-caleta-car\/#breadcrumb\",\"itemListElement\":[{\"@type\":\"ListItem\",\"position\":1,\"name\":\"Accueil\",\"item\":\"https:\/\/dicodusport.fr\/blog\/\"},{\"@type\":\"ListItem\",\"position\":2,\"name\":\"OM : Quelle destination pour Duje Caleta-Car ?\"}]},{\"@type\":\"WebSite\",\"@id\":\"https:\/\/dicodusport.fr\/blog\/#website\",\"url\":\"https:\/\/dicodusport.fr\/blog\/\",\"name\":\"Dicodusport\",\"description\":\"L&#039;encyclop\u00e9die de l&#039;actualit\u00e9 sportive\",\"publisher\":{\"@id\":\"https:\/\/dicodusport.fr\/blog\/#organization\"},\"potentialAction\":[{\"@type\":\"SearchAction\",\"target\":{\"@type\":\"EntryPoint\",\"urlTemplate\":\"https:\/\/dicodusport.fr\/blog\/?s={search_term_string}\"},\"query-input\":{\"@type\":\"PropertyValueSpecification\",\"valueRequired\":true,\"valueName\":\"search_term_string\"}}],\"inLanguage\":\"fr-FR\"},{\"@type\":\"NewsMediaOrganization\",\"@id\":\"https:\/\/dicodusport.fr\/blog\/#organization\",\"name\":\"Dicodusport\",\"url\":\"https:\/\/dicodusport.fr\/blog\/\",\"logo\":{\"@type\":\"ImageObject\",\"inLanguage\":\"fr-FR\",\"@id\":\"https:\/\/dicodusport.fr\/blog\/#\/schema\/logo\/image\/\",\"url\":\"https:\/\/dicodusport.fr\/blog\/wp-content\/uploads\/2020\/06\/cropped-LOGO-DICODUSPORT-2020-SANS-FOND-SANS-TEXTE.png\",\"contentUrl\":\"https:\/\/dicodusport.fr\/blog\/wp-content\/uploads\/2020\/06\/cropped-LOGO-DICODUSPORT-2020-SANS-FOND-SANS-TEXTE.png\",\"width\":512,\"height\":512,\"caption\":\"Dicodusport\"},\"image\":{\"@id\":\"https:\/\/dicodusport.fr\/blog\/#\/schema\/logo\/image\/\"},\"sameAs\":[\"https:\/\/www.facebook.com\/dicodusport\",\"https:\/\/x.com\/dicodusport\",\"https:\/\/www.instagram.com\/dicodusport\/\",\"https:\/\/www.youtube.com\/channel\/UC7V2KZ5sd3htJivAbA4ZG3w\"],\"description\":\"Dicodusport est l'encyclop\u00e9die de l'actualit\u00e9 sportive.\",\"email\":\"bonjour@dicodusport.fr\",\"legalName\":\"DICODUSPORT\",\"foundingDate\":\"2018-01-14\",\"vatID\":\"FR71834470973\",\"taxID\":\"83447097300043\",\"numberOfEmployees\":{\"@type\":\"QuantitativeValue\",\"minValue\":\"1\",\"maxValue\":\"10\"}},{\"@type\":\"Person\",\"@id\":\"https:\/\/dicodusport.fr\/blog\/#\/schema\/person\/55dcb50ad410894e431ed812bbb70191\",\"name\":\"Nicolas Jacquemard\",\"image\":{\"@type\":\"ImageObject\",\"inLanguage\":\"fr-FR\",\"@id\":\"https:\/\/dicodusport.fr\/blog\/#\/schema\/person\/image\/\",\"url\":\"https:\/\/dicodusport.fr\/blog\/wp-content\/uploads\/2021\/05\/Nicolas-Jacquemard-150x150.jpeg\",\"contentUrl\":\"https:\/\/dicodusport.fr\/blog\/wp-content\/uploads\/2021\/05\/Nicolas-Jacquemard-150x150.jpeg\",\"caption\":\"Nicolas Jacquemard\"},\"description\":\"Passionn\u00e9 de sport et entrepreneur depuis mes 18 ans, la cr\u00e9ation de Dicodusport m'a sembl\u00e9 \u00e9vidente pour participer \u00e0 la m\u00e9diatisation d'un plus grand nombre de sports. Le chemin est long mais avec une \u00e9quipe des plus motiv\u00e9es et les Jeux Olympiques de Paris 2024 en point de mire, nous y arriverons ! Journaliste dans le monde du sport depuis plus de 5 ans, je traite aussi bien de football, de rugby, de biathlon que de cyclisme.\",\"sameAs\":[\"https:\/\/www.facebook.com\/dicodusport\",\"https:\/\/x.com\/https:\/\/twitter.com\/Nico_Jacquemard\"],\"url\":\"https:\/\/dicodusport.fr\/blog\/author\/dicodusport\/\"}]}<\/script>\n<!-- \/ Yoast SEO Premium plugin. -->","yoast_head_json":{"title":"OM : Quelle destination pour Duje Caleta-Car ?","description":"MERCATO FOOTBALL - L'Olympique de Marseille veut vendre Duje Caleta-Car pour des raisons \u00e9conomiques. Mais sa future destination reste incertaine.\u00a0","robots":{"index":"index","follow":"follow","max-snippet":"max-snippet:-1","max-image-preview":"max-image-preview:large","max-video-preview":"max-video-preview:-1"},"canonical":"https:\/\/dicodusport.fr\/blog\/om-quelle-destination-pour-duje-caleta-car\/","og_locale":"fr_FR","og_type":"article","og_title":"OM : Quelle destination pour Duje Caleta-Car ?","og_description":"MERCATO FOOTBALL - L'Olympique de Marseille veut vendre Duje Caleta-Car pour des raisons \u00e9conomiques. Mais sa future destination reste incertaine.\u00a0","og_url":"https:\/\/dicodusport.fr\/blog\/om-quelle-destination-pour-duje-caleta-car\/","og_site_name":"Dicodusport","article_publisher":"https:\/\/www.facebook.com\/dicodusport","article_author":"https:\/\/www.facebook.com\/dicodusport","article_published_time":"2021-07-26T17:36:21+00:00","article_modified_time":"2021-07-26T20:34:37+00:00","og_image":[{"width":800,"height":445,"url":"https:\/\/dicodusport.fr\/blog\/wp-content\/uploads\/2021\/07\/OM-Quelle-destination-pour-Duje-Caleta-Car-.png","type":"image\/png"}],"author":"Nicolas Jacquemard","twitter_card":"summary_large_image","twitter_title":"OM : Quelle destination pour Duje Caleta-Car ?","twitter_creator":"@https:\/\/twitter.com\/Nico_Jacquemard","twitter_site":"@dicodusport","schema":{"@context":"https:\/\/schema.org","@graph":[{"@type":"NewsArticle","@id":"https:\/\/dicodusport.fr\/blog\/om-quelle-destination-pour-duje-caleta-car\/#article","isPartOf":{"@id":"https:\/\/dicodusport.fr\/blog\/om-quelle-destination-pour-duje-caleta-car\/"},"author":{"name":"Nicolas Jacquemard","@id":"https:\/\/dicodusport.fr\/blog\/#\/schema\/person\/55dcb50ad410894e431ed812bbb70191"},"headline":"OM : Quelle destination pour Duje Caleta-Car ?","datePublished":"2021-07-26T17:36:21+00:00","dateModified":"2021-07-26T20:34:37+00:00","mainEntityOfPage":{"@id":"https:\/\/dicodusport.fr\/blog\/om-quelle-destination-pour-duje-caleta-car\/"},"wordCount":176,"commentCount":0,"publisher":{"@id":"https:\/\/dicodusport.fr\/blog\/#organization"},"image":{"@id":"https:\/\/dicodusport.fr\/blog\/om-quelle-destination-pour-duje-caleta-car\/#primaryimage"},"thumbnailUrl":"https:\/\/dicodusport.fr\/blog\/wp-content\/uploads\/2021\/07\/OM-Quelle-destination-pour-Duje-Caleta-Car-.png","keywords":["Duje Caleta-Car","Olympique de Marseille","OM"],"articleSection":["Ligue 1"],"inLanguage":"fr-FR","potentialAction":[{"@type":"CommentAction","name":"Comment","target":["https:\/\/dicodusport.fr\/blog\/om-quelle-destination-pour-duje-caleta-car\/#respond"]}],"copyrightYear":"2021","copyrightHolder":{"@id":"https:\/\/dicodusport.fr\/blog\/#organization"}},{"@type":"WebPage","@id":"https:\/\/dicodusport.fr\/blog\/om-quelle-destination-pour-duje-caleta-car\/","url":"https:\/\/dicodusport.fr\/blog\/om-quelle-destination-pour-duje-caleta-car\/","name":"OM : Quelle destination pour Duje Caleta-Car ?","isPartOf":{"@id":"https:\/\/dicodusport.fr\/blog\/#website"},"primaryImageOfPage":{"@id":"https:\/\/dicodusport.fr\/blog\/om-quelle-destination-pour-duje-caleta-car\/#primaryimage"},"image":{"@id":"https:\/\/dicodusport.fr\/blog\/om-quelle-destination-pour-duje-caleta-car\/#primaryimage"},"thumbnailUrl":"https:\/\/dicodusport.fr\/blog\/wp-content\/uploads\/2021\/07\/OM-Quelle-destination-pour-Duje-Caleta-Car-.png","datePublished":"2021-07-26T17:36:21+00:00","dateModified":"2021-07-26T20:34:37+00:00","description":"MERCATO FOOTBALL - L'Olympique de Marseille veut vendre Duje Caleta-Car pour des raisons \u00e9conomiques. Mais sa future destination reste incertaine.\u00a0","breadcrumb":{"@id":"https:\/\/dicodusport.fr\/blog\/om-quelle-destination-pour-duje-caleta-car\/#breadcrumb"},"inLanguage":"fr-FR","potentialAction":[{"@type":"ReadAction","target":["https:\/\/dicodusport.fr\/blog\/om-quelle-destination-pour-duje-caleta-car\/"]}]},{"@type":"ImageObject","inLanguage":"fr-FR","@id":"https:\/\/dicodusport.fr\/blog\/om-quelle-destination-pour-duje-caleta-car\/#primaryimage","url":"https:\/\/dicodusport.fr\/blog\/wp-content\/uploads\/2021\/07\/OM-Quelle-destination-pour-Duje-Caleta-Car-.png","contentUrl":"https:\/\/dicodusport.fr\/blog\/wp-content\/uploads\/2021\/07\/OM-Quelle-destination-pour-Duje-Caleta-Car-.png","width":800,"height":445},{"@type":"BreadcrumbList","@id":"https:\/\/dicodusport.fr\/blog\/om-quelle-destination-pour-duje-caleta-car\/#breadcrumb","itemListElement":[{"@type":"ListItem","position":1,"name":"Accueil","item":"https:\/\/dicodusport.fr\/blog\/"},{"@type":"ListItem","position":2,"name":"OM : Quelle destination pour Duje Caleta-Car ?"}]},{"@type":"WebSite","@id":"https:\/\/dicodusport.fr\/blog\/#website","url":"https:\/\/dicodusport.fr\/blog\/","name":"Dicodusport","description":"L&#039;encyclop\u00e9die de l&#039;actualit\u00e9 sportive","publisher":{"@id":"https:\/\/dicodusport.fr\/blog\/#organization"},"potentialAction":[{"@type":"SearchAction","target":{"@type":"EntryPoint","urlTemplate":"https:\/\/dicodusport.fr\/blog\/?s={search_term_string}"},"query-input":{"@type":"PropertyValueSpecification","valueRequired":true,"valueName":"search_term_string"}}],"inLanguage":"fr-FR"},{"@type":"NewsMediaOrganization","@id":"https:\/\/dicodusport.fr\/blog\/#organization","name":"Dicodusport","url":"https:\/\/dicodusport.fr\/blog\/","logo":{"@type":"ImageObject","inLanguage":"fr-FR","@id":"https:\/\/dicodusport.fr\/blog\/#\/schema\/logo\/image\/","url":"https:\/\/dicodusport.fr\/blog\/wp-content\/uploads\/2020\/06\/cropped-LOGO-DICODUSPORT-2020-SANS-FOND-SANS-TEXTE.png","contentUrl":"https:\/\/dicodusport.fr\/blog\/wp-content\/uploads\/2020\/06\/cropped-LOGO-DICODUSPORT-2020-SANS-FOND-SANS-TEXTE.png","width":512,"height":512,"caption":"Dicodusport"},"image":{"@id":"https:\/\/dicodusport.fr\/blog\/#\/schema\/logo\/image\/"},"sameAs":["https:\/\/www.facebook.com\/dicodusport","https:\/\/x.com\/dicodusport","https:\/\/www.instagram.com\/dicodusport\/","https:\/\/www.youtube.com\/channel\/UC7V2KZ5sd3htJivAbA4ZG3w"],"description":"Dicodusport est l'encyclop\u00e9die de l'actualit\u00e9 sportive.","email":"bonjour@dicodusport.fr","legalName":"DICODUSPORT","foundingDate":"2018-01-14","vatID":"FR71834470973","taxID":"83447097300043","numberOfEmployees":{"@type":"QuantitativeValue","minValue":"1","maxValue":"10"}},{"@type":"Person","@id":"https:\/\/dicodusport.fr\/blog\/#\/schema\/person\/55dcb50ad410894e431ed812bbb70191","name":"Nicolas Jacquemard","image":{"@type":"ImageObject","inLanguage":"fr-FR","@id":"https:\/\/dicodusport.fr\/blog\/#\/schema\/person\/image\/","url":"https:\/\/dicodusport.fr\/blog\/wp-content\/uploads\/2021\/05\/Nicolas-Jacquemard-150x150.jpeg","contentUrl":"https:\/\/dicodusport.fr\/blog\/wp-content\/uploads\/2021\/05\/Nicolas-Jacquemard-150x150.jpeg","caption":"Nicolas Jacquemard"},"description":"Passionn\u00e9 de sport et entrepreneur depuis mes 18 ans, la cr\u00e9ation de Dicodusport m'a sembl\u00e9 \u00e9vidente pour participer \u00e0 la m\u00e9diatisation d'un plus grand nombre de sports. Le chemin est long mais avec une \u00e9quipe des plus motiv\u00e9es et les Jeux Olympiques de Paris 2024 en point de mire, nous y arriverons ! Journaliste dans le monde du sport depuis plus de 5 ans, je traite aussi bien de football, de rugby, de biathlon que de cyclisme.","sameAs":["https:\/\/www.facebook.com\/dicodusport","https:\/\/x.com\/https:\/\/twitter.com\/Nico_Jacquemard"],"url":"https:\/\/dicodusport.fr\/blog\/author\/dicodusport\/"}]}},"_links":{"self":[{"href":"https:\/\/dicodusport.fr\/blog\/wp-json\/wp\/v2\/posts\/150664","targetHints":{"allow":["GET"]}}],"collection":[{"href":"https:\/\/dicodusport.fr\/blog\/wp-json\/wp\/v2\/posts"}],"about":[{"href":"https:\/\/dicodusport.fr\/blog\/wp-json\/wp\/v2\/types\/post"}],"author":[{"embeddable":true,"href":"https:\/\/dicodusport.fr\/blog\/wp-json\/wp\/v2\/users\/1"}],"replies":[{"embeddable":true,"href":"https:\/\/dicodusport.fr\/blog\/wp-json\/wp\/v2\/comments?post=150664"}],"version-history":[{"count":0,"href":"https:\/\/dicodusport.fr\/blog\/wp-json\/wp\/v2\/posts\/150664\/revisions"}],"wp:featuredmedia":[{"embeddable":true,"href":"https:\/\/dicodusport.fr\/blog\/wp-json\/wp\/v2\/media\/150670"}],"wp:attachment":[{"href":"https:\/\/dicodusport.fr\/blog\/wp-json\/wp\/v2\/media?parent=150664"}],"wp:term":[{"taxonomy":"category","embeddable":true,"href":"https:\/\/dicodusport.fr\/blog\/wp-json\/wp\/v2\/categories?post=150664"},{"taxonomy":"post_tag","embeddable":true,"href":"https:\/\/dicodusport.fr\/blog\/wp-json\/wp\/v2\/tags?post=150664"}],"curies":[{"name":"wp","href":"https:\/\/api.w.org\/{rel}","templated":true}]}}